{"id":1116576,"date":"2022-09-15T17:55:05","date_gmt":"2022-09-15T15:55:05","guid":{"rendered":"https:\/\/www.eldigitaldeasturias.com\/noticias\/?p=1116576"},"modified":"2022-09-15T17:55:05","modified_gmt":"2022-09-15T15:55:05","slug":"ifa-2022-de-berlin-los-nuevos-electrodomesticos-inteligentes","status":"publish","type":"post","link":"https:\/\/www.eldigitaldeasturias.com\/noticias\/ifa-2022-de-berlin-los-nuevos-electrodomesticos-inteligentes\/","title":{"rendered":"IFA 2022 de Berl\u00edn: Los nuevos electrodom\u00e9sticos inteligentes"},"content":{"rendered":"<p>(dpa) &#8211; Los altavoces inteligentes existen desde hace tiempo: se les habla y se les pide m\u00fasica, el parte meteorol\u00f3gico o las noticias. <strong>Ahora tambi\u00e9n pueden controlar los electrodom\u00e9sticos del hogar inteligente.<\/strong> En la reciente feria de electr\u00f3nica IFA de Berl\u00edn, celebrada entre los d\u00edas 2 y 6 de septiembre, varios fabricantes han presentado sus innovaciones.<\/p>\n<figure id=\"attachment_1116577\" aria-describedby=\"caption-attachment-1116577\" style=\"width: 650px\" class=\"wp-caption aligncenter\"><img loading=\"lazy\" decoding=\"async\" class=\"wp-image-1116577 size-large\" src=\"https:\/\/www.eldigitaldeasturias.com\/noticias\/wp-content\/uploads\/2022\/09\/electrodomesticos-650x431.jpg\" alt=\"electrodom\u00e9sticos \" width=\"650\" height=\"431\" srcset=\"https:\/\/www.eldigitaldeasturias.com\/noticias\/wp-content\/uploads\/2022\/09\/electrodomesticos-650x431.jpg 650w, https:\/\/www.eldigitaldeasturias.com\/noticias\/wp-content\/uploads\/2022\/09\/electrodomesticos-360x239.jpg 360w, https:\/\/www.eldigitaldeasturias.com\/noticias\/wp-content\/uploads\/2022\/09\/electrodomesticos-452x300.jpg 452w, https:\/\/www.eldigitaldeasturias.com\/noticias\/wp-content\/uploads\/2022\/09\/electrodomesticos-768x509.jpg 768w, https:\/\/www.eldigitaldeasturias.com\/noticias\/wp-content\/uploads\/2022\/09\/electrodomesticos-150x100.jpg 150w, https:\/\/www.eldigitaldeasturias.com\/noticias\/wp-content\/uploads\/2022\/09\/electrodomesticos-450x299.jpg 450w, https:\/\/www.eldigitaldeasturias.com\/noticias\/wp-content\/uploads\/2022\/09\/electrodomesticos.jpg 1001w\" sizes=\"auto, (max-width: 650px) 100vw, 650px\" \/><figcaption id=\"caption-attachment-1116577\" class=\"wp-caption-text\">El Smart Kitchen Dock se puede controlar con gestos y voz y est\u00e1 previsto que salga a la venta en 2023. Foto: Florian Schuh\/dpa<\/figcaption><\/figure>\n<p>En el sector del frigor\u00edfico ha destacado el sistema \u00abopenAssist\u00bb de la serie iQ700 de Siemens. <strong>El electrodom\u00e9stico se conecta en red con el asistente de voz de Amazon, Alexa (Echo Dot), o bien con el propio asistente de cocina de la compa\u00f1\u00eda, el Smart Kitchen Dock, que est\u00e1 previsto que salga a la venta en 2023.<\/strong> As\u00ed conectado, el aparato abre la puerta con un comando de voz cuando se tiene las manos ocupadas.<\/p>\n<p>A trav\u00e9s de Smart Speaker u opcionalmente de las aplicaciones de la empresa, se pueden manejar tambi\u00e9n los nuevos hornos de la serie iQ700 de Siemens y los hornos de la serie 8 de Bosch. El asistente reacciona a un comando de voz y selecciona el programa de cocci\u00f3n o reposter\u00eda adecuado de acuerdo con los alimentos que se tengan en el horno. Con la c\u00e1mara incorporada en la cavidad del horno tambi\u00e9n se puede vigilar el proceso de cocci\u00f3n. El horno Siemens tambi\u00e9n est\u00e1 equipado con un sistema de apertura de la puerta por comando de voz.<\/p>\n<p>Con ayuda de la nueva funci\u00f3n \u00abCookAssist\u00bb, integrada en la app de la firma, las placas de inducci\u00f3n de las cocinas del fabricante alem\u00e1n Miele tambi\u00e9n hablan con Alexa. <strong>En este caso, el asistente de voz indica los siguientes pasos de preparaci\u00f3n o avisa cuando la grasa de la sart\u00e9n est\u00e1 lo suficientemente caliente para el filete.<\/strong><\/p>\n<p>Para ello, primero hay que seleccionar la receta en la app de Miele y enviarla a la pantalla del display de Amazon Echo Show con la indicaci\u00f3n <strong>\u00abAlexa, abre CookAssist\u00bb<\/strong>. A partir de ese momento, el cocinero es guiado sin tener que desplazarse por la pantalla con los dedos grasientos.<\/p>\n<p>La sincronizaci\u00f3n se consigue mediante sensores en las placas de cocci\u00f3n. Un algoritmo eval\u00faa los datos que estos env\u00edan y se asegura, por ejemplo, de que la temperatura de los utensilios de cocina sea la correcta.<strong> La promesa de Miele: \u00abQuemar <a href=\"https:\/\/www.eldigitaldeasturias.com\/noticias\/category\/gastronomia\/\"><span style=\"color: #ff6600;\">la comida<\/span><\/a> es cosa del pasado\u00bb. La funci\u00f3n estar\u00e1 disponible previsiblemente a partir de 2023.<\/strong><\/p>\n<p>La <span style=\"color: #ff6600;\"><a style=\"color: #ff6600;\" href=\"https:\/\/es.wikipedia.org\/wiki\/Inteligencia_artificial\" target=\"_blank\" rel=\"noopener\"><strong>inteligencia artificial<\/strong><\/a><\/span> ocup\u00f3 un lugar clave en la IFA. En el futuro, esta permitir\u00e1 a los electrodom\u00e9sticos comprender mejor a sus usuarios e interactuar con ellos. Pero no solo eso: la tecnolog\u00eda aprende por s\u00ed misma y mejora su trabajo.<\/p>\n<p>Esta capacidad se basa en un aprendizaje a partir de un gran conjunto de datos que los dispositivos escanean constantemente, por ejemplo, al compartir muchos usuarios sus datos entre s\u00ed o al alimentar repetidamente sus respectivos dispositivos con sus preferencias. <strong>De este modo, los aparatos son capaces de adaptar sus acciones a la situaci\u00f3n actual.<\/strong> Cuanto m\u00e1s tiempo se utilicen los electrodom\u00e9sticos y se les d\u00e9 la oportunidad de analizar el comportamiento de uso de sus propietarios, m\u00e1s inteligentes ser\u00e1n.<\/p>\n<p>En este sentido, Miele, Bosch y Siemens presentaron adem\u00e1s una c\u00e1mara de alta resoluci\u00f3n para el horno. Los aparatos analizan sus propias im\u00e1genes y comprueban el progreso de la preparaci\u00f3n en el horno. En Miele, el sistema inteligente \u00abSmart Food ID\u00bb analiza los alimentos que se introducen en el horno y sugiere un programa adecuado.<strong> Una vez alcanzado el estado de cocci\u00f3n deseado seg\u00fan la c\u00e1mara del horno, el horno se apaga.<\/strong><\/p>\n<p>Inicialmente, el \u00abSmart Food ID\u00bb solo reconoce unos 25 platos. Sin embargo, tambi\u00e9n aprender\u00e1 a identificarlos a trav\u00e9s de las fotos que los usuarios suban de los platos de sus propios libros de cocina.<\/p>\n<p>Quienes as\u00ed lo deseen, podr\u00e1n compartir adem\u00e1s sus habilidades culinarias enviando im\u00e1genes del horno a otras personas v\u00eda correo electr\u00f3nico, WhatsApp, Instagram o Teams. Tambi\u00e9n es posible editar las fotos y, por ejemplo, etiquetarlas para una invitaci\u00f3n.<\/p>\n<p><strong>Tambi\u00e9n Bosch afirma que la IA de los nuevos hornos de la serie 8 es capaz de aprender comparando continuamente datos con miles de procesos de cocci\u00f3n compartidos en todo el mundo.<\/strong> Con ayuda de estos datos, el sistema calcula el tiempo de cocci\u00f3n de la comida que se encuentra en el horno con una actualizaci\u00f3n cada 30 segundos.<\/p>\n<p>Por cierto:<strong> la inteligencia artificial tambi\u00e9n puede garantizar un uso m\u00e1s eficiente en algunos aparatos, es decir, puede ahorrar energ\u00eda y costes de electricidad.<\/strong> Muchas lavadoras, por ejemplo, son capaces desde hace tiempo de reconocer la cantidad de ropa cargada y ajustar autom\u00e1ticamente los patrones de lavado. Estas funciones se ampl\u00edan constantemente.<\/p>\n<p>Samsung, por ejemplo, present\u00f3 en IFA las nuevas lavadoras Bespoke. Una funci\u00f3n denominada AI-Wash reconoce los tipos de tejidos, el peso de las prendas y el grado de suciedad, y puede ajustar los tiempos de remojo, enjuague y centrifugado en consecuencia.<\/p>\n<p>Tambi\u00e9n las aplicaciones para electrodom\u00e9sticos de algunos fabricantes se est\u00e1n ampliando para incluir nuevas funciones de ahorro de energ\u00eda. Samsung, por ejemplo, ofrece la opci\u00f3n de controlar el consumo de energ\u00eda de las lavadoras y secadoras Bespoke. Ahora ha a\u00f1adido una funci\u00f3n que suministra consejos para ahorrar energ\u00eda. <strong>En la aplicaci\u00f3n de Miele, un an\u00e1lisis de los valores medios de los ciclos de uso mostrar\u00e1 en el futuro alternativas para ahorrar energ\u00eda.<\/strong><\/p>\n<p><i class=\"lang-es\"><span class=\" readonly\" title=\"\">Por Simone Andrea Mayer (dpa)<\/span><\/i><\/p>\n","protected":false},"excerpt":{"rendered":"<p>(dpa) &#8211; Los altavoces inteligentes existen desde hace tiempo: se les habla y se les pide m\u00fasica, el parte meteorol\u00f3gico o las noticias. Ahora tambi\u00e9n pueden controlar los electrodom\u00e9sticos del hogar inteligente. En la reciente feria de electr\u00f3nica IFA de Berl\u00edn, celebrada entre los d\u00edas 2 y 6 de septiembre, varios fabricantes han presentado sus [&hellip;]<\/p>\n","protected":false},"author":1,"featured_media":1116577,"comment_status":"closed","ping_status":"closed","sticky":false,"template":"","format":"standard","meta":{"footnotes":""},"categories":[50],"tags":[],"class_list":["post-1116576","post","type-post","status-publish","format-standard","has-post-thumbnail","hentry","category-revista-de-ocio"],"aioseo_notices":[],"aioseo_head":"\n\t\t<!-- All in One SEO Pro 4.9.6.2 - aioseo.com -->\n\t<meta name=\"description\" content=\"(dpa) - Los altavoces inteligentes existen desde hace tiempo: se les habla y se les pide m\u00fasica, el parte meteorol\u00f3gico o las noticias. Ahora tambi\u00e9n\" \/>\n\t<meta name=\"robots\" content=\"max-image-preview:large\" \/>\n\t<meta name=\"author\" content=\"El Digital de Asturias\"\/>\n\t<meta name=\"google-site-verification\" content=\"UA-38556648-1\" \/>\n\t<meta name=\"msvalidate.01\" content=\"7dfe9f3f1b24437ab69f4f2559babe99\" \/>\n\t<meta name=\"keywords\" content=\"revista de ocio\" \/>\n\t<link rel=\"canonical\" href=\"https:\/\/www.eldigitaldeasturias.com\/noticias\/ifa-2022-de-berlin-los-nuevos-electrodomesticos-inteligentes\/\" \/>\n\t<meta name=\"generator\" content=\"All in One SEO Pro (AIOSEO) 4.9.6.2\" \/>\n\t\t<meta property=\"og:locale\" content=\"es_ES\" \/>\n\t\t<meta property=\"og:site_name\" content=\"El Digital de Asturias\" \/>\n\t\t<meta property=\"og:type\" content=\"article\" \/>\n\t\t<meta property=\"og:title\" content=\"IFA 2022 de Berl\u00edn: Los nuevos electrodom\u00e9sticos inteligentes - El Digital de Asturias\" \/>\n\t\t<meta property=\"og:description\" content=\"(dpa) - Los altavoces inteligentes existen desde hace tiempo: se les habla y se les pide m\u00fasica, el parte meteorol\u00f3gico o las noticias. Ahora tambi\u00e9n\" \/>\n\t\t<meta property=\"og:url\" content=\"https:\/\/www.eldigitaldeasturias.com\/noticias\/ifa-2022-de-berlin-los-nuevos-electrodomesticos-inteligentes\/\" \/>\n\t\t<meta property=\"og:image\" content=\"https:\/\/www.eldigitaldeasturias.com\/noticias\/wp-content\/uploads\/2022\/09\/electrodomesticos.jpg\" \/>\n\t\t<meta property=\"og:image:secure_url\" content=\"https:\/\/www.eldigitaldeasturias.com\/noticias\/wp-content\/uploads\/2022\/09\/electrodomesticos.jpg\" \/>\n\t\t<meta property=\"og:image:width\" content=\"1001\" \/>\n\t\t<meta property=\"og:image:height\" content=\"664\" \/>\n\t\t<meta property=\"article:tag\" content=\"revista de ocio\" \/>\n\t\t<meta property=\"article:published_time\" content=\"2022-09-15T15:55:05+00:00\" \/>\n\t\t<meta property=\"article:modified_time\" content=\"2022-09-15T15:55:05+00:00\" \/>\n\t\t<meta property=\"article:publisher\" content=\"https:\/\/facebook.com\/eldigitaldeasturias\" \/>\n\t\t<meta name=\"twitter:card\" content=\"summary_large_image\" \/>\n\t\t<meta name=\"twitter:title\" content=\"IFA 2022 de Berl\u00edn: Los nuevos electrodom\u00e9sticos inteligentes - El Digital de Asturias\" \/>\n\t\t<meta name=\"twitter:description\" content=\"(dpa) - Los altavoces inteligentes existen desde hace tiempo: se les habla y se les pide m\u00fasica, el parte meteorol\u00f3gico o las noticias. Ahora tambi\u00e9n\" \/>\n\t\t<meta name=\"twitter:image\" content=\"https:\/\/www.eldigitaldeasturias.com\/noticias\/wp-content\/uploads\/2022\/09\/electrodomesticos.jpg\" \/>\n\t\t<meta name=\"twitter:label1\" content=\"Escrito por\" \/>\n\t\t<meta name=\"twitter:data1\" content=\"El Digital de Asturias\" \/>\n\t\t<meta name=\"twitter:label2\" content=\"Tiempo de lectura estimado\" \/>\n\t\t<meta name=\"twitter:data2\" content=\"5 minutos\" \/>\n\t\t<script type=\"application\/ld+json\" class=\"aioseo-schema\">\n\t\t\t{\"@context\":\"https:\\\/\\\/schema.org\",\"@graph\":[{\"@type\":\"BlogPosting\",\"@id\":\"https:\\\/\\\/www.eldigitaldeasturias.com\\\/noticias\\\/ifa-2022-de-berlin-los-nuevos-electrodomesticos-inteligentes\\\/#blogposting\",\"name\":\"IFA 2022 de Berl\\u00edn: Los nuevos electrodom\\u00e9sticos inteligentes - El Digital de Asturias\",\"headline\":\"IFA 2022 de Berl\\u00edn: Los nuevos electrodom\\u00e9sticos inteligentes\",\"author\":{\"@id\":\"https:\\\/\\\/www.eldigitaldeasturias.com\\\/noticias\\\/author\\\/admin\\\/#author\"},\"publisher\":{\"@id\":\"https:\\\/\\\/www.eldigitaldeasturias.com\\\/noticias\\\/#organization\"},\"image\":{\"@type\":\"ImageObject\",\"url\":\"https:\\\/\\\/www.eldigitaldeasturias.com\\\/noticias\\\/wp-content\\\/uploads\\\/2022\\\/09\\\/electrodomesticos.jpg\",\"width\":1001,\"height\":664,\"caption\":\"El Smart Kitchen Dock se puede controlar con gestos y voz y est\\u00e1 previsto que salga a la venta en 2023. Foto: Florian Schuh\\\/dpa\"},\"datePublished\":\"2022-09-15T17:55:05+02:00\",\"dateModified\":\"2022-09-15T17:55:05+02:00\",\"inLanguage\":\"es-ES\",\"mainEntityOfPage\":{\"@id\":\"https:\\\/\\\/www.eldigitaldeasturias.com\\\/noticias\\\/ifa-2022-de-berlin-los-nuevos-electrodomesticos-inteligentes\\\/#webpage\"},\"isPartOf\":{\"@id\":\"https:\\\/\\\/www.eldigitaldeasturias.com\\\/noticias\\\/ifa-2022-de-berlin-los-nuevos-electrodomesticos-inteligentes\\\/#webpage\"},\"articleSection\":\"Revista de Ocio\"},{\"@type\":\"BreadcrumbList\",\"@id\":\"https:\\\/\\\/www.eldigitaldeasturias.com\\\/noticias\\\/ifa-2022-de-berlin-los-nuevos-electrodomesticos-inteligentes\\\/#breadcrumblist\",\"itemListElement\":[{\"@type\":\"ListItem\",\"@id\":\"https:\\\/\\\/www.eldigitaldeasturias.com\\\/noticias#listItem\",\"position\":1,\"name\":\"Home\",\"item\":\"https:\\\/\\\/www.eldigitaldeasturias.com\\\/noticias\",\"nextItem\":{\"@type\":\"ListItem\",\"@id\":\"https:\\\/\\\/www.eldigitaldeasturias.com\\\/noticias\\\/category\\\/revista-de-ocio\\\/#listItem\",\"name\":\"Revista de Ocio\"}},{\"@type\":\"ListItem\",\"@id\":\"https:\\\/\\\/www.eldigitaldeasturias.com\\\/noticias\\\/category\\\/revista-de-ocio\\\/#listItem\",\"position\":2,\"name\":\"Revista de Ocio\",\"item\":\"https:\\\/\\\/www.eldigitaldeasturias.com\\\/noticias\\\/category\\\/revista-de-ocio\\\/\",\"nextItem\":{\"@type\":\"ListItem\",\"@id\":\"https:\\\/\\\/www.eldigitaldeasturias.com\\\/noticias\\\/ifa-2022-de-berlin-los-nuevos-electrodomesticos-inteligentes\\\/#listItem\",\"name\":\"IFA 2022 de Berl\\u00edn: Los nuevos electrodom\\u00e9sticos inteligentes\"},\"previousItem\":{\"@type\":\"ListItem\",\"@id\":\"https:\\\/\\\/www.eldigitaldeasturias.com\\\/noticias#listItem\",\"name\":\"Home\"}},{\"@type\":\"ListItem\",\"@id\":\"https:\\\/\\\/www.eldigitaldeasturias.com\\\/noticias\\\/ifa-2022-de-berlin-los-nuevos-electrodomesticos-inteligentes\\\/#listItem\",\"position\":3,\"name\":\"IFA 2022 de Berl\\u00edn: Los nuevos electrodom\\u00e9sticos inteligentes\",\"previousItem\":{\"@type\":\"ListItem\",\"@id\":\"https:\\\/\\\/www.eldigitaldeasturias.com\\\/noticias\\\/category\\\/revista-de-ocio\\\/#listItem\",\"name\":\"Revista de Ocio\"}}]},{\"@type\":\"Organization\",\"@id\":\"https:\\\/\\\/www.eldigitaldeasturias.com\\\/noticias\\\/#organization\",\"name\":\"El Digital de Asturias\",\"description\":\"Hemeroteca\",\"url\":\"https:\\\/\\\/www.eldigitaldeasturias.com\\\/noticias\\\/\",\"email\":\"info@eldigitaldeasturias.com\",\"telephone\":\"+34652131393\",\"logo\":{\"@type\":\"ImageObject\",\"url\":\"https:\\\/\\\/www.eldigitaldeasturias.com\\\/noticias\\\/wp-content\\\/uploads\\\/2020\\\/12\\\/EDA.jpg\",\"@id\":\"https:\\\/\\\/www.eldigitaldeasturias.com\\\/noticias\\\/ifa-2022-de-berlin-los-nuevos-electrodomesticos-inteligentes\\\/#organizationLogo\",\"width\":649,\"height\":297},\"image\":{\"@id\":\"https:\\\/\\\/www.eldigitaldeasturias.com\\\/noticias\\\/ifa-2022-de-berlin-los-nuevos-electrodomesticos-inteligentes\\\/#organizationLogo\"},\"sameAs\":[\"https:\\\/\\\/facebook.com\\\/eldigitaldeasturias\",\"https:\\\/\\\/www.youtube.com\\\/channel\\\/UCZP-2wLEB9Rv6erhFmqVnvg\"],\"address\":{\"@id\":\"https:\\\/\\\/www.eldigitaldeasturias.com\\\/noticias\\\/#postaladdress\",\"@type\":\"PostalAddress\",\"streetAddress\":\"san antonio 4,\",\"postalCode\":\"33430\",\"addressLocality\":\"Cand\\u00e1s\",\"addressRegion\":\"Asturias\",\"addressCountry\":\"ES\"}},{\"@type\":\"Person\",\"@id\":\"https:\\\/\\\/www.eldigitaldeasturias.com\\\/noticias\\\/author\\\/admin\\\/#author\",\"url\":\"https:\\\/\\\/www.eldigitaldeasturias.com\\\/noticias\\\/author\\\/admin\\\/\",\"name\":\"El Digital de Asturias\",\"image\":{\"@type\":\"ImageObject\",\"@id\":\"https:\\\/\\\/www.eldigitaldeasturias.com\\\/noticias\\\/ifa-2022-de-berlin-los-nuevos-electrodomesticos-inteligentes\\\/#authorImage\",\"url\":\"https:\\\/\\\/www.eldigitaldeasturias.com\\\/noticias\\\/wp-content\\\/litespeed\\\/avatar\\\/18677e78aa0546b92d9dbf31ec7d7668.jpg?ver=1776685526\",\"width\":96,\"height\":96,\"caption\":\"El Digital de Asturias\"}},{\"@type\":\"WebPage\",\"@id\":\"https:\\\/\\\/www.eldigitaldeasturias.com\\\/noticias\\\/ifa-2022-de-berlin-los-nuevos-electrodomesticos-inteligentes\\\/#webpage\",\"url\":\"https:\\\/\\\/www.eldigitaldeasturias.com\\\/noticias\\\/ifa-2022-de-berlin-los-nuevos-electrodomesticos-inteligentes\\\/\",\"name\":\"IFA 2022 de Berl\\u00edn: Los nuevos electrodom\\u00e9sticos inteligentes - El Digital de Asturias\",\"description\":\"(dpa) - Los altavoces inteligentes existen desde hace tiempo: se les habla y se les pide m\\u00fasica, el parte meteorol\\u00f3gico o las noticias. Ahora tambi\\u00e9n\",\"inLanguage\":\"es-ES\",\"isPartOf\":{\"@id\":\"https:\\\/\\\/www.eldigitaldeasturias.com\\\/noticias\\\/#website\"},\"breadcrumb\":{\"@id\":\"https:\\\/\\\/www.eldigitaldeasturias.com\\\/noticias\\\/ifa-2022-de-berlin-los-nuevos-electrodomesticos-inteligentes\\\/#breadcrumblist\"},\"author\":{\"@id\":\"https:\\\/\\\/www.eldigitaldeasturias.com\\\/noticias\\\/author\\\/admin\\\/#author\"},\"creator\":{\"@id\":\"https:\\\/\\\/www.eldigitaldeasturias.com\\\/noticias\\\/author\\\/admin\\\/#author\"},\"image\":{\"@type\":\"ImageObject\",\"url\":\"https:\\\/\\\/www.eldigitaldeasturias.com\\\/noticias\\\/wp-content\\\/uploads\\\/2022\\\/09\\\/electrodomesticos.jpg\",\"@id\":\"https:\\\/\\\/www.eldigitaldeasturias.com\\\/noticias\\\/ifa-2022-de-berlin-los-nuevos-electrodomesticos-inteligentes\\\/#mainImage\",\"width\":1001,\"height\":664,\"caption\":\"El Smart Kitchen Dock se puede controlar con gestos y voz y est\\u00e1 previsto que salga a la venta en 2023. Foto: Florian Schuh\\\/dpa\"},\"primaryImageOfPage\":{\"@id\":\"https:\\\/\\\/www.eldigitaldeasturias.com\\\/noticias\\\/ifa-2022-de-berlin-los-nuevos-electrodomesticos-inteligentes\\\/#mainImage\"},\"datePublished\":\"2022-09-15T17:55:05+02:00\",\"dateModified\":\"2022-09-15T17:55:05+02:00\"},{\"@type\":\"WebSite\",\"@id\":\"https:\\\/\\\/www.eldigitaldeasturias.com\\\/noticias\\\/#website\",\"url\":\"https:\\\/\\\/www.eldigitaldeasturias.com\\\/noticias\\\/\",\"name\":\"El Digital de Asturias - Diario de actualidad y noticias\",\"alternateName\":\"El Digital de Asturias - Diario de actualidad y noticias\",\"description\":\"Hemeroteca\",\"inLanguage\":\"es-ES\",\"publisher\":{\"@id\":\"https:\\\/\\\/www.eldigitaldeasturias.com\\\/noticias\\\/#organization\"}}]}\n\t\t<\/script>\n\t\t<!-- All in One SEO Pro -->\r\n\t\t<title>IFA 2022 de Berl\u00edn: Los nuevos electrodom\u00e9sticos inteligentes - El Digital de Asturias<\/title>\n\n","aioseo_head_json":{"title":"IFA 2022 de Berl\u00edn: Los nuevos electrodom\u00e9sticos inteligentes - El Digital de Asturias","description":"(dpa) - Los altavoces inteligentes existen desde hace tiempo: se les habla y se les pide m\u00fasica, el parte meteorol\u00f3gico o las noticias. Ahora tambi\u00e9n","canonical_url":"https:\/\/www.eldigitaldeasturias.com\/noticias\/ifa-2022-de-berlin-los-nuevos-electrodomesticos-inteligentes\/","robots":"max-image-preview:large","keywords":"revista de ocio","webmasterTools":{"google-site-verification":"UA-38556648-1","msvalidate.01":"7dfe9f3f1b24437ab69f4f2559babe99","miscellaneous":""},"schema":{"@context":"https:\/\/schema.org","@graph":[{"@type":"BlogPosting","@id":"https:\/\/www.eldigitaldeasturias.com\/noticias\/ifa-2022-de-berlin-los-nuevos-electrodomesticos-inteligentes\/#blogposting","name":"IFA 2022 de Berl\u00edn: Los nuevos electrodom\u00e9sticos inteligentes - El Digital de Asturias","headline":"IFA 2022 de Berl\u00edn: Los nuevos electrodom\u00e9sticos inteligentes","author":{"@id":"https:\/\/www.eldigitaldeasturias.com\/noticias\/author\/admin\/#author"},"publisher":{"@id":"https:\/\/www.eldigitaldeasturias.com\/noticias\/#organization"},"image":{"@type":"ImageObject","url":"https:\/\/www.eldigitaldeasturias.com\/noticias\/wp-content\/uploads\/2022\/09\/electrodomesticos.jpg","width":1001,"height":664,"caption":"El Smart Kitchen Dock se puede controlar con gestos y voz y est\u00e1 previsto que salga a la venta en 2023. Foto: Florian Schuh\/dpa"},"datePublished":"2022-09-15T17:55:05+02:00","dateModified":"2022-09-15T17:55:05+02:00","inLanguage":"es-ES","mainEntityOfPage":{"@id":"https:\/\/www.eldigitaldeasturias.com\/noticias\/ifa-2022-de-berlin-los-nuevos-electrodomesticos-inteligentes\/#webpage"},"isPartOf":{"@id":"https:\/\/www.eldigitaldeasturias.com\/noticias\/ifa-2022-de-berlin-los-nuevos-electrodomesticos-inteligentes\/#webpage"},"articleSection":"Revista de Ocio"},{"@type":"BreadcrumbList","@id":"https:\/\/www.eldigitaldeasturias.com\/noticias\/ifa-2022-de-berlin-los-nuevos-electrodomesticos-inteligentes\/#breadcrumblist","itemListElement":[{"@type":"ListItem","@id":"https:\/\/www.eldigitaldeasturias.com\/noticias#listItem","position":1,"name":"Home","item":"https:\/\/www.eldigitaldeasturias.com\/noticias","nextItem":{"@type":"ListItem","@id":"https:\/\/www.eldigitaldeasturias.com\/noticias\/category\/revista-de-ocio\/#listItem","name":"Revista de Ocio"}},{"@type":"ListItem","@id":"https:\/\/www.eldigitaldeasturias.com\/noticias\/category\/revista-de-ocio\/#listItem","position":2,"name":"Revista de Ocio","item":"https:\/\/www.eldigitaldeasturias.com\/noticias\/category\/revista-de-ocio\/","nextItem":{"@type":"ListItem","@id":"https:\/\/www.eldigitaldeasturias.com\/noticias\/ifa-2022-de-berlin-los-nuevos-electrodomesticos-inteligentes\/#listItem","name":"IFA 2022 de Berl\u00edn: Los nuevos electrodom\u00e9sticos inteligentes"},"previousItem":{"@type":"ListItem","@id":"https:\/\/www.eldigitaldeasturias.com\/noticias#listItem","name":"Home"}},{"@type":"ListItem","@id":"https:\/\/www.eldigitaldeasturias.com\/noticias\/ifa-2022-de-berlin-los-nuevos-electrodomesticos-inteligentes\/#listItem","position":3,"name":"IFA 2022 de Berl\u00edn: Los nuevos electrodom\u00e9sticos inteligentes","previousItem":{"@type":"ListItem","@id":"https:\/\/www.eldigitaldeasturias.com\/noticias\/category\/revista-de-ocio\/#listItem","name":"Revista de Ocio"}}]},{"@type":"Organization","@id":"https:\/\/www.eldigitaldeasturias.com\/noticias\/#organization","name":"El Digital de Asturias","description":"Hemeroteca","url":"https:\/\/www.eldigitaldeasturias.com\/noticias\/","email":"info@eldigitaldeasturias.com","telephone":"+34652131393","logo":{"@type":"ImageObject","url":"https:\/\/www.eldigitaldeasturias.com\/noticias\/wp-content\/uploads\/2020\/12\/EDA.jpg","@id":"https:\/\/www.eldigitaldeasturias.com\/noticias\/ifa-2022-de-berlin-los-nuevos-electrodomesticos-inteligentes\/#organizationLogo","width":649,"height":297},"image":{"@id":"https:\/\/www.eldigitaldeasturias.com\/noticias\/ifa-2022-de-berlin-los-nuevos-electrodomesticos-inteligentes\/#organizationLogo"},"sameAs":["https:\/\/facebook.com\/eldigitaldeasturias","https:\/\/www.youtube.com\/channel\/UCZP-2wLEB9Rv6erhFmqVnvg"],"address":{"@id":"https:\/\/www.eldigitaldeasturias.com\/noticias\/#postaladdress","@type":"PostalAddress","streetAddress":"san antonio 4,","postalCode":"33430","addressLocality":"Cand\u00e1s","addressRegion":"Asturias","addressCountry":"ES"}},{"@type":"Person","@id":"https:\/\/www.eldigitaldeasturias.com\/noticias\/author\/admin\/#author","url":"https:\/\/www.eldigitaldeasturias.com\/noticias\/author\/admin\/","name":"El Digital de Asturias","image":{"@type":"ImageObject","@id":"https:\/\/www.eldigitaldeasturias.com\/noticias\/ifa-2022-de-berlin-los-nuevos-electrodomesticos-inteligentes\/#authorImage","url":"https:\/\/www.eldigitaldeasturias.com\/noticias\/wp-content\/litespeed\/avatar\/18677e78aa0546b92d9dbf31ec7d7668.jpg?ver=1776685526","width":96,"height":96,"caption":"El Digital de Asturias"}},{"@type":"WebPage","@id":"https:\/\/www.eldigitaldeasturias.com\/noticias\/ifa-2022-de-berlin-los-nuevos-electrodomesticos-inteligentes\/#webpage","url":"https:\/\/www.eldigitaldeasturias.com\/noticias\/ifa-2022-de-berlin-los-nuevos-electrodomesticos-inteligentes\/","name":"IFA 2022 de Berl\u00edn: Los nuevos electrodom\u00e9sticos inteligentes - El Digital de Asturias","description":"(dpa) - Los altavoces inteligentes existen desde hace tiempo: se les habla y se les pide m\u00fasica, el parte meteorol\u00f3gico o las noticias. Ahora tambi\u00e9n","inLanguage":"es-ES","isPartOf":{"@id":"https:\/\/www.eldigitaldeasturias.com\/noticias\/#website"},"breadcrumb":{"@id":"https:\/\/www.eldigitaldeasturias.com\/noticias\/ifa-2022-de-berlin-los-nuevos-electrodomesticos-inteligentes\/#breadcrumblist"},"author":{"@id":"https:\/\/www.eldigitaldeasturias.com\/noticias\/author\/admin\/#author"},"creator":{"@id":"https:\/\/www.eldigitaldeasturias.com\/noticias\/author\/admin\/#author"},"image":{"@type":"ImageObject","url":"https:\/\/www.eldigitaldeasturias.com\/noticias\/wp-content\/uploads\/2022\/09\/electrodomesticos.jpg","@id":"https:\/\/www.eldigitaldeasturias.com\/noticias\/ifa-2022-de-berlin-los-nuevos-electrodomesticos-inteligentes\/#mainImage","width":1001,"height":664,"caption":"El Smart Kitchen Dock se puede controlar con gestos y voz y est\u00e1 previsto que salga a la venta en 2023. Foto: Florian Schuh\/dpa"},"primaryImageOfPage":{"@id":"https:\/\/www.eldigitaldeasturias.com\/noticias\/ifa-2022-de-berlin-los-nuevos-electrodomesticos-inteligentes\/#mainImage"},"datePublished":"2022-09-15T17:55:05+02:00","dateModified":"2022-09-15T17:55:05+02:00"},{"@type":"WebSite","@id":"https:\/\/www.eldigitaldeasturias.com\/noticias\/#website","url":"https:\/\/www.eldigitaldeasturias.com\/noticias\/","name":"El Digital de Asturias - Diario de actualidad y noticias","alternateName":"El Digital de Asturias - Diario de actualidad y noticias","description":"Hemeroteca","inLanguage":"es-ES","publisher":{"@id":"https:\/\/www.eldigitaldeasturias.com\/noticias\/#organization"}}]},"og:locale":"es_ES","og:site_name":"El Digital de Asturias","og:type":"article","og:title":"IFA 2022 de Berl\u00edn: Los nuevos electrodom\u00e9sticos inteligentes - El Digital de Asturias","og:description":"(dpa) - Los altavoces inteligentes existen desde hace tiempo: se les habla y se les pide m\u00fasica, el parte meteorol\u00f3gico o las noticias. Ahora tambi\u00e9n","og:url":"https:\/\/www.eldigitaldeasturias.com\/noticias\/ifa-2022-de-berlin-los-nuevos-electrodomesticos-inteligentes\/","og:image":"https:\/\/www.eldigitaldeasturias.com\/noticias\/wp-content\/uploads\/2022\/09\/electrodomesticos.jpg","og:image:secure_url":"https:\/\/www.eldigitaldeasturias.com\/noticias\/wp-content\/uploads\/2022\/09\/electrodomesticos.jpg","og:image:width":1001,"og:image:height":664,"article:tag":["revista de ocio"],"article:published_time":"2022-09-15T15:55:05+00:00","article:modified_time":"2022-09-15T15:55:05+00:00","article:publisher":"https:\/\/facebook.com\/eldigitaldeasturias","twitter:card":"summary_large_image","twitter:title":"IFA 2022 de Berl\u00edn: Los nuevos electrodom\u00e9sticos inteligentes - El Digital de Asturias","twitter:description":"(dpa) - Los altavoces inteligentes existen desde hace tiempo: se les habla y se les pide m\u00fasica, el parte meteorol\u00f3gico o las noticias. Ahora tambi\u00e9n","twitter:image":"https:\/\/www.eldigitaldeasturias.com\/noticias\/wp-content\/uploads\/2022\/09\/electrodomesticos.jpg","twitter:label1":"Escrito por","twitter:data1":"El Digital de Asturias","twitter:label2":"Tiempo de lectura estimado","twitter:data2":"5 minutos"},"aioseo_meta_data":{"post_id":"1116576","title":null,"description":"(dpa) - Los altavoces inteligentes existen desde hace tiempo: se les habla y se les pide m\u00fasica, el parte meteorol\u00f3gico o las noticias. Ahora tambi\u00e9n","keywords":[],"keyphrases":{"focus":{"keyphrase":"inteligentes ","score":80,"analysis":{"keyphraseInTitle":{"title":"Focus keyphrase in SEO title","description":"Focus keyphrase found in SEO title.","score":9,"maxScore":9,"error":0},"keyphraseInDescription":{"title":"Focus keyphrase in meta description","description":"Focus keyphrase found in meta description.","score":9,"maxScore":9,"error":0},"keyphraseLength":{"title":"Focus keyphrase length","description":"Good job!","score":9,"maxScore":9,"error":0,"length":1},"keyphraseInURL":{"title":"Focus keyphrase in URL","description":"Focus keyphrase not found in the URL.","score":1,"maxScore":5,"error":1},"keyphraseInIntroduction":{"title":"Focus keyphrase in introduction","description":"Your Focus keyphrase appears in the first paragraph. Well done!","score":9,"maxScore":9,"error":0},"keyphraseInSubHeadings":[],"keyphraseInImageAlt":{"title":"Focus keyphrase in image alt attributes","description":"Focus keyphrase not found in image alt attribute(s). Add an image with your Focus keyphrase as alt text.","score":3,"maxScore":9,"error":1}}},"additional":[{"keyphrase":"las noticias","score":83,"analysis":{"keyphraseInDescription":{"title":"Keyphrase in meta description","description":"Keyphrase found in meta description.","score":9,"maxScore":9,"error":0},"keyphraseLength":{"title":"Keyphrase length","description":"Good job!","score":9,"maxScore":9,"error":0,"length":2},"keyphraseInIntroduction":{"title":"Keyphrase in introduction","description":"Your Keyphrase appears in the first paragraph. Well done!","score":9,"maxScore":9,"error":0},"keyphraseInImageAlt":{"title":"Keyphrase in image alt attributes","description":"Keyphrase not found in image alt attribute(s). Add an image with your Keyphrase as alt text.","score":3,"maxScore":9,"error":1}}},{"keyphrase":"inteligentes","score":83,"analysis":{"keyphraseInDescription":{"title":"Keyphrase in meta description","description":"Keyphrase found in meta description.","score":9,"maxScore":9,"error":0},"keyphraseLength":{"title":"Keyphrase length","description":"Good job!","score":9,"maxScore":9,"error":0,"length":1},"keyphraseInIntroduction":{"title":"Keyphrase in introduction","description":"Your Keyphrase appears in the first paragraph. Well done!","score":9,"maxScore":9,"error":0},"keyphraseInImageAlt":{"title":"Keyphrase in image alt attributes","description":"Keyphrase not found in image alt attribute(s). Add an image with your Keyphrase as alt text.","score":3,"maxScore":9,"error":1}}},{"keyphrase":"electrodom\u00e9sticos","score":83,"analysis":{"keyphraseInDescription":{"title":"Keyphrase in meta description","description":"Keyphrase not found in meta description.","score":3,"maxScore":9,"error":1},"keyphraseLength":{"title":"Keyphrase length","description":"Good job!","score":9,"maxScore":9,"error":0,"length":1},"keyphraseInIntroduction":{"title":"Keyphrase in introduction","description":"Your Keyphrase appears in the first paragraph. Well done!","score":9,"maxScore":9,"error":0},"keyphraseInImageAlt":{"title":"Keyphrase in image alt attributes","description":"Keyphrase found in image alt attribute(s).","score":9,"maxScore":9,"error":0}}}]},"primary_term":null,"canonical_url":null,"og_title":null,"og_description":null,"og_object_type":"default","og_image_type":"default","og_image_url":null,"og_image_width":null,"og_image_height":null,"og_image_custom_url":null,"og_image_custom_fields":null,"og_video":"","og_custom_url":null,"og_article_section":null,"og_article_tags":[],"twitter_use_og":false,"twitter_card":"default","twitter_image_type":"default","twitter_image_url":null,"twitter_image_custom_url":null,"twitter_image_custom_fields":null,"twitter_title":null,"twitter_description":null,"schema":{"blockGraphs":[],"customGraphs":[],"default":{"data":{"Article":[],"Course":[],"Dataset":[],"FAQPage":[],"Movie":[],"Person":[],"Product":[],"ProductReview":[],"Car":[],"Recipe":[],"Service":[],"SoftwareApplication":[],"WebPage":[]},"graphName":"","isEnabled":true},"graphs":[]},"schema_type":"default","schema_type_options":null,"pillar_content":false,"robots_default":true,"robots_noindex":false,"robots_noarchive":false,"robots_nosnippet":false,"robots_nofollow":false,"robots_noimageindex":false,"robots_noodp":false,"robots_notranslate":false,"robots_max_snippet":"-1","robots_max_videopreview":"-1","robots_max_imagepreview":"large","priority":null,"frequency":"default","local_seo":null,"seo_analyzer_scan_date":"2025-10-03 18:59:31","breadcrumb_settings":null,"limit_modified_date":false,"open_ai":null,"ai":null,"created":"2022-09-15 15:45:38","updated":"2025-10-03 18:59:31"},"aioseo_breadcrumb":"<div class=\"aioseo-breadcrumbs\"><span class=\"aioseo-breadcrumb\">\n\t<a href=\"https:\/\/www.eldigitaldeasturias.com\/noticias\" title=\"Home\">Home<\/a>\n<\/span><span class=\"aioseo-breadcrumb-separator\">\u2013<\/span><span class=\"aioseo-breadcrumb\">\n\t<a href=\"https:\/\/www.eldigitaldeasturias.com\/noticias\/category\/revista-de-ocio\/\" title=\"Revista de Ocio\">Revista de Ocio<\/a>\n<\/span><span class=\"aioseo-breadcrumb-separator\">\u2013<\/span><span class=\"aioseo-breadcrumb\">\n\t<a href=\"https:\/\/www.eldigitaldeasturias.com\/noticias\/ifa-2022-de-berlin-los-nuevos-electrodomesticos-inteligentes\/\" title=\"IFA 2022 de Berl\u00edn: Los nuevos electrodom\u00e9sticos inteligentes\">IFA 2022 de Berl\u00edn: Los nuevos electrodom\u00e9sticos inteligentes<\/a>\n<\/span><\/div>","aioseo_breadcrumb_json":[{"label":"Home","link":"https:\/\/www.eldigitaldeasturias.com\/noticias"},{"label":"Revista de Ocio","link":"https:\/\/www.eldigitaldeasturias.com\/noticias\/category\/revista-de-ocio\/"},{"label":"IFA 2022 de Berl\u00edn: Los nuevos electrodom\u00e9sticos inteligentes","link":"https:\/\/www.eldigitaldeasturias.com\/noticias\/ifa-2022-de-berlin-los-nuevos-electrodomesticos-inteligentes\/"}],"_links":{"self":[{"href":"https:\/\/www.eldigitaldeasturias.com\/noticias\/wp-json\/wp\/v2\/posts\/1116576","targetHints":{"allow":["GET"]}}],"collection":[{"href":"https:\/\/www.eldigitaldeasturias.com\/noticias\/wp-json\/wp\/v2\/posts"}],"about":[{"href":"https:\/\/www.eldigitaldeasturias.com\/noticias\/wp-json\/wp\/v2\/types\/post"}],"author":[{"embeddable":true,"href":"https:\/\/www.eldigitaldeasturias.com\/noticias\/wp-json\/wp\/v2\/users\/1"}],"replies":[{"embeddable":true,"href":"https:\/\/www.eldigitaldeasturias.com\/noticias\/wp-json\/wp\/v2\/comments?post=1116576"}],"version-history":[{"count":0,"href":"https:\/\/www.eldigitaldeasturias.com\/noticias\/wp-json\/wp\/v2\/posts\/1116576\/revisions"}],"wp:featuredmedia":[{"embeddable":true,"href":"https:\/\/www.eldigitaldeasturias.com\/noticias\/wp-json\/wp\/v2\/media\/1116577"}],"wp:attachment":[{"href":"https:\/\/www.eldigitaldeasturias.com\/noticias\/wp-json\/wp\/v2\/media?parent=1116576"}],"wp:term":[{"taxonomy":"category","embeddable":true,"href":"https:\/\/www.eldigitaldeasturias.com\/noticias\/wp-json\/wp\/v2\/categories?post=1116576"},{"taxonomy":"post_tag","embeddable":true,"href":"https:\/\/www.eldigitaldeasturias.com\/noticias\/wp-json\/wp\/v2\/tags?post=1116576"}],"curies":[{"name":"wp","href":"https:\/\/api.w.org\/{rel}","templated":true}]}}