{"id":1116532,"date":"2022-09-14T19:36:56","date_gmt":"2022-09-14T17:36:56","guid":{"rendered":"https:\/\/www.eldigitaldeasturias.com\/noticias\/?p=1116532"},"modified":"2022-09-14T19:36:56","modified_gmt":"2022-09-14T17:36:56","slug":"paises-bajos-estudia-pagar-las-facturas-de-electricidad-y-gas-a-los-hogares-con-bajos-ingresos","status":"publish","type":"post","link":"https:\/\/www.eldigitaldeasturias.com\/noticias\/paises-bajos-estudia-pagar-las-facturas-de-electricidad-y-gas-a-los-hogares-con-bajos-ingresos\/","title":{"rendered":"Pa\u00edses Bajos estudia pagar las facturas de electricidad y gas a los hogares con bajos ingresos"},"content":{"rendered":"<p>(EP) &#8211; El Gobierno de Pa\u00edses Bajos podr\u00eda asumir el pago de las facturas de electricidad y gas de los hogares que no puedan reunir dinero para pagarlas, seg\u00fan una propuesta difundida este lunes en La Haya y que ha recogido DPA.<\/p>\n<p><img loading=\"lazy\" decoding=\"async\" class=\"aligncenter wp-image-1085055 size-large\" src=\"https:\/\/www.eldigitaldeasturias.com\/noticias\/wp-content\/uploads\/2021\/01\/economia-674x480.jpg\" alt=\"econom\u00eda\" width=\"650\" height=\"463\" srcset=\"https:\/\/www.eldigitaldeasturias.com\/noticias\/wp-content\/uploads\/2021\/01\/economia-674x480.jpg 674w, https:\/\/www.eldigitaldeasturias.com\/noticias\/wp-content\/uploads\/2021\/01\/economia-360x256.jpg 360w, https:\/\/www.eldigitaldeasturias.com\/noticias\/wp-content\/uploads\/2021\/01\/economia-421x300.jpg 421w, https:\/\/www.eldigitaldeasturias.com\/noticias\/wp-content\/uploads\/2021\/01\/economia.jpg 753w\" sizes=\"auto, (max-width: 650px) 100vw, 650px\" \/><\/p>\n<p>El plan que se baraja crear\u00eda un fondo de ayuda con varios cientos de millones de euros destinado a proteger a cerca de un mill\u00f3n de hogares de los cortes de luz o gas durante el pr\u00f3ximo invierno, seg\u00fan un informe de la emisora p\u00fablica NOS, que cita fuentes gubernamentales.<\/p>\n<p>En la actualidad, las personas que no pagan las facturas de los servicios p\u00fablicos acaban recibiendo asesoramiento en materia de deudas, lo que tambi\u00e9n supone un coste para el Estado.<\/p>\n<p>Adem\u00e1s, seg\u00fan el informe, las empresas energ\u00e9ticas tambi\u00e9n se beneficiar\u00edan del plan, ya que no tendr\u00edan que lidiar con los clientes que no pudieran pagar sus deudas.<\/p>\n<p>Por este motivo, el Gobierno neerland\u00e9s estar\u00eda considerando hacerse cargo de los costes, si bien anteriormente ha asegurado que no hay \u00abmargen de maniobra\u00bb en los presupuestos para una ayuda de este tipo.<\/p>\n<p>No obstante, fuentes gubernamentales han confirmado a medios locales que la medida podr\u00eda ser aprobada el pr\u00f3ximo viernes en el Consejo de Ministros.<\/p>\n<p>Pa\u00edses Bajos lleva meses sufriendo el aumento de los costes de la energ\u00eda, como el resto de pa\u00edses miembros de la Uni\u00f3n Europea, y esto se ha reflejado en que los hogares neerlandeses paguen m\u00e1s del doble de lo que pagaban por la electricidad hace unos meses, lo que supone un lastre para los hogares con bajos ingresos.<\/p>\n","protected":false},"excerpt":{"rendered":"<p>(EP) &#8211; El Gobierno de Pa\u00edses Bajos podr\u00eda asumir el pago de las facturas de electricidad y gas de los hogares que no puedan reunir dinero para pagarlas, seg\u00fan una propuesta difundida este lunes en La Haya y que ha recogido DPA. El plan que se baraja crear\u00eda un fondo de ayuda con varios cientos [&hellip;]<\/p>\n","protected":false},"author":1,"featured_media":1085055,"comment_status":"closed","ping_status":"closed","sticky":false,"template":"","format":"standard","meta":{"footnotes":""},"categories":[187],"tags":[],"class_list":["post-1116532","post","type-post","status-publish","format-standard","has-post-thumbnail","hentry","category-economia"],"aioseo_notices":[],"aioseo_head":"\n\t\t<!-- All in One SEO Pro 4.9.6.2 - aioseo.com -->\n\t<meta name=\"description\" content=\"(EP) - El Gobierno de Pa\u00edses Bajos podr\u00eda asumir el pago de las facturas de electricidad y gas de los hogares que no puedan reunir dinero para pagarlas,\" \/>\n\t<meta name=\"robots\" content=\"max-image-preview:large\" \/>\n\t<meta name=\"author\" content=\"El Digital de Asturias\"\/>\n\t<meta name=\"google-site-verification\" content=\"UA-38556648-1\" \/>\n\t<meta name=\"msvalidate.01\" content=\"7dfe9f3f1b24437ab69f4f2559babe99\" \/>\n\t<meta name=\"keywords\" content=\"econom\u00eda\" \/>\n\t<link rel=\"canonical\" href=\"https:\/\/www.eldigitaldeasturias.com\/noticias\/paises-bajos-estudia-pagar-las-facturas-de-electricidad-y-gas-a-los-hogares-con-bajos-ingresos\/\" \/>\n\t<meta name=\"generator\" content=\"All in One SEO Pro (AIOSEO) 4.9.6.2\" \/>\n\t\t<meta property=\"og:locale\" content=\"es_ES\" \/>\n\t\t<meta property=\"og:site_name\" content=\"El Digital de Asturias\" \/>\n\t\t<meta property=\"og:type\" content=\"article\" \/>\n\t\t<meta property=\"og:title\" content=\"Pa\u00edses Bajos estudia pagar las facturas de electricidad y gas a los hogares con bajos ingresos - El Digital de Asturias\" \/>\n\t\t<meta property=\"og:description\" content=\"(EP) - El Gobierno de Pa\u00edses Bajos podr\u00eda asumir el pago de las facturas de electricidad y gas de los hogares que no puedan reunir dinero para pagarlas,\" \/>\n\t\t<meta property=\"og:url\" content=\"https:\/\/www.eldigitaldeasturias.com\/noticias\/paises-bajos-estudia-pagar-las-facturas-de-electricidad-y-gas-a-los-hogares-con-bajos-ingresos\/\" \/>\n\t\t<meta property=\"og:image\" content=\"https:\/\/www.eldigitaldeasturias.com\/noticias\/wp-content\/uploads\/2021\/01\/economia.jpg\" \/>\n\t\t<meta property=\"og:image:secure_url\" content=\"https:\/\/www.eldigitaldeasturias.com\/noticias\/wp-content\/uploads\/2021\/01\/economia.jpg\" \/>\n\t\t<meta property=\"og:image:width\" content=\"753\" \/>\n\t\t<meta property=\"og:image:height\" content=\"536\" \/>\n\t\t<meta property=\"article:tag\" content=\"econom\u00eda\" \/>\n\t\t<meta property=\"article:published_time\" content=\"2022-09-14T17:36:56+00:00\" \/>\n\t\t<meta property=\"article:modified_time\" content=\"2022-09-14T17:36:56+00:00\" \/>\n\t\t<meta property=\"article:publisher\" content=\"https:\/\/facebook.com\/eldigitaldeasturias\" \/>\n\t\t<meta name=\"twitter:card\" content=\"summary_large_image\" \/>\n\t\t<meta name=\"twitter:title\" content=\"Pa\u00edses Bajos estudia pagar las facturas de electricidad y gas a los hogares con bajos ingresos - El Digital de Asturias\" \/>\n\t\t<meta name=\"twitter:description\" content=\"(EP) - El Gobierno de Pa\u00edses Bajos podr\u00eda asumir el pago de las facturas de electricidad y gas de los hogares que no puedan reunir dinero para pagarlas,\" \/>\n\t\t<meta name=\"twitter:image\" content=\"https:\/\/www.eldigitaldeasturias.com\/noticias\/wp-content\/uploads\/2021\/01\/economia.jpg\" \/>\n\t\t<meta name=\"twitter:label1\" content=\"Escrito por\" \/>\n\t\t<meta name=\"twitter:data1\" content=\"El Digital de Asturias\" \/>\n\t\t<meta name=\"twitter:label2\" content=\"Tiempo de lectura estimado\" \/>\n\t\t<meta name=\"twitter:data2\" content=\"1 minuto\" \/>\n\t\t<script type=\"application\/ld+json\" class=\"aioseo-schema\">\n\t\t\t{\"@context\":\"https:\\\/\\\/schema.org\",\"@graph\":[{\"@type\":\"BlogPosting\",\"@id\":\"https:\\\/\\\/www.eldigitaldeasturias.com\\\/noticias\\\/paises-bajos-estudia-pagar-las-facturas-de-electricidad-y-gas-a-los-hogares-con-bajos-ingresos\\\/#blogposting\",\"name\":\"Pa\\u00edses Bajos estudia pagar las facturas de electricidad y gas a los hogares con bajos ingresos - El Digital de Asturias\",\"headline\":\"Pa\\u00edses Bajos estudia pagar las facturas de electricidad y gas a los hogares con bajos ingresos\",\"author\":{\"@id\":\"https:\\\/\\\/www.eldigitaldeasturias.com\\\/noticias\\\/author\\\/admin\\\/#author\"},\"publisher\":{\"@id\":\"https:\\\/\\\/www.eldigitaldeasturias.com\\\/noticias\\\/#organization\"},\"image\":{\"@type\":\"ImageObject\",\"url\":\"https:\\\/\\\/www.eldigitaldeasturias.com\\\/noticias\\\/wp-content\\\/uploads\\\/2021\\\/01\\\/economia.jpg\",\"width\":753,\"height\":536,\"caption\":\"econom\\u00eda\"},\"datePublished\":\"2022-09-14T19:36:56+02:00\",\"dateModified\":\"2022-09-14T19:36:56+02:00\",\"inLanguage\":\"es-ES\",\"mainEntityOfPage\":{\"@id\":\"https:\\\/\\\/www.eldigitaldeasturias.com\\\/noticias\\\/paises-bajos-estudia-pagar-las-facturas-de-electricidad-y-gas-a-los-hogares-con-bajos-ingresos\\\/#webpage\"},\"isPartOf\":{\"@id\":\"https:\\\/\\\/www.eldigitaldeasturias.com\\\/noticias\\\/paises-bajos-estudia-pagar-las-facturas-de-electricidad-y-gas-a-los-hogares-con-bajos-ingresos\\\/#webpage\"},\"articleSection\":\"Econom\\u00eda\"},{\"@type\":\"BreadcrumbList\",\"@id\":\"https:\\\/\\\/www.eldigitaldeasturias.com\\\/noticias\\\/paises-bajos-estudia-pagar-las-facturas-de-electricidad-y-gas-a-los-hogares-con-bajos-ingresos\\\/#breadcrumblist\",\"itemListElement\":[{\"@type\":\"ListItem\",\"@id\":\"https:\\\/\\\/www.eldigitaldeasturias.com\\\/noticias#listItem\",\"position\":1,\"name\":\"Home\",\"item\":\"https:\\\/\\\/www.eldigitaldeasturias.com\\\/noticias\",\"nextItem\":{\"@type\":\"ListItem\",\"@id\":\"https:\\\/\\\/www.eldigitaldeasturias.com\\\/noticias\\\/category\\\/economia\\\/#listItem\",\"name\":\"Econom\\u00eda\"}},{\"@type\":\"ListItem\",\"@id\":\"https:\\\/\\\/www.eldigitaldeasturias.com\\\/noticias\\\/category\\\/economia\\\/#listItem\",\"position\":2,\"name\":\"Econom\\u00eda\",\"item\":\"https:\\\/\\\/www.eldigitaldeasturias.com\\\/noticias\\\/category\\\/economia\\\/\",\"nextItem\":{\"@type\":\"ListItem\",\"@id\":\"https:\\\/\\\/www.eldigitaldeasturias.com\\\/noticias\\\/paises-bajos-estudia-pagar-las-facturas-de-electricidad-y-gas-a-los-hogares-con-bajos-ingresos\\\/#listItem\",\"name\":\"Pa\\u00edses Bajos estudia pagar las facturas de electricidad y gas a los hogares con bajos ingresos\"},\"previousItem\":{\"@type\":\"ListItem\",\"@id\":\"https:\\\/\\\/www.eldigitaldeasturias.com\\\/noticias#listItem\",\"name\":\"Home\"}},{\"@type\":\"ListItem\",\"@id\":\"https:\\\/\\\/www.eldigitaldeasturias.com\\\/noticias\\\/paises-bajos-estudia-pagar-las-facturas-de-electricidad-y-gas-a-los-hogares-con-bajos-ingresos\\\/#listItem\",\"position\":3,\"name\":\"Pa\\u00edses Bajos estudia pagar las facturas de electricidad y gas a los hogares con bajos ingresos\",\"previousItem\":{\"@type\":\"ListItem\",\"@id\":\"https:\\\/\\\/www.eldigitaldeasturias.com\\\/noticias\\\/category\\\/economia\\\/#listItem\",\"name\":\"Econom\\u00eda\"}}]},{\"@type\":\"Organization\",\"@id\":\"https:\\\/\\\/www.eldigitaldeasturias.com\\\/noticias\\\/#organization\",\"name\":\"El Digital de Asturias\",\"description\":\"Hemeroteca\",\"url\":\"https:\\\/\\\/www.eldigitaldeasturias.com\\\/noticias\\\/\",\"email\":\"info@eldigitaldeasturias.com\",\"telephone\":\"+34652131393\",\"logo\":{\"@type\":\"ImageObject\",\"url\":\"https:\\\/\\\/www.eldigitaldeasturias.com\\\/noticias\\\/wp-content\\\/uploads\\\/2020\\\/12\\\/EDA.jpg\",\"@id\":\"https:\\\/\\\/www.eldigitaldeasturias.com\\\/noticias\\\/paises-bajos-estudia-pagar-las-facturas-de-electricidad-y-gas-a-los-hogares-con-bajos-ingresos\\\/#organizationLogo\",\"width\":649,\"height\":297},\"image\":{\"@id\":\"https:\\\/\\\/www.eldigitaldeasturias.com\\\/noticias\\\/paises-bajos-estudia-pagar-las-facturas-de-electricidad-y-gas-a-los-hogares-con-bajos-ingresos\\\/#organizationLogo\"},\"sameAs\":[\"https:\\\/\\\/facebook.com\\\/eldigitaldeasturias\",\"https:\\\/\\\/www.youtube.com\\\/channel\\\/UCZP-2wLEB9Rv6erhFmqVnvg\"],\"address\":{\"@id\":\"https:\\\/\\\/www.eldigitaldeasturias.com\\\/noticias\\\/#postaladdress\",\"@type\":\"PostalAddress\",\"streetAddress\":\"san antonio 4,\",\"postalCode\":\"33430\",\"addressLocality\":\"Cand\\u00e1s\",\"addressRegion\":\"Asturias\",\"addressCountry\":\"ES\"}},{\"@type\":\"Person\",\"@id\":\"https:\\\/\\\/www.eldigitaldeasturias.com\\\/noticias\\\/author\\\/admin\\\/#author\",\"url\":\"https:\\\/\\\/www.eldigitaldeasturias.com\\\/noticias\\\/author\\\/admin\\\/\",\"name\":\"El Digital de Asturias\",\"image\":{\"@type\":\"ImageObject\",\"@id\":\"https:\\\/\\\/www.eldigitaldeasturias.com\\\/noticias\\\/paises-bajos-estudia-pagar-las-facturas-de-electricidad-y-gas-a-los-hogares-con-bajos-ingresos\\\/#authorImage\",\"url\":\"https:\\\/\\\/www.eldigitaldeasturias.com\\\/noticias\\\/wp-content\\\/litespeed\\\/avatar\\\/18677e78aa0546b92d9dbf31ec7d7668.jpg?ver=1776685526\",\"width\":96,\"height\":96,\"caption\":\"El Digital de Asturias\"}},{\"@type\":\"WebPage\",\"@id\":\"https:\\\/\\\/www.eldigitaldeasturias.com\\\/noticias\\\/paises-bajos-estudia-pagar-las-facturas-de-electricidad-y-gas-a-los-hogares-con-bajos-ingresos\\\/#webpage\",\"url\":\"https:\\\/\\\/www.eldigitaldeasturias.com\\\/noticias\\\/paises-bajos-estudia-pagar-las-facturas-de-electricidad-y-gas-a-los-hogares-con-bajos-ingresos\\\/\",\"name\":\"Pa\\u00edses Bajos estudia pagar las facturas de electricidad y gas a los hogares con bajos ingresos - El Digital de Asturias\",\"description\":\"(EP) - El Gobierno de Pa\\u00edses Bajos podr\\u00eda asumir el pago de las facturas de electricidad y gas de los hogares que no puedan reunir dinero para pagarlas,\",\"inLanguage\":\"es-ES\",\"isPartOf\":{\"@id\":\"https:\\\/\\\/www.eldigitaldeasturias.com\\\/noticias\\\/#website\"},\"breadcrumb\":{\"@id\":\"https:\\\/\\\/www.eldigitaldeasturias.com\\\/noticias\\\/paises-bajos-estudia-pagar-las-facturas-de-electricidad-y-gas-a-los-hogares-con-bajos-ingresos\\\/#breadcrumblist\"},\"author\":{\"@id\":\"https:\\\/\\\/www.eldigitaldeasturias.com\\\/noticias\\\/author\\\/admin\\\/#author\"},\"creator\":{\"@id\":\"https:\\\/\\\/www.eldigitaldeasturias.com\\\/noticias\\\/author\\\/admin\\\/#author\"},\"image\":{\"@type\":\"ImageObject\",\"url\":\"https:\\\/\\\/www.eldigitaldeasturias.com\\\/noticias\\\/wp-content\\\/uploads\\\/2021\\\/01\\\/economia.jpg\",\"@id\":\"https:\\\/\\\/www.eldigitaldeasturias.com\\\/noticias\\\/paises-bajos-estudia-pagar-las-facturas-de-electricidad-y-gas-a-los-hogares-con-bajos-ingresos\\\/#mainImage\",\"width\":753,\"height\":536,\"caption\":\"econom\\u00eda\"},\"primaryImageOfPage\":{\"@id\":\"https:\\\/\\\/www.eldigitaldeasturias.com\\\/noticias\\\/paises-bajos-estudia-pagar-las-facturas-de-electricidad-y-gas-a-los-hogares-con-bajos-ingresos\\\/#mainImage\"},\"datePublished\":\"2022-09-14T19:36:56+02:00\",\"dateModified\":\"2022-09-14T19:36:56+02:00\"},{\"@type\":\"WebSite\",\"@id\":\"https:\\\/\\\/www.eldigitaldeasturias.com\\\/noticias\\\/#website\",\"url\":\"https:\\\/\\\/www.eldigitaldeasturias.com\\\/noticias\\\/\",\"name\":\"El Digital de Asturias - Diario de actualidad y noticias\",\"alternateName\":\"El Digital de Asturias - Diario de actualidad y noticias\",\"description\":\"Hemeroteca\",\"inLanguage\":\"es-ES\",\"publisher\":{\"@id\":\"https:\\\/\\\/www.eldigitaldeasturias.com\\\/noticias\\\/#organization\"}}]}\n\t\t<\/script>\n\t\t<!-- All in One SEO Pro -->\r\n\t\t<title>Pa\u00edses Bajos estudia pagar las facturas de electricidad y gas a los hogares con bajos ingresos - El Digital de Asturias<\/title>\n\n","aioseo_head_json":{"title":"Pa\u00edses Bajos estudia pagar las facturas de electricidad y gas a los hogares con bajos ingresos - El Digital de Asturias","description":"(EP) - El Gobierno de Pa\u00edses Bajos podr\u00eda asumir el pago de las facturas de electricidad y gas de los hogares que no puedan reunir dinero para pagarlas,","canonical_url":"https:\/\/www.eldigitaldeasturias.com\/noticias\/paises-bajos-estudia-pagar-las-facturas-de-electricidad-y-gas-a-los-hogares-con-bajos-ingresos\/","robots":"max-image-preview:large","keywords":"econom\u00eda","webmasterTools":{"google-site-verification":"UA-38556648-1","msvalidate.01":"7dfe9f3f1b24437ab69f4f2559babe99","miscellaneous":""},"schema":{"@context":"https:\/\/schema.org","@graph":[{"@type":"BlogPosting","@id":"https:\/\/www.eldigitaldeasturias.com\/noticias\/paises-bajos-estudia-pagar-las-facturas-de-electricidad-y-gas-a-los-hogares-con-bajos-ingresos\/#blogposting","name":"Pa\u00edses Bajos estudia pagar las facturas de electricidad y gas a los hogares con bajos ingresos - El Digital de Asturias","headline":"Pa\u00edses Bajos estudia pagar las facturas de electricidad y gas a los hogares con bajos ingresos","author":{"@id":"https:\/\/www.eldigitaldeasturias.com\/noticias\/author\/admin\/#author"},"publisher":{"@id":"https:\/\/www.eldigitaldeasturias.com\/noticias\/#organization"},"image":{"@type":"ImageObject","url":"https:\/\/www.eldigitaldeasturias.com\/noticias\/wp-content\/uploads\/2021\/01\/economia.jpg","width":753,"height":536,"caption":"econom\u00eda"},"datePublished":"2022-09-14T19:36:56+02:00","dateModified":"2022-09-14T19:36:56+02:00","inLanguage":"es-ES","mainEntityOfPage":{"@id":"https:\/\/www.eldigitaldeasturias.com\/noticias\/paises-bajos-estudia-pagar-las-facturas-de-electricidad-y-gas-a-los-hogares-con-bajos-ingresos\/#webpage"},"isPartOf":{"@id":"https:\/\/www.eldigitaldeasturias.com\/noticias\/paises-bajos-estudia-pagar-las-facturas-de-electricidad-y-gas-a-los-hogares-con-bajos-ingresos\/#webpage"},"articleSection":"Econom\u00eda"},{"@type":"BreadcrumbList","@id":"https:\/\/www.eldigitaldeasturias.com\/noticias\/paises-bajos-estudia-pagar-las-facturas-de-electricidad-y-gas-a-los-hogares-con-bajos-ingresos\/#breadcrumblist","itemListElement":[{"@type":"ListItem","@id":"https:\/\/www.eldigitaldeasturias.com\/noticias#listItem","position":1,"name":"Home","item":"https:\/\/www.eldigitaldeasturias.com\/noticias","nextItem":{"@type":"ListItem","@id":"https:\/\/www.eldigitaldeasturias.com\/noticias\/category\/economia\/#listItem","name":"Econom\u00eda"}},{"@type":"ListItem","@id":"https:\/\/www.eldigitaldeasturias.com\/noticias\/category\/economia\/#listItem","position":2,"name":"Econom\u00eda","item":"https:\/\/www.eldigitaldeasturias.com\/noticias\/category\/economia\/","nextItem":{"@type":"ListItem","@id":"https:\/\/www.eldigitaldeasturias.com\/noticias\/paises-bajos-estudia-pagar-las-facturas-de-electricidad-y-gas-a-los-hogares-con-bajos-ingresos\/#listItem","name":"Pa\u00edses Bajos estudia pagar las facturas de electricidad y gas a los hogares con bajos ingresos"},"previousItem":{"@type":"ListItem","@id":"https:\/\/www.eldigitaldeasturias.com\/noticias#listItem","name":"Home"}},{"@type":"ListItem","@id":"https:\/\/www.eldigitaldeasturias.com\/noticias\/paises-bajos-estudia-pagar-las-facturas-de-electricidad-y-gas-a-los-hogares-con-bajos-ingresos\/#listItem","position":3,"name":"Pa\u00edses Bajos estudia pagar las facturas de electricidad y gas a los hogares con bajos ingresos","previousItem":{"@type":"ListItem","@id":"https:\/\/www.eldigitaldeasturias.com\/noticias\/category\/economia\/#listItem","name":"Econom\u00eda"}}]},{"@type":"Organization","@id":"https:\/\/www.eldigitaldeasturias.com\/noticias\/#organization","name":"El Digital de Asturias","description":"Hemeroteca","url":"https:\/\/www.eldigitaldeasturias.com\/noticias\/","email":"info@eldigitaldeasturias.com","telephone":"+34652131393","logo":{"@type":"ImageObject","url":"https:\/\/www.eldigitaldeasturias.com\/noticias\/wp-content\/uploads\/2020\/12\/EDA.jpg","@id":"https:\/\/www.eldigitaldeasturias.com\/noticias\/paises-bajos-estudia-pagar-las-facturas-de-electricidad-y-gas-a-los-hogares-con-bajos-ingresos\/#organizationLogo","width":649,"height":297},"image":{"@id":"https:\/\/www.eldigitaldeasturias.com\/noticias\/paises-bajos-estudia-pagar-las-facturas-de-electricidad-y-gas-a-los-hogares-con-bajos-ingresos\/#organizationLogo"},"sameAs":["https:\/\/facebook.com\/eldigitaldeasturias","https:\/\/www.youtube.com\/channel\/UCZP-2wLEB9Rv6erhFmqVnvg"],"address":{"@id":"https:\/\/www.eldigitaldeasturias.com\/noticias\/#postaladdress","@type":"PostalAddress","streetAddress":"san antonio 4,","postalCode":"33430","addressLocality":"Cand\u00e1s","addressRegion":"Asturias","addressCountry":"ES"}},{"@type":"Person","@id":"https:\/\/www.eldigitaldeasturias.com\/noticias\/author\/admin\/#author","url":"https:\/\/www.eldigitaldeasturias.com\/noticias\/author\/admin\/","name":"El Digital de Asturias","image":{"@type":"ImageObject","@id":"https:\/\/www.eldigitaldeasturias.com\/noticias\/paises-bajos-estudia-pagar-las-facturas-de-electricidad-y-gas-a-los-hogares-con-bajos-ingresos\/#authorImage","url":"https:\/\/www.eldigitaldeasturias.com\/noticias\/wp-content\/litespeed\/avatar\/18677e78aa0546b92d9dbf31ec7d7668.jpg?ver=1776685526","width":96,"height":96,"caption":"El Digital de Asturias"}},{"@type":"WebPage","@id":"https:\/\/www.eldigitaldeasturias.com\/noticias\/paises-bajos-estudia-pagar-las-facturas-de-electricidad-y-gas-a-los-hogares-con-bajos-ingresos\/#webpage","url":"https:\/\/www.eldigitaldeasturias.com\/noticias\/paises-bajos-estudia-pagar-las-facturas-de-electricidad-y-gas-a-los-hogares-con-bajos-ingresos\/","name":"Pa\u00edses Bajos estudia pagar las facturas de electricidad y gas a los hogares con bajos ingresos - El Digital de Asturias","description":"(EP) - El Gobierno de Pa\u00edses Bajos podr\u00eda asumir el pago de las facturas de electricidad y gas de los hogares que no puedan reunir dinero para pagarlas,","inLanguage":"es-ES","isPartOf":{"@id":"https:\/\/www.eldigitaldeasturias.com\/noticias\/#website"},"breadcrumb":{"@id":"https:\/\/www.eldigitaldeasturias.com\/noticias\/paises-bajos-estudia-pagar-las-facturas-de-electricidad-y-gas-a-los-hogares-con-bajos-ingresos\/#breadcrumblist"},"author":{"@id":"https:\/\/www.eldigitaldeasturias.com\/noticias\/author\/admin\/#author"},"creator":{"@id":"https:\/\/www.eldigitaldeasturias.com\/noticias\/author\/admin\/#author"},"image":{"@type":"ImageObject","url":"https:\/\/www.eldigitaldeasturias.com\/noticias\/wp-content\/uploads\/2021\/01\/economia.jpg","@id":"https:\/\/www.eldigitaldeasturias.com\/noticias\/paises-bajos-estudia-pagar-las-facturas-de-electricidad-y-gas-a-los-hogares-con-bajos-ingresos\/#mainImage","width":753,"height":536,"caption":"econom\u00eda"},"primaryImageOfPage":{"@id":"https:\/\/www.eldigitaldeasturias.com\/noticias\/paises-bajos-estudia-pagar-las-facturas-de-electricidad-y-gas-a-los-hogares-con-bajos-ingresos\/#mainImage"},"datePublished":"2022-09-14T19:36:56+02:00","dateModified":"2022-09-14T19:36:56+02:00"},{"@type":"WebSite","@id":"https:\/\/www.eldigitaldeasturias.com\/noticias\/#website","url":"https:\/\/www.eldigitaldeasturias.com\/noticias\/","name":"El Digital de Asturias - Diario de actualidad y noticias","alternateName":"El Digital de Asturias - Diario de actualidad y noticias","description":"Hemeroteca","inLanguage":"es-ES","publisher":{"@id":"https:\/\/www.eldigitaldeasturias.com\/noticias\/#organization"}}]},"og:locale":"es_ES","og:site_name":"El Digital de Asturias","og:type":"article","og:title":"Pa\u00edses Bajos estudia pagar las facturas de electricidad y gas a los hogares con bajos ingresos - El Digital de Asturias","og:description":"(EP) - El Gobierno de Pa\u00edses Bajos podr\u00eda asumir el pago de las facturas de electricidad y gas de los hogares que no puedan reunir dinero para pagarlas,","og:url":"https:\/\/www.eldigitaldeasturias.com\/noticias\/paises-bajos-estudia-pagar-las-facturas-de-electricidad-y-gas-a-los-hogares-con-bajos-ingresos\/","og:image":"https:\/\/www.eldigitaldeasturias.com\/noticias\/wp-content\/uploads\/2021\/01\/economia.jpg","og:image:secure_url":"https:\/\/www.eldigitaldeasturias.com\/noticias\/wp-content\/uploads\/2021\/01\/economia.jpg","og:image:width":753,"og:image:height":536,"article:tag":["econom\u00eda"],"article:published_time":"2022-09-14T17:36:56+00:00","article:modified_time":"2022-09-14T17:36:56+00:00","article:publisher":"https:\/\/facebook.com\/eldigitaldeasturias","twitter:card":"summary_large_image","twitter:title":"Pa\u00edses Bajos estudia pagar las facturas de electricidad y gas a los hogares con bajos ingresos - El Digital de Asturias","twitter:description":"(EP) - El Gobierno de Pa\u00edses Bajos podr\u00eda asumir el pago de las facturas de electricidad y gas de los hogares que no puedan reunir dinero para pagarlas,","twitter:image":"https:\/\/www.eldigitaldeasturias.com\/noticias\/wp-content\/uploads\/2021\/01\/economia.jpg","twitter:label1":"Escrito por","twitter:data1":"El Digital de Asturias","twitter:label2":"Tiempo de lectura estimado","twitter:data2":"1 minuto"},"aioseo_meta_data":{"post_id":"1116532","title":null,"description":"(EP) - El Gobierno de Pa\u00edses Bajos podr\u00eda asumir el pago de las facturas de electricidad y gas de los hogares que no puedan reunir dinero para pagarlas,","keywords":[],"keyphrases":{"focus":{"keyphrase":"Pa\u00edses Bajos","score":87,"analysis":{"keyphraseInTitle":{"title":"Focus keyphrase in SEO title","description":"Focus keyphrase found in SEO title.","score":9,"maxScore":9,"error":0},"keyphraseInDescription":{"title":"Focus keyphrase in meta description","description":"Focus keyphrase found in meta description.","score":9,"maxScore":9,"error":0},"keyphraseLength":{"title":"Focus keyphrase length","description":"Good job!","score":9,"maxScore":9,"error":0,"length":2},"keyphraseInURL":[],"keyphraseInIntroduction":{"title":"Focus keyphrase in introduction","description":"Your Focus keyphrase appears in the first paragraph. Well done!","score":9,"maxScore":9,"error":0},"keyphraseInSubHeadings":[],"keyphraseInImageAlt":{"title":"Focus keyphrase in image alt attributes","description":"Focus keyphrase not found in image alt attribute(s). Add an image with your Focus keyphrase as alt text.","score":3,"maxScore":9,"error":1}}},"additional":[]},"primary_term":null,"canonical_url":null,"og_title":null,"og_description":null,"og_object_type":"default","og_image_type":"default","og_image_url":null,"og_image_width":null,"og_image_height":null,"og_image_custom_url":null,"og_image_custom_fields":null,"og_video":"","og_custom_url":null,"og_article_section":null,"og_article_tags":[],"twitter_use_og":false,"twitter_card":"default","twitter_image_type":"default","twitter_image_url":null,"twitter_image_custom_url":null,"twitter_image_custom_fields":null,"twitter_title":null,"twitter_description":null,"schema":{"blockGraphs":[],"customGraphs":[],"default":{"data":{"Article":[],"Course":[],"Dataset":[],"FAQPage":[],"Movie":[],"Person":[],"Product":[],"ProductReview":[],"Car":[],"Recipe":[],"Service":[],"SoftwareApplication":[],"WebPage":[]},"graphName":"","isEnabled":true},"graphs":[]},"schema_type":"default","schema_type_options":null,"pillar_content":false,"robots_default":true,"robots_noindex":false,"robots_noarchive":false,"robots_nosnippet":false,"robots_nofollow":false,"robots_noimageindex":false,"robots_noodp":false,"robots_notranslate":false,"robots_max_snippet":"-1","robots_max_videopreview":"-1","robots_max_imagepreview":"large","priority":null,"frequency":"default","local_seo":null,"seo_analyzer_scan_date":"2025-10-03 18:43:45","breadcrumb_settings":null,"limit_modified_date":false,"open_ai":null,"ai":null,"created":"2022-09-14 17:35:13","updated":"2025-10-03 18:43:45"},"aioseo_breadcrumb":"<div class=\"aioseo-breadcrumbs\"><span class=\"aioseo-breadcrumb\">\n\t<a href=\"https:\/\/www.eldigitaldeasturias.com\/noticias\" title=\"Home\">Home<\/a>\n<\/span><span class=\"aioseo-breadcrumb-separator\">\u2013<\/span><span class=\"aioseo-breadcrumb\">\n\t<a href=\"https:\/\/www.eldigitaldeasturias.com\/noticias\/category\/economia\/\" title=\"Econom\u00eda\">Econom\u00eda<\/a>\n<\/span><span class=\"aioseo-breadcrumb-separator\">\u2013<\/span><span class=\"aioseo-breadcrumb\">\n\t<a href=\"https:\/\/www.eldigitaldeasturias.com\/noticias\/paises-bajos-estudia-pagar-las-facturas-de-electricidad-y-gas-a-los-hogares-con-bajos-ingresos\/\" title=\"Pa\u00edses Bajos estudia pagar las facturas de electricidad y gas a los hogares con bajos ingresos\">Pa\u00edses Bajos estudia pagar las facturas de electricidad y gas a los hogares con bajos ingresos<\/a>\n<\/span><\/div>","aioseo_breadcrumb_json":[{"label":"Home","link":"https:\/\/www.eldigitaldeasturias.com\/noticias"},{"label":"Econom\u00eda","link":"https:\/\/www.eldigitaldeasturias.com\/noticias\/category\/economia\/"},{"label":"Pa\u00edses Bajos estudia pagar las facturas de electricidad y gas a los hogares con bajos ingresos","link":"https:\/\/www.eldigitaldeasturias.com\/noticias\/paises-bajos-estudia-pagar-las-facturas-de-electricidad-y-gas-a-los-hogares-con-bajos-ingresos\/"}],"_links":{"self":[{"href":"https:\/\/www.eldigitaldeasturias.com\/noticias\/wp-json\/wp\/v2\/posts\/1116532","targetHints":{"allow":["GET"]}}],"collection":[{"href":"https:\/\/www.eldigitaldeasturias.com\/noticias\/wp-json\/wp\/v2\/posts"}],"about":[{"href":"https:\/\/www.eldigitaldeasturias.com\/noticias\/wp-json\/wp\/v2\/types\/post"}],"author":[{"embeddable":true,"href":"https:\/\/www.eldigitaldeasturias.com\/noticias\/wp-json\/wp\/v2\/users\/1"}],"replies":[{"embeddable":true,"href":"https:\/\/www.eldigitaldeasturias.com\/noticias\/wp-json\/wp\/v2\/comments?post=1116532"}],"version-history":[{"count":0,"href":"https:\/\/www.eldigitaldeasturias.com\/noticias\/wp-json\/wp\/v2\/posts\/1116532\/revisions"}],"wp:featuredmedia":[{"embeddable":true,"href":"https:\/\/www.eldigitaldeasturias.com\/noticias\/wp-json\/wp\/v2\/media\/1085055"}],"wp:attachment":[{"href":"https:\/\/www.eldigitaldeasturias.com\/noticias\/wp-json\/wp\/v2\/media?parent=1116532"}],"wp:term":[{"taxonomy":"category","embeddable":true,"href":"https:\/\/www.eldigitaldeasturias.com\/noticias\/wp-json\/wp\/v2\/categories?post=1116532"},{"taxonomy":"post_tag","embeddable":true,"href":"https:\/\/www.eldigitaldeasturias.com\/noticias\/wp-json\/wp\/v2\/tags?post=1116532"}],"curies":[{"name":"wp","href":"https:\/\/api.w.org\/{rel}","templated":true}]}}