{"id":1116422,"date":"2022-09-12T18:47:38","date_gmt":"2022-09-12T16:47:38","guid":{"rendered":"https:\/\/www.eldigitaldeasturias.com\/noticias\/?p=1116422"},"modified":"2022-09-12T18:47:38","modified_gmt":"2022-09-12T16:47:38","slug":"exposicion-el-espacio-habitado-en-el-museo-anton-de-candas","status":"publish","type":"post","link":"https:\/\/www.eldigitaldeasturias.com\/noticias\/exposicion-el-espacio-habitado-en-el-museo-anton-de-candas\/","title":{"rendered":"Exposici\u00f3n \u00abEl espacio habitado\u00bb en el Museo Ant\u00f3n de Cand\u00e1s"},"content":{"rendered":"<p>El <strong>Museo Ant\u00f3n de <a href=\"https:\/\/candas365.es\/noticias\/\"><span style=\"color: #ff6600;\">Cand\u00e1s<\/span><\/a><\/strong> ofrece a sus visitantes la exposici\u00f3n \u201cEl espacio habitado\u201d, de Arantza Goyeneche. <strong>hasta el 6 de Noviembre<\/strong>.<\/p>\n<figure id=\"attachment_1116423\" aria-describedby=\"caption-attachment-1116423\" style=\"width: 646px\" class=\"wp-caption aligncenter\"><img loading=\"lazy\" decoding=\"async\" class=\"wp-image-1116423 size-large\" src=\"https:\/\/www.eldigitaldeasturias.com\/noticias\/wp-content\/uploads\/2022\/09\/El-espacio-habitado-646x480.jpg\" alt=\"El espacio habitado\" width=\"646\" height=\"480\" srcset=\"https:\/\/www.eldigitaldeasturias.com\/noticias\/wp-content\/uploads\/2022\/09\/El-espacio-habitado-646x480.jpg 646w, https:\/\/www.eldigitaldeasturias.com\/noticias\/wp-content\/uploads\/2022\/09\/El-espacio-habitado-360x268.jpg 360w, https:\/\/www.eldigitaldeasturias.com\/noticias\/wp-content\/uploads\/2022\/09\/El-espacio-habitado-403x300.jpg 403w, https:\/\/www.eldigitaldeasturias.com\/noticias\/wp-content\/uploads\/2022\/09\/El-espacio-habitado-768x571.jpg 768w, https:\/\/www.eldigitaldeasturias.com\/noticias\/wp-content\/uploads\/2022\/09\/El-espacio-habitado-150x112.jpg 150w, https:\/\/www.eldigitaldeasturias.com\/noticias\/wp-content\/uploads\/2022\/09\/El-espacio-habitado-450x335.jpg 450w, https:\/\/www.eldigitaldeasturias.com\/noticias\/wp-content\/uploads\/2022\/09\/El-espacio-habitado.jpg 889w\" sizes=\"auto, (max-width: 646px) 100vw, 646px\" \/><figcaption id=\"caption-attachment-1116423\" class=\"wp-caption-text\">Foto: N.Bermudez \/ Cand\u00e1s 365<\/figcaption><\/figure>\n<p>Se trata de un proyecto, comisariado por Santiago Mart\u00ednez, espec\u00edfico para las salas del Museo con obras representativas de su producci\u00f3n m\u00e1s reciente.<\/p>\n<p>Las piezas e instalaciones de la muestra, son fruto de un trabajo t\u00e9cnico riguroso, con un tratamiento formal cargado de personalidad y basado en una geometr\u00eda fragmentada, en el cromatismo y en los efectos lum\u00ednicos, pero, sobre todo, del esp\u00edritu que las posee, que habita los espacios, transform\u00e1ndolos.<\/p>\n<p>En la interesante y reconocida trayectoria de esta artista, se advierte una progresiva deriva, desde la pintura, hacia \u00e1mbitos de la instalaci\u00f3n art\u00edstica y la escultura, con obras que no solo son reflejo de su propia evoluci\u00f3n y sensibilidad como creadora, tambi\u00e9n lo son de la realidad pl\u00e1stica contempor\u00e1nea, rompiendo las fronteras y traspasando los l\u00edmites entre disciplinas art\u00edsticas.<\/p>\n<blockquote><p>La exposici\u00f3n, podr\u00e1 ser visitada en el Centro de Escultura de Cand\u00e1s, Museo Ant\u00f3n hasta el 6 de Noviembre.<\/p><\/blockquote>\n<p>El horario de visitas durante el mes de septiembre es de martes a domingos de 12:00 a 14:00 y de 18:00 a 21:00 horas.<\/p>\n<p>A partir del mes de octubre, el horario es de martes viernes de 17:30 a 19:30 h.; s\u00e1bados, domingos y festivos de 12:00 a 14:00 h. y de 17:30 a 19:30 h.<\/p>\n<p><strong>La entrada gratuita.<\/strong><\/p>\n","protected":false},"excerpt":{"rendered":"<p>El Museo Ant\u00f3n de Cand\u00e1s ofrece a sus visitantes la exposici\u00f3n \u201cEl espacio habitado\u201d, de Arantza Goyeneche. hasta el 6 de Noviembre. Se trata de un proyecto, comisariado por Santiago Mart\u00ednez, espec\u00edfico para las salas del Museo con obras representativas de su producci\u00f3n m\u00e1s reciente. Las piezas e instalaciones de la muestra, son fruto de [&hellip;]<\/p>\n","protected":false},"author":1,"featured_media":1116423,"comment_status":"closed","ping_status":"closed","sticky":false,"template":"","format":"standard","meta":{"footnotes":""},"categories":[2],"tags":[],"class_list":["post-1116422","post","type-post","status-publish","format-standard","has-post-thumbnail","hentry","category-agenda"],"aioseo_notices":[],"aioseo_head":"\n\t\t<!-- All in One SEO Pro 4.9.6.2 - aioseo.com -->\n\t<meta name=\"description\" content=\"El Museo Ant\u00f3n de Cand\u00e1s ofrece a sus visitantes la exposici\u00f3n \u201cEl espacio habitado\u201d, de Arantza Goyeneche. hasta el 6 de Noviembre.\" \/>\n\t<meta name=\"robots\" content=\"max-image-preview:large\" \/>\n\t<meta name=\"author\" content=\"El Digital de Asturias\"\/>\n\t<meta name=\"google-site-verification\" content=\"UA-38556648-1\" \/>\n\t<meta name=\"msvalidate.01\" content=\"7dfe9f3f1b24437ab69f4f2559babe99\" \/>\n\t<meta name=\"keywords\" content=\"agenda\" \/>\n\t<link rel=\"canonical\" href=\"https:\/\/www.eldigitaldeasturias.com\/noticias\/exposicion-el-espacio-habitado-en-el-museo-anton-de-candas\/\" \/>\n\t<meta name=\"generator\" content=\"All in One SEO Pro (AIOSEO) 4.9.6.2\" \/>\n\t\t<meta property=\"og:locale\" content=\"es_ES\" \/>\n\t\t<meta property=\"og:site_name\" content=\"El Digital de Asturias\" \/>\n\t\t<meta property=\"og:type\" content=\"article\" \/>\n\t\t<meta property=\"og:title\" content=\"Exposici\u00f3n \u00abEl espacio habitado\u00bb en el Museo Ant\u00f3n de Cand\u00e1s - El Digital de Asturias\" \/>\n\t\t<meta property=\"og:description\" content=\"El Museo Ant\u00f3n de Cand\u00e1s ofrece a sus visitantes la exposici\u00f3n \u201cEl espacio habitado\u201d, de Arantza Goyeneche. hasta el 6 de Noviembre.\" \/>\n\t\t<meta property=\"og:url\" content=\"https:\/\/www.eldigitaldeasturias.com\/noticias\/exposicion-el-espacio-habitado-en-el-museo-anton-de-candas\/\" \/>\n\t\t<meta property=\"og:image\" content=\"https:\/\/www.eldigitaldeasturias.com\/noticias\/wp-content\/uploads\/2022\/09\/El-espacio-habitado.jpg\" \/>\n\t\t<meta property=\"og:image:secure_url\" content=\"https:\/\/www.eldigitaldeasturias.com\/noticias\/wp-content\/uploads\/2022\/09\/El-espacio-habitado.jpg\" \/>\n\t\t<meta property=\"og:image:width\" content=\"889\" \/>\n\t\t<meta property=\"og:image:height\" content=\"661\" \/>\n\t\t<meta property=\"article:tag\" content=\"agenda\" \/>\n\t\t<meta property=\"article:published_time\" content=\"2022-09-12T16:47:38+00:00\" \/>\n\t\t<meta property=\"article:modified_time\" content=\"2022-09-12T16:47:38+00:00\" \/>\n\t\t<meta property=\"article:publisher\" content=\"https:\/\/facebook.com\/eldigitaldeasturias\" \/>\n\t\t<meta name=\"twitter:card\" content=\"summary_large_image\" \/>\n\t\t<meta name=\"twitter:title\" content=\"Exposici\u00f3n \u00abEl espacio habitado\u00bb en el Museo Ant\u00f3n de Cand\u00e1s - El Digital de Asturias\" \/>\n\t\t<meta name=\"twitter:description\" content=\"El Museo Ant\u00f3n de Cand\u00e1s ofrece a sus visitantes la exposici\u00f3n \u201cEl espacio habitado\u201d, de Arantza Goyeneche. hasta el 6 de Noviembre.\" \/>\n\t\t<meta name=\"twitter:image\" content=\"https:\/\/www.eldigitaldeasturias.com\/noticias\/wp-content\/uploads\/2022\/09\/El-espacio-habitado.jpg\" \/>\n\t\t<meta name=\"twitter:label1\" content=\"Escrito por\" \/>\n\t\t<meta name=\"twitter:data1\" content=\"El Digital de Asturias\" \/>\n\t\t<meta name=\"twitter:label2\" content=\"Tiempo de lectura estimado\" \/>\n\t\t<meta name=\"twitter:data2\" content=\"1 minuto\" \/>\n\t\t<script type=\"application\/ld+json\" class=\"aioseo-schema\">\n\t\t\t{\"@context\":\"https:\\\/\\\/schema.org\",\"@graph\":[{\"@type\":\"BlogPosting\",\"@id\":\"https:\\\/\\\/www.eldigitaldeasturias.com\\\/noticias\\\/exposicion-el-espacio-habitado-en-el-museo-anton-de-candas\\\/#blogposting\",\"name\":\"Exposici\\u00f3n \\u00abEl espacio habitado\\u00bb en el Museo Ant\\u00f3n de Cand\\u00e1s - El Digital de Asturias\",\"headline\":\"Exposici\\u00f3n \\u00abEl espacio habitado\\u00bb en el Museo Ant\\u00f3n de Cand\\u00e1s\",\"author\":{\"@id\":\"https:\\\/\\\/www.eldigitaldeasturias.com\\\/noticias\\\/author\\\/admin\\\/#author\"},\"publisher\":{\"@id\":\"https:\\\/\\\/www.eldigitaldeasturias.com\\\/noticias\\\/#organization\"},\"image\":{\"@type\":\"ImageObject\",\"url\":\"https:\\\/\\\/www.eldigitaldeasturias.com\\\/noticias\\\/wp-content\\\/uploads\\\/2022\\\/09\\\/El-espacio-habitado.jpg\",\"width\":889,\"height\":661,\"caption\":\"Foto: N.Bermudez \\\/ Cand\\u00e1s 365\"},\"datePublished\":\"2022-09-12T18:47:38+02:00\",\"dateModified\":\"2022-09-12T18:47:38+02:00\",\"inLanguage\":\"es-ES\",\"mainEntityOfPage\":{\"@id\":\"https:\\\/\\\/www.eldigitaldeasturias.com\\\/noticias\\\/exposicion-el-espacio-habitado-en-el-museo-anton-de-candas\\\/#webpage\"},\"isPartOf\":{\"@id\":\"https:\\\/\\\/www.eldigitaldeasturias.com\\\/noticias\\\/exposicion-el-espacio-habitado-en-el-museo-anton-de-candas\\\/#webpage\"},\"articleSection\":\"Agenda\"},{\"@type\":\"BreadcrumbList\",\"@id\":\"https:\\\/\\\/www.eldigitaldeasturias.com\\\/noticias\\\/exposicion-el-espacio-habitado-en-el-museo-anton-de-candas\\\/#breadcrumblist\",\"itemListElement\":[{\"@type\":\"ListItem\",\"@id\":\"https:\\\/\\\/www.eldigitaldeasturias.com\\\/noticias#listItem\",\"position\":1,\"name\":\"Home\",\"item\":\"https:\\\/\\\/www.eldigitaldeasturias.com\\\/noticias\",\"nextItem\":{\"@type\":\"ListItem\",\"@id\":\"https:\\\/\\\/www.eldigitaldeasturias.com\\\/noticias\\\/category\\\/agenda\\\/#listItem\",\"name\":\"Agenda\"}},{\"@type\":\"ListItem\",\"@id\":\"https:\\\/\\\/www.eldigitaldeasturias.com\\\/noticias\\\/category\\\/agenda\\\/#listItem\",\"position\":2,\"name\":\"Agenda\",\"item\":\"https:\\\/\\\/www.eldigitaldeasturias.com\\\/noticias\\\/category\\\/agenda\\\/\",\"nextItem\":{\"@type\":\"ListItem\",\"@id\":\"https:\\\/\\\/www.eldigitaldeasturias.com\\\/noticias\\\/exposicion-el-espacio-habitado-en-el-museo-anton-de-candas\\\/#listItem\",\"name\":\"Exposici\\u00f3n \\u00abEl espacio habitado\\u00bb en el Museo Ant\\u00f3n de Cand\\u00e1s\"},\"previousItem\":{\"@type\":\"ListItem\",\"@id\":\"https:\\\/\\\/www.eldigitaldeasturias.com\\\/noticias#listItem\",\"name\":\"Home\"}},{\"@type\":\"ListItem\",\"@id\":\"https:\\\/\\\/www.eldigitaldeasturias.com\\\/noticias\\\/exposicion-el-espacio-habitado-en-el-museo-anton-de-candas\\\/#listItem\",\"position\":3,\"name\":\"Exposici\\u00f3n \\u00abEl espacio habitado\\u00bb en el Museo Ant\\u00f3n de Cand\\u00e1s\",\"previousItem\":{\"@type\":\"ListItem\",\"@id\":\"https:\\\/\\\/www.eldigitaldeasturias.com\\\/noticias\\\/category\\\/agenda\\\/#listItem\",\"name\":\"Agenda\"}}]},{\"@type\":\"Organization\",\"@id\":\"https:\\\/\\\/www.eldigitaldeasturias.com\\\/noticias\\\/#organization\",\"name\":\"El Digital de Asturias\",\"description\":\"Hemeroteca\",\"url\":\"https:\\\/\\\/www.eldigitaldeasturias.com\\\/noticias\\\/\",\"email\":\"info@eldigitaldeasturias.com\",\"telephone\":\"+34652131393\",\"logo\":{\"@type\":\"ImageObject\",\"url\":\"https:\\\/\\\/www.eldigitaldeasturias.com\\\/noticias\\\/wp-content\\\/uploads\\\/2020\\\/12\\\/EDA.jpg\",\"@id\":\"https:\\\/\\\/www.eldigitaldeasturias.com\\\/noticias\\\/exposicion-el-espacio-habitado-en-el-museo-anton-de-candas\\\/#organizationLogo\",\"width\":649,\"height\":297},\"image\":{\"@id\":\"https:\\\/\\\/www.eldigitaldeasturias.com\\\/noticias\\\/exposicion-el-espacio-habitado-en-el-museo-anton-de-candas\\\/#organizationLogo\"},\"sameAs\":[\"https:\\\/\\\/facebook.com\\\/eldigitaldeasturias\",\"https:\\\/\\\/www.youtube.com\\\/channel\\\/UCZP-2wLEB9Rv6erhFmqVnvg\"],\"address\":{\"@id\":\"https:\\\/\\\/www.eldigitaldeasturias.com\\\/noticias\\\/#postaladdress\",\"@type\":\"PostalAddress\",\"streetAddress\":\"san antonio 4,\",\"postalCode\":\"33430\",\"addressLocality\":\"Cand\\u00e1s\",\"addressRegion\":\"Asturias\",\"addressCountry\":\"ES\"}},{\"@type\":\"Person\",\"@id\":\"https:\\\/\\\/www.eldigitaldeasturias.com\\\/noticias\\\/author\\\/admin\\\/#author\",\"url\":\"https:\\\/\\\/www.eldigitaldeasturias.com\\\/noticias\\\/author\\\/admin\\\/\",\"name\":\"El Digital de Asturias\",\"image\":{\"@type\":\"ImageObject\",\"@id\":\"https:\\\/\\\/www.eldigitaldeasturias.com\\\/noticias\\\/exposicion-el-espacio-habitado-en-el-museo-anton-de-candas\\\/#authorImage\",\"url\":\"https:\\\/\\\/www.eldigitaldeasturias.com\\\/noticias\\\/wp-content\\\/litespeed\\\/avatar\\\/18677e78aa0546b92d9dbf31ec7d7668.jpg?ver=1777290358\",\"width\":96,\"height\":96,\"caption\":\"El Digital de Asturias\"}},{\"@type\":\"WebPage\",\"@id\":\"https:\\\/\\\/www.eldigitaldeasturias.com\\\/noticias\\\/exposicion-el-espacio-habitado-en-el-museo-anton-de-candas\\\/#webpage\",\"url\":\"https:\\\/\\\/www.eldigitaldeasturias.com\\\/noticias\\\/exposicion-el-espacio-habitado-en-el-museo-anton-de-candas\\\/\",\"name\":\"Exposici\\u00f3n \\u00abEl espacio habitado\\u00bb en el Museo Ant\\u00f3n de Cand\\u00e1s - El Digital de Asturias\",\"description\":\"El Museo Ant\\u00f3n de Cand\\u00e1s ofrece a sus visitantes la exposici\\u00f3n \\u201cEl espacio habitado\\u201d, de Arantza Goyeneche. hasta el 6 de Noviembre.\",\"inLanguage\":\"es-ES\",\"isPartOf\":{\"@id\":\"https:\\\/\\\/www.eldigitaldeasturias.com\\\/noticias\\\/#website\"},\"breadcrumb\":{\"@id\":\"https:\\\/\\\/www.eldigitaldeasturias.com\\\/noticias\\\/exposicion-el-espacio-habitado-en-el-museo-anton-de-candas\\\/#breadcrumblist\"},\"author\":{\"@id\":\"https:\\\/\\\/www.eldigitaldeasturias.com\\\/noticias\\\/author\\\/admin\\\/#author\"},\"creator\":{\"@id\":\"https:\\\/\\\/www.eldigitaldeasturias.com\\\/noticias\\\/author\\\/admin\\\/#author\"},\"image\":{\"@type\":\"ImageObject\",\"url\":\"https:\\\/\\\/www.eldigitaldeasturias.com\\\/noticias\\\/wp-content\\\/uploads\\\/2022\\\/09\\\/El-espacio-habitado.jpg\",\"@id\":\"https:\\\/\\\/www.eldigitaldeasturias.com\\\/noticias\\\/exposicion-el-espacio-habitado-en-el-museo-anton-de-candas\\\/#mainImage\",\"width\":889,\"height\":661,\"caption\":\"Foto: N.Bermudez \\\/ Cand\\u00e1s 365\"},\"primaryImageOfPage\":{\"@id\":\"https:\\\/\\\/www.eldigitaldeasturias.com\\\/noticias\\\/exposicion-el-espacio-habitado-en-el-museo-anton-de-candas\\\/#mainImage\"},\"datePublished\":\"2022-09-12T18:47:38+02:00\",\"dateModified\":\"2022-09-12T18:47:38+02:00\"},{\"@type\":\"WebSite\",\"@id\":\"https:\\\/\\\/www.eldigitaldeasturias.com\\\/noticias\\\/#website\",\"url\":\"https:\\\/\\\/www.eldigitaldeasturias.com\\\/noticias\\\/\",\"name\":\"El Digital de Asturias - Diario de actualidad y noticias\",\"alternateName\":\"El Digital de Asturias - Diario de actualidad y noticias\",\"description\":\"Hemeroteca\",\"inLanguage\":\"es-ES\",\"publisher\":{\"@id\":\"https:\\\/\\\/www.eldigitaldeasturias.com\\\/noticias\\\/#organization\"}}]}\n\t\t<\/script>\n\t\t<!-- All in One SEO Pro -->\r\n\t\t<title>Exposici\u00f3n \u00abEl espacio habitado\u00bb en el Museo Ant\u00f3n de Cand\u00e1s - El Digital de Asturias<\/title>\n\n","aioseo_head_json":{"title":"Exposici\u00f3n \u00abEl espacio habitado\u00bb en el Museo Ant\u00f3n de Cand\u00e1s - El Digital de Asturias","description":"El Museo Ant\u00f3n de Cand\u00e1s ofrece a sus visitantes la exposici\u00f3n \u201cEl espacio habitado\u201d, de Arantza Goyeneche. hasta el 6 de Noviembre.","canonical_url":"https:\/\/www.eldigitaldeasturias.com\/noticias\/exposicion-el-espacio-habitado-en-el-museo-anton-de-candas\/","robots":"max-image-preview:large","keywords":"agenda","webmasterTools":{"google-site-verification":"UA-38556648-1","msvalidate.01":"7dfe9f3f1b24437ab69f4f2559babe99","miscellaneous":""},"schema":{"@context":"https:\/\/schema.org","@graph":[{"@type":"BlogPosting","@id":"https:\/\/www.eldigitaldeasturias.com\/noticias\/exposicion-el-espacio-habitado-en-el-museo-anton-de-candas\/#blogposting","name":"Exposici\u00f3n \u00abEl espacio habitado\u00bb en el Museo Ant\u00f3n de Cand\u00e1s - El Digital de Asturias","headline":"Exposici\u00f3n \u00abEl espacio habitado\u00bb en el Museo Ant\u00f3n de Cand\u00e1s","author":{"@id":"https:\/\/www.eldigitaldeasturias.com\/noticias\/author\/admin\/#author"},"publisher":{"@id":"https:\/\/www.eldigitaldeasturias.com\/noticias\/#organization"},"image":{"@type":"ImageObject","url":"https:\/\/www.eldigitaldeasturias.com\/noticias\/wp-content\/uploads\/2022\/09\/El-espacio-habitado.jpg","width":889,"height":661,"caption":"Foto: N.Bermudez \/ Cand\u00e1s 365"},"datePublished":"2022-09-12T18:47:38+02:00","dateModified":"2022-09-12T18:47:38+02:00","inLanguage":"es-ES","mainEntityOfPage":{"@id":"https:\/\/www.eldigitaldeasturias.com\/noticias\/exposicion-el-espacio-habitado-en-el-museo-anton-de-candas\/#webpage"},"isPartOf":{"@id":"https:\/\/www.eldigitaldeasturias.com\/noticias\/exposicion-el-espacio-habitado-en-el-museo-anton-de-candas\/#webpage"},"articleSection":"Agenda"},{"@type":"BreadcrumbList","@id":"https:\/\/www.eldigitaldeasturias.com\/noticias\/exposicion-el-espacio-habitado-en-el-museo-anton-de-candas\/#breadcrumblist","itemListElement":[{"@type":"ListItem","@id":"https:\/\/www.eldigitaldeasturias.com\/noticias#listItem","position":1,"name":"Home","item":"https:\/\/www.eldigitaldeasturias.com\/noticias","nextItem":{"@type":"ListItem","@id":"https:\/\/www.eldigitaldeasturias.com\/noticias\/category\/agenda\/#listItem","name":"Agenda"}},{"@type":"ListItem","@id":"https:\/\/www.eldigitaldeasturias.com\/noticias\/category\/agenda\/#listItem","position":2,"name":"Agenda","item":"https:\/\/www.eldigitaldeasturias.com\/noticias\/category\/agenda\/","nextItem":{"@type":"ListItem","@id":"https:\/\/www.eldigitaldeasturias.com\/noticias\/exposicion-el-espacio-habitado-en-el-museo-anton-de-candas\/#listItem","name":"Exposici\u00f3n \u00abEl espacio habitado\u00bb en el Museo Ant\u00f3n de Cand\u00e1s"},"previousItem":{"@type":"ListItem","@id":"https:\/\/www.eldigitaldeasturias.com\/noticias#listItem","name":"Home"}},{"@type":"ListItem","@id":"https:\/\/www.eldigitaldeasturias.com\/noticias\/exposicion-el-espacio-habitado-en-el-museo-anton-de-candas\/#listItem","position":3,"name":"Exposici\u00f3n \u00abEl espacio habitado\u00bb en el Museo Ant\u00f3n de Cand\u00e1s","previousItem":{"@type":"ListItem","@id":"https:\/\/www.eldigitaldeasturias.com\/noticias\/category\/agenda\/#listItem","name":"Agenda"}}]},{"@type":"Organization","@id":"https:\/\/www.eldigitaldeasturias.com\/noticias\/#organization","name":"El Digital de Asturias","description":"Hemeroteca","url":"https:\/\/www.eldigitaldeasturias.com\/noticias\/","email":"info@eldigitaldeasturias.com","telephone":"+34652131393","logo":{"@type":"ImageObject","url":"https:\/\/www.eldigitaldeasturias.com\/noticias\/wp-content\/uploads\/2020\/12\/EDA.jpg","@id":"https:\/\/www.eldigitaldeasturias.com\/noticias\/exposicion-el-espacio-habitado-en-el-museo-anton-de-candas\/#organizationLogo","width":649,"height":297},"image":{"@id":"https:\/\/www.eldigitaldeasturias.com\/noticias\/exposicion-el-espacio-habitado-en-el-museo-anton-de-candas\/#organizationLogo"},"sameAs":["https:\/\/facebook.com\/eldigitaldeasturias","https:\/\/www.youtube.com\/channel\/UCZP-2wLEB9Rv6erhFmqVnvg"],"address":{"@id":"https:\/\/www.eldigitaldeasturias.com\/noticias\/#postaladdress","@type":"PostalAddress","streetAddress":"san antonio 4,","postalCode":"33430","addressLocality":"Cand\u00e1s","addressRegion":"Asturias","addressCountry":"ES"}},{"@type":"Person","@id":"https:\/\/www.eldigitaldeasturias.com\/noticias\/author\/admin\/#author","url":"https:\/\/www.eldigitaldeasturias.com\/noticias\/author\/admin\/","name":"El Digital de Asturias","image":{"@type":"ImageObject","@id":"https:\/\/www.eldigitaldeasturias.com\/noticias\/exposicion-el-espacio-habitado-en-el-museo-anton-de-candas\/#authorImage","url":"https:\/\/www.eldigitaldeasturias.com\/noticias\/wp-content\/litespeed\/avatar\/18677e78aa0546b92d9dbf31ec7d7668.jpg?ver=1777290358","width":96,"height":96,"caption":"El Digital de Asturias"}},{"@type":"WebPage","@id":"https:\/\/www.eldigitaldeasturias.com\/noticias\/exposicion-el-espacio-habitado-en-el-museo-anton-de-candas\/#webpage","url":"https:\/\/www.eldigitaldeasturias.com\/noticias\/exposicion-el-espacio-habitado-en-el-museo-anton-de-candas\/","name":"Exposici\u00f3n \u00abEl espacio habitado\u00bb en el Museo Ant\u00f3n de Cand\u00e1s - El Digital de Asturias","description":"El Museo Ant\u00f3n de Cand\u00e1s ofrece a sus visitantes la exposici\u00f3n \u201cEl espacio habitado\u201d, de Arantza Goyeneche. hasta el 6 de Noviembre.","inLanguage":"es-ES","isPartOf":{"@id":"https:\/\/www.eldigitaldeasturias.com\/noticias\/#website"},"breadcrumb":{"@id":"https:\/\/www.eldigitaldeasturias.com\/noticias\/exposicion-el-espacio-habitado-en-el-museo-anton-de-candas\/#breadcrumblist"},"author":{"@id":"https:\/\/www.eldigitaldeasturias.com\/noticias\/author\/admin\/#author"},"creator":{"@id":"https:\/\/www.eldigitaldeasturias.com\/noticias\/author\/admin\/#author"},"image":{"@type":"ImageObject","url":"https:\/\/www.eldigitaldeasturias.com\/noticias\/wp-content\/uploads\/2022\/09\/El-espacio-habitado.jpg","@id":"https:\/\/www.eldigitaldeasturias.com\/noticias\/exposicion-el-espacio-habitado-en-el-museo-anton-de-candas\/#mainImage","width":889,"height":661,"caption":"Foto: N.Bermudez \/ Cand\u00e1s 365"},"primaryImageOfPage":{"@id":"https:\/\/www.eldigitaldeasturias.com\/noticias\/exposicion-el-espacio-habitado-en-el-museo-anton-de-candas\/#mainImage"},"datePublished":"2022-09-12T18:47:38+02:00","dateModified":"2022-09-12T18:47:38+02:00"},{"@type":"WebSite","@id":"https:\/\/www.eldigitaldeasturias.com\/noticias\/#website","url":"https:\/\/www.eldigitaldeasturias.com\/noticias\/","name":"El Digital de Asturias - Diario de actualidad y noticias","alternateName":"El Digital de Asturias - Diario de actualidad y noticias","description":"Hemeroteca","inLanguage":"es-ES","publisher":{"@id":"https:\/\/www.eldigitaldeasturias.com\/noticias\/#organization"}}]},"og:locale":"es_ES","og:site_name":"El Digital de Asturias","og:type":"article","og:title":"Exposici\u00f3n \u00abEl espacio habitado\u00bb en el Museo Ant\u00f3n de Cand\u00e1s - El Digital de Asturias","og:description":"El Museo Ant\u00f3n de Cand\u00e1s ofrece a sus visitantes la exposici\u00f3n \u201cEl espacio habitado\u201d, de Arantza Goyeneche. hasta el 6 de Noviembre.","og:url":"https:\/\/www.eldigitaldeasturias.com\/noticias\/exposicion-el-espacio-habitado-en-el-museo-anton-de-candas\/","og:image":"https:\/\/www.eldigitaldeasturias.com\/noticias\/wp-content\/uploads\/2022\/09\/El-espacio-habitado.jpg","og:image:secure_url":"https:\/\/www.eldigitaldeasturias.com\/noticias\/wp-content\/uploads\/2022\/09\/El-espacio-habitado.jpg","og:image:width":889,"og:image:height":661,"article:tag":["agenda"],"article:published_time":"2022-09-12T16:47:38+00:00","article:modified_time":"2022-09-12T16:47:38+00:00","article:publisher":"https:\/\/facebook.com\/eldigitaldeasturias","twitter:card":"summary_large_image","twitter:title":"Exposici\u00f3n \u00abEl espacio habitado\u00bb en el Museo Ant\u00f3n de Cand\u00e1s - El Digital de Asturias","twitter:description":"El Museo Ant\u00f3n de Cand\u00e1s ofrece a sus visitantes la exposici\u00f3n \u201cEl espacio habitado\u201d, de Arantza Goyeneche. hasta el 6 de Noviembre.","twitter:image":"https:\/\/www.eldigitaldeasturias.com\/noticias\/wp-content\/uploads\/2022\/09\/El-espacio-habitado.jpg","twitter:label1":"Escrito por","twitter:data1":"El Digital de Asturias","twitter:label2":"Tiempo de lectura estimado","twitter:data2":"1 minuto"},"aioseo_meta_data":{"post_id":"1116422","title":null,"description":"El Museo Ant\u00f3n de Cand\u00e1s ofrece a sus visitantes la exposici\u00f3n \u201cEl espacio habitado\u201d, de Arantza Goyeneche. hasta el 6 de Noviembre.","keywords":[],"keyphrases":{"focus":{"keyphrase":"El espacio habitado","score":92,"analysis":{"keyphraseInTitle":{"title":"Focus keyphrase in SEO title","description":"Focus keyphrase found in SEO title.","score":9,"maxScore":9,"error":0},"keyphraseInDescription":{"title":"Focus keyphrase in meta description","description":"Focus keyphrase found in meta description.","score":9,"maxScore":9,"error":0},"keyphraseLength":{"title":"Focus keyphrase length","description":"Good job!","score":9,"maxScore":9,"error":0,"length":3},"keyphraseInURL":{"title":"Focus keyphrase in URL","description":"Focus keyphrase not found in the URL.","score":1,"maxScore":5,"error":1},"keyphraseInIntroduction":{"title":"Focus keyphrase in introduction","description":"Your Focus keyphrase appears in the first paragraph. Well done!","score":9,"maxScore":9,"error":0},"keyphraseInSubHeadings":[],"keyphraseInImageAlt":{"title":"Focus keyphrase in image alt attributes","description":"Focus keyphrase found in image alt attribute(s).","score":9,"maxScore":9,"error":0}}},"additional":[{"keyphrase":"El espacio habitado","score":100,"analysis":{"keyphraseInDescription":{"title":"Keyphrase in meta description","description":"Keyphrase found in meta description.","score":9,"maxScore":9,"error":0},"keyphraseLength":{"title":"Keyphrase length","description":"Good job!","score":9,"maxScore":9,"error":0,"length":3},"keyphraseInIntroduction":{"title":"Keyphrase in introduction","description":"Your Keyphrase appears in the first paragraph. Well done!","score":9,"maxScore":9,"error":0},"keyphraseInImageAlt":{"title":"Keyphrase in image alt attributes","description":"Keyphrase found in image alt attribute(s).","score":9,"maxScore":9,"error":0}}},{"keyphrase":"Cand\u00e1s","score":83,"analysis":{"keyphraseInDescription":{"title":"Keyphrase in meta description","description":"Keyphrase found in meta description.","score":9,"maxScore":9,"error":0},"keyphraseLength":{"title":"Keyphrase length","description":"Good job!","score":9,"maxScore":9,"error":0,"length":1},"keyphraseInIntroduction":{"title":"Keyphrase in introduction","description":"Your Keyphrase appears in the first paragraph. Well done!","score":9,"maxScore":9,"error":0},"keyphraseInImageAlt":{"title":"Keyphrase in image alt attributes","description":"Keyphrase not found in image alt attribute(s). Add an image with your Keyphrase as alt text.","score":3,"maxScore":9,"error":1}}}]},"primary_term":null,"canonical_url":null,"og_title":null,"og_description":null,"og_object_type":"default","og_image_type":"default","og_image_url":null,"og_image_width":null,"og_image_height":null,"og_image_custom_url":null,"og_image_custom_fields":null,"og_video":"","og_custom_url":null,"og_article_section":null,"og_article_tags":[],"twitter_use_og":false,"twitter_card":"default","twitter_image_type":"default","twitter_image_url":null,"twitter_image_custom_url":null,"twitter_image_custom_fields":null,"twitter_title":null,"twitter_description":null,"schema":{"blockGraphs":[],"customGraphs":[],"default":{"data":{"Article":[],"Course":[],"Dataset":[],"FAQPage":[],"Movie":[],"Person":[],"Product":[],"ProductReview":[],"Car":[],"Recipe":[],"Service":[],"SoftwareApplication":[],"WebPage":[]},"graphName":"","isEnabled":true},"graphs":[]},"schema_type":"default","schema_type_options":null,"pillar_content":false,"robots_default":true,"robots_noindex":false,"robots_noarchive":false,"robots_nosnippet":false,"robots_nofollow":false,"robots_noimageindex":false,"robots_noodp":false,"robots_notranslate":false,"robots_max_snippet":"-1","robots_max_videopreview":"-1","robots_max_imagepreview":"large","priority":null,"frequency":"default","local_seo":null,"seo_analyzer_scan_date":"2025-10-03 18:12:36","breadcrumb_settings":null,"limit_modified_date":false,"open_ai":null,"ai":null,"created":"2022-09-12 16:35:57","updated":"2025-10-03 18:12:36"},"aioseo_breadcrumb":"<div class=\"aioseo-breadcrumbs\"><span class=\"aioseo-breadcrumb\">\n\t<a href=\"https:\/\/www.eldigitaldeasturias.com\/noticias\" title=\"Home\">Home<\/a>\n<\/span><span class=\"aioseo-breadcrumb-separator\">\u2013<\/span><span class=\"aioseo-breadcrumb\">\n\t<a href=\"https:\/\/www.eldigitaldeasturias.com\/noticias\/category\/agenda\/\" title=\"Agenda\">Agenda<\/a>\n<\/span><span class=\"aioseo-breadcrumb-separator\">\u2013<\/span><span class=\"aioseo-breadcrumb\">\n\t<a href=\"https:\/\/www.eldigitaldeasturias.com\/noticias\/exposicion-el-espacio-habitado-en-el-museo-anton-de-candas\/\" title=\"Exposici\u00f3n \u00abEl espacio habitado\u00bb en el Museo Ant\u00f3n de Cand\u00e1s\">Exposici\u00f3n \u00abEl espacio habitado\u00bb en el Museo Ant\u00f3n de Cand\u00e1s<\/a>\n<\/span><\/div>","aioseo_breadcrumb_json":[{"label":"Home","link":"https:\/\/www.eldigitaldeasturias.com\/noticias"},{"label":"Agenda","link":"https:\/\/www.eldigitaldeasturias.com\/noticias\/category\/agenda\/"},{"label":"Exposici\u00f3n \u00abEl espacio habitado\u00bb en el Museo Ant\u00f3n de Cand\u00e1s","link":"https:\/\/www.eldigitaldeasturias.com\/noticias\/exposicion-el-espacio-habitado-en-el-museo-anton-de-candas\/"}],"_links":{"self":[{"href":"https:\/\/www.eldigitaldeasturias.com\/noticias\/wp-json\/wp\/v2\/posts\/1116422","targetHints":{"allow":["GET"]}}],"collection":[{"href":"https:\/\/www.eldigitaldeasturias.com\/noticias\/wp-json\/wp\/v2\/posts"}],"about":[{"href":"https:\/\/www.eldigitaldeasturias.com\/noticias\/wp-json\/wp\/v2\/types\/post"}],"author":[{"embeddable":true,"href":"https:\/\/www.eldigitaldeasturias.com\/noticias\/wp-json\/wp\/v2\/users\/1"}],"replies":[{"embeddable":true,"href":"https:\/\/www.eldigitaldeasturias.com\/noticias\/wp-json\/wp\/v2\/comments?post=1116422"}],"version-history":[{"count":0,"href":"https:\/\/www.eldigitaldeasturias.com\/noticias\/wp-json\/wp\/v2\/posts\/1116422\/revisions"}],"wp:featuredmedia":[{"embeddable":true,"href":"https:\/\/www.eldigitaldeasturias.com\/noticias\/wp-json\/wp\/v2\/media\/1116423"}],"wp:attachment":[{"href":"https:\/\/www.eldigitaldeasturias.com\/noticias\/wp-json\/wp\/v2\/media?parent=1116422"}],"wp:term":[{"taxonomy":"category","embeddable":true,"href":"https:\/\/www.eldigitaldeasturias.com\/noticias\/wp-json\/wp\/v2\/categories?post=1116422"},{"taxonomy":"post_tag","embeddable":true,"href":"https:\/\/www.eldigitaldeasturias.com\/noticias\/wp-json\/wp\/v2\/tags?post=1116422"}],"curies":[{"name":"wp","href":"https:\/\/api.w.org\/{rel}","templated":true}]}}