{"id":1116248,"date":"2022-09-07T23:41:23","date_gmt":"2022-09-07T21:41:23","guid":{"rendered":"https:\/\/www.eldigitaldeasturias.com\/noticias\/?p=1116248"},"modified":"2022-09-07T23:41:23","modified_gmt":"2022-09-07T21:41:23","slug":"el-bid-acuerda-con-argentina-impulsar-su-programa-de-prestamos-para-atender-necesidades-de-liquidez","status":"publish","type":"post","link":"https:\/\/www.eldigitaldeasturias.com\/noticias\/el-bid-acuerda-con-argentina-impulsar-su-programa-de-prestamos-para-atender-necesidades-de-liquidez\/","title":{"rendered":"El BID acuerda con Argentina impulsar su programa de pr\u00e9stamos para atender necesidades de liquidez"},"content":{"rendered":"<p>(EP) &#8211; El presidente del Banco Interamericano de Desarrollo (BID), Mauricio Claver-Carone, y el ministro de Econom\u00eda de Argentina, Sergio Massa, han acordado optimizar el programa de pr\u00e9stamos del organismo multilateral a favor del pa\u00eds para 2022, con el objetivo de maximizar el apoyo a sus necesidades de liquidez.<\/p>\n<figure id=\"attachment_1116249\" aria-describedby=\"caption-attachment-1116249\" style=\"width: 650px\" class=\"wp-caption aligncenter\"><img loading=\"lazy\" decoding=\"async\" class=\"wp-image-1116249 size-large\" src=\"https:\/\/www.eldigitaldeasturias.com\/noticias\/wp-content\/uploads\/2022\/09\/BID-650x439.jpg\" alt=\"BID\" width=\"650\" height=\"439\" srcset=\"https:\/\/www.eldigitaldeasturias.com\/noticias\/wp-content\/uploads\/2022\/09\/BID-650x439.jpg 650w, https:\/\/www.eldigitaldeasturias.com\/noticias\/wp-content\/uploads\/2022\/09\/BID-360x243.jpg 360w, https:\/\/www.eldigitaldeasturias.com\/noticias\/wp-content\/uploads\/2022\/09\/BID-444x300.jpg 444w, https:\/\/www.eldigitaldeasturias.com\/noticias\/wp-content\/uploads\/2022\/09\/BID-768x519.jpg 768w, https:\/\/www.eldigitaldeasturias.com\/noticias\/wp-content\/uploads\/2022\/09\/BID-150x101.jpg 150w, https:\/\/www.eldigitaldeasturias.com\/noticias\/wp-content\/uploads\/2022\/09\/BID-450x304.jpg 450w, https:\/\/www.eldigitaldeasturias.com\/noticias\/wp-content\/uploads\/2022\/09\/BID.jpg 981w\" sizes=\"auto, (max-width: 650px) 100vw, 650px\" \/><figcaption id=\"caption-attachment-1116249\" class=\"wp-caption-text\">Foto: Isabel Infantes &#8211; Europa Press<\/figcaption><\/figure>\n<p>Tras varias reuniones, el BID ha acordado presentar este mes un paquete de Financiamiento Especial para el Desarrollo (SDL por sus siglas en ingl\u00e9s) al Directorio Ejecutivo por un total de 700 millones de d\u00f3lares (704 millones de euros) para financiar un \u00abPrograma de Apoyo a la Mejora de la Gesti\u00f3n Fiscal y la Recuperaci\u00f3n Econ\u00f3mica\u00bb. Esto refleja un aumento de 200 millones de d\u00f3lares (201 millones de euros), que ha sido posible al priorizar la cartera de pr\u00e9stamos de Argentina. El desembolso se prev\u00e9 para este mes de septiembre.<\/p>\n<p>Adem\u00e1s, el BID presentar\u00e1 un pr\u00e9stamo PBL (Policy-Based Lending) de 500 millones de d\u00f3lares (503 millones de euros). Este &#8216;Programa de Apoyo a Pol\u00edticas P\u00fablicas para el Crecimiento Sostenible y Resiliente en Argentina&#8217; supone un aumento de 200 millones de d\u00f3lares (201 millones de euros) en apoyo presupuestario como resultado de una priorizaci\u00f3n de la programaci\u00f3n de Argentina.<\/p>\n<p>En conjunto, estos pr\u00e9stamos permitir\u00edan aumentar el apoyo del BID a Argentina de 800 millones de d\u00f3lares (804 millones de euros) a 1.200 millones (1.206 millones de euros) en el \u00faltimo trimestre de 2022. El apoyo presupuestario del Banco a Argentina se enmarca en el cumplimiento de un acuerdo existente con el Fondo Monetario Internacional (SDL) y la propia evaluaci\u00f3n del BID de las condiciones macroecon\u00f3micas del pa\u00eds (PBL).<\/p>\n<p>Durante el encuentro, el Presidente Claver-Carone y el Ministro Massa tambi\u00e9n han discutido los pasos finales antes de la firma de otros ocho pr\u00e9stamos ya aprobados por el Directorio del Banco, por un total de 1.208 millones de d\u00f3lares (1.214 millones de euros).<\/p>\n<p>Entre estos pr\u00e9stamos se encuentran el &#8216;Programa de Fortalecimiento e Integraci\u00f3n de Redes de Salud de la Provincia de Buenos Aires &#8211; PROFIR II&#8217;, por 300 millones (302 millones de euros); el &#8216;Programa de Mejoramiento de Barrios V&#8217;, por 150 millones (151 millones de euros); y el &#8216;Programa de Mejoramiento de los Servicios de Agua de la Provincia de Buenos Aires&#8217;, por 75 millones (75,4 millones de euros).<\/p>\n<p>Adem\u00e1s, han conversado sobre una pr\u00f3xima firma entre Argentina y el BID sobre el &#8216;Programa de Desarrollo, Inversi\u00f3n y Facilitaci\u00f3n del Turismo de Naturaleza Argentino: La Ruta de la Naturaleza&#8217;.<\/p>\n<p>El potencial de financiaci\u00f3n del BID para el resto de 2022 podr\u00eda alcanzar programas adicionales por un total de 725 millones (729 millones de euros). Si se aprueba, esto aumentar\u00eda los pr\u00e9stamos totales del BID a Argentina este a\u00f1o a 2.370 millones (2.382 millones de euros).<\/p>\n<p>El ministro Massa ha se\u00f1alado que los equipos t\u00e9cnicos se encuentran en etapas avanzadas de discusi\u00f3n para definir el programa de operaciones de cr\u00e9dito del pa\u00eds para 2023, que se espera sume al menos 1.800 millones (1.809 millones de euros).<\/p>\n","protected":false},"excerpt":{"rendered":"<p>(EP) &#8211; El presidente del Banco Interamericano de Desarrollo (BID), Mauricio Claver-Carone, y el ministro de Econom\u00eda de Argentina, Sergio Massa, han acordado optimizar el programa de pr\u00e9stamos del organismo multilateral a favor del pa\u00eds para 2022, con el objetivo de maximizar el apoyo a sus necesidades de liquidez. Tras varias reuniones, el BID ha [&hellip;]<\/p>\n","protected":false},"author":1,"featured_media":1116249,"comment_status":"closed","ping_status":"closed","sticky":false,"template":"","format":"standard","meta":{"footnotes":""},"categories":[187],"tags":[],"class_list":["post-1116248","post","type-post","status-publish","format-standard","has-post-thumbnail","hentry","category-economia"],"aioseo_notices":[],"aioseo_head":"\n\t\t<!-- All in One SEO Pro 4.9.6.2 - aioseo.com -->\n\t<meta name=\"description\" content=\"(EP) - El presidente del Banco Interamericano de Desarrollo (BID), Mauricio Claver-Carone, y el ministro de Econom\u00eda de Argentina, Sergio Massa, han acordado\" \/>\n\t<meta name=\"robots\" content=\"max-image-preview:large\" \/>\n\t<meta name=\"author\" content=\"El Digital de Asturias\"\/>\n\t<meta name=\"google-site-verification\" content=\"UA-38556648-1\" \/>\n\t<meta name=\"msvalidate.01\" content=\"7dfe9f3f1b24437ab69f4f2559babe99\" \/>\n\t<meta name=\"keywords\" content=\"econom\u00eda\" \/>\n\t<link rel=\"canonical\" href=\"https:\/\/www.eldigitaldeasturias.com\/noticias\/el-bid-acuerda-con-argentina-impulsar-su-programa-de-prestamos-para-atender-necesidades-de-liquidez\/\" \/>\n\t<meta name=\"generator\" content=\"All in One SEO Pro (AIOSEO) 4.9.6.2\" \/>\n\t\t<meta property=\"og:locale\" content=\"es_ES\" \/>\n\t\t<meta property=\"og:site_name\" content=\"El Digital de Asturias\" \/>\n\t\t<meta property=\"og:type\" content=\"article\" \/>\n\t\t<meta property=\"og:title\" content=\"El BID acuerda con Argentina impulsar su programa de pr\u00e9stamos para atender necesidades de liquidez - El Digital de Asturias\" \/>\n\t\t<meta property=\"og:description\" content=\"(EP) - El presidente del Banco Interamericano de Desarrollo (BID), Mauricio Claver-Carone, y el ministro de Econom\u00eda de Argentina, Sergio Massa, han acordado\" \/>\n\t\t<meta property=\"og:url\" content=\"https:\/\/www.eldigitaldeasturias.com\/noticias\/el-bid-acuerda-con-argentina-impulsar-su-programa-de-prestamos-para-atender-necesidades-de-liquidez\/\" \/>\n\t\t<meta property=\"og:image\" content=\"https:\/\/www.eldigitaldeasturias.com\/noticias\/wp-content\/uploads\/2022\/09\/BID.jpg\" \/>\n\t\t<meta property=\"og:image:secure_url\" content=\"https:\/\/www.eldigitaldeasturias.com\/noticias\/wp-content\/uploads\/2022\/09\/BID.jpg\" \/>\n\t\t<meta property=\"og:image:width\" content=\"981\" \/>\n\t\t<meta property=\"og:image:height\" content=\"663\" \/>\n\t\t<meta property=\"article:tag\" content=\"econom\u00eda\" \/>\n\t\t<meta property=\"article:published_time\" content=\"2022-09-07T21:41:23+00:00\" \/>\n\t\t<meta property=\"article:modified_time\" content=\"2022-09-07T21:41:23+00:00\" \/>\n\t\t<meta property=\"article:publisher\" content=\"https:\/\/facebook.com\/eldigitaldeasturias\" \/>\n\t\t<meta name=\"twitter:card\" content=\"summary_large_image\" \/>\n\t\t<meta name=\"twitter:title\" content=\"El BID acuerda con Argentina impulsar su programa de pr\u00e9stamos para atender necesidades de liquidez - El Digital de Asturias\" \/>\n\t\t<meta name=\"twitter:description\" content=\"(EP) - El presidente del Banco Interamericano de Desarrollo (BID), Mauricio Claver-Carone, y el ministro de Econom\u00eda de Argentina, Sergio Massa, han acordado\" \/>\n\t\t<meta name=\"twitter:image\" content=\"https:\/\/www.eldigitaldeasturias.com\/noticias\/wp-content\/uploads\/2022\/09\/BID.jpg\" \/>\n\t\t<meta name=\"twitter:label1\" content=\"Escrito por\" \/>\n\t\t<meta name=\"twitter:data1\" content=\"El Digital de Asturias\" \/>\n\t\t<meta name=\"twitter:label2\" content=\"Tiempo de lectura estimado\" \/>\n\t\t<meta name=\"twitter:data2\" content=\"3 minutos\" \/>\n\t\t<script type=\"application\/ld+json\" class=\"aioseo-schema\">\n\t\t\t{\"@context\":\"https:\\\/\\\/schema.org\",\"@graph\":[{\"@type\":\"BlogPosting\",\"@id\":\"https:\\\/\\\/www.eldigitaldeasturias.com\\\/noticias\\\/el-bid-acuerda-con-argentina-impulsar-su-programa-de-prestamos-para-atender-necesidades-de-liquidez\\\/#blogposting\",\"name\":\"El BID acuerda con Argentina impulsar su programa de pr\\u00e9stamos para atender necesidades de liquidez - El Digital de Asturias\",\"headline\":\"El BID acuerda con Argentina impulsar su programa de pr\\u00e9stamos para atender necesidades de liquidez\",\"author\":{\"@id\":\"https:\\\/\\\/www.eldigitaldeasturias.com\\\/noticias\\\/author\\\/admin\\\/#author\"},\"publisher\":{\"@id\":\"https:\\\/\\\/www.eldigitaldeasturias.com\\\/noticias\\\/#organization\"},\"image\":{\"@type\":\"ImageObject\",\"url\":\"https:\\\/\\\/www.eldigitaldeasturias.com\\\/noticias\\\/wp-content\\\/uploads\\\/2022\\\/09\\\/BID.jpg\",\"width\":981,\"height\":663,\"caption\":\"Foto: Isabel Infantes - Europa Press\"},\"datePublished\":\"2022-09-07T23:41:23+02:00\",\"dateModified\":\"2022-09-07T23:41:23+02:00\",\"inLanguage\":\"es-ES\",\"mainEntityOfPage\":{\"@id\":\"https:\\\/\\\/www.eldigitaldeasturias.com\\\/noticias\\\/el-bid-acuerda-con-argentina-impulsar-su-programa-de-prestamos-para-atender-necesidades-de-liquidez\\\/#webpage\"},\"isPartOf\":{\"@id\":\"https:\\\/\\\/www.eldigitaldeasturias.com\\\/noticias\\\/el-bid-acuerda-con-argentina-impulsar-su-programa-de-prestamos-para-atender-necesidades-de-liquidez\\\/#webpage\"},\"articleSection\":\"Econom\\u00eda\"},{\"@type\":\"BreadcrumbList\",\"@id\":\"https:\\\/\\\/www.eldigitaldeasturias.com\\\/noticias\\\/el-bid-acuerda-con-argentina-impulsar-su-programa-de-prestamos-para-atender-necesidades-de-liquidez\\\/#breadcrumblist\",\"itemListElement\":[{\"@type\":\"ListItem\",\"@id\":\"https:\\\/\\\/www.eldigitaldeasturias.com\\\/noticias#listItem\",\"position\":1,\"name\":\"Home\",\"item\":\"https:\\\/\\\/www.eldigitaldeasturias.com\\\/noticias\",\"nextItem\":{\"@type\":\"ListItem\",\"@id\":\"https:\\\/\\\/www.eldigitaldeasturias.com\\\/noticias\\\/category\\\/economia\\\/#listItem\",\"name\":\"Econom\\u00eda\"}},{\"@type\":\"ListItem\",\"@id\":\"https:\\\/\\\/www.eldigitaldeasturias.com\\\/noticias\\\/category\\\/economia\\\/#listItem\",\"position\":2,\"name\":\"Econom\\u00eda\",\"item\":\"https:\\\/\\\/www.eldigitaldeasturias.com\\\/noticias\\\/category\\\/economia\\\/\",\"nextItem\":{\"@type\":\"ListItem\",\"@id\":\"https:\\\/\\\/www.eldigitaldeasturias.com\\\/noticias\\\/el-bid-acuerda-con-argentina-impulsar-su-programa-de-prestamos-para-atender-necesidades-de-liquidez\\\/#listItem\",\"name\":\"El BID acuerda con Argentina impulsar su programa de pr\\u00e9stamos para atender necesidades de liquidez\"},\"previousItem\":{\"@type\":\"ListItem\",\"@id\":\"https:\\\/\\\/www.eldigitaldeasturias.com\\\/noticias#listItem\",\"name\":\"Home\"}},{\"@type\":\"ListItem\",\"@id\":\"https:\\\/\\\/www.eldigitaldeasturias.com\\\/noticias\\\/el-bid-acuerda-con-argentina-impulsar-su-programa-de-prestamos-para-atender-necesidades-de-liquidez\\\/#listItem\",\"position\":3,\"name\":\"El BID acuerda con Argentina impulsar su programa de pr\\u00e9stamos para atender necesidades de liquidez\",\"previousItem\":{\"@type\":\"ListItem\",\"@id\":\"https:\\\/\\\/www.eldigitaldeasturias.com\\\/noticias\\\/category\\\/economia\\\/#listItem\",\"name\":\"Econom\\u00eda\"}}]},{\"@type\":\"Organization\",\"@id\":\"https:\\\/\\\/www.eldigitaldeasturias.com\\\/noticias\\\/#organization\",\"name\":\"El Digital de Asturias\",\"description\":\"Hemeroteca\",\"url\":\"https:\\\/\\\/www.eldigitaldeasturias.com\\\/noticias\\\/\",\"email\":\"info@eldigitaldeasturias.com\",\"telephone\":\"+34652131393\",\"logo\":{\"@type\":\"ImageObject\",\"url\":\"https:\\\/\\\/www.eldigitaldeasturias.com\\\/noticias\\\/wp-content\\\/uploads\\\/2020\\\/12\\\/EDA.jpg\",\"@id\":\"https:\\\/\\\/www.eldigitaldeasturias.com\\\/noticias\\\/el-bid-acuerda-con-argentina-impulsar-su-programa-de-prestamos-para-atender-necesidades-de-liquidez\\\/#organizationLogo\",\"width\":649,\"height\":297},\"image\":{\"@id\":\"https:\\\/\\\/www.eldigitaldeasturias.com\\\/noticias\\\/el-bid-acuerda-con-argentina-impulsar-su-programa-de-prestamos-para-atender-necesidades-de-liquidez\\\/#organizationLogo\"},\"sameAs\":[\"https:\\\/\\\/facebook.com\\\/eldigitaldeasturias\",\"https:\\\/\\\/www.youtube.com\\\/channel\\\/UCZP-2wLEB9Rv6erhFmqVnvg\"],\"address\":{\"@id\":\"https:\\\/\\\/www.eldigitaldeasturias.com\\\/noticias\\\/#postaladdress\",\"@type\":\"PostalAddress\",\"streetAddress\":\"san antonio 4,\",\"postalCode\":\"33430\",\"addressLocality\":\"Cand\\u00e1s\",\"addressRegion\":\"Asturias\",\"addressCountry\":\"ES\"}},{\"@type\":\"Person\",\"@id\":\"https:\\\/\\\/www.eldigitaldeasturias.com\\\/noticias\\\/author\\\/admin\\\/#author\",\"url\":\"https:\\\/\\\/www.eldigitaldeasturias.com\\\/noticias\\\/author\\\/admin\\\/\",\"name\":\"El Digital de Asturias\",\"image\":{\"@type\":\"ImageObject\",\"@id\":\"https:\\\/\\\/www.eldigitaldeasturias.com\\\/noticias\\\/el-bid-acuerda-con-argentina-impulsar-su-programa-de-prestamos-para-atender-necesidades-de-liquidez\\\/#authorImage\",\"url\":\"https:\\\/\\\/www.eldigitaldeasturias.com\\\/noticias\\\/wp-content\\\/litespeed\\\/avatar\\\/18677e78aa0546b92d9dbf31ec7d7668.jpg?ver=1777290358\",\"width\":96,\"height\":96,\"caption\":\"El Digital de Asturias\"}},{\"@type\":\"WebPage\",\"@id\":\"https:\\\/\\\/www.eldigitaldeasturias.com\\\/noticias\\\/el-bid-acuerda-con-argentina-impulsar-su-programa-de-prestamos-para-atender-necesidades-de-liquidez\\\/#webpage\",\"url\":\"https:\\\/\\\/www.eldigitaldeasturias.com\\\/noticias\\\/el-bid-acuerda-con-argentina-impulsar-su-programa-de-prestamos-para-atender-necesidades-de-liquidez\\\/\",\"name\":\"El BID acuerda con Argentina impulsar su programa de pr\\u00e9stamos para atender necesidades de liquidez - El Digital de Asturias\",\"description\":\"(EP) - El presidente del Banco Interamericano de Desarrollo (BID), Mauricio Claver-Carone, y el ministro de Econom\\u00eda de Argentina, Sergio Massa, han acordado\",\"inLanguage\":\"es-ES\",\"isPartOf\":{\"@id\":\"https:\\\/\\\/www.eldigitaldeasturias.com\\\/noticias\\\/#website\"},\"breadcrumb\":{\"@id\":\"https:\\\/\\\/www.eldigitaldeasturias.com\\\/noticias\\\/el-bid-acuerda-con-argentina-impulsar-su-programa-de-prestamos-para-atender-necesidades-de-liquidez\\\/#breadcrumblist\"},\"author\":{\"@id\":\"https:\\\/\\\/www.eldigitaldeasturias.com\\\/noticias\\\/author\\\/admin\\\/#author\"},\"creator\":{\"@id\":\"https:\\\/\\\/www.eldigitaldeasturias.com\\\/noticias\\\/author\\\/admin\\\/#author\"},\"image\":{\"@type\":\"ImageObject\",\"url\":\"https:\\\/\\\/www.eldigitaldeasturias.com\\\/noticias\\\/wp-content\\\/uploads\\\/2022\\\/09\\\/BID.jpg\",\"@id\":\"https:\\\/\\\/www.eldigitaldeasturias.com\\\/noticias\\\/el-bid-acuerda-con-argentina-impulsar-su-programa-de-prestamos-para-atender-necesidades-de-liquidez\\\/#mainImage\",\"width\":981,\"height\":663,\"caption\":\"Foto: Isabel Infantes - Europa Press\"},\"primaryImageOfPage\":{\"@id\":\"https:\\\/\\\/www.eldigitaldeasturias.com\\\/noticias\\\/el-bid-acuerda-con-argentina-impulsar-su-programa-de-prestamos-para-atender-necesidades-de-liquidez\\\/#mainImage\"},\"datePublished\":\"2022-09-07T23:41:23+02:00\",\"dateModified\":\"2022-09-07T23:41:23+02:00\"},{\"@type\":\"WebSite\",\"@id\":\"https:\\\/\\\/www.eldigitaldeasturias.com\\\/noticias\\\/#website\",\"url\":\"https:\\\/\\\/www.eldigitaldeasturias.com\\\/noticias\\\/\",\"name\":\"El Digital de Asturias - Diario de actualidad y noticias\",\"alternateName\":\"El Digital de Asturias - Diario de actualidad y noticias\",\"description\":\"Hemeroteca\",\"inLanguage\":\"es-ES\",\"publisher\":{\"@id\":\"https:\\\/\\\/www.eldigitaldeasturias.com\\\/noticias\\\/#organization\"}}]}\n\t\t<\/script>\n\t\t<!-- All in One SEO Pro -->\r\n\t\t<title>El BID acuerda con Argentina impulsar su programa de pr\u00e9stamos para atender necesidades de liquidez - El Digital de Asturias<\/title>\n\n","aioseo_head_json":{"title":"El BID acuerda con Argentina impulsar su programa de pr\u00e9stamos para atender necesidades de liquidez - El Digital de Asturias","description":"(EP) - El presidente del Banco Interamericano de Desarrollo (BID), Mauricio Claver-Carone, y el ministro de Econom\u00eda de Argentina, Sergio Massa, han acordado","canonical_url":"https:\/\/www.eldigitaldeasturias.com\/noticias\/el-bid-acuerda-con-argentina-impulsar-su-programa-de-prestamos-para-atender-necesidades-de-liquidez\/","robots":"max-image-preview:large","keywords":"econom\u00eda","webmasterTools":{"google-site-verification":"UA-38556648-1","msvalidate.01":"7dfe9f3f1b24437ab69f4f2559babe99","miscellaneous":""},"schema":{"@context":"https:\/\/schema.org","@graph":[{"@type":"BlogPosting","@id":"https:\/\/www.eldigitaldeasturias.com\/noticias\/el-bid-acuerda-con-argentina-impulsar-su-programa-de-prestamos-para-atender-necesidades-de-liquidez\/#blogposting","name":"El BID acuerda con Argentina impulsar su programa de pr\u00e9stamos para atender necesidades de liquidez - El Digital de Asturias","headline":"El BID acuerda con Argentina impulsar su programa de pr\u00e9stamos para atender necesidades de liquidez","author":{"@id":"https:\/\/www.eldigitaldeasturias.com\/noticias\/author\/admin\/#author"},"publisher":{"@id":"https:\/\/www.eldigitaldeasturias.com\/noticias\/#organization"},"image":{"@type":"ImageObject","url":"https:\/\/www.eldigitaldeasturias.com\/noticias\/wp-content\/uploads\/2022\/09\/BID.jpg","width":981,"height":663,"caption":"Foto: Isabel Infantes - Europa Press"},"datePublished":"2022-09-07T23:41:23+02:00","dateModified":"2022-09-07T23:41:23+02:00","inLanguage":"es-ES","mainEntityOfPage":{"@id":"https:\/\/www.eldigitaldeasturias.com\/noticias\/el-bid-acuerda-con-argentina-impulsar-su-programa-de-prestamos-para-atender-necesidades-de-liquidez\/#webpage"},"isPartOf":{"@id":"https:\/\/www.eldigitaldeasturias.com\/noticias\/el-bid-acuerda-con-argentina-impulsar-su-programa-de-prestamos-para-atender-necesidades-de-liquidez\/#webpage"},"articleSection":"Econom\u00eda"},{"@type":"BreadcrumbList","@id":"https:\/\/www.eldigitaldeasturias.com\/noticias\/el-bid-acuerda-con-argentina-impulsar-su-programa-de-prestamos-para-atender-necesidades-de-liquidez\/#breadcrumblist","itemListElement":[{"@type":"ListItem","@id":"https:\/\/www.eldigitaldeasturias.com\/noticias#listItem","position":1,"name":"Home","item":"https:\/\/www.eldigitaldeasturias.com\/noticias","nextItem":{"@type":"ListItem","@id":"https:\/\/www.eldigitaldeasturias.com\/noticias\/category\/economia\/#listItem","name":"Econom\u00eda"}},{"@type":"ListItem","@id":"https:\/\/www.eldigitaldeasturias.com\/noticias\/category\/economia\/#listItem","position":2,"name":"Econom\u00eda","item":"https:\/\/www.eldigitaldeasturias.com\/noticias\/category\/economia\/","nextItem":{"@type":"ListItem","@id":"https:\/\/www.eldigitaldeasturias.com\/noticias\/el-bid-acuerda-con-argentina-impulsar-su-programa-de-prestamos-para-atender-necesidades-de-liquidez\/#listItem","name":"El BID acuerda con Argentina impulsar su programa de pr\u00e9stamos para atender necesidades de liquidez"},"previousItem":{"@type":"ListItem","@id":"https:\/\/www.eldigitaldeasturias.com\/noticias#listItem","name":"Home"}},{"@type":"ListItem","@id":"https:\/\/www.eldigitaldeasturias.com\/noticias\/el-bid-acuerda-con-argentina-impulsar-su-programa-de-prestamos-para-atender-necesidades-de-liquidez\/#listItem","position":3,"name":"El BID acuerda con Argentina impulsar su programa de pr\u00e9stamos para atender necesidades de liquidez","previousItem":{"@type":"ListItem","@id":"https:\/\/www.eldigitaldeasturias.com\/noticias\/category\/economia\/#listItem","name":"Econom\u00eda"}}]},{"@type":"Organization","@id":"https:\/\/www.eldigitaldeasturias.com\/noticias\/#organization","name":"El Digital de Asturias","description":"Hemeroteca","url":"https:\/\/www.eldigitaldeasturias.com\/noticias\/","email":"info@eldigitaldeasturias.com","telephone":"+34652131393","logo":{"@type":"ImageObject","url":"https:\/\/www.eldigitaldeasturias.com\/noticias\/wp-content\/uploads\/2020\/12\/EDA.jpg","@id":"https:\/\/www.eldigitaldeasturias.com\/noticias\/el-bid-acuerda-con-argentina-impulsar-su-programa-de-prestamos-para-atender-necesidades-de-liquidez\/#organizationLogo","width":649,"height":297},"image":{"@id":"https:\/\/www.eldigitaldeasturias.com\/noticias\/el-bid-acuerda-con-argentina-impulsar-su-programa-de-prestamos-para-atender-necesidades-de-liquidez\/#organizationLogo"},"sameAs":["https:\/\/facebook.com\/eldigitaldeasturias","https:\/\/www.youtube.com\/channel\/UCZP-2wLEB9Rv6erhFmqVnvg"],"address":{"@id":"https:\/\/www.eldigitaldeasturias.com\/noticias\/#postaladdress","@type":"PostalAddress","streetAddress":"san antonio 4,","postalCode":"33430","addressLocality":"Cand\u00e1s","addressRegion":"Asturias","addressCountry":"ES"}},{"@type":"Person","@id":"https:\/\/www.eldigitaldeasturias.com\/noticias\/author\/admin\/#author","url":"https:\/\/www.eldigitaldeasturias.com\/noticias\/author\/admin\/","name":"El Digital de Asturias","image":{"@type":"ImageObject","@id":"https:\/\/www.eldigitaldeasturias.com\/noticias\/el-bid-acuerda-con-argentina-impulsar-su-programa-de-prestamos-para-atender-necesidades-de-liquidez\/#authorImage","url":"https:\/\/www.eldigitaldeasturias.com\/noticias\/wp-content\/litespeed\/avatar\/18677e78aa0546b92d9dbf31ec7d7668.jpg?ver=1777290358","width":96,"height":96,"caption":"El Digital de Asturias"}},{"@type":"WebPage","@id":"https:\/\/www.eldigitaldeasturias.com\/noticias\/el-bid-acuerda-con-argentina-impulsar-su-programa-de-prestamos-para-atender-necesidades-de-liquidez\/#webpage","url":"https:\/\/www.eldigitaldeasturias.com\/noticias\/el-bid-acuerda-con-argentina-impulsar-su-programa-de-prestamos-para-atender-necesidades-de-liquidez\/","name":"El BID acuerda con Argentina impulsar su programa de pr\u00e9stamos para atender necesidades de liquidez - El Digital de Asturias","description":"(EP) - El presidente del Banco Interamericano de Desarrollo (BID), Mauricio Claver-Carone, y el ministro de Econom\u00eda de Argentina, Sergio Massa, han acordado","inLanguage":"es-ES","isPartOf":{"@id":"https:\/\/www.eldigitaldeasturias.com\/noticias\/#website"},"breadcrumb":{"@id":"https:\/\/www.eldigitaldeasturias.com\/noticias\/el-bid-acuerda-con-argentina-impulsar-su-programa-de-prestamos-para-atender-necesidades-de-liquidez\/#breadcrumblist"},"author":{"@id":"https:\/\/www.eldigitaldeasturias.com\/noticias\/author\/admin\/#author"},"creator":{"@id":"https:\/\/www.eldigitaldeasturias.com\/noticias\/author\/admin\/#author"},"image":{"@type":"ImageObject","url":"https:\/\/www.eldigitaldeasturias.com\/noticias\/wp-content\/uploads\/2022\/09\/BID.jpg","@id":"https:\/\/www.eldigitaldeasturias.com\/noticias\/el-bid-acuerda-con-argentina-impulsar-su-programa-de-prestamos-para-atender-necesidades-de-liquidez\/#mainImage","width":981,"height":663,"caption":"Foto: Isabel Infantes - Europa Press"},"primaryImageOfPage":{"@id":"https:\/\/www.eldigitaldeasturias.com\/noticias\/el-bid-acuerda-con-argentina-impulsar-su-programa-de-prestamos-para-atender-necesidades-de-liquidez\/#mainImage"},"datePublished":"2022-09-07T23:41:23+02:00","dateModified":"2022-09-07T23:41:23+02:00"},{"@type":"WebSite","@id":"https:\/\/www.eldigitaldeasturias.com\/noticias\/#website","url":"https:\/\/www.eldigitaldeasturias.com\/noticias\/","name":"El Digital de Asturias - Diario de actualidad y noticias","alternateName":"El Digital de Asturias - Diario de actualidad y noticias","description":"Hemeroteca","inLanguage":"es-ES","publisher":{"@id":"https:\/\/www.eldigitaldeasturias.com\/noticias\/#organization"}}]},"og:locale":"es_ES","og:site_name":"El Digital de Asturias","og:type":"article","og:title":"El BID acuerda con Argentina impulsar su programa de pr\u00e9stamos para atender necesidades de liquidez - El Digital de Asturias","og:description":"(EP) - El presidente del Banco Interamericano de Desarrollo (BID), Mauricio Claver-Carone, y el ministro de Econom\u00eda de Argentina, Sergio Massa, han acordado","og:url":"https:\/\/www.eldigitaldeasturias.com\/noticias\/el-bid-acuerda-con-argentina-impulsar-su-programa-de-prestamos-para-atender-necesidades-de-liquidez\/","og:image":"https:\/\/www.eldigitaldeasturias.com\/noticias\/wp-content\/uploads\/2022\/09\/BID.jpg","og:image:secure_url":"https:\/\/www.eldigitaldeasturias.com\/noticias\/wp-content\/uploads\/2022\/09\/BID.jpg","og:image:width":981,"og:image:height":663,"article:tag":["econom\u00eda"],"article:published_time":"2022-09-07T21:41:23+00:00","article:modified_time":"2022-09-07T21:41:23+00:00","article:publisher":"https:\/\/facebook.com\/eldigitaldeasturias","twitter:card":"summary_large_image","twitter:title":"El BID acuerda con Argentina impulsar su programa de pr\u00e9stamos para atender necesidades de liquidez - El Digital de Asturias","twitter:description":"(EP) - El presidente del Banco Interamericano de Desarrollo (BID), Mauricio Claver-Carone, y el ministro de Econom\u00eda de Argentina, Sergio Massa, han acordado","twitter:image":"https:\/\/www.eldigitaldeasturias.com\/noticias\/wp-content\/uploads\/2022\/09\/BID.jpg","twitter:label1":"Escrito por","twitter:data1":"El Digital de Asturias","twitter:label2":"Tiempo de lectura estimado","twitter:data2":"3 minutos"},"aioseo_meta_data":{"post_id":"1116248","title":null,"description":"(EP) - El presidente del Banco Interamericano de Desarrollo (BID), Mauricio Claver-Carone, y el ministro de Econom\u00eda de Argentina, Sergio Massa, han acordado","keywords":[],"keyphrases":{"focus":{"keyphrase":"BID","score":92,"analysis":{"keyphraseInTitle":{"title":"Focus keyphrase in SEO title","description":"Focus keyphrase found in SEO title.","score":9,"maxScore":9,"error":0},"keyphraseInDescription":{"title":"Focus keyphrase in meta description","description":"Focus keyphrase found in meta description.","score":9,"maxScore":9,"error":0},"keyphraseLength":{"title":"Focus keyphrase length","description":"Good job!","score":9,"maxScore":9,"error":0,"length":1},"keyphraseInURL":{"title":"Focus keyphrase in URL","description":"Focus keyphrase not found in the URL.","score":1,"maxScore":5,"error":1},"keyphraseInIntroduction":{"title":"Focus keyphrase in introduction","description":"Your Focus keyphrase appears in the first paragraph. Well done!","score":9,"maxScore":9,"error":0},"keyphraseInSubHeadings":[],"keyphraseInImageAlt":{"title":"Focus keyphrase in image alt attributes","description":"Focus keyphrase found in image alt attribute(s).","score":9,"maxScore":9,"error":0}}},"additional":[{"keyphrase":"Argentina","score":83,"analysis":{"keyphraseInDescription":{"title":"Keyphrase in meta description","description":"Keyphrase found in meta description.","score":9,"maxScore":9,"error":0},"keyphraseLength":{"title":"Keyphrase length","description":"Good job!","score":9,"maxScore":9,"error":0,"length":1},"keyphraseInIntroduction":{"title":"Keyphrase in introduction","description":"Your Keyphrase appears in the first paragraph. Well done!","score":9,"maxScore":9,"error":0},"keyphraseInImageAlt":{"title":"Keyphrase in image alt attributes","description":"Keyphrase not found in image alt attribute(s). Add an image with your Keyphrase as alt text.","score":3,"maxScore":9,"error":1}}}]},"primary_term":null,"canonical_url":null,"og_title":null,"og_description":null,"og_object_type":"default","og_image_type":"default","og_image_url":null,"og_image_width":null,"og_image_height":null,"og_image_custom_url":null,"og_image_custom_fields":null,"og_video":"","og_custom_url":null,"og_article_section":null,"og_article_tags":[],"twitter_use_og":false,"twitter_card":"default","twitter_image_type":"default","twitter_image_url":null,"twitter_image_custom_url":null,"twitter_image_custom_fields":null,"twitter_title":null,"twitter_description":null,"schema":{"blockGraphs":[],"customGraphs":[],"default":{"data":{"Article":[],"Course":[],"Dataset":[],"FAQPage":[],"Movie":[],"Person":[],"Product":[],"ProductReview":[],"Car":[],"Recipe":[],"Service":[],"SoftwareApplication":[],"WebPage":[]},"graphName":"","isEnabled":true},"graphs":[]},"schema_type":"default","schema_type_options":null,"pillar_content":false,"robots_default":true,"robots_noindex":false,"robots_noarchive":false,"robots_nosnippet":false,"robots_nofollow":false,"robots_noimageindex":false,"robots_noodp":false,"robots_notranslate":false,"robots_max_snippet":"-1","robots_max_videopreview":"-1","robots_max_imagepreview":"large","priority":null,"frequency":"default","local_seo":null,"seo_analyzer_scan_date":"2025-10-03 17:14:11","breadcrumb_settings":null,"limit_modified_date":false,"open_ai":null,"ai":null,"created":"2022-09-07 21:38:04","updated":"2025-10-03 17:14:11"},"aioseo_breadcrumb":"<div class=\"aioseo-breadcrumbs\"><span class=\"aioseo-breadcrumb\">\n\t<a href=\"https:\/\/www.eldigitaldeasturias.com\/noticias\" title=\"Home\">Home<\/a>\n<\/span><span class=\"aioseo-breadcrumb-separator\">\u2013<\/span><span class=\"aioseo-breadcrumb\">\n\t<a href=\"https:\/\/www.eldigitaldeasturias.com\/noticias\/category\/economia\/\" title=\"Econom\u00eda\">Econom\u00eda<\/a>\n<\/span><span class=\"aioseo-breadcrumb-separator\">\u2013<\/span><span class=\"aioseo-breadcrumb\">\n\t<a href=\"https:\/\/www.eldigitaldeasturias.com\/noticias\/el-bid-acuerda-con-argentina-impulsar-su-programa-de-prestamos-para-atender-necesidades-de-liquidez\/\" title=\"El BID acuerda con Argentina impulsar su programa de pr\u00e9stamos para atender necesidades de liquidez\">El BID acuerda con Argentina impulsar su programa de pr\u00e9stamos para atender necesidades de liquidez<\/a>\n<\/span><\/div>","aioseo_breadcrumb_json":[{"label":"Home","link":"https:\/\/www.eldigitaldeasturias.com\/noticias"},{"label":"Econom\u00eda","link":"https:\/\/www.eldigitaldeasturias.com\/noticias\/category\/economia\/"},{"label":"El BID acuerda con Argentina impulsar su programa de pr\u00e9stamos para atender necesidades de liquidez","link":"https:\/\/www.eldigitaldeasturias.com\/noticias\/el-bid-acuerda-con-argentina-impulsar-su-programa-de-prestamos-para-atender-necesidades-de-liquidez\/"}],"_links":{"self":[{"href":"https:\/\/www.eldigitaldeasturias.com\/noticias\/wp-json\/wp\/v2\/posts\/1116248","targetHints":{"allow":["GET"]}}],"collection":[{"href":"https:\/\/www.eldigitaldeasturias.com\/noticias\/wp-json\/wp\/v2\/posts"}],"about":[{"href":"https:\/\/www.eldigitaldeasturias.com\/noticias\/wp-json\/wp\/v2\/types\/post"}],"author":[{"embeddable":true,"href":"https:\/\/www.eldigitaldeasturias.com\/noticias\/wp-json\/wp\/v2\/users\/1"}],"replies":[{"embeddable":true,"href":"https:\/\/www.eldigitaldeasturias.com\/noticias\/wp-json\/wp\/v2\/comments?post=1116248"}],"version-history":[{"count":0,"href":"https:\/\/www.eldigitaldeasturias.com\/noticias\/wp-json\/wp\/v2\/posts\/1116248\/revisions"}],"wp:featuredmedia":[{"embeddable":true,"href":"https:\/\/www.eldigitaldeasturias.com\/noticias\/wp-json\/wp\/v2\/media\/1116249"}],"wp:attachment":[{"href":"https:\/\/www.eldigitaldeasturias.com\/noticias\/wp-json\/wp\/v2\/media?parent=1116248"}],"wp:term":[{"taxonomy":"category","embeddable":true,"href":"https:\/\/www.eldigitaldeasturias.com\/noticias\/wp-json\/wp\/v2\/categories?post=1116248"},{"taxonomy":"post_tag","embeddable":true,"href":"https:\/\/www.eldigitaldeasturias.com\/noticias\/wp-json\/wp\/v2\/tags?post=1116248"}],"curies":[{"name":"wp","href":"https:\/\/api.w.org\/{rel}","templated":true}]}}