{"id":1115948,"date":"2022-09-01T12:42:48","date_gmt":"2022-09-01T10:42:48","guid":{"rendered":"https:\/\/www.eldigitaldeasturias.com\/noticias\/?p=1115948"},"modified":"2022-09-01T12:42:48","modified_gmt":"2022-09-01T10:42:48","slug":"espana-lider-en-paro-en-la-eurozona","status":"publish","type":"post","link":"https:\/\/www.eldigitaldeasturias.com\/noticias\/espana-lider-en-paro-en-la-eurozona\/","title":{"rendered":"Espa\u00f1a l\u00edder en paro en la eurozona"},"content":{"rendered":"<p>(EP) &#8211; El paro de la <strong>eurozona<\/strong> se redujo en una d\u00e9cima en el mes de julio, hasta situarse en el 6,6%, lo que supone el menor nivel de <strong>desempleo<\/strong> entre los Diecinueve de toda la serie hist\u00f3rica, que se remonta a abril de 1998, seg\u00fan los datos de Eurostat.<\/p>\n<figure id=\"attachment_1082387\" aria-describedby=\"caption-attachment-1082387\" style=\"width: 650px\" class=\"wp-caption aligncenter\"><img loading=\"lazy\" decoding=\"async\" class=\"wp-image-1082387 size-large\" src=\"https:\/\/www.eldigitaldeasturias.com\/noticias\/wp-content\/uploads\/2020\/12\/Pedro-Sanchez-659x480.jpg\" alt=\"Presidente de Espa\u00f1a\" width=\"650\" height=\"473\" srcset=\"https:\/\/www.eldigitaldeasturias.com\/noticias\/wp-content\/uploads\/2020\/12\/Pedro-Sanchez-659x480.jpg 659w, https:\/\/www.eldigitaldeasturias.com\/noticias\/wp-content\/uploads\/2020\/12\/Pedro-Sanchez-360x262.jpg 360w, https:\/\/www.eldigitaldeasturias.com\/noticias\/wp-content\/uploads\/2020\/12\/Pedro-Sanchez-412x300.jpg 412w, https:\/\/www.eldigitaldeasturias.com\/noticias\/wp-content\/uploads\/2020\/12\/Pedro-Sanchez.jpg 752w\" sizes=\"auto, (max-width: 650px) 100vw, 650px\" \/><figcaption id=\"caption-attachment-1082387\" class=\"wp-caption-text\">EUROPA PRESS\/E. Parra.<\/figcaption><\/figure>\n<p>La oficina de estad\u00edstica ha ajustado los datos de los tres meses precedentes una d\u00e9cima al alza, hasta situarse en el 6,7%, por lo que de acuerdo con los nuevos datos actualizados, esta es la primera vez que se alcanza este nuevo m\u00ednimo hist\u00f3rico.<\/p>\n<p><strong>La tasa de paro de la eurozona se mantiene as\u00ed ocho d\u00e9cimas por debajo del nivel previo a la pandemia<\/strong>, ya que en febrero de 2020 el desempleo entre los pa\u00edses del euro era del 7,4%.<\/p>\n<p>Asimismo, en el conjunto de la Uni\u00f3n Europea la tasa de paro se redujo una d\u00e9cima en julio, hasta el 6%, frente al 6,9% de un a\u00f1o antes. Se trata tambi\u00e9n del menor nivel de paro entre los Veintisiete.<\/p>\n<p><strong>La oficina estad\u00edstica europea calcula que 12,959 millones de personas carec\u00edan de <a href=\"https:\/\/candas365.es\/noticias\/category\/economia\/\" target=\"_blank\" rel=\"noopener\"><span style=\"color: #ff6600;\">empleo<\/span><\/a> en la UE en julio de 2022<\/strong>, de los que 10,983 millones se encontraban en la zona euro. Esto supone un descenso mensual de 113.000 y 77.000 personas, respectivamente.<\/p>\n<p>En comparaci\u00f3n con julio de 2021, <strong>el n\u00famero de personas sin empleo descendi\u00f3 en 1,854 millones en la UE y en 1,576 millones en la zona euro.<\/strong><\/p>\n<p>Entre los Veintisiete, <strong>las mayores tasas de paro correspondieron a Espa\u00f1a, con un 12,6%; Grecia, con un 11,4%; e Italia, con un 7,9%.<\/strong> Por el contrario, las menores cifras de paro se observaron en Rep\u00fablica Checa (2,3%), Polonia (2,6%) y Alemania y Malta (2,9% en ambos casos).<\/p>\n<p>En el caso de los menores de 25 a\u00f1os, la tasa de paro de la zona euro cay\u00f3 en dos d\u00e9cimas, hasta el 14,2%, mientras que en el conjunto de la UE el dato fue del 14%, tambi\u00e9n dos d\u00e9cimas menos.<\/p>\n<p>En t\u00e9rminos absolutos, el n\u00famero de j\u00f3venes desempleados en la UE alcanz\u00f3 en el s\u00e9ptimo mes del a\u00f1o los 2,630 millones de personas, de los que 2,173 millones correspond\u00edan a la eurozona.<\/p>\n<blockquote><p>En el caso de Espa\u00f1a, en junio de 2022 se contabilizaron 2,969 millones de personas sin empleo, de las cuales 447.000 eran menores de 25 a\u00f1os.<\/p><\/blockquote>\n<p>De esta forma, <strong>la tasa de paro de juvenil de Espa\u00f1a fue del 26,9%, la segunda m\u00e1s alta entre los Veintisiete<\/strong>, por detr\u00e1s del 28,6% de Grecia y por delante del 24,5% de Estonia.<\/p>\n","protected":false},"excerpt":{"rendered":"<p>(EP) &#8211; El paro de la eurozona se redujo en una d\u00e9cima en el mes de julio, hasta situarse en el 6,6%, lo que supone el menor nivel de desempleo entre los Diecinueve de toda la serie hist\u00f3rica, que se remonta a abril de 1998, seg\u00fan los datos de Eurostat. La oficina de estad\u00edstica ha [&hellip;]<\/p>\n","protected":false},"author":1,"featured_media":1082387,"comment_status":"closed","ping_status":"closed","sticky":false,"template":"","format":"standard","meta":{"footnotes":""},"categories":[141,187],"tags":[],"class_list":["post-1115948","post","type-post","status-publish","format-standard","has-post-thumbnail","hentry","category-destacadas","category-economia"],"aioseo_notices":[],"aioseo_head":"\n\t\t<!-- All in One SEO Pro 4.9.6.2 - aioseo.com -->\n\t<meta name=\"description\" content=\"(EP) - El paro de la eurozona se redujo en una d\u00e9cima en el mes de julio, hasta situarse en el 6,6%, lo que supone el menor nivel de desempleo\" \/>\n\t<meta name=\"robots\" content=\"max-image-preview:large\" \/>\n\t<meta name=\"author\" content=\"El Digital de Asturias\"\/>\n\t<meta name=\"google-site-verification\" content=\"UA-38556648-1\" \/>\n\t<meta name=\"msvalidate.01\" content=\"7dfe9f3f1b24437ab69f4f2559babe99\" \/>\n\t<meta name=\"keywords\" content=\"destacadas,econom\u00eda\" \/>\n\t<link rel=\"canonical\" href=\"https:\/\/www.eldigitaldeasturias.com\/noticias\/espana-lider-en-paro-en-la-eurozona\/\" \/>\n\t<meta name=\"generator\" content=\"All in One SEO Pro (AIOSEO) 4.9.6.2\" \/>\n\t\t<meta property=\"og:locale\" content=\"es_ES\" \/>\n\t\t<meta property=\"og:site_name\" content=\"El Digital de Asturias\" \/>\n\t\t<meta property=\"og:type\" content=\"article\" \/>\n\t\t<meta property=\"og:title\" content=\"Espa\u00f1a l\u00edder en paro en la eurozona - El Digital de Asturias\" \/>\n\t\t<meta property=\"og:description\" content=\"(EP) - El paro de la eurozona se redujo en una d\u00e9cima en el mes de julio, hasta situarse en el 6,6%, lo que supone el menor nivel de desempleo\" \/>\n\t\t<meta property=\"og:url\" content=\"https:\/\/www.eldigitaldeasturias.com\/noticias\/espana-lider-en-paro-en-la-eurozona\/\" \/>\n\t\t<meta property=\"og:image\" content=\"https:\/\/www.eldigitaldeasturias.com\/noticias\/wp-content\/uploads\/2020\/12\/Pedro-Sanchez.jpg\" \/>\n\t\t<meta property=\"og:image:secure_url\" content=\"https:\/\/www.eldigitaldeasturias.com\/noticias\/wp-content\/uploads\/2020\/12\/Pedro-Sanchez.jpg\" \/>\n\t\t<meta property=\"og:image:width\" content=\"752\" \/>\n\t\t<meta property=\"og:image:height\" content=\"548\" \/>\n\t\t<meta property=\"article:tag\" content=\"destacadas\" \/>\n\t\t<meta property=\"article:tag\" content=\"econom\u00eda\" \/>\n\t\t<meta property=\"article:published_time\" content=\"2022-09-01T10:42:48+00:00\" \/>\n\t\t<meta property=\"article:modified_time\" content=\"2022-09-01T10:42:48+00:00\" \/>\n\t\t<meta property=\"article:publisher\" content=\"https:\/\/facebook.com\/eldigitaldeasturias\" \/>\n\t\t<meta name=\"twitter:card\" content=\"summary_large_image\" \/>\n\t\t<meta name=\"twitter:title\" content=\"Espa\u00f1a l\u00edder en paro en la eurozona - El Digital de Asturias\" \/>\n\t\t<meta name=\"twitter:description\" content=\"(EP) - El paro de la eurozona se redujo en una d\u00e9cima en el mes de julio, hasta situarse en el 6,6%, lo que supone el menor nivel de desempleo\" \/>\n\t\t<meta name=\"twitter:image\" content=\"https:\/\/www.eldigitaldeasturias.com\/noticias\/wp-content\/uploads\/2020\/12\/Pedro-Sanchez.jpg\" \/>\n\t\t<meta name=\"twitter:label1\" content=\"Escrito por\" \/>\n\t\t<meta name=\"twitter:data1\" content=\"El Digital de Asturias\" \/>\n\t\t<meta name=\"twitter:label2\" content=\"Tiempo de lectura estimado\" \/>\n\t\t<meta name=\"twitter:data2\" content=\"2 minutos\" \/>\n\t\t<script type=\"application\/ld+json\" class=\"aioseo-schema\">\n\t\t\t{\"@context\":\"https:\\\/\\\/schema.org\",\"@graph\":[{\"@type\":\"BlogPosting\",\"@id\":\"https:\\\/\\\/www.eldigitaldeasturias.com\\\/noticias\\\/espana-lider-en-paro-en-la-eurozona\\\/#blogposting\",\"name\":\"Espa\\u00f1a l\\u00edder en paro en la eurozona - El Digital de Asturias\",\"headline\":\"Espa\\u00f1a l\\u00edder en paro en la eurozona\",\"author\":{\"@id\":\"https:\\\/\\\/www.eldigitaldeasturias.com\\\/noticias\\\/author\\\/admin\\\/#author\"},\"publisher\":{\"@id\":\"https:\\\/\\\/www.eldigitaldeasturias.com\\\/noticias\\\/#organization\"},\"image\":{\"@type\":\"ImageObject\",\"url\":\"https:\\\/\\\/www.eldigitaldeasturias.com\\\/noticias\\\/wp-content\\\/uploads\\\/2020\\\/12\\\/Pedro-Sanchez.jpg\",\"width\":752,\"height\":548,\"caption\":\"EUROPA PRESS\\\/E. Parra.\"},\"datePublished\":\"2022-09-01T12:42:48+02:00\",\"dateModified\":\"2022-09-01T12:42:48+02:00\",\"inLanguage\":\"es-ES\",\"mainEntityOfPage\":{\"@id\":\"https:\\\/\\\/www.eldigitaldeasturias.com\\\/noticias\\\/espana-lider-en-paro-en-la-eurozona\\\/#webpage\"},\"isPartOf\":{\"@id\":\"https:\\\/\\\/www.eldigitaldeasturias.com\\\/noticias\\\/espana-lider-en-paro-en-la-eurozona\\\/#webpage\"},\"articleSection\":\"Destacadas, Econom\\u00eda\"},{\"@type\":\"BreadcrumbList\",\"@id\":\"https:\\\/\\\/www.eldigitaldeasturias.com\\\/noticias\\\/espana-lider-en-paro-en-la-eurozona\\\/#breadcrumblist\",\"itemListElement\":[{\"@type\":\"ListItem\",\"@id\":\"https:\\\/\\\/www.eldigitaldeasturias.com\\\/noticias#listItem\",\"position\":1,\"name\":\"Home\",\"item\":\"https:\\\/\\\/www.eldigitaldeasturias.com\\\/noticias\",\"nextItem\":{\"@type\":\"ListItem\",\"@id\":\"https:\\\/\\\/www.eldigitaldeasturias.com\\\/noticias\\\/category\\\/destacadas\\\/#listItem\",\"name\":\"Destacadas\"}},{\"@type\":\"ListItem\",\"@id\":\"https:\\\/\\\/www.eldigitaldeasturias.com\\\/noticias\\\/category\\\/destacadas\\\/#listItem\",\"position\":2,\"name\":\"Destacadas\",\"item\":\"https:\\\/\\\/www.eldigitaldeasturias.com\\\/noticias\\\/category\\\/destacadas\\\/\",\"nextItem\":{\"@type\":\"ListItem\",\"@id\":\"https:\\\/\\\/www.eldigitaldeasturias.com\\\/noticias\\\/espana-lider-en-paro-en-la-eurozona\\\/#listItem\",\"name\":\"Espa\\u00f1a l\\u00edder en paro en la eurozona\"},\"previousItem\":{\"@type\":\"ListItem\",\"@id\":\"https:\\\/\\\/www.eldigitaldeasturias.com\\\/noticias#listItem\",\"name\":\"Home\"}},{\"@type\":\"ListItem\",\"@id\":\"https:\\\/\\\/www.eldigitaldeasturias.com\\\/noticias\\\/espana-lider-en-paro-en-la-eurozona\\\/#listItem\",\"position\":3,\"name\":\"Espa\\u00f1a l\\u00edder en paro en la eurozona\",\"previousItem\":{\"@type\":\"ListItem\",\"@id\":\"https:\\\/\\\/www.eldigitaldeasturias.com\\\/noticias\\\/category\\\/destacadas\\\/#listItem\",\"name\":\"Destacadas\"}}]},{\"@type\":\"Organization\",\"@id\":\"https:\\\/\\\/www.eldigitaldeasturias.com\\\/noticias\\\/#organization\",\"name\":\"El Digital de Asturias\",\"description\":\"Hemeroteca\",\"url\":\"https:\\\/\\\/www.eldigitaldeasturias.com\\\/noticias\\\/\",\"email\":\"info@eldigitaldeasturias.com\",\"telephone\":\"+34652131393\",\"logo\":{\"@type\":\"ImageObject\",\"url\":\"https:\\\/\\\/www.eldigitaldeasturias.com\\\/noticias\\\/wp-content\\\/uploads\\\/2020\\\/12\\\/EDA.jpg\",\"@id\":\"https:\\\/\\\/www.eldigitaldeasturias.com\\\/noticias\\\/espana-lider-en-paro-en-la-eurozona\\\/#organizationLogo\",\"width\":649,\"height\":297},\"image\":{\"@id\":\"https:\\\/\\\/www.eldigitaldeasturias.com\\\/noticias\\\/espana-lider-en-paro-en-la-eurozona\\\/#organizationLogo\"},\"sameAs\":[\"https:\\\/\\\/facebook.com\\\/eldigitaldeasturias\",\"https:\\\/\\\/www.youtube.com\\\/channel\\\/UCZP-2wLEB9Rv6erhFmqVnvg\"],\"address\":{\"@id\":\"https:\\\/\\\/www.eldigitaldeasturias.com\\\/noticias\\\/#postaladdress\",\"@type\":\"PostalAddress\",\"streetAddress\":\"san antonio 4,\",\"postalCode\":\"33430\",\"addressLocality\":\"Cand\\u00e1s\",\"addressRegion\":\"Asturias\",\"addressCountry\":\"ES\"}},{\"@type\":\"Person\",\"@id\":\"https:\\\/\\\/www.eldigitaldeasturias.com\\\/noticias\\\/author\\\/admin\\\/#author\",\"url\":\"https:\\\/\\\/www.eldigitaldeasturias.com\\\/noticias\\\/author\\\/admin\\\/\",\"name\":\"El Digital de Asturias\",\"image\":{\"@type\":\"ImageObject\",\"@id\":\"https:\\\/\\\/www.eldigitaldeasturias.com\\\/noticias\\\/espana-lider-en-paro-en-la-eurozona\\\/#authorImage\",\"url\":\"https:\\\/\\\/www.eldigitaldeasturias.com\\\/noticias\\\/wp-content\\\/litespeed\\\/avatar\\\/18677e78aa0546b92d9dbf31ec7d7668.jpg?ver=1777290358\",\"width\":96,\"height\":96,\"caption\":\"El Digital de Asturias\"}},{\"@type\":\"WebPage\",\"@id\":\"https:\\\/\\\/www.eldigitaldeasturias.com\\\/noticias\\\/espana-lider-en-paro-en-la-eurozona\\\/#webpage\",\"url\":\"https:\\\/\\\/www.eldigitaldeasturias.com\\\/noticias\\\/espana-lider-en-paro-en-la-eurozona\\\/\",\"name\":\"Espa\\u00f1a l\\u00edder en paro en la eurozona - El Digital de Asturias\",\"description\":\"(EP) - El paro de la eurozona se redujo en una d\\u00e9cima en el mes de julio, hasta situarse en el 6,6%, lo que supone el menor nivel de desempleo\",\"inLanguage\":\"es-ES\",\"isPartOf\":{\"@id\":\"https:\\\/\\\/www.eldigitaldeasturias.com\\\/noticias\\\/#website\"},\"breadcrumb\":{\"@id\":\"https:\\\/\\\/www.eldigitaldeasturias.com\\\/noticias\\\/espana-lider-en-paro-en-la-eurozona\\\/#breadcrumblist\"},\"author\":{\"@id\":\"https:\\\/\\\/www.eldigitaldeasturias.com\\\/noticias\\\/author\\\/admin\\\/#author\"},\"creator\":{\"@id\":\"https:\\\/\\\/www.eldigitaldeasturias.com\\\/noticias\\\/author\\\/admin\\\/#author\"},\"image\":{\"@type\":\"ImageObject\",\"url\":\"https:\\\/\\\/www.eldigitaldeasturias.com\\\/noticias\\\/wp-content\\\/uploads\\\/2020\\\/12\\\/Pedro-Sanchez.jpg\",\"@id\":\"https:\\\/\\\/www.eldigitaldeasturias.com\\\/noticias\\\/espana-lider-en-paro-en-la-eurozona\\\/#mainImage\",\"width\":752,\"height\":548,\"caption\":\"EUROPA PRESS\\\/E. Parra.\"},\"primaryImageOfPage\":{\"@id\":\"https:\\\/\\\/www.eldigitaldeasturias.com\\\/noticias\\\/espana-lider-en-paro-en-la-eurozona\\\/#mainImage\"},\"datePublished\":\"2022-09-01T12:42:48+02:00\",\"dateModified\":\"2022-09-01T12:42:48+02:00\"},{\"@type\":\"WebSite\",\"@id\":\"https:\\\/\\\/www.eldigitaldeasturias.com\\\/noticias\\\/#website\",\"url\":\"https:\\\/\\\/www.eldigitaldeasturias.com\\\/noticias\\\/\",\"name\":\"El Digital de Asturias - Diario de actualidad y noticias\",\"alternateName\":\"El Digital de Asturias - Diario de actualidad y noticias\",\"description\":\"Hemeroteca\",\"inLanguage\":\"es-ES\",\"publisher\":{\"@id\":\"https:\\\/\\\/www.eldigitaldeasturias.com\\\/noticias\\\/#organization\"}}]}\n\t\t<\/script>\n\t\t<!-- All in One SEO Pro -->\r\n\t\t<title>Espa\u00f1a l\u00edder en paro en la eurozona - El Digital de Asturias<\/title>\n\n","aioseo_head_json":{"title":"Espa\u00f1a l\u00edder en paro en la eurozona - El Digital de Asturias","description":"(EP) - El paro de la eurozona se redujo en una d\u00e9cima en el mes de julio, hasta situarse en el 6,6%, lo que supone el menor nivel de desempleo","canonical_url":"https:\/\/www.eldigitaldeasturias.com\/noticias\/espana-lider-en-paro-en-la-eurozona\/","robots":"max-image-preview:large","keywords":"destacadas,econom\u00eda","webmasterTools":{"google-site-verification":"UA-38556648-1","msvalidate.01":"7dfe9f3f1b24437ab69f4f2559babe99","miscellaneous":""},"schema":{"@context":"https:\/\/schema.org","@graph":[{"@type":"BlogPosting","@id":"https:\/\/www.eldigitaldeasturias.com\/noticias\/espana-lider-en-paro-en-la-eurozona\/#blogposting","name":"Espa\u00f1a l\u00edder en paro en la eurozona - El Digital de Asturias","headline":"Espa\u00f1a l\u00edder en paro en la eurozona","author":{"@id":"https:\/\/www.eldigitaldeasturias.com\/noticias\/author\/admin\/#author"},"publisher":{"@id":"https:\/\/www.eldigitaldeasturias.com\/noticias\/#organization"},"image":{"@type":"ImageObject","url":"https:\/\/www.eldigitaldeasturias.com\/noticias\/wp-content\/uploads\/2020\/12\/Pedro-Sanchez.jpg","width":752,"height":548,"caption":"EUROPA PRESS\/E. Parra."},"datePublished":"2022-09-01T12:42:48+02:00","dateModified":"2022-09-01T12:42:48+02:00","inLanguage":"es-ES","mainEntityOfPage":{"@id":"https:\/\/www.eldigitaldeasturias.com\/noticias\/espana-lider-en-paro-en-la-eurozona\/#webpage"},"isPartOf":{"@id":"https:\/\/www.eldigitaldeasturias.com\/noticias\/espana-lider-en-paro-en-la-eurozona\/#webpage"},"articleSection":"Destacadas, Econom\u00eda"},{"@type":"BreadcrumbList","@id":"https:\/\/www.eldigitaldeasturias.com\/noticias\/espana-lider-en-paro-en-la-eurozona\/#breadcrumblist","itemListElement":[{"@type":"ListItem","@id":"https:\/\/www.eldigitaldeasturias.com\/noticias#listItem","position":1,"name":"Home","item":"https:\/\/www.eldigitaldeasturias.com\/noticias","nextItem":{"@type":"ListItem","@id":"https:\/\/www.eldigitaldeasturias.com\/noticias\/category\/destacadas\/#listItem","name":"Destacadas"}},{"@type":"ListItem","@id":"https:\/\/www.eldigitaldeasturias.com\/noticias\/category\/destacadas\/#listItem","position":2,"name":"Destacadas","item":"https:\/\/www.eldigitaldeasturias.com\/noticias\/category\/destacadas\/","nextItem":{"@type":"ListItem","@id":"https:\/\/www.eldigitaldeasturias.com\/noticias\/espana-lider-en-paro-en-la-eurozona\/#listItem","name":"Espa\u00f1a l\u00edder en paro en la eurozona"},"previousItem":{"@type":"ListItem","@id":"https:\/\/www.eldigitaldeasturias.com\/noticias#listItem","name":"Home"}},{"@type":"ListItem","@id":"https:\/\/www.eldigitaldeasturias.com\/noticias\/espana-lider-en-paro-en-la-eurozona\/#listItem","position":3,"name":"Espa\u00f1a l\u00edder en paro en la eurozona","previousItem":{"@type":"ListItem","@id":"https:\/\/www.eldigitaldeasturias.com\/noticias\/category\/destacadas\/#listItem","name":"Destacadas"}}]},{"@type":"Organization","@id":"https:\/\/www.eldigitaldeasturias.com\/noticias\/#organization","name":"El Digital de Asturias","description":"Hemeroteca","url":"https:\/\/www.eldigitaldeasturias.com\/noticias\/","email":"info@eldigitaldeasturias.com","telephone":"+34652131393","logo":{"@type":"ImageObject","url":"https:\/\/www.eldigitaldeasturias.com\/noticias\/wp-content\/uploads\/2020\/12\/EDA.jpg","@id":"https:\/\/www.eldigitaldeasturias.com\/noticias\/espana-lider-en-paro-en-la-eurozona\/#organizationLogo","width":649,"height":297},"image":{"@id":"https:\/\/www.eldigitaldeasturias.com\/noticias\/espana-lider-en-paro-en-la-eurozona\/#organizationLogo"},"sameAs":["https:\/\/facebook.com\/eldigitaldeasturias","https:\/\/www.youtube.com\/channel\/UCZP-2wLEB9Rv6erhFmqVnvg"],"address":{"@id":"https:\/\/www.eldigitaldeasturias.com\/noticias\/#postaladdress","@type":"PostalAddress","streetAddress":"san antonio 4,","postalCode":"33430","addressLocality":"Cand\u00e1s","addressRegion":"Asturias","addressCountry":"ES"}},{"@type":"Person","@id":"https:\/\/www.eldigitaldeasturias.com\/noticias\/author\/admin\/#author","url":"https:\/\/www.eldigitaldeasturias.com\/noticias\/author\/admin\/","name":"El Digital de Asturias","image":{"@type":"ImageObject","@id":"https:\/\/www.eldigitaldeasturias.com\/noticias\/espana-lider-en-paro-en-la-eurozona\/#authorImage","url":"https:\/\/www.eldigitaldeasturias.com\/noticias\/wp-content\/litespeed\/avatar\/18677e78aa0546b92d9dbf31ec7d7668.jpg?ver=1777290358","width":96,"height":96,"caption":"El Digital de Asturias"}},{"@type":"WebPage","@id":"https:\/\/www.eldigitaldeasturias.com\/noticias\/espana-lider-en-paro-en-la-eurozona\/#webpage","url":"https:\/\/www.eldigitaldeasturias.com\/noticias\/espana-lider-en-paro-en-la-eurozona\/","name":"Espa\u00f1a l\u00edder en paro en la eurozona - El Digital de Asturias","description":"(EP) - El paro de la eurozona se redujo en una d\u00e9cima en el mes de julio, hasta situarse en el 6,6%, lo que supone el menor nivel de desempleo","inLanguage":"es-ES","isPartOf":{"@id":"https:\/\/www.eldigitaldeasturias.com\/noticias\/#website"},"breadcrumb":{"@id":"https:\/\/www.eldigitaldeasturias.com\/noticias\/espana-lider-en-paro-en-la-eurozona\/#breadcrumblist"},"author":{"@id":"https:\/\/www.eldigitaldeasturias.com\/noticias\/author\/admin\/#author"},"creator":{"@id":"https:\/\/www.eldigitaldeasturias.com\/noticias\/author\/admin\/#author"},"image":{"@type":"ImageObject","url":"https:\/\/www.eldigitaldeasturias.com\/noticias\/wp-content\/uploads\/2020\/12\/Pedro-Sanchez.jpg","@id":"https:\/\/www.eldigitaldeasturias.com\/noticias\/espana-lider-en-paro-en-la-eurozona\/#mainImage","width":752,"height":548,"caption":"EUROPA PRESS\/E. Parra."},"primaryImageOfPage":{"@id":"https:\/\/www.eldigitaldeasturias.com\/noticias\/espana-lider-en-paro-en-la-eurozona\/#mainImage"},"datePublished":"2022-09-01T12:42:48+02:00","dateModified":"2022-09-01T12:42:48+02:00"},{"@type":"WebSite","@id":"https:\/\/www.eldigitaldeasturias.com\/noticias\/#website","url":"https:\/\/www.eldigitaldeasturias.com\/noticias\/","name":"El Digital de Asturias - Diario de actualidad y noticias","alternateName":"El Digital de Asturias - Diario de actualidad y noticias","description":"Hemeroteca","inLanguage":"es-ES","publisher":{"@id":"https:\/\/www.eldigitaldeasturias.com\/noticias\/#organization"}}]},"og:locale":"es_ES","og:site_name":"El Digital de Asturias","og:type":"article","og:title":"Espa\u00f1a l\u00edder en paro en la eurozona - El Digital de Asturias","og:description":"(EP) - El paro de la eurozona se redujo en una d\u00e9cima en el mes de julio, hasta situarse en el 6,6%, lo que supone el menor nivel de desempleo","og:url":"https:\/\/www.eldigitaldeasturias.com\/noticias\/espana-lider-en-paro-en-la-eurozona\/","og:image":"https:\/\/www.eldigitaldeasturias.com\/noticias\/wp-content\/uploads\/2020\/12\/Pedro-Sanchez.jpg","og:image:secure_url":"https:\/\/www.eldigitaldeasturias.com\/noticias\/wp-content\/uploads\/2020\/12\/Pedro-Sanchez.jpg","og:image:width":752,"og:image:height":548,"article:tag":["destacadas","econom\u00eda"],"article:published_time":"2022-09-01T10:42:48+00:00","article:modified_time":"2022-09-01T10:42:48+00:00","article:publisher":"https:\/\/facebook.com\/eldigitaldeasturias","twitter:card":"summary_large_image","twitter:title":"Espa\u00f1a l\u00edder en paro en la eurozona - El Digital de Asturias","twitter:description":"(EP) - El paro de la eurozona se redujo en una d\u00e9cima en el mes de julio, hasta situarse en el 6,6%, lo que supone el menor nivel de desempleo","twitter:image":"https:\/\/www.eldigitaldeasturias.com\/noticias\/wp-content\/uploads\/2020\/12\/Pedro-Sanchez.jpg","twitter:label1":"Escrito por","twitter:data1":"El Digital de Asturias","twitter:label2":"Tiempo de lectura estimado","twitter:data2":"2 minutos"},"aioseo_meta_data":{"post_id":"1115948","title":null,"description":"(EP) - El paro de la eurozona se redujo en una d\u00e9cima en el mes de julio, hasta situarse en el 6,6%, lo que supone el menor nivel de desempleo","keywords":[],"keyphrases":{"focus":{"keyphrase":"eurozona","score":80,"analysis":{"keyphraseInTitle":{"title":"Focus keyphrase in SEO title","description":"Focus keyphrase found in SEO title.","score":9,"maxScore":9,"error":0},"keyphraseInDescription":{"title":"Focus keyphrase in meta description","description":"Focus keyphrase found in meta description.","score":9,"maxScore":9,"error":0},"keyphraseLength":{"title":"Focus keyphrase length","description":"Good job!","score":9,"maxScore":9,"error":0,"length":1},"keyphraseInURL":{"title":"Focus keyphrase in URL","description":"Focus keyphrase not found in the URL.","score":1,"maxScore":5,"error":1},"keyphraseInIntroduction":{"title":"Focus keyphrase in introduction","description":"Your Focus keyphrase appears in the first paragraph. Well done!","score":9,"maxScore":9,"error":0},"keyphraseInSubHeadings":[],"keyphraseInImageAlt":{"title":"Focus keyphrase in image alt attributes","description":"Focus keyphrase not found in image alt attribute(s). Add an image with your Focus keyphrase as alt text.","score":3,"maxScore":9,"error":1}}},"additional":[{"keyphrase":"paro de la eurozona","score":83,"analysis":{"keyphraseInDescription":{"title":"Keyphrase in meta description","description":"Keyphrase found in meta description.","score":9,"maxScore":9,"error":0},"keyphraseLength":{"title":"Keyphrase length","description":"Good job!","score":9,"maxScore":9,"error":0,"length":4},"keyphraseInIntroduction":{"title":"Keyphrase in introduction","description":"Your Keyphrase appears in the first paragraph. Well done!","score":9,"maxScore":9,"error":0},"keyphraseInImageAlt":{"title":"Keyphrase in image alt attributes","description":"Keyphrase not found in image alt attribute(s). Add an image with your Keyphrase as alt text.","score":3,"maxScore":9,"error":1}}},{"keyphrase":"paro","score":83,"analysis":{"keyphraseInDescription":{"title":"Keyphrase in meta description","description":"Keyphrase found in meta description.","score":9,"maxScore":9,"error":0},"keyphraseLength":{"title":"Keyphrase length","description":"Good job!","score":9,"maxScore":9,"error":0,"length":1},"keyphraseInIntroduction":{"title":"Keyphrase in introduction","description":"Your Keyphrase appears in the first paragraph. Well done!","score":9,"maxScore":9,"error":0},"keyphraseInImageAlt":{"title":"Keyphrase in image alt attributes","description":"Keyphrase not found in image alt attribute(s). Add an image with your Keyphrase as alt text.","score":3,"maxScore":9,"error":1}}},{"keyphrase":"eurozona","score":83,"analysis":{"keyphraseInDescription":{"title":"Keyphrase in meta description","description":"Keyphrase found in meta description.","score":9,"maxScore":9,"error":0},"keyphraseLength":{"title":"Keyphrase length","description":"Good job!","score":9,"maxScore":9,"error":0,"length":1},"keyphraseInIntroduction":{"title":"Keyphrase in introduction","description":"Your Keyphrase appears in the first paragraph. Well done!","score":9,"maxScore":9,"error":0},"keyphraseInImageAlt":{"title":"Keyphrase in image alt attributes","description":"Keyphrase not found in image alt attribute(s). Add an image with your Keyphrase as alt text.","score":3,"maxScore":9,"error":1}}}]},"primary_term":null,"canonical_url":null,"og_title":null,"og_description":null,"og_object_type":"default","og_image_type":"default","og_image_url":null,"og_image_width":null,"og_image_height":null,"og_image_custom_url":null,"og_image_custom_fields":null,"og_video":"","og_custom_url":null,"og_article_section":null,"og_article_tags":[],"twitter_use_og":false,"twitter_card":"default","twitter_image_type":"default","twitter_image_url":null,"twitter_image_custom_url":null,"twitter_image_custom_fields":null,"twitter_title":null,"twitter_description":null,"schema":{"blockGraphs":[],"customGraphs":[],"default":{"data":{"Article":[],"Course":[],"Dataset":[],"FAQPage":[],"Movie":[],"Person":[],"Product":[],"ProductReview":[],"Car":[],"Recipe":[],"Service":[],"SoftwareApplication":[],"WebPage":[]},"graphName":"","isEnabled":true},"graphs":[],"defaultGraph":"Article","defaultPostTypeGraph":""},"schema_type":"default","schema_type_options":"{\"article\":{\"articleType\":\"BlogPosting\"},\"course\":{\"name\":\"\",\"description\":\"\",\"provider\":\"\"},\"faq\":{\"pages\":[]},\"product\":{\"reviews\":[]},\"recipe\":{\"ingredients\":[],\"instructions\":[],\"keywords\":[]},\"software\":{\"reviews\":[],\"operatingSystems\":[]},\"webPage\":{\"webPageType\":\"WebPage\"},\"blockGraphs\":[]}","pillar_content":false,"robots_default":true,"robots_noindex":false,"robots_noarchive":false,"robots_nosnippet":false,"robots_nofollow":false,"robots_noimageindex":false,"robots_noodp":false,"robots_notranslate":false,"robots_max_snippet":"-1","robots_max_videopreview":"-1","robots_max_imagepreview":"large","priority":null,"frequency":"default","local_seo":null,"seo_analyzer_scan_date":"2025-10-03 15:38:55","breadcrumb_settings":null,"limit_modified_date":false,"open_ai":null,"ai":null,"created":"2022-09-01 10:35:48","updated":"2025-10-03 15:38:55"},"aioseo_breadcrumb":"<div class=\"aioseo-breadcrumbs\"><span class=\"aioseo-breadcrumb\">\n\t<a href=\"https:\/\/www.eldigitaldeasturias.com\/noticias\" title=\"Home\">Home<\/a>\n<\/span><span class=\"aioseo-breadcrumb-separator\">\u2013<\/span><span class=\"aioseo-breadcrumb\">\n\t<a href=\"https:\/\/www.eldigitaldeasturias.com\/noticias\/category\/destacadas\/\" title=\"Destacadas\">Destacadas<\/a>\n<\/span><span class=\"aioseo-breadcrumb-separator\">\u2013<\/span><span class=\"aioseo-breadcrumb\">\n\t<a href=\"https:\/\/www.eldigitaldeasturias.com\/noticias\/espana-lider-en-paro-en-la-eurozona\/\" title=\"Espa\u00f1a l\u00edder en paro en la eurozona\">Espa\u00f1a l\u00edder en paro en la eurozona<\/a>\n<\/span><\/div>","aioseo_breadcrumb_json":[{"label":"Home","link":"https:\/\/www.eldigitaldeasturias.com\/noticias"},{"label":"Destacadas","link":"https:\/\/www.eldigitaldeasturias.com\/noticias\/category\/destacadas\/"},{"label":"Espa\u00f1a l\u00edder en paro en la eurozona","link":"https:\/\/www.eldigitaldeasturias.com\/noticias\/espana-lider-en-paro-en-la-eurozona\/"}],"_links":{"self":[{"href":"https:\/\/www.eldigitaldeasturias.com\/noticias\/wp-json\/wp\/v2\/posts\/1115948","targetHints":{"allow":["GET"]}}],"collection":[{"href":"https:\/\/www.eldigitaldeasturias.com\/noticias\/wp-json\/wp\/v2\/posts"}],"about":[{"href":"https:\/\/www.eldigitaldeasturias.com\/noticias\/wp-json\/wp\/v2\/types\/post"}],"author":[{"embeddable":true,"href":"https:\/\/www.eldigitaldeasturias.com\/noticias\/wp-json\/wp\/v2\/users\/1"}],"replies":[{"embeddable":true,"href":"https:\/\/www.eldigitaldeasturias.com\/noticias\/wp-json\/wp\/v2\/comments?post=1115948"}],"version-history":[{"count":0,"href":"https:\/\/www.eldigitaldeasturias.com\/noticias\/wp-json\/wp\/v2\/posts\/1115948\/revisions"}],"wp:featuredmedia":[{"embeddable":true,"href":"https:\/\/www.eldigitaldeasturias.com\/noticias\/wp-json\/wp\/v2\/media\/1082387"}],"wp:attachment":[{"href":"https:\/\/www.eldigitaldeasturias.com\/noticias\/wp-json\/wp\/v2\/media?parent=1115948"}],"wp:term":[{"taxonomy":"category","embeddable":true,"href":"https:\/\/www.eldigitaldeasturias.com\/noticias\/wp-json\/wp\/v2\/categories?post=1115948"},{"taxonomy":"post_tag","embeddable":true,"href":"https:\/\/www.eldigitaldeasturias.com\/noticias\/wp-json\/wp\/v2\/tags?post=1115948"}],"curies":[{"name":"wp","href":"https:\/\/api.w.org\/{rel}","templated":true}]}}