{"id":1115711,"date":"2022-08-26T16:50:41","date_gmt":"2022-08-26T14:50:41","guid":{"rendered":"https:\/\/www.eldigitaldeasturias.com\/noticias\/?p=1115711"},"modified":"2022-08-26T16:50:41","modified_gmt":"2022-08-26T14:50:41","slug":"el-congreso-da-luz-verde-definitiva-a-la-reforma-concursal","status":"publish","type":"post","link":"https:\/\/www.eldigitaldeasturias.com\/noticias\/el-congreso-da-luz-verde-definitiva-a-la-reforma-concursal\/","title":{"rendered":"El Congreso da luz verde definitiva a la reforma concursal"},"content":{"rendered":"<p>(EP) &#8211; El Pleno del Congreso ha revertido este jueves los cambios introducidos por el Senado a la reforma de la <a href=\"https:\/\/www.eldigitaldeasturias.com\/noticias\/category\/negocios-y-empresas\/\"><span style=\"color: #ff6600;\"><strong>ley concursal<\/strong><\/span><\/a>, que tras sus \u00faltimas votaciones queda ahora lista para su entrada en vigor una vez se publique en el Bolet\u00edn Oficial del Estado (BOE).<\/p>\n<figure id=\"attachment_1115712\" aria-describedby=\"caption-attachment-1115712\" style=\"width: 650px\" class=\"wp-caption aligncenter\"><img loading=\"lazy\" decoding=\"async\" class=\"wp-image-1115712 size-large\" src=\"https:\/\/www.eldigitaldeasturias.com\/noticias\/wp-content\/uploads\/2022\/08\/Congreso-650x423.jpg\" alt=\"Congreso\" width=\"650\" height=\"423\" srcset=\"https:\/\/www.eldigitaldeasturias.com\/noticias\/wp-content\/uploads\/2022\/08\/Congreso-650x423.jpg 650w, https:\/\/www.eldigitaldeasturias.com\/noticias\/wp-content\/uploads\/2022\/08\/Congreso-360x234.jpg 360w, https:\/\/www.eldigitaldeasturias.com\/noticias\/wp-content\/uploads\/2022\/08\/Congreso-461x300.jpg 461w, https:\/\/www.eldigitaldeasturias.com\/noticias\/wp-content\/uploads\/2022\/08\/Congreso-768x499.jpg 768w, https:\/\/www.eldigitaldeasturias.com\/noticias\/wp-content\/uploads\/2022\/08\/Congreso-150x98.jpg 150w, https:\/\/www.eldigitaldeasturias.com\/noticias\/wp-content\/uploads\/2022\/08\/Congreso-450x293.jpg 450w, https:\/\/www.eldigitaldeasturias.com\/noticias\/wp-content\/uploads\/2022\/08\/Congreso.jpg 1006w\" sizes=\"auto, (max-width: 650px) 100vw, 650px\" \/><figcaption id=\"caption-attachment-1115712\" class=\"wp-caption-text\">Foto: Alejandro Mart\u00ednez V\u00e9lez &#8211; Europa Press<\/figcaption><\/figure>\n<p>Como en toda iniciativa legislativa, cualquier cambio que introduzca el Senado debe ser refrendado por el Congreso. En esta ocasi\u00f3n, y con los votos del PSOE, Unidas Podemos, el PNV y EH-Bildu, la C\u00e1mara Baja ha rechazado todas las enmiendas aprobadas por la C\u00e1mara Alta.<\/p>\n<p>Estos cambios pretend\u00edan introduc\u00edan la figura del mediador concursal para emitir determinados informes durante el concurso, permitir la comunicaci\u00f3n de apertura de negociaciones para microempresas por otros medios, adem\u00e1s de los electr\u00f3nicos, o que la retribuci\u00f3n del experto de reestructuraci\u00f3n corra a cargo de quien lo proponga.<\/p>\n<h2>UN PROCEDIMIENTO ESPECIAL M\u00c1S RESTRINGIDO Y CON M\u00c1S GARANT\u00cdAS<\/h2>\n<p>La reforma aprobada busca agilizar e incentivar el procedimiento concursal y ofrecer alternativas a la liquidaci\u00f3n de empresas, as\u00ed como una mayor utilizaci\u00f3n de los instrumentos de segunda oportunidad y armonizar requisitos con el resto de la Uni\u00f3n Europea, al trasponer una directiva comunitaria.<\/p>\n<p>Adem\u00e1s de transformar los concursos en un \u00fanico procedimiento, el de los planes de reestructuraci\u00f3n, e introducir la pionera figura de experto en reestructuraciones, se ponen plazos m\u00e1ximos de 12 meses desde la apertura de la primera fase y el cierre de la quinta, cuando la duraci\u00f3n actual media est\u00e1 entre los cuatro y cinco a\u00f1os, y un plazo de dos meses para resolver los recursos de apelaci\u00f3n ante las Audiencias Provinciales.<\/p>\n<p>Finalmente, el procedimiento especial para pymes ha restringido su umbral a empresas que no alcancen una facturaci\u00f3n de 700.000 euros, un pasivo de 350.000 euros o cuenten con menos de diez empleados. Asimismo, se recupera la postulaci\u00f3n de procurador y abogado ante las dudas que suscitaba respecto al derecho de defensa y tutela judicial efectiva, y se ha aplazado la entrada en vigor de este mecanismo.<\/p>\n<h2>MEJORAS EN LA SEGUNDA OPORTUNIDAD<\/h2>\n<p>Respecto a la segunda oportunidad, las exoneraciones previstas en el proyecto de hasta 1.000 euros frente a Hacienda y otros 1.000 euros con la Seguridad Social se elevan hasta 10.000 euros para las personas f\u00edsicas. Este nivel de exoneraci\u00f3n, seg\u00fan estimaciones expuestas en el debate en base a los datos del Consejo General del Poder Judicial, permitir\u00e1 una exoneraci\u00f3n en plenitud a m\u00e1s del 90% de deudores.<\/p>\n<p>Tambi\u00e9n se acaba con la vinculaci\u00f3n del cr\u00e9dito p\u00fablico a los planes de reestructuraci\u00f3n, de continuaci\u00f3n o de apertura de negocio, limit\u00e1ndose la ejecuci\u00f3n sobre bienes y derechos necesarios para la continuidad de la actividad profesional y empresarial por deudas con Hacienda y Seguridad Social. En este sentido, la aprobaci\u00f3n y homologaci\u00f3n de los planes de continuaci\u00f3n no requerir\u00e1n de aprobaci\u00f3n siempre que las quitas con la Administraci\u00f3n no superen el 15%.<\/p>\n<p>Asimismo, se podr\u00e1 solicitar el aplazamiento y el fraccionamiento de cr\u00e9dito con Hacienda en per\u00edodo voluntario sin necesidad de garant\u00edas hasta 30.000 euros. Tambi\u00e9n se han limitado las excepciones con el fin de que determinados deudores puedan acceder a la exoneraci\u00f3n de su pasivo insatisfecho tras haber sido condenados penalmente o sancionados, accediendo incluso a quitas de cr\u00e9dito p\u00fablico.<\/p>\n<h2>FACILIDADES PARA EL RESCATE DE EMPRESAS POR TRABAJADORES<\/h2>\n<p>Tambi\u00e9n se facilita el rescate de las empresas inmersas en un concurso por parte de sus trabadores, constituidos en una sociedad cooperativa, participada o laboral, cuya oferta se priorizar\u00e1 ante otra de mismo alcance.<\/p>\n<p>Por \u00faltimo, se permite la capitalizaci\u00f3n de sus cotizaciones, esto es, que puedan utilizar como capital la prestaci\u00f3n por desempleo que les correspondiere.<\/p>\n","protected":false},"excerpt":{"rendered":"<p>(EP) &#8211; El Pleno del Congreso ha revertido este jueves los cambios introducidos por el Senado a la reforma de la ley concursal, que tras sus \u00faltimas votaciones queda ahora lista para su entrada en vigor una vez se publique en el Bolet\u00edn Oficial del Estado (BOE). Como en toda iniciativa legislativa, cualquier cambio que [&hellip;]<\/p>\n","protected":false},"author":1,"featured_media":1115712,"comment_status":"closed","ping_status":"closed","sticky":false,"template":"","format":"standard","meta":{"footnotes":""},"categories":[187],"tags":[],"class_list":["post-1115711","post","type-post","status-publish","format-standard","has-post-thumbnail","hentry","category-economia"],"aioseo_notices":[],"aioseo_head":"\n\t\t<!-- All in One SEO Pro 4.9.6.2 - aioseo.com -->\n\t<meta name=\"description\" content=\"(EP) - El Pleno del Congreso ha revertido este jueves los cambios introducidos por el Senado a la reforma de la ley concursal, que tras sus \u00faltimas votaciones\" \/>\n\t<meta name=\"robots\" content=\"max-image-preview:large\" \/>\n\t<meta name=\"author\" content=\"El Digital de Asturias\"\/>\n\t<meta name=\"google-site-verification\" content=\"UA-38556648-1\" \/>\n\t<meta name=\"msvalidate.01\" content=\"7dfe9f3f1b24437ab69f4f2559babe99\" \/>\n\t<meta name=\"keywords\" content=\"econom\u00eda\" \/>\n\t<link rel=\"canonical\" href=\"https:\/\/www.eldigitaldeasturias.com\/noticias\/el-congreso-da-luz-verde-definitiva-a-la-reforma-concursal\/\" \/>\n\t<meta name=\"generator\" content=\"All in One SEO Pro (AIOSEO) 4.9.6.2\" \/>\n\t\t<meta property=\"og:locale\" content=\"es_ES\" \/>\n\t\t<meta property=\"og:site_name\" content=\"El Digital de Asturias\" \/>\n\t\t<meta property=\"og:type\" content=\"article\" \/>\n\t\t<meta property=\"og:title\" content=\"El Congreso da luz verde definitiva a la reforma concursal - El Digital de Asturias\" \/>\n\t\t<meta property=\"og:description\" content=\"(EP) - El Pleno del Congreso ha revertido este jueves los cambios introducidos por el Senado a la reforma de la ley concursal, que tras sus \u00faltimas votaciones\" \/>\n\t\t<meta property=\"og:url\" content=\"https:\/\/www.eldigitaldeasturias.com\/noticias\/el-congreso-da-luz-verde-definitiva-a-la-reforma-concursal\/\" \/>\n\t\t<meta property=\"og:image\" content=\"https:\/\/www.eldigitaldeasturias.com\/noticias\/wp-content\/uploads\/2022\/08\/Congreso.jpg\" \/>\n\t\t<meta property=\"og:image:secure_url\" content=\"https:\/\/www.eldigitaldeasturias.com\/noticias\/wp-content\/uploads\/2022\/08\/Congreso.jpg\" \/>\n\t\t<meta property=\"og:image:width\" content=\"1006\" \/>\n\t\t<meta property=\"og:image:height\" content=\"654\" \/>\n\t\t<meta property=\"article:tag\" content=\"econom\u00eda\" \/>\n\t\t<meta property=\"article:published_time\" content=\"2022-08-26T14:50:41+00:00\" \/>\n\t\t<meta property=\"article:modified_time\" content=\"2022-08-26T14:50:41+00:00\" \/>\n\t\t<meta property=\"article:publisher\" content=\"https:\/\/facebook.com\/eldigitaldeasturias\" \/>\n\t\t<meta name=\"twitter:card\" content=\"summary_large_image\" \/>\n\t\t<meta name=\"twitter:title\" content=\"El Congreso da luz verde definitiva a la reforma concursal - El Digital de Asturias\" \/>\n\t\t<meta name=\"twitter:description\" content=\"(EP) - El Pleno del Congreso ha revertido este jueves los cambios introducidos por el Senado a la reforma de la ley concursal, que tras sus \u00faltimas votaciones\" \/>\n\t\t<meta name=\"twitter:image\" content=\"https:\/\/www.eldigitaldeasturias.com\/noticias\/wp-content\/uploads\/2022\/08\/Congreso.jpg\" \/>\n\t\t<meta name=\"twitter:label1\" content=\"Escrito por\" \/>\n\t\t<meta name=\"twitter:data1\" content=\"El Digital de Asturias\" \/>\n\t\t<meta name=\"twitter:label2\" content=\"Tiempo de lectura estimado\" \/>\n\t\t<meta name=\"twitter:data2\" content=\"3 minutos\" \/>\n\t\t<script type=\"application\/ld+json\" class=\"aioseo-schema\">\n\t\t\t{\"@context\":\"https:\\\/\\\/schema.org\",\"@graph\":[{\"@type\":\"BlogPosting\",\"@id\":\"https:\\\/\\\/www.eldigitaldeasturias.com\\\/noticias\\\/el-congreso-da-luz-verde-definitiva-a-la-reforma-concursal\\\/#blogposting\",\"name\":\"El Congreso da luz verde definitiva a la reforma concursal - El Digital de Asturias\",\"headline\":\"El Congreso da luz verde definitiva a la reforma concursal\",\"author\":{\"@id\":\"https:\\\/\\\/www.eldigitaldeasturias.com\\\/noticias\\\/author\\\/admin\\\/#author\"},\"publisher\":{\"@id\":\"https:\\\/\\\/www.eldigitaldeasturias.com\\\/noticias\\\/#organization\"},\"image\":{\"@type\":\"ImageObject\",\"url\":\"https:\\\/\\\/www.eldigitaldeasturias.com\\\/noticias\\\/wp-content\\\/uploads\\\/2022\\\/08\\\/Congreso.jpg\",\"width\":1006,\"height\":654,\"caption\":\"Foto:  Alejandro Mart\\u00ednez V\\u00e9lez - Europa Press\"},\"datePublished\":\"2022-08-26T16:50:41+02:00\",\"dateModified\":\"2022-08-26T16:50:41+02:00\",\"inLanguage\":\"es-ES\",\"mainEntityOfPage\":{\"@id\":\"https:\\\/\\\/www.eldigitaldeasturias.com\\\/noticias\\\/el-congreso-da-luz-verde-definitiva-a-la-reforma-concursal\\\/#webpage\"},\"isPartOf\":{\"@id\":\"https:\\\/\\\/www.eldigitaldeasturias.com\\\/noticias\\\/el-congreso-da-luz-verde-definitiva-a-la-reforma-concursal\\\/#webpage\"},\"articleSection\":\"Econom\\u00eda\"},{\"@type\":\"BreadcrumbList\",\"@id\":\"https:\\\/\\\/www.eldigitaldeasturias.com\\\/noticias\\\/el-congreso-da-luz-verde-definitiva-a-la-reforma-concursal\\\/#breadcrumblist\",\"itemListElement\":[{\"@type\":\"ListItem\",\"@id\":\"https:\\\/\\\/www.eldigitaldeasturias.com\\\/noticias#listItem\",\"position\":1,\"name\":\"Home\",\"item\":\"https:\\\/\\\/www.eldigitaldeasturias.com\\\/noticias\",\"nextItem\":{\"@type\":\"ListItem\",\"@id\":\"https:\\\/\\\/www.eldigitaldeasturias.com\\\/noticias\\\/category\\\/economia\\\/#listItem\",\"name\":\"Econom\\u00eda\"}},{\"@type\":\"ListItem\",\"@id\":\"https:\\\/\\\/www.eldigitaldeasturias.com\\\/noticias\\\/category\\\/economia\\\/#listItem\",\"position\":2,\"name\":\"Econom\\u00eda\",\"item\":\"https:\\\/\\\/www.eldigitaldeasturias.com\\\/noticias\\\/category\\\/economia\\\/\",\"nextItem\":{\"@type\":\"ListItem\",\"@id\":\"https:\\\/\\\/www.eldigitaldeasturias.com\\\/noticias\\\/el-congreso-da-luz-verde-definitiva-a-la-reforma-concursal\\\/#listItem\",\"name\":\"El Congreso da luz verde definitiva a la reforma concursal\"},\"previousItem\":{\"@type\":\"ListItem\",\"@id\":\"https:\\\/\\\/www.eldigitaldeasturias.com\\\/noticias#listItem\",\"name\":\"Home\"}},{\"@type\":\"ListItem\",\"@id\":\"https:\\\/\\\/www.eldigitaldeasturias.com\\\/noticias\\\/el-congreso-da-luz-verde-definitiva-a-la-reforma-concursal\\\/#listItem\",\"position\":3,\"name\":\"El Congreso da luz verde definitiva a la reforma concursal\",\"previousItem\":{\"@type\":\"ListItem\",\"@id\":\"https:\\\/\\\/www.eldigitaldeasturias.com\\\/noticias\\\/category\\\/economia\\\/#listItem\",\"name\":\"Econom\\u00eda\"}}]},{\"@type\":\"Organization\",\"@id\":\"https:\\\/\\\/www.eldigitaldeasturias.com\\\/noticias\\\/#organization\",\"name\":\"El Digital de Asturias\",\"description\":\"Hemeroteca\",\"url\":\"https:\\\/\\\/www.eldigitaldeasturias.com\\\/noticias\\\/\",\"email\":\"info@eldigitaldeasturias.com\",\"telephone\":\"+34652131393\",\"logo\":{\"@type\":\"ImageObject\",\"url\":\"https:\\\/\\\/www.eldigitaldeasturias.com\\\/noticias\\\/wp-content\\\/uploads\\\/2020\\\/12\\\/EDA.jpg\",\"@id\":\"https:\\\/\\\/www.eldigitaldeasturias.com\\\/noticias\\\/el-congreso-da-luz-verde-definitiva-a-la-reforma-concursal\\\/#organizationLogo\",\"width\":649,\"height\":297},\"image\":{\"@id\":\"https:\\\/\\\/www.eldigitaldeasturias.com\\\/noticias\\\/el-congreso-da-luz-verde-definitiva-a-la-reforma-concursal\\\/#organizationLogo\"},\"sameAs\":[\"https:\\\/\\\/facebook.com\\\/eldigitaldeasturias\",\"https:\\\/\\\/www.youtube.com\\\/channel\\\/UCZP-2wLEB9Rv6erhFmqVnvg\"],\"address\":{\"@id\":\"https:\\\/\\\/www.eldigitaldeasturias.com\\\/noticias\\\/#postaladdress\",\"@type\":\"PostalAddress\",\"streetAddress\":\"san antonio 4,\",\"postalCode\":\"33430\",\"addressLocality\":\"Cand\\u00e1s\",\"addressRegion\":\"Asturias\",\"addressCountry\":\"ES\"}},{\"@type\":\"Person\",\"@id\":\"https:\\\/\\\/www.eldigitaldeasturias.com\\\/noticias\\\/author\\\/admin\\\/#author\",\"url\":\"https:\\\/\\\/www.eldigitaldeasturias.com\\\/noticias\\\/author\\\/admin\\\/\",\"name\":\"El Digital de Asturias\",\"image\":{\"@type\":\"ImageObject\",\"@id\":\"https:\\\/\\\/www.eldigitaldeasturias.com\\\/noticias\\\/el-congreso-da-luz-verde-definitiva-a-la-reforma-concursal\\\/#authorImage\",\"url\":\"https:\\\/\\\/www.eldigitaldeasturias.com\\\/noticias\\\/wp-content\\\/litespeed\\\/avatar\\\/18677e78aa0546b92d9dbf31ec7d7668.jpg?ver=1777290358\",\"width\":96,\"height\":96,\"caption\":\"El Digital de Asturias\"}},{\"@type\":\"WebPage\",\"@id\":\"https:\\\/\\\/www.eldigitaldeasturias.com\\\/noticias\\\/el-congreso-da-luz-verde-definitiva-a-la-reforma-concursal\\\/#webpage\",\"url\":\"https:\\\/\\\/www.eldigitaldeasturias.com\\\/noticias\\\/el-congreso-da-luz-verde-definitiva-a-la-reforma-concursal\\\/\",\"name\":\"El Congreso da luz verde definitiva a la reforma concursal - El Digital de Asturias\",\"description\":\"(EP) - El Pleno del Congreso ha revertido este jueves los cambios introducidos por el Senado a la reforma de la ley concursal, que tras sus \\u00faltimas votaciones\",\"inLanguage\":\"es-ES\",\"isPartOf\":{\"@id\":\"https:\\\/\\\/www.eldigitaldeasturias.com\\\/noticias\\\/#website\"},\"breadcrumb\":{\"@id\":\"https:\\\/\\\/www.eldigitaldeasturias.com\\\/noticias\\\/el-congreso-da-luz-verde-definitiva-a-la-reforma-concursal\\\/#breadcrumblist\"},\"author\":{\"@id\":\"https:\\\/\\\/www.eldigitaldeasturias.com\\\/noticias\\\/author\\\/admin\\\/#author\"},\"creator\":{\"@id\":\"https:\\\/\\\/www.eldigitaldeasturias.com\\\/noticias\\\/author\\\/admin\\\/#author\"},\"image\":{\"@type\":\"ImageObject\",\"url\":\"https:\\\/\\\/www.eldigitaldeasturias.com\\\/noticias\\\/wp-content\\\/uploads\\\/2022\\\/08\\\/Congreso.jpg\",\"@id\":\"https:\\\/\\\/www.eldigitaldeasturias.com\\\/noticias\\\/el-congreso-da-luz-verde-definitiva-a-la-reforma-concursal\\\/#mainImage\",\"width\":1006,\"height\":654,\"caption\":\"Foto:  Alejandro Mart\\u00ednez V\\u00e9lez - Europa Press\"},\"primaryImageOfPage\":{\"@id\":\"https:\\\/\\\/www.eldigitaldeasturias.com\\\/noticias\\\/el-congreso-da-luz-verde-definitiva-a-la-reforma-concursal\\\/#mainImage\"},\"datePublished\":\"2022-08-26T16:50:41+02:00\",\"dateModified\":\"2022-08-26T16:50:41+02:00\"},{\"@type\":\"WebSite\",\"@id\":\"https:\\\/\\\/www.eldigitaldeasturias.com\\\/noticias\\\/#website\",\"url\":\"https:\\\/\\\/www.eldigitaldeasturias.com\\\/noticias\\\/\",\"name\":\"El Digital de Asturias - Diario de actualidad y noticias\",\"alternateName\":\"El Digital de Asturias - Diario de actualidad y noticias\",\"description\":\"Hemeroteca\",\"inLanguage\":\"es-ES\",\"publisher\":{\"@id\":\"https:\\\/\\\/www.eldigitaldeasturias.com\\\/noticias\\\/#organization\"}}]}\n\t\t<\/script>\n\t\t<!-- All in One SEO Pro -->\r\n\t\t<title>El Congreso da luz verde definitiva a la reforma concursal - El Digital de Asturias<\/title>\n\n","aioseo_head_json":{"title":"El Congreso da luz verde definitiva a la reforma concursal - El Digital de Asturias","description":"(EP) - El Pleno del Congreso ha revertido este jueves los cambios introducidos por el Senado a la reforma de la ley concursal, que tras sus \u00faltimas votaciones","canonical_url":"https:\/\/www.eldigitaldeasturias.com\/noticias\/el-congreso-da-luz-verde-definitiva-a-la-reforma-concursal\/","robots":"max-image-preview:large","keywords":"econom\u00eda","webmasterTools":{"google-site-verification":"UA-38556648-1","msvalidate.01":"7dfe9f3f1b24437ab69f4f2559babe99","miscellaneous":""},"schema":{"@context":"https:\/\/schema.org","@graph":[{"@type":"BlogPosting","@id":"https:\/\/www.eldigitaldeasturias.com\/noticias\/el-congreso-da-luz-verde-definitiva-a-la-reforma-concursal\/#blogposting","name":"El Congreso da luz verde definitiva a la reforma concursal - El Digital de Asturias","headline":"El Congreso da luz verde definitiva a la reforma concursal","author":{"@id":"https:\/\/www.eldigitaldeasturias.com\/noticias\/author\/admin\/#author"},"publisher":{"@id":"https:\/\/www.eldigitaldeasturias.com\/noticias\/#organization"},"image":{"@type":"ImageObject","url":"https:\/\/www.eldigitaldeasturias.com\/noticias\/wp-content\/uploads\/2022\/08\/Congreso.jpg","width":1006,"height":654,"caption":"Foto:  Alejandro Mart\u00ednez V\u00e9lez - Europa Press"},"datePublished":"2022-08-26T16:50:41+02:00","dateModified":"2022-08-26T16:50:41+02:00","inLanguage":"es-ES","mainEntityOfPage":{"@id":"https:\/\/www.eldigitaldeasturias.com\/noticias\/el-congreso-da-luz-verde-definitiva-a-la-reforma-concursal\/#webpage"},"isPartOf":{"@id":"https:\/\/www.eldigitaldeasturias.com\/noticias\/el-congreso-da-luz-verde-definitiva-a-la-reforma-concursal\/#webpage"},"articleSection":"Econom\u00eda"},{"@type":"BreadcrumbList","@id":"https:\/\/www.eldigitaldeasturias.com\/noticias\/el-congreso-da-luz-verde-definitiva-a-la-reforma-concursal\/#breadcrumblist","itemListElement":[{"@type":"ListItem","@id":"https:\/\/www.eldigitaldeasturias.com\/noticias#listItem","position":1,"name":"Home","item":"https:\/\/www.eldigitaldeasturias.com\/noticias","nextItem":{"@type":"ListItem","@id":"https:\/\/www.eldigitaldeasturias.com\/noticias\/category\/economia\/#listItem","name":"Econom\u00eda"}},{"@type":"ListItem","@id":"https:\/\/www.eldigitaldeasturias.com\/noticias\/category\/economia\/#listItem","position":2,"name":"Econom\u00eda","item":"https:\/\/www.eldigitaldeasturias.com\/noticias\/category\/economia\/","nextItem":{"@type":"ListItem","@id":"https:\/\/www.eldigitaldeasturias.com\/noticias\/el-congreso-da-luz-verde-definitiva-a-la-reforma-concursal\/#listItem","name":"El Congreso da luz verde definitiva a la reforma concursal"},"previousItem":{"@type":"ListItem","@id":"https:\/\/www.eldigitaldeasturias.com\/noticias#listItem","name":"Home"}},{"@type":"ListItem","@id":"https:\/\/www.eldigitaldeasturias.com\/noticias\/el-congreso-da-luz-verde-definitiva-a-la-reforma-concursal\/#listItem","position":3,"name":"El Congreso da luz verde definitiva a la reforma concursal","previousItem":{"@type":"ListItem","@id":"https:\/\/www.eldigitaldeasturias.com\/noticias\/category\/economia\/#listItem","name":"Econom\u00eda"}}]},{"@type":"Organization","@id":"https:\/\/www.eldigitaldeasturias.com\/noticias\/#organization","name":"El Digital de Asturias","description":"Hemeroteca","url":"https:\/\/www.eldigitaldeasturias.com\/noticias\/","email":"info@eldigitaldeasturias.com","telephone":"+34652131393","logo":{"@type":"ImageObject","url":"https:\/\/www.eldigitaldeasturias.com\/noticias\/wp-content\/uploads\/2020\/12\/EDA.jpg","@id":"https:\/\/www.eldigitaldeasturias.com\/noticias\/el-congreso-da-luz-verde-definitiva-a-la-reforma-concursal\/#organizationLogo","width":649,"height":297},"image":{"@id":"https:\/\/www.eldigitaldeasturias.com\/noticias\/el-congreso-da-luz-verde-definitiva-a-la-reforma-concursal\/#organizationLogo"},"sameAs":["https:\/\/facebook.com\/eldigitaldeasturias","https:\/\/www.youtube.com\/channel\/UCZP-2wLEB9Rv6erhFmqVnvg"],"address":{"@id":"https:\/\/www.eldigitaldeasturias.com\/noticias\/#postaladdress","@type":"PostalAddress","streetAddress":"san antonio 4,","postalCode":"33430","addressLocality":"Cand\u00e1s","addressRegion":"Asturias","addressCountry":"ES"}},{"@type":"Person","@id":"https:\/\/www.eldigitaldeasturias.com\/noticias\/author\/admin\/#author","url":"https:\/\/www.eldigitaldeasturias.com\/noticias\/author\/admin\/","name":"El Digital de Asturias","image":{"@type":"ImageObject","@id":"https:\/\/www.eldigitaldeasturias.com\/noticias\/el-congreso-da-luz-verde-definitiva-a-la-reforma-concursal\/#authorImage","url":"https:\/\/www.eldigitaldeasturias.com\/noticias\/wp-content\/litespeed\/avatar\/18677e78aa0546b92d9dbf31ec7d7668.jpg?ver=1777290358","width":96,"height":96,"caption":"El Digital de Asturias"}},{"@type":"WebPage","@id":"https:\/\/www.eldigitaldeasturias.com\/noticias\/el-congreso-da-luz-verde-definitiva-a-la-reforma-concursal\/#webpage","url":"https:\/\/www.eldigitaldeasturias.com\/noticias\/el-congreso-da-luz-verde-definitiva-a-la-reforma-concursal\/","name":"El Congreso da luz verde definitiva a la reforma concursal - El Digital de Asturias","description":"(EP) - El Pleno del Congreso ha revertido este jueves los cambios introducidos por el Senado a la reforma de la ley concursal, que tras sus \u00faltimas votaciones","inLanguage":"es-ES","isPartOf":{"@id":"https:\/\/www.eldigitaldeasturias.com\/noticias\/#website"},"breadcrumb":{"@id":"https:\/\/www.eldigitaldeasturias.com\/noticias\/el-congreso-da-luz-verde-definitiva-a-la-reforma-concursal\/#breadcrumblist"},"author":{"@id":"https:\/\/www.eldigitaldeasturias.com\/noticias\/author\/admin\/#author"},"creator":{"@id":"https:\/\/www.eldigitaldeasturias.com\/noticias\/author\/admin\/#author"},"image":{"@type":"ImageObject","url":"https:\/\/www.eldigitaldeasturias.com\/noticias\/wp-content\/uploads\/2022\/08\/Congreso.jpg","@id":"https:\/\/www.eldigitaldeasturias.com\/noticias\/el-congreso-da-luz-verde-definitiva-a-la-reforma-concursal\/#mainImage","width":1006,"height":654,"caption":"Foto:  Alejandro Mart\u00ednez V\u00e9lez - Europa Press"},"primaryImageOfPage":{"@id":"https:\/\/www.eldigitaldeasturias.com\/noticias\/el-congreso-da-luz-verde-definitiva-a-la-reforma-concursal\/#mainImage"},"datePublished":"2022-08-26T16:50:41+02:00","dateModified":"2022-08-26T16:50:41+02:00"},{"@type":"WebSite","@id":"https:\/\/www.eldigitaldeasturias.com\/noticias\/#website","url":"https:\/\/www.eldigitaldeasturias.com\/noticias\/","name":"El Digital de Asturias - Diario de actualidad y noticias","alternateName":"El Digital de Asturias - Diario de actualidad y noticias","description":"Hemeroteca","inLanguage":"es-ES","publisher":{"@id":"https:\/\/www.eldigitaldeasturias.com\/noticias\/#organization"}}]},"og:locale":"es_ES","og:site_name":"El Digital de Asturias","og:type":"article","og:title":"El Congreso da luz verde definitiva a la reforma concursal - El Digital de Asturias","og:description":"(EP) - El Pleno del Congreso ha revertido este jueves los cambios introducidos por el Senado a la reforma de la ley concursal, que tras sus \u00faltimas votaciones","og:url":"https:\/\/www.eldigitaldeasturias.com\/noticias\/el-congreso-da-luz-verde-definitiva-a-la-reforma-concursal\/","og:image":"https:\/\/www.eldigitaldeasturias.com\/noticias\/wp-content\/uploads\/2022\/08\/Congreso.jpg","og:image:secure_url":"https:\/\/www.eldigitaldeasturias.com\/noticias\/wp-content\/uploads\/2022\/08\/Congreso.jpg","og:image:width":1006,"og:image:height":654,"article:tag":["econom\u00eda"],"article:published_time":"2022-08-26T14:50:41+00:00","article:modified_time":"2022-08-26T14:50:41+00:00","article:publisher":"https:\/\/facebook.com\/eldigitaldeasturias","twitter:card":"summary_large_image","twitter:title":"El Congreso da luz verde definitiva a la reforma concursal - El Digital de Asturias","twitter:description":"(EP) - El Pleno del Congreso ha revertido este jueves los cambios introducidos por el Senado a la reforma de la ley concursal, que tras sus \u00faltimas votaciones","twitter:image":"https:\/\/www.eldigitaldeasturias.com\/noticias\/wp-content\/uploads\/2022\/08\/Congreso.jpg","twitter:label1":"Escrito por","twitter:data1":"El Digital de Asturias","twitter:label2":"Tiempo de lectura estimado","twitter:data2":"3 minutos"},"aioseo_meta_data":{"post_id":"1115711","title":null,"description":"(EP) - El Pleno del Congreso ha revertido este jueves los cambios introducidos por el Senado a la reforma de la ley concursal, que tras sus \u00faltimas votaciones","keywords":[],"keyphrases":{"focus":{"keyphrase":"Congreso ","score":83,"analysis":{"keyphraseInTitle":{"title":"Focus keyphrase in SEO title","description":"Focus keyphrase found in SEO title.","score":9,"maxScore":9,"error":0},"keyphraseInDescription":{"title":"Focus keyphrase in meta description","description":"Focus keyphrase found in meta description.","score":9,"maxScore":9,"error":0},"keyphraseLength":{"title":"Focus keyphrase length","description":"Good job!","score":9,"maxScore":9,"error":0,"length":1},"keyphraseInURL":{"title":"Focus keyphrase in URL","description":"Focus keyphrase not found in the URL.","score":1,"maxScore":5,"error":1},"keyphraseInIntroduction":{"title":"Focus keyphrase in introduction","description":"Your Focus keyphrase appears in the first paragraph. Well done!","score":9,"maxScore":9,"error":0},"keyphraseInSubHeadings":{"title":"Focus keyphrase in Subheadings","description":"Use your focus keyphrase more in your H2 and H3 subheadings.","score":3,"maxScore":9,"error":1},"keyphraseInImageAlt":{"title":"Focus keyphrase in image alt attributes","description":"Focus keyphrase found in image alt attribute(s).","score":9,"maxScore":9,"error":0}}},"additional":[{"keyphrase":"ley concursal","score":83,"analysis":{"keyphraseInDescription":{"title":"Keyphrase in meta description","description":"Keyphrase found in meta description.","score":9,"maxScore":9,"error":0},"keyphraseLength":{"title":"Keyphrase length","description":"Good job!","score":9,"maxScore":9,"error":0,"length":2},"keyphraseInIntroduction":{"title":"Keyphrase in introduction","description":"Your Keyphrase appears in the first paragraph. Well done!","score":9,"maxScore":9,"error":0},"keyphraseInImageAlt":{"title":"Keyphrase in image alt attributes","description":"Keyphrase not found in image alt attribute(s). Add an image with your Keyphrase as alt text.","score":3,"maxScore":9,"error":1}}}]},"primary_term":null,"canonical_url":null,"og_title":null,"og_description":null,"og_object_type":"default","og_image_type":"default","og_image_url":null,"og_image_width":null,"og_image_height":null,"og_image_custom_url":null,"og_image_custom_fields":null,"og_video":"","og_custom_url":null,"og_article_section":null,"og_article_tags":[],"twitter_use_og":false,"twitter_card":"default","twitter_image_type":"default","twitter_image_url":null,"twitter_image_custom_url":null,"twitter_image_custom_fields":null,"twitter_title":null,"twitter_description":null,"schema":{"blockGraphs":[],"customGraphs":[],"default":{"data":{"Article":[],"Course":[],"Dataset":[],"FAQPage":[],"Movie":[],"Person":[],"Product":[],"ProductReview":[],"Car":[],"Recipe":[],"Service":[],"SoftwareApplication":[],"WebPage":[]},"graphName":"","isEnabled":true},"graphs":[],"defaultGraph":"Article","defaultPostTypeGraph":""},"schema_type":"default","schema_type_options":"{\"article\":{\"articleType\":\"BlogPosting\"},\"course\":{\"name\":\"\",\"description\":\"\",\"provider\":\"\"},\"faq\":{\"pages\":[]},\"product\":{\"reviews\":[]},\"recipe\":{\"ingredients\":[],\"instructions\":[],\"keywords\":[]},\"software\":{\"reviews\":[],\"operatingSystems\":[]},\"webPage\":{\"webPageType\":\"WebPage\"},\"blockGraphs\":[]}","pillar_content":false,"robots_default":true,"robots_noindex":false,"robots_noarchive":false,"robots_nosnippet":false,"robots_nofollow":false,"robots_noimageindex":false,"robots_noodp":false,"robots_notranslate":false,"robots_max_snippet":"-1","robots_max_videopreview":"-1","robots_max_imagepreview":"large","priority":null,"frequency":"default","local_seo":null,"seo_analyzer_scan_date":"2025-10-03 14:20:23","breadcrumb_settings":null,"limit_modified_date":false,"open_ai":null,"ai":null,"created":"2022-08-26 10:46:01","updated":"2025-10-03 14:20:23"},"aioseo_breadcrumb":"<div class=\"aioseo-breadcrumbs\"><span class=\"aioseo-breadcrumb\">\n\t<a href=\"https:\/\/www.eldigitaldeasturias.com\/noticias\" title=\"Home\">Home<\/a>\n<\/span><span class=\"aioseo-breadcrumb-separator\">\u2013<\/span><span class=\"aioseo-breadcrumb\">\n\t<a href=\"https:\/\/www.eldigitaldeasturias.com\/noticias\/category\/economia\/\" title=\"Econom\u00eda\">Econom\u00eda<\/a>\n<\/span><span class=\"aioseo-breadcrumb-separator\">\u2013<\/span><span class=\"aioseo-breadcrumb\">\n\t<a href=\"https:\/\/www.eldigitaldeasturias.com\/noticias\/el-congreso-da-luz-verde-definitiva-a-la-reforma-concursal\/\" title=\"El Congreso da luz verde definitiva a la reforma concursal\">El Congreso da luz verde definitiva a la reforma concursal<\/a>\n<\/span><\/div>","aioseo_breadcrumb_json":[{"label":"Home","link":"https:\/\/www.eldigitaldeasturias.com\/noticias"},{"label":"Econom\u00eda","link":"https:\/\/www.eldigitaldeasturias.com\/noticias\/category\/economia\/"},{"label":"El Congreso da luz verde definitiva a la reforma concursal","link":"https:\/\/www.eldigitaldeasturias.com\/noticias\/el-congreso-da-luz-verde-definitiva-a-la-reforma-concursal\/"}],"_links":{"self":[{"href":"https:\/\/www.eldigitaldeasturias.com\/noticias\/wp-json\/wp\/v2\/posts\/1115711","targetHints":{"allow":["GET"]}}],"collection":[{"href":"https:\/\/www.eldigitaldeasturias.com\/noticias\/wp-json\/wp\/v2\/posts"}],"about":[{"href":"https:\/\/www.eldigitaldeasturias.com\/noticias\/wp-json\/wp\/v2\/types\/post"}],"author":[{"embeddable":true,"href":"https:\/\/www.eldigitaldeasturias.com\/noticias\/wp-json\/wp\/v2\/users\/1"}],"replies":[{"embeddable":true,"href":"https:\/\/www.eldigitaldeasturias.com\/noticias\/wp-json\/wp\/v2\/comments?post=1115711"}],"version-history":[{"count":0,"href":"https:\/\/www.eldigitaldeasturias.com\/noticias\/wp-json\/wp\/v2\/posts\/1115711\/revisions"}],"wp:featuredmedia":[{"embeddable":true,"href":"https:\/\/www.eldigitaldeasturias.com\/noticias\/wp-json\/wp\/v2\/media\/1115712"}],"wp:attachment":[{"href":"https:\/\/www.eldigitaldeasturias.com\/noticias\/wp-json\/wp\/v2\/media?parent=1115711"}],"wp:term":[{"taxonomy":"category","embeddable":true,"href":"https:\/\/www.eldigitaldeasturias.com\/noticias\/wp-json\/wp\/v2\/categories?post=1115711"},{"taxonomy":"post_tag","embeddable":true,"href":"https:\/\/www.eldigitaldeasturias.com\/noticias\/wp-json\/wp\/v2\/tags?post=1115711"}],"curies":[{"name":"wp","href":"https:\/\/api.w.org\/{rel}","templated":true}]}}