{"id":1115533,"date":"2022-08-21T15:08:12","date_gmt":"2022-08-21T13:08:12","guid":{"rendered":"https:\/\/www.eldigitaldeasturias.com\/noticias\/?p=1115533"},"modified":"2022-08-21T15:08:12","modified_gmt":"2022-08-21T13:08:12","slug":"cuanto-costara-la-luz-el-lunes-22-de-agosto-de-2022","status":"publish","type":"post","link":"https:\/\/www.eldigitaldeasturias.com\/noticias\/cuanto-costara-la-luz-el-lunes-22-de-agosto-de-2022\/","title":{"rendered":"\u00bfCu\u00e1nto costar\u00e1 la luz el lunes 22 de agosto de 2022?"},"content":{"rendered":"<p>(EP) &#8211; El precio promedio de la luz para los clientes de tarifa regulada vinculados al mercado mayorista sube este lunes un 3,59% con respecto a este domingo, hasta los 271,06 euros por megavatio hora (MWh), seg\u00fan los datos provisionales del Operador del Mercado Ib\u00e9rico de Energ\u00eda (OMIE) recogidos por Europa Press.<\/p>\n<figure id=\"attachment_1115534\" aria-describedby=\"caption-attachment-1115534\" style=\"width: 650px\" class=\"wp-caption aligncenter\"><img loading=\"lazy\" decoding=\"async\" class=\"wp-image-1115534 size-large\" src=\"https:\/\/www.eldigitaldeasturias.com\/noticias\/wp-content\/uploads\/2022\/08\/luz-650x422.jpg\" alt=\"luz\" width=\"650\" height=\"422\" srcset=\"https:\/\/www.eldigitaldeasturias.com\/noticias\/wp-content\/uploads\/2022\/08\/luz-650x422.jpg 650w, https:\/\/www.eldigitaldeasturias.com\/noticias\/wp-content\/uploads\/2022\/08\/luz-360x234.jpg 360w, https:\/\/www.eldigitaldeasturias.com\/noticias\/wp-content\/uploads\/2022\/08\/luz-462x300.jpg 462w, https:\/\/www.eldigitaldeasturias.com\/noticias\/wp-content\/uploads\/2022\/08\/luz-768x498.jpg 768w, https:\/\/www.eldigitaldeasturias.com\/noticias\/wp-content\/uploads\/2022\/08\/luz-150x97.jpg 150w, https:\/\/www.eldigitaldeasturias.com\/noticias\/wp-content\/uploads\/2022\/08\/luz-450x292.jpg 450w, https:\/\/www.eldigitaldeasturias.com\/noticias\/wp-content\/uploads\/2022\/08\/luz.jpg 994w\" sizes=\"auto, (max-width: 650px) 100vw, 650px\" \/><figcaption id=\"caption-attachment-1115534\" class=\"wp-caption-text\">Foto: David Zorrakino &#8211; Europa Press<\/figcaption><\/figure>\n<p>Este precio es el resultado de sumar el promedio de la subasta en el mercado mayorista a la compensaci\u00f3n que pagar\u00e1 la demanda a las centrales de ciclo combinado por la aplicaci\u00f3n de la &#8216;excepci\u00f3n ib\u00e9rica&#8217; para topar el precio del gas para la generaci\u00f3n de electricidad.<\/p>\n<p>En la subasta, el precio medio de la luz en el mercado mayorista &#8211;el denominado &#8216;pool&#8217;&#8211; se sit\u00faa para este lunes en 176,58 euros\/MWh. El precio m\u00e1ximo se registrar\u00e1 entre las 21.00 y las 22.00 horas, con 250 euros\/MWh, mientras que el m\u00ednimo para la jornada, de 125 euros\/MWh, se dar\u00e1 entre las 11.00 horas y las 12.00 horas.<\/p>\n<p>A este precio del &#8216;pool&#8217; se suma la compensaci\u00f3n de 94,48 euros\/MWh a las gasistas que tiene que ser abonada por los consumidores beneficiarios de la medida, los consumidores de la tarifa regulada (PVPC) o los que, a pesar de estar en el mercado libre, tienen una tarifa indexada.<\/p>\n<h2>UN 34,5% MENOS QUE SIN APLICARSE LA MEDIDA<\/h2>\n<p>En ausencia del mecanismo de la &#8216;excepci\u00f3n ib\u00e9rica&#8217; para topar el precio del gas para la generaci\u00f3n de electricidad, el precio de la electricidad en Espa\u00f1a ser\u00eda de media unos 414,34 euros\/MWh, lo que supone unos 143 euros\/MWh m\u00e1s que con la compensaci\u00f3n para los clientes de la tarifa regulada, que pagar\u00e1n as\u00ed un 34,5% menos de media.<\/p>\n<p>El &#8216;mecanismo ib\u00e9rico&#8217;, que entr\u00f3 en vigor el pasado 15 de junio, limita el precio del gas para la generaci\u00f3n el\u00e9ctrica a una media de 48,8 euros por MWh durante un periodo de doce meses, cubriendo as\u00ed el pr\u00f3ximo invierno, periodo en el que los precios de la energ\u00eda son m\u00e1s caros.<\/p>\n<p>En concreto, la &#8216;excepci\u00f3n ib\u00e9rica&#8217; fija una senda para el gas natural para generaci\u00f3n de electricidad de un precio de 40 euros\/MWh en los seis meses iniciales, y posteriormente, un incremento mensual de cinco euros\/MWh hasta la finalizaci\u00f3n de la medida.<\/p>\n<p>La vicepresidenta tercera del Gobierno y ministra para la Transici\u00f3n Ecol\u00f3gica y el Reto Demogr\u00e1fico, Teresa Ribera, estim\u00f3 esta semana que la excepci\u00f3n ib\u00e9rica ha supuesto un ahorro de 1.383 millones de euros para los consumidores espa\u00f1oles en sus dos meses de vigencia.<\/p>\n<p>Ribera indic\u00f3 que esta cifra representa un ahorro de 22 millones de euros diarios para la sociedad espa\u00f1ola desde la entrada en vigor del mecanismo.<\/p>\n","protected":false},"excerpt":{"rendered":"<p>(EP) &#8211; El precio promedio de la luz para los clientes de tarifa regulada vinculados al mercado mayorista sube este lunes un 3,59% con respecto a este domingo, hasta los 271,06 euros por megavatio hora (MWh), seg\u00fan los datos provisionales del Operador del Mercado Ib\u00e9rico de Energ\u00eda (OMIE) recogidos por Europa Press. Este precio es [&hellip;]<\/p>\n","protected":false},"author":1,"featured_media":1115534,"comment_status":"closed","ping_status":"closed","sticky":false,"template":"","format":"standard","meta":{"footnotes":""},"categories":[187],"tags":[],"class_list":["post-1115533","post","type-post","status-publish","format-standard","has-post-thumbnail","hentry","category-economia"],"aioseo_notices":[],"aioseo_head":"\n\t\t<!-- All in One SEO Pro 4.9.6.2 - aioseo.com -->\n\t<meta name=\"description\" content=\"(EP) - El precio promedio de la luz para los clientes de tarifa regulada vinculados al mercado mayorista sube este lunes un 3,59% con respecto a este domingo, hasta los 271,06 euros por megavatio hora (MWh), seg\u00fan los datos provisionales del Operador del Mercado Ib\u00e9rico de Energ\u00eda (OMIE) recogidos por Europa Press. Este precio es(EP) - El precio promedio de la luz para los clientes de tarifa regulada vinculados al mercado mayorista sube este lunes un 3,59% con respecto a este domingo\" \/>\n\t<meta name=\"robots\" content=\"max-image-preview:large\" \/>\n\t<meta name=\"author\" content=\"El Digital de Asturias\"\/>\n\t<meta name=\"google-site-verification\" content=\"UA-38556648-1\" \/>\n\t<meta name=\"msvalidate.01\" content=\"7dfe9f3f1b24437ab69f4f2559babe99\" \/>\n\t<meta name=\"keywords\" content=\"econom\u00eda\" \/>\n\t<link rel=\"canonical\" href=\"https:\/\/www.eldigitaldeasturias.com\/noticias\/cuanto-costara-la-luz-el-lunes-22-de-agosto-de-2022\/\" \/>\n\t<meta name=\"generator\" content=\"All in One SEO Pro (AIOSEO) 4.9.6.2\" \/>\n\t\t<meta property=\"og:locale\" content=\"es_ES\" \/>\n\t\t<meta property=\"og:site_name\" content=\"El Digital de Asturias\" \/>\n\t\t<meta property=\"og:type\" content=\"article\" \/>\n\t\t<meta property=\"og:title\" content=\"\u00bfCu\u00e1nto costar\u00e1 la luz el lunes 22 de agosto de 2022? - El Digital de Asturias\" \/>\n\t\t<meta property=\"og:description\" content=\"(EP) - El precio promedio de la luz para los clientes de tarifa regulada vinculados al mercado mayorista sube este lunes un 3,59% con respecto a este domingo, hasta los 271,06 euros por megavatio hora (MWh), seg\u00fan los datos provisionales del Operador del Mercado Ib\u00e9rico de Energ\u00eda (OMIE) recogidos por Europa Press. Este precio es(EP) - El precio promedio de la luz para los clientes de tarifa regulada vinculados al mercado mayorista sube este lunes un 3,59% con respecto a este domingo\" \/>\n\t\t<meta property=\"og:url\" content=\"https:\/\/www.eldigitaldeasturias.com\/noticias\/cuanto-costara-la-luz-el-lunes-22-de-agosto-de-2022\/\" \/>\n\t\t<meta property=\"og:image\" content=\"https:\/\/www.eldigitaldeasturias.com\/noticias\/wp-content\/uploads\/2022\/08\/luz.jpg\" \/>\n\t\t<meta property=\"og:image:secure_url\" content=\"https:\/\/www.eldigitaldeasturias.com\/noticias\/wp-content\/uploads\/2022\/08\/luz.jpg\" \/>\n\t\t<meta property=\"og:image:width\" content=\"994\" \/>\n\t\t<meta property=\"og:image:height\" content=\"645\" \/>\n\t\t<meta property=\"article:tag\" content=\"econom\u00eda\" \/>\n\t\t<meta property=\"article:published_time\" content=\"2022-08-21T13:08:12+00:00\" \/>\n\t\t<meta property=\"article:modified_time\" content=\"2022-08-21T13:08:12+00:00\" \/>\n\t\t<meta property=\"article:publisher\" content=\"https:\/\/facebook.com\/eldigitaldeasturias\" \/>\n\t\t<meta name=\"twitter:card\" content=\"summary_large_image\" \/>\n\t\t<meta name=\"twitter:title\" content=\"\u00bfCu\u00e1nto costar\u00e1 la luz el lunes 22 de agosto de 2022? - El Digital de Asturias\" \/>\n\t\t<meta name=\"twitter:description\" content=\"(EP) - El precio promedio de la luz para los clientes de tarifa regulada vinculados al mercado mayorista sube este lunes un 3,59% con respecto a este domingo, hasta los 271,06 euros por megavatio hora (MWh), seg\u00fan los datos provisionales del Operador del Mercado Ib\u00e9rico de Energ\u00eda (OMIE) recogidos por Europa Press. Este precio es(EP) - El precio promedio de la luz para los clientes de tarifa regulada vinculados al mercado mayorista sube este lunes un 3,59% con respecto a este domingo\" \/>\n\t\t<meta name=\"twitter:image\" content=\"https:\/\/www.eldigitaldeasturias.com\/noticias\/wp-content\/uploads\/2022\/08\/luz.jpg\" \/>\n\t\t<meta name=\"twitter:label1\" content=\"Escrito por\" \/>\n\t\t<meta name=\"twitter:data1\" content=\"El Digital de Asturias\" \/>\n\t\t<meta name=\"twitter:label2\" content=\"Tiempo de lectura estimado\" \/>\n\t\t<meta name=\"twitter:data2\" content=\"2 minutos\" \/>\n\t\t<script type=\"application\/ld+json\" class=\"aioseo-schema\">\n\t\t\t{\"@context\":\"https:\\\/\\\/schema.org\",\"@graph\":[{\"@type\":\"BlogPosting\",\"@id\":\"https:\\\/\\\/www.eldigitaldeasturias.com\\\/noticias\\\/cuanto-costara-la-luz-el-lunes-22-de-agosto-de-2022\\\/#blogposting\",\"name\":\"\\u00bfCu\\u00e1nto costar\\u00e1 la luz el lunes 22 de agosto de 2022? - El Digital de Asturias\",\"headline\":\"\\u00bfCu\\u00e1nto costar\\u00e1 la luz el lunes 22 de agosto de 2022?\",\"author\":{\"@id\":\"https:\\\/\\\/www.eldigitaldeasturias.com\\\/noticias\\\/author\\\/admin\\\/#author\"},\"publisher\":{\"@id\":\"https:\\\/\\\/www.eldigitaldeasturias.com\\\/noticias\\\/#organization\"},\"image\":{\"@type\":\"ImageObject\",\"url\":\"https:\\\/\\\/www.eldigitaldeasturias.com\\\/noticias\\\/wp-content\\\/uploads\\\/2022\\\/08\\\/luz.jpg\",\"width\":994,\"height\":645,\"caption\":\"Foto: David Zorrakino - Europa Press\"},\"datePublished\":\"2022-08-21T15:08:12+02:00\",\"dateModified\":\"2022-08-21T15:08:12+02:00\",\"inLanguage\":\"es-ES\",\"mainEntityOfPage\":{\"@id\":\"https:\\\/\\\/www.eldigitaldeasturias.com\\\/noticias\\\/cuanto-costara-la-luz-el-lunes-22-de-agosto-de-2022\\\/#webpage\"},\"isPartOf\":{\"@id\":\"https:\\\/\\\/www.eldigitaldeasturias.com\\\/noticias\\\/cuanto-costara-la-luz-el-lunes-22-de-agosto-de-2022\\\/#webpage\"},\"articleSection\":\"Econom\\u00eda\"},{\"@type\":\"BreadcrumbList\",\"@id\":\"https:\\\/\\\/www.eldigitaldeasturias.com\\\/noticias\\\/cuanto-costara-la-luz-el-lunes-22-de-agosto-de-2022\\\/#breadcrumblist\",\"itemListElement\":[{\"@type\":\"ListItem\",\"@id\":\"https:\\\/\\\/www.eldigitaldeasturias.com\\\/noticias#listItem\",\"position\":1,\"name\":\"Home\",\"item\":\"https:\\\/\\\/www.eldigitaldeasturias.com\\\/noticias\",\"nextItem\":{\"@type\":\"ListItem\",\"@id\":\"https:\\\/\\\/www.eldigitaldeasturias.com\\\/noticias\\\/category\\\/economia\\\/#listItem\",\"name\":\"Econom\\u00eda\"}},{\"@type\":\"ListItem\",\"@id\":\"https:\\\/\\\/www.eldigitaldeasturias.com\\\/noticias\\\/category\\\/economia\\\/#listItem\",\"position\":2,\"name\":\"Econom\\u00eda\",\"item\":\"https:\\\/\\\/www.eldigitaldeasturias.com\\\/noticias\\\/category\\\/economia\\\/\",\"nextItem\":{\"@type\":\"ListItem\",\"@id\":\"https:\\\/\\\/www.eldigitaldeasturias.com\\\/noticias\\\/cuanto-costara-la-luz-el-lunes-22-de-agosto-de-2022\\\/#listItem\",\"name\":\"\\u00bfCu\\u00e1nto costar\\u00e1 la luz el lunes 22 de agosto de 2022?\"},\"previousItem\":{\"@type\":\"ListItem\",\"@id\":\"https:\\\/\\\/www.eldigitaldeasturias.com\\\/noticias#listItem\",\"name\":\"Home\"}},{\"@type\":\"ListItem\",\"@id\":\"https:\\\/\\\/www.eldigitaldeasturias.com\\\/noticias\\\/cuanto-costara-la-luz-el-lunes-22-de-agosto-de-2022\\\/#listItem\",\"position\":3,\"name\":\"\\u00bfCu\\u00e1nto costar\\u00e1 la luz el lunes 22 de agosto de 2022?\",\"previousItem\":{\"@type\":\"ListItem\",\"@id\":\"https:\\\/\\\/www.eldigitaldeasturias.com\\\/noticias\\\/category\\\/economia\\\/#listItem\",\"name\":\"Econom\\u00eda\"}}]},{\"@type\":\"Organization\",\"@id\":\"https:\\\/\\\/www.eldigitaldeasturias.com\\\/noticias\\\/#organization\",\"name\":\"El Digital de Asturias\",\"description\":\"Hemeroteca\",\"url\":\"https:\\\/\\\/www.eldigitaldeasturias.com\\\/noticias\\\/\",\"email\":\"info@eldigitaldeasturias.com\",\"telephone\":\"+34652131393\",\"logo\":{\"@type\":\"ImageObject\",\"url\":\"https:\\\/\\\/www.eldigitaldeasturias.com\\\/noticias\\\/wp-content\\\/uploads\\\/2020\\\/12\\\/EDA.jpg\",\"@id\":\"https:\\\/\\\/www.eldigitaldeasturias.com\\\/noticias\\\/cuanto-costara-la-luz-el-lunes-22-de-agosto-de-2022\\\/#organizationLogo\",\"width\":649,\"height\":297},\"image\":{\"@id\":\"https:\\\/\\\/www.eldigitaldeasturias.com\\\/noticias\\\/cuanto-costara-la-luz-el-lunes-22-de-agosto-de-2022\\\/#organizationLogo\"},\"sameAs\":[\"https:\\\/\\\/facebook.com\\\/eldigitaldeasturias\",\"https:\\\/\\\/www.youtube.com\\\/channel\\\/UCZP-2wLEB9Rv6erhFmqVnvg\"],\"address\":{\"@id\":\"https:\\\/\\\/www.eldigitaldeasturias.com\\\/noticias\\\/#postaladdress\",\"@type\":\"PostalAddress\",\"streetAddress\":\"san antonio 4,\",\"postalCode\":\"33430\",\"addressLocality\":\"Cand\\u00e1s\",\"addressRegion\":\"Asturias\",\"addressCountry\":\"ES\"}},{\"@type\":\"Person\",\"@id\":\"https:\\\/\\\/www.eldigitaldeasturias.com\\\/noticias\\\/author\\\/admin\\\/#author\",\"url\":\"https:\\\/\\\/www.eldigitaldeasturias.com\\\/noticias\\\/author\\\/admin\\\/\",\"name\":\"El Digital de Asturias\",\"image\":{\"@type\":\"ImageObject\",\"@id\":\"https:\\\/\\\/www.eldigitaldeasturias.com\\\/noticias\\\/cuanto-costara-la-luz-el-lunes-22-de-agosto-de-2022\\\/#authorImage\",\"url\":\"https:\\\/\\\/www.eldigitaldeasturias.com\\\/noticias\\\/wp-content\\\/litespeed\\\/avatar\\\/18677e78aa0546b92d9dbf31ec7d7668.jpg?ver=1777290358\",\"width\":96,\"height\":96,\"caption\":\"El Digital de Asturias\"}},{\"@type\":\"WebPage\",\"@id\":\"https:\\\/\\\/www.eldigitaldeasturias.com\\\/noticias\\\/cuanto-costara-la-luz-el-lunes-22-de-agosto-de-2022\\\/#webpage\",\"url\":\"https:\\\/\\\/www.eldigitaldeasturias.com\\\/noticias\\\/cuanto-costara-la-luz-el-lunes-22-de-agosto-de-2022\\\/\",\"name\":\"\\u00bfCu\\u00e1nto costar\\u00e1 la luz el lunes 22 de agosto de 2022? - El Digital de Asturias\",\"description\":\"(EP) - El precio promedio de la luz para los clientes de tarifa regulada vinculados al mercado mayorista sube este lunes un 3,59% con respecto a este domingo, hasta los 271,06 euros por megavatio hora (MWh), seg\\u00fan los datos provisionales del Operador del Mercado Ib\\u00e9rico de Energ\\u00eda (OMIE) recogidos por Europa Press. Este precio es(EP) - El precio promedio de la luz para los clientes de tarifa regulada vinculados al mercado mayorista sube este lunes un 3,59% con respecto a este domingo\",\"inLanguage\":\"es-ES\",\"isPartOf\":{\"@id\":\"https:\\\/\\\/www.eldigitaldeasturias.com\\\/noticias\\\/#website\"},\"breadcrumb\":{\"@id\":\"https:\\\/\\\/www.eldigitaldeasturias.com\\\/noticias\\\/cuanto-costara-la-luz-el-lunes-22-de-agosto-de-2022\\\/#breadcrumblist\"},\"author\":{\"@id\":\"https:\\\/\\\/www.eldigitaldeasturias.com\\\/noticias\\\/author\\\/admin\\\/#author\"},\"creator\":{\"@id\":\"https:\\\/\\\/www.eldigitaldeasturias.com\\\/noticias\\\/author\\\/admin\\\/#author\"},\"image\":{\"@type\":\"ImageObject\",\"url\":\"https:\\\/\\\/www.eldigitaldeasturias.com\\\/noticias\\\/wp-content\\\/uploads\\\/2022\\\/08\\\/luz.jpg\",\"@id\":\"https:\\\/\\\/www.eldigitaldeasturias.com\\\/noticias\\\/cuanto-costara-la-luz-el-lunes-22-de-agosto-de-2022\\\/#mainImage\",\"width\":994,\"height\":645,\"caption\":\"Foto: David Zorrakino - Europa Press\"},\"primaryImageOfPage\":{\"@id\":\"https:\\\/\\\/www.eldigitaldeasturias.com\\\/noticias\\\/cuanto-costara-la-luz-el-lunes-22-de-agosto-de-2022\\\/#mainImage\"},\"datePublished\":\"2022-08-21T15:08:12+02:00\",\"dateModified\":\"2022-08-21T15:08:12+02:00\"},{\"@type\":\"WebSite\",\"@id\":\"https:\\\/\\\/www.eldigitaldeasturias.com\\\/noticias\\\/#website\",\"url\":\"https:\\\/\\\/www.eldigitaldeasturias.com\\\/noticias\\\/\",\"name\":\"El Digital de Asturias - Diario de actualidad y noticias\",\"alternateName\":\"El Digital de Asturias - Diario de actualidad y noticias\",\"description\":\"Hemeroteca\",\"inLanguage\":\"es-ES\",\"publisher\":{\"@id\":\"https:\\\/\\\/www.eldigitaldeasturias.com\\\/noticias\\\/#organization\"}}]}\n\t\t<\/script>\n\t\t<!-- All in One SEO Pro -->\r\n\t\t<title>\u00bfCu\u00e1nto costar\u00e1 la luz el lunes 22 de agosto de 2022? - El Digital de Asturias<\/title>\n\n","aioseo_head_json":{"title":"\u00bfCu\u00e1nto costar\u00e1 la luz el lunes 22 de agosto de 2022? - El Digital de Asturias","description":"(EP) - El precio promedio de la luz para los clientes de tarifa regulada vinculados al mercado mayorista sube este lunes un 3,59% con respecto a este domingo, hasta los 271,06 euros por megavatio hora (MWh), seg\u00fan los datos provisionales del Operador del Mercado Ib\u00e9rico de Energ\u00eda (OMIE) recogidos por Europa Press. Este precio es(EP) - El precio promedio de la luz para los clientes de tarifa regulada vinculados al mercado mayorista sube este lunes un 3,59% con respecto a este domingo","canonical_url":"https:\/\/www.eldigitaldeasturias.com\/noticias\/cuanto-costara-la-luz-el-lunes-22-de-agosto-de-2022\/","robots":"max-image-preview:large","keywords":"econom\u00eda","webmasterTools":{"google-site-verification":"UA-38556648-1","msvalidate.01":"7dfe9f3f1b24437ab69f4f2559babe99","miscellaneous":""},"schema":{"@context":"https:\/\/schema.org","@graph":[{"@type":"BlogPosting","@id":"https:\/\/www.eldigitaldeasturias.com\/noticias\/cuanto-costara-la-luz-el-lunes-22-de-agosto-de-2022\/#blogposting","name":"\u00bfCu\u00e1nto costar\u00e1 la luz el lunes 22 de agosto de 2022? - El Digital de Asturias","headline":"\u00bfCu\u00e1nto costar\u00e1 la luz el lunes 22 de agosto de 2022?","author":{"@id":"https:\/\/www.eldigitaldeasturias.com\/noticias\/author\/admin\/#author"},"publisher":{"@id":"https:\/\/www.eldigitaldeasturias.com\/noticias\/#organization"},"image":{"@type":"ImageObject","url":"https:\/\/www.eldigitaldeasturias.com\/noticias\/wp-content\/uploads\/2022\/08\/luz.jpg","width":994,"height":645,"caption":"Foto: David Zorrakino - Europa Press"},"datePublished":"2022-08-21T15:08:12+02:00","dateModified":"2022-08-21T15:08:12+02:00","inLanguage":"es-ES","mainEntityOfPage":{"@id":"https:\/\/www.eldigitaldeasturias.com\/noticias\/cuanto-costara-la-luz-el-lunes-22-de-agosto-de-2022\/#webpage"},"isPartOf":{"@id":"https:\/\/www.eldigitaldeasturias.com\/noticias\/cuanto-costara-la-luz-el-lunes-22-de-agosto-de-2022\/#webpage"},"articleSection":"Econom\u00eda"},{"@type":"BreadcrumbList","@id":"https:\/\/www.eldigitaldeasturias.com\/noticias\/cuanto-costara-la-luz-el-lunes-22-de-agosto-de-2022\/#breadcrumblist","itemListElement":[{"@type":"ListItem","@id":"https:\/\/www.eldigitaldeasturias.com\/noticias#listItem","position":1,"name":"Home","item":"https:\/\/www.eldigitaldeasturias.com\/noticias","nextItem":{"@type":"ListItem","@id":"https:\/\/www.eldigitaldeasturias.com\/noticias\/category\/economia\/#listItem","name":"Econom\u00eda"}},{"@type":"ListItem","@id":"https:\/\/www.eldigitaldeasturias.com\/noticias\/category\/economia\/#listItem","position":2,"name":"Econom\u00eda","item":"https:\/\/www.eldigitaldeasturias.com\/noticias\/category\/economia\/","nextItem":{"@type":"ListItem","@id":"https:\/\/www.eldigitaldeasturias.com\/noticias\/cuanto-costara-la-luz-el-lunes-22-de-agosto-de-2022\/#listItem","name":"\u00bfCu\u00e1nto costar\u00e1 la luz el lunes 22 de agosto de 2022?"},"previousItem":{"@type":"ListItem","@id":"https:\/\/www.eldigitaldeasturias.com\/noticias#listItem","name":"Home"}},{"@type":"ListItem","@id":"https:\/\/www.eldigitaldeasturias.com\/noticias\/cuanto-costara-la-luz-el-lunes-22-de-agosto-de-2022\/#listItem","position":3,"name":"\u00bfCu\u00e1nto costar\u00e1 la luz el lunes 22 de agosto de 2022?","previousItem":{"@type":"ListItem","@id":"https:\/\/www.eldigitaldeasturias.com\/noticias\/category\/economia\/#listItem","name":"Econom\u00eda"}}]},{"@type":"Organization","@id":"https:\/\/www.eldigitaldeasturias.com\/noticias\/#organization","name":"El Digital de Asturias","description":"Hemeroteca","url":"https:\/\/www.eldigitaldeasturias.com\/noticias\/","email":"info@eldigitaldeasturias.com","telephone":"+34652131393","logo":{"@type":"ImageObject","url":"https:\/\/www.eldigitaldeasturias.com\/noticias\/wp-content\/uploads\/2020\/12\/EDA.jpg","@id":"https:\/\/www.eldigitaldeasturias.com\/noticias\/cuanto-costara-la-luz-el-lunes-22-de-agosto-de-2022\/#organizationLogo","width":649,"height":297},"image":{"@id":"https:\/\/www.eldigitaldeasturias.com\/noticias\/cuanto-costara-la-luz-el-lunes-22-de-agosto-de-2022\/#organizationLogo"},"sameAs":["https:\/\/facebook.com\/eldigitaldeasturias","https:\/\/www.youtube.com\/channel\/UCZP-2wLEB9Rv6erhFmqVnvg"],"address":{"@id":"https:\/\/www.eldigitaldeasturias.com\/noticias\/#postaladdress","@type":"PostalAddress","streetAddress":"san antonio 4,","postalCode":"33430","addressLocality":"Cand\u00e1s","addressRegion":"Asturias","addressCountry":"ES"}},{"@type":"Person","@id":"https:\/\/www.eldigitaldeasturias.com\/noticias\/author\/admin\/#author","url":"https:\/\/www.eldigitaldeasturias.com\/noticias\/author\/admin\/","name":"El Digital de Asturias","image":{"@type":"ImageObject","@id":"https:\/\/www.eldigitaldeasturias.com\/noticias\/cuanto-costara-la-luz-el-lunes-22-de-agosto-de-2022\/#authorImage","url":"https:\/\/www.eldigitaldeasturias.com\/noticias\/wp-content\/litespeed\/avatar\/18677e78aa0546b92d9dbf31ec7d7668.jpg?ver=1777290358","width":96,"height":96,"caption":"El Digital de Asturias"}},{"@type":"WebPage","@id":"https:\/\/www.eldigitaldeasturias.com\/noticias\/cuanto-costara-la-luz-el-lunes-22-de-agosto-de-2022\/#webpage","url":"https:\/\/www.eldigitaldeasturias.com\/noticias\/cuanto-costara-la-luz-el-lunes-22-de-agosto-de-2022\/","name":"\u00bfCu\u00e1nto costar\u00e1 la luz el lunes 22 de agosto de 2022? - El Digital de Asturias","description":"(EP) - El precio promedio de la luz para los clientes de tarifa regulada vinculados al mercado mayorista sube este lunes un 3,59% con respecto a este domingo, hasta los 271,06 euros por megavatio hora (MWh), seg\u00fan los datos provisionales del Operador del Mercado Ib\u00e9rico de Energ\u00eda (OMIE) recogidos por Europa Press. Este precio es(EP) - El precio promedio de la luz para los clientes de tarifa regulada vinculados al mercado mayorista sube este lunes un 3,59% con respecto a este domingo","inLanguage":"es-ES","isPartOf":{"@id":"https:\/\/www.eldigitaldeasturias.com\/noticias\/#website"},"breadcrumb":{"@id":"https:\/\/www.eldigitaldeasturias.com\/noticias\/cuanto-costara-la-luz-el-lunes-22-de-agosto-de-2022\/#breadcrumblist"},"author":{"@id":"https:\/\/www.eldigitaldeasturias.com\/noticias\/author\/admin\/#author"},"creator":{"@id":"https:\/\/www.eldigitaldeasturias.com\/noticias\/author\/admin\/#author"},"image":{"@type":"ImageObject","url":"https:\/\/www.eldigitaldeasturias.com\/noticias\/wp-content\/uploads\/2022\/08\/luz.jpg","@id":"https:\/\/www.eldigitaldeasturias.com\/noticias\/cuanto-costara-la-luz-el-lunes-22-de-agosto-de-2022\/#mainImage","width":994,"height":645,"caption":"Foto: David Zorrakino - Europa Press"},"primaryImageOfPage":{"@id":"https:\/\/www.eldigitaldeasturias.com\/noticias\/cuanto-costara-la-luz-el-lunes-22-de-agosto-de-2022\/#mainImage"},"datePublished":"2022-08-21T15:08:12+02:00","dateModified":"2022-08-21T15:08:12+02:00"},{"@type":"WebSite","@id":"https:\/\/www.eldigitaldeasturias.com\/noticias\/#website","url":"https:\/\/www.eldigitaldeasturias.com\/noticias\/","name":"El Digital de Asturias - Diario de actualidad y noticias","alternateName":"El Digital de Asturias - Diario de actualidad y noticias","description":"Hemeroteca","inLanguage":"es-ES","publisher":{"@id":"https:\/\/www.eldigitaldeasturias.com\/noticias\/#organization"}}]},"og:locale":"es_ES","og:site_name":"El Digital de Asturias","og:type":"article","og:title":"\u00bfCu\u00e1nto costar\u00e1 la luz el lunes 22 de agosto de 2022? - El Digital de Asturias","og:description":"(EP) - El precio promedio de la luz para los clientes de tarifa regulada vinculados al mercado mayorista sube este lunes un 3,59% con respecto a este domingo, hasta los 271,06 euros por megavatio hora (MWh), seg\u00fan los datos provisionales del Operador del Mercado Ib\u00e9rico de Energ\u00eda (OMIE) recogidos por Europa Press. Este precio es(EP) - El precio promedio de la luz para los clientes de tarifa regulada vinculados al mercado mayorista sube este lunes un 3,59% con respecto a este domingo","og:url":"https:\/\/www.eldigitaldeasturias.com\/noticias\/cuanto-costara-la-luz-el-lunes-22-de-agosto-de-2022\/","og:image":"https:\/\/www.eldigitaldeasturias.com\/noticias\/wp-content\/uploads\/2022\/08\/luz.jpg","og:image:secure_url":"https:\/\/www.eldigitaldeasturias.com\/noticias\/wp-content\/uploads\/2022\/08\/luz.jpg","og:image:width":994,"og:image:height":645,"article:tag":["econom\u00eda"],"article:published_time":"2022-08-21T13:08:12+00:00","article:modified_time":"2022-08-21T13:08:12+00:00","article:publisher":"https:\/\/facebook.com\/eldigitaldeasturias","twitter:card":"summary_large_image","twitter:title":"\u00bfCu\u00e1nto costar\u00e1 la luz el lunes 22 de agosto de 2022? - El Digital de Asturias","twitter:description":"(EP) - El precio promedio de la luz para los clientes de tarifa regulada vinculados al mercado mayorista sube este lunes un 3,59% con respecto a este domingo, hasta los 271,06 euros por megavatio hora (MWh), seg\u00fan los datos provisionales del Operador del Mercado Ib\u00e9rico de Energ\u00eda (OMIE) recogidos por Europa Press. Este precio es(EP) - El precio promedio de la luz para los clientes de tarifa regulada vinculados al mercado mayorista sube este lunes un 3,59% con respecto a este domingo","twitter:image":"https:\/\/www.eldigitaldeasturias.com\/noticias\/wp-content\/uploads\/2022\/08\/luz.jpg","twitter:label1":"Escrito por","twitter:data1":"El Digital de Asturias","twitter:label2":"Tiempo de lectura estimado","twitter:data2":"2 minutos"},"aioseo_meta_data":{"post_id":"1115533","title":null,"description":"#post_excerpt(EP) - El precio promedio de la luz para los clientes de tarifa regulada vinculados al mercado mayorista sube este lunes un 3,59% con respecto a este domingo","keywords":[],"keyphrases":{"focus":{"keyphrase":"luz","score":83,"analysis":{"keyphraseInTitle":{"title":"Focus keyphrase in SEO title","description":"Focus keyphrase found in SEO title.","score":9,"maxScore":9,"error":0},"keyphraseInDescription":{"title":"Focus keyphrase in meta description","description":"Focus keyphrase found in meta description.","score":9,"maxScore":9,"error":0},"keyphraseLength":{"title":"Focus keyphrase length","description":"Good job!","score":9,"maxScore":9,"error":0,"length":1},"keyphraseInURL":{"title":"Focus keyphrase in URL","description":"Focus keyphrase not found in the URL.","score":1,"maxScore":5,"error":1},"keyphraseInIntroduction":{"title":"Focus keyphrase in introduction","description":"Your Focus keyphrase appears in the first paragraph. Well done!","score":9,"maxScore":9,"error":0},"keyphraseInSubHeadings":{"title":"Focus keyphrase in Subheadings","description":"Use your focus keyphrase more in your H2 and H3 subheadings.","score":3,"maxScore":9,"error":1},"keyphraseInImageAlt":{"title":"Focus keyphrase in image alt attributes","description":"Focus keyphrase found in image alt attribute(s).","score":9,"maxScore":9,"error":0}}},"additional":[{"keyphrase":"la luz","score":83,"analysis":{"keyphraseInDescription":{"title":"Keyphrase in meta description","description":"Keyphrase found in meta description.","score":9,"maxScore":9,"error":0},"keyphraseLength":{"title":"Keyphrase length","description":"Good job!","score":9,"maxScore":9,"error":0,"length":2},"keyphraseInIntroduction":{"title":"Keyphrase in introduction","description":"Your Keyphrase appears in the first paragraph. Well done!","score":9,"maxScore":9,"error":0},"keyphraseInImageAlt":{"title":"Keyphrase in image alt attributes","description":"Keyphrase not found in image alt attribute(s). Add an image with your Keyphrase as alt text.","score":3,"maxScore":9,"error":1}}},{"keyphrase":"precio","score":83,"analysis":{"keyphraseInDescription":{"title":"Keyphrase in meta description","description":"Keyphrase found in meta description.","score":9,"maxScore":9,"error":0},"keyphraseLength":{"title":"Keyphrase length","description":"Good job!","score":9,"maxScore":9,"error":0,"length":1},"keyphraseInIntroduction":{"title":"Keyphrase in introduction","description":"Your Keyphrase appears in the first paragraph. Well done!","score":9,"maxScore":9,"error":0},"keyphraseInImageAlt":{"title":"Keyphrase in image alt attributes","description":"Keyphrase not found in image alt attribute(s). Add an image with your Keyphrase as alt text.","score":3,"maxScore":9,"error":1}}}]},"primary_term":null,"canonical_url":null,"og_title":null,"og_description":null,"og_object_type":"default","og_image_type":"default","og_image_url":null,"og_image_width":null,"og_image_height":null,"og_image_custom_url":null,"og_image_custom_fields":null,"og_video":"","og_custom_url":null,"og_article_section":null,"og_article_tags":[],"twitter_use_og":false,"twitter_card":"default","twitter_image_type":"default","twitter_image_url":null,"twitter_image_custom_url":null,"twitter_image_custom_fields":null,"twitter_title":null,"twitter_description":null,"schema":{"blockGraphs":[],"customGraphs":[],"default":{"data":{"Article":[],"Course":[],"Dataset":[],"FAQPage":[],"Movie":[],"Person":[],"Product":[],"ProductReview":[],"Car":[],"Recipe":[],"Service":[],"SoftwareApplication":[],"WebPage":[]},"graphName":"","isEnabled":true},"graphs":[],"defaultGraph":"Article","defaultPostTypeGraph":""},"schema_type":"default","schema_type_options":"{\"article\":{\"articleType\":\"BlogPosting\"},\"course\":{\"name\":\"\",\"description\":\"\",\"provider\":\"\"},\"faq\":{\"pages\":[]},\"product\":{\"reviews\":[]},\"recipe\":{\"ingredients\":[],\"instructions\":[],\"keywords\":[]},\"software\":{\"reviews\":[],\"operatingSystems\":[]},\"webPage\":{\"webPageType\":\"WebPage\"},\"blockGraphs\":[]}","pillar_content":false,"robots_default":true,"robots_noindex":false,"robots_noarchive":false,"robots_nosnippet":false,"robots_nofollow":false,"robots_noimageindex":false,"robots_noodp":false,"robots_notranslate":false,"robots_max_snippet":"-1","robots_max_videopreview":"-1","robots_max_imagepreview":"large","priority":null,"frequency":"default","local_seo":null,"seo_analyzer_scan_date":"2025-10-03 13:24:18","breadcrumb_settings":null,"limit_modified_date":false,"open_ai":null,"ai":null,"created":"2022-08-21 13:01:12","updated":"2025-10-03 13:24:18"},"aioseo_breadcrumb":"<div class=\"aioseo-breadcrumbs\"><span class=\"aioseo-breadcrumb\">\n\t<a href=\"https:\/\/www.eldigitaldeasturias.com\/noticias\" title=\"Home\">Home<\/a>\n<\/span><span class=\"aioseo-breadcrumb-separator\">\u2013<\/span><span class=\"aioseo-breadcrumb\">\n\t<a href=\"https:\/\/www.eldigitaldeasturias.com\/noticias\/category\/economia\/\" title=\"Econom\u00eda\">Econom\u00eda<\/a>\n<\/span><span class=\"aioseo-breadcrumb-separator\">\u2013<\/span><span class=\"aioseo-breadcrumb\">\n\t<a href=\"https:\/\/www.eldigitaldeasturias.com\/noticias\/cuanto-costara-la-luz-el-lunes-22-de-agosto-de-2022\/\" title=\"\u00bfCu\u00e1nto costar\u00e1 la luz el lunes 22 de agosto de 2022?\">\u00bfCu\u00e1nto costar\u00e1 la luz el lunes 22 de agosto de 2022?<\/a>\n<\/span><\/div>","aioseo_breadcrumb_json":[{"label":"Home","link":"https:\/\/www.eldigitaldeasturias.com\/noticias"},{"label":"Econom\u00eda","link":"https:\/\/www.eldigitaldeasturias.com\/noticias\/category\/economia\/"},{"label":"\u00bfCu\u00e1nto costar\u00e1 la luz el lunes 22 de agosto de 2022?","link":"https:\/\/www.eldigitaldeasturias.com\/noticias\/cuanto-costara-la-luz-el-lunes-22-de-agosto-de-2022\/"}],"_links":{"self":[{"href":"https:\/\/www.eldigitaldeasturias.com\/noticias\/wp-json\/wp\/v2\/posts\/1115533","targetHints":{"allow":["GET"]}}],"collection":[{"href":"https:\/\/www.eldigitaldeasturias.com\/noticias\/wp-json\/wp\/v2\/posts"}],"about":[{"href":"https:\/\/www.eldigitaldeasturias.com\/noticias\/wp-json\/wp\/v2\/types\/post"}],"author":[{"embeddable":true,"href":"https:\/\/www.eldigitaldeasturias.com\/noticias\/wp-json\/wp\/v2\/users\/1"}],"replies":[{"embeddable":true,"href":"https:\/\/www.eldigitaldeasturias.com\/noticias\/wp-json\/wp\/v2\/comments?post=1115533"}],"version-history":[{"count":0,"href":"https:\/\/www.eldigitaldeasturias.com\/noticias\/wp-json\/wp\/v2\/posts\/1115533\/revisions"}],"wp:featuredmedia":[{"embeddable":true,"href":"https:\/\/www.eldigitaldeasturias.com\/noticias\/wp-json\/wp\/v2\/media\/1115534"}],"wp:attachment":[{"href":"https:\/\/www.eldigitaldeasturias.com\/noticias\/wp-json\/wp\/v2\/media?parent=1115533"}],"wp:term":[{"taxonomy":"category","embeddable":true,"href":"https:\/\/www.eldigitaldeasturias.com\/noticias\/wp-json\/wp\/v2\/categories?post=1115533"},{"taxonomy":"post_tag","embeddable":true,"href":"https:\/\/www.eldigitaldeasturias.com\/noticias\/wp-json\/wp\/v2\/tags?post=1115533"}],"curies":[{"name":"wp","href":"https:\/\/api.w.org\/{rel}","templated":true}]}}