{"id":1115480,"date":"2022-08-20T09:22:56","date_gmt":"2022-08-20T07:22:56","guid":{"rendered":"https:\/\/www.eldigitaldeasturias.com\/noticias\/?p=1115480"},"modified":"2022-08-20T09:22:56","modified_gmt":"2022-08-20T07:22:56","slug":"desciende-la-construccion-de-viviendas-protegidas-en-espana","status":"publish","type":"post","link":"https:\/\/www.eldigitaldeasturias.com\/noticias\/desciende-la-construccion-de-viviendas-protegidas-en-espana\/","title":{"rendered":"Desciende la construcci\u00f3n de viviendas protegidas en Espa\u00f1a"},"content":{"rendered":"<p>(EP) &#8211; La construcci\u00f3n de <strong>viviendas protegidas<\/strong> cay\u00f3 un 82,9% entre 2011 y 2021, por lo que el volumen de este tipo de residencias \u00abno pasa un buen momento\u00bb y es \u00abmuy marginal si se compara con los niveles precrisis\u00bb, seg\u00fan el experto financiero de iAhorro, Antonio Gallardo.<\/p>\n<figure id=\"attachment_1115481\" aria-describedby=\"caption-attachment-1115481\" style=\"width: 650px\" class=\"wp-caption aligncenter\"><img loading=\"lazy\" decoding=\"async\" class=\"wp-image-1115481 size-large\" src=\"https:\/\/www.eldigitaldeasturias.com\/noticias\/wp-content\/uploads\/2022\/08\/viviendas-1-650x474.jpg\" alt=\"viviendas\" width=\"650\" height=\"474\" srcset=\"https:\/\/www.eldigitaldeasturias.com\/noticias\/wp-content\/uploads\/2022\/08\/viviendas-1-650x474.jpg 650w, https:\/\/www.eldigitaldeasturias.com\/noticias\/wp-content\/uploads\/2022\/08\/viviendas-1-360x262.jpg 360w, https:\/\/www.eldigitaldeasturias.com\/noticias\/wp-content\/uploads\/2022\/08\/viviendas-1-412x300.jpg 412w, https:\/\/www.eldigitaldeasturias.com\/noticias\/wp-content\/uploads\/2022\/08\/viviendas-1-768x560.jpg 768w, https:\/\/www.eldigitaldeasturias.com\/noticias\/wp-content\/uploads\/2022\/08\/viviendas-1-150x109.jpg 150w, https:\/\/www.eldigitaldeasturias.com\/noticias\/wp-content\/uploads\/2022\/08\/viviendas-1-450x328.jpg 450w, https:\/\/www.eldigitaldeasturias.com\/noticias\/wp-content\/uploads\/2022\/08\/viviendas-1.jpg 896w\" sizes=\"auto, (max-width: 650px) 100vw, 650px\" \/><figcaption id=\"caption-attachment-1115481\" class=\"wp-caption-text\">Foto: Eduardo Parra &#8211; Europa Press<\/figcaption><\/figure>\n<p><strong>El comparador hipotecario indic\u00f3 que el n\u00famero de viviendas protegidas aprobadas para su construcci\u00f3n \u00abha crecido ligeramente\u00bb en 2020 y 2021<\/strong>, superando la cifra de 9.000 residencias con esta categor\u00eda, si bien en 2006, antes de estallar la crisis financiera, se construyeron m\u00e1s de 97.000 viviendas protegidas en Espa\u00f1a, seg\u00fan los datos publicados por el Ministerio de Transportes, Movilidad y Agenda Urbana.<\/p>\n<p>Adem\u00e1s, el baj\u00f3n m\u00e1s grande se produjo en 2013, cuando el n\u00famero de nuevas viviendas contempladas descendi\u00f3 un 60,8%, frente al dato de 2012. <strong>Esta ca\u00edda tan \u00abdr\u00e1stica\u00bb se produjo principalmente por la eliminaci\u00f3n en 2011 de las ayudas que se daban a los promotores para compensar la limitaci\u00f3n de precio de la vivienda que mayoritariamente se construye para la venta, explic\u00f3 Gallardo.<\/strong><\/p>\n<p>\u00abSi a esto se une la ca\u00edda de precio de la vivienda en general y el encarecimiento del precio de suelo, especialmente en los \u00faltimos a\u00f1os, hace que el parque de vivienda protegida haya ca\u00eddo hasta las cifras actuales\u00bb, agreg\u00f3.<\/p>\n<p>Asimismo, <strong>el experto indic\u00f3 que, en 2021, m\u00e1s de ocho de cada diez viviendas protegidas fueron construidas por promotores privados<\/strong> mientras que menos de dos de cada diez viviendas las construyeron promotores p\u00fablicos.<\/p>\n<p>Por comunidades aut\u00f3nomas, el reparto es \u00abmuy desigual\u00bb. La Comunidad de Madrid es la que presenta actualmente mayor n\u00famero de viviendas protegidas, tanto en propiedad (1.050) como alquiladas (3.892), seguida por el Pa\u00eds Vasco, que cuenta con 652 en r\u00e9gimen de alquiler y 1.214 en propiedad. En cambio, hay comunidades como Canarias o la Regi\u00f3n de Murcia que no disponen actualmente de ninguna vivienda protegida.<\/p>\n<h2>TIPOS DE VIVIENDAS PROTEGIDAS<\/h2>\n<p>iAhorro explic\u00f3 que hay varios tipos de viviendas protegidas. Por un lado, las de protecci\u00f3n oficial (VPO), que son aquellas cuyos propietarios deben cumplir &#8216;a priori&#8217; con unos requisitos \u00abbastante exigentes\u00bb y pueden gozar de alguna ventaja: pr\u00e9stamos subsidiados, ayudas o subvenciones. Estas, aunque depende de cada plan, suelen estar destinadas a ciudadanos con rentas bajas, j\u00f3venes u otros colectivos vulnerables o que tengan alguna dificultad econ\u00f3mica.<\/p>\n<p>Dentro de esta categor\u00eda est\u00e1n las viviendas de protecci\u00f3n oficial p\u00fablica (VPOPP), cuyo promotor es alguna administraci\u00f3n u organismo p\u00fablico y las viviendas de protecci\u00f3n oficial de promoci\u00f3n privada, tambi\u00e9n llamadas, vivienda de precio tasado (VPT).<\/p>\n<p>Por otro lado, las viviendas de protecci\u00f3n p\u00fablica son aquellas en las que la labor de la Administraci\u00f3n se limita a facilitar su construcci\u00f3n &#8211;proporcionando terrenos o ventajas para su adquisici\u00f3n&#8211; o su comercializaci\u00f3n.<\/p>\n<p>Dentro de esta categor\u00eda, existen subcategor\u00edas, como las viviendas de protecci\u00f3n p\u00fablica b\u00e1sica (VPPB), cuya superficie no puede superar los 110 metros cuadrados; la vivienda con protecci\u00f3n p\u00fablica para arrendamiento (VPPA), cuyo fin es el alquiler con precios limitados; la vivienda con protecci\u00f3n p\u00fablica para arrendamiento con opci\u00f3n a compra (VPPAOC), que se destina al alquiler asequible, pero permite una posterior adquisici\u00f3n por parte del inquilino, entre otras.<\/p>\n<blockquote><p>Tambi\u00e9n, dentro de las viviendas de protecci\u00f3n p\u00fablica est\u00e1n las viviendas de integraci\u00f3n social (VIS), destinadas para colectivos desfavorecidos.<\/p><\/blockquote>\n<p>Para acceder a ellas, Gallardo explic\u00f3 que el Plan Estatal de Vivienda 2018-2021 cedi\u00f3 las competencias en esta \u00e1rea a las distintas comunidades aut\u00f3nomas, por lo que los requisitos para acceder a una vivienda protegida \u00abson dispares\u00bb seg\u00fan cada territorio. Adem\u00e1s, apostill\u00f3 que cuando los promotores son otras administraciones (es decir, los ayuntamientos) \u00abno existen requisitos generales\u00bb.<\/p>\n<h2>HIPOTECAS PARA ESTAS VIVIENDAS<\/h2>\n<p>El comparador indic\u00f3 que aquellos que opten a una vivienda protegida tambi\u00e9n puede acceder a diferentes tipos de ayudas o subvenciones, con tipos de inter\u00e9s fijos determinados por ley en muchos casos.<\/p>\n<p>Sin embargo, afirm\u00f3 que, en funci\u00f3n de c\u00f3mo est\u00e9n los tipos medios del mercado, los fijados por ley \u00abpueden incluso superarlos\u00bb. Estos tipos se van renovando cada a\u00f1o, si bien los \u00faltimos disponibles en el Ministerio de Transportes, Movilidad y Agenda Urbana son de 2008.<\/p>\n<p>La revisi\u00f3n se realizaba en funci\u00f3n de la evoluci\u00f3n de los tipos fijos de referencia del mercado publicados por el Banco de Espa\u00f1a, tomando como referencia la variaci\u00f3n de los \u00faltimos meses, explicaron desde iAhorro.<\/p>\n<p>De este modo, \u00aben un principio, se busc\u00f3 que los tipos de inter\u00e9s de las hipotecas concedidas sobre estas viviendas fueran m\u00e1s baratos, pero el problema lleg\u00f3 cuando el mercado baj\u00f3 de forma abrupta y la regulaci\u00f3n se qued\u00f3 atr\u00e1s, ya que los \u00faltimos disponibles son los de 2008\u00bb, detall\u00f3 Gallardo, que matiz\u00f3 tambi\u00e9n que \u00abestos datos se actualizaron a principios de a\u00f1o por el ministerio y se bajaron todos los tipos, excepto los del plan de 1998-2001\u00bb.<\/p>\n<h2>FUTURO<\/h2>\n<p>iAhorro indic\u00f3 que el Plan Estatal para el Acceso a la Vivienda 2022-2025 es el que marcar\u00e1 el desarrollo de la vivienda protegida en los pr\u00f3ximos a\u00f1os. Gallardo a\u00f1adi\u00f3 que el principal problema que existe actualmente est\u00e1 en la asignaci\u00f3n de recursos, \u00abya que son pocas las acciones directas de las comunidades aut\u00f3nomas para la construcci\u00f3n de vivienda protegida, sobre todo porque existe una gran diferencia de precio y as\u00ed es muy complicado que las promotoras encuentren incentivos para la construcci\u00f3n\u00bb.<\/p>\n<p>As\u00ed, si en 2020, el precio medio por metro cuadrado de una vivienda protegida frente a una libre se situaba en el 38%, con la subida actual de los precios, los m\u00e1rgenes se sit\u00faan ahora entre el 45%-50%.<\/p>\n<p>A esta dificultad, iAhorro subray\u00f3 el objetivo de reconvertir \u00abbuena parte\u00bb del parque en vivienda para el alquiler para arrendatarios con menos recursos, personas v\u00edctimas de violencia de g\u00e9nero, las personas objeto de desahucio de su vivienda habitual, las personas sin hogar y a otras personas especialmente vulnerables, as\u00ed como facilitar el acceso a la vivienda de los j\u00f3venes.<\/p>\n<p>\u00abPero sin un apoyo directo (que las administraciones sean promotoras) o indirecto (que se compensen las diferencias de precio con el mercado libre), la vivienda protegida seguir\u00e1 siendo minoritaria en los pr\u00f3ximos a\u00f1os\u00bb, finaliz\u00f3 Gallardo.<\/p>\n","protected":false},"excerpt":{"rendered":"<p>(EP) &#8211; La construcci\u00f3n de viviendas protegidas cay\u00f3 un 82,9% entre 2011 y 2021, por lo que el volumen de este tipo de residencias \u00abno pasa un buen momento\u00bb y es \u00abmuy marginal si se compara con los niveles precrisis\u00bb, seg\u00fan el experto financiero de iAhorro, Antonio Gallardo. El comparador hipotecario indic\u00f3 que el n\u00famero [&hellip;]<\/p>\n","protected":false},"author":1,"featured_media":1115481,"comment_status":"closed","ping_status":"closed","sticky":false,"template":"","format":"standard","meta":{"footnotes":""},"categories":[187],"tags":[],"class_list":["post-1115480","post","type-post","status-publish","format-standard","has-post-thumbnail","hentry","category-economia"],"aioseo_notices":[],"aioseo_head":"\n\t\t<!-- All in One SEO Pro 4.9.6.2 - aioseo.com -->\n\t<meta name=\"description\" content=\"(EP) - La construcci\u00f3n de viviendas protegidas cay\u00f3 un 82,9% entre 2011 y 2021, por lo que el volumen de este tipo de residencias &quot;no pasa un buen momento&quot;\" \/>\n\t<meta name=\"robots\" content=\"max-image-preview:large\" \/>\n\t<meta name=\"author\" content=\"El Digital de Asturias\"\/>\n\t<meta name=\"google-site-verification\" content=\"UA-38556648-1\" \/>\n\t<meta name=\"msvalidate.01\" content=\"7dfe9f3f1b24437ab69f4f2559babe99\" \/>\n\t<meta name=\"keywords\" content=\"econom\u00eda\" \/>\n\t<link rel=\"canonical\" href=\"https:\/\/www.eldigitaldeasturias.com\/noticias\/desciende-la-construccion-de-viviendas-protegidas-en-espana\/\" \/>\n\t<meta name=\"generator\" content=\"All in One SEO Pro (AIOSEO) 4.9.6.2\" \/>\n\t\t<meta property=\"og:locale\" content=\"es_ES\" \/>\n\t\t<meta property=\"og:site_name\" content=\"El Digital de Asturias\" \/>\n\t\t<meta property=\"og:type\" content=\"article\" \/>\n\t\t<meta property=\"og:title\" content=\"Desciende la construcci\u00f3n de viviendas protegidas en Espa\u00f1a - El Digital de Asturias\" \/>\n\t\t<meta property=\"og:description\" content=\"(EP) - La construcci\u00f3n de viviendas protegidas cay\u00f3 un 82,9% entre 2011 y 2021, por lo que el volumen de este tipo de residencias &quot;no pasa un buen momento&quot;\" \/>\n\t\t<meta property=\"og:url\" content=\"https:\/\/www.eldigitaldeasturias.com\/noticias\/desciende-la-construccion-de-viviendas-protegidas-en-espana\/\" \/>\n\t\t<meta property=\"og:image\" content=\"https:\/\/www.eldigitaldeasturias.com\/noticias\/wp-content\/uploads\/2022\/08\/viviendas-1.jpg\" \/>\n\t\t<meta property=\"og:image:secure_url\" content=\"https:\/\/www.eldigitaldeasturias.com\/noticias\/wp-content\/uploads\/2022\/08\/viviendas-1.jpg\" \/>\n\t\t<meta property=\"og:image:width\" content=\"896\" \/>\n\t\t<meta property=\"og:image:height\" content=\"653\" \/>\n\t\t<meta property=\"article:tag\" content=\"econom\u00eda\" \/>\n\t\t<meta property=\"article:published_time\" content=\"2022-08-20T07:22:56+00:00\" \/>\n\t\t<meta property=\"article:modified_time\" content=\"2022-08-20T07:22:56+00:00\" \/>\n\t\t<meta property=\"article:publisher\" content=\"https:\/\/facebook.com\/eldigitaldeasturias\" \/>\n\t\t<meta name=\"twitter:card\" content=\"summary_large_image\" \/>\n\t\t<meta name=\"twitter:title\" content=\"Desciende la construcci\u00f3n de viviendas protegidas en Espa\u00f1a - El Digital de Asturias\" \/>\n\t\t<meta name=\"twitter:description\" content=\"(EP) - La construcci\u00f3n de viviendas protegidas cay\u00f3 un 82,9% entre 2011 y 2021, por lo que el volumen de este tipo de residencias &quot;no pasa un buen momento&quot;\" \/>\n\t\t<meta name=\"twitter:image\" content=\"https:\/\/www.eldigitaldeasturias.com\/noticias\/wp-content\/uploads\/2022\/08\/viviendas-1.jpg\" \/>\n\t\t<meta name=\"twitter:label1\" content=\"Escrito por\" \/>\n\t\t<meta name=\"twitter:data1\" content=\"El Digital de Asturias\" \/>\n\t\t<meta name=\"twitter:label2\" content=\"Tiempo de lectura estimado\" \/>\n\t\t<meta name=\"twitter:data2\" content=\"5 minutos\" \/>\n\t\t<script type=\"application\/ld+json\" class=\"aioseo-schema\">\n\t\t\t{\"@context\":\"https:\\\/\\\/schema.org\",\"@graph\":[{\"@type\":\"BlogPosting\",\"@id\":\"https:\\\/\\\/www.eldigitaldeasturias.com\\\/noticias\\\/desciende-la-construccion-de-viviendas-protegidas-en-espana\\\/#blogposting\",\"name\":\"Desciende la construcci\\u00f3n de viviendas protegidas en Espa\\u00f1a - El Digital de Asturias\",\"headline\":\"Desciende la construcci\\u00f3n de viviendas protegidas en Espa\\u00f1a\",\"author\":{\"@id\":\"https:\\\/\\\/www.eldigitaldeasturias.com\\\/noticias\\\/author\\\/admin\\\/#author\"},\"publisher\":{\"@id\":\"https:\\\/\\\/www.eldigitaldeasturias.com\\\/noticias\\\/#organization\"},\"image\":{\"@type\":\"ImageObject\",\"url\":\"https:\\\/\\\/www.eldigitaldeasturias.com\\\/noticias\\\/wp-content\\\/uploads\\\/2022\\\/08\\\/viviendas-1.jpg\",\"width\":896,\"height\":653,\"caption\":\"Foto: Eduardo Parra - Europa Press\"},\"datePublished\":\"2022-08-20T09:22:56+02:00\",\"dateModified\":\"2022-08-20T09:22:56+02:00\",\"inLanguage\":\"es-ES\",\"mainEntityOfPage\":{\"@id\":\"https:\\\/\\\/www.eldigitaldeasturias.com\\\/noticias\\\/desciende-la-construccion-de-viviendas-protegidas-en-espana\\\/#webpage\"},\"isPartOf\":{\"@id\":\"https:\\\/\\\/www.eldigitaldeasturias.com\\\/noticias\\\/desciende-la-construccion-de-viviendas-protegidas-en-espana\\\/#webpage\"},\"articleSection\":\"Econom\\u00eda\"},{\"@type\":\"BreadcrumbList\",\"@id\":\"https:\\\/\\\/www.eldigitaldeasturias.com\\\/noticias\\\/desciende-la-construccion-de-viviendas-protegidas-en-espana\\\/#breadcrumblist\",\"itemListElement\":[{\"@type\":\"ListItem\",\"@id\":\"https:\\\/\\\/www.eldigitaldeasturias.com\\\/noticias#listItem\",\"position\":1,\"name\":\"Home\",\"item\":\"https:\\\/\\\/www.eldigitaldeasturias.com\\\/noticias\",\"nextItem\":{\"@type\":\"ListItem\",\"@id\":\"https:\\\/\\\/www.eldigitaldeasturias.com\\\/noticias\\\/category\\\/economia\\\/#listItem\",\"name\":\"Econom\\u00eda\"}},{\"@type\":\"ListItem\",\"@id\":\"https:\\\/\\\/www.eldigitaldeasturias.com\\\/noticias\\\/category\\\/economia\\\/#listItem\",\"position\":2,\"name\":\"Econom\\u00eda\",\"item\":\"https:\\\/\\\/www.eldigitaldeasturias.com\\\/noticias\\\/category\\\/economia\\\/\",\"nextItem\":{\"@type\":\"ListItem\",\"@id\":\"https:\\\/\\\/www.eldigitaldeasturias.com\\\/noticias\\\/desciende-la-construccion-de-viviendas-protegidas-en-espana\\\/#listItem\",\"name\":\"Desciende la construcci\\u00f3n de viviendas protegidas en Espa\\u00f1a\"},\"previousItem\":{\"@type\":\"ListItem\",\"@id\":\"https:\\\/\\\/www.eldigitaldeasturias.com\\\/noticias#listItem\",\"name\":\"Home\"}},{\"@type\":\"ListItem\",\"@id\":\"https:\\\/\\\/www.eldigitaldeasturias.com\\\/noticias\\\/desciende-la-construccion-de-viviendas-protegidas-en-espana\\\/#listItem\",\"position\":3,\"name\":\"Desciende la construcci\\u00f3n de viviendas protegidas en Espa\\u00f1a\",\"previousItem\":{\"@type\":\"ListItem\",\"@id\":\"https:\\\/\\\/www.eldigitaldeasturias.com\\\/noticias\\\/category\\\/economia\\\/#listItem\",\"name\":\"Econom\\u00eda\"}}]},{\"@type\":\"Organization\",\"@id\":\"https:\\\/\\\/www.eldigitaldeasturias.com\\\/noticias\\\/#organization\",\"name\":\"El Digital de Asturias\",\"description\":\"Hemeroteca\",\"url\":\"https:\\\/\\\/www.eldigitaldeasturias.com\\\/noticias\\\/\",\"email\":\"info@eldigitaldeasturias.com\",\"telephone\":\"+34652131393\",\"logo\":{\"@type\":\"ImageObject\",\"url\":\"https:\\\/\\\/www.eldigitaldeasturias.com\\\/noticias\\\/wp-content\\\/uploads\\\/2020\\\/12\\\/EDA.jpg\",\"@id\":\"https:\\\/\\\/www.eldigitaldeasturias.com\\\/noticias\\\/desciende-la-construccion-de-viviendas-protegidas-en-espana\\\/#organizationLogo\",\"width\":649,\"height\":297},\"image\":{\"@id\":\"https:\\\/\\\/www.eldigitaldeasturias.com\\\/noticias\\\/desciende-la-construccion-de-viviendas-protegidas-en-espana\\\/#organizationLogo\"},\"sameAs\":[\"https:\\\/\\\/facebook.com\\\/eldigitaldeasturias\",\"https:\\\/\\\/www.youtube.com\\\/channel\\\/UCZP-2wLEB9Rv6erhFmqVnvg\"],\"address\":{\"@id\":\"https:\\\/\\\/www.eldigitaldeasturias.com\\\/noticias\\\/#postaladdress\",\"@type\":\"PostalAddress\",\"streetAddress\":\"san antonio 4,\",\"postalCode\":\"33430\",\"addressLocality\":\"Cand\\u00e1s\",\"addressRegion\":\"Asturias\",\"addressCountry\":\"ES\"}},{\"@type\":\"Person\",\"@id\":\"https:\\\/\\\/www.eldigitaldeasturias.com\\\/noticias\\\/author\\\/admin\\\/#author\",\"url\":\"https:\\\/\\\/www.eldigitaldeasturias.com\\\/noticias\\\/author\\\/admin\\\/\",\"name\":\"El Digital de Asturias\",\"image\":{\"@type\":\"ImageObject\",\"@id\":\"https:\\\/\\\/www.eldigitaldeasturias.com\\\/noticias\\\/desciende-la-construccion-de-viviendas-protegidas-en-espana\\\/#authorImage\",\"url\":\"https:\\\/\\\/www.eldigitaldeasturias.com\\\/noticias\\\/wp-content\\\/litespeed\\\/avatar\\\/18677e78aa0546b92d9dbf31ec7d7668.jpg?ver=1777290358\",\"width\":96,\"height\":96,\"caption\":\"El Digital de Asturias\"}},{\"@type\":\"WebPage\",\"@id\":\"https:\\\/\\\/www.eldigitaldeasturias.com\\\/noticias\\\/desciende-la-construccion-de-viviendas-protegidas-en-espana\\\/#webpage\",\"url\":\"https:\\\/\\\/www.eldigitaldeasturias.com\\\/noticias\\\/desciende-la-construccion-de-viviendas-protegidas-en-espana\\\/\",\"name\":\"Desciende la construcci\\u00f3n de viviendas protegidas en Espa\\u00f1a - El Digital de Asturias\",\"description\":\"(EP) - La construcci\\u00f3n de viviendas protegidas cay\\u00f3 un 82,9% entre 2011 y 2021, por lo que el volumen de este tipo de residencias \\\"no pasa un buen momento\\\"\",\"inLanguage\":\"es-ES\",\"isPartOf\":{\"@id\":\"https:\\\/\\\/www.eldigitaldeasturias.com\\\/noticias\\\/#website\"},\"breadcrumb\":{\"@id\":\"https:\\\/\\\/www.eldigitaldeasturias.com\\\/noticias\\\/desciende-la-construccion-de-viviendas-protegidas-en-espana\\\/#breadcrumblist\"},\"author\":{\"@id\":\"https:\\\/\\\/www.eldigitaldeasturias.com\\\/noticias\\\/author\\\/admin\\\/#author\"},\"creator\":{\"@id\":\"https:\\\/\\\/www.eldigitaldeasturias.com\\\/noticias\\\/author\\\/admin\\\/#author\"},\"image\":{\"@type\":\"ImageObject\",\"url\":\"https:\\\/\\\/www.eldigitaldeasturias.com\\\/noticias\\\/wp-content\\\/uploads\\\/2022\\\/08\\\/viviendas-1.jpg\",\"@id\":\"https:\\\/\\\/www.eldigitaldeasturias.com\\\/noticias\\\/desciende-la-construccion-de-viviendas-protegidas-en-espana\\\/#mainImage\",\"width\":896,\"height\":653,\"caption\":\"Foto: Eduardo Parra - Europa Press\"},\"primaryImageOfPage\":{\"@id\":\"https:\\\/\\\/www.eldigitaldeasturias.com\\\/noticias\\\/desciende-la-construccion-de-viviendas-protegidas-en-espana\\\/#mainImage\"},\"datePublished\":\"2022-08-20T09:22:56+02:00\",\"dateModified\":\"2022-08-20T09:22:56+02:00\"},{\"@type\":\"WebSite\",\"@id\":\"https:\\\/\\\/www.eldigitaldeasturias.com\\\/noticias\\\/#website\",\"url\":\"https:\\\/\\\/www.eldigitaldeasturias.com\\\/noticias\\\/\",\"name\":\"El Digital de Asturias - Diario de actualidad y noticias\",\"alternateName\":\"El Digital de Asturias - Diario de actualidad y noticias\",\"description\":\"Hemeroteca\",\"inLanguage\":\"es-ES\",\"publisher\":{\"@id\":\"https:\\\/\\\/www.eldigitaldeasturias.com\\\/noticias\\\/#organization\"}}]}\n\t\t<\/script>\n\t\t<!-- All in One SEO Pro -->\r\n\t\t<title>Desciende la construcci\u00f3n de viviendas protegidas en Espa\u00f1a - El Digital de Asturias<\/title>\n\n","aioseo_head_json":{"title":"Desciende la construcci\u00f3n de viviendas protegidas en Espa\u00f1a - El Digital de Asturias","description":"(EP) - La construcci\u00f3n de viviendas protegidas cay\u00f3 un 82,9% entre 2011 y 2021, por lo que el volumen de este tipo de residencias \"no pasa un buen momento\"","canonical_url":"https:\/\/www.eldigitaldeasturias.com\/noticias\/desciende-la-construccion-de-viviendas-protegidas-en-espana\/","robots":"max-image-preview:large","keywords":"econom\u00eda","webmasterTools":{"google-site-verification":"UA-38556648-1","msvalidate.01":"7dfe9f3f1b24437ab69f4f2559babe99","miscellaneous":""},"schema":{"@context":"https:\/\/schema.org","@graph":[{"@type":"BlogPosting","@id":"https:\/\/www.eldigitaldeasturias.com\/noticias\/desciende-la-construccion-de-viviendas-protegidas-en-espana\/#blogposting","name":"Desciende la construcci\u00f3n de viviendas protegidas en Espa\u00f1a - El Digital de Asturias","headline":"Desciende la construcci\u00f3n de viviendas protegidas en Espa\u00f1a","author":{"@id":"https:\/\/www.eldigitaldeasturias.com\/noticias\/author\/admin\/#author"},"publisher":{"@id":"https:\/\/www.eldigitaldeasturias.com\/noticias\/#organization"},"image":{"@type":"ImageObject","url":"https:\/\/www.eldigitaldeasturias.com\/noticias\/wp-content\/uploads\/2022\/08\/viviendas-1.jpg","width":896,"height":653,"caption":"Foto: Eduardo Parra - Europa Press"},"datePublished":"2022-08-20T09:22:56+02:00","dateModified":"2022-08-20T09:22:56+02:00","inLanguage":"es-ES","mainEntityOfPage":{"@id":"https:\/\/www.eldigitaldeasturias.com\/noticias\/desciende-la-construccion-de-viviendas-protegidas-en-espana\/#webpage"},"isPartOf":{"@id":"https:\/\/www.eldigitaldeasturias.com\/noticias\/desciende-la-construccion-de-viviendas-protegidas-en-espana\/#webpage"},"articleSection":"Econom\u00eda"},{"@type":"BreadcrumbList","@id":"https:\/\/www.eldigitaldeasturias.com\/noticias\/desciende-la-construccion-de-viviendas-protegidas-en-espana\/#breadcrumblist","itemListElement":[{"@type":"ListItem","@id":"https:\/\/www.eldigitaldeasturias.com\/noticias#listItem","position":1,"name":"Home","item":"https:\/\/www.eldigitaldeasturias.com\/noticias","nextItem":{"@type":"ListItem","@id":"https:\/\/www.eldigitaldeasturias.com\/noticias\/category\/economia\/#listItem","name":"Econom\u00eda"}},{"@type":"ListItem","@id":"https:\/\/www.eldigitaldeasturias.com\/noticias\/category\/economia\/#listItem","position":2,"name":"Econom\u00eda","item":"https:\/\/www.eldigitaldeasturias.com\/noticias\/category\/economia\/","nextItem":{"@type":"ListItem","@id":"https:\/\/www.eldigitaldeasturias.com\/noticias\/desciende-la-construccion-de-viviendas-protegidas-en-espana\/#listItem","name":"Desciende la construcci\u00f3n de viviendas protegidas en Espa\u00f1a"},"previousItem":{"@type":"ListItem","@id":"https:\/\/www.eldigitaldeasturias.com\/noticias#listItem","name":"Home"}},{"@type":"ListItem","@id":"https:\/\/www.eldigitaldeasturias.com\/noticias\/desciende-la-construccion-de-viviendas-protegidas-en-espana\/#listItem","position":3,"name":"Desciende la construcci\u00f3n de viviendas protegidas en Espa\u00f1a","previousItem":{"@type":"ListItem","@id":"https:\/\/www.eldigitaldeasturias.com\/noticias\/category\/economia\/#listItem","name":"Econom\u00eda"}}]},{"@type":"Organization","@id":"https:\/\/www.eldigitaldeasturias.com\/noticias\/#organization","name":"El Digital de Asturias","description":"Hemeroteca","url":"https:\/\/www.eldigitaldeasturias.com\/noticias\/","email":"info@eldigitaldeasturias.com","telephone":"+34652131393","logo":{"@type":"ImageObject","url":"https:\/\/www.eldigitaldeasturias.com\/noticias\/wp-content\/uploads\/2020\/12\/EDA.jpg","@id":"https:\/\/www.eldigitaldeasturias.com\/noticias\/desciende-la-construccion-de-viviendas-protegidas-en-espana\/#organizationLogo","width":649,"height":297},"image":{"@id":"https:\/\/www.eldigitaldeasturias.com\/noticias\/desciende-la-construccion-de-viviendas-protegidas-en-espana\/#organizationLogo"},"sameAs":["https:\/\/facebook.com\/eldigitaldeasturias","https:\/\/www.youtube.com\/channel\/UCZP-2wLEB9Rv6erhFmqVnvg"],"address":{"@id":"https:\/\/www.eldigitaldeasturias.com\/noticias\/#postaladdress","@type":"PostalAddress","streetAddress":"san antonio 4,","postalCode":"33430","addressLocality":"Cand\u00e1s","addressRegion":"Asturias","addressCountry":"ES"}},{"@type":"Person","@id":"https:\/\/www.eldigitaldeasturias.com\/noticias\/author\/admin\/#author","url":"https:\/\/www.eldigitaldeasturias.com\/noticias\/author\/admin\/","name":"El Digital de Asturias","image":{"@type":"ImageObject","@id":"https:\/\/www.eldigitaldeasturias.com\/noticias\/desciende-la-construccion-de-viviendas-protegidas-en-espana\/#authorImage","url":"https:\/\/www.eldigitaldeasturias.com\/noticias\/wp-content\/litespeed\/avatar\/18677e78aa0546b92d9dbf31ec7d7668.jpg?ver=1777290358","width":96,"height":96,"caption":"El Digital de Asturias"}},{"@type":"WebPage","@id":"https:\/\/www.eldigitaldeasturias.com\/noticias\/desciende-la-construccion-de-viviendas-protegidas-en-espana\/#webpage","url":"https:\/\/www.eldigitaldeasturias.com\/noticias\/desciende-la-construccion-de-viviendas-protegidas-en-espana\/","name":"Desciende la construcci\u00f3n de viviendas protegidas en Espa\u00f1a - El Digital de Asturias","description":"(EP) - La construcci\u00f3n de viviendas protegidas cay\u00f3 un 82,9% entre 2011 y 2021, por lo que el volumen de este tipo de residencias \"no pasa un buen momento\"","inLanguage":"es-ES","isPartOf":{"@id":"https:\/\/www.eldigitaldeasturias.com\/noticias\/#website"},"breadcrumb":{"@id":"https:\/\/www.eldigitaldeasturias.com\/noticias\/desciende-la-construccion-de-viviendas-protegidas-en-espana\/#breadcrumblist"},"author":{"@id":"https:\/\/www.eldigitaldeasturias.com\/noticias\/author\/admin\/#author"},"creator":{"@id":"https:\/\/www.eldigitaldeasturias.com\/noticias\/author\/admin\/#author"},"image":{"@type":"ImageObject","url":"https:\/\/www.eldigitaldeasturias.com\/noticias\/wp-content\/uploads\/2022\/08\/viviendas-1.jpg","@id":"https:\/\/www.eldigitaldeasturias.com\/noticias\/desciende-la-construccion-de-viviendas-protegidas-en-espana\/#mainImage","width":896,"height":653,"caption":"Foto: Eduardo Parra - Europa Press"},"primaryImageOfPage":{"@id":"https:\/\/www.eldigitaldeasturias.com\/noticias\/desciende-la-construccion-de-viviendas-protegidas-en-espana\/#mainImage"},"datePublished":"2022-08-20T09:22:56+02:00","dateModified":"2022-08-20T09:22:56+02:00"},{"@type":"WebSite","@id":"https:\/\/www.eldigitaldeasturias.com\/noticias\/#website","url":"https:\/\/www.eldigitaldeasturias.com\/noticias\/","name":"El Digital de Asturias - Diario de actualidad y noticias","alternateName":"El Digital de Asturias - Diario de actualidad y noticias","description":"Hemeroteca","inLanguage":"es-ES","publisher":{"@id":"https:\/\/www.eldigitaldeasturias.com\/noticias\/#organization"}}]},"og:locale":"es_ES","og:site_name":"El Digital de Asturias","og:type":"article","og:title":"Desciende la construcci\u00f3n de viviendas protegidas en Espa\u00f1a - El Digital de Asturias","og:description":"(EP) - La construcci\u00f3n de viviendas protegidas cay\u00f3 un 82,9% entre 2011 y 2021, por lo que el volumen de este tipo de residencias &quot;no pasa un buen momento&quot;","og:url":"https:\/\/www.eldigitaldeasturias.com\/noticias\/desciende-la-construccion-de-viviendas-protegidas-en-espana\/","og:image":"https:\/\/www.eldigitaldeasturias.com\/noticias\/wp-content\/uploads\/2022\/08\/viviendas-1.jpg","og:image:secure_url":"https:\/\/www.eldigitaldeasturias.com\/noticias\/wp-content\/uploads\/2022\/08\/viviendas-1.jpg","og:image:width":896,"og:image:height":653,"article:tag":["econom\u00eda"],"article:published_time":"2022-08-20T07:22:56+00:00","article:modified_time":"2022-08-20T07:22:56+00:00","article:publisher":"https:\/\/facebook.com\/eldigitaldeasturias","twitter:card":"summary_large_image","twitter:title":"Desciende la construcci\u00f3n de viviendas protegidas en Espa\u00f1a - El Digital de Asturias","twitter:description":"(EP) - La construcci\u00f3n de viviendas protegidas cay\u00f3 un 82,9% entre 2011 y 2021, por lo que el volumen de este tipo de residencias &quot;no pasa un buen momento&quot;","twitter:image":"https:\/\/www.eldigitaldeasturias.com\/noticias\/wp-content\/uploads\/2022\/08\/viviendas-1.jpg","twitter:label1":"Escrito por","twitter:data1":"El Digital de Asturias","twitter:label2":"Tiempo de lectura estimado","twitter:data2":"5 minutos"},"aioseo_meta_data":{"post_id":"1115480","title":null,"description":"(EP) - La construcci\u00f3n de viviendas protegidas cay\u00f3 un 82,9% entre 2011 y 2021, por lo que el volumen de este tipo de residencias \"no pasa un buen momento\"","keywords":[],"keyphrases":{"focus":{"keyphrase":"viviendas protegidas","score":93,"analysis":{"keyphraseInTitle":{"title":"Focus keyphrase in SEO title","description":"Focus keyphrase found in SEO title.","score":9,"maxScore":9,"error":0},"keyphraseInDescription":{"title":"Focus keyphrase in meta description","description":"Focus keyphrase found in meta description.","score":9,"maxScore":9,"error":0},"keyphraseLength":{"title":"Focus keyphrase length","description":"Good job!","score":9,"maxScore":9,"error":0,"length":2},"keyphraseInURL":{"title":"Focus keyphrase in URL","description":"Focus keyphrase not found in the URL.","score":1,"maxScore":5,"error":1},"keyphraseInIntroduction":{"title":"Focus keyphrase in introduction","description":"Your Focus keyphrase appears in the first paragraph. Well done!","score":9,"maxScore":9,"error":0},"keyphraseInSubHeadings":{"title":"Focus keyphrase in Subheadings","description":"Your H2 and H3 subheadings reflects the topic of your copy. Good job!","score":9,"maxScore":9,"error":0},"keyphraseInImageAlt":{"title":"Focus keyphrase in image alt attributes","description":"Focus keyphrase found in image alt attribute(s).","score":9,"maxScore":9,"error":0}}},"additional":[{"keyphrase":"viviendas ","score":100,"analysis":{"keyphraseInDescription":{"title":"Keyphrase in meta description","description":"Keyphrase found in meta description.","score":9,"maxScore":9,"error":0},"keyphraseLength":{"title":"Keyphrase length","description":"Good job!","score":9,"maxScore":9,"error":0,"length":1},"keyphraseInIntroduction":{"title":"Keyphrase in introduction","description":"Your Keyphrase appears in the first paragraph. Well done!","score":9,"maxScore":9,"error":0},"keyphraseInImageAlt":{"title":"Keyphrase in image alt attributes","description":"Keyphrase found in image alt attribute(s).","score":9,"maxScore":9,"error":0}}}]},"primary_term":null,"canonical_url":null,"og_title":null,"og_description":null,"og_object_type":"default","og_image_type":"default","og_image_url":null,"og_image_width":null,"og_image_height":null,"og_image_custom_url":null,"og_image_custom_fields":null,"og_video":"","og_custom_url":null,"og_article_section":null,"og_article_tags":[],"twitter_use_og":false,"twitter_card":"default","twitter_image_type":"default","twitter_image_url":null,"twitter_image_custom_url":null,"twitter_image_custom_fields":null,"twitter_title":null,"twitter_description":null,"schema":{"blockGraphs":[],"customGraphs":[],"default":{"data":{"Article":[],"Course":[],"Dataset":[],"FAQPage":[],"Movie":[],"Person":[],"Product":[],"ProductReview":[],"Car":[],"Recipe":[],"Service":[],"SoftwareApplication":[],"WebPage":[]},"graphName":"","isEnabled":true},"graphs":[],"defaultGraph":"Article","defaultPostTypeGraph":""},"schema_type":"default","schema_type_options":"{\"article\":{\"articleType\":\"BlogPosting\"},\"course\":{\"name\":\"\",\"description\":\"\",\"provider\":\"\"},\"faq\":{\"pages\":[]},\"product\":{\"reviews\":[]},\"recipe\":{\"ingredients\":[],\"instructions\":[],\"keywords\":[]},\"software\":{\"reviews\":[],\"operatingSystems\":[]},\"webPage\":{\"webPageType\":\"WebPage\"},\"blockGraphs\":[]}","pillar_content":false,"robots_default":true,"robots_noindex":false,"robots_noarchive":false,"robots_nosnippet":false,"robots_nofollow":false,"robots_noimageindex":false,"robots_noodp":false,"robots_notranslate":false,"robots_max_snippet":"-1","robots_max_videopreview":"-1","robots_max_imagepreview":"large","priority":null,"frequency":"default","local_seo":null,"seo_analyzer_scan_date":"2025-10-03 13:06:09","breadcrumb_settings":null,"limit_modified_date":false,"open_ai":null,"ai":null,"created":"2022-08-20 07:15:34","updated":"2025-10-03 13:06:09"},"aioseo_breadcrumb":"<div class=\"aioseo-breadcrumbs\"><span class=\"aioseo-breadcrumb\">\n\t<a href=\"https:\/\/www.eldigitaldeasturias.com\/noticias\" title=\"Home\">Home<\/a>\n<\/span><span class=\"aioseo-breadcrumb-separator\">\u2013<\/span><span class=\"aioseo-breadcrumb\">\n\t<a href=\"https:\/\/www.eldigitaldeasturias.com\/noticias\/category\/economia\/\" title=\"Econom\u00eda\">Econom\u00eda<\/a>\n<\/span><span class=\"aioseo-breadcrumb-separator\">\u2013<\/span><span class=\"aioseo-breadcrumb\">\n\t<a href=\"https:\/\/www.eldigitaldeasturias.com\/noticias\/desciende-la-construccion-de-viviendas-protegidas-en-espana\/\" title=\"Desciende la construcci\u00f3n de viviendas protegidas en Espa\u00f1a\">Desciende la construcci\u00f3n de viviendas protegidas en Espa\u00f1a<\/a>\n<\/span><\/div>","aioseo_breadcrumb_json":[{"label":"Home","link":"https:\/\/www.eldigitaldeasturias.com\/noticias"},{"label":"Econom\u00eda","link":"https:\/\/www.eldigitaldeasturias.com\/noticias\/category\/economia\/"},{"label":"Desciende la construcci\u00f3n de viviendas protegidas en Espa\u00f1a","link":"https:\/\/www.eldigitaldeasturias.com\/noticias\/desciende-la-construccion-de-viviendas-protegidas-en-espana\/"}],"_links":{"self":[{"href":"https:\/\/www.eldigitaldeasturias.com\/noticias\/wp-json\/wp\/v2\/posts\/1115480","targetHints":{"allow":["GET"]}}],"collection":[{"href":"https:\/\/www.eldigitaldeasturias.com\/noticias\/wp-json\/wp\/v2\/posts"}],"about":[{"href":"https:\/\/www.eldigitaldeasturias.com\/noticias\/wp-json\/wp\/v2\/types\/post"}],"author":[{"embeddable":true,"href":"https:\/\/www.eldigitaldeasturias.com\/noticias\/wp-json\/wp\/v2\/users\/1"}],"replies":[{"embeddable":true,"href":"https:\/\/www.eldigitaldeasturias.com\/noticias\/wp-json\/wp\/v2\/comments?post=1115480"}],"version-history":[{"count":0,"href":"https:\/\/www.eldigitaldeasturias.com\/noticias\/wp-json\/wp\/v2\/posts\/1115480\/revisions"}],"wp:featuredmedia":[{"embeddable":true,"href":"https:\/\/www.eldigitaldeasturias.com\/noticias\/wp-json\/wp\/v2\/media\/1115481"}],"wp:attachment":[{"href":"https:\/\/www.eldigitaldeasturias.com\/noticias\/wp-json\/wp\/v2\/media?parent=1115480"}],"wp:term":[{"taxonomy":"category","embeddable":true,"href":"https:\/\/www.eldigitaldeasturias.com\/noticias\/wp-json\/wp\/v2\/categories?post=1115480"},{"taxonomy":"post_tag","embeddable":true,"href":"https:\/\/www.eldigitaldeasturias.com\/noticias\/wp-json\/wp\/v2\/tags?post=1115480"}],"curies":[{"name":"wp","href":"https:\/\/api.w.org\/{rel}","templated":true}]}}