{"id":1115343,"date":"2022-08-15T18:33:06","date_gmt":"2022-08-15T16:33:06","guid":{"rendered":"https:\/\/www.eldigitaldeasturias.com\/noticias\/?p=1115343"},"modified":"2022-08-15T18:33:06","modified_gmt":"2022-08-15T16:33:06","slug":"atronadora-ovacion-del-allianz-arena-para-musiala","status":"publish","type":"post","link":"https:\/\/www.eldigitaldeasturias.com\/noticias\/atronadora-ovacion-del-allianz-arena-para-musiala\/","title":{"rendered":"Atronadora ovaci\u00f3n del Allianz Arena para Musiala"},"content":{"rendered":"<p>M\u00fanich, 15 ago (dpa) &#8211; Al ser sustituido, el joven <a href=\"https:\/\/naberco.es\/lluvia-de-elogios-por-el-comienzo-de-jamal-musiala-en-la-bundesliga\/\" target=\"_blank\" rel=\"noopener\"><span style=\"color: #ff6600;\"><strong>Jamal Musiala<\/strong><\/span><\/a> no solo recibi\u00f3 la ovaci\u00f3n de un Allianz Arena puesto en pie para felicitarlo por su gol y su actuaci\u00f3n ante el Wolfsburgo, sino que el t\u00e9cnico Julian Nagelsmann lo abraz\u00f3 como muestra de reconocimiento.<\/p>\n<figure id=\"attachment_1115344\" aria-describedby=\"caption-attachment-1115344\" style=\"width: 650px\" class=\"wp-caption aligncenter\"><img loading=\"lazy\" decoding=\"async\" class=\"wp-image-1115344 size-large\" src=\"https:\/\/www.eldigitaldeasturias.com\/noticias\/wp-content\/uploads\/2022\/08\/Musiala-650x438.jpg\" alt=\"Musiala\" width=\"650\" height=\"438\" srcset=\"https:\/\/www.eldigitaldeasturias.com\/noticias\/wp-content\/uploads\/2022\/08\/Musiala-650x438.jpg 650w, https:\/\/www.eldigitaldeasturias.com\/noticias\/wp-content\/uploads\/2022\/08\/Musiala-360x243.jpg 360w, https:\/\/www.eldigitaldeasturias.com\/noticias\/wp-content\/uploads\/2022\/08\/Musiala-445x300.jpg 445w, https:\/\/www.eldigitaldeasturias.com\/noticias\/wp-content\/uploads\/2022\/08\/Musiala-768x517.jpg 768w, https:\/\/www.eldigitaldeasturias.com\/noticias\/wp-content\/uploads\/2022\/08\/Musiala-150x101.jpg 150w, https:\/\/www.eldigitaldeasturias.com\/noticias\/wp-content\/uploads\/2022\/08\/Musiala-450x303.jpg 450w, https:\/\/www.eldigitaldeasturias.com\/noticias\/wp-content\/uploads\/2022\/08\/Musiala.jpg 993w\" sizes=\"auto, (max-width: 650px) 100vw, 650px\" \/><figcaption id=\"caption-attachment-1115344\" class=\"wp-caption-text\">Jamal Musiala (izq.), del Bayern M\u00fanich, lucha por el bal\u00f3n con Ridle Baku, del Wolfsburgo, en el 2-0 para los b\u00e1varos en la segunda fecha de la Bundesliga. Foto: Sven Hoppe\/dpa<\/figcaption><\/figure>\n<p>\u00abHay mucha diversi\u00f3n en el campo\u00bb, dijo Musiala al comentar su sorprendente gol y la din\u00e1mica en la nueva l\u00ednea ofensiva del vigente campe\u00f3n de la Bundesliga.<\/p>\n<p>El internacional germano volvi\u00f3 a protagonizar los momentos m\u00e1s espectaculares de un por lo dem\u00e1s anodino 2-0, especialmente gracias a un gol logrado tras un pase de Thomas M\u00fcller en una acci\u00f3n de velocidad despu\u00e9s incluso de tropezar brevemente.<\/p>\n<p>\u00abClav\u00f3 el bal\u00f3n en seco en la esquina inferior izquierda\u00bb, coment\u00f3 impresionado M\u00fcller. \u00abHa sido el mejor\u00bb, a\u00f1adi\u00f3 el delantero, quien marc\u00f3 el segundo gol poco antes del descanso.<\/p>\n<p>Sobre su propio gol, Musiala declar\u00f3: \u00abSe trata simplemente de voluntad, el hambre de marcar un gol. Cuando me caigo al suelo o recibo una falta, siempre intento seguir jugando. Girarse es una de mis cualidades. El bal\u00f3n estaba en una buena posici\u00f3n para disparar. Le di bien\u00bb.<\/p>\n<p>Por su parte, el director deportivo del club, Hasan Salihamidzic, calific\u00f3 de deleite la actuaci\u00f3n de Musiala. \u00abAporta su potencial al campo. Estoy contento de que juegue con nosotros\u00bb, opin\u00f3.<\/p>\n<p>Tambi\u00e9n se sum\u00f3 a los elogios el ex jugador Lothar Matth\u00e4us, quien destac\u00f3 el potencial de Musiala para convertirse en un futbolista de clase mundial en el futuro. Y el presidente de la junta directiva del Bayern, Oliver Kahn, que se congratul\u00f3 por haberlo atado hasta el 2026.<\/p>\n<p>\u00abHa tenido un gran comienzo de temporada. Lo que est\u00e1 haciendo ya es sobresaliente, extraordinario en este momento. Tambi\u00e9n el gol, lo que que hace, ha sido impresionante\u00bb, valor\u00f3.<\/p>\n<p>No parece haber l\u00edmite para lo que puede lograr Musiala si se mantiene tal y como es: un joven que naci\u00f3 en Stuttgart, creci\u00f3 en Inglaterra durante mucho tiempo, habla un entra\u00f1able \u00abDenglish\u00bb (mezcla de alem\u00e1n e ingl\u00e9s), le encanta el f\u00fatbol, trabaja muy duro y es inteligente.<\/p>\n<p>\u00abSiempre tengo ganas de mejorar\u00bb, manifest\u00f3 tras el partido.<\/p>\n<p>Tan modesto y reservado como Musiala es fuera del campo, tan seguro de s\u00ed mismo, ambicioso y decidido es dentro del mismo. Conoce su lugar rodeado de estrellas como Sadio Man\u00e9, M\u00fcller, y Joshua Kimmich.<\/p>\n<p>Adem\u00e1s, con cuatro goles en tres partidos esta temporada, se est\u00e1 encargando de llenar el vac\u00edo dejado por Robert Lewandowski al irse al Barcelona.<\/p>\n<p>\u00abEse es el tipo de comienzo que me propuse, aportar m\u00e1s goles, m\u00e1s eficacia en mi juego. Estoy feliz de poder ponerlo en pr\u00e1ctica ahora\u00bb, agreg\u00f3 Musiala.<\/p>\n<p><i class=\"lang-es\"><span class=\" readonly\" title=\"\">Por Klaus Bergmann (dpa)<\/span><\/i><\/p>\n","protected":false},"excerpt":{"rendered":"<p>M\u00fanich, 15 ago (dpa) &#8211; Al ser sustituido, el joven Jamal Musiala no solo recibi\u00f3 la ovaci\u00f3n de un Allianz Arena puesto en pie para felicitarlo por su gol y su actuaci\u00f3n ante el Wolfsburgo, sino que el t\u00e9cnico Julian Nagelsmann lo abraz\u00f3 como muestra de reconocimiento. \u00abHay mucha diversi\u00f3n en el campo\u00bb, dijo Musiala [&hellip;]<\/p>\n","protected":false},"author":1,"featured_media":1115344,"comment_status":"closed","ping_status":"closed","sticky":false,"template":"","format":"standard","meta":{"footnotes":""},"categories":[190],"tags":[],"class_list":["post-1115343","post","type-post","status-publish","format-standard","has-post-thumbnail","hentry","category-deportes"],"aioseo_notices":[],"aioseo_head":"\n\t\t<!-- All in One SEO Pro 4.9.6.2 - aioseo.com -->\n\t<meta name=\"description\" content=\"M\u00fanich, 15 ago (dpa) - Al ser sustituido, el joven Jamal Musiala no solo recibi\u00f3 la ovaci\u00f3n de un Allianz Arena puesto en pie para felicitarlo por su gol\" \/>\n\t<meta name=\"robots\" content=\"max-image-preview:large\" \/>\n\t<meta name=\"author\" content=\"El Digital de Asturias\"\/>\n\t<meta name=\"google-site-verification\" content=\"UA-38556648-1\" \/>\n\t<meta name=\"msvalidate.01\" content=\"7dfe9f3f1b24437ab69f4f2559babe99\" \/>\n\t<meta name=\"keywords\" content=\"deportes\" \/>\n\t<link rel=\"canonical\" href=\"https:\/\/www.eldigitaldeasturias.com\/noticias\/atronadora-ovacion-del-allianz-arena-para-musiala\/\" \/>\n\t<meta name=\"generator\" content=\"All in One SEO Pro (AIOSEO) 4.9.6.2\" \/>\n\t\t<meta property=\"og:locale\" content=\"es_ES\" \/>\n\t\t<meta property=\"og:site_name\" content=\"El Digital de Asturias\" \/>\n\t\t<meta property=\"og:type\" content=\"article\" \/>\n\t\t<meta property=\"og:title\" content=\"Atronadora ovaci\u00f3n del Allianz Arena para Musiala - El Digital de Asturias\" \/>\n\t\t<meta property=\"og:description\" content=\"M\u00fanich, 15 ago (dpa) - Al ser sustituido, el joven Jamal Musiala no solo recibi\u00f3 la ovaci\u00f3n de un Allianz Arena puesto en pie para felicitarlo por su gol\" \/>\n\t\t<meta property=\"og:url\" content=\"https:\/\/www.eldigitaldeasturias.com\/noticias\/atronadora-ovacion-del-allianz-arena-para-musiala\/\" \/>\n\t\t<meta property=\"og:image\" content=\"https:\/\/www.eldigitaldeasturias.com\/noticias\/wp-content\/uploads\/2022\/08\/Musiala.jpg\" \/>\n\t\t<meta property=\"og:image:secure_url\" content=\"https:\/\/www.eldigitaldeasturias.com\/noticias\/wp-content\/uploads\/2022\/08\/Musiala.jpg\" \/>\n\t\t<meta property=\"og:image:width\" content=\"993\" \/>\n\t\t<meta property=\"og:image:height\" content=\"669\" \/>\n\t\t<meta property=\"article:tag\" content=\"deportes\" \/>\n\t\t<meta property=\"article:published_time\" content=\"2022-08-15T16:33:06+00:00\" \/>\n\t\t<meta property=\"article:modified_time\" content=\"2022-08-15T16:33:06+00:00\" \/>\n\t\t<meta property=\"article:publisher\" content=\"https:\/\/facebook.com\/eldigitaldeasturias\" \/>\n\t\t<meta name=\"twitter:card\" content=\"summary_large_image\" \/>\n\t\t<meta name=\"twitter:title\" content=\"Atronadora ovaci\u00f3n del Allianz Arena para Musiala - El Digital de Asturias\" \/>\n\t\t<meta name=\"twitter:description\" content=\"M\u00fanich, 15 ago (dpa) - Al ser sustituido, el joven Jamal Musiala no solo recibi\u00f3 la ovaci\u00f3n de un Allianz Arena puesto en pie para felicitarlo por su gol\" \/>\n\t\t<meta name=\"twitter:image\" content=\"https:\/\/www.eldigitaldeasturias.com\/noticias\/wp-content\/uploads\/2022\/08\/Musiala.jpg\" \/>\n\t\t<meta name=\"twitter:label1\" content=\"Escrito por\" \/>\n\t\t<meta name=\"twitter:data1\" content=\"El Digital de Asturias\" \/>\n\t\t<meta name=\"twitter:label2\" content=\"Tiempo de lectura estimado\" \/>\n\t\t<meta name=\"twitter:data2\" content=\"3 minutos\" \/>\n\t\t<script type=\"application\/ld+json\" class=\"aioseo-schema\">\n\t\t\t{\"@context\":\"https:\\\/\\\/schema.org\",\"@graph\":[{\"@type\":\"BlogPosting\",\"@id\":\"https:\\\/\\\/www.eldigitaldeasturias.com\\\/noticias\\\/atronadora-ovacion-del-allianz-arena-para-musiala\\\/#blogposting\",\"name\":\"Atronadora ovaci\\u00f3n del Allianz Arena para Musiala - El Digital de Asturias\",\"headline\":\"Atronadora ovaci\\u00f3n del Allianz Arena para Musiala\",\"author\":{\"@id\":\"https:\\\/\\\/www.eldigitaldeasturias.com\\\/noticias\\\/author\\\/admin\\\/#author\"},\"publisher\":{\"@id\":\"https:\\\/\\\/www.eldigitaldeasturias.com\\\/noticias\\\/#organization\"},\"image\":{\"@type\":\"ImageObject\",\"url\":\"https:\\\/\\\/www.eldigitaldeasturias.com\\\/noticias\\\/wp-content\\\/uploads\\\/2022\\\/08\\\/Musiala.jpg\",\"width\":993,\"height\":669,\"caption\":\"Jamal Musiala (izq.), del Bayern M\\u00fanich, lucha por el bal\\u00f3n con Ridle Baku, del Wolfsburgo, en el 2-0 para los b\\u00e1varos en la segunda fecha de la Bundesliga. Foto: Sven Hoppe\\\/dpa\"},\"datePublished\":\"2022-08-15T18:33:06+02:00\",\"dateModified\":\"2022-08-15T18:33:06+02:00\",\"inLanguage\":\"es-ES\",\"mainEntityOfPage\":{\"@id\":\"https:\\\/\\\/www.eldigitaldeasturias.com\\\/noticias\\\/atronadora-ovacion-del-allianz-arena-para-musiala\\\/#webpage\"},\"isPartOf\":{\"@id\":\"https:\\\/\\\/www.eldigitaldeasturias.com\\\/noticias\\\/atronadora-ovacion-del-allianz-arena-para-musiala\\\/#webpage\"},\"articleSection\":\"Deportes\"},{\"@type\":\"BreadcrumbList\",\"@id\":\"https:\\\/\\\/www.eldigitaldeasturias.com\\\/noticias\\\/atronadora-ovacion-del-allianz-arena-para-musiala\\\/#breadcrumblist\",\"itemListElement\":[{\"@type\":\"ListItem\",\"@id\":\"https:\\\/\\\/www.eldigitaldeasturias.com\\\/noticias#listItem\",\"position\":1,\"name\":\"Home\",\"item\":\"https:\\\/\\\/www.eldigitaldeasturias.com\\\/noticias\",\"nextItem\":{\"@type\":\"ListItem\",\"@id\":\"https:\\\/\\\/www.eldigitaldeasturias.com\\\/noticias\\\/category\\\/deportes\\\/#listItem\",\"name\":\"Deportes\"}},{\"@type\":\"ListItem\",\"@id\":\"https:\\\/\\\/www.eldigitaldeasturias.com\\\/noticias\\\/category\\\/deportes\\\/#listItem\",\"position\":2,\"name\":\"Deportes\",\"item\":\"https:\\\/\\\/www.eldigitaldeasturias.com\\\/noticias\\\/category\\\/deportes\\\/\",\"nextItem\":{\"@type\":\"ListItem\",\"@id\":\"https:\\\/\\\/www.eldigitaldeasturias.com\\\/noticias\\\/atronadora-ovacion-del-allianz-arena-para-musiala\\\/#listItem\",\"name\":\"Atronadora ovaci\\u00f3n del Allianz Arena para Musiala\"},\"previousItem\":{\"@type\":\"ListItem\",\"@id\":\"https:\\\/\\\/www.eldigitaldeasturias.com\\\/noticias#listItem\",\"name\":\"Home\"}},{\"@type\":\"ListItem\",\"@id\":\"https:\\\/\\\/www.eldigitaldeasturias.com\\\/noticias\\\/atronadora-ovacion-del-allianz-arena-para-musiala\\\/#listItem\",\"position\":3,\"name\":\"Atronadora ovaci\\u00f3n del Allianz Arena para Musiala\",\"previousItem\":{\"@type\":\"ListItem\",\"@id\":\"https:\\\/\\\/www.eldigitaldeasturias.com\\\/noticias\\\/category\\\/deportes\\\/#listItem\",\"name\":\"Deportes\"}}]},{\"@type\":\"Organization\",\"@id\":\"https:\\\/\\\/www.eldigitaldeasturias.com\\\/noticias\\\/#organization\",\"name\":\"El Digital de Asturias\",\"description\":\"Hemeroteca\",\"url\":\"https:\\\/\\\/www.eldigitaldeasturias.com\\\/noticias\\\/\",\"email\":\"info@eldigitaldeasturias.com\",\"telephone\":\"+34652131393\",\"logo\":{\"@type\":\"ImageObject\",\"url\":\"https:\\\/\\\/www.eldigitaldeasturias.com\\\/noticias\\\/wp-content\\\/uploads\\\/2020\\\/12\\\/EDA.jpg\",\"@id\":\"https:\\\/\\\/www.eldigitaldeasturias.com\\\/noticias\\\/atronadora-ovacion-del-allianz-arena-para-musiala\\\/#organizationLogo\",\"width\":649,\"height\":297},\"image\":{\"@id\":\"https:\\\/\\\/www.eldigitaldeasturias.com\\\/noticias\\\/atronadora-ovacion-del-allianz-arena-para-musiala\\\/#organizationLogo\"},\"sameAs\":[\"https:\\\/\\\/facebook.com\\\/eldigitaldeasturias\",\"https:\\\/\\\/www.youtube.com\\\/channel\\\/UCZP-2wLEB9Rv6erhFmqVnvg\"],\"address\":{\"@id\":\"https:\\\/\\\/www.eldigitaldeasturias.com\\\/noticias\\\/#postaladdress\",\"@type\":\"PostalAddress\",\"streetAddress\":\"san antonio 4,\",\"postalCode\":\"33430\",\"addressLocality\":\"Cand\\u00e1s\",\"addressRegion\":\"Asturias\",\"addressCountry\":\"ES\"}},{\"@type\":\"Person\",\"@id\":\"https:\\\/\\\/www.eldigitaldeasturias.com\\\/noticias\\\/author\\\/admin\\\/#author\",\"url\":\"https:\\\/\\\/www.eldigitaldeasturias.com\\\/noticias\\\/author\\\/admin\\\/\",\"name\":\"El Digital de Asturias\",\"image\":{\"@type\":\"ImageObject\",\"@id\":\"https:\\\/\\\/www.eldigitaldeasturias.com\\\/noticias\\\/atronadora-ovacion-del-allianz-arena-para-musiala\\\/#authorImage\",\"url\":\"https:\\\/\\\/www.eldigitaldeasturias.com\\\/noticias\\\/wp-content\\\/litespeed\\\/avatar\\\/18677e78aa0546b92d9dbf31ec7d7668.jpg?ver=1777290358\",\"width\":96,\"height\":96,\"caption\":\"El Digital de Asturias\"}},{\"@type\":\"WebPage\",\"@id\":\"https:\\\/\\\/www.eldigitaldeasturias.com\\\/noticias\\\/atronadora-ovacion-del-allianz-arena-para-musiala\\\/#webpage\",\"url\":\"https:\\\/\\\/www.eldigitaldeasturias.com\\\/noticias\\\/atronadora-ovacion-del-allianz-arena-para-musiala\\\/\",\"name\":\"Atronadora ovaci\\u00f3n del Allianz Arena para Musiala - El Digital de Asturias\",\"description\":\"M\\u00fanich, 15 ago (dpa) - Al ser sustituido, el joven Jamal Musiala no solo recibi\\u00f3 la ovaci\\u00f3n de un Allianz Arena puesto en pie para felicitarlo por su gol\",\"inLanguage\":\"es-ES\",\"isPartOf\":{\"@id\":\"https:\\\/\\\/www.eldigitaldeasturias.com\\\/noticias\\\/#website\"},\"breadcrumb\":{\"@id\":\"https:\\\/\\\/www.eldigitaldeasturias.com\\\/noticias\\\/atronadora-ovacion-del-allianz-arena-para-musiala\\\/#breadcrumblist\"},\"author\":{\"@id\":\"https:\\\/\\\/www.eldigitaldeasturias.com\\\/noticias\\\/author\\\/admin\\\/#author\"},\"creator\":{\"@id\":\"https:\\\/\\\/www.eldigitaldeasturias.com\\\/noticias\\\/author\\\/admin\\\/#author\"},\"image\":{\"@type\":\"ImageObject\",\"url\":\"https:\\\/\\\/www.eldigitaldeasturias.com\\\/noticias\\\/wp-content\\\/uploads\\\/2022\\\/08\\\/Musiala.jpg\",\"@id\":\"https:\\\/\\\/www.eldigitaldeasturias.com\\\/noticias\\\/atronadora-ovacion-del-allianz-arena-para-musiala\\\/#mainImage\",\"width\":993,\"height\":669,\"caption\":\"Jamal Musiala (izq.), del Bayern M\\u00fanich, lucha por el bal\\u00f3n con Ridle Baku, del Wolfsburgo, en el 2-0 para los b\\u00e1varos en la segunda fecha de la Bundesliga. Foto: Sven Hoppe\\\/dpa\"},\"primaryImageOfPage\":{\"@id\":\"https:\\\/\\\/www.eldigitaldeasturias.com\\\/noticias\\\/atronadora-ovacion-del-allianz-arena-para-musiala\\\/#mainImage\"},\"datePublished\":\"2022-08-15T18:33:06+02:00\",\"dateModified\":\"2022-08-15T18:33:06+02:00\"},{\"@type\":\"WebSite\",\"@id\":\"https:\\\/\\\/www.eldigitaldeasturias.com\\\/noticias\\\/#website\",\"url\":\"https:\\\/\\\/www.eldigitaldeasturias.com\\\/noticias\\\/\",\"name\":\"El Digital de Asturias - Diario de actualidad y noticias\",\"alternateName\":\"El Digital de Asturias - Diario de actualidad y noticias\",\"description\":\"Hemeroteca\",\"inLanguage\":\"es-ES\",\"publisher\":{\"@id\":\"https:\\\/\\\/www.eldigitaldeasturias.com\\\/noticias\\\/#organization\"}}]}\n\t\t<\/script>\n\t\t<!-- All in One SEO Pro -->\r\n\t\t<title>Atronadora ovaci\u00f3n del Allianz Arena para Musiala - El Digital de Asturias<\/title>\n\n","aioseo_head_json":{"title":"Atronadora ovaci\u00f3n del Allianz Arena para Musiala - El Digital de Asturias","description":"M\u00fanich, 15 ago (dpa) - Al ser sustituido, el joven Jamal Musiala no solo recibi\u00f3 la ovaci\u00f3n de un Allianz Arena puesto en pie para felicitarlo por su gol","canonical_url":"https:\/\/www.eldigitaldeasturias.com\/noticias\/atronadora-ovacion-del-allianz-arena-para-musiala\/","robots":"max-image-preview:large","keywords":"deportes","webmasterTools":{"google-site-verification":"UA-38556648-1","msvalidate.01":"7dfe9f3f1b24437ab69f4f2559babe99","miscellaneous":""},"schema":{"@context":"https:\/\/schema.org","@graph":[{"@type":"BlogPosting","@id":"https:\/\/www.eldigitaldeasturias.com\/noticias\/atronadora-ovacion-del-allianz-arena-para-musiala\/#blogposting","name":"Atronadora ovaci\u00f3n del Allianz Arena para Musiala - El Digital de Asturias","headline":"Atronadora ovaci\u00f3n del Allianz Arena para Musiala","author":{"@id":"https:\/\/www.eldigitaldeasturias.com\/noticias\/author\/admin\/#author"},"publisher":{"@id":"https:\/\/www.eldigitaldeasturias.com\/noticias\/#organization"},"image":{"@type":"ImageObject","url":"https:\/\/www.eldigitaldeasturias.com\/noticias\/wp-content\/uploads\/2022\/08\/Musiala.jpg","width":993,"height":669,"caption":"Jamal Musiala (izq.), del Bayern M\u00fanich, lucha por el bal\u00f3n con Ridle Baku, del Wolfsburgo, en el 2-0 para los b\u00e1varos en la segunda fecha de la Bundesliga. Foto: Sven Hoppe\/dpa"},"datePublished":"2022-08-15T18:33:06+02:00","dateModified":"2022-08-15T18:33:06+02:00","inLanguage":"es-ES","mainEntityOfPage":{"@id":"https:\/\/www.eldigitaldeasturias.com\/noticias\/atronadora-ovacion-del-allianz-arena-para-musiala\/#webpage"},"isPartOf":{"@id":"https:\/\/www.eldigitaldeasturias.com\/noticias\/atronadora-ovacion-del-allianz-arena-para-musiala\/#webpage"},"articleSection":"Deportes"},{"@type":"BreadcrumbList","@id":"https:\/\/www.eldigitaldeasturias.com\/noticias\/atronadora-ovacion-del-allianz-arena-para-musiala\/#breadcrumblist","itemListElement":[{"@type":"ListItem","@id":"https:\/\/www.eldigitaldeasturias.com\/noticias#listItem","position":1,"name":"Home","item":"https:\/\/www.eldigitaldeasturias.com\/noticias","nextItem":{"@type":"ListItem","@id":"https:\/\/www.eldigitaldeasturias.com\/noticias\/category\/deportes\/#listItem","name":"Deportes"}},{"@type":"ListItem","@id":"https:\/\/www.eldigitaldeasturias.com\/noticias\/category\/deportes\/#listItem","position":2,"name":"Deportes","item":"https:\/\/www.eldigitaldeasturias.com\/noticias\/category\/deportes\/","nextItem":{"@type":"ListItem","@id":"https:\/\/www.eldigitaldeasturias.com\/noticias\/atronadora-ovacion-del-allianz-arena-para-musiala\/#listItem","name":"Atronadora ovaci\u00f3n del Allianz Arena para Musiala"},"previousItem":{"@type":"ListItem","@id":"https:\/\/www.eldigitaldeasturias.com\/noticias#listItem","name":"Home"}},{"@type":"ListItem","@id":"https:\/\/www.eldigitaldeasturias.com\/noticias\/atronadora-ovacion-del-allianz-arena-para-musiala\/#listItem","position":3,"name":"Atronadora ovaci\u00f3n del Allianz Arena para Musiala","previousItem":{"@type":"ListItem","@id":"https:\/\/www.eldigitaldeasturias.com\/noticias\/category\/deportes\/#listItem","name":"Deportes"}}]},{"@type":"Organization","@id":"https:\/\/www.eldigitaldeasturias.com\/noticias\/#organization","name":"El Digital de Asturias","description":"Hemeroteca","url":"https:\/\/www.eldigitaldeasturias.com\/noticias\/","email":"info@eldigitaldeasturias.com","telephone":"+34652131393","logo":{"@type":"ImageObject","url":"https:\/\/www.eldigitaldeasturias.com\/noticias\/wp-content\/uploads\/2020\/12\/EDA.jpg","@id":"https:\/\/www.eldigitaldeasturias.com\/noticias\/atronadora-ovacion-del-allianz-arena-para-musiala\/#organizationLogo","width":649,"height":297},"image":{"@id":"https:\/\/www.eldigitaldeasturias.com\/noticias\/atronadora-ovacion-del-allianz-arena-para-musiala\/#organizationLogo"},"sameAs":["https:\/\/facebook.com\/eldigitaldeasturias","https:\/\/www.youtube.com\/channel\/UCZP-2wLEB9Rv6erhFmqVnvg"],"address":{"@id":"https:\/\/www.eldigitaldeasturias.com\/noticias\/#postaladdress","@type":"PostalAddress","streetAddress":"san antonio 4,","postalCode":"33430","addressLocality":"Cand\u00e1s","addressRegion":"Asturias","addressCountry":"ES"}},{"@type":"Person","@id":"https:\/\/www.eldigitaldeasturias.com\/noticias\/author\/admin\/#author","url":"https:\/\/www.eldigitaldeasturias.com\/noticias\/author\/admin\/","name":"El Digital de Asturias","image":{"@type":"ImageObject","@id":"https:\/\/www.eldigitaldeasturias.com\/noticias\/atronadora-ovacion-del-allianz-arena-para-musiala\/#authorImage","url":"https:\/\/www.eldigitaldeasturias.com\/noticias\/wp-content\/litespeed\/avatar\/18677e78aa0546b92d9dbf31ec7d7668.jpg?ver=1777290358","width":96,"height":96,"caption":"El Digital de Asturias"}},{"@type":"WebPage","@id":"https:\/\/www.eldigitaldeasturias.com\/noticias\/atronadora-ovacion-del-allianz-arena-para-musiala\/#webpage","url":"https:\/\/www.eldigitaldeasturias.com\/noticias\/atronadora-ovacion-del-allianz-arena-para-musiala\/","name":"Atronadora ovaci\u00f3n del Allianz Arena para Musiala - El Digital de Asturias","description":"M\u00fanich, 15 ago (dpa) - Al ser sustituido, el joven Jamal Musiala no solo recibi\u00f3 la ovaci\u00f3n de un Allianz Arena puesto en pie para felicitarlo por su gol","inLanguage":"es-ES","isPartOf":{"@id":"https:\/\/www.eldigitaldeasturias.com\/noticias\/#website"},"breadcrumb":{"@id":"https:\/\/www.eldigitaldeasturias.com\/noticias\/atronadora-ovacion-del-allianz-arena-para-musiala\/#breadcrumblist"},"author":{"@id":"https:\/\/www.eldigitaldeasturias.com\/noticias\/author\/admin\/#author"},"creator":{"@id":"https:\/\/www.eldigitaldeasturias.com\/noticias\/author\/admin\/#author"},"image":{"@type":"ImageObject","url":"https:\/\/www.eldigitaldeasturias.com\/noticias\/wp-content\/uploads\/2022\/08\/Musiala.jpg","@id":"https:\/\/www.eldigitaldeasturias.com\/noticias\/atronadora-ovacion-del-allianz-arena-para-musiala\/#mainImage","width":993,"height":669,"caption":"Jamal Musiala (izq.), del Bayern M\u00fanich, lucha por el bal\u00f3n con Ridle Baku, del Wolfsburgo, en el 2-0 para los b\u00e1varos en la segunda fecha de la Bundesliga. Foto: Sven Hoppe\/dpa"},"primaryImageOfPage":{"@id":"https:\/\/www.eldigitaldeasturias.com\/noticias\/atronadora-ovacion-del-allianz-arena-para-musiala\/#mainImage"},"datePublished":"2022-08-15T18:33:06+02:00","dateModified":"2022-08-15T18:33:06+02:00"},{"@type":"WebSite","@id":"https:\/\/www.eldigitaldeasturias.com\/noticias\/#website","url":"https:\/\/www.eldigitaldeasturias.com\/noticias\/","name":"El Digital de Asturias - Diario de actualidad y noticias","alternateName":"El Digital de Asturias - Diario de actualidad y noticias","description":"Hemeroteca","inLanguage":"es-ES","publisher":{"@id":"https:\/\/www.eldigitaldeasturias.com\/noticias\/#organization"}}]},"og:locale":"es_ES","og:site_name":"El Digital de Asturias","og:type":"article","og:title":"Atronadora ovaci\u00f3n del Allianz Arena para Musiala - El Digital de Asturias","og:description":"M\u00fanich, 15 ago (dpa) - Al ser sustituido, el joven Jamal Musiala no solo recibi\u00f3 la ovaci\u00f3n de un Allianz Arena puesto en pie para felicitarlo por su gol","og:url":"https:\/\/www.eldigitaldeasturias.com\/noticias\/atronadora-ovacion-del-allianz-arena-para-musiala\/","og:image":"https:\/\/www.eldigitaldeasturias.com\/noticias\/wp-content\/uploads\/2022\/08\/Musiala.jpg","og:image:secure_url":"https:\/\/www.eldigitaldeasturias.com\/noticias\/wp-content\/uploads\/2022\/08\/Musiala.jpg","og:image:width":993,"og:image:height":669,"article:tag":["deportes"],"article:published_time":"2022-08-15T16:33:06+00:00","article:modified_time":"2022-08-15T16:33:06+00:00","article:publisher":"https:\/\/facebook.com\/eldigitaldeasturias","twitter:card":"summary_large_image","twitter:title":"Atronadora ovaci\u00f3n del Allianz Arena para Musiala - El Digital de Asturias","twitter:description":"M\u00fanich, 15 ago (dpa) - Al ser sustituido, el joven Jamal Musiala no solo recibi\u00f3 la ovaci\u00f3n de un Allianz Arena puesto en pie para felicitarlo por su gol","twitter:image":"https:\/\/www.eldigitaldeasturias.com\/noticias\/wp-content\/uploads\/2022\/08\/Musiala.jpg","twitter:label1":"Escrito por","twitter:data1":"El Digital de Asturias","twitter:label2":"Tiempo de lectura estimado","twitter:data2":"3 minutos"},"aioseo_meta_data":{"post_id":"1115343","title":null,"description":"M\u00fanich, 15 ago (dpa) - Al ser sustituido, el joven Jamal Musiala no solo recibi\u00f3 la ovaci\u00f3n de un Allianz Arena puesto en pie para felicitarlo por su gol","keywords":[],"keyphrases":{"focus":{"keyphrase":"Musiala","score":92,"analysis":{"keyphraseInTitle":{"title":"Focus keyphrase in SEO title","description":"Focus keyphrase found in SEO title.","score":9,"maxScore":9,"error":0},"keyphraseInDescription":{"title":"Focus keyphrase in meta description","description":"Focus keyphrase found in meta description.","score":9,"maxScore":9,"error":0},"keyphraseLength":{"title":"Focus keyphrase length","description":"Good job!","score":9,"maxScore":9,"error":0,"length":1},"keyphraseInURL":{"title":"Focus keyphrase in URL","description":"Focus keyphrase not found in the URL.","score":1,"maxScore":5,"error":1},"keyphraseInIntroduction":{"title":"Focus keyphrase in introduction","description":"Your Focus keyphrase appears in the first paragraph. Well done!","score":9,"maxScore":9,"error":0},"keyphraseInSubHeadings":[],"keyphraseInImageAlt":{"title":"Focus keyphrase in image alt attributes","description":"Focus keyphrase found in image alt attribute(s).","score":9,"maxScore":9,"error":0}}},"additional":[{"keyphrase":"Jamal Musiala","score":83,"analysis":{"keyphraseInDescription":{"title":"Keyphrase in meta description","description":"Keyphrase found in meta description.","score":9,"maxScore":9,"error":0},"keyphraseLength":{"title":"Keyphrase length","description":"Good job!","score":9,"maxScore":9,"error":0,"length":2},"keyphraseInIntroduction":{"title":"Keyphrase in introduction","description":"Your Keyphrase appears in the first paragraph. Well done!","score":9,"maxScore":9,"error":0},"keyphraseInImageAlt":{"title":"Keyphrase in image alt attributes","description":"Keyphrase not found in image alt attribute(s). Add an image with your Keyphrase as alt text.","score":3,"maxScore":9,"error":1}}},{"keyphrase":"Allianz Arena ","score":83,"analysis":{"keyphraseInDescription":{"title":"Keyphrase in meta description","description":"Keyphrase found in meta description.","score":9,"maxScore":9,"error":0},"keyphraseLength":{"title":"Keyphrase length","description":"Good job!","score":9,"maxScore":9,"error":0,"length":2},"keyphraseInIntroduction":{"title":"Keyphrase in introduction","description":"Your Keyphrase appears in the first paragraph. Well done!","score":9,"maxScore":9,"error":0},"keyphraseInImageAlt":{"title":"Keyphrase in image alt attributes","description":"Keyphrase not found in image alt attribute(s). Add an image with your Keyphrase as alt text.","score":3,"maxScore":9,"error":1}}}]},"primary_term":null,"canonical_url":null,"og_title":null,"og_description":null,"og_object_type":"default","og_image_type":"default","og_image_url":null,"og_image_width":null,"og_image_height":null,"og_image_custom_url":null,"og_image_custom_fields":null,"og_video":"","og_custom_url":null,"og_article_section":null,"og_article_tags":[],"twitter_use_og":false,"twitter_card":"default","twitter_image_type":"default","twitter_image_url":null,"twitter_image_custom_url":null,"twitter_image_custom_fields":null,"twitter_title":null,"twitter_description":null,"schema":{"blockGraphs":[],"customGraphs":[],"default":{"data":{"Article":[],"Course":[],"Dataset":[],"FAQPage":[],"Movie":[],"Person":[],"Product":[],"ProductReview":[],"Car":[],"Recipe":[],"Service":[],"SoftwareApplication":[],"WebPage":[]},"graphName":"","isEnabled":true},"graphs":[],"defaultGraph":"Article","defaultPostTypeGraph":""},"schema_type":"default","schema_type_options":"{\"article\":{\"articleType\":\"BlogPosting\"},\"course\":{\"name\":\"\",\"description\":\"\",\"provider\":\"\"},\"faq\":{\"pages\":[]},\"product\":{\"reviews\":[]},\"recipe\":{\"ingredients\":[],\"instructions\":[],\"keywords\":[]},\"software\":{\"reviews\":[],\"operatingSystems\":[]},\"webPage\":{\"webPageType\":\"WebPage\"},\"blockGraphs\":[]}","pillar_content":false,"robots_default":true,"robots_noindex":false,"robots_noarchive":false,"robots_nosnippet":false,"robots_nofollow":false,"robots_noimageindex":false,"robots_noodp":false,"robots_notranslate":false,"robots_max_snippet":"-1","robots_max_videopreview":"-1","robots_max_imagepreview":"large","priority":null,"frequency":"default","local_seo":null,"seo_analyzer_scan_date":"2025-10-03 12:31:13","breadcrumb_settings":null,"limit_modified_date":false,"open_ai":null,"ai":null,"created":"2022-08-15 16:29:30","updated":"2025-10-03 12:31:13"},"aioseo_breadcrumb":"<div class=\"aioseo-breadcrumbs\"><span class=\"aioseo-breadcrumb\">\n\t<a href=\"https:\/\/www.eldigitaldeasturias.com\/noticias\" title=\"Home\">Home<\/a>\n<\/span><span class=\"aioseo-breadcrumb-separator\">\u2013<\/span><span class=\"aioseo-breadcrumb\">\n\t<a href=\"https:\/\/www.eldigitaldeasturias.com\/noticias\/category\/deportes\/\" title=\"Deportes\">Deportes<\/a>\n<\/span><span class=\"aioseo-breadcrumb-separator\">\u2013<\/span><span class=\"aioseo-breadcrumb\">\n\t<a href=\"https:\/\/www.eldigitaldeasturias.com\/noticias\/atronadora-ovacion-del-allianz-arena-para-musiala\/\" title=\"Atronadora ovaci\u00f3n del Allianz Arena para Musiala\">Atronadora ovaci\u00f3n del Allianz Arena para Musiala<\/a>\n<\/span><\/div>","aioseo_breadcrumb_json":[{"label":"Home","link":"https:\/\/www.eldigitaldeasturias.com\/noticias"},{"label":"Deportes","link":"https:\/\/www.eldigitaldeasturias.com\/noticias\/category\/deportes\/"},{"label":"Atronadora ovaci\u00f3n del Allianz Arena para Musiala","link":"https:\/\/www.eldigitaldeasturias.com\/noticias\/atronadora-ovacion-del-allianz-arena-para-musiala\/"}],"_links":{"self":[{"href":"https:\/\/www.eldigitaldeasturias.com\/noticias\/wp-json\/wp\/v2\/posts\/1115343","targetHints":{"allow":["GET"]}}],"collection":[{"href":"https:\/\/www.eldigitaldeasturias.com\/noticias\/wp-json\/wp\/v2\/posts"}],"about":[{"href":"https:\/\/www.eldigitaldeasturias.com\/noticias\/wp-json\/wp\/v2\/types\/post"}],"author":[{"embeddable":true,"href":"https:\/\/www.eldigitaldeasturias.com\/noticias\/wp-json\/wp\/v2\/users\/1"}],"replies":[{"embeddable":true,"href":"https:\/\/www.eldigitaldeasturias.com\/noticias\/wp-json\/wp\/v2\/comments?post=1115343"}],"version-history":[{"count":0,"href":"https:\/\/www.eldigitaldeasturias.com\/noticias\/wp-json\/wp\/v2\/posts\/1115343\/revisions"}],"wp:featuredmedia":[{"embeddable":true,"href":"https:\/\/www.eldigitaldeasturias.com\/noticias\/wp-json\/wp\/v2\/media\/1115344"}],"wp:attachment":[{"href":"https:\/\/www.eldigitaldeasturias.com\/noticias\/wp-json\/wp\/v2\/media?parent=1115343"}],"wp:term":[{"taxonomy":"category","embeddable":true,"href":"https:\/\/www.eldigitaldeasturias.com\/noticias\/wp-json\/wp\/v2\/categories?post=1115343"},{"taxonomy":"post_tag","embeddable":true,"href":"https:\/\/www.eldigitaldeasturias.com\/noticias\/wp-json\/wp\/v2\/tags?post=1115343"}],"curies":[{"name":"wp","href":"https:\/\/api.w.org\/{rel}","templated":true}]}}