{"id":1114892,"date":"2022-08-04T20:02:07","date_gmt":"2022-08-04T18:02:07","guid":{"rendered":"https:\/\/www.eldigitaldeasturias.com\/noticias\/?p=1114892"},"modified":"2022-08-04T20:02:07","modified_gmt":"2022-08-04T18:02:07","slug":"camblor-y-calvo-se-han-reunido-con-el-alcalde-de-soto-del-barco","status":"publish","type":"post","link":"https:\/\/www.eldigitaldeasturias.com\/noticias\/camblor-y-calvo-se-han-reunido-con-el-alcalde-de-soto-del-barco\/","title":{"rendered":"Camblor y Calvo se han reunido con el alcalde de Soto del Barco"},"content":{"rendered":"<p>La consejera de Presidencia, Rita Camblor, que ha visitado el concejo de Soto del Barco, junto al director general de Administraci\u00f3n Local, Manuel Calvo. Camblor y se ha reunido con el alcalde Jaime Men\u00e9ndez, para luego visitar el camino de Cotollano-La Cebedal, donde est\u00e1 previsto ejecutar el sostenimiento de un talud.<\/p>\n<figure id=\"attachment_1114893\" aria-describedby=\"caption-attachment-1114893\" style=\"width: 650px\" class=\"wp-caption aligncenter\"><img loading=\"lazy\" decoding=\"async\" class=\"wp-image-1114893 size-large\" src=\"https:\/\/www.eldigitaldeasturias.com\/noticias\/wp-content\/uploads\/2022\/08\/Soto-del-Barco-650x472.jpg\" alt=\"Soto del Barco\" width=\"650\" height=\"472\" srcset=\"https:\/\/www.eldigitaldeasturias.com\/noticias\/wp-content\/uploads\/2022\/08\/Soto-del-Barco-650x472.jpg 650w, https:\/\/www.eldigitaldeasturias.com\/noticias\/wp-content\/uploads\/2022\/08\/Soto-del-Barco-360x261.jpg 360w, https:\/\/www.eldigitaldeasturias.com\/noticias\/wp-content\/uploads\/2022\/08\/Soto-del-Barco-413x300.jpg 413w, https:\/\/www.eldigitaldeasturias.com\/noticias\/wp-content\/uploads\/2022\/08\/Soto-del-Barco-768x557.jpg 768w, https:\/\/www.eldigitaldeasturias.com\/noticias\/wp-content\/uploads\/2022\/08\/Soto-del-Barco-150x109.jpg 150w, https:\/\/www.eldigitaldeasturias.com\/noticias\/wp-content\/uploads\/2022\/08\/Soto-del-Barco-450x327.jpg 450w, https:\/\/www.eldigitaldeasturias.com\/noticias\/wp-content\/uploads\/2022\/08\/Soto-del-Barco.jpg 996w\" sizes=\"auto, (max-width: 650px) 100vw, 650px\" \/><figcaption id=\"caption-attachment-1114893\" class=\"wp-caption-text\">FOTO: PRENSA GOBIERNO DE ASTURIAS<\/figcaption><\/figure>\n<p>La actuaci\u00f3n est\u00e1 pendiente de adjudicaci\u00f3n con una anualidad para 2022 de 44.357 euros. Tambi\u00e9n han recorrido la Florida, donde se est\u00e1 valorando ejecutar la actuaci\u00f3n de renovaci\u00f3n de la red de distribuci\u00f3n de agua presupuestada en 48.366 euros.<\/p>\n<p>Para terminar, han visitado el equipo de salvamento del concejo, que recibe 11.623 euros de la Consejer\u00eda de Presidencia a trav\u00e9s del plan de salvamento de playas (Sapla).<\/p>\n","protected":false},"excerpt":{"rendered":"<p>La consejera de Presidencia, Rita Camblor, que ha visitado el concejo de Soto del Barco, junto al director general de Administraci\u00f3n Local, Manuel Calvo. Camblor y se ha reunido con el alcalde Jaime Men\u00e9ndez, para luego visitar el camino de Cotollano-La Cebedal, donde est\u00e1 previsto ejecutar el sostenimiento de un talud. La actuaci\u00f3n est\u00e1 pendiente [&hellip;]<\/p>\n","protected":false},"author":1,"featured_media":1114893,"comment_status":"closed","ping_status":"closed","sticky":false,"template":"","format":"standard","meta":{"footnotes":""},"categories":[12],"tags":[],"class_list":["post-1114892","post","type-post","status-publish","format-standard","has-post-thumbnail","hentry","category-actualidad-asturias"],"aioseo_notices":[],"aioseo_head":"\n\t\t<!-- All in One SEO Pro 4.9.6.2 - aioseo.com -->\n\t<meta name=\"description\" content=\"La consejera de Presidencia, Rita Camblor, que ha visitado el concejo de Soto del Barco, junto al director general de Administraci\u00f3n Local, Manuel Calvo\" \/>\n\t<meta name=\"robots\" content=\"max-image-preview:large\" \/>\n\t<meta name=\"author\" content=\"El Digital de Asturias\"\/>\n\t<meta name=\"google-site-verification\" content=\"UA-38556648-1\" \/>\n\t<meta name=\"msvalidate.01\" content=\"7dfe9f3f1b24437ab69f4f2559babe99\" \/>\n\t<meta name=\"keywords\" content=\"actualidad asturias\" \/>\n\t<link rel=\"canonical\" href=\"https:\/\/www.eldigitaldeasturias.com\/noticias\/camblor-y-calvo-se-han-reunido-con-el-alcalde-de-soto-del-barco\/\" \/>\n\t<meta name=\"generator\" content=\"All in One SEO Pro (AIOSEO) 4.9.6.2\" \/>\n\t\t<meta property=\"og:locale\" content=\"es_ES\" \/>\n\t\t<meta property=\"og:site_name\" content=\"El Digital de Asturias\" \/>\n\t\t<meta property=\"og:type\" content=\"article\" \/>\n\t\t<meta property=\"og:title\" content=\"Camblor y Calvo se han reunido con el alcalde de Soto del Barco - El Digital de Asturias\" \/>\n\t\t<meta property=\"og:description\" content=\"La consejera de Presidencia, Rita Camblor, que ha visitado el concejo de Soto del Barco, junto al director general de Administraci\u00f3n Local, Manuel Calvo\" \/>\n\t\t<meta property=\"og:url\" content=\"https:\/\/www.eldigitaldeasturias.com\/noticias\/camblor-y-calvo-se-han-reunido-con-el-alcalde-de-soto-del-barco\/\" \/>\n\t\t<meta property=\"og:image\" content=\"https:\/\/www.eldigitaldeasturias.com\/noticias\/wp-content\/uploads\/2022\/08\/Soto-del-Barco.jpg\" \/>\n\t\t<meta property=\"og:image:secure_url\" content=\"https:\/\/www.eldigitaldeasturias.com\/noticias\/wp-content\/uploads\/2022\/08\/Soto-del-Barco.jpg\" \/>\n\t\t<meta property=\"og:image:width\" content=\"996\" \/>\n\t\t<meta property=\"og:image:height\" content=\"723\" \/>\n\t\t<meta property=\"article:tag\" content=\"actualidad asturias\" \/>\n\t\t<meta property=\"article:published_time\" content=\"2022-08-04T18:02:07+00:00\" \/>\n\t\t<meta property=\"article:modified_time\" content=\"2022-08-04T18:02:07+00:00\" \/>\n\t\t<meta property=\"article:publisher\" content=\"https:\/\/facebook.com\/eldigitaldeasturias\" \/>\n\t\t<meta name=\"twitter:card\" content=\"summary_large_image\" \/>\n\t\t<meta name=\"twitter:title\" content=\"Camblor y Calvo se han reunido con el alcalde de Soto del Barco - El Digital de Asturias\" \/>\n\t\t<meta name=\"twitter:description\" content=\"La consejera de Presidencia, Rita Camblor, que ha visitado el concejo de Soto del Barco, junto al director general de Administraci\u00f3n Local, Manuel Calvo\" \/>\n\t\t<meta name=\"twitter:image\" content=\"https:\/\/www.eldigitaldeasturias.com\/noticias\/wp-content\/uploads\/2022\/08\/Soto-del-Barco.jpg\" \/>\n\t\t<meta name=\"twitter:label1\" content=\"Escrito por\" \/>\n\t\t<meta name=\"twitter:data1\" content=\"El Digital de Asturias\" \/>\n\t\t<meta name=\"twitter:label2\" content=\"Tiempo de lectura estimado\" \/>\n\t\t<meta name=\"twitter:data2\" content=\"1 minuto\" \/>\n\t\t<script type=\"application\/ld+json\" class=\"aioseo-schema\">\n\t\t\t{\"@context\":\"https:\\\/\\\/schema.org\",\"@graph\":[{\"@type\":\"BlogPosting\",\"@id\":\"https:\\\/\\\/www.eldigitaldeasturias.com\\\/noticias\\\/camblor-y-calvo-se-han-reunido-con-el-alcalde-de-soto-del-barco\\\/#blogposting\",\"name\":\"Camblor y Calvo se han reunido con el alcalde de Soto del Barco - El Digital de Asturias\",\"headline\":\"Camblor y Calvo se han reunido con el alcalde de Soto del Barco\",\"author\":{\"@id\":\"https:\\\/\\\/www.eldigitaldeasturias.com\\\/noticias\\\/author\\\/admin\\\/#author\"},\"publisher\":{\"@id\":\"https:\\\/\\\/www.eldigitaldeasturias.com\\\/noticias\\\/#organization\"},\"image\":{\"@type\":\"ImageObject\",\"url\":\"https:\\\/\\\/www.eldigitaldeasturias.com\\\/noticias\\\/wp-content\\\/uploads\\\/2022\\\/08\\\/Soto-del-Barco.jpg\",\"width\":996,\"height\":723,\"caption\":\"FOTO: PRENSA GOBIERNO DE ASTURIAS\"},\"datePublished\":\"2022-08-04T20:02:07+02:00\",\"dateModified\":\"2022-08-04T20:02:07+02:00\",\"inLanguage\":\"es-ES\",\"mainEntityOfPage\":{\"@id\":\"https:\\\/\\\/www.eldigitaldeasturias.com\\\/noticias\\\/camblor-y-calvo-se-han-reunido-con-el-alcalde-de-soto-del-barco\\\/#webpage\"},\"isPartOf\":{\"@id\":\"https:\\\/\\\/www.eldigitaldeasturias.com\\\/noticias\\\/camblor-y-calvo-se-han-reunido-con-el-alcalde-de-soto-del-barco\\\/#webpage\"},\"articleSection\":\"Actualidad Asturias\"},{\"@type\":\"BreadcrumbList\",\"@id\":\"https:\\\/\\\/www.eldigitaldeasturias.com\\\/noticias\\\/camblor-y-calvo-se-han-reunido-con-el-alcalde-de-soto-del-barco\\\/#breadcrumblist\",\"itemListElement\":[{\"@type\":\"ListItem\",\"@id\":\"https:\\\/\\\/www.eldigitaldeasturias.com\\\/noticias#listItem\",\"position\":1,\"name\":\"Home\",\"item\":\"https:\\\/\\\/www.eldigitaldeasturias.com\\\/noticias\",\"nextItem\":{\"@type\":\"ListItem\",\"@id\":\"https:\\\/\\\/www.eldigitaldeasturias.com\\\/noticias\\\/category\\\/actualidad-asturias\\\/#listItem\",\"name\":\"Actualidad Asturias\"}},{\"@type\":\"ListItem\",\"@id\":\"https:\\\/\\\/www.eldigitaldeasturias.com\\\/noticias\\\/category\\\/actualidad-asturias\\\/#listItem\",\"position\":2,\"name\":\"Actualidad Asturias\",\"item\":\"https:\\\/\\\/www.eldigitaldeasturias.com\\\/noticias\\\/category\\\/actualidad-asturias\\\/\",\"nextItem\":{\"@type\":\"ListItem\",\"@id\":\"https:\\\/\\\/www.eldigitaldeasturias.com\\\/noticias\\\/camblor-y-calvo-se-han-reunido-con-el-alcalde-de-soto-del-barco\\\/#listItem\",\"name\":\"Camblor y Calvo se han reunido con el alcalde de Soto del Barco\"},\"previousItem\":{\"@type\":\"ListItem\",\"@id\":\"https:\\\/\\\/www.eldigitaldeasturias.com\\\/noticias#listItem\",\"name\":\"Home\"}},{\"@type\":\"ListItem\",\"@id\":\"https:\\\/\\\/www.eldigitaldeasturias.com\\\/noticias\\\/camblor-y-calvo-se-han-reunido-con-el-alcalde-de-soto-del-barco\\\/#listItem\",\"position\":3,\"name\":\"Camblor y Calvo se han reunido con el alcalde de Soto del Barco\",\"previousItem\":{\"@type\":\"ListItem\",\"@id\":\"https:\\\/\\\/www.eldigitaldeasturias.com\\\/noticias\\\/category\\\/actualidad-asturias\\\/#listItem\",\"name\":\"Actualidad Asturias\"}}]},{\"@type\":\"Organization\",\"@id\":\"https:\\\/\\\/www.eldigitaldeasturias.com\\\/noticias\\\/#organization\",\"name\":\"El Digital de Asturias\",\"description\":\"Hemeroteca\",\"url\":\"https:\\\/\\\/www.eldigitaldeasturias.com\\\/noticias\\\/\",\"email\":\"info@eldigitaldeasturias.com\",\"telephone\":\"+34652131393\",\"logo\":{\"@type\":\"ImageObject\",\"url\":\"https:\\\/\\\/www.eldigitaldeasturias.com\\\/noticias\\\/wp-content\\\/uploads\\\/2020\\\/12\\\/EDA.jpg\",\"@id\":\"https:\\\/\\\/www.eldigitaldeasturias.com\\\/noticias\\\/camblor-y-calvo-se-han-reunido-con-el-alcalde-de-soto-del-barco\\\/#organizationLogo\",\"width\":649,\"height\":297},\"image\":{\"@id\":\"https:\\\/\\\/www.eldigitaldeasturias.com\\\/noticias\\\/camblor-y-calvo-se-han-reunido-con-el-alcalde-de-soto-del-barco\\\/#organizationLogo\"},\"sameAs\":[\"https:\\\/\\\/facebook.com\\\/eldigitaldeasturias\",\"https:\\\/\\\/www.youtube.com\\\/channel\\\/UCZP-2wLEB9Rv6erhFmqVnvg\"],\"address\":{\"@id\":\"https:\\\/\\\/www.eldigitaldeasturias.com\\\/noticias\\\/#postaladdress\",\"@type\":\"PostalAddress\",\"streetAddress\":\"san antonio 4,\",\"postalCode\":\"33430\",\"addressLocality\":\"Cand\\u00e1s\",\"addressRegion\":\"Asturias\",\"addressCountry\":\"ES\"}},{\"@type\":\"Person\",\"@id\":\"https:\\\/\\\/www.eldigitaldeasturias.com\\\/noticias\\\/author\\\/admin\\\/#author\",\"url\":\"https:\\\/\\\/www.eldigitaldeasturias.com\\\/noticias\\\/author\\\/admin\\\/\",\"name\":\"El Digital de Asturias\",\"image\":{\"@type\":\"ImageObject\",\"@id\":\"https:\\\/\\\/www.eldigitaldeasturias.com\\\/noticias\\\/camblor-y-calvo-se-han-reunido-con-el-alcalde-de-soto-del-barco\\\/#authorImage\",\"url\":\"https:\\\/\\\/www.eldigitaldeasturias.com\\\/noticias\\\/wp-content\\\/litespeed\\\/avatar\\\/18677e78aa0546b92d9dbf31ec7d7668.jpg?ver=1777290358\",\"width\":96,\"height\":96,\"caption\":\"El Digital de Asturias\"}},{\"@type\":\"WebPage\",\"@id\":\"https:\\\/\\\/www.eldigitaldeasturias.com\\\/noticias\\\/camblor-y-calvo-se-han-reunido-con-el-alcalde-de-soto-del-barco\\\/#webpage\",\"url\":\"https:\\\/\\\/www.eldigitaldeasturias.com\\\/noticias\\\/camblor-y-calvo-se-han-reunido-con-el-alcalde-de-soto-del-barco\\\/\",\"name\":\"Camblor y Calvo se han reunido con el alcalde de Soto del Barco - El Digital de Asturias\",\"description\":\"La consejera de Presidencia, Rita Camblor, que ha visitado el concejo de Soto del Barco, junto al director general de Administraci\\u00f3n Local, Manuel Calvo\",\"inLanguage\":\"es-ES\",\"isPartOf\":{\"@id\":\"https:\\\/\\\/www.eldigitaldeasturias.com\\\/noticias\\\/#website\"},\"breadcrumb\":{\"@id\":\"https:\\\/\\\/www.eldigitaldeasturias.com\\\/noticias\\\/camblor-y-calvo-se-han-reunido-con-el-alcalde-de-soto-del-barco\\\/#breadcrumblist\"},\"author\":{\"@id\":\"https:\\\/\\\/www.eldigitaldeasturias.com\\\/noticias\\\/author\\\/admin\\\/#author\"},\"creator\":{\"@id\":\"https:\\\/\\\/www.eldigitaldeasturias.com\\\/noticias\\\/author\\\/admin\\\/#author\"},\"image\":{\"@type\":\"ImageObject\",\"url\":\"https:\\\/\\\/www.eldigitaldeasturias.com\\\/noticias\\\/wp-content\\\/uploads\\\/2022\\\/08\\\/Soto-del-Barco.jpg\",\"@id\":\"https:\\\/\\\/www.eldigitaldeasturias.com\\\/noticias\\\/camblor-y-calvo-se-han-reunido-con-el-alcalde-de-soto-del-barco\\\/#mainImage\",\"width\":996,\"height\":723,\"caption\":\"FOTO: PRENSA GOBIERNO DE ASTURIAS\"},\"primaryImageOfPage\":{\"@id\":\"https:\\\/\\\/www.eldigitaldeasturias.com\\\/noticias\\\/camblor-y-calvo-se-han-reunido-con-el-alcalde-de-soto-del-barco\\\/#mainImage\"},\"datePublished\":\"2022-08-04T20:02:07+02:00\",\"dateModified\":\"2022-08-04T20:02:07+02:00\"},{\"@type\":\"WebSite\",\"@id\":\"https:\\\/\\\/www.eldigitaldeasturias.com\\\/noticias\\\/#website\",\"url\":\"https:\\\/\\\/www.eldigitaldeasturias.com\\\/noticias\\\/\",\"name\":\"El Digital de Asturias - Diario de actualidad y noticias\",\"alternateName\":\"El Digital de Asturias - Diario de actualidad y noticias\",\"description\":\"Hemeroteca\",\"inLanguage\":\"es-ES\",\"publisher\":{\"@id\":\"https:\\\/\\\/www.eldigitaldeasturias.com\\\/noticias\\\/#organization\"}}]}\n\t\t<\/script>\n\t\t<!-- All in One SEO Pro -->\r\n\t\t<title>Camblor y Calvo se han reunido con el alcalde de Soto del Barco - El Digital de Asturias<\/title>\n\n","aioseo_head_json":{"title":"Camblor y Calvo se han reunido con el alcalde de Soto del Barco - El Digital de Asturias","description":"La consejera de Presidencia, Rita Camblor, que ha visitado el concejo de Soto del Barco, junto al director general de Administraci\u00f3n Local, Manuel Calvo","canonical_url":"https:\/\/www.eldigitaldeasturias.com\/noticias\/camblor-y-calvo-se-han-reunido-con-el-alcalde-de-soto-del-barco\/","robots":"max-image-preview:large","keywords":"actualidad asturias","webmasterTools":{"google-site-verification":"UA-38556648-1","msvalidate.01":"7dfe9f3f1b24437ab69f4f2559babe99","miscellaneous":""},"schema":{"@context":"https:\/\/schema.org","@graph":[{"@type":"BlogPosting","@id":"https:\/\/www.eldigitaldeasturias.com\/noticias\/camblor-y-calvo-se-han-reunido-con-el-alcalde-de-soto-del-barco\/#blogposting","name":"Camblor y Calvo se han reunido con el alcalde de Soto del Barco - El Digital de Asturias","headline":"Camblor y Calvo se han reunido con el alcalde de Soto del Barco","author":{"@id":"https:\/\/www.eldigitaldeasturias.com\/noticias\/author\/admin\/#author"},"publisher":{"@id":"https:\/\/www.eldigitaldeasturias.com\/noticias\/#organization"},"image":{"@type":"ImageObject","url":"https:\/\/www.eldigitaldeasturias.com\/noticias\/wp-content\/uploads\/2022\/08\/Soto-del-Barco.jpg","width":996,"height":723,"caption":"FOTO: PRENSA GOBIERNO DE ASTURIAS"},"datePublished":"2022-08-04T20:02:07+02:00","dateModified":"2022-08-04T20:02:07+02:00","inLanguage":"es-ES","mainEntityOfPage":{"@id":"https:\/\/www.eldigitaldeasturias.com\/noticias\/camblor-y-calvo-se-han-reunido-con-el-alcalde-de-soto-del-barco\/#webpage"},"isPartOf":{"@id":"https:\/\/www.eldigitaldeasturias.com\/noticias\/camblor-y-calvo-se-han-reunido-con-el-alcalde-de-soto-del-barco\/#webpage"},"articleSection":"Actualidad Asturias"},{"@type":"BreadcrumbList","@id":"https:\/\/www.eldigitaldeasturias.com\/noticias\/camblor-y-calvo-se-han-reunido-con-el-alcalde-de-soto-del-barco\/#breadcrumblist","itemListElement":[{"@type":"ListItem","@id":"https:\/\/www.eldigitaldeasturias.com\/noticias#listItem","position":1,"name":"Home","item":"https:\/\/www.eldigitaldeasturias.com\/noticias","nextItem":{"@type":"ListItem","@id":"https:\/\/www.eldigitaldeasturias.com\/noticias\/category\/actualidad-asturias\/#listItem","name":"Actualidad Asturias"}},{"@type":"ListItem","@id":"https:\/\/www.eldigitaldeasturias.com\/noticias\/category\/actualidad-asturias\/#listItem","position":2,"name":"Actualidad Asturias","item":"https:\/\/www.eldigitaldeasturias.com\/noticias\/category\/actualidad-asturias\/","nextItem":{"@type":"ListItem","@id":"https:\/\/www.eldigitaldeasturias.com\/noticias\/camblor-y-calvo-se-han-reunido-con-el-alcalde-de-soto-del-barco\/#listItem","name":"Camblor y Calvo se han reunido con el alcalde de Soto del Barco"},"previousItem":{"@type":"ListItem","@id":"https:\/\/www.eldigitaldeasturias.com\/noticias#listItem","name":"Home"}},{"@type":"ListItem","@id":"https:\/\/www.eldigitaldeasturias.com\/noticias\/camblor-y-calvo-se-han-reunido-con-el-alcalde-de-soto-del-barco\/#listItem","position":3,"name":"Camblor y Calvo se han reunido con el alcalde de Soto del Barco","previousItem":{"@type":"ListItem","@id":"https:\/\/www.eldigitaldeasturias.com\/noticias\/category\/actualidad-asturias\/#listItem","name":"Actualidad Asturias"}}]},{"@type":"Organization","@id":"https:\/\/www.eldigitaldeasturias.com\/noticias\/#organization","name":"El Digital de Asturias","description":"Hemeroteca","url":"https:\/\/www.eldigitaldeasturias.com\/noticias\/","email":"info@eldigitaldeasturias.com","telephone":"+34652131393","logo":{"@type":"ImageObject","url":"https:\/\/www.eldigitaldeasturias.com\/noticias\/wp-content\/uploads\/2020\/12\/EDA.jpg","@id":"https:\/\/www.eldigitaldeasturias.com\/noticias\/camblor-y-calvo-se-han-reunido-con-el-alcalde-de-soto-del-barco\/#organizationLogo","width":649,"height":297},"image":{"@id":"https:\/\/www.eldigitaldeasturias.com\/noticias\/camblor-y-calvo-se-han-reunido-con-el-alcalde-de-soto-del-barco\/#organizationLogo"},"sameAs":["https:\/\/facebook.com\/eldigitaldeasturias","https:\/\/www.youtube.com\/channel\/UCZP-2wLEB9Rv6erhFmqVnvg"],"address":{"@id":"https:\/\/www.eldigitaldeasturias.com\/noticias\/#postaladdress","@type":"PostalAddress","streetAddress":"san antonio 4,","postalCode":"33430","addressLocality":"Cand\u00e1s","addressRegion":"Asturias","addressCountry":"ES"}},{"@type":"Person","@id":"https:\/\/www.eldigitaldeasturias.com\/noticias\/author\/admin\/#author","url":"https:\/\/www.eldigitaldeasturias.com\/noticias\/author\/admin\/","name":"El Digital de Asturias","image":{"@type":"ImageObject","@id":"https:\/\/www.eldigitaldeasturias.com\/noticias\/camblor-y-calvo-se-han-reunido-con-el-alcalde-de-soto-del-barco\/#authorImage","url":"https:\/\/www.eldigitaldeasturias.com\/noticias\/wp-content\/litespeed\/avatar\/18677e78aa0546b92d9dbf31ec7d7668.jpg?ver=1777290358","width":96,"height":96,"caption":"El Digital de Asturias"}},{"@type":"WebPage","@id":"https:\/\/www.eldigitaldeasturias.com\/noticias\/camblor-y-calvo-se-han-reunido-con-el-alcalde-de-soto-del-barco\/#webpage","url":"https:\/\/www.eldigitaldeasturias.com\/noticias\/camblor-y-calvo-se-han-reunido-con-el-alcalde-de-soto-del-barco\/","name":"Camblor y Calvo se han reunido con el alcalde de Soto del Barco - El Digital de Asturias","description":"La consejera de Presidencia, Rita Camblor, que ha visitado el concejo de Soto del Barco, junto al director general de Administraci\u00f3n Local, Manuel Calvo","inLanguage":"es-ES","isPartOf":{"@id":"https:\/\/www.eldigitaldeasturias.com\/noticias\/#website"},"breadcrumb":{"@id":"https:\/\/www.eldigitaldeasturias.com\/noticias\/camblor-y-calvo-se-han-reunido-con-el-alcalde-de-soto-del-barco\/#breadcrumblist"},"author":{"@id":"https:\/\/www.eldigitaldeasturias.com\/noticias\/author\/admin\/#author"},"creator":{"@id":"https:\/\/www.eldigitaldeasturias.com\/noticias\/author\/admin\/#author"},"image":{"@type":"ImageObject","url":"https:\/\/www.eldigitaldeasturias.com\/noticias\/wp-content\/uploads\/2022\/08\/Soto-del-Barco.jpg","@id":"https:\/\/www.eldigitaldeasturias.com\/noticias\/camblor-y-calvo-se-han-reunido-con-el-alcalde-de-soto-del-barco\/#mainImage","width":996,"height":723,"caption":"FOTO: PRENSA GOBIERNO DE ASTURIAS"},"primaryImageOfPage":{"@id":"https:\/\/www.eldigitaldeasturias.com\/noticias\/camblor-y-calvo-se-han-reunido-con-el-alcalde-de-soto-del-barco\/#mainImage"},"datePublished":"2022-08-04T20:02:07+02:00","dateModified":"2022-08-04T20:02:07+02:00"},{"@type":"WebSite","@id":"https:\/\/www.eldigitaldeasturias.com\/noticias\/#website","url":"https:\/\/www.eldigitaldeasturias.com\/noticias\/","name":"El Digital de Asturias - Diario de actualidad y noticias","alternateName":"El Digital de Asturias - Diario de actualidad y noticias","description":"Hemeroteca","inLanguage":"es-ES","publisher":{"@id":"https:\/\/www.eldigitaldeasturias.com\/noticias\/#organization"}}]},"og:locale":"es_ES","og:site_name":"El Digital de Asturias","og:type":"article","og:title":"Camblor y Calvo se han reunido con el alcalde de Soto del Barco - El Digital de Asturias","og:description":"La consejera de Presidencia, Rita Camblor, que ha visitado el concejo de Soto del Barco, junto al director general de Administraci\u00f3n Local, Manuel Calvo","og:url":"https:\/\/www.eldigitaldeasturias.com\/noticias\/camblor-y-calvo-se-han-reunido-con-el-alcalde-de-soto-del-barco\/","og:image":"https:\/\/www.eldigitaldeasturias.com\/noticias\/wp-content\/uploads\/2022\/08\/Soto-del-Barco.jpg","og:image:secure_url":"https:\/\/www.eldigitaldeasturias.com\/noticias\/wp-content\/uploads\/2022\/08\/Soto-del-Barco.jpg","og:image:width":996,"og:image:height":723,"article:tag":["actualidad asturias"],"article:published_time":"2022-08-04T18:02:07+00:00","article:modified_time":"2022-08-04T18:02:07+00:00","article:publisher":"https:\/\/facebook.com\/eldigitaldeasturias","twitter:card":"summary_large_image","twitter:title":"Camblor y Calvo se han reunido con el alcalde de Soto del Barco - El Digital de Asturias","twitter:description":"La consejera de Presidencia, Rita Camblor, que ha visitado el concejo de Soto del Barco, junto al director general de Administraci\u00f3n Local, Manuel Calvo","twitter:image":"https:\/\/www.eldigitaldeasturias.com\/noticias\/wp-content\/uploads\/2022\/08\/Soto-del-Barco.jpg","twitter:label1":"Escrito por","twitter:data1":"El Digital de Asturias","twitter:label2":"Tiempo de lectura estimado","twitter:data2":"1 minuto"},"aioseo_meta_data":{"post_id":"1114892","title":null,"description":"La consejera de Presidencia, Rita Camblor, que ha visitado el concejo de Soto del Barco, junto al director general de Administraci\u00f3n Local, Manuel Calvo","keywords":[],"keyphrases":{"focus":{"keyphrase":"Soto del Barco","score":92,"analysis":{"keyphraseInTitle":{"title":"Focus keyphrase in SEO title","description":"Focus keyphrase found in SEO title.","score":9,"maxScore":9,"error":0},"keyphraseInDescription":{"title":"Focus keyphrase in meta description","description":"Focus keyphrase found in meta description.","score":9,"maxScore":9,"error":0},"keyphraseLength":{"title":"Focus keyphrase length","description":"Good job!","score":9,"maxScore":9,"error":0,"length":3},"keyphraseInURL":{"title":"Focus keyphrase in URL","description":"Focus keyphrase not found in the URL.","score":1,"maxScore":5,"error":1},"keyphraseInIntroduction":{"title":"Focus keyphrase in introduction","description":"Your Focus keyphrase appears in the first paragraph. Well done!","score":9,"maxScore":9,"error":0},"keyphraseInSubHeadings":[],"keyphraseInImageAlt":{"title":"Focus keyphrase in image alt attributes","description":"Focus keyphrase found in image alt attribute(s).","score":9,"maxScore":9,"error":0}}},"additional":[{"keyphrase":"Soto del Barco","score":100,"analysis":{"keyphraseInDescription":{"title":"Keyphrase in meta description","description":"Keyphrase found in meta description.","score":9,"maxScore":9,"error":0},"keyphraseLength":{"title":"Keyphrase length","description":"Good job!","score":9,"maxScore":9,"error":0,"length":3},"keyphraseInIntroduction":{"title":"Keyphrase in introduction","description":"Your Keyphrase appears in the first paragraph. Well done!","score":9,"maxScore":9,"error":0},"keyphraseInImageAlt":{"title":"Keyphrase in image alt attributes","description":"Keyphrase found in image alt attribute(s).","score":9,"maxScore":9,"error":0}}},{"keyphrase":"Camblor","score":83,"analysis":{"keyphraseInDescription":{"title":"Keyphrase in meta description","description":"Keyphrase found in meta description.","score":9,"maxScore":9,"error":0},"keyphraseLength":{"title":"Keyphrase length","description":"Good job!","score":9,"maxScore":9,"error":0,"length":1},"keyphraseInIntroduction":{"title":"Keyphrase in introduction","description":"Your Keyphrase appears in the first paragraph. Well done!","score":9,"maxScore":9,"error":0},"keyphraseInImageAlt":{"title":"Keyphrase in image alt attributes","description":"Keyphrase not found in image alt attribute(s). Add an image with your Keyphrase as alt text.","score":3,"maxScore":9,"error":1}}}]},"primary_term":null,"canonical_url":null,"og_title":null,"og_description":null,"og_object_type":"default","og_image_type":"default","og_image_url":null,"og_image_width":null,"og_image_height":null,"og_image_custom_url":null,"og_image_custom_fields":null,"og_video":"","og_custom_url":null,"og_article_section":null,"og_article_tags":[],"twitter_use_og":false,"twitter_card":"default","twitter_image_type":"default","twitter_image_url":null,"twitter_image_custom_url":null,"twitter_image_custom_fields":null,"twitter_title":null,"twitter_description":null,"schema":{"blockGraphs":[],"customGraphs":[],"default":{"data":{"Article":[],"Course":[],"Dataset":[],"FAQPage":[],"Movie":[],"Person":[],"Product":[],"ProductReview":[],"Car":[],"Recipe":[],"Service":[],"SoftwareApplication":[],"WebPage":[]},"graphName":"","isEnabled":true},"graphs":[],"defaultGraph":"Article","defaultPostTypeGraph":""},"schema_type":"default","schema_type_options":"{\"article\":{\"articleType\":\"BlogPosting\"},\"course\":{\"name\":\"\",\"description\":\"\",\"provider\":\"\"},\"faq\":{\"pages\":[]},\"product\":{\"reviews\":[]},\"recipe\":{\"ingredients\":[],\"instructions\":[],\"keywords\":[]},\"software\":{\"reviews\":[],\"operatingSystems\":[]},\"webPage\":{\"webPageType\":\"WebPage\"},\"blockGraphs\":[]}","pillar_content":false,"robots_default":true,"robots_noindex":false,"robots_noarchive":false,"robots_nosnippet":false,"robots_nofollow":false,"robots_noimageindex":false,"robots_noodp":false,"robots_notranslate":false,"robots_max_snippet":"-1","robots_max_videopreview":"-1","robots_max_imagepreview":"large","priority":null,"frequency":"default","local_seo":null,"seo_analyzer_scan_date":"2025-10-03 09:55:12","breadcrumb_settings":null,"limit_modified_date":false,"open_ai":null,"ai":null,"created":"2022-08-04 17:50:38","updated":"2025-10-03 09:55:12"},"aioseo_breadcrumb":"<div class=\"aioseo-breadcrumbs\"><span class=\"aioseo-breadcrumb\">\n\t<a href=\"https:\/\/www.eldigitaldeasturias.com\/noticias\" title=\"Home\">Home<\/a>\n<\/span><span class=\"aioseo-breadcrumb-separator\">\u2013<\/span><span class=\"aioseo-breadcrumb\">\n\t<a href=\"https:\/\/www.eldigitaldeasturias.com\/noticias\/category\/actualidad-asturias\/\" title=\"Actualidad Asturias\">Actualidad Asturias<\/a>\n<\/span><span class=\"aioseo-breadcrumb-separator\">\u2013<\/span><span class=\"aioseo-breadcrumb\">\n\t<a href=\"https:\/\/www.eldigitaldeasturias.com\/noticias\/camblor-y-calvo-se-han-reunido-con-el-alcalde-de-soto-del-barco\/\" title=\"Camblor y Calvo se han reunido con el alcalde de Soto del Barco\">Camblor y Calvo se han reunido con el alcalde de Soto del Barco<\/a>\n<\/span><\/div>","aioseo_breadcrumb_json":[{"label":"Home","link":"https:\/\/www.eldigitaldeasturias.com\/noticias"},{"label":"Actualidad Asturias","link":"https:\/\/www.eldigitaldeasturias.com\/noticias\/category\/actualidad-asturias\/"},{"label":"Camblor y Calvo se han reunido con el alcalde de Soto del Barco","link":"https:\/\/www.eldigitaldeasturias.com\/noticias\/camblor-y-calvo-se-han-reunido-con-el-alcalde-de-soto-del-barco\/"}],"_links":{"self":[{"href":"https:\/\/www.eldigitaldeasturias.com\/noticias\/wp-json\/wp\/v2\/posts\/1114892","targetHints":{"allow":["GET"]}}],"collection":[{"href":"https:\/\/www.eldigitaldeasturias.com\/noticias\/wp-json\/wp\/v2\/posts"}],"about":[{"href":"https:\/\/www.eldigitaldeasturias.com\/noticias\/wp-json\/wp\/v2\/types\/post"}],"author":[{"embeddable":true,"href":"https:\/\/www.eldigitaldeasturias.com\/noticias\/wp-json\/wp\/v2\/users\/1"}],"replies":[{"embeddable":true,"href":"https:\/\/www.eldigitaldeasturias.com\/noticias\/wp-json\/wp\/v2\/comments?post=1114892"}],"version-history":[{"count":0,"href":"https:\/\/www.eldigitaldeasturias.com\/noticias\/wp-json\/wp\/v2\/posts\/1114892\/revisions"}],"wp:featuredmedia":[{"embeddable":true,"href":"https:\/\/www.eldigitaldeasturias.com\/noticias\/wp-json\/wp\/v2\/media\/1114893"}],"wp:attachment":[{"href":"https:\/\/www.eldigitaldeasturias.com\/noticias\/wp-json\/wp\/v2\/media?parent=1114892"}],"wp:term":[{"taxonomy":"category","embeddable":true,"href":"https:\/\/www.eldigitaldeasturias.com\/noticias\/wp-json\/wp\/v2\/categories?post=1114892"},{"taxonomy":"post_tag","embeddable":true,"href":"https:\/\/www.eldigitaldeasturias.com\/noticias\/wp-json\/wp\/v2\/tags?post=1114892"}],"curies":[{"name":"wp","href":"https:\/\/api.w.org\/{rel}","templated":true}]}}