{"id":1114600,"date":"2022-07-29T05:19:13","date_gmt":"2022-07-29T03:19:13","guid":{"rendered":"https:\/\/www.eldigitaldeasturias.com\/noticias\/?p=1114600"},"modified":"2022-07-29T05:19:13","modified_gmt":"2022-07-29T03:19:13","slug":"servicios-academicos-y-articulos-de-interes-en-el-desarrollo-de-tu-trabajo","status":"publish","type":"post","link":"https:\/\/www.eldigitaldeasturias.com\/noticias\/servicios-academicos-y-articulos-de-interes-en-el-desarrollo-de-tu-trabajo\/","title":{"rendered":"Servicios acad\u00e9micos y art\u00edculos de inter\u00e9s en el desarrollo de tu trabajo"},"content":{"rendered":"<p><i><span style=\"font-weight: 400;\">Tendemos a creer que la formaci\u00f3n acad\u00e9mica es algo exclusivamente destinado a los m\u00e1s j\u00f3venes; sin embargo, para el correcto desempe\u00f1o laboral es menester mantener una din\u00e1mica activa en lo relativo a los estudios. En la actualidad disponemos de una gran variedad de cursos online que nos explican todo tipo de materias de forma detallada, como las matem\u00e1ticas. Una asignatura clave para el desarrollo de todo tipo de labores profesionales. En este mismo contexto laboral, cabe hablar de los utensilios que podemos comprar para agilizar nuestras tareas; tal y como es el caso de aportar nuestra firma o estampa a diferentes documentos del d\u00eda a d\u00eda mediante un sello de caucho.<\/span><\/i><span style=\"font-weight: 400;\">\u00a0<\/span><\/p>\n<p><img loading=\"lazy\" decoding=\"async\" class=\"aligncenter wp-image-1114601 size-large\" src=\"https:\/\/www.eldigitaldeasturias.com\/noticias\/wp-content\/uploads\/2022\/07\/formacion-650x364.jpg\" alt=\"formaci\u00f3n\" width=\"650\" height=\"364\" srcset=\"https:\/\/www.eldigitaldeasturias.com\/noticias\/wp-content\/uploads\/2022\/07\/formacion-650x364.jpg 650w, https:\/\/www.eldigitaldeasturias.com\/noticias\/wp-content\/uploads\/2022\/07\/formacion-360x201.jpg 360w, https:\/\/www.eldigitaldeasturias.com\/noticias\/wp-content\/uploads\/2022\/07\/formacion-480x268.jpg 480w, https:\/\/www.eldigitaldeasturias.com\/noticias\/wp-content\/uploads\/2022\/07\/formacion-150x84.jpg 150w, https:\/\/www.eldigitaldeasturias.com\/noticias\/wp-content\/uploads\/2022\/07\/formacion-450x252.jpg 450w, https:\/\/www.eldigitaldeasturias.com\/noticias\/wp-content\/uploads\/2022\/07\/formacion.jpg 692w\" sizes=\"auto, (max-width: 650px) 100vw, 650px\" \/><\/p>\n<h2><span style=\"font-weight: 400;\">Clases online para convertirte un experto de las matem\u00e1ticas<\/span><\/h2>\n<p><span style=\"font-weight: 400;\">Una de las asignaturas troncales en la etapa escolar es la de matem\u00e1ticas. Una materia esencial para entender el mundo en el que vivimos y ser capaces de hacer nuestros propios c\u00e1lculos; <\/span><b>adquiriendo presencia en el \u00e1mbito laboral para una amplia variedad de funciones<\/b><span style=\"font-weight: 400;\">. Por lo tanto, si nunca se te han dado bien o si quieres profundizar en el sector para ser capaz de obtener datos y estad\u00edsticas, nada como apuntarte a <\/span><span style=\"color: #ff6600;\"><strong><a style=\"color: #ff6600;\" href=\"https:\/\/www.academiaarquimedes.com\/\" target=\"_blank\" rel=\"noopener\">clases online de matem\u00e1ticas<\/a><\/strong><\/span><span style=\"font-weight: 400;\">. Un recurso acad\u00e9mico de primer nivel del que puedes disfrutar a trav\u00e9s de la comodidad de la pantalla de tu ordenador.<\/span><\/p>\n<p><span style=\"font-weight: 400;\">No hablamos de clases sobre conceptos b\u00e1sicos como pueden ser las multiplicaciones, divisiones o ecuaciones. Estamos ante una formaci\u00f3n de matem\u00e1ticas especializada en aspectos tan relevantes y complejos de entender como pueden ser las integrales, las ecuaciones diferenciales o las derivadas. <\/span><b>Diferentes aspectos que te har\u00e1n obtener un dominio absoluto sobre esta ciencia que, posteriormente, puedes aplicar en tu puesto de trabajo o incluso en el desarrollo de un proyecto personal<\/b><span style=\"font-weight: 400;\"> como puede ser una tesis doctoral. Una ense\u00f1anza avanzada m\u00e1s orientada a los adultos que a los j\u00f3venes.<\/span><\/p>\n<p><span style=\"font-weight: 400;\">Gracias a estas academias virtuales, <\/span><b>ahora existe la facultad de estudiar desde casa en nuestros propios t\u00e9rminos<\/b><span style=\"font-weight: 400;\">. Una facilidad que ha hecho que la formaci\u00f3n se liberalice y se adapte a las necesidades de cada alumno. Asimismo, muchas de estas academias online emplean metodolog\u00edas de ense\u00f1anza innovadoras para optimizar los tiempos de aprendizaje. En consecuencia, si quieres <\/span><b>convertirte en un experto de las matem\u00e1ticas y las estad\u00edsticas<\/b><span style=\"font-weight: 400;\">, obteniendo datos reales sobre todo tipo de an\u00e1lisis que puedas tener pendientes en tu cotidianidad profesional, estas clases son un recurso que debes tener presente.<\/span><span style=\"font-weight: 400;\">\u00a0<\/span><\/p>\n<h2><span style=\"font-weight: 400;\">Art\u00edculos que debes tener para tu eficiencia laboral<\/span><\/h2>\n<p><span style=\"font-weight: 400;\">M\u00e1s all\u00e1 de tus capacidades cognitivas e intelectuales, las cuales dependen transversalmente de la formaci\u00f3n a la que te hayas supeditado a lo largo de tu vida, la eficiencia laboral depende de ciertos art\u00edculos en los que merece la pena invertir. <\/span><b>En el caso de la gesti\u00f3n documental, algo com\u00fan en una amplia variedad de negocios y empleos<\/b><span style=\"font-weight: 400;\">, los <\/span><strong><span style=\"color: #ff6600;\"><a style=\"color: #ff6600;\" href=\"https:\/\/www.intersello.com\" target=\"_blank\" rel=\"noopener\">sellos de caucho<\/a><\/span><\/strong><span style=\"font-weight: 400;\"> son gratos aliados para acelerar el rendimiento laboral al que aspiras. Un mecanismo que, mediante tinta impresa, va dejando tu estampa o firma personal en todo tipo de papeles para acelerar la productividad.<\/span><\/p>\n<p><span style=\"font-weight: 400;\">Los sellos pueden ser autom\u00e1ticos o manuales. Los primeros son los m\u00e1s r\u00e1pidos, <\/span><b>formados por un refuerzo met\u00e1lico que otorga al mecanismo mayor robustez, durabilidad, estabilidad y precisi\u00f3n<\/b><span style=\"font-weight: 400;\">. Con ellos, todo lo que debes hacer a la hora de realizar las consecuentes estampaciones, es apretar su culata superior. R\u00e1pidos y eficientes, as\u00ed son estos sellos de caucho. No obstante, la maniobrabilidad la tienen los sellos manuales que, si bien es cierto que no son tan veloces, s\u00ed gozan de una duraci\u00f3n pr\u00e1cticamente ilimitada.<\/span><\/p>\n<p><b>Existen sellos rectangulares, cuadrados o redondos: todo depende del tipo de texto, logo o sello que quieras incorporar a este art\u00edculo<\/b><span style=\"font-weight: 400;\">. Por lo tanto, nada como dejarse asesorar por los mejores expertos del sector; quienes han montado modelos de negocio de rigor con un cat\u00e1logo repleto de opciones que se adaptar\u00e1n a tus necesidades. Una inversi\u00f3n b\u00e1sica para la gesti\u00f3n documental que acelerar\u00e1 en gran medida los tiempos en los que tardas en cumplir con tus quehaceres laborales cotidianos.\u00a0<\/span><\/p>\n","protected":false},"excerpt":{"rendered":"<p>Tendemos a creer que la formaci\u00f3n acad\u00e9mica es algo exclusivamente destinado a los m\u00e1s j\u00f3venes; sin embargo, para el correcto desempe\u00f1o laboral es menester mantener una din\u00e1mica activa en lo relativo a los estudios. En la actualidad disponemos de una gran variedad de cursos online que nos explican todo tipo de materias de forma detallada, [&hellip;]<\/p>\n","protected":false},"author":1,"featured_media":1114601,"comment_status":"closed","ping_status":"closed","sticky":false,"template":"","format":"standard","meta":{"footnotes":""},"categories":[219],"tags":[],"class_list":["post-1114600","post","type-post","status-publish","format-standard","has-post-thumbnail","hentry","category-negocios-y-empresas"],"aioseo_notices":[],"aioseo_head":"\n\t\t<!-- All in One SEO Pro 4.9.6.2 - aioseo.com -->\n\t<meta name=\"description\" content=\"Tendemos a creer que la formaci\u00f3n acad\u00e9mica es algo exclusivamente destinado a los m\u00e1s j\u00f3venes; sin embargo, para el correcto desempe\u00f1o laboral\" \/>\n\t<meta name=\"robots\" content=\"max-image-preview:large\" \/>\n\t<meta name=\"author\" content=\"El Digital de Asturias\"\/>\n\t<meta name=\"google-site-verification\" content=\"UA-38556648-1\" \/>\n\t<meta name=\"msvalidate.01\" content=\"7dfe9f3f1b24437ab69f4f2559babe99\" \/>\n\t<meta name=\"keywords\" content=\"negocios y empresas\" \/>\n\t<link rel=\"canonical\" href=\"https:\/\/www.eldigitaldeasturias.com\/noticias\/servicios-academicos-y-articulos-de-interes-en-el-desarrollo-de-tu-trabajo\/\" \/>\n\t<meta name=\"generator\" content=\"All in One SEO Pro (AIOSEO) 4.9.6.2\" \/>\n\t\t<meta property=\"og:locale\" content=\"es_ES\" \/>\n\t\t<meta property=\"og:site_name\" content=\"El Digital de Asturias\" \/>\n\t\t<meta property=\"og:type\" content=\"article\" \/>\n\t\t<meta property=\"og:title\" content=\"Servicios acad\u00e9micos y art\u00edculos de inter\u00e9s en el desarrollo de tu trabajo - El Digital de Asturias\" \/>\n\t\t<meta property=\"og:description\" content=\"Tendemos a creer que la formaci\u00f3n acad\u00e9mica es algo exclusivamente destinado a los m\u00e1s j\u00f3venes; sin embargo, para el correcto desempe\u00f1o laboral\" \/>\n\t\t<meta property=\"og:url\" content=\"https:\/\/www.eldigitaldeasturias.com\/noticias\/servicios-academicos-y-articulos-de-interes-en-el-desarrollo-de-tu-trabajo\/\" \/>\n\t\t<meta property=\"og:image\" content=\"https:\/\/www.eldigitaldeasturias.com\/noticias\/wp-content\/uploads\/2022\/07\/formacion.jpg\" \/>\n\t\t<meta property=\"og:image:secure_url\" content=\"https:\/\/www.eldigitaldeasturias.com\/noticias\/wp-content\/uploads\/2022\/07\/formacion.jpg\" \/>\n\t\t<meta property=\"og:image:width\" content=\"692\" \/>\n\t\t<meta property=\"og:image:height\" content=\"387\" \/>\n\t\t<meta property=\"article:tag\" content=\"negocios y empresas\" \/>\n\t\t<meta property=\"article:published_time\" content=\"2022-07-29T03:19:13+00:00\" \/>\n\t\t<meta property=\"article:modified_time\" content=\"2022-07-29T03:19:13+00:00\" \/>\n\t\t<meta property=\"article:publisher\" content=\"https:\/\/facebook.com\/eldigitaldeasturias\" \/>\n\t\t<meta name=\"twitter:card\" content=\"summary_large_image\" \/>\n\t\t<meta name=\"twitter:title\" content=\"Servicios acad\u00e9micos y art\u00edculos de inter\u00e9s en el desarrollo de tu trabajo - El Digital de Asturias\" \/>\n\t\t<meta name=\"twitter:description\" content=\"Tendemos a creer que la formaci\u00f3n acad\u00e9mica es algo exclusivamente destinado a los m\u00e1s j\u00f3venes; sin embargo, para el correcto desempe\u00f1o laboral\" \/>\n\t\t<meta name=\"twitter:image\" content=\"https:\/\/www.eldigitaldeasturias.com\/noticias\/wp-content\/uploads\/2022\/07\/formacion.jpg\" \/>\n\t\t<meta name=\"twitter:label1\" content=\"Escrito por\" \/>\n\t\t<meta name=\"twitter:data1\" content=\"El Digital de Asturias\" \/>\n\t\t<meta name=\"twitter:label2\" content=\"Tiempo de lectura estimado\" \/>\n\t\t<meta name=\"twitter:data2\" content=\"4 minutos\" \/>\n\t\t<script type=\"application\/ld+json\" class=\"aioseo-schema\">\n\t\t\t{\"@context\":\"https:\\\/\\\/schema.org\",\"@graph\":[{\"@type\":\"BlogPosting\",\"@id\":\"https:\\\/\\\/www.eldigitaldeasturias.com\\\/noticias\\\/servicios-academicos-y-articulos-de-interes-en-el-desarrollo-de-tu-trabajo\\\/#blogposting\",\"name\":\"Servicios acad\\u00e9micos y art\\u00edculos de inter\\u00e9s en el desarrollo de tu trabajo - El Digital de Asturias\",\"headline\":\"Servicios acad\\u00e9micos y art\\u00edculos de inter\\u00e9s en el desarrollo de tu trabajo\",\"author\":{\"@id\":\"https:\\\/\\\/www.eldigitaldeasturias.com\\\/noticias\\\/author\\\/admin\\\/#author\"},\"publisher\":{\"@id\":\"https:\\\/\\\/www.eldigitaldeasturias.com\\\/noticias\\\/#organization\"},\"image\":{\"@type\":\"ImageObject\",\"url\":\"https:\\\/\\\/www.eldigitaldeasturias.com\\\/noticias\\\/wp-content\\\/uploads\\\/2022\\\/07\\\/formacion.jpg\",\"width\":692,\"height\":387,\"caption\":\"formaci\\u00f3n\"},\"datePublished\":\"2022-07-29T05:19:13+02:00\",\"dateModified\":\"2022-07-29T05:19:13+02:00\",\"inLanguage\":\"es-ES\",\"mainEntityOfPage\":{\"@id\":\"https:\\\/\\\/www.eldigitaldeasturias.com\\\/noticias\\\/servicios-academicos-y-articulos-de-interes-en-el-desarrollo-de-tu-trabajo\\\/#webpage\"},\"isPartOf\":{\"@id\":\"https:\\\/\\\/www.eldigitaldeasturias.com\\\/noticias\\\/servicios-academicos-y-articulos-de-interes-en-el-desarrollo-de-tu-trabajo\\\/#webpage\"},\"articleSection\":\"Negocios y Empresas\"},{\"@type\":\"BreadcrumbList\",\"@id\":\"https:\\\/\\\/www.eldigitaldeasturias.com\\\/noticias\\\/servicios-academicos-y-articulos-de-interes-en-el-desarrollo-de-tu-trabajo\\\/#breadcrumblist\",\"itemListElement\":[{\"@type\":\"ListItem\",\"@id\":\"https:\\\/\\\/www.eldigitaldeasturias.com\\\/noticias#listItem\",\"position\":1,\"name\":\"Home\",\"item\":\"https:\\\/\\\/www.eldigitaldeasturias.com\\\/noticias\",\"nextItem\":{\"@type\":\"ListItem\",\"@id\":\"https:\\\/\\\/www.eldigitaldeasturias.com\\\/noticias\\\/category\\\/negocios-y-empresas\\\/#listItem\",\"name\":\"Negocios y Empresas\"}},{\"@type\":\"ListItem\",\"@id\":\"https:\\\/\\\/www.eldigitaldeasturias.com\\\/noticias\\\/category\\\/negocios-y-empresas\\\/#listItem\",\"position\":2,\"name\":\"Negocios y Empresas\",\"item\":\"https:\\\/\\\/www.eldigitaldeasturias.com\\\/noticias\\\/category\\\/negocios-y-empresas\\\/\",\"nextItem\":{\"@type\":\"ListItem\",\"@id\":\"https:\\\/\\\/www.eldigitaldeasturias.com\\\/noticias\\\/servicios-academicos-y-articulos-de-interes-en-el-desarrollo-de-tu-trabajo\\\/#listItem\",\"name\":\"Servicios acad\\u00e9micos y art\\u00edculos de inter\\u00e9s en el desarrollo de tu trabajo\"},\"previousItem\":{\"@type\":\"ListItem\",\"@id\":\"https:\\\/\\\/www.eldigitaldeasturias.com\\\/noticias#listItem\",\"name\":\"Home\"}},{\"@type\":\"ListItem\",\"@id\":\"https:\\\/\\\/www.eldigitaldeasturias.com\\\/noticias\\\/servicios-academicos-y-articulos-de-interes-en-el-desarrollo-de-tu-trabajo\\\/#listItem\",\"position\":3,\"name\":\"Servicios acad\\u00e9micos y art\\u00edculos de inter\\u00e9s en el desarrollo de tu trabajo\",\"previousItem\":{\"@type\":\"ListItem\",\"@id\":\"https:\\\/\\\/www.eldigitaldeasturias.com\\\/noticias\\\/category\\\/negocios-y-empresas\\\/#listItem\",\"name\":\"Negocios y Empresas\"}}]},{\"@type\":\"Organization\",\"@id\":\"https:\\\/\\\/www.eldigitaldeasturias.com\\\/noticias\\\/#organization\",\"name\":\"El Digital de Asturias\",\"description\":\"Hemeroteca\",\"url\":\"https:\\\/\\\/www.eldigitaldeasturias.com\\\/noticias\\\/\",\"email\":\"info@eldigitaldeasturias.com\",\"telephone\":\"+34652131393\",\"logo\":{\"@type\":\"ImageObject\",\"url\":\"https:\\\/\\\/www.eldigitaldeasturias.com\\\/noticias\\\/wp-content\\\/uploads\\\/2020\\\/12\\\/EDA.jpg\",\"@id\":\"https:\\\/\\\/www.eldigitaldeasturias.com\\\/noticias\\\/servicios-academicos-y-articulos-de-interes-en-el-desarrollo-de-tu-trabajo\\\/#organizationLogo\",\"width\":649,\"height\":297},\"image\":{\"@id\":\"https:\\\/\\\/www.eldigitaldeasturias.com\\\/noticias\\\/servicios-academicos-y-articulos-de-interes-en-el-desarrollo-de-tu-trabajo\\\/#organizationLogo\"},\"sameAs\":[\"https:\\\/\\\/facebook.com\\\/eldigitaldeasturias\",\"https:\\\/\\\/www.youtube.com\\\/channel\\\/UCZP-2wLEB9Rv6erhFmqVnvg\"],\"address\":{\"@id\":\"https:\\\/\\\/www.eldigitaldeasturias.com\\\/noticias\\\/#postaladdress\",\"@type\":\"PostalAddress\",\"streetAddress\":\"san antonio 4,\",\"postalCode\":\"33430\",\"addressLocality\":\"Cand\\u00e1s\",\"addressRegion\":\"Asturias\",\"addressCountry\":\"ES\"}},{\"@type\":\"Person\",\"@id\":\"https:\\\/\\\/www.eldigitaldeasturias.com\\\/noticias\\\/author\\\/admin\\\/#author\",\"url\":\"https:\\\/\\\/www.eldigitaldeasturias.com\\\/noticias\\\/author\\\/admin\\\/\",\"name\":\"El Digital de Asturias\",\"image\":{\"@type\":\"ImageObject\",\"@id\":\"https:\\\/\\\/www.eldigitaldeasturias.com\\\/noticias\\\/servicios-academicos-y-articulos-de-interes-en-el-desarrollo-de-tu-trabajo\\\/#authorImage\",\"url\":\"https:\\\/\\\/www.eldigitaldeasturias.com\\\/noticias\\\/wp-content\\\/litespeed\\\/avatar\\\/18677e78aa0546b92d9dbf31ec7d7668.jpg?ver=1776685526\",\"width\":96,\"height\":96,\"caption\":\"El Digital de Asturias\"}},{\"@type\":\"WebPage\",\"@id\":\"https:\\\/\\\/www.eldigitaldeasturias.com\\\/noticias\\\/servicios-academicos-y-articulos-de-interes-en-el-desarrollo-de-tu-trabajo\\\/#webpage\",\"url\":\"https:\\\/\\\/www.eldigitaldeasturias.com\\\/noticias\\\/servicios-academicos-y-articulos-de-interes-en-el-desarrollo-de-tu-trabajo\\\/\",\"name\":\"Servicios acad\\u00e9micos y art\\u00edculos de inter\\u00e9s en el desarrollo de tu trabajo - El Digital de Asturias\",\"description\":\"Tendemos a creer que la formaci\\u00f3n acad\\u00e9mica es algo exclusivamente destinado a los m\\u00e1s j\\u00f3venes; sin embargo, para el correcto desempe\\u00f1o laboral\",\"inLanguage\":\"es-ES\",\"isPartOf\":{\"@id\":\"https:\\\/\\\/www.eldigitaldeasturias.com\\\/noticias\\\/#website\"},\"breadcrumb\":{\"@id\":\"https:\\\/\\\/www.eldigitaldeasturias.com\\\/noticias\\\/servicios-academicos-y-articulos-de-interes-en-el-desarrollo-de-tu-trabajo\\\/#breadcrumblist\"},\"author\":{\"@id\":\"https:\\\/\\\/www.eldigitaldeasturias.com\\\/noticias\\\/author\\\/admin\\\/#author\"},\"creator\":{\"@id\":\"https:\\\/\\\/www.eldigitaldeasturias.com\\\/noticias\\\/author\\\/admin\\\/#author\"},\"image\":{\"@type\":\"ImageObject\",\"url\":\"https:\\\/\\\/www.eldigitaldeasturias.com\\\/noticias\\\/wp-content\\\/uploads\\\/2022\\\/07\\\/formacion.jpg\",\"@id\":\"https:\\\/\\\/www.eldigitaldeasturias.com\\\/noticias\\\/servicios-academicos-y-articulos-de-interes-en-el-desarrollo-de-tu-trabajo\\\/#mainImage\",\"width\":692,\"height\":387,\"caption\":\"formaci\\u00f3n\"},\"primaryImageOfPage\":{\"@id\":\"https:\\\/\\\/www.eldigitaldeasturias.com\\\/noticias\\\/servicios-academicos-y-articulos-de-interes-en-el-desarrollo-de-tu-trabajo\\\/#mainImage\"},\"datePublished\":\"2022-07-29T05:19:13+02:00\",\"dateModified\":\"2022-07-29T05:19:13+02:00\"},{\"@type\":\"WebSite\",\"@id\":\"https:\\\/\\\/www.eldigitaldeasturias.com\\\/noticias\\\/#website\",\"url\":\"https:\\\/\\\/www.eldigitaldeasturias.com\\\/noticias\\\/\",\"name\":\"El Digital de Asturias - Diario de actualidad y noticias\",\"alternateName\":\"El Digital de Asturias - Diario de actualidad y noticias\",\"description\":\"Hemeroteca\",\"inLanguage\":\"es-ES\",\"publisher\":{\"@id\":\"https:\\\/\\\/www.eldigitaldeasturias.com\\\/noticias\\\/#organization\"}}]}\n\t\t<\/script>\n\t\t<!-- All in One SEO Pro -->\r\n\t\t<title>Servicios acad\u00e9micos y art\u00edculos de inter\u00e9s en el desarrollo de tu trabajo - El Digital de Asturias<\/title>\n\n","aioseo_head_json":{"title":"Servicios acad\u00e9micos y art\u00edculos de inter\u00e9s en el desarrollo de tu trabajo - El Digital de Asturias","description":"Tendemos a creer que la formaci\u00f3n acad\u00e9mica es algo exclusivamente destinado a los m\u00e1s j\u00f3venes; sin embargo, para el correcto desempe\u00f1o laboral","canonical_url":"https:\/\/www.eldigitaldeasturias.com\/noticias\/servicios-academicos-y-articulos-de-interes-en-el-desarrollo-de-tu-trabajo\/","robots":"max-image-preview:large","keywords":"negocios y empresas","webmasterTools":{"google-site-verification":"UA-38556648-1","msvalidate.01":"7dfe9f3f1b24437ab69f4f2559babe99","miscellaneous":""},"schema":{"@context":"https:\/\/schema.org","@graph":[{"@type":"BlogPosting","@id":"https:\/\/www.eldigitaldeasturias.com\/noticias\/servicios-academicos-y-articulos-de-interes-en-el-desarrollo-de-tu-trabajo\/#blogposting","name":"Servicios acad\u00e9micos y art\u00edculos de inter\u00e9s en el desarrollo de tu trabajo - El Digital de Asturias","headline":"Servicios acad\u00e9micos y art\u00edculos de inter\u00e9s en el desarrollo de tu trabajo","author":{"@id":"https:\/\/www.eldigitaldeasturias.com\/noticias\/author\/admin\/#author"},"publisher":{"@id":"https:\/\/www.eldigitaldeasturias.com\/noticias\/#organization"},"image":{"@type":"ImageObject","url":"https:\/\/www.eldigitaldeasturias.com\/noticias\/wp-content\/uploads\/2022\/07\/formacion.jpg","width":692,"height":387,"caption":"formaci\u00f3n"},"datePublished":"2022-07-29T05:19:13+02:00","dateModified":"2022-07-29T05:19:13+02:00","inLanguage":"es-ES","mainEntityOfPage":{"@id":"https:\/\/www.eldigitaldeasturias.com\/noticias\/servicios-academicos-y-articulos-de-interes-en-el-desarrollo-de-tu-trabajo\/#webpage"},"isPartOf":{"@id":"https:\/\/www.eldigitaldeasturias.com\/noticias\/servicios-academicos-y-articulos-de-interes-en-el-desarrollo-de-tu-trabajo\/#webpage"},"articleSection":"Negocios y Empresas"},{"@type":"BreadcrumbList","@id":"https:\/\/www.eldigitaldeasturias.com\/noticias\/servicios-academicos-y-articulos-de-interes-en-el-desarrollo-de-tu-trabajo\/#breadcrumblist","itemListElement":[{"@type":"ListItem","@id":"https:\/\/www.eldigitaldeasturias.com\/noticias#listItem","position":1,"name":"Home","item":"https:\/\/www.eldigitaldeasturias.com\/noticias","nextItem":{"@type":"ListItem","@id":"https:\/\/www.eldigitaldeasturias.com\/noticias\/category\/negocios-y-empresas\/#listItem","name":"Negocios y Empresas"}},{"@type":"ListItem","@id":"https:\/\/www.eldigitaldeasturias.com\/noticias\/category\/negocios-y-empresas\/#listItem","position":2,"name":"Negocios y Empresas","item":"https:\/\/www.eldigitaldeasturias.com\/noticias\/category\/negocios-y-empresas\/","nextItem":{"@type":"ListItem","@id":"https:\/\/www.eldigitaldeasturias.com\/noticias\/servicios-academicos-y-articulos-de-interes-en-el-desarrollo-de-tu-trabajo\/#listItem","name":"Servicios acad\u00e9micos y art\u00edculos de inter\u00e9s en el desarrollo de tu trabajo"},"previousItem":{"@type":"ListItem","@id":"https:\/\/www.eldigitaldeasturias.com\/noticias#listItem","name":"Home"}},{"@type":"ListItem","@id":"https:\/\/www.eldigitaldeasturias.com\/noticias\/servicios-academicos-y-articulos-de-interes-en-el-desarrollo-de-tu-trabajo\/#listItem","position":3,"name":"Servicios acad\u00e9micos y art\u00edculos de inter\u00e9s en el desarrollo de tu trabajo","previousItem":{"@type":"ListItem","@id":"https:\/\/www.eldigitaldeasturias.com\/noticias\/category\/negocios-y-empresas\/#listItem","name":"Negocios y Empresas"}}]},{"@type":"Organization","@id":"https:\/\/www.eldigitaldeasturias.com\/noticias\/#organization","name":"El Digital de Asturias","description":"Hemeroteca","url":"https:\/\/www.eldigitaldeasturias.com\/noticias\/","email":"info@eldigitaldeasturias.com","telephone":"+34652131393","logo":{"@type":"ImageObject","url":"https:\/\/www.eldigitaldeasturias.com\/noticias\/wp-content\/uploads\/2020\/12\/EDA.jpg","@id":"https:\/\/www.eldigitaldeasturias.com\/noticias\/servicios-academicos-y-articulos-de-interes-en-el-desarrollo-de-tu-trabajo\/#organizationLogo","width":649,"height":297},"image":{"@id":"https:\/\/www.eldigitaldeasturias.com\/noticias\/servicios-academicos-y-articulos-de-interes-en-el-desarrollo-de-tu-trabajo\/#organizationLogo"},"sameAs":["https:\/\/facebook.com\/eldigitaldeasturias","https:\/\/www.youtube.com\/channel\/UCZP-2wLEB9Rv6erhFmqVnvg"],"address":{"@id":"https:\/\/www.eldigitaldeasturias.com\/noticias\/#postaladdress","@type":"PostalAddress","streetAddress":"san antonio 4,","postalCode":"33430","addressLocality":"Cand\u00e1s","addressRegion":"Asturias","addressCountry":"ES"}},{"@type":"Person","@id":"https:\/\/www.eldigitaldeasturias.com\/noticias\/author\/admin\/#author","url":"https:\/\/www.eldigitaldeasturias.com\/noticias\/author\/admin\/","name":"El Digital de Asturias","image":{"@type":"ImageObject","@id":"https:\/\/www.eldigitaldeasturias.com\/noticias\/servicios-academicos-y-articulos-de-interes-en-el-desarrollo-de-tu-trabajo\/#authorImage","url":"https:\/\/www.eldigitaldeasturias.com\/noticias\/wp-content\/litespeed\/avatar\/18677e78aa0546b92d9dbf31ec7d7668.jpg?ver=1776685526","width":96,"height":96,"caption":"El Digital de Asturias"}},{"@type":"WebPage","@id":"https:\/\/www.eldigitaldeasturias.com\/noticias\/servicios-academicos-y-articulos-de-interes-en-el-desarrollo-de-tu-trabajo\/#webpage","url":"https:\/\/www.eldigitaldeasturias.com\/noticias\/servicios-academicos-y-articulos-de-interes-en-el-desarrollo-de-tu-trabajo\/","name":"Servicios acad\u00e9micos y art\u00edculos de inter\u00e9s en el desarrollo de tu trabajo - El Digital de Asturias","description":"Tendemos a creer que la formaci\u00f3n acad\u00e9mica es algo exclusivamente destinado a los m\u00e1s j\u00f3venes; sin embargo, para el correcto desempe\u00f1o laboral","inLanguage":"es-ES","isPartOf":{"@id":"https:\/\/www.eldigitaldeasturias.com\/noticias\/#website"},"breadcrumb":{"@id":"https:\/\/www.eldigitaldeasturias.com\/noticias\/servicios-academicos-y-articulos-de-interes-en-el-desarrollo-de-tu-trabajo\/#breadcrumblist"},"author":{"@id":"https:\/\/www.eldigitaldeasturias.com\/noticias\/author\/admin\/#author"},"creator":{"@id":"https:\/\/www.eldigitaldeasturias.com\/noticias\/author\/admin\/#author"},"image":{"@type":"ImageObject","url":"https:\/\/www.eldigitaldeasturias.com\/noticias\/wp-content\/uploads\/2022\/07\/formacion.jpg","@id":"https:\/\/www.eldigitaldeasturias.com\/noticias\/servicios-academicos-y-articulos-de-interes-en-el-desarrollo-de-tu-trabajo\/#mainImage","width":692,"height":387,"caption":"formaci\u00f3n"},"primaryImageOfPage":{"@id":"https:\/\/www.eldigitaldeasturias.com\/noticias\/servicios-academicos-y-articulos-de-interes-en-el-desarrollo-de-tu-trabajo\/#mainImage"},"datePublished":"2022-07-29T05:19:13+02:00","dateModified":"2022-07-29T05:19:13+02:00"},{"@type":"WebSite","@id":"https:\/\/www.eldigitaldeasturias.com\/noticias\/#website","url":"https:\/\/www.eldigitaldeasturias.com\/noticias\/","name":"El Digital de Asturias - Diario de actualidad y noticias","alternateName":"El Digital de Asturias - Diario de actualidad y noticias","description":"Hemeroteca","inLanguage":"es-ES","publisher":{"@id":"https:\/\/www.eldigitaldeasturias.com\/noticias\/#organization"}}]},"og:locale":"es_ES","og:site_name":"El Digital de Asturias","og:type":"article","og:title":"Servicios acad\u00e9micos y art\u00edculos de inter\u00e9s en el desarrollo de tu trabajo - El Digital de Asturias","og:description":"Tendemos a creer que la formaci\u00f3n acad\u00e9mica es algo exclusivamente destinado a los m\u00e1s j\u00f3venes; sin embargo, para el correcto desempe\u00f1o laboral","og:url":"https:\/\/www.eldigitaldeasturias.com\/noticias\/servicios-academicos-y-articulos-de-interes-en-el-desarrollo-de-tu-trabajo\/","og:image":"https:\/\/www.eldigitaldeasturias.com\/noticias\/wp-content\/uploads\/2022\/07\/formacion.jpg","og:image:secure_url":"https:\/\/www.eldigitaldeasturias.com\/noticias\/wp-content\/uploads\/2022\/07\/formacion.jpg","og:image:width":692,"og:image:height":387,"article:tag":["negocios y empresas"],"article:published_time":"2022-07-29T03:19:13+00:00","article:modified_time":"2022-07-29T03:19:13+00:00","article:publisher":"https:\/\/facebook.com\/eldigitaldeasturias","twitter:card":"summary_large_image","twitter:title":"Servicios acad\u00e9micos y art\u00edculos de inter\u00e9s en el desarrollo de tu trabajo - El Digital de Asturias","twitter:description":"Tendemos a creer que la formaci\u00f3n acad\u00e9mica es algo exclusivamente destinado a los m\u00e1s j\u00f3venes; sin embargo, para el correcto desempe\u00f1o laboral","twitter:image":"https:\/\/www.eldigitaldeasturias.com\/noticias\/wp-content\/uploads\/2022\/07\/formacion.jpg","twitter:label1":"Escrito por","twitter:data1":"El Digital de Asturias","twitter:label2":"Tiempo de lectura estimado","twitter:data2":"4 minutos"},"aioseo_meta_data":{"post_id":"1114600","title":null,"description":"Tendemos a creer que la formaci\u00f3n acad\u00e9mica es algo exclusivamente destinado a los m\u00e1s j\u00f3venes; sin embargo, para el correcto desempe\u00f1o laboral","keywords":[],"keyphrases":{"focus":{"keyphrase":"formaci\u00f3n","score":73,"analysis":{"keyphraseInTitle":{"title":"Focus keyphrase in SEO title","description":"Focus keyphrase not found in SEO title.","score":3,"maxScore":9,"error":1},"keyphraseInDescription":{"title":"Focus keyphrase in meta description","description":"Focus keyphrase found in meta description.","score":9,"maxScore":9,"error":0},"keyphraseLength":{"title":"Focus keyphrase length","description":"Good job!","score":9,"maxScore":9,"error":0,"length":1},"keyphraseInURL":{"title":"Focus keyphrase in URL","description":"Focus keyphrase not found in the URL.","score":1,"maxScore":5,"error":1},"keyphraseInIntroduction":{"title":"Focus keyphrase in introduction","description":"Your Focus keyphrase appears in the first paragraph. Well done!","score":9,"maxScore":9,"error":0},"keyphraseInSubHeadings":{"title":"Focus keyphrase in Subheadings","description":"Use your focus keyphrase more in your H2 and H3 subheadings.","score":3,"maxScore":9,"error":1},"keyphraseInImageAlt":{"title":"Focus keyphrase in image alt attributes","description":"Focus keyphrase found in image alt attribute(s).","score":9,"maxScore":9,"error":0}}},"additional":[{"keyphrase":" desempe\u00f1o laboral ","score":83,"analysis":{"keyphraseInDescription":{"title":"Keyphrase in meta description","description":"Keyphrase found in meta description.","score":9,"maxScore":9,"error":0},"keyphraseLength":{"title":"Keyphrase length","description":"Good job!","score":9,"maxScore":9,"error":0,"length":2},"keyphraseInIntroduction":{"title":"Keyphrase in introduction","description":"Your Keyphrase appears in the first paragraph. Well done!","score":9,"maxScore":9,"error":0},"keyphraseInImageAlt":{"title":"Keyphrase in image alt attributes","description":"Keyphrase not found in image alt attribute(s). Add an image with your Keyphrase as alt text.","score":3,"maxScore":9,"error":1}}},{"keyphrase":"laboral ","score":83,"analysis":{"keyphraseInDescription":{"title":"Keyphrase in meta description","description":"Keyphrase found in meta description.","score":9,"maxScore":9,"error":0},"keyphraseLength":{"title":"Keyphrase length","description":"Good job!","score":9,"maxScore":9,"error":0,"length":1},"keyphraseInIntroduction":{"title":"Keyphrase in introduction","description":"Your Keyphrase appears in the first paragraph. Well done!","score":9,"maxScore":9,"error":0},"keyphraseInImageAlt":{"title":"Keyphrase in image alt attributes","description":"Keyphrase not found in image alt attribute(s). Add an image with your Keyphrase as alt text.","score":3,"maxScore":9,"error":1}}},{"keyphrase":"formaci\u00f3n","score":100,"analysis":{"keyphraseInDescription":{"title":"Keyphrase in meta description","description":"Keyphrase found in meta description.","score":9,"maxScore":9,"error":0},"keyphraseLength":{"title":"Keyphrase length","description":"Good job!","score":9,"maxScore":9,"error":0,"length":1},"keyphraseInIntroduction":{"title":"Keyphrase in introduction","description":"Your Keyphrase appears in the first paragraph. Well done!","score":9,"maxScore":9,"error":0},"keyphraseInImageAlt":{"title":"Keyphrase in image alt attributes","description":"Keyphrase found in image alt attribute(s).","score":9,"maxScore":9,"error":0}}}]},"primary_term":null,"canonical_url":null,"og_title":null,"og_description":null,"og_object_type":"default","og_image_type":"default","og_image_url":null,"og_image_width":null,"og_image_height":null,"og_image_custom_url":null,"og_image_custom_fields":null,"og_video":"","og_custom_url":null,"og_article_section":null,"og_article_tags":[],"twitter_use_og":false,"twitter_card":"default","twitter_image_type":"default","twitter_image_url":null,"twitter_image_custom_url":null,"twitter_image_custom_fields":null,"twitter_title":null,"twitter_description":null,"schema":{"blockGraphs":[],"customGraphs":[],"default":{"data":{"Article":[],"Course":[],"Dataset":[],"FAQPage":[],"Movie":[],"Person":[],"Product":[],"ProductReview":[],"Car":[],"Recipe":[],"Service":[],"SoftwareApplication":[],"WebPage":[]},"graphName":"","isEnabled":true},"graphs":[],"defaultGraph":"Article","defaultPostTypeGraph":""},"schema_type":"default","schema_type_options":"{\"article\":{\"articleType\":\"BlogPosting\"},\"course\":{\"name\":\"\",\"description\":\"\",\"provider\":\"\"},\"faq\":{\"pages\":[]},\"product\":{\"reviews\":[]},\"recipe\":{\"ingredients\":[],\"instructions\":[],\"keywords\":[]},\"software\":{\"reviews\":[],\"operatingSystems\":[]},\"webPage\":{\"webPageType\":\"WebPage\"},\"blockGraphs\":[]}","pillar_content":false,"robots_default":true,"robots_noindex":false,"robots_noarchive":false,"robots_nosnippet":false,"robots_nofollow":false,"robots_noimageindex":false,"robots_noodp":false,"robots_notranslate":false,"robots_max_snippet":"-1","robots_max_videopreview":"-1","robots_max_imagepreview":"large","priority":null,"frequency":"default","local_seo":null,"seo_analyzer_scan_date":"2025-10-03 08:11:45","breadcrumb_settings":null,"limit_modified_date":false,"open_ai":null,"ai":null,"created":"2022-07-29 03:14:27","updated":"2025-10-03 08:11:45"},"aioseo_breadcrumb":"<div class=\"aioseo-breadcrumbs\"><span class=\"aioseo-breadcrumb\">\n\t<a href=\"https:\/\/www.eldigitaldeasturias.com\/noticias\" title=\"Home\">Home<\/a>\n<\/span><span class=\"aioseo-breadcrumb-separator\">\u2013<\/span><span class=\"aioseo-breadcrumb\">\n\t<a href=\"https:\/\/www.eldigitaldeasturias.com\/noticias\/category\/negocios-y-empresas\/\" title=\"Negocios y Empresas\">Negocios y Empresas<\/a>\n<\/span><span class=\"aioseo-breadcrumb-separator\">\u2013<\/span><span class=\"aioseo-breadcrumb\">\n\t<a href=\"https:\/\/www.eldigitaldeasturias.com\/noticias\/servicios-academicos-y-articulos-de-interes-en-el-desarrollo-de-tu-trabajo\/\" title=\"Servicios acad\u00e9micos y art\u00edculos de inter\u00e9s en el desarrollo de tu trabajo\">Servicios acad\u00e9micos y art\u00edculos de inter\u00e9s en el desarrollo de tu trabajo<\/a>\n<\/span><\/div>","aioseo_breadcrumb_json":[{"label":"Home","link":"https:\/\/www.eldigitaldeasturias.com\/noticias"},{"label":"Negocios y Empresas","link":"https:\/\/www.eldigitaldeasturias.com\/noticias\/category\/negocios-y-empresas\/"},{"label":"Servicios acad\u00e9micos y art\u00edculos de inter\u00e9s en el desarrollo de tu trabajo","link":"https:\/\/www.eldigitaldeasturias.com\/noticias\/servicios-academicos-y-articulos-de-interes-en-el-desarrollo-de-tu-trabajo\/"}],"_links":{"self":[{"href":"https:\/\/www.eldigitaldeasturias.com\/noticias\/wp-json\/wp\/v2\/posts\/1114600","targetHints":{"allow":["GET"]}}],"collection":[{"href":"https:\/\/www.eldigitaldeasturias.com\/noticias\/wp-json\/wp\/v2\/posts"}],"about":[{"href":"https:\/\/www.eldigitaldeasturias.com\/noticias\/wp-json\/wp\/v2\/types\/post"}],"author":[{"embeddable":true,"href":"https:\/\/www.eldigitaldeasturias.com\/noticias\/wp-json\/wp\/v2\/users\/1"}],"replies":[{"embeddable":true,"href":"https:\/\/www.eldigitaldeasturias.com\/noticias\/wp-json\/wp\/v2\/comments?post=1114600"}],"version-history":[{"count":0,"href":"https:\/\/www.eldigitaldeasturias.com\/noticias\/wp-json\/wp\/v2\/posts\/1114600\/revisions"}],"wp:featuredmedia":[{"embeddable":true,"href":"https:\/\/www.eldigitaldeasturias.com\/noticias\/wp-json\/wp\/v2\/media\/1114601"}],"wp:attachment":[{"href":"https:\/\/www.eldigitaldeasturias.com\/noticias\/wp-json\/wp\/v2\/media?parent=1114600"}],"wp:term":[{"taxonomy":"category","embeddable":true,"href":"https:\/\/www.eldigitaldeasturias.com\/noticias\/wp-json\/wp\/v2\/categories?post=1114600"},{"taxonomy":"post_tag","embeddable":true,"href":"https:\/\/www.eldigitaldeasturias.com\/noticias\/wp-json\/wp\/v2\/tags?post=1114600"}],"curies":[{"name":"wp","href":"https:\/\/api.w.org\/{rel}","templated":true}]}}