{"id":1113979,"date":"2022-07-14T17:18:25","date_gmt":"2022-07-14T15:18:25","guid":{"rendered":"https:\/\/www.eldigitaldeasturias.com\/noticias\/?p=1113979"},"modified":"2022-07-14T17:18:25","modified_gmt":"2022-07-14T15:18:25","slug":"zelenski-acusa-a-rusia-de-secuestrar-a-unos-200-000-ninos-ucranianos","status":"publish","type":"post","link":"https:\/\/www.eldigitaldeasturias.com\/noticias\/zelenski-acusa-a-rusia-de-secuestrar-a-unos-200-000-ninos-ucranianos\/","title":{"rendered":"Zelenski acusa a Rusia de \u00absecuestrar\u00bb a unos 200.000 ni\u00f1os ucranianos"},"content":{"rendered":"<p>(EP) &#8211; El presidente de <a href=\"https:\/\/www.eldigitaldeasturias.com\/noticias\/ucrania-impide-a-los-hombres-en-edad-militar-salir-de-su-localidad-sin-un-permiso\/\"><span style=\"color: #ff6600;\"><strong>Ucrania<\/strong><\/span><\/a>, Volodimir <strong><span style=\"color: #ff6600;\"><a style=\"color: #ff6600;\" href=\"https:\/\/es.wikipedia.org\/wiki\/Volod%C3%ADmir_Zelenski\">Zelenski<\/a><\/span><\/strong>, ha acusado este jueves a Rusia de \u00absecuestrar\u00bb a unos 200.000 ni\u00f1os ucranianos durante un discurso por videoconferencia en un evento celebrado en La Haya con motivo de la creaci\u00f3n de un grupo de trabajo internacional para dirimir si produjeron cr\u00edmenes de guerra durante el conflicto.<\/p>\n<figure id=\"attachment_1113980\" aria-describedby=\"caption-attachment-1113980\" style=\"width: 650px\" class=\"wp-caption aligncenter\"><img loading=\"lazy\" decoding=\"async\" class=\"wp-image-1113980 size-large\" src=\"https:\/\/www.eldigitaldeasturias.com\/noticias\/wp-content\/uploads\/2022\/07\/Zelenski-650x422.jpg\" alt=\"Zelenski\" width=\"650\" height=\"422\" srcset=\"https:\/\/www.eldigitaldeasturias.com\/noticias\/wp-content\/uploads\/2022\/07\/Zelenski-650x422.jpg 650w, https:\/\/www.eldigitaldeasturias.com\/noticias\/wp-content\/uploads\/2022\/07\/Zelenski-360x234.jpg 360w, https:\/\/www.eldigitaldeasturias.com\/noticias\/wp-content\/uploads\/2022\/07\/Zelenski-462x300.jpg 462w, https:\/\/www.eldigitaldeasturias.com\/noticias\/wp-content\/uploads\/2022\/07\/Zelenski-768x499.jpg 768w, https:\/\/www.eldigitaldeasturias.com\/noticias\/wp-content\/uploads\/2022\/07\/Zelenski-150x97.jpg 150w, https:\/\/www.eldigitaldeasturias.com\/noticias\/wp-content\/uploads\/2022\/07\/Zelenski-450x292.jpg 450w, https:\/\/www.eldigitaldeasturias.com\/noticias\/wp-content\/uploads\/2022\/07\/Zelenski.jpg 1001w\" sizes=\"auto, (max-width: 650px) 100vw, 650px\" \/><figcaption id=\"caption-attachment-1113980\" class=\"wp-caption-text\">FOTO: PRESIDENCIA DE UCRANIA \/ Europa Press<\/figcaption><\/figure>\n<p>\u00abTodav\u00eda se est\u00e1 estableciendo cu\u00e1ntos ni\u00f1os secuestraron y sacaron de Ucrania las fuerzas rusas. La cifra anterior es terrible: unos 200.000 ni\u00f1os\u201d, ha aventurado Zelenski, quien ha cifrado en \u00abdecenas de miles\u00bb los asesinados, torturados y mutilados tras el paso de las tropas rusas.<\/p>\n<p>\u00abEl mundo vio lo que sucedi\u00f3 en Mari\u00fapol y Bucha, el mundo ve literalmente en directo el terror de los misiles rusos. Todos pueden ver c\u00f3mo la artiller\u00eda rusa quema ciudades en Donb\u00e1s y destruye la infraestructura civil en J\u00e1rkov y en el sur de nuestro pa\u00eds\u201d, ha dicho Zelenski.<\/p>\n<p>Seg\u00fan Kiev, \u00abmillones\u00bb de ciudadanos han sido deportados a Rusia o bien han tenido que abandonar sus hogares por culpa de los combates y las hostilidades, mientras que otros \u00abmiles\u00bb est\u00e1n en campos y campamentos levantados en los territorios controlados por las tropas rusas y las otras fuerzas leales al Kremlin.<\/p>\n<p>Por otro lado, Zelenski tambi\u00e9n se ha referido al \u00faltimo ataque de las tropas rusas, en esta ocasi\u00f3n, sobre la ciudad de V\u00ednitsia, en el centro del pa\u00eds, que por ahora ha dejado al menos una veintena de muertos y cincuenta heridos.<\/p>\n<p>Zelenski ha condenado que los misiles rusos, que habr\u00edan salido de un submarino apostado en las aguas del mar Negro, hayan golpeado \u00abuna ciudad normal y pac\u00edfica\u00bb, como V\u00ednitsia. Derribando dos edificios p\u00fablicos, residenciales y un centro m\u00e9dico.<\/p>\n<p>\u00abCoches y tranv\u00edas estaba en llama. Este es un acto audaz de terror ruso. Los humanos no podr\u00edan hacer eso, es propio de animales. Ocho misiles, dos de los cuales impactaron en el centro de la ciudad\u201d, ha denunciado.<\/p>\n","protected":false},"excerpt":{"rendered":"<p>(EP) &#8211; El presidente de Ucrania, Volodimir Zelenski, ha acusado este jueves a Rusia de \u00absecuestrar\u00bb a unos 200.000 ni\u00f1os ucranianos durante un discurso por videoconferencia en un evento celebrado en La Haya con motivo de la creaci\u00f3n de un grupo de trabajo internacional para dirimir si produjeron cr\u00edmenes de guerra durante el conflicto. \u00abTodav\u00eda [&hellip;]<\/p>\n","protected":false},"author":1,"featured_media":1113980,"comment_status":"closed","ping_status":"closed","sticky":false,"template":"","format":"standard","meta":{"footnotes":""},"categories":[1],"tags":[],"class_list":["post-1113979","post","type-post","status-publish","format-standard","has-post-thumbnail","hentry","category-actualidad"],"aioseo_notices":[],"aioseo_head":"\n\t\t<!-- All in One SEO Pro 4.9.6.2 - aioseo.com -->\n\t<meta name=\"description\" content=\"(EP) - El presidente de Ucrania, Volodimir Zelenski, ha acusado este jueves a Rusia de &quot;secuestrar&quot; a unos 200.000 ni\u00f1os ucranianos durante un discurso\" \/>\n\t<meta name=\"robots\" content=\"max-image-preview:large\" \/>\n\t<meta name=\"author\" content=\"El Digital de Asturias\"\/>\n\t<meta name=\"google-site-verification\" content=\"UA-38556648-1\" \/>\n\t<meta name=\"msvalidate.01\" content=\"7dfe9f3f1b24437ab69f4f2559babe99\" \/>\n\t<meta name=\"keywords\" content=\"actualidad\" \/>\n\t<link rel=\"canonical\" href=\"https:\/\/www.eldigitaldeasturias.com\/noticias\/zelenski-acusa-a-rusia-de-secuestrar-a-unos-200-000-ninos-ucranianos\/\" \/>\n\t<meta name=\"generator\" content=\"All in One SEO Pro (AIOSEO) 4.9.6.2\" \/>\n\t\t<meta property=\"og:locale\" content=\"es_ES\" \/>\n\t\t<meta property=\"og:site_name\" content=\"El Digital de Asturias\" \/>\n\t\t<meta property=\"og:type\" content=\"article\" \/>\n\t\t<meta property=\"og:title\" content=\"Zelenski acusa a Rusia de \u00absecuestrar\u00bb a unos 200.000 ni\u00f1os ucranianos - El Digital de Asturias\" \/>\n\t\t<meta property=\"og:description\" content=\"(EP) - El presidente de Ucrania, Volodimir Zelenski, ha acusado este jueves a Rusia de &quot;secuestrar&quot; a unos 200.000 ni\u00f1os ucranianos durante un discurso\" \/>\n\t\t<meta property=\"og:url\" content=\"https:\/\/www.eldigitaldeasturias.com\/noticias\/zelenski-acusa-a-rusia-de-secuestrar-a-unos-200-000-ninos-ucranianos\/\" \/>\n\t\t<meta property=\"og:image\" content=\"https:\/\/www.eldigitaldeasturias.com\/noticias\/wp-content\/uploads\/2022\/07\/Zelenski.jpg\" \/>\n\t\t<meta property=\"og:image:secure_url\" content=\"https:\/\/www.eldigitaldeasturias.com\/noticias\/wp-content\/uploads\/2022\/07\/Zelenski.jpg\" \/>\n\t\t<meta property=\"og:image:width\" content=\"1001\" \/>\n\t\t<meta property=\"og:image:height\" content=\"650\" \/>\n\t\t<meta property=\"article:tag\" content=\"actualidad\" \/>\n\t\t<meta property=\"article:published_time\" content=\"2022-07-14T15:18:25+00:00\" \/>\n\t\t<meta property=\"article:modified_time\" content=\"2022-07-14T15:18:25+00:00\" \/>\n\t\t<meta property=\"article:publisher\" content=\"https:\/\/facebook.com\/eldigitaldeasturias\" \/>\n\t\t<meta name=\"twitter:card\" content=\"summary_large_image\" \/>\n\t\t<meta name=\"twitter:title\" content=\"Zelenski acusa a Rusia de \u00absecuestrar\u00bb a unos 200.000 ni\u00f1os ucranianos - El Digital de Asturias\" \/>\n\t\t<meta name=\"twitter:description\" content=\"(EP) - El presidente de Ucrania, Volodimir Zelenski, ha acusado este jueves a Rusia de &quot;secuestrar&quot; a unos 200.000 ni\u00f1os ucranianos durante un discurso\" \/>\n\t\t<meta name=\"twitter:image\" content=\"https:\/\/www.eldigitaldeasturias.com\/noticias\/wp-content\/uploads\/2022\/07\/Zelenski.jpg\" \/>\n\t\t<meta name=\"twitter:label1\" content=\"Escrito por\" \/>\n\t\t<meta name=\"twitter:data1\" content=\"El Digital de Asturias\" \/>\n\t\t<meta name=\"twitter:label2\" content=\"Tiempo de lectura estimado\" \/>\n\t\t<meta name=\"twitter:data2\" content=\"2 minutos\" \/>\n\t\t<script type=\"application\/ld+json\" class=\"aioseo-schema\">\n\t\t\t{\"@context\":\"https:\\\/\\\/schema.org\",\"@graph\":[{\"@type\":\"BlogPosting\",\"@id\":\"https:\\\/\\\/www.eldigitaldeasturias.com\\\/noticias\\\/zelenski-acusa-a-rusia-de-secuestrar-a-unos-200-000-ninos-ucranianos\\\/#blogposting\",\"name\":\"Zelenski acusa a Rusia de \\u00absecuestrar\\u00bb a unos 200.000 ni\\u00f1os ucranianos - El Digital de Asturias\",\"headline\":\"Zelenski acusa a Rusia de \\u00absecuestrar\\u00bb a unos 200.000 ni\\u00f1os ucranianos\",\"author\":{\"@id\":\"https:\\\/\\\/www.eldigitaldeasturias.com\\\/noticias\\\/author\\\/admin\\\/#author\"},\"publisher\":{\"@id\":\"https:\\\/\\\/www.eldigitaldeasturias.com\\\/noticias\\\/#organization\"},\"image\":{\"@type\":\"ImageObject\",\"url\":\"https:\\\/\\\/www.eldigitaldeasturias.com\\\/noticias\\\/wp-content\\\/uploads\\\/2022\\\/07\\\/Zelenski.jpg\",\"width\":1001,\"height\":650,\"caption\":\"FOTO: PRESIDENCIA DE UCRANIA \\\/ Europa Press\"},\"datePublished\":\"2022-07-14T17:18:25+02:00\",\"dateModified\":\"2022-07-14T17:18:25+02:00\",\"inLanguage\":\"es-ES\",\"mainEntityOfPage\":{\"@id\":\"https:\\\/\\\/www.eldigitaldeasturias.com\\\/noticias\\\/zelenski-acusa-a-rusia-de-secuestrar-a-unos-200-000-ninos-ucranianos\\\/#webpage\"},\"isPartOf\":{\"@id\":\"https:\\\/\\\/www.eldigitaldeasturias.com\\\/noticias\\\/zelenski-acusa-a-rusia-de-secuestrar-a-unos-200-000-ninos-ucranianos\\\/#webpage\"},\"articleSection\":\"Actualidad\"},{\"@type\":\"BreadcrumbList\",\"@id\":\"https:\\\/\\\/www.eldigitaldeasturias.com\\\/noticias\\\/zelenski-acusa-a-rusia-de-secuestrar-a-unos-200-000-ninos-ucranianos\\\/#breadcrumblist\",\"itemListElement\":[{\"@type\":\"ListItem\",\"@id\":\"https:\\\/\\\/www.eldigitaldeasturias.com\\\/noticias#listItem\",\"position\":1,\"name\":\"Home\",\"item\":\"https:\\\/\\\/www.eldigitaldeasturias.com\\\/noticias\",\"nextItem\":{\"@type\":\"ListItem\",\"@id\":\"https:\\\/\\\/www.eldigitaldeasturias.com\\\/noticias\\\/category\\\/actualidad\\\/#listItem\",\"name\":\"Actualidad\"}},{\"@type\":\"ListItem\",\"@id\":\"https:\\\/\\\/www.eldigitaldeasturias.com\\\/noticias\\\/category\\\/actualidad\\\/#listItem\",\"position\":2,\"name\":\"Actualidad\",\"item\":\"https:\\\/\\\/www.eldigitaldeasturias.com\\\/noticias\\\/category\\\/actualidad\\\/\",\"nextItem\":{\"@type\":\"ListItem\",\"@id\":\"https:\\\/\\\/www.eldigitaldeasturias.com\\\/noticias\\\/zelenski-acusa-a-rusia-de-secuestrar-a-unos-200-000-ninos-ucranianos\\\/#listItem\",\"name\":\"Zelenski acusa a Rusia de \\u00absecuestrar\\u00bb a unos 200.000 ni\\u00f1os ucranianos\"},\"previousItem\":{\"@type\":\"ListItem\",\"@id\":\"https:\\\/\\\/www.eldigitaldeasturias.com\\\/noticias#listItem\",\"name\":\"Home\"}},{\"@type\":\"ListItem\",\"@id\":\"https:\\\/\\\/www.eldigitaldeasturias.com\\\/noticias\\\/zelenski-acusa-a-rusia-de-secuestrar-a-unos-200-000-ninos-ucranianos\\\/#listItem\",\"position\":3,\"name\":\"Zelenski acusa a Rusia de \\u00absecuestrar\\u00bb a unos 200.000 ni\\u00f1os ucranianos\",\"previousItem\":{\"@type\":\"ListItem\",\"@id\":\"https:\\\/\\\/www.eldigitaldeasturias.com\\\/noticias\\\/category\\\/actualidad\\\/#listItem\",\"name\":\"Actualidad\"}}]},{\"@type\":\"Organization\",\"@id\":\"https:\\\/\\\/www.eldigitaldeasturias.com\\\/noticias\\\/#organization\",\"name\":\"El Digital de Asturias\",\"description\":\"Hemeroteca\",\"url\":\"https:\\\/\\\/www.eldigitaldeasturias.com\\\/noticias\\\/\",\"email\":\"info@eldigitaldeasturias.com\",\"telephone\":\"+34652131393\",\"logo\":{\"@type\":\"ImageObject\",\"url\":\"https:\\\/\\\/www.eldigitaldeasturias.com\\\/noticias\\\/wp-content\\\/uploads\\\/2020\\\/12\\\/EDA.jpg\",\"@id\":\"https:\\\/\\\/www.eldigitaldeasturias.com\\\/noticias\\\/zelenski-acusa-a-rusia-de-secuestrar-a-unos-200-000-ninos-ucranianos\\\/#organizationLogo\",\"width\":649,\"height\":297},\"image\":{\"@id\":\"https:\\\/\\\/www.eldigitaldeasturias.com\\\/noticias\\\/zelenski-acusa-a-rusia-de-secuestrar-a-unos-200-000-ninos-ucranianos\\\/#organizationLogo\"},\"sameAs\":[\"https:\\\/\\\/facebook.com\\\/eldigitaldeasturias\",\"https:\\\/\\\/www.youtube.com\\\/channel\\\/UCZP-2wLEB9Rv6erhFmqVnvg\"],\"address\":{\"@id\":\"https:\\\/\\\/www.eldigitaldeasturias.com\\\/noticias\\\/#postaladdress\",\"@type\":\"PostalAddress\",\"streetAddress\":\"san antonio 4,\",\"postalCode\":\"33430\",\"addressLocality\":\"Cand\\u00e1s\",\"addressRegion\":\"Asturias\",\"addressCountry\":\"ES\"}},{\"@type\":\"Person\",\"@id\":\"https:\\\/\\\/www.eldigitaldeasturias.com\\\/noticias\\\/author\\\/admin\\\/#author\",\"url\":\"https:\\\/\\\/www.eldigitaldeasturias.com\\\/noticias\\\/author\\\/admin\\\/\",\"name\":\"El Digital de Asturias\",\"image\":{\"@type\":\"ImageObject\",\"@id\":\"https:\\\/\\\/www.eldigitaldeasturias.com\\\/noticias\\\/zelenski-acusa-a-rusia-de-secuestrar-a-unos-200-000-ninos-ucranianos\\\/#authorImage\",\"url\":\"https:\\\/\\\/www.eldigitaldeasturias.com\\\/noticias\\\/wp-content\\\/litespeed\\\/avatar\\\/18677e78aa0546b92d9dbf31ec7d7668.jpg?ver=1777290358\",\"width\":96,\"height\":96,\"caption\":\"El Digital de Asturias\"}},{\"@type\":\"WebPage\",\"@id\":\"https:\\\/\\\/www.eldigitaldeasturias.com\\\/noticias\\\/zelenski-acusa-a-rusia-de-secuestrar-a-unos-200-000-ninos-ucranianos\\\/#webpage\",\"url\":\"https:\\\/\\\/www.eldigitaldeasturias.com\\\/noticias\\\/zelenski-acusa-a-rusia-de-secuestrar-a-unos-200-000-ninos-ucranianos\\\/\",\"name\":\"Zelenski acusa a Rusia de \\u00absecuestrar\\u00bb a unos 200.000 ni\\u00f1os ucranianos - El Digital de Asturias\",\"description\":\"(EP) - El presidente de Ucrania, Volodimir Zelenski, ha acusado este jueves a Rusia de \\\"secuestrar\\\" a unos 200.000 ni\\u00f1os ucranianos durante un discurso\",\"inLanguage\":\"es-ES\",\"isPartOf\":{\"@id\":\"https:\\\/\\\/www.eldigitaldeasturias.com\\\/noticias\\\/#website\"},\"breadcrumb\":{\"@id\":\"https:\\\/\\\/www.eldigitaldeasturias.com\\\/noticias\\\/zelenski-acusa-a-rusia-de-secuestrar-a-unos-200-000-ninos-ucranianos\\\/#breadcrumblist\"},\"author\":{\"@id\":\"https:\\\/\\\/www.eldigitaldeasturias.com\\\/noticias\\\/author\\\/admin\\\/#author\"},\"creator\":{\"@id\":\"https:\\\/\\\/www.eldigitaldeasturias.com\\\/noticias\\\/author\\\/admin\\\/#author\"},\"image\":{\"@type\":\"ImageObject\",\"url\":\"https:\\\/\\\/www.eldigitaldeasturias.com\\\/noticias\\\/wp-content\\\/uploads\\\/2022\\\/07\\\/Zelenski.jpg\",\"@id\":\"https:\\\/\\\/www.eldigitaldeasturias.com\\\/noticias\\\/zelenski-acusa-a-rusia-de-secuestrar-a-unos-200-000-ninos-ucranianos\\\/#mainImage\",\"width\":1001,\"height\":650,\"caption\":\"FOTO: PRESIDENCIA DE UCRANIA \\\/ Europa Press\"},\"primaryImageOfPage\":{\"@id\":\"https:\\\/\\\/www.eldigitaldeasturias.com\\\/noticias\\\/zelenski-acusa-a-rusia-de-secuestrar-a-unos-200-000-ninos-ucranianos\\\/#mainImage\"},\"datePublished\":\"2022-07-14T17:18:25+02:00\",\"dateModified\":\"2022-07-14T17:18:25+02:00\"},{\"@type\":\"WebSite\",\"@id\":\"https:\\\/\\\/www.eldigitaldeasturias.com\\\/noticias\\\/#website\",\"url\":\"https:\\\/\\\/www.eldigitaldeasturias.com\\\/noticias\\\/\",\"name\":\"El Digital de Asturias - Diario de actualidad y noticias\",\"alternateName\":\"El Digital de Asturias - Diario de actualidad y noticias\",\"description\":\"Hemeroteca\",\"inLanguage\":\"es-ES\",\"publisher\":{\"@id\":\"https:\\\/\\\/www.eldigitaldeasturias.com\\\/noticias\\\/#organization\"}}]}\n\t\t<\/script>\n\t\t<!-- All in One SEO Pro -->\r\n\t\t<title>Zelenski acusa a Rusia de \u00absecuestrar\u00bb a unos 200.000 ni\u00f1os ucranianos - El Digital de Asturias<\/title>\n\n","aioseo_head_json":{"title":"Zelenski acusa a Rusia de \u00absecuestrar\u00bb a unos 200.000 ni\u00f1os ucranianos - El Digital de Asturias","description":"(EP) - El presidente de Ucrania, Volodimir Zelenski, ha acusado este jueves a Rusia de \"secuestrar\" a unos 200.000 ni\u00f1os ucranianos durante un discurso","canonical_url":"https:\/\/www.eldigitaldeasturias.com\/noticias\/zelenski-acusa-a-rusia-de-secuestrar-a-unos-200-000-ninos-ucranianos\/","robots":"max-image-preview:large","keywords":"actualidad","webmasterTools":{"google-site-verification":"UA-38556648-1","msvalidate.01":"7dfe9f3f1b24437ab69f4f2559babe99","miscellaneous":""},"schema":{"@context":"https:\/\/schema.org","@graph":[{"@type":"BlogPosting","@id":"https:\/\/www.eldigitaldeasturias.com\/noticias\/zelenski-acusa-a-rusia-de-secuestrar-a-unos-200-000-ninos-ucranianos\/#blogposting","name":"Zelenski acusa a Rusia de \u00absecuestrar\u00bb a unos 200.000 ni\u00f1os ucranianos - El Digital de Asturias","headline":"Zelenski acusa a Rusia de \u00absecuestrar\u00bb a unos 200.000 ni\u00f1os ucranianos","author":{"@id":"https:\/\/www.eldigitaldeasturias.com\/noticias\/author\/admin\/#author"},"publisher":{"@id":"https:\/\/www.eldigitaldeasturias.com\/noticias\/#organization"},"image":{"@type":"ImageObject","url":"https:\/\/www.eldigitaldeasturias.com\/noticias\/wp-content\/uploads\/2022\/07\/Zelenski.jpg","width":1001,"height":650,"caption":"FOTO: PRESIDENCIA DE UCRANIA \/ Europa Press"},"datePublished":"2022-07-14T17:18:25+02:00","dateModified":"2022-07-14T17:18:25+02:00","inLanguage":"es-ES","mainEntityOfPage":{"@id":"https:\/\/www.eldigitaldeasturias.com\/noticias\/zelenski-acusa-a-rusia-de-secuestrar-a-unos-200-000-ninos-ucranianos\/#webpage"},"isPartOf":{"@id":"https:\/\/www.eldigitaldeasturias.com\/noticias\/zelenski-acusa-a-rusia-de-secuestrar-a-unos-200-000-ninos-ucranianos\/#webpage"},"articleSection":"Actualidad"},{"@type":"BreadcrumbList","@id":"https:\/\/www.eldigitaldeasturias.com\/noticias\/zelenski-acusa-a-rusia-de-secuestrar-a-unos-200-000-ninos-ucranianos\/#breadcrumblist","itemListElement":[{"@type":"ListItem","@id":"https:\/\/www.eldigitaldeasturias.com\/noticias#listItem","position":1,"name":"Home","item":"https:\/\/www.eldigitaldeasturias.com\/noticias","nextItem":{"@type":"ListItem","@id":"https:\/\/www.eldigitaldeasturias.com\/noticias\/category\/actualidad\/#listItem","name":"Actualidad"}},{"@type":"ListItem","@id":"https:\/\/www.eldigitaldeasturias.com\/noticias\/category\/actualidad\/#listItem","position":2,"name":"Actualidad","item":"https:\/\/www.eldigitaldeasturias.com\/noticias\/category\/actualidad\/","nextItem":{"@type":"ListItem","@id":"https:\/\/www.eldigitaldeasturias.com\/noticias\/zelenski-acusa-a-rusia-de-secuestrar-a-unos-200-000-ninos-ucranianos\/#listItem","name":"Zelenski acusa a Rusia de \u00absecuestrar\u00bb a unos 200.000 ni\u00f1os ucranianos"},"previousItem":{"@type":"ListItem","@id":"https:\/\/www.eldigitaldeasturias.com\/noticias#listItem","name":"Home"}},{"@type":"ListItem","@id":"https:\/\/www.eldigitaldeasturias.com\/noticias\/zelenski-acusa-a-rusia-de-secuestrar-a-unos-200-000-ninos-ucranianos\/#listItem","position":3,"name":"Zelenski acusa a Rusia de \u00absecuestrar\u00bb a unos 200.000 ni\u00f1os ucranianos","previousItem":{"@type":"ListItem","@id":"https:\/\/www.eldigitaldeasturias.com\/noticias\/category\/actualidad\/#listItem","name":"Actualidad"}}]},{"@type":"Organization","@id":"https:\/\/www.eldigitaldeasturias.com\/noticias\/#organization","name":"El Digital de Asturias","description":"Hemeroteca","url":"https:\/\/www.eldigitaldeasturias.com\/noticias\/","email":"info@eldigitaldeasturias.com","telephone":"+34652131393","logo":{"@type":"ImageObject","url":"https:\/\/www.eldigitaldeasturias.com\/noticias\/wp-content\/uploads\/2020\/12\/EDA.jpg","@id":"https:\/\/www.eldigitaldeasturias.com\/noticias\/zelenski-acusa-a-rusia-de-secuestrar-a-unos-200-000-ninos-ucranianos\/#organizationLogo","width":649,"height":297},"image":{"@id":"https:\/\/www.eldigitaldeasturias.com\/noticias\/zelenski-acusa-a-rusia-de-secuestrar-a-unos-200-000-ninos-ucranianos\/#organizationLogo"},"sameAs":["https:\/\/facebook.com\/eldigitaldeasturias","https:\/\/www.youtube.com\/channel\/UCZP-2wLEB9Rv6erhFmqVnvg"],"address":{"@id":"https:\/\/www.eldigitaldeasturias.com\/noticias\/#postaladdress","@type":"PostalAddress","streetAddress":"san antonio 4,","postalCode":"33430","addressLocality":"Cand\u00e1s","addressRegion":"Asturias","addressCountry":"ES"}},{"@type":"Person","@id":"https:\/\/www.eldigitaldeasturias.com\/noticias\/author\/admin\/#author","url":"https:\/\/www.eldigitaldeasturias.com\/noticias\/author\/admin\/","name":"El Digital de Asturias","image":{"@type":"ImageObject","@id":"https:\/\/www.eldigitaldeasturias.com\/noticias\/zelenski-acusa-a-rusia-de-secuestrar-a-unos-200-000-ninos-ucranianos\/#authorImage","url":"https:\/\/www.eldigitaldeasturias.com\/noticias\/wp-content\/litespeed\/avatar\/18677e78aa0546b92d9dbf31ec7d7668.jpg?ver=1777290358","width":96,"height":96,"caption":"El Digital de Asturias"}},{"@type":"WebPage","@id":"https:\/\/www.eldigitaldeasturias.com\/noticias\/zelenski-acusa-a-rusia-de-secuestrar-a-unos-200-000-ninos-ucranianos\/#webpage","url":"https:\/\/www.eldigitaldeasturias.com\/noticias\/zelenski-acusa-a-rusia-de-secuestrar-a-unos-200-000-ninos-ucranianos\/","name":"Zelenski acusa a Rusia de \u00absecuestrar\u00bb a unos 200.000 ni\u00f1os ucranianos - El Digital de Asturias","description":"(EP) - El presidente de Ucrania, Volodimir Zelenski, ha acusado este jueves a Rusia de \"secuestrar\" a unos 200.000 ni\u00f1os ucranianos durante un discurso","inLanguage":"es-ES","isPartOf":{"@id":"https:\/\/www.eldigitaldeasturias.com\/noticias\/#website"},"breadcrumb":{"@id":"https:\/\/www.eldigitaldeasturias.com\/noticias\/zelenski-acusa-a-rusia-de-secuestrar-a-unos-200-000-ninos-ucranianos\/#breadcrumblist"},"author":{"@id":"https:\/\/www.eldigitaldeasturias.com\/noticias\/author\/admin\/#author"},"creator":{"@id":"https:\/\/www.eldigitaldeasturias.com\/noticias\/author\/admin\/#author"},"image":{"@type":"ImageObject","url":"https:\/\/www.eldigitaldeasturias.com\/noticias\/wp-content\/uploads\/2022\/07\/Zelenski.jpg","@id":"https:\/\/www.eldigitaldeasturias.com\/noticias\/zelenski-acusa-a-rusia-de-secuestrar-a-unos-200-000-ninos-ucranianos\/#mainImage","width":1001,"height":650,"caption":"FOTO: PRESIDENCIA DE UCRANIA \/ Europa Press"},"primaryImageOfPage":{"@id":"https:\/\/www.eldigitaldeasturias.com\/noticias\/zelenski-acusa-a-rusia-de-secuestrar-a-unos-200-000-ninos-ucranianos\/#mainImage"},"datePublished":"2022-07-14T17:18:25+02:00","dateModified":"2022-07-14T17:18:25+02:00"},{"@type":"WebSite","@id":"https:\/\/www.eldigitaldeasturias.com\/noticias\/#website","url":"https:\/\/www.eldigitaldeasturias.com\/noticias\/","name":"El Digital de Asturias - Diario de actualidad y noticias","alternateName":"El Digital de Asturias - Diario de actualidad y noticias","description":"Hemeroteca","inLanguage":"es-ES","publisher":{"@id":"https:\/\/www.eldigitaldeasturias.com\/noticias\/#organization"}}]},"og:locale":"es_ES","og:site_name":"El Digital de Asturias","og:type":"article","og:title":"Zelenski acusa a Rusia de \u00absecuestrar\u00bb a unos 200.000 ni\u00f1os ucranianos - El Digital de Asturias","og:description":"(EP) - El presidente de Ucrania, Volodimir Zelenski, ha acusado este jueves a Rusia de &quot;secuestrar&quot; a unos 200.000 ni\u00f1os ucranianos durante un discurso","og:url":"https:\/\/www.eldigitaldeasturias.com\/noticias\/zelenski-acusa-a-rusia-de-secuestrar-a-unos-200-000-ninos-ucranianos\/","og:image":"https:\/\/www.eldigitaldeasturias.com\/noticias\/wp-content\/uploads\/2022\/07\/Zelenski.jpg","og:image:secure_url":"https:\/\/www.eldigitaldeasturias.com\/noticias\/wp-content\/uploads\/2022\/07\/Zelenski.jpg","og:image:width":1001,"og:image:height":650,"article:tag":["actualidad"],"article:published_time":"2022-07-14T15:18:25+00:00","article:modified_time":"2022-07-14T15:18:25+00:00","article:publisher":"https:\/\/facebook.com\/eldigitaldeasturias","twitter:card":"summary_large_image","twitter:title":"Zelenski acusa a Rusia de \u00absecuestrar\u00bb a unos 200.000 ni\u00f1os ucranianos - El Digital de Asturias","twitter:description":"(EP) - El presidente de Ucrania, Volodimir Zelenski, ha acusado este jueves a Rusia de &quot;secuestrar&quot; a unos 200.000 ni\u00f1os ucranianos durante un discurso","twitter:image":"https:\/\/www.eldigitaldeasturias.com\/noticias\/wp-content\/uploads\/2022\/07\/Zelenski.jpg","twitter:label1":"Escrito por","twitter:data1":"El Digital de Asturias","twitter:label2":"Tiempo de lectura estimado","twitter:data2":"2 minutos"},"aioseo_meta_data":{"post_id":"1113979","title":null,"description":"(EP) - El presidente de Ucrania, Volodimir Zelenski, ha acusado este jueves a Rusia de \"secuestrar\" a unos 200.000 ni\u00f1os ucranianos durante un discurso","keywords":[],"keyphrases":{"focus":{"keyphrase":"Zelenski","score":92,"analysis":{"keyphraseInTitle":{"title":"Focus keyphrase in SEO title","description":"Focus keyphrase found in SEO title.","score":9,"maxScore":9,"error":0},"keyphraseInDescription":{"title":"Focus keyphrase in meta description","description":"Focus keyphrase found in meta description.","score":9,"maxScore":9,"error":0},"keyphraseLength":{"title":"Focus keyphrase length","description":"Good job!","score":9,"maxScore":9,"error":0,"length":1},"keyphraseInURL":{"title":"Focus keyphrase in URL","description":"Focus keyphrase not found in the URL.","score":1,"maxScore":5,"error":1},"keyphraseInIntroduction":{"title":"Focus keyphrase in introduction","description":"Your Focus keyphrase appears in the first paragraph. Well done!","score":9,"maxScore":9,"error":0},"keyphraseInSubHeadings":[],"keyphraseInImageAlt":{"title":"Focus keyphrase in image alt attributes","description":"Focus keyphrase found in image alt attribute(s).","score":9,"maxScore":9,"error":0}}},"additional":[{"keyphrase":"Rusia","score":83,"analysis":{"keyphraseInDescription":{"title":"Keyphrase in meta description","description":"Keyphrase found in meta description.","score":9,"maxScore":9,"error":0},"keyphraseLength":{"title":"Keyphrase length","description":"Good job!","score":9,"maxScore":9,"error":0,"length":1},"keyphraseInIntroduction":{"title":"Keyphrase in introduction","description":"Your Keyphrase appears in the first paragraph. Well done!","score":9,"maxScore":9,"error":0},"keyphraseInImageAlt":{"title":"Keyphrase in image alt attributes","description":"Keyphrase not found in image alt attribute(s). Add an image with your Keyphrase as alt text.","score":3,"maxScore":9,"error":1}}}]},"primary_term":null,"canonical_url":null,"og_title":null,"og_description":null,"og_object_type":"default","og_image_type":"default","og_image_url":null,"og_image_width":null,"og_image_height":null,"og_image_custom_url":null,"og_image_custom_fields":null,"og_video":"","og_custom_url":null,"og_article_section":null,"og_article_tags":[],"twitter_use_og":false,"twitter_card":"default","twitter_image_type":"default","twitter_image_url":null,"twitter_image_custom_url":null,"twitter_image_custom_fields":null,"twitter_title":null,"twitter_description":null,"schema":{"blockGraphs":[],"customGraphs":[],"default":{"data":{"Article":[],"Course":[],"Dataset":[],"FAQPage":[],"Movie":[],"Person":[],"Product":[],"ProductReview":[],"Car":[],"Recipe":[],"Service":[],"SoftwareApplication":[],"WebPage":[]},"graphName":"","isEnabled":true},"graphs":[],"defaultGraph":"Article","defaultPostTypeGraph":""},"schema_type":"default","schema_type_options":"{\"article\":{\"articleType\":\"BlogPosting\"},\"course\":{\"name\":\"\",\"description\":\"\",\"provider\":\"\"},\"faq\":{\"pages\":[]},\"product\":{\"reviews\":[]},\"recipe\":{\"ingredients\":[],\"instructions\":[],\"keywords\":[]},\"software\":{\"reviews\":[],\"operatingSystems\":[]},\"webPage\":{\"webPageType\":\"WebPage\"},\"blockGraphs\":[]}","pillar_content":false,"robots_default":true,"robots_noindex":false,"robots_noarchive":false,"robots_nosnippet":false,"robots_nofollow":false,"robots_noimageindex":false,"robots_noodp":false,"robots_notranslate":false,"robots_max_snippet":"-1","robots_max_videopreview":"-1","robots_max_imagepreview":"large","priority":null,"frequency":"default","local_seo":null,"seo_analyzer_scan_date":"2025-10-03 04:41:54","breadcrumb_settings":null,"limit_modified_date":false,"open_ai":null,"ai":null,"created":"2022-07-14 15:11:49","updated":"2025-10-03 04:41:54"},"aioseo_breadcrumb":"<div class=\"aioseo-breadcrumbs\"><span class=\"aioseo-breadcrumb\">\n\t<a href=\"https:\/\/www.eldigitaldeasturias.com\/noticias\" title=\"Home\">Home<\/a>\n<\/span><span class=\"aioseo-breadcrumb-separator\">\u2013<\/span><span class=\"aioseo-breadcrumb\">\n\t<a href=\"https:\/\/www.eldigitaldeasturias.com\/noticias\/category\/actualidad\/\" title=\"Actualidad\">Actualidad<\/a>\n<\/span><span class=\"aioseo-breadcrumb-separator\">\u2013<\/span><span class=\"aioseo-breadcrumb\">\n\t<a href=\"https:\/\/www.eldigitaldeasturias.com\/noticias\/zelenski-acusa-a-rusia-de-secuestrar-a-unos-200-000-ninos-ucranianos\/\" title=\"Zelenski acusa a Rusia de \u00absecuestrar\u00bb a unos 200.000 ni\u00f1os ucranianos\">Zelenski acusa a Rusia de \u00absecuestrar\u00bb a unos 200.000 ni\u00f1os ucranianos<\/a>\n<\/span><\/div>","aioseo_breadcrumb_json":[{"label":"Home","link":"https:\/\/www.eldigitaldeasturias.com\/noticias"},{"label":"Actualidad","link":"https:\/\/www.eldigitaldeasturias.com\/noticias\/category\/actualidad\/"},{"label":"Zelenski acusa a Rusia de \u00absecuestrar\u00bb a unos 200.000 ni\u00f1os ucranianos","link":"https:\/\/www.eldigitaldeasturias.com\/noticias\/zelenski-acusa-a-rusia-de-secuestrar-a-unos-200-000-ninos-ucranianos\/"}],"_links":{"self":[{"href":"https:\/\/www.eldigitaldeasturias.com\/noticias\/wp-json\/wp\/v2\/posts\/1113979","targetHints":{"allow":["GET"]}}],"collection":[{"href":"https:\/\/www.eldigitaldeasturias.com\/noticias\/wp-json\/wp\/v2\/posts"}],"about":[{"href":"https:\/\/www.eldigitaldeasturias.com\/noticias\/wp-json\/wp\/v2\/types\/post"}],"author":[{"embeddable":true,"href":"https:\/\/www.eldigitaldeasturias.com\/noticias\/wp-json\/wp\/v2\/users\/1"}],"replies":[{"embeddable":true,"href":"https:\/\/www.eldigitaldeasturias.com\/noticias\/wp-json\/wp\/v2\/comments?post=1113979"}],"version-history":[{"count":0,"href":"https:\/\/www.eldigitaldeasturias.com\/noticias\/wp-json\/wp\/v2\/posts\/1113979\/revisions"}],"wp:featuredmedia":[{"embeddable":true,"href":"https:\/\/www.eldigitaldeasturias.com\/noticias\/wp-json\/wp\/v2\/media\/1113980"}],"wp:attachment":[{"href":"https:\/\/www.eldigitaldeasturias.com\/noticias\/wp-json\/wp\/v2\/media?parent=1113979"}],"wp:term":[{"taxonomy":"category","embeddable":true,"href":"https:\/\/www.eldigitaldeasturias.com\/noticias\/wp-json\/wp\/v2\/categories?post=1113979"},{"taxonomy":"post_tag","embeddable":true,"href":"https:\/\/www.eldigitaldeasturias.com\/noticias\/wp-json\/wp\/v2\/tags?post=1113979"}],"curies":[{"name":"wp","href":"https:\/\/api.w.org\/{rel}","templated":true}]}}