{"id":1113786,"date":"2022-07-11T16:47:21","date_gmt":"2022-07-11T14:47:21","guid":{"rendered":"https:\/\/www.eldigitaldeasturias.com\/noticias\/?p=1113786"},"modified":"2022-07-11T16:47:21","modified_gmt":"2022-07-11T14:47:21","slug":"alemania-busca-desesperadamente-conductores-de-camiones","status":"publish","type":"post","link":"https:\/\/www.eldigitaldeasturias.com\/noticias\/alemania-busca-desesperadamente-conductores-de-camiones\/","title":{"rendered":"Alemania busca desesperadamente conductores de camiones"},"content":{"rendered":"<p>Fr\u00e1ncfort, 11 jul (dpa) &#8211; La falta de <a href=\"https:\/\/www.eldigitaldeasturias.com\/noticias\/category\/negocios-y-empresas\/\"><span style=\"color: #ff6600;\"><strong>conductores de camiones<\/strong><\/span><\/a> en Alemania continuar\u00e1 empeorando, seg\u00fan estimaciones del sector, que evalu\u00f3 que actualmente ya se necesitan entre 80.000 y 100.000 camioneros.<\/p>\n<figure id=\"attachment_1113787\" aria-describedby=\"caption-attachment-1113787\" style=\"width: 650px\" class=\"wp-caption aligncenter\"><img loading=\"lazy\" decoding=\"async\" class=\"wp-image-1113787 size-large\" src=\"https:\/\/www.eldigitaldeasturias.com\/noticias\/wp-content\/uploads\/2022\/07\/camiones-650x480.jpg\" alt=\"camiones\" width=\"650\" height=\"480\" srcset=\"https:\/\/www.eldigitaldeasturias.com\/noticias\/wp-content\/uploads\/2022\/07\/camiones-650x480.jpg 650w, https:\/\/www.eldigitaldeasturias.com\/noticias\/wp-content\/uploads\/2022\/07\/camiones-360x265.jpg 360w, https:\/\/www.eldigitaldeasturias.com\/noticias\/wp-content\/uploads\/2022\/07\/camiones-407x300.jpg 407w, https:\/\/www.eldigitaldeasturias.com\/noticias\/wp-content\/uploads\/2022\/07\/camiones-768x566.jpg 768w, https:\/\/www.eldigitaldeasturias.com\/noticias\/wp-content\/uploads\/2022\/07\/camiones-150x111.jpg 150w, https:\/\/www.eldigitaldeasturias.com\/noticias\/wp-content\/uploads\/2022\/07\/camiones-450x332.jpg 450w, https:\/\/www.eldigitaldeasturias.com\/noticias\/wp-content\/uploads\/2022\/07\/camiones.jpg 898w\" sizes=\"auto, (max-width: 650px) 100vw, 650px\" \/><figcaption id=\"caption-attachment-1113787\" class=\"wp-caption-text\">Foto: Boris Roessler\/dpa<\/figcaption><\/figure>\n<p>\u00abRecibimos comentarios de nuestros empresarios transportistas de que tienen que rechazar contratos, que ya no participan en licitaciones, que venden veh\u00edculos o los dejan estacionados porque no tienen personal que los conduzca\u00bb, dijo a dpa el portavoz de la Junta Directiva de Asociaci\u00f3n de Transporte por Carretera, Log\u00edstica y Eliminaci\u00f3n de Residuos (BGL), Dirk Engelhardt.<\/p>\n<p>Asimismo el vocero aclar\u00f3 que pr\u00e1cticamente no se registran problemas de personal debido a la guerra en Ucrania, ya que en Alemania -a diferencia por ejemplo de Polonia- pr\u00e1cticamente no se desempe\u00f1an conductores de camiones ucranianos.<\/p>\n<p>Pero, manifest\u00f3, la falta de camioneros se profundiza de manera permanente. \u00abPorque aproximadamente cada a\u00f1o se jubilan entre 30.000 y 35.000 conductores y en promedio se emiten solamente entre 15.000 y 20.000 nuevas licencias de conducir de camiones\u00bb, especific\u00f3 el portavoz.<\/p>\n<p>De acuerdo con datos proporcionados por la BGL, un tercio de los conductores de camiones en Alemania tiene 55 a\u00f1os o m\u00e1s. Seg\u00fan las estimaciones de Engelhardt, en caso que esta tendencia contin\u00fae, en diez a\u00f1os faltar\u00e1n m\u00e1s de 230.000 camioneros, por lo que urge actuar con rapidez.<\/p>\n<p>El portavoz explic\u00f3 que las razones para la falta de atractivo de este trabajo son el nivel salarial, la mala imagen y las condiciones laborales.<\/p>\n<p>A esto, a\u00f1adi\u00f3 Engelhardt, se suma que a los camioneros suele resultarles dif\u00edcil conciliar vida privada y trabajo. \u00abLo mismo que la dif\u00edcil planificaci\u00f3n de los itinerarios, los embotellamientos, las presiones de tiempo\u00bb.<\/p>\n<p>Esto, dijo, finalmente provoca que muchos choferes decidan no confrontar m\u00e1s con este estr\u00e9s.<\/p>\n<p>La BGL actualmente se muestra a favor de m\u00e1s migraci\u00f3n cualificada. Engelhardt abog\u00f3 por acuerdos bilaterales con pa\u00edses como Turqu\u00eda, con el fin de permitir all\u00ed la cualificaci\u00f3n necesaria y destinar a los conductores formados a Alemania. Evalu\u00f3 que el lanzamiento de un proyecto piloto de este tipo ofrecer\u00eda enormes oportunidades al rubro.<\/p>\n<p>\u00abCuando alguien obtenga el permiso de conducir para autom\u00f3viles, deber\u00eda estar autorizado a mover camiones de hasta 7,5 o incluso 10 o 12 toneladas, como ocurre con el antiguo permiso de conducir de clase 3\u00bb, propuso Engelhardt.<\/p>\n<p>Tambi\u00e9n ayudar\u00eda la simplificaci\u00f3n de la renovaci\u00f3n de los permisos de conducir para los camioneros mayores de 50 a\u00f1os y de los formatos en l\u00ednea para la capacitaci\u00f3n continua obligatoria de los conductores de camiones.<\/p>\n","protected":false},"excerpt":{"rendered":"<p>Fr\u00e1ncfort, 11 jul (dpa) &#8211; La falta de conductores de camiones en Alemania continuar\u00e1 empeorando, seg\u00fan estimaciones del sector, que evalu\u00f3 que actualmente ya se necesitan entre 80.000 y 100.000 camioneros. \u00abRecibimos comentarios de nuestros empresarios transportistas de que tienen que rechazar contratos, que ya no participan en licitaciones, que venden veh\u00edculos o los dejan [&hellip;]<\/p>\n","protected":false},"author":1,"featured_media":1113787,"comment_status":"closed","ping_status":"closed","sticky":false,"template":"","format":"standard","meta":{"footnotes":""},"categories":[187],"tags":[],"class_list":["post-1113786","post","type-post","status-publish","format-standard","has-post-thumbnail","hentry","category-economia"],"aioseo_notices":[],"aioseo_head":"\n\t\t<!-- All in One SEO Pro 4.9.6.2 - aioseo.com -->\n\t<meta name=\"description\" content=\"Fr\u00e1ncfort, 11 jul (dpa) - La falta de conductores de camiones en Alemania continuar\u00e1 empeorando, seg\u00fan estimaciones del sector, que evalu\u00f3 que actualmente\" \/>\n\t<meta name=\"robots\" content=\"max-image-preview:large\" \/>\n\t<meta name=\"author\" content=\"El Digital de Asturias\"\/>\n\t<meta name=\"google-site-verification\" content=\"UA-38556648-1\" \/>\n\t<meta name=\"msvalidate.01\" content=\"7dfe9f3f1b24437ab69f4f2559babe99\" \/>\n\t<meta name=\"keywords\" content=\"econom\u00eda\" \/>\n\t<link rel=\"canonical\" href=\"https:\/\/www.eldigitaldeasturias.com\/noticias\/alemania-busca-desesperadamente-conductores-de-camiones\/\" \/>\n\t<meta name=\"generator\" content=\"All in One SEO Pro (AIOSEO) 4.9.6.2\" \/>\n\t\t<meta property=\"og:locale\" content=\"es_ES\" \/>\n\t\t<meta property=\"og:site_name\" content=\"El Digital de Asturias\" \/>\n\t\t<meta property=\"og:type\" content=\"article\" \/>\n\t\t<meta property=\"og:title\" content=\"Alemania busca desesperadamente conductores de camiones - El Digital de Asturias\" \/>\n\t\t<meta property=\"og:description\" content=\"Fr\u00e1ncfort, 11 jul (dpa) - La falta de conductores de camiones en Alemania continuar\u00e1 empeorando, seg\u00fan estimaciones del sector, que evalu\u00f3 que actualmente\" \/>\n\t\t<meta property=\"og:url\" content=\"https:\/\/www.eldigitaldeasturias.com\/noticias\/alemania-busca-desesperadamente-conductores-de-camiones\/\" \/>\n\t\t<meta property=\"og:image\" content=\"https:\/\/www.eldigitaldeasturias.com\/noticias\/wp-content\/uploads\/2022\/07\/camiones.jpg\" \/>\n\t\t<meta property=\"og:image:secure_url\" content=\"https:\/\/www.eldigitaldeasturias.com\/noticias\/wp-content\/uploads\/2022\/07\/camiones.jpg\" \/>\n\t\t<meta property=\"og:image:width\" content=\"898\" \/>\n\t\t<meta property=\"og:image:height\" content=\"662\" \/>\n\t\t<meta property=\"article:tag\" content=\"econom\u00eda\" \/>\n\t\t<meta property=\"article:published_time\" content=\"2022-07-11T14:47:21+00:00\" \/>\n\t\t<meta property=\"article:modified_time\" content=\"2022-07-11T14:47:21+00:00\" \/>\n\t\t<meta property=\"article:publisher\" content=\"https:\/\/facebook.com\/eldigitaldeasturias\" \/>\n\t\t<meta name=\"twitter:card\" content=\"summary_large_image\" \/>\n\t\t<meta name=\"twitter:title\" content=\"Alemania busca desesperadamente conductores de camiones - El Digital de Asturias\" \/>\n\t\t<meta name=\"twitter:description\" content=\"Fr\u00e1ncfort, 11 jul (dpa) - La falta de conductores de camiones en Alemania continuar\u00e1 empeorando, seg\u00fan estimaciones del sector, que evalu\u00f3 que actualmente\" \/>\n\t\t<meta name=\"twitter:image\" content=\"https:\/\/www.eldigitaldeasturias.com\/noticias\/wp-content\/uploads\/2022\/07\/camiones.jpg\" \/>\n\t\t<meta name=\"twitter:label1\" content=\"Escrito por\" \/>\n\t\t<meta name=\"twitter:data1\" content=\"El Digital de Asturias\" \/>\n\t\t<meta name=\"twitter:label2\" content=\"Tiempo de lectura estimado\" \/>\n\t\t<meta name=\"twitter:data2\" content=\"2 minutos\" \/>\n\t\t<script type=\"application\/ld+json\" class=\"aioseo-schema\">\n\t\t\t{\"@context\":\"https:\\\/\\\/schema.org\",\"@graph\":[{\"@type\":\"BlogPosting\",\"@id\":\"https:\\\/\\\/www.eldigitaldeasturias.com\\\/noticias\\\/alemania-busca-desesperadamente-conductores-de-camiones\\\/#blogposting\",\"name\":\"Alemania busca desesperadamente conductores de camiones - El Digital de Asturias\",\"headline\":\"Alemania busca desesperadamente conductores de camiones\",\"author\":{\"@id\":\"https:\\\/\\\/www.eldigitaldeasturias.com\\\/noticias\\\/author\\\/admin\\\/#author\"},\"publisher\":{\"@id\":\"https:\\\/\\\/www.eldigitaldeasturias.com\\\/noticias\\\/#organization\"},\"image\":{\"@type\":\"ImageObject\",\"url\":\"https:\\\/\\\/www.eldigitaldeasturias.com\\\/noticias\\\/wp-content\\\/uploads\\\/2022\\\/07\\\/camiones.jpg\",\"width\":898,\"height\":662,\"caption\":\"Foto: Boris Roessler\\\/dpa\"},\"datePublished\":\"2022-07-11T16:47:21+02:00\",\"dateModified\":\"2022-07-11T16:47:21+02:00\",\"inLanguage\":\"es-ES\",\"mainEntityOfPage\":{\"@id\":\"https:\\\/\\\/www.eldigitaldeasturias.com\\\/noticias\\\/alemania-busca-desesperadamente-conductores-de-camiones\\\/#webpage\"},\"isPartOf\":{\"@id\":\"https:\\\/\\\/www.eldigitaldeasturias.com\\\/noticias\\\/alemania-busca-desesperadamente-conductores-de-camiones\\\/#webpage\"},\"articleSection\":\"Econom\\u00eda\"},{\"@type\":\"BreadcrumbList\",\"@id\":\"https:\\\/\\\/www.eldigitaldeasturias.com\\\/noticias\\\/alemania-busca-desesperadamente-conductores-de-camiones\\\/#breadcrumblist\",\"itemListElement\":[{\"@type\":\"ListItem\",\"@id\":\"https:\\\/\\\/www.eldigitaldeasturias.com\\\/noticias#listItem\",\"position\":1,\"name\":\"Home\",\"item\":\"https:\\\/\\\/www.eldigitaldeasturias.com\\\/noticias\",\"nextItem\":{\"@type\":\"ListItem\",\"@id\":\"https:\\\/\\\/www.eldigitaldeasturias.com\\\/noticias\\\/category\\\/economia\\\/#listItem\",\"name\":\"Econom\\u00eda\"}},{\"@type\":\"ListItem\",\"@id\":\"https:\\\/\\\/www.eldigitaldeasturias.com\\\/noticias\\\/category\\\/economia\\\/#listItem\",\"position\":2,\"name\":\"Econom\\u00eda\",\"item\":\"https:\\\/\\\/www.eldigitaldeasturias.com\\\/noticias\\\/category\\\/economia\\\/\",\"nextItem\":{\"@type\":\"ListItem\",\"@id\":\"https:\\\/\\\/www.eldigitaldeasturias.com\\\/noticias\\\/alemania-busca-desesperadamente-conductores-de-camiones\\\/#listItem\",\"name\":\"Alemania busca desesperadamente conductores de camiones\"},\"previousItem\":{\"@type\":\"ListItem\",\"@id\":\"https:\\\/\\\/www.eldigitaldeasturias.com\\\/noticias#listItem\",\"name\":\"Home\"}},{\"@type\":\"ListItem\",\"@id\":\"https:\\\/\\\/www.eldigitaldeasturias.com\\\/noticias\\\/alemania-busca-desesperadamente-conductores-de-camiones\\\/#listItem\",\"position\":3,\"name\":\"Alemania busca desesperadamente conductores de camiones\",\"previousItem\":{\"@type\":\"ListItem\",\"@id\":\"https:\\\/\\\/www.eldigitaldeasturias.com\\\/noticias\\\/category\\\/economia\\\/#listItem\",\"name\":\"Econom\\u00eda\"}}]},{\"@type\":\"Organization\",\"@id\":\"https:\\\/\\\/www.eldigitaldeasturias.com\\\/noticias\\\/#organization\",\"name\":\"El Digital de Asturias\",\"description\":\"Hemeroteca\",\"url\":\"https:\\\/\\\/www.eldigitaldeasturias.com\\\/noticias\\\/\",\"email\":\"info@eldigitaldeasturias.com\",\"telephone\":\"+34652131393\",\"logo\":{\"@type\":\"ImageObject\",\"url\":\"https:\\\/\\\/www.eldigitaldeasturias.com\\\/noticias\\\/wp-content\\\/uploads\\\/2020\\\/12\\\/EDA.jpg\",\"@id\":\"https:\\\/\\\/www.eldigitaldeasturias.com\\\/noticias\\\/alemania-busca-desesperadamente-conductores-de-camiones\\\/#organizationLogo\",\"width\":649,\"height\":297},\"image\":{\"@id\":\"https:\\\/\\\/www.eldigitaldeasturias.com\\\/noticias\\\/alemania-busca-desesperadamente-conductores-de-camiones\\\/#organizationLogo\"},\"sameAs\":[\"https:\\\/\\\/facebook.com\\\/eldigitaldeasturias\",\"https:\\\/\\\/www.youtube.com\\\/channel\\\/UCZP-2wLEB9Rv6erhFmqVnvg\"],\"address\":{\"@id\":\"https:\\\/\\\/www.eldigitaldeasturias.com\\\/noticias\\\/#postaladdress\",\"@type\":\"PostalAddress\",\"streetAddress\":\"san antonio 4,\",\"postalCode\":\"33430\",\"addressLocality\":\"Cand\\u00e1s\",\"addressRegion\":\"Asturias\",\"addressCountry\":\"ES\"}},{\"@type\":\"Person\",\"@id\":\"https:\\\/\\\/www.eldigitaldeasturias.com\\\/noticias\\\/author\\\/admin\\\/#author\",\"url\":\"https:\\\/\\\/www.eldigitaldeasturias.com\\\/noticias\\\/author\\\/admin\\\/\",\"name\":\"El Digital de Asturias\",\"image\":{\"@type\":\"ImageObject\",\"@id\":\"https:\\\/\\\/www.eldigitaldeasturias.com\\\/noticias\\\/alemania-busca-desesperadamente-conductores-de-camiones\\\/#authorImage\",\"url\":\"https:\\\/\\\/www.eldigitaldeasturias.com\\\/noticias\\\/wp-content\\\/litespeed\\\/avatar\\\/18677e78aa0546b92d9dbf31ec7d7668.jpg?ver=1777290358\",\"width\":96,\"height\":96,\"caption\":\"El Digital de Asturias\"}},{\"@type\":\"WebPage\",\"@id\":\"https:\\\/\\\/www.eldigitaldeasturias.com\\\/noticias\\\/alemania-busca-desesperadamente-conductores-de-camiones\\\/#webpage\",\"url\":\"https:\\\/\\\/www.eldigitaldeasturias.com\\\/noticias\\\/alemania-busca-desesperadamente-conductores-de-camiones\\\/\",\"name\":\"Alemania busca desesperadamente conductores de camiones - El Digital de Asturias\",\"description\":\"Fr\\u00e1ncfort, 11 jul (dpa) - La falta de conductores de camiones en Alemania continuar\\u00e1 empeorando, seg\\u00fan estimaciones del sector, que evalu\\u00f3 que actualmente\",\"inLanguage\":\"es-ES\",\"isPartOf\":{\"@id\":\"https:\\\/\\\/www.eldigitaldeasturias.com\\\/noticias\\\/#website\"},\"breadcrumb\":{\"@id\":\"https:\\\/\\\/www.eldigitaldeasturias.com\\\/noticias\\\/alemania-busca-desesperadamente-conductores-de-camiones\\\/#breadcrumblist\"},\"author\":{\"@id\":\"https:\\\/\\\/www.eldigitaldeasturias.com\\\/noticias\\\/author\\\/admin\\\/#author\"},\"creator\":{\"@id\":\"https:\\\/\\\/www.eldigitaldeasturias.com\\\/noticias\\\/author\\\/admin\\\/#author\"},\"image\":{\"@type\":\"ImageObject\",\"url\":\"https:\\\/\\\/www.eldigitaldeasturias.com\\\/noticias\\\/wp-content\\\/uploads\\\/2022\\\/07\\\/camiones.jpg\",\"@id\":\"https:\\\/\\\/www.eldigitaldeasturias.com\\\/noticias\\\/alemania-busca-desesperadamente-conductores-de-camiones\\\/#mainImage\",\"width\":898,\"height\":662,\"caption\":\"Foto: Boris Roessler\\\/dpa\"},\"primaryImageOfPage\":{\"@id\":\"https:\\\/\\\/www.eldigitaldeasturias.com\\\/noticias\\\/alemania-busca-desesperadamente-conductores-de-camiones\\\/#mainImage\"},\"datePublished\":\"2022-07-11T16:47:21+02:00\",\"dateModified\":\"2022-07-11T16:47:21+02:00\"},{\"@type\":\"WebSite\",\"@id\":\"https:\\\/\\\/www.eldigitaldeasturias.com\\\/noticias\\\/#website\",\"url\":\"https:\\\/\\\/www.eldigitaldeasturias.com\\\/noticias\\\/\",\"name\":\"El Digital de Asturias - Diario de actualidad y noticias\",\"alternateName\":\"El Digital de Asturias - Diario de actualidad y noticias\",\"description\":\"Hemeroteca\",\"inLanguage\":\"es-ES\",\"publisher\":{\"@id\":\"https:\\\/\\\/www.eldigitaldeasturias.com\\\/noticias\\\/#organization\"}}]}\n\t\t<\/script>\n\t\t<!-- All in One SEO Pro -->\r\n\t\t<title>Alemania busca desesperadamente conductores de camiones - El Digital de Asturias<\/title>\n\n","aioseo_head_json":{"title":"Alemania busca desesperadamente conductores de camiones - El Digital de Asturias","description":"Fr\u00e1ncfort, 11 jul (dpa) - La falta de conductores de camiones en Alemania continuar\u00e1 empeorando, seg\u00fan estimaciones del sector, que evalu\u00f3 que actualmente","canonical_url":"https:\/\/www.eldigitaldeasturias.com\/noticias\/alemania-busca-desesperadamente-conductores-de-camiones\/","robots":"max-image-preview:large","keywords":"econom\u00eda","webmasterTools":{"google-site-verification":"UA-38556648-1","msvalidate.01":"7dfe9f3f1b24437ab69f4f2559babe99","miscellaneous":""},"schema":{"@context":"https:\/\/schema.org","@graph":[{"@type":"BlogPosting","@id":"https:\/\/www.eldigitaldeasturias.com\/noticias\/alemania-busca-desesperadamente-conductores-de-camiones\/#blogposting","name":"Alemania busca desesperadamente conductores de camiones - El Digital de Asturias","headline":"Alemania busca desesperadamente conductores de camiones","author":{"@id":"https:\/\/www.eldigitaldeasturias.com\/noticias\/author\/admin\/#author"},"publisher":{"@id":"https:\/\/www.eldigitaldeasturias.com\/noticias\/#organization"},"image":{"@type":"ImageObject","url":"https:\/\/www.eldigitaldeasturias.com\/noticias\/wp-content\/uploads\/2022\/07\/camiones.jpg","width":898,"height":662,"caption":"Foto: Boris Roessler\/dpa"},"datePublished":"2022-07-11T16:47:21+02:00","dateModified":"2022-07-11T16:47:21+02:00","inLanguage":"es-ES","mainEntityOfPage":{"@id":"https:\/\/www.eldigitaldeasturias.com\/noticias\/alemania-busca-desesperadamente-conductores-de-camiones\/#webpage"},"isPartOf":{"@id":"https:\/\/www.eldigitaldeasturias.com\/noticias\/alemania-busca-desesperadamente-conductores-de-camiones\/#webpage"},"articleSection":"Econom\u00eda"},{"@type":"BreadcrumbList","@id":"https:\/\/www.eldigitaldeasturias.com\/noticias\/alemania-busca-desesperadamente-conductores-de-camiones\/#breadcrumblist","itemListElement":[{"@type":"ListItem","@id":"https:\/\/www.eldigitaldeasturias.com\/noticias#listItem","position":1,"name":"Home","item":"https:\/\/www.eldigitaldeasturias.com\/noticias","nextItem":{"@type":"ListItem","@id":"https:\/\/www.eldigitaldeasturias.com\/noticias\/category\/economia\/#listItem","name":"Econom\u00eda"}},{"@type":"ListItem","@id":"https:\/\/www.eldigitaldeasturias.com\/noticias\/category\/economia\/#listItem","position":2,"name":"Econom\u00eda","item":"https:\/\/www.eldigitaldeasturias.com\/noticias\/category\/economia\/","nextItem":{"@type":"ListItem","@id":"https:\/\/www.eldigitaldeasturias.com\/noticias\/alemania-busca-desesperadamente-conductores-de-camiones\/#listItem","name":"Alemania busca desesperadamente conductores de camiones"},"previousItem":{"@type":"ListItem","@id":"https:\/\/www.eldigitaldeasturias.com\/noticias#listItem","name":"Home"}},{"@type":"ListItem","@id":"https:\/\/www.eldigitaldeasturias.com\/noticias\/alemania-busca-desesperadamente-conductores-de-camiones\/#listItem","position":3,"name":"Alemania busca desesperadamente conductores de camiones","previousItem":{"@type":"ListItem","@id":"https:\/\/www.eldigitaldeasturias.com\/noticias\/category\/economia\/#listItem","name":"Econom\u00eda"}}]},{"@type":"Organization","@id":"https:\/\/www.eldigitaldeasturias.com\/noticias\/#organization","name":"El Digital de Asturias","description":"Hemeroteca","url":"https:\/\/www.eldigitaldeasturias.com\/noticias\/","email":"info@eldigitaldeasturias.com","telephone":"+34652131393","logo":{"@type":"ImageObject","url":"https:\/\/www.eldigitaldeasturias.com\/noticias\/wp-content\/uploads\/2020\/12\/EDA.jpg","@id":"https:\/\/www.eldigitaldeasturias.com\/noticias\/alemania-busca-desesperadamente-conductores-de-camiones\/#organizationLogo","width":649,"height":297},"image":{"@id":"https:\/\/www.eldigitaldeasturias.com\/noticias\/alemania-busca-desesperadamente-conductores-de-camiones\/#organizationLogo"},"sameAs":["https:\/\/facebook.com\/eldigitaldeasturias","https:\/\/www.youtube.com\/channel\/UCZP-2wLEB9Rv6erhFmqVnvg"],"address":{"@id":"https:\/\/www.eldigitaldeasturias.com\/noticias\/#postaladdress","@type":"PostalAddress","streetAddress":"san antonio 4,","postalCode":"33430","addressLocality":"Cand\u00e1s","addressRegion":"Asturias","addressCountry":"ES"}},{"@type":"Person","@id":"https:\/\/www.eldigitaldeasturias.com\/noticias\/author\/admin\/#author","url":"https:\/\/www.eldigitaldeasturias.com\/noticias\/author\/admin\/","name":"El Digital de Asturias","image":{"@type":"ImageObject","@id":"https:\/\/www.eldigitaldeasturias.com\/noticias\/alemania-busca-desesperadamente-conductores-de-camiones\/#authorImage","url":"https:\/\/www.eldigitaldeasturias.com\/noticias\/wp-content\/litespeed\/avatar\/18677e78aa0546b92d9dbf31ec7d7668.jpg?ver=1777290358","width":96,"height":96,"caption":"El Digital de Asturias"}},{"@type":"WebPage","@id":"https:\/\/www.eldigitaldeasturias.com\/noticias\/alemania-busca-desesperadamente-conductores-de-camiones\/#webpage","url":"https:\/\/www.eldigitaldeasturias.com\/noticias\/alemania-busca-desesperadamente-conductores-de-camiones\/","name":"Alemania busca desesperadamente conductores de camiones - El Digital de Asturias","description":"Fr\u00e1ncfort, 11 jul (dpa) - La falta de conductores de camiones en Alemania continuar\u00e1 empeorando, seg\u00fan estimaciones del sector, que evalu\u00f3 que actualmente","inLanguage":"es-ES","isPartOf":{"@id":"https:\/\/www.eldigitaldeasturias.com\/noticias\/#website"},"breadcrumb":{"@id":"https:\/\/www.eldigitaldeasturias.com\/noticias\/alemania-busca-desesperadamente-conductores-de-camiones\/#breadcrumblist"},"author":{"@id":"https:\/\/www.eldigitaldeasturias.com\/noticias\/author\/admin\/#author"},"creator":{"@id":"https:\/\/www.eldigitaldeasturias.com\/noticias\/author\/admin\/#author"},"image":{"@type":"ImageObject","url":"https:\/\/www.eldigitaldeasturias.com\/noticias\/wp-content\/uploads\/2022\/07\/camiones.jpg","@id":"https:\/\/www.eldigitaldeasturias.com\/noticias\/alemania-busca-desesperadamente-conductores-de-camiones\/#mainImage","width":898,"height":662,"caption":"Foto: Boris Roessler\/dpa"},"primaryImageOfPage":{"@id":"https:\/\/www.eldigitaldeasturias.com\/noticias\/alemania-busca-desesperadamente-conductores-de-camiones\/#mainImage"},"datePublished":"2022-07-11T16:47:21+02:00","dateModified":"2022-07-11T16:47:21+02:00"},{"@type":"WebSite","@id":"https:\/\/www.eldigitaldeasturias.com\/noticias\/#website","url":"https:\/\/www.eldigitaldeasturias.com\/noticias\/","name":"El Digital de Asturias - Diario de actualidad y noticias","alternateName":"El Digital de Asturias - Diario de actualidad y noticias","description":"Hemeroteca","inLanguage":"es-ES","publisher":{"@id":"https:\/\/www.eldigitaldeasturias.com\/noticias\/#organization"}}]},"og:locale":"es_ES","og:site_name":"El Digital de Asturias","og:type":"article","og:title":"Alemania busca desesperadamente conductores de camiones - El Digital de Asturias","og:description":"Fr\u00e1ncfort, 11 jul (dpa) - La falta de conductores de camiones en Alemania continuar\u00e1 empeorando, seg\u00fan estimaciones del sector, que evalu\u00f3 que actualmente","og:url":"https:\/\/www.eldigitaldeasturias.com\/noticias\/alemania-busca-desesperadamente-conductores-de-camiones\/","og:image":"https:\/\/www.eldigitaldeasturias.com\/noticias\/wp-content\/uploads\/2022\/07\/camiones.jpg","og:image:secure_url":"https:\/\/www.eldigitaldeasturias.com\/noticias\/wp-content\/uploads\/2022\/07\/camiones.jpg","og:image:width":898,"og:image:height":662,"article:tag":["econom\u00eda"],"article:published_time":"2022-07-11T14:47:21+00:00","article:modified_time":"2022-07-11T14:47:21+00:00","article:publisher":"https:\/\/facebook.com\/eldigitaldeasturias","twitter:card":"summary_large_image","twitter:title":"Alemania busca desesperadamente conductores de camiones - El Digital de Asturias","twitter:description":"Fr\u00e1ncfort, 11 jul (dpa) - La falta de conductores de camiones en Alemania continuar\u00e1 empeorando, seg\u00fan estimaciones del sector, que evalu\u00f3 que actualmente","twitter:image":"https:\/\/www.eldigitaldeasturias.com\/noticias\/wp-content\/uploads\/2022\/07\/camiones.jpg","twitter:label1":"Escrito por","twitter:data1":"El Digital de Asturias","twitter:label2":"Tiempo de lectura estimado","twitter:data2":"2 minutos"},"aioseo_meta_data":{"post_id":"1113786","title":null,"description":"Fr\u00e1ncfort, 11 jul (dpa) - La falta de conductores de camiones en Alemania continuar\u00e1 empeorando, seg\u00fan estimaciones del sector, que evalu\u00f3 que actualmente","keywords":[],"keyphrases":{"focus":{"keyphrase":"camiones","score":92,"analysis":{"keyphraseInTitle":{"title":"Focus keyphrase in SEO title","description":"Focus keyphrase found in SEO title.","score":9,"maxScore":9,"error":0},"keyphraseInDescription":{"title":"Focus keyphrase in meta description","description":"Focus keyphrase found in meta description.","score":9,"maxScore":9,"error":0},"keyphraseLength":{"title":"Focus keyphrase length","description":"Good job!","score":9,"maxScore":9,"error":0,"length":1},"keyphraseInURL":{"title":"Focus keyphrase in URL","description":"Focus keyphrase not found in the URL.","score":1,"maxScore":5,"error":1},"keyphraseInIntroduction":{"title":"Focus keyphrase in introduction","description":"Your Focus keyphrase appears in the first paragraph. Well done!","score":9,"maxScore":9,"error":0},"keyphraseInSubHeadings":[],"keyphraseInImageAlt":{"title":"Focus keyphrase in image alt attributes","description":"Focus keyphrase found in image alt attribute(s).","score":9,"maxScore":9,"error":0}}},"additional":[{"keyphrase":"camiones en Alemania","score":100,"analysis":{"keyphraseInDescription":{"title":"Keyphrase in meta description","description":"Keyphrase found in meta description.","score":9,"maxScore":9,"error":0},"keyphraseLength":{"title":"Keyphrase length","description":"Good job!","score":9,"maxScore":9,"error":0,"length":3},"keyphraseInIntroduction":{"title":"Keyphrase in introduction","description":"Your Keyphrase appears in the first paragraph. Well done!","score":9,"maxScore":9,"error":0},"keyphraseInImageAlt":{"title":"Keyphrase in image alt attributes","description":"Keyphrase found in image alt attribute(s).","score":9,"maxScore":9,"error":0}}},{"keyphrase":"conductores","score":83,"analysis":{"keyphraseInDescription":{"title":"Keyphrase in meta description","description":"Keyphrase found in meta description.","score":9,"maxScore":9,"error":0},"keyphraseLength":{"title":"Keyphrase length","description":"Good job!","score":9,"maxScore":9,"error":0,"length":1},"keyphraseInIntroduction":{"title":"Keyphrase in introduction","description":"Your Keyphrase appears in the first paragraph. Well done!","score":9,"maxScore":9,"error":0},"keyphraseInImageAlt":{"title":"Keyphrase in image alt attributes","description":"Keyphrase not found in image alt attribute(s). Add an image with your Keyphrase as alt text.","score":3,"maxScore":9,"error":1}}}]},"primary_term":null,"canonical_url":null,"og_title":null,"og_description":null,"og_object_type":"default","og_image_type":"default","og_image_url":null,"og_image_width":null,"og_image_height":null,"og_image_custom_url":null,"og_image_custom_fields":null,"og_video":"","og_custom_url":null,"og_article_section":null,"og_article_tags":[],"twitter_use_og":false,"twitter_card":"default","twitter_image_type":"default","twitter_image_url":null,"twitter_image_custom_url":null,"twitter_image_custom_fields":null,"twitter_title":null,"twitter_description":null,"schema":{"blockGraphs":[],"customGraphs":[],"default":{"data":{"Article":[],"Course":[],"Dataset":[],"FAQPage":[],"Movie":[],"Person":[],"Product":[],"ProductReview":[],"Car":[],"Recipe":[],"Service":[],"SoftwareApplication":[],"WebPage":[]},"graphName":"","isEnabled":true},"graphs":[],"defaultGraph":"Article","defaultPostTypeGraph":""},"schema_type":"default","schema_type_options":"{\"article\":{\"articleType\":\"BlogPosting\"},\"course\":{\"name\":\"\",\"description\":\"\",\"provider\":\"\"},\"faq\":{\"pages\":[]},\"product\":{\"reviews\":[]},\"recipe\":{\"ingredients\":[],\"instructions\":[],\"keywords\":[]},\"software\":{\"reviews\":[],\"operatingSystems\":[]},\"webPage\":{\"webPageType\":\"WebPage\"}}","pillar_content":false,"robots_default":true,"robots_noindex":false,"robots_noarchive":false,"robots_nosnippet":false,"robots_nofollow":false,"robots_noimageindex":false,"robots_noodp":false,"robots_notranslate":false,"robots_max_snippet":"-1","robots_max_videopreview":"-1","robots_max_imagepreview":"large","priority":null,"frequency":"default","local_seo":null,"seo_analyzer_scan_date":"2025-10-03 03:57:56","breadcrumb_settings":null,"limit_modified_date":false,"open_ai":null,"ai":null,"created":"2022-07-11 14:41:48","updated":"2025-10-03 03:57:56"},"aioseo_breadcrumb":"<div class=\"aioseo-breadcrumbs\"><span class=\"aioseo-breadcrumb\">\n\t<a href=\"https:\/\/www.eldigitaldeasturias.com\/noticias\" title=\"Home\">Home<\/a>\n<\/span><span class=\"aioseo-breadcrumb-separator\">\u2013<\/span><span class=\"aioseo-breadcrumb\">\n\t<a href=\"https:\/\/www.eldigitaldeasturias.com\/noticias\/category\/economia\/\" title=\"Econom\u00eda\">Econom\u00eda<\/a>\n<\/span><span class=\"aioseo-breadcrumb-separator\">\u2013<\/span><span class=\"aioseo-breadcrumb\">\n\t<a href=\"https:\/\/www.eldigitaldeasturias.com\/noticias\/alemania-busca-desesperadamente-conductores-de-camiones\/\" title=\"Alemania busca desesperadamente conductores de camiones\">Alemania busca desesperadamente conductores de camiones<\/a>\n<\/span><\/div>","aioseo_breadcrumb_json":[{"label":"Home","link":"https:\/\/www.eldigitaldeasturias.com\/noticias"},{"label":"Econom\u00eda","link":"https:\/\/www.eldigitaldeasturias.com\/noticias\/category\/economia\/"},{"label":"Alemania busca desesperadamente conductores de camiones","link":"https:\/\/www.eldigitaldeasturias.com\/noticias\/alemania-busca-desesperadamente-conductores-de-camiones\/"}],"_links":{"self":[{"href":"https:\/\/www.eldigitaldeasturias.com\/noticias\/wp-json\/wp\/v2\/posts\/1113786","targetHints":{"allow":["GET"]}}],"collection":[{"href":"https:\/\/www.eldigitaldeasturias.com\/noticias\/wp-json\/wp\/v2\/posts"}],"about":[{"href":"https:\/\/www.eldigitaldeasturias.com\/noticias\/wp-json\/wp\/v2\/types\/post"}],"author":[{"embeddable":true,"href":"https:\/\/www.eldigitaldeasturias.com\/noticias\/wp-json\/wp\/v2\/users\/1"}],"replies":[{"embeddable":true,"href":"https:\/\/www.eldigitaldeasturias.com\/noticias\/wp-json\/wp\/v2\/comments?post=1113786"}],"version-history":[{"count":0,"href":"https:\/\/www.eldigitaldeasturias.com\/noticias\/wp-json\/wp\/v2\/posts\/1113786\/revisions"}],"wp:featuredmedia":[{"embeddable":true,"href":"https:\/\/www.eldigitaldeasturias.com\/noticias\/wp-json\/wp\/v2\/media\/1113787"}],"wp:attachment":[{"href":"https:\/\/www.eldigitaldeasturias.com\/noticias\/wp-json\/wp\/v2\/media?parent=1113786"}],"wp:term":[{"taxonomy":"category","embeddable":true,"href":"https:\/\/www.eldigitaldeasturias.com\/noticias\/wp-json\/wp\/v2\/categories?post=1113786"},{"taxonomy":"post_tag","embeddable":true,"href":"https:\/\/www.eldigitaldeasturias.com\/noticias\/wp-json\/wp\/v2\/tags?post=1113786"}],"curies":[{"name":"wp","href":"https:\/\/api.w.org\/{rel}","templated":true}]}}