{"id":1113067,"date":"2022-06-29T10:21:01","date_gmt":"2022-06-29T08:21:01","guid":{"rendered":"https:\/\/www.eldigitaldeasturias.com\/noticias\/?p=1113067"},"modified":"2022-06-29T10:21:01","modified_gmt":"2022-06-29T08:21:01","slug":"el-gobierno-de-georgia-prohibe-la-exportacion-de-trigo-y-cebada","status":"publish","type":"post","link":"https:\/\/www.eldigitaldeasturias.com\/noticias\/el-gobierno-de-georgia-prohibe-la-exportacion-de-trigo-y-cebada\/","title":{"rendered":"El Gobierno de Georgia proh\u00edbe la exportaci\u00f3n de trigo y cebada"},"content":{"rendered":"<p>(EP) &#8211; El Gobierno de Georgia ha anunciado la <strong>prohibici\u00f3n de la exportaci\u00f3n de trigo y cebada a partir del 4 de julio y durante un plazo de un a\u00f1o.<\/strong><\/p>\n<figure id=\"attachment_1113068\" aria-describedby=\"caption-attachment-1113068\" style=\"width: 650px\" class=\"wp-caption aligncenter\"><img loading=\"lazy\" decoding=\"async\" class=\"wp-image-1113068 size-large\" src=\"https:\/\/www.eldigitaldeasturias.com\/noticias\/wp-content\/uploads\/2022\/06\/Cebada-650x461.jpg\" alt=\"Cebada\" width=\"650\" height=\"461\" srcset=\"https:\/\/www.eldigitaldeasturias.com\/noticias\/wp-content\/uploads\/2022\/06\/Cebada-650x461.jpg 650w, https:\/\/www.eldigitaldeasturias.com\/noticias\/wp-content\/uploads\/2022\/06\/Cebada-360x256.jpg 360w, https:\/\/www.eldigitaldeasturias.com\/noticias\/wp-content\/uploads\/2022\/06\/Cebada-423x300.jpg 423w, https:\/\/www.eldigitaldeasturias.com\/noticias\/wp-content\/uploads\/2022\/06\/Cebada-768x545.jpg 768w, https:\/\/www.eldigitaldeasturias.com\/noticias\/wp-content\/uploads\/2022\/06\/Cebada-150x106.jpg 150w, https:\/\/www.eldigitaldeasturias.com\/noticias\/wp-content\/uploads\/2022\/06\/Cebada-450x319.jpg 450w, https:\/\/www.eldigitaldeasturias.com\/noticias\/wp-content\/uploads\/2022\/06\/Cebada.jpg 893w\" sizes=\"auto, (max-width: 650px) 100vw, 650px\" \/><figcaption id=\"caption-attachment-1113068\" class=\"wp-caption-text\">FOTO: PXHERE \/ Europa Press<\/figcaption><\/figure>\n<p>El ministro de Protecci\u00f3n Ambiental y Agricultura georgiano, Otar Shamugia, ha explicado que ante la situaci\u00f3n por la guerra entre Rusia y Ucrania y la crisis alimentaria asociada,<strong> \u00abes importante vender trigo y cebada solo en los mercados dom\u00e9sticos para garantizar la seguridad alimentaria del pa\u00eds\u00bb, ha apuntado<\/strong>, seg\u00fan recoge el portal de noticias georgiano civil.ge.<\/p>\n<p>Shamugia ha argumentado que Georgia no produce suficiente trigo para la exportaci\u00f3n y que se importan unas 500 toneladas anuales de grano, pero la situaci\u00f3n actual \u00abgenera un riesgo de que se exporte una cierta parte del trigo\u00bb.<strong> \u00abAnte la demanda existente, el mercado georgiano absorver\u00e1 la cosecha del pa\u00eds\u00bb, ha aseverado.<\/strong><\/p>\n<p>El ministro ha indicado que se han mantenido reuniones con productores de trigo y cebada para escuchar sus propuestas ante la prohibici\u00f3n de la exortaci\u00f3n.<\/p>\n<p>Georgia exporta actualmente cebada a Ir\u00e1n e Irak y en lo que va de a\u00f1o se han exportado unas 2.500 toneladas. La producci\u00f3n total anual prevista es de 60.000 toneladas.<\/p>\n","protected":false},"excerpt":{"rendered":"<p>(EP) &#8211; El Gobierno de Georgia ha anunciado la prohibici\u00f3n de la exportaci\u00f3n de trigo y cebada a partir del 4 de julio y durante un plazo de un a\u00f1o. El ministro de Protecci\u00f3n Ambiental y Agricultura georgiano, Otar Shamugia, ha explicado que ante la situaci\u00f3n por la guerra entre Rusia y Ucrania y la [&hellip;]<\/p>\n","protected":false},"author":1,"featured_media":1113068,"comment_status":"closed","ping_status":"closed","sticky":false,"template":"","format":"standard","meta":{"footnotes":""},"categories":[187],"tags":[],"class_list":["post-1113067","post","type-post","status-publish","format-standard","has-post-thumbnail","hentry","category-economia"],"aioseo_notices":[],"aioseo_head":"\n\t\t<!-- All in One SEO Pro 4.9.6.2 - aioseo.com -->\n\t<meta name=\"description\" content=\"(EP) - El Gobierno de Georgia ha anunciado la prohibici\u00f3n de la exportaci\u00f3n de trigo y cebada a partir del 4 de julio y durante un plazo de un a\u00f1o.\" \/>\n\t<meta name=\"robots\" content=\"max-image-preview:large\" \/>\n\t<meta name=\"author\" content=\"El Digital de Asturias\"\/>\n\t<meta name=\"google-site-verification\" content=\"UA-38556648-1\" \/>\n\t<meta name=\"msvalidate.01\" content=\"7dfe9f3f1b24437ab69f4f2559babe99\" \/>\n\t<meta name=\"keywords\" content=\"econom\u00eda\" \/>\n\t<link rel=\"canonical\" href=\"https:\/\/www.eldigitaldeasturias.com\/noticias\/el-gobierno-de-georgia-prohibe-la-exportacion-de-trigo-y-cebada\/\" \/>\n\t<meta name=\"generator\" content=\"All in One SEO Pro (AIOSEO) 4.9.6.2\" \/>\n\t\t<meta property=\"og:locale\" content=\"es_ES\" \/>\n\t\t<meta property=\"og:site_name\" content=\"El Digital de Asturias\" \/>\n\t\t<meta property=\"og:type\" content=\"article\" \/>\n\t\t<meta property=\"og:title\" content=\"El Gobierno de Georgia proh\u00edbe la exportaci\u00f3n de trigo y cebada - El Digital de Asturias\" \/>\n\t\t<meta property=\"og:description\" content=\"(EP) - El Gobierno de Georgia ha anunciado la prohibici\u00f3n de la exportaci\u00f3n de trigo y cebada a partir del 4 de julio y durante un plazo de un a\u00f1o.\" \/>\n\t\t<meta property=\"og:url\" content=\"https:\/\/www.eldigitaldeasturias.com\/noticias\/el-gobierno-de-georgia-prohibe-la-exportacion-de-trigo-y-cebada\/\" \/>\n\t\t<meta property=\"og:image\" content=\"https:\/\/www.eldigitaldeasturias.com\/noticias\/wp-content\/uploads\/2022\/06\/Cebada.jpg\" \/>\n\t\t<meta property=\"og:image:secure_url\" content=\"https:\/\/www.eldigitaldeasturias.com\/noticias\/wp-content\/uploads\/2022\/06\/Cebada.jpg\" \/>\n\t\t<meta property=\"og:image:width\" content=\"893\" \/>\n\t\t<meta property=\"og:image:height\" content=\"634\" \/>\n\t\t<meta property=\"article:tag\" content=\"econom\u00eda\" \/>\n\t\t<meta property=\"article:published_time\" content=\"2022-06-29T08:21:01+00:00\" \/>\n\t\t<meta property=\"article:modified_time\" content=\"2022-06-29T08:21:01+00:00\" \/>\n\t\t<meta property=\"article:publisher\" content=\"https:\/\/facebook.com\/eldigitaldeasturias\" \/>\n\t\t<meta name=\"twitter:card\" content=\"summary_large_image\" \/>\n\t\t<meta name=\"twitter:title\" content=\"El Gobierno de Georgia proh\u00edbe la exportaci\u00f3n de trigo y cebada - El Digital de Asturias\" \/>\n\t\t<meta name=\"twitter:description\" content=\"(EP) - El Gobierno de Georgia ha anunciado la prohibici\u00f3n de la exportaci\u00f3n de trigo y cebada a partir del 4 de julio y durante un plazo de un a\u00f1o.\" \/>\n\t\t<meta name=\"twitter:image\" content=\"https:\/\/www.eldigitaldeasturias.com\/noticias\/wp-content\/uploads\/2022\/06\/Cebada.jpg\" \/>\n\t\t<meta name=\"twitter:label1\" content=\"Escrito por\" \/>\n\t\t<meta name=\"twitter:data1\" content=\"El Digital de Asturias\" \/>\n\t\t<meta name=\"twitter:label2\" content=\"Tiempo de lectura estimado\" \/>\n\t\t<meta name=\"twitter:data2\" content=\"1 minuto\" \/>\n\t\t<script type=\"application\/ld+json\" class=\"aioseo-schema\">\n\t\t\t{\"@context\":\"https:\\\/\\\/schema.org\",\"@graph\":[{\"@type\":\"BlogPosting\",\"@id\":\"https:\\\/\\\/www.eldigitaldeasturias.com\\\/noticias\\\/el-gobierno-de-georgia-prohibe-la-exportacion-de-trigo-y-cebada\\\/#blogposting\",\"name\":\"El Gobierno de Georgia proh\\u00edbe la exportaci\\u00f3n de trigo y cebada - El Digital de Asturias\",\"headline\":\"El Gobierno de Georgia proh\\u00edbe la exportaci\\u00f3n de trigo y cebada\",\"author\":{\"@id\":\"https:\\\/\\\/www.eldigitaldeasturias.com\\\/noticias\\\/author\\\/admin\\\/#author\"},\"publisher\":{\"@id\":\"https:\\\/\\\/www.eldigitaldeasturias.com\\\/noticias\\\/#organization\"},\"image\":{\"@type\":\"ImageObject\",\"url\":\"https:\\\/\\\/www.eldigitaldeasturias.com\\\/noticias\\\/wp-content\\\/uploads\\\/2022\\\/06\\\/Cebada.jpg\",\"width\":893,\"height\":634,\"caption\":\"FOTO: PXHERE \\\/ Europa Press\"},\"datePublished\":\"2022-06-29T10:21:01+02:00\",\"dateModified\":\"2022-06-29T10:21:01+02:00\",\"inLanguage\":\"es-ES\",\"mainEntityOfPage\":{\"@id\":\"https:\\\/\\\/www.eldigitaldeasturias.com\\\/noticias\\\/el-gobierno-de-georgia-prohibe-la-exportacion-de-trigo-y-cebada\\\/#webpage\"},\"isPartOf\":{\"@id\":\"https:\\\/\\\/www.eldigitaldeasturias.com\\\/noticias\\\/el-gobierno-de-georgia-prohibe-la-exportacion-de-trigo-y-cebada\\\/#webpage\"},\"articleSection\":\"Econom\\u00eda\"},{\"@type\":\"BreadcrumbList\",\"@id\":\"https:\\\/\\\/www.eldigitaldeasturias.com\\\/noticias\\\/el-gobierno-de-georgia-prohibe-la-exportacion-de-trigo-y-cebada\\\/#breadcrumblist\",\"itemListElement\":[{\"@type\":\"ListItem\",\"@id\":\"https:\\\/\\\/www.eldigitaldeasturias.com\\\/noticias#listItem\",\"position\":1,\"name\":\"Home\",\"item\":\"https:\\\/\\\/www.eldigitaldeasturias.com\\\/noticias\",\"nextItem\":{\"@type\":\"ListItem\",\"@id\":\"https:\\\/\\\/www.eldigitaldeasturias.com\\\/noticias\\\/category\\\/economia\\\/#listItem\",\"name\":\"Econom\\u00eda\"}},{\"@type\":\"ListItem\",\"@id\":\"https:\\\/\\\/www.eldigitaldeasturias.com\\\/noticias\\\/category\\\/economia\\\/#listItem\",\"position\":2,\"name\":\"Econom\\u00eda\",\"item\":\"https:\\\/\\\/www.eldigitaldeasturias.com\\\/noticias\\\/category\\\/economia\\\/\",\"nextItem\":{\"@type\":\"ListItem\",\"@id\":\"https:\\\/\\\/www.eldigitaldeasturias.com\\\/noticias\\\/el-gobierno-de-georgia-prohibe-la-exportacion-de-trigo-y-cebada\\\/#listItem\",\"name\":\"El Gobierno de Georgia proh\\u00edbe la exportaci\\u00f3n de trigo y cebada\"},\"previousItem\":{\"@type\":\"ListItem\",\"@id\":\"https:\\\/\\\/www.eldigitaldeasturias.com\\\/noticias#listItem\",\"name\":\"Home\"}},{\"@type\":\"ListItem\",\"@id\":\"https:\\\/\\\/www.eldigitaldeasturias.com\\\/noticias\\\/el-gobierno-de-georgia-prohibe-la-exportacion-de-trigo-y-cebada\\\/#listItem\",\"position\":3,\"name\":\"El Gobierno de Georgia proh\\u00edbe la exportaci\\u00f3n de trigo y cebada\",\"previousItem\":{\"@type\":\"ListItem\",\"@id\":\"https:\\\/\\\/www.eldigitaldeasturias.com\\\/noticias\\\/category\\\/economia\\\/#listItem\",\"name\":\"Econom\\u00eda\"}}]},{\"@type\":\"Organization\",\"@id\":\"https:\\\/\\\/www.eldigitaldeasturias.com\\\/noticias\\\/#organization\",\"name\":\"El Digital de Asturias\",\"description\":\"Hemeroteca\",\"url\":\"https:\\\/\\\/www.eldigitaldeasturias.com\\\/noticias\\\/\",\"email\":\"info@eldigitaldeasturias.com\",\"telephone\":\"+34652131393\",\"logo\":{\"@type\":\"ImageObject\",\"url\":\"https:\\\/\\\/www.eldigitaldeasturias.com\\\/noticias\\\/wp-content\\\/uploads\\\/2020\\\/12\\\/EDA.jpg\",\"@id\":\"https:\\\/\\\/www.eldigitaldeasturias.com\\\/noticias\\\/el-gobierno-de-georgia-prohibe-la-exportacion-de-trigo-y-cebada\\\/#organizationLogo\",\"width\":649,\"height\":297},\"image\":{\"@id\":\"https:\\\/\\\/www.eldigitaldeasturias.com\\\/noticias\\\/el-gobierno-de-georgia-prohibe-la-exportacion-de-trigo-y-cebada\\\/#organizationLogo\"},\"sameAs\":[\"https:\\\/\\\/facebook.com\\\/eldigitaldeasturias\",\"https:\\\/\\\/www.youtube.com\\\/channel\\\/UCZP-2wLEB9Rv6erhFmqVnvg\"],\"address\":{\"@id\":\"https:\\\/\\\/www.eldigitaldeasturias.com\\\/noticias\\\/#postaladdress\",\"@type\":\"PostalAddress\",\"streetAddress\":\"san antonio 4,\",\"postalCode\":\"33430\",\"addressLocality\":\"Cand\\u00e1s\",\"addressRegion\":\"Asturias\",\"addressCountry\":\"ES\"}},{\"@type\":\"Person\",\"@id\":\"https:\\\/\\\/www.eldigitaldeasturias.com\\\/noticias\\\/author\\\/admin\\\/#author\",\"url\":\"https:\\\/\\\/www.eldigitaldeasturias.com\\\/noticias\\\/author\\\/admin\\\/\",\"name\":\"El Digital de Asturias\",\"image\":{\"@type\":\"ImageObject\",\"@id\":\"https:\\\/\\\/www.eldigitaldeasturias.com\\\/noticias\\\/el-gobierno-de-georgia-prohibe-la-exportacion-de-trigo-y-cebada\\\/#authorImage\",\"url\":\"https:\\\/\\\/www.eldigitaldeasturias.com\\\/noticias\\\/wp-content\\\/litespeed\\\/avatar\\\/18677e78aa0546b92d9dbf31ec7d7668.jpg?ver=1777290358\",\"width\":96,\"height\":96,\"caption\":\"El Digital de Asturias\"}},{\"@type\":\"WebPage\",\"@id\":\"https:\\\/\\\/www.eldigitaldeasturias.com\\\/noticias\\\/el-gobierno-de-georgia-prohibe-la-exportacion-de-trigo-y-cebada\\\/#webpage\",\"url\":\"https:\\\/\\\/www.eldigitaldeasturias.com\\\/noticias\\\/el-gobierno-de-georgia-prohibe-la-exportacion-de-trigo-y-cebada\\\/\",\"name\":\"El Gobierno de Georgia proh\\u00edbe la exportaci\\u00f3n de trigo y cebada - El Digital de Asturias\",\"description\":\"(EP) - El Gobierno de Georgia ha anunciado la prohibici\\u00f3n de la exportaci\\u00f3n de trigo y cebada a partir del 4 de julio y durante un plazo de un a\\u00f1o.\",\"inLanguage\":\"es-ES\",\"isPartOf\":{\"@id\":\"https:\\\/\\\/www.eldigitaldeasturias.com\\\/noticias\\\/#website\"},\"breadcrumb\":{\"@id\":\"https:\\\/\\\/www.eldigitaldeasturias.com\\\/noticias\\\/el-gobierno-de-georgia-prohibe-la-exportacion-de-trigo-y-cebada\\\/#breadcrumblist\"},\"author\":{\"@id\":\"https:\\\/\\\/www.eldigitaldeasturias.com\\\/noticias\\\/author\\\/admin\\\/#author\"},\"creator\":{\"@id\":\"https:\\\/\\\/www.eldigitaldeasturias.com\\\/noticias\\\/author\\\/admin\\\/#author\"},\"image\":{\"@type\":\"ImageObject\",\"url\":\"https:\\\/\\\/www.eldigitaldeasturias.com\\\/noticias\\\/wp-content\\\/uploads\\\/2022\\\/06\\\/Cebada.jpg\",\"@id\":\"https:\\\/\\\/www.eldigitaldeasturias.com\\\/noticias\\\/el-gobierno-de-georgia-prohibe-la-exportacion-de-trigo-y-cebada\\\/#mainImage\",\"width\":893,\"height\":634,\"caption\":\"FOTO: PXHERE \\\/ Europa Press\"},\"primaryImageOfPage\":{\"@id\":\"https:\\\/\\\/www.eldigitaldeasturias.com\\\/noticias\\\/el-gobierno-de-georgia-prohibe-la-exportacion-de-trigo-y-cebada\\\/#mainImage\"},\"datePublished\":\"2022-06-29T10:21:01+02:00\",\"dateModified\":\"2022-06-29T10:21:01+02:00\"},{\"@type\":\"WebSite\",\"@id\":\"https:\\\/\\\/www.eldigitaldeasturias.com\\\/noticias\\\/#website\",\"url\":\"https:\\\/\\\/www.eldigitaldeasturias.com\\\/noticias\\\/\",\"name\":\"El Digital de Asturias - Diario de actualidad y noticias\",\"alternateName\":\"El Digital de Asturias - Diario de actualidad y noticias\",\"description\":\"Hemeroteca\",\"inLanguage\":\"es-ES\",\"publisher\":{\"@id\":\"https:\\\/\\\/www.eldigitaldeasturias.com\\\/noticias\\\/#organization\"}}]}\n\t\t<\/script>\n\t\t<!-- All in One SEO Pro -->\r\n\t\t<title>El Gobierno de Georgia proh\u00edbe la exportaci\u00f3n de trigo y cebada - El Digital de Asturias<\/title>\n\n","aioseo_head_json":{"title":"El Gobierno de Georgia proh\u00edbe la exportaci\u00f3n de trigo y cebada - El Digital de Asturias","description":"(EP) - El Gobierno de Georgia ha anunciado la prohibici\u00f3n de la exportaci\u00f3n de trigo y cebada a partir del 4 de julio y durante un plazo de un a\u00f1o.","canonical_url":"https:\/\/www.eldigitaldeasturias.com\/noticias\/el-gobierno-de-georgia-prohibe-la-exportacion-de-trigo-y-cebada\/","robots":"max-image-preview:large","keywords":"econom\u00eda","webmasterTools":{"google-site-verification":"UA-38556648-1","msvalidate.01":"7dfe9f3f1b24437ab69f4f2559babe99","miscellaneous":""},"schema":{"@context":"https:\/\/schema.org","@graph":[{"@type":"BlogPosting","@id":"https:\/\/www.eldigitaldeasturias.com\/noticias\/el-gobierno-de-georgia-prohibe-la-exportacion-de-trigo-y-cebada\/#blogposting","name":"El Gobierno de Georgia proh\u00edbe la exportaci\u00f3n de trigo y cebada - El Digital de Asturias","headline":"El Gobierno de Georgia proh\u00edbe la exportaci\u00f3n de trigo y cebada","author":{"@id":"https:\/\/www.eldigitaldeasturias.com\/noticias\/author\/admin\/#author"},"publisher":{"@id":"https:\/\/www.eldigitaldeasturias.com\/noticias\/#organization"},"image":{"@type":"ImageObject","url":"https:\/\/www.eldigitaldeasturias.com\/noticias\/wp-content\/uploads\/2022\/06\/Cebada.jpg","width":893,"height":634,"caption":"FOTO: PXHERE \/ Europa Press"},"datePublished":"2022-06-29T10:21:01+02:00","dateModified":"2022-06-29T10:21:01+02:00","inLanguage":"es-ES","mainEntityOfPage":{"@id":"https:\/\/www.eldigitaldeasturias.com\/noticias\/el-gobierno-de-georgia-prohibe-la-exportacion-de-trigo-y-cebada\/#webpage"},"isPartOf":{"@id":"https:\/\/www.eldigitaldeasturias.com\/noticias\/el-gobierno-de-georgia-prohibe-la-exportacion-de-trigo-y-cebada\/#webpage"},"articleSection":"Econom\u00eda"},{"@type":"BreadcrumbList","@id":"https:\/\/www.eldigitaldeasturias.com\/noticias\/el-gobierno-de-georgia-prohibe-la-exportacion-de-trigo-y-cebada\/#breadcrumblist","itemListElement":[{"@type":"ListItem","@id":"https:\/\/www.eldigitaldeasturias.com\/noticias#listItem","position":1,"name":"Home","item":"https:\/\/www.eldigitaldeasturias.com\/noticias","nextItem":{"@type":"ListItem","@id":"https:\/\/www.eldigitaldeasturias.com\/noticias\/category\/economia\/#listItem","name":"Econom\u00eda"}},{"@type":"ListItem","@id":"https:\/\/www.eldigitaldeasturias.com\/noticias\/category\/economia\/#listItem","position":2,"name":"Econom\u00eda","item":"https:\/\/www.eldigitaldeasturias.com\/noticias\/category\/economia\/","nextItem":{"@type":"ListItem","@id":"https:\/\/www.eldigitaldeasturias.com\/noticias\/el-gobierno-de-georgia-prohibe-la-exportacion-de-trigo-y-cebada\/#listItem","name":"El Gobierno de Georgia proh\u00edbe la exportaci\u00f3n de trigo y cebada"},"previousItem":{"@type":"ListItem","@id":"https:\/\/www.eldigitaldeasturias.com\/noticias#listItem","name":"Home"}},{"@type":"ListItem","@id":"https:\/\/www.eldigitaldeasturias.com\/noticias\/el-gobierno-de-georgia-prohibe-la-exportacion-de-trigo-y-cebada\/#listItem","position":3,"name":"El Gobierno de Georgia proh\u00edbe la exportaci\u00f3n de trigo y cebada","previousItem":{"@type":"ListItem","@id":"https:\/\/www.eldigitaldeasturias.com\/noticias\/category\/economia\/#listItem","name":"Econom\u00eda"}}]},{"@type":"Organization","@id":"https:\/\/www.eldigitaldeasturias.com\/noticias\/#organization","name":"El Digital de Asturias","description":"Hemeroteca","url":"https:\/\/www.eldigitaldeasturias.com\/noticias\/","email":"info@eldigitaldeasturias.com","telephone":"+34652131393","logo":{"@type":"ImageObject","url":"https:\/\/www.eldigitaldeasturias.com\/noticias\/wp-content\/uploads\/2020\/12\/EDA.jpg","@id":"https:\/\/www.eldigitaldeasturias.com\/noticias\/el-gobierno-de-georgia-prohibe-la-exportacion-de-trigo-y-cebada\/#organizationLogo","width":649,"height":297},"image":{"@id":"https:\/\/www.eldigitaldeasturias.com\/noticias\/el-gobierno-de-georgia-prohibe-la-exportacion-de-trigo-y-cebada\/#organizationLogo"},"sameAs":["https:\/\/facebook.com\/eldigitaldeasturias","https:\/\/www.youtube.com\/channel\/UCZP-2wLEB9Rv6erhFmqVnvg"],"address":{"@id":"https:\/\/www.eldigitaldeasturias.com\/noticias\/#postaladdress","@type":"PostalAddress","streetAddress":"san antonio 4,","postalCode":"33430","addressLocality":"Cand\u00e1s","addressRegion":"Asturias","addressCountry":"ES"}},{"@type":"Person","@id":"https:\/\/www.eldigitaldeasturias.com\/noticias\/author\/admin\/#author","url":"https:\/\/www.eldigitaldeasturias.com\/noticias\/author\/admin\/","name":"El Digital de Asturias","image":{"@type":"ImageObject","@id":"https:\/\/www.eldigitaldeasturias.com\/noticias\/el-gobierno-de-georgia-prohibe-la-exportacion-de-trigo-y-cebada\/#authorImage","url":"https:\/\/www.eldigitaldeasturias.com\/noticias\/wp-content\/litespeed\/avatar\/18677e78aa0546b92d9dbf31ec7d7668.jpg?ver=1777290358","width":96,"height":96,"caption":"El Digital de Asturias"}},{"@type":"WebPage","@id":"https:\/\/www.eldigitaldeasturias.com\/noticias\/el-gobierno-de-georgia-prohibe-la-exportacion-de-trigo-y-cebada\/#webpage","url":"https:\/\/www.eldigitaldeasturias.com\/noticias\/el-gobierno-de-georgia-prohibe-la-exportacion-de-trigo-y-cebada\/","name":"El Gobierno de Georgia proh\u00edbe la exportaci\u00f3n de trigo y cebada - El Digital de Asturias","description":"(EP) - El Gobierno de Georgia ha anunciado la prohibici\u00f3n de la exportaci\u00f3n de trigo y cebada a partir del 4 de julio y durante un plazo de un a\u00f1o.","inLanguage":"es-ES","isPartOf":{"@id":"https:\/\/www.eldigitaldeasturias.com\/noticias\/#website"},"breadcrumb":{"@id":"https:\/\/www.eldigitaldeasturias.com\/noticias\/el-gobierno-de-georgia-prohibe-la-exportacion-de-trigo-y-cebada\/#breadcrumblist"},"author":{"@id":"https:\/\/www.eldigitaldeasturias.com\/noticias\/author\/admin\/#author"},"creator":{"@id":"https:\/\/www.eldigitaldeasturias.com\/noticias\/author\/admin\/#author"},"image":{"@type":"ImageObject","url":"https:\/\/www.eldigitaldeasturias.com\/noticias\/wp-content\/uploads\/2022\/06\/Cebada.jpg","@id":"https:\/\/www.eldigitaldeasturias.com\/noticias\/el-gobierno-de-georgia-prohibe-la-exportacion-de-trigo-y-cebada\/#mainImage","width":893,"height":634,"caption":"FOTO: PXHERE \/ Europa Press"},"primaryImageOfPage":{"@id":"https:\/\/www.eldigitaldeasturias.com\/noticias\/el-gobierno-de-georgia-prohibe-la-exportacion-de-trigo-y-cebada\/#mainImage"},"datePublished":"2022-06-29T10:21:01+02:00","dateModified":"2022-06-29T10:21:01+02:00"},{"@type":"WebSite","@id":"https:\/\/www.eldigitaldeasturias.com\/noticias\/#website","url":"https:\/\/www.eldigitaldeasturias.com\/noticias\/","name":"El Digital de Asturias - Diario de actualidad y noticias","alternateName":"El Digital de Asturias - Diario de actualidad y noticias","description":"Hemeroteca","inLanguage":"es-ES","publisher":{"@id":"https:\/\/www.eldigitaldeasturias.com\/noticias\/#organization"}}]},"og:locale":"es_ES","og:site_name":"El Digital de Asturias","og:type":"article","og:title":"El Gobierno de Georgia proh\u00edbe la exportaci\u00f3n de trigo y cebada - El Digital de Asturias","og:description":"(EP) - El Gobierno de Georgia ha anunciado la prohibici\u00f3n de la exportaci\u00f3n de trigo y cebada a partir del 4 de julio y durante un plazo de un a\u00f1o.","og:url":"https:\/\/www.eldigitaldeasturias.com\/noticias\/el-gobierno-de-georgia-prohibe-la-exportacion-de-trigo-y-cebada\/","og:image":"https:\/\/www.eldigitaldeasturias.com\/noticias\/wp-content\/uploads\/2022\/06\/Cebada.jpg","og:image:secure_url":"https:\/\/www.eldigitaldeasturias.com\/noticias\/wp-content\/uploads\/2022\/06\/Cebada.jpg","og:image:width":893,"og:image:height":634,"article:tag":["econom\u00eda"],"article:published_time":"2022-06-29T08:21:01+00:00","article:modified_time":"2022-06-29T08:21:01+00:00","article:publisher":"https:\/\/facebook.com\/eldigitaldeasturias","twitter:card":"summary_large_image","twitter:title":"El Gobierno de Georgia proh\u00edbe la exportaci\u00f3n de trigo y cebada - El Digital de Asturias","twitter:description":"(EP) - El Gobierno de Georgia ha anunciado la prohibici\u00f3n de la exportaci\u00f3n de trigo y cebada a partir del 4 de julio y durante un plazo de un a\u00f1o.","twitter:image":"https:\/\/www.eldigitaldeasturias.com\/noticias\/wp-content\/uploads\/2022\/06\/Cebada.jpg","twitter:label1":"Escrito por","twitter:data1":"El Digital de Asturias","twitter:label2":"Tiempo de lectura estimado","twitter:data2":"1 minuto"},"aioseo_meta_data":{"post_id":"1113067","title":null,"description":"(EP) - El Gobierno de Georgia ha anunciado la prohibici\u00f3n de la exportaci\u00f3n de trigo y cebada a partir del 4 de julio y durante un plazo de un a\u00f1o.","keywords":[],"keyphrases":{"focus":{"keyphrase":"cebada","score":92,"analysis":{"keyphraseInTitle":{"title":"Focus keyphrase in SEO title","description":"Focus keyphrase found in SEO title.","score":9,"maxScore":9,"error":0},"keyphraseInDescription":{"title":"Focus keyphrase in meta description","description":"Focus keyphrase found in meta description.","score":9,"maxScore":9,"error":0},"keyphraseLength":{"title":"Focus keyphrase length","description":"Good job!","score":9,"maxScore":9,"error":0,"length":1},"keyphraseInURL":{"title":"Focus keyphrase in URL","description":"Focus keyphrase not found in the URL.","score":1,"maxScore":5,"error":1},"keyphraseInIntroduction":{"title":"Focus keyphrase in introduction","description":"Your Focus keyphrase appears in the first paragraph. Well done!","score":9,"maxScore":9,"error":0},"keyphraseInSubHeadings":[],"keyphraseInImageAlt":{"title":"Focus keyphrase in image alt attributes","description":"Focus keyphrase found in image alt attribute(s).","score":9,"maxScore":9,"error":0}}},"additional":[{"keyphrase":"Gobierno de Georgia","score":83,"analysis":{"keyphraseInDescription":{"title":"Keyphrase in meta description","description":"Keyphrase found in meta description.","score":9,"maxScore":9,"error":0},"keyphraseLength":{"title":"Keyphrase length","description":"Good job!","score":9,"maxScore":9,"error":0,"length":3},"keyphraseInIntroduction":{"title":"Keyphrase in introduction","description":"Your Keyphrase appears in the first paragraph. Well done!","score":9,"maxScore":9,"error":0},"keyphraseInImageAlt":{"title":"Keyphrase in image alt attributes","description":"Keyphrase not found in image alt attribute(s). Add an image with your Keyphrase as alt text.","score":3,"maxScore":9,"error":1}}},{"keyphrase":"Georgia","score":83,"analysis":{"keyphraseInDescription":{"title":"Keyphrase in meta description","description":"Keyphrase found in meta description.","score":9,"maxScore":9,"error":0},"keyphraseLength":{"title":"Keyphrase length","description":"Good job!","score":9,"maxScore":9,"error":0,"length":1},"keyphraseInIntroduction":{"title":"Keyphrase in introduction","description":"Your Keyphrase appears in the first paragraph. Well done!","score":9,"maxScore":9,"error":0},"keyphraseInImageAlt":{"title":"Keyphrase in image alt attributes","description":"Keyphrase not found in image alt attribute(s). Add an image with your Keyphrase as alt text.","score":3,"maxScore":9,"error":1}}},{"keyphrase":"trigo y cebada","score":83,"analysis":{"keyphraseInDescription":{"title":"Keyphrase in meta description","description":"Keyphrase found in meta description.","score":9,"maxScore":9,"error":0},"keyphraseLength":{"title":"Keyphrase length","description":"Good job!","score":9,"maxScore":9,"error":0,"length":3},"keyphraseInIntroduction":{"title":"Keyphrase in introduction","description":"Your Keyphrase appears in the first paragraph. Well done!","score":9,"maxScore":9,"error":0},"keyphraseInImageAlt":{"title":"Keyphrase in image alt attributes","description":"Keyphrase not found in image alt attribute(s). Add an image with your Keyphrase as alt text.","score":3,"maxScore":9,"error":1}}}]},"primary_term":null,"canonical_url":null,"og_title":null,"og_description":null,"og_object_type":"default","og_image_type":"default","og_image_url":null,"og_image_width":null,"og_image_height":null,"og_image_custom_url":null,"og_image_custom_fields":null,"og_video":"","og_custom_url":null,"og_article_section":null,"og_article_tags":[],"twitter_use_og":false,"twitter_card":"default","twitter_image_type":"default","twitter_image_url":null,"twitter_image_custom_url":null,"twitter_image_custom_fields":null,"twitter_title":null,"twitter_description":null,"schema":{"blockGraphs":[],"customGraphs":[],"default":{"data":{"Article":[],"Course":[],"Dataset":[],"FAQPage":[],"Movie":[],"Person":[],"Product":[],"ProductReview":[],"Car":[],"Recipe":[],"Service":[],"SoftwareApplication":[],"WebPage":[]},"graphName":"","isEnabled":true},"graphs":[],"defaultGraph":"Article","defaultPostTypeGraph":""},"schema_type":"default","schema_type_options":"{\"article\":{\"articleType\":\"BlogPosting\"},\"course\":{\"name\":\"\",\"description\":\"\",\"provider\":\"\"},\"faq\":{\"pages\":[]},\"product\":{\"reviews\":[]},\"recipe\":{\"ingredients\":[],\"instructions\":[],\"keywords\":[]},\"software\":{\"reviews\":[],\"operatingSystems\":[]},\"webPage\":{\"webPageType\":\"WebPage\"}}","pillar_content":false,"robots_default":true,"robots_noindex":false,"robots_noarchive":false,"robots_nosnippet":false,"robots_nofollow":false,"robots_noimageindex":false,"robots_noodp":false,"robots_notranslate":false,"robots_max_snippet":"-1","robots_max_videopreview":"-1","robots_max_imagepreview":"large","priority":null,"frequency":"default","local_seo":null,"seo_analyzer_scan_date":"2025-10-03 00:33:54","breadcrumb_settings":null,"limit_modified_date":false,"open_ai":null,"ai":null,"created":"2022-06-29 07:50:01","updated":"2025-10-03 00:33:54"},"aioseo_breadcrumb":"<div class=\"aioseo-breadcrumbs\"><span class=\"aioseo-breadcrumb\">\n\t<a href=\"https:\/\/www.eldigitaldeasturias.com\/noticias\" title=\"Home\">Home<\/a>\n<\/span><span class=\"aioseo-breadcrumb-separator\">\u2013<\/span><span class=\"aioseo-breadcrumb\">\n\t<a href=\"https:\/\/www.eldigitaldeasturias.com\/noticias\/category\/economia\/\" title=\"Econom\u00eda\">Econom\u00eda<\/a>\n<\/span><span class=\"aioseo-breadcrumb-separator\">\u2013<\/span><span class=\"aioseo-breadcrumb\">\n\t<a href=\"https:\/\/www.eldigitaldeasturias.com\/noticias\/el-gobierno-de-georgia-prohibe-la-exportacion-de-trigo-y-cebada\/\" title=\"El Gobierno de Georgia proh\u00edbe la exportaci\u00f3n de trigo y cebada\">El Gobierno de Georgia proh\u00edbe la exportaci\u00f3n de trigo y cebada<\/a>\n<\/span><\/div>","aioseo_breadcrumb_json":[{"label":"Home","link":"https:\/\/www.eldigitaldeasturias.com\/noticias"},{"label":"Econom\u00eda","link":"https:\/\/www.eldigitaldeasturias.com\/noticias\/category\/economia\/"},{"label":"El Gobierno de Georgia proh\u00edbe la exportaci\u00f3n de trigo y cebada","link":"https:\/\/www.eldigitaldeasturias.com\/noticias\/el-gobierno-de-georgia-prohibe-la-exportacion-de-trigo-y-cebada\/"}],"_links":{"self":[{"href":"https:\/\/www.eldigitaldeasturias.com\/noticias\/wp-json\/wp\/v2\/posts\/1113067","targetHints":{"allow":["GET"]}}],"collection":[{"href":"https:\/\/www.eldigitaldeasturias.com\/noticias\/wp-json\/wp\/v2\/posts"}],"about":[{"href":"https:\/\/www.eldigitaldeasturias.com\/noticias\/wp-json\/wp\/v2\/types\/post"}],"author":[{"embeddable":true,"href":"https:\/\/www.eldigitaldeasturias.com\/noticias\/wp-json\/wp\/v2\/users\/1"}],"replies":[{"embeddable":true,"href":"https:\/\/www.eldigitaldeasturias.com\/noticias\/wp-json\/wp\/v2\/comments?post=1113067"}],"version-history":[{"count":0,"href":"https:\/\/www.eldigitaldeasturias.com\/noticias\/wp-json\/wp\/v2\/posts\/1113067\/revisions"}],"wp:featuredmedia":[{"embeddable":true,"href":"https:\/\/www.eldigitaldeasturias.com\/noticias\/wp-json\/wp\/v2\/media\/1113068"}],"wp:attachment":[{"href":"https:\/\/www.eldigitaldeasturias.com\/noticias\/wp-json\/wp\/v2\/media?parent=1113067"}],"wp:term":[{"taxonomy":"category","embeddable":true,"href":"https:\/\/www.eldigitaldeasturias.com\/noticias\/wp-json\/wp\/v2\/categories?post=1113067"},{"taxonomy":"post_tag","embeddable":true,"href":"https:\/\/www.eldigitaldeasturias.com\/noticias\/wp-json\/wp\/v2\/tags?post=1113067"}],"curies":[{"name":"wp","href":"https:\/\/api.w.org\/{rel}","templated":true}]}}