{"id":1112849,"date":"2022-06-23T11:34:30","date_gmt":"2022-06-23T09:34:30","guid":{"rendered":"https:\/\/www.eldigitaldeasturias.com\/noticias\/?p=1112849"},"modified":"2022-06-23T11:34:30","modified_gmt":"2022-06-23T09:34:30","slug":"crisis-energetica-alemania-eleva-el-nivel-de-alarma-por-la-crisis-del-gas-ruso","status":"publish","type":"post","link":"https:\/\/www.eldigitaldeasturias.com\/noticias\/crisis-energetica-alemania-eleva-el-nivel-de-alarma-por-la-crisis-del-gas-ruso\/","title":{"rendered":"Crisis energ\u00e9tica: Alemania eleva el nivel de alarma por la crisis del gas ruso"},"content":{"rendered":"<p>(EP) &#8211; El Gobierno de <a href=\"https:\/\/www.eldigitaldeasturias.com\/noticias\/alemania-planea-medidas-adicionales-para-reducir-el-consumo-de-gas\/\"><strong><span style=\"color: #ff6600;\">Alemania<\/span><\/strong><\/a> ha elevado a una segunda fase el nivel de alarma por la crisis energ\u00e9tica a causa de la amenaza de Rusia para el suministro de gas, despu\u00e9s de haber declarado el pasado mes de marzo el nivel de alerta temprana.<\/p>\n<figure id=\"attachment_1112616\" aria-describedby=\"caption-attachment-1112616\" style=\"width: 650px\" class=\"wp-caption aligncenter\"><img loading=\"lazy\" decoding=\"async\" class=\"wp-image-1112616 size-large\" src=\"https:\/\/www.eldigitaldeasturias.com\/noticias\/wp-content\/uploads\/2022\/06\/central-electrica-650x427.jpg\" alt=\"central el\u00e9ctrica\" width=\"650\" height=\"427\" srcset=\"https:\/\/www.eldigitaldeasturias.com\/noticias\/wp-content\/uploads\/2022\/06\/central-electrica-650x427.jpg 650w, https:\/\/www.eldigitaldeasturias.com\/noticias\/wp-content\/uploads\/2022\/06\/central-electrica-360x237.jpg 360w, https:\/\/www.eldigitaldeasturias.com\/noticias\/wp-content\/uploads\/2022\/06\/central-electrica-456x300.jpg 456w, https:\/\/www.eldigitaldeasturias.com\/noticias\/wp-content\/uploads\/2022\/06\/central-electrica-768x505.jpg 768w, https:\/\/www.eldigitaldeasturias.com\/noticias\/wp-content\/uploads\/2022\/06\/central-electrica-150x99.jpg 150w, https:\/\/www.eldigitaldeasturias.com\/noticias\/wp-content\/uploads\/2022\/06\/central-electrica-450x296.jpg 450w, https:\/\/www.eldigitaldeasturias.com\/noticias\/wp-content\/uploads\/2022\/06\/central-electrica.jpg 1004w\" sizes=\"auto, (max-width: 650px) 100vw, 650px\" \/><figcaption id=\"caption-attachment-1112616\" class=\"wp-caption-text\">La central el\u00e9ctrica de carb\u00f3n J\u00e4nschwalde, en el noreste de Alemania. Foto: Patrick Pleul\/dpa<\/figcaption><\/figure>\n<p>El ministro alem\u00e1n de Econom\u00eda, Robert Habeck, ha confirmado la activaci\u00f3n del segundo de los tres niveles del plan nacional de emergencia, despu\u00e9s de los recientes cortes del flujo de gas desde Rusia, aunque ha subrayado que por el momento el suministro est\u00e1 garantizado.<\/p>\n<p>\u00abEl suministro de gas est\u00e1 garantizado\u00bb, ha se\u00f1alado Habeck, quien, sin embargo, ha advertido de que el gas \u00abes ahora un bien escaso\u00bb en el pa\u00eds. \u00abIncluso si a\u00fan no lo sentimos, estamos en una crisis de gas\u00bb, ha reconocido.<\/p>\n<p>En este sentido, el ministro alem\u00e1n ha subrayado la importancia de reducir el consumo de gas durante el verano con vistas al pr\u00f3ximo invierno y ha asegurado que el Gobierno se ha preparado con anticipaci\u00f3n para este escenario, incluyendo la puesta en funcionamiento de centrales t\u00e9rmicas de carb\u00f3n.<\/p>\n<p>\u00abTodos los consumidores, en la industria, en las instituciones p\u00fablicas y en los hogares, deben reducir el consumo de gas tanto como sea posible para que podamos pasar el invierno\u00bb, ha insistido.<\/p>\n<p>El plan de emergencia energ\u00e9tica de Alemania contempla un tercer nivel de alerta en el caso de que la crisis se agravase y los participantes del mercado no fueran capaces de manejar la situaci\u00f3n por s\u00ed mismos.<\/p>\n<p>En esta situaci\u00f3n, el Estado intervendr\u00eda en el mercado, transformando la Agencia Federal de Redes en el \u00abdistribuidor de carga federal\u00bb, por lo que ser\u00eda responsable de determinar en coordinaci\u00f3n con los operadores la distribuci\u00f3n de gas, subrayando que los hogares, empresas sociales u hospitales gozan del estatus de consumidores protegidos.<\/p>\n","protected":false},"excerpt":{"rendered":"<p>(EP) &#8211; El Gobierno de Alemania ha elevado a una segunda fase el nivel de alarma por la crisis energ\u00e9tica a causa de la amenaza de Rusia para el suministro de gas, despu\u00e9s de haber declarado el pasado mes de marzo el nivel de alerta temprana. El ministro alem\u00e1n de Econom\u00eda, Robert Habeck, ha confirmado [&hellip;]<\/p>\n","protected":false},"author":1,"featured_media":1112616,"comment_status":"closed","ping_status":"closed","sticky":false,"template":"","format":"standard","meta":{"footnotes":""},"categories":[187],"tags":[],"class_list":["post-1112849","post","type-post","status-publish","format-standard","has-post-thumbnail","hentry","category-economia"],"aioseo_notices":[],"aioseo_head":"\n\t\t<!-- All in One SEO Pro 4.9.6.2 - aioseo.com -->\n\t<meta name=\"description\" content=\"(EP) - El Gobierno de Alemania ha elevado a una segunda fase el nivel de alarma por la crisis energ\u00e9tica a causa de la amenaza de Rusia\" \/>\n\t<meta name=\"robots\" content=\"max-image-preview:large\" \/>\n\t<meta name=\"author\" content=\"El Digital de Asturias\"\/>\n\t<meta name=\"google-site-verification\" content=\"UA-38556648-1\" \/>\n\t<meta name=\"msvalidate.01\" content=\"7dfe9f3f1b24437ab69f4f2559babe99\" \/>\n\t<meta name=\"keywords\" content=\"econom\u00eda\" \/>\n\t<link rel=\"canonical\" href=\"https:\/\/www.eldigitaldeasturias.com\/noticias\/crisis-energetica-alemania-eleva-el-nivel-de-alarma-por-la-crisis-del-gas-ruso\/\" \/>\n\t<meta name=\"generator\" content=\"All in One SEO Pro (AIOSEO) 4.9.6.2\" \/>\n\t\t<meta property=\"og:locale\" content=\"es_ES\" \/>\n\t\t<meta property=\"og:site_name\" content=\"El Digital de Asturias\" \/>\n\t\t<meta property=\"og:type\" content=\"article\" \/>\n\t\t<meta property=\"og:title\" content=\"Crisis energ\u00e9tica: Alemania eleva el nivel de alarma por la crisis del gas ruso - El Digital de Asturias\" \/>\n\t\t<meta property=\"og:description\" content=\"(EP) - El Gobierno de Alemania ha elevado a una segunda fase el nivel de alarma por la crisis energ\u00e9tica a causa de la amenaza de Rusia\" \/>\n\t\t<meta property=\"og:url\" content=\"https:\/\/www.eldigitaldeasturias.com\/noticias\/crisis-energetica-alemania-eleva-el-nivel-de-alarma-por-la-crisis-del-gas-ruso\/\" \/>\n\t\t<meta property=\"og:image\" content=\"https:\/\/www.eldigitaldeasturias.com\/noticias\/wp-content\/uploads\/2022\/06\/central-electrica.jpg\" \/>\n\t\t<meta property=\"og:image:secure_url\" content=\"https:\/\/www.eldigitaldeasturias.com\/noticias\/wp-content\/uploads\/2022\/06\/central-electrica.jpg\" \/>\n\t\t<meta property=\"og:image:width\" content=\"1004\" \/>\n\t\t<meta property=\"og:image:height\" content=\"660\" \/>\n\t\t<meta property=\"article:tag\" content=\"econom\u00eda\" \/>\n\t\t<meta property=\"article:published_time\" content=\"2022-06-23T09:34:30+00:00\" \/>\n\t\t<meta property=\"article:modified_time\" content=\"2022-06-23T09:34:30+00:00\" \/>\n\t\t<meta property=\"article:publisher\" content=\"https:\/\/facebook.com\/eldigitaldeasturias\" \/>\n\t\t<meta name=\"twitter:card\" content=\"summary_large_image\" \/>\n\t\t<meta name=\"twitter:title\" content=\"Crisis energ\u00e9tica: Alemania eleva el nivel de alarma por la crisis del gas ruso - El Digital de Asturias\" \/>\n\t\t<meta name=\"twitter:description\" content=\"(EP) - El Gobierno de Alemania ha elevado a una segunda fase el nivel de alarma por la crisis energ\u00e9tica a causa de la amenaza de Rusia\" \/>\n\t\t<meta name=\"twitter:image\" content=\"https:\/\/www.eldigitaldeasturias.com\/noticias\/wp-content\/uploads\/2022\/06\/central-electrica.jpg\" \/>\n\t\t<meta name=\"twitter:label1\" content=\"Escrito por\" \/>\n\t\t<meta name=\"twitter:data1\" content=\"El Digital de Asturias\" \/>\n\t\t<meta name=\"twitter:label2\" content=\"Tiempo de lectura estimado\" \/>\n\t\t<meta name=\"twitter:data2\" content=\"2 minutos\" \/>\n\t\t<script type=\"application\/ld+json\" class=\"aioseo-schema\">\n\t\t\t{\"@context\":\"https:\\\/\\\/schema.org\",\"@graph\":[{\"@type\":\"BlogPosting\",\"@id\":\"https:\\\/\\\/www.eldigitaldeasturias.com\\\/noticias\\\/crisis-energetica-alemania-eleva-el-nivel-de-alarma-por-la-crisis-del-gas-ruso\\\/#blogposting\",\"name\":\"Crisis energ\\u00e9tica: Alemania eleva el nivel de alarma por la crisis del gas ruso - El Digital de Asturias\",\"headline\":\"Crisis energ\\u00e9tica: Alemania eleva el nivel de alarma por la crisis del gas ruso\",\"author\":{\"@id\":\"https:\\\/\\\/www.eldigitaldeasturias.com\\\/noticias\\\/author\\\/admin\\\/#author\"},\"publisher\":{\"@id\":\"https:\\\/\\\/www.eldigitaldeasturias.com\\\/noticias\\\/#organization\"},\"image\":{\"@type\":\"ImageObject\",\"url\":\"https:\\\/\\\/www.eldigitaldeasturias.com\\\/noticias\\\/wp-content\\\/uploads\\\/2022\\\/06\\\/central-electrica.jpg\",\"width\":1004,\"height\":660,\"caption\":\"La central el\\u00e9ctrica de carb\\u00f3n J\\u00e4nschwalde, en el noreste de Alemania. Foto: Patrick Pleul\\\/dpa\"},\"datePublished\":\"2022-06-23T11:34:30+02:00\",\"dateModified\":\"2022-06-23T11:34:30+02:00\",\"inLanguage\":\"es-ES\",\"mainEntityOfPage\":{\"@id\":\"https:\\\/\\\/www.eldigitaldeasturias.com\\\/noticias\\\/crisis-energetica-alemania-eleva-el-nivel-de-alarma-por-la-crisis-del-gas-ruso\\\/#webpage\"},\"isPartOf\":{\"@id\":\"https:\\\/\\\/www.eldigitaldeasturias.com\\\/noticias\\\/crisis-energetica-alemania-eleva-el-nivel-de-alarma-por-la-crisis-del-gas-ruso\\\/#webpage\"},\"articleSection\":\"Econom\\u00eda\"},{\"@type\":\"BreadcrumbList\",\"@id\":\"https:\\\/\\\/www.eldigitaldeasturias.com\\\/noticias\\\/crisis-energetica-alemania-eleva-el-nivel-de-alarma-por-la-crisis-del-gas-ruso\\\/#breadcrumblist\",\"itemListElement\":[{\"@type\":\"ListItem\",\"@id\":\"https:\\\/\\\/www.eldigitaldeasturias.com\\\/noticias#listItem\",\"position\":1,\"name\":\"Home\",\"item\":\"https:\\\/\\\/www.eldigitaldeasturias.com\\\/noticias\",\"nextItem\":{\"@type\":\"ListItem\",\"@id\":\"https:\\\/\\\/www.eldigitaldeasturias.com\\\/noticias\\\/category\\\/economia\\\/#listItem\",\"name\":\"Econom\\u00eda\"}},{\"@type\":\"ListItem\",\"@id\":\"https:\\\/\\\/www.eldigitaldeasturias.com\\\/noticias\\\/category\\\/economia\\\/#listItem\",\"position\":2,\"name\":\"Econom\\u00eda\",\"item\":\"https:\\\/\\\/www.eldigitaldeasturias.com\\\/noticias\\\/category\\\/economia\\\/\",\"nextItem\":{\"@type\":\"ListItem\",\"@id\":\"https:\\\/\\\/www.eldigitaldeasturias.com\\\/noticias\\\/crisis-energetica-alemania-eleva-el-nivel-de-alarma-por-la-crisis-del-gas-ruso\\\/#listItem\",\"name\":\"Crisis energ\\u00e9tica: Alemania eleva el nivel de alarma por la crisis del gas ruso\"},\"previousItem\":{\"@type\":\"ListItem\",\"@id\":\"https:\\\/\\\/www.eldigitaldeasturias.com\\\/noticias#listItem\",\"name\":\"Home\"}},{\"@type\":\"ListItem\",\"@id\":\"https:\\\/\\\/www.eldigitaldeasturias.com\\\/noticias\\\/crisis-energetica-alemania-eleva-el-nivel-de-alarma-por-la-crisis-del-gas-ruso\\\/#listItem\",\"position\":3,\"name\":\"Crisis energ\\u00e9tica: Alemania eleva el nivel de alarma por la crisis del gas ruso\",\"previousItem\":{\"@type\":\"ListItem\",\"@id\":\"https:\\\/\\\/www.eldigitaldeasturias.com\\\/noticias\\\/category\\\/economia\\\/#listItem\",\"name\":\"Econom\\u00eda\"}}]},{\"@type\":\"Organization\",\"@id\":\"https:\\\/\\\/www.eldigitaldeasturias.com\\\/noticias\\\/#organization\",\"name\":\"El Digital de Asturias\",\"description\":\"Hemeroteca\",\"url\":\"https:\\\/\\\/www.eldigitaldeasturias.com\\\/noticias\\\/\",\"email\":\"info@eldigitaldeasturias.com\",\"telephone\":\"+34652131393\",\"logo\":{\"@type\":\"ImageObject\",\"url\":\"https:\\\/\\\/www.eldigitaldeasturias.com\\\/noticias\\\/wp-content\\\/uploads\\\/2020\\\/12\\\/EDA.jpg\",\"@id\":\"https:\\\/\\\/www.eldigitaldeasturias.com\\\/noticias\\\/crisis-energetica-alemania-eleva-el-nivel-de-alarma-por-la-crisis-del-gas-ruso\\\/#organizationLogo\",\"width\":649,\"height\":297},\"image\":{\"@id\":\"https:\\\/\\\/www.eldigitaldeasturias.com\\\/noticias\\\/crisis-energetica-alemania-eleva-el-nivel-de-alarma-por-la-crisis-del-gas-ruso\\\/#organizationLogo\"},\"sameAs\":[\"https:\\\/\\\/facebook.com\\\/eldigitaldeasturias\",\"https:\\\/\\\/www.youtube.com\\\/channel\\\/UCZP-2wLEB9Rv6erhFmqVnvg\"],\"address\":{\"@id\":\"https:\\\/\\\/www.eldigitaldeasturias.com\\\/noticias\\\/#postaladdress\",\"@type\":\"PostalAddress\",\"streetAddress\":\"san antonio 4,\",\"postalCode\":\"33430\",\"addressLocality\":\"Cand\\u00e1s\",\"addressRegion\":\"Asturias\",\"addressCountry\":\"ES\"}},{\"@type\":\"Person\",\"@id\":\"https:\\\/\\\/www.eldigitaldeasturias.com\\\/noticias\\\/author\\\/admin\\\/#author\",\"url\":\"https:\\\/\\\/www.eldigitaldeasturias.com\\\/noticias\\\/author\\\/admin\\\/\",\"name\":\"El Digital de Asturias\",\"image\":{\"@type\":\"ImageObject\",\"@id\":\"https:\\\/\\\/www.eldigitaldeasturias.com\\\/noticias\\\/crisis-energetica-alemania-eleva-el-nivel-de-alarma-por-la-crisis-del-gas-ruso\\\/#authorImage\",\"url\":\"https:\\\/\\\/www.eldigitaldeasturias.com\\\/noticias\\\/wp-content\\\/litespeed\\\/avatar\\\/18677e78aa0546b92d9dbf31ec7d7668.jpg?ver=1777290358\",\"width\":96,\"height\":96,\"caption\":\"El Digital de Asturias\"}},{\"@type\":\"WebPage\",\"@id\":\"https:\\\/\\\/www.eldigitaldeasturias.com\\\/noticias\\\/crisis-energetica-alemania-eleva-el-nivel-de-alarma-por-la-crisis-del-gas-ruso\\\/#webpage\",\"url\":\"https:\\\/\\\/www.eldigitaldeasturias.com\\\/noticias\\\/crisis-energetica-alemania-eleva-el-nivel-de-alarma-por-la-crisis-del-gas-ruso\\\/\",\"name\":\"Crisis energ\\u00e9tica: Alemania eleva el nivel de alarma por la crisis del gas ruso - El Digital de Asturias\",\"description\":\"(EP) - El Gobierno de Alemania ha elevado a una segunda fase el nivel de alarma por la crisis energ\\u00e9tica a causa de la amenaza de Rusia\",\"inLanguage\":\"es-ES\",\"isPartOf\":{\"@id\":\"https:\\\/\\\/www.eldigitaldeasturias.com\\\/noticias\\\/#website\"},\"breadcrumb\":{\"@id\":\"https:\\\/\\\/www.eldigitaldeasturias.com\\\/noticias\\\/crisis-energetica-alemania-eleva-el-nivel-de-alarma-por-la-crisis-del-gas-ruso\\\/#breadcrumblist\"},\"author\":{\"@id\":\"https:\\\/\\\/www.eldigitaldeasturias.com\\\/noticias\\\/author\\\/admin\\\/#author\"},\"creator\":{\"@id\":\"https:\\\/\\\/www.eldigitaldeasturias.com\\\/noticias\\\/author\\\/admin\\\/#author\"},\"image\":{\"@type\":\"ImageObject\",\"url\":\"https:\\\/\\\/www.eldigitaldeasturias.com\\\/noticias\\\/wp-content\\\/uploads\\\/2022\\\/06\\\/central-electrica.jpg\",\"@id\":\"https:\\\/\\\/www.eldigitaldeasturias.com\\\/noticias\\\/crisis-energetica-alemania-eleva-el-nivel-de-alarma-por-la-crisis-del-gas-ruso\\\/#mainImage\",\"width\":1004,\"height\":660,\"caption\":\"La central el\\u00e9ctrica de carb\\u00f3n J\\u00e4nschwalde, en el noreste de Alemania. Foto: Patrick Pleul\\\/dpa\"},\"primaryImageOfPage\":{\"@id\":\"https:\\\/\\\/www.eldigitaldeasturias.com\\\/noticias\\\/crisis-energetica-alemania-eleva-el-nivel-de-alarma-por-la-crisis-del-gas-ruso\\\/#mainImage\"},\"datePublished\":\"2022-06-23T11:34:30+02:00\",\"dateModified\":\"2022-06-23T11:34:30+02:00\"},{\"@type\":\"WebSite\",\"@id\":\"https:\\\/\\\/www.eldigitaldeasturias.com\\\/noticias\\\/#website\",\"url\":\"https:\\\/\\\/www.eldigitaldeasturias.com\\\/noticias\\\/\",\"name\":\"El Digital de Asturias - Diario de actualidad y noticias\",\"alternateName\":\"El Digital de Asturias - Diario de actualidad y noticias\",\"description\":\"Hemeroteca\",\"inLanguage\":\"es-ES\",\"publisher\":{\"@id\":\"https:\\\/\\\/www.eldigitaldeasturias.com\\\/noticias\\\/#organization\"}}]}\n\t\t<\/script>\n\t\t<!-- All in One SEO Pro -->\r\n\t\t<title>Crisis energ\u00e9tica: Alemania eleva el nivel de alarma por la crisis del gas ruso - El Digital de Asturias<\/title>\n\n","aioseo_head_json":{"title":"Crisis energ\u00e9tica: Alemania eleva el nivel de alarma por la crisis del gas ruso - El Digital de Asturias","description":"(EP) - El Gobierno de Alemania ha elevado a una segunda fase el nivel de alarma por la crisis energ\u00e9tica a causa de la amenaza de Rusia","canonical_url":"https:\/\/www.eldigitaldeasturias.com\/noticias\/crisis-energetica-alemania-eleva-el-nivel-de-alarma-por-la-crisis-del-gas-ruso\/","robots":"max-image-preview:large","keywords":"econom\u00eda","webmasterTools":{"google-site-verification":"UA-38556648-1","msvalidate.01":"7dfe9f3f1b24437ab69f4f2559babe99","miscellaneous":""},"schema":{"@context":"https:\/\/schema.org","@graph":[{"@type":"BlogPosting","@id":"https:\/\/www.eldigitaldeasturias.com\/noticias\/crisis-energetica-alemania-eleva-el-nivel-de-alarma-por-la-crisis-del-gas-ruso\/#blogposting","name":"Crisis energ\u00e9tica: Alemania eleva el nivel de alarma por la crisis del gas ruso - El Digital de Asturias","headline":"Crisis energ\u00e9tica: Alemania eleva el nivel de alarma por la crisis del gas ruso","author":{"@id":"https:\/\/www.eldigitaldeasturias.com\/noticias\/author\/admin\/#author"},"publisher":{"@id":"https:\/\/www.eldigitaldeasturias.com\/noticias\/#organization"},"image":{"@type":"ImageObject","url":"https:\/\/www.eldigitaldeasturias.com\/noticias\/wp-content\/uploads\/2022\/06\/central-electrica.jpg","width":1004,"height":660,"caption":"La central el\u00e9ctrica de carb\u00f3n J\u00e4nschwalde, en el noreste de Alemania. Foto: Patrick Pleul\/dpa"},"datePublished":"2022-06-23T11:34:30+02:00","dateModified":"2022-06-23T11:34:30+02:00","inLanguage":"es-ES","mainEntityOfPage":{"@id":"https:\/\/www.eldigitaldeasturias.com\/noticias\/crisis-energetica-alemania-eleva-el-nivel-de-alarma-por-la-crisis-del-gas-ruso\/#webpage"},"isPartOf":{"@id":"https:\/\/www.eldigitaldeasturias.com\/noticias\/crisis-energetica-alemania-eleva-el-nivel-de-alarma-por-la-crisis-del-gas-ruso\/#webpage"},"articleSection":"Econom\u00eda"},{"@type":"BreadcrumbList","@id":"https:\/\/www.eldigitaldeasturias.com\/noticias\/crisis-energetica-alemania-eleva-el-nivel-de-alarma-por-la-crisis-del-gas-ruso\/#breadcrumblist","itemListElement":[{"@type":"ListItem","@id":"https:\/\/www.eldigitaldeasturias.com\/noticias#listItem","position":1,"name":"Home","item":"https:\/\/www.eldigitaldeasturias.com\/noticias","nextItem":{"@type":"ListItem","@id":"https:\/\/www.eldigitaldeasturias.com\/noticias\/category\/economia\/#listItem","name":"Econom\u00eda"}},{"@type":"ListItem","@id":"https:\/\/www.eldigitaldeasturias.com\/noticias\/category\/economia\/#listItem","position":2,"name":"Econom\u00eda","item":"https:\/\/www.eldigitaldeasturias.com\/noticias\/category\/economia\/","nextItem":{"@type":"ListItem","@id":"https:\/\/www.eldigitaldeasturias.com\/noticias\/crisis-energetica-alemania-eleva-el-nivel-de-alarma-por-la-crisis-del-gas-ruso\/#listItem","name":"Crisis energ\u00e9tica: Alemania eleva el nivel de alarma por la crisis del gas ruso"},"previousItem":{"@type":"ListItem","@id":"https:\/\/www.eldigitaldeasturias.com\/noticias#listItem","name":"Home"}},{"@type":"ListItem","@id":"https:\/\/www.eldigitaldeasturias.com\/noticias\/crisis-energetica-alemania-eleva-el-nivel-de-alarma-por-la-crisis-del-gas-ruso\/#listItem","position":3,"name":"Crisis energ\u00e9tica: Alemania eleva el nivel de alarma por la crisis del gas ruso","previousItem":{"@type":"ListItem","@id":"https:\/\/www.eldigitaldeasturias.com\/noticias\/category\/economia\/#listItem","name":"Econom\u00eda"}}]},{"@type":"Organization","@id":"https:\/\/www.eldigitaldeasturias.com\/noticias\/#organization","name":"El Digital de Asturias","description":"Hemeroteca","url":"https:\/\/www.eldigitaldeasturias.com\/noticias\/","email":"info@eldigitaldeasturias.com","telephone":"+34652131393","logo":{"@type":"ImageObject","url":"https:\/\/www.eldigitaldeasturias.com\/noticias\/wp-content\/uploads\/2020\/12\/EDA.jpg","@id":"https:\/\/www.eldigitaldeasturias.com\/noticias\/crisis-energetica-alemania-eleva-el-nivel-de-alarma-por-la-crisis-del-gas-ruso\/#organizationLogo","width":649,"height":297},"image":{"@id":"https:\/\/www.eldigitaldeasturias.com\/noticias\/crisis-energetica-alemania-eleva-el-nivel-de-alarma-por-la-crisis-del-gas-ruso\/#organizationLogo"},"sameAs":["https:\/\/facebook.com\/eldigitaldeasturias","https:\/\/www.youtube.com\/channel\/UCZP-2wLEB9Rv6erhFmqVnvg"],"address":{"@id":"https:\/\/www.eldigitaldeasturias.com\/noticias\/#postaladdress","@type":"PostalAddress","streetAddress":"san antonio 4,","postalCode":"33430","addressLocality":"Cand\u00e1s","addressRegion":"Asturias","addressCountry":"ES"}},{"@type":"Person","@id":"https:\/\/www.eldigitaldeasturias.com\/noticias\/author\/admin\/#author","url":"https:\/\/www.eldigitaldeasturias.com\/noticias\/author\/admin\/","name":"El Digital de Asturias","image":{"@type":"ImageObject","@id":"https:\/\/www.eldigitaldeasturias.com\/noticias\/crisis-energetica-alemania-eleva-el-nivel-de-alarma-por-la-crisis-del-gas-ruso\/#authorImage","url":"https:\/\/www.eldigitaldeasturias.com\/noticias\/wp-content\/litespeed\/avatar\/18677e78aa0546b92d9dbf31ec7d7668.jpg?ver=1777290358","width":96,"height":96,"caption":"El Digital de Asturias"}},{"@type":"WebPage","@id":"https:\/\/www.eldigitaldeasturias.com\/noticias\/crisis-energetica-alemania-eleva-el-nivel-de-alarma-por-la-crisis-del-gas-ruso\/#webpage","url":"https:\/\/www.eldigitaldeasturias.com\/noticias\/crisis-energetica-alemania-eleva-el-nivel-de-alarma-por-la-crisis-del-gas-ruso\/","name":"Crisis energ\u00e9tica: Alemania eleva el nivel de alarma por la crisis del gas ruso - El Digital de Asturias","description":"(EP) - El Gobierno de Alemania ha elevado a una segunda fase el nivel de alarma por la crisis energ\u00e9tica a causa de la amenaza de Rusia","inLanguage":"es-ES","isPartOf":{"@id":"https:\/\/www.eldigitaldeasturias.com\/noticias\/#website"},"breadcrumb":{"@id":"https:\/\/www.eldigitaldeasturias.com\/noticias\/crisis-energetica-alemania-eleva-el-nivel-de-alarma-por-la-crisis-del-gas-ruso\/#breadcrumblist"},"author":{"@id":"https:\/\/www.eldigitaldeasturias.com\/noticias\/author\/admin\/#author"},"creator":{"@id":"https:\/\/www.eldigitaldeasturias.com\/noticias\/author\/admin\/#author"},"image":{"@type":"ImageObject","url":"https:\/\/www.eldigitaldeasturias.com\/noticias\/wp-content\/uploads\/2022\/06\/central-electrica.jpg","@id":"https:\/\/www.eldigitaldeasturias.com\/noticias\/crisis-energetica-alemania-eleva-el-nivel-de-alarma-por-la-crisis-del-gas-ruso\/#mainImage","width":1004,"height":660,"caption":"La central el\u00e9ctrica de carb\u00f3n J\u00e4nschwalde, en el noreste de Alemania. Foto: Patrick Pleul\/dpa"},"primaryImageOfPage":{"@id":"https:\/\/www.eldigitaldeasturias.com\/noticias\/crisis-energetica-alemania-eleva-el-nivel-de-alarma-por-la-crisis-del-gas-ruso\/#mainImage"},"datePublished":"2022-06-23T11:34:30+02:00","dateModified":"2022-06-23T11:34:30+02:00"},{"@type":"WebSite","@id":"https:\/\/www.eldigitaldeasturias.com\/noticias\/#website","url":"https:\/\/www.eldigitaldeasturias.com\/noticias\/","name":"El Digital de Asturias - Diario de actualidad y noticias","alternateName":"El Digital de Asturias - Diario de actualidad y noticias","description":"Hemeroteca","inLanguage":"es-ES","publisher":{"@id":"https:\/\/www.eldigitaldeasturias.com\/noticias\/#organization"}}]},"og:locale":"es_ES","og:site_name":"El Digital de Asturias","og:type":"article","og:title":"Crisis energ\u00e9tica: Alemania eleva el nivel de alarma por la crisis del gas ruso - El Digital de Asturias","og:description":"(EP) - El Gobierno de Alemania ha elevado a una segunda fase el nivel de alarma por la crisis energ\u00e9tica a causa de la amenaza de Rusia","og:url":"https:\/\/www.eldigitaldeasturias.com\/noticias\/crisis-energetica-alemania-eleva-el-nivel-de-alarma-por-la-crisis-del-gas-ruso\/","og:image":"https:\/\/www.eldigitaldeasturias.com\/noticias\/wp-content\/uploads\/2022\/06\/central-electrica.jpg","og:image:secure_url":"https:\/\/www.eldigitaldeasturias.com\/noticias\/wp-content\/uploads\/2022\/06\/central-electrica.jpg","og:image:width":1004,"og:image:height":660,"article:tag":["econom\u00eda"],"article:published_time":"2022-06-23T09:34:30+00:00","article:modified_time":"2022-06-23T09:34:30+00:00","article:publisher":"https:\/\/facebook.com\/eldigitaldeasturias","twitter:card":"summary_large_image","twitter:title":"Crisis energ\u00e9tica: Alemania eleva el nivel de alarma por la crisis del gas ruso - El Digital de Asturias","twitter:description":"(EP) - El Gobierno de Alemania ha elevado a una segunda fase el nivel de alarma por la crisis energ\u00e9tica a causa de la amenaza de Rusia","twitter:image":"https:\/\/www.eldigitaldeasturias.com\/noticias\/wp-content\/uploads\/2022\/06\/central-electrica.jpg","twitter:label1":"Escrito por","twitter:data1":"El Digital de Asturias","twitter:label2":"Tiempo de lectura estimado","twitter:data2":"2 minutos"},"aioseo_meta_data":{"post_id":"1112849","title":null,"description":"(EP) - El Gobierno de Alemania ha elevado a una segunda fase el nivel de alarma por la crisis energ\u00e9tica a causa de la amenaza de Rusia","keywords":[],"keyphrases":{"focus":{"keyphrase":"crisis","score":80,"analysis":{"keyphraseInTitle":{"title":"Focus keyphrase in SEO title","description":"Focus keyphrase found in SEO title.","score":9,"maxScore":9,"error":0},"keyphraseInDescription":{"title":"Focus keyphrase in meta description","description":"Focus keyphrase found in meta description.","score":9,"maxScore":9,"error":0},"keyphraseLength":{"title":"Focus keyphrase length","description":"Good job!","score":9,"maxScore":9,"error":0,"length":1},"keyphraseInURL":{"title":"Focus keyphrase in URL","description":"Focus keyphrase not found in the URL.","score":1,"maxScore":5,"error":1},"keyphraseInIntroduction":{"title":"Focus keyphrase in introduction","description":"Your Focus keyphrase appears in the first paragraph. Well done!","score":9,"maxScore":9,"error":0},"keyphraseInSubHeadings":[],"keyphraseInImageAlt":{"title":"Focus keyphrase in image alt attributes","description":"Focus keyphrase not found in image alt attribute(s). Add an image with your Focus keyphrase as alt text.","score":3,"maxScore":9,"error":1}}},"additional":[{"keyphrase":"Alemania","score":83,"analysis":{"keyphraseInDescription":{"title":"Keyphrase in meta description","description":"Keyphrase found in meta description.","score":9,"maxScore":9,"error":0},"keyphraseLength":{"title":"Keyphrase length","description":"Good job!","score":9,"maxScore":9,"error":0,"length":1},"keyphraseInIntroduction":{"title":"Keyphrase in introduction","description":"Your Keyphrase appears in the first paragraph. Well done!","score":9,"maxScore":9,"error":0},"keyphraseInImageAlt":{"title":"Keyphrase in image alt attributes","description":"Keyphrase not found in image alt attribute(s). Add an image with your Keyphrase as alt text.","score":3,"maxScore":9,"error":1}}},{"keyphrase":"crisis energ\u00e9tica","score":83,"analysis":{"keyphraseInDescription":{"title":"Keyphrase in meta description","description":"Keyphrase found in meta description.","score":9,"maxScore":9,"error":0},"keyphraseLength":{"title":"Keyphrase length","description":"Good job!","score":9,"maxScore":9,"error":0,"length":2},"keyphraseInIntroduction":{"title":"Keyphrase in introduction","description":"Your Keyphrase appears in the first paragraph. Well done!","score":9,"maxScore":9,"error":0},"keyphraseInImageAlt":{"title":"Keyphrase in image alt attributes","description":"Keyphrase not found in image alt attribute(s). Add an image with your Keyphrase as alt text.","score":3,"maxScore":9,"error":1}}}]},"primary_term":null,"canonical_url":null,"og_title":null,"og_description":null,"og_object_type":"default","og_image_type":"default","og_image_url":null,"og_image_width":null,"og_image_height":null,"og_image_custom_url":null,"og_image_custom_fields":null,"og_video":"","og_custom_url":null,"og_article_section":null,"og_article_tags":[],"twitter_use_og":false,"twitter_card":"default","twitter_image_type":"default","twitter_image_url":null,"twitter_image_custom_url":null,"twitter_image_custom_fields":null,"twitter_title":null,"twitter_description":null,"schema":{"blockGraphs":[],"customGraphs":[],"default":{"data":{"Article":[],"Course":[],"Dataset":[],"FAQPage":[],"Movie":[],"Person":[],"Product":[],"ProductReview":[],"Car":[],"Recipe":[],"Service":[],"SoftwareApplication":[],"WebPage":[]},"graphName":"","isEnabled":true},"graphs":[],"defaultGraph":"Article","defaultPostTypeGraph":""},"schema_type":"default","schema_type_options":"{\"article\":{\"articleType\":\"BlogPosting\"},\"course\":{\"name\":\"\",\"description\":\"\",\"provider\":\"\"},\"faq\":{\"pages\":[]},\"product\":{\"reviews\":[]},\"recipe\":{\"ingredients\":[],\"instructions\":[],\"keywords\":[]},\"software\":{\"reviews\":[],\"operatingSystems\":[]},\"webPage\":{\"webPageType\":\"WebPage\"}}","pillar_content":false,"robots_default":true,"robots_noindex":false,"robots_noarchive":false,"robots_nosnippet":false,"robots_nofollow":false,"robots_noimageindex":false,"robots_noodp":false,"robots_notranslate":false,"robots_max_snippet":"-1","robots_max_videopreview":"-1","robots_max_imagepreview":"large","priority":null,"frequency":"default","local_seo":null,"seo_analyzer_scan_date":"2025-10-02 23:34:11","breadcrumb_settings":null,"limit_modified_date":false,"open_ai":null,"ai":null,"created":"2022-06-23 09:31:12","updated":"2025-10-02 23:34:11"},"aioseo_breadcrumb":"<div class=\"aioseo-breadcrumbs\"><span class=\"aioseo-breadcrumb\">\n\t<a href=\"https:\/\/www.eldigitaldeasturias.com\/noticias\" title=\"Home\">Home<\/a>\n<\/span><span class=\"aioseo-breadcrumb-separator\">\u2013<\/span><span class=\"aioseo-breadcrumb\">\n\t<a href=\"https:\/\/www.eldigitaldeasturias.com\/noticias\/category\/economia\/\" title=\"Econom\u00eda\">Econom\u00eda<\/a>\n<\/span><span class=\"aioseo-breadcrumb-separator\">\u2013<\/span><span class=\"aioseo-breadcrumb\">\n\t<a href=\"https:\/\/www.eldigitaldeasturias.com\/noticias\/crisis-energetica-alemania-eleva-el-nivel-de-alarma-por-la-crisis-del-gas-ruso\/\" title=\"Crisis energ\u00e9tica: Alemania eleva el nivel de alarma por la crisis del gas ruso\">Crisis energ\u00e9tica: Alemania eleva el nivel de alarma por la crisis del gas ruso<\/a>\n<\/span><\/div>","aioseo_breadcrumb_json":[{"label":"Home","link":"https:\/\/www.eldigitaldeasturias.com\/noticias"},{"label":"Econom\u00eda","link":"https:\/\/www.eldigitaldeasturias.com\/noticias\/category\/economia\/"},{"label":"Crisis energ\u00e9tica: Alemania eleva el nivel de alarma por la crisis del gas ruso","link":"https:\/\/www.eldigitaldeasturias.com\/noticias\/crisis-energetica-alemania-eleva-el-nivel-de-alarma-por-la-crisis-del-gas-ruso\/"}],"_links":{"self":[{"href":"https:\/\/www.eldigitaldeasturias.com\/noticias\/wp-json\/wp\/v2\/posts\/1112849","targetHints":{"allow":["GET"]}}],"collection":[{"href":"https:\/\/www.eldigitaldeasturias.com\/noticias\/wp-json\/wp\/v2\/posts"}],"about":[{"href":"https:\/\/www.eldigitaldeasturias.com\/noticias\/wp-json\/wp\/v2\/types\/post"}],"author":[{"embeddable":true,"href":"https:\/\/www.eldigitaldeasturias.com\/noticias\/wp-json\/wp\/v2\/users\/1"}],"replies":[{"embeddable":true,"href":"https:\/\/www.eldigitaldeasturias.com\/noticias\/wp-json\/wp\/v2\/comments?post=1112849"}],"version-history":[{"count":0,"href":"https:\/\/www.eldigitaldeasturias.com\/noticias\/wp-json\/wp\/v2\/posts\/1112849\/revisions"}],"wp:featuredmedia":[{"embeddable":true,"href":"https:\/\/www.eldigitaldeasturias.com\/noticias\/wp-json\/wp\/v2\/media\/1112616"}],"wp:attachment":[{"href":"https:\/\/www.eldigitaldeasturias.com\/noticias\/wp-json\/wp\/v2\/media?parent=1112849"}],"wp:term":[{"taxonomy":"category","embeddable":true,"href":"https:\/\/www.eldigitaldeasturias.com\/noticias\/wp-json\/wp\/v2\/categories?post=1112849"},{"taxonomy":"post_tag","embeddable":true,"href":"https:\/\/www.eldigitaldeasturias.com\/noticias\/wp-json\/wp\/v2\/tags?post=1112849"}],"curies":[{"name":"wp","href":"https:\/\/api.w.org\/{rel}","templated":true}]}}