{"id":1112615,"date":"2022-06-19T17:01:59","date_gmt":"2022-06-19T15:01:59","guid":{"rendered":"https:\/\/www.eldigitaldeasturias.com\/noticias\/?p=1112615"},"modified":"2022-06-19T17:01:59","modified_gmt":"2022-06-19T15:01:59","slug":"alemania-planea-medidas-adicionales-para-reducir-el-consumo-de-gas","status":"publish","type":"post","link":"https:\/\/www.eldigitaldeasturias.com\/noticias\/alemania-planea-medidas-adicionales-para-reducir-el-consumo-de-gas\/","title":{"rendered":"Alemania planea medidas adicionales para reducir el consumo de gas"},"content":{"rendered":"<p>Berl\u00edn, 19 jun (dpa) &#8211; El ministro alem\u00e1n de Econom\u00eda, Robert Habeck, planea medidas adicionales para reducir el <a href=\"https:\/\/www.eldigitaldeasturias.com\/noticias\/nueva-ley-de-almacenamiento-de-gas-en-alemania\/\"><span style=\"color: #ff6600;\"><strong>consumo de gas<\/strong><\/span><\/a> y sustituir los suministros ante la reducci\u00f3n de las entregas de gas de Rusia, seg\u00fan planes a los que tuvo acceso <a href=\"https:\/\/www.dpa.com\/es\/\" target=\"_blank\" rel=\"noopener\"><span style=\"color: #ff6600;\"><strong>dpa<\/strong><\/span><\/a>.<\/p>\n<figure id=\"attachment_1112616\" aria-describedby=\"caption-attachment-1112616\" style=\"width: 650px\" class=\"wp-caption aligncenter\"><img loading=\"lazy\" decoding=\"async\" class=\"wp-image-1112616 size-large\" src=\"https:\/\/www.eldigitaldeasturias.com\/noticias\/wp-content\/uploads\/2022\/06\/central-electrica-650x427.jpg\" alt=\"central el\u00e9ctrica\" width=\"650\" height=\"427\" srcset=\"https:\/\/www.eldigitaldeasturias.com\/noticias\/wp-content\/uploads\/2022\/06\/central-electrica-650x427.jpg 650w, https:\/\/www.eldigitaldeasturias.com\/noticias\/wp-content\/uploads\/2022\/06\/central-electrica-360x237.jpg 360w, https:\/\/www.eldigitaldeasturias.com\/noticias\/wp-content\/uploads\/2022\/06\/central-electrica-456x300.jpg 456w, https:\/\/www.eldigitaldeasturias.com\/noticias\/wp-content\/uploads\/2022\/06\/central-electrica-768x505.jpg 768w, https:\/\/www.eldigitaldeasturias.com\/noticias\/wp-content\/uploads\/2022\/06\/central-electrica-150x99.jpg 150w, https:\/\/www.eldigitaldeasturias.com\/noticias\/wp-content\/uploads\/2022\/06\/central-electrica-450x296.jpg 450w, https:\/\/www.eldigitaldeasturias.com\/noticias\/wp-content\/uploads\/2022\/06\/central-electrica.jpg 1004w\" sizes=\"auto, (max-width: 650px) 100vw, 650px\" \/><figcaption id=\"caption-attachment-1112616\" class=\"wp-caption-text\">La central el\u00e9ctrica de carb\u00f3n J\u00e4nschwalde, en el noreste de Alemania. Foto: Patrick Pleul\/dpa<\/figcaption><\/figure>\n<p>Tales planes indican que se reducir\u00e1 el uso de gas para la generaci\u00f3n de energ\u00eda y la industria y se priorizar\u00e1 el llenado de las instalaciones de almacenamiento de cara al invierno.<\/p>\n<p>El Gobierno del canciller Olaf Scholz est\u00e1 aportando miles de millones de fondos para financiar las medidas, seg\u00fan supo dpa de c\u00edrculos gubernamentales.<\/p>\n<p>Adem\u00e1s, el ministro Habeck, del partido Los Verdes, que gobierna en coalici\u00f3n con los socialdem\u00f3cratas de Scholz y los liberales (FDP), indic\u00f3 que se van a utilizar m\u00e1s centrales el\u00e9ctricas de carb\u00f3n para compensar el d\u00e9ficit.<\/p>\n<p>En un documento de cinco p\u00e1ginas obtenido por dpa, Habeck afirma que \u00abel consumo de gas debe seguir bajando, y m\u00e1s gas debe ir a las instalaciones de almacenamiento, ya que, de lo contrario, estar\u00e1 muy ajustado en invierno\u00bb.<\/p>\n<p>Habeck tambi\u00e9n propuso medidas para reducir el consumo privado de energ\u00eda, como la limitaci\u00f3n de la calefacci\u00f3n dom\u00e9stica.<\/p>\n<blockquote><p>Pero el canciller Scholz se mostr\u00f3 contrario a discutir \u00abmedidas individuales\u00bb sin tener un plan global, seg\u00fan indic\u00f3 en una entrevista con dpa el viernes.<\/p><\/blockquote>\n<p>La empresa energ\u00e9tica estatal rusa Gazprom redujo significativamente el flujo de gas a trav\u00e9s del gasoducto Nord Stream 1 del mar B\u00e1ltico en los \u00faltimos d\u00edas, y lo justific\u00f3 diciendo que ha habido retrasos en la reparaci\u00f3n de las turbinas de los compresores por parte de la empresa Siemens Energy.<\/p>\n<p>Habeck critic\u00f3 que la medida tuvo motivos pol\u00edticos y explic\u00f3 que piezas que faltan todav\u00eda pueden ser sustituidas y que las instalaciones de almacenamiento de gas se siguen llenando, aunque a precios m\u00e1s altos.<\/p>\n<p>El Gobierno alem\u00e1n planea una l\u00ednea de cr\u00e9dito adicional de 15.000 millones de euros (15.700 millones de d\u00f3lares) a trav\u00e9s del banco estatal KfW, seg\u00fan fuentes de dpa.<\/p>\n<p>Habeck tambi\u00e9n tiene previsto introducir un modelo de subasta de gas este verano europeo. Se trata de ofrecer incentivos a los consumidores de gas industrial para que ahorren gas.<\/p>\n<p>En esencia, la idea es que los clientes industriales que puedan prescindir del gas reduzcan su consumo a cambio de una compensaci\u00f3n econ\u00f3mica y pongan el gas a disposici\u00f3n para llenar los dep\u00f3sitos.<\/p>\n<p>Por su parte, el Partido Liberal pidi\u00f3 que Alemania revisara su prohibici\u00f3n del \u00abfracking\u00bb, un controvertido proceso por el que se extrae petr\u00f3leo y gas de la roca de esquisto mediante productos qu\u00edmicos y presi\u00f3n.<\/p>\n<p>\u00abComo demuestran los estudios cient\u00edficos, bajo las normas de seguridad modernas el &#8216;fracking&#8217; no causa ning\u00fan da\u00f1o medioambiental relevante\u00bb, declar\u00f3 el director parlamentario del FDP, Torsten Herbst, al dominical \u00abWelt am Sonntag\u00bb.<\/p>\n<p>Herbst argument\u00f3 que quienes lo importan de Estados Unidos no pueden oponerse a la promoci\u00f3n del \u00abfracking\u00bb seguro en Alemania.<\/p>\n","protected":false},"excerpt":{"rendered":"<p>Berl\u00edn, 19 jun (dpa) &#8211; El ministro alem\u00e1n de Econom\u00eda, Robert Habeck, planea medidas adicionales para reducir el consumo de gas y sustituir los suministros ante la reducci\u00f3n de las entregas de gas de Rusia, seg\u00fan planes a los que tuvo acceso dpa. Tales planes indican que se reducir\u00e1 el uso de gas para la [&hellip;]<\/p>\n","protected":false},"author":1,"featured_media":1112616,"comment_status":"closed","ping_status":"closed","sticky":false,"template":"","format":"standard","meta":{"footnotes":""},"categories":[187],"tags":[],"class_list":["post-1112615","post","type-post","status-publish","format-standard","has-post-thumbnail","hentry","category-economia"],"aioseo_notices":[],"aioseo_head":"\n\t\t<!-- All in One SEO Pro 4.9.6.2 - aioseo.com -->\n\t<meta name=\"description\" content=\"Berl\u00edn, 19 jun (dpa) - El ministro alem\u00e1n de Econom\u00eda, Robert Habeck, planea medidas adicionales para reducir el consumo de gas y sustituir los suministros\" \/>\n\t<meta name=\"robots\" content=\"max-image-preview:large\" \/>\n\t<meta name=\"author\" content=\"El Digital de Asturias\"\/>\n\t<meta name=\"google-site-verification\" content=\"UA-38556648-1\" \/>\n\t<meta name=\"msvalidate.01\" content=\"7dfe9f3f1b24437ab69f4f2559babe99\" \/>\n\t<meta name=\"keywords\" content=\"econom\u00eda\" \/>\n\t<link rel=\"canonical\" href=\"https:\/\/www.eldigitaldeasturias.com\/noticias\/alemania-planea-medidas-adicionales-para-reducir-el-consumo-de-gas\/\" \/>\n\t<meta name=\"generator\" content=\"All in One SEO Pro (AIOSEO) 4.9.6.2\" \/>\n\t\t<meta property=\"og:locale\" content=\"es_ES\" \/>\n\t\t<meta property=\"og:site_name\" content=\"El Digital de Asturias\" \/>\n\t\t<meta property=\"og:type\" content=\"article\" \/>\n\t\t<meta property=\"og:title\" content=\"Alemania planea medidas adicionales para reducir el consumo de gas - El Digital de Asturias\" \/>\n\t\t<meta property=\"og:description\" content=\"Berl\u00edn, 19 jun (dpa) - El ministro alem\u00e1n de Econom\u00eda, Robert Habeck, planea medidas adicionales para reducir el consumo de gas y sustituir los suministros\" \/>\n\t\t<meta property=\"og:url\" content=\"https:\/\/www.eldigitaldeasturias.com\/noticias\/alemania-planea-medidas-adicionales-para-reducir-el-consumo-de-gas\/\" \/>\n\t\t<meta property=\"og:image\" content=\"https:\/\/www.eldigitaldeasturias.com\/noticias\/wp-content\/uploads\/2022\/06\/central-electrica.jpg\" \/>\n\t\t<meta property=\"og:image:secure_url\" content=\"https:\/\/www.eldigitaldeasturias.com\/noticias\/wp-content\/uploads\/2022\/06\/central-electrica.jpg\" \/>\n\t\t<meta property=\"og:image:width\" content=\"1004\" \/>\n\t\t<meta property=\"og:image:height\" content=\"660\" \/>\n\t\t<meta property=\"article:tag\" content=\"econom\u00eda\" \/>\n\t\t<meta property=\"article:published_time\" content=\"2022-06-19T15:01:59+00:00\" \/>\n\t\t<meta property=\"article:modified_time\" content=\"2022-06-19T15:01:59+00:00\" \/>\n\t\t<meta property=\"article:publisher\" content=\"https:\/\/facebook.com\/eldigitaldeasturias\" \/>\n\t\t<meta name=\"twitter:card\" content=\"summary_large_image\" \/>\n\t\t<meta name=\"twitter:title\" content=\"Alemania planea medidas adicionales para reducir el consumo de gas - El Digital de Asturias\" \/>\n\t\t<meta name=\"twitter:description\" content=\"Berl\u00edn, 19 jun (dpa) - El ministro alem\u00e1n de Econom\u00eda, Robert Habeck, planea medidas adicionales para reducir el consumo de gas y sustituir los suministros\" \/>\n\t\t<meta name=\"twitter:image\" content=\"https:\/\/www.eldigitaldeasturias.com\/noticias\/wp-content\/uploads\/2022\/06\/central-electrica.jpg\" \/>\n\t\t<meta name=\"twitter:label1\" content=\"Escrito por\" \/>\n\t\t<meta name=\"twitter:data1\" content=\"El Digital de Asturias\" \/>\n\t\t<meta name=\"twitter:label2\" content=\"Tiempo de lectura estimado\" \/>\n\t\t<meta name=\"twitter:data2\" content=\"3 minutos\" \/>\n\t\t<script type=\"application\/ld+json\" class=\"aioseo-schema\">\n\t\t\t{\"@context\":\"https:\\\/\\\/schema.org\",\"@graph\":[{\"@type\":\"BlogPosting\",\"@id\":\"https:\\\/\\\/www.eldigitaldeasturias.com\\\/noticias\\\/alemania-planea-medidas-adicionales-para-reducir-el-consumo-de-gas\\\/#blogposting\",\"name\":\"Alemania planea medidas adicionales para reducir el consumo de gas - El Digital de Asturias\",\"headline\":\"Alemania planea medidas adicionales para reducir el consumo de gas\",\"author\":{\"@id\":\"https:\\\/\\\/www.eldigitaldeasturias.com\\\/noticias\\\/author\\\/admin\\\/#author\"},\"publisher\":{\"@id\":\"https:\\\/\\\/www.eldigitaldeasturias.com\\\/noticias\\\/#organization\"},\"image\":{\"@type\":\"ImageObject\",\"url\":\"https:\\\/\\\/www.eldigitaldeasturias.com\\\/noticias\\\/wp-content\\\/uploads\\\/2022\\\/06\\\/central-electrica.jpg\",\"width\":1004,\"height\":660,\"caption\":\"La central el\\u00e9ctrica de carb\\u00f3n J\\u00e4nschwalde, en el noreste de Alemania. Foto: Patrick Pleul\\\/dpa\"},\"datePublished\":\"2022-06-19T17:01:59+02:00\",\"dateModified\":\"2022-06-19T17:01:59+02:00\",\"inLanguage\":\"es-ES\",\"mainEntityOfPage\":{\"@id\":\"https:\\\/\\\/www.eldigitaldeasturias.com\\\/noticias\\\/alemania-planea-medidas-adicionales-para-reducir-el-consumo-de-gas\\\/#webpage\"},\"isPartOf\":{\"@id\":\"https:\\\/\\\/www.eldigitaldeasturias.com\\\/noticias\\\/alemania-planea-medidas-adicionales-para-reducir-el-consumo-de-gas\\\/#webpage\"},\"articleSection\":\"Econom\\u00eda\"},{\"@type\":\"BreadcrumbList\",\"@id\":\"https:\\\/\\\/www.eldigitaldeasturias.com\\\/noticias\\\/alemania-planea-medidas-adicionales-para-reducir-el-consumo-de-gas\\\/#breadcrumblist\",\"itemListElement\":[{\"@type\":\"ListItem\",\"@id\":\"https:\\\/\\\/www.eldigitaldeasturias.com\\\/noticias#listItem\",\"position\":1,\"name\":\"Home\",\"item\":\"https:\\\/\\\/www.eldigitaldeasturias.com\\\/noticias\",\"nextItem\":{\"@type\":\"ListItem\",\"@id\":\"https:\\\/\\\/www.eldigitaldeasturias.com\\\/noticias\\\/category\\\/economia\\\/#listItem\",\"name\":\"Econom\\u00eda\"}},{\"@type\":\"ListItem\",\"@id\":\"https:\\\/\\\/www.eldigitaldeasturias.com\\\/noticias\\\/category\\\/economia\\\/#listItem\",\"position\":2,\"name\":\"Econom\\u00eda\",\"item\":\"https:\\\/\\\/www.eldigitaldeasturias.com\\\/noticias\\\/category\\\/economia\\\/\",\"nextItem\":{\"@type\":\"ListItem\",\"@id\":\"https:\\\/\\\/www.eldigitaldeasturias.com\\\/noticias\\\/alemania-planea-medidas-adicionales-para-reducir-el-consumo-de-gas\\\/#listItem\",\"name\":\"Alemania planea medidas adicionales para reducir el consumo de gas\"},\"previousItem\":{\"@type\":\"ListItem\",\"@id\":\"https:\\\/\\\/www.eldigitaldeasturias.com\\\/noticias#listItem\",\"name\":\"Home\"}},{\"@type\":\"ListItem\",\"@id\":\"https:\\\/\\\/www.eldigitaldeasturias.com\\\/noticias\\\/alemania-planea-medidas-adicionales-para-reducir-el-consumo-de-gas\\\/#listItem\",\"position\":3,\"name\":\"Alemania planea medidas adicionales para reducir el consumo de gas\",\"previousItem\":{\"@type\":\"ListItem\",\"@id\":\"https:\\\/\\\/www.eldigitaldeasturias.com\\\/noticias\\\/category\\\/economia\\\/#listItem\",\"name\":\"Econom\\u00eda\"}}]},{\"@type\":\"Organization\",\"@id\":\"https:\\\/\\\/www.eldigitaldeasturias.com\\\/noticias\\\/#organization\",\"name\":\"El Digital de Asturias\",\"description\":\"Hemeroteca\",\"url\":\"https:\\\/\\\/www.eldigitaldeasturias.com\\\/noticias\\\/\",\"email\":\"info@eldigitaldeasturias.com\",\"telephone\":\"+34652131393\",\"logo\":{\"@type\":\"ImageObject\",\"url\":\"https:\\\/\\\/www.eldigitaldeasturias.com\\\/noticias\\\/wp-content\\\/uploads\\\/2020\\\/12\\\/EDA.jpg\",\"@id\":\"https:\\\/\\\/www.eldigitaldeasturias.com\\\/noticias\\\/alemania-planea-medidas-adicionales-para-reducir-el-consumo-de-gas\\\/#organizationLogo\",\"width\":649,\"height\":297},\"image\":{\"@id\":\"https:\\\/\\\/www.eldigitaldeasturias.com\\\/noticias\\\/alemania-planea-medidas-adicionales-para-reducir-el-consumo-de-gas\\\/#organizationLogo\"},\"sameAs\":[\"https:\\\/\\\/facebook.com\\\/eldigitaldeasturias\",\"https:\\\/\\\/www.youtube.com\\\/channel\\\/UCZP-2wLEB9Rv6erhFmqVnvg\"],\"address\":{\"@id\":\"https:\\\/\\\/www.eldigitaldeasturias.com\\\/noticias\\\/#postaladdress\",\"@type\":\"PostalAddress\",\"streetAddress\":\"san antonio 4,\",\"postalCode\":\"33430\",\"addressLocality\":\"Cand\\u00e1s\",\"addressRegion\":\"Asturias\",\"addressCountry\":\"ES\"}},{\"@type\":\"Person\",\"@id\":\"https:\\\/\\\/www.eldigitaldeasturias.com\\\/noticias\\\/author\\\/admin\\\/#author\",\"url\":\"https:\\\/\\\/www.eldigitaldeasturias.com\\\/noticias\\\/author\\\/admin\\\/\",\"name\":\"El Digital de Asturias\",\"image\":{\"@type\":\"ImageObject\",\"@id\":\"https:\\\/\\\/www.eldigitaldeasturias.com\\\/noticias\\\/alemania-planea-medidas-adicionales-para-reducir-el-consumo-de-gas\\\/#authorImage\",\"url\":\"https:\\\/\\\/www.eldigitaldeasturias.com\\\/noticias\\\/wp-content\\\/litespeed\\\/avatar\\\/18677e78aa0546b92d9dbf31ec7d7668.jpg?ver=1777290358\",\"width\":96,\"height\":96,\"caption\":\"El Digital de Asturias\"}},{\"@type\":\"WebPage\",\"@id\":\"https:\\\/\\\/www.eldigitaldeasturias.com\\\/noticias\\\/alemania-planea-medidas-adicionales-para-reducir-el-consumo-de-gas\\\/#webpage\",\"url\":\"https:\\\/\\\/www.eldigitaldeasturias.com\\\/noticias\\\/alemania-planea-medidas-adicionales-para-reducir-el-consumo-de-gas\\\/\",\"name\":\"Alemania planea medidas adicionales para reducir el consumo de gas - El Digital de Asturias\",\"description\":\"Berl\\u00edn, 19 jun (dpa) - El ministro alem\\u00e1n de Econom\\u00eda, Robert Habeck, planea medidas adicionales para reducir el consumo de gas y sustituir los suministros\",\"inLanguage\":\"es-ES\",\"isPartOf\":{\"@id\":\"https:\\\/\\\/www.eldigitaldeasturias.com\\\/noticias\\\/#website\"},\"breadcrumb\":{\"@id\":\"https:\\\/\\\/www.eldigitaldeasturias.com\\\/noticias\\\/alemania-planea-medidas-adicionales-para-reducir-el-consumo-de-gas\\\/#breadcrumblist\"},\"author\":{\"@id\":\"https:\\\/\\\/www.eldigitaldeasturias.com\\\/noticias\\\/author\\\/admin\\\/#author\"},\"creator\":{\"@id\":\"https:\\\/\\\/www.eldigitaldeasturias.com\\\/noticias\\\/author\\\/admin\\\/#author\"},\"image\":{\"@type\":\"ImageObject\",\"url\":\"https:\\\/\\\/www.eldigitaldeasturias.com\\\/noticias\\\/wp-content\\\/uploads\\\/2022\\\/06\\\/central-electrica.jpg\",\"@id\":\"https:\\\/\\\/www.eldigitaldeasturias.com\\\/noticias\\\/alemania-planea-medidas-adicionales-para-reducir-el-consumo-de-gas\\\/#mainImage\",\"width\":1004,\"height\":660,\"caption\":\"La central el\\u00e9ctrica de carb\\u00f3n J\\u00e4nschwalde, en el noreste de Alemania. Foto: Patrick Pleul\\\/dpa\"},\"primaryImageOfPage\":{\"@id\":\"https:\\\/\\\/www.eldigitaldeasturias.com\\\/noticias\\\/alemania-planea-medidas-adicionales-para-reducir-el-consumo-de-gas\\\/#mainImage\"},\"datePublished\":\"2022-06-19T17:01:59+02:00\",\"dateModified\":\"2022-06-19T17:01:59+02:00\"},{\"@type\":\"WebSite\",\"@id\":\"https:\\\/\\\/www.eldigitaldeasturias.com\\\/noticias\\\/#website\",\"url\":\"https:\\\/\\\/www.eldigitaldeasturias.com\\\/noticias\\\/\",\"name\":\"El Digital de Asturias - Diario de actualidad y noticias\",\"alternateName\":\"El Digital de Asturias - Diario de actualidad y noticias\",\"description\":\"Hemeroteca\",\"inLanguage\":\"es-ES\",\"publisher\":{\"@id\":\"https:\\\/\\\/www.eldigitaldeasturias.com\\\/noticias\\\/#organization\"}}]}\n\t\t<\/script>\n\t\t<!-- All in One SEO Pro -->\r\n\t\t<title>Alemania planea medidas adicionales para reducir el consumo de gas - El Digital de Asturias<\/title>\n\n","aioseo_head_json":{"title":"Alemania planea medidas adicionales para reducir el consumo de gas - El Digital de Asturias","description":"Berl\u00edn, 19 jun (dpa) - El ministro alem\u00e1n de Econom\u00eda, Robert Habeck, planea medidas adicionales para reducir el consumo de gas y sustituir los suministros","canonical_url":"https:\/\/www.eldigitaldeasturias.com\/noticias\/alemania-planea-medidas-adicionales-para-reducir-el-consumo-de-gas\/","robots":"max-image-preview:large","keywords":"econom\u00eda","webmasterTools":{"google-site-verification":"UA-38556648-1","msvalidate.01":"7dfe9f3f1b24437ab69f4f2559babe99","miscellaneous":""},"schema":{"@context":"https:\/\/schema.org","@graph":[{"@type":"BlogPosting","@id":"https:\/\/www.eldigitaldeasturias.com\/noticias\/alemania-planea-medidas-adicionales-para-reducir-el-consumo-de-gas\/#blogposting","name":"Alemania planea medidas adicionales para reducir el consumo de gas - El Digital de Asturias","headline":"Alemania planea medidas adicionales para reducir el consumo de gas","author":{"@id":"https:\/\/www.eldigitaldeasturias.com\/noticias\/author\/admin\/#author"},"publisher":{"@id":"https:\/\/www.eldigitaldeasturias.com\/noticias\/#organization"},"image":{"@type":"ImageObject","url":"https:\/\/www.eldigitaldeasturias.com\/noticias\/wp-content\/uploads\/2022\/06\/central-electrica.jpg","width":1004,"height":660,"caption":"La central el\u00e9ctrica de carb\u00f3n J\u00e4nschwalde, en el noreste de Alemania. Foto: Patrick Pleul\/dpa"},"datePublished":"2022-06-19T17:01:59+02:00","dateModified":"2022-06-19T17:01:59+02:00","inLanguage":"es-ES","mainEntityOfPage":{"@id":"https:\/\/www.eldigitaldeasturias.com\/noticias\/alemania-planea-medidas-adicionales-para-reducir-el-consumo-de-gas\/#webpage"},"isPartOf":{"@id":"https:\/\/www.eldigitaldeasturias.com\/noticias\/alemania-planea-medidas-adicionales-para-reducir-el-consumo-de-gas\/#webpage"},"articleSection":"Econom\u00eda"},{"@type":"BreadcrumbList","@id":"https:\/\/www.eldigitaldeasturias.com\/noticias\/alemania-planea-medidas-adicionales-para-reducir-el-consumo-de-gas\/#breadcrumblist","itemListElement":[{"@type":"ListItem","@id":"https:\/\/www.eldigitaldeasturias.com\/noticias#listItem","position":1,"name":"Home","item":"https:\/\/www.eldigitaldeasturias.com\/noticias","nextItem":{"@type":"ListItem","@id":"https:\/\/www.eldigitaldeasturias.com\/noticias\/category\/economia\/#listItem","name":"Econom\u00eda"}},{"@type":"ListItem","@id":"https:\/\/www.eldigitaldeasturias.com\/noticias\/category\/economia\/#listItem","position":2,"name":"Econom\u00eda","item":"https:\/\/www.eldigitaldeasturias.com\/noticias\/category\/economia\/","nextItem":{"@type":"ListItem","@id":"https:\/\/www.eldigitaldeasturias.com\/noticias\/alemania-planea-medidas-adicionales-para-reducir-el-consumo-de-gas\/#listItem","name":"Alemania planea medidas adicionales para reducir el consumo de gas"},"previousItem":{"@type":"ListItem","@id":"https:\/\/www.eldigitaldeasturias.com\/noticias#listItem","name":"Home"}},{"@type":"ListItem","@id":"https:\/\/www.eldigitaldeasturias.com\/noticias\/alemania-planea-medidas-adicionales-para-reducir-el-consumo-de-gas\/#listItem","position":3,"name":"Alemania planea medidas adicionales para reducir el consumo de gas","previousItem":{"@type":"ListItem","@id":"https:\/\/www.eldigitaldeasturias.com\/noticias\/category\/economia\/#listItem","name":"Econom\u00eda"}}]},{"@type":"Organization","@id":"https:\/\/www.eldigitaldeasturias.com\/noticias\/#organization","name":"El Digital de Asturias","description":"Hemeroteca","url":"https:\/\/www.eldigitaldeasturias.com\/noticias\/","email":"info@eldigitaldeasturias.com","telephone":"+34652131393","logo":{"@type":"ImageObject","url":"https:\/\/www.eldigitaldeasturias.com\/noticias\/wp-content\/uploads\/2020\/12\/EDA.jpg","@id":"https:\/\/www.eldigitaldeasturias.com\/noticias\/alemania-planea-medidas-adicionales-para-reducir-el-consumo-de-gas\/#organizationLogo","width":649,"height":297},"image":{"@id":"https:\/\/www.eldigitaldeasturias.com\/noticias\/alemania-planea-medidas-adicionales-para-reducir-el-consumo-de-gas\/#organizationLogo"},"sameAs":["https:\/\/facebook.com\/eldigitaldeasturias","https:\/\/www.youtube.com\/channel\/UCZP-2wLEB9Rv6erhFmqVnvg"],"address":{"@id":"https:\/\/www.eldigitaldeasturias.com\/noticias\/#postaladdress","@type":"PostalAddress","streetAddress":"san antonio 4,","postalCode":"33430","addressLocality":"Cand\u00e1s","addressRegion":"Asturias","addressCountry":"ES"}},{"@type":"Person","@id":"https:\/\/www.eldigitaldeasturias.com\/noticias\/author\/admin\/#author","url":"https:\/\/www.eldigitaldeasturias.com\/noticias\/author\/admin\/","name":"El Digital de Asturias","image":{"@type":"ImageObject","@id":"https:\/\/www.eldigitaldeasturias.com\/noticias\/alemania-planea-medidas-adicionales-para-reducir-el-consumo-de-gas\/#authorImage","url":"https:\/\/www.eldigitaldeasturias.com\/noticias\/wp-content\/litespeed\/avatar\/18677e78aa0546b92d9dbf31ec7d7668.jpg?ver=1777290358","width":96,"height":96,"caption":"El Digital de Asturias"}},{"@type":"WebPage","@id":"https:\/\/www.eldigitaldeasturias.com\/noticias\/alemania-planea-medidas-adicionales-para-reducir-el-consumo-de-gas\/#webpage","url":"https:\/\/www.eldigitaldeasturias.com\/noticias\/alemania-planea-medidas-adicionales-para-reducir-el-consumo-de-gas\/","name":"Alemania planea medidas adicionales para reducir el consumo de gas - El Digital de Asturias","description":"Berl\u00edn, 19 jun (dpa) - El ministro alem\u00e1n de Econom\u00eda, Robert Habeck, planea medidas adicionales para reducir el consumo de gas y sustituir los suministros","inLanguage":"es-ES","isPartOf":{"@id":"https:\/\/www.eldigitaldeasturias.com\/noticias\/#website"},"breadcrumb":{"@id":"https:\/\/www.eldigitaldeasturias.com\/noticias\/alemania-planea-medidas-adicionales-para-reducir-el-consumo-de-gas\/#breadcrumblist"},"author":{"@id":"https:\/\/www.eldigitaldeasturias.com\/noticias\/author\/admin\/#author"},"creator":{"@id":"https:\/\/www.eldigitaldeasturias.com\/noticias\/author\/admin\/#author"},"image":{"@type":"ImageObject","url":"https:\/\/www.eldigitaldeasturias.com\/noticias\/wp-content\/uploads\/2022\/06\/central-electrica.jpg","@id":"https:\/\/www.eldigitaldeasturias.com\/noticias\/alemania-planea-medidas-adicionales-para-reducir-el-consumo-de-gas\/#mainImage","width":1004,"height":660,"caption":"La central el\u00e9ctrica de carb\u00f3n J\u00e4nschwalde, en el noreste de Alemania. Foto: Patrick Pleul\/dpa"},"primaryImageOfPage":{"@id":"https:\/\/www.eldigitaldeasturias.com\/noticias\/alemania-planea-medidas-adicionales-para-reducir-el-consumo-de-gas\/#mainImage"},"datePublished":"2022-06-19T17:01:59+02:00","dateModified":"2022-06-19T17:01:59+02:00"},{"@type":"WebSite","@id":"https:\/\/www.eldigitaldeasturias.com\/noticias\/#website","url":"https:\/\/www.eldigitaldeasturias.com\/noticias\/","name":"El Digital de Asturias - Diario de actualidad y noticias","alternateName":"El Digital de Asturias - Diario de actualidad y noticias","description":"Hemeroteca","inLanguage":"es-ES","publisher":{"@id":"https:\/\/www.eldigitaldeasturias.com\/noticias\/#organization"}}]},"og:locale":"es_ES","og:site_name":"El Digital de Asturias","og:type":"article","og:title":"Alemania planea medidas adicionales para reducir el consumo de gas - El Digital de Asturias","og:description":"Berl\u00edn, 19 jun (dpa) - El ministro alem\u00e1n de Econom\u00eda, Robert Habeck, planea medidas adicionales para reducir el consumo de gas y sustituir los suministros","og:url":"https:\/\/www.eldigitaldeasturias.com\/noticias\/alemania-planea-medidas-adicionales-para-reducir-el-consumo-de-gas\/","og:image":"https:\/\/www.eldigitaldeasturias.com\/noticias\/wp-content\/uploads\/2022\/06\/central-electrica.jpg","og:image:secure_url":"https:\/\/www.eldigitaldeasturias.com\/noticias\/wp-content\/uploads\/2022\/06\/central-electrica.jpg","og:image:width":1004,"og:image:height":660,"article:tag":["econom\u00eda"],"article:published_time":"2022-06-19T15:01:59+00:00","article:modified_time":"2022-06-19T15:01:59+00:00","article:publisher":"https:\/\/facebook.com\/eldigitaldeasturias","twitter:card":"summary_large_image","twitter:title":"Alemania planea medidas adicionales para reducir el consumo de gas - El Digital de Asturias","twitter:description":"Berl\u00edn, 19 jun (dpa) - El ministro alem\u00e1n de Econom\u00eda, Robert Habeck, planea medidas adicionales para reducir el consumo de gas y sustituir los suministros","twitter:image":"https:\/\/www.eldigitaldeasturias.com\/noticias\/wp-content\/uploads\/2022\/06\/central-electrica.jpg","twitter:label1":"Escrito por","twitter:data1":"El Digital de Asturias","twitter:label2":"Tiempo de lectura estimado","twitter:data2":"3 minutos"},"aioseo_meta_data":{"post_id":"1112615","title":null,"description":"Berl\u00edn, 19 jun (dpa) - El ministro alem\u00e1n de Econom\u00eda, Robert Habeck, planea medidas adicionales para reducir el consumo de gas y sustituir los suministros","keywords":[],"keyphrases":{"focus":{"keyphrase":"gas","score":80,"analysis":{"keyphraseInTitle":{"title":"Focus keyphrase in SEO title","description":"Focus keyphrase found in SEO title.","score":9,"maxScore":9,"error":0},"keyphraseInDescription":{"title":"Focus keyphrase in meta description","description":"Focus keyphrase found in meta description.","score":9,"maxScore":9,"error":0},"keyphraseLength":{"title":"Focus keyphrase length","description":"Good job!","score":9,"maxScore":9,"error":0,"length":1},"keyphraseInURL":{"title":"Focus keyphrase in URL","description":"Focus keyphrase not found in the URL.","score":1,"maxScore":5,"error":1},"keyphraseInIntroduction":{"title":"Focus keyphrase in introduction","description":"Your Focus keyphrase appears in the first paragraph. Well done!","score":9,"maxScore":9,"error":0},"keyphraseInSubHeadings":[],"keyphraseInImageAlt":{"title":"Focus keyphrase in image alt attributes","description":"Focus keyphrase not found in image alt attribute(s). Add an image with your Focus keyphrase as alt text.","score":3,"maxScore":9,"error":1}}},"additional":[{"keyphrase":"Robert Habeck","score":83,"analysis":{"keyphraseInDescription":{"title":"Keyphrase in meta description","description":"Keyphrase found in meta description.","score":9,"maxScore":9,"error":0},"keyphraseLength":{"title":"Keyphrase length","description":"Good job!","score":9,"maxScore":9,"error":0,"length":2},"keyphraseInIntroduction":{"title":"Keyphrase in introduction","description":"Your Keyphrase appears in the first paragraph. Well done!","score":9,"maxScore":9,"error":0},"keyphraseInImageAlt":{"title":"Keyphrase in image alt attributes","description":"Keyphrase not found in image alt attribute(s). Add an image with your Keyphrase as alt text.","score":3,"maxScore":9,"error":1}}},{"keyphrase":" consumo de gas","score":100,"analysis":{"keyphraseInDescription":{"title":"Keyphrase in meta description","description":"Keyphrase found in meta description.","score":9,"maxScore":9,"error":0},"keyphraseLength":{"title":"Keyphrase length","description":"Good job!","score":9,"maxScore":9,"error":0,"length":3},"keyphraseInIntroduction":{"title":"Keyphrase in introduction","description":"Your Keyphrase appears in the first paragraph. Well done!","score":9,"maxScore":9,"error":0},"keyphraseInImageAlt":{"title":"Keyphrase in image alt attributes","description":"Keyphrase found in image alt attribute(s).","score":9,"maxScore":9,"error":0}}}]},"primary_term":null,"canonical_url":null,"og_title":null,"og_description":null,"og_object_type":"default","og_image_type":"default","og_image_url":null,"og_image_width":null,"og_image_height":null,"og_image_custom_url":null,"og_image_custom_fields":null,"og_video":"","og_custom_url":null,"og_article_section":null,"og_article_tags":[],"twitter_use_og":false,"twitter_card":"default","twitter_image_type":"default","twitter_image_url":null,"twitter_image_custom_url":null,"twitter_image_custom_fields":null,"twitter_title":null,"twitter_description":null,"schema":{"blockGraphs":[],"customGraphs":[],"default":{"data":{"Article":[],"Course":[],"Dataset":[],"FAQPage":[],"Movie":[],"Person":[],"Product":[],"ProductReview":[],"Car":[],"Recipe":[],"Service":[],"SoftwareApplication":[],"WebPage":[]},"graphName":"","isEnabled":true},"graphs":[],"defaultGraph":"Article","defaultPostTypeGraph":""},"schema_type":"default","schema_type_options":"{\"article\":{\"articleType\":\"BlogPosting\"},\"course\":{\"name\":\"\",\"description\":\"\",\"provider\":\"\"},\"faq\":{\"pages\":[]},\"product\":{\"reviews\":[]},\"recipe\":{\"ingredients\":[],\"instructions\":[],\"keywords\":[]},\"software\":{\"reviews\":[],\"operatingSystems\":[]},\"webPage\":{\"webPageType\":\"WebPage\"}}","pillar_content":false,"robots_default":true,"robots_noindex":false,"robots_noarchive":false,"robots_nosnippet":false,"robots_nofollow":false,"robots_noimageindex":false,"robots_noodp":false,"robots_notranslate":false,"robots_max_snippet":"-1","robots_max_videopreview":"-1","robots_max_imagepreview":"large","priority":null,"frequency":"default","local_seo":null,"seo_analyzer_scan_date":"2025-10-02 22:17:26","breadcrumb_settings":null,"limit_modified_date":false,"open_ai":null,"ai":null,"created":"2022-06-19 14:52:53","updated":"2025-10-02 22:17:26"},"aioseo_breadcrumb":"<div class=\"aioseo-breadcrumbs\"><span class=\"aioseo-breadcrumb\">\n\t<a href=\"https:\/\/www.eldigitaldeasturias.com\/noticias\" title=\"Home\">Home<\/a>\n<\/span><span class=\"aioseo-breadcrumb-separator\">\u2013<\/span><span class=\"aioseo-breadcrumb\">\n\t<a href=\"https:\/\/www.eldigitaldeasturias.com\/noticias\/category\/economia\/\" title=\"Econom\u00eda\">Econom\u00eda<\/a>\n<\/span><span class=\"aioseo-breadcrumb-separator\">\u2013<\/span><span class=\"aioseo-breadcrumb\">\n\t<a href=\"https:\/\/www.eldigitaldeasturias.com\/noticias\/alemania-planea-medidas-adicionales-para-reducir-el-consumo-de-gas\/\" title=\"Alemania planea medidas adicionales para reducir el consumo de gas\">Alemania planea medidas adicionales para reducir el consumo de gas<\/a>\n<\/span><\/div>","aioseo_breadcrumb_json":[{"label":"Home","link":"https:\/\/www.eldigitaldeasturias.com\/noticias"},{"label":"Econom\u00eda","link":"https:\/\/www.eldigitaldeasturias.com\/noticias\/category\/economia\/"},{"label":"Alemania planea medidas adicionales para reducir el consumo de gas","link":"https:\/\/www.eldigitaldeasturias.com\/noticias\/alemania-planea-medidas-adicionales-para-reducir-el-consumo-de-gas\/"}],"_links":{"self":[{"href":"https:\/\/www.eldigitaldeasturias.com\/noticias\/wp-json\/wp\/v2\/posts\/1112615","targetHints":{"allow":["GET"]}}],"collection":[{"href":"https:\/\/www.eldigitaldeasturias.com\/noticias\/wp-json\/wp\/v2\/posts"}],"about":[{"href":"https:\/\/www.eldigitaldeasturias.com\/noticias\/wp-json\/wp\/v2\/types\/post"}],"author":[{"embeddable":true,"href":"https:\/\/www.eldigitaldeasturias.com\/noticias\/wp-json\/wp\/v2\/users\/1"}],"replies":[{"embeddable":true,"href":"https:\/\/www.eldigitaldeasturias.com\/noticias\/wp-json\/wp\/v2\/comments?post=1112615"}],"version-history":[{"count":0,"href":"https:\/\/www.eldigitaldeasturias.com\/noticias\/wp-json\/wp\/v2\/posts\/1112615\/revisions"}],"wp:featuredmedia":[{"embeddable":true,"href":"https:\/\/www.eldigitaldeasturias.com\/noticias\/wp-json\/wp\/v2\/media\/1112616"}],"wp:attachment":[{"href":"https:\/\/www.eldigitaldeasturias.com\/noticias\/wp-json\/wp\/v2\/media?parent=1112615"}],"wp:term":[{"taxonomy":"category","embeddable":true,"href":"https:\/\/www.eldigitaldeasturias.com\/noticias\/wp-json\/wp\/v2\/categories?post=1112615"},{"taxonomy":"post_tag","embeddable":true,"href":"https:\/\/www.eldigitaldeasturias.com\/noticias\/wp-json\/wp\/v2\/tags?post=1112615"}],"curies":[{"name":"wp","href":"https:\/\/api.w.org\/{rel}","templated":true}]}}