{"id":1112078,"date":"2022-06-09T20:22:26","date_gmt":"2022-06-09T18:22:26","guid":{"rendered":"https:\/\/www.eldigitaldeasturias.com\/noticias\/?p=1112078"},"modified":"2022-06-09T20:22:26","modified_gmt":"2022-06-09T18:22:26","slug":"clemens-fuest-la-politica-monetaria-del-bce-llega-demasiado-tarde","status":"publish","type":"post","link":"https:\/\/www.eldigitaldeasturias.com\/noticias\/clemens-fuest-la-politica-monetaria-del-bce-llega-demasiado-tarde\/","title":{"rendered":"Clemens Fuest: \u00abLa pol\u00edtica monetaria del BCE llega demasiado tarde\u00bb"},"content":{"rendered":"<p><img loading=\"lazy\" decoding=\"async\" class=\"alignleft size-medium wp-image-1103653\" src=\"https:\/\/www.eldigitaldeasturias.com\/noticias\/wp-content\/uploads\/2022\/01\/economia-360x254.jpg\" alt=\"econom\u00eda\" width=\"360\" height=\"254\" srcset=\"https:\/\/www.eldigitaldeasturias.com\/noticias\/wp-content\/uploads\/2022\/01\/economia-360x254.jpg 360w, https:\/\/www.eldigitaldeasturias.com\/noticias\/wp-content\/uploads\/2022\/01\/economia-425x300.jpg 425w, https:\/\/www.eldigitaldeasturias.com\/noticias\/wp-content\/uploads\/2022\/01\/economia-150x106.jpg 150w, https:\/\/www.eldigitaldeasturias.com\/noticias\/wp-content\/uploads\/2022\/01\/economia-450x318.jpg 450w, https:\/\/www.eldigitaldeasturias.com\/noticias\/wp-content\/uploads\/2022\/01\/economia.jpg 640w\" sizes=\"auto, (max-width: 360px) 100vw, 360px\" \/>M\u00fanich, 9 jun (dpa) &#8211; La subida de los tipos de inter\u00e9s anunciada hoy por el Banco Central Europeo (BCE), de 25 puntos b\u00e1sicos y prevista para julio, llega demasiado tarde, seg\u00fan opin\u00f3 el presidente del instituto alem\u00e1n de investigaci\u00f3n econ\u00f3mica Ifo, Clemens Fuest.<\/p>\n<p>\u00abEra inaceptable que el BCE mantuviera los tipos de inter\u00e9s negativos y la compra de bonos con una inflaci\u00f3n del ocho por ciento hasta hoy\u00bb, coment\u00f3 en la reuni\u00f3n anual de la entidad, celebrada en M\u00fanich.<\/p>\n<p>\u00abLa pol\u00edtica monetaria llega demasiado tarde, de eso no hay duda\u00bb, agreg\u00f3 al reconocer una tendencia hacia la <a href=\"https:\/\/www.eldigitaldeasturias.com\/noticias\/category\/economia\/\"><span style=\"color: #ff6600;\"><strong>recesi\u00f3n econ\u00f3mica<\/strong><\/span><\/a>.<\/p>\n<p>Seg\u00fan explic\u00f3, un endeudamiento a\u00fan mayor con tipos de inter\u00e9s crecientes es peligroso para los pa\u00edses del euro, ya muy endeudados de por s\u00ed. Argument\u00f3 que los Gobiernos tendr\u00e1n que decidir qu\u00e9 gastos son realmente necesarios cuando finalice el tiempo del dinero barato y las compras de bonos por parte del BCE.<\/p>\n<p>Fuest sostuvo que una nueva relajaci\u00f3n de las normas de endeudamiento, que se encuentran suspendidas por el momento, solo ser\u00eda una \u00abse\u00f1al para prestar a\u00fan menos atenci\u00f3n a la sostenibilidad en la pol\u00edtica fiscal que antes\u00bb.<\/p>\n<p>A modo de ejemplo, consider\u00f3 que si muchos conductores atraviesan una ciudad a 100 kil\u00f3metros por hora, a casi nadie se le ocurrir\u00eda sustituir el l\u00edmite establecido de 50 kil\u00f3metros por hora por una regulaci\u00f3n m\u00e1s flexible y con m\u00e1s margen de maniobra dirigida a aquellos que van a toda velocidad.<\/p>\n","protected":false},"excerpt":{"rendered":"<p>M\u00fanich, 9 jun (dpa) &#8211; La subida de los tipos de inter\u00e9s anunciada hoy por el Banco Central Europeo (BCE), de 25 puntos b\u00e1sicos y prevista para julio, llega demasiado tarde, seg\u00fan opin\u00f3 el presidente del instituto alem\u00e1n de investigaci\u00f3n econ\u00f3mica Ifo, Clemens Fuest. \u00abEra inaceptable que el BCE mantuviera los tipos de inter\u00e9s negativos [&hellip;]<\/p>\n","protected":false},"author":1,"featured_media":1103653,"comment_status":"closed","ping_status":"closed","sticky":false,"template":"","format":"standard","meta":{"footnotes":""},"categories":[187],"tags":[],"class_list":["post-1112078","post","type-post","status-publish","format-standard","has-post-thumbnail","hentry","category-economia"],"aioseo_notices":[],"aioseo_head":"\n\t\t<!-- All in One SEO Pro 4.9.6.2 - aioseo.com -->\n\t<meta name=\"description\" content=\"M\u00fanich, 9 jun (dpa) - La subida de los tipos de inter\u00e9s anunciada hoy por el Banco Central Europeo (BCE), de 25 puntos b\u00e1sicos y prevista para julio\" \/>\n\t<meta name=\"robots\" content=\"max-image-preview:large\" \/>\n\t<meta name=\"author\" content=\"El Digital de Asturias\"\/>\n\t<meta name=\"google-site-verification\" content=\"UA-38556648-1\" \/>\n\t<meta name=\"msvalidate.01\" content=\"7dfe9f3f1b24437ab69f4f2559babe99\" \/>\n\t<meta name=\"keywords\" content=\"econom\u00eda\" \/>\n\t<link rel=\"canonical\" href=\"https:\/\/www.eldigitaldeasturias.com\/noticias\/clemens-fuest-la-politica-monetaria-del-bce-llega-demasiado-tarde\/\" \/>\n\t<meta name=\"generator\" content=\"All in One SEO Pro (AIOSEO) 4.9.6.2\" \/>\n\t\t<meta property=\"og:locale\" content=\"es_ES\" \/>\n\t\t<meta property=\"og:site_name\" content=\"El Digital de Asturias\" \/>\n\t\t<meta property=\"og:type\" content=\"article\" \/>\n\t\t<meta property=\"og:title\" content=\"Clemens Fuest: \u00abLa pol\u00edtica monetaria del BCE llega demasiado tarde\u00bb - El Digital de Asturias\" \/>\n\t\t<meta property=\"og:description\" content=\"M\u00fanich, 9 jun (dpa) - La subida de los tipos de inter\u00e9s anunciada hoy por el Banco Central Europeo (BCE), de 25 puntos b\u00e1sicos y prevista para julio\" \/>\n\t\t<meta property=\"og:url\" content=\"https:\/\/www.eldigitaldeasturias.com\/noticias\/clemens-fuest-la-politica-monetaria-del-bce-llega-demasiado-tarde\/\" \/>\n\t\t<meta property=\"og:image\" content=\"https:\/\/www.eldigitaldeasturias.com\/noticias\/wp-content\/uploads\/2022\/01\/economia.jpg\" \/>\n\t\t<meta property=\"og:image:secure_url\" content=\"https:\/\/www.eldigitaldeasturias.com\/noticias\/wp-content\/uploads\/2022\/01\/economia.jpg\" \/>\n\t\t<meta property=\"og:image:width\" content=\"640\" \/>\n\t\t<meta property=\"og:image:height\" content=\"452\" \/>\n\t\t<meta property=\"article:tag\" content=\"econom\u00eda\" \/>\n\t\t<meta property=\"article:published_time\" content=\"2022-06-09T18:22:26+00:00\" \/>\n\t\t<meta property=\"article:modified_time\" content=\"2022-06-09T18:22:26+00:00\" \/>\n\t\t<meta property=\"article:publisher\" content=\"https:\/\/facebook.com\/eldigitaldeasturias\" \/>\n\t\t<meta name=\"twitter:card\" content=\"summary_large_image\" \/>\n\t\t<meta name=\"twitter:title\" content=\"Clemens Fuest: \u00abLa pol\u00edtica monetaria del BCE llega demasiado tarde\u00bb - El Digital de Asturias\" \/>\n\t\t<meta name=\"twitter:description\" content=\"M\u00fanich, 9 jun (dpa) - La subida de los tipos de inter\u00e9s anunciada hoy por el Banco Central Europeo (BCE), de 25 puntos b\u00e1sicos y prevista para julio\" \/>\n\t\t<meta name=\"twitter:image\" content=\"https:\/\/www.eldigitaldeasturias.com\/noticias\/wp-content\/uploads\/2022\/01\/economia.jpg\" \/>\n\t\t<meta name=\"twitter:label1\" content=\"Escrito por\" \/>\n\t\t<meta name=\"twitter:data1\" content=\"El Digital de Asturias\" \/>\n\t\t<meta name=\"twitter:label2\" content=\"Tiempo de lectura estimado\" \/>\n\t\t<meta name=\"twitter:data2\" content=\"1 minuto\" \/>\n\t\t<script type=\"application\/ld+json\" class=\"aioseo-schema\">\n\t\t\t{\"@context\":\"https:\\\/\\\/schema.org\",\"@graph\":[{\"@type\":\"BlogPosting\",\"@id\":\"https:\\\/\\\/www.eldigitaldeasturias.com\\\/noticias\\\/clemens-fuest-la-politica-monetaria-del-bce-llega-demasiado-tarde\\\/#blogposting\",\"name\":\"Clemens Fuest: \\u00abLa pol\\u00edtica monetaria del BCE llega demasiado tarde\\u00bb - El Digital de Asturias\",\"headline\":\"Clemens Fuest: \\u00abLa pol\\u00edtica monetaria del BCE llega demasiado tarde\\u00bb\",\"author\":{\"@id\":\"https:\\\/\\\/www.eldigitaldeasturias.com\\\/noticias\\\/author\\\/admin\\\/#author\"},\"publisher\":{\"@id\":\"https:\\\/\\\/www.eldigitaldeasturias.com\\\/noticias\\\/#organization\"},\"image\":{\"@type\":\"ImageObject\",\"url\":\"https:\\\/\\\/www.eldigitaldeasturias.com\\\/noticias\\\/wp-content\\\/uploads\\\/2022\\\/01\\\/economia.jpg\",\"width\":640,\"height\":452,\"caption\":\"econom\\u00eda\"},\"datePublished\":\"2022-06-09T20:22:26+02:00\",\"dateModified\":\"2022-06-09T20:22:26+02:00\",\"inLanguage\":\"es-ES\",\"mainEntityOfPage\":{\"@id\":\"https:\\\/\\\/www.eldigitaldeasturias.com\\\/noticias\\\/clemens-fuest-la-politica-monetaria-del-bce-llega-demasiado-tarde\\\/#webpage\"},\"isPartOf\":{\"@id\":\"https:\\\/\\\/www.eldigitaldeasturias.com\\\/noticias\\\/clemens-fuest-la-politica-monetaria-del-bce-llega-demasiado-tarde\\\/#webpage\"},\"articleSection\":\"Econom\\u00eda\"},{\"@type\":\"BreadcrumbList\",\"@id\":\"https:\\\/\\\/www.eldigitaldeasturias.com\\\/noticias\\\/clemens-fuest-la-politica-monetaria-del-bce-llega-demasiado-tarde\\\/#breadcrumblist\",\"itemListElement\":[{\"@type\":\"ListItem\",\"@id\":\"https:\\\/\\\/www.eldigitaldeasturias.com\\\/noticias#listItem\",\"position\":1,\"name\":\"Home\",\"item\":\"https:\\\/\\\/www.eldigitaldeasturias.com\\\/noticias\",\"nextItem\":{\"@type\":\"ListItem\",\"@id\":\"https:\\\/\\\/www.eldigitaldeasturias.com\\\/noticias\\\/category\\\/economia\\\/#listItem\",\"name\":\"Econom\\u00eda\"}},{\"@type\":\"ListItem\",\"@id\":\"https:\\\/\\\/www.eldigitaldeasturias.com\\\/noticias\\\/category\\\/economia\\\/#listItem\",\"position\":2,\"name\":\"Econom\\u00eda\",\"item\":\"https:\\\/\\\/www.eldigitaldeasturias.com\\\/noticias\\\/category\\\/economia\\\/\",\"nextItem\":{\"@type\":\"ListItem\",\"@id\":\"https:\\\/\\\/www.eldigitaldeasturias.com\\\/noticias\\\/clemens-fuest-la-politica-monetaria-del-bce-llega-demasiado-tarde\\\/#listItem\",\"name\":\"Clemens Fuest: \\u00abLa pol\\u00edtica monetaria del BCE llega demasiado tarde\\u00bb\"},\"previousItem\":{\"@type\":\"ListItem\",\"@id\":\"https:\\\/\\\/www.eldigitaldeasturias.com\\\/noticias#listItem\",\"name\":\"Home\"}},{\"@type\":\"ListItem\",\"@id\":\"https:\\\/\\\/www.eldigitaldeasturias.com\\\/noticias\\\/clemens-fuest-la-politica-monetaria-del-bce-llega-demasiado-tarde\\\/#listItem\",\"position\":3,\"name\":\"Clemens Fuest: \\u00abLa pol\\u00edtica monetaria del BCE llega demasiado tarde\\u00bb\",\"previousItem\":{\"@type\":\"ListItem\",\"@id\":\"https:\\\/\\\/www.eldigitaldeasturias.com\\\/noticias\\\/category\\\/economia\\\/#listItem\",\"name\":\"Econom\\u00eda\"}}]},{\"@type\":\"Organization\",\"@id\":\"https:\\\/\\\/www.eldigitaldeasturias.com\\\/noticias\\\/#organization\",\"name\":\"El Digital de Asturias\",\"description\":\"Hemeroteca\",\"url\":\"https:\\\/\\\/www.eldigitaldeasturias.com\\\/noticias\\\/\",\"email\":\"info@eldigitaldeasturias.com\",\"telephone\":\"+34652131393\",\"logo\":{\"@type\":\"ImageObject\",\"url\":\"https:\\\/\\\/www.eldigitaldeasturias.com\\\/noticias\\\/wp-content\\\/uploads\\\/2020\\\/12\\\/EDA.jpg\",\"@id\":\"https:\\\/\\\/www.eldigitaldeasturias.com\\\/noticias\\\/clemens-fuest-la-politica-monetaria-del-bce-llega-demasiado-tarde\\\/#organizationLogo\",\"width\":649,\"height\":297},\"image\":{\"@id\":\"https:\\\/\\\/www.eldigitaldeasturias.com\\\/noticias\\\/clemens-fuest-la-politica-monetaria-del-bce-llega-demasiado-tarde\\\/#organizationLogo\"},\"sameAs\":[\"https:\\\/\\\/facebook.com\\\/eldigitaldeasturias\",\"https:\\\/\\\/www.youtube.com\\\/channel\\\/UCZP-2wLEB9Rv6erhFmqVnvg\"],\"address\":{\"@id\":\"https:\\\/\\\/www.eldigitaldeasturias.com\\\/noticias\\\/#postaladdress\",\"@type\":\"PostalAddress\",\"streetAddress\":\"san antonio 4,\",\"postalCode\":\"33430\",\"addressLocality\":\"Cand\\u00e1s\",\"addressRegion\":\"Asturias\",\"addressCountry\":\"ES\"}},{\"@type\":\"Person\",\"@id\":\"https:\\\/\\\/www.eldigitaldeasturias.com\\\/noticias\\\/author\\\/admin\\\/#author\",\"url\":\"https:\\\/\\\/www.eldigitaldeasturias.com\\\/noticias\\\/author\\\/admin\\\/\",\"name\":\"El Digital de Asturias\",\"image\":{\"@type\":\"ImageObject\",\"@id\":\"https:\\\/\\\/www.eldigitaldeasturias.com\\\/noticias\\\/clemens-fuest-la-politica-monetaria-del-bce-llega-demasiado-tarde\\\/#authorImage\",\"url\":\"https:\\\/\\\/www.eldigitaldeasturias.com\\\/noticias\\\/wp-content\\\/litespeed\\\/avatar\\\/18677e78aa0546b92d9dbf31ec7d7668.jpg?ver=1777290358\",\"width\":96,\"height\":96,\"caption\":\"El Digital de Asturias\"}},{\"@type\":\"WebPage\",\"@id\":\"https:\\\/\\\/www.eldigitaldeasturias.com\\\/noticias\\\/clemens-fuest-la-politica-monetaria-del-bce-llega-demasiado-tarde\\\/#webpage\",\"url\":\"https:\\\/\\\/www.eldigitaldeasturias.com\\\/noticias\\\/clemens-fuest-la-politica-monetaria-del-bce-llega-demasiado-tarde\\\/\",\"name\":\"Clemens Fuest: \\u00abLa pol\\u00edtica monetaria del BCE llega demasiado tarde\\u00bb - El Digital de Asturias\",\"description\":\"M\\u00fanich, 9 jun (dpa) - La subida de los tipos de inter\\u00e9s anunciada hoy por el Banco Central Europeo (BCE), de 25 puntos b\\u00e1sicos y prevista para julio\",\"inLanguage\":\"es-ES\",\"isPartOf\":{\"@id\":\"https:\\\/\\\/www.eldigitaldeasturias.com\\\/noticias\\\/#website\"},\"breadcrumb\":{\"@id\":\"https:\\\/\\\/www.eldigitaldeasturias.com\\\/noticias\\\/clemens-fuest-la-politica-monetaria-del-bce-llega-demasiado-tarde\\\/#breadcrumblist\"},\"author\":{\"@id\":\"https:\\\/\\\/www.eldigitaldeasturias.com\\\/noticias\\\/author\\\/admin\\\/#author\"},\"creator\":{\"@id\":\"https:\\\/\\\/www.eldigitaldeasturias.com\\\/noticias\\\/author\\\/admin\\\/#author\"},\"image\":{\"@type\":\"ImageObject\",\"url\":\"https:\\\/\\\/www.eldigitaldeasturias.com\\\/noticias\\\/wp-content\\\/uploads\\\/2022\\\/01\\\/economia.jpg\",\"@id\":\"https:\\\/\\\/www.eldigitaldeasturias.com\\\/noticias\\\/clemens-fuest-la-politica-monetaria-del-bce-llega-demasiado-tarde\\\/#mainImage\",\"width\":640,\"height\":452,\"caption\":\"econom\\u00eda\"},\"primaryImageOfPage\":{\"@id\":\"https:\\\/\\\/www.eldigitaldeasturias.com\\\/noticias\\\/clemens-fuest-la-politica-monetaria-del-bce-llega-demasiado-tarde\\\/#mainImage\"},\"datePublished\":\"2022-06-09T20:22:26+02:00\",\"dateModified\":\"2022-06-09T20:22:26+02:00\"},{\"@type\":\"WebSite\",\"@id\":\"https:\\\/\\\/www.eldigitaldeasturias.com\\\/noticias\\\/#website\",\"url\":\"https:\\\/\\\/www.eldigitaldeasturias.com\\\/noticias\\\/\",\"name\":\"El Digital de Asturias - Diario de actualidad y noticias\",\"alternateName\":\"El Digital de Asturias - Diario de actualidad y noticias\",\"description\":\"Hemeroteca\",\"inLanguage\":\"es-ES\",\"publisher\":{\"@id\":\"https:\\\/\\\/www.eldigitaldeasturias.com\\\/noticias\\\/#organization\"}}]}\n\t\t<\/script>\n\t\t<!-- All in One SEO Pro -->\r\n\t\t<title>Clemens Fuest: \u00abLa pol\u00edtica monetaria del BCE llega demasiado tarde\u00bb - El Digital de Asturias<\/title>\n\n","aioseo_head_json":{"title":"Clemens Fuest: \u00abLa pol\u00edtica monetaria del BCE llega demasiado tarde\u00bb - El Digital de Asturias","description":"M\u00fanich, 9 jun (dpa) - La subida de los tipos de inter\u00e9s anunciada hoy por el Banco Central Europeo (BCE), de 25 puntos b\u00e1sicos y prevista para julio","canonical_url":"https:\/\/www.eldigitaldeasturias.com\/noticias\/clemens-fuest-la-politica-monetaria-del-bce-llega-demasiado-tarde\/","robots":"max-image-preview:large","keywords":"econom\u00eda","webmasterTools":{"google-site-verification":"UA-38556648-1","msvalidate.01":"7dfe9f3f1b24437ab69f4f2559babe99","miscellaneous":""},"schema":{"@context":"https:\/\/schema.org","@graph":[{"@type":"BlogPosting","@id":"https:\/\/www.eldigitaldeasturias.com\/noticias\/clemens-fuest-la-politica-monetaria-del-bce-llega-demasiado-tarde\/#blogposting","name":"Clemens Fuest: \u00abLa pol\u00edtica monetaria del BCE llega demasiado tarde\u00bb - El Digital de Asturias","headline":"Clemens Fuest: \u00abLa pol\u00edtica monetaria del BCE llega demasiado tarde\u00bb","author":{"@id":"https:\/\/www.eldigitaldeasturias.com\/noticias\/author\/admin\/#author"},"publisher":{"@id":"https:\/\/www.eldigitaldeasturias.com\/noticias\/#organization"},"image":{"@type":"ImageObject","url":"https:\/\/www.eldigitaldeasturias.com\/noticias\/wp-content\/uploads\/2022\/01\/economia.jpg","width":640,"height":452,"caption":"econom\u00eda"},"datePublished":"2022-06-09T20:22:26+02:00","dateModified":"2022-06-09T20:22:26+02:00","inLanguage":"es-ES","mainEntityOfPage":{"@id":"https:\/\/www.eldigitaldeasturias.com\/noticias\/clemens-fuest-la-politica-monetaria-del-bce-llega-demasiado-tarde\/#webpage"},"isPartOf":{"@id":"https:\/\/www.eldigitaldeasturias.com\/noticias\/clemens-fuest-la-politica-monetaria-del-bce-llega-demasiado-tarde\/#webpage"},"articleSection":"Econom\u00eda"},{"@type":"BreadcrumbList","@id":"https:\/\/www.eldigitaldeasturias.com\/noticias\/clemens-fuest-la-politica-monetaria-del-bce-llega-demasiado-tarde\/#breadcrumblist","itemListElement":[{"@type":"ListItem","@id":"https:\/\/www.eldigitaldeasturias.com\/noticias#listItem","position":1,"name":"Home","item":"https:\/\/www.eldigitaldeasturias.com\/noticias","nextItem":{"@type":"ListItem","@id":"https:\/\/www.eldigitaldeasturias.com\/noticias\/category\/economia\/#listItem","name":"Econom\u00eda"}},{"@type":"ListItem","@id":"https:\/\/www.eldigitaldeasturias.com\/noticias\/category\/economia\/#listItem","position":2,"name":"Econom\u00eda","item":"https:\/\/www.eldigitaldeasturias.com\/noticias\/category\/economia\/","nextItem":{"@type":"ListItem","@id":"https:\/\/www.eldigitaldeasturias.com\/noticias\/clemens-fuest-la-politica-monetaria-del-bce-llega-demasiado-tarde\/#listItem","name":"Clemens Fuest: \u00abLa pol\u00edtica monetaria del BCE llega demasiado tarde\u00bb"},"previousItem":{"@type":"ListItem","@id":"https:\/\/www.eldigitaldeasturias.com\/noticias#listItem","name":"Home"}},{"@type":"ListItem","@id":"https:\/\/www.eldigitaldeasturias.com\/noticias\/clemens-fuest-la-politica-monetaria-del-bce-llega-demasiado-tarde\/#listItem","position":3,"name":"Clemens Fuest: \u00abLa pol\u00edtica monetaria del BCE llega demasiado tarde\u00bb","previousItem":{"@type":"ListItem","@id":"https:\/\/www.eldigitaldeasturias.com\/noticias\/category\/economia\/#listItem","name":"Econom\u00eda"}}]},{"@type":"Organization","@id":"https:\/\/www.eldigitaldeasturias.com\/noticias\/#organization","name":"El Digital de Asturias","description":"Hemeroteca","url":"https:\/\/www.eldigitaldeasturias.com\/noticias\/","email":"info@eldigitaldeasturias.com","telephone":"+34652131393","logo":{"@type":"ImageObject","url":"https:\/\/www.eldigitaldeasturias.com\/noticias\/wp-content\/uploads\/2020\/12\/EDA.jpg","@id":"https:\/\/www.eldigitaldeasturias.com\/noticias\/clemens-fuest-la-politica-monetaria-del-bce-llega-demasiado-tarde\/#organizationLogo","width":649,"height":297},"image":{"@id":"https:\/\/www.eldigitaldeasturias.com\/noticias\/clemens-fuest-la-politica-monetaria-del-bce-llega-demasiado-tarde\/#organizationLogo"},"sameAs":["https:\/\/facebook.com\/eldigitaldeasturias","https:\/\/www.youtube.com\/channel\/UCZP-2wLEB9Rv6erhFmqVnvg"],"address":{"@id":"https:\/\/www.eldigitaldeasturias.com\/noticias\/#postaladdress","@type":"PostalAddress","streetAddress":"san antonio 4,","postalCode":"33430","addressLocality":"Cand\u00e1s","addressRegion":"Asturias","addressCountry":"ES"}},{"@type":"Person","@id":"https:\/\/www.eldigitaldeasturias.com\/noticias\/author\/admin\/#author","url":"https:\/\/www.eldigitaldeasturias.com\/noticias\/author\/admin\/","name":"El Digital de Asturias","image":{"@type":"ImageObject","@id":"https:\/\/www.eldigitaldeasturias.com\/noticias\/clemens-fuest-la-politica-monetaria-del-bce-llega-demasiado-tarde\/#authorImage","url":"https:\/\/www.eldigitaldeasturias.com\/noticias\/wp-content\/litespeed\/avatar\/18677e78aa0546b92d9dbf31ec7d7668.jpg?ver=1777290358","width":96,"height":96,"caption":"El Digital de Asturias"}},{"@type":"WebPage","@id":"https:\/\/www.eldigitaldeasturias.com\/noticias\/clemens-fuest-la-politica-monetaria-del-bce-llega-demasiado-tarde\/#webpage","url":"https:\/\/www.eldigitaldeasturias.com\/noticias\/clemens-fuest-la-politica-monetaria-del-bce-llega-demasiado-tarde\/","name":"Clemens Fuest: \u00abLa pol\u00edtica monetaria del BCE llega demasiado tarde\u00bb - El Digital de Asturias","description":"M\u00fanich, 9 jun (dpa) - La subida de los tipos de inter\u00e9s anunciada hoy por el Banco Central Europeo (BCE), de 25 puntos b\u00e1sicos y prevista para julio","inLanguage":"es-ES","isPartOf":{"@id":"https:\/\/www.eldigitaldeasturias.com\/noticias\/#website"},"breadcrumb":{"@id":"https:\/\/www.eldigitaldeasturias.com\/noticias\/clemens-fuest-la-politica-monetaria-del-bce-llega-demasiado-tarde\/#breadcrumblist"},"author":{"@id":"https:\/\/www.eldigitaldeasturias.com\/noticias\/author\/admin\/#author"},"creator":{"@id":"https:\/\/www.eldigitaldeasturias.com\/noticias\/author\/admin\/#author"},"image":{"@type":"ImageObject","url":"https:\/\/www.eldigitaldeasturias.com\/noticias\/wp-content\/uploads\/2022\/01\/economia.jpg","@id":"https:\/\/www.eldigitaldeasturias.com\/noticias\/clemens-fuest-la-politica-monetaria-del-bce-llega-demasiado-tarde\/#mainImage","width":640,"height":452,"caption":"econom\u00eda"},"primaryImageOfPage":{"@id":"https:\/\/www.eldigitaldeasturias.com\/noticias\/clemens-fuest-la-politica-monetaria-del-bce-llega-demasiado-tarde\/#mainImage"},"datePublished":"2022-06-09T20:22:26+02:00","dateModified":"2022-06-09T20:22:26+02:00"},{"@type":"WebSite","@id":"https:\/\/www.eldigitaldeasturias.com\/noticias\/#website","url":"https:\/\/www.eldigitaldeasturias.com\/noticias\/","name":"El Digital de Asturias - Diario de actualidad y noticias","alternateName":"El Digital de Asturias - Diario de actualidad y noticias","description":"Hemeroteca","inLanguage":"es-ES","publisher":{"@id":"https:\/\/www.eldigitaldeasturias.com\/noticias\/#organization"}}]},"og:locale":"es_ES","og:site_name":"El Digital de Asturias","og:type":"article","og:title":"Clemens Fuest: \u00abLa pol\u00edtica monetaria del BCE llega demasiado tarde\u00bb - El Digital de Asturias","og:description":"M\u00fanich, 9 jun (dpa) - La subida de los tipos de inter\u00e9s anunciada hoy por el Banco Central Europeo (BCE), de 25 puntos b\u00e1sicos y prevista para julio","og:url":"https:\/\/www.eldigitaldeasturias.com\/noticias\/clemens-fuest-la-politica-monetaria-del-bce-llega-demasiado-tarde\/","og:image":"https:\/\/www.eldigitaldeasturias.com\/noticias\/wp-content\/uploads\/2022\/01\/economia.jpg","og:image:secure_url":"https:\/\/www.eldigitaldeasturias.com\/noticias\/wp-content\/uploads\/2022\/01\/economia.jpg","og:image:width":640,"og:image:height":452,"article:tag":["econom\u00eda"],"article:published_time":"2022-06-09T18:22:26+00:00","article:modified_time":"2022-06-09T18:22:26+00:00","article:publisher":"https:\/\/facebook.com\/eldigitaldeasturias","twitter:card":"summary_large_image","twitter:title":"Clemens Fuest: \u00abLa pol\u00edtica monetaria del BCE llega demasiado tarde\u00bb - El Digital de Asturias","twitter:description":"M\u00fanich, 9 jun (dpa) - La subida de los tipos de inter\u00e9s anunciada hoy por el Banco Central Europeo (BCE), de 25 puntos b\u00e1sicos y prevista para julio","twitter:image":"https:\/\/www.eldigitaldeasturias.com\/noticias\/wp-content\/uploads\/2022\/01\/economia.jpg","twitter:label1":"Escrito por","twitter:data1":"El Digital de Asturias","twitter:label2":"Tiempo de lectura estimado","twitter:data2":"1 minuto"},"aioseo_meta_data":{"post_id":"1112078","title":null,"description":"M\u00fanich, 9 jun (dpa) - La subida de los tipos de inter\u00e9s anunciada hoy por el Banco Central Europeo (BCE), de 25 puntos b\u00e1sicos y prevista para julio","keywords":[],"keyphrases":{"focus":{"keyphrase":"BCE","score":80,"analysis":{"keyphraseInTitle":{"title":"Focus keyphrase in SEO title","description":"Focus keyphrase found in SEO title.","score":9,"maxScore":9,"error":0},"keyphraseInDescription":{"title":"Focus keyphrase in meta description","description":"Focus keyphrase found in meta description.","score":9,"maxScore":9,"error":0},"keyphraseLength":{"title":"Focus keyphrase length","description":"Good job!","score":9,"maxScore":9,"error":0,"length":1},"keyphraseInURL":{"title":"Focus keyphrase in URL","description":"Focus keyphrase not found in the URL.","score":1,"maxScore":5,"error":1},"keyphraseInIntroduction":{"title":"Focus keyphrase in introduction","description":"Your Focus keyphrase appears in the first paragraph. Well done!","score":9,"maxScore":9,"error":0},"keyphraseInSubHeadings":[],"keyphraseInImageAlt":{"title":"Focus keyphrase in image alt attributes","description":"Focus keyphrase not found in image alt attribute(s). Add an image with your Focus keyphrase as alt text.","score":3,"maxScore":9,"error":1}}},"additional":[{"keyphrase":" Banco Central Europeo ","score":100,"analysis":{"keyphraseInDescription":{"title":"Keyphrase in meta description","description":"Keyphrase found in meta description.","score":9,"maxScore":9,"error":0},"keyphraseLength":{"title":"Keyphrase length","description":"Good job!","score":9,"maxScore":9,"error":0,"length":3},"keyphraseInIntroduction":{"title":"Keyphrase in introduction","description":"Your Keyphrase appears in the first paragraph. Well done!","score":9,"maxScore":9,"error":0},"keyphraseInImageAlt":{"title":"Keyphrase in image alt attributes","description":"Keyphrase found in image alt attribute(s).","score":9,"maxScore":9,"error":0}}},{"keyphrase":"tipos de inter\u00e9s","score":83,"analysis":{"keyphraseInDescription":{"title":"Keyphrase in meta description","description":"Keyphrase found in meta description.","score":9,"maxScore":9,"error":0},"keyphraseLength":{"title":"Keyphrase length","description":"Good job!","score":9,"maxScore":9,"error":0,"length":3},"keyphraseInIntroduction":{"title":"Keyphrase in introduction","description":"Your Keyphrase appears in the first paragraph. Well done!","score":9,"maxScore":9,"error":0},"keyphraseInImageAlt":{"title":"Keyphrase in image alt attributes","description":"Keyphrase not found in image alt attribute(s). Add an image with your Keyphrase as alt text.","score":3,"maxScore":9,"error":1}}}]},"primary_term":null,"canonical_url":null,"og_title":null,"og_description":null,"og_object_type":"default","og_image_type":"default","og_image_url":null,"og_image_width":null,"og_image_height":null,"og_image_custom_url":null,"og_image_custom_fields":null,"og_video":"","og_custom_url":null,"og_article_section":null,"og_article_tags":[],"twitter_use_og":false,"twitter_card":"default","twitter_image_type":"default","twitter_image_url":null,"twitter_image_custom_url":null,"twitter_image_custom_fields":null,"twitter_title":null,"twitter_description":null,"schema":{"blockGraphs":[],"customGraphs":[],"default":{"data":{"Article":[],"Course":[],"Dataset":[],"FAQPage":[],"Movie":[],"Person":[],"Product":[],"ProductReview":[],"Car":[],"Recipe":[],"Service":[],"SoftwareApplication":[],"WebPage":[]},"graphName":"","isEnabled":true},"graphs":[],"defaultGraph":"Article","defaultPostTypeGraph":""},"schema_type":"default","schema_type_options":"{\"article\":{\"articleType\":\"BlogPosting\"},\"course\":{\"name\":\"\",\"description\":\"\",\"provider\":\"\"},\"faq\":{\"pages\":[]},\"product\":{\"reviews\":[]},\"recipe\":{\"ingredients\":[],\"instructions\":[],\"keywords\":[]},\"software\":{\"reviews\":[],\"operatingSystems\":[]},\"webPage\":{\"webPageType\":\"WebPage\"}}","pillar_content":false,"robots_default":true,"robots_noindex":false,"robots_noarchive":false,"robots_nosnippet":false,"robots_nofollow":false,"robots_noimageindex":false,"robots_noodp":false,"robots_notranslate":false,"robots_max_snippet":"-1","robots_max_videopreview":"-1","robots_max_imagepreview":"large","priority":null,"frequency":"default","local_seo":null,"seo_analyzer_scan_date":"2025-10-02 20:03:29","breadcrumb_settings":null,"limit_modified_date":false,"open_ai":null,"ai":null,"created":"2022-06-09 18:16:58","updated":"2025-10-02 20:03:29"},"aioseo_breadcrumb":"<div class=\"aioseo-breadcrumbs\"><span class=\"aioseo-breadcrumb\">\n\t<a href=\"https:\/\/www.eldigitaldeasturias.com\/noticias\" title=\"Home\">Home<\/a>\n<\/span><span class=\"aioseo-breadcrumb-separator\">\u2013<\/span><span class=\"aioseo-breadcrumb\">\n\t<a href=\"https:\/\/www.eldigitaldeasturias.com\/noticias\/category\/economia\/\" title=\"Econom\u00eda\">Econom\u00eda<\/a>\n<\/span><span class=\"aioseo-breadcrumb-separator\">\u2013<\/span><span class=\"aioseo-breadcrumb\">\n\t<a href=\"https:\/\/www.eldigitaldeasturias.com\/noticias\/clemens-fuest-la-politica-monetaria-del-bce-llega-demasiado-tarde\/\" title=\"Clemens Fuest: \u00abLa pol\u00edtica monetaria del BCE llega demasiado tarde\u00bb\">Clemens Fuest: \u00abLa pol\u00edtica monetaria del BCE llega demasiado tarde\u00bb<\/a>\n<\/span><\/div>","aioseo_breadcrumb_json":[{"label":"Home","link":"https:\/\/www.eldigitaldeasturias.com\/noticias"},{"label":"Econom\u00eda","link":"https:\/\/www.eldigitaldeasturias.com\/noticias\/category\/economia\/"},{"label":"Clemens Fuest: \u00abLa pol\u00edtica monetaria del BCE llega demasiado tarde\u00bb","link":"https:\/\/www.eldigitaldeasturias.com\/noticias\/clemens-fuest-la-politica-monetaria-del-bce-llega-demasiado-tarde\/"}],"_links":{"self":[{"href":"https:\/\/www.eldigitaldeasturias.com\/noticias\/wp-json\/wp\/v2\/posts\/1112078","targetHints":{"allow":["GET"]}}],"collection":[{"href":"https:\/\/www.eldigitaldeasturias.com\/noticias\/wp-json\/wp\/v2\/posts"}],"about":[{"href":"https:\/\/www.eldigitaldeasturias.com\/noticias\/wp-json\/wp\/v2\/types\/post"}],"author":[{"embeddable":true,"href":"https:\/\/www.eldigitaldeasturias.com\/noticias\/wp-json\/wp\/v2\/users\/1"}],"replies":[{"embeddable":true,"href":"https:\/\/www.eldigitaldeasturias.com\/noticias\/wp-json\/wp\/v2\/comments?post=1112078"}],"version-history":[{"count":0,"href":"https:\/\/www.eldigitaldeasturias.com\/noticias\/wp-json\/wp\/v2\/posts\/1112078\/revisions"}],"wp:featuredmedia":[{"embeddable":true,"href":"https:\/\/www.eldigitaldeasturias.com\/noticias\/wp-json\/wp\/v2\/media\/1103653"}],"wp:attachment":[{"href":"https:\/\/www.eldigitaldeasturias.com\/noticias\/wp-json\/wp\/v2\/media?parent=1112078"}],"wp:term":[{"taxonomy":"category","embeddable":true,"href":"https:\/\/www.eldigitaldeasturias.com\/noticias\/wp-json\/wp\/v2\/categories?post=1112078"},{"taxonomy":"post_tag","embeddable":true,"href":"https:\/\/www.eldigitaldeasturias.com\/noticias\/wp-json\/wp\/v2\/tags?post=1112078"}],"curies":[{"name":"wp","href":"https:\/\/api.w.org\/{rel}","templated":true}]}}