{"id":1111774,"date":"2022-06-02T21:00:06","date_gmt":"2022-06-02T19:00:06","guid":{"rendered":"https:\/\/www.eldigitaldeasturias.com\/noticias\/?p=1111774"},"modified":"2022-06-02T21:00:06","modified_gmt":"2022-06-02T19:00:06","slug":"nuevos-objetivos-de-almacenamiento-de-gas-de-la-ue","status":"publish","type":"post","link":"https:\/\/www.eldigitaldeasturias.com\/noticias\/nuevos-objetivos-de-almacenamiento-de-gas-de-la-ue\/","title":{"rendered":"Nuevos objetivos de almacenamiento de gas de la UE"},"content":{"rendered":"<p><img loading=\"lazy\" decoding=\"async\" class=\"alignleft size-medium wp-image-1110212\" src=\"https:\/\/www.eldigitaldeasturias.com\/noticias\/wp-content\/uploads\/2022\/04\/UE-360x240.jpg\" alt=\"UE\" width=\"360\" height=\"240\" srcset=\"https:\/\/www.eldigitaldeasturias.com\/noticias\/wp-content\/uploads\/2022\/04\/UE-360x240.jpg 360w, https:\/\/www.eldigitaldeasturias.com\/noticias\/wp-content\/uploads\/2022\/04\/UE-451x300.jpg 451w, https:\/\/www.eldigitaldeasturias.com\/noticias\/wp-content\/uploads\/2022\/04\/UE-150x100.jpg 150w, https:\/\/www.eldigitaldeasturias.com\/noticias\/wp-content\/uploads\/2022\/04\/UE-450x300.jpg 450w, https:\/\/www.eldigitaldeasturias.com\/noticias\/wp-content\/uploads\/2022\/04\/UE.jpg 640w\" sizes=\"auto, (max-width: 360px) 100vw, 360px\" \/>El Parlamento Europeo ha dado el primer paso este jueves para aprobar los objetivos de reservas estrat\u00e9gicas de gas de la UE antes del pr\u00f3ximo invierno, que contemplan un umbral m\u00ednimo de almacenamiento del 80 por ciento antes de noviembre y del 90 por ciento en los a\u00f1os siguientes para garantizar el abastecimiento.<\/p>\n<p>El acuerdo, que ha sido aprobado este jueves por la Comisi\u00f3n de Industria, Investigaci\u00f3n y Energ\u00eda con 67 votos a favor, tres en contra y seis abstenciones, tendr\u00e1 que ser respaldado por el pleno del Parlamento Europeo el pr\u00f3ximo 23 de junio.<\/p>\n<p>La nueva regulaci\u00f3n pretende asegurar que tanto los ciudadanos como los negocios en la UE dispongan de gas suficiente para la pr\u00f3xima temporada de invierno y aumentar la independencia energ\u00e9tica en el mercado comunitario tras la agresi\u00f3n militar de Rusia sobre Ucrania.<\/p>\n<p>La Comisi\u00f3n Europea present\u00f3 esta propuesta legislativa el pasado 23 de marzo, a la que el Parlamento Europeo dio el respaldo el pasado abril para iniciar su procedimiento acelerado.<\/p>\n<p>El acuerdo estipula que los Estados miembro podr\u00e1n recurrir a reservas de gas natural licuado (GNL) para alcanzar ese m\u00ednimo del 90 por ciento, as\u00ed como otros combustibles alternativos, un punto que responde a la petici\u00f3n presentada por Espa\u00f1a y Portugal a finales de abril para que se contemplara el papel del GNL en la seguridad energ\u00e9tica y tuviera la misma consideraci\u00f3n que las reservas de gas en el subsuelo a la hora de alcanzar esos niveles m\u00ednimos de almacenamiento.<\/p>\n<p>Los Estados miembro har\u00e1n un esfuerzo por tratar de alcanzar el 85 por ciento de la capacidad de almacenamiento subterr\u00e1neo de gas en 2022 de forma conjunta y la obligaci\u00f3n de almacenamiento se limitar\u00e1 al 35 por ciento del consumo anual de gas de cada pa\u00eds de la UE en los \u00faltimos cinco a\u00f1os, una medida con la que se pretende evitar el impacto desproporcionado para aquellos pa\u00edses que cuentan con grandes instalaciones de almacenamiento.<\/p>\n<p>Los pa\u00edses que no cuenten con instalaciones de almacenamiento de gas podr\u00e1n recurrir a las de otros Estados miembro y tendr\u00e1n acceso al 15 por ciento de su consumo anual de gas durante los \u00faltimos cinco a\u00f1os, para lo cual tendr\u00e1n que cumplir con las obligaciones financieras para mantener los niveles de capacidad.<\/p>\n<p>La Uni\u00f3n Europea cuenta cerca de 160 instalaciones de este tipo distribuidas en 20 Estados miembro, por lo que algunos pa\u00edses de la UE no disponen de capacidad de almacenamiento de gas.<\/p>\n<p>El acuerdo incluye una certificaci\u00f3n obligatoria para todos los operadores de almacenamiento de gas, a fin de evitar los riesgos derivados de influencias externas en infraestructuras que son cr\u00edticas para la UE y que puedan poner en riesgo el suministro.<\/p>\n<p>La certificaci\u00f3n dar\u00e1 prioridad a las instalaciones de almacenamiento m\u00e1s grandes y aquellas que recientemente se han llenado a niveles bajos. Los pa\u00edses de la UE tendr\u00e1n 150 d\u00edas a partir de la entrada en vigor del reglamento para certificar las instalaciones con prioridad y 18 meses para certificar las dem\u00e1s instalaciones y los operadores no certificados deber\u00e1n renunciar a la propiedad o el control de las instalaciones de almacenamiento.<\/p>\n<p>Este mecanismo de certificaci\u00f3n de las instalaciones de gas pretende garantizar que \u00e9stas cumplen sus prop\u00f3sito, considerando que algunas son propiedad de la empresa estatal gas\u00edstica rusa Gazprom, que en los \u00faltimos meses redujo el suministro de gas a la UE y cuyas instalaciones de almacenamiento se encuentran en niveles m\u00e1s bajos respecto el resto de sistemas de almacenamiento.<\/p>\n<p>El acuerdo provisional establece que la obligaci\u00f3n de mantener unas reservas m\u00ednimas terminar\u00e1 en diciembre de 2025 y la obligaci\u00f3n de certificaci\u00f3n ir\u00e1 m\u00e1s all\u00e1 de esa fecha. Tambi\u00e9n se contempla una excepci\u00f3n para Chipre, Malta e Irlanda siempre que no est\u00e9n interconectados con el sistema gasista de otros Estados miembros.<\/p>\n","protected":false},"excerpt":{"rendered":"<p>El Parlamento Europeo ha dado el primer paso este jueves para aprobar los objetivos de reservas estrat\u00e9gicas de gas de la UE antes del pr\u00f3ximo invierno, que contemplan un umbral m\u00ednimo de almacenamiento del 80 por ciento antes de noviembre y del 90 por ciento en los a\u00f1os siguientes para garantizar el abastecimiento. El acuerdo, [&hellip;]<\/p>\n","protected":false},"author":1,"featured_media":1110212,"comment_status":"closed","ping_status":"closed","sticky":false,"template":"","format":"standard","meta":{"footnotes":""},"categories":[187],"tags":[],"class_list":["post-1111774","post","type-post","status-publish","format-standard","has-post-thumbnail","hentry","category-economia"],"aioseo_notices":[],"aioseo_head":"\n\t\t<!-- All in One SEO Pro 4.9.6.2 - aioseo.com -->\n\t<meta name=\"description\" content=\"El Parlamento Europeo ha dado el primer paso este jueves para aprobar los objetivos de reservas estrat\u00e9gicas de gas de la UE antes del pr\u00f3ximo invierno\" \/>\n\t<meta name=\"robots\" content=\"max-image-preview:large\" \/>\n\t<meta name=\"author\" content=\"El Digital de Asturias\"\/>\n\t<meta name=\"google-site-verification\" content=\"UA-38556648-1\" \/>\n\t<meta name=\"msvalidate.01\" content=\"7dfe9f3f1b24437ab69f4f2559babe99\" \/>\n\t<meta name=\"keywords\" content=\"econom\u00eda\" \/>\n\t<link rel=\"canonical\" href=\"https:\/\/www.eldigitaldeasturias.com\/noticias\/nuevos-objetivos-de-almacenamiento-de-gas-de-la-ue\/\" \/>\n\t<meta name=\"generator\" content=\"All in One SEO Pro (AIOSEO) 4.9.6.2\" \/>\n\t\t<meta property=\"og:locale\" content=\"es_ES\" \/>\n\t\t<meta property=\"og:site_name\" content=\"El Digital de Asturias\" \/>\n\t\t<meta property=\"og:type\" content=\"article\" \/>\n\t\t<meta property=\"og:title\" content=\"Nuevos objetivos de almacenamiento de gas de la UE - El Digital de Asturias\" \/>\n\t\t<meta property=\"og:description\" content=\"El Parlamento Europeo ha dado el primer paso este jueves para aprobar los objetivos de reservas estrat\u00e9gicas de gas de la UE antes del pr\u00f3ximo invierno\" \/>\n\t\t<meta property=\"og:url\" content=\"https:\/\/www.eldigitaldeasturias.com\/noticias\/nuevos-objetivos-de-almacenamiento-de-gas-de-la-ue\/\" \/>\n\t\t<meta property=\"og:image\" content=\"https:\/\/www.eldigitaldeasturias.com\/noticias\/wp-content\/uploads\/2022\/04\/UE.jpg\" \/>\n\t\t<meta property=\"og:image:secure_url\" content=\"https:\/\/www.eldigitaldeasturias.com\/noticias\/wp-content\/uploads\/2022\/04\/UE.jpg\" \/>\n\t\t<meta property=\"og:image:width\" content=\"640\" \/>\n\t\t<meta property=\"og:image:height\" content=\"426\" \/>\n\t\t<meta property=\"article:tag\" content=\"econom\u00eda\" \/>\n\t\t<meta property=\"article:published_time\" content=\"2022-06-02T19:00:06+00:00\" \/>\n\t\t<meta property=\"article:modified_time\" content=\"2022-06-02T19:00:06+00:00\" \/>\n\t\t<meta property=\"article:publisher\" content=\"https:\/\/facebook.com\/eldigitaldeasturias\" \/>\n\t\t<meta name=\"twitter:card\" content=\"summary_large_image\" \/>\n\t\t<meta name=\"twitter:title\" content=\"Nuevos objetivos de almacenamiento de gas de la UE - El Digital de Asturias\" \/>\n\t\t<meta name=\"twitter:description\" content=\"El Parlamento Europeo ha dado el primer paso este jueves para aprobar los objetivos de reservas estrat\u00e9gicas de gas de la UE antes del pr\u00f3ximo invierno\" \/>\n\t\t<meta name=\"twitter:image\" content=\"https:\/\/www.eldigitaldeasturias.com\/noticias\/wp-content\/uploads\/2022\/04\/UE.jpg\" \/>\n\t\t<meta name=\"twitter:label1\" content=\"Escrito por\" \/>\n\t\t<meta name=\"twitter:data1\" content=\"El Digital de Asturias\" \/>\n\t\t<meta name=\"twitter:label2\" content=\"Tiempo de lectura estimado\" \/>\n\t\t<meta name=\"twitter:data2\" content=\"3 minutos\" \/>\n\t\t<script type=\"application\/ld+json\" class=\"aioseo-schema\">\n\t\t\t{\"@context\":\"https:\\\/\\\/schema.org\",\"@graph\":[{\"@type\":\"BlogPosting\",\"@id\":\"https:\\\/\\\/www.eldigitaldeasturias.com\\\/noticias\\\/nuevos-objetivos-de-almacenamiento-de-gas-de-la-ue\\\/#blogposting\",\"name\":\"Nuevos objetivos de almacenamiento de gas de la UE - El Digital de Asturias\",\"headline\":\"Nuevos objetivos de almacenamiento de gas de la UE\",\"author\":{\"@id\":\"https:\\\/\\\/www.eldigitaldeasturias.com\\\/noticias\\\/author\\\/admin\\\/#author\"},\"publisher\":{\"@id\":\"https:\\\/\\\/www.eldigitaldeasturias.com\\\/noticias\\\/#organization\"},\"image\":{\"@type\":\"ImageObject\",\"url\":\"https:\\\/\\\/www.eldigitaldeasturias.com\\\/noticias\\\/wp-content\\\/uploads\\\/2022\\\/04\\\/UE.jpg\",\"width\":640,\"height\":426,\"caption\":\"UE\"},\"datePublished\":\"2022-06-02T21:00:06+02:00\",\"dateModified\":\"2022-06-02T21:00:06+02:00\",\"inLanguage\":\"es-ES\",\"mainEntityOfPage\":{\"@id\":\"https:\\\/\\\/www.eldigitaldeasturias.com\\\/noticias\\\/nuevos-objetivos-de-almacenamiento-de-gas-de-la-ue\\\/#webpage\"},\"isPartOf\":{\"@id\":\"https:\\\/\\\/www.eldigitaldeasturias.com\\\/noticias\\\/nuevos-objetivos-de-almacenamiento-de-gas-de-la-ue\\\/#webpage\"},\"articleSection\":\"Econom\\u00eda\"},{\"@type\":\"BreadcrumbList\",\"@id\":\"https:\\\/\\\/www.eldigitaldeasturias.com\\\/noticias\\\/nuevos-objetivos-de-almacenamiento-de-gas-de-la-ue\\\/#breadcrumblist\",\"itemListElement\":[{\"@type\":\"ListItem\",\"@id\":\"https:\\\/\\\/www.eldigitaldeasturias.com\\\/noticias#listItem\",\"position\":1,\"name\":\"Home\",\"item\":\"https:\\\/\\\/www.eldigitaldeasturias.com\\\/noticias\",\"nextItem\":{\"@type\":\"ListItem\",\"@id\":\"https:\\\/\\\/www.eldigitaldeasturias.com\\\/noticias\\\/category\\\/economia\\\/#listItem\",\"name\":\"Econom\\u00eda\"}},{\"@type\":\"ListItem\",\"@id\":\"https:\\\/\\\/www.eldigitaldeasturias.com\\\/noticias\\\/category\\\/economia\\\/#listItem\",\"position\":2,\"name\":\"Econom\\u00eda\",\"item\":\"https:\\\/\\\/www.eldigitaldeasturias.com\\\/noticias\\\/category\\\/economia\\\/\",\"nextItem\":{\"@type\":\"ListItem\",\"@id\":\"https:\\\/\\\/www.eldigitaldeasturias.com\\\/noticias\\\/nuevos-objetivos-de-almacenamiento-de-gas-de-la-ue\\\/#listItem\",\"name\":\"Nuevos objetivos de almacenamiento de gas de la UE\"},\"previousItem\":{\"@type\":\"ListItem\",\"@id\":\"https:\\\/\\\/www.eldigitaldeasturias.com\\\/noticias#listItem\",\"name\":\"Home\"}},{\"@type\":\"ListItem\",\"@id\":\"https:\\\/\\\/www.eldigitaldeasturias.com\\\/noticias\\\/nuevos-objetivos-de-almacenamiento-de-gas-de-la-ue\\\/#listItem\",\"position\":3,\"name\":\"Nuevos objetivos de almacenamiento de gas de la UE\",\"previousItem\":{\"@type\":\"ListItem\",\"@id\":\"https:\\\/\\\/www.eldigitaldeasturias.com\\\/noticias\\\/category\\\/economia\\\/#listItem\",\"name\":\"Econom\\u00eda\"}}]},{\"@type\":\"Organization\",\"@id\":\"https:\\\/\\\/www.eldigitaldeasturias.com\\\/noticias\\\/#organization\",\"name\":\"El Digital de Asturias\",\"description\":\"Hemeroteca\",\"url\":\"https:\\\/\\\/www.eldigitaldeasturias.com\\\/noticias\\\/\",\"email\":\"info@eldigitaldeasturias.com\",\"telephone\":\"+34652131393\",\"logo\":{\"@type\":\"ImageObject\",\"url\":\"https:\\\/\\\/www.eldigitaldeasturias.com\\\/noticias\\\/wp-content\\\/uploads\\\/2020\\\/12\\\/EDA.jpg\",\"@id\":\"https:\\\/\\\/www.eldigitaldeasturias.com\\\/noticias\\\/nuevos-objetivos-de-almacenamiento-de-gas-de-la-ue\\\/#organizationLogo\",\"width\":649,\"height\":297},\"image\":{\"@id\":\"https:\\\/\\\/www.eldigitaldeasturias.com\\\/noticias\\\/nuevos-objetivos-de-almacenamiento-de-gas-de-la-ue\\\/#organizationLogo\"},\"sameAs\":[\"https:\\\/\\\/facebook.com\\\/eldigitaldeasturias\",\"https:\\\/\\\/www.youtube.com\\\/channel\\\/UCZP-2wLEB9Rv6erhFmqVnvg\"],\"address\":{\"@id\":\"https:\\\/\\\/www.eldigitaldeasturias.com\\\/noticias\\\/#postaladdress\",\"@type\":\"PostalAddress\",\"streetAddress\":\"san antonio 4,\",\"postalCode\":\"33430\",\"addressLocality\":\"Cand\\u00e1s\",\"addressRegion\":\"Asturias\",\"addressCountry\":\"ES\"}},{\"@type\":\"Person\",\"@id\":\"https:\\\/\\\/www.eldigitaldeasturias.com\\\/noticias\\\/author\\\/admin\\\/#author\",\"url\":\"https:\\\/\\\/www.eldigitaldeasturias.com\\\/noticias\\\/author\\\/admin\\\/\",\"name\":\"El Digital de Asturias\",\"image\":{\"@type\":\"ImageObject\",\"@id\":\"https:\\\/\\\/www.eldigitaldeasturias.com\\\/noticias\\\/nuevos-objetivos-de-almacenamiento-de-gas-de-la-ue\\\/#authorImage\",\"url\":\"https:\\\/\\\/www.eldigitaldeasturias.com\\\/noticias\\\/wp-content\\\/litespeed\\\/avatar\\\/18677e78aa0546b92d9dbf31ec7d7668.jpg?ver=1777290358\",\"width\":96,\"height\":96,\"caption\":\"El Digital de Asturias\"}},{\"@type\":\"WebPage\",\"@id\":\"https:\\\/\\\/www.eldigitaldeasturias.com\\\/noticias\\\/nuevos-objetivos-de-almacenamiento-de-gas-de-la-ue\\\/#webpage\",\"url\":\"https:\\\/\\\/www.eldigitaldeasturias.com\\\/noticias\\\/nuevos-objetivos-de-almacenamiento-de-gas-de-la-ue\\\/\",\"name\":\"Nuevos objetivos de almacenamiento de gas de la UE - El Digital de Asturias\",\"description\":\"El Parlamento Europeo ha dado el primer paso este jueves para aprobar los objetivos de reservas estrat\\u00e9gicas de gas de la UE antes del pr\\u00f3ximo invierno\",\"inLanguage\":\"es-ES\",\"isPartOf\":{\"@id\":\"https:\\\/\\\/www.eldigitaldeasturias.com\\\/noticias\\\/#website\"},\"breadcrumb\":{\"@id\":\"https:\\\/\\\/www.eldigitaldeasturias.com\\\/noticias\\\/nuevos-objetivos-de-almacenamiento-de-gas-de-la-ue\\\/#breadcrumblist\"},\"author\":{\"@id\":\"https:\\\/\\\/www.eldigitaldeasturias.com\\\/noticias\\\/author\\\/admin\\\/#author\"},\"creator\":{\"@id\":\"https:\\\/\\\/www.eldigitaldeasturias.com\\\/noticias\\\/author\\\/admin\\\/#author\"},\"image\":{\"@type\":\"ImageObject\",\"url\":\"https:\\\/\\\/www.eldigitaldeasturias.com\\\/noticias\\\/wp-content\\\/uploads\\\/2022\\\/04\\\/UE.jpg\",\"@id\":\"https:\\\/\\\/www.eldigitaldeasturias.com\\\/noticias\\\/nuevos-objetivos-de-almacenamiento-de-gas-de-la-ue\\\/#mainImage\",\"width\":640,\"height\":426,\"caption\":\"UE\"},\"primaryImageOfPage\":{\"@id\":\"https:\\\/\\\/www.eldigitaldeasturias.com\\\/noticias\\\/nuevos-objetivos-de-almacenamiento-de-gas-de-la-ue\\\/#mainImage\"},\"datePublished\":\"2022-06-02T21:00:06+02:00\",\"dateModified\":\"2022-06-02T21:00:06+02:00\"},{\"@type\":\"WebSite\",\"@id\":\"https:\\\/\\\/www.eldigitaldeasturias.com\\\/noticias\\\/#website\",\"url\":\"https:\\\/\\\/www.eldigitaldeasturias.com\\\/noticias\\\/\",\"name\":\"El Digital de Asturias - Diario de actualidad y noticias\",\"alternateName\":\"El Digital de Asturias - Diario de actualidad y noticias\",\"description\":\"Hemeroteca\",\"inLanguage\":\"es-ES\",\"publisher\":{\"@id\":\"https:\\\/\\\/www.eldigitaldeasturias.com\\\/noticias\\\/#organization\"}}]}\n\t\t<\/script>\n\t\t<!-- All in One SEO Pro -->\r\n\t\t<title>Nuevos objetivos de almacenamiento de gas de la UE - El Digital de Asturias<\/title>\n\n","aioseo_head_json":{"title":"Nuevos objetivos de almacenamiento de gas de la UE - El Digital de Asturias","description":"El Parlamento Europeo ha dado el primer paso este jueves para aprobar los objetivos de reservas estrat\u00e9gicas de gas de la UE antes del pr\u00f3ximo invierno","canonical_url":"https:\/\/www.eldigitaldeasturias.com\/noticias\/nuevos-objetivos-de-almacenamiento-de-gas-de-la-ue\/","robots":"max-image-preview:large","keywords":"econom\u00eda","webmasterTools":{"google-site-verification":"UA-38556648-1","msvalidate.01":"7dfe9f3f1b24437ab69f4f2559babe99","miscellaneous":""},"schema":{"@context":"https:\/\/schema.org","@graph":[{"@type":"BlogPosting","@id":"https:\/\/www.eldigitaldeasturias.com\/noticias\/nuevos-objetivos-de-almacenamiento-de-gas-de-la-ue\/#blogposting","name":"Nuevos objetivos de almacenamiento de gas de la UE - El Digital de Asturias","headline":"Nuevos objetivos de almacenamiento de gas de la UE","author":{"@id":"https:\/\/www.eldigitaldeasturias.com\/noticias\/author\/admin\/#author"},"publisher":{"@id":"https:\/\/www.eldigitaldeasturias.com\/noticias\/#organization"},"image":{"@type":"ImageObject","url":"https:\/\/www.eldigitaldeasturias.com\/noticias\/wp-content\/uploads\/2022\/04\/UE.jpg","width":640,"height":426,"caption":"UE"},"datePublished":"2022-06-02T21:00:06+02:00","dateModified":"2022-06-02T21:00:06+02:00","inLanguage":"es-ES","mainEntityOfPage":{"@id":"https:\/\/www.eldigitaldeasturias.com\/noticias\/nuevos-objetivos-de-almacenamiento-de-gas-de-la-ue\/#webpage"},"isPartOf":{"@id":"https:\/\/www.eldigitaldeasturias.com\/noticias\/nuevos-objetivos-de-almacenamiento-de-gas-de-la-ue\/#webpage"},"articleSection":"Econom\u00eda"},{"@type":"BreadcrumbList","@id":"https:\/\/www.eldigitaldeasturias.com\/noticias\/nuevos-objetivos-de-almacenamiento-de-gas-de-la-ue\/#breadcrumblist","itemListElement":[{"@type":"ListItem","@id":"https:\/\/www.eldigitaldeasturias.com\/noticias#listItem","position":1,"name":"Home","item":"https:\/\/www.eldigitaldeasturias.com\/noticias","nextItem":{"@type":"ListItem","@id":"https:\/\/www.eldigitaldeasturias.com\/noticias\/category\/economia\/#listItem","name":"Econom\u00eda"}},{"@type":"ListItem","@id":"https:\/\/www.eldigitaldeasturias.com\/noticias\/category\/economia\/#listItem","position":2,"name":"Econom\u00eda","item":"https:\/\/www.eldigitaldeasturias.com\/noticias\/category\/economia\/","nextItem":{"@type":"ListItem","@id":"https:\/\/www.eldigitaldeasturias.com\/noticias\/nuevos-objetivos-de-almacenamiento-de-gas-de-la-ue\/#listItem","name":"Nuevos objetivos de almacenamiento de gas de la UE"},"previousItem":{"@type":"ListItem","@id":"https:\/\/www.eldigitaldeasturias.com\/noticias#listItem","name":"Home"}},{"@type":"ListItem","@id":"https:\/\/www.eldigitaldeasturias.com\/noticias\/nuevos-objetivos-de-almacenamiento-de-gas-de-la-ue\/#listItem","position":3,"name":"Nuevos objetivos de almacenamiento de gas de la UE","previousItem":{"@type":"ListItem","@id":"https:\/\/www.eldigitaldeasturias.com\/noticias\/category\/economia\/#listItem","name":"Econom\u00eda"}}]},{"@type":"Organization","@id":"https:\/\/www.eldigitaldeasturias.com\/noticias\/#organization","name":"El Digital de Asturias","description":"Hemeroteca","url":"https:\/\/www.eldigitaldeasturias.com\/noticias\/","email":"info@eldigitaldeasturias.com","telephone":"+34652131393","logo":{"@type":"ImageObject","url":"https:\/\/www.eldigitaldeasturias.com\/noticias\/wp-content\/uploads\/2020\/12\/EDA.jpg","@id":"https:\/\/www.eldigitaldeasturias.com\/noticias\/nuevos-objetivos-de-almacenamiento-de-gas-de-la-ue\/#organizationLogo","width":649,"height":297},"image":{"@id":"https:\/\/www.eldigitaldeasturias.com\/noticias\/nuevos-objetivos-de-almacenamiento-de-gas-de-la-ue\/#organizationLogo"},"sameAs":["https:\/\/facebook.com\/eldigitaldeasturias","https:\/\/www.youtube.com\/channel\/UCZP-2wLEB9Rv6erhFmqVnvg"],"address":{"@id":"https:\/\/www.eldigitaldeasturias.com\/noticias\/#postaladdress","@type":"PostalAddress","streetAddress":"san antonio 4,","postalCode":"33430","addressLocality":"Cand\u00e1s","addressRegion":"Asturias","addressCountry":"ES"}},{"@type":"Person","@id":"https:\/\/www.eldigitaldeasturias.com\/noticias\/author\/admin\/#author","url":"https:\/\/www.eldigitaldeasturias.com\/noticias\/author\/admin\/","name":"El Digital de Asturias","image":{"@type":"ImageObject","@id":"https:\/\/www.eldigitaldeasturias.com\/noticias\/nuevos-objetivos-de-almacenamiento-de-gas-de-la-ue\/#authorImage","url":"https:\/\/www.eldigitaldeasturias.com\/noticias\/wp-content\/litespeed\/avatar\/18677e78aa0546b92d9dbf31ec7d7668.jpg?ver=1777290358","width":96,"height":96,"caption":"El Digital de Asturias"}},{"@type":"WebPage","@id":"https:\/\/www.eldigitaldeasturias.com\/noticias\/nuevos-objetivos-de-almacenamiento-de-gas-de-la-ue\/#webpage","url":"https:\/\/www.eldigitaldeasturias.com\/noticias\/nuevos-objetivos-de-almacenamiento-de-gas-de-la-ue\/","name":"Nuevos objetivos de almacenamiento de gas de la UE - El Digital de Asturias","description":"El Parlamento Europeo ha dado el primer paso este jueves para aprobar los objetivos de reservas estrat\u00e9gicas de gas de la UE antes del pr\u00f3ximo invierno","inLanguage":"es-ES","isPartOf":{"@id":"https:\/\/www.eldigitaldeasturias.com\/noticias\/#website"},"breadcrumb":{"@id":"https:\/\/www.eldigitaldeasturias.com\/noticias\/nuevos-objetivos-de-almacenamiento-de-gas-de-la-ue\/#breadcrumblist"},"author":{"@id":"https:\/\/www.eldigitaldeasturias.com\/noticias\/author\/admin\/#author"},"creator":{"@id":"https:\/\/www.eldigitaldeasturias.com\/noticias\/author\/admin\/#author"},"image":{"@type":"ImageObject","url":"https:\/\/www.eldigitaldeasturias.com\/noticias\/wp-content\/uploads\/2022\/04\/UE.jpg","@id":"https:\/\/www.eldigitaldeasturias.com\/noticias\/nuevos-objetivos-de-almacenamiento-de-gas-de-la-ue\/#mainImage","width":640,"height":426,"caption":"UE"},"primaryImageOfPage":{"@id":"https:\/\/www.eldigitaldeasturias.com\/noticias\/nuevos-objetivos-de-almacenamiento-de-gas-de-la-ue\/#mainImage"},"datePublished":"2022-06-02T21:00:06+02:00","dateModified":"2022-06-02T21:00:06+02:00"},{"@type":"WebSite","@id":"https:\/\/www.eldigitaldeasturias.com\/noticias\/#website","url":"https:\/\/www.eldigitaldeasturias.com\/noticias\/","name":"El Digital de Asturias - Diario de actualidad y noticias","alternateName":"El Digital de Asturias - Diario de actualidad y noticias","description":"Hemeroteca","inLanguage":"es-ES","publisher":{"@id":"https:\/\/www.eldigitaldeasturias.com\/noticias\/#organization"}}]},"og:locale":"es_ES","og:site_name":"El Digital de Asturias","og:type":"article","og:title":"Nuevos objetivos de almacenamiento de gas de la UE - El Digital de Asturias","og:description":"El Parlamento Europeo ha dado el primer paso este jueves para aprobar los objetivos de reservas estrat\u00e9gicas de gas de la UE antes del pr\u00f3ximo invierno","og:url":"https:\/\/www.eldigitaldeasturias.com\/noticias\/nuevos-objetivos-de-almacenamiento-de-gas-de-la-ue\/","og:image":"https:\/\/www.eldigitaldeasturias.com\/noticias\/wp-content\/uploads\/2022\/04\/UE.jpg","og:image:secure_url":"https:\/\/www.eldigitaldeasturias.com\/noticias\/wp-content\/uploads\/2022\/04\/UE.jpg","og:image:width":640,"og:image:height":426,"article:tag":["econom\u00eda"],"article:published_time":"2022-06-02T19:00:06+00:00","article:modified_time":"2022-06-02T19:00:06+00:00","article:publisher":"https:\/\/facebook.com\/eldigitaldeasturias","twitter:card":"summary_large_image","twitter:title":"Nuevos objetivos de almacenamiento de gas de la UE - El Digital de Asturias","twitter:description":"El Parlamento Europeo ha dado el primer paso este jueves para aprobar los objetivos de reservas estrat\u00e9gicas de gas de la UE antes del pr\u00f3ximo invierno","twitter:image":"https:\/\/www.eldigitaldeasturias.com\/noticias\/wp-content\/uploads\/2022\/04\/UE.jpg","twitter:label1":"Escrito por","twitter:data1":"El Digital de Asturias","twitter:label2":"Tiempo de lectura estimado","twitter:data2":"3 minutos"},"aioseo_meta_data":{"post_id":"1111774","title":null,"description":"El Parlamento Europeo ha dado el primer paso este jueves para aprobar los objetivos de reservas estrat\u00e9gicas de gas de la UE antes del pr\u00f3ximo invierno","keywords":[],"keyphrases":{"focus":{"keyphrase":"UE","score":100,"analysis":{"keyphraseInTitle":{"title":"Focus keyphrase in SEO title","description":"Focus keyphrase found in SEO title.","score":9,"maxScore":9,"error":0},"keyphraseInDescription":{"title":"Focus keyphrase in meta description","description":"Focus keyphrase found in meta description.","score":9,"maxScore":9,"error":0},"keyphraseLength":{"title":"Focus keyphrase length","description":"Good job!","score":9,"maxScore":9,"error":0,"length":1},"keyphraseInURL":{"title":"Focus keyphrase in URL","description":"Focus keyphrase used in the URL.","score":5,"maxScore":5,"error":0},"keyphraseInIntroduction":{"title":"Focus keyphrase in introduction","description":"Your Focus keyphrase appears in the first paragraph. Well done!","score":9,"maxScore":9,"error":0},"keyphraseInSubHeadings":[],"keyphraseInImageAlt":{"title":"Focus keyphrase in image alt attributes","description":"Focus keyphrase found in image alt attribute(s).","score":9,"maxScore":9,"error":0}}},"additional":[]},"primary_term":null,"canonical_url":null,"og_title":null,"og_description":null,"og_object_type":"default","og_image_type":"default","og_image_url":null,"og_image_width":null,"og_image_height":null,"og_image_custom_url":null,"og_image_custom_fields":null,"og_video":"","og_custom_url":null,"og_article_section":null,"og_article_tags":[],"twitter_use_og":false,"twitter_card":"default","twitter_image_type":"default","twitter_image_url":null,"twitter_image_custom_url":null,"twitter_image_custom_fields":null,"twitter_title":null,"twitter_description":null,"schema":{"blockGraphs":[],"customGraphs":[],"default":{"data":{"Article":[],"Course":[],"Dataset":[],"FAQPage":[],"Movie":[],"Person":[],"Product":[],"ProductReview":[],"Car":[],"Recipe":[],"Service":[],"SoftwareApplication":[],"WebPage":[]},"graphName":"","isEnabled":true},"graphs":[],"defaultGraph":"Article","defaultPostTypeGraph":""},"schema_type":"default","schema_type_options":"{\"article\":{\"articleType\":\"BlogPosting\"},\"course\":{\"name\":\"\",\"description\":\"\",\"provider\":\"\"},\"faq\":{\"pages\":[]},\"product\":{\"reviews\":[]},\"recipe\":{\"ingredients\":[],\"instructions\":[],\"keywords\":[]},\"software\":{\"reviews\":[],\"operatingSystems\":[]},\"webPage\":{\"webPageType\":\"WebPage\"}}","pillar_content":false,"robots_default":true,"robots_noindex":false,"robots_noarchive":false,"robots_nosnippet":false,"robots_nofollow":false,"robots_noimageindex":false,"robots_noodp":false,"robots_notranslate":false,"robots_max_snippet":"-1","robots_max_videopreview":"-1","robots_max_imagepreview":"large","priority":null,"frequency":"default","local_seo":null,"seo_analyzer_scan_date":"2025-10-02 18:24:44","breadcrumb_settings":null,"limit_modified_date":false,"open_ai":null,"ai":null,"created":"2022-06-02 17:58:12","updated":"2025-10-02 18:24:44"},"aioseo_breadcrumb":"<div class=\"aioseo-breadcrumbs\"><span class=\"aioseo-breadcrumb\">\n\t<a href=\"https:\/\/www.eldigitaldeasturias.com\/noticias\" title=\"Home\">Home<\/a>\n<\/span><span class=\"aioseo-breadcrumb-separator\">\u2013<\/span><span class=\"aioseo-breadcrumb\">\n\t<a href=\"https:\/\/www.eldigitaldeasturias.com\/noticias\/category\/economia\/\" title=\"Econom\u00eda\">Econom\u00eda<\/a>\n<\/span><span class=\"aioseo-breadcrumb-separator\">\u2013<\/span><span class=\"aioseo-breadcrumb\">\n\t<a href=\"https:\/\/www.eldigitaldeasturias.com\/noticias\/nuevos-objetivos-de-almacenamiento-de-gas-de-la-ue\/\" title=\"Nuevos objetivos de almacenamiento de gas de la UE\">Nuevos objetivos de almacenamiento de gas de la UE<\/a>\n<\/span><\/div>","aioseo_breadcrumb_json":[{"label":"Home","link":"https:\/\/www.eldigitaldeasturias.com\/noticias"},{"label":"Econom\u00eda","link":"https:\/\/www.eldigitaldeasturias.com\/noticias\/category\/economia\/"},{"label":"Nuevos objetivos de almacenamiento de gas de la UE","link":"https:\/\/www.eldigitaldeasturias.com\/noticias\/nuevos-objetivos-de-almacenamiento-de-gas-de-la-ue\/"}],"_links":{"self":[{"href":"https:\/\/www.eldigitaldeasturias.com\/noticias\/wp-json\/wp\/v2\/posts\/1111774","targetHints":{"allow":["GET"]}}],"collection":[{"href":"https:\/\/www.eldigitaldeasturias.com\/noticias\/wp-json\/wp\/v2\/posts"}],"about":[{"href":"https:\/\/www.eldigitaldeasturias.com\/noticias\/wp-json\/wp\/v2\/types\/post"}],"author":[{"embeddable":true,"href":"https:\/\/www.eldigitaldeasturias.com\/noticias\/wp-json\/wp\/v2\/users\/1"}],"replies":[{"embeddable":true,"href":"https:\/\/www.eldigitaldeasturias.com\/noticias\/wp-json\/wp\/v2\/comments?post=1111774"}],"version-history":[{"count":0,"href":"https:\/\/www.eldigitaldeasturias.com\/noticias\/wp-json\/wp\/v2\/posts\/1111774\/revisions"}],"wp:featuredmedia":[{"embeddable":true,"href":"https:\/\/www.eldigitaldeasturias.com\/noticias\/wp-json\/wp\/v2\/media\/1110212"}],"wp:attachment":[{"href":"https:\/\/www.eldigitaldeasturias.com\/noticias\/wp-json\/wp\/v2\/media?parent=1111774"}],"wp:term":[{"taxonomy":"category","embeddable":true,"href":"https:\/\/www.eldigitaldeasturias.com\/noticias\/wp-json\/wp\/v2\/categories?post=1111774"},{"taxonomy":"post_tag","embeddable":true,"href":"https:\/\/www.eldigitaldeasturias.com\/noticias\/wp-json\/wp\/v2\/tags?post=1111774"}],"curies":[{"name":"wp","href":"https:\/\/api.w.org\/{rel}","templated":true}]}}