{"id":1110863,"date":"2022-05-11T19:27:26","date_gmt":"2022-05-11T17:27:26","guid":{"rendered":"https:\/\/www.eldigitaldeasturias.com\/noticias\/?p=1110863"},"modified":"2022-05-11T19:27:26","modified_gmt":"2022-05-11T17:27:26","slug":"andorra-ha-aprobado-un-aumento-del-salario-minimo","status":"publish","type":"post","link":"https:\/\/www.eldigitaldeasturias.com\/noticias\/andorra-ha-aprobado-un-aumento-del-salario-minimo\/","title":{"rendered":"Andorra ha aprobado un aumento del salario m\u00ednimo"},"content":{"rendered":"<p>(EP) &#8211; El Gobierno de Andorra ha aprobado un aumento del salario m\u00ednimo hasta los 1.201,20 euros con efectos desde 1 de mayo en el Consejo de ministros celebrado este mi\u00e9rcoles.<\/p>\n<figure id=\"attachment_1110864\" aria-describedby=\"caption-attachment-1110864\" style=\"width: 650px\" class=\"wp-caption aligncenter\"><img loading=\"lazy\" decoding=\"async\" class=\"wp-image-1110864 size-large\" src=\"https:\/\/www.eldigitaldeasturias.com\/noticias\/wp-content\/uploads\/2022\/05\/Andorra-650x431.jpg\" alt=\"Andorra\" width=\"650\" height=\"431\" srcset=\"https:\/\/www.eldigitaldeasturias.com\/noticias\/wp-content\/uploads\/2022\/05\/Andorra-650x431.jpg 650w, https:\/\/www.eldigitaldeasturias.com\/noticias\/wp-content\/uploads\/2022\/05\/Andorra-360x239.jpg 360w, https:\/\/www.eldigitaldeasturias.com\/noticias\/wp-content\/uploads\/2022\/05\/Andorra-452x300.jpg 452w, https:\/\/www.eldigitaldeasturias.com\/noticias\/wp-content\/uploads\/2022\/05\/Andorra-768x510.jpg 768w, https:\/\/www.eldigitaldeasturias.com\/noticias\/wp-content\/uploads\/2022\/05\/Andorra-150x100.jpg 150w, https:\/\/www.eldigitaldeasturias.com\/noticias\/wp-content\/uploads\/2022\/05\/Andorra-450x299.jpg 450w, https:\/\/www.eldigitaldeasturias.com\/noticias\/wp-content\/uploads\/2022\/05\/Andorra.jpg 966w\" sizes=\"auto, (max-width: 650px) 100vw, 650px\" \/><figcaption id=\"caption-attachment-1110864\" class=\"wp-caption-text\">Foto: GOVERN (SFG) \/ Europa Press<\/figcaption><\/figure>\n<p>As\u00ed lo ha explicado el ministro Portavoz y de Finanzas, Eric Jover, que ha informado que el decreto se publicar\u00e1 este mismo mi\u00e9rcoles en el Bolet\u00edn Oficial del Principado de Andorra y tendr\u00e1 efectos retroactivos.<\/p>\n<p>El salario m\u00ednimo se encontraba, desde principios de a\u00f1o cuando se incremento cerca de un 3,5 por ciento, en los 1.157,87 euros, y para este mes de mayo se incrementa nuevamente alrededor del 3,6 por ciento, hasta los 1.201,20 euros.<\/p>\n<p>Jover tambi\u00e9n ha se\u00f1alado que se trata de un aumento \u00absignificativo\u00bb de este salario m\u00ednimo, que desde inicios de 2022 ya habr\u00e1 incrementado un siete por ciento y que el objetivo del Gobierno es, progresivamente, que el salario m\u00ednimo llegue al 60 por ciento del salario medio como recomienda el Consejo de Europa.<\/p>\n<p>Con este aumento del salario m\u00ednimo tambi\u00e9n aumentar\u00e1n determinadas pensiones y prestaciones que lo toman como referencia.<\/p>\n<p>El Consejo de ministros tambi\u00e9n ha aprobado la convocatoria de nuevas ayudas a la vivienda, que se abrir\u00e1 el pr\u00f3ximo 1 de junio y que flexibiliza los criterios para que m\u00e1s poblaci\u00f3n se pueda acoger y la cuant\u00eda de las ayudas sea mayor.<\/p>\n<p>En la misma l\u00ednea, el Gobierno ha acordado la reducci\u00f3n del impuesto sobre los hidrocarburos mediante el retorno de una parte a las empresas de transporte, taxistas y para la maquinaria del sector de la construcci\u00f3n.<\/p>\n<h2>MODIFICACIONES LEGISLATIVAS<\/h2>\n<p>El Ejecutivo anunci\u00f3 estas, y otras medidas, el pasado 26 de abril y este mi\u00e9rcoles ha aprobado aquellas que se pueden implementar por v\u00eda reglamentaria, las que s\u00f3lo dependen de \u00e9l, asumiendo que se podr\u00edan tener que modificar cuando se reciban las propuestas de los representantes empresariales y sindicales en el Consejo Econ\u00f3mico y Social.<\/p>\n<p>Tambi\u00e9n se est\u00e1 a la espera de este retorno para proponer los cambios legislativos necesarios para implementar las otras medidas para mejorar el poder adquisitivo de la poblaci\u00f3n anunciadas, como el aumento de los salarios entre el m\u00ednimo y el mediano, las pensiones o crear un nuevo tipo impositivo reducido del Impuesto General Indirecto &#8211;equivalente al IVA&#8211;.<\/p>\n<p>Asimismo, se trabaja en una modificaci\u00f3n del presupuesto, que tambi\u00e9n deber\u00e1 aprobar el Consell General &#8211;parlamento&#8211;, que recoja el impacto de estas medidas y de la situaci\u00f3n econ\u00f3mica actual, y ajuste las desviaciones.<\/p>\n<p>En este sentido, Jover ha recordado que los ingresos patrimoniales provenientes de Forces El\u00e8ctriques d&#8217;Andorra (FEDA) ser\u00e1n nulos, ya que la el\u00e9ctrica parap\u00fablica no ha obtenido beneficios al no repercutir el aumento de los precios de la electricidad a la poblaci\u00f3n durante el 2021.<\/p>\n<p>En positivo, el ministro de Finanzas ha comentado que tambi\u00e9n se revisar\u00e1 la partida de ingresos de la Aduana, que en los cuatro meses que ya se han cerrado del ejercicio han estado por encima de las previsiones.<\/p>\n","protected":false},"excerpt":{"rendered":"<p>(EP) &#8211; El Gobierno de Andorra ha aprobado un aumento del salario m\u00ednimo hasta los 1.201,20 euros con efectos desde 1 de mayo en el Consejo de ministros celebrado este mi\u00e9rcoles. As\u00ed lo ha explicado el ministro Portavoz y de Finanzas, Eric Jover, que ha informado que el decreto se publicar\u00e1 este mismo mi\u00e9rcoles en [&hellip;]<\/p>\n","protected":false},"author":1,"featured_media":1110864,"comment_status":"closed","ping_status":"closed","sticky":false,"template":"","format":"standard","meta":{"footnotes":""},"categories":[187],"tags":[],"class_list":["post-1110863","post","type-post","status-publish","format-standard","has-post-thumbnail","hentry","category-economia"],"aioseo_notices":[],"aioseo_head":"\n\t\t<!-- All in One SEO Pro 4.9.6.2 - aioseo.com -->\n\t<meta name=\"description\" content=\"(EP) - El Gobierno de Andorra ha aprobado un aumento del salario m\u00ednimo hasta los 1.201,20 euros con efectos desde 1 de mayo en el Consejo de ministros\" \/>\n\t<meta name=\"robots\" content=\"max-image-preview:large\" \/>\n\t<meta name=\"author\" content=\"El Digital de Asturias\"\/>\n\t<meta name=\"google-site-verification\" content=\"UA-38556648-1\" \/>\n\t<meta name=\"msvalidate.01\" content=\"7dfe9f3f1b24437ab69f4f2559babe99\" \/>\n\t<meta name=\"keywords\" content=\"econom\u00eda\" \/>\n\t<link rel=\"canonical\" href=\"https:\/\/www.eldigitaldeasturias.com\/noticias\/andorra-ha-aprobado-un-aumento-del-salario-minimo\/\" \/>\n\t<meta name=\"generator\" content=\"All in One SEO Pro (AIOSEO) 4.9.6.2\" \/>\n\t\t<meta property=\"og:locale\" content=\"es_ES\" \/>\n\t\t<meta property=\"og:site_name\" content=\"El Digital de Asturias\" \/>\n\t\t<meta property=\"og:type\" content=\"article\" \/>\n\t\t<meta property=\"og:title\" content=\"Andorra ha aprobado un aumento del salario m\u00ednimo - El Digital de Asturias\" \/>\n\t\t<meta property=\"og:description\" content=\"(EP) - El Gobierno de Andorra ha aprobado un aumento del salario m\u00ednimo hasta los 1.201,20 euros con efectos desde 1 de mayo en el Consejo de ministros\" \/>\n\t\t<meta property=\"og:url\" content=\"https:\/\/www.eldigitaldeasturias.com\/noticias\/andorra-ha-aprobado-un-aumento-del-salario-minimo\/\" \/>\n\t\t<meta property=\"og:image\" content=\"https:\/\/www.eldigitaldeasturias.com\/noticias\/wp-content\/uploads\/2022\/05\/Andorra.jpg\" \/>\n\t\t<meta property=\"og:image:secure_url\" content=\"https:\/\/www.eldigitaldeasturias.com\/noticias\/wp-content\/uploads\/2022\/05\/Andorra.jpg\" \/>\n\t\t<meta property=\"og:image:width\" content=\"966\" \/>\n\t\t<meta property=\"og:image:height\" content=\"641\" \/>\n\t\t<meta property=\"article:tag\" content=\"econom\u00eda\" \/>\n\t\t<meta property=\"article:published_time\" content=\"2022-05-11T17:27:26+00:00\" \/>\n\t\t<meta property=\"article:modified_time\" content=\"2022-05-11T17:27:26+00:00\" \/>\n\t\t<meta property=\"article:publisher\" content=\"https:\/\/facebook.com\/eldigitaldeasturias\" \/>\n\t\t<meta name=\"twitter:card\" content=\"summary_large_image\" \/>\n\t\t<meta name=\"twitter:title\" content=\"Andorra ha aprobado un aumento del salario m\u00ednimo - El Digital de Asturias\" \/>\n\t\t<meta name=\"twitter:description\" content=\"(EP) - El Gobierno de Andorra ha aprobado un aumento del salario m\u00ednimo hasta los 1.201,20 euros con efectos desde 1 de mayo en el Consejo de ministros\" \/>\n\t\t<meta name=\"twitter:image\" content=\"https:\/\/www.eldigitaldeasturias.com\/noticias\/wp-content\/uploads\/2022\/05\/Andorra.jpg\" \/>\n\t\t<meta name=\"twitter:label1\" content=\"Escrito por\" \/>\n\t\t<meta name=\"twitter:data1\" content=\"El Digital de Asturias\" \/>\n\t\t<meta name=\"twitter:label2\" content=\"Tiempo de lectura estimado\" \/>\n\t\t<meta name=\"twitter:data2\" content=\"3 minutos\" \/>\n\t\t<script type=\"application\/ld+json\" class=\"aioseo-schema\">\n\t\t\t{\"@context\":\"https:\\\/\\\/schema.org\",\"@graph\":[{\"@type\":\"BlogPosting\",\"@id\":\"https:\\\/\\\/www.eldigitaldeasturias.com\\\/noticias\\\/andorra-ha-aprobado-un-aumento-del-salario-minimo\\\/#blogposting\",\"name\":\"Andorra ha aprobado un aumento del salario m\\u00ednimo - El Digital de Asturias\",\"headline\":\"Andorra ha aprobado un aumento del salario m\\u00ednimo\",\"author\":{\"@id\":\"https:\\\/\\\/www.eldigitaldeasturias.com\\\/noticias\\\/author\\\/admin\\\/#author\"},\"publisher\":{\"@id\":\"https:\\\/\\\/www.eldigitaldeasturias.com\\\/noticias\\\/#organization\"},\"image\":{\"@type\":\"ImageObject\",\"url\":\"https:\\\/\\\/www.eldigitaldeasturias.com\\\/noticias\\\/wp-content\\\/uploads\\\/2022\\\/05\\\/Andorra.jpg\",\"width\":966,\"height\":641,\"caption\":\"Foto: GOVERN (SFG) \\\/ Europa Press\"},\"datePublished\":\"2022-05-11T19:27:26+02:00\",\"dateModified\":\"2022-05-11T19:27:26+02:00\",\"inLanguage\":\"es-ES\",\"mainEntityOfPage\":{\"@id\":\"https:\\\/\\\/www.eldigitaldeasturias.com\\\/noticias\\\/andorra-ha-aprobado-un-aumento-del-salario-minimo\\\/#webpage\"},\"isPartOf\":{\"@id\":\"https:\\\/\\\/www.eldigitaldeasturias.com\\\/noticias\\\/andorra-ha-aprobado-un-aumento-del-salario-minimo\\\/#webpage\"},\"articleSection\":\"Econom\\u00eda\"},{\"@type\":\"BreadcrumbList\",\"@id\":\"https:\\\/\\\/www.eldigitaldeasturias.com\\\/noticias\\\/andorra-ha-aprobado-un-aumento-del-salario-minimo\\\/#breadcrumblist\",\"itemListElement\":[{\"@type\":\"ListItem\",\"@id\":\"https:\\\/\\\/www.eldigitaldeasturias.com\\\/noticias#listItem\",\"position\":1,\"name\":\"Home\",\"item\":\"https:\\\/\\\/www.eldigitaldeasturias.com\\\/noticias\",\"nextItem\":{\"@type\":\"ListItem\",\"@id\":\"https:\\\/\\\/www.eldigitaldeasturias.com\\\/noticias\\\/category\\\/economia\\\/#listItem\",\"name\":\"Econom\\u00eda\"}},{\"@type\":\"ListItem\",\"@id\":\"https:\\\/\\\/www.eldigitaldeasturias.com\\\/noticias\\\/category\\\/economia\\\/#listItem\",\"position\":2,\"name\":\"Econom\\u00eda\",\"item\":\"https:\\\/\\\/www.eldigitaldeasturias.com\\\/noticias\\\/category\\\/economia\\\/\",\"nextItem\":{\"@type\":\"ListItem\",\"@id\":\"https:\\\/\\\/www.eldigitaldeasturias.com\\\/noticias\\\/andorra-ha-aprobado-un-aumento-del-salario-minimo\\\/#listItem\",\"name\":\"Andorra ha aprobado un aumento del salario m\\u00ednimo\"},\"previousItem\":{\"@type\":\"ListItem\",\"@id\":\"https:\\\/\\\/www.eldigitaldeasturias.com\\\/noticias#listItem\",\"name\":\"Home\"}},{\"@type\":\"ListItem\",\"@id\":\"https:\\\/\\\/www.eldigitaldeasturias.com\\\/noticias\\\/andorra-ha-aprobado-un-aumento-del-salario-minimo\\\/#listItem\",\"position\":3,\"name\":\"Andorra ha aprobado un aumento del salario m\\u00ednimo\",\"previousItem\":{\"@type\":\"ListItem\",\"@id\":\"https:\\\/\\\/www.eldigitaldeasturias.com\\\/noticias\\\/category\\\/economia\\\/#listItem\",\"name\":\"Econom\\u00eda\"}}]},{\"@type\":\"Organization\",\"@id\":\"https:\\\/\\\/www.eldigitaldeasturias.com\\\/noticias\\\/#organization\",\"name\":\"El Digital de Asturias\",\"description\":\"Hemeroteca\",\"url\":\"https:\\\/\\\/www.eldigitaldeasturias.com\\\/noticias\\\/\",\"email\":\"info@eldigitaldeasturias.com\",\"telephone\":\"+34652131393\",\"logo\":{\"@type\":\"ImageObject\",\"url\":\"https:\\\/\\\/www.eldigitaldeasturias.com\\\/noticias\\\/wp-content\\\/uploads\\\/2020\\\/12\\\/EDA.jpg\",\"@id\":\"https:\\\/\\\/www.eldigitaldeasturias.com\\\/noticias\\\/andorra-ha-aprobado-un-aumento-del-salario-minimo\\\/#organizationLogo\",\"width\":649,\"height\":297},\"image\":{\"@id\":\"https:\\\/\\\/www.eldigitaldeasturias.com\\\/noticias\\\/andorra-ha-aprobado-un-aumento-del-salario-minimo\\\/#organizationLogo\"},\"sameAs\":[\"https:\\\/\\\/facebook.com\\\/eldigitaldeasturias\",\"https:\\\/\\\/www.youtube.com\\\/channel\\\/UCZP-2wLEB9Rv6erhFmqVnvg\"],\"address\":{\"@id\":\"https:\\\/\\\/www.eldigitaldeasturias.com\\\/noticias\\\/#postaladdress\",\"@type\":\"PostalAddress\",\"streetAddress\":\"san antonio 4,\",\"postalCode\":\"33430\",\"addressLocality\":\"Cand\\u00e1s\",\"addressRegion\":\"Asturias\",\"addressCountry\":\"ES\"}},{\"@type\":\"Person\",\"@id\":\"https:\\\/\\\/www.eldigitaldeasturias.com\\\/noticias\\\/author\\\/admin\\\/#author\",\"url\":\"https:\\\/\\\/www.eldigitaldeasturias.com\\\/noticias\\\/author\\\/admin\\\/\",\"name\":\"El Digital de Asturias\",\"image\":{\"@type\":\"ImageObject\",\"@id\":\"https:\\\/\\\/www.eldigitaldeasturias.com\\\/noticias\\\/andorra-ha-aprobado-un-aumento-del-salario-minimo\\\/#authorImage\",\"url\":\"https:\\\/\\\/www.eldigitaldeasturias.com\\\/noticias\\\/wp-content\\\/litespeed\\\/avatar\\\/18677e78aa0546b92d9dbf31ec7d7668.jpg?ver=1776685526\",\"width\":96,\"height\":96,\"caption\":\"El Digital de Asturias\"}},{\"@type\":\"WebPage\",\"@id\":\"https:\\\/\\\/www.eldigitaldeasturias.com\\\/noticias\\\/andorra-ha-aprobado-un-aumento-del-salario-minimo\\\/#webpage\",\"url\":\"https:\\\/\\\/www.eldigitaldeasturias.com\\\/noticias\\\/andorra-ha-aprobado-un-aumento-del-salario-minimo\\\/\",\"name\":\"Andorra ha aprobado un aumento del salario m\\u00ednimo - El Digital de Asturias\",\"description\":\"(EP) - El Gobierno de Andorra ha aprobado un aumento del salario m\\u00ednimo hasta los 1.201,20 euros con efectos desde 1 de mayo en el Consejo de ministros\",\"inLanguage\":\"es-ES\",\"isPartOf\":{\"@id\":\"https:\\\/\\\/www.eldigitaldeasturias.com\\\/noticias\\\/#website\"},\"breadcrumb\":{\"@id\":\"https:\\\/\\\/www.eldigitaldeasturias.com\\\/noticias\\\/andorra-ha-aprobado-un-aumento-del-salario-minimo\\\/#breadcrumblist\"},\"author\":{\"@id\":\"https:\\\/\\\/www.eldigitaldeasturias.com\\\/noticias\\\/author\\\/admin\\\/#author\"},\"creator\":{\"@id\":\"https:\\\/\\\/www.eldigitaldeasturias.com\\\/noticias\\\/author\\\/admin\\\/#author\"},\"image\":{\"@type\":\"ImageObject\",\"url\":\"https:\\\/\\\/www.eldigitaldeasturias.com\\\/noticias\\\/wp-content\\\/uploads\\\/2022\\\/05\\\/Andorra.jpg\",\"@id\":\"https:\\\/\\\/www.eldigitaldeasturias.com\\\/noticias\\\/andorra-ha-aprobado-un-aumento-del-salario-minimo\\\/#mainImage\",\"width\":966,\"height\":641,\"caption\":\"Foto: GOVERN (SFG) \\\/ Europa Press\"},\"primaryImageOfPage\":{\"@id\":\"https:\\\/\\\/www.eldigitaldeasturias.com\\\/noticias\\\/andorra-ha-aprobado-un-aumento-del-salario-minimo\\\/#mainImage\"},\"datePublished\":\"2022-05-11T19:27:26+02:00\",\"dateModified\":\"2022-05-11T19:27:26+02:00\"},{\"@type\":\"WebSite\",\"@id\":\"https:\\\/\\\/www.eldigitaldeasturias.com\\\/noticias\\\/#website\",\"url\":\"https:\\\/\\\/www.eldigitaldeasturias.com\\\/noticias\\\/\",\"name\":\"El Digital de Asturias - Diario de actualidad y noticias\",\"alternateName\":\"El Digital de Asturias - Diario de actualidad y noticias\",\"description\":\"Hemeroteca\",\"inLanguage\":\"es-ES\",\"publisher\":{\"@id\":\"https:\\\/\\\/www.eldigitaldeasturias.com\\\/noticias\\\/#organization\"}}]}\n\t\t<\/script>\n\t\t<!-- All in One SEO Pro -->\r\n\t\t<title>Andorra ha aprobado un aumento del salario m\u00ednimo - El Digital de Asturias<\/title>\n\n","aioseo_head_json":{"title":"Andorra ha aprobado un aumento del salario m\u00ednimo - El Digital de Asturias","description":"(EP) - El Gobierno de Andorra ha aprobado un aumento del salario m\u00ednimo hasta los 1.201,20 euros con efectos desde 1 de mayo en el Consejo de ministros","canonical_url":"https:\/\/www.eldigitaldeasturias.com\/noticias\/andorra-ha-aprobado-un-aumento-del-salario-minimo\/","robots":"max-image-preview:large","keywords":"econom\u00eda","webmasterTools":{"google-site-verification":"UA-38556648-1","msvalidate.01":"7dfe9f3f1b24437ab69f4f2559babe99","miscellaneous":""},"schema":{"@context":"https:\/\/schema.org","@graph":[{"@type":"BlogPosting","@id":"https:\/\/www.eldigitaldeasturias.com\/noticias\/andorra-ha-aprobado-un-aumento-del-salario-minimo\/#blogposting","name":"Andorra ha aprobado un aumento del salario m\u00ednimo - El Digital de Asturias","headline":"Andorra ha aprobado un aumento del salario m\u00ednimo","author":{"@id":"https:\/\/www.eldigitaldeasturias.com\/noticias\/author\/admin\/#author"},"publisher":{"@id":"https:\/\/www.eldigitaldeasturias.com\/noticias\/#organization"},"image":{"@type":"ImageObject","url":"https:\/\/www.eldigitaldeasturias.com\/noticias\/wp-content\/uploads\/2022\/05\/Andorra.jpg","width":966,"height":641,"caption":"Foto: GOVERN (SFG) \/ Europa Press"},"datePublished":"2022-05-11T19:27:26+02:00","dateModified":"2022-05-11T19:27:26+02:00","inLanguage":"es-ES","mainEntityOfPage":{"@id":"https:\/\/www.eldigitaldeasturias.com\/noticias\/andorra-ha-aprobado-un-aumento-del-salario-minimo\/#webpage"},"isPartOf":{"@id":"https:\/\/www.eldigitaldeasturias.com\/noticias\/andorra-ha-aprobado-un-aumento-del-salario-minimo\/#webpage"},"articleSection":"Econom\u00eda"},{"@type":"BreadcrumbList","@id":"https:\/\/www.eldigitaldeasturias.com\/noticias\/andorra-ha-aprobado-un-aumento-del-salario-minimo\/#breadcrumblist","itemListElement":[{"@type":"ListItem","@id":"https:\/\/www.eldigitaldeasturias.com\/noticias#listItem","position":1,"name":"Home","item":"https:\/\/www.eldigitaldeasturias.com\/noticias","nextItem":{"@type":"ListItem","@id":"https:\/\/www.eldigitaldeasturias.com\/noticias\/category\/economia\/#listItem","name":"Econom\u00eda"}},{"@type":"ListItem","@id":"https:\/\/www.eldigitaldeasturias.com\/noticias\/category\/economia\/#listItem","position":2,"name":"Econom\u00eda","item":"https:\/\/www.eldigitaldeasturias.com\/noticias\/category\/economia\/","nextItem":{"@type":"ListItem","@id":"https:\/\/www.eldigitaldeasturias.com\/noticias\/andorra-ha-aprobado-un-aumento-del-salario-minimo\/#listItem","name":"Andorra ha aprobado un aumento del salario m\u00ednimo"},"previousItem":{"@type":"ListItem","@id":"https:\/\/www.eldigitaldeasturias.com\/noticias#listItem","name":"Home"}},{"@type":"ListItem","@id":"https:\/\/www.eldigitaldeasturias.com\/noticias\/andorra-ha-aprobado-un-aumento-del-salario-minimo\/#listItem","position":3,"name":"Andorra ha aprobado un aumento del salario m\u00ednimo","previousItem":{"@type":"ListItem","@id":"https:\/\/www.eldigitaldeasturias.com\/noticias\/category\/economia\/#listItem","name":"Econom\u00eda"}}]},{"@type":"Organization","@id":"https:\/\/www.eldigitaldeasturias.com\/noticias\/#organization","name":"El Digital de Asturias","description":"Hemeroteca","url":"https:\/\/www.eldigitaldeasturias.com\/noticias\/","email":"info@eldigitaldeasturias.com","telephone":"+34652131393","logo":{"@type":"ImageObject","url":"https:\/\/www.eldigitaldeasturias.com\/noticias\/wp-content\/uploads\/2020\/12\/EDA.jpg","@id":"https:\/\/www.eldigitaldeasturias.com\/noticias\/andorra-ha-aprobado-un-aumento-del-salario-minimo\/#organizationLogo","width":649,"height":297},"image":{"@id":"https:\/\/www.eldigitaldeasturias.com\/noticias\/andorra-ha-aprobado-un-aumento-del-salario-minimo\/#organizationLogo"},"sameAs":["https:\/\/facebook.com\/eldigitaldeasturias","https:\/\/www.youtube.com\/channel\/UCZP-2wLEB9Rv6erhFmqVnvg"],"address":{"@id":"https:\/\/www.eldigitaldeasturias.com\/noticias\/#postaladdress","@type":"PostalAddress","streetAddress":"san antonio 4,","postalCode":"33430","addressLocality":"Cand\u00e1s","addressRegion":"Asturias","addressCountry":"ES"}},{"@type":"Person","@id":"https:\/\/www.eldigitaldeasturias.com\/noticias\/author\/admin\/#author","url":"https:\/\/www.eldigitaldeasturias.com\/noticias\/author\/admin\/","name":"El Digital de Asturias","image":{"@type":"ImageObject","@id":"https:\/\/www.eldigitaldeasturias.com\/noticias\/andorra-ha-aprobado-un-aumento-del-salario-minimo\/#authorImage","url":"https:\/\/www.eldigitaldeasturias.com\/noticias\/wp-content\/litespeed\/avatar\/18677e78aa0546b92d9dbf31ec7d7668.jpg?ver=1776685526","width":96,"height":96,"caption":"El Digital de Asturias"}},{"@type":"WebPage","@id":"https:\/\/www.eldigitaldeasturias.com\/noticias\/andorra-ha-aprobado-un-aumento-del-salario-minimo\/#webpage","url":"https:\/\/www.eldigitaldeasturias.com\/noticias\/andorra-ha-aprobado-un-aumento-del-salario-minimo\/","name":"Andorra ha aprobado un aumento del salario m\u00ednimo - El Digital de Asturias","description":"(EP) - El Gobierno de Andorra ha aprobado un aumento del salario m\u00ednimo hasta los 1.201,20 euros con efectos desde 1 de mayo en el Consejo de ministros","inLanguage":"es-ES","isPartOf":{"@id":"https:\/\/www.eldigitaldeasturias.com\/noticias\/#website"},"breadcrumb":{"@id":"https:\/\/www.eldigitaldeasturias.com\/noticias\/andorra-ha-aprobado-un-aumento-del-salario-minimo\/#breadcrumblist"},"author":{"@id":"https:\/\/www.eldigitaldeasturias.com\/noticias\/author\/admin\/#author"},"creator":{"@id":"https:\/\/www.eldigitaldeasturias.com\/noticias\/author\/admin\/#author"},"image":{"@type":"ImageObject","url":"https:\/\/www.eldigitaldeasturias.com\/noticias\/wp-content\/uploads\/2022\/05\/Andorra.jpg","@id":"https:\/\/www.eldigitaldeasturias.com\/noticias\/andorra-ha-aprobado-un-aumento-del-salario-minimo\/#mainImage","width":966,"height":641,"caption":"Foto: GOVERN (SFG) \/ Europa Press"},"primaryImageOfPage":{"@id":"https:\/\/www.eldigitaldeasturias.com\/noticias\/andorra-ha-aprobado-un-aumento-del-salario-minimo\/#mainImage"},"datePublished":"2022-05-11T19:27:26+02:00","dateModified":"2022-05-11T19:27:26+02:00"},{"@type":"WebSite","@id":"https:\/\/www.eldigitaldeasturias.com\/noticias\/#website","url":"https:\/\/www.eldigitaldeasturias.com\/noticias\/","name":"El Digital de Asturias - Diario de actualidad y noticias","alternateName":"El Digital de Asturias - Diario de actualidad y noticias","description":"Hemeroteca","inLanguage":"es-ES","publisher":{"@id":"https:\/\/www.eldigitaldeasturias.com\/noticias\/#organization"}}]},"og:locale":"es_ES","og:site_name":"El Digital de Asturias","og:type":"article","og:title":"Andorra ha aprobado un aumento del salario m\u00ednimo - El Digital de Asturias","og:description":"(EP) - El Gobierno de Andorra ha aprobado un aumento del salario m\u00ednimo hasta los 1.201,20 euros con efectos desde 1 de mayo en el Consejo de ministros","og:url":"https:\/\/www.eldigitaldeasturias.com\/noticias\/andorra-ha-aprobado-un-aumento-del-salario-minimo\/","og:image":"https:\/\/www.eldigitaldeasturias.com\/noticias\/wp-content\/uploads\/2022\/05\/Andorra.jpg","og:image:secure_url":"https:\/\/www.eldigitaldeasturias.com\/noticias\/wp-content\/uploads\/2022\/05\/Andorra.jpg","og:image:width":966,"og:image:height":641,"article:tag":["econom\u00eda"],"article:published_time":"2022-05-11T17:27:26+00:00","article:modified_time":"2022-05-11T17:27:26+00:00","article:publisher":"https:\/\/facebook.com\/eldigitaldeasturias","twitter:card":"summary_large_image","twitter:title":"Andorra ha aprobado un aumento del salario m\u00ednimo - El Digital de Asturias","twitter:description":"(EP) - El Gobierno de Andorra ha aprobado un aumento del salario m\u00ednimo hasta los 1.201,20 euros con efectos desde 1 de mayo en el Consejo de ministros","twitter:image":"https:\/\/www.eldigitaldeasturias.com\/noticias\/wp-content\/uploads\/2022\/05\/Andorra.jpg","twitter:label1":"Escrito por","twitter:data1":"El Digital de Asturias","twitter:label2":"Tiempo de lectura estimado","twitter:data2":"3 minutos"},"aioseo_meta_data":{"post_id":"1110863","title":null,"description":"(EP) - El Gobierno de Andorra ha aprobado un aumento del salario m\u00ednimo hasta los 1.201,20 euros con efectos desde 1 de mayo en el Consejo de ministros","keywords":[],"keyphrases":{"focus":{"keyphrase":"Andorra ","score":89,"analysis":{"keyphraseInTitle":{"title":"Focus keyphrase in SEO title","description":"Focus keyphrase found in SEO title.","score":9,"maxScore":9,"error":0},"keyphraseInDescription":{"title":"Focus keyphrase in meta description","description":"Focus keyphrase found in meta description.","score":9,"maxScore":9,"error":0},"keyphraseLength":{"title":"Focus keyphrase length","description":"Good job!","score":9,"maxScore":9,"error":0,"length":1},"keyphraseInURL":[],"keyphraseInIntroduction":{"title":"Focus keyphrase in introduction","description":"Your Focus keyphrase appears in the first paragraph. Well done!","score":9,"maxScore":9,"error":0},"keyphraseInSubHeadings":{"title":"Focus keyphrase in Subheadings","description":"Use your focus keyphrase more in your H2 and H3 subheadings.","score":3,"maxScore":9,"error":1},"keyphraseInImageAlt":{"title":"Focus keyphrase in image alt attributes","description":"Focus keyphrase found in image alt attribute(s).","score":9,"maxScore":9,"error":0}}},"additional":[{"keyphrase":"Gobierno de Andorra ","score":83,"analysis":{"keyphraseInDescription":{"title":"Keyphrase in meta description","description":"Keyphrase found in meta description.","score":9,"maxScore":9,"error":0},"keyphraseLength":{"title":"Keyphrase length","description":"Good job!","score":9,"maxScore":9,"error":0,"length":3},"keyphraseInIntroduction":{"title":"Keyphrase in introduction","description":"Your Keyphrase appears in the first paragraph. Well done!","score":9,"maxScore":9,"error":0},"keyphraseInImageAlt":{"title":"Keyphrase in image alt attributes","description":"Keyphrase not found in image alt attribute(s). Add an image with your Keyphrase as alt text.","score":3,"maxScore":9,"error":1}}},{"keyphrase":" salario m\u00ednimo","score":100,"analysis":{"keyphraseInDescription":{"title":"Keyphrase in meta description","description":"Keyphrase found in meta description.","score":9,"maxScore":9,"error":0},"keyphraseLength":{"title":"Keyphrase length","description":"Good job!","score":9,"maxScore":9,"error":0,"length":2},"keyphraseInIntroduction":{"title":"Keyphrase in introduction","description":"Your Keyphrase appears in the first paragraph. Well done!","score":9,"maxScore":9,"error":0},"keyphraseInImageAlt":{"title":"Keyphrase in image alt attributes","description":"Keyphrase found in image alt attribute(s).","score":9,"maxScore":9,"error":0}}}]},"primary_term":null,"canonical_url":null,"og_title":null,"og_description":null,"og_object_type":"default","og_image_type":"default","og_image_url":null,"og_image_width":null,"og_image_height":null,"og_image_custom_url":null,"og_image_custom_fields":null,"og_video":"","og_custom_url":null,"og_article_section":null,"og_article_tags":[],"twitter_use_og":false,"twitter_card":"default","twitter_image_type":"default","twitter_image_url":null,"twitter_image_custom_url":null,"twitter_image_custom_fields":null,"twitter_title":null,"twitter_description":null,"schema":{"blockGraphs":[],"customGraphs":[],"default":{"data":{"Article":[],"Course":[],"Dataset":[],"FAQPage":[],"Movie":[],"Person":[],"Product":[],"ProductReview":[],"Car":[],"Recipe":[],"Service":[],"SoftwareApplication":[],"WebPage":[]},"graphName":"","isEnabled":true},"graphs":[],"defaultGraph":"Article","defaultPostTypeGraph":""},"schema_type":"default","schema_type_options":"{\"article\":{\"articleType\":\"BlogPosting\"},\"course\":{\"name\":\"\",\"description\":\"\",\"provider\":\"\"},\"faq\":{\"pages\":[]},\"product\":{\"reviews\":[]},\"recipe\":{\"ingredients\":[],\"instructions\":[],\"keywords\":[]},\"software\":{\"reviews\":[],\"operatingSystems\":[]},\"webPage\":{\"webPageType\":\"WebPage\"}}","pillar_content":false,"robots_default":true,"robots_noindex":false,"robots_noarchive":false,"robots_nosnippet":false,"robots_nofollow":false,"robots_noimageindex":false,"robots_noodp":false,"robots_notranslate":false,"robots_max_snippet":"-1","robots_max_videopreview":"-1","robots_max_imagepreview":"large","priority":null,"frequency":"default","local_seo":null,"seo_analyzer_scan_date":"2025-10-02 13:53:44","breadcrumb_settings":null,"limit_modified_date":false,"open_ai":null,"ai":null,"created":"2022-05-11 17:23:06","updated":"2025-10-02 13:53:44"},"aioseo_breadcrumb":"<div class=\"aioseo-breadcrumbs\"><span class=\"aioseo-breadcrumb\">\n\t<a href=\"https:\/\/www.eldigitaldeasturias.com\/noticias\" title=\"Home\">Home<\/a>\n<\/span><span class=\"aioseo-breadcrumb-separator\">\u2013<\/span><span class=\"aioseo-breadcrumb\">\n\t<a href=\"https:\/\/www.eldigitaldeasturias.com\/noticias\/category\/economia\/\" title=\"Econom\u00eda\">Econom\u00eda<\/a>\n<\/span><span class=\"aioseo-breadcrumb-separator\">\u2013<\/span><span class=\"aioseo-breadcrumb\">\n\t<a href=\"https:\/\/www.eldigitaldeasturias.com\/noticias\/andorra-ha-aprobado-un-aumento-del-salario-minimo\/\" title=\"Andorra ha aprobado un aumento del salario m\u00ednimo\">Andorra ha aprobado un aumento del salario m\u00ednimo<\/a>\n<\/span><\/div>","aioseo_breadcrumb_json":[{"label":"Home","link":"https:\/\/www.eldigitaldeasturias.com\/noticias"},{"label":"Econom\u00eda","link":"https:\/\/www.eldigitaldeasturias.com\/noticias\/category\/economia\/"},{"label":"Andorra ha aprobado un aumento del salario m\u00ednimo","link":"https:\/\/www.eldigitaldeasturias.com\/noticias\/andorra-ha-aprobado-un-aumento-del-salario-minimo\/"}],"_links":{"self":[{"href":"https:\/\/www.eldigitaldeasturias.com\/noticias\/wp-json\/wp\/v2\/posts\/1110863","targetHints":{"allow":["GET"]}}],"collection":[{"href":"https:\/\/www.eldigitaldeasturias.com\/noticias\/wp-json\/wp\/v2\/posts"}],"about":[{"href":"https:\/\/www.eldigitaldeasturias.com\/noticias\/wp-json\/wp\/v2\/types\/post"}],"author":[{"embeddable":true,"href":"https:\/\/www.eldigitaldeasturias.com\/noticias\/wp-json\/wp\/v2\/users\/1"}],"replies":[{"embeddable":true,"href":"https:\/\/www.eldigitaldeasturias.com\/noticias\/wp-json\/wp\/v2\/comments?post=1110863"}],"version-history":[{"count":0,"href":"https:\/\/www.eldigitaldeasturias.com\/noticias\/wp-json\/wp\/v2\/posts\/1110863\/revisions"}],"wp:featuredmedia":[{"embeddable":true,"href":"https:\/\/www.eldigitaldeasturias.com\/noticias\/wp-json\/wp\/v2\/media\/1110864"}],"wp:attachment":[{"href":"https:\/\/www.eldigitaldeasturias.com\/noticias\/wp-json\/wp\/v2\/media?parent=1110863"}],"wp:term":[{"taxonomy":"category","embeddable":true,"href":"https:\/\/www.eldigitaldeasturias.com\/noticias\/wp-json\/wp\/v2\/categories?post=1110863"},{"taxonomy":"post_tag","embeddable":true,"href":"https:\/\/www.eldigitaldeasturias.com\/noticias\/wp-json\/wp\/v2\/tags?post=1110863"}],"curies":[{"name":"wp","href":"https:\/\/api.w.org\/{rel}","templated":true}]}}