{"id":1110153,"date":"2022-04-26T20:26:23","date_gmt":"2022-04-26T18:26:23","guid":{"rendered":"https:\/\/www.eldigitaldeasturias.com\/noticias\/?p=1110153"},"modified":"2022-04-26T20:26:23","modified_gmt":"2022-04-26T18:26:23","slug":"clausurado-en-asturias-el-primer-foro-internacional-de-ecoturismo","status":"publish","type":"post","link":"https:\/\/www.eldigitaldeasturias.com\/noticias\/clausurado-en-asturias-el-primer-foro-internacional-de-ecoturismo\/","title":{"rendered":"Clausurado en Asturias el Primer Foro Internacional de Ecoturismo"},"content":{"rendered":"<p>El <a href=\"https:\/\/twitter.com\/GobAsturias\" target=\"_blank\" rel=\"noopener\"><span style=\"color: #ff6600;\"><strong>Gobierno de Asturias<\/strong><\/span><\/a> pondr\u00e1 en marcha una mesa profesional del ecoturismo para impulsar este sector. La iniciativa es una de las conclusiones del I Foro Internacional de Ecoturismo, que esta tarde ha clausurado la viceconsejera de Turismo, Graciela Blanco, en Cangas de On\u00eds.<strong> \u201cSe trata de una estructura de reflexi\u00f3n, pero, sobre todo, de acci\u00f3n para el dise\u00f1o y construcci\u00f3n del futuro del sector\u201d<\/strong>, ha asegurado.<\/p>\n<p><img loading=\"lazy\" decoding=\"async\" class=\"aligncenter wp-image-1110154 size-large\" src=\"https:\/\/www.eldigitaldeasturias.com\/noticias\/wp-content\/uploads\/2022\/04\/Ecoturismo-Asturias-650x427.jpg\" alt=\"Ecoturismo Asturias\" width=\"650\" height=\"427\" srcset=\"https:\/\/www.eldigitaldeasturias.com\/noticias\/wp-content\/uploads\/2022\/04\/Ecoturismo-Asturias-650x427.jpg 650w, https:\/\/www.eldigitaldeasturias.com\/noticias\/wp-content\/uploads\/2022\/04\/Ecoturismo-Asturias-360x236.jpg 360w, https:\/\/www.eldigitaldeasturias.com\/noticias\/wp-content\/uploads\/2022\/04\/Ecoturismo-Asturias-457x300.jpg 457w, https:\/\/www.eldigitaldeasturias.com\/noticias\/wp-content\/uploads\/2022\/04\/Ecoturismo-Asturias-768x504.jpg 768w, https:\/\/www.eldigitaldeasturias.com\/noticias\/wp-content\/uploads\/2022\/04\/Ecoturismo-Asturias-150x99.jpg 150w, https:\/\/www.eldigitaldeasturias.com\/noticias\/wp-content\/uploads\/2022\/04\/Ecoturismo-Asturias-450x296.jpg 450w, https:\/\/www.eldigitaldeasturias.com\/noticias\/wp-content\/uploads\/2022\/04\/Ecoturismo-Asturias.jpg 1055w\" sizes=\"auto, (max-width: 650px) 100vw, 650px\" \/><\/p>\n<p>Blanco, que ha presentado la medida junto con sus promotores, ha celebrado el amplio apoyo que ha recibido. <strong>La futura mesa cuenta como miembros fundadores con las principales organizaciones del sector<\/strong>: Asociaci\u00f3n Fuentes del Narcea, Redes Natural, Asociaci\u00f3n de Ecoturismo de Asturias, Asociaci\u00f3n de Hosteler\u00eda de Somiedo y Ecopicos. Por parte del Principado, estar\u00e1n representadas las viceconsejer\u00edas de Turismo y de Medio Ambiente y Cambio Clim\u00e1tico; la Direcci\u00f3n General del Medio Natural y Planificaci\u00f3n Rural, y las direcciones de los distintos espacios protegidos.<\/p>\n<p>La viceconsejera, que ha incluido la creaci\u00f3n de esta mesa sectorial entre las medidas desarrolladas a partir de la Estrategia de <a href=\"https:\/\/www.eldigitaldeasturias.com\/noticias\/category\/turismo\/\"><span style=\"color: #ff6600;\"><strong>Turismo<\/strong><\/span><\/a> 2020-2030, ha destacado que su puesta en marcha facilitar\u00e1 \u201cuna aplicaci\u00f3n m\u00e1s afinada de las pol\u00edticas, estrategias y proyectos para el ecoturismo en Asturias\u201d.<\/p>\n<p>Tambi\u00e9n se ha referido a dos acciones ya en marcha, la primera de ellas, el acuerdo de colaboraci\u00f3n con la Asociaci\u00f3n de Ecoturismo de Espa\u00f1a para promover la certificaci\u00f3n de todos los espacios protegidos de Asturias, as\u00ed como de las empresas tur\u00edsticas que desarrollan su actividad en ese \u00e1mbito. La segunda, la presentaci\u00f3n del proyecto de corredor de ecoturismo de la Espa\u00f1a Verde a la convocatoria de ayudas Next Generation junto con Galicia, Euskadi y Cantabria. Esta iniciativa, que alcanza los 800.000 euros de inversi\u00f3n, har\u00e1 que la marca tur\u00edstica cuente con el mayor corredor de este tipo de Europa.<\/p>\n<h2>Encuentro comercial<\/h2>\n<p>El I Foro Internacional de Ecoturismo ha sido un espacio para el contacto comercial entre profesionales. <strong>Un total de 70 empresas vinculadas a este sector tomaron parte en el taller de trabajo organizado de forma paralela al encuentro para desarrollar productos vinculados a esta tendencia tur\u00edstica en Asturias<\/strong>. Las dos jornadas de debate se han cerrado con diversas conclusiones, entre las que destaca la contribuci\u00f3n del turismo sostenible a la conservaci\u00f3n de determinadas especies animales y a la preservaci\u00f3n de peque\u00f1as comunidades locales. Los expertos tambi\u00e9n han destacado la importancia del trabajo com\u00fan entre los gestores de espacios protegidos, las empresas, las administraciones p\u00fablicas y los propios ecoturistas.<\/p>\n<p>El papel fundamental del gu\u00eda local especializado, no solo para interpretar los recursos, sino tambi\u00e9n para hacer pedagog\u00eda y \u00e9tica del contacto entre el visitante y la fauna salvaje, ha sido otro de aspectos analizados.<\/p>\n<p>Profesionales y expertos han coincidido en subrayar la labor de las asociaciones para ayudar a superar localismos y la competencia entre empresas, as\u00ed como para cooperar en redes nacionales e internacionales. Tambi\u00e9n se han valorado los clubes de ecoturismo como mecanismo para establecer el marco y los requisitos necesarios para generar experiencias aut\u00e9nticas y respetuosas con el entorno natural, social y cultural. La dimensi\u00f3n m\u00e1s t\u00e9cnica del foro se ha centrado en el estado del sector y sus expectativas.<\/p>\n<p>Entre los expertos que han participado en este encuentro destacan Tim Appleton, vicepresidente de la Uni\u00f3n Brit\u00e1nica de Ornit\u00f3logos, quien ha encabezado un panel con representantes de agencias internacionales como Birdquest (Reino Unido), Yuhina (Francia) o Perlenfaenger (Alemania), y directores de distintos espacios naturales como Ver\u00f3nique Hidalgo (Parque Natural de Las Landas, Francia), hasta sumar 22 ponentes.<\/p>\n","protected":false},"excerpt":{"rendered":"<p>El Gobierno de Asturias pondr\u00e1 en marcha una mesa profesional del ecoturismo para impulsar este sector. La iniciativa es una de las conclusiones del I Foro Internacional de Ecoturismo, que esta tarde ha clausurado la viceconsejera de Turismo, Graciela Blanco, en Cangas de On\u00eds. \u201cSe trata de una estructura de reflexi\u00f3n, pero, sobre todo, de [&hellip;]<\/p>\n","protected":false},"author":1,"featured_media":1110154,"comment_status":"closed","ping_status":"closed","sticky":false,"template":"","format":"standard","meta":{"footnotes":""},"categories":[12],"tags":[],"class_list":["post-1110153","post","type-post","status-publish","format-standard","has-post-thumbnail","hentry","category-actualidad-asturias"],"aioseo_notices":[],"aioseo_head":"\n\t\t<!-- All in One SEO Pro 4.9.6.2 - aioseo.com -->\n\t<meta name=\"description\" content=\"El Gobierno de Asturias pondr\u00e1 en marcha una mesa profesional del ecoturismo para impulsar este sector. La iniciativa es una de las conclusiones del I Foro\" \/>\n\t<meta name=\"robots\" content=\"max-image-preview:large\" \/>\n\t<meta name=\"author\" content=\"El Digital de Asturias\"\/>\n\t<meta name=\"google-site-verification\" content=\"UA-38556648-1\" \/>\n\t<meta name=\"msvalidate.01\" content=\"7dfe9f3f1b24437ab69f4f2559babe99\" \/>\n\t<meta name=\"keywords\" content=\"actualidad asturias\" \/>\n\t<link rel=\"canonical\" href=\"https:\/\/www.eldigitaldeasturias.com\/noticias\/clausurado-en-asturias-el-primer-foro-internacional-de-ecoturismo\/\" \/>\n\t<meta name=\"generator\" content=\"All in One SEO Pro (AIOSEO) 4.9.6.2\" \/>\n\t\t<meta property=\"og:locale\" content=\"es_ES\" \/>\n\t\t<meta property=\"og:site_name\" content=\"El Digital de Asturias\" \/>\n\t\t<meta property=\"og:type\" content=\"article\" \/>\n\t\t<meta property=\"og:title\" content=\"Clausurado en Asturias el Primer Foro Internacional de Ecoturismo - El Digital de Asturias\" \/>\n\t\t<meta property=\"og:description\" content=\"El Gobierno de Asturias pondr\u00e1 en marcha una mesa profesional del ecoturismo para impulsar este sector. La iniciativa es una de las conclusiones del I Foro\" \/>\n\t\t<meta property=\"og:url\" content=\"https:\/\/www.eldigitaldeasturias.com\/noticias\/clausurado-en-asturias-el-primer-foro-internacional-de-ecoturismo\/\" \/>\n\t\t<meta property=\"og:image\" content=\"https:\/\/www.eldigitaldeasturias.com\/noticias\/wp-content\/uploads\/2022\/04\/Ecoturismo-Asturias.jpg\" \/>\n\t\t<meta property=\"og:image:secure_url\" content=\"https:\/\/www.eldigitaldeasturias.com\/noticias\/wp-content\/uploads\/2022\/04\/Ecoturismo-Asturias.jpg\" \/>\n\t\t<meta property=\"og:image:width\" content=\"1055\" \/>\n\t\t<meta property=\"og:image:height\" content=\"693\" \/>\n\t\t<meta property=\"article:tag\" content=\"actualidad asturias\" \/>\n\t\t<meta property=\"article:published_time\" content=\"2022-04-26T18:26:23+00:00\" \/>\n\t\t<meta property=\"article:modified_time\" content=\"2022-04-26T18:26:23+00:00\" \/>\n\t\t<meta property=\"article:publisher\" content=\"https:\/\/facebook.com\/eldigitaldeasturias\" \/>\n\t\t<meta name=\"twitter:card\" content=\"summary_large_image\" \/>\n\t\t<meta name=\"twitter:title\" content=\"Clausurado en Asturias el Primer Foro Internacional de Ecoturismo - El Digital de Asturias\" \/>\n\t\t<meta name=\"twitter:description\" content=\"El Gobierno de Asturias pondr\u00e1 en marcha una mesa profesional del ecoturismo para impulsar este sector. La iniciativa es una de las conclusiones del I Foro\" \/>\n\t\t<meta name=\"twitter:image\" content=\"https:\/\/www.eldigitaldeasturias.com\/noticias\/wp-content\/uploads\/2022\/04\/Ecoturismo-Asturias.jpg\" \/>\n\t\t<meta name=\"twitter:label1\" content=\"Escrito por\" \/>\n\t\t<meta name=\"twitter:data1\" content=\"El Digital de Asturias\" \/>\n\t\t<meta name=\"twitter:label2\" content=\"Tiempo de lectura estimado\" \/>\n\t\t<meta name=\"twitter:data2\" content=\"3 minutos\" \/>\n\t\t<script type=\"application\/ld+json\" class=\"aioseo-schema\">\n\t\t\t{\"@context\":\"https:\\\/\\\/schema.org\",\"@graph\":[{\"@type\":\"BlogPosting\",\"@id\":\"https:\\\/\\\/www.eldigitaldeasturias.com\\\/noticias\\\/clausurado-en-asturias-el-primer-foro-internacional-de-ecoturismo\\\/#blogposting\",\"name\":\"Clausurado en Asturias el Primer Foro Internacional de Ecoturismo - El Digital de Asturias\",\"headline\":\"Clausurado en Asturias el Primer Foro Internacional de Ecoturismo\",\"author\":{\"@id\":\"https:\\\/\\\/www.eldigitaldeasturias.com\\\/noticias\\\/author\\\/admin\\\/#author\"},\"publisher\":{\"@id\":\"https:\\\/\\\/www.eldigitaldeasturias.com\\\/noticias\\\/#organization\"},\"image\":{\"@type\":\"ImageObject\",\"url\":\"https:\\\/\\\/www.eldigitaldeasturias.com\\\/noticias\\\/wp-content\\\/uploads\\\/2022\\\/04\\\/Ecoturismo-Asturias.jpg\",\"width\":1055,\"height\":693,\"caption\":\"Ecoturismo Asturias\"},\"datePublished\":\"2022-04-26T20:26:23+02:00\",\"dateModified\":\"2022-04-26T20:26:23+02:00\",\"inLanguage\":\"es-ES\",\"mainEntityOfPage\":{\"@id\":\"https:\\\/\\\/www.eldigitaldeasturias.com\\\/noticias\\\/clausurado-en-asturias-el-primer-foro-internacional-de-ecoturismo\\\/#webpage\"},\"isPartOf\":{\"@id\":\"https:\\\/\\\/www.eldigitaldeasturias.com\\\/noticias\\\/clausurado-en-asturias-el-primer-foro-internacional-de-ecoturismo\\\/#webpage\"},\"articleSection\":\"Actualidad Asturias\"},{\"@type\":\"BreadcrumbList\",\"@id\":\"https:\\\/\\\/www.eldigitaldeasturias.com\\\/noticias\\\/clausurado-en-asturias-el-primer-foro-internacional-de-ecoturismo\\\/#breadcrumblist\",\"itemListElement\":[{\"@type\":\"ListItem\",\"@id\":\"https:\\\/\\\/www.eldigitaldeasturias.com\\\/noticias#listItem\",\"position\":1,\"name\":\"Home\",\"item\":\"https:\\\/\\\/www.eldigitaldeasturias.com\\\/noticias\",\"nextItem\":{\"@type\":\"ListItem\",\"@id\":\"https:\\\/\\\/www.eldigitaldeasturias.com\\\/noticias\\\/category\\\/actualidad-asturias\\\/#listItem\",\"name\":\"Actualidad Asturias\"}},{\"@type\":\"ListItem\",\"@id\":\"https:\\\/\\\/www.eldigitaldeasturias.com\\\/noticias\\\/category\\\/actualidad-asturias\\\/#listItem\",\"position\":2,\"name\":\"Actualidad Asturias\",\"item\":\"https:\\\/\\\/www.eldigitaldeasturias.com\\\/noticias\\\/category\\\/actualidad-asturias\\\/\",\"nextItem\":{\"@type\":\"ListItem\",\"@id\":\"https:\\\/\\\/www.eldigitaldeasturias.com\\\/noticias\\\/clausurado-en-asturias-el-primer-foro-internacional-de-ecoturismo\\\/#listItem\",\"name\":\"Clausurado en Asturias el Primer Foro Internacional de Ecoturismo\"},\"previousItem\":{\"@type\":\"ListItem\",\"@id\":\"https:\\\/\\\/www.eldigitaldeasturias.com\\\/noticias#listItem\",\"name\":\"Home\"}},{\"@type\":\"ListItem\",\"@id\":\"https:\\\/\\\/www.eldigitaldeasturias.com\\\/noticias\\\/clausurado-en-asturias-el-primer-foro-internacional-de-ecoturismo\\\/#listItem\",\"position\":3,\"name\":\"Clausurado en Asturias el Primer Foro Internacional de Ecoturismo\",\"previousItem\":{\"@type\":\"ListItem\",\"@id\":\"https:\\\/\\\/www.eldigitaldeasturias.com\\\/noticias\\\/category\\\/actualidad-asturias\\\/#listItem\",\"name\":\"Actualidad Asturias\"}}]},{\"@type\":\"Organization\",\"@id\":\"https:\\\/\\\/www.eldigitaldeasturias.com\\\/noticias\\\/#organization\",\"name\":\"El Digital de Asturias\",\"description\":\"Hemeroteca\",\"url\":\"https:\\\/\\\/www.eldigitaldeasturias.com\\\/noticias\\\/\",\"email\":\"info@eldigitaldeasturias.com\",\"telephone\":\"+34652131393\",\"logo\":{\"@type\":\"ImageObject\",\"url\":\"https:\\\/\\\/www.eldigitaldeasturias.com\\\/noticias\\\/wp-content\\\/uploads\\\/2020\\\/12\\\/EDA.jpg\",\"@id\":\"https:\\\/\\\/www.eldigitaldeasturias.com\\\/noticias\\\/clausurado-en-asturias-el-primer-foro-internacional-de-ecoturismo\\\/#organizationLogo\",\"width\":649,\"height\":297},\"image\":{\"@id\":\"https:\\\/\\\/www.eldigitaldeasturias.com\\\/noticias\\\/clausurado-en-asturias-el-primer-foro-internacional-de-ecoturismo\\\/#organizationLogo\"},\"sameAs\":[\"https:\\\/\\\/facebook.com\\\/eldigitaldeasturias\",\"https:\\\/\\\/www.youtube.com\\\/channel\\\/UCZP-2wLEB9Rv6erhFmqVnvg\"],\"address\":{\"@id\":\"https:\\\/\\\/www.eldigitaldeasturias.com\\\/noticias\\\/#postaladdress\",\"@type\":\"PostalAddress\",\"streetAddress\":\"san antonio 4,\",\"postalCode\":\"33430\",\"addressLocality\":\"Cand\\u00e1s\",\"addressRegion\":\"Asturias\",\"addressCountry\":\"ES\"}},{\"@type\":\"Person\",\"@id\":\"https:\\\/\\\/www.eldigitaldeasturias.com\\\/noticias\\\/author\\\/admin\\\/#author\",\"url\":\"https:\\\/\\\/www.eldigitaldeasturias.com\\\/noticias\\\/author\\\/admin\\\/\",\"name\":\"El Digital de Asturias\",\"image\":{\"@type\":\"ImageObject\",\"@id\":\"https:\\\/\\\/www.eldigitaldeasturias.com\\\/noticias\\\/clausurado-en-asturias-el-primer-foro-internacional-de-ecoturismo\\\/#authorImage\",\"url\":\"https:\\\/\\\/www.eldigitaldeasturias.com\\\/noticias\\\/wp-content\\\/litespeed\\\/avatar\\\/18677e78aa0546b92d9dbf31ec7d7668.jpg?ver=1777290358\",\"width\":96,\"height\":96,\"caption\":\"El Digital de Asturias\"}},{\"@type\":\"WebPage\",\"@id\":\"https:\\\/\\\/www.eldigitaldeasturias.com\\\/noticias\\\/clausurado-en-asturias-el-primer-foro-internacional-de-ecoturismo\\\/#webpage\",\"url\":\"https:\\\/\\\/www.eldigitaldeasturias.com\\\/noticias\\\/clausurado-en-asturias-el-primer-foro-internacional-de-ecoturismo\\\/\",\"name\":\"Clausurado en Asturias el Primer Foro Internacional de Ecoturismo - El Digital de Asturias\",\"description\":\"El Gobierno de Asturias pondr\\u00e1 en marcha una mesa profesional del ecoturismo para impulsar este sector. La iniciativa es una de las conclusiones del I Foro\",\"inLanguage\":\"es-ES\",\"isPartOf\":{\"@id\":\"https:\\\/\\\/www.eldigitaldeasturias.com\\\/noticias\\\/#website\"},\"breadcrumb\":{\"@id\":\"https:\\\/\\\/www.eldigitaldeasturias.com\\\/noticias\\\/clausurado-en-asturias-el-primer-foro-internacional-de-ecoturismo\\\/#breadcrumblist\"},\"author\":{\"@id\":\"https:\\\/\\\/www.eldigitaldeasturias.com\\\/noticias\\\/author\\\/admin\\\/#author\"},\"creator\":{\"@id\":\"https:\\\/\\\/www.eldigitaldeasturias.com\\\/noticias\\\/author\\\/admin\\\/#author\"},\"image\":{\"@type\":\"ImageObject\",\"url\":\"https:\\\/\\\/www.eldigitaldeasturias.com\\\/noticias\\\/wp-content\\\/uploads\\\/2022\\\/04\\\/Ecoturismo-Asturias.jpg\",\"@id\":\"https:\\\/\\\/www.eldigitaldeasturias.com\\\/noticias\\\/clausurado-en-asturias-el-primer-foro-internacional-de-ecoturismo\\\/#mainImage\",\"width\":1055,\"height\":693,\"caption\":\"Ecoturismo Asturias\"},\"primaryImageOfPage\":{\"@id\":\"https:\\\/\\\/www.eldigitaldeasturias.com\\\/noticias\\\/clausurado-en-asturias-el-primer-foro-internacional-de-ecoturismo\\\/#mainImage\"},\"datePublished\":\"2022-04-26T20:26:23+02:00\",\"dateModified\":\"2022-04-26T20:26:23+02:00\"},{\"@type\":\"WebSite\",\"@id\":\"https:\\\/\\\/www.eldigitaldeasturias.com\\\/noticias\\\/#website\",\"url\":\"https:\\\/\\\/www.eldigitaldeasturias.com\\\/noticias\\\/\",\"name\":\"El Digital de Asturias - Diario de actualidad y noticias\",\"alternateName\":\"El Digital de Asturias - Diario de actualidad y noticias\",\"description\":\"Hemeroteca\",\"inLanguage\":\"es-ES\",\"publisher\":{\"@id\":\"https:\\\/\\\/www.eldigitaldeasturias.com\\\/noticias\\\/#organization\"}}]}\n\t\t<\/script>\n\t\t<!-- All in One SEO Pro -->\r\n\t\t<title>Clausurado en Asturias el Primer Foro Internacional de Ecoturismo - El Digital de Asturias<\/title>\n\n","aioseo_head_json":{"title":"Clausurado en Asturias el Primer Foro Internacional de Ecoturismo - El Digital de Asturias","description":"El Gobierno de Asturias pondr\u00e1 en marcha una mesa profesional del ecoturismo para impulsar este sector. La iniciativa es una de las conclusiones del I Foro","canonical_url":"https:\/\/www.eldigitaldeasturias.com\/noticias\/clausurado-en-asturias-el-primer-foro-internacional-de-ecoturismo\/","robots":"max-image-preview:large","keywords":"actualidad asturias","webmasterTools":{"google-site-verification":"UA-38556648-1","msvalidate.01":"7dfe9f3f1b24437ab69f4f2559babe99","miscellaneous":""},"schema":{"@context":"https:\/\/schema.org","@graph":[{"@type":"BlogPosting","@id":"https:\/\/www.eldigitaldeasturias.com\/noticias\/clausurado-en-asturias-el-primer-foro-internacional-de-ecoturismo\/#blogposting","name":"Clausurado en Asturias el Primer Foro Internacional de Ecoturismo - El Digital de Asturias","headline":"Clausurado en Asturias el Primer Foro Internacional de Ecoturismo","author":{"@id":"https:\/\/www.eldigitaldeasturias.com\/noticias\/author\/admin\/#author"},"publisher":{"@id":"https:\/\/www.eldigitaldeasturias.com\/noticias\/#organization"},"image":{"@type":"ImageObject","url":"https:\/\/www.eldigitaldeasturias.com\/noticias\/wp-content\/uploads\/2022\/04\/Ecoturismo-Asturias.jpg","width":1055,"height":693,"caption":"Ecoturismo Asturias"},"datePublished":"2022-04-26T20:26:23+02:00","dateModified":"2022-04-26T20:26:23+02:00","inLanguage":"es-ES","mainEntityOfPage":{"@id":"https:\/\/www.eldigitaldeasturias.com\/noticias\/clausurado-en-asturias-el-primer-foro-internacional-de-ecoturismo\/#webpage"},"isPartOf":{"@id":"https:\/\/www.eldigitaldeasturias.com\/noticias\/clausurado-en-asturias-el-primer-foro-internacional-de-ecoturismo\/#webpage"},"articleSection":"Actualidad Asturias"},{"@type":"BreadcrumbList","@id":"https:\/\/www.eldigitaldeasturias.com\/noticias\/clausurado-en-asturias-el-primer-foro-internacional-de-ecoturismo\/#breadcrumblist","itemListElement":[{"@type":"ListItem","@id":"https:\/\/www.eldigitaldeasturias.com\/noticias#listItem","position":1,"name":"Home","item":"https:\/\/www.eldigitaldeasturias.com\/noticias","nextItem":{"@type":"ListItem","@id":"https:\/\/www.eldigitaldeasturias.com\/noticias\/category\/actualidad-asturias\/#listItem","name":"Actualidad Asturias"}},{"@type":"ListItem","@id":"https:\/\/www.eldigitaldeasturias.com\/noticias\/category\/actualidad-asturias\/#listItem","position":2,"name":"Actualidad Asturias","item":"https:\/\/www.eldigitaldeasturias.com\/noticias\/category\/actualidad-asturias\/","nextItem":{"@type":"ListItem","@id":"https:\/\/www.eldigitaldeasturias.com\/noticias\/clausurado-en-asturias-el-primer-foro-internacional-de-ecoturismo\/#listItem","name":"Clausurado en Asturias el Primer Foro Internacional de Ecoturismo"},"previousItem":{"@type":"ListItem","@id":"https:\/\/www.eldigitaldeasturias.com\/noticias#listItem","name":"Home"}},{"@type":"ListItem","@id":"https:\/\/www.eldigitaldeasturias.com\/noticias\/clausurado-en-asturias-el-primer-foro-internacional-de-ecoturismo\/#listItem","position":3,"name":"Clausurado en Asturias el Primer Foro Internacional de Ecoturismo","previousItem":{"@type":"ListItem","@id":"https:\/\/www.eldigitaldeasturias.com\/noticias\/category\/actualidad-asturias\/#listItem","name":"Actualidad Asturias"}}]},{"@type":"Organization","@id":"https:\/\/www.eldigitaldeasturias.com\/noticias\/#organization","name":"El Digital de Asturias","description":"Hemeroteca","url":"https:\/\/www.eldigitaldeasturias.com\/noticias\/","email":"info@eldigitaldeasturias.com","telephone":"+34652131393","logo":{"@type":"ImageObject","url":"https:\/\/www.eldigitaldeasturias.com\/noticias\/wp-content\/uploads\/2020\/12\/EDA.jpg","@id":"https:\/\/www.eldigitaldeasturias.com\/noticias\/clausurado-en-asturias-el-primer-foro-internacional-de-ecoturismo\/#organizationLogo","width":649,"height":297},"image":{"@id":"https:\/\/www.eldigitaldeasturias.com\/noticias\/clausurado-en-asturias-el-primer-foro-internacional-de-ecoturismo\/#organizationLogo"},"sameAs":["https:\/\/facebook.com\/eldigitaldeasturias","https:\/\/www.youtube.com\/channel\/UCZP-2wLEB9Rv6erhFmqVnvg"],"address":{"@id":"https:\/\/www.eldigitaldeasturias.com\/noticias\/#postaladdress","@type":"PostalAddress","streetAddress":"san antonio 4,","postalCode":"33430","addressLocality":"Cand\u00e1s","addressRegion":"Asturias","addressCountry":"ES"}},{"@type":"Person","@id":"https:\/\/www.eldigitaldeasturias.com\/noticias\/author\/admin\/#author","url":"https:\/\/www.eldigitaldeasturias.com\/noticias\/author\/admin\/","name":"El Digital de Asturias","image":{"@type":"ImageObject","@id":"https:\/\/www.eldigitaldeasturias.com\/noticias\/clausurado-en-asturias-el-primer-foro-internacional-de-ecoturismo\/#authorImage","url":"https:\/\/www.eldigitaldeasturias.com\/noticias\/wp-content\/litespeed\/avatar\/18677e78aa0546b92d9dbf31ec7d7668.jpg?ver=1777290358","width":96,"height":96,"caption":"El Digital de Asturias"}},{"@type":"WebPage","@id":"https:\/\/www.eldigitaldeasturias.com\/noticias\/clausurado-en-asturias-el-primer-foro-internacional-de-ecoturismo\/#webpage","url":"https:\/\/www.eldigitaldeasturias.com\/noticias\/clausurado-en-asturias-el-primer-foro-internacional-de-ecoturismo\/","name":"Clausurado en Asturias el Primer Foro Internacional de Ecoturismo - El Digital de Asturias","description":"El Gobierno de Asturias pondr\u00e1 en marcha una mesa profesional del ecoturismo para impulsar este sector. La iniciativa es una de las conclusiones del I Foro","inLanguage":"es-ES","isPartOf":{"@id":"https:\/\/www.eldigitaldeasturias.com\/noticias\/#website"},"breadcrumb":{"@id":"https:\/\/www.eldigitaldeasturias.com\/noticias\/clausurado-en-asturias-el-primer-foro-internacional-de-ecoturismo\/#breadcrumblist"},"author":{"@id":"https:\/\/www.eldigitaldeasturias.com\/noticias\/author\/admin\/#author"},"creator":{"@id":"https:\/\/www.eldigitaldeasturias.com\/noticias\/author\/admin\/#author"},"image":{"@type":"ImageObject","url":"https:\/\/www.eldigitaldeasturias.com\/noticias\/wp-content\/uploads\/2022\/04\/Ecoturismo-Asturias.jpg","@id":"https:\/\/www.eldigitaldeasturias.com\/noticias\/clausurado-en-asturias-el-primer-foro-internacional-de-ecoturismo\/#mainImage","width":1055,"height":693,"caption":"Ecoturismo Asturias"},"primaryImageOfPage":{"@id":"https:\/\/www.eldigitaldeasturias.com\/noticias\/clausurado-en-asturias-el-primer-foro-internacional-de-ecoturismo\/#mainImage"},"datePublished":"2022-04-26T20:26:23+02:00","dateModified":"2022-04-26T20:26:23+02:00"},{"@type":"WebSite","@id":"https:\/\/www.eldigitaldeasturias.com\/noticias\/#website","url":"https:\/\/www.eldigitaldeasturias.com\/noticias\/","name":"El Digital de Asturias - Diario de actualidad y noticias","alternateName":"El Digital de Asturias - Diario de actualidad y noticias","description":"Hemeroteca","inLanguage":"es-ES","publisher":{"@id":"https:\/\/www.eldigitaldeasturias.com\/noticias\/#organization"}}]},"og:locale":"es_ES","og:site_name":"El Digital de Asturias","og:type":"article","og:title":"Clausurado en Asturias el Primer Foro Internacional de Ecoturismo - El Digital de Asturias","og:description":"El Gobierno de Asturias pondr\u00e1 en marcha una mesa profesional del ecoturismo para impulsar este sector. La iniciativa es una de las conclusiones del I Foro","og:url":"https:\/\/www.eldigitaldeasturias.com\/noticias\/clausurado-en-asturias-el-primer-foro-internacional-de-ecoturismo\/","og:image":"https:\/\/www.eldigitaldeasturias.com\/noticias\/wp-content\/uploads\/2022\/04\/Ecoturismo-Asturias.jpg","og:image:secure_url":"https:\/\/www.eldigitaldeasturias.com\/noticias\/wp-content\/uploads\/2022\/04\/Ecoturismo-Asturias.jpg","og:image:width":1055,"og:image:height":693,"article:tag":["actualidad asturias"],"article:published_time":"2022-04-26T18:26:23+00:00","article:modified_time":"2022-04-26T18:26:23+00:00","article:publisher":"https:\/\/facebook.com\/eldigitaldeasturias","twitter:card":"summary_large_image","twitter:title":"Clausurado en Asturias el Primer Foro Internacional de Ecoturismo - El Digital de Asturias","twitter:description":"El Gobierno de Asturias pondr\u00e1 en marcha una mesa profesional del ecoturismo para impulsar este sector. La iniciativa es una de las conclusiones del I Foro","twitter:image":"https:\/\/www.eldigitaldeasturias.com\/noticias\/wp-content\/uploads\/2022\/04\/Ecoturismo-Asturias.jpg","twitter:label1":"Escrito por","twitter:data1":"El Digital de Asturias","twitter:label2":"Tiempo de lectura estimado","twitter:data2":"3 minutos"},"aioseo_meta_data":{"post_id":"1110153","title":null,"description":"El Gobierno de Asturias pondr\u00e1 en marcha una mesa profesional del ecoturismo para impulsar este sector. La iniciativa es una de las conclusiones del I Foro","keywords":[],"keyphrases":{"focus":{"keyphrase":"Asturias","score":89,"analysis":{"keyphraseInTitle":{"title":"Focus keyphrase in SEO title","description":"Focus keyphrase found in SEO title.","score":9,"maxScore":9,"error":0},"keyphraseInDescription":{"title":"Focus keyphrase in meta description","description":"Focus keyphrase found in meta description.","score":9,"maxScore":9,"error":0},"keyphraseLength":{"title":"Focus keyphrase length","description":"Good job!","score":9,"maxScore":9,"error":0,"length":1},"keyphraseInURL":[],"keyphraseInIntroduction":{"title":"Focus keyphrase in introduction","description":"Your Focus keyphrase appears in the first paragraph. Well done!","score":9,"maxScore":9,"error":0},"keyphraseInSubHeadings":{"title":"Focus keyphrase in Subheadings","description":"Use your focus keyphrase more in your H2 and H3 subheadings.","score":3,"maxScore":9,"error":1},"keyphraseInImageAlt":{"title":"Focus keyphrase in image alt attributes","description":"Focus keyphrase found in image alt attribute(s).","score":9,"maxScore":9,"error":0}}},"additional":[{"keyphrase":" ecoturismo ","score":100,"analysis":{"keyphraseInDescription":{"title":"Keyphrase in meta description","description":"Keyphrase found in meta description.","score":9,"maxScore":9,"error":0},"keyphraseLength":{"title":"Keyphrase length","description":"Good job!","score":9,"maxScore":9,"error":0,"length":1},"keyphraseInIntroduction":{"title":"Keyphrase in introduction","description":"Your Keyphrase appears in the first paragraph. Well done!","score":9,"maxScore":9,"error":0},"keyphraseInImageAlt":{"title":"Keyphrase in image alt attributes","description":"Keyphrase found in image alt attribute(s).","score":9,"maxScore":9,"error":0}}}]},"primary_term":null,"canonical_url":null,"og_title":null,"og_description":null,"og_object_type":"default","og_image_type":"default","og_image_url":null,"og_image_width":null,"og_image_height":null,"og_image_custom_url":null,"og_image_custom_fields":null,"og_video":"","og_custom_url":null,"og_article_section":null,"og_article_tags":[],"twitter_use_og":false,"twitter_card":"default","twitter_image_type":"default","twitter_image_url":null,"twitter_image_custom_url":null,"twitter_image_custom_fields":null,"twitter_title":null,"twitter_description":null,"schema":{"blockGraphs":[],"customGraphs":[],"default":{"data":{"Article":[],"Course":[],"Dataset":[],"FAQPage":[],"Movie":[],"Person":[],"Product":[],"ProductReview":[],"Car":[],"Recipe":[],"Service":[],"SoftwareApplication":[],"WebPage":[]},"graphName":"","isEnabled":true},"graphs":[],"defaultGraph":"Article","defaultPostTypeGraph":""},"schema_type":"default","schema_type_options":"{\"article\":{\"articleType\":\"BlogPosting\"},\"course\":{\"name\":\"\",\"description\":\"\",\"provider\":\"\"},\"faq\":{\"pages\":[]},\"product\":{\"reviews\":[]},\"recipe\":{\"ingredients\":[],\"instructions\":[],\"keywords\":[]},\"software\":{\"reviews\":[],\"operatingSystems\":[]},\"webPage\":{\"webPageType\":\"WebPage\"}}","pillar_content":false,"robots_default":true,"robots_noindex":false,"robots_noarchive":false,"robots_nosnippet":false,"robots_nofollow":false,"robots_noimageindex":false,"robots_noodp":false,"robots_notranslate":false,"robots_max_snippet":"-1","robots_max_videopreview":"-1","robots_max_imagepreview":"large","priority":null,"frequency":"default","local_seo":null,"seo_analyzer_scan_date":"2025-10-02 11:04:20","breadcrumb_settings":null,"limit_modified_date":false,"open_ai":null,"ai":null,"created":"2022-04-26 18:21:39","updated":"2025-10-02 11:04:20"},"aioseo_breadcrumb":"<div class=\"aioseo-breadcrumbs\"><span class=\"aioseo-breadcrumb\">\n\t<a href=\"https:\/\/www.eldigitaldeasturias.com\/noticias\" title=\"Home\">Home<\/a>\n<\/span><span class=\"aioseo-breadcrumb-separator\">\u2013<\/span><span class=\"aioseo-breadcrumb\">\n\t<a href=\"https:\/\/www.eldigitaldeasturias.com\/noticias\/category\/actualidad-asturias\/\" title=\"Actualidad Asturias\">Actualidad Asturias<\/a>\n<\/span><span class=\"aioseo-breadcrumb-separator\">\u2013<\/span><span class=\"aioseo-breadcrumb\">\n\t<a href=\"https:\/\/www.eldigitaldeasturias.com\/noticias\/clausurado-en-asturias-el-primer-foro-internacional-de-ecoturismo\/\" title=\"Clausurado en Asturias el Primer Foro Internacional de Ecoturismo\">Clausurado en Asturias el Primer Foro Internacional de Ecoturismo<\/a>\n<\/span><\/div>","aioseo_breadcrumb_json":[{"label":"Home","link":"https:\/\/www.eldigitaldeasturias.com\/noticias"},{"label":"Actualidad Asturias","link":"https:\/\/www.eldigitaldeasturias.com\/noticias\/category\/actualidad-asturias\/"},{"label":"Clausurado en Asturias el Primer Foro Internacional de Ecoturismo","link":"https:\/\/www.eldigitaldeasturias.com\/noticias\/clausurado-en-asturias-el-primer-foro-internacional-de-ecoturismo\/"}],"_links":{"self":[{"href":"https:\/\/www.eldigitaldeasturias.com\/noticias\/wp-json\/wp\/v2\/posts\/1110153","targetHints":{"allow":["GET"]}}],"collection":[{"href":"https:\/\/www.eldigitaldeasturias.com\/noticias\/wp-json\/wp\/v2\/posts"}],"about":[{"href":"https:\/\/www.eldigitaldeasturias.com\/noticias\/wp-json\/wp\/v2\/types\/post"}],"author":[{"embeddable":true,"href":"https:\/\/www.eldigitaldeasturias.com\/noticias\/wp-json\/wp\/v2\/users\/1"}],"replies":[{"embeddable":true,"href":"https:\/\/www.eldigitaldeasturias.com\/noticias\/wp-json\/wp\/v2\/comments?post=1110153"}],"version-history":[{"count":0,"href":"https:\/\/www.eldigitaldeasturias.com\/noticias\/wp-json\/wp\/v2\/posts\/1110153\/revisions"}],"wp:featuredmedia":[{"embeddable":true,"href":"https:\/\/www.eldigitaldeasturias.com\/noticias\/wp-json\/wp\/v2\/media\/1110154"}],"wp:attachment":[{"href":"https:\/\/www.eldigitaldeasturias.com\/noticias\/wp-json\/wp\/v2\/media?parent=1110153"}],"wp:term":[{"taxonomy":"category","embeddable":true,"href":"https:\/\/www.eldigitaldeasturias.com\/noticias\/wp-json\/wp\/v2\/categories?post=1110153"},{"taxonomy":"post_tag","embeddable":true,"href":"https:\/\/www.eldigitaldeasturias.com\/noticias\/wp-json\/wp\/v2\/tags?post=1110153"}],"curies":[{"name":"wp","href":"https:\/\/api.w.org\/{rel}","templated":true}]}}