{"id":1109565,"date":"2022-04-14T02:44:00","date_gmt":"2022-04-14T00:44:00","guid":{"rendered":"https:\/\/www.eldigitaldeasturias.com\/noticias\/?p=1109565"},"modified":"2022-04-14T02:44:00","modified_gmt":"2022-04-14T00:44:00","slug":"cuerno-de-africa-la-peor-sequia-en-40-anos","status":"publish","type":"post","link":"https:\/\/www.eldigitaldeasturias.com\/noticias\/cuerno-de-africa-la-peor-sequia-en-40-anos\/","title":{"rendered":"Cuerno de \u00c1frica: La peor sequ\u00eda en 40 a\u00f1os"},"content":{"rendered":"<p>(dpa) &#8211; Cultivos marchitos, pastos quemados, ganado muriendo de sed y madres y ni\u00f1os en busca de agua y comida. Seg\u00fan la ONU la regi\u00f3n del <a href=\"https:\/\/es.wikipedia.org\/wiki\/Cuerno_de_%C3%81frica\" target=\"_blank\" rel=\"noopener\"><span style=\"color: #ff6600;\"><strong>Cuerno de \u00c1frica<\/strong><\/span><\/a> sufre actualmente la mayor <a href=\"https:\/\/www.eldigitaldeasturias.com\/radio\/preocupacion-por-la-gran-sequia-que-sufre-somalia\/\"><span style=\"color: #ff6600;\"><strong>sequ\u00eda<\/strong><\/span><\/a> desde 1981, con consecuencias fatales para la poblaci\u00f3n.<\/p>\n<figure id=\"attachment_1109566\" aria-describedby=\"caption-attachment-1109566\" style=\"width: 650px\" class=\"wp-caption aligncenter\"><img loading=\"lazy\" decoding=\"async\" class=\"wp-image-1109566 size-large\" src=\"https:\/\/www.eldigitaldeasturias.com\/noticias\/wp-content\/uploads\/2022\/04\/Cuerno-de-Africa-650x373.jpg\" alt=\"Cuerno de \u00c1frica\" width=\"650\" height=\"373\" srcset=\"https:\/\/www.eldigitaldeasturias.com\/noticias\/wp-content\/uploads\/2022\/04\/Cuerno-de-Africa-650x373.jpg 650w, https:\/\/www.eldigitaldeasturias.com\/noticias\/wp-content\/uploads\/2022\/04\/Cuerno-de-Africa-360x206.jpg 360w, https:\/\/www.eldigitaldeasturias.com\/noticias\/wp-content\/uploads\/2022\/04\/Cuerno-de-Africa-480x275.jpg 480w, https:\/\/www.eldigitaldeasturias.com\/noticias\/wp-content\/uploads\/2022\/04\/Cuerno-de-Africa-768x440.jpg 768w, https:\/\/www.eldigitaldeasturias.com\/noticias\/wp-content\/uploads\/2022\/04\/Cuerno-de-Africa-150x86.jpg 150w, https:\/\/www.eldigitaldeasturias.com\/noticias\/wp-content\/uploads\/2022\/04\/Cuerno-de-Africa-450x258.jpg 450w, https:\/\/www.eldigitaldeasturias.com\/noticias\/wp-content\/uploads\/2022\/04\/Cuerno-de-Africa.jpg 1102w\" sizes=\"auto, (max-width: 650px) 100vw, 650px\" \/><figcaption id=\"caption-attachment-1109566\" class=\"wp-caption-text\">Refugiados hu\u00eddos de la sequ\u00eda en un campamento al borde de Mogadiscio, la capital somal\u00ed. Foto: Mohamed Odowa\/dpa<\/figcaption><\/figure>\n<p>En algunas zonas de Somalia, Etiop\u00eda y Kenia, m\u00e1s de 13 millones de personas corren el riesgo de padecer hambre aguda, seg\u00fan un informe del Programa Mundial de Alimentos (PMA) de la ONU.<\/p>\n<p>Las agencias de ayuda humanitaria temen que la guerra en Ucrania y la crisis humanitaria relacionada con este conflicto conlleve a que se olviden otros escenarios de crisis.<\/p>\n<blockquote><p>Se calcula que se necesitan al menos 140 millones de d\u00f3lares para evitar una cat\u00e1strofe humanitaria en el Cuerno de \u00c1frica. Hasta ahora se han comprometido unos 57 millones de d\u00f3lares.<\/p><\/blockquote>\n<p>La situaci\u00f3n en el Cuerno de \u00c1frica recuerda a Somalia en 2011, cuando m\u00e1s de 250.000 personas murieron como consecuencia de una hambruna de enormes dimensiones. <strong>Los expertos temen que ahora se produzca una cat\u00e1strofe humanitaria similar si no se pueden cubrir las necesidades de financiaci\u00f3n de las organizaciones de ayuda humanitaria<\/strong>.<\/p>\n<p>Somalia es, una vez m\u00e1s, el pa\u00eds m\u00e1s afectado. La ONU report\u00f3 que en el pa\u00eds m\u00e1s oriental de \u00c1frica, unas 4,5 millones de personas se ven directamente afectadas por la sequ\u00eda y unas 700.000 huyen a causa de ella.<\/p>\n<p>La semana pasada, casi 900 familias llegaron al campamento de Al-Hidaya, en las afueras de la capital Mogadiscio. En el refugio, la gente vive bajo lonas de pl\u00e1stico sostenidas por palos y una vez al d\u00eda reciben algo de comer, generalmente ma\u00edz y pan.<\/p>\n<blockquote><p>Entre los reci\u00e9n llegados al campamento se encuentra Safiya Abdullahi, que abandon\u00f3 su pueblo junto con sus seis hijos con la esperanza de conseguir agua y alimentos en Mogadiscio.<\/p><\/blockquote>\n<p>Durante la traves\u00eda hacia la capital, la familia debi\u00f3 pasar varias noches a la intemperie y atravesar zonas donde las fuerzas de seguridad y las milicias libran sangrientos combates.<\/p>\n<p>Safiya Abdullahi y sus hijos parecen demacrados y debilitados, dos de los ni\u00f1os padecen anemia y tienen sarampi\u00f3n. Seg\u00fan cuenta Abdullahi, llevaban una vida relativamente normal en su pueblo, donde viv\u00edan con sus vacas y cabras. Los animales, sin embargo, murieron a causa de la sequ\u00eda.<\/p>\n<p>Desde diciembre hay escasez de agua en Somalia, lo que provoc\u00f3 que se duplicara su precio en algunas partes del pa\u00eds.<\/p>\n<p>Los responsables del campamento de Al-Hidaya esperan que en el pr\u00f3ximo tiempo muchas m\u00e1s personas del pa\u00eds busquen refugio aqu\u00ed.<\/p>\n<blockquote><p>El l\u00edder comunitario Nadifo Hussein se\u00f1ala que especialmente los ni\u00f1os y los ancianos est\u00e1n muy debilitados<\/p><\/blockquote>\n<p>De acuerdo con el reporte de las Naciones Unidas, 1,4 millones de ni\u00f1os menores de 5 a\u00f1os en Somalia corren el riesgo de sufrir desnutrici\u00f3n aguda este a\u00f1o. Estos ni\u00f1os carecen de nutrientes como vitaminas, prote\u00ednas y oligoelementos vitales, que los hace m\u00e1s susceptibles a enfermedades como la diarrea y la neumon\u00eda.<\/p>\n<p>En la vecina Etiop\u00eda, la poblaci\u00f3n tambi\u00e9n lucha por sobrevivir en varias regiones del sureste del pa\u00eds.<\/p>\n<p>Seg\u00fan Saladin Ali, veterinario de la Universidad de Jigjiga, en el este de Etiop\u00eda, miles de animales est\u00e1n muriendo como <a href=\"https:\/\/www.eldigitaldeasturias.com\/noticias\/cambio-climatico-malas-noticias-para-el-planeta\/\"><span style=\"color: #ff6600;\"><strong>consecuencia de la sequ\u00eda<\/strong><\/span><\/a>. Agrega que la poblaci\u00f3n que depende del ganado est\u00e1 pagando en este momento un precio muy alto. \u00abEst\u00e1n perdiendo todo lo que ten\u00edan\u00bb, destaca.<\/p>\n<p>Por su parte, el director general de la organizaci\u00f3n de ayuda Save the Children, Florian Westphal, dijo que a la gente no le quedan reservas y que sus medios de vida est\u00e1n amenazados.<\/p>\n<p><strong>\u00abLa crisis clim\u00e1tica lleg\u00f3 aqu\u00ed\u00bb, resalt\u00f3 Westphal<\/strong>, que actualmente est\u00e1 visitando las regiones m\u00e1s afectadas por la sequ\u00eda.<\/p>\n<p><i class=\"lang-es\"><span class=\" readonly\" title=\"\">Por Naveena Kottoor (dpa)<\/span><\/i><\/p>\n","protected":false},"excerpt":{"rendered":"<p>(dpa) &#8211; Cultivos marchitos, pastos quemados, ganado muriendo de sed y madres y ni\u00f1os en busca de agua y comida. Seg\u00fan la ONU la regi\u00f3n del Cuerno de \u00c1frica sufre actualmente la mayor sequ\u00eda desde 1981, con consecuencias fatales para la poblaci\u00f3n. En algunas zonas de Somalia, Etiop\u00eda y Kenia, m\u00e1s de 13 millones de [&hellip;]<\/p>\n","protected":false},"author":1,"featured_media":1109566,"comment_status":"closed","ping_status":"closed","sticky":false,"template":"","format":"standard","meta":{"footnotes":""},"categories":[28],"tags":[],"class_list":["post-1109565","post","type-post","status-publish","format-standard","has-post-thumbnail","hentry","category-sociedad"],"aioseo_notices":[],"aioseo_head":"\n\t\t<!-- All in One SEO Pro 4.9.6.2 - aioseo.com -->\n\t<meta name=\"description\" content=\"Cultivos marchitos, pastos quemados, ganado muriendo de sed y madres y ni\u00f1os en busca de agua y comida. Seg\u00fan la ONU la regi\u00f3n del Cuerno de \u00c1frica\" \/>\n\t<meta name=\"robots\" content=\"max-image-preview:large\" \/>\n\t<meta name=\"author\" content=\"El Digital de Asturias\"\/>\n\t<meta name=\"google-site-verification\" content=\"UA-38556648-1\" \/>\n\t<meta name=\"msvalidate.01\" content=\"7dfe9f3f1b24437ab69f4f2559babe99\" \/>\n\t<meta name=\"keywords\" content=\"sociedad\" \/>\n\t<link rel=\"canonical\" href=\"https:\/\/www.eldigitaldeasturias.com\/noticias\/cuerno-de-africa-la-peor-sequia-en-40-anos\/\" \/>\n\t<meta name=\"generator\" content=\"All in One SEO Pro (AIOSEO) 4.9.6.2\" \/>\n\t\t<meta property=\"og:locale\" content=\"es_ES\" \/>\n\t\t<meta property=\"og:site_name\" content=\"El Digital de Asturias\" \/>\n\t\t<meta property=\"og:type\" content=\"article\" \/>\n\t\t<meta property=\"og:title\" content=\"Cuerno de \u00c1frica: La peor sequ\u00eda en 40 a\u00f1os - El Digital de Asturias\" \/>\n\t\t<meta property=\"og:description\" content=\"Cultivos marchitos, pastos quemados, ganado muriendo de sed y madres y ni\u00f1os en busca de agua y comida. Seg\u00fan la ONU la regi\u00f3n del Cuerno de \u00c1frica\" \/>\n\t\t<meta property=\"og:url\" content=\"https:\/\/www.eldigitaldeasturias.com\/noticias\/cuerno-de-africa-la-peor-sequia-en-40-anos\/\" \/>\n\t\t<meta property=\"og:image\" content=\"https:\/\/www.eldigitaldeasturias.com\/noticias\/wp-content\/uploads\/2022\/04\/Cuerno-de-Africa.jpg\" \/>\n\t\t<meta property=\"og:image:secure_url\" content=\"https:\/\/www.eldigitaldeasturias.com\/noticias\/wp-content\/uploads\/2022\/04\/Cuerno-de-Africa.jpg\" \/>\n\t\t<meta property=\"og:image:width\" content=\"1102\" \/>\n\t\t<meta property=\"og:image:height\" content=\"632\" \/>\n\t\t<meta property=\"article:tag\" content=\"sociedad\" \/>\n\t\t<meta property=\"article:published_time\" content=\"2022-04-14T00:44:00+00:00\" \/>\n\t\t<meta property=\"article:modified_time\" content=\"2022-04-14T00:44:00+00:00\" \/>\n\t\t<meta property=\"article:publisher\" content=\"https:\/\/facebook.com\/eldigitaldeasturias\" \/>\n\t\t<meta name=\"twitter:card\" content=\"summary_large_image\" \/>\n\t\t<meta name=\"twitter:title\" content=\"Cuerno de \u00c1frica: La peor sequ\u00eda en 40 a\u00f1os - El Digital de Asturias\" \/>\n\t\t<meta name=\"twitter:description\" content=\"Cultivos marchitos, pastos quemados, ganado muriendo de sed y madres y ni\u00f1os en busca de agua y comida. Seg\u00fan la ONU la regi\u00f3n del Cuerno de \u00c1frica\" \/>\n\t\t<meta name=\"twitter:image\" content=\"https:\/\/www.eldigitaldeasturias.com\/noticias\/wp-content\/uploads\/2022\/04\/Cuerno-de-Africa.jpg\" \/>\n\t\t<meta name=\"twitter:label1\" content=\"Escrito por\" \/>\n\t\t<meta name=\"twitter:data1\" content=\"El Digital de Asturias\" \/>\n\t\t<meta name=\"twitter:label2\" content=\"Tiempo de lectura estimado\" \/>\n\t\t<meta name=\"twitter:data2\" content=\"3 minutos\" \/>\n\t\t<script type=\"application\/ld+json\" class=\"aioseo-schema\">\n\t\t\t{\"@context\":\"https:\\\/\\\/schema.org\",\"@graph\":[{\"@type\":\"BlogPosting\",\"@id\":\"https:\\\/\\\/www.eldigitaldeasturias.com\\\/noticias\\\/cuerno-de-africa-la-peor-sequia-en-40-anos\\\/#blogposting\",\"name\":\"Cuerno de \\u00c1frica: La peor sequ\\u00eda en 40 a\\u00f1os - El Digital de Asturias\",\"headline\":\"Cuerno de \\u00c1frica: La peor sequ\\u00eda en 40 a\\u00f1os\",\"author\":{\"@id\":\"https:\\\/\\\/www.eldigitaldeasturias.com\\\/noticias\\\/author\\\/admin\\\/#author\"},\"publisher\":{\"@id\":\"https:\\\/\\\/www.eldigitaldeasturias.com\\\/noticias\\\/#organization\"},\"image\":{\"@type\":\"ImageObject\",\"url\":\"https:\\\/\\\/www.eldigitaldeasturias.com\\\/noticias\\\/wp-content\\\/uploads\\\/2022\\\/04\\\/Cuerno-de-Africa.jpg\",\"width\":1102,\"height\":632,\"caption\":\"Refugiados hu\\u00eddos de la sequ\\u00eda en un campamento al borde de Mogadiscio, la capital somal\\u00ed. Foto: Mohamed Odowa\\\/dpa\"},\"datePublished\":\"2022-04-14T02:44:00+02:00\",\"dateModified\":\"2022-04-14T02:44:00+02:00\",\"inLanguage\":\"es-ES\",\"mainEntityOfPage\":{\"@id\":\"https:\\\/\\\/www.eldigitaldeasturias.com\\\/noticias\\\/cuerno-de-africa-la-peor-sequia-en-40-anos\\\/#webpage\"},\"isPartOf\":{\"@id\":\"https:\\\/\\\/www.eldigitaldeasturias.com\\\/noticias\\\/cuerno-de-africa-la-peor-sequia-en-40-anos\\\/#webpage\"},\"articleSection\":\"Sociedad\"},{\"@type\":\"BreadcrumbList\",\"@id\":\"https:\\\/\\\/www.eldigitaldeasturias.com\\\/noticias\\\/cuerno-de-africa-la-peor-sequia-en-40-anos\\\/#breadcrumblist\",\"itemListElement\":[{\"@type\":\"ListItem\",\"@id\":\"https:\\\/\\\/www.eldigitaldeasturias.com\\\/noticias#listItem\",\"position\":1,\"name\":\"Home\",\"item\":\"https:\\\/\\\/www.eldigitaldeasturias.com\\\/noticias\",\"nextItem\":{\"@type\":\"ListItem\",\"@id\":\"https:\\\/\\\/www.eldigitaldeasturias.com\\\/noticias\\\/category\\\/sociedad\\\/#listItem\",\"name\":\"Sociedad\"}},{\"@type\":\"ListItem\",\"@id\":\"https:\\\/\\\/www.eldigitaldeasturias.com\\\/noticias\\\/category\\\/sociedad\\\/#listItem\",\"position\":2,\"name\":\"Sociedad\",\"item\":\"https:\\\/\\\/www.eldigitaldeasturias.com\\\/noticias\\\/category\\\/sociedad\\\/\",\"nextItem\":{\"@type\":\"ListItem\",\"@id\":\"https:\\\/\\\/www.eldigitaldeasturias.com\\\/noticias\\\/cuerno-de-africa-la-peor-sequia-en-40-anos\\\/#listItem\",\"name\":\"Cuerno de \\u00c1frica: La peor sequ\\u00eda en 40 a\\u00f1os\"},\"previousItem\":{\"@type\":\"ListItem\",\"@id\":\"https:\\\/\\\/www.eldigitaldeasturias.com\\\/noticias#listItem\",\"name\":\"Home\"}},{\"@type\":\"ListItem\",\"@id\":\"https:\\\/\\\/www.eldigitaldeasturias.com\\\/noticias\\\/cuerno-de-africa-la-peor-sequia-en-40-anos\\\/#listItem\",\"position\":3,\"name\":\"Cuerno de \\u00c1frica: La peor sequ\\u00eda en 40 a\\u00f1os\",\"previousItem\":{\"@type\":\"ListItem\",\"@id\":\"https:\\\/\\\/www.eldigitaldeasturias.com\\\/noticias\\\/category\\\/sociedad\\\/#listItem\",\"name\":\"Sociedad\"}}]},{\"@type\":\"Organization\",\"@id\":\"https:\\\/\\\/www.eldigitaldeasturias.com\\\/noticias\\\/#organization\",\"name\":\"El Digital de Asturias\",\"description\":\"Hemeroteca\",\"url\":\"https:\\\/\\\/www.eldigitaldeasturias.com\\\/noticias\\\/\",\"email\":\"info@eldigitaldeasturias.com\",\"telephone\":\"+34652131393\",\"logo\":{\"@type\":\"ImageObject\",\"url\":\"https:\\\/\\\/www.eldigitaldeasturias.com\\\/noticias\\\/wp-content\\\/uploads\\\/2020\\\/12\\\/EDA.jpg\",\"@id\":\"https:\\\/\\\/www.eldigitaldeasturias.com\\\/noticias\\\/cuerno-de-africa-la-peor-sequia-en-40-anos\\\/#organizationLogo\",\"width\":649,\"height\":297},\"image\":{\"@id\":\"https:\\\/\\\/www.eldigitaldeasturias.com\\\/noticias\\\/cuerno-de-africa-la-peor-sequia-en-40-anos\\\/#organizationLogo\"},\"sameAs\":[\"https:\\\/\\\/facebook.com\\\/eldigitaldeasturias\",\"https:\\\/\\\/www.youtube.com\\\/channel\\\/UCZP-2wLEB9Rv6erhFmqVnvg\"],\"address\":{\"@id\":\"https:\\\/\\\/www.eldigitaldeasturias.com\\\/noticias\\\/#postaladdress\",\"@type\":\"PostalAddress\",\"streetAddress\":\"san antonio 4,\",\"postalCode\":\"33430\",\"addressLocality\":\"Cand\\u00e1s\",\"addressRegion\":\"Asturias\",\"addressCountry\":\"ES\"}},{\"@type\":\"Person\",\"@id\":\"https:\\\/\\\/www.eldigitaldeasturias.com\\\/noticias\\\/author\\\/admin\\\/#author\",\"url\":\"https:\\\/\\\/www.eldigitaldeasturias.com\\\/noticias\\\/author\\\/admin\\\/\",\"name\":\"El Digital de Asturias\",\"image\":{\"@type\":\"ImageObject\",\"@id\":\"https:\\\/\\\/www.eldigitaldeasturias.com\\\/noticias\\\/cuerno-de-africa-la-peor-sequia-en-40-anos\\\/#authorImage\",\"url\":\"https:\\\/\\\/www.eldigitaldeasturias.com\\\/noticias\\\/wp-content\\\/litespeed\\\/avatar\\\/18677e78aa0546b92d9dbf31ec7d7668.jpg?ver=1777290358\",\"width\":96,\"height\":96,\"caption\":\"El Digital de Asturias\"}},{\"@type\":\"WebPage\",\"@id\":\"https:\\\/\\\/www.eldigitaldeasturias.com\\\/noticias\\\/cuerno-de-africa-la-peor-sequia-en-40-anos\\\/#webpage\",\"url\":\"https:\\\/\\\/www.eldigitaldeasturias.com\\\/noticias\\\/cuerno-de-africa-la-peor-sequia-en-40-anos\\\/\",\"name\":\"Cuerno de \\u00c1frica: La peor sequ\\u00eda en 40 a\\u00f1os - El Digital de Asturias\",\"description\":\"Cultivos marchitos, pastos quemados, ganado muriendo de sed y madres y ni\\u00f1os en busca de agua y comida. Seg\\u00fan la ONU la regi\\u00f3n del Cuerno de \\u00c1frica\",\"inLanguage\":\"es-ES\",\"isPartOf\":{\"@id\":\"https:\\\/\\\/www.eldigitaldeasturias.com\\\/noticias\\\/#website\"},\"breadcrumb\":{\"@id\":\"https:\\\/\\\/www.eldigitaldeasturias.com\\\/noticias\\\/cuerno-de-africa-la-peor-sequia-en-40-anos\\\/#breadcrumblist\"},\"author\":{\"@id\":\"https:\\\/\\\/www.eldigitaldeasturias.com\\\/noticias\\\/author\\\/admin\\\/#author\"},\"creator\":{\"@id\":\"https:\\\/\\\/www.eldigitaldeasturias.com\\\/noticias\\\/author\\\/admin\\\/#author\"},\"image\":{\"@type\":\"ImageObject\",\"url\":\"https:\\\/\\\/www.eldigitaldeasturias.com\\\/noticias\\\/wp-content\\\/uploads\\\/2022\\\/04\\\/Cuerno-de-Africa.jpg\",\"@id\":\"https:\\\/\\\/www.eldigitaldeasturias.com\\\/noticias\\\/cuerno-de-africa-la-peor-sequia-en-40-anos\\\/#mainImage\",\"width\":1102,\"height\":632,\"caption\":\"Refugiados hu\\u00eddos de la sequ\\u00eda en un campamento al borde de Mogadiscio, la capital somal\\u00ed. Foto: Mohamed Odowa\\\/dpa\"},\"primaryImageOfPage\":{\"@id\":\"https:\\\/\\\/www.eldigitaldeasturias.com\\\/noticias\\\/cuerno-de-africa-la-peor-sequia-en-40-anos\\\/#mainImage\"},\"datePublished\":\"2022-04-14T02:44:00+02:00\",\"dateModified\":\"2022-04-14T02:44:00+02:00\"},{\"@type\":\"WebSite\",\"@id\":\"https:\\\/\\\/www.eldigitaldeasturias.com\\\/noticias\\\/#website\",\"url\":\"https:\\\/\\\/www.eldigitaldeasturias.com\\\/noticias\\\/\",\"name\":\"El Digital de Asturias - Diario de actualidad y noticias\",\"alternateName\":\"El Digital de Asturias - Diario de actualidad y noticias\",\"description\":\"Hemeroteca\",\"inLanguage\":\"es-ES\",\"publisher\":{\"@id\":\"https:\\\/\\\/www.eldigitaldeasturias.com\\\/noticias\\\/#organization\"}}]}\n\t\t<\/script>\n\t\t<!-- All in One SEO Pro -->\r\n\t\t<title>Cuerno de \u00c1frica: La peor sequ\u00eda en 40 a\u00f1os - El Digital de Asturias<\/title>\n\n","aioseo_head_json":{"title":"Cuerno de \u00c1frica: La peor sequ\u00eda en 40 a\u00f1os - El Digital de Asturias","description":"Cultivos marchitos, pastos quemados, ganado muriendo de sed y madres y ni\u00f1os en busca de agua y comida. Seg\u00fan la ONU la regi\u00f3n del Cuerno de \u00c1frica","canonical_url":"https:\/\/www.eldigitaldeasturias.com\/noticias\/cuerno-de-africa-la-peor-sequia-en-40-anos\/","robots":"max-image-preview:large","keywords":"sociedad","webmasterTools":{"google-site-verification":"UA-38556648-1","msvalidate.01":"7dfe9f3f1b24437ab69f4f2559babe99","miscellaneous":""},"schema":{"@context":"https:\/\/schema.org","@graph":[{"@type":"BlogPosting","@id":"https:\/\/www.eldigitaldeasturias.com\/noticias\/cuerno-de-africa-la-peor-sequia-en-40-anos\/#blogposting","name":"Cuerno de \u00c1frica: La peor sequ\u00eda en 40 a\u00f1os - El Digital de Asturias","headline":"Cuerno de \u00c1frica: La peor sequ\u00eda en 40 a\u00f1os","author":{"@id":"https:\/\/www.eldigitaldeasturias.com\/noticias\/author\/admin\/#author"},"publisher":{"@id":"https:\/\/www.eldigitaldeasturias.com\/noticias\/#organization"},"image":{"@type":"ImageObject","url":"https:\/\/www.eldigitaldeasturias.com\/noticias\/wp-content\/uploads\/2022\/04\/Cuerno-de-Africa.jpg","width":1102,"height":632,"caption":"Refugiados hu\u00eddos de la sequ\u00eda en un campamento al borde de Mogadiscio, la capital somal\u00ed. Foto: Mohamed Odowa\/dpa"},"datePublished":"2022-04-14T02:44:00+02:00","dateModified":"2022-04-14T02:44:00+02:00","inLanguage":"es-ES","mainEntityOfPage":{"@id":"https:\/\/www.eldigitaldeasturias.com\/noticias\/cuerno-de-africa-la-peor-sequia-en-40-anos\/#webpage"},"isPartOf":{"@id":"https:\/\/www.eldigitaldeasturias.com\/noticias\/cuerno-de-africa-la-peor-sequia-en-40-anos\/#webpage"},"articleSection":"Sociedad"},{"@type":"BreadcrumbList","@id":"https:\/\/www.eldigitaldeasturias.com\/noticias\/cuerno-de-africa-la-peor-sequia-en-40-anos\/#breadcrumblist","itemListElement":[{"@type":"ListItem","@id":"https:\/\/www.eldigitaldeasturias.com\/noticias#listItem","position":1,"name":"Home","item":"https:\/\/www.eldigitaldeasturias.com\/noticias","nextItem":{"@type":"ListItem","@id":"https:\/\/www.eldigitaldeasturias.com\/noticias\/category\/sociedad\/#listItem","name":"Sociedad"}},{"@type":"ListItem","@id":"https:\/\/www.eldigitaldeasturias.com\/noticias\/category\/sociedad\/#listItem","position":2,"name":"Sociedad","item":"https:\/\/www.eldigitaldeasturias.com\/noticias\/category\/sociedad\/","nextItem":{"@type":"ListItem","@id":"https:\/\/www.eldigitaldeasturias.com\/noticias\/cuerno-de-africa-la-peor-sequia-en-40-anos\/#listItem","name":"Cuerno de \u00c1frica: La peor sequ\u00eda en 40 a\u00f1os"},"previousItem":{"@type":"ListItem","@id":"https:\/\/www.eldigitaldeasturias.com\/noticias#listItem","name":"Home"}},{"@type":"ListItem","@id":"https:\/\/www.eldigitaldeasturias.com\/noticias\/cuerno-de-africa-la-peor-sequia-en-40-anos\/#listItem","position":3,"name":"Cuerno de \u00c1frica: La peor sequ\u00eda en 40 a\u00f1os","previousItem":{"@type":"ListItem","@id":"https:\/\/www.eldigitaldeasturias.com\/noticias\/category\/sociedad\/#listItem","name":"Sociedad"}}]},{"@type":"Organization","@id":"https:\/\/www.eldigitaldeasturias.com\/noticias\/#organization","name":"El Digital de Asturias","description":"Hemeroteca","url":"https:\/\/www.eldigitaldeasturias.com\/noticias\/","email":"info@eldigitaldeasturias.com","telephone":"+34652131393","logo":{"@type":"ImageObject","url":"https:\/\/www.eldigitaldeasturias.com\/noticias\/wp-content\/uploads\/2020\/12\/EDA.jpg","@id":"https:\/\/www.eldigitaldeasturias.com\/noticias\/cuerno-de-africa-la-peor-sequia-en-40-anos\/#organizationLogo","width":649,"height":297},"image":{"@id":"https:\/\/www.eldigitaldeasturias.com\/noticias\/cuerno-de-africa-la-peor-sequia-en-40-anos\/#organizationLogo"},"sameAs":["https:\/\/facebook.com\/eldigitaldeasturias","https:\/\/www.youtube.com\/channel\/UCZP-2wLEB9Rv6erhFmqVnvg"],"address":{"@id":"https:\/\/www.eldigitaldeasturias.com\/noticias\/#postaladdress","@type":"PostalAddress","streetAddress":"san antonio 4,","postalCode":"33430","addressLocality":"Cand\u00e1s","addressRegion":"Asturias","addressCountry":"ES"}},{"@type":"Person","@id":"https:\/\/www.eldigitaldeasturias.com\/noticias\/author\/admin\/#author","url":"https:\/\/www.eldigitaldeasturias.com\/noticias\/author\/admin\/","name":"El Digital de Asturias","image":{"@type":"ImageObject","@id":"https:\/\/www.eldigitaldeasturias.com\/noticias\/cuerno-de-africa-la-peor-sequia-en-40-anos\/#authorImage","url":"https:\/\/www.eldigitaldeasturias.com\/noticias\/wp-content\/litespeed\/avatar\/18677e78aa0546b92d9dbf31ec7d7668.jpg?ver=1777290358","width":96,"height":96,"caption":"El Digital de Asturias"}},{"@type":"WebPage","@id":"https:\/\/www.eldigitaldeasturias.com\/noticias\/cuerno-de-africa-la-peor-sequia-en-40-anos\/#webpage","url":"https:\/\/www.eldigitaldeasturias.com\/noticias\/cuerno-de-africa-la-peor-sequia-en-40-anos\/","name":"Cuerno de \u00c1frica: La peor sequ\u00eda en 40 a\u00f1os - El Digital de Asturias","description":"Cultivos marchitos, pastos quemados, ganado muriendo de sed y madres y ni\u00f1os en busca de agua y comida. Seg\u00fan la ONU la regi\u00f3n del Cuerno de \u00c1frica","inLanguage":"es-ES","isPartOf":{"@id":"https:\/\/www.eldigitaldeasturias.com\/noticias\/#website"},"breadcrumb":{"@id":"https:\/\/www.eldigitaldeasturias.com\/noticias\/cuerno-de-africa-la-peor-sequia-en-40-anos\/#breadcrumblist"},"author":{"@id":"https:\/\/www.eldigitaldeasturias.com\/noticias\/author\/admin\/#author"},"creator":{"@id":"https:\/\/www.eldigitaldeasturias.com\/noticias\/author\/admin\/#author"},"image":{"@type":"ImageObject","url":"https:\/\/www.eldigitaldeasturias.com\/noticias\/wp-content\/uploads\/2022\/04\/Cuerno-de-Africa.jpg","@id":"https:\/\/www.eldigitaldeasturias.com\/noticias\/cuerno-de-africa-la-peor-sequia-en-40-anos\/#mainImage","width":1102,"height":632,"caption":"Refugiados hu\u00eddos de la sequ\u00eda en un campamento al borde de Mogadiscio, la capital somal\u00ed. Foto: Mohamed Odowa\/dpa"},"primaryImageOfPage":{"@id":"https:\/\/www.eldigitaldeasturias.com\/noticias\/cuerno-de-africa-la-peor-sequia-en-40-anos\/#mainImage"},"datePublished":"2022-04-14T02:44:00+02:00","dateModified":"2022-04-14T02:44:00+02:00"},{"@type":"WebSite","@id":"https:\/\/www.eldigitaldeasturias.com\/noticias\/#website","url":"https:\/\/www.eldigitaldeasturias.com\/noticias\/","name":"El Digital de Asturias - Diario de actualidad y noticias","alternateName":"El Digital de Asturias - Diario de actualidad y noticias","description":"Hemeroteca","inLanguage":"es-ES","publisher":{"@id":"https:\/\/www.eldigitaldeasturias.com\/noticias\/#organization"}}]},"og:locale":"es_ES","og:site_name":"El Digital de Asturias","og:type":"article","og:title":"Cuerno de \u00c1frica: La peor sequ\u00eda en 40 a\u00f1os - El Digital de Asturias","og:description":"Cultivos marchitos, pastos quemados, ganado muriendo de sed y madres y ni\u00f1os en busca de agua y comida. Seg\u00fan la ONU la regi\u00f3n del Cuerno de \u00c1frica","og:url":"https:\/\/www.eldigitaldeasturias.com\/noticias\/cuerno-de-africa-la-peor-sequia-en-40-anos\/","og:image":"https:\/\/www.eldigitaldeasturias.com\/noticias\/wp-content\/uploads\/2022\/04\/Cuerno-de-Africa.jpg","og:image:secure_url":"https:\/\/www.eldigitaldeasturias.com\/noticias\/wp-content\/uploads\/2022\/04\/Cuerno-de-Africa.jpg","og:image:width":1102,"og:image:height":632,"article:tag":["sociedad"],"article:published_time":"2022-04-14T00:44:00+00:00","article:modified_time":"2022-04-14T00:44:00+00:00","article:publisher":"https:\/\/facebook.com\/eldigitaldeasturias","twitter:card":"summary_large_image","twitter:title":"Cuerno de \u00c1frica: La peor sequ\u00eda en 40 a\u00f1os - El Digital de Asturias","twitter:description":"Cultivos marchitos, pastos quemados, ganado muriendo de sed y madres y ni\u00f1os en busca de agua y comida. Seg\u00fan la ONU la regi\u00f3n del Cuerno de \u00c1frica","twitter:image":"https:\/\/www.eldigitaldeasturias.com\/noticias\/wp-content\/uploads\/2022\/04\/Cuerno-de-Africa.jpg","twitter:label1":"Escrito por","twitter:data1":"El Digital de Asturias","twitter:label2":"Tiempo de lectura estimado","twitter:data2":"3 minutos"},"aioseo_meta_data":{"post_id":"1109565","title":null,"description":"Cultivos marchitos, pastos quemados, ganado muriendo de sed y madres y ni\u00f1os en busca de agua y comida. Seg\u00fan la ONU la regi\u00f3n del Cuerno de \u00c1frica","keywords":[],"keyphrases":{"focus":{"keyphrase":"\u00c1frica","score":92,"analysis":{"keyphraseInTitle":{"title":"Focus keyphrase in SEO title","description":"Focus keyphrase found in SEO title.","score":9,"maxScore":9,"error":0},"keyphraseInDescription":{"title":"Focus keyphrase in meta description","description":"Focus keyphrase found in meta description.","score":9,"maxScore":9,"error":0},"keyphraseLength":{"title":"Focus keyphrase length","description":"Good job!","score":9,"maxScore":9,"error":0,"length":1},"keyphraseInURL":{"title":"Focus keyphrase in URL","description":"Focus keyphrase not found in the URL.","score":1,"maxScore":5,"error":1},"keyphraseInIntroduction":{"title":"Focus keyphrase in introduction","description":"Your Focus keyphrase appears in the first paragraph. Well done!","score":9,"maxScore":9,"error":0},"keyphraseInSubHeadings":[],"keyphraseInImageAlt":{"title":"Focus keyphrase in image alt attributes","description":"Focus keyphrase found in image alt attribute(s).","score":9,"maxScore":9,"error":0}}},"additional":[{"keyphrase":"Cuerno de \u00c1frica","score":100,"analysis":{"keyphraseInDescription":{"title":"Keyphrase in meta description","description":"Keyphrase found in meta description.","score":9,"maxScore":9,"error":0},"keyphraseLength":{"title":"Keyphrase length","description":"Good job!","score":9,"maxScore":9,"error":0,"length":3},"keyphraseInIntroduction":{"title":"Keyphrase in introduction","description":"Your Keyphrase appears in the first paragraph. Well done!","score":9,"maxScore":9,"error":0},"keyphraseInImageAlt":{"title":"Keyphrase in image alt attributes","description":"Keyphrase found in image alt attribute(s).","score":9,"maxScore":9,"error":0}}},{"keyphrase":"agua ","score":83,"analysis":{"keyphraseInDescription":{"title":"Keyphrase in meta description","description":"Keyphrase found in meta description.","score":9,"maxScore":9,"error":0},"keyphraseLength":{"title":"Keyphrase length","description":"Good job!","score":9,"maxScore":9,"error":0,"length":1},"keyphraseInIntroduction":{"title":"Keyphrase in introduction","description":"Your Keyphrase appears in the first paragraph. Well done!","score":9,"maxScore":9,"error":0},"keyphraseInImageAlt":{"title":"Keyphrase in image alt attributes","description":"Keyphrase not found in image alt attribute(s). Add an image with your Keyphrase as alt text.","score":3,"maxScore":9,"error":1}}},{"keyphrase":"comida","score":83,"analysis":{"keyphraseInDescription":{"title":"Keyphrase in meta description","description":"Keyphrase found in meta description.","score":9,"maxScore":9,"error":0},"keyphraseLength":{"title":"Keyphrase length","description":"Good job!","score":9,"maxScore":9,"error":0,"length":1},"keyphraseInIntroduction":{"title":"Keyphrase in introduction","description":"Your Keyphrase appears in the first paragraph. Well done!","score":9,"maxScore":9,"error":0},"keyphraseInImageAlt":{"title":"Keyphrase in image alt attributes","description":"Keyphrase not found in image alt attribute(s). Add an image with your Keyphrase as alt text.","score":3,"maxScore":9,"error":1}}},{"keyphrase":"ONU","score":83,"analysis":{"keyphraseInDescription":{"title":"Keyphrase in meta description","description":"Keyphrase found in meta description.","score":9,"maxScore":9,"error":0},"keyphraseLength":{"title":"Keyphrase length","description":"Good job!","score":9,"maxScore":9,"error":0,"length":1},"keyphraseInIntroduction":{"title":"Keyphrase in introduction","description":"Your Keyphrase appears in the first paragraph. Well done!","score":9,"maxScore":9,"error":0},"keyphraseInImageAlt":{"title":"Keyphrase in image alt attributes","description":"Keyphrase not found in image alt attribute(s). Add an image with your Keyphrase as alt text.","score":3,"maxScore":9,"error":1}}}]},"primary_term":null,"canonical_url":null,"og_title":null,"og_description":null,"og_object_type":"default","og_image_type":"default","og_image_url":null,"og_image_width":null,"og_image_height":null,"og_image_custom_url":null,"og_image_custom_fields":null,"og_video":"","og_custom_url":null,"og_article_section":null,"og_article_tags":[],"twitter_use_og":false,"twitter_card":"default","twitter_image_type":"default","twitter_image_url":null,"twitter_image_custom_url":null,"twitter_image_custom_fields":null,"twitter_title":null,"twitter_description":null,"schema":{"blockGraphs":[],"customGraphs":[],"default":{"data":{"Article":[],"Course":[],"Dataset":[],"FAQPage":[],"Movie":[],"Person":[],"Product":[],"ProductReview":[],"Car":[],"Recipe":[],"Service":[],"SoftwareApplication":[],"WebPage":[]},"graphName":"","isEnabled":true},"graphs":[],"defaultGraph":"Article","defaultPostTypeGraph":""},"schema_type":"default","schema_type_options":"{\"article\":{\"articleType\":\"BlogPosting\"},\"course\":{\"name\":\"\",\"description\":\"\",\"provider\":\"\"},\"faq\":{\"pages\":[]},\"product\":{\"reviews\":[]},\"recipe\":{\"ingredients\":[],\"instructions\":[],\"keywords\":[]},\"software\":{\"reviews\":[],\"operatingSystems\":[]},\"webPage\":{\"webPageType\":\"WebPage\"}}","pillar_content":false,"robots_default":true,"robots_noindex":false,"robots_noarchive":false,"robots_nosnippet":false,"robots_nofollow":false,"robots_noimageindex":false,"robots_noodp":false,"robots_notranslate":false,"robots_max_snippet":"-1","robots_max_videopreview":"-1","robots_max_imagepreview":"large","priority":null,"frequency":"default","local_seo":null,"seo_analyzer_scan_date":"2025-10-02 08:55:25","breadcrumb_settings":null,"limit_modified_date":false,"open_ai":null,"ai":null,"created":"2022-04-14 00:34:43","updated":"2025-10-02 08:55:25"},"aioseo_breadcrumb":"<div class=\"aioseo-breadcrumbs\"><span class=\"aioseo-breadcrumb\">\n\t<a href=\"https:\/\/www.eldigitaldeasturias.com\/noticias\" title=\"Home\">Home<\/a>\n<\/span><span class=\"aioseo-breadcrumb-separator\">\u2013<\/span><span class=\"aioseo-breadcrumb\">\n\t<a href=\"https:\/\/www.eldigitaldeasturias.com\/noticias\/category\/sociedad\/\" title=\"Sociedad\">Sociedad<\/a>\n<\/span><span class=\"aioseo-breadcrumb-separator\">\u2013<\/span><span class=\"aioseo-breadcrumb\">\n\t<a href=\"https:\/\/www.eldigitaldeasturias.com\/noticias\/cuerno-de-africa-la-peor-sequia-en-40-anos\/\" title=\"Cuerno de \u00c1frica: La peor sequ\u00eda en 40 a\u00f1os\">Cuerno de \u00c1frica: La peor sequ\u00eda en 40 a\u00f1os<\/a>\n<\/span><\/div>","aioseo_breadcrumb_json":[{"label":"Home","link":"https:\/\/www.eldigitaldeasturias.com\/noticias"},{"label":"Sociedad","link":"https:\/\/www.eldigitaldeasturias.com\/noticias\/category\/sociedad\/"},{"label":"Cuerno de \u00c1frica: La peor sequ\u00eda en 40 a\u00f1os","link":"https:\/\/www.eldigitaldeasturias.com\/noticias\/cuerno-de-africa-la-peor-sequia-en-40-anos\/"}],"_links":{"self":[{"href":"https:\/\/www.eldigitaldeasturias.com\/noticias\/wp-json\/wp\/v2\/posts\/1109565","targetHints":{"allow":["GET"]}}],"collection":[{"href":"https:\/\/www.eldigitaldeasturias.com\/noticias\/wp-json\/wp\/v2\/posts"}],"about":[{"href":"https:\/\/www.eldigitaldeasturias.com\/noticias\/wp-json\/wp\/v2\/types\/post"}],"author":[{"embeddable":true,"href":"https:\/\/www.eldigitaldeasturias.com\/noticias\/wp-json\/wp\/v2\/users\/1"}],"replies":[{"embeddable":true,"href":"https:\/\/www.eldigitaldeasturias.com\/noticias\/wp-json\/wp\/v2\/comments?post=1109565"}],"version-history":[{"count":0,"href":"https:\/\/www.eldigitaldeasturias.com\/noticias\/wp-json\/wp\/v2\/posts\/1109565\/revisions"}],"wp:featuredmedia":[{"embeddable":true,"href":"https:\/\/www.eldigitaldeasturias.com\/noticias\/wp-json\/wp\/v2\/media\/1109566"}],"wp:attachment":[{"href":"https:\/\/www.eldigitaldeasturias.com\/noticias\/wp-json\/wp\/v2\/media?parent=1109565"}],"wp:term":[{"taxonomy":"category","embeddable":true,"href":"https:\/\/www.eldigitaldeasturias.com\/noticias\/wp-json\/wp\/v2\/categories?post=1109565"},{"taxonomy":"post_tag","embeddable":true,"href":"https:\/\/www.eldigitaldeasturias.com\/noticias\/wp-json\/wp\/v2\/tags?post=1109565"}],"curies":[{"name":"wp","href":"https:\/\/api.w.org\/{rel}","templated":true}]}}