{"id":1108598,"date":"2022-03-22T04:14:15","date_gmt":"2022-03-22T03:14:15","guid":{"rendered":"https:\/\/www.eldigitaldeasturias.com\/noticias\/?p=1108598"},"modified":"2022-03-22T04:14:15","modified_gmt":"2022-03-22T03:14:15","slug":"fotofobia-causas-y-efectos","status":"publish","type":"post","link":"https:\/\/www.eldigitaldeasturias.com\/noticias\/fotofobia-causas-y-efectos\/","title":{"rendered":"Fotofobia: Causas y efectos"},"content":{"rendered":"<p>(dpa) &#8211; \u00bfLos ojos reaccionan sistem\u00e1ticamente con sensibilidad ante la luz? \u00bfLa persona no soporta la luz del sol ni tampoco la luz diurna, y mucho menos la de las l\u00e1mparas? Esto bien puede ser un s\u00edntoma de una enfermedad ocular, pero tambi\u00e9n puede haber causas neurol\u00f3gicas.<\/p>\n<figure id=\"attachment_1108599\" aria-describedby=\"caption-attachment-1108599\" style=\"width: 650px\" class=\"wp-caption aligncenter\"><img loading=\"lazy\" decoding=\"async\" class=\"wp-image-1108599 size-large\" src=\"https:\/\/www.eldigitaldeasturias.com\/noticias\/wp-content\/uploads\/2022\/03\/Fotofobia-650x430.jpg\" alt=\"Fotofobia\" width=\"650\" height=\"430\" srcset=\"https:\/\/www.eldigitaldeasturias.com\/noticias\/wp-content\/uploads\/2022\/03\/Fotofobia-650x430.jpg 650w, https:\/\/www.eldigitaldeasturias.com\/noticias\/wp-content\/uploads\/2022\/03\/Fotofobia-360x238.jpg 360w, https:\/\/www.eldigitaldeasturias.com\/noticias\/wp-content\/uploads\/2022\/03\/Fotofobia-453x300.jpg 453w, https:\/\/www.eldigitaldeasturias.com\/noticias\/wp-content\/uploads\/2022\/03\/Fotofobia-768x508.jpg 768w, https:\/\/www.eldigitaldeasturias.com\/noticias\/wp-content\/uploads\/2022\/03\/Fotofobia-150x99.jpg 150w, https:\/\/www.eldigitaldeasturias.com\/noticias\/wp-content\/uploads\/2022\/03\/Fotofobia-450x298.jpg 450w, https:\/\/www.eldigitaldeasturias.com\/noticias\/wp-content\/uploads\/2022\/03\/Fotofobia.jpg 1009w\" sizes=\"auto, (max-width: 650px) 100vw, 650px\" \/><figcaption id=\"caption-attachment-1108599\" class=\"wp-caption-text\">a fotofobia, uno de los problemas de la vista m\u00e1s frecuentes, puede deberse a diversas causas. Foto: Sina Schuldt\/dpa<\/figcaption><\/figure>\n<p>Cuando los ojos no soportan la luz, los m\u00e9dicos lo definen como fotofobia. \u00abEstas molestias se encuentran entre los problemas m\u00e1s comunes vinculados con el ojo humano\u00bb, afirma el oftalm\u00f3logo y profesor Philipp Steven, de la Cl\u00ednica Universitaria de Colonia, en Alemania.<\/p>\n<p>Y no se trata solamente de que les resulta insoportable la claridad. Los afectados tambi\u00e9n suelen quejarse de dolores de cabeza y n\u00e1useas, a la vez que les lagrimean los ojos.<\/p>\n<p>La sensibilidad a la luz puede tener diferentes motivos. Si las molestias no cesan, entonces deber\u00eda consultarse a un oftalm\u00f3logo u oftalm\u00f3loga.<\/p>\n<h2>Diferentes motivos posibles<\/h2>\n<p>\u00abLa incidencia de la luz en el ojo es controlada por la pupila\u00bb, se\u00f1ala Ludger Wollring, de la Asociaci\u00f3n Profesional de Oftalm\u00f3logos en Alemania. La pupila se estrecha cuando hay claridad y se dilata cuando hay poca luz.<\/p>\n<p>\u00abSi este mecanismo se altera, puede caer demasiada luz sobre la retina y uno se siente cegado\u00bb, explica.<\/p>\n<p>Tambi\u00e9n si se han sufrido da\u00f1os en la c\u00f3rnea, por ejemplo por una radiaci\u00f3n demasiado intensa de rayos ultravioleta, el ojo suele reaccionar escapando de la luz. Lo mismo ocurre frecuentemente en el caso de la conjuntivitis.<\/p>\n<p>\u00abUna inflamaci\u00f3n grave del iris tambi\u00e9n suele ir acompa\u00f1ada de fotofobia\u00bb, afirma el profesor Horst Helbig, director de la Cl\u00ednica Ocular del Hospital Universitario de Ratisbona. Adem\u00e1s del dolor en el ojo, esta inflamaci\u00f3n suele hacer que las personas vean con menos nitidez.<\/p>\n<h2>Fotofobia con cataratas y glaucoma<\/h2>\n<p>Uno tambi\u00e9n puede ser sensible a la luz cuando el cristalino del ojo se nubla como consecuencia de una catarata. \u00abEs un s\u00edntoma t\u00edpico de la vejez\u00bb, comenta Wollring.<\/p>\n<p>Debido a la presencia de la catarata, la luz ya no se concentra lo suficiente, sino que se dispersa m\u00e1s, por lo que, en condiciones de poca luz, los afectados se sienten m\u00e1s f\u00e1cilmente cegados.<\/p>\n<p>Y tambi\u00e9n si se sufre de un glaucoma puede aparecer fotofobia. En el caso de este padecimiento, el nervio \u00f3ptico se ve da\u00f1ado de forma progresiva, y una presi\u00f3n intraocular demasiado elevada es uno de los factores de riesgo para desarrollar un glaucoma.<\/p>\n<p>Asimismo, los ojos secos a ra\u00edz de muchas horas delante de la pantalla de un monitor pueden ser otro posible motivo para la sensibilidad ante la luz. Lo mismo vale para la migra\u00f1a y otras enfermedades neurol\u00f3gicas.<\/p>\n<p>Seg\u00fan comenta Philipp Steven, de la Cl\u00ednica Universitaria de Colonia, la fotofobia tambi\u00e9n puede presentarse luego de una operaci\u00f3n de ojos o por gotas para la dilataci\u00f3n de la pupila.<\/p>\n<h2>Con la edad, los ojos suelen ser m\u00e1s sensibles a la luz<\/h2>\n<p>Pero no siempre existe una causa de fotofobia que requiera tratamiento. \u00abEs completamente normal que la sensibilidad del ojo a la luz aumente a lo largo de la vida, con el pasar de los a\u00f1os\u00bb, afirma Helbig.<\/p>\n<p>Y el especialista a\u00f1ade que a muchas personas les resulta \u00fatil llevar m\u00e1s frecuente lentes de sol. En general es aconsejable, sobre todo al llegar a la tercera edad, acudir preventivamente y con regularidad al oftalm\u00f3logo.<\/p>\n<p>En caso de que la sensibilidad a la luz se presente de manera repentina e intensa, deber\u00eda acudirse al m\u00e9dico, siempre y cuando estas molestias no desaparezcan luego de algunas horas.<\/p>\n<p>Wollring indica que si, adem\u00e1s, se suman otros s\u00edntomas, como un enrojecimiento de los ojos, dolores o lagrimeo, se debe concurrir al oftam\u00f3logo.<\/p>\n<h2>\u00bfEs pasajero o a largo plazo?<\/h2>\n<p>Que la fotosensibilidad sea pasajera o permanezca por largo tiempo depender\u00e1 de la causa que la provoque. Con frecuencia suele presentarse solo de manera pasajera.<\/p>\n<p>Una c\u00f3rnea da\u00f1ada, por ejemplo, puede curarse en pocos d\u00edas. Un ataque de migra\u00f1a pasa m\u00e1s o menos r\u00e1pido. Y la opacidad del cristalino como consecuencia de una catarata puede tratarse mediante cirug\u00eda.<\/p>\n<p>\u00abEn muy raros casos la sensibilidad a la luz se convierte en un problema duradero\u00bb, puntualiza Wollring. Por ejemplo, si se sufre de una aniridia.<\/p>\n<p>La aniridia se define como la ausencia parcial o total del iris. Asimismo, las personas albinas suelen reaccionar frecuentemente con sensibilidad ante la luz.<\/p>\n<p><i class=\"lang-es\"><span class=\" readonly\" title=\"\">Por Sabine Meuter (dpa)<\/span><\/i><\/p>\n","protected":false},"excerpt":{"rendered":"<p>(dpa) &#8211; \u00bfLos ojos reaccionan sistem\u00e1ticamente con sensibilidad ante la luz? \u00bfLa persona no soporta la luz del sol ni tampoco la luz diurna, y mucho menos la de las l\u00e1mparas? Esto bien puede ser un s\u00edntoma de una enfermedad ocular, pero tambi\u00e9n puede haber causas neurol\u00f3gicas. Cuando los ojos no soportan la luz, los [&hellip;]<\/p>\n","protected":false},"author":1,"featured_media":1108599,"comment_status":"closed","ping_status":"closed","sticky":false,"template":"","format":"standard","meta":{"footnotes":""},"categories":[28],"tags":[],"class_list":["post-1108598","post","type-post","status-publish","format-standard","has-post-thumbnail","hentry","category-sociedad"],"aioseo_notices":[],"aioseo_head":"\n\t\t<!-- All in One SEO Pro 4.9.6.2 - aioseo.com -->\n\t<meta name=\"description\" content=\"\u00bfLos ojos reaccionan sistem\u00e1ticamente con sensibilidad ante la luz? \u00bfLa persona no soporta la luz del sol ni tampoco la luz diurna, y mucho menos la de las\" \/>\n\t<meta name=\"robots\" content=\"max-image-preview:large\" \/>\n\t<meta name=\"author\" content=\"El Digital de Asturias\"\/>\n\t<meta name=\"google-site-verification\" content=\"UA-38556648-1\" \/>\n\t<meta name=\"msvalidate.01\" content=\"7dfe9f3f1b24437ab69f4f2559babe99\" \/>\n\t<meta name=\"keywords\" content=\"sociedad\" \/>\n\t<link rel=\"canonical\" href=\"https:\/\/www.eldigitaldeasturias.com\/noticias\/fotofobia-causas-y-efectos\/\" \/>\n\t<meta name=\"generator\" content=\"All in One SEO Pro (AIOSEO) 4.9.6.2\" \/>\n\t\t<meta property=\"og:locale\" content=\"es_ES\" \/>\n\t\t<meta property=\"og:site_name\" content=\"El Digital de Asturias\" \/>\n\t\t<meta property=\"og:type\" content=\"article\" \/>\n\t\t<meta property=\"og:title\" content=\"Fotofobia: Causas y efectos - El Digital de Asturias\" \/>\n\t\t<meta property=\"og:description\" content=\"\u00bfLos ojos reaccionan sistem\u00e1ticamente con sensibilidad ante la luz? \u00bfLa persona no soporta la luz del sol ni tampoco la luz diurna, y mucho menos la de las\" \/>\n\t\t<meta property=\"og:url\" content=\"https:\/\/www.eldigitaldeasturias.com\/noticias\/fotofobia-causas-y-efectos\/\" \/>\n\t\t<meta property=\"og:image\" content=\"https:\/\/www.eldigitaldeasturias.com\/noticias\/wp-content\/uploads\/2022\/03\/Fotofobia.jpg\" \/>\n\t\t<meta property=\"og:image:secure_url\" content=\"https:\/\/www.eldigitaldeasturias.com\/noticias\/wp-content\/uploads\/2022\/03\/Fotofobia.jpg\" \/>\n\t\t<meta property=\"og:image:width\" content=\"1009\" \/>\n\t\t<meta property=\"og:image:height\" content=\"668\" \/>\n\t\t<meta property=\"article:tag\" content=\"sociedad\" \/>\n\t\t<meta property=\"article:published_time\" content=\"2022-03-22T03:14:15+00:00\" \/>\n\t\t<meta property=\"article:modified_time\" content=\"2022-03-22T03:14:15+00:00\" \/>\n\t\t<meta property=\"article:publisher\" content=\"https:\/\/facebook.com\/eldigitaldeasturias\" \/>\n\t\t<meta name=\"twitter:card\" content=\"summary_large_image\" \/>\n\t\t<meta name=\"twitter:title\" content=\"Fotofobia: Causas y efectos - El Digital de Asturias\" \/>\n\t\t<meta name=\"twitter:description\" content=\"\u00bfLos ojos reaccionan sistem\u00e1ticamente con sensibilidad ante la luz? \u00bfLa persona no soporta la luz del sol ni tampoco la luz diurna, y mucho menos la de las\" \/>\n\t\t<meta name=\"twitter:image\" content=\"https:\/\/www.eldigitaldeasturias.com\/noticias\/wp-content\/uploads\/2022\/03\/Fotofobia.jpg\" \/>\n\t\t<meta name=\"twitter:label1\" content=\"Escrito por\" \/>\n\t\t<meta name=\"twitter:data1\" content=\"El Digital de Asturias\" \/>\n\t\t<meta name=\"twitter:label2\" content=\"Tiempo de lectura estimado\" \/>\n\t\t<meta name=\"twitter:data2\" content=\"4 minutos\" \/>\n\t\t<script type=\"application\/ld+json\" class=\"aioseo-schema\">\n\t\t\t{\"@context\":\"https:\\\/\\\/schema.org\",\"@graph\":[{\"@type\":\"BlogPosting\",\"@id\":\"https:\\\/\\\/www.eldigitaldeasturias.com\\\/noticias\\\/fotofobia-causas-y-efectos\\\/#blogposting\",\"name\":\"Fotofobia: Causas y efectos - El Digital de Asturias\",\"headline\":\"Fotofobia: Causas y efectos\",\"author\":{\"@id\":\"https:\\\/\\\/www.eldigitaldeasturias.com\\\/noticias\\\/author\\\/admin\\\/#author\"},\"publisher\":{\"@id\":\"https:\\\/\\\/www.eldigitaldeasturias.com\\\/noticias\\\/#organization\"},\"image\":{\"@type\":\"ImageObject\",\"url\":\"https:\\\/\\\/www.eldigitaldeasturias.com\\\/noticias\\\/wp-content\\\/uploads\\\/2022\\\/03\\\/Fotofobia.jpg\",\"width\":1009,\"height\":668,\"caption\":\"a fotofobia, uno de los problemas de la vista m\\u00e1s frecuentes, puede deberse a diversas causas. Foto: Sina Schuldt\\\/dpa\"},\"datePublished\":\"2022-03-22T04:14:15+01:00\",\"dateModified\":\"2022-03-22T04:14:15+01:00\",\"inLanguage\":\"es-ES\",\"mainEntityOfPage\":{\"@id\":\"https:\\\/\\\/www.eldigitaldeasturias.com\\\/noticias\\\/fotofobia-causas-y-efectos\\\/#webpage\"},\"isPartOf\":{\"@id\":\"https:\\\/\\\/www.eldigitaldeasturias.com\\\/noticias\\\/fotofobia-causas-y-efectos\\\/#webpage\"},\"articleSection\":\"Sociedad\"},{\"@type\":\"BreadcrumbList\",\"@id\":\"https:\\\/\\\/www.eldigitaldeasturias.com\\\/noticias\\\/fotofobia-causas-y-efectos\\\/#breadcrumblist\",\"itemListElement\":[{\"@type\":\"ListItem\",\"@id\":\"https:\\\/\\\/www.eldigitaldeasturias.com\\\/noticias#listItem\",\"position\":1,\"name\":\"Home\",\"item\":\"https:\\\/\\\/www.eldigitaldeasturias.com\\\/noticias\",\"nextItem\":{\"@type\":\"ListItem\",\"@id\":\"https:\\\/\\\/www.eldigitaldeasturias.com\\\/noticias\\\/category\\\/sociedad\\\/#listItem\",\"name\":\"Sociedad\"}},{\"@type\":\"ListItem\",\"@id\":\"https:\\\/\\\/www.eldigitaldeasturias.com\\\/noticias\\\/category\\\/sociedad\\\/#listItem\",\"position\":2,\"name\":\"Sociedad\",\"item\":\"https:\\\/\\\/www.eldigitaldeasturias.com\\\/noticias\\\/category\\\/sociedad\\\/\",\"nextItem\":{\"@type\":\"ListItem\",\"@id\":\"https:\\\/\\\/www.eldigitaldeasturias.com\\\/noticias\\\/fotofobia-causas-y-efectos\\\/#listItem\",\"name\":\"Fotofobia: Causas y efectos\"},\"previousItem\":{\"@type\":\"ListItem\",\"@id\":\"https:\\\/\\\/www.eldigitaldeasturias.com\\\/noticias#listItem\",\"name\":\"Home\"}},{\"@type\":\"ListItem\",\"@id\":\"https:\\\/\\\/www.eldigitaldeasturias.com\\\/noticias\\\/fotofobia-causas-y-efectos\\\/#listItem\",\"position\":3,\"name\":\"Fotofobia: Causas y efectos\",\"previousItem\":{\"@type\":\"ListItem\",\"@id\":\"https:\\\/\\\/www.eldigitaldeasturias.com\\\/noticias\\\/category\\\/sociedad\\\/#listItem\",\"name\":\"Sociedad\"}}]},{\"@type\":\"Organization\",\"@id\":\"https:\\\/\\\/www.eldigitaldeasturias.com\\\/noticias\\\/#organization\",\"name\":\"El Digital de Asturias\",\"description\":\"Hemeroteca\",\"url\":\"https:\\\/\\\/www.eldigitaldeasturias.com\\\/noticias\\\/\",\"email\":\"info@eldigitaldeasturias.com\",\"telephone\":\"+34652131393\",\"logo\":{\"@type\":\"ImageObject\",\"url\":\"https:\\\/\\\/www.eldigitaldeasturias.com\\\/noticias\\\/wp-content\\\/uploads\\\/2020\\\/12\\\/EDA.jpg\",\"@id\":\"https:\\\/\\\/www.eldigitaldeasturias.com\\\/noticias\\\/fotofobia-causas-y-efectos\\\/#organizationLogo\",\"width\":649,\"height\":297},\"image\":{\"@id\":\"https:\\\/\\\/www.eldigitaldeasturias.com\\\/noticias\\\/fotofobia-causas-y-efectos\\\/#organizationLogo\"},\"sameAs\":[\"https:\\\/\\\/facebook.com\\\/eldigitaldeasturias\",\"https:\\\/\\\/www.youtube.com\\\/channel\\\/UCZP-2wLEB9Rv6erhFmqVnvg\"],\"address\":{\"@id\":\"https:\\\/\\\/www.eldigitaldeasturias.com\\\/noticias\\\/#postaladdress\",\"@type\":\"PostalAddress\",\"streetAddress\":\"san antonio 4,\",\"postalCode\":\"33430\",\"addressLocality\":\"Cand\\u00e1s\",\"addressRegion\":\"Asturias\",\"addressCountry\":\"ES\"}},{\"@type\":\"Person\",\"@id\":\"https:\\\/\\\/www.eldigitaldeasturias.com\\\/noticias\\\/author\\\/admin\\\/#author\",\"url\":\"https:\\\/\\\/www.eldigitaldeasturias.com\\\/noticias\\\/author\\\/admin\\\/\",\"name\":\"El Digital de Asturias\",\"image\":{\"@type\":\"ImageObject\",\"@id\":\"https:\\\/\\\/www.eldigitaldeasturias.com\\\/noticias\\\/fotofobia-causas-y-efectos\\\/#authorImage\",\"url\":\"https:\\\/\\\/www.eldigitaldeasturias.com\\\/noticias\\\/wp-content\\\/litespeed\\\/avatar\\\/18677e78aa0546b92d9dbf31ec7d7668.jpg?ver=1777290358\",\"width\":96,\"height\":96,\"caption\":\"El Digital de Asturias\"}},{\"@type\":\"WebPage\",\"@id\":\"https:\\\/\\\/www.eldigitaldeasturias.com\\\/noticias\\\/fotofobia-causas-y-efectos\\\/#webpage\",\"url\":\"https:\\\/\\\/www.eldigitaldeasturias.com\\\/noticias\\\/fotofobia-causas-y-efectos\\\/\",\"name\":\"Fotofobia: Causas y efectos - El Digital de Asturias\",\"description\":\"\\u00bfLos ojos reaccionan sistem\\u00e1ticamente con sensibilidad ante la luz? \\u00bfLa persona no soporta la luz del sol ni tampoco la luz diurna, y mucho menos la de las\",\"inLanguage\":\"es-ES\",\"isPartOf\":{\"@id\":\"https:\\\/\\\/www.eldigitaldeasturias.com\\\/noticias\\\/#website\"},\"breadcrumb\":{\"@id\":\"https:\\\/\\\/www.eldigitaldeasturias.com\\\/noticias\\\/fotofobia-causas-y-efectos\\\/#breadcrumblist\"},\"author\":{\"@id\":\"https:\\\/\\\/www.eldigitaldeasturias.com\\\/noticias\\\/author\\\/admin\\\/#author\"},\"creator\":{\"@id\":\"https:\\\/\\\/www.eldigitaldeasturias.com\\\/noticias\\\/author\\\/admin\\\/#author\"},\"image\":{\"@type\":\"ImageObject\",\"url\":\"https:\\\/\\\/www.eldigitaldeasturias.com\\\/noticias\\\/wp-content\\\/uploads\\\/2022\\\/03\\\/Fotofobia.jpg\",\"@id\":\"https:\\\/\\\/www.eldigitaldeasturias.com\\\/noticias\\\/fotofobia-causas-y-efectos\\\/#mainImage\",\"width\":1009,\"height\":668,\"caption\":\"a fotofobia, uno de los problemas de la vista m\\u00e1s frecuentes, puede deberse a diversas causas. Foto: Sina Schuldt\\\/dpa\"},\"primaryImageOfPage\":{\"@id\":\"https:\\\/\\\/www.eldigitaldeasturias.com\\\/noticias\\\/fotofobia-causas-y-efectos\\\/#mainImage\"},\"datePublished\":\"2022-03-22T04:14:15+01:00\",\"dateModified\":\"2022-03-22T04:14:15+01:00\"},{\"@type\":\"WebSite\",\"@id\":\"https:\\\/\\\/www.eldigitaldeasturias.com\\\/noticias\\\/#website\",\"url\":\"https:\\\/\\\/www.eldigitaldeasturias.com\\\/noticias\\\/\",\"name\":\"El Digital de Asturias - Diario de actualidad y noticias\",\"alternateName\":\"El Digital de Asturias - Diario de actualidad y noticias\",\"description\":\"Hemeroteca\",\"inLanguage\":\"es-ES\",\"publisher\":{\"@id\":\"https:\\\/\\\/www.eldigitaldeasturias.com\\\/noticias\\\/#organization\"}}]}\n\t\t<\/script>\n\t\t<!-- All in One SEO Pro -->\r\n\t\t<title>Fotofobia: Causas y efectos - El Digital de Asturias<\/title>\n\n","aioseo_head_json":{"title":"Fotofobia: Causas y efectos - El Digital de Asturias","description":"\u00bfLos ojos reaccionan sistem\u00e1ticamente con sensibilidad ante la luz? \u00bfLa persona no soporta la luz del sol ni tampoco la luz diurna, y mucho menos la de las","canonical_url":"https:\/\/www.eldigitaldeasturias.com\/noticias\/fotofobia-causas-y-efectos\/","robots":"max-image-preview:large","keywords":"sociedad","webmasterTools":{"google-site-verification":"UA-38556648-1","msvalidate.01":"7dfe9f3f1b24437ab69f4f2559babe99","miscellaneous":""},"schema":{"@context":"https:\/\/schema.org","@graph":[{"@type":"BlogPosting","@id":"https:\/\/www.eldigitaldeasturias.com\/noticias\/fotofobia-causas-y-efectos\/#blogposting","name":"Fotofobia: Causas y efectos - El Digital de Asturias","headline":"Fotofobia: Causas y efectos","author":{"@id":"https:\/\/www.eldigitaldeasturias.com\/noticias\/author\/admin\/#author"},"publisher":{"@id":"https:\/\/www.eldigitaldeasturias.com\/noticias\/#organization"},"image":{"@type":"ImageObject","url":"https:\/\/www.eldigitaldeasturias.com\/noticias\/wp-content\/uploads\/2022\/03\/Fotofobia.jpg","width":1009,"height":668,"caption":"a fotofobia, uno de los problemas de la vista m\u00e1s frecuentes, puede deberse a diversas causas. Foto: Sina Schuldt\/dpa"},"datePublished":"2022-03-22T04:14:15+01:00","dateModified":"2022-03-22T04:14:15+01:00","inLanguage":"es-ES","mainEntityOfPage":{"@id":"https:\/\/www.eldigitaldeasturias.com\/noticias\/fotofobia-causas-y-efectos\/#webpage"},"isPartOf":{"@id":"https:\/\/www.eldigitaldeasturias.com\/noticias\/fotofobia-causas-y-efectos\/#webpage"},"articleSection":"Sociedad"},{"@type":"BreadcrumbList","@id":"https:\/\/www.eldigitaldeasturias.com\/noticias\/fotofobia-causas-y-efectos\/#breadcrumblist","itemListElement":[{"@type":"ListItem","@id":"https:\/\/www.eldigitaldeasturias.com\/noticias#listItem","position":1,"name":"Home","item":"https:\/\/www.eldigitaldeasturias.com\/noticias","nextItem":{"@type":"ListItem","@id":"https:\/\/www.eldigitaldeasturias.com\/noticias\/category\/sociedad\/#listItem","name":"Sociedad"}},{"@type":"ListItem","@id":"https:\/\/www.eldigitaldeasturias.com\/noticias\/category\/sociedad\/#listItem","position":2,"name":"Sociedad","item":"https:\/\/www.eldigitaldeasturias.com\/noticias\/category\/sociedad\/","nextItem":{"@type":"ListItem","@id":"https:\/\/www.eldigitaldeasturias.com\/noticias\/fotofobia-causas-y-efectos\/#listItem","name":"Fotofobia: Causas y efectos"},"previousItem":{"@type":"ListItem","@id":"https:\/\/www.eldigitaldeasturias.com\/noticias#listItem","name":"Home"}},{"@type":"ListItem","@id":"https:\/\/www.eldigitaldeasturias.com\/noticias\/fotofobia-causas-y-efectos\/#listItem","position":3,"name":"Fotofobia: Causas y efectos","previousItem":{"@type":"ListItem","@id":"https:\/\/www.eldigitaldeasturias.com\/noticias\/category\/sociedad\/#listItem","name":"Sociedad"}}]},{"@type":"Organization","@id":"https:\/\/www.eldigitaldeasturias.com\/noticias\/#organization","name":"El Digital de Asturias","description":"Hemeroteca","url":"https:\/\/www.eldigitaldeasturias.com\/noticias\/","email":"info@eldigitaldeasturias.com","telephone":"+34652131393","logo":{"@type":"ImageObject","url":"https:\/\/www.eldigitaldeasturias.com\/noticias\/wp-content\/uploads\/2020\/12\/EDA.jpg","@id":"https:\/\/www.eldigitaldeasturias.com\/noticias\/fotofobia-causas-y-efectos\/#organizationLogo","width":649,"height":297},"image":{"@id":"https:\/\/www.eldigitaldeasturias.com\/noticias\/fotofobia-causas-y-efectos\/#organizationLogo"},"sameAs":["https:\/\/facebook.com\/eldigitaldeasturias","https:\/\/www.youtube.com\/channel\/UCZP-2wLEB9Rv6erhFmqVnvg"],"address":{"@id":"https:\/\/www.eldigitaldeasturias.com\/noticias\/#postaladdress","@type":"PostalAddress","streetAddress":"san antonio 4,","postalCode":"33430","addressLocality":"Cand\u00e1s","addressRegion":"Asturias","addressCountry":"ES"}},{"@type":"Person","@id":"https:\/\/www.eldigitaldeasturias.com\/noticias\/author\/admin\/#author","url":"https:\/\/www.eldigitaldeasturias.com\/noticias\/author\/admin\/","name":"El Digital de Asturias","image":{"@type":"ImageObject","@id":"https:\/\/www.eldigitaldeasturias.com\/noticias\/fotofobia-causas-y-efectos\/#authorImage","url":"https:\/\/www.eldigitaldeasturias.com\/noticias\/wp-content\/litespeed\/avatar\/18677e78aa0546b92d9dbf31ec7d7668.jpg?ver=1777290358","width":96,"height":96,"caption":"El Digital de Asturias"}},{"@type":"WebPage","@id":"https:\/\/www.eldigitaldeasturias.com\/noticias\/fotofobia-causas-y-efectos\/#webpage","url":"https:\/\/www.eldigitaldeasturias.com\/noticias\/fotofobia-causas-y-efectos\/","name":"Fotofobia: Causas y efectos - El Digital de Asturias","description":"\u00bfLos ojos reaccionan sistem\u00e1ticamente con sensibilidad ante la luz? \u00bfLa persona no soporta la luz del sol ni tampoco la luz diurna, y mucho menos la de las","inLanguage":"es-ES","isPartOf":{"@id":"https:\/\/www.eldigitaldeasturias.com\/noticias\/#website"},"breadcrumb":{"@id":"https:\/\/www.eldigitaldeasturias.com\/noticias\/fotofobia-causas-y-efectos\/#breadcrumblist"},"author":{"@id":"https:\/\/www.eldigitaldeasturias.com\/noticias\/author\/admin\/#author"},"creator":{"@id":"https:\/\/www.eldigitaldeasturias.com\/noticias\/author\/admin\/#author"},"image":{"@type":"ImageObject","url":"https:\/\/www.eldigitaldeasturias.com\/noticias\/wp-content\/uploads\/2022\/03\/Fotofobia.jpg","@id":"https:\/\/www.eldigitaldeasturias.com\/noticias\/fotofobia-causas-y-efectos\/#mainImage","width":1009,"height":668,"caption":"a fotofobia, uno de los problemas de la vista m\u00e1s frecuentes, puede deberse a diversas causas. Foto: Sina Schuldt\/dpa"},"primaryImageOfPage":{"@id":"https:\/\/www.eldigitaldeasturias.com\/noticias\/fotofobia-causas-y-efectos\/#mainImage"},"datePublished":"2022-03-22T04:14:15+01:00","dateModified":"2022-03-22T04:14:15+01:00"},{"@type":"WebSite","@id":"https:\/\/www.eldigitaldeasturias.com\/noticias\/#website","url":"https:\/\/www.eldigitaldeasturias.com\/noticias\/","name":"El Digital de Asturias - Diario de actualidad y noticias","alternateName":"El Digital de Asturias - Diario de actualidad y noticias","description":"Hemeroteca","inLanguage":"es-ES","publisher":{"@id":"https:\/\/www.eldigitaldeasturias.com\/noticias\/#organization"}}]},"og:locale":"es_ES","og:site_name":"El Digital de Asturias","og:type":"article","og:title":"Fotofobia: Causas y efectos - El Digital de Asturias","og:description":"\u00bfLos ojos reaccionan sistem\u00e1ticamente con sensibilidad ante la luz? \u00bfLa persona no soporta la luz del sol ni tampoco la luz diurna, y mucho menos la de las","og:url":"https:\/\/www.eldigitaldeasturias.com\/noticias\/fotofobia-causas-y-efectos\/","og:image":"https:\/\/www.eldigitaldeasturias.com\/noticias\/wp-content\/uploads\/2022\/03\/Fotofobia.jpg","og:image:secure_url":"https:\/\/www.eldigitaldeasturias.com\/noticias\/wp-content\/uploads\/2022\/03\/Fotofobia.jpg","og:image:width":1009,"og:image:height":668,"article:tag":["sociedad"],"article:published_time":"2022-03-22T03:14:15+00:00","article:modified_time":"2022-03-22T03:14:15+00:00","article:publisher":"https:\/\/facebook.com\/eldigitaldeasturias","twitter:card":"summary_large_image","twitter:title":"Fotofobia: Causas y efectos - El Digital de Asturias","twitter:description":"\u00bfLos ojos reaccionan sistem\u00e1ticamente con sensibilidad ante la luz? \u00bfLa persona no soporta la luz del sol ni tampoco la luz diurna, y mucho menos la de las","twitter:image":"https:\/\/www.eldigitaldeasturias.com\/noticias\/wp-content\/uploads\/2022\/03\/Fotofobia.jpg","twitter:label1":"Escrito por","twitter:data1":"El Digital de Asturias","twitter:label2":"Tiempo de lectura estimado","twitter:data2":"4 minutos"},"aioseo_meta_data":{"post_id":"1108598","title":null,"description":"\u00bfLos ojos reaccionan sistem\u00e1ticamente con sensibilidad ante la luz? \u00bfLa persona no soporta la luz del sol ni tampoco la luz diurna, y mucho menos la de las","keywords":[],"keyphrases":{"focus":{"keyphrase":"Fotofobia","score":63,"analysis":{"keyphraseInTitle":{"title":"Focus keyphrase in SEO title","description":"Focus keyphrase found in SEO title.","score":9,"maxScore":9,"error":0},"keyphraseInDescription":{"title":"Focus keyphrase in meta description","description":"Focus keyphrase not found in meta description.","score":3,"maxScore":9,"error":1},"keyphraseLength":{"title":"Focus keyphrase length","description":"Good job!","score":9,"maxScore":9,"error":0,"length":1},"keyphraseInURL":{"title":"Focus keyphrase in URL","description":"Focus keyphrase not found in the URL.","score":1,"maxScore":5,"error":1},"keyphraseInIntroduction":{"title":"Focus keyphrase in introduction","description":"Your Focus keyphrase does not appear in the first paragraph. Make sure the topic is clear immediately.","score":3,"maxScore":9,"error":1},"keyphraseInSubHeadings":{"title":"Focus keyphrase in Subheadings","description":"Use more focus keyphrases in your H2 and H3 subheadings!","score":3,"maxScore":9,"error":1},"keyphraseInImageAlt":{"title":"Focus keyphrase in image alt attributes","description":"Focus keyphrase found in image alt attribute(s).","score":9,"maxScore":9,"error":0}}},"additional":[]},"primary_term":null,"canonical_url":null,"og_title":null,"og_description":null,"og_object_type":"default","og_image_type":"default","og_image_url":null,"og_image_width":null,"og_image_height":null,"og_image_custom_url":null,"og_image_custom_fields":null,"og_video":"","og_custom_url":null,"og_article_section":null,"og_article_tags":[],"twitter_use_og":false,"twitter_card":"default","twitter_image_type":"default","twitter_image_url":null,"twitter_image_custom_url":null,"twitter_image_custom_fields":null,"twitter_title":null,"twitter_description":null,"schema":{"blockGraphs":[],"customGraphs":[],"default":{"data":{"Article":[],"Course":[],"Dataset":[],"FAQPage":[],"Movie":[],"Person":[],"Product":[],"ProductReview":[],"Car":[],"Recipe":[],"Service":[],"SoftwareApplication":[],"WebPage":[]},"graphName":"","isEnabled":true},"graphs":[]},"schema_type":"default","schema_type_options":"{\"article\":{\"articleType\":\"BlogPosting\"},\"course\":{\"name\":\"\",\"description\":\"\",\"provider\":\"\"},\"faq\":{\"pages\":[]},\"product\":{\"reviews\":[]},\"recipe\":{\"ingredients\":[],\"instructions\":[],\"keywords\":[]},\"software\":{\"reviews\":[],\"operatingSystems\":[]},\"webPage\":{\"webPageType\":\"WebPage\"}}","pillar_content":false,"robots_default":true,"robots_noindex":false,"robots_noarchive":false,"robots_nosnippet":false,"robots_nofollow":false,"robots_noimageindex":false,"robots_noodp":false,"robots_notranslate":false,"robots_max_snippet":"-1","robots_max_videopreview":"-1","robots_max_imagepreview":"large","priority":null,"frequency":"default","local_seo":null,"seo_analyzer_scan_date":"2025-10-02 05:49:24","breadcrumb_settings":null,"limit_modified_date":false,"open_ai":null,"ai":null,"created":"2022-03-22 03:07:38","updated":"2025-10-02 05:49:24"},"aioseo_breadcrumb":"<div class=\"aioseo-breadcrumbs\"><span class=\"aioseo-breadcrumb\">\n\t<a href=\"https:\/\/www.eldigitaldeasturias.com\/noticias\" title=\"Home\">Home<\/a>\n<\/span><span class=\"aioseo-breadcrumb-separator\">\u2013<\/span><span class=\"aioseo-breadcrumb\">\n\t<a href=\"https:\/\/www.eldigitaldeasturias.com\/noticias\/category\/sociedad\/\" title=\"Sociedad\">Sociedad<\/a>\n<\/span><span class=\"aioseo-breadcrumb-separator\">\u2013<\/span><span class=\"aioseo-breadcrumb\">\n\t<a href=\"https:\/\/www.eldigitaldeasturias.com\/noticias\/fotofobia-causas-y-efectos\/\" title=\"Fotofobia: Causas y efectos\">Fotofobia: Causas y efectos<\/a>\n<\/span><\/div>","aioseo_breadcrumb_json":[{"label":"Home","link":"https:\/\/www.eldigitaldeasturias.com\/noticias"},{"label":"Sociedad","link":"https:\/\/www.eldigitaldeasturias.com\/noticias\/category\/sociedad\/"},{"label":"Fotofobia: Causas y efectos","link":"https:\/\/www.eldigitaldeasturias.com\/noticias\/fotofobia-causas-y-efectos\/"}],"_links":{"self":[{"href":"https:\/\/www.eldigitaldeasturias.com\/noticias\/wp-json\/wp\/v2\/posts\/1108598","targetHints":{"allow":["GET"]}}],"collection":[{"href":"https:\/\/www.eldigitaldeasturias.com\/noticias\/wp-json\/wp\/v2\/posts"}],"about":[{"href":"https:\/\/www.eldigitaldeasturias.com\/noticias\/wp-json\/wp\/v2\/types\/post"}],"author":[{"embeddable":true,"href":"https:\/\/www.eldigitaldeasturias.com\/noticias\/wp-json\/wp\/v2\/users\/1"}],"replies":[{"embeddable":true,"href":"https:\/\/www.eldigitaldeasturias.com\/noticias\/wp-json\/wp\/v2\/comments?post=1108598"}],"version-history":[{"count":0,"href":"https:\/\/www.eldigitaldeasturias.com\/noticias\/wp-json\/wp\/v2\/posts\/1108598\/revisions"}],"wp:featuredmedia":[{"embeddable":true,"href":"https:\/\/www.eldigitaldeasturias.com\/noticias\/wp-json\/wp\/v2\/media\/1108599"}],"wp:attachment":[{"href":"https:\/\/www.eldigitaldeasturias.com\/noticias\/wp-json\/wp\/v2\/media?parent=1108598"}],"wp:term":[{"taxonomy":"category","embeddable":true,"href":"https:\/\/www.eldigitaldeasturias.com\/noticias\/wp-json\/wp\/v2\/categories?post=1108598"},{"taxonomy":"post_tag","embeddable":true,"href":"https:\/\/www.eldigitaldeasturias.com\/noticias\/wp-json\/wp\/v2\/tags?post=1108598"}],"curies":[{"name":"wp","href":"https:\/\/api.w.org\/{rel}","templated":true}]}}