{"id":1107714,"date":"2022-03-06T12:58:36","date_gmt":"2022-03-06T11:58:36","guid":{"rendered":"https:\/\/www.eldigitaldeasturias.com\/noticias\/?p=1107714"},"modified":"2022-03-06T12:58:36","modified_gmt":"2022-03-06T11:58:36","slug":"copa-davis-la-reaccion-de-zverev-con-los-espectadores","status":"publish","type":"post","link":"https:\/\/www.eldigitaldeasturias.com\/noticias\/copa-davis-la-reaccion-de-zverev-con-los-espectadores\/","title":{"rendered":"Copa Davis: La \u00abreacci\u00f3n\u00bb de Zverev con los espectadores"},"content":{"rendered":"<p>R\u00edo de Janeiro (Brasil), 6 mar (dpa) &#8211; <strong>Alexander Zverev<\/strong> lider\u00f3 al equipo de tenis masculino alem\u00e1n en su pase a la fase de grupos de la <span style=\"color: #ff6600;\"><a style=\"color: #ff6600;\" href=\"https:\/\/www.eldigitaldeasturias.com\/noticias\/tag\/tenis\/\"><strong>Copa Davis<\/strong><\/a><\/span>, tras vencer a Brasil, pero evidenci\u00f3 su enojo con el p\u00fablico brasile\u00f1o el s\u00e1bado por la noche (hora local).<\/p>\n<figure id=\"attachment_1107715\" aria-describedby=\"caption-attachment-1107715\" style=\"width: 650px\" class=\"wp-caption aligncenter\"><img loading=\"lazy\" decoding=\"async\" class=\"wp-image-1107715\" src=\"https:\/\/www.eldigitaldeasturias.com\/noticias\/wp-content\/uploads\/2022\/03\/Zverev-690x466.jpg\" alt=\"Zverev\" width=\"650\" height=\"439\" srcset=\"https:\/\/www.eldigitaldeasturias.com\/noticias\/wp-content\/uploads\/2022\/03\/Zverev-690x466.jpg 690w, https:\/\/www.eldigitaldeasturias.com\/noticias\/wp-content\/uploads\/2022\/03\/Zverev-360x243.jpg 360w, https:\/\/www.eldigitaldeasturias.com\/noticias\/wp-content\/uploads\/2022\/03\/Zverev-445x300.jpg 445w, https:\/\/www.eldigitaldeasturias.com\/noticias\/wp-content\/uploads\/2022\/03\/Zverev-768x518.jpg 768w, https:\/\/www.eldigitaldeasturias.com\/noticias\/wp-content\/uploads\/2022\/03\/Zverev-150x101.jpg 150w, https:\/\/www.eldigitaldeasturias.com\/noticias\/wp-content\/uploads\/2022\/03\/Zverev-450x304.jpg 450w, https:\/\/www.eldigitaldeasturias.com\/noticias\/wp-content\/uploads\/2022\/03\/Zverev.jpg 990w\" sizes=\"auto, (max-width: 650px) 100vw, 650px\" \/><figcaption id=\"caption-attachment-1107715\" class=\"wp-caption-text\">El alem\u00e1n Alexander Zverev, en el partido contra el brasile\u00f1o Thiago Monteiro. Foto: Andre Borges\/dpa<\/figcaption><\/figure>\n<p>Tras derrotar al brasile\u00f1o Thiago Monteiro por 6-1 y 7-5 en su segundo partido individual, el campe\u00f3n ol\u00edmpico de tenis abandon\u00f3 r\u00e1pidamente la pista central del <strong>Parque Ol\u00edmpico de R\u00edo de Janeiro<\/strong>.<\/p>\n<blockquote><p>\u00abNos abuchearon todo el tiempo, en alg\u00fan momento fue suficiente\u00bb, dijo Zverev, explicando su falta de celebraci\u00f3n en la cancha tras consumar la clasificaci\u00f3n de Alemania.<\/p><\/blockquote>\n<p>El joven de 24 a\u00f1os se mostr\u00f3 especialmente molesto por el hecho de que se sintiera repetidamente insultado por una parte del p\u00fablico. <strong>\u00abLos espectadores se pasaron de la raya\u00bb<\/strong>, dijo Zverev.<\/p>\n<p><strong>\u00abPuedes odiarme, (puedo) no gustarte. Pero cuando (dices cosas) contra tu familia o contra alguien a quien quieres, entonces se cruza una l\u00ednea\u00bb, dijo Zverev<\/strong>. \u00abY eso ha pasado en pr\u00e1cticamente cada partido de hoy\u00bb, agreg\u00f3.<\/p>\n<p>Una semana y media despu\u00e9s de ser descalificado en el torneo de Acapulco, lo sucedido all\u00ed fue revivido en las gradas. \u00abAqu\u00ed est\u00e1 Acapulco\u00bb, corearon algunos aficionados.<\/p>\n<p>En Acapulco, Zverev golpe\u00f3 la silla del \u00e1rbitro varias veces con su raqueta tras perder un partido de dobles, casi golpeando al \u00e1rbitro en el pie.<\/p>\n<p>Despu\u00e9s de lo ocurrido en el torneo mexicano, <strong>Zverev decidi\u00f3 repentinamente reaparecer en la Copa Davis<\/strong>. Probablemente tambi\u00e9n para pulir su deteriorada imagen. Desde el punto de vista deportivo, supuso un triunfo inapelable del n\u00famero tres mundial.<\/p>\n<p>Tras su clara victoria en dos sets sobre Thiago Seyboth Wild el viernes, no dio ninguna oportunidad a Monteiro desde el principio. Zverev logr\u00f3 un break r\u00e1pido y despu\u00e9s de solo 32 minutos asegur\u00f3 el primer set.<\/p>\n<p>Monteiro opuso m\u00e1s resistencia en el segundo. Con 5-4 desfavorable, Zverev incluso salv\u00f3 un punto de set, y el p\u00fablico volvi\u00f3 a ponerse ruidosamente en su contra. Pero Zverev mantuvo la calma y en su primer punto de partido logr\u00f3 la victoria y dio el pase a Alemania a la fase de grupos.<\/p>\n<p>Antes de la segunda victoria de Zverev, Kevin Krawietz y Tim P\u00fctz hab\u00edan puesto al equipo alem\u00e1n en la senda de la victoria. Los dobles alemanes se impusieron a Felipe Meligeni Rodrigues Alves y Bruno Soares por 4-6, 7-6 (7-4) y 6-4.<\/p>\n<p>Tras pasar a la fase de grupos de la Copa Davis, el equipo alem\u00e1n espera ser el anfitri\u00f3n de uno de los cuatro grupos. \u00ab<strong>Si fuera en Alemania, por supuesto que ser\u00eda algo magn\u00edfico y un gran acontecimiento para todos nosotros en el equipo\u00bb, dijo el capit\u00e1n germano, Michael Kohlmann, tras el 3-1 contra Brasil<\/strong>.<\/p>\n<p>La fase de grupos se celebrar\u00e1 del 14 al 18 de septiembre en cuatro sedes a\u00fan por determinar. La Federaci\u00f3n Alemana de Tenis (DTB) anunci\u00f3 que est\u00e1 estudiando la posibilidad de solicitar ser una de ellas.<\/p>\n<p>Los dos primeros equipos de cada grupo, integrado por cuatro pa\u00edses, se clasificar\u00e1n para la ronda final, prevista del 23 al 27 de noviembre en una sede a\u00fan por decidir.<\/p>\n","protected":false},"excerpt":{"rendered":"<p>R\u00edo de Janeiro (Brasil), 6 mar (dpa) &#8211; Alexander Zverev lider\u00f3 al equipo de tenis masculino alem\u00e1n en su pase a la fase de grupos de la Copa Davis, tras vencer a Brasil, pero evidenci\u00f3 su enojo con el p\u00fablico brasile\u00f1o el s\u00e1bado por la noche (hora local). Tras derrotar al brasile\u00f1o Thiago Monteiro por [&hellip;]<\/p>\n","protected":false},"author":1,"featured_media":1107715,"comment_status":"closed","ping_status":"closed","sticky":false,"template":"","format":"standard","meta":{"footnotes":""},"categories":[190],"tags":[],"class_list":["post-1107714","post","type-post","status-publish","format-standard","has-post-thumbnail","hentry","category-deportes"],"aioseo_notices":[],"aioseo_head":"\n\t\t<!-- All in One SEO Pro 4.9.6.2 - aioseo.com -->\n\t<meta name=\"description\" content=\"Alexander Zverev lider\u00f3 al equipo de tenis masculino alem\u00e1n en su pase a la fase de grupos de la Copa Davis, tras vencer a Brasil, pero evidenci\u00f3 su enojo\" \/>\n\t<meta name=\"robots\" content=\"max-image-preview:large\" \/>\n\t<meta name=\"author\" content=\"El Digital de Asturias\"\/>\n\t<meta name=\"google-site-verification\" content=\"UA-38556648-1\" \/>\n\t<meta name=\"msvalidate.01\" content=\"7dfe9f3f1b24437ab69f4f2559babe99\" \/>\n\t<meta name=\"keywords\" content=\"deportes\" \/>\n\t<link rel=\"canonical\" href=\"https:\/\/www.eldigitaldeasturias.com\/noticias\/copa-davis-la-reaccion-de-zverev-con-los-espectadores\/\" \/>\n\t<meta name=\"generator\" content=\"All in One SEO Pro (AIOSEO) 4.9.6.2\" \/>\n\t\t<meta property=\"og:locale\" content=\"es_ES\" \/>\n\t\t<meta property=\"og:site_name\" content=\"El Digital de Asturias\" \/>\n\t\t<meta property=\"og:type\" content=\"article\" \/>\n\t\t<meta property=\"og:title\" content=\"Copa Davis: La \u00abreacci\u00f3n\u00bb de Zverev con los espectadores - El Digital de Asturias\" \/>\n\t\t<meta property=\"og:description\" content=\"Alexander Zverev lider\u00f3 al equipo de tenis masculino alem\u00e1n en su pase a la fase de grupos de la Copa Davis, tras vencer a Brasil, pero evidenci\u00f3 su enojo\" \/>\n\t\t<meta property=\"og:url\" content=\"https:\/\/www.eldigitaldeasturias.com\/noticias\/copa-davis-la-reaccion-de-zverev-con-los-espectadores\/\" \/>\n\t\t<meta property=\"og:image\" content=\"https:\/\/www.eldigitaldeasturias.com\/noticias\/wp-content\/uploads\/2022\/03\/Zverev.jpg\" \/>\n\t\t<meta property=\"og:image:secure_url\" content=\"https:\/\/www.eldigitaldeasturias.com\/noticias\/wp-content\/uploads\/2022\/03\/Zverev.jpg\" \/>\n\t\t<meta property=\"og:image:width\" content=\"990\" \/>\n\t\t<meta property=\"og:image:height\" content=\"668\" \/>\n\t\t<meta property=\"article:tag\" content=\"deportes\" \/>\n\t\t<meta property=\"article:published_time\" content=\"2022-03-06T11:58:36+00:00\" \/>\n\t\t<meta property=\"article:modified_time\" content=\"2022-03-06T11:58:36+00:00\" \/>\n\t\t<meta property=\"article:publisher\" content=\"https:\/\/facebook.com\/eldigitaldeasturias\" \/>\n\t\t<meta name=\"twitter:card\" content=\"summary_large_image\" \/>\n\t\t<meta name=\"twitter:title\" content=\"Copa Davis: La \u00abreacci\u00f3n\u00bb de Zverev con los espectadores - El Digital de Asturias\" \/>\n\t\t<meta name=\"twitter:description\" content=\"Alexander Zverev lider\u00f3 al equipo de tenis masculino alem\u00e1n en su pase a la fase de grupos de la Copa Davis, tras vencer a Brasil, pero evidenci\u00f3 su enojo\" \/>\n\t\t<meta name=\"twitter:image\" content=\"https:\/\/www.eldigitaldeasturias.com\/noticias\/wp-content\/uploads\/2022\/03\/Zverev.jpg\" \/>\n\t\t<meta name=\"twitter:label1\" content=\"Escrito por\" \/>\n\t\t<meta name=\"twitter:data1\" content=\"El Digital de Asturias\" \/>\n\t\t<meta name=\"twitter:label2\" content=\"Tiempo de lectura estimado\" \/>\n\t\t<meta name=\"twitter:data2\" content=\"3 minutos\" \/>\n\t\t<script type=\"application\/ld+json\" class=\"aioseo-schema\">\n\t\t\t{\"@context\":\"https:\\\/\\\/schema.org\",\"@graph\":[{\"@type\":\"BlogPosting\",\"@id\":\"https:\\\/\\\/www.eldigitaldeasturias.com\\\/noticias\\\/copa-davis-la-reaccion-de-zverev-con-los-espectadores\\\/#blogposting\",\"name\":\"Copa Davis: La \\u00abreacci\\u00f3n\\u00bb de Zverev con los espectadores - El Digital de Asturias\",\"headline\":\"Copa Davis: La \\u00abreacci\\u00f3n\\u00bb de Zverev con los espectadores\",\"author\":{\"@id\":\"https:\\\/\\\/www.eldigitaldeasturias.com\\\/noticias\\\/author\\\/admin\\\/#author\"},\"publisher\":{\"@id\":\"https:\\\/\\\/www.eldigitaldeasturias.com\\\/noticias\\\/#organization\"},\"image\":{\"@type\":\"ImageObject\",\"url\":\"https:\\\/\\\/www.eldigitaldeasturias.com\\\/noticias\\\/wp-content\\\/uploads\\\/2022\\\/03\\\/Zverev.jpg\",\"width\":990,\"height\":668,\"caption\":\"El alem\\u00e1n Alexander Zverev, en el partido contra el brasile\\u00f1o Thiago Monteiro. Foto: Andre Borges\\\/dpa\"},\"datePublished\":\"2022-03-06T12:58:36+01:00\",\"dateModified\":\"2022-03-06T12:58:36+01:00\",\"inLanguage\":\"es-ES\",\"mainEntityOfPage\":{\"@id\":\"https:\\\/\\\/www.eldigitaldeasturias.com\\\/noticias\\\/copa-davis-la-reaccion-de-zverev-con-los-espectadores\\\/#webpage\"},\"isPartOf\":{\"@id\":\"https:\\\/\\\/www.eldigitaldeasturias.com\\\/noticias\\\/copa-davis-la-reaccion-de-zverev-con-los-espectadores\\\/#webpage\"},\"articleSection\":\"Deportes\"},{\"@type\":\"BreadcrumbList\",\"@id\":\"https:\\\/\\\/www.eldigitaldeasturias.com\\\/noticias\\\/copa-davis-la-reaccion-de-zverev-con-los-espectadores\\\/#breadcrumblist\",\"itemListElement\":[{\"@type\":\"ListItem\",\"@id\":\"https:\\\/\\\/www.eldigitaldeasturias.com\\\/noticias#listItem\",\"position\":1,\"name\":\"Home\",\"item\":\"https:\\\/\\\/www.eldigitaldeasturias.com\\\/noticias\",\"nextItem\":{\"@type\":\"ListItem\",\"@id\":\"https:\\\/\\\/www.eldigitaldeasturias.com\\\/noticias\\\/category\\\/deportes\\\/#listItem\",\"name\":\"Deportes\"}},{\"@type\":\"ListItem\",\"@id\":\"https:\\\/\\\/www.eldigitaldeasturias.com\\\/noticias\\\/category\\\/deportes\\\/#listItem\",\"position\":2,\"name\":\"Deportes\",\"item\":\"https:\\\/\\\/www.eldigitaldeasturias.com\\\/noticias\\\/category\\\/deportes\\\/\",\"nextItem\":{\"@type\":\"ListItem\",\"@id\":\"https:\\\/\\\/www.eldigitaldeasturias.com\\\/noticias\\\/copa-davis-la-reaccion-de-zverev-con-los-espectadores\\\/#listItem\",\"name\":\"Copa Davis: La \\u00abreacci\\u00f3n\\u00bb de Zverev con los espectadores\"},\"previousItem\":{\"@type\":\"ListItem\",\"@id\":\"https:\\\/\\\/www.eldigitaldeasturias.com\\\/noticias#listItem\",\"name\":\"Home\"}},{\"@type\":\"ListItem\",\"@id\":\"https:\\\/\\\/www.eldigitaldeasturias.com\\\/noticias\\\/copa-davis-la-reaccion-de-zverev-con-los-espectadores\\\/#listItem\",\"position\":3,\"name\":\"Copa Davis: La \\u00abreacci\\u00f3n\\u00bb de Zverev con los espectadores\",\"previousItem\":{\"@type\":\"ListItem\",\"@id\":\"https:\\\/\\\/www.eldigitaldeasturias.com\\\/noticias\\\/category\\\/deportes\\\/#listItem\",\"name\":\"Deportes\"}}]},{\"@type\":\"Organization\",\"@id\":\"https:\\\/\\\/www.eldigitaldeasturias.com\\\/noticias\\\/#organization\",\"name\":\"El Digital de Asturias\",\"description\":\"Hemeroteca\",\"url\":\"https:\\\/\\\/www.eldigitaldeasturias.com\\\/noticias\\\/\",\"email\":\"info@eldigitaldeasturias.com\",\"telephone\":\"+34652131393\",\"logo\":{\"@type\":\"ImageObject\",\"url\":\"https:\\\/\\\/www.eldigitaldeasturias.com\\\/noticias\\\/wp-content\\\/uploads\\\/2020\\\/12\\\/EDA.jpg\",\"@id\":\"https:\\\/\\\/www.eldigitaldeasturias.com\\\/noticias\\\/copa-davis-la-reaccion-de-zverev-con-los-espectadores\\\/#organizationLogo\",\"width\":649,\"height\":297},\"image\":{\"@id\":\"https:\\\/\\\/www.eldigitaldeasturias.com\\\/noticias\\\/copa-davis-la-reaccion-de-zverev-con-los-espectadores\\\/#organizationLogo\"},\"sameAs\":[\"https:\\\/\\\/facebook.com\\\/eldigitaldeasturias\",\"https:\\\/\\\/www.youtube.com\\\/channel\\\/UCZP-2wLEB9Rv6erhFmqVnvg\"],\"address\":{\"@id\":\"https:\\\/\\\/www.eldigitaldeasturias.com\\\/noticias\\\/#postaladdress\",\"@type\":\"PostalAddress\",\"streetAddress\":\"san antonio 4,\",\"postalCode\":\"33430\",\"addressLocality\":\"Cand\\u00e1s\",\"addressRegion\":\"Asturias\",\"addressCountry\":\"ES\"}},{\"@type\":\"Person\",\"@id\":\"https:\\\/\\\/www.eldigitaldeasturias.com\\\/noticias\\\/author\\\/admin\\\/#author\",\"url\":\"https:\\\/\\\/www.eldigitaldeasturias.com\\\/noticias\\\/author\\\/admin\\\/\",\"name\":\"El Digital de Asturias\",\"image\":{\"@type\":\"ImageObject\",\"@id\":\"https:\\\/\\\/www.eldigitaldeasturias.com\\\/noticias\\\/copa-davis-la-reaccion-de-zverev-con-los-espectadores\\\/#authorImage\",\"url\":\"https:\\\/\\\/www.eldigitaldeasturias.com\\\/noticias\\\/wp-content\\\/litespeed\\\/avatar\\\/18677e78aa0546b92d9dbf31ec7d7668.jpg?ver=1777290358\",\"width\":96,\"height\":96,\"caption\":\"El Digital de Asturias\"}},{\"@type\":\"WebPage\",\"@id\":\"https:\\\/\\\/www.eldigitaldeasturias.com\\\/noticias\\\/copa-davis-la-reaccion-de-zverev-con-los-espectadores\\\/#webpage\",\"url\":\"https:\\\/\\\/www.eldigitaldeasturias.com\\\/noticias\\\/copa-davis-la-reaccion-de-zverev-con-los-espectadores\\\/\",\"name\":\"Copa Davis: La \\u00abreacci\\u00f3n\\u00bb de Zverev con los espectadores - El Digital de Asturias\",\"description\":\"Alexander Zverev lider\\u00f3 al equipo de tenis masculino alem\\u00e1n en su pase a la fase de grupos de la Copa Davis, tras vencer a Brasil, pero evidenci\\u00f3 su enojo\",\"inLanguage\":\"es-ES\",\"isPartOf\":{\"@id\":\"https:\\\/\\\/www.eldigitaldeasturias.com\\\/noticias\\\/#website\"},\"breadcrumb\":{\"@id\":\"https:\\\/\\\/www.eldigitaldeasturias.com\\\/noticias\\\/copa-davis-la-reaccion-de-zverev-con-los-espectadores\\\/#breadcrumblist\"},\"author\":{\"@id\":\"https:\\\/\\\/www.eldigitaldeasturias.com\\\/noticias\\\/author\\\/admin\\\/#author\"},\"creator\":{\"@id\":\"https:\\\/\\\/www.eldigitaldeasturias.com\\\/noticias\\\/author\\\/admin\\\/#author\"},\"image\":{\"@type\":\"ImageObject\",\"url\":\"https:\\\/\\\/www.eldigitaldeasturias.com\\\/noticias\\\/wp-content\\\/uploads\\\/2022\\\/03\\\/Zverev.jpg\",\"@id\":\"https:\\\/\\\/www.eldigitaldeasturias.com\\\/noticias\\\/copa-davis-la-reaccion-de-zverev-con-los-espectadores\\\/#mainImage\",\"width\":990,\"height\":668,\"caption\":\"El alem\\u00e1n Alexander Zverev, en el partido contra el brasile\\u00f1o Thiago Monteiro. Foto: Andre Borges\\\/dpa\"},\"primaryImageOfPage\":{\"@id\":\"https:\\\/\\\/www.eldigitaldeasturias.com\\\/noticias\\\/copa-davis-la-reaccion-de-zverev-con-los-espectadores\\\/#mainImage\"},\"datePublished\":\"2022-03-06T12:58:36+01:00\",\"dateModified\":\"2022-03-06T12:58:36+01:00\"},{\"@type\":\"WebSite\",\"@id\":\"https:\\\/\\\/www.eldigitaldeasturias.com\\\/noticias\\\/#website\",\"url\":\"https:\\\/\\\/www.eldigitaldeasturias.com\\\/noticias\\\/\",\"name\":\"El Digital de Asturias - Diario de actualidad y noticias\",\"alternateName\":\"El Digital de Asturias - Diario de actualidad y noticias\",\"description\":\"Hemeroteca\",\"inLanguage\":\"es-ES\",\"publisher\":{\"@id\":\"https:\\\/\\\/www.eldigitaldeasturias.com\\\/noticias\\\/#organization\"}}]}\n\t\t<\/script>\n\t\t<!-- All in One SEO Pro -->\r\n\t\t<title>Copa Davis: La \u00abreacci\u00f3n\u00bb de Zverev con los espectadores - El Digital de Asturias<\/title>\n\n","aioseo_head_json":{"title":"Copa Davis: La \u00abreacci\u00f3n\u00bb de Zverev con los espectadores - El Digital de Asturias","description":"Alexander Zverev lider\u00f3 al equipo de tenis masculino alem\u00e1n en su pase a la fase de grupos de la Copa Davis, tras vencer a Brasil, pero evidenci\u00f3 su enojo","canonical_url":"https:\/\/www.eldigitaldeasturias.com\/noticias\/copa-davis-la-reaccion-de-zverev-con-los-espectadores\/","robots":"max-image-preview:large","keywords":"deportes","webmasterTools":{"google-site-verification":"UA-38556648-1","msvalidate.01":"7dfe9f3f1b24437ab69f4f2559babe99","miscellaneous":""},"schema":{"@context":"https:\/\/schema.org","@graph":[{"@type":"BlogPosting","@id":"https:\/\/www.eldigitaldeasturias.com\/noticias\/copa-davis-la-reaccion-de-zverev-con-los-espectadores\/#blogposting","name":"Copa Davis: La \u00abreacci\u00f3n\u00bb de Zverev con los espectadores - El Digital de Asturias","headline":"Copa Davis: La \u00abreacci\u00f3n\u00bb de Zverev con los espectadores","author":{"@id":"https:\/\/www.eldigitaldeasturias.com\/noticias\/author\/admin\/#author"},"publisher":{"@id":"https:\/\/www.eldigitaldeasturias.com\/noticias\/#organization"},"image":{"@type":"ImageObject","url":"https:\/\/www.eldigitaldeasturias.com\/noticias\/wp-content\/uploads\/2022\/03\/Zverev.jpg","width":990,"height":668,"caption":"El alem\u00e1n Alexander Zverev, en el partido contra el brasile\u00f1o Thiago Monteiro. Foto: Andre Borges\/dpa"},"datePublished":"2022-03-06T12:58:36+01:00","dateModified":"2022-03-06T12:58:36+01:00","inLanguage":"es-ES","mainEntityOfPage":{"@id":"https:\/\/www.eldigitaldeasturias.com\/noticias\/copa-davis-la-reaccion-de-zverev-con-los-espectadores\/#webpage"},"isPartOf":{"@id":"https:\/\/www.eldigitaldeasturias.com\/noticias\/copa-davis-la-reaccion-de-zverev-con-los-espectadores\/#webpage"},"articleSection":"Deportes"},{"@type":"BreadcrumbList","@id":"https:\/\/www.eldigitaldeasturias.com\/noticias\/copa-davis-la-reaccion-de-zverev-con-los-espectadores\/#breadcrumblist","itemListElement":[{"@type":"ListItem","@id":"https:\/\/www.eldigitaldeasturias.com\/noticias#listItem","position":1,"name":"Home","item":"https:\/\/www.eldigitaldeasturias.com\/noticias","nextItem":{"@type":"ListItem","@id":"https:\/\/www.eldigitaldeasturias.com\/noticias\/category\/deportes\/#listItem","name":"Deportes"}},{"@type":"ListItem","@id":"https:\/\/www.eldigitaldeasturias.com\/noticias\/category\/deportes\/#listItem","position":2,"name":"Deportes","item":"https:\/\/www.eldigitaldeasturias.com\/noticias\/category\/deportes\/","nextItem":{"@type":"ListItem","@id":"https:\/\/www.eldigitaldeasturias.com\/noticias\/copa-davis-la-reaccion-de-zverev-con-los-espectadores\/#listItem","name":"Copa Davis: La \u00abreacci\u00f3n\u00bb de Zverev con los espectadores"},"previousItem":{"@type":"ListItem","@id":"https:\/\/www.eldigitaldeasturias.com\/noticias#listItem","name":"Home"}},{"@type":"ListItem","@id":"https:\/\/www.eldigitaldeasturias.com\/noticias\/copa-davis-la-reaccion-de-zverev-con-los-espectadores\/#listItem","position":3,"name":"Copa Davis: La \u00abreacci\u00f3n\u00bb de Zverev con los espectadores","previousItem":{"@type":"ListItem","@id":"https:\/\/www.eldigitaldeasturias.com\/noticias\/category\/deportes\/#listItem","name":"Deportes"}}]},{"@type":"Organization","@id":"https:\/\/www.eldigitaldeasturias.com\/noticias\/#organization","name":"El Digital de Asturias","description":"Hemeroteca","url":"https:\/\/www.eldigitaldeasturias.com\/noticias\/","email":"info@eldigitaldeasturias.com","telephone":"+34652131393","logo":{"@type":"ImageObject","url":"https:\/\/www.eldigitaldeasturias.com\/noticias\/wp-content\/uploads\/2020\/12\/EDA.jpg","@id":"https:\/\/www.eldigitaldeasturias.com\/noticias\/copa-davis-la-reaccion-de-zverev-con-los-espectadores\/#organizationLogo","width":649,"height":297},"image":{"@id":"https:\/\/www.eldigitaldeasturias.com\/noticias\/copa-davis-la-reaccion-de-zverev-con-los-espectadores\/#organizationLogo"},"sameAs":["https:\/\/facebook.com\/eldigitaldeasturias","https:\/\/www.youtube.com\/channel\/UCZP-2wLEB9Rv6erhFmqVnvg"],"address":{"@id":"https:\/\/www.eldigitaldeasturias.com\/noticias\/#postaladdress","@type":"PostalAddress","streetAddress":"san antonio 4,","postalCode":"33430","addressLocality":"Cand\u00e1s","addressRegion":"Asturias","addressCountry":"ES"}},{"@type":"Person","@id":"https:\/\/www.eldigitaldeasturias.com\/noticias\/author\/admin\/#author","url":"https:\/\/www.eldigitaldeasturias.com\/noticias\/author\/admin\/","name":"El Digital de Asturias","image":{"@type":"ImageObject","@id":"https:\/\/www.eldigitaldeasturias.com\/noticias\/copa-davis-la-reaccion-de-zverev-con-los-espectadores\/#authorImage","url":"https:\/\/www.eldigitaldeasturias.com\/noticias\/wp-content\/litespeed\/avatar\/18677e78aa0546b92d9dbf31ec7d7668.jpg?ver=1777290358","width":96,"height":96,"caption":"El Digital de Asturias"}},{"@type":"WebPage","@id":"https:\/\/www.eldigitaldeasturias.com\/noticias\/copa-davis-la-reaccion-de-zverev-con-los-espectadores\/#webpage","url":"https:\/\/www.eldigitaldeasturias.com\/noticias\/copa-davis-la-reaccion-de-zverev-con-los-espectadores\/","name":"Copa Davis: La \u00abreacci\u00f3n\u00bb de Zverev con los espectadores - El Digital de Asturias","description":"Alexander Zverev lider\u00f3 al equipo de tenis masculino alem\u00e1n en su pase a la fase de grupos de la Copa Davis, tras vencer a Brasil, pero evidenci\u00f3 su enojo","inLanguage":"es-ES","isPartOf":{"@id":"https:\/\/www.eldigitaldeasturias.com\/noticias\/#website"},"breadcrumb":{"@id":"https:\/\/www.eldigitaldeasturias.com\/noticias\/copa-davis-la-reaccion-de-zverev-con-los-espectadores\/#breadcrumblist"},"author":{"@id":"https:\/\/www.eldigitaldeasturias.com\/noticias\/author\/admin\/#author"},"creator":{"@id":"https:\/\/www.eldigitaldeasturias.com\/noticias\/author\/admin\/#author"},"image":{"@type":"ImageObject","url":"https:\/\/www.eldigitaldeasturias.com\/noticias\/wp-content\/uploads\/2022\/03\/Zverev.jpg","@id":"https:\/\/www.eldigitaldeasturias.com\/noticias\/copa-davis-la-reaccion-de-zverev-con-los-espectadores\/#mainImage","width":990,"height":668,"caption":"El alem\u00e1n Alexander Zverev, en el partido contra el brasile\u00f1o Thiago Monteiro. Foto: Andre Borges\/dpa"},"primaryImageOfPage":{"@id":"https:\/\/www.eldigitaldeasturias.com\/noticias\/copa-davis-la-reaccion-de-zverev-con-los-espectadores\/#mainImage"},"datePublished":"2022-03-06T12:58:36+01:00","dateModified":"2022-03-06T12:58:36+01:00"},{"@type":"WebSite","@id":"https:\/\/www.eldigitaldeasturias.com\/noticias\/#website","url":"https:\/\/www.eldigitaldeasturias.com\/noticias\/","name":"El Digital de Asturias - Diario de actualidad y noticias","alternateName":"El Digital de Asturias - Diario de actualidad y noticias","description":"Hemeroteca","inLanguage":"es-ES","publisher":{"@id":"https:\/\/www.eldigitaldeasturias.com\/noticias\/#organization"}}]},"og:locale":"es_ES","og:site_name":"El Digital de Asturias","og:type":"article","og:title":"Copa Davis: La \u00abreacci\u00f3n\u00bb de Zverev con los espectadores - El Digital de Asturias","og:description":"Alexander Zverev lider\u00f3 al equipo de tenis masculino alem\u00e1n en su pase a la fase de grupos de la Copa Davis, tras vencer a Brasil, pero evidenci\u00f3 su enojo","og:url":"https:\/\/www.eldigitaldeasturias.com\/noticias\/copa-davis-la-reaccion-de-zverev-con-los-espectadores\/","og:image":"https:\/\/www.eldigitaldeasturias.com\/noticias\/wp-content\/uploads\/2022\/03\/Zverev.jpg","og:image:secure_url":"https:\/\/www.eldigitaldeasturias.com\/noticias\/wp-content\/uploads\/2022\/03\/Zverev.jpg","og:image:width":990,"og:image:height":668,"article:tag":["deportes"],"article:published_time":"2022-03-06T11:58:36+00:00","article:modified_time":"2022-03-06T11:58:36+00:00","article:publisher":"https:\/\/facebook.com\/eldigitaldeasturias","twitter:card":"summary_large_image","twitter:title":"Copa Davis: La \u00abreacci\u00f3n\u00bb de Zverev con los espectadores - El Digital de Asturias","twitter:description":"Alexander Zverev lider\u00f3 al equipo de tenis masculino alem\u00e1n en su pase a la fase de grupos de la Copa Davis, tras vencer a Brasil, pero evidenci\u00f3 su enojo","twitter:image":"https:\/\/www.eldigitaldeasturias.com\/noticias\/wp-content\/uploads\/2022\/03\/Zverev.jpg","twitter:label1":"Escrito por","twitter:data1":"El Digital de Asturias","twitter:label2":"Tiempo de lectura estimado","twitter:data2":"3 minutos"},"aioseo_meta_data":{"post_id":"1107714","title":null,"description":"Alexander Zverev lider\u00f3 al equipo de tenis masculino alem\u00e1n en su pase a la fase de grupos de la Copa Davis, tras vencer a Brasil, pero evidenci\u00f3 su enojo","keywords":[],"keyphrases":{"focus":{"keyphrase":"Zverev ","score":100,"analysis":{"keyphraseInTitle":{"title":"Focus keyphrase in SEO title","description":"Focus keyphrase found in SEO title.","score":9,"maxScore":9,"error":0},"keyphraseInDescription":{"title":"Focus keyphrase in meta description","description":"Focus keyphrase found in meta description.","score":9,"maxScore":9,"error":0},"keyphraseLength":{"title":"Focus keyphrase length","description":"Good job!","score":9,"maxScore":9,"error":0,"length":1},"keyphraseInURL":[],"keyphraseInIntroduction":{"title":"Focus keyphrase in introduction","description":"Your Focus keyphrase appears in the first paragraph. Well done!","score":9,"maxScore":9,"error":0},"keyphraseInSubHeadings":[],"keyphraseInImageAlt":{"title":"Focus keyphrase in image alt attributes","description":"Focus keyphrase found in image alt attribute(s).","score":9,"maxScore":9,"error":0}}},"additional":[{"keyphrase":"Copa Davis","score":83,"analysis":{"keyphraseInDescription":{"title":"Keyphrase in meta description","description":"Keyphrase found in meta description.","score":9,"maxScore":9,"error":0},"keyphraseLength":{"title":"Keyphrase length","description":"Good job!","score":9,"maxScore":9,"error":0,"length":2},"keyphraseInIntroduction":{"title":"Keyphrase in introduction","description":"Your Keyphrase appears in the first paragraph. Well done!","score":9,"maxScore":9,"error":0},"keyphraseInImageAlt":{"title":"Keyphrase in image alt attributes","description":"Keyphrase not found in image alt attribute(s). Add an image with your Keyphrase as alt text.","score":3,"maxScore":9,"error":1}}}]},"primary_term":null,"canonical_url":null,"og_title":null,"og_description":null,"og_object_type":"default","og_image_type":"default","og_image_url":null,"og_image_width":null,"og_image_height":null,"og_image_custom_url":null,"og_image_custom_fields":null,"og_video":"","og_custom_url":null,"og_article_section":null,"og_article_tags":[],"twitter_use_og":false,"twitter_card":"default","twitter_image_type":"default","twitter_image_url":null,"twitter_image_custom_url":null,"twitter_image_custom_fields":null,"twitter_title":null,"twitter_description":null,"schema":{"blockGraphs":[],"customGraphs":[],"default":{"data":{"Article":[],"Course":[],"Dataset":[],"FAQPage":[],"Movie":[],"Person":[],"Product":[],"ProductReview":[],"Car":[],"Recipe":[],"Service":[],"SoftwareApplication":[],"WebPage":[]},"graphName":"","isEnabled":true},"graphs":[],"defaultGraph":"Article","defaultPostTypeGraph":""},"schema_type":"default","schema_type_options":"{\"article\":{\"articleType\":\"BlogPosting\"},\"course\":{\"name\":\"\",\"description\":\"\",\"provider\":\"\"},\"faq\":{\"pages\":[]},\"product\":{\"reviews\":[]},\"recipe\":{\"ingredients\":[],\"instructions\":[],\"keywords\":[]},\"software\":{\"reviews\":[],\"operatingSystems\":[]},\"webPage\":{\"webPageType\":\"WebPage\"}}","pillar_content":false,"robots_default":true,"robots_noindex":false,"robots_noarchive":false,"robots_nosnippet":false,"robots_nofollow":false,"robots_noimageindex":false,"robots_noodp":false,"robots_notranslate":false,"robots_max_snippet":"-1","robots_max_videopreview":"-1","robots_max_imagepreview":"large","priority":null,"frequency":"default","local_seo":null,"seo_analyzer_scan_date":"2025-10-02 03:00:30","breadcrumb_settings":null,"limit_modified_date":false,"open_ai":null,"ai":null,"created":"2022-03-06 11:51:32","updated":"2025-10-02 03:00:30"},"aioseo_breadcrumb":"<div class=\"aioseo-breadcrumbs\"><span class=\"aioseo-breadcrumb\">\n\t<a href=\"https:\/\/www.eldigitaldeasturias.com\/noticias\" title=\"Home\">Home<\/a>\n<\/span><span class=\"aioseo-breadcrumb-separator\">\u2013<\/span><span class=\"aioseo-breadcrumb\">\n\t<a href=\"https:\/\/www.eldigitaldeasturias.com\/noticias\/category\/deportes\/\" title=\"Deportes\">Deportes<\/a>\n<\/span><span class=\"aioseo-breadcrumb-separator\">\u2013<\/span><span class=\"aioseo-breadcrumb\">\n\t<a href=\"https:\/\/www.eldigitaldeasturias.com\/noticias\/copa-davis-la-reaccion-de-zverev-con-los-espectadores\/\" title=\"Copa Davis: La \u00abreacci\u00f3n\u00bb de Zverev con los espectadores\">Copa Davis: La \u00abreacci\u00f3n\u00bb de Zverev con los espectadores<\/a>\n<\/span><\/div>","aioseo_breadcrumb_json":[{"label":"Home","link":"https:\/\/www.eldigitaldeasturias.com\/noticias"},{"label":"Deportes","link":"https:\/\/www.eldigitaldeasturias.com\/noticias\/category\/deportes\/"},{"label":"Copa Davis: La \u00abreacci\u00f3n\u00bb de Zverev con los espectadores","link":"https:\/\/www.eldigitaldeasturias.com\/noticias\/copa-davis-la-reaccion-de-zverev-con-los-espectadores\/"}],"_links":{"self":[{"href":"https:\/\/www.eldigitaldeasturias.com\/noticias\/wp-json\/wp\/v2\/posts\/1107714","targetHints":{"allow":["GET"]}}],"collection":[{"href":"https:\/\/www.eldigitaldeasturias.com\/noticias\/wp-json\/wp\/v2\/posts"}],"about":[{"href":"https:\/\/www.eldigitaldeasturias.com\/noticias\/wp-json\/wp\/v2\/types\/post"}],"author":[{"embeddable":true,"href":"https:\/\/www.eldigitaldeasturias.com\/noticias\/wp-json\/wp\/v2\/users\/1"}],"replies":[{"embeddable":true,"href":"https:\/\/www.eldigitaldeasturias.com\/noticias\/wp-json\/wp\/v2\/comments?post=1107714"}],"version-history":[{"count":0,"href":"https:\/\/www.eldigitaldeasturias.com\/noticias\/wp-json\/wp\/v2\/posts\/1107714\/revisions"}],"wp:featuredmedia":[{"embeddable":true,"href":"https:\/\/www.eldigitaldeasturias.com\/noticias\/wp-json\/wp\/v2\/media\/1107715"}],"wp:attachment":[{"href":"https:\/\/www.eldigitaldeasturias.com\/noticias\/wp-json\/wp\/v2\/media?parent=1107714"}],"wp:term":[{"taxonomy":"category","embeddable":true,"href":"https:\/\/www.eldigitaldeasturias.com\/noticias\/wp-json\/wp\/v2\/categories?post=1107714"},{"taxonomy":"post_tag","embeddable":true,"href":"https:\/\/www.eldigitaldeasturias.com\/noticias\/wp-json\/wp\/v2\/tags?post=1107714"}],"curies":[{"name":"wp","href":"https:\/\/api.w.org\/{rel}","templated":true}]}}