{"id":1107533,"date":"2022-03-02T21:23:20","date_gmt":"2022-03-02T20:23:20","guid":{"rendered":"https:\/\/www.eldigitaldeasturias.com\/noticias\/?p=1107533"},"modified":"2022-03-02T21:23:20","modified_gmt":"2022-03-02T20:23:20","slug":"la-guerra-le-pasa-factura-al-gasoducto-nord-stream-2","status":"publish","type":"post","link":"https:\/\/www.eldigitaldeasturias.com\/noticias\/la-guerra-le-pasa-factura-al-gasoducto-nord-stream-2\/","title":{"rendered":"La Guerra le \u00abpasa factura\u00bb al gasoducto Nord Stream 2"},"content":{"rendered":"<p>Mosc\u00fa, 2 mar (dpa) &#8211; El Ministerio ruso de Relaciones Exteriores critic\u00f3 hoy duramente al Gobierno de Alemania por la decisi\u00f3n de parar el proyecto del <a href=\"https:\/\/www.eldigitaldeasturias.com\/noticias\/vladimir-titov-lamenta-las-presiones-al-proyecto-del-gasoducto-ruso-aleman-nord-stream-2\/\"><span style=\"color: #ff6600;\"><strong>gasoducto Nord Stream 2<\/strong><\/span><\/a> en el Mar B\u00e1ltico.<\/p>\n<figure id=\"attachment_1107534\" aria-describedby=\"caption-attachment-1107534\" style=\"width: 650px\" class=\"wp-caption aligncenter\"><img loading=\"lazy\" decoding=\"async\" class=\"wp-image-1107534\" src=\"https:\/\/www.eldigitaldeasturias.com\/noticias\/wp-content\/uploads\/2022\/03\/Nord-Stream-2-360x237.jpg\" alt=\"Nord Stream 2\" width=\"650\" height=\"429\" srcset=\"https:\/\/www.eldigitaldeasturias.com\/noticias\/wp-content\/uploads\/2022\/03\/Nord-Stream-2-360x237.jpg 360w, https:\/\/www.eldigitaldeasturias.com\/noticias\/wp-content\/uploads\/2022\/03\/Nord-Stream-2-690x455.jpg 690w, https:\/\/www.eldigitaldeasturias.com\/noticias\/wp-content\/uploads\/2022\/03\/Nord-Stream-2-455x300.jpg 455w, https:\/\/www.eldigitaldeasturias.com\/noticias\/wp-content\/uploads\/2022\/03\/Nord-Stream-2-768x506.jpg 768w, https:\/\/www.eldigitaldeasturias.com\/noticias\/wp-content\/uploads\/2022\/03\/Nord-Stream-2-150x99.jpg 150w, https:\/\/www.eldigitaldeasturias.com\/noticias\/wp-content\/uploads\/2022\/03\/Nord-Stream-2-450x297.jpg 450w, https:\/\/www.eldigitaldeasturias.com\/noticias\/wp-content\/uploads\/2022\/03\/Nord-Stream-2.jpg 1004w\" sizes=\"auto, (max-width: 650px) 100vw, 650px\" \/><figcaption id=\"caption-attachment-1107534\" class=\"wp-caption-text\">Las instalaciones del pol\u00e9mico gasoducto Nord Stream 2, construido para transportar gas ruso a trav\u00e9s del mar B\u00e1ltico. Foto: Stefan Sauer\/dpa\/Archivbild<\/figcaption><\/figure>\n<p>\u00abLa decisi\u00f3n de Berl\u00edn de detener el proyecto da\u00f1ar\u00e1 irremediablemente las relaciones ruso-alemanas, que en los \u00faltimos a\u00f1os han sido de todo menos turbulentas por causas ajenas a nosotros\u00bb, afirm\u00f3 la portavoz de la cartera, Maria Sajarova, en Mosc\u00fa.<\/p>\n<p>\u00abLa responsabilidad por las consecuencias de estas acciones ilegales, que pondr\u00e1n en entredicho el prestigio de Alemania como un socio comercial extranjero fiable, recae exclusivamente en la parte germana\u00bb, sostuvo.<\/p>\n<p>El canciller alem\u00e1n, Olaf Scholz, anunci\u00f3 la semana pasada que Berl\u00edn resolvi\u00f3 detener la certificaci\u00f3n del gasoducto de Rusia a Alemania en reacci\u00f3n a la invasi\u00f3n rusa a Ucrania. Esto represent\u00f3 un golpe para el sector energ\u00e9tico de Rusia.<\/p>\n<p>Sajarova sostuvo que se trata de un procedimiento inaceptable. \u00abSomos de la opini\u00f3n que estamos ante un caso que sienta un precedente de la utilizaci\u00f3n de un proyecto econ\u00f3mico como arma pol\u00edtica en nuestra contra, algo de lo que Occidente en su totalidad y Berl\u00edn en particular gustan acusar a Mosc\u00fa\u00bb.<\/p>\n<p>La portavoz rusa destac\u00f3 que el canciller Scholz recientemente rechaz\u00f3 cualquier conexi\u00f3n pol\u00edtica con el multimillonario proyecto.<\/p>\n<p>\u00abComo est\u00e1 claro ahora, las autoridades alemanas han sido incoherentes y, bajo presi\u00f3n, han sucumbido a la tentaci\u00f3n de utilizar el proyecto como palanca contra Rusia, demostrando su incapacidad para separar la pol\u00edtica de la econom\u00eda\u00bb.<\/p>\n<p>Sajarova record\u00f3 que los socios del proyecto pueden presentar demandas por da\u00f1os y perjuicios. Al mismo tiempo, manifest\u00f3 que la posici\u00f3n rusa sobre la seguridad energ\u00e9tica sigue invariable.<\/p>\n<p>\u00abRusia siempre subray\u00f3 una y otra vez que Nord Stream 2 es un proyecto puramente econ\u00f3mico y comercial, que se realiz\u00f3 en estricta consonancia con el derecho internacional, las disposiciones de la Uni\u00f3n Europea y la legislaci\u00f3n de los respectivos Estados costeros\u00bb, dijo la portavoz.<\/p>\n","protected":false},"excerpt":{"rendered":"<p>Mosc\u00fa, 2 mar (dpa) &#8211; El Ministerio ruso de Relaciones Exteriores critic\u00f3 hoy duramente al Gobierno de Alemania por la decisi\u00f3n de parar el proyecto del gasoducto Nord Stream 2 en el Mar B\u00e1ltico. \u00abLa decisi\u00f3n de Berl\u00edn de detener el proyecto da\u00f1ar\u00e1 irremediablemente las relaciones ruso-alemanas, que en los \u00faltimos a\u00f1os han sido de [&hellip;]<\/p>\n","protected":false},"author":1,"featured_media":1107534,"comment_status":"closed","ping_status":"closed","sticky":false,"template":"","format":"standard","meta":{"footnotes":""},"categories":[187],"tags":[],"class_list":["post-1107533","post","type-post","status-publish","format-standard","has-post-thumbnail","hentry","category-economia"],"aioseo_notices":[],"aioseo_head":"\n\t\t<!-- All in One SEO Pro 4.9.6.2 - aioseo.com -->\n\t<meta name=\"description\" content=\"El Ministerio ruso de Relaciones Exteriores critic\u00f3 hoy duramente al Gobierno de Alemania por la decisi\u00f3n de parar el proyecto del gasoducto Nord Stream 2\" \/>\n\t<meta name=\"robots\" content=\"max-image-preview:large\" \/>\n\t<meta name=\"author\" content=\"El Digital de Asturias\"\/>\n\t<meta name=\"google-site-verification\" content=\"UA-38556648-1\" \/>\n\t<meta name=\"msvalidate.01\" content=\"7dfe9f3f1b24437ab69f4f2559babe99\" \/>\n\t<meta name=\"keywords\" content=\"econom\u00eda\" \/>\n\t<link rel=\"canonical\" href=\"https:\/\/www.eldigitaldeasturias.com\/noticias\/la-guerra-le-pasa-factura-al-gasoducto-nord-stream-2\/\" \/>\n\t<meta name=\"generator\" content=\"All in One SEO Pro (AIOSEO) 4.9.6.2\" \/>\n\t\t<meta property=\"og:locale\" content=\"es_ES\" \/>\n\t\t<meta property=\"og:site_name\" content=\"El Digital de Asturias\" \/>\n\t\t<meta property=\"og:type\" content=\"article\" \/>\n\t\t<meta property=\"og:title\" content=\"La Guerra le \u00abpasa factura\u00bb al gasoducto Nord Stream 2 - El Digital de Asturias\" \/>\n\t\t<meta property=\"og:description\" content=\"El Ministerio ruso de Relaciones Exteriores critic\u00f3 hoy duramente al Gobierno de Alemania por la decisi\u00f3n de parar el proyecto del gasoducto Nord Stream 2\" \/>\n\t\t<meta property=\"og:url\" content=\"https:\/\/www.eldigitaldeasturias.com\/noticias\/la-guerra-le-pasa-factura-al-gasoducto-nord-stream-2\/\" \/>\n\t\t<meta property=\"og:image\" content=\"https:\/\/www.eldigitaldeasturias.com\/noticias\/wp-content\/uploads\/2022\/03\/Nord-Stream-2.jpg\" \/>\n\t\t<meta property=\"og:image:secure_url\" content=\"https:\/\/www.eldigitaldeasturias.com\/noticias\/wp-content\/uploads\/2022\/03\/Nord-Stream-2.jpg\" \/>\n\t\t<meta property=\"og:image:width\" content=\"1004\" \/>\n\t\t<meta property=\"og:image:height\" content=\"662\" \/>\n\t\t<meta property=\"article:tag\" content=\"econom\u00eda\" \/>\n\t\t<meta property=\"article:published_time\" content=\"2022-03-02T20:23:20+00:00\" \/>\n\t\t<meta property=\"article:modified_time\" content=\"2022-03-02T20:23:20+00:00\" \/>\n\t\t<meta property=\"article:publisher\" content=\"https:\/\/facebook.com\/eldigitaldeasturias\" \/>\n\t\t<meta name=\"twitter:card\" content=\"summary_large_image\" \/>\n\t\t<meta name=\"twitter:title\" content=\"La Guerra le \u00abpasa factura\u00bb al gasoducto Nord Stream 2 - El Digital de Asturias\" \/>\n\t\t<meta name=\"twitter:description\" content=\"El Ministerio ruso de Relaciones Exteriores critic\u00f3 hoy duramente al Gobierno de Alemania por la decisi\u00f3n de parar el proyecto del gasoducto Nord Stream 2\" \/>\n\t\t<meta name=\"twitter:image\" content=\"https:\/\/www.eldigitaldeasturias.com\/noticias\/wp-content\/uploads\/2022\/03\/Nord-Stream-2.jpg\" \/>\n\t\t<meta name=\"twitter:label1\" content=\"Escrito por\" \/>\n\t\t<meta name=\"twitter:data1\" content=\"El Digital de Asturias\" \/>\n\t\t<meta name=\"twitter:label2\" content=\"Tiempo de lectura estimado\" \/>\n\t\t<meta name=\"twitter:data2\" content=\"2 minutos\" \/>\n\t\t<script type=\"application\/ld+json\" class=\"aioseo-schema\">\n\t\t\t{\"@context\":\"https:\\\/\\\/schema.org\",\"@graph\":[{\"@type\":\"BlogPosting\",\"@id\":\"https:\\\/\\\/www.eldigitaldeasturias.com\\\/noticias\\\/la-guerra-le-pasa-factura-al-gasoducto-nord-stream-2\\\/#blogposting\",\"name\":\"La Guerra le \\u00abpasa factura\\u00bb al gasoducto Nord Stream 2 - El Digital de Asturias\",\"headline\":\"La Guerra le \\u00abpasa factura\\u00bb al gasoducto Nord Stream 2\",\"author\":{\"@id\":\"https:\\\/\\\/www.eldigitaldeasturias.com\\\/noticias\\\/author\\\/admin\\\/#author\"},\"publisher\":{\"@id\":\"https:\\\/\\\/www.eldigitaldeasturias.com\\\/noticias\\\/#organization\"},\"image\":{\"@type\":\"ImageObject\",\"url\":\"https:\\\/\\\/www.eldigitaldeasturias.com\\\/noticias\\\/wp-content\\\/uploads\\\/2022\\\/03\\\/Nord-Stream-2.jpg\",\"width\":1004,\"height\":662,\"caption\":\"Las instalaciones del pol\\u00e9mico gasoducto Nord Stream 2, construido para transportar gas ruso a trav\\u00e9s del mar B\\u00e1ltico. Foto: Stefan Sauer\\\/dpa\\\/Archivbild\"},\"datePublished\":\"2022-03-02T21:23:20+01:00\",\"dateModified\":\"2022-03-02T21:23:20+01:00\",\"inLanguage\":\"es-ES\",\"mainEntityOfPage\":{\"@id\":\"https:\\\/\\\/www.eldigitaldeasturias.com\\\/noticias\\\/la-guerra-le-pasa-factura-al-gasoducto-nord-stream-2\\\/#webpage\"},\"isPartOf\":{\"@id\":\"https:\\\/\\\/www.eldigitaldeasturias.com\\\/noticias\\\/la-guerra-le-pasa-factura-al-gasoducto-nord-stream-2\\\/#webpage\"},\"articleSection\":\"Econom\\u00eda\"},{\"@type\":\"BreadcrumbList\",\"@id\":\"https:\\\/\\\/www.eldigitaldeasturias.com\\\/noticias\\\/la-guerra-le-pasa-factura-al-gasoducto-nord-stream-2\\\/#breadcrumblist\",\"itemListElement\":[{\"@type\":\"ListItem\",\"@id\":\"https:\\\/\\\/www.eldigitaldeasturias.com\\\/noticias#listItem\",\"position\":1,\"name\":\"Home\",\"item\":\"https:\\\/\\\/www.eldigitaldeasturias.com\\\/noticias\",\"nextItem\":{\"@type\":\"ListItem\",\"@id\":\"https:\\\/\\\/www.eldigitaldeasturias.com\\\/noticias\\\/category\\\/economia\\\/#listItem\",\"name\":\"Econom\\u00eda\"}},{\"@type\":\"ListItem\",\"@id\":\"https:\\\/\\\/www.eldigitaldeasturias.com\\\/noticias\\\/category\\\/economia\\\/#listItem\",\"position\":2,\"name\":\"Econom\\u00eda\",\"item\":\"https:\\\/\\\/www.eldigitaldeasturias.com\\\/noticias\\\/category\\\/economia\\\/\",\"nextItem\":{\"@type\":\"ListItem\",\"@id\":\"https:\\\/\\\/www.eldigitaldeasturias.com\\\/noticias\\\/la-guerra-le-pasa-factura-al-gasoducto-nord-stream-2\\\/#listItem\",\"name\":\"La Guerra le \\u00abpasa factura\\u00bb al gasoducto Nord Stream 2\"},\"previousItem\":{\"@type\":\"ListItem\",\"@id\":\"https:\\\/\\\/www.eldigitaldeasturias.com\\\/noticias#listItem\",\"name\":\"Home\"}},{\"@type\":\"ListItem\",\"@id\":\"https:\\\/\\\/www.eldigitaldeasturias.com\\\/noticias\\\/la-guerra-le-pasa-factura-al-gasoducto-nord-stream-2\\\/#listItem\",\"position\":3,\"name\":\"La Guerra le \\u00abpasa factura\\u00bb al gasoducto Nord Stream 2\",\"previousItem\":{\"@type\":\"ListItem\",\"@id\":\"https:\\\/\\\/www.eldigitaldeasturias.com\\\/noticias\\\/category\\\/economia\\\/#listItem\",\"name\":\"Econom\\u00eda\"}}]},{\"@type\":\"Organization\",\"@id\":\"https:\\\/\\\/www.eldigitaldeasturias.com\\\/noticias\\\/#organization\",\"name\":\"El Digital de Asturias\",\"description\":\"Hemeroteca\",\"url\":\"https:\\\/\\\/www.eldigitaldeasturias.com\\\/noticias\\\/\",\"email\":\"info@eldigitaldeasturias.com\",\"telephone\":\"+34652131393\",\"logo\":{\"@type\":\"ImageObject\",\"url\":\"https:\\\/\\\/www.eldigitaldeasturias.com\\\/noticias\\\/wp-content\\\/uploads\\\/2020\\\/12\\\/EDA.jpg\",\"@id\":\"https:\\\/\\\/www.eldigitaldeasturias.com\\\/noticias\\\/la-guerra-le-pasa-factura-al-gasoducto-nord-stream-2\\\/#organizationLogo\",\"width\":649,\"height\":297},\"image\":{\"@id\":\"https:\\\/\\\/www.eldigitaldeasturias.com\\\/noticias\\\/la-guerra-le-pasa-factura-al-gasoducto-nord-stream-2\\\/#organizationLogo\"},\"sameAs\":[\"https:\\\/\\\/facebook.com\\\/eldigitaldeasturias\",\"https:\\\/\\\/www.youtube.com\\\/channel\\\/UCZP-2wLEB9Rv6erhFmqVnvg\"],\"address\":{\"@id\":\"https:\\\/\\\/www.eldigitaldeasturias.com\\\/noticias\\\/#postaladdress\",\"@type\":\"PostalAddress\",\"streetAddress\":\"san antonio 4,\",\"postalCode\":\"33430\",\"addressLocality\":\"Cand\\u00e1s\",\"addressRegion\":\"Asturias\",\"addressCountry\":\"ES\"}},{\"@type\":\"Person\",\"@id\":\"https:\\\/\\\/www.eldigitaldeasturias.com\\\/noticias\\\/author\\\/admin\\\/#author\",\"url\":\"https:\\\/\\\/www.eldigitaldeasturias.com\\\/noticias\\\/author\\\/admin\\\/\",\"name\":\"El Digital de Asturias\",\"image\":{\"@type\":\"ImageObject\",\"@id\":\"https:\\\/\\\/www.eldigitaldeasturias.com\\\/noticias\\\/la-guerra-le-pasa-factura-al-gasoducto-nord-stream-2\\\/#authorImage\",\"url\":\"https:\\\/\\\/www.eldigitaldeasturias.com\\\/noticias\\\/wp-content\\\/litespeed\\\/avatar\\\/18677e78aa0546b92d9dbf31ec7d7668.jpg?ver=1777290358\",\"width\":96,\"height\":96,\"caption\":\"El Digital de Asturias\"}},{\"@type\":\"WebPage\",\"@id\":\"https:\\\/\\\/www.eldigitaldeasturias.com\\\/noticias\\\/la-guerra-le-pasa-factura-al-gasoducto-nord-stream-2\\\/#webpage\",\"url\":\"https:\\\/\\\/www.eldigitaldeasturias.com\\\/noticias\\\/la-guerra-le-pasa-factura-al-gasoducto-nord-stream-2\\\/\",\"name\":\"La Guerra le \\u00abpasa factura\\u00bb al gasoducto Nord Stream 2 - El Digital de Asturias\",\"description\":\"El Ministerio ruso de Relaciones Exteriores critic\\u00f3 hoy duramente al Gobierno de Alemania por la decisi\\u00f3n de parar el proyecto del gasoducto Nord Stream 2\",\"inLanguage\":\"es-ES\",\"isPartOf\":{\"@id\":\"https:\\\/\\\/www.eldigitaldeasturias.com\\\/noticias\\\/#website\"},\"breadcrumb\":{\"@id\":\"https:\\\/\\\/www.eldigitaldeasturias.com\\\/noticias\\\/la-guerra-le-pasa-factura-al-gasoducto-nord-stream-2\\\/#breadcrumblist\"},\"author\":{\"@id\":\"https:\\\/\\\/www.eldigitaldeasturias.com\\\/noticias\\\/author\\\/admin\\\/#author\"},\"creator\":{\"@id\":\"https:\\\/\\\/www.eldigitaldeasturias.com\\\/noticias\\\/author\\\/admin\\\/#author\"},\"image\":{\"@type\":\"ImageObject\",\"url\":\"https:\\\/\\\/www.eldigitaldeasturias.com\\\/noticias\\\/wp-content\\\/uploads\\\/2022\\\/03\\\/Nord-Stream-2.jpg\",\"@id\":\"https:\\\/\\\/www.eldigitaldeasturias.com\\\/noticias\\\/la-guerra-le-pasa-factura-al-gasoducto-nord-stream-2\\\/#mainImage\",\"width\":1004,\"height\":662,\"caption\":\"Las instalaciones del pol\\u00e9mico gasoducto Nord Stream 2, construido para transportar gas ruso a trav\\u00e9s del mar B\\u00e1ltico. Foto: Stefan Sauer\\\/dpa\\\/Archivbild\"},\"primaryImageOfPage\":{\"@id\":\"https:\\\/\\\/www.eldigitaldeasturias.com\\\/noticias\\\/la-guerra-le-pasa-factura-al-gasoducto-nord-stream-2\\\/#mainImage\"},\"datePublished\":\"2022-03-02T21:23:20+01:00\",\"dateModified\":\"2022-03-02T21:23:20+01:00\"},{\"@type\":\"WebSite\",\"@id\":\"https:\\\/\\\/www.eldigitaldeasturias.com\\\/noticias\\\/#website\",\"url\":\"https:\\\/\\\/www.eldigitaldeasturias.com\\\/noticias\\\/\",\"name\":\"El Digital de Asturias - Diario de actualidad y noticias\",\"alternateName\":\"El Digital de Asturias - Diario de actualidad y noticias\",\"description\":\"Hemeroteca\",\"inLanguage\":\"es-ES\",\"publisher\":{\"@id\":\"https:\\\/\\\/www.eldigitaldeasturias.com\\\/noticias\\\/#organization\"}}]}\n\t\t<\/script>\n\t\t<!-- All in One SEO Pro -->\r\n\t\t<title>La Guerra le \u00abpasa factura\u00bb al gasoducto Nord Stream 2 - El Digital de Asturias<\/title>\n\n","aioseo_head_json":{"title":"La Guerra le \u00abpasa factura\u00bb al gasoducto Nord Stream 2 - El Digital de Asturias","description":"El Ministerio ruso de Relaciones Exteriores critic\u00f3 hoy duramente al Gobierno de Alemania por la decisi\u00f3n de parar el proyecto del gasoducto Nord Stream 2","canonical_url":"https:\/\/www.eldigitaldeasturias.com\/noticias\/la-guerra-le-pasa-factura-al-gasoducto-nord-stream-2\/","robots":"max-image-preview:large","keywords":"econom\u00eda","webmasterTools":{"google-site-verification":"UA-38556648-1","msvalidate.01":"7dfe9f3f1b24437ab69f4f2559babe99","miscellaneous":""},"schema":{"@context":"https:\/\/schema.org","@graph":[{"@type":"BlogPosting","@id":"https:\/\/www.eldigitaldeasturias.com\/noticias\/la-guerra-le-pasa-factura-al-gasoducto-nord-stream-2\/#blogposting","name":"La Guerra le \u00abpasa factura\u00bb al gasoducto Nord Stream 2 - El Digital de Asturias","headline":"La Guerra le \u00abpasa factura\u00bb al gasoducto Nord Stream 2","author":{"@id":"https:\/\/www.eldigitaldeasturias.com\/noticias\/author\/admin\/#author"},"publisher":{"@id":"https:\/\/www.eldigitaldeasturias.com\/noticias\/#organization"},"image":{"@type":"ImageObject","url":"https:\/\/www.eldigitaldeasturias.com\/noticias\/wp-content\/uploads\/2022\/03\/Nord-Stream-2.jpg","width":1004,"height":662,"caption":"Las instalaciones del pol\u00e9mico gasoducto Nord Stream 2, construido para transportar gas ruso a trav\u00e9s del mar B\u00e1ltico. Foto: Stefan Sauer\/dpa\/Archivbild"},"datePublished":"2022-03-02T21:23:20+01:00","dateModified":"2022-03-02T21:23:20+01:00","inLanguage":"es-ES","mainEntityOfPage":{"@id":"https:\/\/www.eldigitaldeasturias.com\/noticias\/la-guerra-le-pasa-factura-al-gasoducto-nord-stream-2\/#webpage"},"isPartOf":{"@id":"https:\/\/www.eldigitaldeasturias.com\/noticias\/la-guerra-le-pasa-factura-al-gasoducto-nord-stream-2\/#webpage"},"articleSection":"Econom\u00eda"},{"@type":"BreadcrumbList","@id":"https:\/\/www.eldigitaldeasturias.com\/noticias\/la-guerra-le-pasa-factura-al-gasoducto-nord-stream-2\/#breadcrumblist","itemListElement":[{"@type":"ListItem","@id":"https:\/\/www.eldigitaldeasturias.com\/noticias#listItem","position":1,"name":"Home","item":"https:\/\/www.eldigitaldeasturias.com\/noticias","nextItem":{"@type":"ListItem","@id":"https:\/\/www.eldigitaldeasturias.com\/noticias\/category\/economia\/#listItem","name":"Econom\u00eda"}},{"@type":"ListItem","@id":"https:\/\/www.eldigitaldeasturias.com\/noticias\/category\/economia\/#listItem","position":2,"name":"Econom\u00eda","item":"https:\/\/www.eldigitaldeasturias.com\/noticias\/category\/economia\/","nextItem":{"@type":"ListItem","@id":"https:\/\/www.eldigitaldeasturias.com\/noticias\/la-guerra-le-pasa-factura-al-gasoducto-nord-stream-2\/#listItem","name":"La Guerra le \u00abpasa factura\u00bb al gasoducto Nord Stream 2"},"previousItem":{"@type":"ListItem","@id":"https:\/\/www.eldigitaldeasturias.com\/noticias#listItem","name":"Home"}},{"@type":"ListItem","@id":"https:\/\/www.eldigitaldeasturias.com\/noticias\/la-guerra-le-pasa-factura-al-gasoducto-nord-stream-2\/#listItem","position":3,"name":"La Guerra le \u00abpasa factura\u00bb al gasoducto Nord Stream 2","previousItem":{"@type":"ListItem","@id":"https:\/\/www.eldigitaldeasturias.com\/noticias\/category\/economia\/#listItem","name":"Econom\u00eda"}}]},{"@type":"Organization","@id":"https:\/\/www.eldigitaldeasturias.com\/noticias\/#organization","name":"El Digital de Asturias","description":"Hemeroteca","url":"https:\/\/www.eldigitaldeasturias.com\/noticias\/","email":"info@eldigitaldeasturias.com","telephone":"+34652131393","logo":{"@type":"ImageObject","url":"https:\/\/www.eldigitaldeasturias.com\/noticias\/wp-content\/uploads\/2020\/12\/EDA.jpg","@id":"https:\/\/www.eldigitaldeasturias.com\/noticias\/la-guerra-le-pasa-factura-al-gasoducto-nord-stream-2\/#organizationLogo","width":649,"height":297},"image":{"@id":"https:\/\/www.eldigitaldeasturias.com\/noticias\/la-guerra-le-pasa-factura-al-gasoducto-nord-stream-2\/#organizationLogo"},"sameAs":["https:\/\/facebook.com\/eldigitaldeasturias","https:\/\/www.youtube.com\/channel\/UCZP-2wLEB9Rv6erhFmqVnvg"],"address":{"@id":"https:\/\/www.eldigitaldeasturias.com\/noticias\/#postaladdress","@type":"PostalAddress","streetAddress":"san antonio 4,","postalCode":"33430","addressLocality":"Cand\u00e1s","addressRegion":"Asturias","addressCountry":"ES"}},{"@type":"Person","@id":"https:\/\/www.eldigitaldeasturias.com\/noticias\/author\/admin\/#author","url":"https:\/\/www.eldigitaldeasturias.com\/noticias\/author\/admin\/","name":"El Digital de Asturias","image":{"@type":"ImageObject","@id":"https:\/\/www.eldigitaldeasturias.com\/noticias\/la-guerra-le-pasa-factura-al-gasoducto-nord-stream-2\/#authorImage","url":"https:\/\/www.eldigitaldeasturias.com\/noticias\/wp-content\/litespeed\/avatar\/18677e78aa0546b92d9dbf31ec7d7668.jpg?ver=1777290358","width":96,"height":96,"caption":"El Digital de Asturias"}},{"@type":"WebPage","@id":"https:\/\/www.eldigitaldeasturias.com\/noticias\/la-guerra-le-pasa-factura-al-gasoducto-nord-stream-2\/#webpage","url":"https:\/\/www.eldigitaldeasturias.com\/noticias\/la-guerra-le-pasa-factura-al-gasoducto-nord-stream-2\/","name":"La Guerra le \u00abpasa factura\u00bb al gasoducto Nord Stream 2 - El Digital de Asturias","description":"El Ministerio ruso de Relaciones Exteriores critic\u00f3 hoy duramente al Gobierno de Alemania por la decisi\u00f3n de parar el proyecto del gasoducto Nord Stream 2","inLanguage":"es-ES","isPartOf":{"@id":"https:\/\/www.eldigitaldeasturias.com\/noticias\/#website"},"breadcrumb":{"@id":"https:\/\/www.eldigitaldeasturias.com\/noticias\/la-guerra-le-pasa-factura-al-gasoducto-nord-stream-2\/#breadcrumblist"},"author":{"@id":"https:\/\/www.eldigitaldeasturias.com\/noticias\/author\/admin\/#author"},"creator":{"@id":"https:\/\/www.eldigitaldeasturias.com\/noticias\/author\/admin\/#author"},"image":{"@type":"ImageObject","url":"https:\/\/www.eldigitaldeasturias.com\/noticias\/wp-content\/uploads\/2022\/03\/Nord-Stream-2.jpg","@id":"https:\/\/www.eldigitaldeasturias.com\/noticias\/la-guerra-le-pasa-factura-al-gasoducto-nord-stream-2\/#mainImage","width":1004,"height":662,"caption":"Las instalaciones del pol\u00e9mico gasoducto Nord Stream 2, construido para transportar gas ruso a trav\u00e9s del mar B\u00e1ltico. Foto: Stefan Sauer\/dpa\/Archivbild"},"primaryImageOfPage":{"@id":"https:\/\/www.eldigitaldeasturias.com\/noticias\/la-guerra-le-pasa-factura-al-gasoducto-nord-stream-2\/#mainImage"},"datePublished":"2022-03-02T21:23:20+01:00","dateModified":"2022-03-02T21:23:20+01:00"},{"@type":"WebSite","@id":"https:\/\/www.eldigitaldeasturias.com\/noticias\/#website","url":"https:\/\/www.eldigitaldeasturias.com\/noticias\/","name":"El Digital de Asturias - Diario de actualidad y noticias","alternateName":"El Digital de Asturias - Diario de actualidad y noticias","description":"Hemeroteca","inLanguage":"es-ES","publisher":{"@id":"https:\/\/www.eldigitaldeasturias.com\/noticias\/#organization"}}]},"og:locale":"es_ES","og:site_name":"El Digital de Asturias","og:type":"article","og:title":"La Guerra le \u00abpasa factura\u00bb al gasoducto Nord Stream 2 - El Digital de Asturias","og:description":"El Ministerio ruso de Relaciones Exteriores critic\u00f3 hoy duramente al Gobierno de Alemania por la decisi\u00f3n de parar el proyecto del gasoducto Nord Stream 2","og:url":"https:\/\/www.eldigitaldeasturias.com\/noticias\/la-guerra-le-pasa-factura-al-gasoducto-nord-stream-2\/","og:image":"https:\/\/www.eldigitaldeasturias.com\/noticias\/wp-content\/uploads\/2022\/03\/Nord-Stream-2.jpg","og:image:secure_url":"https:\/\/www.eldigitaldeasturias.com\/noticias\/wp-content\/uploads\/2022\/03\/Nord-Stream-2.jpg","og:image:width":1004,"og:image:height":662,"article:tag":["econom\u00eda"],"article:published_time":"2022-03-02T20:23:20+00:00","article:modified_time":"2022-03-02T20:23:20+00:00","article:publisher":"https:\/\/facebook.com\/eldigitaldeasturias","twitter:card":"summary_large_image","twitter:title":"La Guerra le \u00abpasa factura\u00bb al gasoducto Nord Stream 2 - El Digital de Asturias","twitter:description":"El Ministerio ruso de Relaciones Exteriores critic\u00f3 hoy duramente al Gobierno de Alemania por la decisi\u00f3n de parar el proyecto del gasoducto Nord Stream 2","twitter:image":"https:\/\/www.eldigitaldeasturias.com\/noticias\/wp-content\/uploads\/2022\/03\/Nord-Stream-2.jpg","twitter:label1":"Escrito por","twitter:data1":"El Digital de Asturias","twitter:label2":"Tiempo de lectura estimado","twitter:data2":"2 minutos"},"aioseo_meta_data":{"post_id":"1107533","title":null,"description":"El Ministerio ruso de Relaciones Exteriores critic\u00f3 hoy duramente al Gobierno de Alemania por la decisi\u00f3n de parar el proyecto del gasoducto Nord Stream 2","keywords":[],"keyphrases":{"focus":{"keyphrase":"Nord Stream 2","score":100,"analysis":{"keyphraseInTitle":{"title":"Focus keyphrase in SEO title","description":"Focus keyphrase found in SEO title.","score":9,"maxScore":9,"error":0},"keyphraseInDescription":{"title":"Focus keyphrase in meta description","description":"Focus keyphrase found in meta description.","score":9,"maxScore":9,"error":0},"keyphraseLength":{"title":"Focus keyphrase length","description":"Good job!","score":9,"maxScore":9,"error":0,"length":2},"keyphraseInURL":[],"keyphraseInIntroduction":{"title":"Focus keyphrase in introduction","description":"Your Focus keyphrase appears in the first paragraph. Well done!","score":9,"maxScore":9,"error":0},"keyphraseInSubHeadings":[],"keyphraseInImageAlt":{"title":"Focus keyphrase in image alt attributes","description":"Focus keyphrase found in image alt attribute(s).","score":9,"maxScore":9,"error":0}}},"additional":[{"keyphrase":"gasoducto","score":83,"analysis":{"keyphraseInDescription":{"title":"Keyphrase in meta description","description":"Keyphrase found in meta description.","score":9,"maxScore":9,"error":0},"keyphraseLength":{"title":"Keyphrase length","description":"Good job!","score":9,"maxScore":9,"error":0,"length":1},"keyphraseInIntroduction":{"title":"Keyphrase in introduction","description":"Your Keyphrase appears in the first paragraph. Well done!","score":9,"maxScore":9,"error":0},"keyphraseInImageAlt":{"title":"Keyphrase in image alt attributes","description":"Keyphrase not found in image alt attribute(s). Add an image with your Keyphrase as alt text.","score":3,"maxScore":9,"error":1}}}]},"primary_term":null,"canonical_url":null,"og_title":null,"og_description":null,"og_object_type":"default","og_image_type":"default","og_image_url":null,"og_image_width":null,"og_image_height":null,"og_image_custom_url":null,"og_image_custom_fields":null,"og_video":"","og_custom_url":null,"og_article_section":null,"og_article_tags":[],"twitter_use_og":false,"twitter_card":"default","twitter_image_type":"default","twitter_image_url":null,"twitter_image_custom_url":null,"twitter_image_custom_fields":null,"twitter_title":null,"twitter_description":null,"schema":{"blockGraphs":[],"customGraphs":[],"default":{"data":{"Article":[],"Course":[],"Dataset":[],"FAQPage":[],"Movie":[],"Person":[],"Product":[],"ProductReview":[],"Car":[],"Recipe":[],"Service":[],"SoftwareApplication":[],"WebPage":[]},"graphName":"","isEnabled":true},"graphs":[],"defaultGraph":"Article","defaultPostTypeGraph":""},"schema_type":"default","schema_type_options":"{\"article\":{\"articleType\":\"BlogPosting\"},\"course\":{\"name\":\"\",\"description\":\"\",\"provider\":\"\"},\"faq\":{\"pages\":[]},\"product\":{\"reviews\":[]},\"recipe\":{\"ingredients\":[],\"instructions\":[],\"keywords\":[]},\"software\":{\"reviews\":[],\"operatingSystems\":[]},\"webPage\":{\"webPageType\":\"WebPage\"}}","pillar_content":false,"robots_default":true,"robots_noindex":false,"robots_noarchive":false,"robots_nosnippet":false,"robots_nofollow":false,"robots_noimageindex":false,"robots_noodp":false,"robots_notranslate":false,"robots_max_snippet":"-1","robots_max_videopreview":"-1","robots_max_imagepreview":"large","priority":null,"frequency":"default","local_seo":null,"seo_analyzer_scan_date":"2025-10-02 02:21:37","breadcrumb_settings":null,"limit_modified_date":false,"open_ai":null,"ai":null,"created":"2022-03-02 20:16:23","updated":"2025-10-02 02:21:37"},"aioseo_breadcrumb":"<div class=\"aioseo-breadcrumbs\"><span class=\"aioseo-breadcrumb\">\n\t<a href=\"https:\/\/www.eldigitaldeasturias.com\/noticias\" title=\"Home\">Home<\/a>\n<\/span><span class=\"aioseo-breadcrumb-separator\">\u2013<\/span><span class=\"aioseo-breadcrumb\">\n\t<a href=\"https:\/\/www.eldigitaldeasturias.com\/noticias\/category\/economia\/\" title=\"Econom\u00eda\">Econom\u00eda<\/a>\n<\/span><span class=\"aioseo-breadcrumb-separator\">\u2013<\/span><span class=\"aioseo-breadcrumb\">\n\t<a href=\"https:\/\/www.eldigitaldeasturias.com\/noticias\/la-guerra-le-pasa-factura-al-gasoducto-nord-stream-2\/\" title=\"La Guerra le \u00abpasa factura\u00bb al gasoducto Nord Stream 2\">La Guerra le \u00abpasa factura\u00bb al gasoducto Nord Stream 2<\/a>\n<\/span><\/div>","aioseo_breadcrumb_json":[{"label":"Home","link":"https:\/\/www.eldigitaldeasturias.com\/noticias"},{"label":"Econom\u00eda","link":"https:\/\/www.eldigitaldeasturias.com\/noticias\/category\/economia\/"},{"label":"La Guerra le \u00abpasa factura\u00bb al gasoducto Nord Stream 2","link":"https:\/\/www.eldigitaldeasturias.com\/noticias\/la-guerra-le-pasa-factura-al-gasoducto-nord-stream-2\/"}],"_links":{"self":[{"href":"https:\/\/www.eldigitaldeasturias.com\/noticias\/wp-json\/wp\/v2\/posts\/1107533","targetHints":{"allow":["GET"]}}],"collection":[{"href":"https:\/\/www.eldigitaldeasturias.com\/noticias\/wp-json\/wp\/v2\/posts"}],"about":[{"href":"https:\/\/www.eldigitaldeasturias.com\/noticias\/wp-json\/wp\/v2\/types\/post"}],"author":[{"embeddable":true,"href":"https:\/\/www.eldigitaldeasturias.com\/noticias\/wp-json\/wp\/v2\/users\/1"}],"replies":[{"embeddable":true,"href":"https:\/\/www.eldigitaldeasturias.com\/noticias\/wp-json\/wp\/v2\/comments?post=1107533"}],"version-history":[{"count":0,"href":"https:\/\/www.eldigitaldeasturias.com\/noticias\/wp-json\/wp\/v2\/posts\/1107533\/revisions"}],"wp:featuredmedia":[{"embeddable":true,"href":"https:\/\/www.eldigitaldeasturias.com\/noticias\/wp-json\/wp\/v2\/media\/1107534"}],"wp:attachment":[{"href":"https:\/\/www.eldigitaldeasturias.com\/noticias\/wp-json\/wp\/v2\/media?parent=1107533"}],"wp:term":[{"taxonomy":"category","embeddable":true,"href":"https:\/\/www.eldigitaldeasturias.com\/noticias\/wp-json\/wp\/v2\/categories?post=1107533"},{"taxonomy":"post_tag","embeddable":true,"href":"https:\/\/www.eldigitaldeasturias.com\/noticias\/wp-json\/wp\/v2\/tags?post=1107533"}],"curies":[{"name":"wp","href":"https:\/\/api.w.org\/{rel}","templated":true}]}}