{"id":1107509,"date":"2022-03-02T15:43:40","date_gmt":"2022-03-02T14:43:40","guid":{"rendered":"https:\/\/www.eldigitaldeasturias.com\/noticias\/?p=1107509"},"modified":"2022-03-02T15:43:40","modified_gmt":"2022-03-02T14:43:40","slug":"record-de-las-exportaciones-agroalimentarias-de-espana","status":"publish","type":"post","link":"https:\/\/www.eldigitaldeasturias.com\/noticias\/record-de-las-exportaciones-agroalimentarias-de-espana\/","title":{"rendered":"R\u00e9cord de las exportaciones agroalimentarias de Espa\u00f1a"},"content":{"rendered":"<p>Las <span style=\"color: #ff6600;\"><a style=\"color: #ff6600;\" href=\"https:\/\/www.eldigitaldeasturias.com\/noticias\/tag\/economia\/\"><strong>exportaciones agroalimentarias de Espa\u00f1a<\/strong><\/a> <\/span>alcanzaron el a\u00f1o pasado un valor de 60.118 millones de euros, <strong>cifra que supone un r\u00e9cord en la serie hist\u00f3rica y que representa un incremento del 11 % con respecto al a\u00f1o 2020<\/strong>. El saldo comercial tambi\u00e9n super\u00f3 su techo y se situ\u00f3 en 18.949 millones de euros, un 0,8 % m\u00e1s que en el ejercicio anterior.<\/p>\n<p><img loading=\"lazy\" decoding=\"async\" class=\"aligncenter wp-image-1107510 size-full\" src=\"https:\/\/www.eldigitaldeasturias.com\/noticias\/wp-content\/uploads\/2022\/03\/exportaciones.jpg\" alt=\"exportaciones\" width=\"640\" height=\"425\" srcset=\"https:\/\/www.eldigitaldeasturias.com\/noticias\/wp-content\/uploads\/2022\/03\/exportaciones.jpg 640w, https:\/\/www.eldigitaldeasturias.com\/noticias\/wp-content\/uploads\/2022\/03\/exportaciones-360x239.jpg 360w, https:\/\/www.eldigitaldeasturias.com\/noticias\/wp-content\/uploads\/2022\/03\/exportaciones-452x300.jpg 452w, https:\/\/www.eldigitaldeasturias.com\/noticias\/wp-content\/uploads\/2022\/03\/exportaciones-150x100.jpg 150w, https:\/\/www.eldigitaldeasturias.com\/noticias\/wp-content\/uploads\/2022\/03\/exportaciones-450x299.jpg 450w\" sizes=\"auto, (max-width: 640px) 100vw, 640px\" \/><\/p>\n<p>Las importaciones agroalimentarias crecieron un 16,4 % y se situaron en 41.119 millones de euros.<\/p>\n<p>El Ministerio de Agricultura, Pesca y Alimentaci\u00f3n ha publicado el Avance Anual de Comercio Exterior 2021, un primer an\u00e1lisis sint\u00e9tico de las principales magnitudes e indicadores que permiten conocer la situaci\u00f3n del <a href=\"https:\/\/www.lamoncloa.gob.es\/serviciosdeprensa\/notasprensa\/agricultura\/Paginas\/2022\/010322-exportaciones-agroalimentarias-avance.aspx\" target=\"_blank\" rel=\"noopener\"><span style=\"color: #ff6600;\"><strong>comercio exterior del<\/strong> <strong>sector agroalimentario y pesquero<\/strong><\/span><\/a>, sobre la base de los datos provisionales del a\u00f1o 2021 del Departamento de Aduanas e Impuestos Especiales de la Agencia Estatal de Administraci\u00f3n Tributaria.<\/p>\n<p>Estos datos constatan una vez m\u00e1s el importante papel que desempe\u00f1a el sector agroalimentario y pesquero en el comercio exterior espa\u00f1ol, en el que representa ya el 19 % del total de las ventas. Las importaciones de productos agroalimentarios suponen el 12 % de las compras de la econom\u00eda espa\u00f1ola en el exterior.<\/p>\n<p>Por lo que respecta a los principales subsectores exportadores en 2021, <strong>las frutas se situaron en primer lugar<\/strong>, con unas ventas de 10.162 millones de euros, y un incremento del 5 %. <strong>En segundo lugar se situaron las carnes,<\/strong> (8.819 millones de euros, un 4,4 % m\u00e1s que en 2020) seguidas de las hortalizas (7.461 millones, con un crecimiento del 7,5 %).<\/p>\n<p>El mayor incremento en las exportaciones, 27,4 %, se produjo en el grupo de aceites y grasas, impulsado fundamentalmente por el aceite de oliva, con un valor exportado total de 5. 359 millones. Tambi\u00e9n es destacable el incremento de las bebidas (13, 8 %), con un montante global de 4.964 millones de euros.<\/p>\n<p>La Uni\u00f3n Europea fue de nuevo en 2021 el destino principal de las exportaciones agroalimentarias espa\u00f1olas, un 63 % del total (37.915 millones), con un incremento del 11,4 % sobre el a\u00f1o 2020. Destacan los incrementos de exportaciones a Italia (16,2 %), Alemania (10 %) y Francia (8,9 %).<\/p>\n<p>Las ventas a pa\u00edses terceros se incrementaron en un 10,2 %, y destaca el caso de Estados Unidos, donde el crecimiento fue del 19,7 % para un valor total de 2.495 millones de euros. Reino Unido es el principal comprador extracomunitario de productos agroalimentarios espa\u00f1oles, con 4.345 millones de euros en 2021, un 2,2 % m\u00e1s que en 2020.<\/p>\n","protected":false},"excerpt":{"rendered":"<p>Las exportaciones agroalimentarias de Espa\u00f1a alcanzaron el a\u00f1o pasado un valor de 60.118 millones de euros, cifra que supone un r\u00e9cord en la serie hist\u00f3rica y que representa un incremento del 11 % con respecto al a\u00f1o 2020. El saldo comercial tambi\u00e9n super\u00f3 su techo y se situ\u00f3 en 18.949 millones de euros, un 0,8 [&hellip;]<\/p>\n","protected":false},"author":1,"featured_media":1107510,"comment_status":"closed","ping_status":"closed","sticky":false,"template":"","format":"standard","meta":{"footnotes":""},"categories":[187],"tags":[],"class_list":["post-1107509","post","type-post","status-publish","format-standard","has-post-thumbnail","hentry","category-economia"],"aioseo_notices":[],"aioseo_head":"\n\t\t<!-- All in One SEO Pro 4.9.6.2 - aioseo.com -->\n\t<meta name=\"description\" content=\"Las exportaciones agroalimentarias de Espa\u00f1a alcanzaron el a\u00f1o pasado un valor de 60.118 millones de euros, cifra que supone un r\u00e9cord en la serie hist\u00f3rica\" \/>\n\t<meta name=\"robots\" content=\"max-image-preview:large\" \/>\n\t<meta name=\"author\" content=\"El Digital de Asturias\"\/>\n\t<meta name=\"google-site-verification\" content=\"UA-38556648-1\" \/>\n\t<meta name=\"msvalidate.01\" content=\"7dfe9f3f1b24437ab69f4f2559babe99\" \/>\n\t<meta name=\"keywords\" content=\"econom\u00eda\" \/>\n\t<link rel=\"canonical\" href=\"https:\/\/www.eldigitaldeasturias.com\/noticias\/record-de-las-exportaciones-agroalimentarias-de-espana\/\" \/>\n\t<meta name=\"generator\" content=\"All in One SEO Pro (AIOSEO) 4.9.6.2\" \/>\n\t\t<meta property=\"og:locale\" content=\"es_ES\" \/>\n\t\t<meta property=\"og:site_name\" content=\"El Digital de Asturias\" \/>\n\t\t<meta property=\"og:type\" content=\"article\" \/>\n\t\t<meta property=\"og:title\" content=\"R\u00e9cord de las exportaciones agroalimentarias de Espa\u00f1a - El Digital de Asturias\" \/>\n\t\t<meta property=\"og:description\" content=\"Las exportaciones agroalimentarias de Espa\u00f1a alcanzaron el a\u00f1o pasado un valor de 60.118 millones de euros, cifra que supone un r\u00e9cord en la serie hist\u00f3rica\" \/>\n\t\t<meta property=\"og:url\" content=\"https:\/\/www.eldigitaldeasturias.com\/noticias\/record-de-las-exportaciones-agroalimentarias-de-espana\/\" \/>\n\t\t<meta property=\"og:image\" content=\"https:\/\/www.eldigitaldeasturias.com\/noticias\/wp-content\/uploads\/2022\/03\/exportaciones.jpg\" \/>\n\t\t<meta property=\"og:image:secure_url\" content=\"https:\/\/www.eldigitaldeasturias.com\/noticias\/wp-content\/uploads\/2022\/03\/exportaciones.jpg\" \/>\n\t\t<meta property=\"og:image:width\" content=\"640\" \/>\n\t\t<meta property=\"og:image:height\" content=\"425\" \/>\n\t\t<meta property=\"article:tag\" content=\"econom\u00eda\" \/>\n\t\t<meta property=\"article:published_time\" content=\"2022-03-02T14:43:40+00:00\" \/>\n\t\t<meta property=\"article:modified_time\" content=\"2022-03-02T14:43:40+00:00\" \/>\n\t\t<meta property=\"article:publisher\" content=\"https:\/\/facebook.com\/eldigitaldeasturias\" \/>\n\t\t<meta name=\"twitter:card\" content=\"summary_large_image\" \/>\n\t\t<meta name=\"twitter:title\" content=\"R\u00e9cord de las exportaciones agroalimentarias de Espa\u00f1a - El Digital de Asturias\" \/>\n\t\t<meta name=\"twitter:description\" content=\"Las exportaciones agroalimentarias de Espa\u00f1a alcanzaron el a\u00f1o pasado un valor de 60.118 millones de euros, cifra que supone un r\u00e9cord en la serie hist\u00f3rica\" \/>\n\t\t<meta name=\"twitter:image\" content=\"https:\/\/www.eldigitaldeasturias.com\/noticias\/wp-content\/uploads\/2022\/03\/exportaciones.jpg\" \/>\n\t\t<meta name=\"twitter:label1\" content=\"Escrito por\" \/>\n\t\t<meta name=\"twitter:data1\" content=\"El Digital de Asturias\" \/>\n\t\t<meta name=\"twitter:label2\" content=\"Tiempo de lectura estimado\" \/>\n\t\t<meta name=\"twitter:data2\" content=\"2 minutos\" \/>\n\t\t<script type=\"application\/ld+json\" class=\"aioseo-schema\">\n\t\t\t{\"@context\":\"https:\\\/\\\/schema.org\",\"@graph\":[{\"@type\":\"BlogPosting\",\"@id\":\"https:\\\/\\\/www.eldigitaldeasturias.com\\\/noticias\\\/record-de-las-exportaciones-agroalimentarias-de-espana\\\/#blogposting\",\"name\":\"R\\u00e9cord de las exportaciones agroalimentarias de Espa\\u00f1a - El Digital de Asturias\",\"headline\":\"R\\u00e9cord de las exportaciones agroalimentarias de Espa\\u00f1a\",\"author\":{\"@id\":\"https:\\\/\\\/www.eldigitaldeasturias.com\\\/noticias\\\/author\\\/admin\\\/#author\"},\"publisher\":{\"@id\":\"https:\\\/\\\/www.eldigitaldeasturias.com\\\/noticias\\\/#organization\"},\"image\":{\"@type\":\"ImageObject\",\"url\":\"https:\\\/\\\/www.eldigitaldeasturias.com\\\/noticias\\\/wp-content\\\/uploads\\\/2022\\\/03\\\/exportaciones.jpg\",\"width\":640,\"height\":425,\"caption\":\"exportaciones\"},\"datePublished\":\"2022-03-02T15:43:40+01:00\",\"dateModified\":\"2022-03-02T15:43:40+01:00\",\"inLanguage\":\"es-ES\",\"mainEntityOfPage\":{\"@id\":\"https:\\\/\\\/www.eldigitaldeasturias.com\\\/noticias\\\/record-de-las-exportaciones-agroalimentarias-de-espana\\\/#webpage\"},\"isPartOf\":{\"@id\":\"https:\\\/\\\/www.eldigitaldeasturias.com\\\/noticias\\\/record-de-las-exportaciones-agroalimentarias-de-espana\\\/#webpage\"},\"articleSection\":\"Econom\\u00eda\"},{\"@type\":\"BreadcrumbList\",\"@id\":\"https:\\\/\\\/www.eldigitaldeasturias.com\\\/noticias\\\/record-de-las-exportaciones-agroalimentarias-de-espana\\\/#breadcrumblist\",\"itemListElement\":[{\"@type\":\"ListItem\",\"@id\":\"https:\\\/\\\/www.eldigitaldeasturias.com\\\/noticias#listItem\",\"position\":1,\"name\":\"Home\",\"item\":\"https:\\\/\\\/www.eldigitaldeasturias.com\\\/noticias\",\"nextItem\":{\"@type\":\"ListItem\",\"@id\":\"https:\\\/\\\/www.eldigitaldeasturias.com\\\/noticias\\\/category\\\/economia\\\/#listItem\",\"name\":\"Econom\\u00eda\"}},{\"@type\":\"ListItem\",\"@id\":\"https:\\\/\\\/www.eldigitaldeasturias.com\\\/noticias\\\/category\\\/economia\\\/#listItem\",\"position\":2,\"name\":\"Econom\\u00eda\",\"item\":\"https:\\\/\\\/www.eldigitaldeasturias.com\\\/noticias\\\/category\\\/economia\\\/\",\"nextItem\":{\"@type\":\"ListItem\",\"@id\":\"https:\\\/\\\/www.eldigitaldeasturias.com\\\/noticias\\\/record-de-las-exportaciones-agroalimentarias-de-espana\\\/#listItem\",\"name\":\"R\\u00e9cord de las exportaciones agroalimentarias de Espa\\u00f1a\"},\"previousItem\":{\"@type\":\"ListItem\",\"@id\":\"https:\\\/\\\/www.eldigitaldeasturias.com\\\/noticias#listItem\",\"name\":\"Home\"}},{\"@type\":\"ListItem\",\"@id\":\"https:\\\/\\\/www.eldigitaldeasturias.com\\\/noticias\\\/record-de-las-exportaciones-agroalimentarias-de-espana\\\/#listItem\",\"position\":3,\"name\":\"R\\u00e9cord de las exportaciones agroalimentarias de Espa\\u00f1a\",\"previousItem\":{\"@type\":\"ListItem\",\"@id\":\"https:\\\/\\\/www.eldigitaldeasturias.com\\\/noticias\\\/category\\\/economia\\\/#listItem\",\"name\":\"Econom\\u00eda\"}}]},{\"@type\":\"Organization\",\"@id\":\"https:\\\/\\\/www.eldigitaldeasturias.com\\\/noticias\\\/#organization\",\"name\":\"El Digital de Asturias\",\"description\":\"Hemeroteca\",\"url\":\"https:\\\/\\\/www.eldigitaldeasturias.com\\\/noticias\\\/\",\"email\":\"info@eldigitaldeasturias.com\",\"telephone\":\"+34652131393\",\"logo\":{\"@type\":\"ImageObject\",\"url\":\"https:\\\/\\\/www.eldigitaldeasturias.com\\\/noticias\\\/wp-content\\\/uploads\\\/2020\\\/12\\\/EDA.jpg\",\"@id\":\"https:\\\/\\\/www.eldigitaldeasturias.com\\\/noticias\\\/record-de-las-exportaciones-agroalimentarias-de-espana\\\/#organizationLogo\",\"width\":649,\"height\":297},\"image\":{\"@id\":\"https:\\\/\\\/www.eldigitaldeasturias.com\\\/noticias\\\/record-de-las-exportaciones-agroalimentarias-de-espana\\\/#organizationLogo\"},\"sameAs\":[\"https:\\\/\\\/facebook.com\\\/eldigitaldeasturias\",\"https:\\\/\\\/www.youtube.com\\\/channel\\\/UCZP-2wLEB9Rv6erhFmqVnvg\"],\"address\":{\"@id\":\"https:\\\/\\\/www.eldigitaldeasturias.com\\\/noticias\\\/#postaladdress\",\"@type\":\"PostalAddress\",\"streetAddress\":\"san antonio 4,\",\"postalCode\":\"33430\",\"addressLocality\":\"Cand\\u00e1s\",\"addressRegion\":\"Asturias\",\"addressCountry\":\"ES\"}},{\"@type\":\"Person\",\"@id\":\"https:\\\/\\\/www.eldigitaldeasturias.com\\\/noticias\\\/author\\\/admin\\\/#author\",\"url\":\"https:\\\/\\\/www.eldigitaldeasturias.com\\\/noticias\\\/author\\\/admin\\\/\",\"name\":\"El Digital de Asturias\",\"image\":{\"@type\":\"ImageObject\",\"@id\":\"https:\\\/\\\/www.eldigitaldeasturias.com\\\/noticias\\\/record-de-las-exportaciones-agroalimentarias-de-espana\\\/#authorImage\",\"url\":\"https:\\\/\\\/www.eldigitaldeasturias.com\\\/noticias\\\/wp-content\\\/litespeed\\\/avatar\\\/18677e78aa0546b92d9dbf31ec7d7668.jpg?ver=1777290358\",\"width\":96,\"height\":96,\"caption\":\"El Digital de Asturias\"}},{\"@type\":\"WebPage\",\"@id\":\"https:\\\/\\\/www.eldigitaldeasturias.com\\\/noticias\\\/record-de-las-exportaciones-agroalimentarias-de-espana\\\/#webpage\",\"url\":\"https:\\\/\\\/www.eldigitaldeasturias.com\\\/noticias\\\/record-de-las-exportaciones-agroalimentarias-de-espana\\\/\",\"name\":\"R\\u00e9cord de las exportaciones agroalimentarias de Espa\\u00f1a - El Digital de Asturias\",\"description\":\"Las exportaciones agroalimentarias de Espa\\u00f1a alcanzaron el a\\u00f1o pasado un valor de 60.118 millones de euros, cifra que supone un r\\u00e9cord en la serie hist\\u00f3rica\",\"inLanguage\":\"es-ES\",\"isPartOf\":{\"@id\":\"https:\\\/\\\/www.eldigitaldeasturias.com\\\/noticias\\\/#website\"},\"breadcrumb\":{\"@id\":\"https:\\\/\\\/www.eldigitaldeasturias.com\\\/noticias\\\/record-de-las-exportaciones-agroalimentarias-de-espana\\\/#breadcrumblist\"},\"author\":{\"@id\":\"https:\\\/\\\/www.eldigitaldeasturias.com\\\/noticias\\\/author\\\/admin\\\/#author\"},\"creator\":{\"@id\":\"https:\\\/\\\/www.eldigitaldeasturias.com\\\/noticias\\\/author\\\/admin\\\/#author\"},\"image\":{\"@type\":\"ImageObject\",\"url\":\"https:\\\/\\\/www.eldigitaldeasturias.com\\\/noticias\\\/wp-content\\\/uploads\\\/2022\\\/03\\\/exportaciones.jpg\",\"@id\":\"https:\\\/\\\/www.eldigitaldeasturias.com\\\/noticias\\\/record-de-las-exportaciones-agroalimentarias-de-espana\\\/#mainImage\",\"width\":640,\"height\":425,\"caption\":\"exportaciones\"},\"primaryImageOfPage\":{\"@id\":\"https:\\\/\\\/www.eldigitaldeasturias.com\\\/noticias\\\/record-de-las-exportaciones-agroalimentarias-de-espana\\\/#mainImage\"},\"datePublished\":\"2022-03-02T15:43:40+01:00\",\"dateModified\":\"2022-03-02T15:43:40+01:00\"},{\"@type\":\"WebSite\",\"@id\":\"https:\\\/\\\/www.eldigitaldeasturias.com\\\/noticias\\\/#website\",\"url\":\"https:\\\/\\\/www.eldigitaldeasturias.com\\\/noticias\\\/\",\"name\":\"El Digital de Asturias - Diario de actualidad y noticias\",\"alternateName\":\"El Digital de Asturias - Diario de actualidad y noticias\",\"description\":\"Hemeroteca\",\"inLanguage\":\"es-ES\",\"publisher\":{\"@id\":\"https:\\\/\\\/www.eldigitaldeasturias.com\\\/noticias\\\/#organization\"}}]}\n\t\t<\/script>\n\t\t<!-- All in One SEO Pro -->\r\n\t\t<title>R\u00e9cord de las exportaciones agroalimentarias de Espa\u00f1a - El Digital de Asturias<\/title>\n\n","aioseo_head_json":{"title":"R\u00e9cord de las exportaciones agroalimentarias de Espa\u00f1a - El Digital de Asturias","description":"Las exportaciones agroalimentarias de Espa\u00f1a alcanzaron el a\u00f1o pasado un valor de 60.118 millones de euros, cifra que supone un r\u00e9cord en la serie hist\u00f3rica","canonical_url":"https:\/\/www.eldigitaldeasturias.com\/noticias\/record-de-las-exportaciones-agroalimentarias-de-espana\/","robots":"max-image-preview:large","keywords":"econom\u00eda","webmasterTools":{"google-site-verification":"UA-38556648-1","msvalidate.01":"7dfe9f3f1b24437ab69f4f2559babe99","miscellaneous":""},"schema":{"@context":"https:\/\/schema.org","@graph":[{"@type":"BlogPosting","@id":"https:\/\/www.eldigitaldeasturias.com\/noticias\/record-de-las-exportaciones-agroalimentarias-de-espana\/#blogposting","name":"R\u00e9cord de las exportaciones agroalimentarias de Espa\u00f1a - El Digital de Asturias","headline":"R\u00e9cord de las exportaciones agroalimentarias de Espa\u00f1a","author":{"@id":"https:\/\/www.eldigitaldeasturias.com\/noticias\/author\/admin\/#author"},"publisher":{"@id":"https:\/\/www.eldigitaldeasturias.com\/noticias\/#organization"},"image":{"@type":"ImageObject","url":"https:\/\/www.eldigitaldeasturias.com\/noticias\/wp-content\/uploads\/2022\/03\/exportaciones.jpg","width":640,"height":425,"caption":"exportaciones"},"datePublished":"2022-03-02T15:43:40+01:00","dateModified":"2022-03-02T15:43:40+01:00","inLanguage":"es-ES","mainEntityOfPage":{"@id":"https:\/\/www.eldigitaldeasturias.com\/noticias\/record-de-las-exportaciones-agroalimentarias-de-espana\/#webpage"},"isPartOf":{"@id":"https:\/\/www.eldigitaldeasturias.com\/noticias\/record-de-las-exportaciones-agroalimentarias-de-espana\/#webpage"},"articleSection":"Econom\u00eda"},{"@type":"BreadcrumbList","@id":"https:\/\/www.eldigitaldeasturias.com\/noticias\/record-de-las-exportaciones-agroalimentarias-de-espana\/#breadcrumblist","itemListElement":[{"@type":"ListItem","@id":"https:\/\/www.eldigitaldeasturias.com\/noticias#listItem","position":1,"name":"Home","item":"https:\/\/www.eldigitaldeasturias.com\/noticias","nextItem":{"@type":"ListItem","@id":"https:\/\/www.eldigitaldeasturias.com\/noticias\/category\/economia\/#listItem","name":"Econom\u00eda"}},{"@type":"ListItem","@id":"https:\/\/www.eldigitaldeasturias.com\/noticias\/category\/economia\/#listItem","position":2,"name":"Econom\u00eda","item":"https:\/\/www.eldigitaldeasturias.com\/noticias\/category\/economia\/","nextItem":{"@type":"ListItem","@id":"https:\/\/www.eldigitaldeasturias.com\/noticias\/record-de-las-exportaciones-agroalimentarias-de-espana\/#listItem","name":"R\u00e9cord de las exportaciones agroalimentarias de Espa\u00f1a"},"previousItem":{"@type":"ListItem","@id":"https:\/\/www.eldigitaldeasturias.com\/noticias#listItem","name":"Home"}},{"@type":"ListItem","@id":"https:\/\/www.eldigitaldeasturias.com\/noticias\/record-de-las-exportaciones-agroalimentarias-de-espana\/#listItem","position":3,"name":"R\u00e9cord de las exportaciones agroalimentarias de Espa\u00f1a","previousItem":{"@type":"ListItem","@id":"https:\/\/www.eldigitaldeasturias.com\/noticias\/category\/economia\/#listItem","name":"Econom\u00eda"}}]},{"@type":"Organization","@id":"https:\/\/www.eldigitaldeasturias.com\/noticias\/#organization","name":"El Digital de Asturias","description":"Hemeroteca","url":"https:\/\/www.eldigitaldeasturias.com\/noticias\/","email":"info@eldigitaldeasturias.com","telephone":"+34652131393","logo":{"@type":"ImageObject","url":"https:\/\/www.eldigitaldeasturias.com\/noticias\/wp-content\/uploads\/2020\/12\/EDA.jpg","@id":"https:\/\/www.eldigitaldeasturias.com\/noticias\/record-de-las-exportaciones-agroalimentarias-de-espana\/#organizationLogo","width":649,"height":297},"image":{"@id":"https:\/\/www.eldigitaldeasturias.com\/noticias\/record-de-las-exportaciones-agroalimentarias-de-espana\/#organizationLogo"},"sameAs":["https:\/\/facebook.com\/eldigitaldeasturias","https:\/\/www.youtube.com\/channel\/UCZP-2wLEB9Rv6erhFmqVnvg"],"address":{"@id":"https:\/\/www.eldigitaldeasturias.com\/noticias\/#postaladdress","@type":"PostalAddress","streetAddress":"san antonio 4,","postalCode":"33430","addressLocality":"Cand\u00e1s","addressRegion":"Asturias","addressCountry":"ES"}},{"@type":"Person","@id":"https:\/\/www.eldigitaldeasturias.com\/noticias\/author\/admin\/#author","url":"https:\/\/www.eldigitaldeasturias.com\/noticias\/author\/admin\/","name":"El Digital de Asturias","image":{"@type":"ImageObject","@id":"https:\/\/www.eldigitaldeasturias.com\/noticias\/record-de-las-exportaciones-agroalimentarias-de-espana\/#authorImage","url":"https:\/\/www.eldigitaldeasturias.com\/noticias\/wp-content\/litespeed\/avatar\/18677e78aa0546b92d9dbf31ec7d7668.jpg?ver=1777290358","width":96,"height":96,"caption":"El Digital de Asturias"}},{"@type":"WebPage","@id":"https:\/\/www.eldigitaldeasturias.com\/noticias\/record-de-las-exportaciones-agroalimentarias-de-espana\/#webpage","url":"https:\/\/www.eldigitaldeasturias.com\/noticias\/record-de-las-exportaciones-agroalimentarias-de-espana\/","name":"R\u00e9cord de las exportaciones agroalimentarias de Espa\u00f1a - El Digital de Asturias","description":"Las exportaciones agroalimentarias de Espa\u00f1a alcanzaron el a\u00f1o pasado un valor de 60.118 millones de euros, cifra que supone un r\u00e9cord en la serie hist\u00f3rica","inLanguage":"es-ES","isPartOf":{"@id":"https:\/\/www.eldigitaldeasturias.com\/noticias\/#website"},"breadcrumb":{"@id":"https:\/\/www.eldigitaldeasturias.com\/noticias\/record-de-las-exportaciones-agroalimentarias-de-espana\/#breadcrumblist"},"author":{"@id":"https:\/\/www.eldigitaldeasturias.com\/noticias\/author\/admin\/#author"},"creator":{"@id":"https:\/\/www.eldigitaldeasturias.com\/noticias\/author\/admin\/#author"},"image":{"@type":"ImageObject","url":"https:\/\/www.eldigitaldeasturias.com\/noticias\/wp-content\/uploads\/2022\/03\/exportaciones.jpg","@id":"https:\/\/www.eldigitaldeasturias.com\/noticias\/record-de-las-exportaciones-agroalimentarias-de-espana\/#mainImage","width":640,"height":425,"caption":"exportaciones"},"primaryImageOfPage":{"@id":"https:\/\/www.eldigitaldeasturias.com\/noticias\/record-de-las-exportaciones-agroalimentarias-de-espana\/#mainImage"},"datePublished":"2022-03-02T15:43:40+01:00","dateModified":"2022-03-02T15:43:40+01:00"},{"@type":"WebSite","@id":"https:\/\/www.eldigitaldeasturias.com\/noticias\/#website","url":"https:\/\/www.eldigitaldeasturias.com\/noticias\/","name":"El Digital de Asturias - Diario de actualidad y noticias","alternateName":"El Digital de Asturias - Diario de actualidad y noticias","description":"Hemeroteca","inLanguage":"es-ES","publisher":{"@id":"https:\/\/www.eldigitaldeasturias.com\/noticias\/#organization"}}]},"og:locale":"es_ES","og:site_name":"El Digital de Asturias","og:type":"article","og:title":"R\u00e9cord de las exportaciones agroalimentarias de Espa\u00f1a - El Digital de Asturias","og:description":"Las exportaciones agroalimentarias de Espa\u00f1a alcanzaron el a\u00f1o pasado un valor de 60.118 millones de euros, cifra que supone un r\u00e9cord en la serie hist\u00f3rica","og:url":"https:\/\/www.eldigitaldeasturias.com\/noticias\/record-de-las-exportaciones-agroalimentarias-de-espana\/","og:image":"https:\/\/www.eldigitaldeasturias.com\/noticias\/wp-content\/uploads\/2022\/03\/exportaciones.jpg","og:image:secure_url":"https:\/\/www.eldigitaldeasturias.com\/noticias\/wp-content\/uploads\/2022\/03\/exportaciones.jpg","og:image:width":640,"og:image:height":425,"article:tag":["econom\u00eda"],"article:published_time":"2022-03-02T14:43:40+00:00","article:modified_time":"2022-03-02T14:43:40+00:00","article:publisher":"https:\/\/facebook.com\/eldigitaldeasturias","twitter:card":"summary_large_image","twitter:title":"R\u00e9cord de las exportaciones agroalimentarias de Espa\u00f1a - El Digital de Asturias","twitter:description":"Las exportaciones agroalimentarias de Espa\u00f1a alcanzaron el a\u00f1o pasado un valor de 60.118 millones de euros, cifra que supone un r\u00e9cord en la serie hist\u00f3rica","twitter:image":"https:\/\/www.eldigitaldeasturias.com\/noticias\/wp-content\/uploads\/2022\/03\/exportaciones.jpg","twitter:label1":"Escrito por","twitter:data1":"El Digital de Asturias","twitter:label2":"Tiempo de lectura estimado","twitter:data2":"2 minutos"},"aioseo_meta_data":{"post_id":"1107509","title":null,"description":"Las exportaciones agroalimentarias de Espa\u00f1a alcanzaron el a\u00f1o pasado un valor de 60.118 millones de euros, cifra que supone un r\u00e9cord en la serie hist\u00f3rica","keywords":[],"keyphrases":{"focus":{"keyphrase":"exportaciones","score":100,"analysis":{"keyphraseInTitle":{"title":"Focus keyphrase in SEO title","description":"Focus keyphrase found in SEO title.","score":9,"maxScore":9,"error":0},"keyphraseInDescription":{"title":"Focus keyphrase in meta description","description":"Focus keyphrase found in meta description.","score":9,"maxScore":9,"error":0},"keyphraseLength":{"title":"Focus keyphrase length","description":"Good job!","score":9,"maxScore":9,"error":0,"length":1},"keyphraseInURL":[],"keyphraseInIntroduction":{"title":"Focus keyphrase in introduction","description":"Your Focus keyphrase appears in the first paragraph. Well done!","score":9,"maxScore":9,"error":0},"keyphraseInSubHeadings":[],"keyphraseInImageAlt":{"title":"Focus keyphrase in image alt attributes","description":"Focus keyphrase found in image alt attribute(s).","score":9,"maxScore":9,"error":0}}},"additional":[{"keyphrase":"exportaciones agroalimentarias","score":100,"analysis":{"keyphraseInDescription":{"title":"Keyphrase in meta description","description":"Keyphrase found in meta description.","score":9,"maxScore":9,"error":0},"keyphraseLength":{"title":"Keyphrase length","description":"Good job!","score":9,"maxScore":9,"error":0,"length":2},"keyphraseInIntroduction":{"title":"Keyphrase in introduction","description":"Your Keyphrase appears in the first paragraph. Well done!","score":9,"maxScore":9,"error":0},"keyphraseInImageAlt":{"title":"Keyphrase in image alt attributes","description":"Keyphrase found in image alt attribute(s).","score":9,"maxScore":9,"error":0}}},{"keyphrase":"Espa\u00f1a","score":83,"analysis":{"keyphraseInDescription":{"title":"Keyphrase in meta description","description":"Keyphrase found in meta description.","score":9,"maxScore":9,"error":0},"keyphraseLength":{"title":"Keyphrase length","description":"Good job!","score":9,"maxScore":9,"error":0,"length":1},"keyphraseInIntroduction":{"title":"Keyphrase in introduction","description":"Your Keyphrase appears in the first paragraph. Well done!","score":9,"maxScore":9,"error":0},"keyphraseInImageAlt":{"title":"Keyphrase in image alt attributes","description":"Keyphrase not found in image alt attribute(s). Add an image with your Keyphrase as alt text.","score":3,"maxScore":9,"error":1}}},{"keyphrase":"r\u00e9cord ","score":83,"analysis":{"keyphraseInDescription":{"title":"Keyphrase in meta description","description":"Keyphrase found in meta description.","score":9,"maxScore":9,"error":0},"keyphraseLength":{"title":"Keyphrase length","description":"Good job!","score":9,"maxScore":9,"error":0,"length":1},"keyphraseInIntroduction":{"title":"Keyphrase in introduction","description":"Your Keyphrase appears in the first paragraph. Well done!","score":9,"maxScore":9,"error":0},"keyphraseInImageAlt":{"title":"Keyphrase in image alt attributes","description":"Keyphrase not found in image alt attribute(s). Add an image with your Keyphrase as alt text.","score":3,"maxScore":9,"error":1}}}]},"primary_term":null,"canonical_url":null,"og_title":null,"og_description":null,"og_object_type":"default","og_image_type":"default","og_image_url":null,"og_image_width":null,"og_image_height":null,"og_image_custom_url":null,"og_image_custom_fields":null,"og_video":"","og_custom_url":null,"og_article_section":null,"og_article_tags":[],"twitter_use_og":false,"twitter_card":"default","twitter_image_type":"default","twitter_image_url":null,"twitter_image_custom_url":null,"twitter_image_custom_fields":null,"twitter_title":null,"twitter_description":null,"schema":{"blockGraphs":[],"customGraphs":[],"default":{"data":{"Article":[],"Course":[],"Dataset":[],"FAQPage":[],"Movie":[],"Person":[],"Product":[],"ProductReview":[],"Car":[],"Recipe":[],"Service":[],"SoftwareApplication":[],"WebPage":[]},"graphName":"","isEnabled":true},"graphs":[],"defaultGraph":"Article","defaultPostTypeGraph":""},"schema_type":"default","schema_type_options":"{\"article\":{\"articleType\":\"BlogPosting\"},\"course\":{\"name\":\"\",\"description\":\"\",\"provider\":\"\"},\"faq\":{\"pages\":[]},\"product\":{\"reviews\":[]},\"recipe\":{\"ingredients\":[],\"instructions\":[],\"keywords\":[]},\"software\":{\"reviews\":[],\"operatingSystems\":[]},\"webPage\":{\"webPageType\":\"WebPage\"}}","pillar_content":false,"robots_default":true,"robots_noindex":false,"robots_noarchive":false,"robots_nosnippet":false,"robots_nofollow":false,"robots_noimageindex":false,"robots_noodp":false,"robots_notranslate":false,"robots_max_snippet":"-1","robots_max_videopreview":"-1","robots_max_imagepreview":"large","priority":null,"frequency":"default","local_seo":null,"seo_analyzer_scan_date":"2025-10-02 02:15:36","breadcrumb_settings":null,"limit_modified_date":false,"open_ai":null,"ai":null,"created":"2022-03-02 14:37:42","updated":"2025-10-02 02:15:36"},"aioseo_breadcrumb":"<div class=\"aioseo-breadcrumbs\"><span class=\"aioseo-breadcrumb\">\n\t<a href=\"https:\/\/www.eldigitaldeasturias.com\/noticias\" title=\"Home\">Home<\/a>\n<\/span><span class=\"aioseo-breadcrumb-separator\">\u2013<\/span><span class=\"aioseo-breadcrumb\">\n\t<a href=\"https:\/\/www.eldigitaldeasturias.com\/noticias\/category\/economia\/\" title=\"Econom\u00eda\">Econom\u00eda<\/a>\n<\/span><span class=\"aioseo-breadcrumb-separator\">\u2013<\/span><span class=\"aioseo-breadcrumb\">\n\t<a href=\"https:\/\/www.eldigitaldeasturias.com\/noticias\/record-de-las-exportaciones-agroalimentarias-de-espana\/\" title=\"R\u00e9cord de las exportaciones agroalimentarias de Espa\u00f1a\">R\u00e9cord de las exportaciones agroalimentarias de Espa\u00f1a<\/a>\n<\/span><\/div>","aioseo_breadcrumb_json":[{"label":"Home","link":"https:\/\/www.eldigitaldeasturias.com\/noticias"},{"label":"Econom\u00eda","link":"https:\/\/www.eldigitaldeasturias.com\/noticias\/category\/economia\/"},{"label":"R\u00e9cord de las exportaciones agroalimentarias de Espa\u00f1a","link":"https:\/\/www.eldigitaldeasturias.com\/noticias\/record-de-las-exportaciones-agroalimentarias-de-espana\/"}],"_links":{"self":[{"href":"https:\/\/www.eldigitaldeasturias.com\/noticias\/wp-json\/wp\/v2\/posts\/1107509","targetHints":{"allow":["GET"]}}],"collection":[{"href":"https:\/\/www.eldigitaldeasturias.com\/noticias\/wp-json\/wp\/v2\/posts"}],"about":[{"href":"https:\/\/www.eldigitaldeasturias.com\/noticias\/wp-json\/wp\/v2\/types\/post"}],"author":[{"embeddable":true,"href":"https:\/\/www.eldigitaldeasturias.com\/noticias\/wp-json\/wp\/v2\/users\/1"}],"replies":[{"embeddable":true,"href":"https:\/\/www.eldigitaldeasturias.com\/noticias\/wp-json\/wp\/v2\/comments?post=1107509"}],"version-history":[{"count":0,"href":"https:\/\/www.eldigitaldeasturias.com\/noticias\/wp-json\/wp\/v2\/posts\/1107509\/revisions"}],"wp:featuredmedia":[{"embeddable":true,"href":"https:\/\/www.eldigitaldeasturias.com\/noticias\/wp-json\/wp\/v2\/media\/1107510"}],"wp:attachment":[{"href":"https:\/\/www.eldigitaldeasturias.com\/noticias\/wp-json\/wp\/v2\/media?parent=1107509"}],"wp:term":[{"taxonomy":"category","embeddable":true,"href":"https:\/\/www.eldigitaldeasturias.com\/noticias\/wp-json\/wp\/v2\/categories?post=1107509"},{"taxonomy":"post_tag","embeddable":true,"href":"https:\/\/www.eldigitaldeasturias.com\/noticias\/wp-json\/wp\/v2\/tags?post=1107509"}],"curies":[{"name":"wp","href":"https:\/\/api.w.org\/{rel}","templated":true}]}}