{"id":1107494,"date":"2022-03-02T15:09:25","date_gmt":"2022-03-02T14:09:25","guid":{"rendered":"https:\/\/www.eldigitaldeasturias.com\/noticias\/?p=1107494"},"modified":"2022-03-02T15:09:25","modified_gmt":"2022-03-02T14:09:25","slug":"aumenta-nuevamente-la-afiliacion-a-la-seguridad-social-en-espana","status":"publish","type":"post","link":"https:\/\/www.eldigitaldeasturias.com\/noticias\/aumenta-nuevamente-la-afiliacion-a-la-seguridad-social-en-espana\/","title":{"rendered":"Aumenta nuevamente la afiliaci\u00f3n a la Seguridad Social en Espa\u00f1a"},"content":{"rendered":"<p><img loading=\"lazy\" decoding=\"async\" class=\"alignleft size-medium wp-image-1107495\" src=\"https:\/\/www.eldigitaldeasturias.com\/noticias\/wp-content\/uploads\/2022\/03\/Seguridad-Social-360x240.jpg\" alt=\"Seguridad Social\" width=\"360\" height=\"240\" srcset=\"https:\/\/www.eldigitaldeasturias.com\/noticias\/wp-content\/uploads\/2022\/03\/Seguridad-Social-360x240.jpg 360w, https:\/\/www.eldigitaldeasturias.com\/noticias\/wp-content\/uploads\/2022\/03\/Seguridad-Social-450x300.jpg 450w, https:\/\/www.eldigitaldeasturias.com\/noticias\/wp-content\/uploads\/2022\/03\/Seguridad-Social-150x100.jpg 150w, https:\/\/www.eldigitaldeasturias.com\/noticias\/wp-content\/uploads\/2022\/03\/Seguridad-Social.jpg 512w\" sizes=\"auto, (max-width: 360px) 100vw, 360px\" \/>El n\u00famero de afiliados a la Seguridad Social en t\u00e9rminos desestacionalizados se situ\u00f3 en <strong>19.934.481 personas en febrero,<\/strong> tras aumentar en el \u00faltimo mes en 37.726 respecto al mes anterior (un 0,19% m\u00e1s).<\/p>\n<p><strong>Es el d\u00e9cimo mes consecutivo en el que aumenta la <span style=\"color: #ff6600;\"><a style=\"color: #ff6600;\" href=\"https:\/\/www.lamoncloa.gob.es\/serviciosdeprensa\/notasprensa\/inclusion\/Paginas\/2022\/020322-afiliacion-ss_erte.aspx\">afiliaci\u00f3n a la Seguridad Social<\/a><\/span>. En ese periodo<\/strong>, iniciado en mayo de 2021, se han creado m\u00e1s de 905.000 empleos y se ha consolidado la tendencia de crecimiento de antes de la pandemia.<\/p>\n<p><strong>El dato de febrero supone el nivel de afiliaci\u00f3n m\u00e1s alto registrado de la serie y supera en 448.617 personas la cifra de ocupados de febrero de 2020<\/strong>, mes previo al inicio de la crisis sanitaria de la <a href=\"https:\/\/www.eldigitaldeasturias.com\/noticias\/tag\/covid-19\/\"><span style=\"color: #ff6600;\"><strong>COVID-19<\/strong><\/span><\/a>. Incluso descontando los trabajadores en ERTE o aut\u00f3nomos con prestaciones extraordinarias, se supera en m\u00e1s de 300.000 personas el nivel de empleo de febrero de 2020, antes del inicio de la crisis sanitaria.<\/p>\n","protected":false},"excerpt":{"rendered":"<p>El n\u00famero de afiliados a la Seguridad Social en t\u00e9rminos desestacionalizados se situ\u00f3 en 19.934.481 personas en febrero, tras aumentar en el \u00faltimo mes en 37.726 respecto al mes anterior (un 0,19% m\u00e1s). Es el d\u00e9cimo mes consecutivo en el que aumenta la afiliaci\u00f3n a la Seguridad Social. En ese periodo, iniciado en mayo de [&hellip;]<\/p>\n","protected":false},"author":1,"featured_media":1107495,"comment_status":"closed","ping_status":"closed","sticky":false,"template":"","format":"standard","meta":{"footnotes":""},"categories":[187],"tags":[],"class_list":["post-1107494","post","type-post","status-publish","format-standard","has-post-thumbnail","hentry","category-economia"],"aioseo_notices":[],"aioseo_head":"\n\t\t<!-- All in One SEO Pro 4.9.6.2 - aioseo.com -->\n\t<meta name=\"description\" content=\"El n\u00famero de afiliados a la Seguridad Social en t\u00e9rminos desestacionalizados se situ\u00f3 en 19.934.481 personas en febrero, tras aumentar en el \u00faltimo mes\" \/>\n\t<meta name=\"robots\" content=\"max-image-preview:large\" \/>\n\t<meta name=\"author\" content=\"El Digital de Asturias\"\/>\n\t<meta name=\"google-site-verification\" content=\"UA-38556648-1\" \/>\n\t<meta name=\"msvalidate.01\" content=\"7dfe9f3f1b24437ab69f4f2559babe99\" \/>\n\t<meta name=\"keywords\" content=\"econom\u00eda\" \/>\n\t<link rel=\"canonical\" href=\"https:\/\/www.eldigitaldeasturias.com\/noticias\/aumenta-nuevamente-la-afiliacion-a-la-seguridad-social-en-espana\/\" \/>\n\t<meta name=\"generator\" content=\"All in One SEO Pro (AIOSEO) 4.9.6.2\" \/>\n\t\t<meta property=\"og:locale\" content=\"es_ES\" \/>\n\t\t<meta property=\"og:site_name\" content=\"El Digital de Asturias\" \/>\n\t\t<meta property=\"og:type\" content=\"article\" \/>\n\t\t<meta property=\"og:title\" content=\"Aumenta nuevamente la afiliaci\u00f3n a la Seguridad Social en Espa\u00f1a - El Digital de Asturias\" \/>\n\t\t<meta property=\"og:description\" content=\"El n\u00famero de afiliados a la Seguridad Social en t\u00e9rminos desestacionalizados se situ\u00f3 en 19.934.481 personas en febrero, tras aumentar en el \u00faltimo mes\" \/>\n\t\t<meta property=\"og:url\" content=\"https:\/\/www.eldigitaldeasturias.com\/noticias\/aumenta-nuevamente-la-afiliacion-a-la-seguridad-social-en-espana\/\" \/>\n\t\t<meta property=\"og:image\" content=\"https:\/\/www.eldigitaldeasturias.com\/noticias\/wp-content\/uploads\/2022\/03\/Seguridad-Social.jpg\" \/>\n\t\t<meta property=\"og:image:secure_url\" content=\"https:\/\/www.eldigitaldeasturias.com\/noticias\/wp-content\/uploads\/2022\/03\/Seguridad-Social.jpg\" \/>\n\t\t<meta property=\"og:image:width\" content=\"512\" \/>\n\t\t<meta property=\"og:image:height\" content=\"341\" \/>\n\t\t<meta property=\"article:tag\" content=\"econom\u00eda\" \/>\n\t\t<meta property=\"article:published_time\" content=\"2022-03-02T14:09:25+00:00\" \/>\n\t\t<meta property=\"article:modified_time\" content=\"2022-03-02T14:09:25+00:00\" \/>\n\t\t<meta property=\"article:publisher\" content=\"https:\/\/facebook.com\/eldigitaldeasturias\" \/>\n\t\t<meta name=\"twitter:card\" content=\"summary_large_image\" \/>\n\t\t<meta name=\"twitter:title\" content=\"Aumenta nuevamente la afiliaci\u00f3n a la Seguridad Social en Espa\u00f1a - El Digital de Asturias\" \/>\n\t\t<meta name=\"twitter:description\" content=\"El n\u00famero de afiliados a la Seguridad Social en t\u00e9rminos desestacionalizados se situ\u00f3 en 19.934.481 personas en febrero, tras aumentar en el \u00faltimo mes\" \/>\n\t\t<meta name=\"twitter:image\" content=\"https:\/\/www.eldigitaldeasturias.com\/noticias\/wp-content\/uploads\/2022\/03\/Seguridad-Social.jpg\" \/>\n\t\t<meta name=\"twitter:label1\" content=\"Escrito por\" \/>\n\t\t<meta name=\"twitter:data1\" content=\"El Digital de Asturias\" \/>\n\t\t<meta name=\"twitter:label2\" content=\"Tiempo de lectura estimado\" \/>\n\t\t<meta name=\"twitter:data2\" content=\"1 minuto\" \/>\n\t\t<script type=\"application\/ld+json\" class=\"aioseo-schema\">\n\t\t\t{\"@context\":\"https:\\\/\\\/schema.org\",\"@graph\":[{\"@type\":\"BlogPosting\",\"@id\":\"https:\\\/\\\/www.eldigitaldeasturias.com\\\/noticias\\\/aumenta-nuevamente-la-afiliacion-a-la-seguridad-social-en-espana\\\/#blogposting\",\"name\":\"Aumenta nuevamente la afiliaci\\u00f3n a la Seguridad Social en Espa\\u00f1a - El Digital de Asturias\",\"headline\":\"Aumenta nuevamente la afiliaci\\u00f3n a la Seguridad Social en Espa\\u00f1a\",\"author\":{\"@id\":\"https:\\\/\\\/www.eldigitaldeasturias.com\\\/noticias\\\/author\\\/admin\\\/#author\"},\"publisher\":{\"@id\":\"https:\\\/\\\/www.eldigitaldeasturias.com\\\/noticias\\\/#organization\"},\"image\":{\"@type\":\"ImageObject\",\"url\":\"https:\\\/\\\/www.eldigitaldeasturias.com\\\/noticias\\\/wp-content\\\/uploads\\\/2022\\\/03\\\/Seguridad-Social.jpg\",\"width\":512,\"height\":341,\"caption\":\"Seguridad Social\"},\"datePublished\":\"2022-03-02T15:09:25+01:00\",\"dateModified\":\"2022-03-02T15:09:25+01:00\",\"inLanguage\":\"es-ES\",\"mainEntityOfPage\":{\"@id\":\"https:\\\/\\\/www.eldigitaldeasturias.com\\\/noticias\\\/aumenta-nuevamente-la-afiliacion-a-la-seguridad-social-en-espana\\\/#webpage\"},\"isPartOf\":{\"@id\":\"https:\\\/\\\/www.eldigitaldeasturias.com\\\/noticias\\\/aumenta-nuevamente-la-afiliacion-a-la-seguridad-social-en-espana\\\/#webpage\"},\"articleSection\":\"Econom\\u00eda\"},{\"@type\":\"BreadcrumbList\",\"@id\":\"https:\\\/\\\/www.eldigitaldeasturias.com\\\/noticias\\\/aumenta-nuevamente-la-afiliacion-a-la-seguridad-social-en-espana\\\/#breadcrumblist\",\"itemListElement\":[{\"@type\":\"ListItem\",\"@id\":\"https:\\\/\\\/www.eldigitaldeasturias.com\\\/noticias#listItem\",\"position\":1,\"name\":\"Home\",\"item\":\"https:\\\/\\\/www.eldigitaldeasturias.com\\\/noticias\",\"nextItem\":{\"@type\":\"ListItem\",\"@id\":\"https:\\\/\\\/www.eldigitaldeasturias.com\\\/noticias\\\/category\\\/economia\\\/#listItem\",\"name\":\"Econom\\u00eda\"}},{\"@type\":\"ListItem\",\"@id\":\"https:\\\/\\\/www.eldigitaldeasturias.com\\\/noticias\\\/category\\\/economia\\\/#listItem\",\"position\":2,\"name\":\"Econom\\u00eda\",\"item\":\"https:\\\/\\\/www.eldigitaldeasturias.com\\\/noticias\\\/category\\\/economia\\\/\",\"nextItem\":{\"@type\":\"ListItem\",\"@id\":\"https:\\\/\\\/www.eldigitaldeasturias.com\\\/noticias\\\/aumenta-nuevamente-la-afiliacion-a-la-seguridad-social-en-espana\\\/#listItem\",\"name\":\"Aumenta nuevamente la afiliaci\\u00f3n a la Seguridad Social en Espa\\u00f1a\"},\"previousItem\":{\"@type\":\"ListItem\",\"@id\":\"https:\\\/\\\/www.eldigitaldeasturias.com\\\/noticias#listItem\",\"name\":\"Home\"}},{\"@type\":\"ListItem\",\"@id\":\"https:\\\/\\\/www.eldigitaldeasturias.com\\\/noticias\\\/aumenta-nuevamente-la-afiliacion-a-la-seguridad-social-en-espana\\\/#listItem\",\"position\":3,\"name\":\"Aumenta nuevamente la afiliaci\\u00f3n a la Seguridad Social en Espa\\u00f1a\",\"previousItem\":{\"@type\":\"ListItem\",\"@id\":\"https:\\\/\\\/www.eldigitaldeasturias.com\\\/noticias\\\/category\\\/economia\\\/#listItem\",\"name\":\"Econom\\u00eda\"}}]},{\"@type\":\"Organization\",\"@id\":\"https:\\\/\\\/www.eldigitaldeasturias.com\\\/noticias\\\/#organization\",\"name\":\"El Digital de Asturias\",\"description\":\"Hemeroteca\",\"url\":\"https:\\\/\\\/www.eldigitaldeasturias.com\\\/noticias\\\/\",\"email\":\"info@eldigitaldeasturias.com\",\"telephone\":\"+34652131393\",\"logo\":{\"@type\":\"ImageObject\",\"url\":\"https:\\\/\\\/www.eldigitaldeasturias.com\\\/noticias\\\/wp-content\\\/uploads\\\/2020\\\/12\\\/EDA.jpg\",\"@id\":\"https:\\\/\\\/www.eldigitaldeasturias.com\\\/noticias\\\/aumenta-nuevamente-la-afiliacion-a-la-seguridad-social-en-espana\\\/#organizationLogo\",\"width\":649,\"height\":297},\"image\":{\"@id\":\"https:\\\/\\\/www.eldigitaldeasturias.com\\\/noticias\\\/aumenta-nuevamente-la-afiliacion-a-la-seguridad-social-en-espana\\\/#organizationLogo\"},\"sameAs\":[\"https:\\\/\\\/facebook.com\\\/eldigitaldeasturias\",\"https:\\\/\\\/www.youtube.com\\\/channel\\\/UCZP-2wLEB9Rv6erhFmqVnvg\"],\"address\":{\"@id\":\"https:\\\/\\\/www.eldigitaldeasturias.com\\\/noticias\\\/#postaladdress\",\"@type\":\"PostalAddress\",\"streetAddress\":\"san antonio 4,\",\"postalCode\":\"33430\",\"addressLocality\":\"Cand\\u00e1s\",\"addressRegion\":\"Asturias\",\"addressCountry\":\"ES\"}},{\"@type\":\"Person\",\"@id\":\"https:\\\/\\\/www.eldigitaldeasturias.com\\\/noticias\\\/author\\\/admin\\\/#author\",\"url\":\"https:\\\/\\\/www.eldigitaldeasturias.com\\\/noticias\\\/author\\\/admin\\\/\",\"name\":\"El Digital de Asturias\",\"image\":{\"@type\":\"ImageObject\",\"@id\":\"https:\\\/\\\/www.eldigitaldeasturias.com\\\/noticias\\\/aumenta-nuevamente-la-afiliacion-a-la-seguridad-social-en-espana\\\/#authorImage\",\"url\":\"https:\\\/\\\/www.eldigitaldeasturias.com\\\/noticias\\\/wp-content\\\/litespeed\\\/avatar\\\/18677e78aa0546b92d9dbf31ec7d7668.jpg?ver=1777290358\",\"width\":96,\"height\":96,\"caption\":\"El Digital de Asturias\"}},{\"@type\":\"WebPage\",\"@id\":\"https:\\\/\\\/www.eldigitaldeasturias.com\\\/noticias\\\/aumenta-nuevamente-la-afiliacion-a-la-seguridad-social-en-espana\\\/#webpage\",\"url\":\"https:\\\/\\\/www.eldigitaldeasturias.com\\\/noticias\\\/aumenta-nuevamente-la-afiliacion-a-la-seguridad-social-en-espana\\\/\",\"name\":\"Aumenta nuevamente la afiliaci\\u00f3n a la Seguridad Social en Espa\\u00f1a - El Digital de Asturias\",\"description\":\"El n\\u00famero de afiliados a la Seguridad Social en t\\u00e9rminos desestacionalizados se situ\\u00f3 en 19.934.481 personas en febrero, tras aumentar en el \\u00faltimo mes\",\"inLanguage\":\"es-ES\",\"isPartOf\":{\"@id\":\"https:\\\/\\\/www.eldigitaldeasturias.com\\\/noticias\\\/#website\"},\"breadcrumb\":{\"@id\":\"https:\\\/\\\/www.eldigitaldeasturias.com\\\/noticias\\\/aumenta-nuevamente-la-afiliacion-a-la-seguridad-social-en-espana\\\/#breadcrumblist\"},\"author\":{\"@id\":\"https:\\\/\\\/www.eldigitaldeasturias.com\\\/noticias\\\/author\\\/admin\\\/#author\"},\"creator\":{\"@id\":\"https:\\\/\\\/www.eldigitaldeasturias.com\\\/noticias\\\/author\\\/admin\\\/#author\"},\"image\":{\"@type\":\"ImageObject\",\"url\":\"https:\\\/\\\/www.eldigitaldeasturias.com\\\/noticias\\\/wp-content\\\/uploads\\\/2022\\\/03\\\/Seguridad-Social.jpg\",\"@id\":\"https:\\\/\\\/www.eldigitaldeasturias.com\\\/noticias\\\/aumenta-nuevamente-la-afiliacion-a-la-seguridad-social-en-espana\\\/#mainImage\",\"width\":512,\"height\":341,\"caption\":\"Seguridad Social\"},\"primaryImageOfPage\":{\"@id\":\"https:\\\/\\\/www.eldigitaldeasturias.com\\\/noticias\\\/aumenta-nuevamente-la-afiliacion-a-la-seguridad-social-en-espana\\\/#mainImage\"},\"datePublished\":\"2022-03-02T15:09:25+01:00\",\"dateModified\":\"2022-03-02T15:09:25+01:00\"},{\"@type\":\"WebSite\",\"@id\":\"https:\\\/\\\/www.eldigitaldeasturias.com\\\/noticias\\\/#website\",\"url\":\"https:\\\/\\\/www.eldigitaldeasturias.com\\\/noticias\\\/\",\"name\":\"El Digital de Asturias - Diario de actualidad y noticias\",\"alternateName\":\"El Digital de Asturias - Diario de actualidad y noticias\",\"description\":\"Hemeroteca\",\"inLanguage\":\"es-ES\",\"publisher\":{\"@id\":\"https:\\\/\\\/www.eldigitaldeasturias.com\\\/noticias\\\/#organization\"}}]}\n\t\t<\/script>\n\t\t<!-- All in One SEO Pro -->\r\n\t\t<title>Aumenta nuevamente la afiliaci\u00f3n a la Seguridad Social en Espa\u00f1a - El Digital de Asturias<\/title>\n\n","aioseo_head_json":{"title":"Aumenta nuevamente la afiliaci\u00f3n a la Seguridad Social en Espa\u00f1a - El Digital de Asturias","description":"El n\u00famero de afiliados a la Seguridad Social en t\u00e9rminos desestacionalizados se situ\u00f3 en 19.934.481 personas en febrero, tras aumentar en el \u00faltimo mes","canonical_url":"https:\/\/www.eldigitaldeasturias.com\/noticias\/aumenta-nuevamente-la-afiliacion-a-la-seguridad-social-en-espana\/","robots":"max-image-preview:large","keywords":"econom\u00eda","webmasterTools":{"google-site-verification":"UA-38556648-1","msvalidate.01":"7dfe9f3f1b24437ab69f4f2559babe99","miscellaneous":""},"schema":{"@context":"https:\/\/schema.org","@graph":[{"@type":"BlogPosting","@id":"https:\/\/www.eldigitaldeasturias.com\/noticias\/aumenta-nuevamente-la-afiliacion-a-la-seguridad-social-en-espana\/#blogposting","name":"Aumenta nuevamente la afiliaci\u00f3n a la Seguridad Social en Espa\u00f1a - El Digital de Asturias","headline":"Aumenta nuevamente la afiliaci\u00f3n a la Seguridad Social en Espa\u00f1a","author":{"@id":"https:\/\/www.eldigitaldeasturias.com\/noticias\/author\/admin\/#author"},"publisher":{"@id":"https:\/\/www.eldigitaldeasturias.com\/noticias\/#organization"},"image":{"@type":"ImageObject","url":"https:\/\/www.eldigitaldeasturias.com\/noticias\/wp-content\/uploads\/2022\/03\/Seguridad-Social.jpg","width":512,"height":341,"caption":"Seguridad Social"},"datePublished":"2022-03-02T15:09:25+01:00","dateModified":"2022-03-02T15:09:25+01:00","inLanguage":"es-ES","mainEntityOfPage":{"@id":"https:\/\/www.eldigitaldeasturias.com\/noticias\/aumenta-nuevamente-la-afiliacion-a-la-seguridad-social-en-espana\/#webpage"},"isPartOf":{"@id":"https:\/\/www.eldigitaldeasturias.com\/noticias\/aumenta-nuevamente-la-afiliacion-a-la-seguridad-social-en-espana\/#webpage"},"articleSection":"Econom\u00eda"},{"@type":"BreadcrumbList","@id":"https:\/\/www.eldigitaldeasturias.com\/noticias\/aumenta-nuevamente-la-afiliacion-a-la-seguridad-social-en-espana\/#breadcrumblist","itemListElement":[{"@type":"ListItem","@id":"https:\/\/www.eldigitaldeasturias.com\/noticias#listItem","position":1,"name":"Home","item":"https:\/\/www.eldigitaldeasturias.com\/noticias","nextItem":{"@type":"ListItem","@id":"https:\/\/www.eldigitaldeasturias.com\/noticias\/category\/economia\/#listItem","name":"Econom\u00eda"}},{"@type":"ListItem","@id":"https:\/\/www.eldigitaldeasturias.com\/noticias\/category\/economia\/#listItem","position":2,"name":"Econom\u00eda","item":"https:\/\/www.eldigitaldeasturias.com\/noticias\/category\/economia\/","nextItem":{"@type":"ListItem","@id":"https:\/\/www.eldigitaldeasturias.com\/noticias\/aumenta-nuevamente-la-afiliacion-a-la-seguridad-social-en-espana\/#listItem","name":"Aumenta nuevamente la afiliaci\u00f3n a la Seguridad Social en Espa\u00f1a"},"previousItem":{"@type":"ListItem","@id":"https:\/\/www.eldigitaldeasturias.com\/noticias#listItem","name":"Home"}},{"@type":"ListItem","@id":"https:\/\/www.eldigitaldeasturias.com\/noticias\/aumenta-nuevamente-la-afiliacion-a-la-seguridad-social-en-espana\/#listItem","position":3,"name":"Aumenta nuevamente la afiliaci\u00f3n a la Seguridad Social en Espa\u00f1a","previousItem":{"@type":"ListItem","@id":"https:\/\/www.eldigitaldeasturias.com\/noticias\/category\/economia\/#listItem","name":"Econom\u00eda"}}]},{"@type":"Organization","@id":"https:\/\/www.eldigitaldeasturias.com\/noticias\/#organization","name":"El Digital de Asturias","description":"Hemeroteca","url":"https:\/\/www.eldigitaldeasturias.com\/noticias\/","email":"info@eldigitaldeasturias.com","telephone":"+34652131393","logo":{"@type":"ImageObject","url":"https:\/\/www.eldigitaldeasturias.com\/noticias\/wp-content\/uploads\/2020\/12\/EDA.jpg","@id":"https:\/\/www.eldigitaldeasturias.com\/noticias\/aumenta-nuevamente-la-afiliacion-a-la-seguridad-social-en-espana\/#organizationLogo","width":649,"height":297},"image":{"@id":"https:\/\/www.eldigitaldeasturias.com\/noticias\/aumenta-nuevamente-la-afiliacion-a-la-seguridad-social-en-espana\/#organizationLogo"},"sameAs":["https:\/\/facebook.com\/eldigitaldeasturias","https:\/\/www.youtube.com\/channel\/UCZP-2wLEB9Rv6erhFmqVnvg"],"address":{"@id":"https:\/\/www.eldigitaldeasturias.com\/noticias\/#postaladdress","@type":"PostalAddress","streetAddress":"san antonio 4,","postalCode":"33430","addressLocality":"Cand\u00e1s","addressRegion":"Asturias","addressCountry":"ES"}},{"@type":"Person","@id":"https:\/\/www.eldigitaldeasturias.com\/noticias\/author\/admin\/#author","url":"https:\/\/www.eldigitaldeasturias.com\/noticias\/author\/admin\/","name":"El Digital de Asturias","image":{"@type":"ImageObject","@id":"https:\/\/www.eldigitaldeasturias.com\/noticias\/aumenta-nuevamente-la-afiliacion-a-la-seguridad-social-en-espana\/#authorImage","url":"https:\/\/www.eldigitaldeasturias.com\/noticias\/wp-content\/litespeed\/avatar\/18677e78aa0546b92d9dbf31ec7d7668.jpg?ver=1777290358","width":96,"height":96,"caption":"El Digital de Asturias"}},{"@type":"WebPage","@id":"https:\/\/www.eldigitaldeasturias.com\/noticias\/aumenta-nuevamente-la-afiliacion-a-la-seguridad-social-en-espana\/#webpage","url":"https:\/\/www.eldigitaldeasturias.com\/noticias\/aumenta-nuevamente-la-afiliacion-a-la-seguridad-social-en-espana\/","name":"Aumenta nuevamente la afiliaci\u00f3n a la Seguridad Social en Espa\u00f1a - El Digital de Asturias","description":"El n\u00famero de afiliados a la Seguridad Social en t\u00e9rminos desestacionalizados se situ\u00f3 en 19.934.481 personas en febrero, tras aumentar en el \u00faltimo mes","inLanguage":"es-ES","isPartOf":{"@id":"https:\/\/www.eldigitaldeasturias.com\/noticias\/#website"},"breadcrumb":{"@id":"https:\/\/www.eldigitaldeasturias.com\/noticias\/aumenta-nuevamente-la-afiliacion-a-la-seguridad-social-en-espana\/#breadcrumblist"},"author":{"@id":"https:\/\/www.eldigitaldeasturias.com\/noticias\/author\/admin\/#author"},"creator":{"@id":"https:\/\/www.eldigitaldeasturias.com\/noticias\/author\/admin\/#author"},"image":{"@type":"ImageObject","url":"https:\/\/www.eldigitaldeasturias.com\/noticias\/wp-content\/uploads\/2022\/03\/Seguridad-Social.jpg","@id":"https:\/\/www.eldigitaldeasturias.com\/noticias\/aumenta-nuevamente-la-afiliacion-a-la-seguridad-social-en-espana\/#mainImage","width":512,"height":341,"caption":"Seguridad Social"},"primaryImageOfPage":{"@id":"https:\/\/www.eldigitaldeasturias.com\/noticias\/aumenta-nuevamente-la-afiliacion-a-la-seguridad-social-en-espana\/#mainImage"},"datePublished":"2022-03-02T15:09:25+01:00","dateModified":"2022-03-02T15:09:25+01:00"},{"@type":"WebSite","@id":"https:\/\/www.eldigitaldeasturias.com\/noticias\/#website","url":"https:\/\/www.eldigitaldeasturias.com\/noticias\/","name":"El Digital de Asturias - Diario de actualidad y noticias","alternateName":"El Digital de Asturias - Diario de actualidad y noticias","description":"Hemeroteca","inLanguage":"es-ES","publisher":{"@id":"https:\/\/www.eldigitaldeasturias.com\/noticias\/#organization"}}]},"og:locale":"es_ES","og:site_name":"El Digital de Asturias","og:type":"article","og:title":"Aumenta nuevamente la afiliaci\u00f3n a la Seguridad Social en Espa\u00f1a - El Digital de Asturias","og:description":"El n\u00famero de afiliados a la Seguridad Social en t\u00e9rminos desestacionalizados se situ\u00f3 en 19.934.481 personas en febrero, tras aumentar en el \u00faltimo mes","og:url":"https:\/\/www.eldigitaldeasturias.com\/noticias\/aumenta-nuevamente-la-afiliacion-a-la-seguridad-social-en-espana\/","og:image":"https:\/\/www.eldigitaldeasturias.com\/noticias\/wp-content\/uploads\/2022\/03\/Seguridad-Social.jpg","og:image:secure_url":"https:\/\/www.eldigitaldeasturias.com\/noticias\/wp-content\/uploads\/2022\/03\/Seguridad-Social.jpg","og:image:width":512,"og:image:height":341,"article:tag":["econom\u00eda"],"article:published_time":"2022-03-02T14:09:25+00:00","article:modified_time":"2022-03-02T14:09:25+00:00","article:publisher":"https:\/\/facebook.com\/eldigitaldeasturias","twitter:card":"summary_large_image","twitter:title":"Aumenta nuevamente la afiliaci\u00f3n a la Seguridad Social en Espa\u00f1a - El Digital de Asturias","twitter:description":"El n\u00famero de afiliados a la Seguridad Social en t\u00e9rminos desestacionalizados se situ\u00f3 en 19.934.481 personas en febrero, tras aumentar en el \u00faltimo mes","twitter:image":"https:\/\/www.eldigitaldeasturias.com\/noticias\/wp-content\/uploads\/2022\/03\/Seguridad-Social.jpg","twitter:label1":"Escrito por","twitter:data1":"El Digital de Asturias","twitter:label2":"Tiempo de lectura estimado","twitter:data2":"1 minuto"},"aioseo_meta_data":{"post_id":"1107494","title":null,"description":"El n\u00famero de afiliados a la Seguridad Social en t\u00e9rminos desestacionalizados se situ\u00f3 en 19.934.481 personas en febrero, tras aumentar en el \u00faltimo mes","keywords":[],"keyphrases":{"focus":{"keyphrase":"Seguridad Social","score":100,"analysis":{"keyphraseInTitle":{"title":"Focus keyphrase in SEO title","description":"Focus keyphrase found in SEO title.","score":9,"maxScore":9,"error":0},"keyphraseInDescription":{"title":"Focus keyphrase in meta description","description":"Focus keyphrase found in meta description.","score":9,"maxScore":9,"error":0},"keyphraseLength":{"title":"Focus keyphrase length","description":"Good job!","score":9,"maxScore":9,"error":0,"length":2},"keyphraseInURL":[],"keyphraseInIntroduction":{"title":"Focus keyphrase in introduction","description":"Your Focus keyphrase appears in the first paragraph. Well done!","score":9,"maxScore":9,"error":0},"keyphraseInSubHeadings":[],"keyphraseInImageAlt":{"title":"Focus keyphrase in image alt attributes","description":"Focus keyphrase found in image alt attribute(s).","score":9,"maxScore":9,"error":0}}},"additional":[{"keyphrase":"afiliados","score":83,"analysis":{"keyphraseInDescription":{"title":"Keyphrase in meta description","description":"Keyphrase found in meta description.","score":9,"maxScore":9,"error":0},"keyphraseLength":{"title":"Keyphrase length","description":"Good job!","score":9,"maxScore":9,"error":0,"length":1},"keyphraseInIntroduction":{"title":"Keyphrase in introduction","description":"Your Keyphrase appears in the first paragraph. Well done!","score":9,"maxScore":9,"error":0},"keyphraseInImageAlt":{"title":"Keyphrase in image alt attributes","description":"Keyphrase not found in image alt attribute(s). Add an image with your Keyphrase as alt text.","score":3,"maxScore":9,"error":1}}}]},"primary_term":null,"canonical_url":null,"og_title":null,"og_description":null,"og_object_type":"default","og_image_type":"default","og_image_url":null,"og_image_width":null,"og_image_height":null,"og_image_custom_url":null,"og_image_custom_fields":null,"og_video":"","og_custom_url":null,"og_article_section":null,"og_article_tags":[],"twitter_use_og":false,"twitter_card":"default","twitter_image_type":"default","twitter_image_url":null,"twitter_image_custom_url":null,"twitter_image_custom_fields":null,"twitter_title":null,"twitter_description":null,"schema":{"blockGraphs":[],"customGraphs":[],"default":{"data":{"Article":[],"Course":[],"Dataset":[],"FAQPage":[],"Movie":[],"Person":[],"Product":[],"ProductReview":[],"Car":[],"Recipe":[],"Service":[],"SoftwareApplication":[],"WebPage":[]},"graphName":"","isEnabled":true},"graphs":[]},"schema_type":"default","schema_type_options":"{\"article\":{\"articleType\":\"BlogPosting\"},\"course\":{\"name\":\"\",\"description\":\"\",\"provider\":\"\"},\"faq\":{\"pages\":[]},\"product\":{\"reviews\":[]},\"recipe\":{\"ingredients\":[],\"instructions\":[],\"keywords\":[]},\"software\":{\"reviews\":[],\"operatingSystems\":[]},\"webPage\":{\"webPageType\":\"WebPage\"}}","pillar_content":false,"robots_default":true,"robots_noindex":false,"robots_noarchive":false,"robots_nosnippet":false,"robots_nofollow":false,"robots_noimageindex":false,"robots_noodp":false,"robots_notranslate":false,"robots_max_snippet":"-1","robots_max_videopreview":"-1","robots_max_imagepreview":"large","priority":null,"frequency":"default","local_seo":null,"seo_analyzer_scan_date":"2025-10-02 02:07:23","breadcrumb_settings":null,"limit_modified_date":false,"open_ai":null,"ai":null,"created":"2022-03-02 14:04:26","updated":"2025-10-02 02:07:23"},"aioseo_breadcrumb":"<div class=\"aioseo-breadcrumbs\"><span class=\"aioseo-breadcrumb\">\n\t<a href=\"https:\/\/www.eldigitaldeasturias.com\/noticias\" title=\"Home\">Home<\/a>\n<\/span><span class=\"aioseo-breadcrumb-separator\">\u2013<\/span><span class=\"aioseo-breadcrumb\">\n\t<a href=\"https:\/\/www.eldigitaldeasturias.com\/noticias\/category\/economia\/\" title=\"Econom\u00eda\">Econom\u00eda<\/a>\n<\/span><span class=\"aioseo-breadcrumb-separator\">\u2013<\/span><span class=\"aioseo-breadcrumb\">\n\t<a href=\"https:\/\/www.eldigitaldeasturias.com\/noticias\/aumenta-nuevamente-la-afiliacion-a-la-seguridad-social-en-espana\/\" title=\"Aumenta nuevamente la afiliaci\u00f3n a la Seguridad Social en Espa\u00f1a\">Aumenta nuevamente la afiliaci\u00f3n a la Seguridad Social en Espa\u00f1a<\/a>\n<\/span><\/div>","aioseo_breadcrumb_json":[{"label":"Home","link":"https:\/\/www.eldigitaldeasturias.com\/noticias"},{"label":"Econom\u00eda","link":"https:\/\/www.eldigitaldeasturias.com\/noticias\/category\/economia\/"},{"label":"Aumenta nuevamente la afiliaci\u00f3n a la Seguridad Social en Espa\u00f1a","link":"https:\/\/www.eldigitaldeasturias.com\/noticias\/aumenta-nuevamente-la-afiliacion-a-la-seguridad-social-en-espana\/"}],"_links":{"self":[{"href":"https:\/\/www.eldigitaldeasturias.com\/noticias\/wp-json\/wp\/v2\/posts\/1107494","targetHints":{"allow":["GET"]}}],"collection":[{"href":"https:\/\/www.eldigitaldeasturias.com\/noticias\/wp-json\/wp\/v2\/posts"}],"about":[{"href":"https:\/\/www.eldigitaldeasturias.com\/noticias\/wp-json\/wp\/v2\/types\/post"}],"author":[{"embeddable":true,"href":"https:\/\/www.eldigitaldeasturias.com\/noticias\/wp-json\/wp\/v2\/users\/1"}],"replies":[{"embeddable":true,"href":"https:\/\/www.eldigitaldeasturias.com\/noticias\/wp-json\/wp\/v2\/comments?post=1107494"}],"version-history":[{"count":0,"href":"https:\/\/www.eldigitaldeasturias.com\/noticias\/wp-json\/wp\/v2\/posts\/1107494\/revisions"}],"wp:featuredmedia":[{"embeddable":true,"href":"https:\/\/www.eldigitaldeasturias.com\/noticias\/wp-json\/wp\/v2\/media\/1107495"}],"wp:attachment":[{"href":"https:\/\/www.eldigitaldeasturias.com\/noticias\/wp-json\/wp\/v2\/media?parent=1107494"}],"wp:term":[{"taxonomy":"category","embeddable":true,"href":"https:\/\/www.eldigitaldeasturias.com\/noticias\/wp-json\/wp\/v2\/categories?post=1107494"},{"taxonomy":"post_tag","embeddable":true,"href":"https:\/\/www.eldigitaldeasturias.com\/noticias\/wp-json\/wp\/v2\/tags?post=1107494"}],"curies":[{"name":"wp","href":"https:\/\/api.w.org\/{rel}","templated":true}]}}