{"id":1107486,"date":"2022-03-02T14:52:53","date_gmt":"2022-03-02T13:52:53","guid":{"rendered":"https:\/\/www.eldigitaldeasturias.com\/noticias\/?p=1107486"},"modified":"2022-03-02T14:52:53","modified_gmt":"2022-03-02T13:52:53","slug":"el-paro-en-espana-baja-en-11-394-personas-en-febrero-de-2022","status":"publish","type":"post","link":"https:\/\/www.eldigitaldeasturias.com\/noticias\/el-paro-en-espana-baja-en-11-394-personas-en-febrero-de-2022\/","title":{"rendered":"El paro en Espa\u00f1a baja en 11.394 personas en febrero de 2022"},"content":{"rendered":"<p>El n\u00famero de desempleados y desempleadas registradas en las Oficinas del Servicios P\u00fablico de Empleo de Espa\u00f1a, al finalizar el mes de febrero de 2022, ha descendido en 11.394 personas (-0,36%) en relaci\u00f3n con el mes anterior.<strong> Es la mayor bajada en un mes de febrero desde el a\u00f1o 2015<\/strong>.<\/p>\n<p><img loading=\"lazy\" decoding=\"async\" class=\"aligncenter wp-image-1107470 size-large\" src=\"https:\/\/www.eldigitaldeasturias.com\/noticias\/wp-content\/uploads\/2022\/03\/paro-690x460.jpg\" alt=\"paro\" width=\"690\" height=\"460\" srcset=\"https:\/\/www.eldigitaldeasturias.com\/noticias\/wp-content\/uploads\/2022\/03\/paro-690x460.jpg 690w, https:\/\/www.eldigitaldeasturias.com\/noticias\/wp-content\/uploads\/2022\/03\/paro-360x240.jpg 360w, https:\/\/www.eldigitaldeasturias.com\/noticias\/wp-content\/uploads\/2022\/03\/paro-450x300.jpg 450w, https:\/\/www.eldigitaldeasturias.com\/noticias\/wp-content\/uploads\/2022\/03\/paro-768x512.jpg 768w, https:\/\/www.eldigitaldeasturias.com\/noticias\/wp-content\/uploads\/2022\/03\/paro-150x100.jpg 150w, https:\/\/www.eldigitaldeasturias.com\/noticias\/wp-content\/uploads\/2022\/03\/paro-1200x800.jpg 1200w, https:\/\/www.eldigitaldeasturias.com\/noticias\/wp-content\/uploads\/2022\/03\/paro.jpg 1280w\" sizes=\"auto, (max-width: 690px) 100vw, 690px\" \/><\/p>\n<p><strong>El paro registrado se ha situado en <span style=\"color: #ff6600;\"><a style=\"color: #ff6600;\" href=\"https:\/\/www.lamoncloa.gob.es\/serviciosdeprensa\/notasprensa\/trabajo14\/Paginas\/2022\/020322-paro.aspx\" target=\"_blank\" rel=\"noopener\">3.111.684 personas<\/a><\/span><\/strong>. Respecto a febrero de 2021, el paro ha descendido en 897.105 personas (-22,38%). Es la mayor bajada interanual de la serie hist\u00f3rica. En t\u00e9rminos desestacionalizados, el paro registrado se reduce en 35.734 personas.<\/p>\n<p>Por sectores, el porcentaje de contratos indefinidos registrados en febrero es especialmente relevante en la Construcci\u00f3n y en los Servicios.<\/p>\n<blockquote><p>Destaca la ca\u00edda de 94.311 de contratos por Obra o Servicio respecto a febrero de 2021 (-19,5%).<\/p><\/blockquote>\n<p>En magnitudes acumuladas, en enero y febrero de 2022 se han realizado <span style=\"color: #ff6600;\"><a style=\"color: #ff6600;\" href=\"https:\/\/www.eldigitaldeasturias.com\/noticias\/category\/negocios-y-empresas\/\"><strong>555.513 contratos por tiempo indefinido<\/strong><\/a><\/span> hasta febrero de 2022. Representa un ascenso de 298.891 (116,47%) sobre el mismo periodo del a\u00f1o 2021.<\/p>\n<h2>El paro por sectores econ\u00f3micos<\/h2>\n<p>Por sectores econ\u00f3micos con respecto a enero el paro registrado desciende en Servicios en 11.238 personas (-0,51%), Construcci\u00f3n en 7.199 personas (-2,87%) e Industria en 2.625 personas (-1,03%).<\/p>\n<p><strong>El paro sube en Agricultura con 6.543 parados m\u00e1s (4,41%)<\/strong> y entre el colectivo Sin Empleo Anterior que termina febrero con 3.125 personas inscritas m\u00e1s (1,27%).<\/p>\n<h2>El paro por sexo y edad<\/h2>\n<p>El desempleo femenino baja en 816 personas (-0,04%) en relaci\u00f3n al mes de enero y se sit\u00faa en 1.840.647. Si lo comparamos con febrero de 2021, el paro femenino baja en 464.132 mujeres (-20,14%).<\/p>\n<p>El desempleo masculino ha descendido en 10.578 personas (-0,83%) hasta un total de 1.271.037. En t\u00e9rminos interanuales cae en 432.973 personas (-25,41%).<\/p>\n<p>Atendiendo a la edad, <strong>el desempleo de los j\u00f3venes menores de 25 a\u00f1os sube en el mes de febrero en 6.005 personas (2,74%) respecto al mes anterior<\/strong>. El paro de 25 y m\u00e1s a\u00f1os baja en 17.399 (-0,60%).<\/p>\n<p><strong>En t\u00e9rminos interanuales, el paro entre las personas menores de 25 a\u00f1os se ha reducido un 38,5%, hasta alcanzar un total de 225.480<\/strong>, la menor cifra en un mes de febrero de la serie hist\u00f3rica.<\/p>\n<h2>El paro por comunidades aut\u00f3nomas<\/h2>\n<p>El paro ha disminuido en todas las comunidades aut\u00f3nomas en t\u00e9rminos interanuales.<\/p>\n<p>El paro registrado en el mes de febrero <a href=\"https:\/\/www.eldigitaldeasturias.com\/noticias\/asturias-datos-del-paro-febrero-de-2022\/\"><strong><span style=\"color: #ff6600;\">baja en 9 Comunidades Aut\u00f3nomas<\/span><\/strong><\/a> respecto al mes de enero con Madrid (-15.770), Canarias (-2.022) e Illes Balears (-1.931) a la cabeza.<\/p>\n<h4>Prestaciones en el mes de enero<\/h4>\n<p>El n\u00famero de personas beneficiarias existentes a final del mes de enero fue de 1.864.824. Los gastos totales de enero de 2022 supusieron 1.906,6 millones de euros, una disminuci\u00f3n del 27,5% respecto al mes de enero de 2021.<\/p>\n<p>El gasto medio mensual por beneficiario, sin incluir el subsidio agrario de Andaluc\u00eda y Extremadura, en el mes de enero de 2022 ha sido de 1.047,9\u20ac.<\/p>\n<p>La inversi\u00f3n total en prestaciones por ERTE ha supuesto 80 millones de euros.<\/p>\n","protected":false},"excerpt":{"rendered":"<p>El n\u00famero de desempleados y desempleadas registradas en las Oficinas del Servicios P\u00fablico de Empleo de Espa\u00f1a, al finalizar el mes de febrero de 2022, ha descendido en 11.394 personas (-0,36%) en relaci\u00f3n con el mes anterior. Es la mayor bajada en un mes de febrero desde el a\u00f1o 2015. El paro registrado se ha [&hellip;]<\/p>\n","protected":false},"author":1,"featured_media":1107470,"comment_status":"closed","ping_status":"closed","sticky":false,"template":"","format":"standard","meta":{"footnotes":""},"categories":[187],"tags":[],"class_list":["post-1107486","post","type-post","status-publish","format-standard","has-post-thumbnail","hentry","category-economia"],"aioseo_notices":[],"aioseo_head":"\n\t\t<!-- All in One SEO Pro 4.9.6.2 - aioseo.com -->\n\t<meta name=\"description\" content=\"El n\u00famero de desempleados y desempleadas registradas en las Oficinas del Servicios P\u00fablico de Empleo de Espa\u00f1a, al finalizar el mes de febrero de 2022\" \/>\n\t<meta name=\"robots\" content=\"max-image-preview:large\" \/>\n\t<meta name=\"author\" content=\"El Digital de Asturias\"\/>\n\t<meta name=\"google-site-verification\" content=\"UA-38556648-1\" \/>\n\t<meta name=\"msvalidate.01\" content=\"7dfe9f3f1b24437ab69f4f2559babe99\" \/>\n\t<meta name=\"keywords\" content=\"econom\u00eda\" \/>\n\t<link rel=\"canonical\" href=\"https:\/\/www.eldigitaldeasturias.com\/noticias\/el-paro-en-espana-baja-en-11-394-personas-en-febrero-de-2022\/\" \/>\n\t<meta name=\"generator\" content=\"All in One SEO Pro (AIOSEO) 4.9.6.2\" \/>\n\t\t<meta property=\"og:locale\" content=\"es_ES\" \/>\n\t\t<meta property=\"og:site_name\" content=\"El Digital de Asturias\" \/>\n\t\t<meta property=\"og:type\" content=\"article\" \/>\n\t\t<meta property=\"og:title\" content=\"El paro en Espa\u00f1a baja en 11.394 personas en febrero de 2022 - El Digital de Asturias\" \/>\n\t\t<meta property=\"og:description\" content=\"El n\u00famero de desempleados y desempleadas registradas en las Oficinas del Servicios P\u00fablico de Empleo de Espa\u00f1a, al finalizar el mes de febrero de 2022\" \/>\n\t\t<meta property=\"og:url\" content=\"https:\/\/www.eldigitaldeasturias.com\/noticias\/el-paro-en-espana-baja-en-11-394-personas-en-febrero-de-2022\/\" \/>\n\t\t<meta property=\"og:image\" content=\"https:\/\/www.eldigitaldeasturias.com\/noticias\/wp-content\/uploads\/2022\/03\/paro.jpg\" \/>\n\t\t<meta property=\"og:image:secure_url\" content=\"https:\/\/www.eldigitaldeasturias.com\/noticias\/wp-content\/uploads\/2022\/03\/paro.jpg\" \/>\n\t\t<meta property=\"og:image:width\" content=\"1280\" \/>\n\t\t<meta property=\"og:image:height\" content=\"853\" \/>\n\t\t<meta property=\"article:tag\" content=\"econom\u00eda\" \/>\n\t\t<meta property=\"article:published_time\" content=\"2022-03-02T13:52:53+00:00\" \/>\n\t\t<meta property=\"article:modified_time\" content=\"2022-03-02T13:52:53+00:00\" \/>\n\t\t<meta property=\"article:publisher\" content=\"https:\/\/facebook.com\/eldigitaldeasturias\" \/>\n\t\t<meta name=\"twitter:card\" content=\"summary_large_image\" \/>\n\t\t<meta name=\"twitter:title\" content=\"El paro en Espa\u00f1a baja en 11.394 personas en febrero de 2022 - El Digital de Asturias\" \/>\n\t\t<meta name=\"twitter:description\" content=\"El n\u00famero de desempleados y desempleadas registradas en las Oficinas del Servicios P\u00fablico de Empleo de Espa\u00f1a, al finalizar el mes de febrero de 2022\" \/>\n\t\t<meta name=\"twitter:image\" content=\"https:\/\/www.eldigitaldeasturias.com\/noticias\/wp-content\/uploads\/2022\/03\/paro.jpg\" \/>\n\t\t<meta name=\"twitter:label1\" content=\"Escrito por\" \/>\n\t\t<meta name=\"twitter:data1\" content=\"El Digital de Asturias\" \/>\n\t\t<meta name=\"twitter:label2\" content=\"Tiempo de lectura estimado\" \/>\n\t\t<meta name=\"twitter:data2\" content=\"2 minutos\" \/>\n\t\t<script type=\"application\/ld+json\" class=\"aioseo-schema\">\n\t\t\t{\"@context\":\"https:\\\/\\\/schema.org\",\"@graph\":[{\"@type\":\"BlogPosting\",\"@id\":\"https:\\\/\\\/www.eldigitaldeasturias.com\\\/noticias\\\/el-paro-en-espana-baja-en-11-394-personas-en-febrero-de-2022\\\/#blogposting\",\"name\":\"El paro en Espa\\u00f1a baja en 11.394 personas en febrero de 2022 - El Digital de Asturias\",\"headline\":\"El paro en Espa\\u00f1a baja en 11.394 personas en febrero de 2022\",\"author\":{\"@id\":\"https:\\\/\\\/www.eldigitaldeasturias.com\\\/noticias\\\/author\\\/admin\\\/#author\"},\"publisher\":{\"@id\":\"https:\\\/\\\/www.eldigitaldeasturias.com\\\/noticias\\\/#organization\"},\"image\":{\"@type\":\"ImageObject\",\"url\":\"https:\\\/\\\/www.eldigitaldeasturias.com\\\/noticias\\\/wp-content\\\/uploads\\\/2022\\\/03\\\/paro.jpg\",\"width\":1280,\"height\":853,\"caption\":\"paro\"},\"datePublished\":\"2022-03-02T14:52:53+01:00\",\"dateModified\":\"2022-03-02T14:52:53+01:00\",\"inLanguage\":\"es-ES\",\"mainEntityOfPage\":{\"@id\":\"https:\\\/\\\/www.eldigitaldeasturias.com\\\/noticias\\\/el-paro-en-espana-baja-en-11-394-personas-en-febrero-de-2022\\\/#webpage\"},\"isPartOf\":{\"@id\":\"https:\\\/\\\/www.eldigitaldeasturias.com\\\/noticias\\\/el-paro-en-espana-baja-en-11-394-personas-en-febrero-de-2022\\\/#webpage\"},\"articleSection\":\"Econom\\u00eda\"},{\"@type\":\"BreadcrumbList\",\"@id\":\"https:\\\/\\\/www.eldigitaldeasturias.com\\\/noticias\\\/el-paro-en-espana-baja-en-11-394-personas-en-febrero-de-2022\\\/#breadcrumblist\",\"itemListElement\":[{\"@type\":\"ListItem\",\"@id\":\"https:\\\/\\\/www.eldigitaldeasturias.com\\\/noticias#listItem\",\"position\":1,\"name\":\"Home\",\"item\":\"https:\\\/\\\/www.eldigitaldeasturias.com\\\/noticias\",\"nextItem\":{\"@type\":\"ListItem\",\"@id\":\"https:\\\/\\\/www.eldigitaldeasturias.com\\\/noticias\\\/category\\\/economia\\\/#listItem\",\"name\":\"Econom\\u00eda\"}},{\"@type\":\"ListItem\",\"@id\":\"https:\\\/\\\/www.eldigitaldeasturias.com\\\/noticias\\\/category\\\/economia\\\/#listItem\",\"position\":2,\"name\":\"Econom\\u00eda\",\"item\":\"https:\\\/\\\/www.eldigitaldeasturias.com\\\/noticias\\\/category\\\/economia\\\/\",\"nextItem\":{\"@type\":\"ListItem\",\"@id\":\"https:\\\/\\\/www.eldigitaldeasturias.com\\\/noticias\\\/el-paro-en-espana-baja-en-11-394-personas-en-febrero-de-2022\\\/#listItem\",\"name\":\"El paro en Espa\\u00f1a baja en 11.394 personas en febrero de 2022\"},\"previousItem\":{\"@type\":\"ListItem\",\"@id\":\"https:\\\/\\\/www.eldigitaldeasturias.com\\\/noticias#listItem\",\"name\":\"Home\"}},{\"@type\":\"ListItem\",\"@id\":\"https:\\\/\\\/www.eldigitaldeasturias.com\\\/noticias\\\/el-paro-en-espana-baja-en-11-394-personas-en-febrero-de-2022\\\/#listItem\",\"position\":3,\"name\":\"El paro en Espa\\u00f1a baja en 11.394 personas en febrero de 2022\",\"previousItem\":{\"@type\":\"ListItem\",\"@id\":\"https:\\\/\\\/www.eldigitaldeasturias.com\\\/noticias\\\/category\\\/economia\\\/#listItem\",\"name\":\"Econom\\u00eda\"}}]},{\"@type\":\"Organization\",\"@id\":\"https:\\\/\\\/www.eldigitaldeasturias.com\\\/noticias\\\/#organization\",\"name\":\"El Digital de Asturias\",\"description\":\"Hemeroteca\",\"url\":\"https:\\\/\\\/www.eldigitaldeasturias.com\\\/noticias\\\/\",\"email\":\"info@eldigitaldeasturias.com\",\"telephone\":\"+34652131393\",\"logo\":{\"@type\":\"ImageObject\",\"url\":\"https:\\\/\\\/www.eldigitaldeasturias.com\\\/noticias\\\/wp-content\\\/uploads\\\/2020\\\/12\\\/EDA.jpg\",\"@id\":\"https:\\\/\\\/www.eldigitaldeasturias.com\\\/noticias\\\/el-paro-en-espana-baja-en-11-394-personas-en-febrero-de-2022\\\/#organizationLogo\",\"width\":649,\"height\":297},\"image\":{\"@id\":\"https:\\\/\\\/www.eldigitaldeasturias.com\\\/noticias\\\/el-paro-en-espana-baja-en-11-394-personas-en-febrero-de-2022\\\/#organizationLogo\"},\"sameAs\":[\"https:\\\/\\\/facebook.com\\\/eldigitaldeasturias\",\"https:\\\/\\\/www.youtube.com\\\/channel\\\/UCZP-2wLEB9Rv6erhFmqVnvg\"],\"address\":{\"@id\":\"https:\\\/\\\/www.eldigitaldeasturias.com\\\/noticias\\\/#postaladdress\",\"@type\":\"PostalAddress\",\"streetAddress\":\"san antonio 4,\",\"postalCode\":\"33430\",\"addressLocality\":\"Cand\\u00e1s\",\"addressRegion\":\"Asturias\",\"addressCountry\":\"ES\"}},{\"@type\":\"Person\",\"@id\":\"https:\\\/\\\/www.eldigitaldeasturias.com\\\/noticias\\\/author\\\/admin\\\/#author\",\"url\":\"https:\\\/\\\/www.eldigitaldeasturias.com\\\/noticias\\\/author\\\/admin\\\/\",\"name\":\"El Digital de Asturias\",\"image\":{\"@type\":\"ImageObject\",\"@id\":\"https:\\\/\\\/www.eldigitaldeasturias.com\\\/noticias\\\/el-paro-en-espana-baja-en-11-394-personas-en-febrero-de-2022\\\/#authorImage\",\"url\":\"https:\\\/\\\/www.eldigitaldeasturias.com\\\/noticias\\\/wp-content\\\/litespeed\\\/avatar\\\/18677e78aa0546b92d9dbf31ec7d7668.jpg?ver=1777290358\",\"width\":96,\"height\":96,\"caption\":\"El Digital de Asturias\"}},{\"@type\":\"WebPage\",\"@id\":\"https:\\\/\\\/www.eldigitaldeasturias.com\\\/noticias\\\/el-paro-en-espana-baja-en-11-394-personas-en-febrero-de-2022\\\/#webpage\",\"url\":\"https:\\\/\\\/www.eldigitaldeasturias.com\\\/noticias\\\/el-paro-en-espana-baja-en-11-394-personas-en-febrero-de-2022\\\/\",\"name\":\"El paro en Espa\\u00f1a baja en 11.394 personas en febrero de 2022 - El Digital de Asturias\",\"description\":\"El n\\u00famero de desempleados y desempleadas registradas en las Oficinas del Servicios P\\u00fablico de Empleo de Espa\\u00f1a, al finalizar el mes de febrero de 2022\",\"inLanguage\":\"es-ES\",\"isPartOf\":{\"@id\":\"https:\\\/\\\/www.eldigitaldeasturias.com\\\/noticias\\\/#website\"},\"breadcrumb\":{\"@id\":\"https:\\\/\\\/www.eldigitaldeasturias.com\\\/noticias\\\/el-paro-en-espana-baja-en-11-394-personas-en-febrero-de-2022\\\/#breadcrumblist\"},\"author\":{\"@id\":\"https:\\\/\\\/www.eldigitaldeasturias.com\\\/noticias\\\/author\\\/admin\\\/#author\"},\"creator\":{\"@id\":\"https:\\\/\\\/www.eldigitaldeasturias.com\\\/noticias\\\/author\\\/admin\\\/#author\"},\"image\":{\"@type\":\"ImageObject\",\"url\":\"https:\\\/\\\/www.eldigitaldeasturias.com\\\/noticias\\\/wp-content\\\/uploads\\\/2022\\\/03\\\/paro.jpg\",\"@id\":\"https:\\\/\\\/www.eldigitaldeasturias.com\\\/noticias\\\/el-paro-en-espana-baja-en-11-394-personas-en-febrero-de-2022\\\/#mainImage\",\"width\":1280,\"height\":853,\"caption\":\"paro\"},\"primaryImageOfPage\":{\"@id\":\"https:\\\/\\\/www.eldigitaldeasturias.com\\\/noticias\\\/el-paro-en-espana-baja-en-11-394-personas-en-febrero-de-2022\\\/#mainImage\"},\"datePublished\":\"2022-03-02T14:52:53+01:00\",\"dateModified\":\"2022-03-02T14:52:53+01:00\"},{\"@type\":\"WebSite\",\"@id\":\"https:\\\/\\\/www.eldigitaldeasturias.com\\\/noticias\\\/#website\",\"url\":\"https:\\\/\\\/www.eldigitaldeasturias.com\\\/noticias\\\/\",\"name\":\"El Digital de Asturias - Diario de actualidad y noticias\",\"alternateName\":\"El Digital de Asturias - Diario de actualidad y noticias\",\"description\":\"Hemeroteca\",\"inLanguage\":\"es-ES\",\"publisher\":{\"@id\":\"https:\\\/\\\/www.eldigitaldeasturias.com\\\/noticias\\\/#organization\"}}]}\n\t\t<\/script>\n\t\t<!-- All in One SEO Pro -->\r\n\t\t<title>El paro en Espa\u00f1a baja en 11.394 personas en febrero de 2022 - El Digital de Asturias<\/title>\n\n","aioseo_head_json":{"title":"El paro en Espa\u00f1a baja en 11.394 personas en febrero de 2022 - El Digital de Asturias","description":"El n\u00famero de desempleados y desempleadas registradas en las Oficinas del Servicios P\u00fablico de Empleo de Espa\u00f1a, al finalizar el mes de febrero de 2022","canonical_url":"https:\/\/www.eldigitaldeasturias.com\/noticias\/el-paro-en-espana-baja-en-11-394-personas-en-febrero-de-2022\/","robots":"max-image-preview:large","keywords":"econom\u00eda","webmasterTools":{"google-site-verification":"UA-38556648-1","msvalidate.01":"7dfe9f3f1b24437ab69f4f2559babe99","miscellaneous":""},"schema":{"@context":"https:\/\/schema.org","@graph":[{"@type":"BlogPosting","@id":"https:\/\/www.eldigitaldeasturias.com\/noticias\/el-paro-en-espana-baja-en-11-394-personas-en-febrero-de-2022\/#blogposting","name":"El paro en Espa\u00f1a baja en 11.394 personas en febrero de 2022 - El Digital de Asturias","headline":"El paro en Espa\u00f1a baja en 11.394 personas en febrero de 2022","author":{"@id":"https:\/\/www.eldigitaldeasturias.com\/noticias\/author\/admin\/#author"},"publisher":{"@id":"https:\/\/www.eldigitaldeasturias.com\/noticias\/#organization"},"image":{"@type":"ImageObject","url":"https:\/\/www.eldigitaldeasturias.com\/noticias\/wp-content\/uploads\/2022\/03\/paro.jpg","width":1280,"height":853,"caption":"paro"},"datePublished":"2022-03-02T14:52:53+01:00","dateModified":"2022-03-02T14:52:53+01:00","inLanguage":"es-ES","mainEntityOfPage":{"@id":"https:\/\/www.eldigitaldeasturias.com\/noticias\/el-paro-en-espana-baja-en-11-394-personas-en-febrero-de-2022\/#webpage"},"isPartOf":{"@id":"https:\/\/www.eldigitaldeasturias.com\/noticias\/el-paro-en-espana-baja-en-11-394-personas-en-febrero-de-2022\/#webpage"},"articleSection":"Econom\u00eda"},{"@type":"BreadcrumbList","@id":"https:\/\/www.eldigitaldeasturias.com\/noticias\/el-paro-en-espana-baja-en-11-394-personas-en-febrero-de-2022\/#breadcrumblist","itemListElement":[{"@type":"ListItem","@id":"https:\/\/www.eldigitaldeasturias.com\/noticias#listItem","position":1,"name":"Home","item":"https:\/\/www.eldigitaldeasturias.com\/noticias","nextItem":{"@type":"ListItem","@id":"https:\/\/www.eldigitaldeasturias.com\/noticias\/category\/economia\/#listItem","name":"Econom\u00eda"}},{"@type":"ListItem","@id":"https:\/\/www.eldigitaldeasturias.com\/noticias\/category\/economia\/#listItem","position":2,"name":"Econom\u00eda","item":"https:\/\/www.eldigitaldeasturias.com\/noticias\/category\/economia\/","nextItem":{"@type":"ListItem","@id":"https:\/\/www.eldigitaldeasturias.com\/noticias\/el-paro-en-espana-baja-en-11-394-personas-en-febrero-de-2022\/#listItem","name":"El paro en Espa\u00f1a baja en 11.394 personas en febrero de 2022"},"previousItem":{"@type":"ListItem","@id":"https:\/\/www.eldigitaldeasturias.com\/noticias#listItem","name":"Home"}},{"@type":"ListItem","@id":"https:\/\/www.eldigitaldeasturias.com\/noticias\/el-paro-en-espana-baja-en-11-394-personas-en-febrero-de-2022\/#listItem","position":3,"name":"El paro en Espa\u00f1a baja en 11.394 personas en febrero de 2022","previousItem":{"@type":"ListItem","@id":"https:\/\/www.eldigitaldeasturias.com\/noticias\/category\/economia\/#listItem","name":"Econom\u00eda"}}]},{"@type":"Organization","@id":"https:\/\/www.eldigitaldeasturias.com\/noticias\/#organization","name":"El Digital de Asturias","description":"Hemeroteca","url":"https:\/\/www.eldigitaldeasturias.com\/noticias\/","email":"info@eldigitaldeasturias.com","telephone":"+34652131393","logo":{"@type":"ImageObject","url":"https:\/\/www.eldigitaldeasturias.com\/noticias\/wp-content\/uploads\/2020\/12\/EDA.jpg","@id":"https:\/\/www.eldigitaldeasturias.com\/noticias\/el-paro-en-espana-baja-en-11-394-personas-en-febrero-de-2022\/#organizationLogo","width":649,"height":297},"image":{"@id":"https:\/\/www.eldigitaldeasturias.com\/noticias\/el-paro-en-espana-baja-en-11-394-personas-en-febrero-de-2022\/#organizationLogo"},"sameAs":["https:\/\/facebook.com\/eldigitaldeasturias","https:\/\/www.youtube.com\/channel\/UCZP-2wLEB9Rv6erhFmqVnvg"],"address":{"@id":"https:\/\/www.eldigitaldeasturias.com\/noticias\/#postaladdress","@type":"PostalAddress","streetAddress":"san antonio 4,","postalCode":"33430","addressLocality":"Cand\u00e1s","addressRegion":"Asturias","addressCountry":"ES"}},{"@type":"Person","@id":"https:\/\/www.eldigitaldeasturias.com\/noticias\/author\/admin\/#author","url":"https:\/\/www.eldigitaldeasturias.com\/noticias\/author\/admin\/","name":"El Digital de Asturias","image":{"@type":"ImageObject","@id":"https:\/\/www.eldigitaldeasturias.com\/noticias\/el-paro-en-espana-baja-en-11-394-personas-en-febrero-de-2022\/#authorImage","url":"https:\/\/www.eldigitaldeasturias.com\/noticias\/wp-content\/litespeed\/avatar\/18677e78aa0546b92d9dbf31ec7d7668.jpg?ver=1777290358","width":96,"height":96,"caption":"El Digital de Asturias"}},{"@type":"WebPage","@id":"https:\/\/www.eldigitaldeasturias.com\/noticias\/el-paro-en-espana-baja-en-11-394-personas-en-febrero-de-2022\/#webpage","url":"https:\/\/www.eldigitaldeasturias.com\/noticias\/el-paro-en-espana-baja-en-11-394-personas-en-febrero-de-2022\/","name":"El paro en Espa\u00f1a baja en 11.394 personas en febrero de 2022 - El Digital de Asturias","description":"El n\u00famero de desempleados y desempleadas registradas en las Oficinas del Servicios P\u00fablico de Empleo de Espa\u00f1a, al finalizar el mes de febrero de 2022","inLanguage":"es-ES","isPartOf":{"@id":"https:\/\/www.eldigitaldeasturias.com\/noticias\/#website"},"breadcrumb":{"@id":"https:\/\/www.eldigitaldeasturias.com\/noticias\/el-paro-en-espana-baja-en-11-394-personas-en-febrero-de-2022\/#breadcrumblist"},"author":{"@id":"https:\/\/www.eldigitaldeasturias.com\/noticias\/author\/admin\/#author"},"creator":{"@id":"https:\/\/www.eldigitaldeasturias.com\/noticias\/author\/admin\/#author"},"image":{"@type":"ImageObject","url":"https:\/\/www.eldigitaldeasturias.com\/noticias\/wp-content\/uploads\/2022\/03\/paro.jpg","@id":"https:\/\/www.eldigitaldeasturias.com\/noticias\/el-paro-en-espana-baja-en-11-394-personas-en-febrero-de-2022\/#mainImage","width":1280,"height":853,"caption":"paro"},"primaryImageOfPage":{"@id":"https:\/\/www.eldigitaldeasturias.com\/noticias\/el-paro-en-espana-baja-en-11-394-personas-en-febrero-de-2022\/#mainImage"},"datePublished":"2022-03-02T14:52:53+01:00","dateModified":"2022-03-02T14:52:53+01:00"},{"@type":"WebSite","@id":"https:\/\/www.eldigitaldeasturias.com\/noticias\/#website","url":"https:\/\/www.eldigitaldeasturias.com\/noticias\/","name":"El Digital de Asturias - Diario de actualidad y noticias","alternateName":"El Digital de Asturias - Diario de actualidad y noticias","description":"Hemeroteca","inLanguage":"es-ES","publisher":{"@id":"https:\/\/www.eldigitaldeasturias.com\/noticias\/#organization"}}]},"og:locale":"es_ES","og:site_name":"El Digital de Asturias","og:type":"article","og:title":"El paro en Espa\u00f1a baja en 11.394 personas en febrero de 2022 - El Digital de Asturias","og:description":"El n\u00famero de desempleados y desempleadas registradas en las Oficinas del Servicios P\u00fablico de Empleo de Espa\u00f1a, al finalizar el mes de febrero de 2022","og:url":"https:\/\/www.eldigitaldeasturias.com\/noticias\/el-paro-en-espana-baja-en-11-394-personas-en-febrero-de-2022\/","og:image":"https:\/\/www.eldigitaldeasturias.com\/noticias\/wp-content\/uploads\/2022\/03\/paro.jpg","og:image:secure_url":"https:\/\/www.eldigitaldeasturias.com\/noticias\/wp-content\/uploads\/2022\/03\/paro.jpg","og:image:width":1280,"og:image:height":853,"article:tag":["econom\u00eda"],"article:published_time":"2022-03-02T13:52:53+00:00","article:modified_time":"2022-03-02T13:52:53+00:00","article:publisher":"https:\/\/facebook.com\/eldigitaldeasturias","twitter:card":"summary_large_image","twitter:title":"El paro en Espa\u00f1a baja en 11.394 personas en febrero de 2022 - El Digital de Asturias","twitter:description":"El n\u00famero de desempleados y desempleadas registradas en las Oficinas del Servicios P\u00fablico de Empleo de Espa\u00f1a, al finalizar el mes de febrero de 2022","twitter:image":"https:\/\/www.eldigitaldeasturias.com\/noticias\/wp-content\/uploads\/2022\/03\/paro.jpg","twitter:label1":"Escrito por","twitter:data1":"El Digital de Asturias","twitter:label2":"Tiempo de lectura estimado","twitter:data2":"2 minutos"},"aioseo_meta_data":{"post_id":"1107486","title":null,"description":"El n\u00famero de desempleados y desempleadas registradas en las Oficinas del Servicios P\u00fablico de Empleo de Espa\u00f1a, al finalizar el mes de febrero de 2022","keywords":[],"keyphrases":{"focus":{"keyphrase":"febrero","score":78,"analysis":{"keyphraseInTitle":{"title":"Focus keyphrase in SEO title","description":"Focus keyphrase found in SEO title.","score":9,"maxScore":9,"error":0},"keyphraseInDescription":{"title":"Focus keyphrase in meta description","description":"Focus keyphrase found in meta description.","score":9,"maxScore":9,"error":0},"keyphraseLength":{"title":"Focus keyphrase length","description":"Good job!","score":9,"maxScore":9,"error":0,"length":1},"keyphraseInURL":[],"keyphraseInIntroduction":{"title":"Focus keyphrase in introduction","description":"Your Focus keyphrase appears in the first paragraph. Well done!","score":9,"maxScore":9,"error":0},"keyphraseInSubHeadings":{"title":"Focus keyphrase in Subheadings","description":"Use your focus keyphrase more in your H2 and H3 subheadings.","score":3,"maxScore":9,"error":1},"keyphraseInImageAlt":{"title":"Focus keyphrase in image alt attributes","description":"Focus keyphrase not found in image alt attribute(s). Add an image with your Focus keyphrase as alt text.","score":3,"maxScore":9,"error":1}}},"additional":[{"keyphrase":"Espa\u00f1a","score":83,"analysis":{"keyphraseInDescription":{"title":"Keyphrase in meta description","description":"Keyphrase found in meta description.","score":9,"maxScore":9,"error":0},"keyphraseLength":{"title":"Keyphrase length","description":"Good job!","score":9,"maxScore":9,"error":0,"length":1},"keyphraseInIntroduction":{"title":"Keyphrase in introduction","description":"Your Keyphrase appears in the first paragraph. Well done!","score":9,"maxScore":9,"error":0},"keyphraseInImageAlt":{"title":"Keyphrase in image alt attributes","description":"Keyphrase not found in image alt attribute(s). Add an image with your Keyphrase as alt text.","score":3,"maxScore":9,"error":1}}},{"keyphrase":"Empleo de Espa\u00f1a","score":83,"analysis":{"keyphraseInDescription":{"title":"Keyphrase in meta description","description":"Keyphrase found in meta description.","score":9,"maxScore":9,"error":0},"keyphraseLength":{"title":"Keyphrase length","description":"Good job!","score":9,"maxScore":9,"error":0,"length":3},"keyphraseInIntroduction":{"title":"Keyphrase in introduction","description":"Your Keyphrase appears in the first paragraph. Well done!","score":9,"maxScore":9,"error":0},"keyphraseInImageAlt":{"title":"Keyphrase in image alt attributes","description":"Keyphrase not found in image alt attribute(s). Add an image with your Keyphrase as alt text.","score":3,"maxScore":9,"error":1}}},{"keyphrase":"paro","score":67,"analysis":{"keyphraseInDescription":{"title":"Keyphrase in meta description","description":"Keyphrase not found in meta description.","score":3,"maxScore":9,"error":1},"keyphraseLength":{"title":"Keyphrase length","description":"Good job!","score":9,"maxScore":9,"error":0,"length":1},"keyphraseInIntroduction":{"title":"Keyphrase in introduction","description":"Your Keyphrase does not appear in the first paragraph. Make sure the topic is clear immediately.","score":3,"maxScore":9,"error":1},"keyphraseInImageAlt":{"title":"Keyphrase in image alt attributes","description":"Keyphrase found in image alt attribute(s).","score":9,"maxScore":9,"error":0}}}]},"primary_term":null,"canonical_url":null,"og_title":null,"og_description":null,"og_object_type":"default","og_image_type":"default","og_image_url":null,"og_image_width":null,"og_image_height":null,"og_image_custom_url":null,"og_image_custom_fields":null,"og_video":"","og_custom_url":null,"og_article_section":null,"og_article_tags":[],"twitter_use_og":false,"twitter_card":"default","twitter_image_type":"default","twitter_image_url":null,"twitter_image_custom_url":null,"twitter_image_custom_fields":null,"twitter_title":null,"twitter_description":null,"schema":{"blockGraphs":[],"customGraphs":[],"default":{"data":{"Article":[],"Course":[],"Dataset":[],"FAQPage":[],"Movie":[],"Person":[],"Product":[],"ProductReview":[],"Car":[],"Recipe":[],"Service":[],"SoftwareApplication":[],"WebPage":[]},"graphName":"","isEnabled":true},"graphs":[],"defaultGraph":"Article","defaultPostTypeGraph":""},"schema_type":"default","schema_type_options":"{\"article\":{\"articleType\":\"BlogPosting\"},\"course\":{\"name\":\"\",\"description\":\"\",\"provider\":\"\"},\"faq\":{\"pages\":[]},\"product\":{\"reviews\":[]},\"recipe\":{\"ingredients\":[],\"instructions\":[],\"keywords\":[]},\"software\":{\"reviews\":[],\"operatingSystems\":[]},\"webPage\":{\"webPageType\":\"WebPage\"}}","pillar_content":false,"robots_default":true,"robots_noindex":false,"robots_noarchive":false,"robots_nosnippet":false,"robots_nofollow":false,"robots_noimageindex":false,"robots_noodp":false,"robots_notranslate":false,"robots_max_snippet":"-1","robots_max_videopreview":"-1","robots_max_imagepreview":"large","priority":null,"frequency":"default","local_seo":null,"seo_analyzer_scan_date":"2025-10-02 02:05:36","breadcrumb_settings":null,"limit_modified_date":false,"open_ai":null,"ai":null,"created":"2022-03-02 13:44:19","updated":"2025-10-02 02:05:36"},"aioseo_breadcrumb":"<div class=\"aioseo-breadcrumbs\"><span class=\"aioseo-breadcrumb\">\n\t<a href=\"https:\/\/www.eldigitaldeasturias.com\/noticias\" title=\"Home\">Home<\/a>\n<\/span><span class=\"aioseo-breadcrumb-separator\">\u2013<\/span><span class=\"aioseo-breadcrumb\">\n\t<a href=\"https:\/\/www.eldigitaldeasturias.com\/noticias\/category\/economia\/\" title=\"Econom\u00eda\">Econom\u00eda<\/a>\n<\/span><span class=\"aioseo-breadcrumb-separator\">\u2013<\/span><span class=\"aioseo-breadcrumb\">\n\t<a href=\"https:\/\/www.eldigitaldeasturias.com\/noticias\/el-paro-en-espana-baja-en-11-394-personas-en-febrero-de-2022\/\" title=\"El paro en Espa\u00f1a baja en 11.394 personas en febrero de 2022\">El paro en Espa\u00f1a baja en 11.394 personas en febrero de 2022<\/a>\n<\/span><\/div>","aioseo_breadcrumb_json":[{"label":"Home","link":"https:\/\/www.eldigitaldeasturias.com\/noticias"},{"label":"Econom\u00eda","link":"https:\/\/www.eldigitaldeasturias.com\/noticias\/category\/economia\/"},{"label":"El paro en Espa\u00f1a baja en 11.394 personas en febrero de 2022","link":"https:\/\/www.eldigitaldeasturias.com\/noticias\/el-paro-en-espana-baja-en-11-394-personas-en-febrero-de-2022\/"}],"_links":{"self":[{"href":"https:\/\/www.eldigitaldeasturias.com\/noticias\/wp-json\/wp\/v2\/posts\/1107486","targetHints":{"allow":["GET"]}}],"collection":[{"href":"https:\/\/www.eldigitaldeasturias.com\/noticias\/wp-json\/wp\/v2\/posts"}],"about":[{"href":"https:\/\/www.eldigitaldeasturias.com\/noticias\/wp-json\/wp\/v2\/types\/post"}],"author":[{"embeddable":true,"href":"https:\/\/www.eldigitaldeasturias.com\/noticias\/wp-json\/wp\/v2\/users\/1"}],"replies":[{"embeddable":true,"href":"https:\/\/www.eldigitaldeasturias.com\/noticias\/wp-json\/wp\/v2\/comments?post=1107486"}],"version-history":[{"count":0,"href":"https:\/\/www.eldigitaldeasturias.com\/noticias\/wp-json\/wp\/v2\/posts\/1107486\/revisions"}],"wp:featuredmedia":[{"embeddable":true,"href":"https:\/\/www.eldigitaldeasturias.com\/noticias\/wp-json\/wp\/v2\/media\/1107470"}],"wp:attachment":[{"href":"https:\/\/www.eldigitaldeasturias.com\/noticias\/wp-json\/wp\/v2\/media?parent=1107486"}],"wp:term":[{"taxonomy":"category","embeddable":true,"href":"https:\/\/www.eldigitaldeasturias.com\/noticias\/wp-json\/wp\/v2\/categories?post=1107486"},{"taxonomy":"post_tag","embeddable":true,"href":"https:\/\/www.eldigitaldeasturias.com\/noticias\/wp-json\/wp\/v2\/tags?post=1107486"}],"curies":[{"name":"wp","href":"https:\/\/api.w.org\/{rel}","templated":true}]}}