{"id":1107330,"date":"2022-03-01T07:18:39","date_gmt":"2022-03-01T06:18:39","guid":{"rendered":"https:\/\/www.eldigitaldeasturias.com\/noticias\/?p=1107330"},"modified":"2022-03-01T07:18:39","modified_gmt":"2022-03-01T06:18:39","slug":"cambio-climatico-malas-noticias-para-el-planeta","status":"publish","type":"post","link":"https:\/\/www.eldigitaldeasturias.com\/noticias\/cambio-climatico-malas-noticias-para-el-planeta\/","title":{"rendered":"Cambio clim\u00e1tico: Malas noticias para el planeta"},"content":{"rendered":"<p>El nuevo informe presentado por el <strong>Grupo Intergubernamental de Expertos sobre el Cambio Clim\u00e1tico<\/strong> ha advertido de que el impacto del cambio clim\u00e1tico es \u00abm\u00e1s r\u00e1pido, m\u00e1s grave y m\u00e1s amplio\u00bb que lo previsto hace 20 a\u00f1os.<\/p>\n<p><img loading=\"lazy\" decoding=\"async\" class=\"aligncenter wp-image-1107331 size-full\" src=\"https:\/\/www.eldigitaldeasturias.com\/noticias\/wp-content\/uploads\/2022\/03\/climatico.jpg\" alt=\"clim\u00e1tico\" width=\"640\" height=\"436\" srcset=\"https:\/\/www.eldigitaldeasturias.com\/noticias\/wp-content\/uploads\/2022\/03\/climatico.jpg 640w, https:\/\/www.eldigitaldeasturias.com\/noticias\/wp-content\/uploads\/2022\/03\/climatico-360x245.jpg 360w, https:\/\/www.eldigitaldeasturias.com\/noticias\/wp-content\/uploads\/2022\/03\/climatico-440x300.jpg 440w, https:\/\/www.eldigitaldeasturias.com\/noticias\/wp-content\/uploads\/2022\/03\/climatico-150x102.jpg 150w, https:\/\/www.eldigitaldeasturias.com\/noticias\/wp-content\/uploads\/2022\/03\/climatico-450x307.jpg 450w\" sizes=\"auto, (max-width: 640px) 100vw, 640px\" \/><\/p>\n<p>\u00abTomar medidas ahora nos da la mejor opci\u00f3n de \u00e9xito\u00bb, ha destacado el grupo tras presentar el informe, que refleja sequ\u00edas, inundaciones y olas de calor que exponen a plantas y animales a condiciones desconocidas desde hace decenas de miles de a\u00f1os.<\/p>\n<p>\u00abEl impacto que estamos viendo hoy es m\u00e1s r\u00e1pido, m\u00e1s grave y m\u00e1s amplio de lo esperado hace 20 a\u00f1os\u00bb y ha agravado las enfermedades detectadas en la fauna, la agricultura y las personas, ha indicado el grupo. <strong>\u00abLos ecosistemas saludables y ricos en diversidad apuntalan la supervivencia humana\u00bb, ha subrayado el informe, titulado &#8216;Impactos, adaptaci\u00f3n y vulnerabilidad&#8217;<\/strong>.<\/p>\n<p>\u00abEn particular, el riesgo de dengue aumentar\u00e1 si las temporadas son m\u00e1s largas y estar\u00e1 en un \u00e1rea mayor en<strong> Asia, Europa, Am\u00e9rica Central y del Sur y el \u00c1frica subsahariana<\/strong>, con lo que miles de millones de personas estar\u00e1n en riesgo a finales de siglo\u00bb, ha argumentado.<\/p>\n<p>Seg\u00fan el IPCC, la tendencia puede revertirse restaurando, reconstruyendo y fortaleciendo los ecosistemas con sostenibildad, lo que mejorar\u00eda adem\u00e1s el bienestar de las personas.<\/p>\n<p>Para ello plantea restaurar espacios naturales e implantar cambios radicales como <strong>consumir menos carne para evitar la deforestaci\u00f3n e incrementar las emisiones de CO2<\/strong>.<\/p>\n<p>\u00abNecesitamos m\u00e1s bici, menos coche, m\u00e1s viajes en tren y menos viajes en avi\u00f3n\u00bb, ha explicado una de las autoras del informe, Daniela Jacob. \u00abLo que es bueno hoy para m\u00ed y mi salud tambi\u00e9n es bueno para el clima. Un mundo m\u00e1s resistente al clima tambi\u00e9n es un mundo m\u00e1s limpio\u00bb, ha destacado.<\/p>\n<h2>\u00abOTRA SENTENCIA DE MUERTE PARA EL MUNDO QUE CONOCEMOS\u00bb<\/h2>\n<p>El secretario general de la ONU, Ant\u00f3nio Guterres, ha explicado que no ha visto \u00abnada igual\u00bb al nuevo informe del IPCC pese a haber tenido acceso a multitud de informes sobre el cambio clim\u00e1tico.<\/p>\n<p>\u00abHe visto muchos informes, pero nada como el nuevo informe sobre cambio clim\u00e1tico del IPCC, un atlas del sufrimiento humano y condena por el fracaso en el liderazgo clim\u00e1tico\u00bb, ha apuntado Guterres en Twitter. <strong>\u00abS\u00e9 que hay gente nerviosa y enfadada en todas partes. Yo tambi\u00e9n lo estoy. Es el momento de convertir la ira en acci\u00f3n clim\u00e1tica\u00bb, ha emplazado<\/strong>.<\/p>\n<p>\u00abEl informe sobre la adaptaci\u00f3n del IPCC es otra sentencia de muerte para el mundo que conocemos. Unos pocos pa\u00edses est\u00e1n vulnerando los derechos del resto del mundo. Unas pocas empresas est\u00e1n llev\u00e1ndose el bot\u00edn ignorando los derechos de los m\u00e1s pobres y vulnerables\u00bb, ha advertido. Guterres ha reprochado incluso la \u00abcriminal\u00bb falta de liderazgo de los gobiernos.<\/p>\n<p>Este es el segundo de los cuatro informes de evaluaci\u00f3n de ciclo del IPCC. El primero se public\u00f3 en agosto con un an\u00e1lisis de los estudios sobre cambio clim\u00e1tico realizados en los siete \u00faltimos a\u00f1os y fue calificado por Guterres como un \u00abc\u00f3digo rojo\u00bb para la humanidad.<\/p>\n<p>El Grupo Intergubernamental de Expertos sobre el Cambio Clim\u00e1tico ha estimado que limitar los aumentos de temperatura promedio global a 1,5\u00baC requiere una reducci\u00f3n de las emisiones de CO2 del 45 por ciento en 2030 o una reducci\u00f3n del 25 por ciento para 2030 para limitar el calentamiento a 2\u00baC.<\/p>\n<p>Si las emisiones no se reducen para 2030, deber\u00e1n reducirse sustancialmente a partir de entonces para compensar el lento inicio del camino hacia las cero emisiones netas, pero probablemente a un coste m\u00e1s alto.<\/p>\n<h2>M\u00c1S DE 1.000 MILLONES DE NI\u00d1OS EN RIESGO<\/h2>\n<p>El Fondo de Naciones Unidas para la Infancia (UNICEF) ha advertido este lunes que 1.000 millones de ni\u00f1os y ni\u00f1as viven en pa\u00edses de riesgo extremadamente alto y est\u00e1n expuestos a los peligros, impactos y factores estresantes m\u00e1s severos del cambio clim\u00e1tico.<\/p>\n<p><strong>\u00abLa crisis clim\u00e1tica es una crisis infantil. Y, sin embargo, los ni\u00f1os y ni\u00f1as son pasados por alto constantemente en la planificaci\u00f3n de la respuesta a la crisis clim\u00e1tica. Invertir en las necesidades de los ni\u00f1os y ni\u00f1as m\u00e1s afectados por el cambio clim\u00e1tico no est\u00e1 siendo una prioridad. En muchos casos ni siquiera est\u00e1 en la agenda\u00bb, ha denunciado UNICEF<\/strong> en un comunicado.<\/p>\n<p>As\u00ed, ha se\u00f1alado que la mejor forma de \u00abproteger las vidas y medios de vida de las familias m\u00e1s vulnerables es preparar a los pa\u00edses y comunidades a trav\u00e9s del desarrollo de la resiliencia al clima con un gran foco en la adaptaci\u00f3n\u00bb.<\/p>\n<p>\u00abTodav\u00eda muchos pa\u00edses carecen por completo de planes de adaptaci\u00f3n o tienen planes que no protegen o abordan sus necesidades concretas y urgentes. Esto significa que la mayor\u00eda de ni\u00f1os siguen desprotegidos y no preparados para el creciente impacto del cambio clim\u00e1tico\u00bb, ha alertado.<\/p>\n<p>En ese sentido, ha hecho un llamamiento a los pa\u00edses \u00aba comprometerse\u00bb y ha enumerado las \u00e1reas en las que se debe trabajar, como el agua y el saneamiento, la salud, la nutrici\u00f3n y la educaci\u00f3n o las pol\u00edticas sociales y la protecci\u00f3n infantil.<\/p>\n<p>\u00abLos j\u00f3venes ya han esperado demasiado a que los l\u00edderes emprendieran acciones dr\u00e1sticas y profundas, tan necesarias para poner l\u00edmite a la crisis clim\u00e1tica. No dejemos que sigan esperando que emprendamos las acciones m\u00e1s inteligentes y estrat\u00e9gicas para ayudarles a sobrevivir a esta crisis\u00bb, ha subrayado UNICEF.<\/p>\n","protected":false},"excerpt":{"rendered":"<p>El nuevo informe presentado por el Grupo Intergubernamental de Expertos sobre el Cambio Clim\u00e1tico ha advertido de que el impacto del cambio clim\u00e1tico es \u00abm\u00e1s r\u00e1pido, m\u00e1s grave y m\u00e1s amplio\u00bb que lo previsto hace 20 a\u00f1os. \u00abTomar medidas ahora nos da la mejor opci\u00f3n de \u00e9xito\u00bb, ha destacado el grupo tras presentar el informe, [&hellip;]<\/p>\n","protected":false},"author":1,"featured_media":1107331,"comment_status":"closed","ping_status":"closed","sticky":false,"template":"","format":"standard","meta":{"footnotes":""},"categories":[1,141],"tags":[],"class_list":["post-1107330","post","type-post","status-publish","format-standard","has-post-thumbnail","hentry","category-actualidad","category-destacadas"],"aioseo_notices":[],"aioseo_head":"\n\t\t<!-- All in One SEO Pro 4.9.6.2 - aioseo.com -->\n\t<meta name=\"description\" content=\"El nuevo informe presentado por el Grupo Intergubernamental de Expertos sobre el Cambio Clim\u00e1tico ha advertido de que el impacto del cambio clim\u00e1tico\" \/>\n\t<meta name=\"robots\" content=\"max-image-preview:large\" \/>\n\t<meta name=\"author\" content=\"El Digital de Asturias\"\/>\n\t<meta name=\"google-site-verification\" content=\"UA-38556648-1\" \/>\n\t<meta name=\"msvalidate.01\" content=\"7dfe9f3f1b24437ab69f4f2559babe99\" \/>\n\t<meta name=\"keywords\" content=\"actualidad,destacadas\" \/>\n\t<link rel=\"canonical\" href=\"https:\/\/www.eldigitaldeasturias.com\/noticias\/cambio-climatico-malas-noticias-para-el-planeta\/\" \/>\n\t<meta name=\"generator\" content=\"All in One SEO Pro (AIOSEO) 4.9.6.2\" \/>\n\t\t<meta property=\"og:locale\" content=\"es_ES\" \/>\n\t\t<meta property=\"og:site_name\" content=\"El Digital de Asturias\" \/>\n\t\t<meta property=\"og:type\" content=\"article\" \/>\n\t\t<meta property=\"og:title\" content=\"Cambio clim\u00e1tico: Malas noticias para el planeta - El Digital de Asturias\" \/>\n\t\t<meta property=\"og:description\" content=\"El nuevo informe presentado por el Grupo Intergubernamental de Expertos sobre el Cambio Clim\u00e1tico ha advertido de que el impacto del cambio clim\u00e1tico\" \/>\n\t\t<meta property=\"og:url\" content=\"https:\/\/www.eldigitaldeasturias.com\/noticias\/cambio-climatico-malas-noticias-para-el-planeta\/\" \/>\n\t\t<meta property=\"og:image\" content=\"https:\/\/www.eldigitaldeasturias.com\/noticias\/wp-content\/uploads\/2022\/03\/climatico.jpg\" \/>\n\t\t<meta property=\"og:image:secure_url\" content=\"https:\/\/www.eldigitaldeasturias.com\/noticias\/wp-content\/uploads\/2022\/03\/climatico.jpg\" \/>\n\t\t<meta property=\"og:image:width\" content=\"640\" \/>\n\t\t<meta property=\"og:image:height\" content=\"436\" \/>\n\t\t<meta property=\"article:tag\" content=\"actualidad\" \/>\n\t\t<meta property=\"article:tag\" content=\"destacadas\" \/>\n\t\t<meta property=\"article:published_time\" content=\"2022-03-01T06:18:39+00:00\" \/>\n\t\t<meta property=\"article:modified_time\" content=\"2022-03-01T06:18:39+00:00\" \/>\n\t\t<meta property=\"article:publisher\" content=\"https:\/\/facebook.com\/eldigitaldeasturias\" \/>\n\t\t<meta name=\"twitter:card\" content=\"summary_large_image\" \/>\n\t\t<meta name=\"twitter:title\" content=\"Cambio clim\u00e1tico: Malas noticias para el planeta - El Digital de Asturias\" \/>\n\t\t<meta name=\"twitter:description\" content=\"El nuevo informe presentado por el Grupo Intergubernamental de Expertos sobre el Cambio Clim\u00e1tico ha advertido de que el impacto del cambio clim\u00e1tico\" \/>\n\t\t<meta name=\"twitter:image\" content=\"https:\/\/www.eldigitaldeasturias.com\/noticias\/wp-content\/uploads\/2022\/03\/climatico.jpg\" \/>\n\t\t<meta name=\"twitter:label1\" content=\"Escrito por\" \/>\n\t\t<meta name=\"twitter:data1\" content=\"El Digital de Asturias\" \/>\n\t\t<meta name=\"twitter:label2\" content=\"Tiempo de lectura estimado\" \/>\n\t\t<meta name=\"twitter:data2\" content=\"5 minutos\" \/>\n\t\t<script type=\"application\/ld+json\" class=\"aioseo-schema\">\n\t\t\t{\"@context\":\"https:\\\/\\\/schema.org\",\"@graph\":[{\"@type\":\"BlogPosting\",\"@id\":\"https:\\\/\\\/www.eldigitaldeasturias.com\\\/noticias\\\/cambio-climatico-malas-noticias-para-el-planeta\\\/#blogposting\",\"name\":\"Cambio clim\\u00e1tico: Malas noticias para el planeta - El Digital de Asturias\",\"headline\":\"Cambio clim\\u00e1tico: Malas noticias para el planeta\",\"author\":{\"@id\":\"https:\\\/\\\/www.eldigitaldeasturias.com\\\/noticias\\\/author\\\/admin\\\/#author\"},\"publisher\":{\"@id\":\"https:\\\/\\\/www.eldigitaldeasturias.com\\\/noticias\\\/#organization\"},\"image\":{\"@type\":\"ImageObject\",\"url\":\"https:\\\/\\\/www.eldigitaldeasturias.com\\\/noticias\\\/wp-content\\\/uploads\\\/2022\\\/03\\\/climatico.jpg\",\"width\":640,\"height\":436,\"caption\":\"clim\\u00e1tico\"},\"datePublished\":\"2022-03-01T07:18:39+01:00\",\"dateModified\":\"2022-03-01T07:18:39+01:00\",\"inLanguage\":\"es-ES\",\"mainEntityOfPage\":{\"@id\":\"https:\\\/\\\/www.eldigitaldeasturias.com\\\/noticias\\\/cambio-climatico-malas-noticias-para-el-planeta\\\/#webpage\"},\"isPartOf\":{\"@id\":\"https:\\\/\\\/www.eldigitaldeasturias.com\\\/noticias\\\/cambio-climatico-malas-noticias-para-el-planeta\\\/#webpage\"},\"articleSection\":\"Actualidad, Destacadas\"},{\"@type\":\"BreadcrumbList\",\"@id\":\"https:\\\/\\\/www.eldigitaldeasturias.com\\\/noticias\\\/cambio-climatico-malas-noticias-para-el-planeta\\\/#breadcrumblist\",\"itemListElement\":[{\"@type\":\"ListItem\",\"@id\":\"https:\\\/\\\/www.eldigitaldeasturias.com\\\/noticias#listItem\",\"position\":1,\"name\":\"Home\",\"item\":\"https:\\\/\\\/www.eldigitaldeasturias.com\\\/noticias\",\"nextItem\":{\"@type\":\"ListItem\",\"@id\":\"https:\\\/\\\/www.eldigitaldeasturias.com\\\/noticias\\\/category\\\/actualidad\\\/#listItem\",\"name\":\"Actualidad\"}},{\"@type\":\"ListItem\",\"@id\":\"https:\\\/\\\/www.eldigitaldeasturias.com\\\/noticias\\\/category\\\/actualidad\\\/#listItem\",\"position\":2,\"name\":\"Actualidad\",\"item\":\"https:\\\/\\\/www.eldigitaldeasturias.com\\\/noticias\\\/category\\\/actualidad\\\/\",\"nextItem\":{\"@type\":\"ListItem\",\"@id\":\"https:\\\/\\\/www.eldigitaldeasturias.com\\\/noticias\\\/cambio-climatico-malas-noticias-para-el-planeta\\\/#listItem\",\"name\":\"Cambio clim\\u00e1tico: Malas noticias para el planeta\"},\"previousItem\":{\"@type\":\"ListItem\",\"@id\":\"https:\\\/\\\/www.eldigitaldeasturias.com\\\/noticias#listItem\",\"name\":\"Home\"}},{\"@type\":\"ListItem\",\"@id\":\"https:\\\/\\\/www.eldigitaldeasturias.com\\\/noticias\\\/cambio-climatico-malas-noticias-para-el-planeta\\\/#listItem\",\"position\":3,\"name\":\"Cambio clim\\u00e1tico: Malas noticias para el planeta\",\"previousItem\":{\"@type\":\"ListItem\",\"@id\":\"https:\\\/\\\/www.eldigitaldeasturias.com\\\/noticias\\\/category\\\/actualidad\\\/#listItem\",\"name\":\"Actualidad\"}}]},{\"@type\":\"Organization\",\"@id\":\"https:\\\/\\\/www.eldigitaldeasturias.com\\\/noticias\\\/#organization\",\"name\":\"El Digital de Asturias\",\"description\":\"Hemeroteca\",\"url\":\"https:\\\/\\\/www.eldigitaldeasturias.com\\\/noticias\\\/\",\"email\":\"info@eldigitaldeasturias.com\",\"telephone\":\"+34652131393\",\"logo\":{\"@type\":\"ImageObject\",\"url\":\"https:\\\/\\\/www.eldigitaldeasturias.com\\\/noticias\\\/wp-content\\\/uploads\\\/2020\\\/12\\\/EDA.jpg\",\"@id\":\"https:\\\/\\\/www.eldigitaldeasturias.com\\\/noticias\\\/cambio-climatico-malas-noticias-para-el-planeta\\\/#organizationLogo\",\"width\":649,\"height\":297},\"image\":{\"@id\":\"https:\\\/\\\/www.eldigitaldeasturias.com\\\/noticias\\\/cambio-climatico-malas-noticias-para-el-planeta\\\/#organizationLogo\"},\"sameAs\":[\"https:\\\/\\\/facebook.com\\\/eldigitaldeasturias\",\"https:\\\/\\\/www.youtube.com\\\/channel\\\/UCZP-2wLEB9Rv6erhFmqVnvg\"],\"address\":{\"@id\":\"https:\\\/\\\/www.eldigitaldeasturias.com\\\/noticias\\\/#postaladdress\",\"@type\":\"PostalAddress\",\"streetAddress\":\"san antonio 4,\",\"postalCode\":\"33430\",\"addressLocality\":\"Cand\\u00e1s\",\"addressRegion\":\"Asturias\",\"addressCountry\":\"ES\"}},{\"@type\":\"Person\",\"@id\":\"https:\\\/\\\/www.eldigitaldeasturias.com\\\/noticias\\\/author\\\/admin\\\/#author\",\"url\":\"https:\\\/\\\/www.eldigitaldeasturias.com\\\/noticias\\\/author\\\/admin\\\/\",\"name\":\"El Digital de Asturias\",\"image\":{\"@type\":\"ImageObject\",\"@id\":\"https:\\\/\\\/www.eldigitaldeasturias.com\\\/noticias\\\/cambio-climatico-malas-noticias-para-el-planeta\\\/#authorImage\",\"url\":\"https:\\\/\\\/www.eldigitaldeasturias.com\\\/noticias\\\/wp-content\\\/litespeed\\\/avatar\\\/18677e78aa0546b92d9dbf31ec7d7668.jpg?ver=1777290358\",\"width\":96,\"height\":96,\"caption\":\"El Digital de Asturias\"}},{\"@type\":\"WebPage\",\"@id\":\"https:\\\/\\\/www.eldigitaldeasturias.com\\\/noticias\\\/cambio-climatico-malas-noticias-para-el-planeta\\\/#webpage\",\"url\":\"https:\\\/\\\/www.eldigitaldeasturias.com\\\/noticias\\\/cambio-climatico-malas-noticias-para-el-planeta\\\/\",\"name\":\"Cambio clim\\u00e1tico: Malas noticias para el planeta - El Digital de Asturias\",\"description\":\"El nuevo informe presentado por el Grupo Intergubernamental de Expertos sobre el Cambio Clim\\u00e1tico ha advertido de que el impacto del cambio clim\\u00e1tico\",\"inLanguage\":\"es-ES\",\"isPartOf\":{\"@id\":\"https:\\\/\\\/www.eldigitaldeasturias.com\\\/noticias\\\/#website\"},\"breadcrumb\":{\"@id\":\"https:\\\/\\\/www.eldigitaldeasturias.com\\\/noticias\\\/cambio-climatico-malas-noticias-para-el-planeta\\\/#breadcrumblist\"},\"author\":{\"@id\":\"https:\\\/\\\/www.eldigitaldeasturias.com\\\/noticias\\\/author\\\/admin\\\/#author\"},\"creator\":{\"@id\":\"https:\\\/\\\/www.eldigitaldeasturias.com\\\/noticias\\\/author\\\/admin\\\/#author\"},\"image\":{\"@type\":\"ImageObject\",\"url\":\"https:\\\/\\\/www.eldigitaldeasturias.com\\\/noticias\\\/wp-content\\\/uploads\\\/2022\\\/03\\\/climatico.jpg\",\"@id\":\"https:\\\/\\\/www.eldigitaldeasturias.com\\\/noticias\\\/cambio-climatico-malas-noticias-para-el-planeta\\\/#mainImage\",\"width\":640,\"height\":436,\"caption\":\"clim\\u00e1tico\"},\"primaryImageOfPage\":{\"@id\":\"https:\\\/\\\/www.eldigitaldeasturias.com\\\/noticias\\\/cambio-climatico-malas-noticias-para-el-planeta\\\/#mainImage\"},\"datePublished\":\"2022-03-01T07:18:39+01:00\",\"dateModified\":\"2022-03-01T07:18:39+01:00\"},{\"@type\":\"WebSite\",\"@id\":\"https:\\\/\\\/www.eldigitaldeasturias.com\\\/noticias\\\/#website\",\"url\":\"https:\\\/\\\/www.eldigitaldeasturias.com\\\/noticias\\\/\",\"name\":\"El Digital de Asturias - Diario de actualidad y noticias\",\"alternateName\":\"El Digital de Asturias - Diario de actualidad y noticias\",\"description\":\"Hemeroteca\",\"inLanguage\":\"es-ES\",\"publisher\":{\"@id\":\"https:\\\/\\\/www.eldigitaldeasturias.com\\\/noticias\\\/#organization\"}}]}\n\t\t<\/script>\n\t\t<!-- All in One SEO Pro -->\r\n\t\t<title>Cambio clim\u00e1tico: Malas noticias para el planeta - El Digital de Asturias<\/title>\n\n","aioseo_head_json":{"title":"Cambio clim\u00e1tico: Malas noticias para el planeta - El Digital de Asturias","description":"El nuevo informe presentado por el Grupo Intergubernamental de Expertos sobre el Cambio Clim\u00e1tico ha advertido de que el impacto del cambio clim\u00e1tico","canonical_url":"https:\/\/www.eldigitaldeasturias.com\/noticias\/cambio-climatico-malas-noticias-para-el-planeta\/","robots":"max-image-preview:large","keywords":"actualidad,destacadas","webmasterTools":{"google-site-verification":"UA-38556648-1","msvalidate.01":"7dfe9f3f1b24437ab69f4f2559babe99","miscellaneous":""},"schema":{"@context":"https:\/\/schema.org","@graph":[{"@type":"BlogPosting","@id":"https:\/\/www.eldigitaldeasturias.com\/noticias\/cambio-climatico-malas-noticias-para-el-planeta\/#blogposting","name":"Cambio clim\u00e1tico: Malas noticias para el planeta - El Digital de Asturias","headline":"Cambio clim\u00e1tico: Malas noticias para el planeta","author":{"@id":"https:\/\/www.eldigitaldeasturias.com\/noticias\/author\/admin\/#author"},"publisher":{"@id":"https:\/\/www.eldigitaldeasturias.com\/noticias\/#organization"},"image":{"@type":"ImageObject","url":"https:\/\/www.eldigitaldeasturias.com\/noticias\/wp-content\/uploads\/2022\/03\/climatico.jpg","width":640,"height":436,"caption":"clim\u00e1tico"},"datePublished":"2022-03-01T07:18:39+01:00","dateModified":"2022-03-01T07:18:39+01:00","inLanguage":"es-ES","mainEntityOfPage":{"@id":"https:\/\/www.eldigitaldeasturias.com\/noticias\/cambio-climatico-malas-noticias-para-el-planeta\/#webpage"},"isPartOf":{"@id":"https:\/\/www.eldigitaldeasturias.com\/noticias\/cambio-climatico-malas-noticias-para-el-planeta\/#webpage"},"articleSection":"Actualidad, Destacadas"},{"@type":"BreadcrumbList","@id":"https:\/\/www.eldigitaldeasturias.com\/noticias\/cambio-climatico-malas-noticias-para-el-planeta\/#breadcrumblist","itemListElement":[{"@type":"ListItem","@id":"https:\/\/www.eldigitaldeasturias.com\/noticias#listItem","position":1,"name":"Home","item":"https:\/\/www.eldigitaldeasturias.com\/noticias","nextItem":{"@type":"ListItem","@id":"https:\/\/www.eldigitaldeasturias.com\/noticias\/category\/actualidad\/#listItem","name":"Actualidad"}},{"@type":"ListItem","@id":"https:\/\/www.eldigitaldeasturias.com\/noticias\/category\/actualidad\/#listItem","position":2,"name":"Actualidad","item":"https:\/\/www.eldigitaldeasturias.com\/noticias\/category\/actualidad\/","nextItem":{"@type":"ListItem","@id":"https:\/\/www.eldigitaldeasturias.com\/noticias\/cambio-climatico-malas-noticias-para-el-planeta\/#listItem","name":"Cambio clim\u00e1tico: Malas noticias para el planeta"},"previousItem":{"@type":"ListItem","@id":"https:\/\/www.eldigitaldeasturias.com\/noticias#listItem","name":"Home"}},{"@type":"ListItem","@id":"https:\/\/www.eldigitaldeasturias.com\/noticias\/cambio-climatico-malas-noticias-para-el-planeta\/#listItem","position":3,"name":"Cambio clim\u00e1tico: Malas noticias para el planeta","previousItem":{"@type":"ListItem","@id":"https:\/\/www.eldigitaldeasturias.com\/noticias\/category\/actualidad\/#listItem","name":"Actualidad"}}]},{"@type":"Organization","@id":"https:\/\/www.eldigitaldeasturias.com\/noticias\/#organization","name":"El Digital de Asturias","description":"Hemeroteca","url":"https:\/\/www.eldigitaldeasturias.com\/noticias\/","email":"info@eldigitaldeasturias.com","telephone":"+34652131393","logo":{"@type":"ImageObject","url":"https:\/\/www.eldigitaldeasturias.com\/noticias\/wp-content\/uploads\/2020\/12\/EDA.jpg","@id":"https:\/\/www.eldigitaldeasturias.com\/noticias\/cambio-climatico-malas-noticias-para-el-planeta\/#organizationLogo","width":649,"height":297},"image":{"@id":"https:\/\/www.eldigitaldeasturias.com\/noticias\/cambio-climatico-malas-noticias-para-el-planeta\/#organizationLogo"},"sameAs":["https:\/\/facebook.com\/eldigitaldeasturias","https:\/\/www.youtube.com\/channel\/UCZP-2wLEB9Rv6erhFmqVnvg"],"address":{"@id":"https:\/\/www.eldigitaldeasturias.com\/noticias\/#postaladdress","@type":"PostalAddress","streetAddress":"san antonio 4,","postalCode":"33430","addressLocality":"Cand\u00e1s","addressRegion":"Asturias","addressCountry":"ES"}},{"@type":"Person","@id":"https:\/\/www.eldigitaldeasturias.com\/noticias\/author\/admin\/#author","url":"https:\/\/www.eldigitaldeasturias.com\/noticias\/author\/admin\/","name":"El Digital de Asturias","image":{"@type":"ImageObject","@id":"https:\/\/www.eldigitaldeasturias.com\/noticias\/cambio-climatico-malas-noticias-para-el-planeta\/#authorImage","url":"https:\/\/www.eldigitaldeasturias.com\/noticias\/wp-content\/litespeed\/avatar\/18677e78aa0546b92d9dbf31ec7d7668.jpg?ver=1777290358","width":96,"height":96,"caption":"El Digital de Asturias"}},{"@type":"WebPage","@id":"https:\/\/www.eldigitaldeasturias.com\/noticias\/cambio-climatico-malas-noticias-para-el-planeta\/#webpage","url":"https:\/\/www.eldigitaldeasturias.com\/noticias\/cambio-climatico-malas-noticias-para-el-planeta\/","name":"Cambio clim\u00e1tico: Malas noticias para el planeta - El Digital de Asturias","description":"El nuevo informe presentado por el Grupo Intergubernamental de Expertos sobre el Cambio Clim\u00e1tico ha advertido de que el impacto del cambio clim\u00e1tico","inLanguage":"es-ES","isPartOf":{"@id":"https:\/\/www.eldigitaldeasturias.com\/noticias\/#website"},"breadcrumb":{"@id":"https:\/\/www.eldigitaldeasturias.com\/noticias\/cambio-climatico-malas-noticias-para-el-planeta\/#breadcrumblist"},"author":{"@id":"https:\/\/www.eldigitaldeasturias.com\/noticias\/author\/admin\/#author"},"creator":{"@id":"https:\/\/www.eldigitaldeasturias.com\/noticias\/author\/admin\/#author"},"image":{"@type":"ImageObject","url":"https:\/\/www.eldigitaldeasturias.com\/noticias\/wp-content\/uploads\/2022\/03\/climatico.jpg","@id":"https:\/\/www.eldigitaldeasturias.com\/noticias\/cambio-climatico-malas-noticias-para-el-planeta\/#mainImage","width":640,"height":436,"caption":"clim\u00e1tico"},"primaryImageOfPage":{"@id":"https:\/\/www.eldigitaldeasturias.com\/noticias\/cambio-climatico-malas-noticias-para-el-planeta\/#mainImage"},"datePublished":"2022-03-01T07:18:39+01:00","dateModified":"2022-03-01T07:18:39+01:00"},{"@type":"WebSite","@id":"https:\/\/www.eldigitaldeasturias.com\/noticias\/#website","url":"https:\/\/www.eldigitaldeasturias.com\/noticias\/","name":"El Digital de Asturias - Diario de actualidad y noticias","alternateName":"El Digital de Asturias - Diario de actualidad y noticias","description":"Hemeroteca","inLanguage":"es-ES","publisher":{"@id":"https:\/\/www.eldigitaldeasturias.com\/noticias\/#organization"}}]},"og:locale":"es_ES","og:site_name":"El Digital de Asturias","og:type":"article","og:title":"Cambio clim\u00e1tico: Malas noticias para el planeta - El Digital de Asturias","og:description":"El nuevo informe presentado por el Grupo Intergubernamental de Expertos sobre el Cambio Clim\u00e1tico ha advertido de que el impacto del cambio clim\u00e1tico","og:url":"https:\/\/www.eldigitaldeasturias.com\/noticias\/cambio-climatico-malas-noticias-para-el-planeta\/","og:image":"https:\/\/www.eldigitaldeasturias.com\/noticias\/wp-content\/uploads\/2022\/03\/climatico.jpg","og:image:secure_url":"https:\/\/www.eldigitaldeasturias.com\/noticias\/wp-content\/uploads\/2022\/03\/climatico.jpg","og:image:width":640,"og:image:height":436,"article:tag":["actualidad","destacadas"],"article:published_time":"2022-03-01T06:18:39+00:00","article:modified_time":"2022-03-01T06:18:39+00:00","article:publisher":"https:\/\/facebook.com\/eldigitaldeasturias","twitter:card":"summary_large_image","twitter:title":"Cambio clim\u00e1tico: Malas noticias para el planeta - El Digital de Asturias","twitter:description":"El nuevo informe presentado por el Grupo Intergubernamental de Expertos sobre el Cambio Clim\u00e1tico ha advertido de que el impacto del cambio clim\u00e1tico","twitter:image":"https:\/\/www.eldigitaldeasturias.com\/noticias\/wp-content\/uploads\/2022\/03\/climatico.jpg","twitter:label1":"Escrito por","twitter:data1":"El Digital de Asturias","twitter:label2":"Tiempo de lectura estimado","twitter:data2":"5 minutos"},"aioseo_meta_data":{"post_id":"1107330","title":null,"description":"El nuevo informe presentado por el Grupo Intergubernamental de Expertos sobre el Cambio Clim\u00e1tico ha advertido de que el impacto del cambio clim\u00e1tico","keywords":[],"keyphrases":{"focus":{"keyphrase":"Clim\u00e1tico","score":83,"analysis":{"keyphraseInTitle":{"title":"Focus keyphrase in SEO title","description":"Focus keyphrase found in SEO title.","score":9,"maxScore":9,"error":0},"keyphraseInDescription":{"title":"Focus keyphrase in meta description","description":"Focus keyphrase found in meta description.","score":9,"maxScore":9,"error":0},"keyphraseLength":{"title":"Focus keyphrase length","description":"Good job!","score":9,"maxScore":9,"error":0,"length":1},"keyphraseInURL":{"title":"Focus keyphrase in URL","description":"Focus keyphrase not found in the URL.","score":1,"maxScore":5,"error":1},"keyphraseInIntroduction":{"title":"Focus keyphrase in introduction","description":"Your Focus keyphrase appears in the first paragraph. Well done!","score":9,"maxScore":9,"error":0},"keyphraseInSubHeadings":{"title":"Focus keyphrase in Subheadings","description":"Use your focus keyphrase more in your H2 and H3 subheadings.","score":3,"maxScore":9,"error":1},"keyphraseInImageAlt":{"title":"Focus keyphrase in image alt attributes","description":"Focus keyphrase found in image alt attribute(s).","score":9,"maxScore":9,"error":0}}},"additional":[{"keyphrase":" impacto del cambio clim\u00e1tico ","score":100,"analysis":{"keyphraseInDescription":{"title":"Keyphrase in meta description","description":"Keyphrase found in meta description.","score":9,"maxScore":9,"error":0},"keyphraseLength":{"title":"Keyphrase length","description":"Good job!","score":9,"maxScore":9,"error":0,"length":4},"keyphraseInIntroduction":{"title":"Keyphrase in introduction","description":"Your Keyphrase appears in the first paragraph. Well done!","score":9,"maxScore":9,"error":0},"keyphraseInImageAlt":{"title":"Keyphrase in image alt attributes","description":"Keyphrase found in image alt attribute(s).","score":9,"maxScore":9,"error":0}}},{"keyphrase":"cambio clim\u00e1tico ","score":83,"analysis":{"keyphraseInDescription":{"title":"Keyphrase in meta description","description":"Keyphrase found in meta description.","score":9,"maxScore":9,"error":0},"keyphraseLength":{"title":"Keyphrase length","description":"Good job!","score":9,"maxScore":9,"error":0,"length":2},"keyphraseInIntroduction":{"title":"Keyphrase in introduction","description":"Your Keyphrase appears in the first paragraph. Well done!","score":9,"maxScore":9,"error":0},"keyphraseInImageAlt":{"title":"Keyphrase in image alt attributes","description":"Keyphrase not found in image alt attribute(s). Add an image with your Keyphrase as alt text.","score":3,"maxScore":9,"error":1}}}]},"primary_term":null,"canonical_url":null,"og_title":null,"og_description":null,"og_object_type":"default","og_image_type":"default","og_image_url":null,"og_image_width":null,"og_image_height":null,"og_image_custom_url":null,"og_image_custom_fields":null,"og_video":"","og_custom_url":null,"og_article_section":null,"og_article_tags":[],"twitter_use_og":false,"twitter_card":"default","twitter_image_type":"default","twitter_image_url":null,"twitter_image_custom_url":null,"twitter_image_custom_fields":null,"twitter_title":null,"twitter_description":null,"schema":{"blockGraphs":[],"customGraphs":[],"default":{"data":{"Article":[],"Course":[],"Dataset":[],"FAQPage":[],"Movie":[],"Person":[],"Product":[],"ProductReview":[],"Car":[],"Recipe":[],"Service":[],"SoftwareApplication":[],"WebPage":[]},"graphName":"","isEnabled":true},"graphs":[]},"schema_type":"default","schema_type_options":"{\"article\":{\"articleType\":\"BlogPosting\"},\"course\":{\"name\":\"\",\"description\":\"\",\"provider\":\"\"},\"faq\":{\"pages\":[]},\"product\":{\"reviews\":[]},\"recipe\":{\"ingredients\":[],\"instructions\":[],\"keywords\":[]},\"software\":{\"reviews\":[],\"operatingSystems\":[]},\"webPage\":{\"webPageType\":\"WebPage\"}}","pillar_content":false,"robots_default":true,"robots_noindex":false,"robots_noarchive":false,"robots_nosnippet":false,"robots_nofollow":false,"robots_noimageindex":false,"robots_noodp":false,"robots_notranslate":false,"robots_max_snippet":"-1","robots_max_videopreview":"-1","robots_max_imagepreview":"large","priority":null,"frequency":"default","local_seo":null,"seo_analyzer_scan_date":"2025-10-02 01:26:26","breadcrumb_settings":null,"limit_modified_date":false,"open_ai":null,"ai":null,"created":"2022-03-01 06:11:42","updated":"2025-10-02 01:26:26"},"aioseo_breadcrumb":"<div class=\"aioseo-breadcrumbs\"><span class=\"aioseo-breadcrumb\">\n\t<a href=\"https:\/\/www.eldigitaldeasturias.com\/noticias\" title=\"Home\">Home<\/a>\n<\/span><span class=\"aioseo-breadcrumb-separator\">\u2013<\/span><span class=\"aioseo-breadcrumb\">\n\t<a href=\"https:\/\/www.eldigitaldeasturias.com\/noticias\/category\/actualidad\/\" title=\"Actualidad\">Actualidad<\/a>\n<\/span><span class=\"aioseo-breadcrumb-separator\">\u2013<\/span><span class=\"aioseo-breadcrumb\">\n\t<a href=\"https:\/\/www.eldigitaldeasturias.com\/noticias\/cambio-climatico-malas-noticias-para-el-planeta\/\" title=\"Cambio clim\u00e1tico: Malas noticias para el planeta\">Cambio clim\u00e1tico: Malas noticias para el planeta<\/a>\n<\/span><\/div>","aioseo_breadcrumb_json":[{"label":"Home","link":"https:\/\/www.eldigitaldeasturias.com\/noticias"},{"label":"Actualidad","link":"https:\/\/www.eldigitaldeasturias.com\/noticias\/category\/actualidad\/"},{"label":"Cambio clim\u00e1tico: Malas noticias para el planeta","link":"https:\/\/www.eldigitaldeasturias.com\/noticias\/cambio-climatico-malas-noticias-para-el-planeta\/"}],"_links":{"self":[{"href":"https:\/\/www.eldigitaldeasturias.com\/noticias\/wp-json\/wp\/v2\/posts\/1107330","targetHints":{"allow":["GET"]}}],"collection":[{"href":"https:\/\/www.eldigitaldeasturias.com\/noticias\/wp-json\/wp\/v2\/posts"}],"about":[{"href":"https:\/\/www.eldigitaldeasturias.com\/noticias\/wp-json\/wp\/v2\/types\/post"}],"author":[{"embeddable":true,"href":"https:\/\/www.eldigitaldeasturias.com\/noticias\/wp-json\/wp\/v2\/users\/1"}],"replies":[{"embeddable":true,"href":"https:\/\/www.eldigitaldeasturias.com\/noticias\/wp-json\/wp\/v2\/comments?post=1107330"}],"version-history":[{"count":0,"href":"https:\/\/www.eldigitaldeasturias.com\/noticias\/wp-json\/wp\/v2\/posts\/1107330\/revisions"}],"wp:featuredmedia":[{"embeddable":true,"href":"https:\/\/www.eldigitaldeasturias.com\/noticias\/wp-json\/wp\/v2\/media\/1107331"}],"wp:attachment":[{"href":"https:\/\/www.eldigitaldeasturias.com\/noticias\/wp-json\/wp\/v2\/media?parent=1107330"}],"wp:term":[{"taxonomy":"category","embeddable":true,"href":"https:\/\/www.eldigitaldeasturias.com\/noticias\/wp-json\/wp\/v2\/categories?post=1107330"},{"taxonomy":"post_tag","embeddable":true,"href":"https:\/\/www.eldigitaldeasturias.com\/noticias\/wp-json\/wp\/v2\/tags?post=1107330"}],"curies":[{"name":"wp","href":"https:\/\/api.w.org\/{rel}","templated":true}]}}