{"id":1107307,"date":"2022-02-28T19:06:50","date_gmt":"2022-02-28T18:06:50","guid":{"rendered":"https:\/\/www.eldigitaldeasturias.com\/noticias\/?p=1107307"},"modified":"2022-02-28T19:06:50","modified_gmt":"2022-02-28T18:06:50","slug":"ranking-atp-nadal-gana-una-posicion","status":"publish","type":"post","link":"https:\/\/www.eldigitaldeasturias.com\/noticias\/ranking-atp-nadal-gana-una-posicion\/","title":{"rendered":"Ranking ATP: Nadal gana una posici\u00f3n"},"content":{"rendered":"<p>(EP) &#8211; El tenista espa\u00f1ol Rafa <strong>Nadal gana una posici\u00f3n en el ranking ATP<\/strong> y es cuarto tras su victoria en el <span style=\"color: #ff6600;\"><a style=\"color: #ff6600;\" href=\"https:\/\/www.eldigitaldeasturias.com\/noticias\/rafa-nadal-jugara-hoy-en-acapulco\/\"><strong>torneo de Acapulco<\/strong><\/a><\/span> (M\u00e9xico) este domingo, mientras que Pedro Mart\u00ednez se catapulta al puesto 50 tras estrenar palmar\u00e9s en Chile y el ruso<strong> Daniil Medvedev es por primera vez n\u00famero 1 del mundo<\/strong> al superar al serbio Novak Djokovic.<\/p>\n<figure id=\"attachment_1107308\" aria-describedby=\"caption-attachment-1107308\" style=\"width: 650px\" class=\"wp-caption aligncenter\"><img loading=\"lazy\" decoding=\"async\" class=\"wp-image-1107308\" src=\"https:\/\/www.eldigitaldeasturias.com\/noticias\/wp-content\/uploads\/2022\/02\/Nadal-1-360x212.jpg\" alt=\"Nadal\" width=\"650\" height=\"382\" srcset=\"https:\/\/www.eldigitaldeasturias.com\/noticias\/wp-content\/uploads\/2022\/02\/Nadal-1-360x212.jpg 360w, https:\/\/www.eldigitaldeasturias.com\/noticias\/wp-content\/uploads\/2022\/02\/Nadal-1-690x406.jpg 690w, https:\/\/www.eldigitaldeasturias.com\/noticias\/wp-content\/uploads\/2022\/02\/Nadal-1-480x282.jpg 480w, https:\/\/www.eldigitaldeasturias.com\/noticias\/wp-content\/uploads\/2022\/02\/Nadal-1-768x452.jpg 768w, https:\/\/www.eldigitaldeasturias.com\/noticias\/wp-content\/uploads\/2022\/02\/Nadal-1-150x88.jpg 150w, https:\/\/www.eldigitaldeasturias.com\/noticias\/wp-content\/uploads\/2022\/02\/Nadal-1-450x265.jpg 450w, https:\/\/www.eldigitaldeasturias.com\/noticias\/wp-content\/uploads\/2022\/02\/Nadal-1.jpg 1115w\" sizes=\"auto, (max-width: 650px) 100vw, 650px\" \/><figcaption id=\"caption-attachment-1107308\" class=\"wp-caption-text\">FOTO: EUROPA PRESS<\/figcaption><\/figure>\n<p><strong>Nadal conquist\u00f3 por cuarta vez el torneo de Acapulco, de categor\u00eda ATP 500, tras superar en la final al brit\u00e1nico Cameron Norrie (6-4, 6-4)<\/strong>, un resultado que le permiti\u00f3 alzar su tercer t\u00edtulo del a\u00f1o y el n\u00famero 91 de su carrera para recuperar la cuarta plaza mundial.<\/p>\n<p>Por su parte, el tenista espa\u00f1ol Pedro Mart\u00ednez alz\u00f3 este domingo el primer t\u00edtulo de su carrera en la ATP al remontar (4-6, 6-4, 6-4) al argentino Sebasti\u00e1n B\u00e1ez en la final del torneo de Santiago (Chile), de categor\u00eda 250 y disputado en tierra. El de Alzira entra por primera vez, a sus 24 a\u00f1os, en el &#8216;Top 50&#8217;.<\/p>\n<p><strong>La novedad es que el serbio Novak Djokovic pierde la condici\u00f3n de n\u00famero 1 mundial que ostentaba desde el 3 de febrero de 2020 ininterrumpidamente<\/strong>. Ahora, es el ruso Daniil Medvedev quien, por primera vez en su carrera, es el n\u00famero 1 del ranking ATP, con el alem\u00e1n Alexander Zverev tercero justo por delante de Nadal.<\/p>\n<p>En la WTA, la catalana<strong> Paula Badosa cede dos puestos y baja a la sexta posici\u00f3n del ranking mundial<\/strong>, mientras que Garbi\u00f1e Muguruza sigue en novena posici\u00f3n y Sara Sorribes, tras perder cuatro posiciones, se sit\u00faa ahora en el puesto 36.<\/p>\n","protected":false},"excerpt":{"rendered":"<p>(EP) &#8211; El tenista espa\u00f1ol Rafa Nadal gana una posici\u00f3n en el ranking ATP y es cuarto tras su victoria en el torneo de Acapulco (M\u00e9xico) este domingo, mientras que Pedro Mart\u00ednez se catapulta al puesto 50 tras estrenar palmar\u00e9s en Chile y el ruso Daniil Medvedev es por primera vez n\u00famero 1 del mundo [&hellip;]<\/p>\n","protected":false},"author":1,"featured_media":1107308,"comment_status":"closed","ping_status":"closed","sticky":false,"template":"","format":"standard","meta":{"footnotes":""},"categories":[190],"tags":[],"class_list":["post-1107307","post","type-post","status-publish","format-standard","has-post-thumbnail","hentry","category-deportes"],"aioseo_notices":[],"aioseo_head":"\n\t\t<!-- All in One SEO Pro 4.9.6.2 - aioseo.com -->\n\t<meta name=\"description\" content=\"El tenista espa\u00f1ol Rafa Nadal gana una posici\u00f3n en el ranking ATP y es cuarto tras su victoria en el torneo de Acapulco (M\u00e9xico) este domingo\" \/>\n\t<meta name=\"robots\" content=\"max-image-preview:large\" \/>\n\t<meta name=\"author\" content=\"El Digital de Asturias\"\/>\n\t<meta name=\"google-site-verification\" content=\"UA-38556648-1\" \/>\n\t<meta name=\"msvalidate.01\" content=\"7dfe9f3f1b24437ab69f4f2559babe99\" \/>\n\t<meta name=\"keywords\" content=\"deportes\" \/>\n\t<link rel=\"canonical\" href=\"https:\/\/www.eldigitaldeasturias.com\/noticias\/ranking-atp-nadal-gana-una-posicion\/\" \/>\n\t<meta name=\"generator\" content=\"All in One SEO Pro (AIOSEO) 4.9.6.2\" \/>\n\t\t<meta property=\"og:locale\" content=\"es_ES\" \/>\n\t\t<meta property=\"og:site_name\" content=\"El Digital de Asturias\" \/>\n\t\t<meta property=\"og:type\" content=\"article\" \/>\n\t\t<meta property=\"og:title\" content=\"Ranking ATP: Nadal gana una posici\u00f3n - El Digital de Asturias\" \/>\n\t\t<meta property=\"og:description\" content=\"El tenista espa\u00f1ol Rafa Nadal gana una posici\u00f3n en el ranking ATP y es cuarto tras su victoria en el torneo de Acapulco (M\u00e9xico) este domingo\" \/>\n\t\t<meta property=\"og:url\" content=\"https:\/\/www.eldigitaldeasturias.com\/noticias\/ranking-atp-nadal-gana-una-posicion\/\" \/>\n\t\t<meta property=\"og:image\" content=\"https:\/\/www.eldigitaldeasturias.com\/noticias\/wp-content\/uploads\/2022\/02\/Nadal-1.jpg\" \/>\n\t\t<meta property=\"og:image:secure_url\" content=\"https:\/\/www.eldigitaldeasturias.com\/noticias\/wp-content\/uploads\/2022\/02\/Nadal-1.jpg\" \/>\n\t\t<meta property=\"og:image:width\" content=\"1115\" \/>\n\t\t<meta property=\"og:image:height\" content=\"656\" \/>\n\t\t<meta property=\"article:tag\" content=\"deportes\" \/>\n\t\t<meta property=\"article:published_time\" content=\"2022-02-28T18:06:50+00:00\" \/>\n\t\t<meta property=\"article:modified_time\" content=\"2022-02-28T18:06:50+00:00\" \/>\n\t\t<meta property=\"article:publisher\" content=\"https:\/\/facebook.com\/eldigitaldeasturias\" \/>\n\t\t<meta name=\"twitter:card\" content=\"summary_large_image\" \/>\n\t\t<meta name=\"twitter:title\" content=\"Ranking ATP: Nadal gana una posici\u00f3n - El Digital de Asturias\" \/>\n\t\t<meta name=\"twitter:description\" content=\"El tenista espa\u00f1ol Rafa Nadal gana una posici\u00f3n en el ranking ATP y es cuarto tras su victoria en el torneo de Acapulco (M\u00e9xico) este domingo\" \/>\n\t\t<meta name=\"twitter:image\" content=\"https:\/\/www.eldigitaldeasturias.com\/noticias\/wp-content\/uploads\/2022\/02\/Nadal-1.jpg\" \/>\n\t\t<meta name=\"twitter:label1\" content=\"Escrito por\" \/>\n\t\t<meta name=\"twitter:data1\" content=\"El Digital de Asturias\" \/>\n\t\t<meta name=\"twitter:label2\" content=\"Tiempo de lectura estimado\" \/>\n\t\t<meta name=\"twitter:data2\" content=\"1 minuto\" \/>\n\t\t<script type=\"application\/ld+json\" class=\"aioseo-schema\">\n\t\t\t{\"@context\":\"https:\\\/\\\/schema.org\",\"@graph\":[{\"@type\":\"BlogPosting\",\"@id\":\"https:\\\/\\\/www.eldigitaldeasturias.com\\\/noticias\\\/ranking-atp-nadal-gana-una-posicion\\\/#blogposting\",\"name\":\"Ranking ATP: Nadal gana una posici\\u00f3n - El Digital de Asturias\",\"headline\":\"Ranking ATP: Nadal gana una posici\\u00f3n\",\"author\":{\"@id\":\"https:\\\/\\\/www.eldigitaldeasturias.com\\\/noticias\\\/author\\\/admin\\\/#author\"},\"publisher\":{\"@id\":\"https:\\\/\\\/www.eldigitaldeasturias.com\\\/noticias\\\/#organization\"},\"image\":{\"@type\":\"ImageObject\",\"url\":\"https:\\\/\\\/www.eldigitaldeasturias.com\\\/noticias\\\/wp-content\\\/uploads\\\/2022\\\/02\\\/Nadal-1.jpg\",\"width\":1115,\"height\":656,\"caption\":\"FOTO: EUROPA PRESS\"},\"datePublished\":\"2022-02-28T19:06:50+01:00\",\"dateModified\":\"2022-02-28T19:06:50+01:00\",\"inLanguage\":\"es-ES\",\"mainEntityOfPage\":{\"@id\":\"https:\\\/\\\/www.eldigitaldeasturias.com\\\/noticias\\\/ranking-atp-nadal-gana-una-posicion\\\/#webpage\"},\"isPartOf\":{\"@id\":\"https:\\\/\\\/www.eldigitaldeasturias.com\\\/noticias\\\/ranking-atp-nadal-gana-una-posicion\\\/#webpage\"},\"articleSection\":\"Deportes\"},{\"@type\":\"BreadcrumbList\",\"@id\":\"https:\\\/\\\/www.eldigitaldeasturias.com\\\/noticias\\\/ranking-atp-nadal-gana-una-posicion\\\/#breadcrumblist\",\"itemListElement\":[{\"@type\":\"ListItem\",\"@id\":\"https:\\\/\\\/www.eldigitaldeasturias.com\\\/noticias#listItem\",\"position\":1,\"name\":\"Home\",\"item\":\"https:\\\/\\\/www.eldigitaldeasturias.com\\\/noticias\",\"nextItem\":{\"@type\":\"ListItem\",\"@id\":\"https:\\\/\\\/www.eldigitaldeasturias.com\\\/noticias\\\/category\\\/deportes\\\/#listItem\",\"name\":\"Deportes\"}},{\"@type\":\"ListItem\",\"@id\":\"https:\\\/\\\/www.eldigitaldeasturias.com\\\/noticias\\\/category\\\/deportes\\\/#listItem\",\"position\":2,\"name\":\"Deportes\",\"item\":\"https:\\\/\\\/www.eldigitaldeasturias.com\\\/noticias\\\/category\\\/deportes\\\/\",\"nextItem\":{\"@type\":\"ListItem\",\"@id\":\"https:\\\/\\\/www.eldigitaldeasturias.com\\\/noticias\\\/ranking-atp-nadal-gana-una-posicion\\\/#listItem\",\"name\":\"Ranking ATP: Nadal gana una posici\\u00f3n\"},\"previousItem\":{\"@type\":\"ListItem\",\"@id\":\"https:\\\/\\\/www.eldigitaldeasturias.com\\\/noticias#listItem\",\"name\":\"Home\"}},{\"@type\":\"ListItem\",\"@id\":\"https:\\\/\\\/www.eldigitaldeasturias.com\\\/noticias\\\/ranking-atp-nadal-gana-una-posicion\\\/#listItem\",\"position\":3,\"name\":\"Ranking ATP: Nadal gana una posici\\u00f3n\",\"previousItem\":{\"@type\":\"ListItem\",\"@id\":\"https:\\\/\\\/www.eldigitaldeasturias.com\\\/noticias\\\/category\\\/deportes\\\/#listItem\",\"name\":\"Deportes\"}}]},{\"@type\":\"Organization\",\"@id\":\"https:\\\/\\\/www.eldigitaldeasturias.com\\\/noticias\\\/#organization\",\"name\":\"El Digital de Asturias\",\"description\":\"Hemeroteca\",\"url\":\"https:\\\/\\\/www.eldigitaldeasturias.com\\\/noticias\\\/\",\"email\":\"info@eldigitaldeasturias.com\",\"telephone\":\"+34652131393\",\"logo\":{\"@type\":\"ImageObject\",\"url\":\"https:\\\/\\\/www.eldigitaldeasturias.com\\\/noticias\\\/wp-content\\\/uploads\\\/2020\\\/12\\\/EDA.jpg\",\"@id\":\"https:\\\/\\\/www.eldigitaldeasturias.com\\\/noticias\\\/ranking-atp-nadal-gana-una-posicion\\\/#organizationLogo\",\"width\":649,\"height\":297},\"image\":{\"@id\":\"https:\\\/\\\/www.eldigitaldeasturias.com\\\/noticias\\\/ranking-atp-nadal-gana-una-posicion\\\/#organizationLogo\"},\"sameAs\":[\"https:\\\/\\\/facebook.com\\\/eldigitaldeasturias\",\"https:\\\/\\\/www.youtube.com\\\/channel\\\/UCZP-2wLEB9Rv6erhFmqVnvg\"],\"address\":{\"@id\":\"https:\\\/\\\/www.eldigitaldeasturias.com\\\/noticias\\\/#postaladdress\",\"@type\":\"PostalAddress\",\"streetAddress\":\"san antonio 4,\",\"postalCode\":\"33430\",\"addressLocality\":\"Cand\\u00e1s\",\"addressRegion\":\"Asturias\",\"addressCountry\":\"ES\"}},{\"@type\":\"Person\",\"@id\":\"https:\\\/\\\/www.eldigitaldeasturias.com\\\/noticias\\\/author\\\/admin\\\/#author\",\"url\":\"https:\\\/\\\/www.eldigitaldeasturias.com\\\/noticias\\\/author\\\/admin\\\/\",\"name\":\"El Digital de Asturias\",\"image\":{\"@type\":\"ImageObject\",\"@id\":\"https:\\\/\\\/www.eldigitaldeasturias.com\\\/noticias\\\/ranking-atp-nadal-gana-una-posicion\\\/#authorImage\",\"url\":\"https:\\\/\\\/www.eldigitaldeasturias.com\\\/noticias\\\/wp-content\\\/litespeed\\\/avatar\\\/18677e78aa0546b92d9dbf31ec7d7668.jpg?ver=1777290358\",\"width\":96,\"height\":96,\"caption\":\"El Digital de Asturias\"}},{\"@type\":\"WebPage\",\"@id\":\"https:\\\/\\\/www.eldigitaldeasturias.com\\\/noticias\\\/ranking-atp-nadal-gana-una-posicion\\\/#webpage\",\"url\":\"https:\\\/\\\/www.eldigitaldeasturias.com\\\/noticias\\\/ranking-atp-nadal-gana-una-posicion\\\/\",\"name\":\"Ranking ATP: Nadal gana una posici\\u00f3n - El Digital de Asturias\",\"description\":\"El tenista espa\\u00f1ol Rafa Nadal gana una posici\\u00f3n en el ranking ATP y es cuarto tras su victoria en el torneo de Acapulco (M\\u00e9xico) este domingo\",\"inLanguage\":\"es-ES\",\"isPartOf\":{\"@id\":\"https:\\\/\\\/www.eldigitaldeasturias.com\\\/noticias\\\/#website\"},\"breadcrumb\":{\"@id\":\"https:\\\/\\\/www.eldigitaldeasturias.com\\\/noticias\\\/ranking-atp-nadal-gana-una-posicion\\\/#breadcrumblist\"},\"author\":{\"@id\":\"https:\\\/\\\/www.eldigitaldeasturias.com\\\/noticias\\\/author\\\/admin\\\/#author\"},\"creator\":{\"@id\":\"https:\\\/\\\/www.eldigitaldeasturias.com\\\/noticias\\\/author\\\/admin\\\/#author\"},\"image\":{\"@type\":\"ImageObject\",\"url\":\"https:\\\/\\\/www.eldigitaldeasturias.com\\\/noticias\\\/wp-content\\\/uploads\\\/2022\\\/02\\\/Nadal-1.jpg\",\"@id\":\"https:\\\/\\\/www.eldigitaldeasturias.com\\\/noticias\\\/ranking-atp-nadal-gana-una-posicion\\\/#mainImage\",\"width\":1115,\"height\":656,\"caption\":\"FOTO: EUROPA PRESS\"},\"primaryImageOfPage\":{\"@id\":\"https:\\\/\\\/www.eldigitaldeasturias.com\\\/noticias\\\/ranking-atp-nadal-gana-una-posicion\\\/#mainImage\"},\"datePublished\":\"2022-02-28T19:06:50+01:00\",\"dateModified\":\"2022-02-28T19:06:50+01:00\"},{\"@type\":\"WebSite\",\"@id\":\"https:\\\/\\\/www.eldigitaldeasturias.com\\\/noticias\\\/#website\",\"url\":\"https:\\\/\\\/www.eldigitaldeasturias.com\\\/noticias\\\/\",\"name\":\"El Digital de Asturias - Diario de actualidad y noticias\",\"alternateName\":\"El Digital de Asturias - Diario de actualidad y noticias\",\"description\":\"Hemeroteca\",\"inLanguage\":\"es-ES\",\"publisher\":{\"@id\":\"https:\\\/\\\/www.eldigitaldeasturias.com\\\/noticias\\\/#organization\"}}]}\n\t\t<\/script>\n\t\t<!-- All in One SEO Pro -->\r\n\t\t<title>Ranking ATP: Nadal gana una posici\u00f3n - El Digital de Asturias<\/title>\n\n","aioseo_head_json":{"title":"Ranking ATP: Nadal gana una posici\u00f3n - El Digital de Asturias","description":"El tenista espa\u00f1ol Rafa Nadal gana una posici\u00f3n en el ranking ATP y es cuarto tras su victoria en el torneo de Acapulco (M\u00e9xico) este domingo","canonical_url":"https:\/\/www.eldigitaldeasturias.com\/noticias\/ranking-atp-nadal-gana-una-posicion\/","robots":"max-image-preview:large","keywords":"deportes","webmasterTools":{"google-site-verification":"UA-38556648-1","msvalidate.01":"7dfe9f3f1b24437ab69f4f2559babe99","miscellaneous":""},"schema":{"@context":"https:\/\/schema.org","@graph":[{"@type":"BlogPosting","@id":"https:\/\/www.eldigitaldeasturias.com\/noticias\/ranking-atp-nadal-gana-una-posicion\/#blogposting","name":"Ranking ATP: Nadal gana una posici\u00f3n - El Digital de Asturias","headline":"Ranking ATP: Nadal gana una posici\u00f3n","author":{"@id":"https:\/\/www.eldigitaldeasturias.com\/noticias\/author\/admin\/#author"},"publisher":{"@id":"https:\/\/www.eldigitaldeasturias.com\/noticias\/#organization"},"image":{"@type":"ImageObject","url":"https:\/\/www.eldigitaldeasturias.com\/noticias\/wp-content\/uploads\/2022\/02\/Nadal-1.jpg","width":1115,"height":656,"caption":"FOTO: EUROPA PRESS"},"datePublished":"2022-02-28T19:06:50+01:00","dateModified":"2022-02-28T19:06:50+01:00","inLanguage":"es-ES","mainEntityOfPage":{"@id":"https:\/\/www.eldigitaldeasturias.com\/noticias\/ranking-atp-nadal-gana-una-posicion\/#webpage"},"isPartOf":{"@id":"https:\/\/www.eldigitaldeasturias.com\/noticias\/ranking-atp-nadal-gana-una-posicion\/#webpage"},"articleSection":"Deportes"},{"@type":"BreadcrumbList","@id":"https:\/\/www.eldigitaldeasturias.com\/noticias\/ranking-atp-nadal-gana-una-posicion\/#breadcrumblist","itemListElement":[{"@type":"ListItem","@id":"https:\/\/www.eldigitaldeasturias.com\/noticias#listItem","position":1,"name":"Home","item":"https:\/\/www.eldigitaldeasturias.com\/noticias","nextItem":{"@type":"ListItem","@id":"https:\/\/www.eldigitaldeasturias.com\/noticias\/category\/deportes\/#listItem","name":"Deportes"}},{"@type":"ListItem","@id":"https:\/\/www.eldigitaldeasturias.com\/noticias\/category\/deportes\/#listItem","position":2,"name":"Deportes","item":"https:\/\/www.eldigitaldeasturias.com\/noticias\/category\/deportes\/","nextItem":{"@type":"ListItem","@id":"https:\/\/www.eldigitaldeasturias.com\/noticias\/ranking-atp-nadal-gana-una-posicion\/#listItem","name":"Ranking ATP: Nadal gana una posici\u00f3n"},"previousItem":{"@type":"ListItem","@id":"https:\/\/www.eldigitaldeasturias.com\/noticias#listItem","name":"Home"}},{"@type":"ListItem","@id":"https:\/\/www.eldigitaldeasturias.com\/noticias\/ranking-atp-nadal-gana-una-posicion\/#listItem","position":3,"name":"Ranking ATP: Nadal gana una posici\u00f3n","previousItem":{"@type":"ListItem","@id":"https:\/\/www.eldigitaldeasturias.com\/noticias\/category\/deportes\/#listItem","name":"Deportes"}}]},{"@type":"Organization","@id":"https:\/\/www.eldigitaldeasturias.com\/noticias\/#organization","name":"El Digital de Asturias","description":"Hemeroteca","url":"https:\/\/www.eldigitaldeasturias.com\/noticias\/","email":"info@eldigitaldeasturias.com","telephone":"+34652131393","logo":{"@type":"ImageObject","url":"https:\/\/www.eldigitaldeasturias.com\/noticias\/wp-content\/uploads\/2020\/12\/EDA.jpg","@id":"https:\/\/www.eldigitaldeasturias.com\/noticias\/ranking-atp-nadal-gana-una-posicion\/#organizationLogo","width":649,"height":297},"image":{"@id":"https:\/\/www.eldigitaldeasturias.com\/noticias\/ranking-atp-nadal-gana-una-posicion\/#organizationLogo"},"sameAs":["https:\/\/facebook.com\/eldigitaldeasturias","https:\/\/www.youtube.com\/channel\/UCZP-2wLEB9Rv6erhFmqVnvg"],"address":{"@id":"https:\/\/www.eldigitaldeasturias.com\/noticias\/#postaladdress","@type":"PostalAddress","streetAddress":"san antonio 4,","postalCode":"33430","addressLocality":"Cand\u00e1s","addressRegion":"Asturias","addressCountry":"ES"}},{"@type":"Person","@id":"https:\/\/www.eldigitaldeasturias.com\/noticias\/author\/admin\/#author","url":"https:\/\/www.eldigitaldeasturias.com\/noticias\/author\/admin\/","name":"El Digital de Asturias","image":{"@type":"ImageObject","@id":"https:\/\/www.eldigitaldeasturias.com\/noticias\/ranking-atp-nadal-gana-una-posicion\/#authorImage","url":"https:\/\/www.eldigitaldeasturias.com\/noticias\/wp-content\/litespeed\/avatar\/18677e78aa0546b92d9dbf31ec7d7668.jpg?ver=1777290358","width":96,"height":96,"caption":"El Digital de Asturias"}},{"@type":"WebPage","@id":"https:\/\/www.eldigitaldeasturias.com\/noticias\/ranking-atp-nadal-gana-una-posicion\/#webpage","url":"https:\/\/www.eldigitaldeasturias.com\/noticias\/ranking-atp-nadal-gana-una-posicion\/","name":"Ranking ATP: Nadal gana una posici\u00f3n - El Digital de Asturias","description":"El tenista espa\u00f1ol Rafa Nadal gana una posici\u00f3n en el ranking ATP y es cuarto tras su victoria en el torneo de Acapulco (M\u00e9xico) este domingo","inLanguage":"es-ES","isPartOf":{"@id":"https:\/\/www.eldigitaldeasturias.com\/noticias\/#website"},"breadcrumb":{"@id":"https:\/\/www.eldigitaldeasturias.com\/noticias\/ranking-atp-nadal-gana-una-posicion\/#breadcrumblist"},"author":{"@id":"https:\/\/www.eldigitaldeasturias.com\/noticias\/author\/admin\/#author"},"creator":{"@id":"https:\/\/www.eldigitaldeasturias.com\/noticias\/author\/admin\/#author"},"image":{"@type":"ImageObject","url":"https:\/\/www.eldigitaldeasturias.com\/noticias\/wp-content\/uploads\/2022\/02\/Nadal-1.jpg","@id":"https:\/\/www.eldigitaldeasturias.com\/noticias\/ranking-atp-nadal-gana-una-posicion\/#mainImage","width":1115,"height":656,"caption":"FOTO: EUROPA PRESS"},"primaryImageOfPage":{"@id":"https:\/\/www.eldigitaldeasturias.com\/noticias\/ranking-atp-nadal-gana-una-posicion\/#mainImage"},"datePublished":"2022-02-28T19:06:50+01:00","dateModified":"2022-02-28T19:06:50+01:00"},{"@type":"WebSite","@id":"https:\/\/www.eldigitaldeasturias.com\/noticias\/#website","url":"https:\/\/www.eldigitaldeasturias.com\/noticias\/","name":"El Digital de Asturias - Diario de actualidad y noticias","alternateName":"El Digital de Asturias - Diario de actualidad y noticias","description":"Hemeroteca","inLanguage":"es-ES","publisher":{"@id":"https:\/\/www.eldigitaldeasturias.com\/noticias\/#organization"}}]},"og:locale":"es_ES","og:site_name":"El Digital de Asturias","og:type":"article","og:title":"Ranking ATP: Nadal gana una posici\u00f3n - El Digital de Asturias","og:description":"El tenista espa\u00f1ol Rafa Nadal gana una posici\u00f3n en el ranking ATP y es cuarto tras su victoria en el torneo de Acapulco (M\u00e9xico) este domingo","og:url":"https:\/\/www.eldigitaldeasturias.com\/noticias\/ranking-atp-nadal-gana-una-posicion\/","og:image":"https:\/\/www.eldigitaldeasturias.com\/noticias\/wp-content\/uploads\/2022\/02\/Nadal-1.jpg","og:image:secure_url":"https:\/\/www.eldigitaldeasturias.com\/noticias\/wp-content\/uploads\/2022\/02\/Nadal-1.jpg","og:image:width":1115,"og:image:height":656,"article:tag":["deportes"],"article:published_time":"2022-02-28T18:06:50+00:00","article:modified_time":"2022-02-28T18:06:50+00:00","article:publisher":"https:\/\/facebook.com\/eldigitaldeasturias","twitter:card":"summary_large_image","twitter:title":"Ranking ATP: Nadal gana una posici\u00f3n - El Digital de Asturias","twitter:description":"El tenista espa\u00f1ol Rafa Nadal gana una posici\u00f3n en el ranking ATP y es cuarto tras su victoria en el torneo de Acapulco (M\u00e9xico) este domingo","twitter:image":"https:\/\/www.eldigitaldeasturias.com\/noticias\/wp-content\/uploads\/2022\/02\/Nadal-1.jpg","twitter:label1":"Escrito por","twitter:data1":"El Digital de Asturias","twitter:label2":"Tiempo de lectura estimado","twitter:data2":"1 minuto"},"aioseo_meta_data":{"post_id":"1107307","title":null,"description":"El tenista espa\u00f1ol Rafa Nadal gana una posici\u00f3n en el ranking ATP y es cuarto tras su victoria en el torneo de Acapulco (M\u00e9xico) este domingo","keywords":[],"keyphrases":{"focus":{"keyphrase":"Nadal ","score":100,"analysis":{"keyphraseInTitle":{"title":"Focus keyphrase in SEO title","description":"Focus keyphrase found in SEO title.","score":9,"maxScore":9,"error":0},"keyphraseInDescription":{"title":"Focus keyphrase in meta description","description":"Focus keyphrase found in meta description.","score":9,"maxScore":9,"error":0},"keyphraseLength":{"title":"Focus keyphrase length","description":"Good job!","score":9,"maxScore":9,"error":0,"length":1},"keyphraseInURL":[],"keyphraseInIntroduction":{"title":"Focus keyphrase in introduction","description":"Your Focus keyphrase appears in the first paragraph. Well done!","score":9,"maxScore":9,"error":0},"keyphraseInSubHeadings":[],"keyphraseInImageAlt":{"title":"Focus keyphrase in image alt attributes","description":"Focus keyphrase found in image alt attribute(s).","score":9,"maxScore":9,"error":0}}},"additional":[{"keyphrase":"ranking ATP ","score":83,"analysis":{"keyphraseInDescription":{"title":"Keyphrase in meta description","description":"Keyphrase found in meta description.","score":9,"maxScore":9,"error":0},"keyphraseLength":{"title":"Keyphrase length","description":"Good job!","score":9,"maxScore":9,"error":0,"length":2},"keyphraseInIntroduction":{"title":"Keyphrase in introduction","description":"Your Keyphrase appears in the first paragraph. Well done!","score":9,"maxScore":9,"error":0},"keyphraseInImageAlt":{"title":"Keyphrase in image alt attributes","description":"Keyphrase not found in image alt attribute(s). Add an image with your Keyphrase as alt text.","score":3,"maxScore":9,"error":1}}}]},"primary_term":null,"canonical_url":null,"og_title":null,"og_description":null,"og_object_type":"default","og_image_type":"default","og_image_url":null,"og_image_width":null,"og_image_height":null,"og_image_custom_url":null,"og_image_custom_fields":null,"og_video":"","og_custom_url":null,"og_article_section":null,"og_article_tags":[],"twitter_use_og":false,"twitter_card":"default","twitter_image_type":"default","twitter_image_url":null,"twitter_image_custom_url":null,"twitter_image_custom_fields":null,"twitter_title":null,"twitter_description":null,"schema":{"blockGraphs":[],"customGraphs":[],"default":{"data":{"Article":[],"Course":[],"Dataset":[],"FAQPage":[],"Movie":[],"Person":[],"Product":[],"ProductReview":[],"Car":[],"Recipe":[],"Service":[],"SoftwareApplication":[],"WebPage":[]},"graphName":"","isEnabled":true},"graphs":[],"defaultGraph":"Article","defaultPostTypeGraph":""},"schema_type":"default","schema_type_options":"{\"article\":{\"articleType\":\"BlogPosting\"},\"course\":{\"name\":\"\",\"description\":\"\",\"provider\":\"\"},\"faq\":{\"pages\":[]},\"product\":{\"reviews\":[]},\"recipe\":{\"ingredients\":[],\"instructions\":[],\"keywords\":[]},\"software\":{\"reviews\":[],\"operatingSystems\":[]},\"webPage\":{\"webPageType\":\"WebPage\"}}","pillar_content":false,"robots_default":true,"robots_noindex":false,"robots_noarchive":false,"robots_nosnippet":false,"robots_nofollow":false,"robots_noimageindex":false,"robots_noodp":false,"robots_notranslate":false,"robots_max_snippet":"-1","robots_max_videopreview":"-1","robots_max_imagepreview":"large","priority":null,"frequency":"default","local_seo":null,"seo_analyzer_scan_date":"2025-10-02 01:21:41","breadcrumb_settings":null,"limit_modified_date":false,"open_ai":null,"ai":null,"created":"2022-02-28 18:00:43","updated":"2025-10-02 01:21:41"},"aioseo_breadcrumb":"<div class=\"aioseo-breadcrumbs\"><span class=\"aioseo-breadcrumb\">\n\t<a href=\"https:\/\/www.eldigitaldeasturias.com\/noticias\" title=\"Home\">Home<\/a>\n<\/span><span class=\"aioseo-breadcrumb-separator\">\u2013<\/span><span class=\"aioseo-breadcrumb\">\n\t<a href=\"https:\/\/www.eldigitaldeasturias.com\/noticias\/category\/deportes\/\" title=\"Deportes\">Deportes<\/a>\n<\/span><span class=\"aioseo-breadcrumb-separator\">\u2013<\/span><span class=\"aioseo-breadcrumb\">\n\t<a href=\"https:\/\/www.eldigitaldeasturias.com\/noticias\/ranking-atp-nadal-gana-una-posicion\/\" title=\"Ranking ATP: Nadal gana una posici\u00f3n\">Ranking ATP: Nadal gana una posici\u00f3n<\/a>\n<\/span><\/div>","aioseo_breadcrumb_json":[{"label":"Home","link":"https:\/\/www.eldigitaldeasturias.com\/noticias"},{"label":"Deportes","link":"https:\/\/www.eldigitaldeasturias.com\/noticias\/category\/deportes\/"},{"label":"Ranking ATP: Nadal gana una posici\u00f3n","link":"https:\/\/www.eldigitaldeasturias.com\/noticias\/ranking-atp-nadal-gana-una-posicion\/"}],"_links":{"self":[{"href":"https:\/\/www.eldigitaldeasturias.com\/noticias\/wp-json\/wp\/v2\/posts\/1107307","targetHints":{"allow":["GET"]}}],"collection":[{"href":"https:\/\/www.eldigitaldeasturias.com\/noticias\/wp-json\/wp\/v2\/posts"}],"about":[{"href":"https:\/\/www.eldigitaldeasturias.com\/noticias\/wp-json\/wp\/v2\/types\/post"}],"author":[{"embeddable":true,"href":"https:\/\/www.eldigitaldeasturias.com\/noticias\/wp-json\/wp\/v2\/users\/1"}],"replies":[{"embeddable":true,"href":"https:\/\/www.eldigitaldeasturias.com\/noticias\/wp-json\/wp\/v2\/comments?post=1107307"}],"version-history":[{"count":0,"href":"https:\/\/www.eldigitaldeasturias.com\/noticias\/wp-json\/wp\/v2\/posts\/1107307\/revisions"}],"wp:featuredmedia":[{"embeddable":true,"href":"https:\/\/www.eldigitaldeasturias.com\/noticias\/wp-json\/wp\/v2\/media\/1107308"}],"wp:attachment":[{"href":"https:\/\/www.eldigitaldeasturias.com\/noticias\/wp-json\/wp\/v2\/media?parent=1107307"}],"wp:term":[{"taxonomy":"category","embeddable":true,"href":"https:\/\/www.eldigitaldeasturias.com\/noticias\/wp-json\/wp\/v2\/categories?post=1107307"},{"taxonomy":"post_tag","embeddable":true,"href":"https:\/\/www.eldigitaldeasturias.com\/noticias\/wp-json\/wp\/v2\/tags?post=1107307"}],"curies":[{"name":"wp","href":"https:\/\/api.w.org\/{rel}","templated":true}]}}