{"id":1107270,"date":"2022-02-28T16:44:20","date_gmt":"2022-02-28T15:44:20","guid":{"rendered":"https:\/\/www.eldigitaldeasturias.com\/noticias\/?p=1107270"},"modified":"2022-02-28T16:44:20","modified_gmt":"2022-02-28T15:44:20","slug":"alemania-construira-dos-nuevas-terminales-de-gas-natural-licuado","status":"publish","type":"post","link":"https:\/\/www.eldigitaldeasturias.com\/noticias\/alemania-construira-dos-nuevas-terminales-de-gas-natural-licuado\/","title":{"rendered":"Alemania construir\u00e1 dos nuevas terminales de gas natural licuado"},"content":{"rendered":"<p>Berl\u00edn, 27 feb (dpa) &#8211; El canciller alem\u00e1n, Olaf Scholz, anunci\u00f3 hoy la construcci\u00f3n de dos nuevas terminales de gas natural licuado (GNL), en lo que podr\u00eda significar un giro en la pol\u00edtica energ\u00e9tica del pa\u00eds ante el ataque ruso a Ucrania.<\/p>\n<figure id=\"attachment_1099324\" aria-describedby=\"caption-attachment-1099324\" style=\"width: 690px\" class=\"wp-caption aligncenter\"><img loading=\"lazy\" decoding=\"async\" class=\"wp-image-1099324 size-large\" src=\"https:\/\/www.eldigitaldeasturias.com\/noticias\/wp-content\/uploads\/2021\/09\/Olaf-Scholz-690x463.jpg\" alt=\"Olaf Scholz\" width=\"690\" height=\"463\" srcset=\"https:\/\/www.eldigitaldeasturias.com\/noticias\/wp-content\/uploads\/2021\/09\/Olaf-Scholz-690x463.jpg 690w, https:\/\/www.eldigitaldeasturias.com\/noticias\/wp-content\/uploads\/2021\/09\/Olaf-Scholz-360x242.jpg 360w, https:\/\/www.eldigitaldeasturias.com\/noticias\/wp-content\/uploads\/2021\/09\/Olaf-Scholz-447x300.jpg 447w, https:\/\/www.eldigitaldeasturias.com\/noticias\/wp-content\/uploads\/2021\/09\/Olaf-Scholz-768x516.jpg 768w, https:\/\/www.eldigitaldeasturias.com\/noticias\/wp-content\/uploads\/2021\/09\/Olaf-Scholz-150x101.jpg 150w, https:\/\/www.eldigitaldeasturias.com\/noticias\/wp-content\/uploads\/2021\/09\/Olaf-Scholz-450x302.jpg 450w, https:\/\/www.eldigitaldeasturias.com\/noticias\/wp-content\/uploads\/2021\/09\/Olaf-Scholz.jpg 999w\" sizes=\"auto, (max-width: 690px) 100vw, 690px\" \/><figcaption id=\"caption-attachment-1099324\" class=\"wp-caption-text\">Foto: Britta Pedersen\/dpa<\/figcaption><\/figure>\n<p>Tambi\u00e9n se reabastecer\u00e1n las reservas de carb\u00f3n y gas de Alemania, se\u00f1al\u00f3 Scholz en el Parlamento de Berl\u00edn. En los pa\u00edses de la Uni\u00f3n Europea existen muchas terminales de GNL, pero ni una sola en Alemania, se\u00f1al\u00f3 Scholz.<\/p>\n<p>El canciller agreg\u00f3 que las nuevas terminales se ubicar\u00e1n en Brunsb\u00fcttel y Wilhelmshaven, en el norte de Alemania y que en el futuro tambi\u00e9n podr\u00e1n ser utilizadas para el suministro de energ\u00eda ganada a partir de hidr\u00f3geno.<\/p>\n<p>Los mayores exportadores de GNL del mundo son Estados Unidos, Catar y Australia.<\/p>\n<p>El anuncio de Scholz se produjo en respuesta a la invasi\u00f3n rusa de Ucrania y ante la dependencia de Alemania del gas natural ruso.<\/p>\n<p>\u00abUna pol\u00edtica energ\u00e9tica responsable y con visi\u00f3n de futuro no solo es vital para nuestra econom\u00eda y nuestro clima, sino tambi\u00e9n para la seguridad de Alemania\u00bb, sostuvo Scholz.<\/p>\n<p>Despu\u00e9s de que el presidente ruso Vladimir Putin anunciara su decisi\u00f3n de reconocer como independientes dos zonas separatistas de Ucrania, Alemania dej\u00f3 en suspenso la aprobaci\u00f3n del controvertido proyecto del gasoducto Nord Stream 2, que pretend\u00eda duplicar los suministros de gas natural ruso a Alemania a trav\u00e9s del mar B\u00e1ltico.<\/p>\n<p>El gasoducto completo habr\u00eda abastecido a millones de hogares, pero no se ha permitido su puesta en marcha por motivos de seguridad energ\u00e9tica. Adem\u00e1s, Alemania tiene la intenci\u00f3n de eliminar gradualmente su producci\u00f3n de energ\u00eda nuclear para finales de este a\u00f1o, lo que hace que los observadores se pregunten c\u00f3mo la mayor econom\u00eda de Europa va a satisfacer todas sus necesidades energ\u00e9ticas.<\/p>\n<p>El nuevo gobierno de coalici\u00f3n formado por socialdem\u00f3cratas, verdes y liberales planea una expansi\u00f3n a gran escala de las energ\u00edas renovables.<\/p>\n<p>Los ministros de Los Verdes en el gobierno han subrayado la urgencia de este esfuerzo a la luz de la invasi\u00f3n rusa.<\/p>\n<p>Scholz explic\u00f3 hoy que las reservas de gas de Alemania se incrementar\u00edan en 2.000 millones de metros c\u00fabicos mediante las llamadas opciones a largo plazo.<\/p>\n","protected":false},"excerpt":{"rendered":"<p>Berl\u00edn, 27 feb (dpa) &#8211; El canciller alem\u00e1n, Olaf Scholz, anunci\u00f3 hoy la construcci\u00f3n de dos nuevas terminales de gas natural licuado (GNL), en lo que podr\u00eda significar un giro en la pol\u00edtica energ\u00e9tica del pa\u00eds ante el ataque ruso a Ucrania. Tambi\u00e9n se reabastecer\u00e1n las reservas de carb\u00f3n y gas de Alemania, se\u00f1al\u00f3 Scholz [&hellip;]<\/p>\n","protected":false},"author":1,"featured_media":1097055,"comment_status":"closed","ping_status":"closed","sticky":false,"template":"","format":"standard","meta":{"footnotes":""},"categories":[187],"tags":[],"class_list":["post-1107270","post","type-post","status-publish","format-standard","has-post-thumbnail","hentry","category-economia"],"aioseo_notices":[],"aioseo_head":"\n\t\t<!-- All in One SEO Pro 4.9.6.2 - aioseo.com -->\n\t<meta name=\"description\" content=\"El canciller alem\u00e1n, Olaf Scholz, anunci\u00f3 hoy la construcci\u00f3n de dos nuevas terminales de gas natural licuado (GNL), en lo que podr\u00eda significar un giro en la\" \/>\n\t<meta name=\"robots\" content=\"max-image-preview:large\" \/>\n\t<meta name=\"author\" content=\"El Digital de Asturias\"\/>\n\t<meta name=\"google-site-verification\" content=\"UA-38556648-1\" \/>\n\t<meta name=\"msvalidate.01\" content=\"7dfe9f3f1b24437ab69f4f2559babe99\" \/>\n\t<meta name=\"keywords\" content=\"econom\u00eda\" \/>\n\t<link rel=\"canonical\" href=\"https:\/\/www.eldigitaldeasturias.com\/noticias\/alemania-construira-dos-nuevas-terminales-de-gas-natural-licuado\/\" \/>\n\t<meta name=\"generator\" content=\"All in One SEO Pro (AIOSEO) 4.9.6.2\" \/>\n\t\t<meta property=\"og:locale\" content=\"es_ES\" \/>\n\t\t<meta property=\"og:site_name\" content=\"El Digital de Asturias\" \/>\n\t\t<meta property=\"og:type\" content=\"article\" \/>\n\t\t<meta property=\"og:title\" content=\"Alemania construir\u00e1 dos nuevas terminales de gas natural licuado - El Digital de Asturias\" \/>\n\t\t<meta property=\"og:description\" content=\"El canciller alem\u00e1n, Olaf Scholz, anunci\u00f3 hoy la construcci\u00f3n de dos nuevas terminales de gas natural licuado (GNL), en lo que podr\u00eda significar un giro en la\" \/>\n\t\t<meta property=\"og:url\" content=\"https:\/\/www.eldigitaldeasturias.com\/noticias\/alemania-construira-dos-nuevas-terminales-de-gas-natural-licuado\/\" \/>\n\t\t<meta property=\"og:image\" content=\"https:\/\/www.eldigitaldeasturias.com\/noticias\/wp-content\/uploads\/2021\/08\/noticias-urgentes.jpg\" \/>\n\t\t<meta property=\"og:image:secure_url\" content=\"https:\/\/www.eldigitaldeasturias.com\/noticias\/wp-content\/uploads\/2021\/08\/noticias-urgentes.jpg\" \/>\n\t\t<meta property=\"og:image:width\" content=\"640\" \/>\n\t\t<meta property=\"og:image:height\" content=\"400\" \/>\n\t\t<meta property=\"article:tag\" content=\"econom\u00eda\" \/>\n\t\t<meta property=\"article:published_time\" content=\"2022-02-28T15:44:20+00:00\" \/>\n\t\t<meta property=\"article:modified_time\" content=\"2022-02-28T15:44:20+00:00\" \/>\n\t\t<meta property=\"article:publisher\" content=\"https:\/\/facebook.com\/eldigitaldeasturias\" \/>\n\t\t<meta name=\"twitter:card\" content=\"summary_large_image\" \/>\n\t\t<meta name=\"twitter:title\" content=\"Alemania construir\u00e1 dos nuevas terminales de gas natural licuado - El Digital de Asturias\" \/>\n\t\t<meta name=\"twitter:description\" content=\"El canciller alem\u00e1n, Olaf Scholz, anunci\u00f3 hoy la construcci\u00f3n de dos nuevas terminales de gas natural licuado (GNL), en lo que podr\u00eda significar un giro en la\" \/>\n\t\t<meta name=\"twitter:image\" content=\"https:\/\/www.eldigitaldeasturias.com\/noticias\/wp-content\/uploads\/2021\/08\/noticias-urgentes.jpg\" \/>\n\t\t<meta name=\"twitter:label1\" content=\"Escrito por\" \/>\n\t\t<meta name=\"twitter:data1\" content=\"El Digital de Asturias\" \/>\n\t\t<meta name=\"twitter:label2\" content=\"Tiempo de lectura estimado\" \/>\n\t\t<meta name=\"twitter:data2\" content=\"2 minutos\" \/>\n\t\t<script type=\"application\/ld+json\" class=\"aioseo-schema\">\n\t\t\t{\"@context\":\"https:\\\/\\\/schema.org\",\"@graph\":[{\"@type\":\"BlogPosting\",\"@id\":\"https:\\\/\\\/www.eldigitaldeasturias.com\\\/noticias\\\/alemania-construira-dos-nuevas-terminales-de-gas-natural-licuado\\\/#blogposting\",\"name\":\"Alemania construir\\u00e1 dos nuevas terminales de gas natural licuado - El Digital de Asturias\",\"headline\":\"Alemania construir\\u00e1 dos nuevas terminales de gas natural licuado\",\"author\":{\"@id\":\"https:\\\/\\\/www.eldigitaldeasturias.com\\\/noticias\\\/author\\\/admin\\\/#author\"},\"publisher\":{\"@id\":\"https:\\\/\\\/www.eldigitaldeasturias.com\\\/noticias\\\/#organization\"},\"image\":{\"@type\":\"ImageObject\",\"url\":\"https:\\\/\\\/www.eldigitaldeasturias.com\\\/noticias\\\/wp-content\\\/uploads\\\/2021\\\/08\\\/noticias-urgentes.jpg\",\"width\":640,\"height\":400,\"caption\":\"noticias urgentes\"},\"datePublished\":\"2022-02-28T16:44:20+01:00\",\"dateModified\":\"2022-02-28T16:44:20+01:00\",\"inLanguage\":\"es-ES\",\"mainEntityOfPage\":{\"@id\":\"https:\\\/\\\/www.eldigitaldeasturias.com\\\/noticias\\\/alemania-construira-dos-nuevas-terminales-de-gas-natural-licuado\\\/#webpage\"},\"isPartOf\":{\"@id\":\"https:\\\/\\\/www.eldigitaldeasturias.com\\\/noticias\\\/alemania-construira-dos-nuevas-terminales-de-gas-natural-licuado\\\/#webpage\"},\"articleSection\":\"Econom\\u00eda\"},{\"@type\":\"BreadcrumbList\",\"@id\":\"https:\\\/\\\/www.eldigitaldeasturias.com\\\/noticias\\\/alemania-construira-dos-nuevas-terminales-de-gas-natural-licuado\\\/#breadcrumblist\",\"itemListElement\":[{\"@type\":\"ListItem\",\"@id\":\"https:\\\/\\\/www.eldigitaldeasturias.com\\\/noticias#listItem\",\"position\":1,\"name\":\"Home\",\"item\":\"https:\\\/\\\/www.eldigitaldeasturias.com\\\/noticias\",\"nextItem\":{\"@type\":\"ListItem\",\"@id\":\"https:\\\/\\\/www.eldigitaldeasturias.com\\\/noticias\\\/category\\\/economia\\\/#listItem\",\"name\":\"Econom\\u00eda\"}},{\"@type\":\"ListItem\",\"@id\":\"https:\\\/\\\/www.eldigitaldeasturias.com\\\/noticias\\\/category\\\/economia\\\/#listItem\",\"position\":2,\"name\":\"Econom\\u00eda\",\"item\":\"https:\\\/\\\/www.eldigitaldeasturias.com\\\/noticias\\\/category\\\/economia\\\/\",\"nextItem\":{\"@type\":\"ListItem\",\"@id\":\"https:\\\/\\\/www.eldigitaldeasturias.com\\\/noticias\\\/alemania-construira-dos-nuevas-terminales-de-gas-natural-licuado\\\/#listItem\",\"name\":\"Alemania construir\\u00e1 dos nuevas terminales de gas natural licuado\"},\"previousItem\":{\"@type\":\"ListItem\",\"@id\":\"https:\\\/\\\/www.eldigitaldeasturias.com\\\/noticias#listItem\",\"name\":\"Home\"}},{\"@type\":\"ListItem\",\"@id\":\"https:\\\/\\\/www.eldigitaldeasturias.com\\\/noticias\\\/alemania-construira-dos-nuevas-terminales-de-gas-natural-licuado\\\/#listItem\",\"position\":3,\"name\":\"Alemania construir\\u00e1 dos nuevas terminales de gas natural licuado\",\"previousItem\":{\"@type\":\"ListItem\",\"@id\":\"https:\\\/\\\/www.eldigitaldeasturias.com\\\/noticias\\\/category\\\/economia\\\/#listItem\",\"name\":\"Econom\\u00eda\"}}]},{\"@type\":\"Organization\",\"@id\":\"https:\\\/\\\/www.eldigitaldeasturias.com\\\/noticias\\\/#organization\",\"name\":\"El Digital de Asturias\",\"description\":\"Hemeroteca\",\"url\":\"https:\\\/\\\/www.eldigitaldeasturias.com\\\/noticias\\\/\",\"email\":\"info@eldigitaldeasturias.com\",\"telephone\":\"+34652131393\",\"logo\":{\"@type\":\"ImageObject\",\"url\":\"https:\\\/\\\/www.eldigitaldeasturias.com\\\/noticias\\\/wp-content\\\/uploads\\\/2020\\\/12\\\/EDA.jpg\",\"@id\":\"https:\\\/\\\/www.eldigitaldeasturias.com\\\/noticias\\\/alemania-construira-dos-nuevas-terminales-de-gas-natural-licuado\\\/#organizationLogo\",\"width\":649,\"height\":297},\"image\":{\"@id\":\"https:\\\/\\\/www.eldigitaldeasturias.com\\\/noticias\\\/alemania-construira-dos-nuevas-terminales-de-gas-natural-licuado\\\/#organizationLogo\"},\"sameAs\":[\"https:\\\/\\\/facebook.com\\\/eldigitaldeasturias\",\"https:\\\/\\\/www.youtube.com\\\/channel\\\/UCZP-2wLEB9Rv6erhFmqVnvg\"],\"address\":{\"@id\":\"https:\\\/\\\/www.eldigitaldeasturias.com\\\/noticias\\\/#postaladdress\",\"@type\":\"PostalAddress\",\"streetAddress\":\"san antonio 4,\",\"postalCode\":\"33430\",\"addressLocality\":\"Cand\\u00e1s\",\"addressRegion\":\"Asturias\",\"addressCountry\":\"ES\"}},{\"@type\":\"Person\",\"@id\":\"https:\\\/\\\/www.eldigitaldeasturias.com\\\/noticias\\\/author\\\/admin\\\/#author\",\"url\":\"https:\\\/\\\/www.eldigitaldeasturias.com\\\/noticias\\\/author\\\/admin\\\/\",\"name\":\"El Digital de Asturias\",\"image\":{\"@type\":\"ImageObject\",\"@id\":\"https:\\\/\\\/www.eldigitaldeasturias.com\\\/noticias\\\/alemania-construira-dos-nuevas-terminales-de-gas-natural-licuado\\\/#authorImage\",\"url\":\"https:\\\/\\\/www.eldigitaldeasturias.com\\\/noticias\\\/wp-content\\\/litespeed\\\/avatar\\\/18677e78aa0546b92d9dbf31ec7d7668.jpg?ver=1777290358\",\"width\":96,\"height\":96,\"caption\":\"El Digital de Asturias\"}},{\"@type\":\"WebPage\",\"@id\":\"https:\\\/\\\/www.eldigitaldeasturias.com\\\/noticias\\\/alemania-construira-dos-nuevas-terminales-de-gas-natural-licuado\\\/#webpage\",\"url\":\"https:\\\/\\\/www.eldigitaldeasturias.com\\\/noticias\\\/alemania-construira-dos-nuevas-terminales-de-gas-natural-licuado\\\/\",\"name\":\"Alemania construir\\u00e1 dos nuevas terminales de gas natural licuado - El Digital de Asturias\",\"description\":\"El canciller alem\\u00e1n, Olaf Scholz, anunci\\u00f3 hoy la construcci\\u00f3n de dos nuevas terminales de gas natural licuado (GNL), en lo que podr\\u00eda significar un giro en la\",\"inLanguage\":\"es-ES\",\"isPartOf\":{\"@id\":\"https:\\\/\\\/www.eldigitaldeasturias.com\\\/noticias\\\/#website\"},\"breadcrumb\":{\"@id\":\"https:\\\/\\\/www.eldigitaldeasturias.com\\\/noticias\\\/alemania-construira-dos-nuevas-terminales-de-gas-natural-licuado\\\/#breadcrumblist\"},\"author\":{\"@id\":\"https:\\\/\\\/www.eldigitaldeasturias.com\\\/noticias\\\/author\\\/admin\\\/#author\"},\"creator\":{\"@id\":\"https:\\\/\\\/www.eldigitaldeasturias.com\\\/noticias\\\/author\\\/admin\\\/#author\"},\"image\":{\"@type\":\"ImageObject\",\"url\":\"https:\\\/\\\/www.eldigitaldeasturias.com\\\/noticias\\\/wp-content\\\/uploads\\\/2021\\\/08\\\/noticias-urgentes.jpg\",\"@id\":\"https:\\\/\\\/www.eldigitaldeasturias.com\\\/noticias\\\/alemania-construira-dos-nuevas-terminales-de-gas-natural-licuado\\\/#mainImage\",\"width\":640,\"height\":400,\"caption\":\"noticias urgentes\"},\"primaryImageOfPage\":{\"@id\":\"https:\\\/\\\/www.eldigitaldeasturias.com\\\/noticias\\\/alemania-construira-dos-nuevas-terminales-de-gas-natural-licuado\\\/#mainImage\"},\"datePublished\":\"2022-02-28T16:44:20+01:00\",\"dateModified\":\"2022-02-28T16:44:20+01:00\"},{\"@type\":\"WebSite\",\"@id\":\"https:\\\/\\\/www.eldigitaldeasturias.com\\\/noticias\\\/#website\",\"url\":\"https:\\\/\\\/www.eldigitaldeasturias.com\\\/noticias\\\/\",\"name\":\"El Digital de Asturias - Diario de actualidad y noticias\",\"alternateName\":\"El Digital de Asturias - Diario de actualidad y noticias\",\"description\":\"Hemeroteca\",\"inLanguage\":\"es-ES\",\"publisher\":{\"@id\":\"https:\\\/\\\/www.eldigitaldeasturias.com\\\/noticias\\\/#organization\"}}]}\n\t\t<\/script>\n\t\t<!-- All in One SEO Pro -->\r\n\t\t<title>Alemania construir\u00e1 dos nuevas terminales de gas natural licuado - El Digital de Asturias<\/title>\n\n","aioseo_head_json":{"title":"Alemania construir\u00e1 dos nuevas terminales de gas natural licuado - El Digital de Asturias","description":"El canciller alem\u00e1n, Olaf Scholz, anunci\u00f3 hoy la construcci\u00f3n de dos nuevas terminales de gas natural licuado (GNL), en lo que podr\u00eda significar un giro en la","canonical_url":"https:\/\/www.eldigitaldeasturias.com\/noticias\/alemania-construira-dos-nuevas-terminales-de-gas-natural-licuado\/","robots":"max-image-preview:large","keywords":"econom\u00eda","webmasterTools":{"google-site-verification":"UA-38556648-1","msvalidate.01":"7dfe9f3f1b24437ab69f4f2559babe99","miscellaneous":""},"schema":{"@context":"https:\/\/schema.org","@graph":[{"@type":"BlogPosting","@id":"https:\/\/www.eldigitaldeasturias.com\/noticias\/alemania-construira-dos-nuevas-terminales-de-gas-natural-licuado\/#blogposting","name":"Alemania construir\u00e1 dos nuevas terminales de gas natural licuado - El Digital de Asturias","headline":"Alemania construir\u00e1 dos nuevas terminales de gas natural licuado","author":{"@id":"https:\/\/www.eldigitaldeasturias.com\/noticias\/author\/admin\/#author"},"publisher":{"@id":"https:\/\/www.eldigitaldeasturias.com\/noticias\/#organization"},"image":{"@type":"ImageObject","url":"https:\/\/www.eldigitaldeasturias.com\/noticias\/wp-content\/uploads\/2021\/08\/noticias-urgentes.jpg","width":640,"height":400,"caption":"noticias urgentes"},"datePublished":"2022-02-28T16:44:20+01:00","dateModified":"2022-02-28T16:44:20+01:00","inLanguage":"es-ES","mainEntityOfPage":{"@id":"https:\/\/www.eldigitaldeasturias.com\/noticias\/alemania-construira-dos-nuevas-terminales-de-gas-natural-licuado\/#webpage"},"isPartOf":{"@id":"https:\/\/www.eldigitaldeasturias.com\/noticias\/alemania-construira-dos-nuevas-terminales-de-gas-natural-licuado\/#webpage"},"articleSection":"Econom\u00eda"},{"@type":"BreadcrumbList","@id":"https:\/\/www.eldigitaldeasturias.com\/noticias\/alemania-construira-dos-nuevas-terminales-de-gas-natural-licuado\/#breadcrumblist","itemListElement":[{"@type":"ListItem","@id":"https:\/\/www.eldigitaldeasturias.com\/noticias#listItem","position":1,"name":"Home","item":"https:\/\/www.eldigitaldeasturias.com\/noticias","nextItem":{"@type":"ListItem","@id":"https:\/\/www.eldigitaldeasturias.com\/noticias\/category\/economia\/#listItem","name":"Econom\u00eda"}},{"@type":"ListItem","@id":"https:\/\/www.eldigitaldeasturias.com\/noticias\/category\/economia\/#listItem","position":2,"name":"Econom\u00eda","item":"https:\/\/www.eldigitaldeasturias.com\/noticias\/category\/economia\/","nextItem":{"@type":"ListItem","@id":"https:\/\/www.eldigitaldeasturias.com\/noticias\/alemania-construira-dos-nuevas-terminales-de-gas-natural-licuado\/#listItem","name":"Alemania construir\u00e1 dos nuevas terminales de gas natural licuado"},"previousItem":{"@type":"ListItem","@id":"https:\/\/www.eldigitaldeasturias.com\/noticias#listItem","name":"Home"}},{"@type":"ListItem","@id":"https:\/\/www.eldigitaldeasturias.com\/noticias\/alemania-construira-dos-nuevas-terminales-de-gas-natural-licuado\/#listItem","position":3,"name":"Alemania construir\u00e1 dos nuevas terminales de gas natural licuado","previousItem":{"@type":"ListItem","@id":"https:\/\/www.eldigitaldeasturias.com\/noticias\/category\/economia\/#listItem","name":"Econom\u00eda"}}]},{"@type":"Organization","@id":"https:\/\/www.eldigitaldeasturias.com\/noticias\/#organization","name":"El Digital de Asturias","description":"Hemeroteca","url":"https:\/\/www.eldigitaldeasturias.com\/noticias\/","email":"info@eldigitaldeasturias.com","telephone":"+34652131393","logo":{"@type":"ImageObject","url":"https:\/\/www.eldigitaldeasturias.com\/noticias\/wp-content\/uploads\/2020\/12\/EDA.jpg","@id":"https:\/\/www.eldigitaldeasturias.com\/noticias\/alemania-construira-dos-nuevas-terminales-de-gas-natural-licuado\/#organizationLogo","width":649,"height":297},"image":{"@id":"https:\/\/www.eldigitaldeasturias.com\/noticias\/alemania-construira-dos-nuevas-terminales-de-gas-natural-licuado\/#organizationLogo"},"sameAs":["https:\/\/facebook.com\/eldigitaldeasturias","https:\/\/www.youtube.com\/channel\/UCZP-2wLEB9Rv6erhFmqVnvg"],"address":{"@id":"https:\/\/www.eldigitaldeasturias.com\/noticias\/#postaladdress","@type":"PostalAddress","streetAddress":"san antonio 4,","postalCode":"33430","addressLocality":"Cand\u00e1s","addressRegion":"Asturias","addressCountry":"ES"}},{"@type":"Person","@id":"https:\/\/www.eldigitaldeasturias.com\/noticias\/author\/admin\/#author","url":"https:\/\/www.eldigitaldeasturias.com\/noticias\/author\/admin\/","name":"El Digital de Asturias","image":{"@type":"ImageObject","@id":"https:\/\/www.eldigitaldeasturias.com\/noticias\/alemania-construira-dos-nuevas-terminales-de-gas-natural-licuado\/#authorImage","url":"https:\/\/www.eldigitaldeasturias.com\/noticias\/wp-content\/litespeed\/avatar\/18677e78aa0546b92d9dbf31ec7d7668.jpg?ver=1777290358","width":96,"height":96,"caption":"El Digital de Asturias"}},{"@type":"WebPage","@id":"https:\/\/www.eldigitaldeasturias.com\/noticias\/alemania-construira-dos-nuevas-terminales-de-gas-natural-licuado\/#webpage","url":"https:\/\/www.eldigitaldeasturias.com\/noticias\/alemania-construira-dos-nuevas-terminales-de-gas-natural-licuado\/","name":"Alemania construir\u00e1 dos nuevas terminales de gas natural licuado - El Digital de Asturias","description":"El canciller alem\u00e1n, Olaf Scholz, anunci\u00f3 hoy la construcci\u00f3n de dos nuevas terminales de gas natural licuado (GNL), en lo que podr\u00eda significar un giro en la","inLanguage":"es-ES","isPartOf":{"@id":"https:\/\/www.eldigitaldeasturias.com\/noticias\/#website"},"breadcrumb":{"@id":"https:\/\/www.eldigitaldeasturias.com\/noticias\/alemania-construira-dos-nuevas-terminales-de-gas-natural-licuado\/#breadcrumblist"},"author":{"@id":"https:\/\/www.eldigitaldeasturias.com\/noticias\/author\/admin\/#author"},"creator":{"@id":"https:\/\/www.eldigitaldeasturias.com\/noticias\/author\/admin\/#author"},"image":{"@type":"ImageObject","url":"https:\/\/www.eldigitaldeasturias.com\/noticias\/wp-content\/uploads\/2021\/08\/noticias-urgentes.jpg","@id":"https:\/\/www.eldigitaldeasturias.com\/noticias\/alemania-construira-dos-nuevas-terminales-de-gas-natural-licuado\/#mainImage","width":640,"height":400,"caption":"noticias urgentes"},"primaryImageOfPage":{"@id":"https:\/\/www.eldigitaldeasturias.com\/noticias\/alemania-construira-dos-nuevas-terminales-de-gas-natural-licuado\/#mainImage"},"datePublished":"2022-02-28T16:44:20+01:00","dateModified":"2022-02-28T16:44:20+01:00"},{"@type":"WebSite","@id":"https:\/\/www.eldigitaldeasturias.com\/noticias\/#website","url":"https:\/\/www.eldigitaldeasturias.com\/noticias\/","name":"El Digital de Asturias - Diario de actualidad y noticias","alternateName":"El Digital de Asturias - Diario de actualidad y noticias","description":"Hemeroteca","inLanguage":"es-ES","publisher":{"@id":"https:\/\/www.eldigitaldeasturias.com\/noticias\/#organization"}}]},"og:locale":"es_ES","og:site_name":"El Digital de Asturias","og:type":"article","og:title":"Alemania construir\u00e1 dos nuevas terminales de gas natural licuado - El Digital de Asturias","og:description":"El canciller alem\u00e1n, Olaf Scholz, anunci\u00f3 hoy la construcci\u00f3n de dos nuevas terminales de gas natural licuado (GNL), en lo que podr\u00eda significar un giro en la","og:url":"https:\/\/www.eldigitaldeasturias.com\/noticias\/alemania-construira-dos-nuevas-terminales-de-gas-natural-licuado\/","og:image":"https:\/\/www.eldigitaldeasturias.com\/noticias\/wp-content\/uploads\/2021\/08\/noticias-urgentes.jpg","og:image:secure_url":"https:\/\/www.eldigitaldeasturias.com\/noticias\/wp-content\/uploads\/2021\/08\/noticias-urgentes.jpg","og:image:width":640,"og:image:height":400,"article:tag":["econom\u00eda"],"article:published_time":"2022-02-28T15:44:20+00:00","article:modified_time":"2022-02-28T15:44:20+00:00","article:publisher":"https:\/\/facebook.com\/eldigitaldeasturias","twitter:card":"summary_large_image","twitter:title":"Alemania construir\u00e1 dos nuevas terminales de gas natural licuado - El Digital de Asturias","twitter:description":"El canciller alem\u00e1n, Olaf Scholz, anunci\u00f3 hoy la construcci\u00f3n de dos nuevas terminales de gas natural licuado (GNL), en lo que podr\u00eda significar un giro en la","twitter:image":"https:\/\/www.eldigitaldeasturias.com\/noticias\/wp-content\/uploads\/2021\/08\/noticias-urgentes.jpg","twitter:label1":"Escrito por","twitter:data1":"El Digital de Asturias","twitter:label2":"Tiempo de lectura estimado","twitter:data2":"2 minutos"},"aioseo_meta_data":{"post_id":"1107270","title":null,"description":"El canciller alem\u00e1n, Olaf Scholz, anunci\u00f3 hoy la construcci\u00f3n de dos nuevas terminales de gas natural licuado (GNL), en lo que podr\u00eda significar un giro en la","keywords":[],"keyphrases":{"focus":{"keyphrase":"gas","score":87,"analysis":{"keyphraseInTitle":{"title":"Focus keyphrase in SEO title","description":"Focus keyphrase found in SEO title.","score":9,"maxScore":9,"error":0},"keyphraseInDescription":{"title":"Focus keyphrase in meta description","description":"Focus keyphrase found in meta description.","score":9,"maxScore":9,"error":0},"keyphraseLength":{"title":"Focus keyphrase length","description":"Good job!","score":9,"maxScore":9,"error":0,"length":1},"keyphraseInURL":[],"keyphraseInIntroduction":{"title":"Focus keyphrase in introduction","description":"Your Focus keyphrase appears in the first paragraph. Well done!","score":9,"maxScore":9,"error":0},"keyphraseInSubHeadings":[],"keyphraseInImageAlt":{"title":"Focus keyphrase in image alt attributes","description":"Focus keyphrase not found in image alt attribute(s). Add an image with your Focus keyphrase as alt text.","score":3,"maxScore":9,"error":1}}},"additional":[{"keyphrase":"Olaf Scholz","score":100,"analysis":{"keyphraseInDescription":{"title":"Keyphrase in meta description","description":"Keyphrase found in meta description.","score":9,"maxScore":9,"error":0},"keyphraseLength":{"title":"Keyphrase length","description":"Good job!","score":9,"maxScore":9,"error":0,"length":2},"keyphraseInIntroduction":{"title":"Keyphrase in introduction","description":"Your Keyphrase appears in the first paragraph. Well done!","score":9,"maxScore":9,"error":0},"keyphraseInImageAlt":{"title":"Keyphrase in image alt attributes","description":"Keyphrase found in image alt attribute(s).","score":9,"maxScore":9,"error":0}}},{"keyphrase":"gas natural licuado","score":83,"analysis":{"keyphraseInDescription":{"title":"Keyphrase in meta description","description":"Keyphrase found in meta description.","score":9,"maxScore":9,"error":0},"keyphraseLength":{"title":"Keyphrase length","description":"Good job!","score":9,"maxScore":9,"error":0,"length":3},"keyphraseInIntroduction":{"title":"Keyphrase in introduction","description":"Your Keyphrase appears in the first paragraph. Well done!","score":9,"maxScore":9,"error":0},"keyphraseInImageAlt":{"title":"Keyphrase in image alt attributes","description":"Keyphrase not found in image alt attribute(s). Add an image with your Keyphrase as alt text.","score":3,"maxScore":9,"error":1}}}]},"primary_term":null,"canonical_url":null,"og_title":null,"og_description":null,"og_object_type":"default","og_image_type":"default","og_image_url":null,"og_image_width":null,"og_image_height":null,"og_image_custom_url":null,"og_image_custom_fields":null,"og_video":"","og_custom_url":null,"og_article_section":null,"og_article_tags":[],"twitter_use_og":false,"twitter_card":"default","twitter_image_type":"default","twitter_image_url":null,"twitter_image_custom_url":null,"twitter_image_custom_fields":null,"twitter_title":null,"twitter_description":null,"schema":{"blockGraphs":[],"customGraphs":[],"default":{"data":{"Article":[],"Course":[],"Dataset":[],"FAQPage":[],"Movie":[],"Person":[],"Product":[],"ProductReview":[],"Car":[],"Recipe":[],"Service":[],"SoftwareApplication":[],"WebPage":[]},"graphName":"","isEnabled":true},"graphs":[],"defaultGraph":"Article","defaultPostTypeGraph":""},"schema_type":"default","schema_type_options":"{\"article\":{\"articleType\":\"BlogPosting\"},\"course\":{\"name\":\"\",\"description\":\"\",\"provider\":\"\"},\"faq\":{\"pages\":[]},\"product\":{\"reviews\":[]},\"recipe\":{\"ingredients\":[],\"instructions\":[],\"keywords\":[]},\"software\":{\"reviews\":[],\"operatingSystems\":[]},\"webPage\":{\"webPageType\":\"WebPage\"}}","pillar_content":false,"robots_default":true,"robots_noindex":false,"robots_noarchive":false,"robots_nosnippet":false,"robots_nofollow":false,"robots_noimageindex":false,"robots_noodp":false,"robots_notranslate":false,"robots_max_snippet":"-1","robots_max_videopreview":"-1","robots_max_imagepreview":"large","priority":null,"frequency":"default","local_seo":null,"seo_analyzer_scan_date":"2025-10-02 01:04:55","breadcrumb_settings":null,"limit_modified_date":false,"open_ai":null,"ai":null,"created":"2022-02-28 15:40:57","updated":"2025-10-02 01:04:55"},"aioseo_breadcrumb":"<div class=\"aioseo-breadcrumbs\"><span class=\"aioseo-breadcrumb\">\n\t<a href=\"https:\/\/www.eldigitaldeasturias.com\/noticias\" title=\"Home\">Home<\/a>\n<\/span><span class=\"aioseo-breadcrumb-separator\">\u2013<\/span><span class=\"aioseo-breadcrumb\">\n\t<a href=\"https:\/\/www.eldigitaldeasturias.com\/noticias\/category\/economia\/\" title=\"Econom\u00eda\">Econom\u00eda<\/a>\n<\/span><span class=\"aioseo-breadcrumb-separator\">\u2013<\/span><span class=\"aioseo-breadcrumb\">\n\t<a href=\"https:\/\/www.eldigitaldeasturias.com\/noticias\/alemania-construira-dos-nuevas-terminales-de-gas-natural-licuado\/\" title=\"Alemania construir\u00e1 dos nuevas terminales de gas natural licuado\">Alemania construir\u00e1 dos nuevas terminales de gas natural licuado<\/a>\n<\/span><\/div>","aioseo_breadcrumb_json":[{"label":"Home","link":"https:\/\/www.eldigitaldeasturias.com\/noticias"},{"label":"Econom\u00eda","link":"https:\/\/www.eldigitaldeasturias.com\/noticias\/category\/economia\/"},{"label":"Alemania construir\u00e1 dos nuevas terminales de gas natural licuado","link":"https:\/\/www.eldigitaldeasturias.com\/noticias\/alemania-construira-dos-nuevas-terminales-de-gas-natural-licuado\/"}],"_links":{"self":[{"href":"https:\/\/www.eldigitaldeasturias.com\/noticias\/wp-json\/wp\/v2\/posts\/1107270","targetHints":{"allow":["GET"]}}],"collection":[{"href":"https:\/\/www.eldigitaldeasturias.com\/noticias\/wp-json\/wp\/v2\/posts"}],"about":[{"href":"https:\/\/www.eldigitaldeasturias.com\/noticias\/wp-json\/wp\/v2\/types\/post"}],"author":[{"embeddable":true,"href":"https:\/\/www.eldigitaldeasturias.com\/noticias\/wp-json\/wp\/v2\/users\/1"}],"replies":[{"embeddable":true,"href":"https:\/\/www.eldigitaldeasturias.com\/noticias\/wp-json\/wp\/v2\/comments?post=1107270"}],"version-history":[{"count":0,"href":"https:\/\/www.eldigitaldeasturias.com\/noticias\/wp-json\/wp\/v2\/posts\/1107270\/revisions"}],"wp:featuredmedia":[{"embeddable":true,"href":"https:\/\/www.eldigitaldeasturias.com\/noticias\/wp-json\/wp\/v2\/media\/1097055"}],"wp:attachment":[{"href":"https:\/\/www.eldigitaldeasturias.com\/noticias\/wp-json\/wp\/v2\/media?parent=1107270"}],"wp:term":[{"taxonomy":"category","embeddable":true,"href":"https:\/\/www.eldigitaldeasturias.com\/noticias\/wp-json\/wp\/v2\/categories?post=1107270"},{"taxonomy":"post_tag","embeddable":true,"href":"https:\/\/www.eldigitaldeasturias.com\/noticias\/wp-json\/wp\/v2\/tags?post=1107270"}],"curies":[{"name":"wp","href":"https:\/\/api.w.org\/{rel}","templated":true}]}}