{"id":1107017,"date":"2022-02-22T13:55:31","date_gmt":"2022-02-22T12:55:31","guid":{"rendered":"https:\/\/www.eldigitaldeasturias.com\/noticias\/?p=1107017"},"modified":"2022-02-22T13:55:31","modified_gmt":"2022-02-22T12:55:31","slug":"rafa-nadal-jugara-hoy-en-acapulco","status":"publish","type":"post","link":"https:\/\/www.eldigitaldeasturias.com\/noticias\/rafa-nadal-jugara-hoy-en-acapulco\/","title":{"rendered":"Rafa Nadal jugar\u00e1 hoy en Acapulco"},"content":{"rendered":"<p><img loading=\"lazy\" decoding=\"async\" class=\"alignleft size-medium wp-image-1069576\" src=\"https:\/\/www.eldigitaldeasturias.com\/noticias\/wp-content\/uploads\/2020\/07\/tennis-923659_640-360x270.jpg\" alt=\"tenis\" width=\"360\" height=\"270\" srcset=\"https:\/\/www.eldigitaldeasturias.com\/noticias\/wp-content\/uploads\/2020\/07\/tennis-923659_640-360x270.jpg 360w, https:\/\/www.eldigitaldeasturias.com\/noticias\/wp-content\/uploads\/2020\/07\/tennis-923659_640-400x300.jpg 400w, https:\/\/www.eldigitaldeasturias.com\/noticias\/wp-content\/uploads\/2020\/07\/tennis-923659_640-560x420.jpg 560w, https:\/\/www.eldigitaldeasturias.com\/noticias\/wp-content\/uploads\/2020\/07\/tennis-923659_640-80x60.jpg 80w, https:\/\/www.eldigitaldeasturias.com\/noticias\/wp-content\/uploads\/2020\/07\/tennis-923659_640-265x198.jpg 265w, https:\/\/www.eldigitaldeasturias.com\/noticias\/wp-content\/uploads\/2020\/07\/tennis-923659_640.jpg 640w\" sizes=\"auto, (max-width: 360px) 100vw, 360px\" \/>(EP) &#8211; Nadal volver\u00e1 a las pistas tras conquistar en Melbourne (Australia) su vigesimoprimer &#8216;Grand Slam&#8217; de su carrera hace tres semanas y lo har\u00e1 en\u00a0 Acapulco (M\u00e9xico), donde intentar\u00e1 mantener su condici\u00f3n de invicto y sus buenas sensaciones de inicio de temporada y como preparaci\u00f3n para la gira estadounidense.<\/p>\n<p>El pasado 30 de enero, el de Manacor, a sus 35 a\u00f1os, entr\u00f3 en la historia del tenis masculino y deshizo el empate a 20 &#8216;grandes&#8217; con el serbio Novak Djokovic y el suizo Roger Federer. Ahora, despu\u00e9s del habitual descanso y de haber notado menos que en otras ocasiones la dureza y exigencia vivida en Australia, vuelve a la acci\u00f3n en un torneo de categor\u00eda ATP 500 donde tambi\u00e9n est\u00e1n inscritos el ruso Daniil Medvedev, que podr\u00eda salir como nuevo n\u00famero uno, y el alem\u00e1n Alexander Zverev, defensor del t\u00edtulo.<\/p>\n<p>El de Hamburgo se coron\u00f3 en el 2021, un a\u00f1o despu\u00e9s de que el jugador balear fuese campe\u00f3n por tercera vez tras haberlo logrado tambi\u00e9n en el 2005 y en el 2013. Una final m\u00e1s, perdida ante el estadounidense Sam Querrey en 2017, adornan su buena estad\u00edstica en una cita donde tiene un r\u00e9cord de 20 victorias y dos derrotas (la otra ante el australiano Nick Kyrgios en octavos de 2019), y s\u00f3lo cuatro sets perdidas, que le servir\u00e1 para ir cogiendo ritmo para los Masters 1.000 de Miami e Indian Wells.<\/p>\n<p>\u00abMi expectativa principal aqu\u00ed es jugar, he jugado muy poco durante casi dos a\u00f1os y me apetece jugar y esa es la raz\u00f3n m\u00e1s simple por la que estoy aqu\u00ed. Tras Australia ten\u00eda que analizar c\u00f3mo responder\u00eda mi cuerpo porque despu\u00e9s de un esfuerzo as\u00ed hist\u00f3ricamente tengo un baj\u00f3n importante durante una serie de d\u00edas. El cuerpo est\u00e1 respondiendo relativamente bien y eso me llev\u00f3 a tomar la decisi\u00f3n de estar aqu\u00ed. Mi comienzo de a\u00f1o ha sido infinitamente mejor de lo que jam\u00e1s hubiera podido imaginar y ahora quiero competir y dar mi m\u00e1ximo aqu\u00ed\u00bb, afirm\u00f3 Nadal en la rueda de prensa previa a su estreno.<\/p>\n<p>El tenista espa\u00f1ol, cuarto favorito, llega a M\u00e9xico invicto tras ganar los dos torneos que ha disputado al imponerse en el de Melbourne previo al &#8216;Grand Slam&#8217;, pero recalc\u00f3 que tendr\u00e1 que lidiar con un cuadro potente aunque se ha aligerado algo su debut de este martes, ya que su primer rival, el potente sacador estadounidense Reilly Opelka, un jugador peligroso en este tipo de pistas y campe\u00f3n hace unas semanas en Dallas y subcampe\u00f3n el pasado domingo en Delray Beach, decidi\u00f3 darse finalmente de baja.<\/p>\n<p>Su puesto como &#8216;lucky loser&#8217; ha sido para su compatriota Denis Kudla, n\u00famero cien del mundo e in\u00e9dito en la carrera de Nadal, que ir\u00e1 por la parte del cuadro de Medvedev, su te\u00f3rico rival en semifinales y que de ganar el torneo se convertir\u00eda en el n\u00famero uno del mundo. Antes podr\u00eda tener al b\u00falgaro Grigor Dimitrov o al estadounidense Maxime Cressy, que ya le puso en apuros en la final del torneo de Melbourne, y en cuartos estar\u00eda el italiano Matteo Berrettini, al que bati\u00f3 en la pen\u00faltima ronda del Abierto de Australia.<\/p>\n","protected":false},"excerpt":{"rendered":"<p>(EP) &#8211; Nadal volver\u00e1 a las pistas tras conquistar en Melbourne (Australia) su vigesimoprimer &#8216;Grand Slam&#8217; de su carrera hace tres semanas y lo har\u00e1 en\u00a0 Acapulco (M\u00e9xico), donde intentar\u00e1 mantener su condici\u00f3n de invicto y sus buenas sensaciones de inicio de temporada y como preparaci\u00f3n para la gira estadounidense. El pasado 30 de enero, [&hellip;]<\/p>\n","protected":false},"author":1,"featured_media":1069576,"comment_status":"closed","ping_status":"closed","sticky":false,"template":"","format":"standard","meta":{"footnotes":""},"categories":[190],"tags":[],"class_list":["post-1107017","post","type-post","status-publish","format-standard","has-post-thumbnail","hentry","category-deportes"],"aioseo_notices":[],"aioseo_head":"\n\t\t<!-- All in One SEO Pro 4.9.6.2 - aioseo.com -->\n\t<meta name=\"description\" content=\"Nadal volver\u00e1 a las pistas tras conquistar en Melbourne (Australia) su vigesimoprimer &#039;Grand Slam&#039; de su carrera hace tres semanas y lo har\u00e1 en Acapulco\" \/>\n\t<meta name=\"robots\" content=\"max-image-preview:large\" \/>\n\t<meta name=\"author\" content=\"El Digital de Asturias\"\/>\n\t<meta name=\"google-site-verification\" content=\"UA-38556648-1\" \/>\n\t<meta name=\"msvalidate.01\" content=\"7dfe9f3f1b24437ab69f4f2559babe99\" \/>\n\t<meta name=\"keywords\" content=\"deportes\" \/>\n\t<link rel=\"canonical\" href=\"https:\/\/www.eldigitaldeasturias.com\/noticias\/rafa-nadal-jugara-hoy-en-acapulco\/\" \/>\n\t<meta name=\"generator\" content=\"All in One SEO Pro (AIOSEO) 4.9.6.2\" \/>\n\t\t<meta property=\"og:locale\" content=\"es_ES\" \/>\n\t\t<meta property=\"og:site_name\" content=\"El Digital de Asturias\" \/>\n\t\t<meta property=\"og:type\" content=\"article\" \/>\n\t\t<meta property=\"og:title\" content=\"Rafa Nadal jugar\u00e1 hoy en Acapulco - El Digital de Asturias\" \/>\n\t\t<meta property=\"og:description\" content=\"Nadal volver\u00e1 a las pistas tras conquistar en Melbourne (Australia) su vigesimoprimer &#039;Grand Slam&#039; de su carrera hace tres semanas y lo har\u00e1 en Acapulco\" \/>\n\t\t<meta property=\"og:url\" content=\"https:\/\/www.eldigitaldeasturias.com\/noticias\/rafa-nadal-jugara-hoy-en-acapulco\/\" \/>\n\t\t<meta property=\"og:image\" content=\"https:\/\/www.eldigitaldeasturias.com\/noticias\/wp-content\/uploads\/2020\/07\/tennis-923659_640.jpg\" \/>\n\t\t<meta property=\"og:image:secure_url\" content=\"https:\/\/www.eldigitaldeasturias.com\/noticias\/wp-content\/uploads\/2020\/07\/tennis-923659_640.jpg\" \/>\n\t\t<meta property=\"og:image:width\" content=\"640\" \/>\n\t\t<meta property=\"og:image:height\" content=\"480\" \/>\n\t\t<meta property=\"article:tag\" content=\"deportes\" \/>\n\t\t<meta property=\"article:published_time\" content=\"2022-02-22T12:55:31+00:00\" \/>\n\t\t<meta property=\"article:modified_time\" content=\"2022-02-22T12:55:31+00:00\" \/>\n\t\t<meta property=\"article:publisher\" content=\"https:\/\/facebook.com\/eldigitaldeasturias\" \/>\n\t\t<meta name=\"twitter:card\" content=\"summary_large_image\" \/>\n\t\t<meta name=\"twitter:title\" content=\"Rafa Nadal jugar\u00e1 hoy en Acapulco - El Digital de Asturias\" \/>\n\t\t<meta name=\"twitter:description\" content=\"Nadal volver\u00e1 a las pistas tras conquistar en Melbourne (Australia) su vigesimoprimer &#039;Grand Slam&#039; de su carrera hace tres semanas y lo har\u00e1 en Acapulco\" \/>\n\t\t<meta name=\"twitter:image\" content=\"https:\/\/www.eldigitaldeasturias.com\/noticias\/wp-content\/uploads\/2020\/07\/tennis-923659_640.jpg\" \/>\n\t\t<meta name=\"twitter:label1\" content=\"Escrito por\" \/>\n\t\t<meta name=\"twitter:data1\" content=\"El Digital de Asturias\" \/>\n\t\t<meta name=\"twitter:label2\" content=\"Tiempo de lectura estimado\" \/>\n\t\t<meta name=\"twitter:data2\" content=\"3 minutos\" \/>\n\t\t<script type=\"application\/ld+json\" class=\"aioseo-schema\">\n\t\t\t{\"@context\":\"https:\\\/\\\/schema.org\",\"@graph\":[{\"@type\":\"BlogPosting\",\"@id\":\"https:\\\/\\\/www.eldigitaldeasturias.com\\\/noticias\\\/rafa-nadal-jugara-hoy-en-acapulco\\\/#blogposting\",\"name\":\"Rafa Nadal jugar\\u00e1 hoy en Acapulco - El Digital de Asturias\",\"headline\":\"Rafa Nadal jugar\\u00e1 hoy en Acapulco\",\"author\":{\"@id\":\"https:\\\/\\\/www.eldigitaldeasturias.com\\\/noticias\\\/author\\\/admin\\\/#author\"},\"publisher\":{\"@id\":\"https:\\\/\\\/www.eldigitaldeasturias.com\\\/noticias\\\/#organization\"},\"image\":{\"@type\":\"ImageObject\",\"url\":\"https:\\\/\\\/www.eldigitaldeasturias.com\\\/noticias\\\/wp-content\\\/uploads\\\/2020\\\/07\\\/tennis-923659_640.jpg\",\"width\":640,\"height\":480,\"caption\":\"tenis\"},\"datePublished\":\"2022-02-22T13:55:31+01:00\",\"dateModified\":\"2022-02-22T13:55:31+01:00\",\"inLanguage\":\"es-ES\",\"mainEntityOfPage\":{\"@id\":\"https:\\\/\\\/www.eldigitaldeasturias.com\\\/noticias\\\/rafa-nadal-jugara-hoy-en-acapulco\\\/#webpage\"},\"isPartOf\":{\"@id\":\"https:\\\/\\\/www.eldigitaldeasturias.com\\\/noticias\\\/rafa-nadal-jugara-hoy-en-acapulco\\\/#webpage\"},\"articleSection\":\"Deportes\"},{\"@type\":\"BreadcrumbList\",\"@id\":\"https:\\\/\\\/www.eldigitaldeasturias.com\\\/noticias\\\/rafa-nadal-jugara-hoy-en-acapulco\\\/#breadcrumblist\",\"itemListElement\":[{\"@type\":\"ListItem\",\"@id\":\"https:\\\/\\\/www.eldigitaldeasturias.com\\\/noticias#listItem\",\"position\":1,\"name\":\"Home\",\"item\":\"https:\\\/\\\/www.eldigitaldeasturias.com\\\/noticias\",\"nextItem\":{\"@type\":\"ListItem\",\"@id\":\"https:\\\/\\\/www.eldigitaldeasturias.com\\\/noticias\\\/category\\\/deportes\\\/#listItem\",\"name\":\"Deportes\"}},{\"@type\":\"ListItem\",\"@id\":\"https:\\\/\\\/www.eldigitaldeasturias.com\\\/noticias\\\/category\\\/deportes\\\/#listItem\",\"position\":2,\"name\":\"Deportes\",\"item\":\"https:\\\/\\\/www.eldigitaldeasturias.com\\\/noticias\\\/category\\\/deportes\\\/\",\"nextItem\":{\"@type\":\"ListItem\",\"@id\":\"https:\\\/\\\/www.eldigitaldeasturias.com\\\/noticias\\\/rafa-nadal-jugara-hoy-en-acapulco\\\/#listItem\",\"name\":\"Rafa Nadal jugar\\u00e1 hoy en Acapulco\"},\"previousItem\":{\"@type\":\"ListItem\",\"@id\":\"https:\\\/\\\/www.eldigitaldeasturias.com\\\/noticias#listItem\",\"name\":\"Home\"}},{\"@type\":\"ListItem\",\"@id\":\"https:\\\/\\\/www.eldigitaldeasturias.com\\\/noticias\\\/rafa-nadal-jugara-hoy-en-acapulco\\\/#listItem\",\"position\":3,\"name\":\"Rafa Nadal jugar\\u00e1 hoy en Acapulco\",\"previousItem\":{\"@type\":\"ListItem\",\"@id\":\"https:\\\/\\\/www.eldigitaldeasturias.com\\\/noticias\\\/category\\\/deportes\\\/#listItem\",\"name\":\"Deportes\"}}]},{\"@type\":\"Organization\",\"@id\":\"https:\\\/\\\/www.eldigitaldeasturias.com\\\/noticias\\\/#organization\",\"name\":\"El Digital de Asturias\",\"description\":\"Hemeroteca\",\"url\":\"https:\\\/\\\/www.eldigitaldeasturias.com\\\/noticias\\\/\",\"email\":\"info@eldigitaldeasturias.com\",\"telephone\":\"+34652131393\",\"logo\":{\"@type\":\"ImageObject\",\"url\":\"https:\\\/\\\/www.eldigitaldeasturias.com\\\/noticias\\\/wp-content\\\/uploads\\\/2020\\\/12\\\/EDA.jpg\",\"@id\":\"https:\\\/\\\/www.eldigitaldeasturias.com\\\/noticias\\\/rafa-nadal-jugara-hoy-en-acapulco\\\/#organizationLogo\",\"width\":649,\"height\":297},\"image\":{\"@id\":\"https:\\\/\\\/www.eldigitaldeasturias.com\\\/noticias\\\/rafa-nadal-jugara-hoy-en-acapulco\\\/#organizationLogo\"},\"sameAs\":[\"https:\\\/\\\/facebook.com\\\/eldigitaldeasturias\",\"https:\\\/\\\/www.youtube.com\\\/channel\\\/UCZP-2wLEB9Rv6erhFmqVnvg\"],\"address\":{\"@id\":\"https:\\\/\\\/www.eldigitaldeasturias.com\\\/noticias\\\/#postaladdress\",\"@type\":\"PostalAddress\",\"streetAddress\":\"san antonio 4,\",\"postalCode\":\"33430\",\"addressLocality\":\"Cand\\u00e1s\",\"addressRegion\":\"Asturias\",\"addressCountry\":\"ES\"}},{\"@type\":\"Person\",\"@id\":\"https:\\\/\\\/www.eldigitaldeasturias.com\\\/noticias\\\/author\\\/admin\\\/#author\",\"url\":\"https:\\\/\\\/www.eldigitaldeasturias.com\\\/noticias\\\/author\\\/admin\\\/\",\"name\":\"El Digital de Asturias\",\"image\":{\"@type\":\"ImageObject\",\"@id\":\"https:\\\/\\\/www.eldigitaldeasturias.com\\\/noticias\\\/rafa-nadal-jugara-hoy-en-acapulco\\\/#authorImage\",\"url\":\"https:\\\/\\\/www.eldigitaldeasturias.com\\\/noticias\\\/wp-content\\\/litespeed\\\/avatar\\\/18677e78aa0546b92d9dbf31ec7d7668.jpg?ver=1777290358\",\"width\":96,\"height\":96,\"caption\":\"El Digital de Asturias\"}},{\"@type\":\"WebPage\",\"@id\":\"https:\\\/\\\/www.eldigitaldeasturias.com\\\/noticias\\\/rafa-nadal-jugara-hoy-en-acapulco\\\/#webpage\",\"url\":\"https:\\\/\\\/www.eldigitaldeasturias.com\\\/noticias\\\/rafa-nadal-jugara-hoy-en-acapulco\\\/\",\"name\":\"Rafa Nadal jugar\\u00e1 hoy en Acapulco - El Digital de Asturias\",\"description\":\"Nadal volver\\u00e1 a las pistas tras conquistar en Melbourne (Australia) su vigesimoprimer 'Grand Slam' de su carrera hace tres semanas y lo har\\u00e1 en Acapulco\",\"inLanguage\":\"es-ES\",\"isPartOf\":{\"@id\":\"https:\\\/\\\/www.eldigitaldeasturias.com\\\/noticias\\\/#website\"},\"breadcrumb\":{\"@id\":\"https:\\\/\\\/www.eldigitaldeasturias.com\\\/noticias\\\/rafa-nadal-jugara-hoy-en-acapulco\\\/#breadcrumblist\"},\"author\":{\"@id\":\"https:\\\/\\\/www.eldigitaldeasturias.com\\\/noticias\\\/author\\\/admin\\\/#author\"},\"creator\":{\"@id\":\"https:\\\/\\\/www.eldigitaldeasturias.com\\\/noticias\\\/author\\\/admin\\\/#author\"},\"image\":{\"@type\":\"ImageObject\",\"url\":\"https:\\\/\\\/www.eldigitaldeasturias.com\\\/noticias\\\/wp-content\\\/uploads\\\/2020\\\/07\\\/tennis-923659_640.jpg\",\"@id\":\"https:\\\/\\\/www.eldigitaldeasturias.com\\\/noticias\\\/rafa-nadal-jugara-hoy-en-acapulco\\\/#mainImage\",\"width\":640,\"height\":480,\"caption\":\"tenis\"},\"primaryImageOfPage\":{\"@id\":\"https:\\\/\\\/www.eldigitaldeasturias.com\\\/noticias\\\/rafa-nadal-jugara-hoy-en-acapulco\\\/#mainImage\"},\"datePublished\":\"2022-02-22T13:55:31+01:00\",\"dateModified\":\"2022-02-22T13:55:31+01:00\"},{\"@type\":\"WebSite\",\"@id\":\"https:\\\/\\\/www.eldigitaldeasturias.com\\\/noticias\\\/#website\",\"url\":\"https:\\\/\\\/www.eldigitaldeasturias.com\\\/noticias\\\/\",\"name\":\"El Digital de Asturias - Diario de actualidad y noticias\",\"alternateName\":\"El Digital de Asturias - Diario de actualidad y noticias\",\"description\":\"Hemeroteca\",\"inLanguage\":\"es-ES\",\"publisher\":{\"@id\":\"https:\\\/\\\/www.eldigitaldeasturias.com\\\/noticias\\\/#organization\"}}]}\n\t\t<\/script>\n\t\t<!-- All in One SEO Pro -->\r\n\t\t<title>Rafa Nadal jugar\u00e1 hoy en Acapulco - El Digital de Asturias<\/title>\n\n","aioseo_head_json":{"title":"Rafa Nadal jugar\u00e1 hoy en Acapulco - El Digital de Asturias","description":"Nadal volver\u00e1 a las pistas tras conquistar en Melbourne (Australia) su vigesimoprimer 'Grand Slam' de su carrera hace tres semanas y lo har\u00e1 en Acapulco","canonical_url":"https:\/\/www.eldigitaldeasturias.com\/noticias\/rafa-nadal-jugara-hoy-en-acapulco\/","robots":"max-image-preview:large","keywords":"deportes","webmasterTools":{"google-site-verification":"UA-38556648-1","msvalidate.01":"7dfe9f3f1b24437ab69f4f2559babe99","miscellaneous":""},"schema":{"@context":"https:\/\/schema.org","@graph":[{"@type":"BlogPosting","@id":"https:\/\/www.eldigitaldeasturias.com\/noticias\/rafa-nadal-jugara-hoy-en-acapulco\/#blogposting","name":"Rafa Nadal jugar\u00e1 hoy en Acapulco - El Digital de Asturias","headline":"Rafa Nadal jugar\u00e1 hoy en Acapulco","author":{"@id":"https:\/\/www.eldigitaldeasturias.com\/noticias\/author\/admin\/#author"},"publisher":{"@id":"https:\/\/www.eldigitaldeasturias.com\/noticias\/#organization"},"image":{"@type":"ImageObject","url":"https:\/\/www.eldigitaldeasturias.com\/noticias\/wp-content\/uploads\/2020\/07\/tennis-923659_640.jpg","width":640,"height":480,"caption":"tenis"},"datePublished":"2022-02-22T13:55:31+01:00","dateModified":"2022-02-22T13:55:31+01:00","inLanguage":"es-ES","mainEntityOfPage":{"@id":"https:\/\/www.eldigitaldeasturias.com\/noticias\/rafa-nadal-jugara-hoy-en-acapulco\/#webpage"},"isPartOf":{"@id":"https:\/\/www.eldigitaldeasturias.com\/noticias\/rafa-nadal-jugara-hoy-en-acapulco\/#webpage"},"articleSection":"Deportes"},{"@type":"BreadcrumbList","@id":"https:\/\/www.eldigitaldeasturias.com\/noticias\/rafa-nadal-jugara-hoy-en-acapulco\/#breadcrumblist","itemListElement":[{"@type":"ListItem","@id":"https:\/\/www.eldigitaldeasturias.com\/noticias#listItem","position":1,"name":"Home","item":"https:\/\/www.eldigitaldeasturias.com\/noticias","nextItem":{"@type":"ListItem","@id":"https:\/\/www.eldigitaldeasturias.com\/noticias\/category\/deportes\/#listItem","name":"Deportes"}},{"@type":"ListItem","@id":"https:\/\/www.eldigitaldeasturias.com\/noticias\/category\/deportes\/#listItem","position":2,"name":"Deportes","item":"https:\/\/www.eldigitaldeasturias.com\/noticias\/category\/deportes\/","nextItem":{"@type":"ListItem","@id":"https:\/\/www.eldigitaldeasturias.com\/noticias\/rafa-nadal-jugara-hoy-en-acapulco\/#listItem","name":"Rafa Nadal jugar\u00e1 hoy en Acapulco"},"previousItem":{"@type":"ListItem","@id":"https:\/\/www.eldigitaldeasturias.com\/noticias#listItem","name":"Home"}},{"@type":"ListItem","@id":"https:\/\/www.eldigitaldeasturias.com\/noticias\/rafa-nadal-jugara-hoy-en-acapulco\/#listItem","position":3,"name":"Rafa Nadal jugar\u00e1 hoy en Acapulco","previousItem":{"@type":"ListItem","@id":"https:\/\/www.eldigitaldeasturias.com\/noticias\/category\/deportes\/#listItem","name":"Deportes"}}]},{"@type":"Organization","@id":"https:\/\/www.eldigitaldeasturias.com\/noticias\/#organization","name":"El Digital de Asturias","description":"Hemeroteca","url":"https:\/\/www.eldigitaldeasturias.com\/noticias\/","email":"info@eldigitaldeasturias.com","telephone":"+34652131393","logo":{"@type":"ImageObject","url":"https:\/\/www.eldigitaldeasturias.com\/noticias\/wp-content\/uploads\/2020\/12\/EDA.jpg","@id":"https:\/\/www.eldigitaldeasturias.com\/noticias\/rafa-nadal-jugara-hoy-en-acapulco\/#organizationLogo","width":649,"height":297},"image":{"@id":"https:\/\/www.eldigitaldeasturias.com\/noticias\/rafa-nadal-jugara-hoy-en-acapulco\/#organizationLogo"},"sameAs":["https:\/\/facebook.com\/eldigitaldeasturias","https:\/\/www.youtube.com\/channel\/UCZP-2wLEB9Rv6erhFmqVnvg"],"address":{"@id":"https:\/\/www.eldigitaldeasturias.com\/noticias\/#postaladdress","@type":"PostalAddress","streetAddress":"san antonio 4,","postalCode":"33430","addressLocality":"Cand\u00e1s","addressRegion":"Asturias","addressCountry":"ES"}},{"@type":"Person","@id":"https:\/\/www.eldigitaldeasturias.com\/noticias\/author\/admin\/#author","url":"https:\/\/www.eldigitaldeasturias.com\/noticias\/author\/admin\/","name":"El Digital de Asturias","image":{"@type":"ImageObject","@id":"https:\/\/www.eldigitaldeasturias.com\/noticias\/rafa-nadal-jugara-hoy-en-acapulco\/#authorImage","url":"https:\/\/www.eldigitaldeasturias.com\/noticias\/wp-content\/litespeed\/avatar\/18677e78aa0546b92d9dbf31ec7d7668.jpg?ver=1777290358","width":96,"height":96,"caption":"El Digital de Asturias"}},{"@type":"WebPage","@id":"https:\/\/www.eldigitaldeasturias.com\/noticias\/rafa-nadal-jugara-hoy-en-acapulco\/#webpage","url":"https:\/\/www.eldigitaldeasturias.com\/noticias\/rafa-nadal-jugara-hoy-en-acapulco\/","name":"Rafa Nadal jugar\u00e1 hoy en Acapulco - El Digital de Asturias","description":"Nadal volver\u00e1 a las pistas tras conquistar en Melbourne (Australia) su vigesimoprimer 'Grand Slam' de su carrera hace tres semanas y lo har\u00e1 en Acapulco","inLanguage":"es-ES","isPartOf":{"@id":"https:\/\/www.eldigitaldeasturias.com\/noticias\/#website"},"breadcrumb":{"@id":"https:\/\/www.eldigitaldeasturias.com\/noticias\/rafa-nadal-jugara-hoy-en-acapulco\/#breadcrumblist"},"author":{"@id":"https:\/\/www.eldigitaldeasturias.com\/noticias\/author\/admin\/#author"},"creator":{"@id":"https:\/\/www.eldigitaldeasturias.com\/noticias\/author\/admin\/#author"},"image":{"@type":"ImageObject","url":"https:\/\/www.eldigitaldeasturias.com\/noticias\/wp-content\/uploads\/2020\/07\/tennis-923659_640.jpg","@id":"https:\/\/www.eldigitaldeasturias.com\/noticias\/rafa-nadal-jugara-hoy-en-acapulco\/#mainImage","width":640,"height":480,"caption":"tenis"},"primaryImageOfPage":{"@id":"https:\/\/www.eldigitaldeasturias.com\/noticias\/rafa-nadal-jugara-hoy-en-acapulco\/#mainImage"},"datePublished":"2022-02-22T13:55:31+01:00","dateModified":"2022-02-22T13:55:31+01:00"},{"@type":"WebSite","@id":"https:\/\/www.eldigitaldeasturias.com\/noticias\/#website","url":"https:\/\/www.eldigitaldeasturias.com\/noticias\/","name":"El Digital de Asturias - Diario de actualidad y noticias","alternateName":"El Digital de Asturias - Diario de actualidad y noticias","description":"Hemeroteca","inLanguage":"es-ES","publisher":{"@id":"https:\/\/www.eldigitaldeasturias.com\/noticias\/#organization"}}]},"og:locale":"es_ES","og:site_name":"El Digital de Asturias","og:type":"article","og:title":"Rafa Nadal jugar\u00e1 hoy en Acapulco - El Digital de Asturias","og:description":"Nadal volver\u00e1 a las pistas tras conquistar en Melbourne (Australia) su vigesimoprimer 'Grand Slam' de su carrera hace tres semanas y lo har\u00e1 en Acapulco","og:url":"https:\/\/www.eldigitaldeasturias.com\/noticias\/rafa-nadal-jugara-hoy-en-acapulco\/","og:image":"https:\/\/www.eldigitaldeasturias.com\/noticias\/wp-content\/uploads\/2020\/07\/tennis-923659_640.jpg","og:image:secure_url":"https:\/\/www.eldigitaldeasturias.com\/noticias\/wp-content\/uploads\/2020\/07\/tennis-923659_640.jpg","og:image:width":640,"og:image:height":480,"article:tag":["deportes"],"article:published_time":"2022-02-22T12:55:31+00:00","article:modified_time":"2022-02-22T12:55:31+00:00","article:publisher":"https:\/\/facebook.com\/eldigitaldeasturias","twitter:card":"summary_large_image","twitter:title":"Rafa Nadal jugar\u00e1 hoy en Acapulco - El Digital de Asturias","twitter:description":"Nadal volver\u00e1 a las pistas tras conquistar en Melbourne (Australia) su vigesimoprimer 'Grand Slam' de su carrera hace tres semanas y lo har\u00e1 en Acapulco","twitter:image":"https:\/\/www.eldigitaldeasturias.com\/noticias\/wp-content\/uploads\/2020\/07\/tennis-923659_640.jpg","twitter:label1":"Escrito por","twitter:data1":"El Digital de Asturias","twitter:label2":"Tiempo de lectura estimado","twitter:data2":"3 minutos"},"aioseo_meta_data":{"post_id":"1107017","title":null,"description":"Nadal volver\u00e1 a las pistas tras conquistar en Melbourne (Australia) su vigesimoprimer 'Grand Slam' de su carrera hace tres semanas y lo har\u00e1 en&nbsp;Acapulco&nbsp; &nbsp;","keywords":[],"keyphrases":{"focus":{"keyphrase":"Nadal ","score":87,"analysis":{"keyphraseInTitle":{"title":"Focus keyphrase in SEO title","description":"Focus keyphrase found in SEO title.","score":9,"maxScore":9,"error":0},"keyphraseInDescription":{"title":"Focus keyphrase in meta description","description":"Focus keyphrase found in meta description.","score":9,"maxScore":9,"error":0},"keyphraseLength":{"title":"Focus keyphrase length","description":"Good job!","score":9,"maxScore":9,"error":0,"length":1},"keyphraseInURL":[],"keyphraseInIntroduction":{"title":"Focus keyphrase in introduction","description":"Your Focus keyphrase appears in the first paragraph. Well done!","score":9,"maxScore":9,"error":0},"keyphraseInSubHeadings":[],"keyphraseInImageAlt":{"title":"Focus keyphrase in image alt attributes","description":"Focus keyphrase not found in image alt attribute(s). Add an image with your Focus keyphrase as alt text.","score":3,"maxScore":9,"error":1}}},"additional":[{"keyphrase":"Acapulco ","score":83,"analysis":{"keyphraseInDescription":{"title":"Keyphrase in meta description","description":"Keyphrase found in meta description.","score":9,"maxScore":9,"error":0},"keyphraseLength":{"title":"Keyphrase length","description":"Good job!","score":9,"maxScore":9,"error":0,"length":1},"keyphraseInIntroduction":{"title":"Keyphrase in introduction","description":"Your Keyphrase appears in the first paragraph. Well done!","score":9,"maxScore":9,"error":0},"keyphraseInImageAlt":{"title":"Keyphrase in image alt attributes","description":"Keyphrase not found in image alt attribute(s). Add an image with your Keyphrase as alt text.","score":3,"maxScore":9,"error":1}}}]},"primary_term":null,"canonical_url":null,"og_title":null,"og_description":null,"og_object_type":"default","og_image_type":"default","og_image_url":null,"og_image_width":null,"og_image_height":null,"og_image_custom_url":null,"og_image_custom_fields":null,"og_video":"","og_custom_url":null,"og_article_section":null,"og_article_tags":[],"twitter_use_og":false,"twitter_card":"default","twitter_image_type":"default","twitter_image_url":null,"twitter_image_custom_url":null,"twitter_image_custom_fields":null,"twitter_title":null,"twitter_description":null,"schema":{"blockGraphs":[],"customGraphs":[],"default":{"data":{"Article":[],"Course":[],"Dataset":[],"FAQPage":[],"Movie":[],"Person":[],"Product":[],"ProductReview":[],"Car":[],"Recipe":[],"Service":[],"SoftwareApplication":[],"WebPage":[]},"graphName":"","isEnabled":true},"graphs":[],"defaultGraph":"Article","defaultPostTypeGraph":""},"schema_type":"default","schema_type_options":"{\"article\":{\"articleType\":\"BlogPosting\"},\"course\":{\"name\":\"\",\"description\":\"\",\"provider\":\"\"},\"faq\":{\"pages\":[]},\"product\":{\"reviews\":[]},\"recipe\":{\"ingredients\":[],\"instructions\":[],\"keywords\":[]},\"software\":{\"reviews\":[],\"operatingSystems\":[]},\"webPage\":{\"webPageType\":\"WebPage\"}}","pillar_content":false,"robots_default":true,"robots_noindex":false,"robots_noarchive":false,"robots_nosnippet":false,"robots_nofollow":false,"robots_noimageindex":false,"robots_noodp":false,"robots_notranslate":false,"robots_max_snippet":"-1","robots_max_videopreview":"-1","robots_max_imagepreview":"large","priority":null,"frequency":"default","local_seo":null,"seo_analyzer_scan_date":"2025-10-02 00:16:37","breadcrumb_settings":null,"limit_modified_date":false,"open_ai":null,"ai":null,"created":"2022-02-22 12:51:44","updated":"2025-10-02 00:16:37"},"aioseo_breadcrumb":"<div class=\"aioseo-breadcrumbs\"><span class=\"aioseo-breadcrumb\">\n\t<a href=\"https:\/\/www.eldigitaldeasturias.com\/noticias\" title=\"Home\">Home<\/a>\n<\/span><span class=\"aioseo-breadcrumb-separator\">\u2013<\/span><span class=\"aioseo-breadcrumb\">\n\t<a href=\"https:\/\/www.eldigitaldeasturias.com\/noticias\/category\/deportes\/\" title=\"Deportes\">Deportes<\/a>\n<\/span><span class=\"aioseo-breadcrumb-separator\">\u2013<\/span><span class=\"aioseo-breadcrumb\">\n\t<a href=\"https:\/\/www.eldigitaldeasturias.com\/noticias\/rafa-nadal-jugara-hoy-en-acapulco\/\" title=\"Rafa Nadal jugar\u00e1 hoy en Acapulco\">Rafa Nadal jugar\u00e1 hoy en Acapulco<\/a>\n<\/span><\/div>","aioseo_breadcrumb_json":[{"label":"Home","link":"https:\/\/www.eldigitaldeasturias.com\/noticias"},{"label":"Deportes","link":"https:\/\/www.eldigitaldeasturias.com\/noticias\/category\/deportes\/"},{"label":"Rafa Nadal jugar\u00e1 hoy en Acapulco","link":"https:\/\/www.eldigitaldeasturias.com\/noticias\/rafa-nadal-jugara-hoy-en-acapulco\/"}],"_links":{"self":[{"href":"https:\/\/www.eldigitaldeasturias.com\/noticias\/wp-json\/wp\/v2\/posts\/1107017","targetHints":{"allow":["GET"]}}],"collection":[{"href":"https:\/\/www.eldigitaldeasturias.com\/noticias\/wp-json\/wp\/v2\/posts"}],"about":[{"href":"https:\/\/www.eldigitaldeasturias.com\/noticias\/wp-json\/wp\/v2\/types\/post"}],"author":[{"embeddable":true,"href":"https:\/\/www.eldigitaldeasturias.com\/noticias\/wp-json\/wp\/v2\/users\/1"}],"replies":[{"embeddable":true,"href":"https:\/\/www.eldigitaldeasturias.com\/noticias\/wp-json\/wp\/v2\/comments?post=1107017"}],"version-history":[{"count":0,"href":"https:\/\/www.eldigitaldeasturias.com\/noticias\/wp-json\/wp\/v2\/posts\/1107017\/revisions"}],"wp:featuredmedia":[{"embeddable":true,"href":"https:\/\/www.eldigitaldeasturias.com\/noticias\/wp-json\/wp\/v2\/media\/1069576"}],"wp:attachment":[{"href":"https:\/\/www.eldigitaldeasturias.com\/noticias\/wp-json\/wp\/v2\/media?parent=1107017"}],"wp:term":[{"taxonomy":"category","embeddable":true,"href":"https:\/\/www.eldigitaldeasturias.com\/noticias\/wp-json\/wp\/v2\/categories?post=1107017"},{"taxonomy":"post_tag","embeddable":true,"href":"https:\/\/www.eldigitaldeasturias.com\/noticias\/wp-json\/wp\/v2\/tags?post=1107017"}],"curies":[{"name":"wp","href":"https:\/\/api.w.org\/{rel}","templated":true}]}}