{"id":1106332,"date":"2022-02-08T22:23:27","date_gmt":"2022-02-08T21:23:27","guid":{"rendered":"https:\/\/www.eldigitaldeasturias.com\/noticias\/?p=1106332"},"modified":"2022-02-08T22:23:27","modified_gmt":"2022-02-08T21:23:27","slug":"calvino-espana-sera-uno-de-los-motores-de-la-recuperacion-a-nivel-europeo","status":"publish","type":"post","link":"https:\/\/www.eldigitaldeasturias.com\/noticias\/calvino-espana-sera-uno-de-los-motores-de-la-recuperacion-a-nivel-europeo\/","title":{"rendered":"Calvi\u00f1o: \u00abEspa\u00f1a ser\u00e1 uno de los motores de la recuperaci\u00f3n a nivel europeo\u00bb"},"content":{"rendered":"<p>La vicepresidenta primera y ministra de Asuntos Econ\u00f3micos y Transformaci\u00f3n Digital, Nadia Calvi\u00f1o, ha apoyado \u00abuna agenda de reforma de las reglas fiscales realista y pragm\u00e1tica\u00bb, en el marco del debate sobre la reforma de la gobernanza econ\u00f3mica europea, uno de los temas del debate econ\u00f3mico este semestre.<\/p>\n<p><img loading=\"lazy\" decoding=\"async\" class=\"aligncenter wp-image-1106330\" src=\"https:\/\/www.eldigitaldeasturias.com\/noticias\/wp-content\/uploads\/2022\/02\/Calvino-360x240.jpg\" alt=\"Calvi\u00f1o\" width=\"650\" height=\"433\" srcset=\"https:\/\/www.eldigitaldeasturias.com\/noticias\/wp-content\/uploads\/2022\/02\/Calvino-360x240.jpg 360w, https:\/\/www.eldigitaldeasturias.com\/noticias\/wp-content\/uploads\/2022\/02\/Calvino-690x460.jpg 690w, https:\/\/www.eldigitaldeasturias.com\/noticias\/wp-content\/uploads\/2022\/02\/Calvino-450x300.jpg 450w, https:\/\/www.eldigitaldeasturias.com\/noticias\/wp-content\/uploads\/2022\/02\/Calvino-150x100.jpg 150w, https:\/\/www.eldigitaldeasturias.com\/noticias\/wp-content\/uploads\/2022\/02\/Calvino.jpg 720w\" sizes=\"auto, (max-width: 650px) 100vw, 650px\" \/><\/p>\n<p>Tras una reuni\u00f3n bilateral con el presidente del Eurogrupo y ministro de finanzas irland\u00e9s, Paschal Donohoe, la vicepresidenta Nadia Calvi\u00f1o ha defendido \u00abun marco de consolidaci\u00f3n fiscal realista y pragm\u00e1tico, con sendas de reducci\u00f3n de d\u00e9ficit y deuda adaptadas a la situaci\u00f3n de cada pa\u00eds y que refuerce las finanzas p\u00fablicas a largo plazo, impulsando al mismo tiempo el crecimiento, la creaci\u00f3n de empleo de calidad y la inversi\u00f3n en la doble transici\u00f3n verde y digital\u00bb.<\/p>\n<p><strong>La vicepresidenta ha destacado el \u00abesp\u00edritu constructivo\u00bb de los debates que ya est\u00e1n teniendo lugar en el Eurogrupo<\/strong> y la necesidad de \u00abavanzar en los pr\u00f3ximos meses a buen ritmo, con el objetivo de tener un marco realista evitando caer en las trincheras y en los viejos debates del pasado\u00bb.<\/p>\n<p>Paschal Donohoe ha confiado en que se logre un \u00abentendimiento com\u00fan lo antes posible\u00bb y ha compartido la necesidad de abordar el asunto de manera pragm\u00e1tica y sobre la base del consenso.<\/p>\n<p>Ambos han abordado tambi\u00e9n la necesidad de seguir progresando en la Uni\u00f3n Bancaria y de acordar un programa de trabajo que tenemos que desarrollar en los pr\u00f3ximos meses.<\/p>\n<blockquote><p>\u00abEspa\u00f1a va a seguir teniendo una posici\u00f3n constructiva y protagonista en los debates. Seguiremos trabajando juntos sobre la base del consenso para acertar en las decisiones que tomemos encauzar la recuperaci\u00f3n\u00bb, ha asegurado la vicepresidenta.<\/p><\/blockquote>\n<h2>Foco en la recuperaci\u00f3n econ\u00f3mica<\/h2>\n<p>Antes del encuentro bilateral, la vicepresidenta y el presidente del Eurogrupo han participado en un debate organizado por el Real Instituto Elcano sobre las principales <a href=\"https:\/\/www.eldigitaldeasturias.com\/noticias\/category\/economia\/\" target=\"_blank\" rel=\"noopener\"><span style=\"color: #ff6600;\"><strong>oportunidades y retos para la zona euro en este a\u00f1o 2022<\/strong><\/span><\/a>, con el foco puesto en la recuperaci\u00f3n.<\/p>\n<p>\u00abEstamos en una fase de crecimiento econ\u00f3mico fuerte y sostenido y este ser\u00e1 el a\u00f1o en el que la recuperaci\u00f3n coja velocidad de crucero.<strong> Espa\u00f1a ser\u00e1 uno de los motores de la recuperaci\u00f3n a nivel europeo. Son muchas las oportunidades que esto nos brinda para poner en marcha las inversiones y reformas que Espa\u00f1a y Europa necesitan y lograr este crecimiento sea sostenido en el tiempo<\/strong>, desde una perspectiva econ\u00f3mica y financiera, pero tambi\u00e9n medioambiental y social\u00bb, ha afirmado Calvi\u00f1o.<\/p>\n<h2>Respuesta europea y contribuci\u00f3n de Espa\u00f1a<\/h2>\n<p>La vicepresidenta ha puesto de relieve que \u00abla respuesta a esta crisis ha sido muy distinta a la de la pasada crisis financiera\u00bb y que, en Espa\u00f1a, gracias a las medidas puestas en marcha, \u00abla recuperaci\u00f3n est\u00e1 llegando a los ciudadanos y no es un rebote pasajero\u00bb, como demuestran las \u00faltimas cifras de empleo. \u00abSe han recuperado los niveles prepandemia en solo 15 meses, con cifras que no ve\u00edamos desde antes de la crisis financiera que se inici\u00f3 en 2008\u00bb.<\/p>\n<p>Calvi\u00f1o ha destacado la coordinaci\u00f3n de las pol\u00edticas econ\u00f3micas en el Eurogrupo y en el ECOFIN, que \u00abha sido fundamental para dar respuesta y soluciones a los ciudadanos, y crear redes de seguridad que mantuvieran la base del tejido productivo, evitando un impacto estructural y la inestabilidad financiera\u00bb.<\/p>\n<p>\u00abEl Eurogrupo ha jugado un papel clave en la respuesta a esta crisis, y creo que tiene que seguir siendo as\u00ed en esta fase de recuperaci\u00f3n. Hemos abordado bien la respuesta a la pandemia y tenemos que acertar en esta segunda fase encauzando la recuperaci\u00f3n y los principales debates que van a desarrollarse en los pr\u00f3ximos meses en el contexto del Eurogrupo\u00bb, ha concluido.<\/p>\n<p>El presidente del Eurogrupo ha destacado por su parte el \u00abtrabajo excepcional de la vicepresidenta\u00bb y la importante contribuci\u00f3n de Espa\u00f1a a la respuesta europea a la crisis y al conjunto de los debates europeos en curso \u00abque contribuir\u00e1n a la recuperaci\u00f3n de Europa y Espa\u00f1a\u00bb.<\/p>\n<h2>Puesta en valor del Plan de Recuperaci\u00f3n y la reforma laboral<\/h2>\n<p>Donohoe ha felicitado a Espa\u00f1a \u00abpor ser el primer pa\u00eds en cumplir con \u00e9xito los hitos y objetivos de su Plan de Recuperaci\u00f3n, lo que ha permitido un primer desembolso de la Comisi\u00f3n Europea de 10.000 millones de euros en 2021\u00bb.<\/p>\n<p>Asimismo, ha puesto en valor la aprobaci\u00f3n de la reforma laboral Congreso de los Diputados, \u00abuna reforma importante, que contribuir\u00e1 a la recuperaci\u00f3n y es una parte importante del Plan de Recuperaci\u00f3n que est\u00e1 siendo desplegado\u00bb.<\/p>\n","protected":false},"excerpt":{"rendered":"<p>La vicepresidenta primera y ministra de Asuntos Econ\u00f3micos y Transformaci\u00f3n Digital, Nadia Calvi\u00f1o, ha apoyado \u00abuna agenda de reforma de las reglas fiscales realista y pragm\u00e1tica\u00bb, en el marco del debate sobre la reforma de la gobernanza econ\u00f3mica europea, uno de los temas del debate econ\u00f3mico este semestre. Tras una reuni\u00f3n bilateral con el presidente [&hellip;]<\/p>\n","protected":false},"author":1,"featured_media":1106330,"comment_status":"closed","ping_status":"closed","sticky":false,"template":"","format":"standard","meta":{"footnotes":""},"categories":[187],"tags":[],"class_list":["post-1106332","post","type-post","status-publish","format-standard","has-post-thumbnail","hentry","category-economia"],"aioseo_notices":[],"aioseo_head":"\n\t\t<!-- All in One SEO Pro 4.9.6.2 - aioseo.com -->\n\t<meta name=\"description\" content=\"La vicepresidenta primera y ministra de Asuntos Econ\u00f3micos y Transformaci\u00f3n Digital, Nadia Calvi\u00f1o, ha apoyado &quot;una agenda de reforma de las reglas fiscales\" \/>\n\t<meta name=\"robots\" content=\"max-image-preview:large\" \/>\n\t<meta name=\"author\" content=\"El Digital de Asturias\"\/>\n\t<meta name=\"google-site-verification\" content=\"UA-38556648-1\" \/>\n\t<meta name=\"msvalidate.01\" content=\"7dfe9f3f1b24437ab69f4f2559babe99\" \/>\n\t<meta name=\"keywords\" content=\"econom\u00eda\" \/>\n\t<link rel=\"canonical\" href=\"https:\/\/www.eldigitaldeasturias.com\/noticias\/calvino-espana-sera-uno-de-los-motores-de-la-recuperacion-a-nivel-europeo\/\" \/>\n\t<meta name=\"generator\" content=\"All in One SEO Pro (AIOSEO) 4.9.6.2\" \/>\n\t\t<meta property=\"og:locale\" content=\"es_ES\" \/>\n\t\t<meta property=\"og:site_name\" content=\"El Digital de Asturias\" \/>\n\t\t<meta property=\"og:type\" content=\"article\" \/>\n\t\t<meta property=\"og:title\" content=\"Calvi\u00f1o: \u00abEspa\u00f1a ser\u00e1 uno de los motores de la recuperaci\u00f3n a nivel europeo\u00bb - El Digital de Asturias\" \/>\n\t\t<meta property=\"og:description\" content=\"La vicepresidenta primera y ministra de Asuntos Econ\u00f3micos y Transformaci\u00f3n Digital, Nadia Calvi\u00f1o, ha apoyado &quot;una agenda de reforma de las reglas fiscales\" \/>\n\t\t<meta property=\"og:url\" content=\"https:\/\/www.eldigitaldeasturias.com\/noticias\/calvino-espana-sera-uno-de-los-motores-de-la-recuperacion-a-nivel-europeo\/\" \/>\n\t\t<meta property=\"og:image\" content=\"https:\/\/www.eldigitaldeasturias.com\/noticias\/wp-content\/uploads\/2022\/02\/Calvino.jpg\" \/>\n\t\t<meta property=\"og:image:secure_url\" content=\"https:\/\/www.eldigitaldeasturias.com\/noticias\/wp-content\/uploads\/2022\/02\/Calvino.jpg\" \/>\n\t\t<meta property=\"og:image:width\" content=\"720\" \/>\n\t\t<meta property=\"og:image:height\" content=\"480\" \/>\n\t\t<meta property=\"article:tag\" content=\"econom\u00eda\" \/>\n\t\t<meta property=\"article:published_time\" content=\"2022-02-08T21:23:27+00:00\" \/>\n\t\t<meta property=\"article:modified_time\" content=\"2022-02-08T21:23:27+00:00\" \/>\n\t\t<meta property=\"article:publisher\" content=\"https:\/\/facebook.com\/eldigitaldeasturias\" \/>\n\t\t<meta name=\"twitter:card\" content=\"summary_large_image\" \/>\n\t\t<meta name=\"twitter:title\" content=\"Calvi\u00f1o: \u00abEspa\u00f1a ser\u00e1 uno de los motores de la recuperaci\u00f3n a nivel europeo\u00bb - El Digital de Asturias\" \/>\n\t\t<meta name=\"twitter:description\" content=\"La vicepresidenta primera y ministra de Asuntos Econ\u00f3micos y Transformaci\u00f3n Digital, Nadia Calvi\u00f1o, ha apoyado &quot;una agenda de reforma de las reglas fiscales\" \/>\n\t\t<meta name=\"twitter:image\" content=\"https:\/\/www.eldigitaldeasturias.com\/noticias\/wp-content\/uploads\/2022\/02\/Calvino.jpg\" \/>\n\t\t<meta name=\"twitter:label1\" content=\"Escrito por\" \/>\n\t\t<meta name=\"twitter:data1\" content=\"El Digital de Asturias\" \/>\n\t\t<meta name=\"twitter:label2\" content=\"Tiempo de lectura estimado\" \/>\n\t\t<meta name=\"twitter:data2\" content=\"4 minutos\" \/>\n\t\t<script type=\"application\/ld+json\" class=\"aioseo-schema\">\n\t\t\t{\"@context\":\"https:\\\/\\\/schema.org\",\"@graph\":[{\"@type\":\"BlogPosting\",\"@id\":\"https:\\\/\\\/www.eldigitaldeasturias.com\\\/noticias\\\/calvino-espana-sera-uno-de-los-motores-de-la-recuperacion-a-nivel-europeo\\\/#blogposting\",\"name\":\"Calvi\\u00f1o: \\u00abEspa\\u00f1a ser\\u00e1 uno de los motores de la recuperaci\\u00f3n a nivel europeo\\u00bb - El Digital de Asturias\",\"headline\":\"Calvi\\u00f1o: \\u00abEspa\\u00f1a ser\\u00e1 uno de los motores de la recuperaci\\u00f3n a nivel europeo\\u00bb\",\"author\":{\"@id\":\"https:\\\/\\\/www.eldigitaldeasturias.com\\\/noticias\\\/author\\\/admin\\\/#author\"},\"publisher\":{\"@id\":\"https:\\\/\\\/www.eldigitaldeasturias.com\\\/noticias\\\/#organization\"},\"image\":{\"@type\":\"ImageObject\",\"url\":\"https:\\\/\\\/www.eldigitaldeasturias.com\\\/noticias\\\/wp-content\\\/uploads\\\/2022\\\/02\\\/Calvino.jpg\",\"width\":720,\"height\":480,\"caption\":\"Calvi\\u00f1o\"},\"datePublished\":\"2022-02-08T22:23:27+01:00\",\"dateModified\":\"2022-02-08T22:23:27+01:00\",\"inLanguage\":\"es-ES\",\"mainEntityOfPage\":{\"@id\":\"https:\\\/\\\/www.eldigitaldeasturias.com\\\/noticias\\\/calvino-espana-sera-uno-de-los-motores-de-la-recuperacion-a-nivel-europeo\\\/#webpage\"},\"isPartOf\":{\"@id\":\"https:\\\/\\\/www.eldigitaldeasturias.com\\\/noticias\\\/calvino-espana-sera-uno-de-los-motores-de-la-recuperacion-a-nivel-europeo\\\/#webpage\"},\"articleSection\":\"Econom\\u00eda\"},{\"@type\":\"BreadcrumbList\",\"@id\":\"https:\\\/\\\/www.eldigitaldeasturias.com\\\/noticias\\\/calvino-espana-sera-uno-de-los-motores-de-la-recuperacion-a-nivel-europeo\\\/#breadcrumblist\",\"itemListElement\":[{\"@type\":\"ListItem\",\"@id\":\"https:\\\/\\\/www.eldigitaldeasturias.com\\\/noticias#listItem\",\"position\":1,\"name\":\"Home\",\"item\":\"https:\\\/\\\/www.eldigitaldeasturias.com\\\/noticias\",\"nextItem\":{\"@type\":\"ListItem\",\"@id\":\"https:\\\/\\\/www.eldigitaldeasturias.com\\\/noticias\\\/category\\\/economia\\\/#listItem\",\"name\":\"Econom\\u00eda\"}},{\"@type\":\"ListItem\",\"@id\":\"https:\\\/\\\/www.eldigitaldeasturias.com\\\/noticias\\\/category\\\/economia\\\/#listItem\",\"position\":2,\"name\":\"Econom\\u00eda\",\"item\":\"https:\\\/\\\/www.eldigitaldeasturias.com\\\/noticias\\\/category\\\/economia\\\/\",\"nextItem\":{\"@type\":\"ListItem\",\"@id\":\"https:\\\/\\\/www.eldigitaldeasturias.com\\\/noticias\\\/calvino-espana-sera-uno-de-los-motores-de-la-recuperacion-a-nivel-europeo\\\/#listItem\",\"name\":\"Calvi\\u00f1o: \\u00abEspa\\u00f1a ser\\u00e1 uno de los motores de la recuperaci\\u00f3n a nivel europeo\\u00bb\"},\"previousItem\":{\"@type\":\"ListItem\",\"@id\":\"https:\\\/\\\/www.eldigitaldeasturias.com\\\/noticias#listItem\",\"name\":\"Home\"}},{\"@type\":\"ListItem\",\"@id\":\"https:\\\/\\\/www.eldigitaldeasturias.com\\\/noticias\\\/calvino-espana-sera-uno-de-los-motores-de-la-recuperacion-a-nivel-europeo\\\/#listItem\",\"position\":3,\"name\":\"Calvi\\u00f1o: \\u00abEspa\\u00f1a ser\\u00e1 uno de los motores de la recuperaci\\u00f3n a nivel europeo\\u00bb\",\"previousItem\":{\"@type\":\"ListItem\",\"@id\":\"https:\\\/\\\/www.eldigitaldeasturias.com\\\/noticias\\\/category\\\/economia\\\/#listItem\",\"name\":\"Econom\\u00eda\"}}]},{\"@type\":\"Organization\",\"@id\":\"https:\\\/\\\/www.eldigitaldeasturias.com\\\/noticias\\\/#organization\",\"name\":\"El Digital de Asturias\",\"description\":\"Hemeroteca\",\"url\":\"https:\\\/\\\/www.eldigitaldeasturias.com\\\/noticias\\\/\",\"email\":\"info@eldigitaldeasturias.com\",\"telephone\":\"+34652131393\",\"logo\":{\"@type\":\"ImageObject\",\"url\":\"https:\\\/\\\/www.eldigitaldeasturias.com\\\/noticias\\\/wp-content\\\/uploads\\\/2020\\\/12\\\/EDA.jpg\",\"@id\":\"https:\\\/\\\/www.eldigitaldeasturias.com\\\/noticias\\\/calvino-espana-sera-uno-de-los-motores-de-la-recuperacion-a-nivel-europeo\\\/#organizationLogo\",\"width\":649,\"height\":297},\"image\":{\"@id\":\"https:\\\/\\\/www.eldigitaldeasturias.com\\\/noticias\\\/calvino-espana-sera-uno-de-los-motores-de-la-recuperacion-a-nivel-europeo\\\/#organizationLogo\"},\"sameAs\":[\"https:\\\/\\\/facebook.com\\\/eldigitaldeasturias\",\"https:\\\/\\\/www.youtube.com\\\/channel\\\/UCZP-2wLEB9Rv6erhFmqVnvg\"],\"address\":{\"@id\":\"https:\\\/\\\/www.eldigitaldeasturias.com\\\/noticias\\\/#postaladdress\",\"@type\":\"PostalAddress\",\"streetAddress\":\"san antonio 4,\",\"postalCode\":\"33430\",\"addressLocality\":\"Cand\\u00e1s\",\"addressRegion\":\"Asturias\",\"addressCountry\":\"ES\"}},{\"@type\":\"Person\",\"@id\":\"https:\\\/\\\/www.eldigitaldeasturias.com\\\/noticias\\\/author\\\/admin\\\/#author\",\"url\":\"https:\\\/\\\/www.eldigitaldeasturias.com\\\/noticias\\\/author\\\/admin\\\/\",\"name\":\"El Digital de Asturias\",\"image\":{\"@type\":\"ImageObject\",\"@id\":\"https:\\\/\\\/www.eldigitaldeasturias.com\\\/noticias\\\/calvino-espana-sera-uno-de-los-motores-de-la-recuperacion-a-nivel-europeo\\\/#authorImage\",\"url\":\"https:\\\/\\\/www.eldigitaldeasturias.com\\\/noticias\\\/wp-content\\\/litespeed\\\/avatar\\\/18677e78aa0546b92d9dbf31ec7d7668.jpg?ver=1777290358\",\"width\":96,\"height\":96,\"caption\":\"El Digital de Asturias\"}},{\"@type\":\"WebPage\",\"@id\":\"https:\\\/\\\/www.eldigitaldeasturias.com\\\/noticias\\\/calvino-espana-sera-uno-de-los-motores-de-la-recuperacion-a-nivel-europeo\\\/#webpage\",\"url\":\"https:\\\/\\\/www.eldigitaldeasturias.com\\\/noticias\\\/calvino-espana-sera-uno-de-los-motores-de-la-recuperacion-a-nivel-europeo\\\/\",\"name\":\"Calvi\\u00f1o: \\u00abEspa\\u00f1a ser\\u00e1 uno de los motores de la recuperaci\\u00f3n a nivel europeo\\u00bb - El Digital de Asturias\",\"description\":\"La vicepresidenta primera y ministra de Asuntos Econ\\u00f3micos y Transformaci\\u00f3n Digital, Nadia Calvi\\u00f1o, ha apoyado \\\"una agenda de reforma de las reglas fiscales\",\"inLanguage\":\"es-ES\",\"isPartOf\":{\"@id\":\"https:\\\/\\\/www.eldigitaldeasturias.com\\\/noticias\\\/#website\"},\"breadcrumb\":{\"@id\":\"https:\\\/\\\/www.eldigitaldeasturias.com\\\/noticias\\\/calvino-espana-sera-uno-de-los-motores-de-la-recuperacion-a-nivel-europeo\\\/#breadcrumblist\"},\"author\":{\"@id\":\"https:\\\/\\\/www.eldigitaldeasturias.com\\\/noticias\\\/author\\\/admin\\\/#author\"},\"creator\":{\"@id\":\"https:\\\/\\\/www.eldigitaldeasturias.com\\\/noticias\\\/author\\\/admin\\\/#author\"},\"image\":{\"@type\":\"ImageObject\",\"url\":\"https:\\\/\\\/www.eldigitaldeasturias.com\\\/noticias\\\/wp-content\\\/uploads\\\/2022\\\/02\\\/Calvino.jpg\",\"@id\":\"https:\\\/\\\/www.eldigitaldeasturias.com\\\/noticias\\\/calvino-espana-sera-uno-de-los-motores-de-la-recuperacion-a-nivel-europeo\\\/#mainImage\",\"width\":720,\"height\":480,\"caption\":\"Calvi\\u00f1o\"},\"primaryImageOfPage\":{\"@id\":\"https:\\\/\\\/www.eldigitaldeasturias.com\\\/noticias\\\/calvino-espana-sera-uno-de-los-motores-de-la-recuperacion-a-nivel-europeo\\\/#mainImage\"},\"datePublished\":\"2022-02-08T22:23:27+01:00\",\"dateModified\":\"2022-02-08T22:23:27+01:00\"},{\"@type\":\"WebSite\",\"@id\":\"https:\\\/\\\/www.eldigitaldeasturias.com\\\/noticias\\\/#website\",\"url\":\"https:\\\/\\\/www.eldigitaldeasturias.com\\\/noticias\\\/\",\"name\":\"El Digital de Asturias - Diario de actualidad y noticias\",\"alternateName\":\"El Digital de Asturias - Diario de actualidad y noticias\",\"description\":\"Hemeroteca\",\"inLanguage\":\"es-ES\",\"publisher\":{\"@id\":\"https:\\\/\\\/www.eldigitaldeasturias.com\\\/noticias\\\/#organization\"}}]}\n\t\t<\/script>\n\t\t<!-- All in One SEO Pro -->\r\n\t\t<title>Calvi\u00f1o: \u00abEspa\u00f1a ser\u00e1 uno de los motores de la recuperaci\u00f3n a nivel europeo\u00bb - El Digital de Asturias<\/title>\n\n","aioseo_head_json":{"title":"Calvi\u00f1o: \u00abEspa\u00f1a ser\u00e1 uno de los motores de la recuperaci\u00f3n a nivel europeo\u00bb - El Digital de Asturias","description":"La vicepresidenta primera y ministra de Asuntos Econ\u00f3micos y Transformaci\u00f3n Digital, Nadia Calvi\u00f1o, ha apoyado \"una agenda de reforma de las reglas fiscales","canonical_url":"https:\/\/www.eldigitaldeasturias.com\/noticias\/calvino-espana-sera-uno-de-los-motores-de-la-recuperacion-a-nivel-europeo\/","robots":"max-image-preview:large","keywords":"econom\u00eda","webmasterTools":{"google-site-verification":"UA-38556648-1","msvalidate.01":"7dfe9f3f1b24437ab69f4f2559babe99","miscellaneous":""},"schema":{"@context":"https:\/\/schema.org","@graph":[{"@type":"BlogPosting","@id":"https:\/\/www.eldigitaldeasturias.com\/noticias\/calvino-espana-sera-uno-de-los-motores-de-la-recuperacion-a-nivel-europeo\/#blogposting","name":"Calvi\u00f1o: \u00abEspa\u00f1a ser\u00e1 uno de los motores de la recuperaci\u00f3n a nivel europeo\u00bb - El Digital de Asturias","headline":"Calvi\u00f1o: \u00abEspa\u00f1a ser\u00e1 uno de los motores de la recuperaci\u00f3n a nivel europeo\u00bb","author":{"@id":"https:\/\/www.eldigitaldeasturias.com\/noticias\/author\/admin\/#author"},"publisher":{"@id":"https:\/\/www.eldigitaldeasturias.com\/noticias\/#organization"},"image":{"@type":"ImageObject","url":"https:\/\/www.eldigitaldeasturias.com\/noticias\/wp-content\/uploads\/2022\/02\/Calvino.jpg","width":720,"height":480,"caption":"Calvi\u00f1o"},"datePublished":"2022-02-08T22:23:27+01:00","dateModified":"2022-02-08T22:23:27+01:00","inLanguage":"es-ES","mainEntityOfPage":{"@id":"https:\/\/www.eldigitaldeasturias.com\/noticias\/calvino-espana-sera-uno-de-los-motores-de-la-recuperacion-a-nivel-europeo\/#webpage"},"isPartOf":{"@id":"https:\/\/www.eldigitaldeasturias.com\/noticias\/calvino-espana-sera-uno-de-los-motores-de-la-recuperacion-a-nivel-europeo\/#webpage"},"articleSection":"Econom\u00eda"},{"@type":"BreadcrumbList","@id":"https:\/\/www.eldigitaldeasturias.com\/noticias\/calvino-espana-sera-uno-de-los-motores-de-la-recuperacion-a-nivel-europeo\/#breadcrumblist","itemListElement":[{"@type":"ListItem","@id":"https:\/\/www.eldigitaldeasturias.com\/noticias#listItem","position":1,"name":"Home","item":"https:\/\/www.eldigitaldeasturias.com\/noticias","nextItem":{"@type":"ListItem","@id":"https:\/\/www.eldigitaldeasturias.com\/noticias\/category\/economia\/#listItem","name":"Econom\u00eda"}},{"@type":"ListItem","@id":"https:\/\/www.eldigitaldeasturias.com\/noticias\/category\/economia\/#listItem","position":2,"name":"Econom\u00eda","item":"https:\/\/www.eldigitaldeasturias.com\/noticias\/category\/economia\/","nextItem":{"@type":"ListItem","@id":"https:\/\/www.eldigitaldeasturias.com\/noticias\/calvino-espana-sera-uno-de-los-motores-de-la-recuperacion-a-nivel-europeo\/#listItem","name":"Calvi\u00f1o: \u00abEspa\u00f1a ser\u00e1 uno de los motores de la recuperaci\u00f3n a nivel europeo\u00bb"},"previousItem":{"@type":"ListItem","@id":"https:\/\/www.eldigitaldeasturias.com\/noticias#listItem","name":"Home"}},{"@type":"ListItem","@id":"https:\/\/www.eldigitaldeasturias.com\/noticias\/calvino-espana-sera-uno-de-los-motores-de-la-recuperacion-a-nivel-europeo\/#listItem","position":3,"name":"Calvi\u00f1o: \u00abEspa\u00f1a ser\u00e1 uno de los motores de la recuperaci\u00f3n a nivel europeo\u00bb","previousItem":{"@type":"ListItem","@id":"https:\/\/www.eldigitaldeasturias.com\/noticias\/category\/economia\/#listItem","name":"Econom\u00eda"}}]},{"@type":"Organization","@id":"https:\/\/www.eldigitaldeasturias.com\/noticias\/#organization","name":"El Digital de Asturias","description":"Hemeroteca","url":"https:\/\/www.eldigitaldeasturias.com\/noticias\/","email":"info@eldigitaldeasturias.com","telephone":"+34652131393","logo":{"@type":"ImageObject","url":"https:\/\/www.eldigitaldeasturias.com\/noticias\/wp-content\/uploads\/2020\/12\/EDA.jpg","@id":"https:\/\/www.eldigitaldeasturias.com\/noticias\/calvino-espana-sera-uno-de-los-motores-de-la-recuperacion-a-nivel-europeo\/#organizationLogo","width":649,"height":297},"image":{"@id":"https:\/\/www.eldigitaldeasturias.com\/noticias\/calvino-espana-sera-uno-de-los-motores-de-la-recuperacion-a-nivel-europeo\/#organizationLogo"},"sameAs":["https:\/\/facebook.com\/eldigitaldeasturias","https:\/\/www.youtube.com\/channel\/UCZP-2wLEB9Rv6erhFmqVnvg"],"address":{"@id":"https:\/\/www.eldigitaldeasturias.com\/noticias\/#postaladdress","@type":"PostalAddress","streetAddress":"san antonio 4,","postalCode":"33430","addressLocality":"Cand\u00e1s","addressRegion":"Asturias","addressCountry":"ES"}},{"@type":"Person","@id":"https:\/\/www.eldigitaldeasturias.com\/noticias\/author\/admin\/#author","url":"https:\/\/www.eldigitaldeasturias.com\/noticias\/author\/admin\/","name":"El Digital de Asturias","image":{"@type":"ImageObject","@id":"https:\/\/www.eldigitaldeasturias.com\/noticias\/calvino-espana-sera-uno-de-los-motores-de-la-recuperacion-a-nivel-europeo\/#authorImage","url":"https:\/\/www.eldigitaldeasturias.com\/noticias\/wp-content\/litespeed\/avatar\/18677e78aa0546b92d9dbf31ec7d7668.jpg?ver=1777290358","width":96,"height":96,"caption":"El Digital de Asturias"}},{"@type":"WebPage","@id":"https:\/\/www.eldigitaldeasturias.com\/noticias\/calvino-espana-sera-uno-de-los-motores-de-la-recuperacion-a-nivel-europeo\/#webpage","url":"https:\/\/www.eldigitaldeasturias.com\/noticias\/calvino-espana-sera-uno-de-los-motores-de-la-recuperacion-a-nivel-europeo\/","name":"Calvi\u00f1o: \u00abEspa\u00f1a ser\u00e1 uno de los motores de la recuperaci\u00f3n a nivel europeo\u00bb - El Digital de Asturias","description":"La vicepresidenta primera y ministra de Asuntos Econ\u00f3micos y Transformaci\u00f3n Digital, Nadia Calvi\u00f1o, ha apoyado \"una agenda de reforma de las reglas fiscales","inLanguage":"es-ES","isPartOf":{"@id":"https:\/\/www.eldigitaldeasturias.com\/noticias\/#website"},"breadcrumb":{"@id":"https:\/\/www.eldigitaldeasturias.com\/noticias\/calvino-espana-sera-uno-de-los-motores-de-la-recuperacion-a-nivel-europeo\/#breadcrumblist"},"author":{"@id":"https:\/\/www.eldigitaldeasturias.com\/noticias\/author\/admin\/#author"},"creator":{"@id":"https:\/\/www.eldigitaldeasturias.com\/noticias\/author\/admin\/#author"},"image":{"@type":"ImageObject","url":"https:\/\/www.eldigitaldeasturias.com\/noticias\/wp-content\/uploads\/2022\/02\/Calvino.jpg","@id":"https:\/\/www.eldigitaldeasturias.com\/noticias\/calvino-espana-sera-uno-de-los-motores-de-la-recuperacion-a-nivel-europeo\/#mainImage","width":720,"height":480,"caption":"Calvi\u00f1o"},"primaryImageOfPage":{"@id":"https:\/\/www.eldigitaldeasturias.com\/noticias\/calvino-espana-sera-uno-de-los-motores-de-la-recuperacion-a-nivel-europeo\/#mainImage"},"datePublished":"2022-02-08T22:23:27+01:00","dateModified":"2022-02-08T22:23:27+01:00"},{"@type":"WebSite","@id":"https:\/\/www.eldigitaldeasturias.com\/noticias\/#website","url":"https:\/\/www.eldigitaldeasturias.com\/noticias\/","name":"El Digital de Asturias - Diario de actualidad y noticias","alternateName":"El Digital de Asturias - Diario de actualidad y noticias","description":"Hemeroteca","inLanguage":"es-ES","publisher":{"@id":"https:\/\/www.eldigitaldeasturias.com\/noticias\/#organization"}}]},"og:locale":"es_ES","og:site_name":"El Digital de Asturias","og:type":"article","og:title":"Calvi\u00f1o: \u00abEspa\u00f1a ser\u00e1 uno de los motores de la recuperaci\u00f3n a nivel europeo\u00bb - El Digital de Asturias","og:description":"La vicepresidenta primera y ministra de Asuntos Econ\u00f3micos y Transformaci\u00f3n Digital, Nadia Calvi\u00f1o, ha apoyado &quot;una agenda de reforma de las reglas fiscales","og:url":"https:\/\/www.eldigitaldeasturias.com\/noticias\/calvino-espana-sera-uno-de-los-motores-de-la-recuperacion-a-nivel-europeo\/","og:image":"https:\/\/www.eldigitaldeasturias.com\/noticias\/wp-content\/uploads\/2022\/02\/Calvino.jpg","og:image:secure_url":"https:\/\/www.eldigitaldeasturias.com\/noticias\/wp-content\/uploads\/2022\/02\/Calvino.jpg","og:image:width":720,"og:image:height":480,"article:tag":["econom\u00eda"],"article:published_time":"2022-02-08T21:23:27+00:00","article:modified_time":"2022-02-08T21:23:27+00:00","article:publisher":"https:\/\/facebook.com\/eldigitaldeasturias","twitter:card":"summary_large_image","twitter:title":"Calvi\u00f1o: \u00abEspa\u00f1a ser\u00e1 uno de los motores de la recuperaci\u00f3n a nivel europeo\u00bb - El Digital de Asturias","twitter:description":"La vicepresidenta primera y ministra de Asuntos Econ\u00f3micos y Transformaci\u00f3n Digital, Nadia Calvi\u00f1o, ha apoyado &quot;una agenda de reforma de las reglas fiscales","twitter:image":"https:\/\/www.eldigitaldeasturias.com\/noticias\/wp-content\/uploads\/2022\/02\/Calvino.jpg","twitter:label1":"Escrito por","twitter:data1":"El Digital de Asturias","twitter:label2":"Tiempo de lectura estimado","twitter:data2":"4 minutos"},"aioseo_meta_data":{"post_id":"1106332","title":null,"description":"La vicepresidenta primera y ministra de Asuntos Econ\u00f3micos y Transformaci\u00f3n Digital, Nadia Calvi\u00f1o, ha apoyado \"una agenda de reforma de las reglas fiscales","keywords":[],"keyphrases":{"focus":{"keyphrase":"Calvi\u00f1o","score":89,"analysis":{"keyphraseInTitle":{"title":"Focus keyphrase in SEO title","description":"Focus keyphrase found in SEO title.","score":9,"maxScore":9,"error":0},"keyphraseInDescription":{"title":"Focus keyphrase in meta description","description":"Focus keyphrase found in meta description.","score":9,"maxScore":9,"error":0},"keyphraseLength":{"title":"Focus keyphrase length","description":"Good job!","score":9,"maxScore":9,"error":0,"length":1},"keyphraseInURL":[],"keyphraseInIntroduction":{"title":"Focus keyphrase in introduction","description":"Your Focus keyphrase appears in the first paragraph. Well done!","score":9,"maxScore":9,"error":0},"keyphraseInSubHeadings":{"title":"Focus keyphrase in Subheadings","description":"Use your focus keyphrase more in your H2 and H3 subheadings.","score":3,"maxScore":9,"error":1},"keyphraseInImageAlt":{"title":"Focus keyphrase in image alt attributes","description":"Focus keyphrase found in image alt attribute(s).","score":9,"maxScore":9,"error":0}}},"additional":[{"keyphrase":"Nadia Calvi\u00f1o","score":83,"analysis":{"keyphraseInDescription":{"title":"Keyphrase in meta description","description":"Keyphrase found in meta description.","score":9,"maxScore":9,"error":0},"keyphraseLength":{"title":"Keyphrase length","description":"Good job!","score":9,"maxScore":9,"error":0,"length":2},"keyphraseInIntroduction":{"title":"Keyphrase in introduction","description":"Your Keyphrase appears in the first paragraph. Well done!","score":9,"maxScore":9,"error":0},"keyphraseInImageAlt":{"title":"Keyphrase in image alt attributes","description":"Keyphrase not found in image alt attribute(s). Add an image with your Keyphrase as alt text.","score":3,"maxScore":9,"error":1}}},{"keyphrase":" Transformaci\u00f3n Digital","score":83,"analysis":{"keyphraseInDescription":{"title":"Keyphrase in meta description","description":"Keyphrase found in meta description.","score":9,"maxScore":9,"error":0},"keyphraseLength":{"title":"Keyphrase length","description":"Good job!","score":9,"maxScore":9,"error":0,"length":2},"keyphraseInIntroduction":{"title":"Keyphrase in introduction","description":"Your Keyphrase appears in the first paragraph. Well done!","score":9,"maxScore":9,"error":0},"keyphraseInImageAlt":{"title":"Keyphrase in image alt attributes","description":"Keyphrase not found in image alt attribute(s). Add an image with your Keyphrase as alt text.","score":3,"maxScore":9,"error":1}}}]},"primary_term":null,"canonical_url":null,"og_title":null,"og_description":null,"og_object_type":"default","og_image_type":"default","og_image_url":null,"og_image_width":null,"og_image_height":null,"og_image_custom_url":null,"og_image_custom_fields":null,"og_video":"","og_custom_url":null,"og_article_section":null,"og_article_tags":[],"twitter_use_og":false,"twitter_card":"default","twitter_image_type":"default","twitter_image_url":null,"twitter_image_custom_url":null,"twitter_image_custom_fields":null,"twitter_title":null,"twitter_description":null,"schema":{"blockGraphs":[],"customGraphs":[],"default":{"data":{"Article":[],"Course":[],"Dataset":[],"FAQPage":[],"Movie":[],"Person":[],"Product":[],"ProductReview":[],"Car":[],"Recipe":[],"Service":[],"SoftwareApplication":[],"WebPage":[]},"graphName":"","isEnabled":true},"graphs":[],"defaultGraph":"Article","defaultPostTypeGraph":""},"schema_type":"default","schema_type_options":"{\"article\":{\"articleType\":\"BlogPosting\"},\"course\":{\"name\":\"\",\"description\":\"\",\"provider\":\"\"},\"faq\":{\"pages\":[]},\"product\":{\"reviews\":[]},\"recipe\":{\"ingredients\":[],\"instructions\":[],\"keywords\":[]},\"software\":{\"reviews\":[],\"operatingSystems\":[]},\"webPage\":{\"webPageType\":\"WebPage\"}}","pillar_content":false,"robots_default":true,"robots_noindex":false,"robots_noarchive":false,"robots_nosnippet":false,"robots_nofollow":false,"robots_noimageindex":false,"robots_noodp":false,"robots_notranslate":false,"robots_max_snippet":"-1","robots_max_videopreview":"-1","robots_max_imagepreview":"large","priority":null,"frequency":"default","local_seo":null,"seo_analyzer_scan_date":"2025-09-25 01:03:12","breadcrumb_settings":null,"limit_modified_date":false,"open_ai":null,"ai":null,"created":"2022-02-08 21:18:57","updated":"2025-09-25 01:03:12"},"aioseo_breadcrumb":"<div class=\"aioseo-breadcrumbs\"><span class=\"aioseo-breadcrumb\">\n\t<a href=\"https:\/\/www.eldigitaldeasturias.com\/noticias\" title=\"Home\">Home<\/a>\n<\/span><span class=\"aioseo-breadcrumb-separator\">\u2013<\/span><span class=\"aioseo-breadcrumb\">\n\t<a href=\"https:\/\/www.eldigitaldeasturias.com\/noticias\/category\/economia\/\" title=\"Econom\u00eda\">Econom\u00eda<\/a>\n<\/span><span class=\"aioseo-breadcrumb-separator\">\u2013<\/span><span class=\"aioseo-breadcrumb\">\n\t<a href=\"https:\/\/www.eldigitaldeasturias.com\/noticias\/calvino-espana-sera-uno-de-los-motores-de-la-recuperacion-a-nivel-europeo\/\" title=\"Calvi\u00f1o: \u00abEspa\u00f1a ser\u00e1 uno de los motores de la recuperaci\u00f3n a nivel europeo\u00bb\">Calvi\u00f1o: \u00abEspa\u00f1a ser\u00e1 uno de los motores de la recuperaci\u00f3n a nivel europeo\u00bb<\/a>\n<\/span><\/div>","aioseo_breadcrumb_json":[{"label":"Home","link":"https:\/\/www.eldigitaldeasturias.com\/noticias"},{"label":"Econom\u00eda","link":"https:\/\/www.eldigitaldeasturias.com\/noticias\/category\/economia\/"},{"label":"Calvi\u00f1o: \u00abEspa\u00f1a ser\u00e1 uno de los motores de la recuperaci\u00f3n a nivel europeo\u00bb","link":"https:\/\/www.eldigitaldeasturias.com\/noticias\/calvino-espana-sera-uno-de-los-motores-de-la-recuperacion-a-nivel-europeo\/"}],"_links":{"self":[{"href":"https:\/\/www.eldigitaldeasturias.com\/noticias\/wp-json\/wp\/v2\/posts\/1106332","targetHints":{"allow":["GET"]}}],"collection":[{"href":"https:\/\/www.eldigitaldeasturias.com\/noticias\/wp-json\/wp\/v2\/posts"}],"about":[{"href":"https:\/\/www.eldigitaldeasturias.com\/noticias\/wp-json\/wp\/v2\/types\/post"}],"author":[{"embeddable":true,"href":"https:\/\/www.eldigitaldeasturias.com\/noticias\/wp-json\/wp\/v2\/users\/1"}],"replies":[{"embeddable":true,"href":"https:\/\/www.eldigitaldeasturias.com\/noticias\/wp-json\/wp\/v2\/comments?post=1106332"}],"version-history":[{"count":0,"href":"https:\/\/www.eldigitaldeasturias.com\/noticias\/wp-json\/wp\/v2\/posts\/1106332\/revisions"}],"wp:featuredmedia":[{"embeddable":true,"href":"https:\/\/www.eldigitaldeasturias.com\/noticias\/wp-json\/wp\/v2\/media\/1106330"}],"wp:attachment":[{"href":"https:\/\/www.eldigitaldeasturias.com\/noticias\/wp-json\/wp\/v2\/media?parent=1106332"}],"wp:term":[{"taxonomy":"category","embeddable":true,"href":"https:\/\/www.eldigitaldeasturias.com\/noticias\/wp-json\/wp\/v2\/categories?post=1106332"},{"taxonomy":"post_tag","embeddable":true,"href":"https:\/\/www.eldigitaldeasturias.com\/noticias\/wp-json\/wp\/v2\/tags?post=1106332"}],"curies":[{"name":"wp","href":"https:\/\/api.w.org\/{rel}","templated":true}]}}