{"id":1106276,"date":"2022-02-08T20:30:43","date_gmt":"2022-02-08T19:30:43","guid":{"rendered":"https:\/\/www.eldigitaldeasturias.com\/noticias\/?p=1106276"},"modified":"2022-02-08T20:30:43","modified_gmt":"2022-02-08T19:30:43","slug":"el-gobierno-aprueba-el-bono-joven-para-ayudas-al-alquiler","status":"publish","type":"post","link":"https:\/\/www.eldigitaldeasturias.com\/noticias\/el-gobierno-aprueba-el-bono-joven-para-ayudas-al-alquiler\/","title":{"rendered":"El Gobierno aprueba el Bono Joven para ayudas al alquiler"},"content":{"rendered":"<p><i><span style=\"font-weight: 400;\">Es una medida que se aprob\u00f3 el pasado 18 de enero en el Consejo de ministros, que servir\u00e1 de ayuda al alquiler para los j\u00f3venes, siempre que cumplan una serie de requisitos y teniendo techo m\u00e1ximo en cuanto a las cantidades otorgadas.<\/span><\/i><\/p>\n<p><img loading=\"lazy\" decoding=\"async\" class=\"aligncenter wp-image-1106277\" src=\"https:\/\/www.eldigitaldeasturias.com\/noticias\/wp-content\/uploads\/2022\/02\/alquiler-360x221.jpg\" alt=\"alquiler\" width=\"650\" height=\"399\" srcset=\"https:\/\/www.eldigitaldeasturias.com\/noticias\/wp-content\/uploads\/2022\/02\/alquiler-360x221.jpg 360w, https:\/\/www.eldigitaldeasturias.com\/noticias\/wp-content\/uploads\/2022\/02\/alquiler-480x295.jpg 480w, https:\/\/www.eldigitaldeasturias.com\/noticias\/wp-content\/uploads\/2022\/02\/alquiler-150x92.jpg 150w, https:\/\/www.eldigitaldeasturias.com\/noticias\/wp-content\/uploads\/2022\/02\/alquiler-450x276.jpg 450w, https:\/\/www.eldigitaldeasturias.com\/noticias\/wp-content\/uploads\/2022\/02\/alquiler.jpg 687w\" sizes=\"auto, (max-width: 650px) 100vw, 650px\" \/><\/p>\n<p><span style=\"font-weight: 400;\">Tal y como se ven\u00eda anunciando desde hac\u00eda unos meses, el Gobierno finalmente ha aprobado lo que ha denominado como Bono Joven. Es decir, unas <\/span><b>ayudas econ\u00f3micas destinadas exclusivamente a los j\u00f3venes espa\u00f1oles<\/b><span style=\"font-weight: 400;\">, con el fin de que puedan tener un impulso extra para poder emanciparse y <\/span><span style=\"color: #ff6600;\"><strong><a style=\"color: #ff6600;\" href=\"https:\/\/tentuka.com\/propietarios\/\" target=\"_blank\" rel=\"noopener\">alquilar vivienda con seguridad<\/a><\/strong><\/span><span style=\"font-weight: 400;\"> de que se llegar\u00e1 a fin de mes sin problema, con respecto a estos gastos.<\/span><\/p>\n<p><span style=\"font-weight: 400;\">Este Bono Joven, aprobado en Real Decreto, <\/span><b>podr\u00e1 ser compatible con otras ayudas estatales<\/b><span style=\"font-weight: 400;\">, sabiendo que los j\u00f3venes podr\u00e1n solicitarlo en muy poco tiempo, a trav\u00e9s de las diferentes comunidades aut\u00f3nomas.<\/span><\/p>\n<h2><b>\u00bfEn qu\u00e9 consiste este Bono?<\/b><\/h2>\n<p><span style=\"font-weight: 400;\">Como se ha comentado, se trata de unas ayudas econ\u00f3micas destinadas \u00fanicamente a j\u00f3venes del pa\u00eds. En concreto,<\/span><b> la edad que pueden tener oscila entre los 18 y 35 a\u00f1os, <\/b><span style=\"font-weight: 400;\">entendi\u00e9ndose como la franja en la que suelen tener en mente emanciparse y donde hay mayores problemas.<\/span><\/p>\n<p><span style=\"font-weight: 400;\">Hay que decir tambi\u00e9n que los j\u00f3venes que pueden acceder a este Bono<\/span><b> no podr\u00e1n tener una renta superior a 24.318 euros anuales<\/b><span style=\"font-weight: 400;\">, teniendo en cuenta que la cuant\u00eda que se entregar\u00e1 ser\u00e1, como m\u00e1ximo, de 250 euros al mes.<\/span><\/p>\n<p><span style=\"font-weight: 400;\">Estas ayudas son 100% compatibles con otras que se enmarquen para este colectivo, dentro del Plan Estatal de Vivienda 2022-2025.<\/span><\/p>\n<h2><b>\u00bfD\u00f3nde se puede destinar?<\/b><\/h2>\n<p><span style=\"font-weight: 400;\">El Bono Joven est\u00e1 pensado para aquellos j\u00f3venes que vivan en r\u00e9gimen de alquiler, pudiendo elegir entre diferentes viviendas siempre que estas cumplan con los par\u00e1metros establecidos por el Gobierno dentro de este terreno.<\/span><\/p>\n<p><span style=\"font-weight: 400;\">Por ejemplo,<\/span> <span style=\"color: #ff6600;\"><a style=\"color: #ff6600;\" href=\"https:\/\/tentuka.com\/\" target=\"_blank\" rel=\"noopener\"><b>Tentuka alojamiento integral en Zaragoza<\/b><\/a><\/span><b> es una entidad en la que se podr\u00eda invertir gracias al Bono Joven,<\/b><span style=\"font-weight: 400;\"> sabiendo que es una empresa de larga experiencia en el sector que se dedica a ofrecer alojamientos en alquiler completos en la capital aragonesa. Cuentan con un amplio cat\u00e1logo de viviendas adaptadas a diferentes perfiles, como estudiantes, profesionales del sector sanitario o educativo, trabajadores en general, alojamientos individuales o para compartir o incluso para empresas que tengan que proporcionar a ciertos empleados la estancia en la ciudad durante un largo periodo de tiempo.<\/span><\/p>\n<p><span style=\"font-weight: 400;\">Aunque generalmente los usuarios que quieren emanciparse suelen hacerlo de manera individual, hay que decir que <\/span><b>estas ayudas tambi\u00e9n sirven para los j\u00f3venes que buscan pisos compartidos<\/b><span style=\"font-weight: 400;\">. Tambi\u00e9n sirve <\/span><b>para el alquiler de habitaciones, adem\u00e1s de <\/b><span style=\"color: #ff6600;\"><a style=\"color: #ff6600;\" href=\"https:\/\/tentuka.com\/pisos-estudiantes-zaragoza\/\" target=\"_blank\" rel=\"noopener\"><b>pisos de estudiantes y residencia estudiantes en Zaragoza<\/b><\/a><\/span><span style=\"font-weight: 400;\"> o en cualquier otra ciudad de Espa\u00f1a.<\/span><\/p>\n<h2><b>L\u00edmites de precios<\/b><\/h2>\n<p><span style=\"font-weight: 400;\">Aunque el Bono Joven es una iniciativa que ya se ha aprobado, hay que decir que, tanto el Gobierno como las comunidades aut\u00f3nomas todav\u00eda tienen que llegar a acuerdos en cuanto a ciertas limitaciones y es que, por el momento, seg\u00fan se indica en el nuevo Real Decreto, <\/span><b>estas ayudas solo se podr\u00e1n utilizar en inmuebles con una renta m\u00e1xima de 600 euros.<\/b><\/p>\n<p><span style=\"font-weight: 400;\">Esto es as\u00ed, ya que seg\u00fan los mandatarios, los j\u00f3venes que puedan pagar m\u00e1s de esta cantidad de alquiler es porque su situaci\u00f3n econ\u00f3mica no es tan vulnerable. En cualquier caso, esto es una medida que se va a revisar, ya que hay que tener en cuenta que, en algunas ciudades, debido a la renta per c\u00e1pita que tienen, los alquileres tienen precios m\u00e1s elevados, como es el caso de Madrid o Catalu\u00f1a, por ejemplo.<\/span><\/p>\n<h2><b>\u00bfC\u00f3mo solicitarlo?<\/b><\/h2>\n<p><span style=\"font-weight: 400;\">Todos aquellos j\u00f3venes que cumplan los requisitos mencionados anteriormente, pueden solicitar el Bono Joven<\/span><b> en las oficinas del departamento de vivienda de la Comunidad Aut\u00f3noma en la que resida<\/b><span style=\"font-weight: 400;\">. El tr\u00e1mite se puede llevar a cabo de manera presencial y tambi\u00e9n online, ya que cada una de estas oficinas cuentan con webs habilitadas para ello.<\/span><\/p>\n<p><span style=\"font-weight: 400;\">Hay que decir que todav\u00eda no se ha fijado la fecha en la que se podr\u00e1 empezar a pedir el Bono, si bien, se sabe que<\/span><b> tendr\u00e1 car\u00e1cter retroactivo,<\/b><span style=\"font-weight: 400;\"> por lo que se empezar\u00e1 a contar desde el 1 de enero de este a\u00f1o. Se prev\u00e9 que m\u00e1s de 70.000 j\u00f3venes se puedan beneficiar de estas ayudas a lo largo de 2022.<\/span><\/p>\n","protected":false},"excerpt":{"rendered":"<p>Es una medida que se aprob\u00f3 el pasado 18 de enero en el Consejo de ministros, que servir\u00e1 de ayuda al alquiler para los j\u00f3venes, siempre que cumplan una serie de requisitos y teniendo techo m\u00e1ximo en cuanto a las cantidades otorgadas. Tal y como se ven\u00eda anunciando desde hac\u00eda unos meses, el Gobierno finalmente [&hellip;]<\/p>\n","protected":false},"author":1,"featured_media":1106277,"comment_status":"closed","ping_status":"closed","sticky":false,"template":"","format":"standard","meta":{"footnotes":""},"categories":[187],"tags":[],"class_list":["post-1106276","post","type-post","status-publish","format-standard","has-post-thumbnail","hentry","category-economia"],"aioseo_notices":[],"aioseo_head":"\n\t\t<!-- All in One SEO Pro 4.9.6.2 - aioseo.com -->\n\t<meta name=\"description\" content=\"Es una medida que se aprob\u00f3 el pasado 18 de enero en el Consejo de ministros, que servir\u00e1 de ayuda al alquiler para los j\u00f3venes, siempre que cumplan una serie\" \/>\n\t<meta name=\"robots\" content=\"max-image-preview:large\" \/>\n\t<meta name=\"author\" content=\"El Digital de Asturias\"\/>\n\t<meta name=\"google-site-verification\" content=\"UA-38556648-1\" \/>\n\t<meta name=\"msvalidate.01\" content=\"7dfe9f3f1b24437ab69f4f2559babe99\" \/>\n\t<meta name=\"keywords\" content=\"econom\u00eda\" \/>\n\t<link rel=\"canonical\" href=\"https:\/\/www.eldigitaldeasturias.com\/noticias\/el-gobierno-aprueba-el-bono-joven-para-ayudas-al-alquiler\/\" \/>\n\t<meta name=\"generator\" content=\"All in One SEO Pro (AIOSEO) 4.9.6.2\" \/>\n\t\t<meta property=\"og:locale\" content=\"es_ES\" \/>\n\t\t<meta property=\"og:site_name\" content=\"El Digital de Asturias\" \/>\n\t\t<meta property=\"og:type\" content=\"article\" \/>\n\t\t<meta property=\"og:title\" content=\"El Gobierno aprueba el Bono Joven para ayudas al alquiler - El Digital de Asturias\" \/>\n\t\t<meta property=\"og:description\" content=\"Es una medida que se aprob\u00f3 el pasado 18 de enero en el Consejo de ministros, que servir\u00e1 de ayuda al alquiler para los j\u00f3venes, siempre que cumplan una serie\" \/>\n\t\t<meta property=\"og:url\" content=\"https:\/\/www.eldigitaldeasturias.com\/noticias\/el-gobierno-aprueba-el-bono-joven-para-ayudas-al-alquiler\/\" \/>\n\t\t<meta property=\"og:image\" content=\"https:\/\/www.eldigitaldeasturias.com\/noticias\/wp-content\/uploads\/2022\/02\/alquiler.jpg\" \/>\n\t\t<meta property=\"og:image:secure_url\" content=\"https:\/\/www.eldigitaldeasturias.com\/noticias\/wp-content\/uploads\/2022\/02\/alquiler.jpg\" \/>\n\t\t<meta property=\"og:image:width\" content=\"687\" \/>\n\t\t<meta property=\"og:image:height\" content=\"422\" \/>\n\t\t<meta property=\"article:tag\" content=\"econom\u00eda\" \/>\n\t\t<meta property=\"article:published_time\" content=\"2022-02-08T19:30:43+00:00\" \/>\n\t\t<meta property=\"article:modified_time\" content=\"2022-02-08T19:30:43+00:00\" \/>\n\t\t<meta property=\"article:publisher\" content=\"https:\/\/facebook.com\/eldigitaldeasturias\" \/>\n\t\t<meta name=\"twitter:card\" content=\"summary_large_image\" \/>\n\t\t<meta name=\"twitter:title\" content=\"El Gobierno aprueba el Bono Joven para ayudas al alquiler - El Digital de Asturias\" \/>\n\t\t<meta name=\"twitter:description\" content=\"Es una medida que se aprob\u00f3 el pasado 18 de enero en el Consejo de ministros, que servir\u00e1 de ayuda al alquiler para los j\u00f3venes, siempre que cumplan una serie\" \/>\n\t\t<meta name=\"twitter:image\" content=\"https:\/\/www.eldigitaldeasturias.com\/noticias\/wp-content\/uploads\/2022\/02\/alquiler.jpg\" \/>\n\t\t<meta name=\"twitter:label1\" content=\"Escrito por\" \/>\n\t\t<meta name=\"twitter:data1\" content=\"El Digital de Asturias\" \/>\n\t\t<meta name=\"twitter:label2\" content=\"Tiempo de lectura estimado\" \/>\n\t\t<meta name=\"twitter:data2\" content=\"4 minutos\" \/>\n\t\t<script type=\"application\/ld+json\" class=\"aioseo-schema\">\n\t\t\t{\"@context\":\"https:\\\/\\\/schema.org\",\"@graph\":[{\"@type\":\"BlogPosting\",\"@id\":\"https:\\\/\\\/www.eldigitaldeasturias.com\\\/noticias\\\/el-gobierno-aprueba-el-bono-joven-para-ayudas-al-alquiler\\\/#blogposting\",\"name\":\"El Gobierno aprueba el Bono Joven para ayudas al alquiler - El Digital de Asturias\",\"headline\":\"El Gobierno aprueba el Bono Joven para ayudas al alquiler\",\"author\":{\"@id\":\"https:\\\/\\\/www.eldigitaldeasturias.com\\\/noticias\\\/author\\\/admin\\\/#author\"},\"publisher\":{\"@id\":\"https:\\\/\\\/www.eldigitaldeasturias.com\\\/noticias\\\/#organization\"},\"image\":{\"@type\":\"ImageObject\",\"url\":\"https:\\\/\\\/www.eldigitaldeasturias.com\\\/noticias\\\/wp-content\\\/uploads\\\/2022\\\/02\\\/alquiler.jpg\",\"width\":687,\"height\":422,\"caption\":\"alquiler\"},\"datePublished\":\"2022-02-08T20:30:43+01:00\",\"dateModified\":\"2022-02-08T20:30:43+01:00\",\"inLanguage\":\"es-ES\",\"mainEntityOfPage\":{\"@id\":\"https:\\\/\\\/www.eldigitaldeasturias.com\\\/noticias\\\/el-gobierno-aprueba-el-bono-joven-para-ayudas-al-alquiler\\\/#webpage\"},\"isPartOf\":{\"@id\":\"https:\\\/\\\/www.eldigitaldeasturias.com\\\/noticias\\\/el-gobierno-aprueba-el-bono-joven-para-ayudas-al-alquiler\\\/#webpage\"},\"articleSection\":\"Econom\\u00eda\"},{\"@type\":\"BreadcrumbList\",\"@id\":\"https:\\\/\\\/www.eldigitaldeasturias.com\\\/noticias\\\/el-gobierno-aprueba-el-bono-joven-para-ayudas-al-alquiler\\\/#breadcrumblist\",\"itemListElement\":[{\"@type\":\"ListItem\",\"@id\":\"https:\\\/\\\/www.eldigitaldeasturias.com\\\/noticias#listItem\",\"position\":1,\"name\":\"Home\",\"item\":\"https:\\\/\\\/www.eldigitaldeasturias.com\\\/noticias\",\"nextItem\":{\"@type\":\"ListItem\",\"@id\":\"https:\\\/\\\/www.eldigitaldeasturias.com\\\/noticias\\\/category\\\/economia\\\/#listItem\",\"name\":\"Econom\\u00eda\"}},{\"@type\":\"ListItem\",\"@id\":\"https:\\\/\\\/www.eldigitaldeasturias.com\\\/noticias\\\/category\\\/economia\\\/#listItem\",\"position\":2,\"name\":\"Econom\\u00eda\",\"item\":\"https:\\\/\\\/www.eldigitaldeasturias.com\\\/noticias\\\/category\\\/economia\\\/\",\"nextItem\":{\"@type\":\"ListItem\",\"@id\":\"https:\\\/\\\/www.eldigitaldeasturias.com\\\/noticias\\\/el-gobierno-aprueba-el-bono-joven-para-ayudas-al-alquiler\\\/#listItem\",\"name\":\"El Gobierno aprueba el Bono Joven para ayudas al alquiler\"},\"previousItem\":{\"@type\":\"ListItem\",\"@id\":\"https:\\\/\\\/www.eldigitaldeasturias.com\\\/noticias#listItem\",\"name\":\"Home\"}},{\"@type\":\"ListItem\",\"@id\":\"https:\\\/\\\/www.eldigitaldeasturias.com\\\/noticias\\\/el-gobierno-aprueba-el-bono-joven-para-ayudas-al-alquiler\\\/#listItem\",\"position\":3,\"name\":\"El Gobierno aprueba el Bono Joven para ayudas al alquiler\",\"previousItem\":{\"@type\":\"ListItem\",\"@id\":\"https:\\\/\\\/www.eldigitaldeasturias.com\\\/noticias\\\/category\\\/economia\\\/#listItem\",\"name\":\"Econom\\u00eda\"}}]},{\"@type\":\"Organization\",\"@id\":\"https:\\\/\\\/www.eldigitaldeasturias.com\\\/noticias\\\/#organization\",\"name\":\"El Digital de Asturias\",\"description\":\"Hemeroteca\",\"url\":\"https:\\\/\\\/www.eldigitaldeasturias.com\\\/noticias\\\/\",\"email\":\"info@eldigitaldeasturias.com\",\"telephone\":\"+34652131393\",\"logo\":{\"@type\":\"ImageObject\",\"url\":\"https:\\\/\\\/www.eldigitaldeasturias.com\\\/noticias\\\/wp-content\\\/uploads\\\/2020\\\/12\\\/EDA.jpg\",\"@id\":\"https:\\\/\\\/www.eldigitaldeasturias.com\\\/noticias\\\/el-gobierno-aprueba-el-bono-joven-para-ayudas-al-alquiler\\\/#organizationLogo\",\"width\":649,\"height\":297},\"image\":{\"@id\":\"https:\\\/\\\/www.eldigitaldeasturias.com\\\/noticias\\\/el-gobierno-aprueba-el-bono-joven-para-ayudas-al-alquiler\\\/#organizationLogo\"},\"sameAs\":[\"https:\\\/\\\/facebook.com\\\/eldigitaldeasturias\",\"https:\\\/\\\/www.youtube.com\\\/channel\\\/UCZP-2wLEB9Rv6erhFmqVnvg\"],\"address\":{\"@id\":\"https:\\\/\\\/www.eldigitaldeasturias.com\\\/noticias\\\/#postaladdress\",\"@type\":\"PostalAddress\",\"streetAddress\":\"san antonio 4,\",\"postalCode\":\"33430\",\"addressLocality\":\"Cand\\u00e1s\",\"addressRegion\":\"Asturias\",\"addressCountry\":\"ES\"}},{\"@type\":\"Person\",\"@id\":\"https:\\\/\\\/www.eldigitaldeasturias.com\\\/noticias\\\/author\\\/admin\\\/#author\",\"url\":\"https:\\\/\\\/www.eldigitaldeasturias.com\\\/noticias\\\/author\\\/admin\\\/\",\"name\":\"El Digital de Asturias\",\"image\":{\"@type\":\"ImageObject\",\"@id\":\"https:\\\/\\\/www.eldigitaldeasturias.com\\\/noticias\\\/el-gobierno-aprueba-el-bono-joven-para-ayudas-al-alquiler\\\/#authorImage\",\"url\":\"https:\\\/\\\/www.eldigitaldeasturias.com\\\/noticias\\\/wp-content\\\/litespeed\\\/avatar\\\/18677e78aa0546b92d9dbf31ec7d7668.jpg?ver=1777290358\",\"width\":96,\"height\":96,\"caption\":\"El Digital de Asturias\"}},{\"@type\":\"WebPage\",\"@id\":\"https:\\\/\\\/www.eldigitaldeasturias.com\\\/noticias\\\/el-gobierno-aprueba-el-bono-joven-para-ayudas-al-alquiler\\\/#webpage\",\"url\":\"https:\\\/\\\/www.eldigitaldeasturias.com\\\/noticias\\\/el-gobierno-aprueba-el-bono-joven-para-ayudas-al-alquiler\\\/\",\"name\":\"El Gobierno aprueba el Bono Joven para ayudas al alquiler - El Digital de Asturias\",\"description\":\"Es una medida que se aprob\\u00f3 el pasado 18 de enero en el Consejo de ministros, que servir\\u00e1 de ayuda al alquiler para los j\\u00f3venes, siempre que cumplan una serie\",\"inLanguage\":\"es-ES\",\"isPartOf\":{\"@id\":\"https:\\\/\\\/www.eldigitaldeasturias.com\\\/noticias\\\/#website\"},\"breadcrumb\":{\"@id\":\"https:\\\/\\\/www.eldigitaldeasturias.com\\\/noticias\\\/el-gobierno-aprueba-el-bono-joven-para-ayudas-al-alquiler\\\/#breadcrumblist\"},\"author\":{\"@id\":\"https:\\\/\\\/www.eldigitaldeasturias.com\\\/noticias\\\/author\\\/admin\\\/#author\"},\"creator\":{\"@id\":\"https:\\\/\\\/www.eldigitaldeasturias.com\\\/noticias\\\/author\\\/admin\\\/#author\"},\"image\":{\"@type\":\"ImageObject\",\"url\":\"https:\\\/\\\/www.eldigitaldeasturias.com\\\/noticias\\\/wp-content\\\/uploads\\\/2022\\\/02\\\/alquiler.jpg\",\"@id\":\"https:\\\/\\\/www.eldigitaldeasturias.com\\\/noticias\\\/el-gobierno-aprueba-el-bono-joven-para-ayudas-al-alquiler\\\/#mainImage\",\"width\":687,\"height\":422,\"caption\":\"alquiler\"},\"primaryImageOfPage\":{\"@id\":\"https:\\\/\\\/www.eldigitaldeasturias.com\\\/noticias\\\/el-gobierno-aprueba-el-bono-joven-para-ayudas-al-alquiler\\\/#mainImage\"},\"datePublished\":\"2022-02-08T20:30:43+01:00\",\"dateModified\":\"2022-02-08T20:30:43+01:00\"},{\"@type\":\"WebSite\",\"@id\":\"https:\\\/\\\/www.eldigitaldeasturias.com\\\/noticias\\\/#website\",\"url\":\"https:\\\/\\\/www.eldigitaldeasturias.com\\\/noticias\\\/\",\"name\":\"El Digital de Asturias - Diario de actualidad y noticias\",\"alternateName\":\"El Digital de Asturias - Diario de actualidad y noticias\",\"description\":\"Hemeroteca\",\"inLanguage\":\"es-ES\",\"publisher\":{\"@id\":\"https:\\\/\\\/www.eldigitaldeasturias.com\\\/noticias\\\/#organization\"}}]}\n\t\t<\/script>\n\t\t<!-- All in One SEO Pro -->\r\n\t\t<title>El Gobierno aprueba el Bono Joven para ayudas al alquiler - El Digital de Asturias<\/title>\n\n","aioseo_head_json":{"title":"El Gobierno aprueba el Bono Joven para ayudas al alquiler - El Digital de Asturias","description":"Es una medida que se aprob\u00f3 el pasado 18 de enero en el Consejo de ministros, que servir\u00e1 de ayuda al alquiler para los j\u00f3venes, siempre que cumplan una serie","canonical_url":"https:\/\/www.eldigitaldeasturias.com\/noticias\/el-gobierno-aprueba-el-bono-joven-para-ayudas-al-alquiler\/","robots":"max-image-preview:large","keywords":"econom\u00eda","webmasterTools":{"google-site-verification":"UA-38556648-1","msvalidate.01":"7dfe9f3f1b24437ab69f4f2559babe99","miscellaneous":""},"schema":{"@context":"https:\/\/schema.org","@graph":[{"@type":"BlogPosting","@id":"https:\/\/www.eldigitaldeasturias.com\/noticias\/el-gobierno-aprueba-el-bono-joven-para-ayudas-al-alquiler\/#blogposting","name":"El Gobierno aprueba el Bono Joven para ayudas al alquiler - El Digital de Asturias","headline":"El Gobierno aprueba el Bono Joven para ayudas al alquiler","author":{"@id":"https:\/\/www.eldigitaldeasturias.com\/noticias\/author\/admin\/#author"},"publisher":{"@id":"https:\/\/www.eldigitaldeasturias.com\/noticias\/#organization"},"image":{"@type":"ImageObject","url":"https:\/\/www.eldigitaldeasturias.com\/noticias\/wp-content\/uploads\/2022\/02\/alquiler.jpg","width":687,"height":422,"caption":"alquiler"},"datePublished":"2022-02-08T20:30:43+01:00","dateModified":"2022-02-08T20:30:43+01:00","inLanguage":"es-ES","mainEntityOfPage":{"@id":"https:\/\/www.eldigitaldeasturias.com\/noticias\/el-gobierno-aprueba-el-bono-joven-para-ayudas-al-alquiler\/#webpage"},"isPartOf":{"@id":"https:\/\/www.eldigitaldeasturias.com\/noticias\/el-gobierno-aprueba-el-bono-joven-para-ayudas-al-alquiler\/#webpage"},"articleSection":"Econom\u00eda"},{"@type":"BreadcrumbList","@id":"https:\/\/www.eldigitaldeasturias.com\/noticias\/el-gobierno-aprueba-el-bono-joven-para-ayudas-al-alquiler\/#breadcrumblist","itemListElement":[{"@type":"ListItem","@id":"https:\/\/www.eldigitaldeasturias.com\/noticias#listItem","position":1,"name":"Home","item":"https:\/\/www.eldigitaldeasturias.com\/noticias","nextItem":{"@type":"ListItem","@id":"https:\/\/www.eldigitaldeasturias.com\/noticias\/category\/economia\/#listItem","name":"Econom\u00eda"}},{"@type":"ListItem","@id":"https:\/\/www.eldigitaldeasturias.com\/noticias\/category\/economia\/#listItem","position":2,"name":"Econom\u00eda","item":"https:\/\/www.eldigitaldeasturias.com\/noticias\/category\/economia\/","nextItem":{"@type":"ListItem","@id":"https:\/\/www.eldigitaldeasturias.com\/noticias\/el-gobierno-aprueba-el-bono-joven-para-ayudas-al-alquiler\/#listItem","name":"El Gobierno aprueba el Bono Joven para ayudas al alquiler"},"previousItem":{"@type":"ListItem","@id":"https:\/\/www.eldigitaldeasturias.com\/noticias#listItem","name":"Home"}},{"@type":"ListItem","@id":"https:\/\/www.eldigitaldeasturias.com\/noticias\/el-gobierno-aprueba-el-bono-joven-para-ayudas-al-alquiler\/#listItem","position":3,"name":"El Gobierno aprueba el Bono Joven para ayudas al alquiler","previousItem":{"@type":"ListItem","@id":"https:\/\/www.eldigitaldeasturias.com\/noticias\/category\/economia\/#listItem","name":"Econom\u00eda"}}]},{"@type":"Organization","@id":"https:\/\/www.eldigitaldeasturias.com\/noticias\/#organization","name":"El Digital de Asturias","description":"Hemeroteca","url":"https:\/\/www.eldigitaldeasturias.com\/noticias\/","email":"info@eldigitaldeasturias.com","telephone":"+34652131393","logo":{"@type":"ImageObject","url":"https:\/\/www.eldigitaldeasturias.com\/noticias\/wp-content\/uploads\/2020\/12\/EDA.jpg","@id":"https:\/\/www.eldigitaldeasturias.com\/noticias\/el-gobierno-aprueba-el-bono-joven-para-ayudas-al-alquiler\/#organizationLogo","width":649,"height":297},"image":{"@id":"https:\/\/www.eldigitaldeasturias.com\/noticias\/el-gobierno-aprueba-el-bono-joven-para-ayudas-al-alquiler\/#organizationLogo"},"sameAs":["https:\/\/facebook.com\/eldigitaldeasturias","https:\/\/www.youtube.com\/channel\/UCZP-2wLEB9Rv6erhFmqVnvg"],"address":{"@id":"https:\/\/www.eldigitaldeasturias.com\/noticias\/#postaladdress","@type":"PostalAddress","streetAddress":"san antonio 4,","postalCode":"33430","addressLocality":"Cand\u00e1s","addressRegion":"Asturias","addressCountry":"ES"}},{"@type":"Person","@id":"https:\/\/www.eldigitaldeasturias.com\/noticias\/author\/admin\/#author","url":"https:\/\/www.eldigitaldeasturias.com\/noticias\/author\/admin\/","name":"El Digital de Asturias","image":{"@type":"ImageObject","@id":"https:\/\/www.eldigitaldeasturias.com\/noticias\/el-gobierno-aprueba-el-bono-joven-para-ayudas-al-alquiler\/#authorImage","url":"https:\/\/www.eldigitaldeasturias.com\/noticias\/wp-content\/litespeed\/avatar\/18677e78aa0546b92d9dbf31ec7d7668.jpg?ver=1777290358","width":96,"height":96,"caption":"El Digital de Asturias"}},{"@type":"WebPage","@id":"https:\/\/www.eldigitaldeasturias.com\/noticias\/el-gobierno-aprueba-el-bono-joven-para-ayudas-al-alquiler\/#webpage","url":"https:\/\/www.eldigitaldeasturias.com\/noticias\/el-gobierno-aprueba-el-bono-joven-para-ayudas-al-alquiler\/","name":"El Gobierno aprueba el Bono Joven para ayudas al alquiler - El Digital de Asturias","description":"Es una medida que se aprob\u00f3 el pasado 18 de enero en el Consejo de ministros, que servir\u00e1 de ayuda al alquiler para los j\u00f3venes, siempre que cumplan una serie","inLanguage":"es-ES","isPartOf":{"@id":"https:\/\/www.eldigitaldeasturias.com\/noticias\/#website"},"breadcrumb":{"@id":"https:\/\/www.eldigitaldeasturias.com\/noticias\/el-gobierno-aprueba-el-bono-joven-para-ayudas-al-alquiler\/#breadcrumblist"},"author":{"@id":"https:\/\/www.eldigitaldeasturias.com\/noticias\/author\/admin\/#author"},"creator":{"@id":"https:\/\/www.eldigitaldeasturias.com\/noticias\/author\/admin\/#author"},"image":{"@type":"ImageObject","url":"https:\/\/www.eldigitaldeasturias.com\/noticias\/wp-content\/uploads\/2022\/02\/alquiler.jpg","@id":"https:\/\/www.eldigitaldeasturias.com\/noticias\/el-gobierno-aprueba-el-bono-joven-para-ayudas-al-alquiler\/#mainImage","width":687,"height":422,"caption":"alquiler"},"primaryImageOfPage":{"@id":"https:\/\/www.eldigitaldeasturias.com\/noticias\/el-gobierno-aprueba-el-bono-joven-para-ayudas-al-alquiler\/#mainImage"},"datePublished":"2022-02-08T20:30:43+01:00","dateModified":"2022-02-08T20:30:43+01:00"},{"@type":"WebSite","@id":"https:\/\/www.eldigitaldeasturias.com\/noticias\/#website","url":"https:\/\/www.eldigitaldeasturias.com\/noticias\/","name":"El Digital de Asturias - Diario de actualidad y noticias","alternateName":"El Digital de Asturias - Diario de actualidad y noticias","description":"Hemeroteca","inLanguage":"es-ES","publisher":{"@id":"https:\/\/www.eldigitaldeasturias.com\/noticias\/#organization"}}]},"og:locale":"es_ES","og:site_name":"El Digital de Asturias","og:type":"article","og:title":"El Gobierno aprueba el Bono Joven para ayudas al alquiler - El Digital de Asturias","og:description":"Es una medida que se aprob\u00f3 el pasado 18 de enero en el Consejo de ministros, que servir\u00e1 de ayuda al alquiler para los j\u00f3venes, siempre que cumplan una serie","og:url":"https:\/\/www.eldigitaldeasturias.com\/noticias\/el-gobierno-aprueba-el-bono-joven-para-ayudas-al-alquiler\/","og:image":"https:\/\/www.eldigitaldeasturias.com\/noticias\/wp-content\/uploads\/2022\/02\/alquiler.jpg","og:image:secure_url":"https:\/\/www.eldigitaldeasturias.com\/noticias\/wp-content\/uploads\/2022\/02\/alquiler.jpg","og:image:width":687,"og:image:height":422,"article:tag":["econom\u00eda"],"article:published_time":"2022-02-08T19:30:43+00:00","article:modified_time":"2022-02-08T19:30:43+00:00","article:publisher":"https:\/\/facebook.com\/eldigitaldeasturias","twitter:card":"summary_large_image","twitter:title":"El Gobierno aprueba el Bono Joven para ayudas al alquiler - El Digital de Asturias","twitter:description":"Es una medida que se aprob\u00f3 el pasado 18 de enero en el Consejo de ministros, que servir\u00e1 de ayuda al alquiler para los j\u00f3venes, siempre que cumplan una serie","twitter:image":"https:\/\/www.eldigitaldeasturias.com\/noticias\/wp-content\/uploads\/2022\/02\/alquiler.jpg","twitter:label1":"Escrito por","twitter:data1":"El Digital de Asturias","twitter:label2":"Tiempo de lectura estimado","twitter:data2":"4 minutos"},"aioseo_meta_data":{"post_id":"1106276","title":null,"description":"Es una medida que se aprob\u00f3 el pasado 18 de enero en el Consejo de ministros, que servir\u00e1 de ayuda al alquiler para los j\u00f3venes, siempre que cumplan una serie","keywords":[],"keyphrases":{"focus":{"keyphrase":"alquiler","score":89,"analysis":{"keyphraseInTitle":{"title":"Focus keyphrase in SEO title","description":"Focus keyphrase found in SEO title.","score":9,"maxScore":9,"error":0},"keyphraseInDescription":{"title":"Focus keyphrase in meta description","description":"Focus keyphrase found in meta description.","score":9,"maxScore":9,"error":0},"keyphraseLength":{"title":"Focus keyphrase length","description":"Good job!","score":9,"maxScore":9,"error":0,"length":1},"keyphraseInURL":[],"keyphraseInIntroduction":{"title":"Focus keyphrase in introduction","description":"Your Focus keyphrase appears in the first paragraph. Well done!","score":9,"maxScore":9,"error":0},"keyphraseInSubHeadings":{"title":"Focus keyphrase in Subheadings","description":"Use your focus keyphrase more in your H2 and H3 subheadings.","score":3,"maxScore":9,"error":1},"keyphraseInImageAlt":{"title":"Focus keyphrase in image alt attributes","description":"Focus keyphrase found in image alt attribute(s).","score":9,"maxScore":9,"error":0}}},"additional":[{"keyphrase":"alquiler para los j\u00f3venes","score":100,"analysis":{"keyphraseInDescription":{"title":"Keyphrase in meta description","description":"Keyphrase found in meta description.","score":9,"maxScore":9,"error":0},"keyphraseLength":{"title":"Keyphrase length","description":"Good job!","score":9,"maxScore":9,"error":0,"length":4},"keyphraseInIntroduction":{"title":"Keyphrase in introduction","description":"Your Keyphrase appears in the first paragraph. Well done!","score":9,"maxScore":9,"error":0},"keyphraseInImageAlt":{"title":"Keyphrase in image alt attributes","description":"Keyphrase found in image alt attribute(s).","score":9,"maxScore":9,"error":0}}}]},"primary_term":null,"canonical_url":null,"og_title":null,"og_description":null,"og_object_type":"default","og_image_type":"default","og_image_url":null,"og_image_width":null,"og_image_height":null,"og_image_custom_url":null,"og_image_custom_fields":null,"og_video":"","og_custom_url":null,"og_article_section":null,"og_article_tags":[],"twitter_use_og":false,"twitter_card":"default","twitter_image_type":"default","twitter_image_url":null,"twitter_image_custom_url":null,"twitter_image_custom_fields":null,"twitter_title":null,"twitter_description":null,"schema":{"blockGraphs":[],"customGraphs":[],"default":{"data":{"Article":[],"Course":[],"Dataset":[],"FAQPage":[],"Movie":[],"Person":[],"Product":[],"ProductReview":[],"Car":[],"Recipe":[],"Service":[],"SoftwareApplication":[],"WebPage":[]},"graphName":"","isEnabled":true},"graphs":[],"defaultGraph":"Article","defaultPostTypeGraph":""},"schema_type":"default","schema_type_options":"{\"article\":{\"articleType\":\"BlogPosting\"},\"course\":{\"name\":\"\",\"description\":\"\",\"provider\":\"\"},\"faq\":{\"pages\":[]},\"product\":{\"reviews\":[]},\"recipe\":{\"ingredients\":[],\"instructions\":[],\"keywords\":[]},\"software\":{\"reviews\":[],\"operatingSystems\":[]},\"webPage\":{\"webPageType\":\"WebPage\"}}","pillar_content":false,"robots_default":true,"robots_noindex":false,"robots_noarchive":false,"robots_nosnippet":false,"robots_nofollow":false,"robots_noimageindex":false,"robots_noodp":false,"robots_notranslate":false,"robots_max_snippet":"-1","robots_max_videopreview":"-1","robots_max_imagepreview":"large","priority":null,"frequency":"default","local_seo":null,"seo_analyzer_scan_date":"2025-09-25 00:56:35","breadcrumb_settings":null,"limit_modified_date":false,"open_ai":null,"ai":null,"created":"2022-02-08 19:24:54","updated":"2025-09-25 00:56:35"},"aioseo_breadcrumb":"<div class=\"aioseo-breadcrumbs\"><span class=\"aioseo-breadcrumb\">\n\t<a href=\"https:\/\/www.eldigitaldeasturias.com\/noticias\" title=\"Home\">Home<\/a>\n<\/span><span class=\"aioseo-breadcrumb-separator\">\u2013<\/span><span class=\"aioseo-breadcrumb\">\n\t<a href=\"https:\/\/www.eldigitaldeasturias.com\/noticias\/category\/economia\/\" title=\"Econom\u00eda\">Econom\u00eda<\/a>\n<\/span><span class=\"aioseo-breadcrumb-separator\">\u2013<\/span><span class=\"aioseo-breadcrumb\">\n\t<a href=\"https:\/\/www.eldigitaldeasturias.com\/noticias\/el-gobierno-aprueba-el-bono-joven-para-ayudas-al-alquiler\/\" title=\"El Gobierno aprueba el Bono Joven para ayudas al alquiler\">El Gobierno aprueba el Bono Joven para ayudas al alquiler<\/a>\n<\/span><\/div>","aioseo_breadcrumb_json":[{"label":"Home","link":"https:\/\/www.eldigitaldeasturias.com\/noticias"},{"label":"Econom\u00eda","link":"https:\/\/www.eldigitaldeasturias.com\/noticias\/category\/economia\/"},{"label":"El Gobierno aprueba el Bono Joven para ayudas al alquiler","link":"https:\/\/www.eldigitaldeasturias.com\/noticias\/el-gobierno-aprueba-el-bono-joven-para-ayudas-al-alquiler\/"}],"_links":{"self":[{"href":"https:\/\/www.eldigitaldeasturias.com\/noticias\/wp-json\/wp\/v2\/posts\/1106276","targetHints":{"allow":["GET"]}}],"collection":[{"href":"https:\/\/www.eldigitaldeasturias.com\/noticias\/wp-json\/wp\/v2\/posts"}],"about":[{"href":"https:\/\/www.eldigitaldeasturias.com\/noticias\/wp-json\/wp\/v2\/types\/post"}],"author":[{"embeddable":true,"href":"https:\/\/www.eldigitaldeasturias.com\/noticias\/wp-json\/wp\/v2\/users\/1"}],"replies":[{"embeddable":true,"href":"https:\/\/www.eldigitaldeasturias.com\/noticias\/wp-json\/wp\/v2\/comments?post=1106276"}],"version-history":[{"count":0,"href":"https:\/\/www.eldigitaldeasturias.com\/noticias\/wp-json\/wp\/v2\/posts\/1106276\/revisions"}],"wp:featuredmedia":[{"embeddable":true,"href":"https:\/\/www.eldigitaldeasturias.com\/noticias\/wp-json\/wp\/v2\/media\/1106277"}],"wp:attachment":[{"href":"https:\/\/www.eldigitaldeasturias.com\/noticias\/wp-json\/wp\/v2\/media?parent=1106276"}],"wp:term":[{"taxonomy":"category","embeddable":true,"href":"https:\/\/www.eldigitaldeasturias.com\/noticias\/wp-json\/wp\/v2\/categories?post=1106276"},{"taxonomy":"post_tag","embeddable":true,"href":"https:\/\/www.eldigitaldeasturias.com\/noticias\/wp-json\/wp\/v2\/tags?post=1106276"}],"curies":[{"name":"wp","href":"https:\/\/api.w.org\/{rel}","templated":true}]}}