{"id":1104772,"date":"2022-01-16T15:28:03","date_gmt":"2022-01-16T14:28:03","guid":{"rendered":"https:\/\/www.eldigitaldeasturias.com\/noticias\/?p=1104772"},"modified":"2022-01-16T15:28:03","modified_gmt":"2022-01-16T14:28:03","slug":"djokovic-sera-deportado-de-australia","status":"publish","type":"post","link":"https:\/\/www.eldigitaldeasturias.com\/noticias\/djokovic-sera-deportado-de-australia\/","title":{"rendered":"Djokovic ser\u00e1 deportado de Australia"},"content":{"rendered":"<p>(EP) &#8211; El Tribunal Federal de Australia ha rechazado este domingo el recurso final presentado por el tenista <span style=\"color: #ff6600;\"><a style=\"color: #ff6600;\" href=\"https:\/\/www.eldigitaldeasturias.com\/noticias\/el-director-del-abierto-de-australia-niega-un-favor-especial-a-djokovic\/\" target=\"_blank\" rel=\"noopener\"><strong>Novak Djokovic<\/strong><\/a><\/span> para quedarse en el pa\u00eds,<strong> por lo que ser\u00e1 finalmente deportado y no jugar\u00e1 el Abierto de Australia<\/strong>, primer &#8216;Grand Slam&#8217; de la temporada.<\/p>\n<p><img loading=\"lazy\" decoding=\"async\" class=\"aligncenter size-full wp-image-1097055\" src=\"https:\/\/www.eldigitaldeasturias.com\/noticias\/wp-content\/uploads\/2021\/08\/noticias-urgentes.jpg\" alt=\"noticias urgentes\" width=\"640\" height=\"400\" srcset=\"https:\/\/www.eldigitaldeasturias.com\/noticias\/wp-content\/uploads\/2021\/08\/noticias-urgentes.jpg 640w, https:\/\/www.eldigitaldeasturias.com\/noticias\/wp-content\/uploads\/2021\/08\/noticias-urgentes-360x225.jpg 360w, https:\/\/www.eldigitaldeasturias.com\/noticias\/wp-content\/uploads\/2021\/08\/noticias-urgentes-480x300.jpg 480w, https:\/\/www.eldigitaldeasturias.com\/noticias\/wp-content\/uploads\/2021\/08\/noticias-urgentes-150x94.jpg 150w, https:\/\/www.eldigitaldeasturias.com\/noticias\/wp-content\/uploads\/2021\/08\/noticias-urgentes-450x281.jpg 450w\" sizes=\"auto, (max-width: 640px) 100vw, 640px\" \/><\/p>\n<p>Los jueces federales rechazaron su apelaci\u00f3n despu\u00e9s de que el Gobierno cancelara inicialmente su visado por motivos sanitarios. El Gobierno australiano argument\u00f3 que la llegada del tenista serbio, de 34 a\u00f1os, y que no est\u00e1 vacunado contra el coronavirus, representaba una amenaza para la salud p\u00fablica.<\/p>\n<p>El veredicto, emitido por el magistrado jefe del tribunal, James Allsop, ha tenido lugar tras una decisi\u00f3n un\u00e1nime de los tres jueces de la corte. Djokovic, nueve veces campe\u00f3n del Abierto de Australia, se quedar\u00e1 sin defender su t\u00edtulo en el torneo que comienza este lunes, e incluso se le podr\u00eda prohibir su entrada en el pa\u00eds durante los pr\u00f3ximos tres a\u00f1os.<\/p>\n<p>La pol\u00e9mica arranc\u00f3 la semana pasada, cuando las autoridades impidieron la entrada del tenista al pa\u00eds por no cumplir con los requisitos de entrada en el pa\u00eds en relaci\u00f3n a sus estrictas medidas contra el coronavirus, que incluyen estar vacunado.<\/p>\n<p>El tenista serbio ha conocido el veredicto tras pasar esta \u00faltima noche en el Park Hotel de Melbourne, tambi\u00e9n empleado como centro de detenci\u00f3n de inmigrantes, y ahora ser\u00e1 reemplazado por el tenista Salvatore Caruso en el partido que deb\u00eda enfrentarle ma\u00f1ana contra su compatriota Miomir Kecmanovic.<\/p>\n<h2>EL GOBIERNO APLAUDE EL FALLO<\/h2>\n<p>El ministro de Inmigraci\u00f3n, Alex Hawke, responsable de la cancelaci\u00f3n del visado del tenista, ha acogido con satisfacci\u00f3n la decisi\u00f3n del Tribunal Federal como un ejemplo consistente con la contundente pol\u00edtica fronteriza del pa\u00eds frente a la pandemia.<\/p>\n<p>\u00abAcojo con benepl\u00e1cito la decisi\u00f3n un\u00e1nime de hoy del Tribunal Federal de Australia, que confirma mi decisi\u00f3n de ejercer mi poder bajo la Ley de Migraci\u00f3n para cancelar el visado del se\u00f1or Novak Djokovic en inter\u00e9s p\u00fablico\u00bb, ha manifestado el ministro.<\/p>\n<p>\u00abLas s\u00f3lidas pol\u00edticas de protecci\u00f3n fronteriza de Australia nos han mantenido a salvo durante la pandemia, lo que se ha traducido en una de las tasas de mortalidad m\u00e1s bajas, las recuperaciones econ\u00f3micas m\u00e1s s\u00f3lidas y las tasas de vacunaci\u00f3n m\u00e1s altas del mundo\u00bb, ha hecho saber.<\/p>\n<p>\u00abEstas pol\u00edticas son fundamentales para salvaguardar la cohesi\u00f3n social de Australia, que contin\u00faa fortaleci\u00e9ndose a pesar de la pandemia\u00bb, ha concluido.<\/p>\n<h2>SERBIA ACUSA A AUSTRALIA DE MENTIR<\/h2>\n<p>El presidente serbio, Aleksandar Vucic, ha repudiado el fallo del tribunal y acusado a las autoridades australianas de mentir a lo largo de todo el proceso.<\/p>\n<p>En sus primeras declaraciones tras conocer el fallo, Vucic inform\u00f3 de que ya ha hablado con Djokovic para trasladarle su apoyo. \u00abLe dije que me muero de ganas de que viniera a Serbia, de que regresara a su pa\u00eds, donde siempre es bienvenido. Maltrataron al mejor tenista durante 11 d\u00edas, para al final comunicarle una decisi\u00f3n tomada al principio\u00bb, lament\u00f3 Vucic.<\/p>\n<p>\u00abSimplemente est\u00e1n mintiendo\u00bb, ha declarado sobre el comportamiento de las autoridades autralianas. \u00abHan llegado a decir que en Serbia hay menos de 50 por ciento de personas vacunadas y oficialmente el n\u00famero es del 58 por ciento. Han usado un argumento sin sentido, que solo cabe desde una perspectiva orwelliana\u00bb.<\/p>\n<p>\u00abCreen que han humillado a Djokovic, pero se han humillado a s\u00ed mismos y \u00e9l va a regresar a su pa\u00eds con la cabeza bien alta y mirando a la gente a los ojos\u00bb, ha remachado.<\/p>\n<h2>DJOKOVIC SE DECLARA DECEPCIONADO PERO RESPETA LA DECISI\u00d3N<\/h2>\n<p>En un comunicado emitido tras el veredicto, Djokovic se ha declarado \u00abextremadamente decepcionado con el fallo del Tribunal\u00bb pero ha aceptado la decisi\u00f3n de la corte.<\/p>\n<p>\u00abRespeto el fallo de la Corte y cooperar\u00e9 con las autoridades pertinentes en relaci\u00f3n con mi salida del pa\u00eds\u00bb, ha hecho saber en la nota, recogida por el &#8216;Sydney Morning Herald&#8217;, al que fuentes cercanas al tenista han confirmado que el deportista abandonar\u00e1 el pa\u00eds esta noche, con destino inicial a Dub\u00e1i.<\/p>\n<p>El tenista ha lamentado que \u00abel enfoque de las \u00faltimas semanas haya estado\u00bb en su persona. \u00abEspero que ahora todos podamos concentrarnos en el juego y el torneo que amo. Me gustar\u00eda desear a los jugadores, oficiales del torneo, personal, voluntarios y aficionados todo lo mejor para el torneo\u00bb, ha a\u00f1adido.<\/p>\n<p>\u00abFinalmente, me gustar\u00eda agradecer a mi familia, amigos, equipo, simpatizantes, fan\u00e1ticos y mis compatriotas serbios por su continuo apoyo. Todos vosotros hab\u00e9is sido una gran fuente de fortaleza para m\u00ed\u00bb, ha remachado.<\/p>\n","protected":false},"excerpt":{"rendered":"<p>(EP) &#8211; El Tribunal Federal de Australia ha rechazado este domingo el recurso final presentado por el tenista Novak Djokovic para quedarse en el pa\u00eds, por lo que ser\u00e1 finalmente deportado y no jugar\u00e1 el Abierto de Australia, primer &#8216;Grand Slam&#8217; de la temporada. Los jueces federales rechazaron su apelaci\u00f3n despu\u00e9s de que el Gobierno [&hellip;]<\/p>\n","protected":false},"author":1,"featured_media":1097055,"comment_status":"closed","ping_status":"closed","sticky":false,"template":"","format":"standard","meta":{"footnotes":""},"categories":[190,141],"tags":[],"class_list":["post-1104772","post","type-post","status-publish","format-standard","has-post-thumbnail","hentry","category-deportes","category-destacadas"],"aioseo_notices":[],"aioseo_head":"\n\t\t<!-- All in One SEO Pro 4.9.6.2 - aioseo.com -->\n\t<meta name=\"description\" content=\"El Tribunal Federal de Australia ha rechazado este domingo el recurso final presentado por el tenista Novak Djokovic para quedarse en el pa\u00eds\" \/>\n\t<meta name=\"robots\" content=\"max-image-preview:large\" \/>\n\t<meta name=\"author\" content=\"El Digital de Asturias\"\/>\n\t<meta name=\"google-site-verification\" content=\"UA-38556648-1\" \/>\n\t<meta name=\"msvalidate.01\" content=\"7dfe9f3f1b24437ab69f4f2559babe99\" \/>\n\t<meta name=\"keywords\" content=\"deportes,destacadas\" \/>\n\t<link rel=\"canonical\" href=\"https:\/\/www.eldigitaldeasturias.com\/noticias\/djokovic-sera-deportado-de-australia\/\" \/>\n\t<meta name=\"generator\" content=\"All in One SEO Pro (AIOSEO) 4.9.6.2\" \/>\n\t\t<meta property=\"og:locale\" content=\"es_ES\" \/>\n\t\t<meta property=\"og:site_name\" content=\"El Digital de Asturias\" \/>\n\t\t<meta property=\"og:type\" content=\"article\" \/>\n\t\t<meta property=\"og:title\" content=\"Djokovic ser\u00e1 deportado de Australia - El Digital de Asturias\" \/>\n\t\t<meta property=\"og:description\" content=\"El Tribunal Federal de Australia ha rechazado este domingo el recurso final presentado por el tenista Novak Djokovic para quedarse en el pa\u00eds\" \/>\n\t\t<meta property=\"og:url\" content=\"https:\/\/www.eldigitaldeasturias.com\/noticias\/djokovic-sera-deportado-de-australia\/\" \/>\n\t\t<meta property=\"og:image\" content=\"https:\/\/www.eldigitaldeasturias.com\/noticias\/wp-content\/uploads\/2021\/08\/noticias-urgentes.jpg\" \/>\n\t\t<meta property=\"og:image:secure_url\" content=\"https:\/\/www.eldigitaldeasturias.com\/noticias\/wp-content\/uploads\/2021\/08\/noticias-urgentes.jpg\" \/>\n\t\t<meta property=\"og:image:width\" content=\"640\" \/>\n\t\t<meta property=\"og:image:height\" content=\"400\" \/>\n\t\t<meta property=\"article:tag\" content=\"deportes\" \/>\n\t\t<meta property=\"article:tag\" content=\"destacadas\" \/>\n\t\t<meta property=\"article:published_time\" content=\"2022-01-16T14:28:03+00:00\" \/>\n\t\t<meta property=\"article:modified_time\" content=\"2022-01-16T14:28:03+00:00\" \/>\n\t\t<meta property=\"article:publisher\" content=\"https:\/\/facebook.com\/eldigitaldeasturias\" \/>\n\t\t<meta name=\"twitter:card\" content=\"summary_large_image\" \/>\n\t\t<meta name=\"twitter:title\" content=\"Djokovic ser\u00e1 deportado de Australia - El Digital de Asturias\" \/>\n\t\t<meta name=\"twitter:description\" content=\"El Tribunal Federal de Australia ha rechazado este domingo el recurso final presentado por el tenista Novak Djokovic para quedarse en el pa\u00eds\" \/>\n\t\t<meta name=\"twitter:image\" content=\"https:\/\/www.eldigitaldeasturias.com\/noticias\/wp-content\/uploads\/2021\/08\/noticias-urgentes.jpg\" \/>\n\t\t<meta name=\"twitter:label1\" content=\"Escrito por\" \/>\n\t\t<meta name=\"twitter:data1\" content=\"El Digital de Asturias\" \/>\n\t\t<meta name=\"twitter:label2\" content=\"Tiempo de lectura estimado\" \/>\n\t\t<meta name=\"twitter:data2\" content=\"4 minutos\" \/>\n\t\t<script type=\"application\/ld+json\" class=\"aioseo-schema\">\n\t\t\t{\"@context\":\"https:\\\/\\\/schema.org\",\"@graph\":[{\"@type\":\"BlogPosting\",\"@id\":\"https:\\\/\\\/www.eldigitaldeasturias.com\\\/noticias\\\/djokovic-sera-deportado-de-australia\\\/#blogposting\",\"name\":\"Djokovic ser\\u00e1 deportado de Australia - El Digital de Asturias\",\"headline\":\"Djokovic ser\\u00e1 deportado de Australia\",\"author\":{\"@id\":\"https:\\\/\\\/www.eldigitaldeasturias.com\\\/noticias\\\/author\\\/admin\\\/#author\"},\"publisher\":{\"@id\":\"https:\\\/\\\/www.eldigitaldeasturias.com\\\/noticias\\\/#organization\"},\"image\":{\"@type\":\"ImageObject\",\"url\":\"https:\\\/\\\/www.eldigitaldeasturias.com\\\/noticias\\\/wp-content\\\/uploads\\\/2021\\\/08\\\/noticias-urgentes.jpg\",\"width\":640,\"height\":400,\"caption\":\"noticias urgentes\"},\"datePublished\":\"2022-01-16T15:28:03+01:00\",\"dateModified\":\"2022-01-16T15:28:03+01:00\",\"inLanguage\":\"es-ES\",\"mainEntityOfPage\":{\"@id\":\"https:\\\/\\\/www.eldigitaldeasturias.com\\\/noticias\\\/djokovic-sera-deportado-de-australia\\\/#webpage\"},\"isPartOf\":{\"@id\":\"https:\\\/\\\/www.eldigitaldeasturias.com\\\/noticias\\\/djokovic-sera-deportado-de-australia\\\/#webpage\"},\"articleSection\":\"Deportes, Destacadas\"},{\"@type\":\"BreadcrumbList\",\"@id\":\"https:\\\/\\\/www.eldigitaldeasturias.com\\\/noticias\\\/djokovic-sera-deportado-de-australia\\\/#breadcrumblist\",\"itemListElement\":[{\"@type\":\"ListItem\",\"@id\":\"https:\\\/\\\/www.eldigitaldeasturias.com\\\/noticias#listItem\",\"position\":1,\"name\":\"Home\",\"item\":\"https:\\\/\\\/www.eldigitaldeasturias.com\\\/noticias\",\"nextItem\":{\"@type\":\"ListItem\",\"@id\":\"https:\\\/\\\/www.eldigitaldeasturias.com\\\/noticias\\\/category\\\/destacadas\\\/#listItem\",\"name\":\"Destacadas\"}},{\"@type\":\"ListItem\",\"@id\":\"https:\\\/\\\/www.eldigitaldeasturias.com\\\/noticias\\\/category\\\/destacadas\\\/#listItem\",\"position\":2,\"name\":\"Destacadas\",\"item\":\"https:\\\/\\\/www.eldigitaldeasturias.com\\\/noticias\\\/category\\\/destacadas\\\/\",\"nextItem\":{\"@type\":\"ListItem\",\"@id\":\"https:\\\/\\\/www.eldigitaldeasturias.com\\\/noticias\\\/djokovic-sera-deportado-de-australia\\\/#listItem\",\"name\":\"Djokovic ser\\u00e1 deportado de Australia\"},\"previousItem\":{\"@type\":\"ListItem\",\"@id\":\"https:\\\/\\\/www.eldigitaldeasturias.com\\\/noticias#listItem\",\"name\":\"Home\"}},{\"@type\":\"ListItem\",\"@id\":\"https:\\\/\\\/www.eldigitaldeasturias.com\\\/noticias\\\/djokovic-sera-deportado-de-australia\\\/#listItem\",\"position\":3,\"name\":\"Djokovic ser\\u00e1 deportado de Australia\",\"previousItem\":{\"@type\":\"ListItem\",\"@id\":\"https:\\\/\\\/www.eldigitaldeasturias.com\\\/noticias\\\/category\\\/destacadas\\\/#listItem\",\"name\":\"Destacadas\"}}]},{\"@type\":\"Organization\",\"@id\":\"https:\\\/\\\/www.eldigitaldeasturias.com\\\/noticias\\\/#organization\",\"name\":\"El Digital de Asturias\",\"description\":\"Hemeroteca\",\"url\":\"https:\\\/\\\/www.eldigitaldeasturias.com\\\/noticias\\\/\",\"email\":\"info@eldigitaldeasturias.com\",\"telephone\":\"+34652131393\",\"logo\":{\"@type\":\"ImageObject\",\"url\":\"https:\\\/\\\/www.eldigitaldeasturias.com\\\/noticias\\\/wp-content\\\/uploads\\\/2020\\\/12\\\/EDA.jpg\",\"@id\":\"https:\\\/\\\/www.eldigitaldeasturias.com\\\/noticias\\\/djokovic-sera-deportado-de-australia\\\/#organizationLogo\",\"width\":649,\"height\":297},\"image\":{\"@id\":\"https:\\\/\\\/www.eldigitaldeasturias.com\\\/noticias\\\/djokovic-sera-deportado-de-australia\\\/#organizationLogo\"},\"sameAs\":[\"https:\\\/\\\/facebook.com\\\/eldigitaldeasturias\",\"https:\\\/\\\/www.youtube.com\\\/channel\\\/UCZP-2wLEB9Rv6erhFmqVnvg\"],\"address\":{\"@id\":\"https:\\\/\\\/www.eldigitaldeasturias.com\\\/noticias\\\/#postaladdress\",\"@type\":\"PostalAddress\",\"streetAddress\":\"san antonio 4,\",\"postalCode\":\"33430\",\"addressLocality\":\"Cand\\u00e1s\",\"addressRegion\":\"Asturias\",\"addressCountry\":\"ES\"}},{\"@type\":\"Person\",\"@id\":\"https:\\\/\\\/www.eldigitaldeasturias.com\\\/noticias\\\/author\\\/admin\\\/#author\",\"url\":\"https:\\\/\\\/www.eldigitaldeasturias.com\\\/noticias\\\/author\\\/admin\\\/\",\"name\":\"El Digital de Asturias\",\"image\":{\"@type\":\"ImageObject\",\"@id\":\"https:\\\/\\\/www.eldigitaldeasturias.com\\\/noticias\\\/djokovic-sera-deportado-de-australia\\\/#authorImage\",\"url\":\"https:\\\/\\\/www.eldigitaldeasturias.com\\\/noticias\\\/wp-content\\\/litespeed\\\/avatar\\\/18677e78aa0546b92d9dbf31ec7d7668.jpg?ver=1777290358\",\"width\":96,\"height\":96,\"caption\":\"El Digital de Asturias\"}},{\"@type\":\"WebPage\",\"@id\":\"https:\\\/\\\/www.eldigitaldeasturias.com\\\/noticias\\\/djokovic-sera-deportado-de-australia\\\/#webpage\",\"url\":\"https:\\\/\\\/www.eldigitaldeasturias.com\\\/noticias\\\/djokovic-sera-deportado-de-australia\\\/\",\"name\":\"Djokovic ser\\u00e1 deportado de Australia - El Digital de Asturias\",\"description\":\"El Tribunal Federal de Australia ha rechazado este domingo el recurso final presentado por el tenista Novak Djokovic para quedarse en el pa\\u00eds\",\"inLanguage\":\"es-ES\",\"isPartOf\":{\"@id\":\"https:\\\/\\\/www.eldigitaldeasturias.com\\\/noticias\\\/#website\"},\"breadcrumb\":{\"@id\":\"https:\\\/\\\/www.eldigitaldeasturias.com\\\/noticias\\\/djokovic-sera-deportado-de-australia\\\/#breadcrumblist\"},\"author\":{\"@id\":\"https:\\\/\\\/www.eldigitaldeasturias.com\\\/noticias\\\/author\\\/admin\\\/#author\"},\"creator\":{\"@id\":\"https:\\\/\\\/www.eldigitaldeasturias.com\\\/noticias\\\/author\\\/admin\\\/#author\"},\"image\":{\"@type\":\"ImageObject\",\"url\":\"https:\\\/\\\/www.eldigitaldeasturias.com\\\/noticias\\\/wp-content\\\/uploads\\\/2021\\\/08\\\/noticias-urgentes.jpg\",\"@id\":\"https:\\\/\\\/www.eldigitaldeasturias.com\\\/noticias\\\/djokovic-sera-deportado-de-australia\\\/#mainImage\",\"width\":640,\"height\":400,\"caption\":\"noticias urgentes\"},\"primaryImageOfPage\":{\"@id\":\"https:\\\/\\\/www.eldigitaldeasturias.com\\\/noticias\\\/djokovic-sera-deportado-de-australia\\\/#mainImage\"},\"datePublished\":\"2022-01-16T15:28:03+01:00\",\"dateModified\":\"2022-01-16T15:28:03+01:00\"},{\"@type\":\"WebSite\",\"@id\":\"https:\\\/\\\/www.eldigitaldeasturias.com\\\/noticias\\\/#website\",\"url\":\"https:\\\/\\\/www.eldigitaldeasturias.com\\\/noticias\\\/\",\"name\":\"El Digital de Asturias - Diario de actualidad y noticias\",\"alternateName\":\"El Digital de Asturias - Diario de actualidad y noticias\",\"description\":\"Hemeroteca\",\"inLanguage\":\"es-ES\",\"publisher\":{\"@id\":\"https:\\\/\\\/www.eldigitaldeasturias.com\\\/noticias\\\/#organization\"}}]}\n\t\t<\/script>\n\t\t<!-- All in One SEO Pro -->\r\n\t\t<title>Djokovic ser\u00e1 deportado de Australia - El Digital de Asturias<\/title>\n\n","aioseo_head_json":{"title":"Djokovic ser\u00e1 deportado de Australia - El Digital de Asturias","description":"El Tribunal Federal de Australia ha rechazado este domingo el recurso final presentado por el tenista Novak Djokovic para quedarse en el pa\u00eds","canonical_url":"https:\/\/www.eldigitaldeasturias.com\/noticias\/djokovic-sera-deportado-de-australia\/","robots":"max-image-preview:large","keywords":"deportes,destacadas","webmasterTools":{"google-site-verification":"UA-38556648-1","msvalidate.01":"7dfe9f3f1b24437ab69f4f2559babe99","miscellaneous":""},"schema":{"@context":"https:\/\/schema.org","@graph":[{"@type":"BlogPosting","@id":"https:\/\/www.eldigitaldeasturias.com\/noticias\/djokovic-sera-deportado-de-australia\/#blogposting","name":"Djokovic ser\u00e1 deportado de Australia - El Digital de Asturias","headline":"Djokovic ser\u00e1 deportado de Australia","author":{"@id":"https:\/\/www.eldigitaldeasturias.com\/noticias\/author\/admin\/#author"},"publisher":{"@id":"https:\/\/www.eldigitaldeasturias.com\/noticias\/#organization"},"image":{"@type":"ImageObject","url":"https:\/\/www.eldigitaldeasturias.com\/noticias\/wp-content\/uploads\/2021\/08\/noticias-urgentes.jpg","width":640,"height":400,"caption":"noticias urgentes"},"datePublished":"2022-01-16T15:28:03+01:00","dateModified":"2022-01-16T15:28:03+01:00","inLanguage":"es-ES","mainEntityOfPage":{"@id":"https:\/\/www.eldigitaldeasturias.com\/noticias\/djokovic-sera-deportado-de-australia\/#webpage"},"isPartOf":{"@id":"https:\/\/www.eldigitaldeasturias.com\/noticias\/djokovic-sera-deportado-de-australia\/#webpage"},"articleSection":"Deportes, Destacadas"},{"@type":"BreadcrumbList","@id":"https:\/\/www.eldigitaldeasturias.com\/noticias\/djokovic-sera-deportado-de-australia\/#breadcrumblist","itemListElement":[{"@type":"ListItem","@id":"https:\/\/www.eldigitaldeasturias.com\/noticias#listItem","position":1,"name":"Home","item":"https:\/\/www.eldigitaldeasturias.com\/noticias","nextItem":{"@type":"ListItem","@id":"https:\/\/www.eldigitaldeasturias.com\/noticias\/category\/destacadas\/#listItem","name":"Destacadas"}},{"@type":"ListItem","@id":"https:\/\/www.eldigitaldeasturias.com\/noticias\/category\/destacadas\/#listItem","position":2,"name":"Destacadas","item":"https:\/\/www.eldigitaldeasturias.com\/noticias\/category\/destacadas\/","nextItem":{"@type":"ListItem","@id":"https:\/\/www.eldigitaldeasturias.com\/noticias\/djokovic-sera-deportado-de-australia\/#listItem","name":"Djokovic ser\u00e1 deportado de Australia"},"previousItem":{"@type":"ListItem","@id":"https:\/\/www.eldigitaldeasturias.com\/noticias#listItem","name":"Home"}},{"@type":"ListItem","@id":"https:\/\/www.eldigitaldeasturias.com\/noticias\/djokovic-sera-deportado-de-australia\/#listItem","position":3,"name":"Djokovic ser\u00e1 deportado de Australia","previousItem":{"@type":"ListItem","@id":"https:\/\/www.eldigitaldeasturias.com\/noticias\/category\/destacadas\/#listItem","name":"Destacadas"}}]},{"@type":"Organization","@id":"https:\/\/www.eldigitaldeasturias.com\/noticias\/#organization","name":"El Digital de Asturias","description":"Hemeroteca","url":"https:\/\/www.eldigitaldeasturias.com\/noticias\/","email":"info@eldigitaldeasturias.com","telephone":"+34652131393","logo":{"@type":"ImageObject","url":"https:\/\/www.eldigitaldeasturias.com\/noticias\/wp-content\/uploads\/2020\/12\/EDA.jpg","@id":"https:\/\/www.eldigitaldeasturias.com\/noticias\/djokovic-sera-deportado-de-australia\/#organizationLogo","width":649,"height":297},"image":{"@id":"https:\/\/www.eldigitaldeasturias.com\/noticias\/djokovic-sera-deportado-de-australia\/#organizationLogo"},"sameAs":["https:\/\/facebook.com\/eldigitaldeasturias","https:\/\/www.youtube.com\/channel\/UCZP-2wLEB9Rv6erhFmqVnvg"],"address":{"@id":"https:\/\/www.eldigitaldeasturias.com\/noticias\/#postaladdress","@type":"PostalAddress","streetAddress":"san antonio 4,","postalCode":"33430","addressLocality":"Cand\u00e1s","addressRegion":"Asturias","addressCountry":"ES"}},{"@type":"Person","@id":"https:\/\/www.eldigitaldeasturias.com\/noticias\/author\/admin\/#author","url":"https:\/\/www.eldigitaldeasturias.com\/noticias\/author\/admin\/","name":"El Digital de Asturias","image":{"@type":"ImageObject","@id":"https:\/\/www.eldigitaldeasturias.com\/noticias\/djokovic-sera-deportado-de-australia\/#authorImage","url":"https:\/\/www.eldigitaldeasturias.com\/noticias\/wp-content\/litespeed\/avatar\/18677e78aa0546b92d9dbf31ec7d7668.jpg?ver=1777290358","width":96,"height":96,"caption":"El Digital de Asturias"}},{"@type":"WebPage","@id":"https:\/\/www.eldigitaldeasturias.com\/noticias\/djokovic-sera-deportado-de-australia\/#webpage","url":"https:\/\/www.eldigitaldeasturias.com\/noticias\/djokovic-sera-deportado-de-australia\/","name":"Djokovic ser\u00e1 deportado de Australia - El Digital de Asturias","description":"El Tribunal Federal de Australia ha rechazado este domingo el recurso final presentado por el tenista Novak Djokovic para quedarse en el pa\u00eds","inLanguage":"es-ES","isPartOf":{"@id":"https:\/\/www.eldigitaldeasturias.com\/noticias\/#website"},"breadcrumb":{"@id":"https:\/\/www.eldigitaldeasturias.com\/noticias\/djokovic-sera-deportado-de-australia\/#breadcrumblist"},"author":{"@id":"https:\/\/www.eldigitaldeasturias.com\/noticias\/author\/admin\/#author"},"creator":{"@id":"https:\/\/www.eldigitaldeasturias.com\/noticias\/author\/admin\/#author"},"image":{"@type":"ImageObject","url":"https:\/\/www.eldigitaldeasturias.com\/noticias\/wp-content\/uploads\/2021\/08\/noticias-urgentes.jpg","@id":"https:\/\/www.eldigitaldeasturias.com\/noticias\/djokovic-sera-deportado-de-australia\/#mainImage","width":640,"height":400,"caption":"noticias urgentes"},"primaryImageOfPage":{"@id":"https:\/\/www.eldigitaldeasturias.com\/noticias\/djokovic-sera-deportado-de-australia\/#mainImage"},"datePublished":"2022-01-16T15:28:03+01:00","dateModified":"2022-01-16T15:28:03+01:00"},{"@type":"WebSite","@id":"https:\/\/www.eldigitaldeasturias.com\/noticias\/#website","url":"https:\/\/www.eldigitaldeasturias.com\/noticias\/","name":"El Digital de Asturias - Diario de actualidad y noticias","alternateName":"El Digital de Asturias - Diario de actualidad y noticias","description":"Hemeroteca","inLanguage":"es-ES","publisher":{"@id":"https:\/\/www.eldigitaldeasturias.com\/noticias\/#organization"}}]},"og:locale":"es_ES","og:site_name":"El Digital de Asturias","og:type":"article","og:title":"Djokovic ser\u00e1 deportado de Australia - El Digital de Asturias","og:description":"El Tribunal Federal de Australia ha rechazado este domingo el recurso final presentado por el tenista Novak Djokovic para quedarse en el pa\u00eds","og:url":"https:\/\/www.eldigitaldeasturias.com\/noticias\/djokovic-sera-deportado-de-australia\/","og:image":"https:\/\/www.eldigitaldeasturias.com\/noticias\/wp-content\/uploads\/2021\/08\/noticias-urgentes.jpg","og:image:secure_url":"https:\/\/www.eldigitaldeasturias.com\/noticias\/wp-content\/uploads\/2021\/08\/noticias-urgentes.jpg","og:image:width":640,"og:image:height":400,"article:tag":["deportes","destacadas"],"article:published_time":"2022-01-16T14:28:03+00:00","article:modified_time":"2022-01-16T14:28:03+00:00","article:publisher":"https:\/\/facebook.com\/eldigitaldeasturias","twitter:card":"summary_large_image","twitter:title":"Djokovic ser\u00e1 deportado de Australia - El Digital de Asturias","twitter:description":"El Tribunal Federal de Australia ha rechazado este domingo el recurso final presentado por el tenista Novak Djokovic para quedarse en el pa\u00eds","twitter:image":"https:\/\/www.eldigitaldeasturias.com\/noticias\/wp-content\/uploads\/2021\/08\/noticias-urgentes.jpg","twitter:label1":"Escrito por","twitter:data1":"El Digital de Asturias","twitter:label2":"Tiempo de lectura estimado","twitter:data2":"4 minutos"},"aioseo_meta_data":{"post_id":"1104772","title":null,"description":"El Tribunal Federal de Australia ha rechazado este domingo el recurso final presentado por el tenista Novak Djokovic para quedarse en el pa\u00eds &nbsp;","keywords":[],"keyphrases":{"focus":{"keyphrase":"Djokovic","score":89,"analysis":{"keyphraseInTitle":{"title":"Focus keyphrase in SEO title","description":"Focus keyphrase found in SEO title.","score":9,"maxScore":9,"error":0},"keyphraseInDescription":{"title":"Focus keyphrase in meta description","description":"Focus keyphrase found in meta description.","score":9,"maxScore":9,"error":0},"keyphraseInURL":[],"keyphraseLength":{"title":"Focus keyphrase length","description":"Good job!","score":9,"maxScore":9,"error":0,"length":1},"keyphraseInIntroduction":{"title":"Focus keyphrase in introduction","description":"Your Focus keyphrase appears in the first paragraph. Well done!","score":9,"maxScore":9,"error":0},"keyphraseInSubHeadings":{"title":"Focus keyphrase in Subheadings","description":"Your H2 and H3 subheadings reflects the topic of your copy. Good job!","score":9,"maxScore":9,"error":0},"keyphraseInImageAlt":{"title":"Focus keyphrase in image alt attributes","description":"Focus keyphrase not found in image alt attribute(s). Add an image with your Focus keyphrase as alt text.","score":3,"maxScore":9,"error":1}}},"additional":[{"keyphrase":"Novak Djokovic","score":83,"analysis":{"keyphraseInDescription":{"title":"Keyphrase in meta description","description":"Keyphrase found in meta description.","score":9,"maxScore":9,"error":0},"keyphraseLength":{"title":"Keyphrase length","description":"Good job!","score":9,"maxScore":9,"error":0,"length":2},"keyphraseInIntroduction":{"title":"Keyphrase in introduction","description":"Your Keyphrase appears in the first paragraph. Well done!","score":9,"maxScore":9,"error":0},"keyphraseInImageAlt":{"title":"Keyphrase in image alt attributes","description":"Keyphrase not found in image alt attribute(s). Add an image with your Keyphrase as alt text.","score":3,"maxScore":9,"error":1}}},{"keyphrase":" Australia","score":100,"analysis":{"keyphraseInDescription":{"title":"Keyphrase in meta description","description":"Keyphrase found in meta description.","score":9,"maxScore":9,"error":0},"keyphraseLength":{"title":"Keyphrase length","description":"Good job!","score":9,"maxScore":9,"error":0,"length":1},"keyphraseInIntroduction":{"title":"Keyphrase in introduction","description":"Your Keyphrase appears in the first paragraph. Well done!","score":9,"maxScore":9,"error":0},"keyphraseInImageAlt":{"title":"Keyphrase in image alt attributes","description":"Keyphrase found in image alt attribute(s).","score":9,"maxScore":9,"error":0}}}]},"primary_term":null,"canonical_url":null,"og_title":null,"og_description":null,"og_object_type":"default","og_image_type":"default","og_image_url":null,"og_image_width":null,"og_image_height":null,"og_image_custom_url":null,"og_image_custom_fields":null,"og_video":"","og_custom_url":null,"og_article_section":null,"og_article_tags":[],"twitter_use_og":false,"twitter_card":"default","twitter_image_type":"default","twitter_image_url":null,"twitter_image_custom_url":null,"twitter_image_custom_fields":null,"twitter_title":null,"twitter_description":null,"schema":{"blockGraphs":[],"customGraphs":[],"default":{"data":{"Article":[],"Course":[],"Dataset":[],"FAQPage":[],"Movie":[],"Person":[],"Product":[],"ProductReview":[],"Car":[],"Recipe":[],"Service":[],"SoftwareApplication":[],"WebPage":[]},"graphName":"","isEnabled":true},"graphs":[]},"schema_type":"default","schema_type_options":"{\"article\":{\"articleType\":\"BlogPosting\"},\"course\":{\"name\":\"\",\"description\":\"\",\"provider\":\"\"},\"faq\":{\"pages\":[]},\"product\":{\"reviews\":[]},\"recipe\":{\"ingredients\":[],\"instructions\":[],\"keywords\":[]},\"software\":{\"reviews\":[],\"operatingSystems\":[]},\"webPage\":{\"webPageType\":\"WebPage\"}}","pillar_content":false,"robots_default":true,"robots_noindex":false,"robots_noarchive":false,"robots_nosnippet":false,"robots_nofollow":false,"robots_noimageindex":false,"robots_noodp":false,"robots_notranslate":false,"robots_max_snippet":"-1","robots_max_videopreview":"-1","robots_max_imagepreview":"large","priority":null,"frequency":"default","local_seo":null,"seo_analyzer_scan_date":"2025-09-23 18:46:29","breadcrumb_settings":null,"limit_modified_date":false,"open_ai":null,"ai":null,"created":"2022-01-16 14:24:29","updated":"2025-09-24 10:30:25"},"aioseo_breadcrumb":"<div class=\"aioseo-breadcrumbs\"><span class=\"aioseo-breadcrumb\">\n\t<a href=\"https:\/\/www.eldigitaldeasturias.com\/noticias\" title=\"Home\">Home<\/a>\n<\/span><span class=\"aioseo-breadcrumb-separator\">\u2013<\/span><span class=\"aioseo-breadcrumb\">\n\t<a href=\"https:\/\/www.eldigitaldeasturias.com\/noticias\/category\/destacadas\/\" title=\"Destacadas\">Destacadas<\/a>\n<\/span><span class=\"aioseo-breadcrumb-separator\">\u2013<\/span><span class=\"aioseo-breadcrumb\">\n\t<a href=\"https:\/\/www.eldigitaldeasturias.com\/noticias\/djokovic-sera-deportado-de-australia\/\" title=\"Djokovic ser\u00e1 deportado de Australia\">Djokovic ser\u00e1 deportado de Australia<\/a>\n<\/span><\/div>","aioseo_breadcrumb_json":[{"label":"Home","link":"https:\/\/www.eldigitaldeasturias.com\/noticias"},{"label":"Destacadas","link":"https:\/\/www.eldigitaldeasturias.com\/noticias\/category\/destacadas\/"},{"label":"Djokovic ser\u00e1 deportado de Australia","link":"https:\/\/www.eldigitaldeasturias.com\/noticias\/djokovic-sera-deportado-de-australia\/"}],"_links":{"self":[{"href":"https:\/\/www.eldigitaldeasturias.com\/noticias\/wp-json\/wp\/v2\/posts\/1104772","targetHints":{"allow":["GET"]}}],"collection":[{"href":"https:\/\/www.eldigitaldeasturias.com\/noticias\/wp-json\/wp\/v2\/posts"}],"about":[{"href":"https:\/\/www.eldigitaldeasturias.com\/noticias\/wp-json\/wp\/v2\/types\/post"}],"author":[{"embeddable":true,"href":"https:\/\/www.eldigitaldeasturias.com\/noticias\/wp-json\/wp\/v2\/users\/1"}],"replies":[{"embeddable":true,"href":"https:\/\/www.eldigitaldeasturias.com\/noticias\/wp-json\/wp\/v2\/comments?post=1104772"}],"version-history":[{"count":0,"href":"https:\/\/www.eldigitaldeasturias.com\/noticias\/wp-json\/wp\/v2\/posts\/1104772\/revisions"}],"wp:featuredmedia":[{"embeddable":true,"href":"https:\/\/www.eldigitaldeasturias.com\/noticias\/wp-json\/wp\/v2\/media\/1097055"}],"wp:attachment":[{"href":"https:\/\/www.eldigitaldeasturias.com\/noticias\/wp-json\/wp\/v2\/media?parent=1104772"}],"wp:term":[{"taxonomy":"category","embeddable":true,"href":"https:\/\/www.eldigitaldeasturias.com\/noticias\/wp-json\/wp\/v2\/categories?post=1104772"},{"taxonomy":"post_tag","embeddable":true,"href":"https:\/\/www.eldigitaldeasturias.com\/noticias\/wp-json\/wp\/v2\/tags?post=1104772"}],"curies":[{"name":"wp","href":"https:\/\/api.w.org\/{rel}","templated":true}]}}