{"id":1102066,"date":"2021-11-30T15:38:46","date_gmt":"2021-11-30T14:38:46","guid":{"rendered":"https:\/\/www.eldigitaldeasturias.com\/noticias\/?p=1102066"},"modified":"2021-11-30T15:38:46","modified_gmt":"2021-11-30T14:38:46","slug":"rebranding-de-una-marca-por-que-es-necesario","status":"publish","type":"post","link":"https:\/\/www.eldigitaldeasturias.com\/noticias\/rebranding-de-una-marca-por-que-es-necesario\/","title":{"rendered":"Rebranding de una marca, \u00bfpor qu\u00e9 es necesario?"},"content":{"rendered":"<p><span style=\"font-weight: 400;\">Cuando hablamos de <\/span><b>definici\u00f3n de marca<\/b><span style=\"font-weight: 400;\"> nos imaginamos creando una identidad desde cero, d\u00e1ndole forma por primera vez pero, \u00bfqu\u00e9 ocurre si necesitamos una reorganizaci\u00f3n, una nueva imagen a partir del mismo concepto? El rebranding, m\u00e1s introducido en el lenguaje de la mercadotecnia que nunca, es lo que responde a esto.<\/span><\/p>\n<p><img loading=\"lazy\" decoding=\"async\" class=\"aligncenter wp-image-1102067\" src=\"https:\/\/www.eldigitaldeasturias.com\/noticias\/wp-content\/uploads\/2021\/11\/Rebranding-360x239.jpg\" alt=\"Rebranding\" width=\"650\" height=\"431\" srcset=\"https:\/\/www.eldigitaldeasturias.com\/noticias\/wp-content\/uploads\/2021\/11\/Rebranding-360x239.jpg 360w, https:\/\/www.eldigitaldeasturias.com\/noticias\/wp-content\/uploads\/2021\/11\/Rebranding-690x458.jpg 690w, https:\/\/www.eldigitaldeasturias.com\/noticias\/wp-content\/uploads\/2021\/11\/Rebranding-452x300.jpg 452w, https:\/\/www.eldigitaldeasturias.com\/noticias\/wp-content\/uploads\/2021\/11\/Rebranding-768x510.jpg 768w, https:\/\/www.eldigitaldeasturias.com\/noticias\/wp-content\/uploads\/2021\/11\/Rebranding-150x100.jpg 150w, https:\/\/www.eldigitaldeasturias.com\/noticias\/wp-content\/uploads\/2021\/11\/Rebranding-450x299.jpg 450w, https:\/\/www.eldigitaldeasturias.com\/noticias\/wp-content\/uploads\/2021\/11\/Rebranding.jpg 1082w\" sizes=\"auto, (max-width: 650px) 100vw, 650px\" \/><\/p>\n<p><span style=\"font-weight: 400;\">En ocasiones, aunque la <\/span><b>filosof\u00eda de nuestro producto haya funcionado<\/b><span style=\"font-weight: 400;\"> durante a\u00f1os, necesitamos darle un lavado de cara, apostar por algo diferente que atraiga tanto a los viejos usuarios como a los nuevos. Si bien el <\/span><span style=\"color: #ff6600;\"><strong><a style=\"color: #ff6600;\" href=\"https:\/\/mejordigital.com.ar\/diseno-de-logotipo\/\" target=\"_blank\" rel=\"noopener\">dise\u00f1o de logo<\/a><\/strong><\/span><span style=\"font-weight: 400;\"> aqu\u00ed es importante, son muchas las otras cosas que debemos tener en cuenta.<\/span><\/p>\n<h2><b>\u00bfCu\u00e1les son los beneficios del rebranding de una marca?<\/b><\/h2>\n<p><span style=\"font-weight: 400;\">El rebranding de una marca se hace para modificar la identidad de la firma con idea de mejorar la percepci\u00f3n de los usuarios. Impactando en todos los apartados de su organizaci\u00f3n, se hace fundamental para aquellos <\/span><b>negocios que llevan a\u00f1os sin innovar<\/b><span style=\"font-weight: 400;\"> con nada pero, \u00bfqu\u00e9 tipo de beneficios tiene?:<\/span><\/p>\n<h3><b>Mejor percepci\u00f3n del usuario<\/b><\/h3>\n<p><span style=\"font-weight: 400;\">En constante b\u00fasqueda de nuevas emociones y\/o experiencias, el <\/span><span style=\"color: #ff6600;\"><strong><a style=\"color: #ff6600;\" href=\"https:\/\/mejordigital.com.ar\/diseno-de-logotipo\/\" target=\"_blank\" rel=\"noopener\">rebranding identidad de marca<\/a><\/strong><\/span><span style=\"font-weight: 400;\"> mejora lo que el usuario percibe de nosotros. No importa que sea un nuevo cliente o alguien que <\/span><b>compre los productos desde hace a\u00f1os<\/b><span style=\"font-weight: 400;\">, ver algo distinto siempre crea curiosidad y muchas ganas de probarlo.<\/span><\/p>\n<h3><b>Marca la diferencia<\/b><\/h3>\n<p><span style=\"font-weight: 400;\">\u00bfSabes cu\u00e1ntas firmas de tu competencia querr\u00e1n copiarte la idea? En el momento en que vean que tu nueva imagen est\u00e1 funcionando <\/span><b>sabr\u00e1n que a ellos tambi\u00e9n les toca innovar <\/b><span style=\"font-weight: 400;\">pero t\u00fa, durante la siguiente temporada, estar\u00e1s marcando la diferencia. \u00a1No te quedes sin ver lo mucho que gustas!<\/span><\/p>\n<h3><b>Sensaci\u00f3n de impacto<\/b><\/h3>\n<p><span style=\"font-weight: 400;\">Cuando cambiamos alg\u00fan aspecto de nosotros creamos sensaci\u00f3n de impacto. El simple hecho de ir a la peluquer\u00eda <\/span><b>genera expectativa en los dem\u00e1s<\/b><span style=\"font-weight: 400;\"> en el momento en que nos ven pero, como es l\u00f3gico, seguimos siendo los mismos. En cualquier caso, incluso para aquellos que est\u00e1n acostumbrados a nosotros, tendremos algo nuevo que contar.<\/span><\/p>\n<h3><b>Ganar clientes<\/b><\/h3>\n<p><span style=\"font-weight: 400;\">Aunque las empresas consolidadas gocen de un flujo de clientes importante, nunca est\u00e1 de m\u00e1s contar con algunos nuevos. El rebranding de una marca nos <\/span><b>ayuda con las generaciones que est\u00e1n ahora<\/b><span style=\"font-weight: 400;\">, que igual no conocen nada de lo que hemos hecho anteriormente. \u00bfTe animas con ello?<\/span><\/p>\n<h3><b>Capacidad de adaptaci\u00f3n<\/b><\/h3>\n<p><span style=\"font-weight: 400;\">Son muchas las empresas que, de tener un negocio local en el que se atend\u00eda a las personas de forma f\u00edsica, <\/span><b>se han visto en la estampida de lo online<\/b><span style=\"font-weight: 400;\"> y, en base a esto, deben redise\u00f1ar toda su imagen. El rebranding aqu\u00ed sirve como se\u00f1al de que hay una capacidad de adaptaci\u00f3n a las nuevas formas de consumo. \u00a1No lo dejes para ma\u00f1ana!<\/span><\/p>\n<h3><b>Se\u00f1al de confianza<\/b><\/h3>\n<p><span style=\"font-weight: 400;\">Cuando una empresa <\/span><b>dice s\u00ed a cambiar toda su identidad<\/b><span style=\"font-weight: 400;\"> de marca genera bastante confianza en s\u00ed misma. Lejos de pensar que los viejos clientes nos dar\u00e1n de lado, al ver que tu negocio se atreve con algo nuevo sabr\u00e1n que contigo siempre existe la posibilidad de innovaci\u00f3n y\/o cambiar hacia algo que merece la pena.<\/span><\/p>\n<h2><b>Mejor Digital, la Agencia de rebranding en Argentina que estabas esperando<\/b><\/h2>\n<p><span style=\"font-weight: 400;\">Ahora que sabemos la <\/span><b>importancia del rebranding<\/b><span style=\"font-weight: 400;\"> para cualquier negocio que se precie, igual te est\u00e1s preguntando qu\u00e9 tipo de compa\u00f1\u00eda estar\u00eda dispuesta a hacerte un dise\u00f1o de campa\u00f1a desde cero. <\/span><b>Agencia Mejor Digital<\/b><span style=\"font-weight: 400;\">, certificados por los m\u00e1ximos referentes en el sector como Google, Facebook, MercadoLibre, Woorank, Bing y Tiendanube, se ha consagrado en Argentina por delante de muchos de sus competidores.<\/span><\/p>\n<p><span style=\"font-weight: 400;\">Como <\/span><span style=\"color: #ff6600;\"><strong><a style=\"color: #ff6600;\" href=\"https:\/\/mejordigital.com.ar\/\" target=\"_blank\" rel=\"noopener\">agencia de marketing digital<\/a><\/strong><\/span><span style=\"font-weight: 400;\"> que lleva a\u00f1os en el sector, sabe que el redise\u00f1o de una marca -incluso cuando \u00e9sta ya es reconocida en su mercado- se hace <\/span><b>fundamental a partir de cierto tiempo<\/b><span style=\"font-weight: 400;\"> y es por ello que ha invertido toda su formaci\u00f3n en crear nuevas im\u00e1genes de empresas.<\/span><\/p>\n<p><span style=\"font-weight: 400;\">Trabajando con todas las <\/span><b>t\u00e9cnicas que se puedan imaginar<\/b><span style=\"font-weight: 400;\">, la pasi\u00f3n que ponen en cada cliente unida a la experiencia despu\u00e9s de tanto tiempo de dedicaci\u00f3n, es lo que caracteriza al equipo de Agencia Mejor Digital. Siempre estudiando el caso particular de cada uno de nuestros suscriptores, conseguimos que llegue a lo m\u00e1s alto.<\/span><\/p>\n<p><span style=\"font-weight: 400;\">Como vemos, el <\/span><b>rebranding es una forma de oxigenar nuestra imagen<\/b><span style=\"font-weight: 400;\"> de marca hasta el punto en que podemos crear una nueva identidad para ella. Hecho para que los clientes se animen a probar cosas nuevas, tambi\u00e9n nos sirve como sello de diferenciaci\u00f3n para aquellos que trabajan con nuestros mismos productos.<\/span><\/p>\n<p><b>Agencia Mejor Digital<\/b><span style=\"font-weight: 400;\">, que adem\u00e1s de dise\u00f1ar de nuevo lo que tu empresa quiere decir a los dem\u00e1s, tambi\u00e9n te hace promoci\u00f3n de <\/span><span style=\"color: #ff6600;\"><strong><a style=\"color: #ff6600;\" href=\"https:\/\/mejordigital.com.ar\/community-manager-redes-sociales\/\" target=\"_blank\" rel=\"noopener\">social media marketing<\/a><\/strong><\/span><span style=\"font-weight: 400;\"> para que tu nuevo concepto llegue al mayor volumen de p\u00fablico posible. En Mejor Digital se ocupan de todo, estudian e implementan las mejores estrategias para buscar el crecimiento sostenido de las empresas, que cuentan con consultor\u00eda t\u00e9cnica especializada, dise\u00f1o e identidad profesional, an\u00e1lisis de situaci\u00f3n y reuniones estrat\u00e9gicas de progreso. Con los mejores profesionales a tu alcance, seguro que pronto eres la envidia de tu competencia.<\/span><\/p>\n<p><span style=\"font-weight: 400;\">\u00a1Ya lo sabes! Si has notado unas <\/span><b>bajadas significativas en la conversi\u00f3n<\/b><span style=\"font-weight: 400;\"> y\/o venta de tus productos puede que sea porque necesitas un cambio que rompa con todo lo que hab\u00edas hecho hasta ahora. El branding, como t\u00e9cnica que funciona, puede que sea eso que durante tanto tiempo has estado esperando.<\/span><\/p>\n","protected":false},"excerpt":{"rendered":"<p>Cuando hablamos de definici\u00f3n de marca nos imaginamos creando una identidad desde cero, d\u00e1ndole forma por primera vez pero, \u00bfqu\u00e9 ocurre si necesitamos una reorganizaci\u00f3n, una nueva imagen a partir del mismo concepto? El rebranding, m\u00e1s introducido en el lenguaje de la mercadotecnia que nunca, es lo que responde a esto. En ocasiones, aunque la [&hellip;]<\/p>\n","protected":false},"author":1,"featured_media":1102067,"comment_status":"closed","ping_status":"closed","sticky":false,"template":"","format":"standard","meta":{"footnotes":""},"categories":[219],"tags":[],"class_list":["post-1102066","post","type-post","status-publish","format-standard","has-post-thumbnail","hentry","category-negocios-y-empresas"],"aioseo_notices":[],"aioseo_head":"\n\t\t<!-- All in One SEO Pro 4.9.6.2 - aioseo.com -->\n\t<meta name=\"description\" content=\"Cuando hablamos de definici\u00f3n de marca nos imaginamos creando una identidad desde cero, d\u00e1ndole forma por primera vez pero ..\" \/>\n\t<meta name=\"robots\" content=\"max-image-preview:large\" \/>\n\t<meta name=\"author\" content=\"El Digital de Asturias\"\/>\n\t<meta name=\"google-site-verification\" content=\"UA-38556648-1\" \/>\n\t<meta name=\"msvalidate.01\" content=\"7dfe9f3f1b24437ab69f4f2559babe99\" \/>\n\t<meta name=\"keywords\" content=\"negocios y empresas\" \/>\n\t<link rel=\"canonical\" href=\"https:\/\/www.eldigitaldeasturias.com\/noticias\/rebranding-de-una-marca-por-que-es-necesario\/\" \/>\n\t<meta name=\"generator\" content=\"All in One SEO Pro (AIOSEO) 4.9.6.2\" \/>\n\t\t<meta property=\"og:locale\" content=\"es_ES\" \/>\n\t\t<meta property=\"og:site_name\" content=\"El Digital de Asturias\" \/>\n\t\t<meta property=\"og:type\" content=\"article\" \/>\n\t\t<meta property=\"og:title\" content=\"Rebranding de una marca, \u00bfpor qu\u00e9 es necesario? - El Digital de Asturias\" \/>\n\t\t<meta property=\"og:description\" content=\"Cuando hablamos de definici\u00f3n de marca nos imaginamos creando una identidad desde cero, d\u00e1ndole forma por primera vez pero ..\" \/>\n\t\t<meta property=\"og:url\" content=\"https:\/\/www.eldigitaldeasturias.com\/noticias\/rebranding-de-una-marca-por-que-es-necesario\/\" \/>\n\t\t<meta property=\"og:image\" content=\"https:\/\/www.eldigitaldeasturias.com\/noticias\/wp-content\/uploads\/2021\/11\/Rebranding.jpg\" \/>\n\t\t<meta property=\"og:image:secure_url\" content=\"https:\/\/www.eldigitaldeasturias.com\/noticias\/wp-content\/uploads\/2021\/11\/Rebranding.jpg\" \/>\n\t\t<meta property=\"og:image:width\" content=\"1082\" \/>\n\t\t<meta property=\"og:image:height\" content=\"718\" \/>\n\t\t<meta property=\"article:tag\" content=\"negocios y empresas\" \/>\n\t\t<meta property=\"article:published_time\" content=\"2021-11-30T14:38:46+00:00\" \/>\n\t\t<meta property=\"article:modified_time\" content=\"2021-11-30T14:38:46+00:00\" \/>\n\t\t<meta property=\"article:publisher\" content=\"https:\/\/facebook.com\/eldigitaldeasturias\" \/>\n\t\t<meta name=\"twitter:card\" content=\"summary_large_image\" \/>\n\t\t<meta name=\"twitter:title\" content=\"Rebranding de una marca, \u00bfpor qu\u00e9 es necesario? - El Digital de Asturias\" \/>\n\t\t<meta name=\"twitter:description\" content=\"Cuando hablamos de definici\u00f3n de marca nos imaginamos creando una identidad desde cero, d\u00e1ndole forma por primera vez pero ..\" \/>\n\t\t<meta name=\"twitter:image\" content=\"https:\/\/www.eldigitaldeasturias.com\/noticias\/wp-content\/uploads\/2021\/11\/Rebranding.jpg\" \/>\n\t\t<meta name=\"twitter:label1\" content=\"Escrito por\" \/>\n\t\t<meta name=\"twitter:data1\" content=\"El Digital de Asturias\" \/>\n\t\t<meta name=\"twitter:label2\" content=\"Tiempo de lectura estimado\" \/>\n\t\t<meta name=\"twitter:data2\" content=\"5 minutos\" \/>\n\t\t<script type=\"application\/ld+json\" class=\"aioseo-schema\">\n\t\t\t{\"@context\":\"https:\\\/\\\/schema.org\",\"@graph\":[{\"@type\":\"BlogPosting\",\"@id\":\"https:\\\/\\\/www.eldigitaldeasturias.com\\\/noticias\\\/rebranding-de-una-marca-por-que-es-necesario\\\/#blogposting\",\"name\":\"Rebranding de una marca, \\u00bfpor qu\\u00e9 es necesario? - El Digital de Asturias\",\"headline\":\"Rebranding de una marca, \\u00bfpor qu\\u00e9 es necesario?\",\"author\":{\"@id\":\"https:\\\/\\\/www.eldigitaldeasturias.com\\\/noticias\\\/author\\\/admin\\\/#author\"},\"publisher\":{\"@id\":\"https:\\\/\\\/www.eldigitaldeasturias.com\\\/noticias\\\/#organization\"},\"image\":{\"@type\":\"ImageObject\",\"url\":\"https:\\\/\\\/www.eldigitaldeasturias.com\\\/noticias\\\/wp-content\\\/uploads\\\/2021\\\/11\\\/Rebranding.jpg\",\"width\":1082,\"height\":718,\"caption\":\"Rebranding\"},\"datePublished\":\"2021-11-30T15:38:46+01:00\",\"dateModified\":\"2021-11-30T15:38:46+01:00\",\"inLanguage\":\"es-ES\",\"mainEntityOfPage\":{\"@id\":\"https:\\\/\\\/www.eldigitaldeasturias.com\\\/noticias\\\/rebranding-de-una-marca-por-que-es-necesario\\\/#webpage\"},\"isPartOf\":{\"@id\":\"https:\\\/\\\/www.eldigitaldeasturias.com\\\/noticias\\\/rebranding-de-una-marca-por-que-es-necesario\\\/#webpage\"},\"articleSection\":\"Negocios y Empresas\"},{\"@type\":\"BreadcrumbList\",\"@id\":\"https:\\\/\\\/www.eldigitaldeasturias.com\\\/noticias\\\/rebranding-de-una-marca-por-que-es-necesario\\\/#breadcrumblist\",\"itemListElement\":[{\"@type\":\"ListItem\",\"@id\":\"https:\\\/\\\/www.eldigitaldeasturias.com\\\/noticias#listItem\",\"position\":1,\"name\":\"Home\",\"item\":\"https:\\\/\\\/www.eldigitaldeasturias.com\\\/noticias\",\"nextItem\":{\"@type\":\"ListItem\",\"@id\":\"https:\\\/\\\/www.eldigitaldeasturias.com\\\/noticias\\\/category\\\/negocios-y-empresas\\\/#listItem\",\"name\":\"Negocios y Empresas\"}},{\"@type\":\"ListItem\",\"@id\":\"https:\\\/\\\/www.eldigitaldeasturias.com\\\/noticias\\\/category\\\/negocios-y-empresas\\\/#listItem\",\"position\":2,\"name\":\"Negocios y Empresas\",\"item\":\"https:\\\/\\\/www.eldigitaldeasturias.com\\\/noticias\\\/category\\\/negocios-y-empresas\\\/\",\"nextItem\":{\"@type\":\"ListItem\",\"@id\":\"https:\\\/\\\/www.eldigitaldeasturias.com\\\/noticias\\\/rebranding-de-una-marca-por-que-es-necesario\\\/#listItem\",\"name\":\"Rebranding de una marca, \\u00bfpor qu\\u00e9 es necesario?\"},\"previousItem\":{\"@type\":\"ListItem\",\"@id\":\"https:\\\/\\\/www.eldigitaldeasturias.com\\\/noticias#listItem\",\"name\":\"Home\"}},{\"@type\":\"ListItem\",\"@id\":\"https:\\\/\\\/www.eldigitaldeasturias.com\\\/noticias\\\/rebranding-de-una-marca-por-que-es-necesario\\\/#listItem\",\"position\":3,\"name\":\"Rebranding de una marca, \\u00bfpor qu\\u00e9 es necesario?\",\"previousItem\":{\"@type\":\"ListItem\",\"@id\":\"https:\\\/\\\/www.eldigitaldeasturias.com\\\/noticias\\\/category\\\/negocios-y-empresas\\\/#listItem\",\"name\":\"Negocios y Empresas\"}}]},{\"@type\":\"Organization\",\"@id\":\"https:\\\/\\\/www.eldigitaldeasturias.com\\\/noticias\\\/#organization\",\"name\":\"El Digital de Asturias\",\"description\":\"Hemeroteca\",\"url\":\"https:\\\/\\\/www.eldigitaldeasturias.com\\\/noticias\\\/\",\"email\":\"info@eldigitaldeasturias.com\",\"telephone\":\"+34652131393\",\"logo\":{\"@type\":\"ImageObject\",\"url\":\"https:\\\/\\\/www.eldigitaldeasturias.com\\\/noticias\\\/wp-content\\\/uploads\\\/2020\\\/12\\\/EDA.jpg\",\"@id\":\"https:\\\/\\\/www.eldigitaldeasturias.com\\\/noticias\\\/rebranding-de-una-marca-por-que-es-necesario\\\/#organizationLogo\",\"width\":649,\"height\":297},\"image\":{\"@id\":\"https:\\\/\\\/www.eldigitaldeasturias.com\\\/noticias\\\/rebranding-de-una-marca-por-que-es-necesario\\\/#organizationLogo\"},\"sameAs\":[\"https:\\\/\\\/facebook.com\\\/eldigitaldeasturias\",\"https:\\\/\\\/www.youtube.com\\\/channel\\\/UCZP-2wLEB9Rv6erhFmqVnvg\"],\"address\":{\"@id\":\"https:\\\/\\\/www.eldigitaldeasturias.com\\\/noticias\\\/#postaladdress\",\"@type\":\"PostalAddress\",\"streetAddress\":\"san antonio 4,\",\"postalCode\":\"33430\",\"addressLocality\":\"Cand\\u00e1s\",\"addressRegion\":\"Asturias\",\"addressCountry\":\"ES\"}},{\"@type\":\"Person\",\"@id\":\"https:\\\/\\\/www.eldigitaldeasturias.com\\\/noticias\\\/author\\\/admin\\\/#author\",\"url\":\"https:\\\/\\\/www.eldigitaldeasturias.com\\\/noticias\\\/author\\\/admin\\\/\",\"name\":\"El Digital de Asturias\",\"image\":{\"@type\":\"ImageObject\",\"@id\":\"https:\\\/\\\/www.eldigitaldeasturias.com\\\/noticias\\\/rebranding-de-una-marca-por-que-es-necesario\\\/#authorImage\",\"url\":\"https:\\\/\\\/www.eldigitaldeasturias.com\\\/noticias\\\/wp-content\\\/litespeed\\\/avatar\\\/18677e78aa0546b92d9dbf31ec7d7668.jpg?ver=1777290358\",\"width\":96,\"height\":96,\"caption\":\"El Digital de Asturias\"}},{\"@type\":\"WebPage\",\"@id\":\"https:\\\/\\\/www.eldigitaldeasturias.com\\\/noticias\\\/rebranding-de-una-marca-por-que-es-necesario\\\/#webpage\",\"url\":\"https:\\\/\\\/www.eldigitaldeasturias.com\\\/noticias\\\/rebranding-de-una-marca-por-que-es-necesario\\\/\",\"name\":\"Rebranding de una marca, \\u00bfpor qu\\u00e9 es necesario? - El Digital de Asturias\",\"description\":\"Cuando hablamos de definici\\u00f3n de marca nos imaginamos creando una identidad desde cero, d\\u00e1ndole forma por primera vez pero ..\",\"inLanguage\":\"es-ES\",\"isPartOf\":{\"@id\":\"https:\\\/\\\/www.eldigitaldeasturias.com\\\/noticias\\\/#website\"},\"breadcrumb\":{\"@id\":\"https:\\\/\\\/www.eldigitaldeasturias.com\\\/noticias\\\/rebranding-de-una-marca-por-que-es-necesario\\\/#breadcrumblist\"},\"author\":{\"@id\":\"https:\\\/\\\/www.eldigitaldeasturias.com\\\/noticias\\\/author\\\/admin\\\/#author\"},\"creator\":{\"@id\":\"https:\\\/\\\/www.eldigitaldeasturias.com\\\/noticias\\\/author\\\/admin\\\/#author\"},\"image\":{\"@type\":\"ImageObject\",\"url\":\"https:\\\/\\\/www.eldigitaldeasturias.com\\\/noticias\\\/wp-content\\\/uploads\\\/2021\\\/11\\\/Rebranding.jpg\",\"@id\":\"https:\\\/\\\/www.eldigitaldeasturias.com\\\/noticias\\\/rebranding-de-una-marca-por-que-es-necesario\\\/#mainImage\",\"width\":1082,\"height\":718,\"caption\":\"Rebranding\"},\"primaryImageOfPage\":{\"@id\":\"https:\\\/\\\/www.eldigitaldeasturias.com\\\/noticias\\\/rebranding-de-una-marca-por-que-es-necesario\\\/#mainImage\"},\"datePublished\":\"2021-11-30T15:38:46+01:00\",\"dateModified\":\"2021-11-30T15:38:46+01:00\"},{\"@type\":\"WebSite\",\"@id\":\"https:\\\/\\\/www.eldigitaldeasturias.com\\\/noticias\\\/#website\",\"url\":\"https:\\\/\\\/www.eldigitaldeasturias.com\\\/noticias\\\/\",\"name\":\"El Digital de Asturias - Diario de actualidad y noticias\",\"alternateName\":\"El Digital de Asturias - Diario de actualidad y noticias\",\"description\":\"Hemeroteca\",\"inLanguage\":\"es-ES\",\"publisher\":{\"@id\":\"https:\\\/\\\/www.eldigitaldeasturias.com\\\/noticias\\\/#organization\"}}]}\n\t\t<\/script>\n\t\t<!-- All in One SEO Pro -->\r\n\t\t<title>Rebranding de una marca, \u00bfpor qu\u00e9 es necesario? - El Digital de Asturias<\/title>\n\n","aioseo_head_json":{"title":"Rebranding de una marca, \u00bfpor qu\u00e9 es necesario? - El Digital de Asturias","description":"Cuando hablamos de definici\u00f3n de marca nos imaginamos creando una identidad desde cero, d\u00e1ndole forma por primera vez pero ..","canonical_url":"https:\/\/www.eldigitaldeasturias.com\/noticias\/rebranding-de-una-marca-por-que-es-necesario\/","robots":"max-image-preview:large","keywords":"negocios y empresas","webmasterTools":{"google-site-verification":"UA-38556648-1","msvalidate.01":"7dfe9f3f1b24437ab69f4f2559babe99","miscellaneous":""},"schema":{"@context":"https:\/\/schema.org","@graph":[{"@type":"BlogPosting","@id":"https:\/\/www.eldigitaldeasturias.com\/noticias\/rebranding-de-una-marca-por-que-es-necesario\/#blogposting","name":"Rebranding de una marca, \u00bfpor qu\u00e9 es necesario? - El Digital de Asturias","headline":"Rebranding de una marca, \u00bfpor qu\u00e9 es necesario?","author":{"@id":"https:\/\/www.eldigitaldeasturias.com\/noticias\/author\/admin\/#author"},"publisher":{"@id":"https:\/\/www.eldigitaldeasturias.com\/noticias\/#organization"},"image":{"@type":"ImageObject","url":"https:\/\/www.eldigitaldeasturias.com\/noticias\/wp-content\/uploads\/2021\/11\/Rebranding.jpg","width":1082,"height":718,"caption":"Rebranding"},"datePublished":"2021-11-30T15:38:46+01:00","dateModified":"2021-11-30T15:38:46+01:00","inLanguage":"es-ES","mainEntityOfPage":{"@id":"https:\/\/www.eldigitaldeasturias.com\/noticias\/rebranding-de-una-marca-por-que-es-necesario\/#webpage"},"isPartOf":{"@id":"https:\/\/www.eldigitaldeasturias.com\/noticias\/rebranding-de-una-marca-por-que-es-necesario\/#webpage"},"articleSection":"Negocios y Empresas"},{"@type":"BreadcrumbList","@id":"https:\/\/www.eldigitaldeasturias.com\/noticias\/rebranding-de-una-marca-por-que-es-necesario\/#breadcrumblist","itemListElement":[{"@type":"ListItem","@id":"https:\/\/www.eldigitaldeasturias.com\/noticias#listItem","position":1,"name":"Home","item":"https:\/\/www.eldigitaldeasturias.com\/noticias","nextItem":{"@type":"ListItem","@id":"https:\/\/www.eldigitaldeasturias.com\/noticias\/category\/negocios-y-empresas\/#listItem","name":"Negocios y Empresas"}},{"@type":"ListItem","@id":"https:\/\/www.eldigitaldeasturias.com\/noticias\/category\/negocios-y-empresas\/#listItem","position":2,"name":"Negocios y Empresas","item":"https:\/\/www.eldigitaldeasturias.com\/noticias\/category\/negocios-y-empresas\/","nextItem":{"@type":"ListItem","@id":"https:\/\/www.eldigitaldeasturias.com\/noticias\/rebranding-de-una-marca-por-que-es-necesario\/#listItem","name":"Rebranding de una marca, \u00bfpor qu\u00e9 es necesario?"},"previousItem":{"@type":"ListItem","@id":"https:\/\/www.eldigitaldeasturias.com\/noticias#listItem","name":"Home"}},{"@type":"ListItem","@id":"https:\/\/www.eldigitaldeasturias.com\/noticias\/rebranding-de-una-marca-por-que-es-necesario\/#listItem","position":3,"name":"Rebranding de una marca, \u00bfpor qu\u00e9 es necesario?","previousItem":{"@type":"ListItem","@id":"https:\/\/www.eldigitaldeasturias.com\/noticias\/category\/negocios-y-empresas\/#listItem","name":"Negocios y Empresas"}}]},{"@type":"Organization","@id":"https:\/\/www.eldigitaldeasturias.com\/noticias\/#organization","name":"El Digital de Asturias","description":"Hemeroteca","url":"https:\/\/www.eldigitaldeasturias.com\/noticias\/","email":"info@eldigitaldeasturias.com","telephone":"+34652131393","logo":{"@type":"ImageObject","url":"https:\/\/www.eldigitaldeasturias.com\/noticias\/wp-content\/uploads\/2020\/12\/EDA.jpg","@id":"https:\/\/www.eldigitaldeasturias.com\/noticias\/rebranding-de-una-marca-por-que-es-necesario\/#organizationLogo","width":649,"height":297},"image":{"@id":"https:\/\/www.eldigitaldeasturias.com\/noticias\/rebranding-de-una-marca-por-que-es-necesario\/#organizationLogo"},"sameAs":["https:\/\/facebook.com\/eldigitaldeasturias","https:\/\/www.youtube.com\/channel\/UCZP-2wLEB9Rv6erhFmqVnvg"],"address":{"@id":"https:\/\/www.eldigitaldeasturias.com\/noticias\/#postaladdress","@type":"PostalAddress","streetAddress":"san antonio 4,","postalCode":"33430","addressLocality":"Cand\u00e1s","addressRegion":"Asturias","addressCountry":"ES"}},{"@type":"Person","@id":"https:\/\/www.eldigitaldeasturias.com\/noticias\/author\/admin\/#author","url":"https:\/\/www.eldigitaldeasturias.com\/noticias\/author\/admin\/","name":"El Digital de Asturias","image":{"@type":"ImageObject","@id":"https:\/\/www.eldigitaldeasturias.com\/noticias\/rebranding-de-una-marca-por-que-es-necesario\/#authorImage","url":"https:\/\/www.eldigitaldeasturias.com\/noticias\/wp-content\/litespeed\/avatar\/18677e78aa0546b92d9dbf31ec7d7668.jpg?ver=1777290358","width":96,"height":96,"caption":"El Digital de Asturias"}},{"@type":"WebPage","@id":"https:\/\/www.eldigitaldeasturias.com\/noticias\/rebranding-de-una-marca-por-que-es-necesario\/#webpage","url":"https:\/\/www.eldigitaldeasturias.com\/noticias\/rebranding-de-una-marca-por-que-es-necesario\/","name":"Rebranding de una marca, \u00bfpor qu\u00e9 es necesario? - El Digital de Asturias","description":"Cuando hablamos de definici\u00f3n de marca nos imaginamos creando una identidad desde cero, d\u00e1ndole forma por primera vez pero ..","inLanguage":"es-ES","isPartOf":{"@id":"https:\/\/www.eldigitaldeasturias.com\/noticias\/#website"},"breadcrumb":{"@id":"https:\/\/www.eldigitaldeasturias.com\/noticias\/rebranding-de-una-marca-por-que-es-necesario\/#breadcrumblist"},"author":{"@id":"https:\/\/www.eldigitaldeasturias.com\/noticias\/author\/admin\/#author"},"creator":{"@id":"https:\/\/www.eldigitaldeasturias.com\/noticias\/author\/admin\/#author"},"image":{"@type":"ImageObject","url":"https:\/\/www.eldigitaldeasturias.com\/noticias\/wp-content\/uploads\/2021\/11\/Rebranding.jpg","@id":"https:\/\/www.eldigitaldeasturias.com\/noticias\/rebranding-de-una-marca-por-que-es-necesario\/#mainImage","width":1082,"height":718,"caption":"Rebranding"},"primaryImageOfPage":{"@id":"https:\/\/www.eldigitaldeasturias.com\/noticias\/rebranding-de-una-marca-por-que-es-necesario\/#mainImage"},"datePublished":"2021-11-30T15:38:46+01:00","dateModified":"2021-11-30T15:38:46+01:00"},{"@type":"WebSite","@id":"https:\/\/www.eldigitaldeasturias.com\/noticias\/#website","url":"https:\/\/www.eldigitaldeasturias.com\/noticias\/","name":"El Digital de Asturias - Diario de actualidad y noticias","alternateName":"El Digital de Asturias - Diario de actualidad y noticias","description":"Hemeroteca","inLanguage":"es-ES","publisher":{"@id":"https:\/\/www.eldigitaldeasturias.com\/noticias\/#organization"}}]},"og:locale":"es_ES","og:site_name":"El Digital de Asturias","og:type":"article","og:title":"Rebranding de una marca, \u00bfpor qu\u00e9 es necesario? - El Digital de Asturias","og:description":"Cuando hablamos de definici\u00f3n de marca nos imaginamos creando una identidad desde cero, d\u00e1ndole forma por primera vez pero ..","og:url":"https:\/\/www.eldigitaldeasturias.com\/noticias\/rebranding-de-una-marca-por-que-es-necesario\/","og:image":"https:\/\/www.eldigitaldeasturias.com\/noticias\/wp-content\/uploads\/2021\/11\/Rebranding.jpg","og:image:secure_url":"https:\/\/www.eldigitaldeasturias.com\/noticias\/wp-content\/uploads\/2021\/11\/Rebranding.jpg","og:image:width":1082,"og:image:height":718,"article:tag":["negocios y empresas"],"article:published_time":"2021-11-30T14:38:46+00:00","article:modified_time":"2021-11-30T14:38:46+00:00","article:publisher":"https:\/\/facebook.com\/eldigitaldeasturias","twitter:card":"summary_large_image","twitter:title":"Rebranding de una marca, \u00bfpor qu\u00e9 es necesario? - El Digital de Asturias","twitter:description":"Cuando hablamos de definici\u00f3n de marca nos imaginamos creando una identidad desde cero, d\u00e1ndole forma por primera vez pero ..","twitter:image":"https:\/\/www.eldigitaldeasturias.com\/noticias\/wp-content\/uploads\/2021\/11\/Rebranding.jpg","twitter:label1":"Escrito por","twitter:data1":"El Digital de Asturias","twitter:label2":"Tiempo de lectura estimado","twitter:data2":"5 minutos"},"aioseo_meta_data":{"post_id":"1102066","title":null,"description":"Cuando hablamos de definici\u00f3n de marca nos imaginamos creando una identidad desde cero, d\u00e1ndole forma por primera vez pero ..","keywords":[],"keyphrases":{"focus":{"keyphrase":"marca","score":78,"analysis":{"keyphraseInTitle":{"title":"Focus Keyphrase in SEO title","description":"Focus Keyphrase found in SEO title.","score":9,"maxScore":9,"error":0},"keyphraseInDescription":{"title":"Focus keyphrase in meta description","description":"Focus keyphrase found in meta description.","score":9,"maxScore":9,"error":0},"keyphraseInURL":[],"keyphraseLength":{"title":"Focus keyphrase length","description":"Good job!","score":9,"maxScore":9,"error":0,"length":1},"keyphraseInIntroduction":{"title":"Focus keyphrase in introduction","description":"Your Focus keyphrase appears in the first paragraph. Well done!","score":9,"maxScore":9,"error":0},"keyphraseInSubHeadings":{"title":"Focus Keyphrase in Subheadings","description":"Use more focus keyphrases in your H2 and H3 subheadings!","score":3,"maxScore":9,"error":1},"keyphraseInImageAlt":{"title":"Focus keyphrase in image alt attributes","description":"Focus keyphrase not found in image alt attribute(s). Add an image with your Focus keyphrase as alt text.","score":3,"maxScore":9,"error":1}}},"additional":[{"keyphrase":"definici\u00f3n de marca ","score":83,"analysis":{"keyphraseInDescription":{"title":"Keyphrase in meta description","description":"Keyphrase found in meta description.","score":9,"maxScore":9,"error":0},"keyphraseLength":{"title":"Keyphrase length","description":"Good job!","score":9,"maxScore":9,"error":0,"length":3},"keyphraseInIntroduction":{"title":"Keyphrase in introduction","description":"Your Keyphrase appears in the first paragraph. Well done!","score":9,"maxScore":9,"error":0},"keyphraseInImageAlt":{"title":"Keyphrase in image alt attributes","description":"Keyphrase not found in image alt attribute(s). Add an image with your Keyphrase as alt text.","score":3,"maxScore":9,"error":1}}},{"keyphrase":"creando una identidad","score":83,"analysis":{"keyphraseInDescription":{"title":"Keyphrase in meta description","description":"Keyphrase found in meta description.","score":9,"maxScore":9,"error":0},"keyphraseLength":{"title":"Keyphrase length","description":"Good job!","score":9,"maxScore":9,"error":0,"length":3},"keyphraseInIntroduction":{"title":"Keyphrase in introduction","description":"Your Keyphrase appears in the first paragraph. Well done!","score":9,"maxScore":9,"error":0},"keyphraseInImageAlt":{"title":"Keyphrase in image alt attributes","description":"Keyphrase not found in image alt attribute(s). Add an image with your Keyphrase as alt text.","score":3,"maxScore":9,"error":1}}}]},"primary_term":null,"canonical_url":null,"og_title":null,"og_description":null,"og_object_type":"default","og_image_type":"default","og_image_url":null,"og_image_width":null,"og_image_height":null,"og_image_custom_url":null,"og_image_custom_fields":null,"og_video":"","og_custom_url":null,"og_article_section":null,"og_article_tags":[],"twitter_use_og":false,"twitter_card":"default","twitter_image_type":"default","twitter_image_url":null,"twitter_image_custom_url":null,"twitter_image_custom_fields":null,"twitter_title":null,"twitter_description":null,"schema":{"blockGraphs":[],"customGraphs":[],"default":{"data":{"Article":[],"Course":[],"Dataset":[],"FAQPage":[],"Movie":[],"Person":[],"Product":[],"ProductReview":[],"Car":[],"Recipe":[],"Service":[],"SoftwareApplication":[],"WebPage":[]},"graphName":"","isEnabled":true},"graphs":[],"defaultGraph":"Article","defaultPostTypeGraph":""},"schema_type":"default","schema_type_options":"{\"article\":{\"articleType\":\"BlogPosting\"},\"course\":{\"name\":\"\",\"description\":\"\",\"provider\":\"\"},\"faq\":{\"pages\":[]},\"product\":{\"reviews\":[]},\"recipe\":{\"ingredients\":[],\"instructions\":[],\"keywords\":[]},\"software\":{\"reviews\":[],\"operatingSystems\":[]},\"webPage\":{\"webPageType\":\"WebPage\"}}","pillar_content":false,"robots_default":true,"robots_noindex":false,"robots_noarchive":false,"robots_nosnippet":false,"robots_nofollow":false,"robots_noimageindex":false,"robots_noodp":false,"robots_notranslate":false,"robots_max_snippet":"-1","robots_max_videopreview":"-1","robots_max_imagepreview":"large","priority":null,"frequency":"default","local_seo":null,"seo_analyzer_scan_date":"2025-09-19 21:11:51","breadcrumb_settings":null,"limit_modified_date":false,"open_ai":null,"ai":null,"created":"2021-11-30 14:26:30","updated":"2025-09-24 06:44:50"},"aioseo_breadcrumb":"<div class=\"aioseo-breadcrumbs\"><span class=\"aioseo-breadcrumb\">\n\t<a href=\"https:\/\/www.eldigitaldeasturias.com\/noticias\" title=\"Home\">Home<\/a>\n<\/span><span class=\"aioseo-breadcrumb-separator\">\u2013<\/span><span class=\"aioseo-breadcrumb\">\n\t<a href=\"https:\/\/www.eldigitaldeasturias.com\/noticias\/category\/negocios-y-empresas\/\" title=\"Negocios y Empresas\">Negocios y Empresas<\/a>\n<\/span><span class=\"aioseo-breadcrumb-separator\">\u2013<\/span><span class=\"aioseo-breadcrumb\">\n\t<a href=\"https:\/\/www.eldigitaldeasturias.com\/noticias\/rebranding-de-una-marca-por-que-es-necesario\/\" title=\"Rebranding de una marca, \u00bfpor qu\u00e9 es necesario?\">Rebranding de una marca, \u00bfpor qu\u00e9 es necesario?<\/a>\n<\/span><\/div>","aioseo_breadcrumb_json":[{"label":"Home","link":"https:\/\/www.eldigitaldeasturias.com\/noticias"},{"label":"Negocios y Empresas","link":"https:\/\/www.eldigitaldeasturias.com\/noticias\/category\/negocios-y-empresas\/"},{"label":"Rebranding de una marca, \u00bfpor qu\u00e9 es necesario?","link":"https:\/\/www.eldigitaldeasturias.com\/noticias\/rebranding-de-una-marca-por-que-es-necesario\/"}],"_links":{"self":[{"href":"https:\/\/www.eldigitaldeasturias.com\/noticias\/wp-json\/wp\/v2\/posts\/1102066","targetHints":{"allow":["GET"]}}],"collection":[{"href":"https:\/\/www.eldigitaldeasturias.com\/noticias\/wp-json\/wp\/v2\/posts"}],"about":[{"href":"https:\/\/www.eldigitaldeasturias.com\/noticias\/wp-json\/wp\/v2\/types\/post"}],"author":[{"embeddable":true,"href":"https:\/\/www.eldigitaldeasturias.com\/noticias\/wp-json\/wp\/v2\/users\/1"}],"replies":[{"embeddable":true,"href":"https:\/\/www.eldigitaldeasturias.com\/noticias\/wp-json\/wp\/v2\/comments?post=1102066"}],"version-history":[{"count":0,"href":"https:\/\/www.eldigitaldeasturias.com\/noticias\/wp-json\/wp\/v2\/posts\/1102066\/revisions"}],"wp:featuredmedia":[{"embeddable":true,"href":"https:\/\/www.eldigitaldeasturias.com\/noticias\/wp-json\/wp\/v2\/media\/1102067"}],"wp:attachment":[{"href":"https:\/\/www.eldigitaldeasturias.com\/noticias\/wp-json\/wp\/v2\/media?parent=1102066"}],"wp:term":[{"taxonomy":"category","embeddable":true,"href":"https:\/\/www.eldigitaldeasturias.com\/noticias\/wp-json\/wp\/v2\/categories?post=1102066"},{"taxonomy":"post_tag","embeddable":true,"href":"https:\/\/www.eldigitaldeasturias.com\/noticias\/wp-json\/wp\/v2\/tags?post=1102066"}],"curies":[{"name":"wp","href":"https:\/\/api.w.org\/{rel}","templated":true}]}}