{"id":1098803,"date":"2021-09-14T16:43:16","date_gmt":"2021-09-14T14:43:16","guid":{"rendered":"https:\/\/www.eldigitaldeasturias.com\/noticias\/?p=1098803"},"modified":"2021-09-14T16:43:16","modified_gmt":"2021-09-14T14:43:16","slug":"instituto-iwh-predice-un-cuarto-trimestre-debil-para-la-economia-alemana","status":"publish","type":"post","link":"https:\/\/www.eldigitaldeasturias.com\/noticias\/instituto-iwh-predice-un-cuarto-trimestre-debil-para-la-economia-alemana\/","title":{"rendered":"Instituto IWH predice un cuarto trimestre d\u00e9bil para la econom\u00eda alemana"},"content":{"rendered":"<p>Halle (Alemania), 14 sep (dpa) &#8211; Los expertos del Instituto Leibniz de Investigaci\u00f3n Econ\u00f3mica de Halle (IWH) prev\u00e9n un \u00faltimo trimestre d\u00e9bil para la econom\u00eda alemana, indica un comunicado publicado hoy.<\/p>\n<figure id=\"attachment_1098804\" aria-describedby=\"caption-attachment-1098804\" style=\"width: 645px\" class=\"wp-caption aligncenter\"><img loading=\"lazy\" decoding=\"async\" class=\"wp-image-1098804\" src=\"https:\/\/www.eldigitaldeasturias.com\/noticias\/wp-content\/uploads\/2021\/09\/Puerto-Hamburgo-360x182.jpg\" alt=\"Puerto Hamburgo\" width=\"645\" height=\"327\" srcset=\"https:\/\/www.eldigitaldeasturias.com\/noticias\/wp-content\/uploads\/2021\/09\/Puerto-Hamburgo-360x182.jpg 360w, https:\/\/www.eldigitaldeasturias.com\/noticias\/wp-content\/uploads\/2021\/09\/Puerto-Hamburgo-690x350.jpg 690w, https:\/\/www.eldigitaldeasturias.com\/noticias\/wp-content\/uploads\/2021\/09\/Puerto-Hamburgo-480x243.jpg 480w, https:\/\/www.eldigitaldeasturias.com\/noticias\/wp-content\/uploads\/2021\/09\/Puerto-Hamburgo-768x389.jpg 768w, https:\/\/www.eldigitaldeasturias.com\/noticias\/wp-content\/uploads\/2021\/09\/Puerto-Hamburgo-150x76.jpg 150w, https:\/\/www.eldigitaldeasturias.com\/noticias\/wp-content\/uploads\/2021\/09\/Puerto-Hamburgo-450x228.jpg 450w, https:\/\/www.eldigitaldeasturias.com\/noticias\/wp-content\/uploads\/2021\/09\/Puerto-Hamburgo.jpg 1131w\" sizes=\"auto, (max-width: 645px) 100vw, 645px\" \/><figcaption id=\"caption-attachment-1098804\" class=\"wp-caption-text\">Contenedores en el puerto de Hamburgo, el principal de Alemania. Expertos del Instituto Leibniz de Investigaci\u00f3n Econ\u00f3mica de Halle (IWH) prev\u00e9n un \u00faltimo trimestre d\u00e9bil para la mayor econom\u00eda de Europa. Foto: Markus Scholz\/dpa<\/figcaption><\/figure>\n<p>Aunque la econom\u00eda se recuper\u00f3 en el verano europeo de 2021, los cuellos de botella en el transporte mar\u00edtimo y en la producci\u00f3n de bienes intermedios est\u00e1n obstaculizando el comercio mundial, estim\u00f3 el instituto, uno de los cinco principales de Alemania.<\/p>\n<p>A esto, agreg\u00f3, se sumar\u00eda la perspectiva de una mayor aceleraci\u00f3n de la pandemia de coronavirus con la llegada de la temporada invernal.<\/p>\n<p>En concreto, los expertos de IWH esperan que el producto interior bruto (PIB) crezca un 2,2 por ciento en 2021 y un 3,6 por ciento en 2022.<\/p>\n<p>Gracias a la campa\u00f1a de vacunaci\u00f3n, este a\u00f1o se han podido suavizar muchas restricciones en los servicios, explic\u00f3 el IWH, y acot\u00f3 que los hogares tambi\u00e9n consumieron mucho m\u00e1s en el segundo trimestre.<\/p>\n<p>Sin embargo, constat\u00f3 que el consumo privado sigue estando por debajo de los niveles anteriores a la crisis.<\/p>\n<p>\u00abPara 2022, las posibilidades de que la econom\u00eda retome la senda de la normalidad son buenas, tambi\u00e9n porque la situaci\u00f3n de los mercados laborales est\u00e1 mejorando constantemente\u00bb, coment\u00f3 Oliver Holtem\u00f6ller, jefe del departamento de macroeconom\u00eda y vicepresidente del IWH.<\/p>\n<p>Seg\u00fan los expertos, las capacidades de producci\u00f3n podr\u00edan volver a utilizarse con normalidad a finales de 2022.<\/p>\n","protected":false},"excerpt":{"rendered":"<p>Halle (Alemania), 14 sep (dpa) &#8211; Los expertos del Instituto Leibniz de Investigaci\u00f3n Econ\u00f3mica de Halle (IWH) prev\u00e9n un \u00faltimo trimestre d\u00e9bil para la econom\u00eda alemana, indica un comunicado publicado hoy. Aunque la econom\u00eda se recuper\u00f3 en el verano europeo de 2021, los cuellos de botella en el transporte mar\u00edtimo y en la producci\u00f3n de [&hellip;]<\/p>\n","protected":false},"author":1,"featured_media":1098804,"comment_status":"closed","ping_status":"closed","sticky":false,"template":"","format":"standard","meta":{"footnotes":""},"categories":[187],"tags":[],"class_list":["post-1098803","post","type-post","status-publish","format-standard","has-post-thumbnail","hentry","category-economia"],"aioseo_notices":[],"aioseo_head":"\n\t\t<!-- All in One SEO Pro 4.9.6.2 - aioseo.com -->\n\t<meta name=\"description\" content=\"Los expertos del Instituto Leibniz de Investigaci\u00f3n Econ\u00f3mica de Halle (IWH) prev\u00e9n un \u00faltimo trimestre d\u00e9bil para la econom\u00eda alemana\" \/>\n\t<meta name=\"robots\" content=\"max-image-preview:large\" \/>\n\t<meta name=\"author\" content=\"El Digital de Asturias\"\/>\n\t<meta name=\"google-site-verification\" content=\"UA-38556648-1\" \/>\n\t<meta name=\"msvalidate.01\" content=\"7dfe9f3f1b24437ab69f4f2559babe99\" \/>\n\t<meta name=\"keywords\" content=\"econom\u00eda\" \/>\n\t<link rel=\"canonical\" href=\"https:\/\/www.eldigitaldeasturias.com\/noticias\/instituto-iwh-predice-un-cuarto-trimestre-debil-para-la-economia-alemana\/\" \/>\n\t<meta name=\"generator\" content=\"All in One SEO Pro (AIOSEO) 4.9.6.2\" \/>\n\t\t<meta property=\"og:locale\" content=\"es_ES\" \/>\n\t\t<meta property=\"og:site_name\" content=\"El Digital de Asturias\" \/>\n\t\t<meta property=\"og:type\" content=\"article\" \/>\n\t\t<meta property=\"og:title\" content=\"Instituto IWH predice un cuarto trimestre d\u00e9bil para la econom\u00eda alemana - El Digital de Asturias\" \/>\n\t\t<meta property=\"og:description\" content=\"Los expertos del Instituto Leibniz de Investigaci\u00f3n Econ\u00f3mica de Halle (IWH) prev\u00e9n un \u00faltimo trimestre d\u00e9bil para la econom\u00eda alemana\" \/>\n\t\t<meta property=\"og:url\" content=\"https:\/\/www.eldigitaldeasturias.com\/noticias\/instituto-iwh-predice-un-cuarto-trimestre-debil-para-la-economia-alemana\/\" \/>\n\t\t<meta property=\"og:image\" content=\"https:\/\/www.eldigitaldeasturias.com\/noticias\/wp-content\/uploads\/2021\/09\/Puerto-Hamburgo.jpg\" \/>\n\t\t<meta property=\"og:image:secure_url\" content=\"https:\/\/www.eldigitaldeasturias.com\/noticias\/wp-content\/uploads\/2021\/09\/Puerto-Hamburgo.jpg\" \/>\n\t\t<meta property=\"og:image:width\" content=\"1131\" \/>\n\t\t<meta property=\"og:image:height\" content=\"573\" \/>\n\t\t<meta property=\"article:tag\" content=\"econom\u00eda\" \/>\n\t\t<meta property=\"article:published_time\" content=\"2021-09-14T14:43:16+00:00\" \/>\n\t\t<meta property=\"article:modified_time\" content=\"2021-09-14T14:43:16+00:00\" \/>\n\t\t<meta property=\"article:publisher\" content=\"https:\/\/facebook.com\/eldigitaldeasturias\" \/>\n\t\t<meta name=\"twitter:card\" content=\"summary_large_image\" \/>\n\t\t<meta name=\"twitter:title\" content=\"Instituto IWH predice un cuarto trimestre d\u00e9bil para la econom\u00eda alemana - El Digital de Asturias\" \/>\n\t\t<meta name=\"twitter:description\" content=\"Los expertos del Instituto Leibniz de Investigaci\u00f3n Econ\u00f3mica de Halle (IWH) prev\u00e9n un \u00faltimo trimestre d\u00e9bil para la econom\u00eda alemana\" \/>\n\t\t<meta name=\"twitter:image\" content=\"https:\/\/www.eldigitaldeasturias.com\/noticias\/wp-content\/uploads\/2021\/09\/Puerto-Hamburgo.jpg\" \/>\n\t\t<meta name=\"twitter:label1\" content=\"Escrito por\" \/>\n\t\t<meta name=\"twitter:data1\" content=\"El Digital de Asturias\" \/>\n\t\t<meta name=\"twitter:label2\" content=\"Tiempo de lectura estimado\" \/>\n\t\t<meta name=\"twitter:data2\" content=\"1 minuto\" \/>\n\t\t<script type=\"application\/ld+json\" class=\"aioseo-schema\">\n\t\t\t{\"@context\":\"https:\\\/\\\/schema.org\",\"@graph\":[{\"@type\":\"BlogPosting\",\"@id\":\"https:\\\/\\\/www.eldigitaldeasturias.com\\\/noticias\\\/instituto-iwh-predice-un-cuarto-trimestre-debil-para-la-economia-alemana\\\/#blogposting\",\"name\":\"Instituto IWH predice un cuarto trimestre d\\u00e9bil para la econom\\u00eda alemana - El Digital de Asturias\",\"headline\":\"Instituto IWH predice un cuarto trimestre d\\u00e9bil para la econom\\u00eda alemana\",\"author\":{\"@id\":\"https:\\\/\\\/www.eldigitaldeasturias.com\\\/noticias\\\/author\\\/admin\\\/#author\"},\"publisher\":{\"@id\":\"https:\\\/\\\/www.eldigitaldeasturias.com\\\/noticias\\\/#organization\"},\"image\":{\"@type\":\"ImageObject\",\"url\":\"https:\\\/\\\/www.eldigitaldeasturias.com\\\/noticias\\\/wp-content\\\/uploads\\\/2021\\\/09\\\/Puerto-Hamburgo.jpg\",\"width\":1131,\"height\":573,\"caption\":\"Contenedores en el puerto de Hamburgo, el principal de Alemania. Expertos del Instituto Leibniz de Investigaci\\u00f3n Econ\\u00f3mica de Halle (IWH) prev\\u00e9n un \\u00faltimo trimestre d\\u00e9bil para la mayor econom\\u00eda de Europa. Foto: Markus Scholz\\\/dpa\"},\"datePublished\":\"2021-09-14T16:43:16+02:00\",\"dateModified\":\"2021-09-14T16:43:16+02:00\",\"inLanguage\":\"es-ES\",\"mainEntityOfPage\":{\"@id\":\"https:\\\/\\\/www.eldigitaldeasturias.com\\\/noticias\\\/instituto-iwh-predice-un-cuarto-trimestre-debil-para-la-economia-alemana\\\/#webpage\"},\"isPartOf\":{\"@id\":\"https:\\\/\\\/www.eldigitaldeasturias.com\\\/noticias\\\/instituto-iwh-predice-un-cuarto-trimestre-debil-para-la-economia-alemana\\\/#webpage\"},\"articleSection\":\"Econom\\u00eda\"},{\"@type\":\"BreadcrumbList\",\"@id\":\"https:\\\/\\\/www.eldigitaldeasturias.com\\\/noticias\\\/instituto-iwh-predice-un-cuarto-trimestre-debil-para-la-economia-alemana\\\/#breadcrumblist\",\"itemListElement\":[{\"@type\":\"ListItem\",\"@id\":\"https:\\\/\\\/www.eldigitaldeasturias.com\\\/noticias#listItem\",\"position\":1,\"name\":\"Home\",\"item\":\"https:\\\/\\\/www.eldigitaldeasturias.com\\\/noticias\",\"nextItem\":{\"@type\":\"ListItem\",\"@id\":\"https:\\\/\\\/www.eldigitaldeasturias.com\\\/noticias\\\/category\\\/economia\\\/#listItem\",\"name\":\"Econom\\u00eda\"}},{\"@type\":\"ListItem\",\"@id\":\"https:\\\/\\\/www.eldigitaldeasturias.com\\\/noticias\\\/category\\\/economia\\\/#listItem\",\"position\":2,\"name\":\"Econom\\u00eda\",\"item\":\"https:\\\/\\\/www.eldigitaldeasturias.com\\\/noticias\\\/category\\\/economia\\\/\",\"nextItem\":{\"@type\":\"ListItem\",\"@id\":\"https:\\\/\\\/www.eldigitaldeasturias.com\\\/noticias\\\/instituto-iwh-predice-un-cuarto-trimestre-debil-para-la-economia-alemana\\\/#listItem\",\"name\":\"Instituto IWH predice un cuarto trimestre d\\u00e9bil para la econom\\u00eda alemana\"},\"previousItem\":{\"@type\":\"ListItem\",\"@id\":\"https:\\\/\\\/www.eldigitaldeasturias.com\\\/noticias#listItem\",\"name\":\"Home\"}},{\"@type\":\"ListItem\",\"@id\":\"https:\\\/\\\/www.eldigitaldeasturias.com\\\/noticias\\\/instituto-iwh-predice-un-cuarto-trimestre-debil-para-la-economia-alemana\\\/#listItem\",\"position\":3,\"name\":\"Instituto IWH predice un cuarto trimestre d\\u00e9bil para la econom\\u00eda alemana\",\"previousItem\":{\"@type\":\"ListItem\",\"@id\":\"https:\\\/\\\/www.eldigitaldeasturias.com\\\/noticias\\\/category\\\/economia\\\/#listItem\",\"name\":\"Econom\\u00eda\"}}]},{\"@type\":\"Organization\",\"@id\":\"https:\\\/\\\/www.eldigitaldeasturias.com\\\/noticias\\\/#organization\",\"name\":\"El Digital de Asturias\",\"description\":\"Hemeroteca\",\"url\":\"https:\\\/\\\/www.eldigitaldeasturias.com\\\/noticias\\\/\",\"email\":\"info@eldigitaldeasturias.com\",\"telephone\":\"+34652131393\",\"logo\":{\"@type\":\"ImageObject\",\"url\":\"https:\\\/\\\/www.eldigitaldeasturias.com\\\/noticias\\\/wp-content\\\/uploads\\\/2020\\\/12\\\/EDA.jpg\",\"@id\":\"https:\\\/\\\/www.eldigitaldeasturias.com\\\/noticias\\\/instituto-iwh-predice-un-cuarto-trimestre-debil-para-la-economia-alemana\\\/#organizationLogo\",\"width\":649,\"height\":297},\"image\":{\"@id\":\"https:\\\/\\\/www.eldigitaldeasturias.com\\\/noticias\\\/instituto-iwh-predice-un-cuarto-trimestre-debil-para-la-economia-alemana\\\/#organizationLogo\"},\"sameAs\":[\"https:\\\/\\\/facebook.com\\\/eldigitaldeasturias\",\"https:\\\/\\\/www.youtube.com\\\/channel\\\/UCZP-2wLEB9Rv6erhFmqVnvg\"],\"address\":{\"@id\":\"https:\\\/\\\/www.eldigitaldeasturias.com\\\/noticias\\\/#postaladdress\",\"@type\":\"PostalAddress\",\"streetAddress\":\"san antonio 4,\",\"postalCode\":\"33430\",\"addressLocality\":\"Cand\\u00e1s\",\"addressRegion\":\"Asturias\",\"addressCountry\":\"ES\"}},{\"@type\":\"Person\",\"@id\":\"https:\\\/\\\/www.eldigitaldeasturias.com\\\/noticias\\\/author\\\/admin\\\/#author\",\"url\":\"https:\\\/\\\/www.eldigitaldeasturias.com\\\/noticias\\\/author\\\/admin\\\/\",\"name\":\"El Digital de Asturias\",\"image\":{\"@type\":\"ImageObject\",\"@id\":\"https:\\\/\\\/www.eldigitaldeasturias.com\\\/noticias\\\/instituto-iwh-predice-un-cuarto-trimestre-debil-para-la-economia-alemana\\\/#authorImage\",\"url\":\"https:\\\/\\\/www.eldigitaldeasturias.com\\\/noticias\\\/wp-content\\\/litespeed\\\/avatar\\\/18677e78aa0546b92d9dbf31ec7d7668.jpg?ver=1777290358\",\"width\":96,\"height\":96,\"caption\":\"El Digital de Asturias\"}},{\"@type\":\"WebPage\",\"@id\":\"https:\\\/\\\/www.eldigitaldeasturias.com\\\/noticias\\\/instituto-iwh-predice-un-cuarto-trimestre-debil-para-la-economia-alemana\\\/#webpage\",\"url\":\"https:\\\/\\\/www.eldigitaldeasturias.com\\\/noticias\\\/instituto-iwh-predice-un-cuarto-trimestre-debil-para-la-economia-alemana\\\/\",\"name\":\"Instituto IWH predice un cuarto trimestre d\\u00e9bil para la econom\\u00eda alemana - El Digital de Asturias\",\"description\":\"Los expertos del Instituto Leibniz de Investigaci\\u00f3n Econ\\u00f3mica de Halle (IWH) prev\\u00e9n un \\u00faltimo trimestre d\\u00e9bil para la econom\\u00eda alemana\",\"inLanguage\":\"es-ES\",\"isPartOf\":{\"@id\":\"https:\\\/\\\/www.eldigitaldeasturias.com\\\/noticias\\\/#website\"},\"breadcrumb\":{\"@id\":\"https:\\\/\\\/www.eldigitaldeasturias.com\\\/noticias\\\/instituto-iwh-predice-un-cuarto-trimestre-debil-para-la-economia-alemana\\\/#breadcrumblist\"},\"author\":{\"@id\":\"https:\\\/\\\/www.eldigitaldeasturias.com\\\/noticias\\\/author\\\/admin\\\/#author\"},\"creator\":{\"@id\":\"https:\\\/\\\/www.eldigitaldeasturias.com\\\/noticias\\\/author\\\/admin\\\/#author\"},\"image\":{\"@type\":\"ImageObject\",\"url\":\"https:\\\/\\\/www.eldigitaldeasturias.com\\\/noticias\\\/wp-content\\\/uploads\\\/2021\\\/09\\\/Puerto-Hamburgo.jpg\",\"@id\":\"https:\\\/\\\/www.eldigitaldeasturias.com\\\/noticias\\\/instituto-iwh-predice-un-cuarto-trimestre-debil-para-la-economia-alemana\\\/#mainImage\",\"width\":1131,\"height\":573,\"caption\":\"Contenedores en el puerto de Hamburgo, el principal de Alemania. Expertos del Instituto Leibniz de Investigaci\\u00f3n Econ\\u00f3mica de Halle (IWH) prev\\u00e9n un \\u00faltimo trimestre d\\u00e9bil para la mayor econom\\u00eda de Europa. Foto: Markus Scholz\\\/dpa\"},\"primaryImageOfPage\":{\"@id\":\"https:\\\/\\\/www.eldigitaldeasturias.com\\\/noticias\\\/instituto-iwh-predice-un-cuarto-trimestre-debil-para-la-economia-alemana\\\/#mainImage\"},\"datePublished\":\"2021-09-14T16:43:16+02:00\",\"dateModified\":\"2021-09-14T16:43:16+02:00\"},{\"@type\":\"WebSite\",\"@id\":\"https:\\\/\\\/www.eldigitaldeasturias.com\\\/noticias\\\/#website\",\"url\":\"https:\\\/\\\/www.eldigitaldeasturias.com\\\/noticias\\\/\",\"name\":\"El Digital de Asturias - Diario de actualidad y noticias\",\"alternateName\":\"El Digital de Asturias - Diario de actualidad y noticias\",\"description\":\"Hemeroteca\",\"inLanguage\":\"es-ES\",\"publisher\":{\"@id\":\"https:\\\/\\\/www.eldigitaldeasturias.com\\\/noticias\\\/#organization\"}}]}\n\t\t<\/script>\n\t\t<!-- All in One SEO Pro -->\r\n\t\t<title>Instituto IWH predice un cuarto trimestre d\u00e9bil para la econom\u00eda alemana - El Digital de Asturias<\/title>\n\n","aioseo_head_json":{"title":"Instituto IWH predice un cuarto trimestre d\u00e9bil para la econom\u00eda alemana - El Digital de Asturias","description":"Los expertos del Instituto Leibniz de Investigaci\u00f3n Econ\u00f3mica de Halle (IWH) prev\u00e9n un \u00faltimo trimestre d\u00e9bil para la econom\u00eda alemana","canonical_url":"https:\/\/www.eldigitaldeasturias.com\/noticias\/instituto-iwh-predice-un-cuarto-trimestre-debil-para-la-economia-alemana\/","robots":"max-image-preview:large","keywords":"econom\u00eda","webmasterTools":{"google-site-verification":"UA-38556648-1","msvalidate.01":"7dfe9f3f1b24437ab69f4f2559babe99","miscellaneous":""},"schema":{"@context":"https:\/\/schema.org","@graph":[{"@type":"BlogPosting","@id":"https:\/\/www.eldigitaldeasturias.com\/noticias\/instituto-iwh-predice-un-cuarto-trimestre-debil-para-la-economia-alemana\/#blogposting","name":"Instituto IWH predice un cuarto trimestre d\u00e9bil para la econom\u00eda alemana - El Digital de Asturias","headline":"Instituto IWH predice un cuarto trimestre d\u00e9bil para la econom\u00eda alemana","author":{"@id":"https:\/\/www.eldigitaldeasturias.com\/noticias\/author\/admin\/#author"},"publisher":{"@id":"https:\/\/www.eldigitaldeasturias.com\/noticias\/#organization"},"image":{"@type":"ImageObject","url":"https:\/\/www.eldigitaldeasturias.com\/noticias\/wp-content\/uploads\/2021\/09\/Puerto-Hamburgo.jpg","width":1131,"height":573,"caption":"Contenedores en el puerto de Hamburgo, el principal de Alemania. Expertos del Instituto Leibniz de Investigaci\u00f3n Econ\u00f3mica de Halle (IWH) prev\u00e9n un \u00faltimo trimestre d\u00e9bil para la mayor econom\u00eda de Europa. Foto: Markus Scholz\/dpa"},"datePublished":"2021-09-14T16:43:16+02:00","dateModified":"2021-09-14T16:43:16+02:00","inLanguage":"es-ES","mainEntityOfPage":{"@id":"https:\/\/www.eldigitaldeasturias.com\/noticias\/instituto-iwh-predice-un-cuarto-trimestre-debil-para-la-economia-alemana\/#webpage"},"isPartOf":{"@id":"https:\/\/www.eldigitaldeasturias.com\/noticias\/instituto-iwh-predice-un-cuarto-trimestre-debil-para-la-economia-alemana\/#webpage"},"articleSection":"Econom\u00eda"},{"@type":"BreadcrumbList","@id":"https:\/\/www.eldigitaldeasturias.com\/noticias\/instituto-iwh-predice-un-cuarto-trimestre-debil-para-la-economia-alemana\/#breadcrumblist","itemListElement":[{"@type":"ListItem","@id":"https:\/\/www.eldigitaldeasturias.com\/noticias#listItem","position":1,"name":"Home","item":"https:\/\/www.eldigitaldeasturias.com\/noticias","nextItem":{"@type":"ListItem","@id":"https:\/\/www.eldigitaldeasturias.com\/noticias\/category\/economia\/#listItem","name":"Econom\u00eda"}},{"@type":"ListItem","@id":"https:\/\/www.eldigitaldeasturias.com\/noticias\/category\/economia\/#listItem","position":2,"name":"Econom\u00eda","item":"https:\/\/www.eldigitaldeasturias.com\/noticias\/category\/economia\/","nextItem":{"@type":"ListItem","@id":"https:\/\/www.eldigitaldeasturias.com\/noticias\/instituto-iwh-predice-un-cuarto-trimestre-debil-para-la-economia-alemana\/#listItem","name":"Instituto IWH predice un cuarto trimestre d\u00e9bil para la econom\u00eda alemana"},"previousItem":{"@type":"ListItem","@id":"https:\/\/www.eldigitaldeasturias.com\/noticias#listItem","name":"Home"}},{"@type":"ListItem","@id":"https:\/\/www.eldigitaldeasturias.com\/noticias\/instituto-iwh-predice-un-cuarto-trimestre-debil-para-la-economia-alemana\/#listItem","position":3,"name":"Instituto IWH predice un cuarto trimestre d\u00e9bil para la econom\u00eda alemana","previousItem":{"@type":"ListItem","@id":"https:\/\/www.eldigitaldeasturias.com\/noticias\/category\/economia\/#listItem","name":"Econom\u00eda"}}]},{"@type":"Organization","@id":"https:\/\/www.eldigitaldeasturias.com\/noticias\/#organization","name":"El Digital de Asturias","description":"Hemeroteca","url":"https:\/\/www.eldigitaldeasturias.com\/noticias\/","email":"info@eldigitaldeasturias.com","telephone":"+34652131393","logo":{"@type":"ImageObject","url":"https:\/\/www.eldigitaldeasturias.com\/noticias\/wp-content\/uploads\/2020\/12\/EDA.jpg","@id":"https:\/\/www.eldigitaldeasturias.com\/noticias\/instituto-iwh-predice-un-cuarto-trimestre-debil-para-la-economia-alemana\/#organizationLogo","width":649,"height":297},"image":{"@id":"https:\/\/www.eldigitaldeasturias.com\/noticias\/instituto-iwh-predice-un-cuarto-trimestre-debil-para-la-economia-alemana\/#organizationLogo"},"sameAs":["https:\/\/facebook.com\/eldigitaldeasturias","https:\/\/www.youtube.com\/channel\/UCZP-2wLEB9Rv6erhFmqVnvg"],"address":{"@id":"https:\/\/www.eldigitaldeasturias.com\/noticias\/#postaladdress","@type":"PostalAddress","streetAddress":"san antonio 4,","postalCode":"33430","addressLocality":"Cand\u00e1s","addressRegion":"Asturias","addressCountry":"ES"}},{"@type":"Person","@id":"https:\/\/www.eldigitaldeasturias.com\/noticias\/author\/admin\/#author","url":"https:\/\/www.eldigitaldeasturias.com\/noticias\/author\/admin\/","name":"El Digital de Asturias","image":{"@type":"ImageObject","@id":"https:\/\/www.eldigitaldeasturias.com\/noticias\/instituto-iwh-predice-un-cuarto-trimestre-debil-para-la-economia-alemana\/#authorImage","url":"https:\/\/www.eldigitaldeasturias.com\/noticias\/wp-content\/litespeed\/avatar\/18677e78aa0546b92d9dbf31ec7d7668.jpg?ver=1777290358","width":96,"height":96,"caption":"El Digital de Asturias"}},{"@type":"WebPage","@id":"https:\/\/www.eldigitaldeasturias.com\/noticias\/instituto-iwh-predice-un-cuarto-trimestre-debil-para-la-economia-alemana\/#webpage","url":"https:\/\/www.eldigitaldeasturias.com\/noticias\/instituto-iwh-predice-un-cuarto-trimestre-debil-para-la-economia-alemana\/","name":"Instituto IWH predice un cuarto trimestre d\u00e9bil para la econom\u00eda alemana - El Digital de Asturias","description":"Los expertos del Instituto Leibniz de Investigaci\u00f3n Econ\u00f3mica de Halle (IWH) prev\u00e9n un \u00faltimo trimestre d\u00e9bil para la econom\u00eda alemana","inLanguage":"es-ES","isPartOf":{"@id":"https:\/\/www.eldigitaldeasturias.com\/noticias\/#website"},"breadcrumb":{"@id":"https:\/\/www.eldigitaldeasturias.com\/noticias\/instituto-iwh-predice-un-cuarto-trimestre-debil-para-la-economia-alemana\/#breadcrumblist"},"author":{"@id":"https:\/\/www.eldigitaldeasturias.com\/noticias\/author\/admin\/#author"},"creator":{"@id":"https:\/\/www.eldigitaldeasturias.com\/noticias\/author\/admin\/#author"},"image":{"@type":"ImageObject","url":"https:\/\/www.eldigitaldeasturias.com\/noticias\/wp-content\/uploads\/2021\/09\/Puerto-Hamburgo.jpg","@id":"https:\/\/www.eldigitaldeasturias.com\/noticias\/instituto-iwh-predice-un-cuarto-trimestre-debil-para-la-economia-alemana\/#mainImage","width":1131,"height":573,"caption":"Contenedores en el puerto de Hamburgo, el principal de Alemania. Expertos del Instituto Leibniz de Investigaci\u00f3n Econ\u00f3mica de Halle (IWH) prev\u00e9n un \u00faltimo trimestre d\u00e9bil para la mayor econom\u00eda de Europa. Foto: Markus Scholz\/dpa"},"primaryImageOfPage":{"@id":"https:\/\/www.eldigitaldeasturias.com\/noticias\/instituto-iwh-predice-un-cuarto-trimestre-debil-para-la-economia-alemana\/#mainImage"},"datePublished":"2021-09-14T16:43:16+02:00","dateModified":"2021-09-14T16:43:16+02:00"},{"@type":"WebSite","@id":"https:\/\/www.eldigitaldeasturias.com\/noticias\/#website","url":"https:\/\/www.eldigitaldeasturias.com\/noticias\/","name":"El Digital de Asturias - Diario de actualidad y noticias","alternateName":"El Digital de Asturias - Diario de actualidad y noticias","description":"Hemeroteca","inLanguage":"es-ES","publisher":{"@id":"https:\/\/www.eldigitaldeasturias.com\/noticias\/#organization"}}]},"og:locale":"es_ES","og:site_name":"El Digital de Asturias","og:type":"article","og:title":"Instituto IWH predice un cuarto trimestre d\u00e9bil para la econom\u00eda alemana - El Digital de Asturias","og:description":"Los expertos del Instituto Leibniz de Investigaci\u00f3n Econ\u00f3mica de Halle (IWH) prev\u00e9n un \u00faltimo trimestre d\u00e9bil para la econom\u00eda alemana","og:url":"https:\/\/www.eldigitaldeasturias.com\/noticias\/instituto-iwh-predice-un-cuarto-trimestre-debil-para-la-economia-alemana\/","og:image":"https:\/\/www.eldigitaldeasturias.com\/noticias\/wp-content\/uploads\/2021\/09\/Puerto-Hamburgo.jpg","og:image:secure_url":"https:\/\/www.eldigitaldeasturias.com\/noticias\/wp-content\/uploads\/2021\/09\/Puerto-Hamburgo.jpg","og:image:width":1131,"og:image:height":573,"article:tag":["econom\u00eda"],"article:published_time":"2021-09-14T14:43:16+00:00","article:modified_time":"2021-09-14T14:43:16+00:00","article:publisher":"https:\/\/facebook.com\/eldigitaldeasturias","twitter:card":"summary_large_image","twitter:title":"Instituto IWH predice un cuarto trimestre d\u00e9bil para la econom\u00eda alemana - El Digital de Asturias","twitter:description":"Los expertos del Instituto Leibniz de Investigaci\u00f3n Econ\u00f3mica de Halle (IWH) prev\u00e9n un \u00faltimo trimestre d\u00e9bil para la econom\u00eda alemana","twitter:image":"https:\/\/www.eldigitaldeasturias.com\/noticias\/wp-content\/uploads\/2021\/09\/Puerto-Hamburgo.jpg","twitter:label1":"Escrito por","twitter:data1":"El Digital de Asturias","twitter:label2":"Tiempo de lectura estimado","twitter:data2":"1 minuto"},"aioseo_meta_data":{"post_id":"1098803","title":null,"description":"Los expertos del Instituto Leibniz de Investigaci\u00f3n Econ\u00f3mica de Halle (IWH) prev\u00e9n un \u00faltimo trimestre d\u00e9bil para la econom\u00eda alemana","keywords":[],"keyphrases":{"focus":{"keyphrase":"IWH","score":80,"analysis":{"keyphraseInTitle":{"title":"Frase clave objetivo en el t\u00edtulo SEO","description":"Frase clave objetivo encontrada en el t\u00edtulo SEO.","score":9,"maxScore":9,"error":0},"keyphraseInDescription":{"title":"Frase clave objetivo en la meta descripci\u00f3n","description":"Frase clave objetivo encontrada en la meta descripci\u00f3n.","score":9,"maxScore":9,"error":0},"keyphraseInURL":{"title":"Frase clave objetivo en la URL","description":"Frase clave objetivo no encontrada en la URL.","score":1,"maxScore":5,"error":1},"keyphraseLength":{"title":"Longitud de la Frase clave objetivo","description":"\u00a1Buen trabajo!","score":9,"maxScore":9,"error":0,"length":1},"keyphraseInIntroduction":{"title":"Frase clave objetivo en la introducci\u00f3n","description":"Su Frase clave objetivo aparece en el primer p\u00e1rrafo. \u00a1Bien hecho!","score":9,"maxScore":9,"error":0},"keyphraseInSubHeadings":[],"keyphraseInImageAlt":{"title":"Frase clave objetivo en los atributos alt de las im\u00e1genes","description":"Frase clave objetivo no se encuentra en los atributos alt de la imagen. A\u00f1ada una imagen con su Frase clave objetivo como texto alternativo.","score":3,"maxScore":9,"error":1}}},"additional":[{"keyphrase":"econom\u00eda alemana","score":83,"analysis":{"keyphraseInDescription":{"title":"Frase clave en la meta descripci\u00f3n","description":"Frase clave encontrada en la meta descripci\u00f3n.","score":9,"maxScore":9,"error":0},"keyphraseLength":{"title":"Longitud de la Frase clave","description":"\u00a1Buen trabajo!","score":9,"maxScore":9,"error":0,"length":2},"keyphraseInIntroduction":{"title":"Frase clave en la introducci\u00f3n","description":"Su Frase clave aparece en el primer p\u00e1rrafo. \u00a1Bien hecho!","score":9,"maxScore":9,"error":0},"keyphraseInImageAlt":{"title":"Frase clave en los atributos alt de las im\u00e1genes","description":"Frase clave no se encuentra en los atributos alt de la imagen. A\u00f1ada una imagen con su Frase clave como texto alternativo.","score":3,"maxScore":9,"error":1}}},{"keyphrase":" trimestre d\u00e9bil","score":100,"analysis":{"keyphraseInDescription":{"title":"Frase clave en la meta descripci\u00f3n","description":"Frase clave encontrada en la meta descripci\u00f3n.","score":9,"maxScore":9,"error":0},"keyphraseLength":{"title":"Longitud de la Frase clave","description":"\u00a1Buen trabajo!","score":9,"maxScore":9,"error":0,"length":2},"keyphraseInIntroduction":{"title":"Frase clave en la introducci\u00f3n","description":"Su Frase clave aparece en el primer p\u00e1rrafo. \u00a1Bien hecho!","score":9,"maxScore":9,"error":0},"keyphraseInImageAlt":{"title":"Frase clave en los atributos alt de las im\u00e1genes","description":"Frase clave encontrada en los atributos alt de la(s) imagen(es).","score":9,"maxScore":9,"error":0}}}]},"primary_term":null,"canonical_url":null,"og_title":null,"og_description":null,"og_object_type":"default","og_image_type":"default","og_image_url":null,"og_image_width":null,"og_image_height":null,"og_image_custom_url":null,"og_image_custom_fields":null,"og_video":"","og_custom_url":null,"og_article_section":null,"og_article_tags":[],"twitter_use_og":false,"twitter_card":"default","twitter_image_type":"default","twitter_image_url":null,"twitter_image_custom_url":null,"twitter_image_custom_fields":null,"twitter_title":null,"twitter_description":null,"schema":{"blockGraphs":[],"customGraphs":[],"default":{"data":{"Article":[],"Course":[],"Dataset":[],"FAQPage":[],"Movie":[],"Person":[],"Product":[],"ProductReview":[],"Car":[],"Recipe":[],"Service":[],"SoftwareApplication":[],"WebPage":[]},"graphName":"","isEnabled":true},"graphs":[]},"schema_type":"default","schema_type_options":"{\"article\":{\"articleType\":\"BlogPosting\"},\"course\":{\"name\":\"\",\"description\":\"\",\"provider\":\"\"},\"faq\":{\"pages\":[]},\"product\":{\"reviews\":[]},\"recipe\":{\"ingredients\":[],\"instructions\":[],\"keywords\":[]},\"software\":{\"reviews\":[],\"operatingSystems\":[]},\"webPage\":{\"webPageType\":\"WebPage\"}}","pillar_content":false,"robots_default":true,"robots_noindex":false,"robots_noarchive":false,"robots_nosnippet":false,"robots_nofollow":false,"robots_noimageindex":false,"robots_noodp":false,"robots_notranslate":false,"robots_max_snippet":"-1","robots_max_videopreview":"-1","robots_max_imagepreview":"large","priority":null,"frequency":"default","local_seo":null,"seo_analyzer_scan_date":"2025-09-19 08:53:02","breadcrumb_settings":null,"limit_modified_date":false,"open_ai":null,"ai":null,"created":"2021-09-14 14:39:02","updated":"2025-09-24 00:34:36"},"aioseo_breadcrumb":"<div class=\"aioseo-breadcrumbs\"><span class=\"aioseo-breadcrumb\">\n\t<a href=\"https:\/\/www.eldigitaldeasturias.com\/noticias\" title=\"Home\">Home<\/a>\n<\/span><span class=\"aioseo-breadcrumb-separator\">\u2013<\/span><span class=\"aioseo-breadcrumb\">\n\t<a href=\"https:\/\/www.eldigitaldeasturias.com\/noticias\/category\/economia\/\" title=\"Econom\u00eda\">Econom\u00eda<\/a>\n<\/span><span class=\"aioseo-breadcrumb-separator\">\u2013<\/span><span class=\"aioseo-breadcrumb\">\n\t<a href=\"https:\/\/www.eldigitaldeasturias.com\/noticias\/instituto-iwh-predice-un-cuarto-trimestre-debil-para-la-economia-alemana\/\" title=\"Instituto IWH predice un cuarto trimestre d\u00e9bil para la econom\u00eda alemana\">Instituto IWH predice un cuarto trimestre d\u00e9bil para la econom\u00eda alemana<\/a>\n<\/span><\/div>","aioseo_breadcrumb_json":[{"label":"Home","link":"https:\/\/www.eldigitaldeasturias.com\/noticias"},{"label":"Econom\u00eda","link":"https:\/\/www.eldigitaldeasturias.com\/noticias\/category\/economia\/"},{"label":"Instituto IWH predice un cuarto trimestre d\u00e9bil para la econom\u00eda alemana","link":"https:\/\/www.eldigitaldeasturias.com\/noticias\/instituto-iwh-predice-un-cuarto-trimestre-debil-para-la-economia-alemana\/"}],"_links":{"self":[{"href":"https:\/\/www.eldigitaldeasturias.com\/noticias\/wp-json\/wp\/v2\/posts\/1098803","targetHints":{"allow":["GET"]}}],"collection":[{"href":"https:\/\/www.eldigitaldeasturias.com\/noticias\/wp-json\/wp\/v2\/posts"}],"about":[{"href":"https:\/\/www.eldigitaldeasturias.com\/noticias\/wp-json\/wp\/v2\/types\/post"}],"author":[{"embeddable":true,"href":"https:\/\/www.eldigitaldeasturias.com\/noticias\/wp-json\/wp\/v2\/users\/1"}],"replies":[{"embeddable":true,"href":"https:\/\/www.eldigitaldeasturias.com\/noticias\/wp-json\/wp\/v2\/comments?post=1098803"}],"version-history":[{"count":0,"href":"https:\/\/www.eldigitaldeasturias.com\/noticias\/wp-json\/wp\/v2\/posts\/1098803\/revisions"}],"wp:featuredmedia":[{"embeddable":true,"href":"https:\/\/www.eldigitaldeasturias.com\/noticias\/wp-json\/wp\/v2\/media\/1098804"}],"wp:attachment":[{"href":"https:\/\/www.eldigitaldeasturias.com\/noticias\/wp-json\/wp\/v2\/media?parent=1098803"}],"wp:term":[{"taxonomy":"category","embeddable":true,"href":"https:\/\/www.eldigitaldeasturias.com\/noticias\/wp-json\/wp\/v2\/categories?post=1098803"},{"taxonomy":"post_tag","embeddable":true,"href":"https:\/\/www.eldigitaldeasturias.com\/noticias\/wp-json\/wp\/v2\/tags?post=1098803"}],"curies":[{"name":"wp","href":"https:\/\/api.w.org\/{rel}","templated":true}]}}