{"id":1097838,"date":"2021-08-26T17:30:30","date_gmt":"2021-08-26T15:30:30","guid":{"rendered":"https:\/\/www.eldigitaldeasturias.com\/noticias\/?p=1097838"},"modified":"2021-08-26T17:30:30","modified_gmt":"2021-08-26T15:30:30","slug":"atentado-junto-al-aeropuerto-de-kabul","status":"publish","type":"post","link":"https:\/\/www.eldigitaldeasturias.com\/noticias\/atentado-junto-al-aeropuerto-de-kabul\/","title":{"rendered":"Atentado junto al aeropuerto de Kabul"},"content":{"rendered":"<p><img loading=\"lazy\" decoding=\"async\" class=\"alignleft size-medium wp-image-1097055\" src=\"https:\/\/www.eldigitaldeasturias.com\/noticias\/wp-content\/uploads\/2021\/08\/noticias-urgentes-360x225.jpg\" alt=\"noticias urgentes\" width=\"360\" height=\"225\" srcset=\"https:\/\/www.eldigitaldeasturias.com\/noticias\/wp-content\/uploads\/2021\/08\/noticias-urgentes-360x225.jpg 360w, https:\/\/www.eldigitaldeasturias.com\/noticias\/wp-content\/uploads\/2021\/08\/noticias-urgentes-480x300.jpg 480w, https:\/\/www.eldigitaldeasturias.com\/noticias\/wp-content\/uploads\/2021\/08\/noticias-urgentes-150x94.jpg 150w, https:\/\/www.eldigitaldeasturias.com\/noticias\/wp-content\/uploads\/2021\/08\/noticias-urgentes-450x281.jpg 450w, https:\/\/www.eldigitaldeasturias.com\/noticias\/wp-content\/uploads\/2021\/08\/noticias-urgentes.jpg 640w\" sizes=\"auto, (max-width: 360px) 100vw, 360px\" \/>(EP) &#8211; Al menos once personas han muerto por una <strong>explosi\u00f3n registrada este jueves junto al aeropuerto de Kabul y atribuida supuestamente a un terrorista suicida<\/strong>, seg\u00fan fuentes talib\u00e1n citadas por la cadena brit\u00e1nica BBC y la qatar\u00ed Al Yazira, sin que por ahora haya un balance oficial.<\/p>\n<p>El Departamento de Defensa de Estados Unidos ha confirmado a trav\u00e9s de su portavoz, John Kirby, que la explosi\u00f3n, ocurrida en la zona de la Abbey Gate, \u00abha provocado un n\u00famero desconocido de v\u00edctimas\u00bb.<\/p>\n<p>Un portavoz talib\u00e1n ha asegurado que hay once v\u00edctimas mortales, entre las cuales habr\u00eda ni\u00f1os, mientras que medios locales como Pajhwok o Ariana hablan ya de \u00abdecenas\u00bb de heridos. Los medios locales han difundido im\u00e1genes de los instantes posteriores al ataque, con civiles transportando a personas que habr\u00edan resultado heridas<\/p>\n<p><strong>Las primeras hip\u00f3tesis apuntan a un atentado suicida, seg\u00fan fuentes consultadas por las cadenas CNN y Al Arabiya<\/strong>, si bien fuentes locales hablan tambi\u00e9n de posibles disparos en las inmediaciones de la Abbey Gate, uno de los puntos de acceso clave al aer\u00f3dromo durante el proceso de evacuaciones iniciado hace una semana y media.<\/p>\n<p><strong>Al menos tres militares de Estados Unidos figuran entre los heridos, seg\u00fan fuentes citadas por Fox News<\/strong>. El Ministerio de Defensa de Reino Unido, por su parte, no tiene constancia de que haya v\u00edctimas brit\u00e1nicas.<\/p>\n<p>La Embajada de Estados Unidos, que el mi\u00e9rcoles hab\u00eda lanzado un aviso por un posible atentado inminente, ha recomendado a sus ciudadanos que eviten dirigirse al aeropuerto y a sus puertas tras la explosi\u00f3n registrada. \u00abLos ciudadanos estadounidenses que se encuentran en Abbey Gate, East Gate o North Gate deber\u00edan marcharse inmediatamente\u00bb, ha instado.<\/p>\n<p>Por su parte, el embajador franc\u00e9s en Kabul, David Martinon, ha aconsejado a los \u00abamigos afganos\u00bb que se encuentran en las proximidades de la entrada del aeropuerto que se alejen con urgencia y busquen cobijo ya que \u00abes posible una segunda explosi\u00f3n\u00bb, ha escrito en su Twitter.<\/p>\n<p>Los talib\u00e1n advirtieron esta semana de que no facilitar\u00edan la llegada al aer\u00f3dromo de ning\u00fan ciudadano afgano y tambi\u00e9n exhortaron a la poblaci\u00f3n a abandonar la zona, aludiendo igualmente a razones de seguridad.<\/p>\n<h2>ESTADO ISL\u00c1MICO PROVINCIA DE JORAS\u00c1N<\/h2>\n<p>Con los talib\u00e1n ya pr\u00e1cticamente al mando del pa\u00eds, la principal amenaza ahora deriva de Estado Isl\u00e1mico, que se hace llamar en Afganist\u00e1n Estado Isl\u00e1mico Provincia de Joras\u00e1n. El nombre alude a una regi\u00f3n hist\u00f3rica que a d\u00eda de hoy se reparte entre Afganist\u00e1n y Pakist\u00e1n y su objetivo es compartido con otras organizaciones afines: imponer una estricto r\u00e9gimen bajo la &#8216;sharia&#8217; o ley isl\u00e1mica.<\/p>\n<p>El grupo, surgido en enero de 2015, se nutre de una amalgama de talib\u00e1n afganos y paquistan\u00edes. Sus doctrinas son incluso m\u00e1s duras que las de los talib\u00e1n, a los que consideran herejes y a quienes recriminaron el acuerdo de paz sellado en febrero de 2020 con el entonces Gobierno de Estados Unidos, encabezado por el presidente Donald Trump, punto de partida del repliegue extranjero.<\/p>\n<p>En los \u00faltimos a\u00f1os, Estado Isl\u00e1mico Provincia de Joras\u00e1n ha sufrido varias derrotas militares y la detenci\u00f3n de algunos de sus principales l\u00edderes, pero ha terminado creciendo al albor del caos en que se ha visto sumido Afganist\u00e1n y ha seguido perpetrando atentados, tambi\u00e9n en Kabul. Entre sus objetivos figuran autoridades locales y fuerzas extranjeras.<\/p>\n","protected":false},"excerpt":{"rendered":"<p>(EP) &#8211; Al menos once personas han muerto por una explosi\u00f3n registrada este jueves junto al aeropuerto de Kabul y atribuida supuestamente a un terrorista suicida, seg\u00fan fuentes talib\u00e1n citadas por la cadena brit\u00e1nica BBC y la qatar\u00ed Al Yazira, sin que por ahora haya un balance oficial. El Departamento de Defensa de Estados Unidos [&hellip;]<\/p>\n","protected":false},"author":1,"featured_media":1097055,"comment_status":"closed","ping_status":"closed","sticky":false,"template":"","format":"standard","meta":{"footnotes":""},"categories":[1,141],"tags":[],"class_list":["post-1097838","post","type-post","status-publish","format-standard","has-post-thumbnail","hentry","category-actualidad","category-destacadas"],"aioseo_notices":[],"aioseo_head":"\n\t\t<!-- All in One SEO Pro 4.9.6.2 - aioseo.com -->\n\t<meta name=\"description\" content=\"Al menos once personas han muerto por una explosi\u00f3n registrada este jueves junto al aeropuerto de Kabul y atribuida supuestamente a un terrorista suicida\" \/>\n\t<meta name=\"robots\" content=\"max-image-preview:large\" \/>\n\t<meta name=\"author\" content=\"El Digital de Asturias\"\/>\n\t<meta name=\"google-site-verification\" content=\"UA-38556648-1\" \/>\n\t<meta name=\"msvalidate.01\" content=\"7dfe9f3f1b24437ab69f4f2559babe99\" \/>\n\t<meta name=\"keywords\" content=\"actualidad,afganist\u00e1n,internacional,noticias urgentes,destacadas\" \/>\n\t<link rel=\"canonical\" href=\"https:\/\/www.eldigitaldeasturias.com\/noticias\/atentado-junto-al-aeropuerto-de-kabul\/\" \/>\n\t<meta name=\"generator\" content=\"All in One SEO Pro (AIOSEO) 4.9.6.2\" \/>\n\t\t<meta property=\"og:locale\" content=\"es_ES\" \/>\n\t\t<meta property=\"og:site_name\" content=\"El Digital de Asturias\" \/>\n\t\t<meta property=\"og:type\" content=\"article\" \/>\n\t\t<meta property=\"og:title\" content=\"Atentado junto al aeropuerto de Kabul - El Digital de Asturias\" \/>\n\t\t<meta property=\"og:description\" content=\"Al menos once personas han muerto por una explosi\u00f3n registrada este jueves junto al aeropuerto de Kabul y atribuida supuestamente a un terrorista suicida\" \/>\n\t\t<meta property=\"og:url\" content=\"https:\/\/www.eldigitaldeasturias.com\/noticias\/atentado-junto-al-aeropuerto-de-kabul\/\" \/>\n\t\t<meta property=\"og:image\" content=\"https:\/\/www.eldigitaldeasturias.com\/noticias\/wp-content\/uploads\/2021\/08\/noticias-urgentes.jpg\" \/>\n\t\t<meta property=\"og:image:secure_url\" content=\"https:\/\/www.eldigitaldeasturias.com\/noticias\/wp-content\/uploads\/2021\/08\/noticias-urgentes.jpg\" \/>\n\t\t<meta property=\"og:image:width\" content=\"640\" \/>\n\t\t<meta property=\"og:image:height\" content=\"400\" \/>\n\t\t<meta property=\"article:tag\" content=\"actualidad\" \/>\n\t\t<meta property=\"article:tag\" content=\"afganist\u00e1n\" \/>\n\t\t<meta property=\"article:tag\" content=\"internacional\" \/>\n\t\t<meta property=\"article:tag\" content=\"noticias urgentes\" \/>\n\t\t<meta property=\"article:tag\" content=\"destacadas\" \/>\n\t\t<meta property=\"article:published_time\" content=\"2021-08-26T15:30:30+00:00\" \/>\n\t\t<meta property=\"article:modified_time\" content=\"2021-08-26T15:30:30+00:00\" \/>\n\t\t<meta property=\"article:publisher\" content=\"https:\/\/facebook.com\/eldigitaldeasturias\" \/>\n\t\t<meta name=\"twitter:card\" content=\"summary_large_image\" \/>\n\t\t<meta name=\"twitter:title\" content=\"Atentado junto al aeropuerto de Kabul - El Digital de Asturias\" \/>\n\t\t<meta name=\"twitter:description\" content=\"Al menos once personas han muerto por una explosi\u00f3n registrada este jueves junto al aeropuerto de Kabul y atribuida supuestamente a un terrorista suicida\" \/>\n\t\t<meta name=\"twitter:image\" content=\"https:\/\/www.eldigitaldeasturias.com\/noticias\/wp-content\/uploads\/2021\/08\/noticias-urgentes.jpg\" \/>\n\t\t<meta name=\"twitter:label1\" content=\"Escrito por\" \/>\n\t\t<meta name=\"twitter:data1\" content=\"El Digital de Asturias\" \/>\n\t\t<meta name=\"twitter:label2\" content=\"Tiempo de lectura estimado\" \/>\n\t\t<meta name=\"twitter:data2\" content=\"3 minutos\" \/>\n\t\t<script type=\"application\/ld+json\" class=\"aioseo-schema\">\n\t\t\t{\"@context\":\"https:\\\/\\\/schema.org\",\"@graph\":[{\"@type\":\"BlogPosting\",\"@id\":\"https:\\\/\\\/www.eldigitaldeasturias.com\\\/noticias\\\/atentado-junto-al-aeropuerto-de-kabul\\\/#blogposting\",\"name\":\"Atentado junto al aeropuerto de Kabul - El Digital de Asturias\",\"headline\":\"Atentado junto al aeropuerto de Kabul\",\"author\":{\"@id\":\"https:\\\/\\\/www.eldigitaldeasturias.com\\\/noticias\\\/author\\\/admin\\\/#author\"},\"publisher\":{\"@id\":\"https:\\\/\\\/www.eldigitaldeasturias.com\\\/noticias\\\/#organization\"},\"image\":{\"@type\":\"ImageObject\",\"url\":\"https:\\\/\\\/www.eldigitaldeasturias.com\\\/noticias\\\/wp-content\\\/uploads\\\/2021\\\/08\\\/noticias-urgentes.jpg\",\"width\":640,\"height\":400,\"caption\":\"noticias urgentes\"},\"datePublished\":\"2021-08-26T17:30:30+02:00\",\"dateModified\":\"2021-08-26T17:30:30+02:00\",\"inLanguage\":\"es-ES\",\"mainEntityOfPage\":{\"@id\":\"https:\\\/\\\/www.eldigitaldeasturias.com\\\/noticias\\\/atentado-junto-al-aeropuerto-de-kabul\\\/#webpage\"},\"isPartOf\":{\"@id\":\"https:\\\/\\\/www.eldigitaldeasturias.com\\\/noticias\\\/atentado-junto-al-aeropuerto-de-kabul\\\/#webpage\"},\"articleSection\":\"Actualidad, Destacadas\"},{\"@type\":\"BreadcrumbList\",\"@id\":\"https:\\\/\\\/www.eldigitaldeasturias.com\\\/noticias\\\/atentado-junto-al-aeropuerto-de-kabul\\\/#breadcrumblist\",\"itemListElement\":[{\"@type\":\"ListItem\",\"@id\":\"https:\\\/\\\/www.eldigitaldeasturias.com\\\/noticias#listItem\",\"position\":1,\"name\":\"Home\",\"item\":\"https:\\\/\\\/www.eldigitaldeasturias.com\\\/noticias\",\"nextItem\":{\"@type\":\"ListItem\",\"@id\":\"https:\\\/\\\/www.eldigitaldeasturias.com\\\/noticias\\\/category\\\/actualidad\\\/#listItem\",\"name\":\"Actualidad\"}},{\"@type\":\"ListItem\",\"@id\":\"https:\\\/\\\/www.eldigitaldeasturias.com\\\/noticias\\\/category\\\/actualidad\\\/#listItem\",\"position\":2,\"name\":\"Actualidad\",\"item\":\"https:\\\/\\\/www.eldigitaldeasturias.com\\\/noticias\\\/category\\\/actualidad\\\/\",\"nextItem\":{\"@type\":\"ListItem\",\"@id\":\"https:\\\/\\\/www.eldigitaldeasturias.com\\\/noticias\\\/atentado-junto-al-aeropuerto-de-kabul\\\/#listItem\",\"name\":\"Atentado junto al aeropuerto de Kabul\"},\"previousItem\":{\"@type\":\"ListItem\",\"@id\":\"https:\\\/\\\/www.eldigitaldeasturias.com\\\/noticias#listItem\",\"name\":\"Home\"}},{\"@type\":\"ListItem\",\"@id\":\"https:\\\/\\\/www.eldigitaldeasturias.com\\\/noticias\\\/atentado-junto-al-aeropuerto-de-kabul\\\/#listItem\",\"position\":3,\"name\":\"Atentado junto al aeropuerto de Kabul\",\"previousItem\":{\"@type\":\"ListItem\",\"@id\":\"https:\\\/\\\/www.eldigitaldeasturias.com\\\/noticias\\\/category\\\/actualidad\\\/#listItem\",\"name\":\"Actualidad\"}}]},{\"@type\":\"Organization\",\"@id\":\"https:\\\/\\\/www.eldigitaldeasturias.com\\\/noticias\\\/#organization\",\"name\":\"El Digital de Asturias\",\"description\":\"Hemeroteca\",\"url\":\"https:\\\/\\\/www.eldigitaldeasturias.com\\\/noticias\\\/\",\"email\":\"info@eldigitaldeasturias.com\",\"telephone\":\"+34652131393\",\"logo\":{\"@type\":\"ImageObject\",\"url\":\"https:\\\/\\\/www.eldigitaldeasturias.com\\\/noticias\\\/wp-content\\\/uploads\\\/2020\\\/12\\\/EDA.jpg\",\"@id\":\"https:\\\/\\\/www.eldigitaldeasturias.com\\\/noticias\\\/atentado-junto-al-aeropuerto-de-kabul\\\/#organizationLogo\",\"width\":649,\"height\":297},\"image\":{\"@id\":\"https:\\\/\\\/www.eldigitaldeasturias.com\\\/noticias\\\/atentado-junto-al-aeropuerto-de-kabul\\\/#organizationLogo\"},\"sameAs\":[\"https:\\\/\\\/facebook.com\\\/eldigitaldeasturias\",\"https:\\\/\\\/www.youtube.com\\\/channel\\\/UCZP-2wLEB9Rv6erhFmqVnvg\"],\"address\":{\"@id\":\"https:\\\/\\\/www.eldigitaldeasturias.com\\\/noticias\\\/#postaladdress\",\"@type\":\"PostalAddress\",\"streetAddress\":\"san antonio 4,\",\"postalCode\":\"33430\",\"addressLocality\":\"Cand\\u00e1s\",\"addressRegion\":\"Asturias\",\"addressCountry\":\"ES\"}},{\"@type\":\"Person\",\"@id\":\"https:\\\/\\\/www.eldigitaldeasturias.com\\\/noticias\\\/author\\\/admin\\\/#author\",\"url\":\"https:\\\/\\\/www.eldigitaldeasturias.com\\\/noticias\\\/author\\\/admin\\\/\",\"name\":\"El Digital de Asturias\",\"image\":{\"@type\":\"ImageObject\",\"@id\":\"https:\\\/\\\/www.eldigitaldeasturias.com\\\/noticias\\\/atentado-junto-al-aeropuerto-de-kabul\\\/#authorImage\",\"url\":\"https:\\\/\\\/www.eldigitaldeasturias.com\\\/noticias\\\/wp-content\\\/litespeed\\\/avatar\\\/18677e78aa0546b92d9dbf31ec7d7668.jpg?ver=1776685526\",\"width\":96,\"height\":96,\"caption\":\"El Digital de Asturias\"}},{\"@type\":\"WebPage\",\"@id\":\"https:\\\/\\\/www.eldigitaldeasturias.com\\\/noticias\\\/atentado-junto-al-aeropuerto-de-kabul\\\/#webpage\",\"url\":\"https:\\\/\\\/www.eldigitaldeasturias.com\\\/noticias\\\/atentado-junto-al-aeropuerto-de-kabul\\\/\",\"name\":\"Atentado junto al aeropuerto de Kabul - El Digital de Asturias\",\"description\":\"Al menos once personas han muerto por una explosi\\u00f3n registrada este jueves junto al aeropuerto de Kabul y atribuida supuestamente a un terrorista suicida\",\"inLanguage\":\"es-ES\",\"isPartOf\":{\"@id\":\"https:\\\/\\\/www.eldigitaldeasturias.com\\\/noticias\\\/#website\"},\"breadcrumb\":{\"@id\":\"https:\\\/\\\/www.eldigitaldeasturias.com\\\/noticias\\\/atentado-junto-al-aeropuerto-de-kabul\\\/#breadcrumblist\"},\"author\":{\"@id\":\"https:\\\/\\\/www.eldigitaldeasturias.com\\\/noticias\\\/author\\\/admin\\\/#author\"},\"creator\":{\"@id\":\"https:\\\/\\\/www.eldigitaldeasturias.com\\\/noticias\\\/author\\\/admin\\\/#author\"},\"image\":{\"@type\":\"ImageObject\",\"url\":\"https:\\\/\\\/www.eldigitaldeasturias.com\\\/noticias\\\/wp-content\\\/uploads\\\/2021\\\/08\\\/noticias-urgentes.jpg\",\"@id\":\"https:\\\/\\\/www.eldigitaldeasturias.com\\\/noticias\\\/atentado-junto-al-aeropuerto-de-kabul\\\/#mainImage\",\"width\":640,\"height\":400,\"caption\":\"noticias urgentes\"},\"primaryImageOfPage\":{\"@id\":\"https:\\\/\\\/www.eldigitaldeasturias.com\\\/noticias\\\/atentado-junto-al-aeropuerto-de-kabul\\\/#mainImage\"},\"datePublished\":\"2021-08-26T17:30:30+02:00\",\"dateModified\":\"2021-08-26T17:30:30+02:00\"},{\"@type\":\"WebSite\",\"@id\":\"https:\\\/\\\/www.eldigitaldeasturias.com\\\/noticias\\\/#website\",\"url\":\"https:\\\/\\\/www.eldigitaldeasturias.com\\\/noticias\\\/\",\"name\":\"El Digital de Asturias - Diario de actualidad y noticias\",\"alternateName\":\"El Digital de Asturias - Diario de actualidad y noticias\",\"description\":\"Hemeroteca\",\"inLanguage\":\"es-ES\",\"publisher\":{\"@id\":\"https:\\\/\\\/www.eldigitaldeasturias.com\\\/noticias\\\/#organization\"}}]}\n\t\t<\/script>\n\t\t<!-- All in One SEO Pro -->\r\n\t\t<title>Atentado junto al aeropuerto de Kabul - El Digital de Asturias<\/title>\n\n","aioseo_head_json":{"title":"Atentado junto al aeropuerto de Kabul - El Digital de Asturias","description":"Al menos once personas han muerto por una explosi\u00f3n registrada este jueves junto al aeropuerto de Kabul y atribuida supuestamente a un terrorista suicida","canonical_url":"https:\/\/www.eldigitaldeasturias.com\/noticias\/atentado-junto-al-aeropuerto-de-kabul\/","robots":"max-image-preview:large","keywords":"actualidad,afganist\u00e1n,internacional,noticias urgentes,destacadas","webmasterTools":{"google-site-verification":"UA-38556648-1","msvalidate.01":"7dfe9f3f1b24437ab69f4f2559babe99","miscellaneous":""},"schema":{"@context":"https:\/\/schema.org","@graph":[{"@type":"BlogPosting","@id":"https:\/\/www.eldigitaldeasturias.com\/noticias\/atentado-junto-al-aeropuerto-de-kabul\/#blogposting","name":"Atentado junto al aeropuerto de Kabul - El Digital de Asturias","headline":"Atentado junto al aeropuerto de Kabul","author":{"@id":"https:\/\/www.eldigitaldeasturias.com\/noticias\/author\/admin\/#author"},"publisher":{"@id":"https:\/\/www.eldigitaldeasturias.com\/noticias\/#organization"},"image":{"@type":"ImageObject","url":"https:\/\/www.eldigitaldeasturias.com\/noticias\/wp-content\/uploads\/2021\/08\/noticias-urgentes.jpg","width":640,"height":400,"caption":"noticias urgentes"},"datePublished":"2021-08-26T17:30:30+02:00","dateModified":"2021-08-26T17:30:30+02:00","inLanguage":"es-ES","mainEntityOfPage":{"@id":"https:\/\/www.eldigitaldeasturias.com\/noticias\/atentado-junto-al-aeropuerto-de-kabul\/#webpage"},"isPartOf":{"@id":"https:\/\/www.eldigitaldeasturias.com\/noticias\/atentado-junto-al-aeropuerto-de-kabul\/#webpage"},"articleSection":"Actualidad, Destacadas"},{"@type":"BreadcrumbList","@id":"https:\/\/www.eldigitaldeasturias.com\/noticias\/atentado-junto-al-aeropuerto-de-kabul\/#breadcrumblist","itemListElement":[{"@type":"ListItem","@id":"https:\/\/www.eldigitaldeasturias.com\/noticias#listItem","position":1,"name":"Home","item":"https:\/\/www.eldigitaldeasturias.com\/noticias","nextItem":{"@type":"ListItem","@id":"https:\/\/www.eldigitaldeasturias.com\/noticias\/category\/actualidad\/#listItem","name":"Actualidad"}},{"@type":"ListItem","@id":"https:\/\/www.eldigitaldeasturias.com\/noticias\/category\/actualidad\/#listItem","position":2,"name":"Actualidad","item":"https:\/\/www.eldigitaldeasturias.com\/noticias\/category\/actualidad\/","nextItem":{"@type":"ListItem","@id":"https:\/\/www.eldigitaldeasturias.com\/noticias\/atentado-junto-al-aeropuerto-de-kabul\/#listItem","name":"Atentado junto al aeropuerto de Kabul"},"previousItem":{"@type":"ListItem","@id":"https:\/\/www.eldigitaldeasturias.com\/noticias#listItem","name":"Home"}},{"@type":"ListItem","@id":"https:\/\/www.eldigitaldeasturias.com\/noticias\/atentado-junto-al-aeropuerto-de-kabul\/#listItem","position":3,"name":"Atentado junto al aeropuerto de Kabul","previousItem":{"@type":"ListItem","@id":"https:\/\/www.eldigitaldeasturias.com\/noticias\/category\/actualidad\/#listItem","name":"Actualidad"}}]},{"@type":"Organization","@id":"https:\/\/www.eldigitaldeasturias.com\/noticias\/#organization","name":"El Digital de Asturias","description":"Hemeroteca","url":"https:\/\/www.eldigitaldeasturias.com\/noticias\/","email":"info@eldigitaldeasturias.com","telephone":"+34652131393","logo":{"@type":"ImageObject","url":"https:\/\/www.eldigitaldeasturias.com\/noticias\/wp-content\/uploads\/2020\/12\/EDA.jpg","@id":"https:\/\/www.eldigitaldeasturias.com\/noticias\/atentado-junto-al-aeropuerto-de-kabul\/#organizationLogo","width":649,"height":297},"image":{"@id":"https:\/\/www.eldigitaldeasturias.com\/noticias\/atentado-junto-al-aeropuerto-de-kabul\/#organizationLogo"},"sameAs":["https:\/\/facebook.com\/eldigitaldeasturias","https:\/\/www.youtube.com\/channel\/UCZP-2wLEB9Rv6erhFmqVnvg"],"address":{"@id":"https:\/\/www.eldigitaldeasturias.com\/noticias\/#postaladdress","@type":"PostalAddress","streetAddress":"san antonio 4,","postalCode":"33430","addressLocality":"Cand\u00e1s","addressRegion":"Asturias","addressCountry":"ES"}},{"@type":"Person","@id":"https:\/\/www.eldigitaldeasturias.com\/noticias\/author\/admin\/#author","url":"https:\/\/www.eldigitaldeasturias.com\/noticias\/author\/admin\/","name":"El Digital de Asturias","image":{"@type":"ImageObject","@id":"https:\/\/www.eldigitaldeasturias.com\/noticias\/atentado-junto-al-aeropuerto-de-kabul\/#authorImage","url":"https:\/\/www.eldigitaldeasturias.com\/noticias\/wp-content\/litespeed\/avatar\/18677e78aa0546b92d9dbf31ec7d7668.jpg?ver=1776685526","width":96,"height":96,"caption":"El Digital de Asturias"}},{"@type":"WebPage","@id":"https:\/\/www.eldigitaldeasturias.com\/noticias\/atentado-junto-al-aeropuerto-de-kabul\/#webpage","url":"https:\/\/www.eldigitaldeasturias.com\/noticias\/atentado-junto-al-aeropuerto-de-kabul\/","name":"Atentado junto al aeropuerto de Kabul - El Digital de Asturias","description":"Al menos once personas han muerto por una explosi\u00f3n registrada este jueves junto al aeropuerto de Kabul y atribuida supuestamente a un terrorista suicida","inLanguage":"es-ES","isPartOf":{"@id":"https:\/\/www.eldigitaldeasturias.com\/noticias\/#website"},"breadcrumb":{"@id":"https:\/\/www.eldigitaldeasturias.com\/noticias\/atentado-junto-al-aeropuerto-de-kabul\/#breadcrumblist"},"author":{"@id":"https:\/\/www.eldigitaldeasturias.com\/noticias\/author\/admin\/#author"},"creator":{"@id":"https:\/\/www.eldigitaldeasturias.com\/noticias\/author\/admin\/#author"},"image":{"@type":"ImageObject","url":"https:\/\/www.eldigitaldeasturias.com\/noticias\/wp-content\/uploads\/2021\/08\/noticias-urgentes.jpg","@id":"https:\/\/www.eldigitaldeasturias.com\/noticias\/atentado-junto-al-aeropuerto-de-kabul\/#mainImage","width":640,"height":400,"caption":"noticias urgentes"},"primaryImageOfPage":{"@id":"https:\/\/www.eldigitaldeasturias.com\/noticias\/atentado-junto-al-aeropuerto-de-kabul\/#mainImage"},"datePublished":"2021-08-26T17:30:30+02:00","dateModified":"2021-08-26T17:30:30+02:00"},{"@type":"WebSite","@id":"https:\/\/www.eldigitaldeasturias.com\/noticias\/#website","url":"https:\/\/www.eldigitaldeasturias.com\/noticias\/","name":"El Digital de Asturias - Diario de actualidad y noticias","alternateName":"El Digital de Asturias - Diario de actualidad y noticias","description":"Hemeroteca","inLanguage":"es-ES","publisher":{"@id":"https:\/\/www.eldigitaldeasturias.com\/noticias\/#organization"}}]},"og:locale":"es_ES","og:site_name":"El Digital de Asturias","og:type":"article","og:title":"Atentado junto al aeropuerto de Kabul - El Digital de Asturias","og:description":"Al menos once personas han muerto por una explosi\u00f3n registrada este jueves junto al aeropuerto de Kabul y atribuida supuestamente a un terrorista suicida","og:url":"https:\/\/www.eldigitaldeasturias.com\/noticias\/atentado-junto-al-aeropuerto-de-kabul\/","og:image":"https:\/\/www.eldigitaldeasturias.com\/noticias\/wp-content\/uploads\/2021\/08\/noticias-urgentes.jpg","og:image:secure_url":"https:\/\/www.eldigitaldeasturias.com\/noticias\/wp-content\/uploads\/2021\/08\/noticias-urgentes.jpg","og:image:width":640,"og:image:height":400,"article:tag":["actualidad","afganist\u00e1n","internacional","noticias urgentes","destacadas"],"article:published_time":"2021-08-26T15:30:30+00:00","article:modified_time":"2021-08-26T15:30:30+00:00","article:publisher":"https:\/\/facebook.com\/eldigitaldeasturias","twitter:card":"summary_large_image","twitter:title":"Atentado junto al aeropuerto de Kabul - El Digital de Asturias","twitter:description":"Al menos once personas han muerto por una explosi\u00f3n registrada este jueves junto al aeropuerto de Kabul y atribuida supuestamente a un terrorista suicida","twitter:image":"https:\/\/www.eldigitaldeasturias.com\/noticias\/wp-content\/uploads\/2021\/08\/noticias-urgentes.jpg","twitter:label1":"Escrito por","twitter:data1":"El Digital de Asturias","twitter:label2":"Tiempo de lectura estimado","twitter:data2":"3 minutos"},"aioseo_meta_data":{"post_id":"1097838","title":null,"description":"Al menos once personas han muerto por una explosi\u00f3n registrada este jueves junto al aeropuerto de Kabul y atribuida supuestamente a un terrorista suicida","keywords":[{"label":"Actualidad","value":"Actualidad"},{"label":" Afganist\u00e1n","value":" Afganist\u00e1n"},{"label":" Internacional","value":" Internacional"},{"label":" noticias urgentes","value":" noticias urgentes"}],"keyphrases":{"focus":{"keyphrase":"Kabul ","score":78,"analysis":{"keyphraseInTitle":{"title":"Frase clave objetivo en el t\u00edtulo SEO","description":"Frase clave objetivo encontrada en el t\u00edtulo SEO.","score":9,"maxScore":9,"error":0},"keyphraseInDescription":{"title":"Frase clave objetivo en la meta descripci\u00f3n","description":"Frase clave objetivo encontrada en la meta descripci\u00f3n.","score":9,"maxScore":9,"error":0},"keyphraseInURL":[],"keyphraseLength":{"title":"Longitud de la Frase clave objetivo","description":"\u00a1Buen trabajo!","score":9,"maxScore":9,"error":0,"length":1},"keyphraseInIntroduction":{"title":"Frase clave objetivo en la introducci\u00f3n","description":"Su Frase clave objetivo aparece en el primer p\u00e1rrafo. \u00a1Bien hecho!","score":9,"maxScore":9,"error":0},"keyphraseInSubHeadings":{"title":"Frase clave objetivo sus subt\u00edtulos","description":"Use tu frase clave objetivo m\u00e1s en tus subencabezados H2 y H3.","score":3,"maxScore":9,"error":1},"keyphraseInImageAlt":{"title":"Frase clave objetivo en los atributos alt de la imagen.","description":"Frase clave objetivo no se encuentra en los atributos alt de la imagen. A\u00f1ada una imagen con su Frase clave objetivo como texto alternativo.","score":3,"maxScore":9,"error":1}}},"additional":[{"keyphrase":"aeropuerto de Kabul","score":83,"analysis":{"keyphraseInDescription":{"title":"Frase clave en la meta descripci\u00f3n","description":"Frase clave encontrada en la meta descripci\u00f3n.","score":9,"maxScore":9,"error":0},"keyphraseLength":{"title":"Longitud de la Frase clave","description":"\u00a1Buen trabajo!","score":9,"maxScore":9,"error":0,"length":3},"keyphraseInIntroduction":{"title":"Frase clave en la introducci\u00f3n","description":"Su Frase clave aparece en el primer p\u00e1rrafo. \u00a1Bien hecho!","score":9,"maxScore":9,"error":0},"keyphraseInImageAlt":{"title":"Frase clave en los atributos alt de la imagen.","description":"Frase clave no se encuentra en los atributos alt de la imagen. A\u00f1ada una imagen con su Frase clave como texto alternativo.","score":3,"maxScore":9,"error":1}}},{"keyphrase":"explosi\u00f3n","score":83,"analysis":{"keyphraseInDescription":{"title":"Frase clave en la meta descripci\u00f3n","description":"Frase clave encontrada en la meta descripci\u00f3n.","score":9,"maxScore":9,"error":0},"keyphraseLength":{"title":"Longitud de la Frase clave","description":"\u00a1Buen trabajo!","score":9,"maxScore":9,"error":0,"length":1},"keyphraseInIntroduction":{"title":"Frase clave en la introducci\u00f3n","description":"Su Frase clave aparece en el primer p\u00e1rrafo. \u00a1Bien hecho!","score":9,"maxScore":9,"error":0},"keyphraseInImageAlt":{"title":"Frase clave en los atributos alt de la imagen.","description":"Frase clave no se encuentra en los atributos alt de la imagen. A\u00f1ada una imagen con su Frase clave como texto alternativo.","score":3,"maxScore":9,"error":1}}},{"keyphrase":"de","score":83,"analysis":{"keyphraseInDescription":{"title":"Frase clave en la meta descripci\u00f3n","description":"Frase clave encontrada en la meta descripci\u00f3n.","score":9,"maxScore":9,"error":0},"keyphraseLength":{"title":"Longitud de la Frase clave","description":"\u00a1Buen trabajo!","score":9,"maxScore":9,"error":0,"length":1},"keyphraseInIntroduction":{"title":"Frase clave en la introducci\u00f3n","description":"Su Frase clave aparece en el primer p\u00e1rrafo. \u00a1Bien hecho!","score":9,"maxScore":9,"error":0},"keyphraseInImageAlt":{"title":"Frase clave en los atributos alt de la imagen.","description":"Frase clave no se encuentra en los atributos alt de la imagen. A\u00f1ada una imagen con su Frase clave como texto alternativo.","score":3,"maxScore":9,"error":1}}}]},"primary_term":null,"canonical_url":null,"og_title":null,"og_description":null,"og_object_type":"default","og_image_type":"default","og_image_url":null,"og_image_width":null,"og_image_height":null,"og_image_custom_url":null,"og_image_custom_fields":null,"og_video":"","og_custom_url":null,"og_article_section":null,"og_article_tags":[],"twitter_use_og":false,"twitter_card":"default","twitter_image_type":"default","twitter_image_url":null,"twitter_image_custom_url":null,"twitter_image_custom_fields":null,"twitter_title":null,"twitter_description":null,"schema":{"blockGraphs":[],"customGraphs":[],"default":{"data":{"Article":[],"Course":[],"Dataset":[],"FAQPage":[],"Movie":[],"Person":[],"Product":[],"ProductReview":[],"Car":[],"Recipe":[],"Service":[],"SoftwareApplication":[],"WebPage":[]},"graphName":"","isEnabled":true},"graphs":[]},"schema_type":"default","schema_type_options":"{\"article\":{\"articleType\":\"BlogPosting\"},\"course\":{\"name\":\"\",\"description\":\"\",\"provider\":\"\"},\"faq\":{\"pages\":[]},\"product\":{\"reviews\":[]},\"recipe\":{\"ingredients\":[],\"instructions\":[],\"keywords\":[]},\"software\":{\"reviews\":[],\"operatingSystems\":[]},\"webPage\":{\"webPageType\":\"WebPage\"}}","pillar_content":false,"robots_default":true,"robots_noindex":false,"robots_noarchive":false,"robots_nosnippet":false,"robots_nofollow":false,"robots_noimageindex":false,"robots_noodp":false,"robots_notranslate":false,"robots_max_snippet":"-1","robots_max_videopreview":"-1","robots_max_imagepreview":"large","priority":null,"frequency":"default","local_seo":{"locations":{"business":{"name":"","businessType":"","image":"","areaServed":"","urls":{"website":"","aboutPage":"","contactPage":""},"address":{"streetLine1":"","streetLine2":"","zipCode":"","city":"","state":"","country":"","addressFormat":"#streetLineOne\n#streetLineTwo\n#city, #state #zipCode"},"contact":{"email":"","phone":"","phoneFormatted":"","fax":"","faxFormatted":""},"ids":{"vat":"","tax":"","chamberOfCommerce":""},"payment":{"priceRange":"","currenciesAccepted":"","methods":""}}},"openingHours":{"useDefaults":true,"show":true,"alwaysOpen":false,"use24hFormat":false,"timezone":"","labels":{"closed":"","alwaysOpen":""},"days":{"monday":{"open24h":false,"closed":false,"openTime":"09:00","closeTime":"17:00"},"tuesday":{"open24h":false,"closed":false,"openTime":"09:00","closeTime":"17:00"},"wednesday":{"open24h":false,"closed":false,"openTime":"09:00","closeTime":"17:00"},"thursday":{"open24h":false,"closed":false,"openTime":"09:00","closeTime":"17:00"},"friday":{"open24h":false,"closed":false,"openTime":"09:00","closeTime":"17:00"},"saturday":{"open24h":false,"closed":false,"openTime":"09:00","closeTime":"17:00"},"sunday":{"open24h":false,"closed":false,"openTime":"09:00","closeTime":"17:00"}}}},"seo_analyzer_scan_date":"2025-09-18 14:55:23","breadcrumb_settings":null,"limit_modified_date":false,"open_ai":null,"ai":null,"created":"2021-08-26 15:24:15","updated":"2025-09-23 22:28:33"},"aioseo_breadcrumb":"<div class=\"aioseo-breadcrumbs\"><span class=\"aioseo-breadcrumb\">\n\t<a href=\"https:\/\/www.eldigitaldeasturias.com\/noticias\" title=\"Home\">Home<\/a>\n<\/span><span class=\"aioseo-breadcrumb-separator\">\u2013<\/span><span class=\"aioseo-breadcrumb\">\n\t<a href=\"https:\/\/www.eldigitaldeasturias.com\/noticias\/category\/actualidad\/\" title=\"Actualidad\">Actualidad<\/a>\n<\/span><span class=\"aioseo-breadcrumb-separator\">\u2013<\/span><span class=\"aioseo-breadcrumb\">\n\t<a href=\"https:\/\/www.eldigitaldeasturias.com\/noticias\/atentado-junto-al-aeropuerto-de-kabul\/\" title=\"Atentado junto al aeropuerto de Kabul\">Atentado junto al aeropuerto de Kabul<\/a>\n<\/span><\/div>","aioseo_breadcrumb_json":[{"label":"Home","link":"https:\/\/www.eldigitaldeasturias.com\/noticias"},{"label":"Actualidad","link":"https:\/\/www.eldigitaldeasturias.com\/noticias\/category\/actualidad\/"},{"label":"Atentado junto al aeropuerto de Kabul","link":"https:\/\/www.eldigitaldeasturias.com\/noticias\/atentado-junto-al-aeropuerto-de-kabul\/"}],"_links":{"self":[{"href":"https:\/\/www.eldigitaldeasturias.com\/noticias\/wp-json\/wp\/v2\/posts\/1097838","targetHints":{"allow":["GET"]}}],"collection":[{"href":"https:\/\/www.eldigitaldeasturias.com\/noticias\/wp-json\/wp\/v2\/posts"}],"about":[{"href":"https:\/\/www.eldigitaldeasturias.com\/noticias\/wp-json\/wp\/v2\/types\/post"}],"author":[{"embeddable":true,"href":"https:\/\/www.eldigitaldeasturias.com\/noticias\/wp-json\/wp\/v2\/users\/1"}],"replies":[{"embeddable":true,"href":"https:\/\/www.eldigitaldeasturias.com\/noticias\/wp-json\/wp\/v2\/comments?post=1097838"}],"version-history":[{"count":0,"href":"https:\/\/www.eldigitaldeasturias.com\/noticias\/wp-json\/wp\/v2\/posts\/1097838\/revisions"}],"wp:featuredmedia":[{"embeddable":true,"href":"https:\/\/www.eldigitaldeasturias.com\/noticias\/wp-json\/wp\/v2\/media\/1097055"}],"wp:attachment":[{"href":"https:\/\/www.eldigitaldeasturias.com\/noticias\/wp-json\/wp\/v2\/media?parent=1097838"}],"wp:term":[{"taxonomy":"category","embeddable":true,"href":"https:\/\/www.eldigitaldeasturias.com\/noticias\/wp-json\/wp\/v2\/categories?post=1097838"},{"taxonomy":"post_tag","embeddable":true,"href":"https:\/\/www.eldigitaldeasturias.com\/noticias\/wp-json\/wp\/v2\/tags?post=1097838"}],"curies":[{"name":"wp","href":"https:\/\/api.w.org\/{rel}","templated":true}]}}