{"id":1096001,"date":"2021-07-21T13:15:11","date_gmt":"2021-07-21T11:15:11","guid":{"rendered":"https:\/\/www.eldigitaldeasturias.com\/noticias\/?p=1096001"},"modified":"2021-07-21T13:15:11","modified_gmt":"2021-07-21T11:15:11","slug":"detenido-en-italia-un-concejal-de-la-liga-por-matar-presuntamente-a-un-marroqui","status":"publish","type":"post","link":"https:\/\/www.eldigitaldeasturias.com\/noticias\/detenido-en-italia-un-concejal-de-la-liga-por-matar-presuntamente-a-un-marroqui\/","title":{"rendered":"Detenido en Italia un concejal de la Liga por matar presuntamente a un marroqu\u00ed"},"content":{"rendered":"<p><img loading=\"lazy\" decoding=\"async\" class=\"alignleft size-medium wp-image-1074027\" src=\"https:\/\/www.eldigitaldeasturias.com\/noticias\/wp-content\/uploads\/2020\/08\/Noticias-Urgentes-360x225.jpg\" alt=\"News\" width=\"360\" height=\"225\" \/>(EP) &#8211; Massimo Adiatici, concejal de Seguridad del municipio italiano de Voghera, ha sido detenido este mi\u00e9rcoles por presuntamente matar de un disparo a un hombre de 39 a\u00f1os y origen marroqu\u00ed tras abrir fuego en la plaza de la localidad.<\/p>\n<p>El tambi\u00e9n abogado de la Liga, que trabaj\u00f3 como Polic\u00eda hasta 2011 y forma parte del Ejecutivo local de centro-derecha encabezado por la alcaldesa, Paola Garlaschelli, se encuentra ahora bajo arresto domiciliario, seg\u00fan informaciones del diario &#8216;La Repubblica&#8217;.<\/p>\n<p>El incidente se produjo por la noche en la plaza Meardi, si bien las autoridades ya se encuentran investigando lo sucedido. La Liga no ha tardado en cerrar filas y defender que el tiroteo se produjo en defensa propia.<\/p>\n<p>Sin embargo, el Partido Democr\u00e1tico ha pedido a la formaci\u00f3n de Matteo Salvini que condene lo sucedido y ha aseverado que se trata de una \u00abtragedia resultante de una respuesta a un ataque con un disparo accidental\u00bb.<\/p>\n<p>La reconstrucci\u00f3n inicial llevada a cabo por los Carabinieri de la provincia de Pav\u00eda, Adriatici, que cuenta con permiso para portar armas de fuego, llam\u00f3 a la Polic\u00eda sobre las 22.30 para solicitar una patrulla en la plata Meardi de Voghera ante la presencia de un hombre de \u00aborigen norteafricano que molestaba a los transe\u00fantes\u00bb.<\/p>\n<p>Este \u00faltimo lo habr\u00eda escuchado realizar la llamada y se habr\u00eda acercado a \u00e9l, justo antes de empujarle. Ambos habr\u00edan forcejeado hasta que se produjo el disparo, por lo que no se descarta la hip\u00f3tesis de leg\u00edtima defensa.<\/p>\n<p>\u00abLo que sucedi\u00f3 en Voghera (&#8230;) es un claro episodio de defensa propia. Si no hubiera sido por \u00e9l, un concejal de la Liga, miembro de las fuerzas de seguridad en el pasado, dispuesto a intervenir en defensa de una ni\u00f1a que estaba sufriendo los abusos de un marroqu\u00ed, probablemente ahora estar\u00edamos hablando de violencia contra una ni\u00f1a inocente\u00bb, ha aseverado Angelo Ciocca, eurodiputado de la Liga.<\/p>\n<p>\u00abPor supuesto, siempre se debe evitar la muerte de una persona, pero la din\u00e1mica es indudablemente de autodefensa y la esperanza es que una vez m\u00e1s no se explote pol\u00edticamente lo ocurrido\u00bb, ha a\u00f1adido.<\/p>\n<p>&nbsp;<\/p>\n","protected":false},"excerpt":{"rendered":"<p>(EP) &#8211; Massimo Adiatici, concejal de Seguridad del municipio italiano de Voghera, ha sido detenido este mi\u00e9rcoles por presuntamente matar de un disparo a un hombre de 39 a\u00f1os y origen marroqu\u00ed tras abrir fuego en la plaza de la localidad. El tambi\u00e9n abogado de la Liga, que trabaj\u00f3 como Polic\u00eda hasta 2011 y forma [&hellip;]<\/p>\n","protected":false},"author":1,"featured_media":1074027,"comment_status":"closed","ping_status":"closed","sticky":false,"template":"","format":"standard","meta":{"footnotes":""},"categories":[5],"tags":[],"class_list":["post-1096001","post","type-post","status-publish","format-standard","has-post-thumbnail","hentry","category-sucesos"],"aioseo_notices":[],"aioseo_head":"\n\t\t<!-- All in One SEO Pro 5.0.1 - aioseo.com -->\n\t<meta name=\"description\" content=\"Massimo Adiatici, concejal de Seguridad del municipio italiano de Voghera, ha sido detenido este mi\u00e9rcoles por presuntamente matar de un disparo a un hombre\" \/>\n\t<meta name=\"robots\" content=\"max-image-preview:large\" \/>\n\t<meta name=\"author\" content=\"El Digital de Asturias\"\/>\n\t<meta name=\"google-site-verification\" content=\"UA-38556648-1\" \/>\n\t<meta name=\"msvalidate.01\" content=\"7dfe9f3f1b24437ab69f4f2559babe99\" \/>\n\t<meta name=\"keywords\" content=\"sucesos\" \/>\n\t<link rel=\"canonical\" href=\"https:\/\/www.eldigitaldeasturias.com\/noticias\/detenido-en-italia-un-concejal-de-la-liga-por-matar-presuntamente-a-un-marroqui\/\" \/>\n\t<meta name=\"generator\" content=\"All in One SEO Pro (AIOSEO) 5.0.1\" \/>\n\t\t<meta property=\"og:locale\" content=\"es_ES\" \/>\n\t\t<meta property=\"og:site_name\" content=\"El Digital de Asturias\" \/>\n\t\t<meta property=\"og:type\" content=\"article\" \/>\n\t\t<meta property=\"og:title\" content=\"Detenido en Italia un concejal de la Liga por matar presuntamente a un marroqu\u00ed - El Digital de Asturias\" \/>\n\t\t<meta property=\"og:description\" content=\"Massimo Adiatici, concejal de Seguridad del municipio italiano de Voghera, ha sido detenido este mi\u00e9rcoles por presuntamente matar de un disparo a un hombre\" \/>\n\t\t<meta property=\"og:url\" content=\"https:\/\/www.eldigitaldeasturias.com\/noticias\/detenido-en-italia-un-concejal-de-la-liga-por-matar-presuntamente-a-un-marroqui\/\" \/>\n\t\t<meta property=\"article:tag\" content=\"sucesos\" \/>\n\t\t<meta property=\"article:published_time\" content=\"2021-07-21T11:15:11+00:00\" \/>\n\t\t<meta property=\"article:modified_time\" content=\"2021-07-21T11:15:11+00:00\" \/>\n\t\t<meta property=\"article:publisher\" content=\"https:\/\/facebook.com\/eldigitaldeasturias\" \/>\n\t\t<meta name=\"twitter:card\" content=\"summary_large_image\" \/>\n\t\t<meta name=\"twitter:title\" content=\"Detenido en Italia un concejal de la Liga por matar presuntamente a un marroqu\u00ed - El Digital de Asturias\" \/>\n\t\t<meta name=\"twitter:description\" content=\"Massimo Adiatici, concejal de Seguridad del municipio italiano de Voghera, ha sido detenido este mi\u00e9rcoles por presuntamente matar de un disparo a un hombre\" \/>\n\t\t<meta name=\"twitter:image\" content=\"https:\/\/www.eldigitaldeasturias.com\/noticias\/wp-content\/uploads\/2020\/12\/EDA-1.jpg\" \/>\n\t\t<meta name=\"twitter:label1\" content=\"Escrito por\" \/>\n\t\t<meta name=\"twitter:data1\" content=\"El Digital de Asturias\" \/>\n\t\t<meta name=\"twitter:label2\" content=\"Tiempo de lectura estimado\" \/>\n\t\t<meta name=\"twitter:data2\" content=\"2 minutos\" \/>\n\t\t<script type=\"application\/ld+json\" class=\"aioseo-schema\">\n\t\t\t{\"@context\":\"https:\\\/\\\/schema.org\",\"@graph\":[{\"@type\":\"BlogPosting\",\"@id\":\"https:\\\/\\\/www.eldigitaldeasturias.com\\\/noticias\\\/detenido-en-italia-un-concejal-de-la-liga-por-matar-presuntamente-a-un-marroqui\\\/#blogposting\",\"name\":\"Detenido en Italia un concejal de la Liga por matar presuntamente a un marroqu\\u00ed - El Digital de Asturias\",\"headline\":\"Detenido en Italia un concejal de la Liga por matar presuntamente a un marroqu\\u00ed\",\"author\":{\"@id\":\"https:\\\/\\\/www.eldigitaldeasturias.com\\\/noticias\\\/author\\\/admin\\\/#author\"},\"publisher\":{\"@id\":\"https:\\\/\\\/www.eldigitaldeasturias.com\\\/noticias\\\/#organization\"},\"image\":{\"@type\":\"ImageObject\",\"url\":1074027},\"datePublished\":\"2021-07-21T13:15:11+02:00\",\"dateModified\":\"2021-07-21T13:15:11+02:00\",\"inLanguage\":\"es-ES\",\"mainEntityOfPage\":{\"@id\":\"https:\\\/\\\/www.eldigitaldeasturias.com\\\/noticias\\\/detenido-en-italia-un-concejal-de-la-liga-por-matar-presuntamente-a-un-marroqui\\\/#webpage\"},\"isPartOf\":{\"@id\":\"https:\\\/\\\/www.eldigitaldeasturias.com\\\/noticias\\\/detenido-en-italia-un-concejal-de-la-liga-por-matar-presuntamente-a-un-marroqui\\\/#webpage\"},\"articleSection\":\"Sucesos\"},{\"@type\":\"BreadcrumbList\",\"@id\":\"https:\\\/\\\/www.eldigitaldeasturias.com\\\/noticias\\\/detenido-en-italia-un-concejal-de-la-liga-por-matar-presuntamente-a-un-marroqui\\\/#breadcrumblist\",\"itemListElement\":[{\"@type\":\"ListItem\",\"@id\":\"https:\\\/\\\/www.eldigitaldeasturias.com\\\/noticias#listItem\",\"position\":1,\"name\":\"Home\",\"item\":\"https:\\\/\\\/www.eldigitaldeasturias.com\\\/noticias\",\"nextItem\":{\"@type\":\"ListItem\",\"@id\":\"https:\\\/\\\/www.eldigitaldeasturias.com\\\/noticias\\\/category\\\/sucesos\\\/#listItem\",\"name\":\"Sucesos\"}},{\"@type\":\"ListItem\",\"@id\":\"https:\\\/\\\/www.eldigitaldeasturias.com\\\/noticias\\\/category\\\/sucesos\\\/#listItem\",\"position\":2,\"name\":\"Sucesos\",\"item\":\"https:\\\/\\\/www.eldigitaldeasturias.com\\\/noticias\\\/category\\\/sucesos\\\/\",\"nextItem\":{\"@type\":\"ListItem\",\"@id\":\"https:\\\/\\\/www.eldigitaldeasturias.com\\\/noticias\\\/detenido-en-italia-un-concejal-de-la-liga-por-matar-presuntamente-a-un-marroqui\\\/#listItem\",\"name\":\"Detenido en Italia un concejal de la Liga por matar presuntamente a un marroqu\\u00ed\"},\"previousItem\":{\"@type\":\"ListItem\",\"@id\":\"https:\\\/\\\/www.eldigitaldeasturias.com\\\/noticias#listItem\",\"name\":\"Home\"}},{\"@type\":\"ListItem\",\"@id\":\"https:\\\/\\\/www.eldigitaldeasturias.com\\\/noticias\\\/detenido-en-italia-un-concejal-de-la-liga-por-matar-presuntamente-a-un-marroqui\\\/#listItem\",\"position\":3,\"name\":\"Detenido en Italia un concejal de la Liga por matar presuntamente a un marroqu\\u00ed\",\"previousItem\":{\"@type\":\"ListItem\",\"@id\":\"https:\\\/\\\/www.eldigitaldeasturias.com\\\/noticias\\\/category\\\/sucesos\\\/#listItem\",\"name\":\"Sucesos\"}}]},{\"@type\":\"Organization\",\"@id\":\"https:\\\/\\\/www.eldigitaldeasturias.com\\\/noticias\\\/#organization\",\"name\":\"El Digital de Asturias\",\"description\":\"Hemeroteca\",\"url\":\"https:\\\/\\\/www.eldigitaldeasturias.com\\\/noticias\\\/\",\"email\":\"info@eldigitaldeasturias.com\",\"telephone\":\"+34652131393\",\"logo\":{\"@type\":\"ImageObject\",\"url\":\"https:\\\/\\\/www.eldigitaldeasturias.com\\\/noticias\\\/wp-content\\\/uploads\\\/2020\\\/12\\\/EDA.jpg\",\"@id\":\"https:\\\/\\\/www.eldigitaldeasturias.com\\\/noticias\\\/detenido-en-italia-un-concejal-de-la-liga-por-matar-presuntamente-a-un-marroqui\\\/#organizationLogo\"},\"image\":{\"@id\":\"https:\\\/\\\/www.eldigitaldeasturias.com\\\/noticias\\\/detenido-en-italia-un-concejal-de-la-liga-por-matar-presuntamente-a-un-marroqui\\\/#organizationLogo\"},\"sameAs\":[\"https:\\\/\\\/facebook.com\\\/eldigitaldeasturias\",\"https:\\\/\\\/www.youtube.com\\\/channel\\\/UCZP-2wLEB9Rv6erhFmqVnvg\"],\"address\":{\"@id\":\"https:\\\/\\\/www.eldigitaldeasturias.com\\\/noticias\\\/#postaladdress\",\"@type\":\"PostalAddress\",\"streetAddress\":\"san antonio 4\",\"postalCode\":\"33430\",\"addressLocality\":\"Cand\\u00e1s\",\"addressRegion\":\"Asturias\",\"addressCountry\":\"ES\"}},{\"@type\":\"Person\",\"@id\":\"https:\\\/\\\/www.eldigitaldeasturias.com\\\/noticias\\\/author\\\/admin\\\/#author\",\"url\":\"https:\\\/\\\/www.eldigitaldeasturias.com\\\/noticias\\\/author\\\/admin\\\/\",\"name\":\"El Digital de Asturias\",\"image\":{\"@type\":\"ImageObject\",\"@id\":\"https:\\\/\\\/www.eldigitaldeasturias.com\\\/noticias\\\/detenido-en-italia-un-concejal-de-la-liga-por-matar-presuntamente-a-un-marroqui\\\/#authorImage\",\"url\":\"https:\\\/\\\/secure.gravatar.com\\\/avatar\\\/df2aeffc32bcd13f8d26072ef8a91b623d677766deac7f97ca815868cd41bf5e?s=96&d=mm&r=g\",\"width\":96,\"height\":96,\"caption\":\"El Digital de Asturias\"}},{\"@type\":\"WebPage\",\"@id\":\"https:\\\/\\\/www.eldigitaldeasturias.com\\\/noticias\\\/detenido-en-italia-un-concejal-de-la-liga-por-matar-presuntamente-a-un-marroqui\\\/#webpage\",\"url\":\"https:\\\/\\\/www.eldigitaldeasturias.com\\\/noticias\\\/detenido-en-italia-un-concejal-de-la-liga-por-matar-presuntamente-a-un-marroqui\\\/\",\"name\":\"Detenido en Italia un concejal de la Liga por matar presuntamente a un marroqu\\u00ed - El Digital de Asturias\",\"description\":\"Massimo Adiatici, concejal de Seguridad del municipio italiano de Voghera, ha sido detenido este mi\\u00e9rcoles por presuntamente matar de un disparo a un hombre\",\"inLanguage\":\"es-ES\",\"isPartOf\":{\"@id\":\"https:\\\/\\\/www.eldigitaldeasturias.com\\\/noticias\\\/#website\"},\"breadcrumb\":{\"@id\":\"https:\\\/\\\/www.eldigitaldeasturias.com\\\/noticias\\\/detenido-en-italia-un-concejal-de-la-liga-por-matar-presuntamente-a-un-marroqui\\\/#breadcrumblist\"},\"author\":{\"@id\":\"https:\\\/\\\/www.eldigitaldeasturias.com\\\/noticias\\\/author\\\/admin\\\/#author\"},\"creator\":{\"@id\":\"https:\\\/\\\/www.eldigitaldeasturias.com\\\/noticias\\\/author\\\/admin\\\/#author\"},\"image\":{\"@type\":\"ImageObject\",\"url\":1074027,\"@id\":\"https:\\\/\\\/www.eldigitaldeasturias.com\\\/noticias\\\/detenido-en-italia-un-concejal-de-la-liga-por-matar-presuntamente-a-un-marroqui\\\/#mainImage\"},\"primaryImageOfPage\":{\"@id\":\"https:\\\/\\\/www.eldigitaldeasturias.com\\\/noticias\\\/detenido-en-italia-un-concejal-de-la-liga-por-matar-presuntamente-a-un-marroqui\\\/#mainImage\"},\"datePublished\":\"2021-07-21T13:15:11+02:00\",\"dateModified\":\"2021-07-21T13:15:11+02:00\"},{\"@type\":\"WebSite\",\"@id\":\"https:\\\/\\\/www.eldigitaldeasturias.com\\\/noticias\\\/#website\",\"url\":\"https:\\\/\\\/www.eldigitaldeasturias.com\\\/noticias\\\/\",\"name\":\"El Digital de Asturias - Diario de actualidad y noticias\",\"alternateName\":\"El Digital de Asturias - Diario de actualidad y noticias\",\"description\":\"Hemeroteca\",\"inLanguage\":\"es-ES\",\"publisher\":{\"@id\":\"https:\\\/\\\/www.eldigitaldeasturias.com\\\/noticias\\\/#organization\"}}]}\n\t\t<\/script>\n\t\t<!-- All in One SEO Pro -->\r\n\t\t<title>Detenido en Italia un concejal de la Liga por matar presuntamente a un marroqu\u00ed - El Digital de Asturias<\/title>\n\n","aioseo_head_json":{"title":"Detenido en Italia un concejal de la Liga por matar presuntamente a un marroqu\u00ed - El Digital de Asturias","description":"Massimo Adiatici, concejal de Seguridad del municipio italiano de Voghera, ha sido detenido este mi\u00e9rcoles por presuntamente matar de un disparo a un hombre","canonical_url":"https:\/\/www.eldigitaldeasturias.com\/noticias\/detenido-en-italia-un-concejal-de-la-liga-por-matar-presuntamente-a-un-marroqui\/","robots":"max-image-preview:large","keywords":"sucesos","webmasterTools":{"google-site-verification":"UA-38556648-1","msvalidate.01":"7dfe9f3f1b24437ab69f4f2559babe99","miscellaneous":""},"schema":{"@context":"https:\/\/schema.org","@graph":[{"@type":"BlogPosting","@id":"https:\/\/www.eldigitaldeasturias.com\/noticias\/detenido-en-italia-un-concejal-de-la-liga-por-matar-presuntamente-a-un-marroqui\/#blogposting","name":"Detenido en Italia un concejal de la Liga por matar presuntamente a un marroqu\u00ed - El Digital de Asturias","headline":"Detenido en Italia un concejal de la Liga por matar presuntamente a un marroqu\u00ed","author":{"@id":"https:\/\/www.eldigitaldeasturias.com\/noticias\/author\/admin\/#author"},"publisher":{"@id":"https:\/\/www.eldigitaldeasturias.com\/noticias\/#organization"},"image":{"@type":"ImageObject","url":1074027},"datePublished":"2021-07-21T13:15:11+02:00","dateModified":"2021-07-21T13:15:11+02:00","inLanguage":"es-ES","mainEntityOfPage":{"@id":"https:\/\/www.eldigitaldeasturias.com\/noticias\/detenido-en-italia-un-concejal-de-la-liga-por-matar-presuntamente-a-un-marroqui\/#webpage"},"isPartOf":{"@id":"https:\/\/www.eldigitaldeasturias.com\/noticias\/detenido-en-italia-un-concejal-de-la-liga-por-matar-presuntamente-a-un-marroqui\/#webpage"},"articleSection":"Sucesos"},{"@type":"BreadcrumbList","@id":"https:\/\/www.eldigitaldeasturias.com\/noticias\/detenido-en-italia-un-concejal-de-la-liga-por-matar-presuntamente-a-un-marroqui\/#breadcrumblist","itemListElement":[{"@type":"ListItem","@id":"https:\/\/www.eldigitaldeasturias.com\/noticias#listItem","position":1,"name":"Home","item":"https:\/\/www.eldigitaldeasturias.com\/noticias","nextItem":{"@type":"ListItem","@id":"https:\/\/www.eldigitaldeasturias.com\/noticias\/category\/sucesos\/#listItem","name":"Sucesos"}},{"@type":"ListItem","@id":"https:\/\/www.eldigitaldeasturias.com\/noticias\/category\/sucesos\/#listItem","position":2,"name":"Sucesos","item":"https:\/\/www.eldigitaldeasturias.com\/noticias\/category\/sucesos\/","nextItem":{"@type":"ListItem","@id":"https:\/\/www.eldigitaldeasturias.com\/noticias\/detenido-en-italia-un-concejal-de-la-liga-por-matar-presuntamente-a-un-marroqui\/#listItem","name":"Detenido en Italia un concejal de la Liga por matar presuntamente a un marroqu\u00ed"},"previousItem":{"@type":"ListItem","@id":"https:\/\/www.eldigitaldeasturias.com\/noticias#listItem","name":"Home"}},{"@type":"ListItem","@id":"https:\/\/www.eldigitaldeasturias.com\/noticias\/detenido-en-italia-un-concejal-de-la-liga-por-matar-presuntamente-a-un-marroqui\/#listItem","position":3,"name":"Detenido en Italia un concejal de la Liga por matar presuntamente a un marroqu\u00ed","previousItem":{"@type":"ListItem","@id":"https:\/\/www.eldigitaldeasturias.com\/noticias\/category\/sucesos\/#listItem","name":"Sucesos"}}]},{"@type":"Organization","@id":"https:\/\/www.eldigitaldeasturias.com\/noticias\/#organization","name":"El Digital de Asturias","description":"Hemeroteca","url":"https:\/\/www.eldigitaldeasturias.com\/noticias\/","email":"info@eldigitaldeasturias.com","telephone":"+34652131393","logo":{"@type":"ImageObject","url":"https:\/\/www.eldigitaldeasturias.com\/noticias\/wp-content\/uploads\/2020\/12\/EDA.jpg","@id":"https:\/\/www.eldigitaldeasturias.com\/noticias\/detenido-en-italia-un-concejal-de-la-liga-por-matar-presuntamente-a-un-marroqui\/#organizationLogo"},"image":{"@id":"https:\/\/www.eldigitaldeasturias.com\/noticias\/detenido-en-italia-un-concejal-de-la-liga-por-matar-presuntamente-a-un-marroqui\/#organizationLogo"},"sameAs":["https:\/\/facebook.com\/eldigitaldeasturias","https:\/\/www.youtube.com\/channel\/UCZP-2wLEB9Rv6erhFmqVnvg"],"address":{"@id":"https:\/\/www.eldigitaldeasturias.com\/noticias\/#postaladdress","@type":"PostalAddress","streetAddress":"san antonio 4","postalCode":"33430","addressLocality":"Cand\u00e1s","addressRegion":"Asturias","addressCountry":"ES"}},{"@type":"Person","@id":"https:\/\/www.eldigitaldeasturias.com\/noticias\/author\/admin\/#author","url":"https:\/\/www.eldigitaldeasturias.com\/noticias\/author\/admin\/","name":"El Digital de Asturias","image":{"@type":"ImageObject","@id":"https:\/\/www.eldigitaldeasturias.com\/noticias\/detenido-en-italia-un-concejal-de-la-liga-por-matar-presuntamente-a-un-marroqui\/#authorImage","url":"https:\/\/secure.gravatar.com\/avatar\/df2aeffc32bcd13f8d26072ef8a91b623d677766deac7f97ca815868cd41bf5e?s=96&d=mm&r=g","width":96,"height":96,"caption":"El Digital de Asturias"}},{"@type":"WebPage","@id":"https:\/\/www.eldigitaldeasturias.com\/noticias\/detenido-en-italia-un-concejal-de-la-liga-por-matar-presuntamente-a-un-marroqui\/#webpage","url":"https:\/\/www.eldigitaldeasturias.com\/noticias\/detenido-en-italia-un-concejal-de-la-liga-por-matar-presuntamente-a-un-marroqui\/","name":"Detenido en Italia un concejal de la Liga por matar presuntamente a un marroqu\u00ed - El Digital de Asturias","description":"Massimo Adiatici, concejal de Seguridad del municipio italiano de Voghera, ha sido detenido este mi\u00e9rcoles por presuntamente matar de un disparo a un hombre","inLanguage":"es-ES","isPartOf":{"@id":"https:\/\/www.eldigitaldeasturias.com\/noticias\/#website"},"breadcrumb":{"@id":"https:\/\/www.eldigitaldeasturias.com\/noticias\/detenido-en-italia-un-concejal-de-la-liga-por-matar-presuntamente-a-un-marroqui\/#breadcrumblist"},"author":{"@id":"https:\/\/www.eldigitaldeasturias.com\/noticias\/author\/admin\/#author"},"creator":{"@id":"https:\/\/www.eldigitaldeasturias.com\/noticias\/author\/admin\/#author"},"image":{"@type":"ImageObject","url":1074027,"@id":"https:\/\/www.eldigitaldeasturias.com\/noticias\/detenido-en-italia-un-concejal-de-la-liga-por-matar-presuntamente-a-un-marroqui\/#mainImage"},"primaryImageOfPage":{"@id":"https:\/\/www.eldigitaldeasturias.com\/noticias\/detenido-en-italia-un-concejal-de-la-liga-por-matar-presuntamente-a-un-marroqui\/#mainImage"},"datePublished":"2021-07-21T13:15:11+02:00","dateModified":"2021-07-21T13:15:11+02:00"},{"@type":"WebSite","@id":"https:\/\/www.eldigitaldeasturias.com\/noticias\/#website","url":"https:\/\/www.eldigitaldeasturias.com\/noticias\/","name":"El Digital de Asturias - Diario de actualidad y noticias","alternateName":"El Digital de Asturias - Diario de actualidad y noticias","description":"Hemeroteca","inLanguage":"es-ES","publisher":{"@id":"https:\/\/www.eldigitaldeasturias.com\/noticias\/#organization"}}]},"og:locale":"es_ES","og:site_name":"El Digital de Asturias","og:type":"article","og:title":"Detenido en Italia un concejal de la Liga por matar presuntamente a un marroqu\u00ed - El Digital de Asturias","og:description":"Massimo Adiatici, concejal de Seguridad del municipio italiano de Voghera, ha sido detenido este mi\u00e9rcoles por presuntamente matar de un disparo a un hombre","og:url":"https:\/\/www.eldigitaldeasturias.com\/noticias\/detenido-en-italia-un-concejal-de-la-liga-por-matar-presuntamente-a-un-marroqui\/","article:tag":["sucesos"],"article:published_time":"2021-07-21T11:15:11+00:00","article:modified_time":"2021-07-21T11:15:11+00:00","article:publisher":"https:\/\/facebook.com\/eldigitaldeasturias","twitter:card":"summary_large_image","twitter:title":"Detenido en Italia un concejal de la Liga por matar presuntamente a un marroqu\u00ed - El Digital de Asturias","twitter:description":"Massimo Adiatici, concejal de Seguridad del municipio italiano de Voghera, ha sido detenido este mi\u00e9rcoles por presuntamente matar de un disparo a un hombre","twitter:image":"https:\/\/www.eldigitaldeasturias.com\/noticias\/wp-content\/uploads\/2020\/12\/EDA-1.jpg","twitter:label1":"Escrito por","twitter:data1":"El Digital de Asturias","twitter:label2":"Tiempo de lectura estimado","twitter:data2":"2 minutos"},"aioseo_meta_data":{"post_id":"1096001","title":null,"description":"Massimo Adiatici, concejal de Seguridad del municipio italiano de Voghera, ha sido detenido este mi\u00e9rcoles por presuntamente matar de un disparo a un hombre","keywords":[],"keyphrases":{"focus":{"keyphrase":"detenido","score":87,"analysis":{"keyphraseInTitle":{"title":"Frase clave objetivo en el t\u00edtulo SEO","description":"Frase clave objetivo encontrada en el t\u00edtulo SEO.","score":9,"maxScore":9,"error":0},"keyphraseInDescription":{"title":"Frase clave objetivo en la meta descripci\u00f3n","description":"Frase clave objetivo encontrada en la meta descripci\u00f3n.","score":9,"maxScore":9,"error":0},"keyphraseInURL":[],"keyphraseLength":{"title":"Longitud de la Frase clave objetivo","description":"\u00a1Buen trabajo!","score":9,"maxScore":9,"error":0,"length":1},"keyphraseInIntroduction":{"title":"Frase clave objetivo en la introducci\u00f3n","description":"Su Frase clave objetivo aparece en el primer p\u00e1rrafo. \u00a1Bien hecho!","score":9,"maxScore":9,"error":0},"keyphraseInSubHeadings":[],"keyphraseInImageAlt":{"title":"Frase clave objetivo en los atributos alt de la imagen.","description":"Frase clave objetivo no se encuentra en los atributos alt de la imagen. A\u00f1ada una imagen con su Frase clave objetivo como texto alternativo.","score":3,"maxScore":9,"error":1}}},"additional":[{"keyphrase":"concejal de Seguridad","score":83,"analysis":{"keyphraseInDescription":{"title":"Frase clave en la meta descripci\u00f3n","description":"Frase clave encontrada en la meta descripci\u00f3n.","score":9,"maxScore":9,"error":0},"keyphraseLength":{"title":"Longitud de la Frase clave","description":"\u00a1Buen trabajo!","score":9,"maxScore":9,"error":0,"length":3},"keyphraseInIntroduction":{"title":"Frase clave en la introducci\u00f3n","description":"Su Frase clave aparece en el primer p\u00e1rrafo. \u00a1Bien hecho!","score":9,"maxScore":9,"error":0},"keyphraseInImageAlt":{"title":"Frase clave en los atributos alt de la imagen.","description":"Frase clave no se encuentra en los atributos alt de la imagen. A\u00f1ada una imagen con su Frase clave como texto alternativo.","score":3,"maxScore":9,"error":1}}},{"keyphrase":"presuntamente","score":83,"analysis":{"keyphraseInDescription":{"title":"Frase clave en la meta descripci\u00f3n","description":"Frase clave encontrada en la meta descripci\u00f3n.","score":9,"maxScore":9,"error":0},"keyphraseLength":{"title":"Longitud de la Frase clave","description":"\u00a1Buen trabajo!","score":9,"maxScore":9,"error":0,"length":1},"keyphraseInIntroduction":{"title":"Frase clave en la introducci\u00f3n","description":"Su Frase clave aparece en el primer p\u00e1rrafo. \u00a1Bien hecho!","score":9,"maxScore":9,"error":0},"keyphraseInImageAlt":{"title":"Frase clave en los atributos alt de la imagen.","description":"Frase clave no se encuentra en los atributos alt de la imagen. A\u00f1ada una imagen con su Frase clave como texto alternativo.","score":3,"maxScore":9,"error":1}}},{"keyphrase":"matar ","score":83,"analysis":{"keyphraseInDescription":{"title":"Frase clave en la meta descripci\u00f3n","description":"Frase clave encontrada en la meta descripci\u00f3n.","score":9,"maxScore":9,"error":0},"keyphraseLength":{"title":"Longitud de la Frase clave","description":"\u00a1Buen trabajo!","score":9,"maxScore":9,"error":0,"length":1},"keyphraseInIntroduction":{"title":"Frase clave en la introducci\u00f3n","description":"Su Frase clave aparece en el primer p\u00e1rrafo. \u00a1Bien hecho!","score":9,"maxScore":9,"error":0},"keyphraseInImageAlt":{"title":"Frase clave en los atributos alt de la imagen.","description":"Frase clave no se encuentra en los atributos alt de la imagen. A\u00f1ada una imagen con su Frase clave como texto alternativo.","score":3,"maxScore":9,"error":1}}}]},"primary_term":null,"canonical_url":null,"og_title":null,"og_description":null,"og_object_type":"default","og_image_type":"default","og_image_url":null,"og_image_width":null,"og_image_height":null,"og_image_custom_url":null,"og_image_custom_fields":null,"og_video":"","og_custom_url":null,"og_article_section":null,"og_article_tags":[],"twitter_use_og":false,"twitter_card":"default","twitter_image_type":"default","twitter_image_url":null,"twitter_image_custom_url":null,"twitter_image_custom_fields":null,"twitter_title":null,"twitter_description":null,"schema":{"blockGraphs":[],"customGraphs":[],"default":{"data":{"Article":[],"Course":[],"Dataset":[],"FAQPage":[],"Movie":[],"Person":[],"Product":[],"ProductReview":[],"Car":[],"Recipe":[],"Service":[],"SoftwareApplication":[],"WebPage":[]},"graphName":"","isEnabled":true},"graphs":[],"defaultGraph":"Article","defaultPostTypeGraph":""},"schema_type":"default","schema_type_options":"{\"article\":{\"articleType\":\"BlogPosting\"},\"course\":{\"name\":\"\",\"description\":\"\",\"provider\":\"\"},\"faq\":{\"pages\":[]},\"product\":{\"reviews\":[]},\"recipe\":{\"ingredients\":[],\"instructions\":[],\"keywords\":[]},\"software\":{\"reviews\":[],\"operatingSystems\":[]},\"webPage\":{\"webPageType\":\"WebPage\"}}","pillar_content":false,"robots_default":true,"robots_noindex":false,"robots_noarchive":false,"robots_nosnippet":false,"robots_nofollow":false,"robots_noimageindex":false,"robots_noodp":false,"robots_notranslate":false,"robots_max_snippet":"-1","robots_max_videopreview":"-1","robots_max_imagepreview":"large","priority":null,"frequency":"default","local_seo":{"locations":{"business":{"name":"","businessType":"","image":"","areaServed":"","urls":{"website":"","aboutPage":"","contactPage":""},"address":{"streetLine1":"","streetLine2":"","zipCode":"","city":"","state":"","country":"","addressFormat":"#streetLineOne\n#streetLineTwo\n#city, #state #zipCode"},"contact":{"email":"","phone":"","phoneFormatted":"","fax":"","faxFormatted":""},"ids":{"vat":"","tax":"","chamberOfCommerce":""},"payment":{"priceRange":"","currenciesAccepted":"","methods":""}}},"openingHours":{"useDefaults":true,"show":true,"alwaysOpen":false,"use24hFormat":false,"timezone":"","labels":{"closed":"","alwaysOpen":""},"days":{"monday":{"open24h":false,"closed":false,"openTime":"09:00","closeTime":"17:00"},"tuesday":{"open24h":false,"closed":false,"openTime":"09:00","closeTime":"17:00"},"wednesday":{"open24h":false,"closed":false,"openTime":"09:00","closeTime":"17:00"},"thursday":{"open24h":false,"closed":false,"openTime":"09:00","closeTime":"17:00"},"friday":{"open24h":false,"closed":false,"openTime":"09:00","closeTime":"17:00"},"saturday":{"open24h":false,"closed":false,"openTime":"09:00","closeTime":"17:00"},"sunday":{"open24h":false,"closed":false,"openTime":"09:00","closeTime":"17:00"}}}},"seo_analyzer_scan_date":"2026-07-21 03:50:04","breadcrumb_settings":null,"limit_modified_date":false,"open_ai":null,"ai":null,"created":"2021-07-21 11:12:20","updated":"2026-07-21 03:50:04","focus_keyword":"detenido","additional_keywords":[{"word":"concejal de Seguridad","score":83},{"word":"presuntamente","score":83},{"word":"matar","score":83}],"truseo_locale":null},"aioseo_breadcrumb":"<div class=\"aioseo-breadcrumbs\"><span class=\"aioseo-breadcrumb\">\n\t<a href=\"https:\/\/www.eldigitaldeasturias.com\/noticias\" title=\"Home\">Home<\/a>\n<\/span><span class=\"aioseo-breadcrumb-separator\">\u2013<\/span><span class=\"aioseo-breadcrumb\">\n\t<a href=\"https:\/\/www.eldigitaldeasturias.com\/noticias\/category\/sucesos\/\" title=\"Sucesos\">Sucesos<\/a>\n<\/span><span class=\"aioseo-breadcrumb-separator\">\u2013<\/span><span class=\"aioseo-breadcrumb\">\n\t<a href=\"https:\/\/www.eldigitaldeasturias.com\/noticias\/detenido-en-italia-un-concejal-de-la-liga-por-matar-presuntamente-a-un-marroqui\/\" title=\"Detenido en Italia un concejal de la Liga por matar presuntamente a un marroqu\u00ed\">Detenido en Italia un concejal de la Liga por matar presuntamente a un marroqu\u00ed<\/a>\n<\/span><\/div>","aioseo_breadcrumb_json":[{"label":"Home","link":"https:\/\/www.eldigitaldeasturias.com\/noticias"},{"label":"Sucesos","link":"https:\/\/www.eldigitaldeasturias.com\/noticias\/category\/sucesos\/"},{"label":"Detenido en Italia un concejal de la Liga por matar presuntamente a un marroqu\u00ed","link":"https:\/\/www.eldigitaldeasturias.com\/noticias\/detenido-en-italia-un-concejal-de-la-liga-por-matar-presuntamente-a-un-marroqui\/"}],"_links":{"self":[{"href":"https:\/\/www.eldigitaldeasturias.com\/noticias\/wp-json\/wp\/v2\/posts\/1096001","targetHints":{"allow":["GET"]}}],"collection":[{"href":"https:\/\/www.eldigitaldeasturias.com\/noticias\/wp-json\/wp\/v2\/posts"}],"about":[{"href":"https:\/\/www.eldigitaldeasturias.com\/noticias\/wp-json\/wp\/v2\/types\/post"}],"author":[{"embeddable":true,"href":"https:\/\/www.eldigitaldeasturias.com\/noticias\/wp-json\/wp\/v2\/users\/1"}],"replies":[{"embeddable":true,"href":"https:\/\/www.eldigitaldeasturias.com\/noticias\/wp-json\/wp\/v2\/comments?post=1096001"}],"version-history":[{"count":0,"href":"https:\/\/www.eldigitaldeasturias.com\/noticias\/wp-json\/wp\/v2\/posts\/1096001\/revisions"}],"wp:attachment":[{"href":"https:\/\/www.eldigitaldeasturias.com\/noticias\/wp-json\/wp\/v2\/media?parent=1096001"}],"wp:term":[{"taxonomy":"category","embeddable":true,"href":"https:\/\/www.eldigitaldeasturias.com\/noticias\/wp-json\/wp\/v2\/categories?post=1096001"},{"taxonomy":"post_tag","embeddable":true,"href":"https:\/\/www.eldigitaldeasturias.com\/noticias\/wp-json\/wp\/v2\/tags?post=1096001"}],"curies":[{"name":"wp","href":"https:\/\/api.w.org\/{rel}","templated":true}]}}