{"id":1094874,"date":"2021-07-03T08:38:17","date_gmt":"2021-07-03T07:38:17","guid":{"rendered":"https:\/\/www.eldigitaldeasturias.com\/noticias\/?p=1094874"},"modified":"2021-07-03T08:39:06","modified_gmt":"2021-07-03T07:39:06","slug":"verano-naturaleza-movil-y-bicicleta","status":"publish","type":"post","link":"https:\/\/www.eldigitaldeasturias.com\/noticias\/verano-naturaleza-movil-y-bicicleta\/","title":{"rendered":"Verano, naturaleza, m\u00f3vil y bicicleta"},"content":{"rendered":"<p>(dpa) &#8211; Disfrutar la naturaleza, descubrir nuevos sitios, hacer <a href=\"https:\/\/www.eldigitaldeasturias.com\/noticias\/category\/turismo\/\" target=\"_blank\" rel=\"noopener\"><span style=\"color: #ff6600;\"><strong>turismo<\/strong><\/span><\/a> en el propio pa\u00eds: las restricciones impuestas por la<strong> pandemia de coronavirus<\/strong> llevaron a muchas personas a optar por la <strong>bicicleta<\/strong> o volver a ella.<\/p>\n<figure id=\"attachment_1094875\" aria-describedby=\"caption-attachment-1094875\" style=\"width: 640px\" class=\"wp-caption aligncenter\"><img loading=\"lazy\" decoding=\"async\" class=\"wp-image-1094875 size-large\" src=\"https:\/\/www.eldigitaldeasturias.com\/noticias\/wp-content\/uploads\/2021\/07\/bicicleta-690x464.jpg\" alt=\"bicicleta\" width=\"640\" height=\"430\" \/><figcaption id=\"caption-attachment-1094875\" class=\"wp-caption-text\">Un soporte estable previene que el m\u00f3vil inteligente no caiga a la pista. Foto: Christin Klose\/dpa<\/figcaption><\/figure>\n<p>En rutas desconocidas,<strong> el navegador del tel\u00e9fono m\u00f3vil puede ser una opci\u00f3n muy pr\u00e1ctica<\/strong>, sobre todo teniendo en cuenta que el dispositivo suele acompa\u00f1ar el viaje. Adem\u00e1s, las personas con ambiciones deportivas tambi\u00e9n pueden utilizar una aplicaci\u00f3n para documentar los kil\u00f3metros que han recorrido en bicicleta o las calor\u00edas que han quemado.<\/p>\n<p><em>\u00abPara que todo esto funcione, el m\u00f3vil debe estar sujeto a la bicicleta de forma estable\u00bb, aconseja Rainer Schuldt<\/em>, experto de la revista especializada alemana \u00abComputer Bild\u00bb.<\/p>\n<p><strong>Michael Link<\/strong>, de la revista alemana de inform\u00e1tica \u00abc&#8217;t\u00bb, a\u00f1ade que este debe colocarse de forma que no haya que girar la cabeza para leer la pantalla.<\/p>\n<p>B\u00e1sicamente, se distingue entre soportes que se instalan de forma permanente en la bicicleta y otros que se pueden utilizar de forma flexible, por ejemplo, en el caso de una bicicleta alquilada en las <a href=\"https:\/\/www.eldigitaldeasturias.com\/magazine365\/category\/viajes\/\" target=\"_blank\" rel=\"noopener\"><span style=\"color: #ff6600;\"><strong>vacaciones<\/strong><\/span><\/a> o una que se utiliza para los desplazamientos urbanos.<\/p>\n<p>Sea cual fuere la opci\u00f3n que se elija, Link recomienda no utilizar un soporte sin tener el m\u00f3vil asegurado.<strong> \u00abYa para el caso de que se produzca un accidente o ca\u00edda y el tel\u00e9fono siga montado en la bicicleta\u00bb<\/strong>, explica refiri\u00e9ndose a los probables da\u00f1os en la pantalla. Como alternativa se puede utilizar un m\u00f3vil m\u00e1s barato o m\u00e1s antiguo, por ejemplo, si solo se necesita un mapa y navegaci\u00f3n.<\/p>\n<p>Seg\u00fan Rainer Schuldt, existen soluciones de soporte sencillas y asequibles que permiten sujetar el m\u00f3vil con bandas de silicona. \u00abBasta con enganchar el dispositivo dentro de la banda el\u00e1stica\u00bb, explica Michael Link, y objeta que, sin embargo, este soporte puede deteriorarse despu\u00e9s de alg\u00fan tiempo sin que los usuarios se den cuenta a tiempo del desgaste.<\/p>\n<p>Seg\u00fan Rainer Schuldt, estas soluciones son muy adecuadas para los recorridos por carreteras asfaltadas: <strong>\u00abEn otras rutas, existe el riesgo de que el m\u00f3vil se salga del soporte el\u00e1stico y caiga al suelo\u00bb<\/strong>.<\/p>\n<p>Los soportes que se atornillan firmemente al manillar son una soluci\u00f3n m\u00e1s fiable. Seg\u00fan Link, estos soportes universales se adaptan muy mal a los distintos dispositivos, ya que tapan los puertos y los botones y, por lo general, no alcanzan a proteger el dispositivo de manera eficiente.<\/p>\n<p>En estos casos, lo ideal es utilizar un soporte que se adapte perfectamente al tel\u00e9fono m\u00f3vil. <strong>\u00abSus precios comienzan en torno a los 20 euros, y suelen ser mucho m\u00e1s estables que las soluciones de silicona\u00bb, asevera Schuldt<\/strong>.<\/p>\n<p>Link acota que, sin embargo, una calidad realmente buena cuesta unos 100 euros (aproximadamente 120 d\u00f3lares estadounidenses): \u00abSi se desea una funda que se ajuste exactamente, habr\u00e1 que volver a cambiarla cada vez que se actualice el modelo de tel\u00e9fono\u00bb, advierte.<\/p>\n<p>Adem\u00e1s, prosigue, los di\u00e1metros de los manillares no son uniformes. \u00abEso significa que se necesita un soporte con un sistema de sujeci\u00f3n que se pueda adaptar a los tubos de manillar m\u00e1s gruesos o finos, de ser posible con un peque\u00f1o anillo de goma para evitar que se mueva\u00bb.<\/p>\n<p>El soporte m\u00e1s adecuado es aquel que puede ajustarse no solo en su inclinaci\u00f3n sino tambi\u00e9n en la posici\u00f3n horizontal, por ejemplo, con una r\u00f3tula. En este caso es importante controlar que el tornillo no se afloje debido a las vibraciones.<\/p>\n<p><strong>Algunos fabricantes ofrecen fundas en las que se puede deslizar el tel\u00e9fono. La ventaja: estas protegen el dispositivo en caso de peque\u00f1os chaparrones<\/strong>. \u00abEn caso de lluvia intensa, sin embargo, yo tendr\u00eda cuidado\u00bb, advierte Michael Link, y a\u00f1ade la siguiente desventaja: pese a que las fundas tienen una ventana suave y transparente, la superficie t\u00e1ctil del tel\u00e9fono inteligente rara vez se puede usar. Tambi\u00e9n aconseja asegurarse de que las aberturas, como la de carga o la de los auriculares, no est\u00e9n cubiertas.<\/p>\n<p>Schuldt explica que, si se est\u00e1 planeando una excursi\u00f3n m\u00e1s prolongada, o incluso todas unas vacaciones en <a href=\"https:\/\/candas365.es\/noticias\/herramientas-imprescindibles-para-llevar-en-tu-bicicleta\/\" target=\"_blank\" rel=\"noopener\"><span style=\"color: #ff6600;\"><strong>bicicleta<\/strong><\/span><\/a>, se deber\u00eda conseguir un soporte con bolsa que se pueda montar sobre la barra central de la bicicleta: \u00abEstos son a\u00fan m\u00e1s robustos y ofrecen, entre otras cosas, espacio para una bater\u00eda port\u00e1til para cargar el m\u00f3vil\u00bb.<\/p>\n<p>Seg\u00fan Link, este tipo de bolsos para bicicletas son especialmente pr\u00e1cticos sobre todo si, al estilo de las bolsas de dep\u00f3sito para motocicletas, est\u00e1n montados a una altura que permita al ciclista no tener que desviar la mirada de la carretera.<\/p>\n<p>Si solo se quiere utilizar el m\u00f3vil para navegar sin tener que cargar la bater\u00eda constantemente, Link aconseja para los viajes largos dejarse guiar por los avisos de una aplicaci\u00f3n de navegaci\u00f3n, ya que la pantalla es el principal consumidor de energ\u00eda.<\/p>\n<p>El tel\u00e9fono m\u00f3vil puede guardarse en el bolsillo y los avisos pueden escucharse a trav\u00e9s de los auriculares Bluetooth. <strong>Llevar el m\u00f3vil en el bolsillo tambi\u00e9n es una buena protecci\u00f3n contra robos<\/strong>. Al fin y al cabo, es f\u00e1cil olvidarse el tel\u00e9fono en el soporte cuando se hace una pausa para tomar un caf\u00e9.<\/p>\n<p><i class=\"lang-es\"><span class=\" readonly\" title=\"\">Por Bernadette Winter (dpa)<\/span><\/i><\/p>\n<p>&nbsp;<\/p>\n","protected":false},"excerpt":{"rendered":"<p>(dpa) &#8211; Disfrutar la naturaleza, descubrir nuevos sitios, hacer turismo en el propio pa\u00eds: las restricciones impuestas por la pandemia de coronavirus llevaron a muchas personas a optar por la bicicleta o volver a ella. En rutas desconocidas, el navegador del tel\u00e9fono m\u00f3vil puede ser una opci\u00f3n muy pr\u00e1ctica, sobre todo teniendo en cuenta que [&hellip;]<\/p>\n","protected":false},"author":1,"featured_media":1094875,"comment_status":"closed","ping_status":"closed","sticky":false,"template":"","format":"standard","meta":{"footnotes":""},"categories":[50],"tags":[],"class_list":["post-1094874","post","type-post","status-publish","format-standard","has-post-thumbnail","hentry","category-revista-de-ocio"],"aioseo_notices":[],"aioseo_head":"\n\t\t<!-- All in One SEO Pro 5.0.1 - aioseo.com -->\n\t<meta name=\"description\" content=\"Disfrutar la naturaleza, descubrir nuevos sitios, hacer turismo en el propio pa\u00eds: las restricciones impuestas por la pandemia de coronavirus llevaron a muchas\" \/>\n\t<meta name=\"robots\" content=\"max-image-preview:large\" \/>\n\t<meta name=\"author\" content=\"El Digital de Asturias\"\/>\n\t<meta name=\"google-site-verification\" content=\"UA-38556648-1\" \/>\n\t<meta name=\"msvalidate.01\" content=\"7dfe9f3f1b24437ab69f4f2559babe99\" \/>\n\t<meta name=\"keywords\" content=\"tecnolog\u00eda,soportes,sistema de navegaci\u00f3n,tel\u00e9fonos m\u00f3viles,revista de ocio\" \/>\n\t<link rel=\"canonical\" href=\"https:\/\/www.eldigitaldeasturias.com\/noticias\/verano-naturaleza-movil-y-bicicleta\/\" \/>\n\t<meta name=\"generator\" content=\"All in One SEO Pro (AIOSEO) 5.0.1\" \/>\n\t\t<meta property=\"og:locale\" content=\"es_ES\" \/>\n\t\t<meta property=\"og:site_name\" content=\"El Digital de Asturias\" \/>\n\t\t<meta property=\"og:type\" content=\"article\" \/>\n\t\t<meta property=\"og:title\" content=\"Verano, naturaleza, m\u00f3vil y bicicleta - El Digital de Asturias\" \/>\n\t\t<meta property=\"og:description\" content=\"Disfrutar la naturaleza, descubrir nuevos sitios, hacer turismo en el propio pa\u00eds: las restricciones impuestas por la pandemia de coronavirus llevaron a muchas\" \/>\n\t\t<meta property=\"og:url\" content=\"https:\/\/www.eldigitaldeasturias.com\/noticias\/verano-naturaleza-movil-y-bicicleta\/\" \/>\n\t\t<meta property=\"article:tag\" content=\"tecnolog\u00eda\" \/>\n\t\t<meta property=\"article:tag\" content=\"soportes\" \/>\n\t\t<meta property=\"article:tag\" content=\"sistema de navegaci\u00f3n\" \/>\n\t\t<meta property=\"article:tag\" content=\"tel\u00e9fonos m\u00f3viles\" \/>\n\t\t<meta property=\"article:tag\" content=\"revista de ocio\" \/>\n\t\t<meta property=\"article:published_time\" content=\"2021-07-03T07:38:17+00:00\" \/>\n\t\t<meta property=\"article:modified_time\" content=\"2021-07-03T07:39:06+00:00\" \/>\n\t\t<meta property=\"article:publisher\" content=\"https:\/\/facebook.com\/eldigitaldeasturias\" \/>\n\t\t<meta name=\"twitter:card\" content=\"summary_large_image\" \/>\n\t\t<meta name=\"twitter:title\" content=\"Verano, naturaleza, m\u00f3vil y bicicleta - El Digital de Asturias\" \/>\n\t\t<meta name=\"twitter:description\" content=\"Disfrutar la naturaleza, descubrir nuevos sitios, hacer turismo en el propio pa\u00eds: las restricciones impuestas por la pandemia de coronavirus llevaron a muchas\" \/>\n\t\t<meta name=\"twitter:image\" content=\"https:\/\/www.eldigitaldeasturias.com\/noticias\/wp-content\/uploads\/2020\/12\/EDA-1.jpg\" \/>\n\t\t<meta name=\"twitter:label1\" content=\"Escrito por\" \/>\n\t\t<meta name=\"twitter:data1\" content=\"El Digital de Asturias\" \/>\n\t\t<meta name=\"twitter:label2\" content=\"Tiempo de lectura estimado\" \/>\n\t\t<meta name=\"twitter:data2\" content=\"5 minutos\" \/>\n\t\t<script type=\"application\/ld+json\" class=\"aioseo-schema\">\n\t\t\t{\"@context\":\"https:\\\/\\\/schema.org\",\"@graph\":[{\"@type\":\"BlogPosting\",\"@id\":\"https:\\\/\\\/www.eldigitaldeasturias.com\\\/noticias\\\/verano-naturaleza-movil-y-bicicleta\\\/#blogposting\",\"name\":\"Verano, naturaleza, m\\u00f3vil y bicicleta - El Digital de Asturias\",\"headline\":\"Verano, naturaleza, m\\u00f3vil y bicicleta\",\"author\":{\"@id\":\"https:\\\/\\\/www.eldigitaldeasturias.com\\\/noticias\\\/author\\\/admin\\\/#author\"},\"publisher\":{\"@id\":\"https:\\\/\\\/www.eldigitaldeasturias.com\\\/noticias\\\/#organization\"},\"image\":{\"@type\":\"ImageObject\",\"url\":1094875},\"datePublished\":\"2021-07-03T08:38:17+02:00\",\"dateModified\":\"2021-07-03T08:39:06+02:00\",\"inLanguage\":\"es-ES\",\"mainEntityOfPage\":{\"@id\":\"https:\\\/\\\/www.eldigitaldeasturias.com\\\/noticias\\\/verano-naturaleza-movil-y-bicicleta\\\/#webpage\"},\"isPartOf\":{\"@id\":\"https:\\\/\\\/www.eldigitaldeasturias.com\\\/noticias\\\/verano-naturaleza-movil-y-bicicleta\\\/#webpage\"},\"articleSection\":\"Revista de Ocio\"},{\"@type\":\"BreadcrumbList\",\"@id\":\"https:\\\/\\\/www.eldigitaldeasturias.com\\\/noticias\\\/verano-naturaleza-movil-y-bicicleta\\\/#breadcrumblist\",\"itemListElement\":[{\"@type\":\"ListItem\",\"@id\":\"https:\\\/\\\/www.eldigitaldeasturias.com\\\/noticias#listItem\",\"position\":1,\"name\":\"Home\",\"item\":\"https:\\\/\\\/www.eldigitaldeasturias.com\\\/noticias\",\"nextItem\":{\"@type\":\"ListItem\",\"@id\":\"https:\\\/\\\/www.eldigitaldeasturias.com\\\/noticias\\\/category\\\/revista-de-ocio\\\/#listItem\",\"name\":\"Revista de Ocio\"}},{\"@type\":\"ListItem\",\"@id\":\"https:\\\/\\\/www.eldigitaldeasturias.com\\\/noticias\\\/category\\\/revista-de-ocio\\\/#listItem\",\"position\":2,\"name\":\"Revista de Ocio\",\"item\":\"https:\\\/\\\/www.eldigitaldeasturias.com\\\/noticias\\\/category\\\/revista-de-ocio\\\/\",\"nextItem\":{\"@type\":\"ListItem\",\"@id\":\"https:\\\/\\\/www.eldigitaldeasturias.com\\\/noticias\\\/verano-naturaleza-movil-y-bicicleta\\\/#listItem\",\"name\":\"Verano, naturaleza, m\\u00f3vil y bicicleta\"},\"previousItem\":{\"@type\":\"ListItem\",\"@id\":\"https:\\\/\\\/www.eldigitaldeasturias.com\\\/noticias#listItem\",\"name\":\"Home\"}},{\"@type\":\"ListItem\",\"@id\":\"https:\\\/\\\/www.eldigitaldeasturias.com\\\/noticias\\\/verano-naturaleza-movil-y-bicicleta\\\/#listItem\",\"position\":3,\"name\":\"Verano, naturaleza, m\\u00f3vil y bicicleta\",\"previousItem\":{\"@type\":\"ListItem\",\"@id\":\"https:\\\/\\\/www.eldigitaldeasturias.com\\\/noticias\\\/category\\\/revista-de-ocio\\\/#listItem\",\"name\":\"Revista de Ocio\"}}]},{\"@type\":\"Organization\",\"@id\":\"https:\\\/\\\/www.eldigitaldeasturias.com\\\/noticias\\\/#organization\",\"name\":\"El Digital de Asturias\",\"description\":\"Hemeroteca\",\"url\":\"https:\\\/\\\/www.eldigitaldeasturias.com\\\/noticias\\\/\",\"email\":\"info@eldigitaldeasturias.com\",\"telephone\":\"+34652131393\",\"logo\":{\"@type\":\"ImageObject\",\"url\":\"https:\\\/\\\/www.eldigitaldeasturias.com\\\/noticias\\\/wp-content\\\/uploads\\\/2020\\\/12\\\/EDA.jpg\",\"@id\":\"https:\\\/\\\/www.eldigitaldeasturias.com\\\/noticias\\\/verano-naturaleza-movil-y-bicicleta\\\/#organizationLogo\"},\"image\":{\"@id\":\"https:\\\/\\\/www.eldigitaldeasturias.com\\\/noticias\\\/verano-naturaleza-movil-y-bicicleta\\\/#organizationLogo\"},\"sameAs\":[\"https:\\\/\\\/facebook.com\\\/eldigitaldeasturias\",\"https:\\\/\\\/www.youtube.com\\\/channel\\\/UCZP-2wLEB9Rv6erhFmqVnvg\"],\"address\":{\"@id\":\"https:\\\/\\\/www.eldigitaldeasturias.com\\\/noticias\\\/#postaladdress\",\"@type\":\"PostalAddress\",\"streetAddress\":\"san antonio 4\",\"postalCode\":\"33430\",\"addressLocality\":\"Cand\\u00e1s\",\"addressRegion\":\"Asturias\",\"addressCountry\":\"ES\"}},{\"@type\":\"Person\",\"@id\":\"https:\\\/\\\/www.eldigitaldeasturias.com\\\/noticias\\\/author\\\/admin\\\/#author\",\"url\":\"https:\\\/\\\/www.eldigitaldeasturias.com\\\/noticias\\\/author\\\/admin\\\/\",\"name\":\"El Digital de Asturias\",\"image\":{\"@type\":\"ImageObject\",\"@id\":\"https:\\\/\\\/www.eldigitaldeasturias.com\\\/noticias\\\/verano-naturaleza-movil-y-bicicleta\\\/#authorImage\",\"url\":\"https:\\\/\\\/secure.gravatar.com\\\/avatar\\\/df2aeffc32bcd13f8d26072ef8a91b623d677766deac7f97ca815868cd41bf5e?s=96&d=mm&r=g\",\"width\":96,\"height\":96,\"caption\":\"El Digital de Asturias\"}},{\"@type\":\"WebPage\",\"@id\":\"https:\\\/\\\/www.eldigitaldeasturias.com\\\/noticias\\\/verano-naturaleza-movil-y-bicicleta\\\/#webpage\",\"url\":\"https:\\\/\\\/www.eldigitaldeasturias.com\\\/noticias\\\/verano-naturaleza-movil-y-bicicleta\\\/\",\"name\":\"Verano, naturaleza, m\\u00f3vil y bicicleta - El Digital de Asturias\",\"description\":\"Disfrutar la naturaleza, descubrir nuevos sitios, hacer turismo en el propio pa\\u00eds: las restricciones impuestas por la pandemia de coronavirus llevaron a muchas\",\"inLanguage\":\"es-ES\",\"isPartOf\":{\"@id\":\"https:\\\/\\\/www.eldigitaldeasturias.com\\\/noticias\\\/#website\"},\"breadcrumb\":{\"@id\":\"https:\\\/\\\/www.eldigitaldeasturias.com\\\/noticias\\\/verano-naturaleza-movil-y-bicicleta\\\/#breadcrumblist\"},\"author\":{\"@id\":\"https:\\\/\\\/www.eldigitaldeasturias.com\\\/noticias\\\/author\\\/admin\\\/#author\"},\"creator\":{\"@id\":\"https:\\\/\\\/www.eldigitaldeasturias.com\\\/noticias\\\/author\\\/admin\\\/#author\"},\"image\":{\"@type\":\"ImageObject\",\"url\":1094875,\"@id\":\"https:\\\/\\\/www.eldigitaldeasturias.com\\\/noticias\\\/verano-naturaleza-movil-y-bicicleta\\\/#mainImage\"},\"primaryImageOfPage\":{\"@id\":\"https:\\\/\\\/www.eldigitaldeasturias.com\\\/noticias\\\/verano-naturaleza-movil-y-bicicleta\\\/#mainImage\"},\"datePublished\":\"2021-07-03T08:38:17+02:00\",\"dateModified\":\"2021-07-03T08:39:06+02:00\"},{\"@type\":\"WebSite\",\"@id\":\"https:\\\/\\\/www.eldigitaldeasturias.com\\\/noticias\\\/#website\",\"url\":\"https:\\\/\\\/www.eldigitaldeasturias.com\\\/noticias\\\/\",\"name\":\"El Digital de Asturias - Diario de actualidad y noticias\",\"alternateName\":\"El Digital de Asturias - Diario de actualidad y noticias\",\"description\":\"Hemeroteca\",\"inLanguage\":\"es-ES\",\"publisher\":{\"@id\":\"https:\\\/\\\/www.eldigitaldeasturias.com\\\/noticias\\\/#organization\"}}]}\n\t\t<\/script>\n\t\t<!-- All in One SEO Pro -->\r\n\t\t<title>Verano, naturaleza, m\u00f3vil y bicicleta - El Digital de Asturias<\/title>\n\n","aioseo_head_json":{"title":"Verano, naturaleza, m\u00f3vil y bicicleta - El Digital de Asturias","description":"Disfrutar la naturaleza, descubrir nuevos sitios, hacer turismo en el propio pa\u00eds: las restricciones impuestas por la pandemia de coronavirus llevaron a muchas","canonical_url":"https:\/\/www.eldigitaldeasturias.com\/noticias\/verano-naturaleza-movil-y-bicicleta\/","robots":"max-image-preview:large","keywords":"tecnolog\u00eda,soportes,sistema de navegaci\u00f3n,tel\u00e9fonos m\u00f3viles,revista de ocio","webmasterTools":{"google-site-verification":"UA-38556648-1","msvalidate.01":"7dfe9f3f1b24437ab69f4f2559babe99","miscellaneous":""},"schema":{"@context":"https:\/\/schema.org","@graph":[{"@type":"BlogPosting","@id":"https:\/\/www.eldigitaldeasturias.com\/noticias\/verano-naturaleza-movil-y-bicicleta\/#blogposting","name":"Verano, naturaleza, m\u00f3vil y bicicleta - El Digital de Asturias","headline":"Verano, naturaleza, m\u00f3vil y bicicleta","author":{"@id":"https:\/\/www.eldigitaldeasturias.com\/noticias\/author\/admin\/#author"},"publisher":{"@id":"https:\/\/www.eldigitaldeasturias.com\/noticias\/#organization"},"image":{"@type":"ImageObject","url":1094875},"datePublished":"2021-07-03T08:38:17+02:00","dateModified":"2021-07-03T08:39:06+02:00","inLanguage":"es-ES","mainEntityOfPage":{"@id":"https:\/\/www.eldigitaldeasturias.com\/noticias\/verano-naturaleza-movil-y-bicicleta\/#webpage"},"isPartOf":{"@id":"https:\/\/www.eldigitaldeasturias.com\/noticias\/verano-naturaleza-movil-y-bicicleta\/#webpage"},"articleSection":"Revista de Ocio"},{"@type":"BreadcrumbList","@id":"https:\/\/www.eldigitaldeasturias.com\/noticias\/verano-naturaleza-movil-y-bicicleta\/#breadcrumblist","itemListElement":[{"@type":"ListItem","@id":"https:\/\/www.eldigitaldeasturias.com\/noticias#listItem","position":1,"name":"Home","item":"https:\/\/www.eldigitaldeasturias.com\/noticias","nextItem":{"@type":"ListItem","@id":"https:\/\/www.eldigitaldeasturias.com\/noticias\/category\/revista-de-ocio\/#listItem","name":"Revista de Ocio"}},{"@type":"ListItem","@id":"https:\/\/www.eldigitaldeasturias.com\/noticias\/category\/revista-de-ocio\/#listItem","position":2,"name":"Revista de Ocio","item":"https:\/\/www.eldigitaldeasturias.com\/noticias\/category\/revista-de-ocio\/","nextItem":{"@type":"ListItem","@id":"https:\/\/www.eldigitaldeasturias.com\/noticias\/verano-naturaleza-movil-y-bicicleta\/#listItem","name":"Verano, naturaleza, m\u00f3vil y bicicleta"},"previousItem":{"@type":"ListItem","@id":"https:\/\/www.eldigitaldeasturias.com\/noticias#listItem","name":"Home"}},{"@type":"ListItem","@id":"https:\/\/www.eldigitaldeasturias.com\/noticias\/verano-naturaleza-movil-y-bicicleta\/#listItem","position":3,"name":"Verano, naturaleza, m\u00f3vil y bicicleta","previousItem":{"@type":"ListItem","@id":"https:\/\/www.eldigitaldeasturias.com\/noticias\/category\/revista-de-ocio\/#listItem","name":"Revista de Ocio"}}]},{"@type":"Organization","@id":"https:\/\/www.eldigitaldeasturias.com\/noticias\/#organization","name":"El Digital de Asturias","description":"Hemeroteca","url":"https:\/\/www.eldigitaldeasturias.com\/noticias\/","email":"info@eldigitaldeasturias.com","telephone":"+34652131393","logo":{"@type":"ImageObject","url":"https:\/\/www.eldigitaldeasturias.com\/noticias\/wp-content\/uploads\/2020\/12\/EDA.jpg","@id":"https:\/\/www.eldigitaldeasturias.com\/noticias\/verano-naturaleza-movil-y-bicicleta\/#organizationLogo"},"image":{"@id":"https:\/\/www.eldigitaldeasturias.com\/noticias\/verano-naturaleza-movil-y-bicicleta\/#organizationLogo"},"sameAs":["https:\/\/facebook.com\/eldigitaldeasturias","https:\/\/www.youtube.com\/channel\/UCZP-2wLEB9Rv6erhFmqVnvg"],"address":{"@id":"https:\/\/www.eldigitaldeasturias.com\/noticias\/#postaladdress","@type":"PostalAddress","streetAddress":"san antonio 4","postalCode":"33430","addressLocality":"Cand\u00e1s","addressRegion":"Asturias","addressCountry":"ES"}},{"@type":"Person","@id":"https:\/\/www.eldigitaldeasturias.com\/noticias\/author\/admin\/#author","url":"https:\/\/www.eldigitaldeasturias.com\/noticias\/author\/admin\/","name":"El Digital de Asturias","image":{"@type":"ImageObject","@id":"https:\/\/www.eldigitaldeasturias.com\/noticias\/verano-naturaleza-movil-y-bicicleta\/#authorImage","url":"https:\/\/secure.gravatar.com\/avatar\/df2aeffc32bcd13f8d26072ef8a91b623d677766deac7f97ca815868cd41bf5e?s=96&d=mm&r=g","width":96,"height":96,"caption":"El Digital de Asturias"}},{"@type":"WebPage","@id":"https:\/\/www.eldigitaldeasturias.com\/noticias\/verano-naturaleza-movil-y-bicicleta\/#webpage","url":"https:\/\/www.eldigitaldeasturias.com\/noticias\/verano-naturaleza-movil-y-bicicleta\/","name":"Verano, naturaleza, m\u00f3vil y bicicleta - El Digital de Asturias","description":"Disfrutar la naturaleza, descubrir nuevos sitios, hacer turismo en el propio pa\u00eds: las restricciones impuestas por la pandemia de coronavirus llevaron a muchas","inLanguage":"es-ES","isPartOf":{"@id":"https:\/\/www.eldigitaldeasturias.com\/noticias\/#website"},"breadcrumb":{"@id":"https:\/\/www.eldigitaldeasturias.com\/noticias\/verano-naturaleza-movil-y-bicicleta\/#breadcrumblist"},"author":{"@id":"https:\/\/www.eldigitaldeasturias.com\/noticias\/author\/admin\/#author"},"creator":{"@id":"https:\/\/www.eldigitaldeasturias.com\/noticias\/author\/admin\/#author"},"image":{"@type":"ImageObject","url":1094875,"@id":"https:\/\/www.eldigitaldeasturias.com\/noticias\/verano-naturaleza-movil-y-bicicleta\/#mainImage"},"primaryImageOfPage":{"@id":"https:\/\/www.eldigitaldeasturias.com\/noticias\/verano-naturaleza-movil-y-bicicleta\/#mainImage"},"datePublished":"2021-07-03T08:38:17+02:00","dateModified":"2021-07-03T08:39:06+02:00"},{"@type":"WebSite","@id":"https:\/\/www.eldigitaldeasturias.com\/noticias\/#website","url":"https:\/\/www.eldigitaldeasturias.com\/noticias\/","name":"El Digital de Asturias - Diario de actualidad y noticias","alternateName":"El Digital de Asturias - Diario de actualidad y noticias","description":"Hemeroteca","inLanguage":"es-ES","publisher":{"@id":"https:\/\/www.eldigitaldeasturias.com\/noticias\/#organization"}}]},"og:locale":"es_ES","og:site_name":"El Digital de Asturias","og:type":"article","og:title":"Verano, naturaleza, m\u00f3vil y bicicleta - El Digital de Asturias","og:description":"Disfrutar la naturaleza, descubrir nuevos sitios, hacer turismo en el propio pa\u00eds: las restricciones impuestas por la pandemia de coronavirus llevaron a muchas","og:url":"https:\/\/www.eldigitaldeasturias.com\/noticias\/verano-naturaleza-movil-y-bicicleta\/","article:tag":["tecnolog\u00eda","soportes","sistema de navegaci\u00f3n","tel\u00e9fonos m\u00f3viles","revista de ocio"],"article:published_time":"2021-07-03T07:38:17+00:00","article:modified_time":"2021-07-03T07:39:06+00:00","article:publisher":"https:\/\/facebook.com\/eldigitaldeasturias","twitter:card":"summary_large_image","twitter:title":"Verano, naturaleza, m\u00f3vil y bicicleta - El Digital de Asturias","twitter:description":"Disfrutar la naturaleza, descubrir nuevos sitios, hacer turismo en el propio pa\u00eds: las restricciones impuestas por la pandemia de coronavirus llevaron a muchas","twitter:image":"https:\/\/www.eldigitaldeasturias.com\/noticias\/wp-content\/uploads\/2020\/12\/EDA-1.jpg","twitter:label1":"Escrito por","twitter:data1":"El Digital de Asturias","twitter:label2":"Tiempo de lectura estimado","twitter:data2":"5 minutos"},"aioseo_meta_data":{"post_id":"1094874","title":null,"description":"Disfrutar la naturaleza, descubrir nuevos sitios, hacer turismo en el propio pa\u00eds: las restricciones impuestas por la pandemia de coronavirus llevaron a muchas","keywords":[{"label":"Tecnolog\u00eda","value":"Tecnolog\u00eda"},{"label":" Soportes","value":" Soportes"},{"label":" Sistema de navegaci\u00f3n","value":" Sistema de navegaci\u00f3n"},{"label":" Tel\u00e9fonos m\u00f3viles","value":" Tel\u00e9fonos m\u00f3viles"}],"keyphrases":{"focus":{"keyphrase":"naturaleza","score":88,"analysis":{"keyphraseInTitle":{"title":"Frase clave objetivo en el t\u00edtulo SEO","description":"Frase clave objetivo encontrada en el t\u00edtulo SEO.","score":9,"maxScore":9,"error":0},"keyphraseInDescription":{"title":"Frase clave objetivo en la meta descripci\u00f3n","description":"Frase clave objetivo encontrada en la meta descripci\u00f3n.","score":9,"maxScore":9,"error":0},"keyphraseInURL":{"title":"Frase clave objetivo en la URL","description":"Frase clave objetivo usada en la URL.","score":5,"maxScore":5,"error":0},"keyphraseLength":{"title":"Longitud de la Frase clave objetivo","description":"\u00a1Buen trabajo!","score":9,"maxScore":9,"error":0,"length":1},"keyphraseInIntroduction":{"title":"Frase clave objetivo en la introducci\u00f3n","description":"Su Frase clave objetivo aparece en el primer p\u00e1rrafo. \u00a1Bien hecho!","score":9,"maxScore":9,"error":0},"keyphraseInSubHeadings":[],"keyphraseInImageAlt":{"title":"Frase clave objetivo en los atributos alt de la imagen.","description":"Frase clave objetivo no se encuentra en los atributos alt de la imagen. A\u00f1ada una imagen con su Frase clave objetivo como texto alternativo.","score":3,"maxScore":9,"error":1}}},"additional":[{"keyphrase":"nuevos sitios","score":83,"analysis":{"keyphraseInDescription":{"title":"Frase clave en la meta descripci\u00f3n","description":"Frase clave encontrada en la meta descripci\u00f3n.","score":9,"maxScore":9,"error":0},"keyphraseLength":{"title":"Longitud de la Frase clave","description":"\u00a1Buen trabajo!","score":9,"maxScore":9,"error":0,"length":2},"keyphraseInIntroduction":{"title":"Frase clave en la introducci\u00f3n","description":"Su Frase clave aparece en el primer p\u00e1rrafo. \u00a1Bien hecho!","score":9,"maxScore":9,"error":0},"keyphraseInImageAlt":{"title":"Frase clave en los atributos alt de la imagen.","description":"Frase clave no se encuentra en los atributos alt de la imagen. A\u00f1ada una imagen con su Frase clave como texto alternativo.","score":3,"maxScore":9,"error":1}}},{"keyphrase":"bicicleta","score":83,"analysis":{"keyphraseInDescription":{"title":"Frase clave en la meta descripci\u00f3n","description":"Frase clave no se encuentra en la meta descripci\u00f3n.","score":3,"maxScore":9,"error":1},"keyphraseLength":{"title":"Longitud de la Frase clave","description":"\u00a1Buen trabajo!","score":9,"maxScore":9,"error":0,"length":1},"keyphraseInIntroduction":{"title":"Frase clave en la introducci\u00f3n","description":"Su Frase clave aparece en el primer p\u00e1rrafo. \u00a1Bien hecho!","score":9,"maxScore":9,"error":0},"keyphraseInImageAlt":{"title":"Frase clave en los atributos alt de la imagen.","description":"Frase clave encontrada en los atributos alt de la(s) imagen(es).","score":9,"maxScore":9,"error":0}}},{"keyphrase":"turismo","score":83,"analysis":{"keyphraseInDescription":{"title":"Frase clave en la meta descripci\u00f3n","description":"Frase clave encontrada en la meta descripci\u00f3n.","score":9,"maxScore":9,"error":0},"keyphraseLength":{"title":"Longitud de la Frase clave","description":"\u00a1Buen trabajo!","score":9,"maxScore":9,"error":0,"length":1},"keyphraseInIntroduction":{"title":"Frase clave en la introducci\u00f3n","description":"Su Frase clave aparece en el primer p\u00e1rrafo. \u00a1Bien hecho!","score":9,"maxScore":9,"error":0},"keyphraseInImageAlt":{"title":"Frase clave en los atributos alt de la imagen.","description":"Frase clave no se encuentra en los atributos alt de la imagen. A\u00f1ada una imagen con su Frase clave como texto alternativo.","score":3,"maxScore":9,"error":1}}}]},"primary_term":null,"canonical_url":null,"og_title":null,"og_description":null,"og_object_type":"default","og_image_type":"default","og_image_url":null,"og_image_width":null,"og_image_height":null,"og_image_custom_url":null,"og_image_custom_fields":null,"og_video":"","og_custom_url":null,"og_article_section":null,"og_article_tags":[],"twitter_use_og":false,"twitter_card":"default","twitter_image_type":"default","twitter_image_url":null,"twitter_image_custom_url":null,"twitter_image_custom_fields":null,"twitter_title":null,"twitter_description":null,"schema":{"blockGraphs":[],"customGraphs":[],"default":{"data":{"Article":[],"Course":[],"Dataset":[],"FAQPage":[],"Movie":[],"Person":[],"Product":[],"ProductReview":[],"Car":[],"Recipe":[],"Service":[],"SoftwareApplication":[],"WebPage":[]},"graphName":"","isEnabled":true},"graphs":[],"defaultGraph":"Article","defaultPostTypeGraph":""},"schema_type":"default","schema_type_options":"{\"article\":{\"articleType\":\"BlogPosting\"},\"course\":{\"name\":\"\",\"description\":\"\",\"provider\":\"\"},\"faq\":{\"pages\":[]},\"product\":{\"reviews\":[]},\"recipe\":{\"ingredients\":[],\"instructions\":[],\"keywords\":[]},\"software\":{\"reviews\":[],\"operatingSystems\":[]},\"webPage\":{\"webPageType\":\"WebPage\"}}","pillar_content":false,"robots_default":true,"robots_noindex":false,"robots_noarchive":false,"robots_nosnippet":false,"robots_nofollow":false,"robots_noimageindex":false,"robots_noodp":false,"robots_notranslate":false,"robots_max_snippet":"-1","robots_max_videopreview":"-1","robots_max_imagepreview":"large","priority":null,"frequency":"default","local_seo":{"locations":{"business":{"name":"","businessType":"","image":"","areaServed":"","urls":{"website":"","aboutPage":"","contactPage":""},"address":{"streetLine1":"","streetLine2":"","zipCode":"","city":"","state":"","country":"","addressFormat":"#streetLineOne\n#streetLineTwo\n#city, #state #zipCode"},"contact":{"email":"","phone":"","phoneFormatted":"","fax":"","faxFormatted":""},"ids":{"vat":"","tax":"","chamberOfCommerce":""},"payment":{"priceRange":"","currenciesAccepted":"","methods":""}}},"openingHours":{"useDefaults":true,"show":true,"alwaysOpen":false,"use24hFormat":false,"timezone":"","labels":{"closed":"","alwaysOpen":""},"days":{"monday":{"open24h":false,"closed":false,"openTime":"09:00","closeTime":"17:00"},"tuesday":{"open24h":false,"closed":false,"openTime":"09:00","closeTime":"17:00"},"wednesday":{"open24h":false,"closed":false,"openTime":"09:00","closeTime":"17:00"},"thursday":{"open24h":false,"closed":false,"openTime":"09:00","closeTime":"17:00"},"friday":{"open24h":false,"closed":false,"openTime":"09:00","closeTime":"17:00"},"saturday":{"open24h":false,"closed":false,"openTime":"09:00","closeTime":"17:00"},"sunday":{"open24h":false,"closed":false,"openTime":"09:00","closeTime":"17:00"}}}},"seo_analyzer_scan_date":"2026-07-20 05:17:10","breadcrumb_settings":null,"limit_modified_date":false,"open_ai":null,"ai":null,"created":"2021-07-03 07:26:34","updated":"2026-07-20 05:17:10","focus_keyword":"naturaleza","additional_keywords":[{"word":"nuevos sitios","score":83},{"word":"bicicleta","score":83},{"word":"turismo","score":83}],"truseo_locale":null},"aioseo_breadcrumb":"<div class=\"aioseo-breadcrumbs\"><span class=\"aioseo-breadcrumb\">\n\t<a href=\"https:\/\/www.eldigitaldeasturias.com\/noticias\" title=\"Home\">Home<\/a>\n<\/span><span class=\"aioseo-breadcrumb-separator\">\u2013<\/span><span class=\"aioseo-breadcrumb\">\n\t<a href=\"https:\/\/www.eldigitaldeasturias.com\/noticias\/category\/revista-de-ocio\/\" title=\"Revista de Ocio\">Revista de Ocio<\/a>\n<\/span><span class=\"aioseo-breadcrumb-separator\">\u2013<\/span><span class=\"aioseo-breadcrumb\">\n\t<a href=\"https:\/\/www.eldigitaldeasturias.com\/noticias\/verano-naturaleza-movil-y-bicicleta\/\" title=\"Verano, naturaleza, m\u00f3vil y bicicleta\">Verano, naturaleza, m\u00f3vil y bicicleta<\/a>\n<\/span><\/div>","aioseo_breadcrumb_json":[{"label":"Home","link":"https:\/\/www.eldigitaldeasturias.com\/noticias"},{"label":"Revista de Ocio","link":"https:\/\/www.eldigitaldeasturias.com\/noticias\/category\/revista-de-ocio\/"},{"label":"Verano, naturaleza, m\u00f3vil y bicicleta","link":"https:\/\/www.eldigitaldeasturias.com\/noticias\/verano-naturaleza-movil-y-bicicleta\/"}],"_links":{"self":[{"href":"https:\/\/www.eldigitaldeasturias.com\/noticias\/wp-json\/wp\/v2\/posts\/1094874","targetHints":{"allow":["GET"]}}],"collection":[{"href":"https:\/\/www.eldigitaldeasturias.com\/noticias\/wp-json\/wp\/v2\/posts"}],"about":[{"href":"https:\/\/www.eldigitaldeasturias.com\/noticias\/wp-json\/wp\/v2\/types\/post"}],"author":[{"embeddable":true,"href":"https:\/\/www.eldigitaldeasturias.com\/noticias\/wp-json\/wp\/v2\/users\/1"}],"replies":[{"embeddable":true,"href":"https:\/\/www.eldigitaldeasturias.com\/noticias\/wp-json\/wp\/v2\/comments?post=1094874"}],"version-history":[{"count":0,"href":"https:\/\/www.eldigitaldeasturias.com\/noticias\/wp-json\/wp\/v2\/posts\/1094874\/revisions"}],"wp:attachment":[{"href":"https:\/\/www.eldigitaldeasturias.com\/noticias\/wp-json\/wp\/v2\/media?parent=1094874"}],"wp:term":[{"taxonomy":"category","embeddable":true,"href":"https:\/\/www.eldigitaldeasturias.com\/noticias\/wp-json\/wp\/v2\/categories?post=1094874"},{"taxonomy":"post_tag","embeddable":true,"href":"https:\/\/www.eldigitaldeasturias.com\/noticias\/wp-json\/wp\/v2\/tags?post=1094874"}],"curies":[{"name":"wp","href":"https:\/\/api.w.org\/{rel}","templated":true}]}}