{"id":1094835,"date":"2021-07-01T18:58:23","date_gmt":"2021-07-01T17:58:23","guid":{"rendered":"https:\/\/www.eldigitaldeasturias.com\/noticias\/?p=1094835"},"modified":"2021-07-01T18:58:23","modified_gmt":"2021-07-01T17:58:23","slug":"asturias-presenta-el-nuevo-programa-de-gestion-del-lobo","status":"publish","type":"post","link":"https:\/\/www.eldigitaldeasturias.com\/noticias\/asturias-presenta-el-nuevo-programa-de-gestion-del-lobo\/","title":{"rendered":"Asturias presenta el nuevo programa de gesti\u00f3n del lobo"},"content":{"rendered":"<p><img loading=\"lazy\" decoding=\"async\" class=\"alignleft size-medium wp-image-1094836\" src=\"https:\/\/www.eldigitaldeasturias.com\/noticias\/wp-content\/uploads\/2021\/07\/Asturias-Plan-Lobo-360x232.jpg\" alt=\"Asturias Plan Lobo\" width=\"360\" height=\"232\" \/>El Principado de <strong>Asturias ha elaborado un nuevo programa de gesti\u00f3n del lobo para el periodo 2021-2022<\/strong>, seg\u00fan nota de prensa remitida a nuestro <a href=\"https:\/\/www.eldigitaldeasturias.com\/noticias\/contacto\/\" target=\"_blank\" rel=\"noopener\"><span style=\"color: #ff6600;\"><strong>diario digital<\/strong><\/span><\/a>. El consejero de Medio Rural y Cohesi\u00f3n Territorial, Alejandro Calvo, y el director general del Medio Natural y Planificaci\u00f3n Rural, David Villar, han presentado el documento en la reuni\u00f3n telem\u00e1tica del comit\u00e9 consultivo del Plan de Gesti\u00f3n del Lobo celebrada esta tarde.<\/p>\n<p>El Ejecutivo asturiano da continuidad al actual marco de gesti\u00f3n de esta especie en Asturias, m\u00e1s all\u00e1 de la incertidumbre que pueda generar el proceso de renovaci\u00f3n de la estrategia nacional y la posible inclusi\u00f3n del lobo en el <strong>Listado de Especies Silvestres en R\u00e9gimen de Protecci\u00f3n Especial<\/strong> (LESPE). El consejero ha explicado que \u201cnuestra obligaci\u00f3n es dotarnos de un marco de gesti\u00f3n real y eficaz que permita actuar y trabajar para favorecer la coexistencia del lobo y la ganader\u00eda\u201d.<\/p>\n<p>Los trabajos de seguimiento de la evoluci\u00f3n de la especie en la regi\u00f3n, que se recogen en el nuevo programa, son los estudios de campo m\u00e1s completos de los realizados hasta el momento. En ellos han participado m\u00e1s de 80 personas entre t\u00e9cnicos, agentes del Medio Natural, y cient\u00edficos y expertos de diferentes \u00e1mbitos. Seg\u00fan sus datos, la estimaci\u00f3n de la poblaci\u00f3n de lobo ib\u00e9rico en 2020 era de 38 manadas seguras y seis probables.<\/p>\n<p>En la reuni\u00f3n tambi\u00e9n se ha informado sobre las nuevas ayudas destinadas a impulsar la adopci\u00f3n de medidas preventivas para evitar da\u00f1os de la fauna silvestre que ha puesto en marcha el Ejecutivo asturiano. Se trata de una l\u00ednea complementaria a la indemnizaci\u00f3n por da\u00f1os y subvencionable al 100% de la inversi\u00f3n. La ayuda podr\u00e1 alcanzar un m\u00e1ximo de 40.000 euros por explotaci\u00f3n y contempla medidas como la construcci\u00f3n de cercados permanentes o rediles m\u00f3viles.<\/p>\n<p>En este \u00e1mbito, se cuenta con la experiencia de cercados permanentes como los instalados en<strong> Lena, Cabrales (Sotres y Tielve), Allande y Somiedo, este \u00faltimo con una superficie de 10 hect\u00e1reas, que han permitido testar la eficacia de estas medidas preventivas<\/strong>.<\/p>\n<p>El nuevo programa 2021-2022 prev\u00e9 la realizaci\u00f3n de controles poblacionales all\u00ed donde la actuaci\u00f3n de los lobos comprometa la viabilidad econ\u00f3mica de las explotaciones agropecuarias, con el fin de reducir los da\u00f1os en la mayor medida posible. El cupo m\u00e1ximo de extracciones previstas es de 32.<\/p>\n","protected":false},"excerpt":{"rendered":"<p>El Principado de Asturias ha elaborado un nuevo programa de gesti\u00f3n del lobo para el periodo 2021-2022, seg\u00fan nota de prensa remitida a nuestro diario digital. El consejero de Medio Rural y Cohesi\u00f3n Territorial, Alejandro Calvo, y el director general del Medio Natural y Planificaci\u00f3n Rural, David Villar, han presentado el documento en la reuni\u00f3n [&hellip;]<\/p>\n","protected":false},"author":1,"featured_media":1094836,"comment_status":"closed","ping_status":"closed","sticky":false,"template":"","format":"standard","meta":{"footnotes":""},"categories":[12],"tags":[],"class_list":["post-1094835","post","type-post","status-publish","format-standard","has-post-thumbnail","hentry","category-actualidad-asturias"],"aioseo_notices":[],"aioseo_head":"\n\t\t<!-- All in One SEO Pro 5.0.1 - aioseo.com -->\n\t<meta name=\"description\" content=\"El Principado de Asturias ha elaborado un nuevo programa de gesti\u00f3n del lobo para el periodo 2021-2022, seg\u00fan nota de prensa remitida a nuestro diario digital\" \/>\n\t<meta name=\"robots\" content=\"max-image-preview:large\" \/>\n\t<meta name=\"author\" content=\"El Digital de Asturias\"\/>\n\t<meta name=\"google-site-verification\" content=\"UA-38556648-1\" \/>\n\t<meta name=\"msvalidate.01\" content=\"7dfe9f3f1b24437ab69f4f2559babe99\" \/>\n\t<meta name=\"keywords\" content=\"actualidad asturias\" \/>\n\t<link rel=\"canonical\" href=\"https:\/\/www.eldigitaldeasturias.com\/noticias\/asturias-presenta-el-nuevo-programa-de-gestion-del-lobo\/\" \/>\n\t<meta name=\"generator\" content=\"All in One SEO Pro (AIOSEO) 5.0.1\" \/>\n\t\t<meta property=\"og:locale\" content=\"es_ES\" \/>\n\t\t<meta property=\"og:site_name\" content=\"El Digital de Asturias\" \/>\n\t\t<meta property=\"og:type\" content=\"article\" \/>\n\t\t<meta property=\"og:title\" content=\"Asturias presenta el nuevo programa de gesti\u00f3n del lobo - El Digital de Asturias\" \/>\n\t\t<meta property=\"og:description\" content=\"El Principado de Asturias ha elaborado un nuevo programa de gesti\u00f3n del lobo para el periodo 2021-2022, seg\u00fan nota de prensa remitida a nuestro diario digital\" \/>\n\t\t<meta property=\"og:url\" content=\"https:\/\/www.eldigitaldeasturias.com\/noticias\/asturias-presenta-el-nuevo-programa-de-gestion-del-lobo\/\" \/>\n\t\t<meta property=\"article:tag\" content=\"actualidad asturias\" \/>\n\t\t<meta property=\"article:published_time\" content=\"2021-07-01T17:58:23+00:00\" \/>\n\t\t<meta property=\"article:modified_time\" content=\"2021-07-01T17:58:23+00:00\" \/>\n\t\t<meta property=\"article:publisher\" content=\"https:\/\/facebook.com\/eldigitaldeasturias\" \/>\n\t\t<meta name=\"twitter:card\" content=\"summary_large_image\" \/>\n\t\t<meta name=\"twitter:title\" content=\"Asturias presenta el nuevo programa de gesti\u00f3n del lobo - El Digital de Asturias\" \/>\n\t\t<meta name=\"twitter:description\" content=\"El Principado de Asturias ha elaborado un nuevo programa de gesti\u00f3n del lobo para el periodo 2021-2022, seg\u00fan nota de prensa remitida a nuestro diario digital\" \/>\n\t\t<meta name=\"twitter:image\" content=\"https:\/\/www.eldigitaldeasturias.com\/noticias\/wp-content\/uploads\/2020\/12\/EDA-1.jpg\" \/>\n\t\t<meta name=\"twitter:label1\" content=\"Escrito por\" \/>\n\t\t<meta name=\"twitter:data1\" content=\"El Digital de Asturias\" \/>\n\t\t<meta name=\"twitter:label2\" content=\"Tiempo de lectura estimado\" \/>\n\t\t<meta name=\"twitter:data2\" content=\"2 minutos\" \/>\n\t\t<script type=\"application\/ld+json\" class=\"aioseo-schema\">\n\t\t\t{\"@context\":\"https:\\\/\\\/schema.org\",\"@graph\":[{\"@type\":\"BlogPosting\",\"@id\":\"https:\\\/\\\/www.eldigitaldeasturias.com\\\/noticias\\\/asturias-presenta-el-nuevo-programa-de-gestion-del-lobo\\\/#blogposting\",\"name\":\"Asturias presenta el nuevo programa de gesti\\u00f3n del lobo - El Digital de Asturias\",\"headline\":\"Asturias presenta el nuevo programa de gesti\\u00f3n del lobo\",\"author\":{\"@id\":\"https:\\\/\\\/www.eldigitaldeasturias.com\\\/noticias\\\/author\\\/admin\\\/#author\"},\"publisher\":{\"@id\":\"https:\\\/\\\/www.eldigitaldeasturias.com\\\/noticias\\\/#organization\"},\"image\":{\"@type\":\"ImageObject\",\"url\":1094836},\"datePublished\":\"2021-07-01T18:58:23+02:00\",\"dateModified\":\"2021-07-01T18:58:23+02:00\",\"inLanguage\":\"es-ES\",\"mainEntityOfPage\":{\"@id\":\"https:\\\/\\\/www.eldigitaldeasturias.com\\\/noticias\\\/asturias-presenta-el-nuevo-programa-de-gestion-del-lobo\\\/#webpage\"},\"isPartOf\":{\"@id\":\"https:\\\/\\\/www.eldigitaldeasturias.com\\\/noticias\\\/asturias-presenta-el-nuevo-programa-de-gestion-del-lobo\\\/#webpage\"},\"articleSection\":\"Actualidad Asturias\"},{\"@type\":\"BreadcrumbList\",\"@id\":\"https:\\\/\\\/www.eldigitaldeasturias.com\\\/noticias\\\/asturias-presenta-el-nuevo-programa-de-gestion-del-lobo\\\/#breadcrumblist\",\"itemListElement\":[{\"@type\":\"ListItem\",\"@id\":\"https:\\\/\\\/www.eldigitaldeasturias.com\\\/noticias#listItem\",\"position\":1,\"name\":\"Home\",\"item\":\"https:\\\/\\\/www.eldigitaldeasturias.com\\\/noticias\",\"nextItem\":{\"@type\":\"ListItem\",\"@id\":\"https:\\\/\\\/www.eldigitaldeasturias.com\\\/noticias\\\/category\\\/actualidad-asturias\\\/#listItem\",\"name\":\"Actualidad Asturias\"}},{\"@type\":\"ListItem\",\"@id\":\"https:\\\/\\\/www.eldigitaldeasturias.com\\\/noticias\\\/category\\\/actualidad-asturias\\\/#listItem\",\"position\":2,\"name\":\"Actualidad Asturias\",\"item\":\"https:\\\/\\\/www.eldigitaldeasturias.com\\\/noticias\\\/category\\\/actualidad-asturias\\\/\",\"nextItem\":{\"@type\":\"ListItem\",\"@id\":\"https:\\\/\\\/www.eldigitaldeasturias.com\\\/noticias\\\/asturias-presenta-el-nuevo-programa-de-gestion-del-lobo\\\/#listItem\",\"name\":\"Asturias presenta el nuevo programa de gesti\\u00f3n del lobo\"},\"previousItem\":{\"@type\":\"ListItem\",\"@id\":\"https:\\\/\\\/www.eldigitaldeasturias.com\\\/noticias#listItem\",\"name\":\"Home\"}},{\"@type\":\"ListItem\",\"@id\":\"https:\\\/\\\/www.eldigitaldeasturias.com\\\/noticias\\\/asturias-presenta-el-nuevo-programa-de-gestion-del-lobo\\\/#listItem\",\"position\":3,\"name\":\"Asturias presenta el nuevo programa de gesti\\u00f3n del lobo\",\"previousItem\":{\"@type\":\"ListItem\",\"@id\":\"https:\\\/\\\/www.eldigitaldeasturias.com\\\/noticias\\\/category\\\/actualidad-asturias\\\/#listItem\",\"name\":\"Actualidad Asturias\"}}]},{\"@type\":\"Organization\",\"@id\":\"https:\\\/\\\/www.eldigitaldeasturias.com\\\/noticias\\\/#organization\",\"name\":\"El Digital de Asturias\",\"description\":\"Hemeroteca\",\"url\":\"https:\\\/\\\/www.eldigitaldeasturias.com\\\/noticias\\\/\",\"email\":\"info@eldigitaldeasturias.com\",\"telephone\":\"+34652131393\",\"logo\":{\"@type\":\"ImageObject\",\"url\":\"https:\\\/\\\/www.eldigitaldeasturias.com\\\/noticias\\\/wp-content\\\/uploads\\\/2020\\\/12\\\/EDA.jpg\",\"@id\":\"https:\\\/\\\/www.eldigitaldeasturias.com\\\/noticias\\\/asturias-presenta-el-nuevo-programa-de-gestion-del-lobo\\\/#organizationLogo\"},\"image\":{\"@id\":\"https:\\\/\\\/www.eldigitaldeasturias.com\\\/noticias\\\/asturias-presenta-el-nuevo-programa-de-gestion-del-lobo\\\/#organizationLogo\"},\"sameAs\":[\"https:\\\/\\\/facebook.com\\\/eldigitaldeasturias\",\"https:\\\/\\\/www.youtube.com\\\/channel\\\/UCZP-2wLEB9Rv6erhFmqVnvg\"],\"address\":{\"@id\":\"https:\\\/\\\/www.eldigitaldeasturias.com\\\/noticias\\\/#postaladdress\",\"@type\":\"PostalAddress\",\"streetAddress\":\"san antonio 4\",\"postalCode\":\"33430\",\"addressLocality\":\"Cand\\u00e1s\",\"addressRegion\":\"Asturias\",\"addressCountry\":\"ES\"}},{\"@type\":\"Person\",\"@id\":\"https:\\\/\\\/www.eldigitaldeasturias.com\\\/noticias\\\/author\\\/admin\\\/#author\",\"url\":\"https:\\\/\\\/www.eldigitaldeasturias.com\\\/noticias\\\/author\\\/admin\\\/\",\"name\":\"El Digital de Asturias\",\"image\":{\"@type\":\"ImageObject\",\"@id\":\"https:\\\/\\\/www.eldigitaldeasturias.com\\\/noticias\\\/asturias-presenta-el-nuevo-programa-de-gestion-del-lobo\\\/#authorImage\",\"url\":\"https:\\\/\\\/secure.gravatar.com\\\/avatar\\\/df2aeffc32bcd13f8d26072ef8a91b623d677766deac7f97ca815868cd41bf5e?s=96&d=mm&r=g\",\"width\":96,\"height\":96,\"caption\":\"El Digital de Asturias\"}},{\"@type\":\"WebPage\",\"@id\":\"https:\\\/\\\/www.eldigitaldeasturias.com\\\/noticias\\\/asturias-presenta-el-nuevo-programa-de-gestion-del-lobo\\\/#webpage\",\"url\":\"https:\\\/\\\/www.eldigitaldeasturias.com\\\/noticias\\\/asturias-presenta-el-nuevo-programa-de-gestion-del-lobo\\\/\",\"name\":\"Asturias presenta el nuevo programa de gesti\\u00f3n del lobo - El Digital de Asturias\",\"description\":\"El Principado de Asturias ha elaborado un nuevo programa de gesti\\u00f3n del lobo para el periodo 2021-2022, seg\\u00fan nota de prensa remitida a nuestro diario digital\",\"inLanguage\":\"es-ES\",\"isPartOf\":{\"@id\":\"https:\\\/\\\/www.eldigitaldeasturias.com\\\/noticias\\\/#website\"},\"breadcrumb\":{\"@id\":\"https:\\\/\\\/www.eldigitaldeasturias.com\\\/noticias\\\/asturias-presenta-el-nuevo-programa-de-gestion-del-lobo\\\/#breadcrumblist\"},\"author\":{\"@id\":\"https:\\\/\\\/www.eldigitaldeasturias.com\\\/noticias\\\/author\\\/admin\\\/#author\"},\"creator\":{\"@id\":\"https:\\\/\\\/www.eldigitaldeasturias.com\\\/noticias\\\/author\\\/admin\\\/#author\"},\"image\":{\"@type\":\"ImageObject\",\"url\":1094836,\"@id\":\"https:\\\/\\\/www.eldigitaldeasturias.com\\\/noticias\\\/asturias-presenta-el-nuevo-programa-de-gestion-del-lobo\\\/#mainImage\"},\"primaryImageOfPage\":{\"@id\":\"https:\\\/\\\/www.eldigitaldeasturias.com\\\/noticias\\\/asturias-presenta-el-nuevo-programa-de-gestion-del-lobo\\\/#mainImage\"},\"datePublished\":\"2021-07-01T18:58:23+02:00\",\"dateModified\":\"2021-07-01T18:58:23+02:00\"},{\"@type\":\"WebSite\",\"@id\":\"https:\\\/\\\/www.eldigitaldeasturias.com\\\/noticias\\\/#website\",\"url\":\"https:\\\/\\\/www.eldigitaldeasturias.com\\\/noticias\\\/\",\"name\":\"El Digital de Asturias - Diario de actualidad y noticias\",\"alternateName\":\"El Digital de Asturias - Diario de actualidad y noticias\",\"description\":\"Hemeroteca\",\"inLanguage\":\"es-ES\",\"publisher\":{\"@id\":\"https:\\\/\\\/www.eldigitaldeasturias.com\\\/noticias\\\/#organization\"}}]}\n\t\t<\/script>\n\t\t<!-- All in One SEO Pro -->\r\n\t\t<title>Asturias presenta el nuevo programa de gesti\u00f3n del lobo - El Digital de Asturias<\/title>\n\n","aioseo_head_json":{"title":"Asturias presenta el nuevo programa de gesti\u00f3n del lobo - El Digital de Asturias","description":"El Principado de Asturias ha elaborado un nuevo programa de gesti\u00f3n del lobo para el periodo 2021-2022, seg\u00fan nota de prensa remitida a nuestro diario digital","canonical_url":"https:\/\/www.eldigitaldeasturias.com\/noticias\/asturias-presenta-el-nuevo-programa-de-gestion-del-lobo\/","robots":"max-image-preview:large","keywords":"actualidad asturias","webmasterTools":{"google-site-verification":"UA-38556648-1","msvalidate.01":"7dfe9f3f1b24437ab69f4f2559babe99","miscellaneous":""},"schema":{"@context":"https:\/\/schema.org","@graph":[{"@type":"BlogPosting","@id":"https:\/\/www.eldigitaldeasturias.com\/noticias\/asturias-presenta-el-nuevo-programa-de-gestion-del-lobo\/#blogposting","name":"Asturias presenta el nuevo programa de gesti\u00f3n del lobo - El Digital de Asturias","headline":"Asturias presenta el nuevo programa de gesti\u00f3n del lobo","author":{"@id":"https:\/\/www.eldigitaldeasturias.com\/noticias\/author\/admin\/#author"},"publisher":{"@id":"https:\/\/www.eldigitaldeasturias.com\/noticias\/#organization"},"image":{"@type":"ImageObject","url":1094836},"datePublished":"2021-07-01T18:58:23+02:00","dateModified":"2021-07-01T18:58:23+02:00","inLanguage":"es-ES","mainEntityOfPage":{"@id":"https:\/\/www.eldigitaldeasturias.com\/noticias\/asturias-presenta-el-nuevo-programa-de-gestion-del-lobo\/#webpage"},"isPartOf":{"@id":"https:\/\/www.eldigitaldeasturias.com\/noticias\/asturias-presenta-el-nuevo-programa-de-gestion-del-lobo\/#webpage"},"articleSection":"Actualidad Asturias"},{"@type":"BreadcrumbList","@id":"https:\/\/www.eldigitaldeasturias.com\/noticias\/asturias-presenta-el-nuevo-programa-de-gestion-del-lobo\/#breadcrumblist","itemListElement":[{"@type":"ListItem","@id":"https:\/\/www.eldigitaldeasturias.com\/noticias#listItem","position":1,"name":"Home","item":"https:\/\/www.eldigitaldeasturias.com\/noticias","nextItem":{"@type":"ListItem","@id":"https:\/\/www.eldigitaldeasturias.com\/noticias\/category\/actualidad-asturias\/#listItem","name":"Actualidad Asturias"}},{"@type":"ListItem","@id":"https:\/\/www.eldigitaldeasturias.com\/noticias\/category\/actualidad-asturias\/#listItem","position":2,"name":"Actualidad Asturias","item":"https:\/\/www.eldigitaldeasturias.com\/noticias\/category\/actualidad-asturias\/","nextItem":{"@type":"ListItem","@id":"https:\/\/www.eldigitaldeasturias.com\/noticias\/asturias-presenta-el-nuevo-programa-de-gestion-del-lobo\/#listItem","name":"Asturias presenta el nuevo programa de gesti\u00f3n del lobo"},"previousItem":{"@type":"ListItem","@id":"https:\/\/www.eldigitaldeasturias.com\/noticias#listItem","name":"Home"}},{"@type":"ListItem","@id":"https:\/\/www.eldigitaldeasturias.com\/noticias\/asturias-presenta-el-nuevo-programa-de-gestion-del-lobo\/#listItem","position":3,"name":"Asturias presenta el nuevo programa de gesti\u00f3n del lobo","previousItem":{"@type":"ListItem","@id":"https:\/\/www.eldigitaldeasturias.com\/noticias\/category\/actualidad-asturias\/#listItem","name":"Actualidad Asturias"}}]},{"@type":"Organization","@id":"https:\/\/www.eldigitaldeasturias.com\/noticias\/#organization","name":"El Digital de Asturias","description":"Hemeroteca","url":"https:\/\/www.eldigitaldeasturias.com\/noticias\/","email":"info@eldigitaldeasturias.com","telephone":"+34652131393","logo":{"@type":"ImageObject","url":"https:\/\/www.eldigitaldeasturias.com\/noticias\/wp-content\/uploads\/2020\/12\/EDA.jpg","@id":"https:\/\/www.eldigitaldeasturias.com\/noticias\/asturias-presenta-el-nuevo-programa-de-gestion-del-lobo\/#organizationLogo"},"image":{"@id":"https:\/\/www.eldigitaldeasturias.com\/noticias\/asturias-presenta-el-nuevo-programa-de-gestion-del-lobo\/#organizationLogo"},"sameAs":["https:\/\/facebook.com\/eldigitaldeasturias","https:\/\/www.youtube.com\/channel\/UCZP-2wLEB9Rv6erhFmqVnvg"],"address":{"@id":"https:\/\/www.eldigitaldeasturias.com\/noticias\/#postaladdress","@type":"PostalAddress","streetAddress":"san antonio 4","postalCode":"33430","addressLocality":"Cand\u00e1s","addressRegion":"Asturias","addressCountry":"ES"}},{"@type":"Person","@id":"https:\/\/www.eldigitaldeasturias.com\/noticias\/author\/admin\/#author","url":"https:\/\/www.eldigitaldeasturias.com\/noticias\/author\/admin\/","name":"El Digital de Asturias","image":{"@type":"ImageObject","@id":"https:\/\/www.eldigitaldeasturias.com\/noticias\/asturias-presenta-el-nuevo-programa-de-gestion-del-lobo\/#authorImage","url":"https:\/\/secure.gravatar.com\/avatar\/df2aeffc32bcd13f8d26072ef8a91b623d677766deac7f97ca815868cd41bf5e?s=96&d=mm&r=g","width":96,"height":96,"caption":"El Digital de Asturias"}},{"@type":"WebPage","@id":"https:\/\/www.eldigitaldeasturias.com\/noticias\/asturias-presenta-el-nuevo-programa-de-gestion-del-lobo\/#webpage","url":"https:\/\/www.eldigitaldeasturias.com\/noticias\/asturias-presenta-el-nuevo-programa-de-gestion-del-lobo\/","name":"Asturias presenta el nuevo programa de gesti\u00f3n del lobo - El Digital de Asturias","description":"El Principado de Asturias ha elaborado un nuevo programa de gesti\u00f3n del lobo para el periodo 2021-2022, seg\u00fan nota de prensa remitida a nuestro diario digital","inLanguage":"es-ES","isPartOf":{"@id":"https:\/\/www.eldigitaldeasturias.com\/noticias\/#website"},"breadcrumb":{"@id":"https:\/\/www.eldigitaldeasturias.com\/noticias\/asturias-presenta-el-nuevo-programa-de-gestion-del-lobo\/#breadcrumblist"},"author":{"@id":"https:\/\/www.eldigitaldeasturias.com\/noticias\/author\/admin\/#author"},"creator":{"@id":"https:\/\/www.eldigitaldeasturias.com\/noticias\/author\/admin\/#author"},"image":{"@type":"ImageObject","url":1094836,"@id":"https:\/\/www.eldigitaldeasturias.com\/noticias\/asturias-presenta-el-nuevo-programa-de-gestion-del-lobo\/#mainImage"},"primaryImageOfPage":{"@id":"https:\/\/www.eldigitaldeasturias.com\/noticias\/asturias-presenta-el-nuevo-programa-de-gestion-del-lobo\/#mainImage"},"datePublished":"2021-07-01T18:58:23+02:00","dateModified":"2021-07-01T18:58:23+02:00"},{"@type":"WebSite","@id":"https:\/\/www.eldigitaldeasturias.com\/noticias\/#website","url":"https:\/\/www.eldigitaldeasturias.com\/noticias\/","name":"El Digital de Asturias - Diario de actualidad y noticias","alternateName":"El Digital de Asturias - Diario de actualidad y noticias","description":"Hemeroteca","inLanguage":"es-ES","publisher":{"@id":"https:\/\/www.eldigitaldeasturias.com\/noticias\/#organization"}}]},"og:locale":"es_ES","og:site_name":"El Digital de Asturias","og:type":"article","og:title":"Asturias presenta el nuevo programa de gesti\u00f3n del lobo - El Digital de Asturias","og:description":"El Principado de Asturias ha elaborado un nuevo programa de gesti\u00f3n del lobo para el periodo 2021-2022, seg\u00fan nota de prensa remitida a nuestro diario digital","og:url":"https:\/\/www.eldigitaldeasturias.com\/noticias\/asturias-presenta-el-nuevo-programa-de-gestion-del-lobo\/","article:tag":["actualidad asturias"],"article:published_time":"2021-07-01T17:58:23+00:00","article:modified_time":"2021-07-01T17:58:23+00:00","article:publisher":"https:\/\/facebook.com\/eldigitaldeasturias","twitter:card":"summary_large_image","twitter:title":"Asturias presenta el nuevo programa de gesti\u00f3n del lobo - El Digital de Asturias","twitter:description":"El Principado de Asturias ha elaborado un nuevo programa de gesti\u00f3n del lobo para el periodo 2021-2022, seg\u00fan nota de prensa remitida a nuestro diario digital","twitter:image":"https:\/\/www.eldigitaldeasturias.com\/noticias\/wp-content\/uploads\/2020\/12\/EDA-1.jpg","twitter:label1":"Escrito por","twitter:data1":"El Digital de Asturias","twitter:label2":"Tiempo de lectura estimado","twitter:data2":"2 minutos"},"aioseo_meta_data":{"post_id":"1094835","title":null,"description":"El Principado de Asturias ha elaborado un nuevo programa de gesti\u00f3n del lobo para el periodo 2021-2022, seg\u00fan nota de prensa remitida a nuestro diario digital","keywords":[],"keyphrases":{"focus":{"keyphrase":" Asturias","score":92,"analysis":{"keyphraseInTitle":{"title":"Frase clave objetivo en el t\u00edtulo SEO","description":"Frase clave objetivo encontrada en el t\u00edtulo SEO.","score":9,"maxScore":9,"error":0},"keyphraseInDescription":{"title":"Frase clave objetivo en la meta descripci\u00f3n","description":"Frase clave objetivo encontrada en la meta descripci\u00f3n.","score":9,"maxScore":9,"error":0},"keyphraseInURL":{"title":"Frase clave objetivo en la URL","description":"Frase clave objetivo no encontrada en la URL.","score":1,"maxScore":5,"error":1},"keyphraseLength":{"title":"Longitud de la Frase clave objetivo","description":"\u00a1Buen trabajo!","score":9,"maxScore":9,"error":0,"length":1},"keyphraseInIntroduction":{"title":"Frase clave objetivo en la introducci\u00f3n","description":"Su Frase clave objetivo aparece en el primer p\u00e1rrafo. \u00a1Bien hecho!","score":9,"maxScore":9,"error":0},"keyphraseInSubHeadings":[],"keyphraseInImageAlt":{"title":"Frase clave objetivo en los atributos alt de la imagen.","description":"Frase clave objetivo encontrada en los atributos alt de la(s) imagen(es).","score":9,"maxScore":9,"error":0}}},"additional":[{"keyphrase":"gesti\u00f3n del lobo ","score":83,"analysis":{"keyphraseInDescription":{"title":"Frase clave en la meta descripci\u00f3n","description":"Frase clave encontrada en la meta descripci\u00f3n.","score":9,"maxScore":9,"error":0},"keyphraseLength":{"title":"Longitud de la Frase clave","description":"\u00a1Buen trabajo!","score":9,"maxScore":9,"error":0,"length":3},"keyphraseInIntroduction":{"title":"Frase clave en la introducci\u00f3n","description":"Su Frase clave aparece en el primer p\u00e1rrafo. \u00a1Bien hecho!","score":9,"maxScore":9,"error":0},"keyphraseInImageAlt":{"title":"Frase clave en los atributos alt de la imagen.","description":"Frase clave no se encuentra en los atributos alt de la imagen. A\u00f1ada una imagen con su Frase clave como texto alternativo.","score":3,"maxScore":9,"error":1}}},{"keyphrase":"diario digital","score":83,"analysis":{"keyphraseInDescription":{"title":"Frase clave en la meta descripci\u00f3n","description":"Frase clave encontrada en la meta descripci\u00f3n.","score":9,"maxScore":9,"error":0},"keyphraseLength":{"title":"Longitud de la Frase clave","description":"\u00a1Buen trabajo!","score":9,"maxScore":9,"error":0,"length":2},"keyphraseInIntroduction":{"title":"Frase clave en la introducci\u00f3n","description":"Su Frase clave aparece en el primer p\u00e1rrafo. \u00a1Bien hecho!","score":9,"maxScore":9,"error":0},"keyphraseInImageAlt":{"title":"Frase clave en los atributos alt de la imagen.","description":"Frase clave no se encuentra en los atributos alt de la imagen. A\u00f1ada una imagen con su Frase clave como texto alternativo.","score":3,"maxScore":9,"error":1}}},{"keyphrase":"El Principado","score":83,"analysis":{"keyphraseInDescription":{"title":"Frase clave en la meta descripci\u00f3n","description":"Frase clave encontrada en la meta descripci\u00f3n.","score":9,"maxScore":9,"error":0},"keyphraseLength":{"title":"Longitud de la Frase clave","description":"\u00a1Buen trabajo!","score":9,"maxScore":9,"error":0,"length":2},"keyphraseInIntroduction":{"title":"Frase clave en la introducci\u00f3n","description":"Su Frase clave aparece en el primer p\u00e1rrafo. \u00a1Bien hecho!","score":9,"maxScore":9,"error":0},"keyphraseInImageAlt":{"title":"Frase clave en los atributos alt de la imagen.","description":"Frase clave no se encuentra en los atributos alt de la imagen. A\u00f1ada una imagen con su Frase clave como texto alternativo.","score":3,"maxScore":9,"error":1}}},{"keyphrase":"Plan","score":83,"analysis":{"keyphraseInDescription":{"title":"Frase clave en la meta descripci\u00f3n","description":"Frase clave no se encuentra en la meta descripci\u00f3n.","score":3,"maxScore":9,"error":1},"keyphraseLength":{"title":"Longitud de la Frase clave","description":"\u00a1Buen trabajo!","score":9,"maxScore":9,"error":0,"length":1},"keyphraseInIntroduction":{"title":"Frase clave en la introducci\u00f3n","description":"Su Frase clave aparece en el primer p\u00e1rrafo. \u00a1Bien hecho!","score":9,"maxScore":9,"error":0},"keyphraseInImageAlt":{"title":"Frase clave en los atributos alt de la imagen.","description":"Frase clave encontrada en los atributos alt de la(s) imagen(es).","score":9,"maxScore":9,"error":0}}}]},"primary_term":null,"canonical_url":null,"og_title":null,"og_description":null,"og_object_type":"default","og_image_type":"default","og_image_url":null,"og_image_width":null,"og_image_height":null,"og_image_custom_url":null,"og_image_custom_fields":null,"og_video":"","og_custom_url":null,"og_article_section":null,"og_article_tags":[],"twitter_use_og":false,"twitter_card":"default","twitter_image_type":"default","twitter_image_url":null,"twitter_image_custom_url":null,"twitter_image_custom_fields":null,"twitter_title":null,"twitter_description":null,"schema":{"blockGraphs":[],"customGraphs":[],"default":{"data":{"Article":[],"Course":[],"Dataset":[],"FAQPage":[],"Movie":[],"Person":[],"Product":[],"ProductReview":[],"Car":[],"Recipe":[],"Service":[],"SoftwareApplication":[],"WebPage":[]},"graphName":"","isEnabled":true},"graphs":[],"defaultGraph":"Article","defaultPostTypeGraph":""},"schema_type":"default","schema_type_options":"{\"article\":{\"articleType\":\"BlogPosting\"},\"course\":{\"name\":\"\",\"description\":\"\",\"provider\":\"\"},\"faq\":{\"pages\":[]},\"product\":{\"reviews\":[]},\"recipe\":{\"ingredients\":[],\"instructions\":[],\"keywords\":[]},\"software\":{\"reviews\":[],\"operatingSystems\":[]},\"webPage\":{\"webPageType\":\"WebPage\"}}","pillar_content":false,"robots_default":true,"robots_noindex":false,"robots_noarchive":false,"robots_nosnippet":false,"robots_nofollow":false,"robots_noimageindex":false,"robots_noodp":false,"robots_notranslate":false,"robots_max_snippet":"-1","robots_max_videopreview":"-1","robots_max_imagepreview":"large","priority":null,"frequency":"default","local_seo":{"locations":{"business":{"name":"","businessType":"","image":"","areaServed":"","urls":{"website":"","aboutPage":"","contactPage":""},"address":{"streetLine1":"","streetLine2":"","zipCode":"","city":"","state":"","country":"","addressFormat":"#streetLineOne\n#streetLineTwo\n#city, #state #zipCode"},"contact":{"email":"","phone":"","phoneFormatted":"","fax":"","faxFormatted":""},"ids":{"vat":"","tax":"","chamberOfCommerce":""},"payment":{"priceRange":"","currenciesAccepted":"","methods":""}}},"openingHours":{"useDefaults":true,"show":true,"alwaysOpen":false,"use24hFormat":false,"timezone":"","labels":{"closed":"","alwaysOpen":""},"days":{"monday":{"open24h":false,"closed":false,"openTime":"09:00","closeTime":"17:00"},"tuesday":{"open24h":false,"closed":false,"openTime":"09:00","closeTime":"17:00"},"wednesday":{"open24h":false,"closed":false,"openTime":"09:00","closeTime":"17:00"},"thursday":{"open24h":false,"closed":false,"openTime":"09:00","closeTime":"17:00"},"friday":{"open24h":false,"closed":false,"openTime":"09:00","closeTime":"17:00"},"saturday":{"open24h":false,"closed":false,"openTime":"09:00","closeTime":"17:00"},"sunday":{"open24h":false,"closed":false,"openTime":"09:00","closeTime":"17:00"}}}},"seo_analyzer_scan_date":"2026-07-20 04:52:48","breadcrumb_settings":null,"limit_modified_date":false,"open_ai":null,"ai":null,"created":"2021-07-01 17:50:22","updated":"2026-07-20 04:52:48","focus_keyword":"Asturias","additional_keywords":[{"word":"gesti\u00f3n del lobo","score":83},{"word":"diario digital","score":83},{"word":"El Principado","score":83},{"word":"Plan","score":83}],"truseo_locale":null},"aioseo_breadcrumb":"<div class=\"aioseo-breadcrumbs\"><span class=\"aioseo-breadcrumb\">\n\t<a href=\"https:\/\/www.eldigitaldeasturias.com\/noticias\" title=\"Home\">Home<\/a>\n<\/span><span class=\"aioseo-breadcrumb-separator\">\u2013<\/span><span class=\"aioseo-breadcrumb\">\n\t<a href=\"https:\/\/www.eldigitaldeasturias.com\/noticias\/category\/actualidad-asturias\/\" title=\"Actualidad Asturias\">Actualidad Asturias<\/a>\n<\/span><span class=\"aioseo-breadcrumb-separator\">\u2013<\/span><span class=\"aioseo-breadcrumb\">\n\t<a href=\"https:\/\/www.eldigitaldeasturias.com\/noticias\/asturias-presenta-el-nuevo-programa-de-gestion-del-lobo\/\" title=\"Asturias presenta el nuevo programa de gesti\u00f3n del lobo\">Asturias presenta el nuevo programa de gesti\u00f3n del lobo<\/a>\n<\/span><\/div>","aioseo_breadcrumb_json":[{"label":"Home","link":"https:\/\/www.eldigitaldeasturias.com\/noticias"},{"label":"Actualidad Asturias","link":"https:\/\/www.eldigitaldeasturias.com\/noticias\/category\/actualidad-asturias\/"},{"label":"Asturias presenta el nuevo programa de gesti\u00f3n del lobo","link":"https:\/\/www.eldigitaldeasturias.com\/noticias\/asturias-presenta-el-nuevo-programa-de-gestion-del-lobo\/"}],"_links":{"self":[{"href":"https:\/\/www.eldigitaldeasturias.com\/noticias\/wp-json\/wp\/v2\/posts\/1094835","targetHints":{"allow":["GET"]}}],"collection":[{"href":"https:\/\/www.eldigitaldeasturias.com\/noticias\/wp-json\/wp\/v2\/posts"}],"about":[{"href":"https:\/\/www.eldigitaldeasturias.com\/noticias\/wp-json\/wp\/v2\/types\/post"}],"author":[{"embeddable":true,"href":"https:\/\/www.eldigitaldeasturias.com\/noticias\/wp-json\/wp\/v2\/users\/1"}],"replies":[{"embeddable":true,"href":"https:\/\/www.eldigitaldeasturias.com\/noticias\/wp-json\/wp\/v2\/comments?post=1094835"}],"version-history":[{"count":0,"href":"https:\/\/www.eldigitaldeasturias.com\/noticias\/wp-json\/wp\/v2\/posts\/1094835\/revisions"}],"wp:attachment":[{"href":"https:\/\/www.eldigitaldeasturias.com\/noticias\/wp-json\/wp\/v2\/media?parent=1094835"}],"wp:term":[{"taxonomy":"category","embeddable":true,"href":"https:\/\/www.eldigitaldeasturias.com\/noticias\/wp-json\/wp\/v2\/categories?post=1094835"},{"taxonomy":"post_tag","embeddable":true,"href":"https:\/\/www.eldigitaldeasturias.com\/noticias\/wp-json\/wp\/v2\/tags?post=1094835"}],"curies":[{"name":"wp","href":"https:\/\/api.w.org\/{rel}","templated":true}]}}