{"id":1094320,"date":"2021-06-23T12:16:26","date_gmt":"2021-06-23T11:16:26","guid":{"rendered":"https:\/\/www.eldigitaldeasturias.com\/noticias\/?p=1094320"},"modified":"2021-06-23T12:17:37","modified_gmt":"2021-06-23T11:17:37","slug":"verano-2021-en-el-parque-de-la-prehistoria-de-teverga","status":"publish","type":"post","link":"https:\/\/www.eldigitaldeasturias.com\/noticias\/verano-2021-en-el-parque-de-la-prehistoria-de-teverga\/","title":{"rendered":"Verano 2021 en el Parque de la Prehistoria de Teverga"},"content":{"rendered":"<p><img loading=\"lazy\" decoding=\"async\" class=\"alignleft size-medium wp-image-1032887\" src=\"https:\/\/www.eldigitaldeasturias.com\/noticias\/wp-content\/uploads\/2019\/06\/Teverga-Prehistoria-Parque-360x265.jpg\" alt=\"\" width=\"360\" height=\"265\" \/>Talleres para probar la <strong>Supervivencia en la Prehistoria<\/strong> o para conocer las t\u00e9cnicas para hacer fuego o los objetos sonoros del Paleol\u00edtico y visitas guiadas por el cercado de animales y por el itinerario Los Rincones del Oso son algunas de las actividades que ha programado el Parque de la Prehistoria de Teverga para este verano. <em>El Parque es un equipamiento dependiente de la Consejer\u00eda de Cultura, Pol\u00edtica Lling\u00fc\u00edstica y Turismo y gestionado por la Sociedad P\u00fablica de Gesti\u00f3n Tur\u00edstica y Cultural del Principado de Asturias<\/em>.<\/p>\n<p>El p\u00fablico que visite el equipamiento podr\u00e1 experimentar la sensaci\u00f3n de utilizar herramientas y armas prehist\u00f3ricas y conocer c\u00f3mo se adaptaban nuestros antepasados a un entorno hostil en el Paleol\u00edtico Superior en el taller Supervivencia en la Prehistoria que se realizar\u00e1 todos los d\u00edas en julio y agosto y los fines de semana de septiembre.<\/p>\n<p>Diariamente en julio y agosto y los fines de semana de septiembre tambi\u00e9n se realizar\u00e1n <strong>visitas guiadas por el cercado de animales en los exteriores del Parque para conocer los bisontes europeos, caballos Przewalski y tarpanes, Uros de Heck, gamos y ciervo<\/strong>, observando en vivo a los animales que ya pintaban nuestros antepasados. Esta actividad es un complemento perfecto a la visita a la Galer\u00eda, el espacio muse\u00edstico del equipamiento, y a la Cueva de Cuevas, con las reproducciones a escala real de la Sala de los Pol\u00edcromos de la Cueva de Tito Bustillo, el panel n\u00ba 4 del Sal\u00f3n Negro de la Cueva de Niaux y El Camar\u00edn de la Cueva de Candamo.<\/p>\n<p>El 11 de julio y 7 de agosto se encender\u00e1 <strong>Una llama con 10.000 a\u00f1os<\/strong> de historia para conocer los usos y las t\u00e9cnicas de fuego en un taller demostrativo y el 31 de julio y 15 de agosto Pablo Canal\u00eds llevar\u00e1 al p\u00fablico a La Prehistoria de la m\u00fasica para sumergirles en el ambiente sonoro del Paleol\u00edtico, en una actividad en la que se explicar\u00e1 y escuchar\u00e1n m\u00e1s de 30 objetos sonoros construidos con materiales procedentes de la naturaleza.<\/p>\n<p>De la mano de la Fundaci\u00f3n Oso de Asturias se realizar\u00e1 una peque\u00f1a ruta interpretativa de casi un kil\u00f3metro por los exteriores para conocer algunos de los ecosistemas que alberga el Parque, ubicado en el Parque Natural de Las Ubi\u00f1as-La Mesa, en la visita al itinerario Los Rincones del Oso.<\/p>\n<p>Tambi\u00e9n contin\u00faa abierta en el Parque la exposici\u00f3n temporal El primer Arte. La Dordo\u00f1a en Asturias, una muestra que traslada al visitante a esta regi\u00f3n francesa que sorprende por su parecido con algunos paisajes asturianos y que cuenta con un singular patrimonio arqueol\u00f3gico y paisaj\u00edstico.<\/p>\n<p>Se puede consultar toda la informaci\u00f3n en la web parquedelaprehistoria.es, donde se pueden adquirir las entradas para visitar el equipamiento y para participar en las actividades.<\/p>\n<p>&nbsp;<\/p>\n","protected":false},"excerpt":{"rendered":"<p>Talleres para probar la Supervivencia en la Prehistoria o para conocer las t\u00e9cnicas para hacer fuego o los objetos sonoros del Paleol\u00edtico y visitas guiadas por el cercado de animales y por el itinerario Los Rincones del Oso son algunas de las actividades que ha programado el Parque de la Prehistoria de Teverga para este [&hellip;]<\/p>\n","protected":false},"author":1,"featured_media":1011361,"comment_status":"closed","ping_status":"closed","sticky":false,"template":"","format":"standard","meta":{"footnotes":""},"categories":[2],"tags":[],"class_list":["post-1094320","post","type-post","status-publish","format-standard","has-post-thumbnail","hentry","category-agenda"],"aioseo_notices":[],"aioseo_head":"\n\t\t<!-- All in One SEO Pro 5.0.1 - aioseo.com -->\n\t<meta name=\"description\" content=\"Talleres para probar la Supervivencia en la Prehistoria o para conocer las t\u00e9cnicas para hacer fuego o los objetos sonoros del Paleol\u00edtico y visitas guiadas\" \/>\n\t<meta name=\"robots\" content=\"max-image-preview:large\" \/>\n\t<meta name=\"author\" content=\"El Digital de Asturias\"\/>\n\t<meta name=\"google-site-verification\" content=\"UA-38556648-1\" \/>\n\t<meta name=\"msvalidate.01\" content=\"7dfe9f3f1b24437ab69f4f2559babe99\" \/>\n\t<meta name=\"keywords\" content=\"agenda\" \/>\n\t<link rel=\"canonical\" href=\"https:\/\/www.eldigitaldeasturias.com\/noticias\/verano-2021-en-el-parque-de-la-prehistoria-de-teverga\/\" \/>\n\t<meta name=\"generator\" content=\"All in One SEO Pro (AIOSEO) 5.0.1\" \/>\n\t\t<meta property=\"og:locale\" content=\"es_ES\" \/>\n\t\t<meta property=\"og:site_name\" content=\"El Digital de Asturias\" \/>\n\t\t<meta property=\"og:type\" content=\"article\" \/>\n\t\t<meta property=\"og:title\" content=\"Verano 2021 en el Parque de la Prehistoria de Teverga - El Digital de Asturias\" \/>\n\t\t<meta property=\"og:description\" content=\"Talleres para probar la Supervivencia en la Prehistoria o para conocer las t\u00e9cnicas para hacer fuego o los objetos sonoros del Paleol\u00edtico y visitas guiadas\" \/>\n\t\t<meta property=\"og:url\" content=\"https:\/\/www.eldigitaldeasturias.com\/noticias\/verano-2021-en-el-parque-de-la-prehistoria-de-teverga\/\" \/>\n\t\t<meta property=\"article:tag\" content=\"agenda\" \/>\n\t\t<meta property=\"article:published_time\" content=\"2021-06-23T11:16:26+00:00\" \/>\n\t\t<meta property=\"article:modified_time\" content=\"2021-06-23T11:17:37+00:00\" \/>\n\t\t<meta property=\"article:publisher\" content=\"https:\/\/facebook.com\/eldigitaldeasturias\" \/>\n\t\t<meta name=\"twitter:card\" content=\"summary_large_image\" \/>\n\t\t<meta name=\"twitter:title\" content=\"Verano 2021 en el Parque de la Prehistoria de Teverga - El Digital de Asturias\" \/>\n\t\t<meta name=\"twitter:description\" content=\"Talleres para probar la Supervivencia en la Prehistoria o para conocer las t\u00e9cnicas para hacer fuego o los objetos sonoros del Paleol\u00edtico y visitas guiadas\" \/>\n\t\t<meta name=\"twitter:image\" content=\"https:\/\/www.eldigitaldeasturias.com\/noticias\/wp-content\/uploads\/2020\/12\/EDA-1.jpg\" \/>\n\t\t<meta name=\"twitter:label1\" content=\"Escrito por\" \/>\n\t\t<meta name=\"twitter:data1\" content=\"El Digital de Asturias\" \/>\n\t\t<meta name=\"twitter:label2\" content=\"Tiempo de lectura estimado\" \/>\n\t\t<meta name=\"twitter:data2\" content=\"2 minutos\" \/>\n\t\t<script type=\"application\/ld+json\" class=\"aioseo-schema\">\n\t\t\t{\"@context\":\"https:\\\/\\\/schema.org\",\"@graph\":[{\"@type\":\"BlogPosting\",\"@id\":\"https:\\\/\\\/www.eldigitaldeasturias.com\\\/noticias\\\/verano-2021-en-el-parque-de-la-prehistoria-de-teverga\\\/#blogposting\",\"name\":\"Verano 2021 en el Parque de la Prehistoria de Teverga - El Digital de Asturias\",\"headline\":\"Verano 2021 en el Parque de la Prehistoria de Teverga\",\"author\":{\"@id\":\"https:\\\/\\\/www.eldigitaldeasturias.com\\\/noticias\\\/author\\\/admin\\\/#author\"},\"publisher\":{\"@id\":\"https:\\\/\\\/www.eldigitaldeasturias.com\\\/noticias\\\/#organization\"},\"image\":{\"@type\":\"ImageObject\",\"url\":1011361},\"datePublished\":\"2021-06-23T12:16:26+02:00\",\"dateModified\":\"2021-06-23T12:17:37+02:00\",\"inLanguage\":\"es-ES\",\"mainEntityOfPage\":{\"@id\":\"https:\\\/\\\/www.eldigitaldeasturias.com\\\/noticias\\\/verano-2021-en-el-parque-de-la-prehistoria-de-teverga\\\/#webpage\"},\"isPartOf\":{\"@id\":\"https:\\\/\\\/www.eldigitaldeasturias.com\\\/noticias\\\/verano-2021-en-el-parque-de-la-prehistoria-de-teverga\\\/#webpage\"},\"articleSection\":\"Agenda\"},{\"@type\":\"BreadcrumbList\",\"@id\":\"https:\\\/\\\/www.eldigitaldeasturias.com\\\/noticias\\\/verano-2021-en-el-parque-de-la-prehistoria-de-teverga\\\/#breadcrumblist\",\"itemListElement\":[{\"@type\":\"ListItem\",\"@id\":\"https:\\\/\\\/www.eldigitaldeasturias.com\\\/noticias#listItem\",\"position\":1,\"name\":\"Home\",\"item\":\"https:\\\/\\\/www.eldigitaldeasturias.com\\\/noticias\",\"nextItem\":{\"@type\":\"ListItem\",\"@id\":\"https:\\\/\\\/www.eldigitaldeasturias.com\\\/noticias\\\/category\\\/agenda\\\/#listItem\",\"name\":\"Agenda\"}},{\"@type\":\"ListItem\",\"@id\":\"https:\\\/\\\/www.eldigitaldeasturias.com\\\/noticias\\\/category\\\/agenda\\\/#listItem\",\"position\":2,\"name\":\"Agenda\",\"item\":\"https:\\\/\\\/www.eldigitaldeasturias.com\\\/noticias\\\/category\\\/agenda\\\/\",\"nextItem\":{\"@type\":\"ListItem\",\"@id\":\"https:\\\/\\\/www.eldigitaldeasturias.com\\\/noticias\\\/verano-2021-en-el-parque-de-la-prehistoria-de-teverga\\\/#listItem\",\"name\":\"Verano 2021 en el Parque de la Prehistoria de Teverga\"},\"previousItem\":{\"@type\":\"ListItem\",\"@id\":\"https:\\\/\\\/www.eldigitaldeasturias.com\\\/noticias#listItem\",\"name\":\"Home\"}},{\"@type\":\"ListItem\",\"@id\":\"https:\\\/\\\/www.eldigitaldeasturias.com\\\/noticias\\\/verano-2021-en-el-parque-de-la-prehistoria-de-teverga\\\/#listItem\",\"position\":3,\"name\":\"Verano 2021 en el Parque de la Prehistoria de Teverga\",\"previousItem\":{\"@type\":\"ListItem\",\"@id\":\"https:\\\/\\\/www.eldigitaldeasturias.com\\\/noticias\\\/category\\\/agenda\\\/#listItem\",\"name\":\"Agenda\"}}]},{\"@type\":\"Organization\",\"@id\":\"https:\\\/\\\/www.eldigitaldeasturias.com\\\/noticias\\\/#organization\",\"name\":\"El Digital de Asturias\",\"description\":\"Hemeroteca\",\"url\":\"https:\\\/\\\/www.eldigitaldeasturias.com\\\/noticias\\\/\",\"email\":\"info@eldigitaldeasturias.com\",\"telephone\":\"+34652131393\",\"logo\":{\"@type\":\"ImageObject\",\"url\":\"https:\\\/\\\/www.eldigitaldeasturias.com\\\/noticias\\\/wp-content\\\/uploads\\\/2020\\\/12\\\/EDA.jpg\",\"@id\":\"https:\\\/\\\/www.eldigitaldeasturias.com\\\/noticias\\\/verano-2021-en-el-parque-de-la-prehistoria-de-teverga\\\/#organizationLogo\"},\"image\":{\"@id\":\"https:\\\/\\\/www.eldigitaldeasturias.com\\\/noticias\\\/verano-2021-en-el-parque-de-la-prehistoria-de-teverga\\\/#organizationLogo\"},\"sameAs\":[\"https:\\\/\\\/facebook.com\\\/eldigitaldeasturias\",\"https:\\\/\\\/www.youtube.com\\\/channel\\\/UCZP-2wLEB9Rv6erhFmqVnvg\"],\"address\":{\"@id\":\"https:\\\/\\\/www.eldigitaldeasturias.com\\\/noticias\\\/#postaladdress\",\"@type\":\"PostalAddress\",\"streetAddress\":\"san antonio 4\",\"postalCode\":\"33430\",\"addressLocality\":\"Cand\\u00e1s\",\"addressRegion\":\"Asturias\",\"addressCountry\":\"ES\"}},{\"@type\":\"Person\",\"@id\":\"https:\\\/\\\/www.eldigitaldeasturias.com\\\/noticias\\\/author\\\/admin\\\/#author\",\"url\":\"https:\\\/\\\/www.eldigitaldeasturias.com\\\/noticias\\\/author\\\/admin\\\/\",\"name\":\"El Digital de Asturias\",\"image\":{\"@type\":\"ImageObject\",\"@id\":\"https:\\\/\\\/www.eldigitaldeasturias.com\\\/noticias\\\/verano-2021-en-el-parque-de-la-prehistoria-de-teverga\\\/#authorImage\",\"url\":\"https:\\\/\\\/secure.gravatar.com\\\/avatar\\\/df2aeffc32bcd13f8d26072ef8a91b623d677766deac7f97ca815868cd41bf5e?s=96&d=mm&r=g\",\"width\":96,\"height\":96,\"caption\":\"El Digital de Asturias\"}},{\"@type\":\"WebPage\",\"@id\":\"https:\\\/\\\/www.eldigitaldeasturias.com\\\/noticias\\\/verano-2021-en-el-parque-de-la-prehistoria-de-teverga\\\/#webpage\",\"url\":\"https:\\\/\\\/www.eldigitaldeasturias.com\\\/noticias\\\/verano-2021-en-el-parque-de-la-prehistoria-de-teverga\\\/\",\"name\":\"Verano 2021 en el Parque de la Prehistoria de Teverga - El Digital de Asturias\",\"description\":\"Talleres para probar la Supervivencia en la Prehistoria o para conocer las t\\u00e9cnicas para hacer fuego o los objetos sonoros del Paleol\\u00edtico y visitas guiadas\",\"inLanguage\":\"es-ES\",\"isPartOf\":{\"@id\":\"https:\\\/\\\/www.eldigitaldeasturias.com\\\/noticias\\\/#website\"},\"breadcrumb\":{\"@id\":\"https:\\\/\\\/www.eldigitaldeasturias.com\\\/noticias\\\/verano-2021-en-el-parque-de-la-prehistoria-de-teverga\\\/#breadcrumblist\"},\"author\":{\"@id\":\"https:\\\/\\\/www.eldigitaldeasturias.com\\\/noticias\\\/author\\\/admin\\\/#author\"},\"creator\":{\"@id\":\"https:\\\/\\\/www.eldigitaldeasturias.com\\\/noticias\\\/author\\\/admin\\\/#author\"},\"image\":{\"@type\":\"ImageObject\",\"url\":1011361,\"@id\":\"https:\\\/\\\/www.eldigitaldeasturias.com\\\/noticias\\\/verano-2021-en-el-parque-de-la-prehistoria-de-teverga\\\/#mainImage\"},\"primaryImageOfPage\":{\"@id\":\"https:\\\/\\\/www.eldigitaldeasturias.com\\\/noticias\\\/verano-2021-en-el-parque-de-la-prehistoria-de-teverga\\\/#mainImage\"},\"datePublished\":\"2021-06-23T12:16:26+02:00\",\"dateModified\":\"2021-06-23T12:17:37+02:00\"},{\"@type\":\"WebSite\",\"@id\":\"https:\\\/\\\/www.eldigitaldeasturias.com\\\/noticias\\\/#website\",\"url\":\"https:\\\/\\\/www.eldigitaldeasturias.com\\\/noticias\\\/\",\"name\":\"El Digital de Asturias - Diario de actualidad y noticias\",\"alternateName\":\"El Digital de Asturias - Diario de actualidad y noticias\",\"description\":\"Hemeroteca\",\"inLanguage\":\"es-ES\",\"publisher\":{\"@id\":\"https:\\\/\\\/www.eldigitaldeasturias.com\\\/noticias\\\/#organization\"}}]}\n\t\t<\/script>\n\t\t<!-- All in One SEO Pro -->\r\n\t\t<title>Verano 2021 en el Parque de la Prehistoria de Teverga - El Digital de Asturias<\/title>\n\n","aioseo_head_json":{"title":"Verano 2021 en el Parque de la Prehistoria de Teverga - El Digital de Asturias","description":"Talleres para probar la Supervivencia en la Prehistoria o para conocer las t\u00e9cnicas para hacer fuego o los objetos sonoros del Paleol\u00edtico y visitas guiadas","canonical_url":"https:\/\/www.eldigitaldeasturias.com\/noticias\/verano-2021-en-el-parque-de-la-prehistoria-de-teverga\/","robots":"max-image-preview:large","keywords":"agenda","webmasterTools":{"google-site-verification":"UA-38556648-1","msvalidate.01":"7dfe9f3f1b24437ab69f4f2559babe99","miscellaneous":""},"schema":{"@context":"https:\/\/schema.org","@graph":[{"@type":"BlogPosting","@id":"https:\/\/www.eldigitaldeasturias.com\/noticias\/verano-2021-en-el-parque-de-la-prehistoria-de-teverga\/#blogposting","name":"Verano 2021 en el Parque de la Prehistoria de Teverga - El Digital de Asturias","headline":"Verano 2021 en el Parque de la Prehistoria de Teverga","author":{"@id":"https:\/\/www.eldigitaldeasturias.com\/noticias\/author\/admin\/#author"},"publisher":{"@id":"https:\/\/www.eldigitaldeasturias.com\/noticias\/#organization"},"image":{"@type":"ImageObject","url":1011361},"datePublished":"2021-06-23T12:16:26+02:00","dateModified":"2021-06-23T12:17:37+02:00","inLanguage":"es-ES","mainEntityOfPage":{"@id":"https:\/\/www.eldigitaldeasturias.com\/noticias\/verano-2021-en-el-parque-de-la-prehistoria-de-teverga\/#webpage"},"isPartOf":{"@id":"https:\/\/www.eldigitaldeasturias.com\/noticias\/verano-2021-en-el-parque-de-la-prehistoria-de-teverga\/#webpage"},"articleSection":"Agenda"},{"@type":"BreadcrumbList","@id":"https:\/\/www.eldigitaldeasturias.com\/noticias\/verano-2021-en-el-parque-de-la-prehistoria-de-teverga\/#breadcrumblist","itemListElement":[{"@type":"ListItem","@id":"https:\/\/www.eldigitaldeasturias.com\/noticias#listItem","position":1,"name":"Home","item":"https:\/\/www.eldigitaldeasturias.com\/noticias","nextItem":{"@type":"ListItem","@id":"https:\/\/www.eldigitaldeasturias.com\/noticias\/category\/agenda\/#listItem","name":"Agenda"}},{"@type":"ListItem","@id":"https:\/\/www.eldigitaldeasturias.com\/noticias\/category\/agenda\/#listItem","position":2,"name":"Agenda","item":"https:\/\/www.eldigitaldeasturias.com\/noticias\/category\/agenda\/","nextItem":{"@type":"ListItem","@id":"https:\/\/www.eldigitaldeasturias.com\/noticias\/verano-2021-en-el-parque-de-la-prehistoria-de-teverga\/#listItem","name":"Verano 2021 en el Parque de la Prehistoria de Teverga"},"previousItem":{"@type":"ListItem","@id":"https:\/\/www.eldigitaldeasturias.com\/noticias#listItem","name":"Home"}},{"@type":"ListItem","@id":"https:\/\/www.eldigitaldeasturias.com\/noticias\/verano-2021-en-el-parque-de-la-prehistoria-de-teverga\/#listItem","position":3,"name":"Verano 2021 en el Parque de la Prehistoria de Teverga","previousItem":{"@type":"ListItem","@id":"https:\/\/www.eldigitaldeasturias.com\/noticias\/category\/agenda\/#listItem","name":"Agenda"}}]},{"@type":"Organization","@id":"https:\/\/www.eldigitaldeasturias.com\/noticias\/#organization","name":"El Digital de Asturias","description":"Hemeroteca","url":"https:\/\/www.eldigitaldeasturias.com\/noticias\/","email":"info@eldigitaldeasturias.com","telephone":"+34652131393","logo":{"@type":"ImageObject","url":"https:\/\/www.eldigitaldeasturias.com\/noticias\/wp-content\/uploads\/2020\/12\/EDA.jpg","@id":"https:\/\/www.eldigitaldeasturias.com\/noticias\/verano-2021-en-el-parque-de-la-prehistoria-de-teverga\/#organizationLogo"},"image":{"@id":"https:\/\/www.eldigitaldeasturias.com\/noticias\/verano-2021-en-el-parque-de-la-prehistoria-de-teverga\/#organizationLogo"},"sameAs":["https:\/\/facebook.com\/eldigitaldeasturias","https:\/\/www.youtube.com\/channel\/UCZP-2wLEB9Rv6erhFmqVnvg"],"address":{"@id":"https:\/\/www.eldigitaldeasturias.com\/noticias\/#postaladdress","@type":"PostalAddress","streetAddress":"san antonio 4","postalCode":"33430","addressLocality":"Cand\u00e1s","addressRegion":"Asturias","addressCountry":"ES"}},{"@type":"Person","@id":"https:\/\/www.eldigitaldeasturias.com\/noticias\/author\/admin\/#author","url":"https:\/\/www.eldigitaldeasturias.com\/noticias\/author\/admin\/","name":"El Digital de Asturias","image":{"@type":"ImageObject","@id":"https:\/\/www.eldigitaldeasturias.com\/noticias\/verano-2021-en-el-parque-de-la-prehistoria-de-teverga\/#authorImage","url":"https:\/\/secure.gravatar.com\/avatar\/df2aeffc32bcd13f8d26072ef8a91b623d677766deac7f97ca815868cd41bf5e?s=96&d=mm&r=g","width":96,"height":96,"caption":"El Digital de Asturias"}},{"@type":"WebPage","@id":"https:\/\/www.eldigitaldeasturias.com\/noticias\/verano-2021-en-el-parque-de-la-prehistoria-de-teverga\/#webpage","url":"https:\/\/www.eldigitaldeasturias.com\/noticias\/verano-2021-en-el-parque-de-la-prehistoria-de-teverga\/","name":"Verano 2021 en el Parque de la Prehistoria de Teverga - El Digital de Asturias","description":"Talleres para probar la Supervivencia en la Prehistoria o para conocer las t\u00e9cnicas para hacer fuego o los objetos sonoros del Paleol\u00edtico y visitas guiadas","inLanguage":"es-ES","isPartOf":{"@id":"https:\/\/www.eldigitaldeasturias.com\/noticias\/#website"},"breadcrumb":{"@id":"https:\/\/www.eldigitaldeasturias.com\/noticias\/verano-2021-en-el-parque-de-la-prehistoria-de-teverga\/#breadcrumblist"},"author":{"@id":"https:\/\/www.eldigitaldeasturias.com\/noticias\/author\/admin\/#author"},"creator":{"@id":"https:\/\/www.eldigitaldeasturias.com\/noticias\/author\/admin\/#author"},"image":{"@type":"ImageObject","url":1011361,"@id":"https:\/\/www.eldigitaldeasturias.com\/noticias\/verano-2021-en-el-parque-de-la-prehistoria-de-teverga\/#mainImage"},"primaryImageOfPage":{"@id":"https:\/\/www.eldigitaldeasturias.com\/noticias\/verano-2021-en-el-parque-de-la-prehistoria-de-teverga\/#mainImage"},"datePublished":"2021-06-23T12:16:26+02:00","dateModified":"2021-06-23T12:17:37+02:00"},{"@type":"WebSite","@id":"https:\/\/www.eldigitaldeasturias.com\/noticias\/#website","url":"https:\/\/www.eldigitaldeasturias.com\/noticias\/","name":"El Digital de Asturias - Diario de actualidad y noticias","alternateName":"El Digital de Asturias - Diario de actualidad y noticias","description":"Hemeroteca","inLanguage":"es-ES","publisher":{"@id":"https:\/\/www.eldigitaldeasturias.com\/noticias\/#organization"}}]},"og:locale":"es_ES","og:site_name":"El Digital de Asturias","og:type":"article","og:title":"Verano 2021 en el Parque de la Prehistoria de Teverga - El Digital de Asturias","og:description":"Talleres para probar la Supervivencia en la Prehistoria o para conocer las t\u00e9cnicas para hacer fuego o los objetos sonoros del Paleol\u00edtico y visitas guiadas","og:url":"https:\/\/www.eldigitaldeasturias.com\/noticias\/verano-2021-en-el-parque-de-la-prehistoria-de-teverga\/","article:tag":["agenda"],"article:published_time":"2021-06-23T11:16:26+00:00","article:modified_time":"2021-06-23T11:17:37+00:00","article:publisher":"https:\/\/facebook.com\/eldigitaldeasturias","twitter:card":"summary_large_image","twitter:title":"Verano 2021 en el Parque de la Prehistoria de Teverga - El Digital de Asturias","twitter:description":"Talleres para probar la Supervivencia en la Prehistoria o para conocer las t\u00e9cnicas para hacer fuego o los objetos sonoros del Paleol\u00edtico y visitas guiadas","twitter:image":"https:\/\/www.eldigitaldeasturias.com\/noticias\/wp-content\/uploads\/2020\/12\/EDA-1.jpg","twitter:label1":"Escrito por","twitter:data1":"El Digital de Asturias","twitter:label2":"Tiempo de lectura estimado","twitter:data2":"2 minutos"},"aioseo_meta_data":{"post_id":"1094320","title":null,"description":"Talleres para probar la Supervivencia en la Prehistoria o para conocer las t\u00e9cnicas para hacer fuego o los objetos sonoros del Paleol\u00edtico y visitas guiadas","keywords":[],"keyphrases":{"focus":{"keyphrase":"Prehistoria ","score":88,"analysis":{"keyphraseInTitle":{"title":"Frase clave objetivo en el t\u00edtulo SEO","description":"Frase clave objetivo encontrada en el t\u00edtulo SEO.","score":9,"maxScore":9,"error":0},"keyphraseInDescription":{"title":"Frase clave objetivo en la meta descripci\u00f3n","description":"Frase clave objetivo encontrada en la meta descripci\u00f3n.","score":9,"maxScore":9,"error":0},"keyphraseInURL":{"title":"Frase clave objetivo en la URL","description":"Frase clave objetivo usada en la URL.","score":5,"maxScore":5,"error":0},"keyphraseLength":{"title":"Longitud de la Frase clave objetivo","description":"\u00a1Buen trabajo!","score":9,"maxScore":9,"error":0,"length":1},"keyphraseInIntroduction":{"title":"Frase clave objetivo en la introducci\u00f3n","description":"Su Frase clave objetivo aparece en el primer p\u00e1rrafo. \u00a1Bien hecho!","score":9,"maxScore":9,"error":0},"keyphraseInSubHeadings":[],"keyphraseInImageAlt":{"title":"Frase clave objetivo en los atributos alt de la imagen.","description":"Frase clave objetivo no se encuentra en los atributos alt de la imagen. A\u00f1ada una imagen con su Frase clave objetivo como texto alternativo.","score":3,"maxScore":9,"error":1}}},"additional":[{"keyphrase":"Talleres ","score":83,"analysis":{"keyphraseInDescription":{"title":"Frase clave en la meta descripci\u00f3n","description":"Frase clave encontrada en la meta descripci\u00f3n.","score":9,"maxScore":9,"error":0},"keyphraseLength":{"title":"Longitud de la Frase clave","description":"\u00a1Buen trabajo!","score":9,"maxScore":9,"error":0,"length":1},"keyphraseInIntroduction":{"title":"Frase clave en la introducci\u00f3n","description":"Su Frase clave aparece en el primer p\u00e1rrafo. \u00a1Bien hecho!","score":9,"maxScore":9,"error":0},"keyphraseInImageAlt":{"title":"Frase clave en los atributos alt de la imagen.","description":"Frase clave no se encuentra en los atributos alt de la imagen. A\u00f1ada una imagen con su Frase clave como texto alternativo.","score":3,"maxScore":9,"error":1}}},{"keyphrase":"visitas guiadas ","score":83,"analysis":{"keyphraseInDescription":{"title":"Frase clave en la meta descripci\u00f3n","description":"Frase clave encontrada en la meta descripci\u00f3n.","score":9,"maxScore":9,"error":0},"keyphraseLength":{"title":"Longitud de la Frase clave","description":"\u00a1Buen trabajo!","score":9,"maxScore":9,"error":0,"length":2},"keyphraseInIntroduction":{"title":"Frase clave en la introducci\u00f3n","description":"Su Frase clave aparece en el primer p\u00e1rrafo. \u00a1Bien hecho!","score":9,"maxScore":9,"error":0},"keyphraseInImageAlt":{"title":"Frase clave en los atributos alt de la imagen.","description":"Frase clave no se encuentra en los atributos alt de la imagen. A\u00f1ada una imagen con su Frase clave como texto alternativo.","score":3,"maxScore":9,"error":1}}}]},"primary_term":null,"canonical_url":null,"og_title":null,"og_description":null,"og_object_type":"default","og_image_type":"default","og_image_url":null,"og_image_width":null,"og_image_height":null,"og_image_custom_url":null,"og_image_custom_fields":null,"og_video":"","og_custom_url":null,"og_article_section":null,"og_article_tags":[],"twitter_use_og":false,"twitter_card":"default","twitter_image_type":"default","twitter_image_url":null,"twitter_image_custom_url":null,"twitter_image_custom_fields":null,"twitter_title":null,"twitter_description":null,"schema":{"blockGraphs":[],"customGraphs":[],"default":{"data":{"Article":[],"Course":[],"Dataset":[],"FAQPage":[],"Movie":[],"Person":[],"Product":[],"ProductReview":[],"Car":[],"Recipe":[],"Service":[],"SoftwareApplication":[],"WebPage":[]},"graphName":"","isEnabled":true},"graphs":[],"defaultGraph":"Article","defaultPostTypeGraph":""},"schema_type":"default","schema_type_options":"{\"article\":{\"articleType\":\"BlogPosting\"},\"course\":{\"name\":\"\",\"description\":\"\",\"provider\":\"\"},\"faq\":{\"pages\":[]},\"product\":{\"reviews\":[]},\"recipe\":{\"ingredients\":[],\"instructions\":[],\"keywords\":[]},\"software\":{\"reviews\":[],\"operatingSystems\":[]},\"webPage\":{\"webPageType\":\"WebPage\"}}","pillar_content":false,"robots_default":true,"robots_noindex":false,"robots_noarchive":false,"robots_nosnippet":false,"robots_nofollow":false,"robots_noimageindex":false,"robots_noodp":false,"robots_notranslate":false,"robots_max_snippet":"-1","robots_max_videopreview":"-1","robots_max_imagepreview":"large","priority":null,"frequency":"default","local_seo":{"locations":{"business":{"name":"","businessType":"","image":"","areaServed":"","urls":{"website":"","aboutPage":"","contactPage":""},"address":{"streetLine1":"","streetLine2":"","zipCode":"","city":"","state":"","country":"","addressFormat":"#streetLineOne\n#streetLineTwo\n#city, #state #zipCode"},"contact":{"email":"","phone":"","phoneFormatted":"","fax":"","faxFormatted":""},"ids":{"vat":"","tax":"","chamberOfCommerce":""},"payment":{"priceRange":"","currenciesAccepted":"","methods":""}}},"openingHours":{"useDefaults":true,"show":true,"alwaysOpen":false,"use24hFormat":false,"timezone":"","labels":{"closed":"","alwaysOpen":""},"days":{"monday":{"open24h":false,"closed":false,"openTime":"09:00","closeTime":"17:00"},"tuesday":{"open24h":false,"closed":false,"openTime":"09:00","closeTime":"17:00"},"wednesday":{"open24h":false,"closed":false,"openTime":"09:00","closeTime":"17:00"},"thursday":{"open24h":false,"closed":false,"openTime":"09:00","closeTime":"17:00"},"friday":{"open24h":false,"closed":false,"openTime":"09:00","closeTime":"17:00"},"saturday":{"open24h":false,"closed":false,"openTime":"09:00","closeTime":"17:00"},"sunday":{"open24h":false,"closed":false,"openTime":"09:00","closeTime":"17:00"}}}},"seo_analyzer_scan_date":"2026-07-19 22:40:25","breadcrumb_settings":null,"limit_modified_date":false,"open_ai":null,"ai":null,"created":"2021-06-23 11:11:07","updated":"2026-07-19 22:40:25","focus_keyword":"Prehistoria","additional_keywords":[{"word":"Talleres","score":83},{"word":"visitas guiadas","score":83}],"truseo_locale":null},"aioseo_breadcrumb":"<div class=\"aioseo-breadcrumbs\"><span class=\"aioseo-breadcrumb\">\n\t<a href=\"https:\/\/www.eldigitaldeasturias.com\/noticias\" title=\"Home\">Home<\/a>\n<\/span><span class=\"aioseo-breadcrumb-separator\">\u2013<\/span><span class=\"aioseo-breadcrumb\">\n\t<a href=\"https:\/\/www.eldigitaldeasturias.com\/noticias\/category\/agenda\/\" title=\"Agenda\">Agenda<\/a>\n<\/span><span class=\"aioseo-breadcrumb-separator\">\u2013<\/span><span class=\"aioseo-breadcrumb\">\n\t<a href=\"https:\/\/www.eldigitaldeasturias.com\/noticias\/verano-2021-en-el-parque-de-la-prehistoria-de-teverga\/\" title=\"Verano 2021 en el Parque de la Prehistoria de Teverga\">Verano 2021 en el Parque de la Prehistoria de Teverga<\/a>\n<\/span><\/div>","aioseo_breadcrumb_json":[{"label":"Home","link":"https:\/\/www.eldigitaldeasturias.com\/noticias"},{"label":"Agenda","link":"https:\/\/www.eldigitaldeasturias.com\/noticias\/category\/agenda\/"},{"label":"Verano 2021 en el Parque de la Prehistoria de Teverga","link":"https:\/\/www.eldigitaldeasturias.com\/noticias\/verano-2021-en-el-parque-de-la-prehistoria-de-teverga\/"}],"_links":{"self":[{"href":"https:\/\/www.eldigitaldeasturias.com\/noticias\/wp-json\/wp\/v2\/posts\/1094320","targetHints":{"allow":["GET"]}}],"collection":[{"href":"https:\/\/www.eldigitaldeasturias.com\/noticias\/wp-json\/wp\/v2\/posts"}],"about":[{"href":"https:\/\/www.eldigitaldeasturias.com\/noticias\/wp-json\/wp\/v2\/types\/post"}],"author":[{"embeddable":true,"href":"https:\/\/www.eldigitaldeasturias.com\/noticias\/wp-json\/wp\/v2\/users\/1"}],"replies":[{"embeddable":true,"href":"https:\/\/www.eldigitaldeasturias.com\/noticias\/wp-json\/wp\/v2\/comments?post=1094320"}],"version-history":[{"count":0,"href":"https:\/\/www.eldigitaldeasturias.com\/noticias\/wp-json\/wp\/v2\/posts\/1094320\/revisions"}],"wp:attachment":[{"href":"https:\/\/www.eldigitaldeasturias.com\/noticias\/wp-json\/wp\/v2\/media?parent=1094320"}],"wp:term":[{"taxonomy":"category","embeddable":true,"href":"https:\/\/www.eldigitaldeasturias.com\/noticias\/wp-json\/wp\/v2\/categories?post=1094320"},{"taxonomy":"post_tag","embeddable":true,"href":"https:\/\/www.eldigitaldeasturias.com\/noticias\/wp-json\/wp\/v2\/tags?post=1094320"}],"curies":[{"name":"wp","href":"https:\/\/api.w.org\/{rel}","templated":true}]}}