{"id":1094285,"date":"2021-06-22T18:47:24","date_gmt":"2021-06-22T17:47:24","guid":{"rendered":"https:\/\/www.eldigitaldeasturias.com\/noticias\/?p=1094285"},"modified":"2021-06-22T18:47:24","modified_gmt":"2021-06-22T17:47:24","slug":"31-ediciones-de-culturaqui-en-asturias","status":"publish","type":"post","link":"https:\/\/www.eldigitaldeasturias.com\/noticias\/31-ediciones-de-culturaqui-en-asturias\/","title":{"rendered":"31 ediciones de Culturaqu\u00ed, en Asturias"},"content":{"rendered":"<p><img loading=\"lazy\" decoding=\"async\" class=\"alignleft size-medium wp-image-1078097\" src=\"https:\/\/www.eldigitaldeasturias.com\/noticias\/wp-content\/uploads\/2020\/10\/film-3057394_640-360x203.jpg\" alt=\"\" width=\"360\" height=\"203\" \/>El<strong> Instituto Asturiano de la Juventud<\/strong> convoca la 31\u00aa edici\u00f3n del programa de promoci\u00f3n de j\u00f3venes creadores <strong>Culturaqu\u00ed 2021<\/strong> con el fin de impulsar las diferentes modalidades que conforman las artes pl\u00e1sticas, la literatura, el cine o la m\u00fasica entre el colectivo de menores de 35 a\u00f1os.<\/p>\n<p><strong>Culturaqu\u00ed es tambi\u00e9n un medio para fomentar la participaci\u00f3n de j\u00f3venes con inquietudes art\u00edsticas<\/strong>, y difundir estas manifestaciones tanto en el Principado como fuera de la comunidad.<\/p>\n<p><strong>La participaci\u00f3n est\u00e1 abierta a cualquier artista que haya nacido o resida en Asturias y cuya edad no supere los 35 a\u00f1os a fecha 31 de diciembre de 2021<\/strong>. Tambi\u00e9n pueden participar descendientes hasta segundo grado de emigrantes, lo cual ha permitido, desde 2008, internacionalizar el programa sin renunciar a las bases de asturian\u00eda sobre las que se sustenta.<\/p>\n<h2>Culturaqu\u00ed 2021 recoge siete convocatorias diferentes:<\/h2>\n<ul>\n<li><strong>Muestra de Artes Pl\u00e1sticas<\/strong>. Se podr\u00e1 presentar cualquier tipo de propuesta art\u00edstica: pintura, escultura, fotograf\u00eda, dibujo, grabado, instalaciones, videoinstaciones, etc. El tema, la t\u00e9cnica y los materiales ser\u00e1n libres. Un jurado seleccionar\u00e1 un m\u00e1ximo de seis artistas, cada uno de los cuales recibir\u00e1 un premio en met\u00e1lico de 500 euros, que formar\u00e1n parte de una exposici\u00f3n colectiva que abrir\u00e1 sus puertas en la Sala Borr\u00f3n el pr\u00f3ximo octubre. Adem\u00e1s, fallar\u00e1 el Premio Asturias Joven de Artes Pl\u00e1sticas, dotado con 200 euros y la realizaci\u00f3n de una exposici\u00f3n individual tambi\u00e9n en Borr\u00f3n. El plazo para presentar las obras finaliza el 30 de junio<\/li>\n<li><strong>Concurso de Maquetas para grupos Pop y Rock<\/strong>. Este certamen se realiza en colaboraci\u00f3n con Cadena Ser 40 Principales Asturias. Est\u00e1 dirigido a grupos o solistas int\u00e9rpretes de m\u00fasica pop y rock. Se seleccionar\u00e1 una maqueta ganadora, a la que se entregar\u00e1 un premio en met\u00e1lico de 3.000 euros que deber\u00e1 destinar a la edici\u00f3n de un CD o un EP y un videoclip, pudiendo realizar una serie de conciertos de promoci\u00f3n.<\/li>\n<li><strong>Premio Asturias Joven de Poes\u00eda, Narrativa y Textos Teatrales<\/strong>. En asturiano o en castellano, las obras ganadoras recibir\u00e1n un premio de 1.000 euros y se editar\u00e1n dentro de la Colecci\u00f3n Texu.<\/li>\n<li><strong>Programa de exposiciones de j\u00f3venes artistas pl\u00e1sticos en la Sala Borr\u00f3n<\/strong>. Se podr\u00e1 presentar cualquier propuesta art\u00edstica (pintura, escultura, fotograf\u00eda, instalaciones, videoinstalaciones\u2026) con libertad de tema, t\u00e9cnica y materiales. Los proyectos seleccionados formar\u00e1n parte de la programaci\u00f3n de la Sala Borr\u00f3n en la temporada 2022-23.<\/li>\n<li><strong>Premio Nuevos Realizadores del Principado en colaboraci\u00f3n con el Festival Internacional de Cine de Gij\u00f3n<\/strong>. Se admitir\u00e1n los proyectos para cortometrajes de tema libre que se desarrollen en castellano o asturiano y no superen los 25 minutos de duraci\u00f3n. Los trabajos presentados deber\u00e1n incluir guion de cortometraje, presupuesto, plan de rodaje, memoria de direcci\u00f3n, plan de explotaci\u00f3n y formato de exhibici\u00f3n prevista, cualquier fuente de financiaci\u00f3n adicional, acreditaci\u00f3n, plan, documentaci\u00f3n e informaci\u00f3n. Se establece un premio en met\u00e1lico de 5.000 euros y el proyecto premiado se estrenar\u00e1 en el Festival Internacional de Cine de Gij\u00f3n 2022.<\/li>\n<li><strong>El Premio Astragal<\/strong> est\u00e1 dedicado a proyectos art\u00edsticos (instalaciones, videoinstalaciones, acciones, intervenciones y otros procesos creativos) que se realicen expresamente para la sala de exposiciones Espaciu Astragal del Centro de Recursos del Conseyu de Moced\u00e1 de Xix\u00f3n. Cada artista o colectivo podr\u00e1 presentar a concurso un proyecto creativo u obra dise\u00f1ada espec\u00edficamente para el espacio y deber\u00e1n ser originales e in\u00e9ditos. Se establece un premio en met\u00e1lico de 3.800 euros.<\/li>\n<li><strong>Premio Nuevos Realizadores contra la violencia de g\u00e9nero<\/strong>. Se convoca en colaboraci\u00f3n con el Festival Internacional de Cine de Gij\u00f3n con el fin de promover las actividades art\u00edsticas como una de las alternativas id\u00f3neas para conseguir la sensibilizaci\u00f3n de la poblaci\u00f3n en la lucha contra la violencia de g\u00e9nero. Para este certamen, se admitir\u00e1n los proyectos para cortometrajes que se desarrollen en castellano o asturiano y no superen los 25 minutos de duraci\u00f3n. Los trabajos presentados deber\u00e1n incluir guion de cortometraje, presupuesto, plan de rodaje, memoria de direcci\u00f3n, plan de explotaci\u00f3n y formato de exhibici\u00f3n prevista, cualquier fuente de financiaci\u00f3n adicional, acreditaci\u00f3n, plan, documentaci\u00f3n e informaci\u00f3n. Se establece un premio en met\u00e1lico de 5.000 euros y el proyecto premiado se estrenar\u00e1 en el Festival Internacional de Cine de Gij\u00f3n 2022.<\/li>\n<\/ul>\n<p>&nbsp;<\/p>\n","protected":false},"excerpt":{"rendered":"<p>El Instituto Asturiano de la Juventud convoca la 31\u00aa edici\u00f3n del programa de promoci\u00f3n de j\u00f3venes creadores Culturaqu\u00ed 2021 con el fin de impulsar las diferentes modalidades que conforman las artes pl\u00e1sticas, la literatura, el cine o la m\u00fasica entre el colectivo de menores de 35 a\u00f1os. Culturaqu\u00ed es tambi\u00e9n un medio para fomentar la [&hellip;]<\/p>\n","protected":false},"author":1,"featured_media":1078097,"comment_status":"closed","ping_status":"closed","sticky":false,"template":"","format":"standard","meta":{"footnotes":""},"categories":[12],"tags":[],"class_list":["post-1094285","post","type-post","status-publish","format-standard","has-post-thumbnail","hentry","category-actualidad-asturias"],"aioseo_notices":[],"aioseo_head":"\n\t\t<!-- All in One SEO Pro 5.0.1 - aioseo.com -->\n\t<meta name=\"description\" content=\"El Instituto Asturiano de la Juventud convoca la 31\u00aa edici\u00f3n del programa de promoci\u00f3n de j\u00f3venes creadores Culturaqu\u00ed 2021 con el fin de impulsar ..\" \/>\n\t<meta name=\"robots\" content=\"max-image-preview:large\" \/>\n\t<meta name=\"author\" content=\"El Digital de Asturias\"\/>\n\t<meta name=\"google-site-verification\" content=\"UA-38556648-1\" \/>\n\t<meta name=\"msvalidate.01\" content=\"7dfe9f3f1b24437ab69f4f2559babe99\" \/>\n\t<meta name=\"keywords\" content=\"actualidad asturias\" \/>\n\t<link rel=\"canonical\" href=\"https:\/\/www.eldigitaldeasturias.com\/noticias\/31-ediciones-de-culturaqui-en-asturias\/\" \/>\n\t<meta name=\"generator\" content=\"All in One SEO Pro (AIOSEO) 5.0.1\" \/>\n\t\t<meta property=\"og:locale\" content=\"es_ES\" \/>\n\t\t<meta property=\"og:site_name\" content=\"El Digital de Asturias\" \/>\n\t\t<meta property=\"og:type\" content=\"article\" \/>\n\t\t<meta property=\"og:title\" content=\"31 ediciones de Culturaqu\u00ed, en Asturias - El Digital de Asturias\" \/>\n\t\t<meta property=\"og:description\" content=\"El Instituto Asturiano de la Juventud convoca la 31\u00aa edici\u00f3n del programa de promoci\u00f3n de j\u00f3venes creadores Culturaqu\u00ed 2021 con el fin de impulsar ..\" \/>\n\t\t<meta property=\"og:url\" content=\"https:\/\/www.eldigitaldeasturias.com\/noticias\/31-ediciones-de-culturaqui-en-asturias\/\" \/>\n\t\t<meta property=\"article:tag\" content=\"actualidad asturias\" \/>\n\t\t<meta property=\"article:published_time\" content=\"2021-06-22T17:47:24+00:00\" \/>\n\t\t<meta property=\"article:modified_time\" content=\"2021-06-22T17:47:24+00:00\" \/>\n\t\t<meta property=\"article:publisher\" content=\"https:\/\/facebook.com\/eldigitaldeasturias\" \/>\n\t\t<meta name=\"twitter:card\" content=\"summary_large_image\" \/>\n\t\t<meta name=\"twitter:title\" content=\"31 ediciones de Culturaqu\u00ed, en Asturias - El Digital de Asturias\" \/>\n\t\t<meta name=\"twitter:description\" content=\"El Instituto Asturiano de la Juventud convoca la 31\u00aa edici\u00f3n del programa de promoci\u00f3n de j\u00f3venes creadores Culturaqu\u00ed 2021 con el fin de impulsar ..\" \/>\n\t\t<meta name=\"twitter:image\" content=\"https:\/\/www.eldigitaldeasturias.com\/noticias\/wp-content\/uploads\/2020\/12\/EDA-1.jpg\" \/>\n\t\t<meta name=\"twitter:label1\" content=\"Escrito por\" \/>\n\t\t<meta name=\"twitter:data1\" content=\"El Digital de Asturias\" \/>\n\t\t<meta name=\"twitter:label2\" content=\"Tiempo de lectura estimado\" \/>\n\t\t<meta name=\"twitter:data2\" content=\"4 minutos\" \/>\n\t\t<script type=\"application\/ld+json\" class=\"aioseo-schema\">\n\t\t\t{\"@context\":\"https:\\\/\\\/schema.org\",\"@graph\":[{\"@type\":\"BlogPosting\",\"@id\":\"https:\\\/\\\/www.eldigitaldeasturias.com\\\/noticias\\\/31-ediciones-de-culturaqui-en-asturias\\\/#blogposting\",\"name\":\"31 ediciones de Culturaqu\\u00ed, en Asturias - El Digital de Asturias\",\"headline\":\"31 ediciones de Culturaqu\\u00ed, en Asturias\",\"author\":{\"@id\":\"https:\\\/\\\/www.eldigitaldeasturias.com\\\/noticias\\\/author\\\/admin\\\/#author\"},\"publisher\":{\"@id\":\"https:\\\/\\\/www.eldigitaldeasturias.com\\\/noticias\\\/#organization\"},\"image\":{\"@type\":\"ImageObject\",\"url\":1078097},\"datePublished\":\"2021-06-22T18:47:24+02:00\",\"dateModified\":\"2021-06-22T18:47:24+02:00\",\"inLanguage\":\"es-ES\",\"mainEntityOfPage\":{\"@id\":\"https:\\\/\\\/www.eldigitaldeasturias.com\\\/noticias\\\/31-ediciones-de-culturaqui-en-asturias\\\/#webpage\"},\"isPartOf\":{\"@id\":\"https:\\\/\\\/www.eldigitaldeasturias.com\\\/noticias\\\/31-ediciones-de-culturaqui-en-asturias\\\/#webpage\"},\"articleSection\":\"Actualidad Asturias\"},{\"@type\":\"BreadcrumbList\",\"@id\":\"https:\\\/\\\/www.eldigitaldeasturias.com\\\/noticias\\\/31-ediciones-de-culturaqui-en-asturias\\\/#breadcrumblist\",\"itemListElement\":[{\"@type\":\"ListItem\",\"@id\":\"https:\\\/\\\/www.eldigitaldeasturias.com\\\/noticias#listItem\",\"position\":1,\"name\":\"Home\",\"item\":\"https:\\\/\\\/www.eldigitaldeasturias.com\\\/noticias\",\"nextItem\":{\"@type\":\"ListItem\",\"@id\":\"https:\\\/\\\/www.eldigitaldeasturias.com\\\/noticias\\\/category\\\/actualidad-asturias\\\/#listItem\",\"name\":\"Actualidad Asturias\"}},{\"@type\":\"ListItem\",\"@id\":\"https:\\\/\\\/www.eldigitaldeasturias.com\\\/noticias\\\/category\\\/actualidad-asturias\\\/#listItem\",\"position\":2,\"name\":\"Actualidad Asturias\",\"item\":\"https:\\\/\\\/www.eldigitaldeasturias.com\\\/noticias\\\/category\\\/actualidad-asturias\\\/\",\"nextItem\":{\"@type\":\"ListItem\",\"@id\":\"https:\\\/\\\/www.eldigitaldeasturias.com\\\/noticias\\\/31-ediciones-de-culturaqui-en-asturias\\\/#listItem\",\"name\":\"31 ediciones de Culturaqu\\u00ed, en Asturias\"},\"previousItem\":{\"@type\":\"ListItem\",\"@id\":\"https:\\\/\\\/www.eldigitaldeasturias.com\\\/noticias#listItem\",\"name\":\"Home\"}},{\"@type\":\"ListItem\",\"@id\":\"https:\\\/\\\/www.eldigitaldeasturias.com\\\/noticias\\\/31-ediciones-de-culturaqui-en-asturias\\\/#listItem\",\"position\":3,\"name\":\"31 ediciones de Culturaqu\\u00ed, en Asturias\",\"previousItem\":{\"@type\":\"ListItem\",\"@id\":\"https:\\\/\\\/www.eldigitaldeasturias.com\\\/noticias\\\/category\\\/actualidad-asturias\\\/#listItem\",\"name\":\"Actualidad Asturias\"}}]},{\"@type\":\"Organization\",\"@id\":\"https:\\\/\\\/www.eldigitaldeasturias.com\\\/noticias\\\/#organization\",\"name\":\"El Digital de Asturias\",\"description\":\"Hemeroteca\",\"url\":\"https:\\\/\\\/www.eldigitaldeasturias.com\\\/noticias\\\/\",\"email\":\"info@eldigitaldeasturias.com\",\"telephone\":\"+34652131393\",\"logo\":{\"@type\":\"ImageObject\",\"url\":\"https:\\\/\\\/www.eldigitaldeasturias.com\\\/noticias\\\/wp-content\\\/uploads\\\/2020\\\/12\\\/EDA.jpg\",\"@id\":\"https:\\\/\\\/www.eldigitaldeasturias.com\\\/noticias\\\/31-ediciones-de-culturaqui-en-asturias\\\/#organizationLogo\"},\"image\":{\"@id\":\"https:\\\/\\\/www.eldigitaldeasturias.com\\\/noticias\\\/31-ediciones-de-culturaqui-en-asturias\\\/#organizationLogo\"},\"sameAs\":[\"https:\\\/\\\/facebook.com\\\/eldigitaldeasturias\",\"https:\\\/\\\/www.youtube.com\\\/channel\\\/UCZP-2wLEB9Rv6erhFmqVnvg\"],\"address\":{\"@id\":\"https:\\\/\\\/www.eldigitaldeasturias.com\\\/noticias\\\/#postaladdress\",\"@type\":\"PostalAddress\",\"streetAddress\":\"san antonio 4\",\"postalCode\":\"33430\",\"addressLocality\":\"Cand\\u00e1s\",\"addressRegion\":\"Asturias\",\"addressCountry\":\"ES\"}},{\"@type\":\"Person\",\"@id\":\"https:\\\/\\\/www.eldigitaldeasturias.com\\\/noticias\\\/author\\\/admin\\\/#author\",\"url\":\"https:\\\/\\\/www.eldigitaldeasturias.com\\\/noticias\\\/author\\\/admin\\\/\",\"name\":\"El Digital de Asturias\",\"image\":{\"@type\":\"ImageObject\",\"@id\":\"https:\\\/\\\/www.eldigitaldeasturias.com\\\/noticias\\\/31-ediciones-de-culturaqui-en-asturias\\\/#authorImage\",\"url\":\"https:\\\/\\\/secure.gravatar.com\\\/avatar\\\/df2aeffc32bcd13f8d26072ef8a91b623d677766deac7f97ca815868cd41bf5e?s=96&d=mm&r=g\",\"width\":96,\"height\":96,\"caption\":\"El Digital de Asturias\"}},{\"@type\":\"WebPage\",\"@id\":\"https:\\\/\\\/www.eldigitaldeasturias.com\\\/noticias\\\/31-ediciones-de-culturaqui-en-asturias\\\/#webpage\",\"url\":\"https:\\\/\\\/www.eldigitaldeasturias.com\\\/noticias\\\/31-ediciones-de-culturaqui-en-asturias\\\/\",\"name\":\"31 ediciones de Culturaqu\\u00ed, en Asturias - El Digital de Asturias\",\"description\":\"El Instituto Asturiano de la Juventud convoca la 31\\u00aa edici\\u00f3n del programa de promoci\\u00f3n de j\\u00f3venes creadores Culturaqu\\u00ed 2021 con el fin de impulsar ..\",\"inLanguage\":\"es-ES\",\"isPartOf\":{\"@id\":\"https:\\\/\\\/www.eldigitaldeasturias.com\\\/noticias\\\/#website\"},\"breadcrumb\":{\"@id\":\"https:\\\/\\\/www.eldigitaldeasturias.com\\\/noticias\\\/31-ediciones-de-culturaqui-en-asturias\\\/#breadcrumblist\"},\"author\":{\"@id\":\"https:\\\/\\\/www.eldigitaldeasturias.com\\\/noticias\\\/author\\\/admin\\\/#author\"},\"creator\":{\"@id\":\"https:\\\/\\\/www.eldigitaldeasturias.com\\\/noticias\\\/author\\\/admin\\\/#author\"},\"image\":{\"@type\":\"ImageObject\",\"url\":1078097,\"@id\":\"https:\\\/\\\/www.eldigitaldeasturias.com\\\/noticias\\\/31-ediciones-de-culturaqui-en-asturias\\\/#mainImage\"},\"primaryImageOfPage\":{\"@id\":\"https:\\\/\\\/www.eldigitaldeasturias.com\\\/noticias\\\/31-ediciones-de-culturaqui-en-asturias\\\/#mainImage\"},\"datePublished\":\"2021-06-22T18:47:24+02:00\",\"dateModified\":\"2021-06-22T18:47:24+02:00\"},{\"@type\":\"WebSite\",\"@id\":\"https:\\\/\\\/www.eldigitaldeasturias.com\\\/noticias\\\/#website\",\"url\":\"https:\\\/\\\/www.eldigitaldeasturias.com\\\/noticias\\\/\",\"name\":\"El Digital de Asturias - Diario de actualidad y noticias\",\"alternateName\":\"El Digital de Asturias - Diario de actualidad y noticias\",\"description\":\"Hemeroteca\",\"inLanguage\":\"es-ES\",\"publisher\":{\"@id\":\"https:\\\/\\\/www.eldigitaldeasturias.com\\\/noticias\\\/#organization\"}}]}\n\t\t<\/script>\n\t\t<!-- All in One SEO Pro -->\r\n\t\t<title>31 ediciones de Culturaqu\u00ed, en Asturias - El Digital de Asturias<\/title>\n\n","aioseo_head_json":{"title":"31 ediciones de Culturaqu\u00ed, en Asturias - El Digital de Asturias","description":"El Instituto Asturiano de la Juventud convoca la 31\u00aa edici\u00f3n del programa de promoci\u00f3n de j\u00f3venes creadores Culturaqu\u00ed 2021 con el fin de impulsar ..","canonical_url":"https:\/\/www.eldigitaldeasturias.com\/noticias\/31-ediciones-de-culturaqui-en-asturias\/","robots":"max-image-preview:large","keywords":"actualidad asturias","webmasterTools":{"google-site-verification":"UA-38556648-1","msvalidate.01":"7dfe9f3f1b24437ab69f4f2559babe99","miscellaneous":""},"schema":{"@context":"https:\/\/schema.org","@graph":[{"@type":"BlogPosting","@id":"https:\/\/www.eldigitaldeasturias.com\/noticias\/31-ediciones-de-culturaqui-en-asturias\/#blogposting","name":"31 ediciones de Culturaqu\u00ed, en Asturias - El Digital de Asturias","headline":"31 ediciones de Culturaqu\u00ed, en Asturias","author":{"@id":"https:\/\/www.eldigitaldeasturias.com\/noticias\/author\/admin\/#author"},"publisher":{"@id":"https:\/\/www.eldigitaldeasturias.com\/noticias\/#organization"},"image":{"@type":"ImageObject","url":1078097},"datePublished":"2021-06-22T18:47:24+02:00","dateModified":"2021-06-22T18:47:24+02:00","inLanguage":"es-ES","mainEntityOfPage":{"@id":"https:\/\/www.eldigitaldeasturias.com\/noticias\/31-ediciones-de-culturaqui-en-asturias\/#webpage"},"isPartOf":{"@id":"https:\/\/www.eldigitaldeasturias.com\/noticias\/31-ediciones-de-culturaqui-en-asturias\/#webpage"},"articleSection":"Actualidad Asturias"},{"@type":"BreadcrumbList","@id":"https:\/\/www.eldigitaldeasturias.com\/noticias\/31-ediciones-de-culturaqui-en-asturias\/#breadcrumblist","itemListElement":[{"@type":"ListItem","@id":"https:\/\/www.eldigitaldeasturias.com\/noticias#listItem","position":1,"name":"Home","item":"https:\/\/www.eldigitaldeasturias.com\/noticias","nextItem":{"@type":"ListItem","@id":"https:\/\/www.eldigitaldeasturias.com\/noticias\/category\/actualidad-asturias\/#listItem","name":"Actualidad Asturias"}},{"@type":"ListItem","@id":"https:\/\/www.eldigitaldeasturias.com\/noticias\/category\/actualidad-asturias\/#listItem","position":2,"name":"Actualidad Asturias","item":"https:\/\/www.eldigitaldeasturias.com\/noticias\/category\/actualidad-asturias\/","nextItem":{"@type":"ListItem","@id":"https:\/\/www.eldigitaldeasturias.com\/noticias\/31-ediciones-de-culturaqui-en-asturias\/#listItem","name":"31 ediciones de Culturaqu\u00ed, en Asturias"},"previousItem":{"@type":"ListItem","@id":"https:\/\/www.eldigitaldeasturias.com\/noticias#listItem","name":"Home"}},{"@type":"ListItem","@id":"https:\/\/www.eldigitaldeasturias.com\/noticias\/31-ediciones-de-culturaqui-en-asturias\/#listItem","position":3,"name":"31 ediciones de Culturaqu\u00ed, en Asturias","previousItem":{"@type":"ListItem","@id":"https:\/\/www.eldigitaldeasturias.com\/noticias\/category\/actualidad-asturias\/#listItem","name":"Actualidad Asturias"}}]},{"@type":"Organization","@id":"https:\/\/www.eldigitaldeasturias.com\/noticias\/#organization","name":"El Digital de Asturias","description":"Hemeroteca","url":"https:\/\/www.eldigitaldeasturias.com\/noticias\/","email":"info@eldigitaldeasturias.com","telephone":"+34652131393","logo":{"@type":"ImageObject","url":"https:\/\/www.eldigitaldeasturias.com\/noticias\/wp-content\/uploads\/2020\/12\/EDA.jpg","@id":"https:\/\/www.eldigitaldeasturias.com\/noticias\/31-ediciones-de-culturaqui-en-asturias\/#organizationLogo"},"image":{"@id":"https:\/\/www.eldigitaldeasturias.com\/noticias\/31-ediciones-de-culturaqui-en-asturias\/#organizationLogo"},"sameAs":["https:\/\/facebook.com\/eldigitaldeasturias","https:\/\/www.youtube.com\/channel\/UCZP-2wLEB9Rv6erhFmqVnvg"],"address":{"@id":"https:\/\/www.eldigitaldeasturias.com\/noticias\/#postaladdress","@type":"PostalAddress","streetAddress":"san antonio 4","postalCode":"33430","addressLocality":"Cand\u00e1s","addressRegion":"Asturias","addressCountry":"ES"}},{"@type":"Person","@id":"https:\/\/www.eldigitaldeasturias.com\/noticias\/author\/admin\/#author","url":"https:\/\/www.eldigitaldeasturias.com\/noticias\/author\/admin\/","name":"El Digital de Asturias","image":{"@type":"ImageObject","@id":"https:\/\/www.eldigitaldeasturias.com\/noticias\/31-ediciones-de-culturaqui-en-asturias\/#authorImage","url":"https:\/\/secure.gravatar.com\/avatar\/df2aeffc32bcd13f8d26072ef8a91b623d677766deac7f97ca815868cd41bf5e?s=96&d=mm&r=g","width":96,"height":96,"caption":"El Digital de Asturias"}},{"@type":"WebPage","@id":"https:\/\/www.eldigitaldeasturias.com\/noticias\/31-ediciones-de-culturaqui-en-asturias\/#webpage","url":"https:\/\/www.eldigitaldeasturias.com\/noticias\/31-ediciones-de-culturaqui-en-asturias\/","name":"31 ediciones de Culturaqu\u00ed, en Asturias - El Digital de Asturias","description":"El Instituto Asturiano de la Juventud convoca la 31\u00aa edici\u00f3n del programa de promoci\u00f3n de j\u00f3venes creadores Culturaqu\u00ed 2021 con el fin de impulsar ..","inLanguage":"es-ES","isPartOf":{"@id":"https:\/\/www.eldigitaldeasturias.com\/noticias\/#website"},"breadcrumb":{"@id":"https:\/\/www.eldigitaldeasturias.com\/noticias\/31-ediciones-de-culturaqui-en-asturias\/#breadcrumblist"},"author":{"@id":"https:\/\/www.eldigitaldeasturias.com\/noticias\/author\/admin\/#author"},"creator":{"@id":"https:\/\/www.eldigitaldeasturias.com\/noticias\/author\/admin\/#author"},"image":{"@type":"ImageObject","url":1078097,"@id":"https:\/\/www.eldigitaldeasturias.com\/noticias\/31-ediciones-de-culturaqui-en-asturias\/#mainImage"},"primaryImageOfPage":{"@id":"https:\/\/www.eldigitaldeasturias.com\/noticias\/31-ediciones-de-culturaqui-en-asturias\/#mainImage"},"datePublished":"2021-06-22T18:47:24+02:00","dateModified":"2021-06-22T18:47:24+02:00"},{"@type":"WebSite","@id":"https:\/\/www.eldigitaldeasturias.com\/noticias\/#website","url":"https:\/\/www.eldigitaldeasturias.com\/noticias\/","name":"El Digital de Asturias - Diario de actualidad y noticias","alternateName":"El Digital de Asturias - Diario de actualidad y noticias","description":"Hemeroteca","inLanguage":"es-ES","publisher":{"@id":"https:\/\/www.eldigitaldeasturias.com\/noticias\/#organization"}}]},"og:locale":"es_ES","og:site_name":"El Digital de Asturias","og:type":"article","og:title":"31 ediciones de Culturaqu\u00ed, en Asturias - El Digital de Asturias","og:description":"El Instituto Asturiano de la Juventud convoca la 31\u00aa edici\u00f3n del programa de promoci\u00f3n de j\u00f3venes creadores Culturaqu\u00ed 2021 con el fin de impulsar ..","og:url":"https:\/\/www.eldigitaldeasturias.com\/noticias\/31-ediciones-de-culturaqui-en-asturias\/","article:tag":["actualidad asturias"],"article:published_time":"2021-06-22T17:47:24+00:00","article:modified_time":"2021-06-22T17:47:24+00:00","article:publisher":"https:\/\/facebook.com\/eldigitaldeasturias","twitter:card":"summary_large_image","twitter:title":"31 ediciones de Culturaqu\u00ed, en Asturias - El Digital de Asturias","twitter:description":"El Instituto Asturiano de la Juventud convoca la 31\u00aa edici\u00f3n del programa de promoci\u00f3n de j\u00f3venes creadores Culturaqu\u00ed 2021 con el fin de impulsar ..","twitter:image":"https:\/\/www.eldigitaldeasturias.com\/noticias\/wp-content\/uploads\/2020\/12\/EDA-1.jpg","twitter:label1":"Escrito por","twitter:data1":"El Digital de Asturias","twitter:label2":"Tiempo de lectura estimado","twitter:data2":"4 minutos"},"aioseo_meta_data":{"post_id":"1094285","title":null,"description":"El Instituto Asturiano de la Juventud convoca la 31\u00aa edici\u00f3n del programa de promoci\u00f3n de j\u00f3venes creadores Culturaqu\u00ed 2021 con el fin de impulsar ..","keywords":[],"keyphrases":{"focus":{"keyphrase":"Culturaqu\u00ed ","score":89,"analysis":{"keyphraseInTitle":{"title":"Frase clave objetivo en el t\u00edtulo SEO","description":"Frase clave objetivo encontrada en el t\u00edtulo SEO.","score":9,"maxScore":9,"error":0},"keyphraseInDescription":{"title":"Frase clave objetivo en la meta descripci\u00f3n","description":"Frase clave objetivo encontrada en la meta descripci\u00f3n.","score":9,"maxScore":9,"error":0},"keyphraseInURL":[],"keyphraseLength":{"title":"Longitud de la Frase clave objetivo","description":"\u00a1Buen trabajo!","score":9,"maxScore":9,"error":0,"length":1},"keyphraseInIntroduction":{"title":"Frase clave objetivo en la introducci\u00f3n","description":"Su Frase clave objetivo aparece en el primer p\u00e1rrafo. \u00a1Bien hecho!","score":9,"maxScore":9,"error":0},"keyphraseInSubHeadings":{"title":"Frase clave objetivo sus subt\u00edtulos","description":"Su subt\u00edtulo H2 o H3 refleja el tema de su texto. \u00a1Buen trabajo!","score":9,"maxScore":9,"error":0},"keyphraseInImageAlt":{"title":"Frase clave objetivo en los atributos alt de la imagen.","description":"Frase clave objetivo no se encuentra en los atributos alt de la imagen. A\u00f1ada una imagen con su Frase clave objetivo como texto alternativo.","score":3,"maxScore":9,"error":1}}},"additional":[{"keyphrase":"Instituto Asturiano","score":83,"analysis":{"keyphraseInDescription":{"title":"Frase clave en la meta descripci\u00f3n","description":"Frase clave encontrada en la meta descripci\u00f3n.","score":9,"maxScore":9,"error":0},"keyphraseLength":{"title":"Longitud de la Frase clave","description":"\u00a1Buen trabajo!","score":9,"maxScore":9,"error":0,"length":2},"keyphraseInIntroduction":{"title":"Frase clave en la introducci\u00f3n","description":"Su Frase clave aparece en el primer p\u00e1rrafo. \u00a1Bien hecho!","score":9,"maxScore":9,"error":0},"keyphraseInImageAlt":{"title":"Frase clave en los atributos alt de la imagen.","description":"Frase clave no se encuentra en los atributos alt de la imagen. A\u00f1ada una imagen con su Frase clave como texto alternativo.","score":3,"maxScore":9,"error":1}}},{"keyphrase":"promoci\u00f3n de j\u00f3venes ","score":83,"analysis":{"keyphraseInDescription":{"title":"Frase clave en la meta descripci\u00f3n","description":"Frase clave encontrada en la meta descripci\u00f3n.","score":9,"maxScore":9,"error":0},"keyphraseLength":{"title":"Longitud de la Frase clave","description":"\u00a1Buen trabajo!","score":9,"maxScore":9,"error":0,"length":3},"keyphraseInIntroduction":{"title":"Frase clave en la introducci\u00f3n","description":"Su Frase clave aparece en el primer p\u00e1rrafo. \u00a1Bien hecho!","score":9,"maxScore":9,"error":0},"keyphraseInImageAlt":{"title":"Frase clave en los atributos alt de la imagen.","description":"Frase clave no se encuentra en los atributos alt de la imagen. A\u00f1ada una imagen con su Frase clave como texto alternativo.","score":3,"maxScore":9,"error":1}}}]},"primary_term":null,"canonical_url":null,"og_title":null,"og_description":null,"og_object_type":"default","og_image_type":"default","og_image_url":null,"og_image_width":null,"og_image_height":null,"og_image_custom_url":null,"og_image_custom_fields":null,"og_video":"","og_custom_url":null,"og_article_section":null,"og_article_tags":[],"twitter_use_og":false,"twitter_card":"default","twitter_image_type":"default","twitter_image_url":null,"twitter_image_custom_url":null,"twitter_image_custom_fields":null,"twitter_title":null,"twitter_description":null,"schema":{"blockGraphs":[],"customGraphs":[],"default":{"data":{"Article":[],"Course":[],"Dataset":[],"FAQPage":[],"Movie":[],"Person":[],"Product":[],"ProductReview":[],"Car":[],"Recipe":[],"Service":[],"SoftwareApplication":[],"WebPage":[]},"graphName":"","isEnabled":true},"graphs":[],"defaultGraph":"Article","defaultPostTypeGraph":""},"schema_type":"default","schema_type_options":"{\"article\":{\"articleType\":\"BlogPosting\"},\"course\":{\"name\":\"\",\"description\":\"\",\"provider\":\"\"},\"faq\":{\"pages\":[]},\"product\":{\"reviews\":[]},\"recipe\":{\"ingredients\":[],\"instructions\":[],\"keywords\":[]},\"software\":{\"reviews\":[],\"operatingSystems\":[]},\"webPage\":{\"webPageType\":\"WebPage\"}}","pillar_content":false,"robots_default":true,"robots_noindex":false,"robots_noarchive":false,"robots_nosnippet":false,"robots_nofollow":false,"robots_noimageindex":false,"robots_noodp":false,"robots_notranslate":false,"robots_max_snippet":"-1","robots_max_videopreview":"-1","robots_max_imagepreview":"large","priority":null,"frequency":"default","local_seo":{"locations":{"business":{"name":"","businessType":"","image":"","areaServed":"","urls":{"website":"","aboutPage":"","contactPage":""},"address":{"streetLine1":"","streetLine2":"","zipCode":"","city":"","state":"","country":"","addressFormat":"#streetLineOne\n#streetLineTwo\n#city, #state #zipCode"},"contact":{"email":"","phone":"","phoneFormatted":"","fax":"","faxFormatted":""},"ids":{"vat":"","tax":"","chamberOfCommerce":""},"payment":{"priceRange":"","currenciesAccepted":"","methods":""}}},"openingHours":{"useDefaults":true,"show":true,"alwaysOpen":false,"use24hFormat":false,"timezone":"","labels":{"closed":"","alwaysOpen":""},"days":{"monday":{"open24h":false,"closed":false,"openTime":"09:00","closeTime":"17:00"},"tuesday":{"open24h":false,"closed":false,"openTime":"09:00","closeTime":"17:00"},"wednesday":{"open24h":false,"closed":false,"openTime":"09:00","closeTime":"17:00"},"thursday":{"open24h":false,"closed":false,"openTime":"09:00","closeTime":"17:00"},"friday":{"open24h":false,"closed":false,"openTime":"09:00","closeTime":"17:00"},"saturday":{"open24h":false,"closed":false,"openTime":"09:00","closeTime":"17:00"},"sunday":{"open24h":false,"closed":false,"openTime":"09:00","closeTime":"17:00"}}}},"seo_analyzer_scan_date":"2026-07-19 22:11:09","breadcrumb_settings":null,"limit_modified_date":false,"open_ai":null,"ai":null,"created":"2021-06-22 17:42:55","updated":"2026-07-19 22:11:09","focus_keyword":"Culturaqu\u00ed","additional_keywords":[{"word":"Instituto Asturiano","score":83},{"word":"promoci\u00f3n de j\u00f3venes","score":83}],"truseo_locale":null},"aioseo_breadcrumb":"<div class=\"aioseo-breadcrumbs\"><span class=\"aioseo-breadcrumb\">\n\t<a href=\"https:\/\/www.eldigitaldeasturias.com\/noticias\" title=\"Home\">Home<\/a>\n<\/span><span class=\"aioseo-breadcrumb-separator\">\u2013<\/span><span class=\"aioseo-breadcrumb\">\n\t<a href=\"https:\/\/www.eldigitaldeasturias.com\/noticias\/category\/actualidad-asturias\/\" title=\"Actualidad Asturias\">Actualidad Asturias<\/a>\n<\/span><span class=\"aioseo-breadcrumb-separator\">\u2013<\/span><span class=\"aioseo-breadcrumb\">\n\t<a href=\"https:\/\/www.eldigitaldeasturias.com\/noticias\/31-ediciones-de-culturaqui-en-asturias\/\" title=\"31 ediciones de Culturaqu\u00ed, en Asturias\">31 ediciones de Culturaqu\u00ed, en Asturias<\/a>\n<\/span><\/div>","aioseo_breadcrumb_json":[{"label":"Home","link":"https:\/\/www.eldigitaldeasturias.com\/noticias"},{"label":"Actualidad Asturias","link":"https:\/\/www.eldigitaldeasturias.com\/noticias\/category\/actualidad-asturias\/"},{"label":"31 ediciones de Culturaqu\u00ed, en Asturias","link":"https:\/\/www.eldigitaldeasturias.com\/noticias\/31-ediciones-de-culturaqui-en-asturias\/"}],"_links":{"self":[{"href":"https:\/\/www.eldigitaldeasturias.com\/noticias\/wp-json\/wp\/v2\/posts\/1094285","targetHints":{"allow":["GET"]}}],"collection":[{"href":"https:\/\/www.eldigitaldeasturias.com\/noticias\/wp-json\/wp\/v2\/posts"}],"about":[{"href":"https:\/\/www.eldigitaldeasturias.com\/noticias\/wp-json\/wp\/v2\/types\/post"}],"author":[{"embeddable":true,"href":"https:\/\/www.eldigitaldeasturias.com\/noticias\/wp-json\/wp\/v2\/users\/1"}],"replies":[{"embeddable":true,"href":"https:\/\/www.eldigitaldeasturias.com\/noticias\/wp-json\/wp\/v2\/comments?post=1094285"}],"version-history":[{"count":0,"href":"https:\/\/www.eldigitaldeasturias.com\/noticias\/wp-json\/wp\/v2\/posts\/1094285\/revisions"}],"wp:attachment":[{"href":"https:\/\/www.eldigitaldeasturias.com\/noticias\/wp-json\/wp\/v2\/media?parent=1094285"}],"wp:term":[{"taxonomy":"category","embeddable":true,"href":"https:\/\/www.eldigitaldeasturias.com\/noticias\/wp-json\/wp\/v2\/categories?post=1094285"},{"taxonomy":"post_tag","embeddable":true,"href":"https:\/\/www.eldigitaldeasturias.com\/noticias\/wp-json\/wp\/v2\/tags?post=1094285"}],"curies":[{"name":"wp","href":"https:\/\/api.w.org\/{rel}","templated":true}]}}