{"id":1094278,"date":"2021-06-22T18:27:43","date_gmt":"2021-06-22T17:27:43","guid":{"rendered":"https:\/\/www.eldigitaldeasturias.com\/noticias\/?p=1094278"},"modified":"2021-06-22T18:27:43","modified_gmt":"2021-06-22T17:27:43","slug":"el-principado-incrementa-las-ayudas-a-la-incorporacion-de-jovenes-a-la-actividad-agropecuaria","status":"publish","type":"post","link":"https:\/\/www.eldigitaldeasturias.com\/noticias\/el-principado-incrementa-las-ayudas-a-la-incorporacion-de-jovenes-a-la-actividad-agropecuaria\/","title":{"rendered":"El Principado incrementa las ayudas a la incorporaci\u00f3n de j\u00f3venes a la actividad agropecuaria"},"content":{"rendered":"<p><img loading=\"lazy\" decoding=\"async\" class=\"alignleft size-medium wp-image-1094279\" src=\"https:\/\/www.eldigitaldeasturias.com\/noticias\/wp-content\/uploads\/2021\/06\/Alejandro-Calvo-1-360x257.jpg\" alt=\"Alejandro Calvo\" width=\"360\" height=\"257\" \/>La Consejer\u00eda asturiana de Medio Rural y Cohesi\u00f3n Territorial <strong>ha modificado las bases de las convocatorias de ayudas a la incorporaci\u00f3n de j\u00f3venes agricultores y la modernizaci\u00f3n de explotaciones<\/strong>. Las nuevas bases recogen las medidas de los \u00faltimos cambios del Programa de Desarrollo Rural (PDR) del Principado, que permiten elevar hasta los 70.000 euros la ayuda individual para la incorporaci\u00f3n al sector agropecuario de menores de 40 a\u00f1os y flexibiliza los requisitos para acceder a los planes de mejora simplificando su gesti\u00f3n. Los objetivos son favorecer el relevo generacional y el mantenimiento de la actividad en el medio rural.<\/p>\n<p>De este modo, la ayuda a la creaci\u00f3n de empresas para j\u00f3venes agricultores, destinada a profesionales de hasta 40 a\u00f1os, aumenta hasta un m\u00e1ximo de 70.000 euros en los casos de quienes inicien su actividad con explotaciones extensivas con limitaciones naturales, en zonas de alta monta\u00f1a o en espacios naturales protegidos de la Red Natural.<\/p>\n<p>Por otro lado,<strong> se flexibilizan las condiciones para acceder a la l\u00ednea de apoyo a las inversiones en explotaciones agrarias, un aspecto especialmente demandado por el sector<\/strong>, que avanza en la profesionalizaci\u00f3n y permite adaptar estas ayudas a la realidad actual de gesti\u00f3n y producci\u00f3n agropecuaria de Asturias. Las personas mayores de 40 a\u00f1os que se inicien en la actividad agraria podr\u00e1n optar a estas ayudas, pues a partir de ahora tendr\u00e1n que acreditar que son titulares de una explotaci\u00f3n en el momento de la certificaci\u00f3n final. Tambi\u00e9n se establece que para optar a la ayuda bastar\u00e1 con presentar un plan empresarial, realizado y visado por un t\u00e9cnico competente, que demuestre que las inversiones que se van a realizar est\u00e1n justificadas y que con ellas se mejorar\u00e1 el rendimiento global de la explotaci\u00f3n. Los proyectos tambi\u00e9n podr\u00e1n contemplar las nuevas realidades de producciones agr\u00edcolas y ganaderas de car\u00e1cter innovador y agro ecol\u00f3gico que se est\u00e1n desarrollando en nuestra regi\u00f3n.<\/p>\n<p>El Ejecutivo asturiano tambi\u00e9n pone en marcha una <strong>nueva l\u00ednea destinada a impulsar la adopci\u00f3n de medidas preventivas para evitar da\u00f1os de la fauna silvestre y complementaria a la indemnizaci\u00f3n por da\u00f1os<\/strong>. En este caso ser\u00e1 subvencionable al 100% de la inversi\u00f3n. La ayuda podr\u00e1 alcanzar un m\u00e1ximo de 40.000 euros por explotaci\u00f3n y contempla medidas como la construcci\u00f3n de cercados permanentes o rediles m\u00f3viles.<\/p>\n<p>Tambi\u00e9n se impulsa la perspectiva de g\u00e9nero en todas las l\u00edneas de ayudas de la convocatoria dando prioridad para favorecer el empleo y el emprendimiento de las mujeres en el medio rural.<\/p>\n<p>La propuesta de nuevas bases se pueden consultar en el portal <a href=\"https:\/\/ddei3-0-ctp.trendmicro.com:443\/wis\/clicktime\/v1\/query?url=https%3a%2f%2fcutt.ly%2fwn21iuo&amp;umid=E127E90A-C558-5905-BD2C-5CBABA6250F5&amp;auth=4ceff9107ab9c25786f1a828bbcb8ff8204474b0-2de16b7728e7f25a91c9b59014a3c62d43676d26\" target=\"_blank\" rel=\"noopener\"><span style=\"color: #ff6600;\"><strong>Asturias participa<\/strong> <\/span><\/a>.<\/p>\n<p>Este ha sido uno de los asuntos que el consejero de Medio Rural y Cohesi\u00f3n Territorial, Alejandro Calvo, ha analizado con los representantes de los sindicatos agrarios Asaja, Coag y UCA y de Cooperativas Agroalimentarias Principado en la reuni\u00f3n que han mantenido esta ma\u00f1ana.<\/p>\n<p>&nbsp;<\/p>\n<p>&nbsp;<\/p>\n","protected":false},"excerpt":{"rendered":"<p>La Consejer\u00eda asturiana de Medio Rural y Cohesi\u00f3n Territorial ha modificado las bases de las convocatorias de ayudas a la incorporaci\u00f3n de j\u00f3venes agricultores y la modernizaci\u00f3n de explotaciones. Las nuevas bases recogen las medidas de los \u00faltimos cambios del Programa de Desarrollo Rural (PDR) del Principado, que permiten elevar hasta los 70.000 euros la [&hellip;]<\/p>\n","protected":false},"author":1,"featured_media":1094279,"comment_status":"closed","ping_status":"closed","sticky":false,"template":"","format":"standard","meta":{"footnotes":""},"categories":[12],"tags":[],"class_list":["post-1094278","post","type-post","status-publish","format-standard","has-post-thumbnail","hentry","category-actualidad-asturias"],"aioseo_notices":[],"aioseo_head":"\n\t\t<!-- All in One SEO Pro 5.0.1 - aioseo.com -->\n\t<meta name=\"description\" content=\"La Consejer\u00eda asturiana de Medio Rural y Cohesi\u00f3n Territorial ha modificado las bases de las convocatorias de ayudas a la incorporaci\u00f3n de j\u00f3venes agricultores\" \/>\n\t<meta name=\"robots\" content=\"max-image-preview:large\" \/>\n\t<meta name=\"author\" content=\"El Digital de Asturias\"\/>\n\t<meta name=\"google-site-verification\" content=\"UA-38556648-1\" \/>\n\t<meta name=\"msvalidate.01\" content=\"7dfe9f3f1b24437ab69f4f2559babe99\" \/>\n\t<meta name=\"keywords\" content=\"actualidad asturias\" \/>\n\t<link rel=\"canonical\" href=\"https:\/\/www.eldigitaldeasturias.com\/noticias\/el-principado-incrementa-las-ayudas-a-la-incorporacion-de-jovenes-a-la-actividad-agropecuaria\/\" \/>\n\t<meta name=\"generator\" content=\"All in One SEO Pro (AIOSEO) 5.0.1\" \/>\n\t\t<meta property=\"og:locale\" content=\"es_ES\" \/>\n\t\t<meta property=\"og:site_name\" content=\"El Digital de Asturias\" \/>\n\t\t<meta property=\"og:type\" content=\"article\" \/>\n\t\t<meta property=\"og:title\" content=\"El Principado incrementa las ayudas a la incorporaci\u00f3n de j\u00f3venes a la actividad agropecuaria - El Digital de Asturias\" \/>\n\t\t<meta property=\"og:description\" content=\"La Consejer\u00eda asturiana de Medio Rural y Cohesi\u00f3n Territorial ha modificado las bases de las convocatorias de ayudas a la incorporaci\u00f3n de j\u00f3venes agricultores\" \/>\n\t\t<meta property=\"og:url\" content=\"https:\/\/www.eldigitaldeasturias.com\/noticias\/el-principado-incrementa-las-ayudas-a-la-incorporacion-de-jovenes-a-la-actividad-agropecuaria\/\" \/>\n\t\t<meta property=\"article:tag\" content=\"actualidad asturias\" \/>\n\t\t<meta property=\"article:published_time\" content=\"2021-06-22T17:27:43+00:00\" \/>\n\t\t<meta property=\"article:modified_time\" content=\"2021-06-22T17:27:43+00:00\" \/>\n\t\t<meta property=\"article:publisher\" content=\"https:\/\/facebook.com\/eldigitaldeasturias\" \/>\n\t\t<meta name=\"twitter:card\" content=\"summary_large_image\" \/>\n\t\t<meta name=\"twitter:title\" content=\"El Principado incrementa las ayudas a la incorporaci\u00f3n de j\u00f3venes a la actividad agropecuaria - El Digital de Asturias\" \/>\n\t\t<meta name=\"twitter:description\" content=\"La Consejer\u00eda asturiana de Medio Rural y Cohesi\u00f3n Territorial ha modificado las bases de las convocatorias de ayudas a la incorporaci\u00f3n de j\u00f3venes agricultores\" \/>\n\t\t<meta name=\"twitter:image\" content=\"https:\/\/www.eldigitaldeasturias.com\/noticias\/wp-content\/uploads\/2020\/12\/EDA-1.jpg\" \/>\n\t\t<meta name=\"twitter:label1\" content=\"Escrito por\" \/>\n\t\t<meta name=\"twitter:data1\" content=\"El Digital de Asturias\" \/>\n\t\t<meta name=\"twitter:label2\" content=\"Tiempo de lectura estimado\" \/>\n\t\t<meta name=\"twitter:data2\" content=\"3 minutos\" \/>\n\t\t<script type=\"application\/ld+json\" class=\"aioseo-schema\">\n\t\t\t{\"@context\":\"https:\\\/\\\/schema.org\",\"@graph\":[{\"@type\":\"BlogPosting\",\"@id\":\"https:\\\/\\\/www.eldigitaldeasturias.com\\\/noticias\\\/el-principado-incrementa-las-ayudas-a-la-incorporacion-de-jovenes-a-la-actividad-agropecuaria\\\/#blogposting\",\"name\":\"El Principado incrementa las ayudas a la incorporaci\\u00f3n de j\\u00f3venes a la actividad agropecuaria - El Digital de Asturias\",\"headline\":\"El Principado incrementa las ayudas a la incorporaci\\u00f3n de j\\u00f3venes a la actividad agropecuaria\",\"author\":{\"@id\":\"https:\\\/\\\/www.eldigitaldeasturias.com\\\/noticias\\\/author\\\/admin\\\/#author\"},\"publisher\":{\"@id\":\"https:\\\/\\\/www.eldigitaldeasturias.com\\\/noticias\\\/#organization\"},\"image\":{\"@type\":\"ImageObject\",\"url\":1094279},\"datePublished\":\"2021-06-22T18:27:43+02:00\",\"dateModified\":\"2021-06-22T18:27:43+02:00\",\"inLanguage\":\"es-ES\",\"mainEntityOfPage\":{\"@id\":\"https:\\\/\\\/www.eldigitaldeasturias.com\\\/noticias\\\/el-principado-incrementa-las-ayudas-a-la-incorporacion-de-jovenes-a-la-actividad-agropecuaria\\\/#webpage\"},\"isPartOf\":{\"@id\":\"https:\\\/\\\/www.eldigitaldeasturias.com\\\/noticias\\\/el-principado-incrementa-las-ayudas-a-la-incorporacion-de-jovenes-a-la-actividad-agropecuaria\\\/#webpage\"},\"articleSection\":\"Actualidad Asturias\"},{\"@type\":\"BreadcrumbList\",\"@id\":\"https:\\\/\\\/www.eldigitaldeasturias.com\\\/noticias\\\/el-principado-incrementa-las-ayudas-a-la-incorporacion-de-jovenes-a-la-actividad-agropecuaria\\\/#breadcrumblist\",\"itemListElement\":[{\"@type\":\"ListItem\",\"@id\":\"https:\\\/\\\/www.eldigitaldeasturias.com\\\/noticias#listItem\",\"position\":1,\"name\":\"Home\",\"item\":\"https:\\\/\\\/www.eldigitaldeasturias.com\\\/noticias\",\"nextItem\":{\"@type\":\"ListItem\",\"@id\":\"https:\\\/\\\/www.eldigitaldeasturias.com\\\/noticias\\\/category\\\/actualidad-asturias\\\/#listItem\",\"name\":\"Actualidad Asturias\"}},{\"@type\":\"ListItem\",\"@id\":\"https:\\\/\\\/www.eldigitaldeasturias.com\\\/noticias\\\/category\\\/actualidad-asturias\\\/#listItem\",\"position\":2,\"name\":\"Actualidad Asturias\",\"item\":\"https:\\\/\\\/www.eldigitaldeasturias.com\\\/noticias\\\/category\\\/actualidad-asturias\\\/\",\"nextItem\":{\"@type\":\"ListItem\",\"@id\":\"https:\\\/\\\/www.eldigitaldeasturias.com\\\/noticias\\\/el-principado-incrementa-las-ayudas-a-la-incorporacion-de-jovenes-a-la-actividad-agropecuaria\\\/#listItem\",\"name\":\"El Principado incrementa las ayudas a la incorporaci\\u00f3n de j\\u00f3venes a la actividad agropecuaria\"},\"previousItem\":{\"@type\":\"ListItem\",\"@id\":\"https:\\\/\\\/www.eldigitaldeasturias.com\\\/noticias#listItem\",\"name\":\"Home\"}},{\"@type\":\"ListItem\",\"@id\":\"https:\\\/\\\/www.eldigitaldeasturias.com\\\/noticias\\\/el-principado-incrementa-las-ayudas-a-la-incorporacion-de-jovenes-a-la-actividad-agropecuaria\\\/#listItem\",\"position\":3,\"name\":\"El Principado incrementa las ayudas a la incorporaci\\u00f3n de j\\u00f3venes a la actividad agropecuaria\",\"previousItem\":{\"@type\":\"ListItem\",\"@id\":\"https:\\\/\\\/www.eldigitaldeasturias.com\\\/noticias\\\/category\\\/actualidad-asturias\\\/#listItem\",\"name\":\"Actualidad Asturias\"}}]},{\"@type\":\"Organization\",\"@id\":\"https:\\\/\\\/www.eldigitaldeasturias.com\\\/noticias\\\/#organization\",\"name\":\"El Digital de Asturias\",\"description\":\"Hemeroteca\",\"url\":\"https:\\\/\\\/www.eldigitaldeasturias.com\\\/noticias\\\/\",\"email\":\"info@eldigitaldeasturias.com\",\"telephone\":\"+34652131393\",\"logo\":{\"@type\":\"ImageObject\",\"url\":\"https:\\\/\\\/www.eldigitaldeasturias.com\\\/noticias\\\/wp-content\\\/uploads\\\/2020\\\/12\\\/EDA.jpg\",\"@id\":\"https:\\\/\\\/www.eldigitaldeasturias.com\\\/noticias\\\/el-principado-incrementa-las-ayudas-a-la-incorporacion-de-jovenes-a-la-actividad-agropecuaria\\\/#organizationLogo\"},\"image\":{\"@id\":\"https:\\\/\\\/www.eldigitaldeasturias.com\\\/noticias\\\/el-principado-incrementa-las-ayudas-a-la-incorporacion-de-jovenes-a-la-actividad-agropecuaria\\\/#organizationLogo\"},\"sameAs\":[\"https:\\\/\\\/facebook.com\\\/eldigitaldeasturias\",\"https:\\\/\\\/www.youtube.com\\\/channel\\\/UCZP-2wLEB9Rv6erhFmqVnvg\"],\"address\":{\"@id\":\"https:\\\/\\\/www.eldigitaldeasturias.com\\\/noticias\\\/#postaladdress\",\"@type\":\"PostalAddress\",\"streetAddress\":\"san antonio 4\",\"postalCode\":\"33430\",\"addressLocality\":\"Cand\\u00e1s\",\"addressRegion\":\"Asturias\",\"addressCountry\":\"ES\"}},{\"@type\":\"Person\",\"@id\":\"https:\\\/\\\/www.eldigitaldeasturias.com\\\/noticias\\\/author\\\/admin\\\/#author\",\"url\":\"https:\\\/\\\/www.eldigitaldeasturias.com\\\/noticias\\\/author\\\/admin\\\/\",\"name\":\"El Digital de Asturias\",\"image\":{\"@type\":\"ImageObject\",\"@id\":\"https:\\\/\\\/www.eldigitaldeasturias.com\\\/noticias\\\/el-principado-incrementa-las-ayudas-a-la-incorporacion-de-jovenes-a-la-actividad-agropecuaria\\\/#authorImage\",\"url\":\"https:\\\/\\\/secure.gravatar.com\\\/avatar\\\/df2aeffc32bcd13f8d26072ef8a91b623d677766deac7f97ca815868cd41bf5e?s=96&d=mm&r=g\",\"width\":96,\"height\":96,\"caption\":\"El Digital de Asturias\"}},{\"@type\":\"WebPage\",\"@id\":\"https:\\\/\\\/www.eldigitaldeasturias.com\\\/noticias\\\/el-principado-incrementa-las-ayudas-a-la-incorporacion-de-jovenes-a-la-actividad-agropecuaria\\\/#webpage\",\"url\":\"https:\\\/\\\/www.eldigitaldeasturias.com\\\/noticias\\\/el-principado-incrementa-las-ayudas-a-la-incorporacion-de-jovenes-a-la-actividad-agropecuaria\\\/\",\"name\":\"El Principado incrementa las ayudas a la incorporaci\\u00f3n de j\\u00f3venes a la actividad agropecuaria - El Digital de Asturias\",\"description\":\"La Consejer\\u00eda asturiana de Medio Rural y Cohesi\\u00f3n Territorial ha modificado las bases de las convocatorias de ayudas a la incorporaci\\u00f3n de j\\u00f3venes agricultores\",\"inLanguage\":\"es-ES\",\"isPartOf\":{\"@id\":\"https:\\\/\\\/www.eldigitaldeasturias.com\\\/noticias\\\/#website\"},\"breadcrumb\":{\"@id\":\"https:\\\/\\\/www.eldigitaldeasturias.com\\\/noticias\\\/el-principado-incrementa-las-ayudas-a-la-incorporacion-de-jovenes-a-la-actividad-agropecuaria\\\/#breadcrumblist\"},\"author\":{\"@id\":\"https:\\\/\\\/www.eldigitaldeasturias.com\\\/noticias\\\/author\\\/admin\\\/#author\"},\"creator\":{\"@id\":\"https:\\\/\\\/www.eldigitaldeasturias.com\\\/noticias\\\/author\\\/admin\\\/#author\"},\"image\":{\"@type\":\"ImageObject\",\"url\":1094279,\"@id\":\"https:\\\/\\\/www.eldigitaldeasturias.com\\\/noticias\\\/el-principado-incrementa-las-ayudas-a-la-incorporacion-de-jovenes-a-la-actividad-agropecuaria\\\/#mainImage\"},\"primaryImageOfPage\":{\"@id\":\"https:\\\/\\\/www.eldigitaldeasturias.com\\\/noticias\\\/el-principado-incrementa-las-ayudas-a-la-incorporacion-de-jovenes-a-la-actividad-agropecuaria\\\/#mainImage\"},\"datePublished\":\"2021-06-22T18:27:43+02:00\",\"dateModified\":\"2021-06-22T18:27:43+02:00\"},{\"@type\":\"WebSite\",\"@id\":\"https:\\\/\\\/www.eldigitaldeasturias.com\\\/noticias\\\/#website\",\"url\":\"https:\\\/\\\/www.eldigitaldeasturias.com\\\/noticias\\\/\",\"name\":\"El Digital de Asturias - Diario de actualidad y noticias\",\"alternateName\":\"El Digital de Asturias - Diario de actualidad y noticias\",\"description\":\"Hemeroteca\",\"inLanguage\":\"es-ES\",\"publisher\":{\"@id\":\"https:\\\/\\\/www.eldigitaldeasturias.com\\\/noticias\\\/#organization\"}}]}\n\t\t<\/script>\n\t\t<!-- All in One SEO Pro -->\r\n\t\t<title>El Principado incrementa las ayudas a la incorporaci\u00f3n de j\u00f3venes a la actividad agropecuaria - El Digital de Asturias<\/title>\n\n","aioseo_head_json":{"title":"El Principado incrementa las ayudas a la incorporaci\u00f3n de j\u00f3venes a la actividad agropecuaria - El Digital de Asturias","description":"La Consejer\u00eda asturiana de Medio Rural y Cohesi\u00f3n Territorial ha modificado las bases de las convocatorias de ayudas a la incorporaci\u00f3n de j\u00f3venes agricultores","canonical_url":"https:\/\/www.eldigitaldeasturias.com\/noticias\/el-principado-incrementa-las-ayudas-a-la-incorporacion-de-jovenes-a-la-actividad-agropecuaria\/","robots":"max-image-preview:large","keywords":"actualidad asturias","webmasterTools":{"google-site-verification":"UA-38556648-1","msvalidate.01":"7dfe9f3f1b24437ab69f4f2559babe99","miscellaneous":""},"schema":{"@context":"https:\/\/schema.org","@graph":[{"@type":"BlogPosting","@id":"https:\/\/www.eldigitaldeasturias.com\/noticias\/el-principado-incrementa-las-ayudas-a-la-incorporacion-de-jovenes-a-la-actividad-agropecuaria\/#blogposting","name":"El Principado incrementa las ayudas a la incorporaci\u00f3n de j\u00f3venes a la actividad agropecuaria - El Digital de Asturias","headline":"El Principado incrementa las ayudas a la incorporaci\u00f3n de j\u00f3venes a la actividad agropecuaria","author":{"@id":"https:\/\/www.eldigitaldeasturias.com\/noticias\/author\/admin\/#author"},"publisher":{"@id":"https:\/\/www.eldigitaldeasturias.com\/noticias\/#organization"},"image":{"@type":"ImageObject","url":1094279},"datePublished":"2021-06-22T18:27:43+02:00","dateModified":"2021-06-22T18:27:43+02:00","inLanguage":"es-ES","mainEntityOfPage":{"@id":"https:\/\/www.eldigitaldeasturias.com\/noticias\/el-principado-incrementa-las-ayudas-a-la-incorporacion-de-jovenes-a-la-actividad-agropecuaria\/#webpage"},"isPartOf":{"@id":"https:\/\/www.eldigitaldeasturias.com\/noticias\/el-principado-incrementa-las-ayudas-a-la-incorporacion-de-jovenes-a-la-actividad-agropecuaria\/#webpage"},"articleSection":"Actualidad Asturias"},{"@type":"BreadcrumbList","@id":"https:\/\/www.eldigitaldeasturias.com\/noticias\/el-principado-incrementa-las-ayudas-a-la-incorporacion-de-jovenes-a-la-actividad-agropecuaria\/#breadcrumblist","itemListElement":[{"@type":"ListItem","@id":"https:\/\/www.eldigitaldeasturias.com\/noticias#listItem","position":1,"name":"Home","item":"https:\/\/www.eldigitaldeasturias.com\/noticias","nextItem":{"@type":"ListItem","@id":"https:\/\/www.eldigitaldeasturias.com\/noticias\/category\/actualidad-asturias\/#listItem","name":"Actualidad Asturias"}},{"@type":"ListItem","@id":"https:\/\/www.eldigitaldeasturias.com\/noticias\/category\/actualidad-asturias\/#listItem","position":2,"name":"Actualidad Asturias","item":"https:\/\/www.eldigitaldeasturias.com\/noticias\/category\/actualidad-asturias\/","nextItem":{"@type":"ListItem","@id":"https:\/\/www.eldigitaldeasturias.com\/noticias\/el-principado-incrementa-las-ayudas-a-la-incorporacion-de-jovenes-a-la-actividad-agropecuaria\/#listItem","name":"El Principado incrementa las ayudas a la incorporaci\u00f3n de j\u00f3venes a la actividad agropecuaria"},"previousItem":{"@type":"ListItem","@id":"https:\/\/www.eldigitaldeasturias.com\/noticias#listItem","name":"Home"}},{"@type":"ListItem","@id":"https:\/\/www.eldigitaldeasturias.com\/noticias\/el-principado-incrementa-las-ayudas-a-la-incorporacion-de-jovenes-a-la-actividad-agropecuaria\/#listItem","position":3,"name":"El Principado incrementa las ayudas a la incorporaci\u00f3n de j\u00f3venes a la actividad agropecuaria","previousItem":{"@type":"ListItem","@id":"https:\/\/www.eldigitaldeasturias.com\/noticias\/category\/actualidad-asturias\/#listItem","name":"Actualidad Asturias"}}]},{"@type":"Organization","@id":"https:\/\/www.eldigitaldeasturias.com\/noticias\/#organization","name":"El Digital de Asturias","description":"Hemeroteca","url":"https:\/\/www.eldigitaldeasturias.com\/noticias\/","email":"info@eldigitaldeasturias.com","telephone":"+34652131393","logo":{"@type":"ImageObject","url":"https:\/\/www.eldigitaldeasturias.com\/noticias\/wp-content\/uploads\/2020\/12\/EDA.jpg","@id":"https:\/\/www.eldigitaldeasturias.com\/noticias\/el-principado-incrementa-las-ayudas-a-la-incorporacion-de-jovenes-a-la-actividad-agropecuaria\/#organizationLogo"},"image":{"@id":"https:\/\/www.eldigitaldeasturias.com\/noticias\/el-principado-incrementa-las-ayudas-a-la-incorporacion-de-jovenes-a-la-actividad-agropecuaria\/#organizationLogo"},"sameAs":["https:\/\/facebook.com\/eldigitaldeasturias","https:\/\/www.youtube.com\/channel\/UCZP-2wLEB9Rv6erhFmqVnvg"],"address":{"@id":"https:\/\/www.eldigitaldeasturias.com\/noticias\/#postaladdress","@type":"PostalAddress","streetAddress":"san antonio 4","postalCode":"33430","addressLocality":"Cand\u00e1s","addressRegion":"Asturias","addressCountry":"ES"}},{"@type":"Person","@id":"https:\/\/www.eldigitaldeasturias.com\/noticias\/author\/admin\/#author","url":"https:\/\/www.eldigitaldeasturias.com\/noticias\/author\/admin\/","name":"El Digital de Asturias","image":{"@type":"ImageObject","@id":"https:\/\/www.eldigitaldeasturias.com\/noticias\/el-principado-incrementa-las-ayudas-a-la-incorporacion-de-jovenes-a-la-actividad-agropecuaria\/#authorImage","url":"https:\/\/secure.gravatar.com\/avatar\/df2aeffc32bcd13f8d26072ef8a91b623d677766deac7f97ca815868cd41bf5e?s=96&d=mm&r=g","width":96,"height":96,"caption":"El Digital de Asturias"}},{"@type":"WebPage","@id":"https:\/\/www.eldigitaldeasturias.com\/noticias\/el-principado-incrementa-las-ayudas-a-la-incorporacion-de-jovenes-a-la-actividad-agropecuaria\/#webpage","url":"https:\/\/www.eldigitaldeasturias.com\/noticias\/el-principado-incrementa-las-ayudas-a-la-incorporacion-de-jovenes-a-la-actividad-agropecuaria\/","name":"El Principado incrementa las ayudas a la incorporaci\u00f3n de j\u00f3venes a la actividad agropecuaria - El Digital de Asturias","description":"La Consejer\u00eda asturiana de Medio Rural y Cohesi\u00f3n Territorial ha modificado las bases de las convocatorias de ayudas a la incorporaci\u00f3n de j\u00f3venes agricultores","inLanguage":"es-ES","isPartOf":{"@id":"https:\/\/www.eldigitaldeasturias.com\/noticias\/#website"},"breadcrumb":{"@id":"https:\/\/www.eldigitaldeasturias.com\/noticias\/el-principado-incrementa-las-ayudas-a-la-incorporacion-de-jovenes-a-la-actividad-agropecuaria\/#breadcrumblist"},"author":{"@id":"https:\/\/www.eldigitaldeasturias.com\/noticias\/author\/admin\/#author"},"creator":{"@id":"https:\/\/www.eldigitaldeasturias.com\/noticias\/author\/admin\/#author"},"image":{"@type":"ImageObject","url":1094279,"@id":"https:\/\/www.eldigitaldeasturias.com\/noticias\/el-principado-incrementa-las-ayudas-a-la-incorporacion-de-jovenes-a-la-actividad-agropecuaria\/#mainImage"},"primaryImageOfPage":{"@id":"https:\/\/www.eldigitaldeasturias.com\/noticias\/el-principado-incrementa-las-ayudas-a-la-incorporacion-de-jovenes-a-la-actividad-agropecuaria\/#mainImage"},"datePublished":"2021-06-22T18:27:43+02:00","dateModified":"2021-06-22T18:27:43+02:00"},{"@type":"WebSite","@id":"https:\/\/www.eldigitaldeasturias.com\/noticias\/#website","url":"https:\/\/www.eldigitaldeasturias.com\/noticias\/","name":"El Digital de Asturias - Diario de actualidad y noticias","alternateName":"El Digital de Asturias - Diario de actualidad y noticias","description":"Hemeroteca","inLanguage":"es-ES","publisher":{"@id":"https:\/\/www.eldigitaldeasturias.com\/noticias\/#organization"}}]},"og:locale":"es_ES","og:site_name":"El Digital de Asturias","og:type":"article","og:title":"El Principado incrementa las ayudas a la incorporaci\u00f3n de j\u00f3venes a la actividad agropecuaria - El Digital de Asturias","og:description":"La Consejer\u00eda asturiana de Medio Rural y Cohesi\u00f3n Territorial ha modificado las bases de las convocatorias de ayudas a la incorporaci\u00f3n de j\u00f3venes agricultores","og:url":"https:\/\/www.eldigitaldeasturias.com\/noticias\/el-principado-incrementa-las-ayudas-a-la-incorporacion-de-jovenes-a-la-actividad-agropecuaria\/","article:tag":["actualidad asturias"],"article:published_time":"2021-06-22T17:27:43+00:00","article:modified_time":"2021-06-22T17:27:43+00:00","article:publisher":"https:\/\/facebook.com\/eldigitaldeasturias","twitter:card":"summary_large_image","twitter:title":"El Principado incrementa las ayudas a la incorporaci\u00f3n de j\u00f3venes a la actividad agropecuaria - El Digital de Asturias","twitter:description":"La Consejer\u00eda asturiana de Medio Rural y Cohesi\u00f3n Territorial ha modificado las bases de las convocatorias de ayudas a la incorporaci\u00f3n de j\u00f3venes agricultores","twitter:image":"https:\/\/www.eldigitaldeasturias.com\/noticias\/wp-content\/uploads\/2020\/12\/EDA-1.jpg","twitter:label1":"Escrito por","twitter:data1":"El Digital de Asturias","twitter:label2":"Tiempo de lectura estimado","twitter:data2":"3 minutos"},"aioseo_meta_data":{"post_id":"1094278","title":null,"description":"La Consejer\u00eda asturiana de Medio Rural y Cohesi\u00f3n Territorial ha modificado las bases de las convocatorias de ayudas a la incorporaci\u00f3n de j\u00f3venes agricultores","keywords":[],"keyphrases":{"focus":{"keyphrase":"Consejer\u00eda asturiana","score":73,"analysis":{"keyphraseInTitle":{"title":"Frase clave objetivo en el t\u00edtulo SEO","description":"Frase clave objetivo no se encuentra en el t\u00edtulo SEO.","score":3,"maxScore":9,"error":1},"keyphraseInDescription":{"title":"Frase clave objetivo en la meta descripci\u00f3n","description":"Frase clave objetivo encontrada en la meta descripci\u00f3n.","score":9,"maxScore":9,"error":0},"keyphraseInURL":[],"keyphraseLength":{"title":"Longitud de la Frase clave objetivo","description":"\u00a1Buen trabajo!","score":9,"maxScore":9,"error":0,"length":2},"keyphraseInIntroduction":{"title":"Frase clave objetivo en la introducci\u00f3n","description":"Su Frase clave objetivo aparece en el primer p\u00e1rrafo. \u00a1Bien hecho!","score":9,"maxScore":9,"error":0},"keyphraseInSubHeadings":[],"keyphraseInImageAlt":{"title":"Frase clave objetivo en los atributos alt de la imagen.","description":"Frase clave objetivo no se encuentra en los atributos alt de la imagen. A\u00f1ada una imagen con su Frase clave objetivo como texto alternativo.","score":3,"maxScore":9,"error":1}}},"additional":[{"keyphrase":"agricultores","score":83,"analysis":{"keyphraseInDescription":{"title":"Frase clave en la meta descripci\u00f3n","description":"Frase clave encontrada en la meta descripci\u00f3n.","score":9,"maxScore":9,"error":0},"keyphraseLength":{"title":"Longitud de la Frase clave","description":"\u00a1Buen trabajo!","score":9,"maxScore":9,"error":0,"length":1},"keyphraseInIntroduction":{"title":"Frase clave en la introducci\u00f3n","description":"Su Frase clave aparece en el primer p\u00e1rrafo. \u00a1Bien hecho!","score":9,"maxScore":9,"error":0},"keyphraseInImageAlt":{"title":"Frase clave en los atributos alt de la imagen.","description":"Frase clave no se encuentra en los atributos alt de la imagen. A\u00f1ada una imagen con su Frase clave como texto alternativo.","score":3,"maxScore":9,"error":1}}},{"keyphrase":"convocatorias de ayudas","score":83,"analysis":{"keyphraseInDescription":{"title":"Frase clave en la meta descripci\u00f3n","description":"Frase clave encontrada en la meta descripci\u00f3n.","score":9,"maxScore":9,"error":0},"keyphraseLength":{"title":"Longitud de la Frase clave","description":"\u00a1Buen trabajo!","score":9,"maxScore":9,"error":0,"length":3},"keyphraseInIntroduction":{"title":"Frase clave en la introducci\u00f3n","description":"Su Frase clave aparece en el primer p\u00e1rrafo. \u00a1Bien hecho!","score":9,"maxScore":9,"error":0},"keyphraseInImageAlt":{"title":"Frase clave en los atributos alt de la imagen.","description":"Frase clave no se encuentra en los atributos alt de la imagen. A\u00f1ada una imagen con su Frase clave como texto alternativo.","score":3,"maxScore":9,"error":1}}}]},"primary_term":null,"canonical_url":null,"og_title":null,"og_description":null,"og_object_type":"default","og_image_type":"default","og_image_url":null,"og_image_width":null,"og_image_height":null,"og_image_custom_url":null,"og_image_custom_fields":null,"og_video":"","og_custom_url":null,"og_article_section":null,"og_article_tags":[],"twitter_use_og":false,"twitter_card":"default","twitter_image_type":"default","twitter_image_url":null,"twitter_image_custom_url":null,"twitter_image_custom_fields":null,"twitter_title":null,"twitter_description":null,"schema":{"blockGraphs":[],"customGraphs":[],"default":{"data":{"Article":[],"Course":[],"Dataset":[],"FAQPage":[],"Movie":[],"Person":[],"Product":[],"ProductReview":[],"Car":[],"Recipe":[],"Service":[],"SoftwareApplication":[],"WebPage":[]},"graphName":"","isEnabled":true},"graphs":[],"defaultGraph":"Article","defaultPostTypeGraph":""},"schema_type":"default","schema_type_options":"{\"article\":{\"articleType\":\"BlogPosting\"},\"course\":{\"name\":\"\",\"description\":\"\",\"provider\":\"\"},\"faq\":{\"pages\":[]},\"product\":{\"reviews\":[]},\"recipe\":{\"ingredients\":[],\"instructions\":[],\"keywords\":[]},\"software\":{\"reviews\":[],\"operatingSystems\":[]},\"webPage\":{\"webPageType\":\"WebPage\"}}","pillar_content":false,"robots_default":true,"robots_noindex":false,"robots_noarchive":false,"robots_nosnippet":false,"robots_nofollow":false,"robots_noimageindex":false,"robots_noodp":false,"robots_notranslate":false,"robots_max_snippet":"-1","robots_max_videopreview":"-1","robots_max_imagepreview":"large","priority":null,"frequency":"default","local_seo":{"locations":{"business":{"name":"","businessType":"","image":"","areaServed":"","urls":{"website":"","aboutPage":"","contactPage":""},"address":{"streetLine1":"","streetLine2":"","zipCode":"","city":"","state":"","country":"","addressFormat":"#streetLineOne\n#streetLineTwo\n#city, #state #zipCode"},"contact":{"email":"","phone":"","phoneFormatted":"","fax":"","faxFormatted":""},"ids":{"vat":"","tax":"","chamberOfCommerce":""},"payment":{"priceRange":"","currenciesAccepted":"","methods":""}}},"openingHours":{"useDefaults":true,"show":true,"alwaysOpen":false,"use24hFormat":false,"timezone":"","labels":{"closed":"","alwaysOpen":""},"days":{"monday":{"open24h":false,"closed":false,"openTime":"09:00","closeTime":"17:00"},"tuesday":{"open24h":false,"closed":false,"openTime":"09:00","closeTime":"17:00"},"wednesday":{"open24h":false,"closed":false,"openTime":"09:00","closeTime":"17:00"},"thursday":{"open24h":false,"closed":false,"openTime":"09:00","closeTime":"17:00"},"friday":{"open24h":false,"closed":false,"openTime":"09:00","closeTime":"17:00"},"saturday":{"open24h":false,"closed":false,"openTime":"09:00","closeTime":"17:00"},"sunday":{"open24h":false,"closed":false,"openTime":"09:00","closeTime":"17:00"}}}},"seo_analyzer_scan_date":"2026-07-19 22:09:55","breadcrumb_settings":null,"limit_modified_date":false,"open_ai":null,"ai":null,"created":"2021-06-22 17:22:34","updated":"2026-07-19 22:09:55","focus_keyword":"Consejer\u00eda asturiana","additional_keywords":[{"word":"agricultores","score":83},{"word":"convocatorias de ayudas","score":83}],"truseo_locale":null},"aioseo_breadcrumb":"<div class=\"aioseo-breadcrumbs\"><span class=\"aioseo-breadcrumb\">\n\t<a href=\"https:\/\/www.eldigitaldeasturias.com\/noticias\" title=\"Home\">Home<\/a>\n<\/span><span class=\"aioseo-breadcrumb-separator\">\u2013<\/span><span class=\"aioseo-breadcrumb\">\n\t<a href=\"https:\/\/www.eldigitaldeasturias.com\/noticias\/category\/actualidad-asturias\/\" title=\"Actualidad Asturias\">Actualidad Asturias<\/a>\n<\/span><span class=\"aioseo-breadcrumb-separator\">\u2013<\/span><span class=\"aioseo-breadcrumb\">\n\t<a href=\"https:\/\/www.eldigitaldeasturias.com\/noticias\/el-principado-incrementa-las-ayudas-a-la-incorporacion-de-jovenes-a-la-actividad-agropecuaria\/\" title=\"El Principado incrementa las ayudas a la incorporaci\u00f3n de j\u00f3venes a la actividad agropecuaria\">El Principado incrementa las ayudas a la incorporaci\u00f3n de j\u00f3venes a la actividad agropecuaria<\/a>\n<\/span><\/div>","aioseo_breadcrumb_json":[{"label":"Home","link":"https:\/\/www.eldigitaldeasturias.com\/noticias"},{"label":"Actualidad Asturias","link":"https:\/\/www.eldigitaldeasturias.com\/noticias\/category\/actualidad-asturias\/"},{"label":"El Principado incrementa las ayudas a la incorporaci\u00f3n de j\u00f3venes a la actividad agropecuaria","link":"https:\/\/www.eldigitaldeasturias.com\/noticias\/el-principado-incrementa-las-ayudas-a-la-incorporacion-de-jovenes-a-la-actividad-agropecuaria\/"}],"_links":{"self":[{"href":"https:\/\/www.eldigitaldeasturias.com\/noticias\/wp-json\/wp\/v2\/posts\/1094278","targetHints":{"allow":["GET"]}}],"collection":[{"href":"https:\/\/www.eldigitaldeasturias.com\/noticias\/wp-json\/wp\/v2\/posts"}],"about":[{"href":"https:\/\/www.eldigitaldeasturias.com\/noticias\/wp-json\/wp\/v2\/types\/post"}],"author":[{"embeddable":true,"href":"https:\/\/www.eldigitaldeasturias.com\/noticias\/wp-json\/wp\/v2\/users\/1"}],"replies":[{"embeddable":true,"href":"https:\/\/www.eldigitaldeasturias.com\/noticias\/wp-json\/wp\/v2\/comments?post=1094278"}],"version-history":[{"count":0,"href":"https:\/\/www.eldigitaldeasturias.com\/noticias\/wp-json\/wp\/v2\/posts\/1094278\/revisions"}],"wp:attachment":[{"href":"https:\/\/www.eldigitaldeasturias.com\/noticias\/wp-json\/wp\/v2\/media?parent=1094278"}],"wp:term":[{"taxonomy":"category","embeddable":true,"href":"https:\/\/www.eldigitaldeasturias.com\/noticias\/wp-json\/wp\/v2\/categories?post=1094278"},{"taxonomy":"post_tag","embeddable":true,"href":"https:\/\/www.eldigitaldeasturias.com\/noticias\/wp-json\/wp\/v2\/tags?post=1094278"}],"curies":[{"name":"wp","href":"https:\/\/api.w.org\/{rel}","templated":true}]}}