{"id":1094274,"date":"2021-06-22T18:20:54","date_gmt":"2021-06-22T17:20:54","guid":{"rendered":"https:\/\/www.eldigitaldeasturias.com\/noticias\/?p=1094274"},"modified":"2021-06-22T18:21:34","modified_gmt":"2021-06-22T17:21:34","slug":"asturias-apoyara-la-creacion-de-empleo-y-la-innovacion-en-el-sector-pesquero","status":"publish","type":"post","link":"https:\/\/www.eldigitaldeasturias.com\/noticias\/asturias-apoyara-la-creacion-de-empleo-y-la-innovacion-en-el-sector-pesquero\/","title":{"rendered":"Asturias apoyar\u00e1 la creaci\u00f3n de empleo y la innovaci\u00f3n en el sector pesquero"},"content":{"rendered":"<p><img loading=\"lazy\" decoding=\"async\" class=\"alignleft size-medium wp-image-1039575\" src=\"https:\/\/www.eldigitaldeasturias.com\/noticias\/wp-content\/uploads\/2019\/09\/fishing-nets-2329659_960_720-360x238.jpg\" alt=\"\" width=\"360\" height=\"238\" \/>La Consejer\u00eda asturiana de Medio Rural y Cohesi\u00f3n Territorial ha convocado ayudas por 569.011 euros para el desarrollo de acciones que fomenten la creaci\u00f3n de empleo y la innovaci\u00f3n en el sector pesquero. Se trata de tres convocatorias de l\u00edneas de apoyo que est\u00e1n cofinanciadas por la Uni\u00f3n Europea (UE) a trav\u00e9s del Fondo Europeo Mar\u00edtimo y de la Pesca (Femp).<\/p>\n<p>Los fondos financian las estrategias de desarrollo local participativo (Galp), que se canalizan a trav\u00e9s de los siete grupos de acci\u00f3n local de pesca del Principado. Est\u00e1n dirigidas a entidades locales, privadas y sin \u00e1nimo de lucro para impulsar proyectos que cumplan los siguientes objetivos:<\/p>\n<ul>\n<li>Aumento del valor, creaci\u00f3n de empleo, atracci\u00f3n de j\u00f3venes y promoci\u00f3n de la innovaci\u00f3n en todas las fases de la cadena de suministro de los productos de la pesca y la acuicultura.<\/li>\n<li>Apoyo a la diversificaci\u00f3n dentro o fuera del sector comercial, al aprendizaje permanente y a la creaci\u00f3n de empleo en zonas pesqueras y acu\u00edcolas.<\/li>\n<li>&#8211; Impulso y aprovechamiento del patrimonio medioambiental de las zonas pesqueras y acu\u00edcolas, incluidas las operaciones de mitigaci\u00f3n del cambio clim\u00e1tico.<\/li>\n<li>Fomento del bienestar social y del patrimonio cultural de las zonas pesqueras y acu\u00edcolas, incluido el patrimonio cultural pesquero, acu\u00edcola y mar\u00edtimo.<\/li>\n<li>Refuerzo del papel de las comunidades pesqueras en el desarrollo local y de la gobernanza de los recursos pesqueros y actividades mar\u00edtimas locales.<\/li>\n<\/ul>\n<p>La distribuci\u00f3n de la cuant\u00eda total de las tres convocatorias, por entidades y a\u00f1o, es la siguiente:<\/p>\n<table class=\"x_MsoNormalTable\" style=\"height: 278px;\" border=\"0\" width=\"581\" cellspacing=\"0\" cellpadding=\"0\" align=\"left\">\n<tbody>\n<tr>\n<td valign=\"top\" width=\"180\">\n<p class=\"x_MsoNormal\" align=\"center\"><b>ENTIDADES<\/b><\/p>\n<\/td>\n<td valign=\"top\" width=\"95\">\n<p class=\"x_MsoNormal\" align=\"center\"><b>2021<\/b><\/p>\n<\/td>\n<td valign=\"top\" width=\"104\">\n<p class=\"x_MsoNormal\" align=\"center\"><b>2022<\/b><\/p>\n<\/td>\n<td valign=\"top\" width=\"95\">\n<p class=\"x_MsoNormal\" align=\"center\"><b>Total<\/b><\/p>\n<\/td>\n<\/tr>\n<tr>\n<td valign=\"top\" width=\"180\">\n<p class=\"x_MsoNormal\">Privadas<\/p>\n<\/td>\n<td valign=\"top\" width=\"95\">\n<p class=\"x_MsoNormal\">41.581,00<\/p>\n<\/td>\n<td valign=\"top\" width=\"104\">\n<p class=\"x_MsoNormal\">151.823,38<\/p>\n<\/td>\n<td valign=\"top\" width=\"95\">\n<p class=\"x_MsoNormal\">193.404,38<\/p>\n<\/td>\n<\/tr>\n<tr>\n<td valign=\"top\" width=\"180\">\n<p class=\"x_MsoNormal\">Locales<\/p>\n<\/td>\n<td valign=\"top\" width=\"95\">\n<p class=\"x_MsoNormal\">22.247,00<\/p>\n<\/td>\n<td valign=\"top\" width=\"104\">\n<p class=\"x_MsoNormal\">126.715,88<\/p>\n<\/td>\n<td valign=\"top\" width=\"95\">\n<p class=\"x_MsoNormal\">148.962,88<\/p>\n<\/td>\n<\/tr>\n<tr>\n<td valign=\"top\" width=\"180\">\n<p class=\"x_MsoNormal\">Sin \u00e1nimo de Lucro<\/p>\n<\/td>\n<td valign=\"top\" width=\"95\">\n<p class=\"x_MsoNormal\">47.083,72<\/p>\n<\/td>\n<td valign=\"top\" width=\"104\">\n<p class=\"x_MsoNormal\">179.560,74<\/p>\n<\/td>\n<td valign=\"top\" width=\"95\">\n<p class=\"x_MsoNormal\">226.644,46<\/p>\n<\/td>\n<\/tr>\n<tr>\n<td valign=\"top\" width=\"180\">\n<p class=\"x_MsoNormal\" align=\"right\"><b>Total<\/b><\/p>\n<\/td>\n<td valign=\"top\" width=\"95\">\n<p class=\"x_MsoNormal\"><b>110.911,72<\/b><b><\/b><\/p>\n<\/td>\n<td valign=\"top\" width=\"104\">\n<p class=\"x_MsoNormal\"><b>458.100,00<\/b><b><\/b><\/p>\n<\/td>\n<td valign=\"top\" width=\"95\">\n<p class=\"x_MsoNormal\"><b>569.011,72<\/b><\/p>\n<\/td>\n<\/tr>\n<\/tbody>\n<\/table>\n<p>&nbsp;<\/p>\n<p>Desde 2016 se han concedido 2.436.193 euros en subvenciones de este tipo que han favorecido la puesta en marcha de iniciativas singulares de diversificaci\u00f3n pesquera, la restauraci\u00f3n de elementos del patrimonio marinero o la incorporaci\u00f3n de sistemas de energ\u00eda renovables en lonjas de la regi\u00f3n.<\/p>\n<p>&nbsp;<\/p>\n","protected":false},"excerpt":{"rendered":"<p>La Consejer\u00eda asturiana de Medio Rural y Cohesi\u00f3n Territorial ha convocado ayudas por 569.011 euros para el desarrollo de acciones que fomenten la creaci\u00f3n de empleo y la innovaci\u00f3n en el sector pesquero. Se trata de tres convocatorias de l\u00edneas de apoyo que est\u00e1n cofinanciadas por la Uni\u00f3n Europea (UE) a trav\u00e9s del Fondo Europeo [&hellip;]<\/p>\n","protected":false},"author":1,"featured_media":1039575,"comment_status":"closed","ping_status":"closed","sticky":false,"template":"","format":"standard","meta":{"footnotes":""},"categories":[12],"tags":[],"class_list":["post-1094274","post","type-post","status-publish","format-standard","has-post-thumbnail","hentry","category-actualidad-asturias"],"aioseo_notices":[],"aioseo_head":"\n\t\t<!-- All in One SEO Pro 5.0.1 - aioseo.com -->\n\t<meta name=\"description\" content=\"La Consejer\u00eda asturiana de Medio Rural y Cohesi\u00f3n Territorial ha convocado ayudas por 569.011 euros para el desarrollo de acciones que fomenten la creaci\u00f3n de empleo\" \/>\n\t<meta name=\"robots\" content=\"max-image-preview:large\" \/>\n\t<meta name=\"author\" content=\"El Digital de Asturias\"\/>\n\t<meta name=\"google-site-verification\" content=\"UA-38556648-1\" \/>\n\t<meta name=\"msvalidate.01\" content=\"7dfe9f3f1b24437ab69f4f2559babe99\" \/>\n\t<meta name=\"keywords\" content=\"actualidad asturias\" \/>\n\t<link rel=\"canonical\" href=\"https:\/\/www.eldigitaldeasturias.com\/noticias\/asturias-apoyara-la-creacion-de-empleo-y-la-innovacion-en-el-sector-pesquero\/\" \/>\n\t<meta name=\"generator\" content=\"All in One SEO Pro (AIOSEO) 5.0.1\" \/>\n\t\t<meta property=\"og:locale\" content=\"es_ES\" \/>\n\t\t<meta property=\"og:site_name\" content=\"El Digital de Asturias\" \/>\n\t\t<meta property=\"og:type\" content=\"article\" \/>\n\t\t<meta property=\"og:title\" content=\"Asturias apoyar\u00e1 la creaci\u00f3n de empleo y la innovaci\u00f3n en el sector pesquero - El Digital de Asturias\" \/>\n\t\t<meta property=\"og:description\" content=\"La Consejer\u00eda asturiana de Medio Rural y Cohesi\u00f3n Territorial ha convocado ayudas por 569.011 euros para el desarrollo de acciones que fomenten la creaci\u00f3n de empleo\" \/>\n\t\t<meta property=\"og:url\" content=\"https:\/\/www.eldigitaldeasturias.com\/noticias\/asturias-apoyara-la-creacion-de-empleo-y-la-innovacion-en-el-sector-pesquero\/\" \/>\n\t\t<meta property=\"article:tag\" content=\"actualidad asturias\" \/>\n\t\t<meta property=\"article:published_time\" content=\"2021-06-22T17:20:54+00:00\" \/>\n\t\t<meta property=\"article:modified_time\" content=\"2021-06-22T17:21:34+00:00\" \/>\n\t\t<meta property=\"article:publisher\" content=\"https:\/\/facebook.com\/eldigitaldeasturias\" \/>\n\t\t<meta name=\"twitter:card\" content=\"summary_large_image\" \/>\n\t\t<meta name=\"twitter:title\" content=\"Asturias apoyar\u00e1 la creaci\u00f3n de empleo y la innovaci\u00f3n en el sector pesquero - El Digital de Asturias\" \/>\n\t\t<meta name=\"twitter:description\" content=\"La Consejer\u00eda asturiana de Medio Rural y Cohesi\u00f3n Territorial ha convocado ayudas por 569.011 euros para el desarrollo de acciones que fomenten la creaci\u00f3n de empleo\" \/>\n\t\t<meta name=\"twitter:image\" content=\"https:\/\/www.eldigitaldeasturias.com\/noticias\/wp-content\/uploads\/2020\/12\/EDA-1.jpg\" \/>\n\t\t<meta name=\"twitter:label1\" content=\"Escrito por\" \/>\n\t\t<meta name=\"twitter:data1\" content=\"El Digital de Asturias\" \/>\n\t\t<meta name=\"twitter:label2\" content=\"Tiempo de lectura estimado\" \/>\n\t\t<meta name=\"twitter:data2\" content=\"2 minutos\" \/>\n\t\t<script type=\"application\/ld+json\" class=\"aioseo-schema\">\n\t\t\t{\"@context\":\"https:\\\/\\\/schema.org\",\"@graph\":[{\"@type\":\"BlogPosting\",\"@id\":\"https:\\\/\\\/www.eldigitaldeasturias.com\\\/noticias\\\/asturias-apoyara-la-creacion-de-empleo-y-la-innovacion-en-el-sector-pesquero\\\/#blogposting\",\"name\":\"Asturias apoyar\\u00e1 la creaci\\u00f3n de empleo y la innovaci\\u00f3n en el sector pesquero - El Digital de Asturias\",\"headline\":\"Asturias apoyar\\u00e1 la creaci\\u00f3n de empleo y la innovaci\\u00f3n en el sector pesquero\",\"author\":{\"@id\":\"https:\\\/\\\/www.eldigitaldeasturias.com\\\/noticias\\\/author\\\/admin\\\/#author\"},\"publisher\":{\"@id\":\"https:\\\/\\\/www.eldigitaldeasturias.com\\\/noticias\\\/#organization\"},\"image\":{\"@type\":\"ImageObject\",\"url\":1039575},\"datePublished\":\"2021-06-22T18:20:54+02:00\",\"dateModified\":\"2021-06-22T18:21:34+02:00\",\"inLanguage\":\"es-ES\",\"mainEntityOfPage\":{\"@id\":\"https:\\\/\\\/www.eldigitaldeasturias.com\\\/noticias\\\/asturias-apoyara-la-creacion-de-empleo-y-la-innovacion-en-el-sector-pesquero\\\/#webpage\"},\"isPartOf\":{\"@id\":\"https:\\\/\\\/www.eldigitaldeasturias.com\\\/noticias\\\/asturias-apoyara-la-creacion-de-empleo-y-la-innovacion-en-el-sector-pesquero\\\/#webpage\"},\"articleSection\":\"Actualidad Asturias\"},{\"@type\":\"BreadcrumbList\",\"@id\":\"https:\\\/\\\/www.eldigitaldeasturias.com\\\/noticias\\\/asturias-apoyara-la-creacion-de-empleo-y-la-innovacion-en-el-sector-pesquero\\\/#breadcrumblist\",\"itemListElement\":[{\"@type\":\"ListItem\",\"@id\":\"https:\\\/\\\/www.eldigitaldeasturias.com\\\/noticias#listItem\",\"position\":1,\"name\":\"Home\",\"item\":\"https:\\\/\\\/www.eldigitaldeasturias.com\\\/noticias\",\"nextItem\":{\"@type\":\"ListItem\",\"@id\":\"https:\\\/\\\/www.eldigitaldeasturias.com\\\/noticias\\\/category\\\/actualidad-asturias\\\/#listItem\",\"name\":\"Actualidad Asturias\"}},{\"@type\":\"ListItem\",\"@id\":\"https:\\\/\\\/www.eldigitaldeasturias.com\\\/noticias\\\/category\\\/actualidad-asturias\\\/#listItem\",\"position\":2,\"name\":\"Actualidad Asturias\",\"item\":\"https:\\\/\\\/www.eldigitaldeasturias.com\\\/noticias\\\/category\\\/actualidad-asturias\\\/\",\"nextItem\":{\"@type\":\"ListItem\",\"@id\":\"https:\\\/\\\/www.eldigitaldeasturias.com\\\/noticias\\\/asturias-apoyara-la-creacion-de-empleo-y-la-innovacion-en-el-sector-pesquero\\\/#listItem\",\"name\":\"Asturias apoyar\\u00e1 la creaci\\u00f3n de empleo y la innovaci\\u00f3n en el sector pesquero\"},\"previousItem\":{\"@type\":\"ListItem\",\"@id\":\"https:\\\/\\\/www.eldigitaldeasturias.com\\\/noticias#listItem\",\"name\":\"Home\"}},{\"@type\":\"ListItem\",\"@id\":\"https:\\\/\\\/www.eldigitaldeasturias.com\\\/noticias\\\/asturias-apoyara-la-creacion-de-empleo-y-la-innovacion-en-el-sector-pesquero\\\/#listItem\",\"position\":3,\"name\":\"Asturias apoyar\\u00e1 la creaci\\u00f3n de empleo y la innovaci\\u00f3n en el sector pesquero\",\"previousItem\":{\"@type\":\"ListItem\",\"@id\":\"https:\\\/\\\/www.eldigitaldeasturias.com\\\/noticias\\\/category\\\/actualidad-asturias\\\/#listItem\",\"name\":\"Actualidad Asturias\"}}]},{\"@type\":\"Organization\",\"@id\":\"https:\\\/\\\/www.eldigitaldeasturias.com\\\/noticias\\\/#organization\",\"name\":\"El Digital de Asturias\",\"description\":\"Hemeroteca\",\"url\":\"https:\\\/\\\/www.eldigitaldeasturias.com\\\/noticias\\\/\",\"email\":\"info@eldigitaldeasturias.com\",\"telephone\":\"+34652131393\",\"logo\":{\"@type\":\"ImageObject\",\"url\":\"https:\\\/\\\/www.eldigitaldeasturias.com\\\/noticias\\\/wp-content\\\/uploads\\\/2020\\\/12\\\/EDA.jpg\",\"@id\":\"https:\\\/\\\/www.eldigitaldeasturias.com\\\/noticias\\\/asturias-apoyara-la-creacion-de-empleo-y-la-innovacion-en-el-sector-pesquero\\\/#organizationLogo\"},\"image\":{\"@id\":\"https:\\\/\\\/www.eldigitaldeasturias.com\\\/noticias\\\/asturias-apoyara-la-creacion-de-empleo-y-la-innovacion-en-el-sector-pesquero\\\/#organizationLogo\"},\"sameAs\":[\"https:\\\/\\\/facebook.com\\\/eldigitaldeasturias\",\"https:\\\/\\\/www.youtube.com\\\/channel\\\/UCZP-2wLEB9Rv6erhFmqVnvg\"],\"address\":{\"@id\":\"https:\\\/\\\/www.eldigitaldeasturias.com\\\/noticias\\\/#postaladdress\",\"@type\":\"PostalAddress\",\"streetAddress\":\"san antonio 4\",\"postalCode\":\"33430\",\"addressLocality\":\"Cand\\u00e1s\",\"addressRegion\":\"Asturias\",\"addressCountry\":\"ES\"}},{\"@type\":\"Person\",\"@id\":\"https:\\\/\\\/www.eldigitaldeasturias.com\\\/noticias\\\/author\\\/admin\\\/#author\",\"url\":\"https:\\\/\\\/www.eldigitaldeasturias.com\\\/noticias\\\/author\\\/admin\\\/\",\"name\":\"El Digital de Asturias\",\"image\":{\"@type\":\"ImageObject\",\"@id\":\"https:\\\/\\\/www.eldigitaldeasturias.com\\\/noticias\\\/asturias-apoyara-la-creacion-de-empleo-y-la-innovacion-en-el-sector-pesquero\\\/#authorImage\",\"url\":\"https:\\\/\\\/secure.gravatar.com\\\/avatar\\\/df2aeffc32bcd13f8d26072ef8a91b623d677766deac7f97ca815868cd41bf5e?s=96&d=mm&r=g\",\"width\":96,\"height\":96,\"caption\":\"El Digital de Asturias\"}},{\"@type\":\"WebPage\",\"@id\":\"https:\\\/\\\/www.eldigitaldeasturias.com\\\/noticias\\\/asturias-apoyara-la-creacion-de-empleo-y-la-innovacion-en-el-sector-pesquero\\\/#webpage\",\"url\":\"https:\\\/\\\/www.eldigitaldeasturias.com\\\/noticias\\\/asturias-apoyara-la-creacion-de-empleo-y-la-innovacion-en-el-sector-pesquero\\\/\",\"name\":\"Asturias apoyar\\u00e1 la creaci\\u00f3n de empleo y la innovaci\\u00f3n en el sector pesquero - El Digital de Asturias\",\"description\":\"La Consejer\\u00eda asturiana de Medio Rural y Cohesi\\u00f3n Territorial ha convocado ayudas por 569.011 euros para el desarrollo de acciones que fomenten la creaci\\u00f3n de empleo\",\"inLanguage\":\"es-ES\",\"isPartOf\":{\"@id\":\"https:\\\/\\\/www.eldigitaldeasturias.com\\\/noticias\\\/#website\"},\"breadcrumb\":{\"@id\":\"https:\\\/\\\/www.eldigitaldeasturias.com\\\/noticias\\\/asturias-apoyara-la-creacion-de-empleo-y-la-innovacion-en-el-sector-pesquero\\\/#breadcrumblist\"},\"author\":{\"@id\":\"https:\\\/\\\/www.eldigitaldeasturias.com\\\/noticias\\\/author\\\/admin\\\/#author\"},\"creator\":{\"@id\":\"https:\\\/\\\/www.eldigitaldeasturias.com\\\/noticias\\\/author\\\/admin\\\/#author\"},\"image\":{\"@type\":\"ImageObject\",\"url\":1039575,\"@id\":\"https:\\\/\\\/www.eldigitaldeasturias.com\\\/noticias\\\/asturias-apoyara-la-creacion-de-empleo-y-la-innovacion-en-el-sector-pesquero\\\/#mainImage\"},\"primaryImageOfPage\":{\"@id\":\"https:\\\/\\\/www.eldigitaldeasturias.com\\\/noticias\\\/asturias-apoyara-la-creacion-de-empleo-y-la-innovacion-en-el-sector-pesquero\\\/#mainImage\"},\"datePublished\":\"2021-06-22T18:20:54+02:00\",\"dateModified\":\"2021-06-22T18:21:34+02:00\"},{\"@type\":\"WebSite\",\"@id\":\"https:\\\/\\\/www.eldigitaldeasturias.com\\\/noticias\\\/#website\",\"url\":\"https:\\\/\\\/www.eldigitaldeasturias.com\\\/noticias\\\/\",\"name\":\"El Digital de Asturias - Diario de actualidad y noticias\",\"alternateName\":\"El Digital de Asturias - Diario de actualidad y noticias\",\"description\":\"Hemeroteca\",\"inLanguage\":\"es-ES\",\"publisher\":{\"@id\":\"https:\\\/\\\/www.eldigitaldeasturias.com\\\/noticias\\\/#organization\"}}]}\n\t\t<\/script>\n\t\t<!-- All in One SEO Pro -->\r\n\t\t<title>Asturias apoyar\u00e1 la creaci\u00f3n de empleo y la innovaci\u00f3n en el sector pesquero - El Digital de Asturias<\/title>\n\n","aioseo_head_json":{"title":"Asturias apoyar\u00e1 la creaci\u00f3n de empleo y la innovaci\u00f3n en el sector pesquero - El Digital de Asturias","description":"La Consejer\u00eda asturiana de Medio Rural y Cohesi\u00f3n Territorial ha convocado ayudas por 569.011 euros para el desarrollo de acciones que fomenten la creaci\u00f3n de empleo","canonical_url":"https:\/\/www.eldigitaldeasturias.com\/noticias\/asturias-apoyara-la-creacion-de-empleo-y-la-innovacion-en-el-sector-pesquero\/","robots":"max-image-preview:large","keywords":"actualidad asturias","webmasterTools":{"google-site-verification":"UA-38556648-1","msvalidate.01":"7dfe9f3f1b24437ab69f4f2559babe99","miscellaneous":""},"schema":{"@context":"https:\/\/schema.org","@graph":[{"@type":"BlogPosting","@id":"https:\/\/www.eldigitaldeasturias.com\/noticias\/asturias-apoyara-la-creacion-de-empleo-y-la-innovacion-en-el-sector-pesquero\/#blogposting","name":"Asturias apoyar\u00e1 la creaci\u00f3n de empleo y la innovaci\u00f3n en el sector pesquero - El Digital de Asturias","headline":"Asturias apoyar\u00e1 la creaci\u00f3n de empleo y la innovaci\u00f3n en el sector pesquero","author":{"@id":"https:\/\/www.eldigitaldeasturias.com\/noticias\/author\/admin\/#author"},"publisher":{"@id":"https:\/\/www.eldigitaldeasturias.com\/noticias\/#organization"},"image":{"@type":"ImageObject","url":1039575},"datePublished":"2021-06-22T18:20:54+02:00","dateModified":"2021-06-22T18:21:34+02:00","inLanguage":"es-ES","mainEntityOfPage":{"@id":"https:\/\/www.eldigitaldeasturias.com\/noticias\/asturias-apoyara-la-creacion-de-empleo-y-la-innovacion-en-el-sector-pesquero\/#webpage"},"isPartOf":{"@id":"https:\/\/www.eldigitaldeasturias.com\/noticias\/asturias-apoyara-la-creacion-de-empleo-y-la-innovacion-en-el-sector-pesquero\/#webpage"},"articleSection":"Actualidad Asturias"},{"@type":"BreadcrumbList","@id":"https:\/\/www.eldigitaldeasturias.com\/noticias\/asturias-apoyara-la-creacion-de-empleo-y-la-innovacion-en-el-sector-pesquero\/#breadcrumblist","itemListElement":[{"@type":"ListItem","@id":"https:\/\/www.eldigitaldeasturias.com\/noticias#listItem","position":1,"name":"Home","item":"https:\/\/www.eldigitaldeasturias.com\/noticias","nextItem":{"@type":"ListItem","@id":"https:\/\/www.eldigitaldeasturias.com\/noticias\/category\/actualidad-asturias\/#listItem","name":"Actualidad Asturias"}},{"@type":"ListItem","@id":"https:\/\/www.eldigitaldeasturias.com\/noticias\/category\/actualidad-asturias\/#listItem","position":2,"name":"Actualidad Asturias","item":"https:\/\/www.eldigitaldeasturias.com\/noticias\/category\/actualidad-asturias\/","nextItem":{"@type":"ListItem","@id":"https:\/\/www.eldigitaldeasturias.com\/noticias\/asturias-apoyara-la-creacion-de-empleo-y-la-innovacion-en-el-sector-pesquero\/#listItem","name":"Asturias apoyar\u00e1 la creaci\u00f3n de empleo y la innovaci\u00f3n en el sector pesquero"},"previousItem":{"@type":"ListItem","@id":"https:\/\/www.eldigitaldeasturias.com\/noticias#listItem","name":"Home"}},{"@type":"ListItem","@id":"https:\/\/www.eldigitaldeasturias.com\/noticias\/asturias-apoyara-la-creacion-de-empleo-y-la-innovacion-en-el-sector-pesquero\/#listItem","position":3,"name":"Asturias apoyar\u00e1 la creaci\u00f3n de empleo y la innovaci\u00f3n en el sector pesquero","previousItem":{"@type":"ListItem","@id":"https:\/\/www.eldigitaldeasturias.com\/noticias\/category\/actualidad-asturias\/#listItem","name":"Actualidad Asturias"}}]},{"@type":"Organization","@id":"https:\/\/www.eldigitaldeasturias.com\/noticias\/#organization","name":"El Digital de Asturias","description":"Hemeroteca","url":"https:\/\/www.eldigitaldeasturias.com\/noticias\/","email":"info@eldigitaldeasturias.com","telephone":"+34652131393","logo":{"@type":"ImageObject","url":"https:\/\/www.eldigitaldeasturias.com\/noticias\/wp-content\/uploads\/2020\/12\/EDA.jpg","@id":"https:\/\/www.eldigitaldeasturias.com\/noticias\/asturias-apoyara-la-creacion-de-empleo-y-la-innovacion-en-el-sector-pesquero\/#organizationLogo"},"image":{"@id":"https:\/\/www.eldigitaldeasturias.com\/noticias\/asturias-apoyara-la-creacion-de-empleo-y-la-innovacion-en-el-sector-pesquero\/#organizationLogo"},"sameAs":["https:\/\/facebook.com\/eldigitaldeasturias","https:\/\/www.youtube.com\/channel\/UCZP-2wLEB9Rv6erhFmqVnvg"],"address":{"@id":"https:\/\/www.eldigitaldeasturias.com\/noticias\/#postaladdress","@type":"PostalAddress","streetAddress":"san antonio 4","postalCode":"33430","addressLocality":"Cand\u00e1s","addressRegion":"Asturias","addressCountry":"ES"}},{"@type":"Person","@id":"https:\/\/www.eldigitaldeasturias.com\/noticias\/author\/admin\/#author","url":"https:\/\/www.eldigitaldeasturias.com\/noticias\/author\/admin\/","name":"El Digital de Asturias","image":{"@type":"ImageObject","@id":"https:\/\/www.eldigitaldeasturias.com\/noticias\/asturias-apoyara-la-creacion-de-empleo-y-la-innovacion-en-el-sector-pesquero\/#authorImage","url":"https:\/\/secure.gravatar.com\/avatar\/df2aeffc32bcd13f8d26072ef8a91b623d677766deac7f97ca815868cd41bf5e?s=96&d=mm&r=g","width":96,"height":96,"caption":"El Digital de Asturias"}},{"@type":"WebPage","@id":"https:\/\/www.eldigitaldeasturias.com\/noticias\/asturias-apoyara-la-creacion-de-empleo-y-la-innovacion-en-el-sector-pesquero\/#webpage","url":"https:\/\/www.eldigitaldeasturias.com\/noticias\/asturias-apoyara-la-creacion-de-empleo-y-la-innovacion-en-el-sector-pesquero\/","name":"Asturias apoyar\u00e1 la creaci\u00f3n de empleo y la innovaci\u00f3n en el sector pesquero - El Digital de Asturias","description":"La Consejer\u00eda asturiana de Medio Rural y Cohesi\u00f3n Territorial ha convocado ayudas por 569.011 euros para el desarrollo de acciones que fomenten la creaci\u00f3n de empleo","inLanguage":"es-ES","isPartOf":{"@id":"https:\/\/www.eldigitaldeasturias.com\/noticias\/#website"},"breadcrumb":{"@id":"https:\/\/www.eldigitaldeasturias.com\/noticias\/asturias-apoyara-la-creacion-de-empleo-y-la-innovacion-en-el-sector-pesquero\/#breadcrumblist"},"author":{"@id":"https:\/\/www.eldigitaldeasturias.com\/noticias\/author\/admin\/#author"},"creator":{"@id":"https:\/\/www.eldigitaldeasturias.com\/noticias\/author\/admin\/#author"},"image":{"@type":"ImageObject","url":1039575,"@id":"https:\/\/www.eldigitaldeasturias.com\/noticias\/asturias-apoyara-la-creacion-de-empleo-y-la-innovacion-en-el-sector-pesquero\/#mainImage"},"primaryImageOfPage":{"@id":"https:\/\/www.eldigitaldeasturias.com\/noticias\/asturias-apoyara-la-creacion-de-empleo-y-la-innovacion-en-el-sector-pesquero\/#mainImage"},"datePublished":"2021-06-22T18:20:54+02:00","dateModified":"2021-06-22T18:21:34+02:00"},{"@type":"WebSite","@id":"https:\/\/www.eldigitaldeasturias.com\/noticias\/#website","url":"https:\/\/www.eldigitaldeasturias.com\/noticias\/","name":"El Digital de Asturias - Diario de actualidad y noticias","alternateName":"El Digital de Asturias - Diario de actualidad y noticias","description":"Hemeroteca","inLanguage":"es-ES","publisher":{"@id":"https:\/\/www.eldigitaldeasturias.com\/noticias\/#organization"}}]},"og:locale":"es_ES","og:site_name":"El Digital de Asturias","og:type":"article","og:title":"Asturias apoyar\u00e1 la creaci\u00f3n de empleo y la innovaci\u00f3n en el sector pesquero - El Digital de Asturias","og:description":"La Consejer\u00eda asturiana de Medio Rural y Cohesi\u00f3n Territorial ha convocado ayudas por 569.011 euros para el desarrollo de acciones que fomenten la creaci\u00f3n de empleo","og:url":"https:\/\/www.eldigitaldeasturias.com\/noticias\/asturias-apoyara-la-creacion-de-empleo-y-la-innovacion-en-el-sector-pesquero\/","article:tag":["actualidad asturias"],"article:published_time":"2021-06-22T17:20:54+00:00","article:modified_time":"2021-06-22T17:21:34+00:00","article:publisher":"https:\/\/facebook.com\/eldigitaldeasturias","twitter:card":"summary_large_image","twitter:title":"Asturias apoyar\u00e1 la creaci\u00f3n de empleo y la innovaci\u00f3n en el sector pesquero - El Digital de Asturias","twitter:description":"La Consejer\u00eda asturiana de Medio Rural y Cohesi\u00f3n Territorial ha convocado ayudas por 569.011 euros para el desarrollo de acciones que fomenten la creaci\u00f3n de empleo","twitter:image":"https:\/\/www.eldigitaldeasturias.com\/noticias\/wp-content\/uploads\/2020\/12\/EDA-1.jpg","twitter:label1":"Escrito por","twitter:data1":"El Digital de Asturias","twitter:label2":"Tiempo de lectura estimado","twitter:data2":"2 minutos"},"aioseo_meta_data":{"post_id":"1094274","title":null,"description":"La Consejer\u00eda asturiana de Medio Rural y Cohesi\u00f3n Territorial ha convocado ayudas por 569.011 euros para el desarrollo de acciones que fomenten&nbsp;la creaci\u00f3n de empleo","keywords":[],"keyphrases":{"focus":{"keyphrase":"empleo","score":88,"analysis":{"keyphraseInTitle":{"title":"Frase clave objetivo en el t\u00edtulo SEO","description":"Frase clave objetivo encontrada en el t\u00edtulo SEO.","score":9,"maxScore":9,"error":0},"keyphraseInDescription":{"title":"Frase clave objetivo en la meta descripci\u00f3n","description":"Frase clave objetivo encontrada en la meta descripci\u00f3n.","score":9,"maxScore":9,"error":0},"keyphraseInURL":{"title":"Frase clave objetivo en la URL","description":"Frase clave objetivo usada en la URL.","score":5,"maxScore":5,"error":0},"keyphraseLength":{"title":"Longitud de la Frase clave objetivo","description":"\u00a1Buen trabajo!","score":9,"maxScore":9,"error":0,"length":1},"keyphraseInIntroduction":{"title":"Frase clave objetivo en la introducci\u00f3n","description":"Su Frase clave objetivo aparece en el primer p\u00e1rrafo. \u00a1Bien hecho!","score":9,"maxScore":9,"error":0},"keyphraseInSubHeadings":[],"keyphraseInImageAlt":{"title":"Frase clave objetivo en los atributos alt de la imagen.","description":"Frase clave objetivo no se encuentra en los atributos alt de la imagen. A\u00f1ada una imagen con su Frase clave objetivo como texto alternativo.","score":3,"maxScore":9,"error":1}}},"additional":[{"keyphrase":"Consejer\u00eda asturiana ","score":83,"analysis":{"keyphraseInDescription":{"title":"Frase clave en la meta descripci\u00f3n","description":"Frase clave encontrada en la meta descripci\u00f3n.","score":9,"maxScore":9,"error":0},"keyphraseLength":{"title":"Longitud de la Frase clave","description":"\u00a1Buen trabajo!","score":9,"maxScore":9,"error":0,"length":2},"keyphraseInIntroduction":{"title":"Frase clave en la introducci\u00f3n","description":"Su Frase clave aparece en el primer p\u00e1rrafo. \u00a1Bien hecho!","score":9,"maxScore":9,"error":0},"keyphraseInImageAlt":{"title":"Frase clave en los atributos alt de la imagen.","description":"Frase clave no se encuentra en los atributos alt de la imagen. A\u00f1ada una imagen con su Frase clave como texto alternativo.","score":3,"maxScore":9,"error":1}}}]},"primary_term":null,"canonical_url":null,"og_title":null,"og_description":null,"og_object_type":"default","og_image_type":"default","og_image_url":null,"og_image_width":null,"og_image_height":null,"og_image_custom_url":null,"og_image_custom_fields":null,"og_video":"","og_custom_url":null,"og_article_section":null,"og_article_tags":[],"twitter_use_og":false,"twitter_card":"default","twitter_image_type":"default","twitter_image_url":null,"twitter_image_custom_url":null,"twitter_image_custom_fields":null,"twitter_title":null,"twitter_description":null,"schema":{"blockGraphs":[],"customGraphs":[],"default":{"data":{"Article":[],"Course":[],"Dataset":[],"FAQPage":[],"Movie":[],"Person":[],"Product":[],"ProductReview":[],"Car":[],"Recipe":[],"Service":[],"SoftwareApplication":[],"WebPage":[]},"graphName":"","isEnabled":true},"graphs":[],"defaultGraph":"Article","defaultPostTypeGraph":""},"schema_type":"default","schema_type_options":"{\"article\":{\"articleType\":\"BlogPosting\"},\"course\":{\"name\":\"\",\"description\":\"\",\"provider\":\"\"},\"faq\":{\"pages\":[]},\"product\":{\"reviews\":[]},\"recipe\":{\"ingredients\":[],\"instructions\":[],\"keywords\":[]},\"software\":{\"reviews\":[],\"operatingSystems\":[]},\"webPage\":{\"webPageType\":\"WebPage\"}}","pillar_content":false,"robots_default":true,"robots_noindex":false,"robots_noarchive":false,"robots_nosnippet":false,"robots_nofollow":false,"robots_noimageindex":false,"robots_noodp":false,"robots_notranslate":false,"robots_max_snippet":"-1","robots_max_videopreview":"-1","robots_max_imagepreview":"large","priority":null,"frequency":"default","local_seo":{"locations":{"business":{"name":"","businessType":"","image":"","areaServed":"","urls":{"website":"","aboutPage":"","contactPage":""},"address":{"streetLine1":"","streetLine2":"","zipCode":"","city":"","state":"","country":"","addressFormat":"#streetLineOne\n#streetLineTwo\n#city, #state #zipCode"},"contact":{"email":"","phone":"","phoneFormatted":"","fax":"","faxFormatted":""},"ids":{"vat":"","tax":"","chamberOfCommerce":""},"payment":{"priceRange":"","currenciesAccepted":"","methods":""}}},"openingHours":{"useDefaults":true,"show":true,"alwaysOpen":false,"use24hFormat":false,"timezone":"","labels":{"closed":"","alwaysOpen":""},"days":{"monday":{"open24h":false,"closed":false,"openTime":"09:00","closeTime":"17:00"},"tuesday":{"open24h":false,"closed":false,"openTime":"09:00","closeTime":"17:00"},"wednesday":{"open24h":false,"closed":false,"openTime":"09:00","closeTime":"17:00"},"thursday":{"open24h":false,"closed":false,"openTime":"09:00","closeTime":"17:00"},"friday":{"open24h":false,"closed":false,"openTime":"09:00","closeTime":"17:00"},"saturday":{"open24h":false,"closed":false,"openTime":"09:00","closeTime":"17:00"},"sunday":{"open24h":false,"closed":false,"openTime":"09:00","closeTime":"17:00"}}}},"seo_analyzer_scan_date":"2026-07-19 22:09:09","breadcrumb_settings":null,"limit_modified_date":false,"open_ai":null,"ai":null,"created":"2021-06-22 17:15:30","updated":"2026-07-19 22:09:09","focus_keyword":"empleo","additional_keywords":[{"word":"Consejer\u00eda asturiana","score":83}],"truseo_locale":null},"aioseo_breadcrumb":"<div class=\"aioseo-breadcrumbs\"><span class=\"aioseo-breadcrumb\">\n\t<a href=\"https:\/\/www.eldigitaldeasturias.com\/noticias\" title=\"Home\">Home<\/a>\n<\/span><span class=\"aioseo-breadcrumb-separator\">\u2013<\/span><span class=\"aioseo-breadcrumb\">\n\t<a href=\"https:\/\/www.eldigitaldeasturias.com\/noticias\/category\/actualidad-asturias\/\" title=\"Actualidad Asturias\">Actualidad Asturias<\/a>\n<\/span><span class=\"aioseo-breadcrumb-separator\">\u2013<\/span><span class=\"aioseo-breadcrumb\">\n\t<a href=\"https:\/\/www.eldigitaldeasturias.com\/noticias\/asturias-apoyara-la-creacion-de-empleo-y-la-innovacion-en-el-sector-pesquero\/\" title=\"Asturias apoyar\u00e1 la creaci\u00f3n de empleo y la innovaci\u00f3n en el sector pesquero\">Asturias apoyar\u00e1 la creaci\u00f3n de empleo y la innovaci\u00f3n en el sector pesquero<\/a>\n<\/span><\/div>","aioseo_breadcrumb_json":[{"label":"Home","link":"https:\/\/www.eldigitaldeasturias.com\/noticias"},{"label":"Actualidad Asturias","link":"https:\/\/www.eldigitaldeasturias.com\/noticias\/category\/actualidad-asturias\/"},{"label":"Asturias apoyar\u00e1 la creaci\u00f3n de empleo y la innovaci\u00f3n en el sector pesquero","link":"https:\/\/www.eldigitaldeasturias.com\/noticias\/asturias-apoyara-la-creacion-de-empleo-y-la-innovacion-en-el-sector-pesquero\/"}],"_links":{"self":[{"href":"https:\/\/www.eldigitaldeasturias.com\/noticias\/wp-json\/wp\/v2\/posts\/1094274","targetHints":{"allow":["GET"]}}],"collection":[{"href":"https:\/\/www.eldigitaldeasturias.com\/noticias\/wp-json\/wp\/v2\/posts"}],"about":[{"href":"https:\/\/www.eldigitaldeasturias.com\/noticias\/wp-json\/wp\/v2\/types\/post"}],"author":[{"embeddable":true,"href":"https:\/\/www.eldigitaldeasturias.com\/noticias\/wp-json\/wp\/v2\/users\/1"}],"replies":[{"embeddable":true,"href":"https:\/\/www.eldigitaldeasturias.com\/noticias\/wp-json\/wp\/v2\/comments?post=1094274"}],"version-history":[{"count":0,"href":"https:\/\/www.eldigitaldeasturias.com\/noticias\/wp-json\/wp\/v2\/posts\/1094274\/revisions"}],"wp:attachment":[{"href":"https:\/\/www.eldigitaldeasturias.com\/noticias\/wp-json\/wp\/v2\/media?parent=1094274"}],"wp:term":[{"taxonomy":"category","embeddable":true,"href":"https:\/\/www.eldigitaldeasturias.com\/noticias\/wp-json\/wp\/v2\/categories?post=1094274"},{"taxonomy":"post_tag","embeddable":true,"href":"https:\/\/www.eldigitaldeasturias.com\/noticias\/wp-json\/wp\/v2\/tags?post=1094274"}],"curies":[{"name":"wp","href":"https:\/\/api.w.org\/{rel}","templated":true}]}}