{"id":1094204,"date":"2021-06-21T17:50:08","date_gmt":"2021-06-21T16:50:08","guid":{"rendered":"https:\/\/www.eldigitaldeasturias.com\/noticias\/?p=1094204"},"modified":"2021-06-21T17:50:08","modified_gmt":"2021-06-21T16:50:08","slug":"pedro-leal-el-proyecto-de-foro-de-2011-esta-mas-vivo-que-nunca","status":"publish","type":"post","link":"https:\/\/www.eldigitaldeasturias.com\/noticias\/pedro-leal-el-proyecto-de-foro-de-2011-esta-mas-vivo-que-nunca\/","title":{"rendered":"Pedro Leal: \u00abEl proyecto de FORO de 2011 est\u00e1 m\u00e1s vivo que nunca\u00bb"},"content":{"rendered":"<p><img loading=\"lazy\" decoding=\"async\" class=\"alignleft size-medium wp-image-1094205\" src=\"https:\/\/www.eldigitaldeasturias.com\/noticias\/wp-content\/uploads\/2021\/06\/Pedro-Leal-360x167.jpg\" alt=\"\" width=\"360\" height=\"167\" \/>El Portavoz adjunto del grupo parlamentario FORO Asturias, Pedro Leal mantuvo esta ma\u00f1ana una<strong> entrevista en la cadena COPE<\/strong> y manifest\u00f3 que \u201cEl Congreso telem\u00e1tico que tuvo lugar el pasado s\u00e1bado, consisti\u00f3 en un encuentro sin participaci\u00f3n, ni intervenciones, ni defensas de enmiendas, ni debates, sin transparencia, sin garant\u00edas democr\u00e1ticas ocultando el n\u00famero de participantes mediante una participaci\u00f3n limitada a un voto censitario que \u00fanicamente pueden ejercer aquellas personas que tienen conocimientos tecnol\u00f3gicos\u201d y continu\u00f3 \u201c en dicho congreso limitado los usurpadores de FORO no abordaron los problemas de los asturianos (demograf\u00eda, empleo, fiscalidad, industria, aut\u00f3nomos, medio rural) centrados en cultivar su rencor, su odio y sus intereses particulares, olvid\u00e1ndose de cuanto nos llev\u00f3 a la victoria en las elecciones de 2011\u201d<\/p>\n<p>A preguntas del periodista que lo entrevist\u00f3 traslad\u00f3 que \u201cse ha protagonizado un Congreso que quiebra la ideolog\u00eda, la estrategia y la organizaci\u00f3n que construimos durante 10 a\u00f1os para dejarlo en manos de club de cinco personas que secuestran el partido para obtener sus fines que se circunscriben a intereses particulares y locales\u201d y a\u00f1adi\u00f3<strong> \u201cFORO era un partido que ten\u00eda como objetivo esencial el progreso pol\u00edtico, econ\u00f3mico y social de Asturias en el marco de Espa\u00f1a, no en base a unas razones de \u00edndole identitaria\u201d<\/strong><\/p>\n<p>El portavoz adjunto del grupo parlamentario FORO en la JGPA, explic\u00f3 que \u201ccurioso modo tiene Carmen Moriy\u00f3n de anunciar que va a poner orden en su casa, cuando ella misma est\u00e1 inmersa en cuatro procedimientos judiciales, tanto por malversaci\u00f3n de fondos p\u00fablicos como de falsedad, as\u00ed como de enjuiciamiento por alcance en el Tribunal de Cuentas, adem\u00e1s su vicesecretario de Implantaci\u00f3n Territorial Enrique Lanza, tiene sus facultades de administraci\u00f3n personal retiradas por el Juzgado Mercantil y se encuentra investigado por apropiaci\u00f3n indebida, por lo que no ejemplo de pulcritud alguna como proclaman, hecho que refleja la falsedad de sus manifestaciones y la pandorgada de Congreso celebrada\u201d.<\/p>\n<p>Finalmente, Pedro Leal record\u00f3 que \u201cno me he movido de mi sitio, en 2021 sigo en el mismo FORO que votaron los asturianos en 2011, 2015 y 2019, frente a quienes defraudan y traicionan a m\u00e1s de 34.000 personas que confiaron en mi en las elecciones auton\u00f3micas, e incurren en transfuguismo activo realizando una pol\u00edtica fraude, mediante un Plan Oculto que llevaba tiempo en marcha, que consisti\u00f3 primero e ir purgando y suspendiendo de funciones a todos los militantes que discrepaban de la gesti\u00f3n de Carmen Moriy\u00f3n y su reducido grupo de colaboradores, para convertir FORO en otra cosa, en un partido nacionalista que prioriza la oficialid\u00e1 y mercadea en la Junta por un voto a cambio de prebendas sin importarles traicionar a los que apoyaron nuestro programa electoral\u201d y concluy\u00f3 \u201cel proyecto de FORO de 2011 est\u00e1 m\u00e1s vivo que nunca, ya que los problemas de Asturias se han agravado, y ser\u00e9 la voz de ese FORO regenerador en la Junta General, y as\u00ed se publicar\u00e1 en la web foroprincipado.es, junto a la de mis compa\u00f1eros que han sido censurados, purgados y silenciados por Carmen Moriy\u00f3n y su club de intereses particulares\u201d.<\/p>\n<p>&nbsp;<\/p>\n","protected":false},"excerpt":{"rendered":"<p>El Portavoz adjunto del grupo parlamentario FORO Asturias, Pedro Leal mantuvo esta ma\u00f1ana una entrevista en la cadena COPE y manifest\u00f3 que \u201cEl Congreso telem\u00e1tico que tuvo lugar el pasado s\u00e1bado, consisti\u00f3 en un encuentro sin participaci\u00f3n, ni intervenciones, ni defensas de enmiendas, ni debates, sin transparencia, sin garant\u00edas democr\u00e1ticas ocultando el n\u00famero de participantes [&hellip;]<\/p>\n","protected":false},"author":1,"featured_media":1094205,"comment_status":"closed","ping_status":"closed","sticky":false,"template":"","format":"standard","meta":{"footnotes":""},"categories":[12],"tags":[],"class_list":["post-1094204","post","type-post","status-publish","format-standard","has-post-thumbnail","hentry","category-actualidad-asturias"],"aioseo_notices":[],"aioseo_head":"\n\t\t<!-- All in One SEO Pro 5.0.1 - aioseo.com -->\n\t<meta name=\"description\" content=\"El Portavoz adjunto del grupo parlamentario FORO Asturias, Pedro Leal mantuvo esta ma\u00f1ana una entrevista en la cadena COPE y manifest\u00f3 que ..\" \/>\n\t<meta name=\"robots\" content=\"max-image-preview:large\" \/>\n\t<meta name=\"author\" content=\"El Digital de Asturias\"\/>\n\t<meta name=\"google-site-verification\" content=\"UA-38556648-1\" \/>\n\t<meta name=\"msvalidate.01\" content=\"7dfe9f3f1b24437ab69f4f2559babe99\" \/>\n\t<meta name=\"keywords\" content=\"actualidad asturias\" \/>\n\t<link rel=\"canonical\" href=\"https:\/\/www.eldigitaldeasturias.com\/noticias\/pedro-leal-el-proyecto-de-foro-de-2011-esta-mas-vivo-que-nunca\/\" \/>\n\t<meta name=\"generator\" content=\"All in One SEO Pro (AIOSEO) 5.0.1\" \/>\n\t\t<meta property=\"og:locale\" content=\"es_ES\" \/>\n\t\t<meta property=\"og:site_name\" content=\"El Digital de Asturias\" \/>\n\t\t<meta property=\"og:type\" content=\"article\" \/>\n\t\t<meta property=\"og:title\" content=\"Pedro Leal: \u00abEl proyecto de FORO de 2011 est\u00e1 m\u00e1s vivo que nunca\u00bb - El Digital de Asturias\" \/>\n\t\t<meta property=\"og:description\" content=\"El Portavoz adjunto del grupo parlamentario FORO Asturias, Pedro Leal mantuvo esta ma\u00f1ana una entrevista en la cadena COPE y manifest\u00f3 que ..\" \/>\n\t\t<meta property=\"og:url\" content=\"https:\/\/www.eldigitaldeasturias.com\/noticias\/pedro-leal-el-proyecto-de-foro-de-2011-esta-mas-vivo-que-nunca\/\" \/>\n\t\t<meta property=\"article:tag\" content=\"actualidad asturias\" \/>\n\t\t<meta property=\"article:published_time\" content=\"2021-06-21T16:50:08+00:00\" \/>\n\t\t<meta property=\"article:modified_time\" content=\"2021-06-21T16:50:08+00:00\" \/>\n\t\t<meta property=\"article:publisher\" content=\"https:\/\/facebook.com\/eldigitaldeasturias\" \/>\n\t\t<meta name=\"twitter:card\" content=\"summary_large_image\" \/>\n\t\t<meta name=\"twitter:title\" content=\"Pedro Leal: \u00abEl proyecto de FORO de 2011 est\u00e1 m\u00e1s vivo que nunca\u00bb - El Digital de Asturias\" \/>\n\t\t<meta name=\"twitter:description\" content=\"El Portavoz adjunto del grupo parlamentario FORO Asturias, Pedro Leal mantuvo esta ma\u00f1ana una entrevista en la cadena COPE y manifest\u00f3 que ..\" \/>\n\t\t<meta name=\"twitter:image\" content=\"https:\/\/www.eldigitaldeasturias.com\/noticias\/wp-content\/uploads\/2020\/12\/EDA-1.jpg\" \/>\n\t\t<meta name=\"twitter:label1\" content=\"Escrito por\" \/>\n\t\t<meta name=\"twitter:data1\" content=\"El Digital de Asturias\" \/>\n\t\t<meta name=\"twitter:label2\" content=\"Tiempo de lectura estimado\" \/>\n\t\t<meta name=\"twitter:data2\" content=\"3 minutos\" \/>\n\t\t<script type=\"application\/ld+json\" class=\"aioseo-schema\">\n\t\t\t{\"@context\":\"https:\\\/\\\/schema.org\",\"@graph\":[{\"@type\":\"BlogPosting\",\"@id\":\"https:\\\/\\\/www.eldigitaldeasturias.com\\\/noticias\\\/pedro-leal-el-proyecto-de-foro-de-2011-esta-mas-vivo-que-nunca\\\/#blogposting\",\"name\":\"Pedro Leal: \\u00abEl proyecto de FORO de 2011 est\\u00e1 m\\u00e1s vivo que nunca\\u00bb - El Digital de Asturias\",\"headline\":\"Pedro Leal: \\u00abEl proyecto de FORO de 2011 est\\u00e1 m\\u00e1s vivo que nunca\\u00bb\",\"author\":{\"@id\":\"https:\\\/\\\/www.eldigitaldeasturias.com\\\/noticias\\\/author\\\/admin\\\/#author\"},\"publisher\":{\"@id\":\"https:\\\/\\\/www.eldigitaldeasturias.com\\\/noticias\\\/#organization\"},\"image\":{\"@type\":\"ImageObject\",\"url\":1094205},\"datePublished\":\"2021-06-21T17:50:08+02:00\",\"dateModified\":\"2021-06-21T17:50:08+02:00\",\"inLanguage\":\"es-ES\",\"mainEntityOfPage\":{\"@id\":\"https:\\\/\\\/www.eldigitaldeasturias.com\\\/noticias\\\/pedro-leal-el-proyecto-de-foro-de-2011-esta-mas-vivo-que-nunca\\\/#webpage\"},\"isPartOf\":{\"@id\":\"https:\\\/\\\/www.eldigitaldeasturias.com\\\/noticias\\\/pedro-leal-el-proyecto-de-foro-de-2011-esta-mas-vivo-que-nunca\\\/#webpage\"},\"articleSection\":\"Actualidad Asturias\"},{\"@type\":\"BreadcrumbList\",\"@id\":\"https:\\\/\\\/www.eldigitaldeasturias.com\\\/noticias\\\/pedro-leal-el-proyecto-de-foro-de-2011-esta-mas-vivo-que-nunca\\\/#breadcrumblist\",\"itemListElement\":[{\"@type\":\"ListItem\",\"@id\":\"https:\\\/\\\/www.eldigitaldeasturias.com\\\/noticias#listItem\",\"position\":1,\"name\":\"Home\",\"item\":\"https:\\\/\\\/www.eldigitaldeasturias.com\\\/noticias\",\"nextItem\":{\"@type\":\"ListItem\",\"@id\":\"https:\\\/\\\/www.eldigitaldeasturias.com\\\/noticias\\\/category\\\/actualidad-asturias\\\/#listItem\",\"name\":\"Actualidad Asturias\"}},{\"@type\":\"ListItem\",\"@id\":\"https:\\\/\\\/www.eldigitaldeasturias.com\\\/noticias\\\/category\\\/actualidad-asturias\\\/#listItem\",\"position\":2,\"name\":\"Actualidad Asturias\",\"item\":\"https:\\\/\\\/www.eldigitaldeasturias.com\\\/noticias\\\/category\\\/actualidad-asturias\\\/\",\"nextItem\":{\"@type\":\"ListItem\",\"@id\":\"https:\\\/\\\/www.eldigitaldeasturias.com\\\/noticias\\\/pedro-leal-el-proyecto-de-foro-de-2011-esta-mas-vivo-que-nunca\\\/#listItem\",\"name\":\"Pedro Leal: \\u00abEl proyecto de FORO de 2011 est\\u00e1 m\\u00e1s vivo que nunca\\u00bb\"},\"previousItem\":{\"@type\":\"ListItem\",\"@id\":\"https:\\\/\\\/www.eldigitaldeasturias.com\\\/noticias#listItem\",\"name\":\"Home\"}},{\"@type\":\"ListItem\",\"@id\":\"https:\\\/\\\/www.eldigitaldeasturias.com\\\/noticias\\\/pedro-leal-el-proyecto-de-foro-de-2011-esta-mas-vivo-que-nunca\\\/#listItem\",\"position\":3,\"name\":\"Pedro Leal: \\u00abEl proyecto de FORO de 2011 est\\u00e1 m\\u00e1s vivo que nunca\\u00bb\",\"previousItem\":{\"@type\":\"ListItem\",\"@id\":\"https:\\\/\\\/www.eldigitaldeasturias.com\\\/noticias\\\/category\\\/actualidad-asturias\\\/#listItem\",\"name\":\"Actualidad Asturias\"}}]},{\"@type\":\"Organization\",\"@id\":\"https:\\\/\\\/www.eldigitaldeasturias.com\\\/noticias\\\/#organization\",\"name\":\"El Digital de Asturias\",\"description\":\"Hemeroteca\",\"url\":\"https:\\\/\\\/www.eldigitaldeasturias.com\\\/noticias\\\/\",\"email\":\"info@eldigitaldeasturias.com\",\"telephone\":\"+34652131393\",\"logo\":{\"@type\":\"ImageObject\",\"url\":\"https:\\\/\\\/www.eldigitaldeasturias.com\\\/noticias\\\/wp-content\\\/uploads\\\/2020\\\/12\\\/EDA.jpg\",\"@id\":\"https:\\\/\\\/www.eldigitaldeasturias.com\\\/noticias\\\/pedro-leal-el-proyecto-de-foro-de-2011-esta-mas-vivo-que-nunca\\\/#organizationLogo\"},\"image\":{\"@id\":\"https:\\\/\\\/www.eldigitaldeasturias.com\\\/noticias\\\/pedro-leal-el-proyecto-de-foro-de-2011-esta-mas-vivo-que-nunca\\\/#organizationLogo\"},\"sameAs\":[\"https:\\\/\\\/facebook.com\\\/eldigitaldeasturias\",\"https:\\\/\\\/www.youtube.com\\\/channel\\\/UCZP-2wLEB9Rv6erhFmqVnvg\"],\"address\":{\"@id\":\"https:\\\/\\\/www.eldigitaldeasturias.com\\\/noticias\\\/#postaladdress\",\"@type\":\"PostalAddress\",\"streetAddress\":\"san antonio 4\",\"postalCode\":\"33430\",\"addressLocality\":\"Cand\\u00e1s\",\"addressRegion\":\"Asturias\",\"addressCountry\":\"ES\"}},{\"@type\":\"Person\",\"@id\":\"https:\\\/\\\/www.eldigitaldeasturias.com\\\/noticias\\\/author\\\/admin\\\/#author\",\"url\":\"https:\\\/\\\/www.eldigitaldeasturias.com\\\/noticias\\\/author\\\/admin\\\/\",\"name\":\"El Digital de Asturias\",\"image\":{\"@type\":\"ImageObject\",\"@id\":\"https:\\\/\\\/www.eldigitaldeasturias.com\\\/noticias\\\/pedro-leal-el-proyecto-de-foro-de-2011-esta-mas-vivo-que-nunca\\\/#authorImage\",\"url\":\"https:\\\/\\\/secure.gravatar.com\\\/avatar\\\/df2aeffc32bcd13f8d26072ef8a91b623d677766deac7f97ca815868cd41bf5e?s=96&d=mm&r=g\",\"width\":96,\"height\":96,\"caption\":\"El Digital de Asturias\"}},{\"@type\":\"WebPage\",\"@id\":\"https:\\\/\\\/www.eldigitaldeasturias.com\\\/noticias\\\/pedro-leal-el-proyecto-de-foro-de-2011-esta-mas-vivo-que-nunca\\\/#webpage\",\"url\":\"https:\\\/\\\/www.eldigitaldeasturias.com\\\/noticias\\\/pedro-leal-el-proyecto-de-foro-de-2011-esta-mas-vivo-que-nunca\\\/\",\"name\":\"Pedro Leal: \\u00abEl proyecto de FORO de 2011 est\\u00e1 m\\u00e1s vivo que nunca\\u00bb - El Digital de Asturias\",\"description\":\"El Portavoz adjunto del grupo parlamentario FORO Asturias, Pedro Leal mantuvo esta ma\\u00f1ana una entrevista en la cadena COPE y manifest\\u00f3 que ..\",\"inLanguage\":\"es-ES\",\"isPartOf\":{\"@id\":\"https:\\\/\\\/www.eldigitaldeasturias.com\\\/noticias\\\/#website\"},\"breadcrumb\":{\"@id\":\"https:\\\/\\\/www.eldigitaldeasturias.com\\\/noticias\\\/pedro-leal-el-proyecto-de-foro-de-2011-esta-mas-vivo-que-nunca\\\/#breadcrumblist\"},\"author\":{\"@id\":\"https:\\\/\\\/www.eldigitaldeasturias.com\\\/noticias\\\/author\\\/admin\\\/#author\"},\"creator\":{\"@id\":\"https:\\\/\\\/www.eldigitaldeasturias.com\\\/noticias\\\/author\\\/admin\\\/#author\"},\"image\":{\"@type\":\"ImageObject\",\"url\":1094205,\"@id\":\"https:\\\/\\\/www.eldigitaldeasturias.com\\\/noticias\\\/pedro-leal-el-proyecto-de-foro-de-2011-esta-mas-vivo-que-nunca\\\/#mainImage\"},\"primaryImageOfPage\":{\"@id\":\"https:\\\/\\\/www.eldigitaldeasturias.com\\\/noticias\\\/pedro-leal-el-proyecto-de-foro-de-2011-esta-mas-vivo-que-nunca\\\/#mainImage\"},\"datePublished\":\"2021-06-21T17:50:08+02:00\",\"dateModified\":\"2021-06-21T17:50:08+02:00\"},{\"@type\":\"WebSite\",\"@id\":\"https:\\\/\\\/www.eldigitaldeasturias.com\\\/noticias\\\/#website\",\"url\":\"https:\\\/\\\/www.eldigitaldeasturias.com\\\/noticias\\\/\",\"name\":\"El Digital de Asturias - Diario de actualidad y noticias\",\"alternateName\":\"El Digital de Asturias - Diario de actualidad y noticias\",\"description\":\"Hemeroteca\",\"inLanguage\":\"es-ES\",\"publisher\":{\"@id\":\"https:\\\/\\\/www.eldigitaldeasturias.com\\\/noticias\\\/#organization\"}}]}\n\t\t<\/script>\n\t\t<!-- All in One SEO Pro -->\r\n\t\t<title>Pedro Leal: \u00abEl proyecto de FORO de 2011 est\u00e1 m\u00e1s vivo que nunca\u00bb - El Digital de Asturias<\/title>\n\n","aioseo_head_json":{"title":"Pedro Leal: \u00abEl proyecto de FORO de 2011 est\u00e1 m\u00e1s vivo que nunca\u00bb - El Digital de Asturias","description":"El Portavoz adjunto del grupo parlamentario FORO Asturias, Pedro Leal mantuvo esta ma\u00f1ana una entrevista en la cadena COPE y manifest\u00f3 que ..","canonical_url":"https:\/\/www.eldigitaldeasturias.com\/noticias\/pedro-leal-el-proyecto-de-foro-de-2011-esta-mas-vivo-que-nunca\/","robots":"max-image-preview:large","keywords":"actualidad asturias","webmasterTools":{"google-site-verification":"UA-38556648-1","msvalidate.01":"7dfe9f3f1b24437ab69f4f2559babe99","miscellaneous":""},"schema":{"@context":"https:\/\/schema.org","@graph":[{"@type":"BlogPosting","@id":"https:\/\/www.eldigitaldeasturias.com\/noticias\/pedro-leal-el-proyecto-de-foro-de-2011-esta-mas-vivo-que-nunca\/#blogposting","name":"Pedro Leal: \u00abEl proyecto de FORO de 2011 est\u00e1 m\u00e1s vivo que nunca\u00bb - El Digital de Asturias","headline":"Pedro Leal: \u00abEl proyecto de FORO de 2011 est\u00e1 m\u00e1s vivo que nunca\u00bb","author":{"@id":"https:\/\/www.eldigitaldeasturias.com\/noticias\/author\/admin\/#author"},"publisher":{"@id":"https:\/\/www.eldigitaldeasturias.com\/noticias\/#organization"},"image":{"@type":"ImageObject","url":1094205},"datePublished":"2021-06-21T17:50:08+02:00","dateModified":"2021-06-21T17:50:08+02:00","inLanguage":"es-ES","mainEntityOfPage":{"@id":"https:\/\/www.eldigitaldeasturias.com\/noticias\/pedro-leal-el-proyecto-de-foro-de-2011-esta-mas-vivo-que-nunca\/#webpage"},"isPartOf":{"@id":"https:\/\/www.eldigitaldeasturias.com\/noticias\/pedro-leal-el-proyecto-de-foro-de-2011-esta-mas-vivo-que-nunca\/#webpage"},"articleSection":"Actualidad Asturias"},{"@type":"BreadcrumbList","@id":"https:\/\/www.eldigitaldeasturias.com\/noticias\/pedro-leal-el-proyecto-de-foro-de-2011-esta-mas-vivo-que-nunca\/#breadcrumblist","itemListElement":[{"@type":"ListItem","@id":"https:\/\/www.eldigitaldeasturias.com\/noticias#listItem","position":1,"name":"Home","item":"https:\/\/www.eldigitaldeasturias.com\/noticias","nextItem":{"@type":"ListItem","@id":"https:\/\/www.eldigitaldeasturias.com\/noticias\/category\/actualidad-asturias\/#listItem","name":"Actualidad Asturias"}},{"@type":"ListItem","@id":"https:\/\/www.eldigitaldeasturias.com\/noticias\/category\/actualidad-asturias\/#listItem","position":2,"name":"Actualidad Asturias","item":"https:\/\/www.eldigitaldeasturias.com\/noticias\/category\/actualidad-asturias\/","nextItem":{"@type":"ListItem","@id":"https:\/\/www.eldigitaldeasturias.com\/noticias\/pedro-leal-el-proyecto-de-foro-de-2011-esta-mas-vivo-que-nunca\/#listItem","name":"Pedro Leal: \u00abEl proyecto de FORO de 2011 est\u00e1 m\u00e1s vivo que nunca\u00bb"},"previousItem":{"@type":"ListItem","@id":"https:\/\/www.eldigitaldeasturias.com\/noticias#listItem","name":"Home"}},{"@type":"ListItem","@id":"https:\/\/www.eldigitaldeasturias.com\/noticias\/pedro-leal-el-proyecto-de-foro-de-2011-esta-mas-vivo-que-nunca\/#listItem","position":3,"name":"Pedro Leal: \u00abEl proyecto de FORO de 2011 est\u00e1 m\u00e1s vivo que nunca\u00bb","previousItem":{"@type":"ListItem","@id":"https:\/\/www.eldigitaldeasturias.com\/noticias\/category\/actualidad-asturias\/#listItem","name":"Actualidad Asturias"}}]},{"@type":"Organization","@id":"https:\/\/www.eldigitaldeasturias.com\/noticias\/#organization","name":"El Digital de Asturias","description":"Hemeroteca","url":"https:\/\/www.eldigitaldeasturias.com\/noticias\/","email":"info@eldigitaldeasturias.com","telephone":"+34652131393","logo":{"@type":"ImageObject","url":"https:\/\/www.eldigitaldeasturias.com\/noticias\/wp-content\/uploads\/2020\/12\/EDA.jpg","@id":"https:\/\/www.eldigitaldeasturias.com\/noticias\/pedro-leal-el-proyecto-de-foro-de-2011-esta-mas-vivo-que-nunca\/#organizationLogo"},"image":{"@id":"https:\/\/www.eldigitaldeasturias.com\/noticias\/pedro-leal-el-proyecto-de-foro-de-2011-esta-mas-vivo-que-nunca\/#organizationLogo"},"sameAs":["https:\/\/facebook.com\/eldigitaldeasturias","https:\/\/www.youtube.com\/channel\/UCZP-2wLEB9Rv6erhFmqVnvg"],"address":{"@id":"https:\/\/www.eldigitaldeasturias.com\/noticias\/#postaladdress","@type":"PostalAddress","streetAddress":"san antonio 4","postalCode":"33430","addressLocality":"Cand\u00e1s","addressRegion":"Asturias","addressCountry":"ES"}},{"@type":"Person","@id":"https:\/\/www.eldigitaldeasturias.com\/noticias\/author\/admin\/#author","url":"https:\/\/www.eldigitaldeasturias.com\/noticias\/author\/admin\/","name":"El Digital de Asturias","image":{"@type":"ImageObject","@id":"https:\/\/www.eldigitaldeasturias.com\/noticias\/pedro-leal-el-proyecto-de-foro-de-2011-esta-mas-vivo-que-nunca\/#authorImage","url":"https:\/\/secure.gravatar.com\/avatar\/df2aeffc32bcd13f8d26072ef8a91b623d677766deac7f97ca815868cd41bf5e?s=96&d=mm&r=g","width":96,"height":96,"caption":"El Digital de Asturias"}},{"@type":"WebPage","@id":"https:\/\/www.eldigitaldeasturias.com\/noticias\/pedro-leal-el-proyecto-de-foro-de-2011-esta-mas-vivo-que-nunca\/#webpage","url":"https:\/\/www.eldigitaldeasturias.com\/noticias\/pedro-leal-el-proyecto-de-foro-de-2011-esta-mas-vivo-que-nunca\/","name":"Pedro Leal: \u00abEl proyecto de FORO de 2011 est\u00e1 m\u00e1s vivo que nunca\u00bb - El Digital de Asturias","description":"El Portavoz adjunto del grupo parlamentario FORO Asturias, Pedro Leal mantuvo esta ma\u00f1ana una entrevista en la cadena COPE y manifest\u00f3 que ..","inLanguage":"es-ES","isPartOf":{"@id":"https:\/\/www.eldigitaldeasturias.com\/noticias\/#website"},"breadcrumb":{"@id":"https:\/\/www.eldigitaldeasturias.com\/noticias\/pedro-leal-el-proyecto-de-foro-de-2011-esta-mas-vivo-que-nunca\/#breadcrumblist"},"author":{"@id":"https:\/\/www.eldigitaldeasturias.com\/noticias\/author\/admin\/#author"},"creator":{"@id":"https:\/\/www.eldigitaldeasturias.com\/noticias\/author\/admin\/#author"},"image":{"@type":"ImageObject","url":1094205,"@id":"https:\/\/www.eldigitaldeasturias.com\/noticias\/pedro-leal-el-proyecto-de-foro-de-2011-esta-mas-vivo-que-nunca\/#mainImage"},"primaryImageOfPage":{"@id":"https:\/\/www.eldigitaldeasturias.com\/noticias\/pedro-leal-el-proyecto-de-foro-de-2011-esta-mas-vivo-que-nunca\/#mainImage"},"datePublished":"2021-06-21T17:50:08+02:00","dateModified":"2021-06-21T17:50:08+02:00"},{"@type":"WebSite","@id":"https:\/\/www.eldigitaldeasturias.com\/noticias\/#website","url":"https:\/\/www.eldigitaldeasturias.com\/noticias\/","name":"El Digital de Asturias - Diario de actualidad y noticias","alternateName":"El Digital de Asturias - Diario de actualidad y noticias","description":"Hemeroteca","inLanguage":"es-ES","publisher":{"@id":"https:\/\/www.eldigitaldeasturias.com\/noticias\/#organization"}}]},"og:locale":"es_ES","og:site_name":"El Digital de Asturias","og:type":"article","og:title":"Pedro Leal: \u00abEl proyecto de FORO de 2011 est\u00e1 m\u00e1s vivo que nunca\u00bb - El Digital de Asturias","og:description":"El Portavoz adjunto del grupo parlamentario FORO Asturias, Pedro Leal mantuvo esta ma\u00f1ana una entrevista en la cadena COPE y manifest\u00f3 que ..","og:url":"https:\/\/www.eldigitaldeasturias.com\/noticias\/pedro-leal-el-proyecto-de-foro-de-2011-esta-mas-vivo-que-nunca\/","article:tag":["actualidad asturias"],"article:published_time":"2021-06-21T16:50:08+00:00","article:modified_time":"2021-06-21T16:50:08+00:00","article:publisher":"https:\/\/facebook.com\/eldigitaldeasturias","twitter:card":"summary_large_image","twitter:title":"Pedro Leal: \u00abEl proyecto de FORO de 2011 est\u00e1 m\u00e1s vivo que nunca\u00bb - El Digital de Asturias","twitter:description":"El Portavoz adjunto del grupo parlamentario FORO Asturias, Pedro Leal mantuvo esta ma\u00f1ana una entrevista en la cadena COPE y manifest\u00f3 que ..","twitter:image":"https:\/\/www.eldigitaldeasturias.com\/noticias\/wp-content\/uploads\/2020\/12\/EDA-1.jpg","twitter:label1":"Escrito por","twitter:data1":"El Digital de Asturias","twitter:label2":"Tiempo de lectura estimado","twitter:data2":"3 minutos"},"aioseo_meta_data":{"post_id":"1094204","title":null,"description":"El Portavoz adjunto del grupo parlamentario FORO Asturias, Pedro Leal mantuvo esta ma\u00f1ana una entrevista en la cadena COPE y manifest\u00f3 que&nbsp;..","keywords":[],"keyphrases":{"focus":{"keyphrase":"Pedro Leal ","score":80,"analysis":{"keyphraseInTitle":{"title":"Frase clave objetivo en el t\u00edtulo SEO","description":"Frase clave objetivo encontrada en el t\u00edtulo SEO.","score":9,"maxScore":9,"error":0},"keyphraseInDescription":{"title":"Frase clave objetivo en la meta descripci\u00f3n","description":"Frase clave objetivo encontrada en la meta descripci\u00f3n.","score":9,"maxScore":9,"error":0},"keyphraseInURL":{"title":"Frase clave objetivo en la URL","description":"Frase clave objetivo no encontrada en la URL.","score":1,"maxScore":5,"error":1},"keyphraseInIntroduction":{"title":"Frase clave objetivo en la introducci\u00f3n","description":"Su Frase clave objetivo aparece en el primer p\u00e1rrafo. \u00a1Bien hecho!","score":9,"maxScore":9,"error":0},"keyphraseInSubHeadings":[],"keyphraseLength":{"title":"Longitud de la Frase clave objetivo","description":"\u00a1Buen trabajo!","score":9,"maxScore":9,"error":0,"length":2},"keyphraseInImageAlt":{"title":"Frase clave objetivo en los atributos alt de la imagen.","description":"Frase clave objetivo no se encuentra en los atributos alt de la imagen. A\u00f1ada una imagen con su Frase clave objetivo como texto alternativo.","score":3,"maxScore":9,"error":1}}},"additional":[{"keyphrase":"FORO Asturias","score":83,"analysis":{"keyphraseInDescription":{"title":"Frase clave en la meta descripci\u00f3n","description":"Frase clave encontrada en la meta descripci\u00f3n.","score":9,"maxScore":9,"error":0},"keyphraseInIntroduction":{"title":"Frase clave en la introducci\u00f3n","description":"Su Frase clave aparece en el primer p\u00e1rrafo. \u00a1Bien hecho!","score":9,"maxScore":9,"error":0},"keyphraseInImageAlt":{"title":"Frase clave en los atributos alt de la imagen.","description":"Frase clave no se encuentra en los atributos alt de la imagen. A\u00f1ada una imagen con su Frase clave como texto alternativo.","score":3,"maxScore":9,"error":1},"keyphraseLength":{"title":"Longitud de la Frase clave","description":"\u00a1Buen trabajo!","score":9,"maxScore":9,"error":0,"length":2}}},{"keyphrase":"COPE","score":83,"analysis":{"keyphraseInDescription":{"title":"Frase clave en la meta descripci\u00f3n","description":"Frase clave encontrada en la meta descripci\u00f3n.","score":9,"maxScore":9,"error":0},"keyphraseInIntroduction":{"title":"Frase clave en la introducci\u00f3n","description":"Su Frase clave aparece en el primer p\u00e1rrafo. \u00a1Bien hecho!","score":9,"maxScore":9,"error":0},"keyphraseInImageAlt":{"title":"Frase clave en los atributos alt de la imagen.","description":"Frase clave no se encuentra en los atributos alt de la imagen. A\u00f1ada una imagen con su Frase clave como texto alternativo.","score":3,"maxScore":9,"error":1},"keyphraseLength":{"title":"Longitud de la Frase clave","description":"\u00a1Buen trabajo!","score":9,"maxScore":9,"error":0,"length":1}}}]},"primary_term":null,"canonical_url":null,"og_title":null,"og_description":null,"og_object_type":"default","og_image_type":"default","og_image_url":null,"og_image_width":null,"og_image_height":null,"og_image_custom_url":null,"og_image_custom_fields":null,"og_video":"","og_custom_url":null,"og_article_section":null,"og_article_tags":[],"twitter_use_og":false,"twitter_card":"default","twitter_image_type":"default","twitter_image_url":null,"twitter_image_custom_url":null,"twitter_image_custom_fields":null,"twitter_title":null,"twitter_description":null,"schema":{"blockGraphs":[],"customGraphs":[],"default":{"data":{"Article":[],"Course":[],"Dataset":[],"FAQPage":[],"Movie":[],"Person":[],"Product":[],"ProductReview":[],"Car":[],"Recipe":[],"Service":[],"SoftwareApplication":[],"WebPage":[]},"graphName":"","isEnabled":true},"graphs":[],"defaultGraph":"Article","defaultPostTypeGraph":""},"schema_type":"default","schema_type_options":"{\"article\":{\"articleType\":\"BlogPosting\"},\"course\":{\"name\":\"\",\"description\":\"\",\"provider\":\"\"},\"faq\":{\"pages\":[]},\"product\":{\"reviews\":[]},\"recipe\":{\"ingredients\":[],\"instructions\":[],\"keywords\":[]},\"software\":{\"reviews\":[],\"operatingSystems\":[]},\"webPage\":{\"webPageType\":\"WebPage\"}}","pillar_content":false,"robots_default":true,"robots_noindex":false,"robots_noarchive":false,"robots_nosnippet":false,"robots_nofollow":false,"robots_noimageindex":false,"robots_noodp":false,"robots_notranslate":false,"robots_max_snippet":"-1","robots_max_videopreview":"-1","robots_max_imagepreview":"large","priority":null,"frequency":"default","local_seo":{"locations":{"business":{"name":"","businessType":"","image":"","areaServed":"","urls":{"website":"","aboutPage":"","contactPage":""},"address":{"streetLine1":"","streetLine2":"","zipCode":"","city":"","state":"","country":"","addressFormat":"#streetLineOne\n#streetLineTwo\n#city, #state #zipCode"},"contact":{"email":"","phone":"","phoneFormatted":"","fax":"","faxFormatted":""},"ids":{"vat":"","tax":"","chamberOfCommerce":""},"payment":{"priceRange":"","currenciesAccepted":"","methods":""}}},"openingHours":{"useDefaults":true,"show":true,"alwaysOpen":false,"use24hFormat":false,"timezone":"","labels":{"closed":"","alwaysOpen":""},"days":{"monday":{"open24h":false,"closed":false,"openTime":"09:00","closeTime":"17:00"},"tuesday":{"open24h":false,"closed":false,"openTime":"09:00","closeTime":"17:00"},"wednesday":{"open24h":false,"closed":false,"openTime":"09:00","closeTime":"17:00"},"thursday":{"open24h":false,"closed":false,"openTime":"09:00","closeTime":"17:00"},"friday":{"open24h":false,"closed":false,"openTime":"09:00","closeTime":"17:00"},"saturday":{"open24h":false,"closed":false,"openTime":"09:00","closeTime":"17:00"},"sunday":{"open24h":false,"closed":false,"openTime":"09:00","closeTime":"17:00"}}}},"seo_analyzer_scan_date":"2026-07-19 21:13:54","breadcrumb_settings":null,"limit_modified_date":false,"open_ai":null,"ai":null,"created":"2021-06-21 16:46:38","updated":"2026-07-19 21:13:54","focus_keyword":"Pedro Leal","additional_keywords":[{"word":"FORO Asturias","score":83},{"word":"COPE","score":83}],"truseo_locale":null},"aioseo_breadcrumb":"<div class=\"aioseo-breadcrumbs\"><span class=\"aioseo-breadcrumb\">\n\t<a href=\"https:\/\/www.eldigitaldeasturias.com\/noticias\" title=\"Home\">Home<\/a>\n<\/span><span class=\"aioseo-breadcrumb-separator\">\u2013<\/span><span class=\"aioseo-breadcrumb\">\n\t<a href=\"https:\/\/www.eldigitaldeasturias.com\/noticias\/category\/actualidad-asturias\/\" title=\"Actualidad Asturias\">Actualidad Asturias<\/a>\n<\/span><span class=\"aioseo-breadcrumb-separator\">\u2013<\/span><span class=\"aioseo-breadcrumb\">\n\t<a href=\"https:\/\/www.eldigitaldeasturias.com\/noticias\/pedro-leal-el-proyecto-de-foro-de-2011-esta-mas-vivo-que-nunca\/\" title=\"Pedro Leal: \u00abEl proyecto de FORO de 2011 est\u00e1 m\u00e1s vivo que nunca\u00bb\">Pedro Leal: \u00abEl proyecto de FORO de 2011 est\u00e1 m\u00e1s vivo que nunca\u00bb<\/a>\n<\/span><\/div>","aioseo_breadcrumb_json":[{"label":"Home","link":"https:\/\/www.eldigitaldeasturias.com\/noticias"},{"label":"Actualidad Asturias","link":"https:\/\/www.eldigitaldeasturias.com\/noticias\/category\/actualidad-asturias\/"},{"label":"Pedro Leal: \u00abEl proyecto de FORO de 2011 est\u00e1 m\u00e1s vivo que nunca\u00bb","link":"https:\/\/www.eldigitaldeasturias.com\/noticias\/pedro-leal-el-proyecto-de-foro-de-2011-esta-mas-vivo-que-nunca\/"}],"_links":{"self":[{"href":"https:\/\/www.eldigitaldeasturias.com\/noticias\/wp-json\/wp\/v2\/posts\/1094204","targetHints":{"allow":["GET"]}}],"collection":[{"href":"https:\/\/www.eldigitaldeasturias.com\/noticias\/wp-json\/wp\/v2\/posts"}],"about":[{"href":"https:\/\/www.eldigitaldeasturias.com\/noticias\/wp-json\/wp\/v2\/types\/post"}],"author":[{"embeddable":true,"href":"https:\/\/www.eldigitaldeasturias.com\/noticias\/wp-json\/wp\/v2\/users\/1"}],"replies":[{"embeddable":true,"href":"https:\/\/www.eldigitaldeasturias.com\/noticias\/wp-json\/wp\/v2\/comments?post=1094204"}],"version-history":[{"count":0,"href":"https:\/\/www.eldigitaldeasturias.com\/noticias\/wp-json\/wp\/v2\/posts\/1094204\/revisions"}],"wp:attachment":[{"href":"https:\/\/www.eldigitaldeasturias.com\/noticias\/wp-json\/wp\/v2\/media?parent=1094204"}],"wp:term":[{"taxonomy":"category","embeddable":true,"href":"https:\/\/www.eldigitaldeasturias.com\/noticias\/wp-json\/wp\/v2\/categories?post=1094204"},{"taxonomy":"post_tag","embeddable":true,"href":"https:\/\/www.eldigitaldeasturias.com\/noticias\/wp-json\/wp\/v2\/tags?post=1094204"}],"curies":[{"name":"wp","href":"https:\/\/api.w.org\/{rel}","templated":true}]}}