{"id":1094067,"date":"2021-06-18T22:46:13","date_gmt":"2021-06-18T21:46:13","guid":{"rendered":"https:\/\/www.eldigitaldeasturias.com\/noticias\/?p=1094067"},"modified":"2021-06-18T22:46:13","modified_gmt":"2021-06-18T21:46:13","slug":"ampliacion-del-museo-de-bellas-artes-de-asturias","status":"publish","type":"post","link":"https:\/\/www.eldigitaldeasturias.com\/noticias\/ampliacion-del-museo-de-bellas-artes-de-asturias\/","title":{"rendered":"Ampliaci\u00f3n del Museo de Bellas Artes de Asturias"},"content":{"rendered":"<p><img loading=\"lazy\" decoding=\"async\" class=\"alignleft size-medium wp-image-1094065\" src=\"https:\/\/www.eldigitaldeasturias.com\/noticias\/wp-content\/uploads\/2021\/06\/Plan-Turistico-Nacional-Xacobeo-360x237.jpg\" alt=\"Plan Tur\u00edstico Nacional Xacobeo\" width=\"360\" height=\"237\" \/>El Plan Nacional Tur\u00edstico Xacobeo 2021-2022 incluye entre sus inversiones m\u00e1s importantes en el cap\u00edtulo de rehabilitaci\u00f3n del patrimonio hist\u00f3rico la ampliaci\u00f3n del Museo de Bellas Artes de Asturias. As\u00ed lo ha anunciado hoy la ministra de Industria, Comercio y Turismo, Reyes Maroto, en un acto celebrado en el propio equipamiento y en el que tambi\u00e9n han intervenido el presidente del Principado, Adri\u00e1n Barb\u00f3n; el secretario de Estado de Turismo, Fernando Vald\u00e9s, y la consejera de Cultura, Pol\u00edtica Lling\u00fc\u00edstica y Turismo, Berta Pi\u00f1\u00e1n.<\/p>\n<p>Con una inversi\u00f3n de 5,9 millones, la intervenci\u00f3n en el Bellas Artes se enmarca en el plan Xacobeo por el hecho de tratarse del primer museo del Camino Primitivo, al estar situado a pocos metros de la catedral de Oviedo, punto de partida de las peregrinaciones hist\u00f3ricas a Santiago.<\/p>\n<p>Como ha se\u00f1alado Pi\u00f1\u00e1n durante su intervenci\u00f3n, la cercan\u00eda f\u00edsica del origen del Camino Primitivo y el Bellas Artes hace que sumen \u201cuna carga emblem\u00e1tica como enclave singular del patrimonio asturiano, lo que les ha convertido en iconos de excelencia\u201d.<\/p>\n<p>La ampliaci\u00f3n de la pinacoteca est\u00e1 encaminada a que el Bellas Artes se convierta en la cabeza visible de la oferta del turismo cultural en Asturias. La consejera ha recordado que el museo posee una colecci\u00f3n permanente de m\u00e1s de 15.000 obras de arte, y que en 2019 bati\u00f3 un r\u00e9cord hist\u00f3rico de afluencia de p\u00fablico con cerca de 112.000 visitas.<\/p>\n<p>Adem\u00e1s, ha reiterado la apuesta de su departamento por fomentar en el Xacobeo 2021-2022 una estrategia tur\u00edstica transversal e intensiva \u201cque pone el foco en los concejos y las localidades por donde transcurren las rutas jacobeas, con una programaci\u00f3n que a\u00fana numerosas citas culturales, itinerarios y acciones tur\u00edsticas dirigidas a promover un mayor conocimiento de nuestros Caminos de Santiago\u201d.<\/p>\n<h2>Proyecto de ampliaci\u00f3n<\/h2>\n<p>El proyecto de ampliaci\u00f3n del Bellas Artes, que estaba entre los compromisos prioritarios de la Consejer\u00eda de Cultura para esta legislatura, completar\u00e1 la adaptaci\u00f3n de la pinacoteca a la gran relevancia de su colecci\u00f3n art\u00edstica y garantizar\u00e1 la accesibilidad de todos sus espacios, adem\u00e1s de dotar al equipamiento de un sal\u00f3n actos.<\/p>\n<p>Concretamente, el proyecto mejorar\u00e1 la circulaci\u00f3n entre los tres edificios del museo: el Palacio Velarde, la Casa de Oviedo-Portal y el edificio Ampliaci\u00f3n. Asimismo, mejorar\u00e1 la organizaci\u00f3n de las salas de exposiciones, haci\u00e9ndolas lo m\u00e1s amplias, di\u00e1fanas y vers\u00e1tiles posibles, e incrementar\u00e1 la altura de estas salas y la del taller de restauraci\u00f3n. El plan contempla tambi\u00e9n la creaci\u00f3n del auditorio-sal\u00f3n de actos que permita desarrollar un completo programa de difusi\u00f3n y divulgaci\u00f3n cultural.<\/p>\n<p>Adem\u00e1s, se aumentar\u00e1 el espacio destinado al almac\u00e9n de obras de arte, lo que permitir\u00e1 contar con un amplio taller de carpinter\u00eda y un almac\u00e9n general para materiales de mantenimiento, expositivos, utillaje y maquinaria de transporte. El proyecto contempla, asimismo, un muelle para cargar y descargar las obras de arte.<\/p>\n<p>Con su ejecuci\u00f3n, se refuerza notablemente la oferta del turismo cultural patrimonial vinculada al Camino de Santiago en Oviedo, ciudad donde confluyen el Camino Primitivo, el Camino de la Costa (a trav\u00e9s del enlace de Sariego y Siero) y el Camino del Salvador.<\/p>\n<p>El Plan Nacional Tur\u00edstico Xacobeo 21-22 est\u00e1 dirigido a impulsar los Caminos de Santiago como producto cultural y patrimonial en todo el territorio nacional con una inversi\u00f3n que supera los 121 millones y que se finaciar\u00e1 con los fondos europeos Next Generation.<\/p>\n","protected":false},"excerpt":{"rendered":"<p>El Plan Nacional Tur\u00edstico Xacobeo 2021-2022 incluye entre sus inversiones m\u00e1s importantes en el cap\u00edtulo de rehabilitaci\u00f3n del patrimonio hist\u00f3rico la ampliaci\u00f3n del Museo de Bellas Artes de Asturias. As\u00ed lo ha anunciado hoy la ministra de Industria, Comercio y Turismo, Reyes Maroto, en un acto celebrado en el propio equipamiento y en el que [&hellip;]<\/p>\n","protected":false},"author":1,"featured_media":1094065,"comment_status":"closed","ping_status":"closed","sticky":false,"template":"","format":"standard","meta":{"footnotes":""},"categories":[12],"tags":[],"class_list":["post-1094067","post","type-post","status-publish","format-standard","has-post-thumbnail","hentry","category-actualidad-asturias"],"aioseo_notices":[],"aioseo_head":"\n\t\t<!-- All in One SEO Pro 5.0.1 - aioseo.com -->\n\t<meta name=\"description\" content=\"El Plan Nacional Tur\u00edstico Xacobeo 2021-2022 incluye entre sus inversiones m\u00e1s importantes en el cap\u00edtulo de rehabilitaci\u00f3n del patrimonio hist\u00f3rico la ampliaci\u00f3n\" \/>\n\t<meta name=\"robots\" content=\"max-image-preview:large\" \/>\n\t<meta name=\"author\" content=\"El Digital de Asturias\"\/>\n\t<meta name=\"google-site-verification\" content=\"UA-38556648-1\" \/>\n\t<meta name=\"msvalidate.01\" content=\"7dfe9f3f1b24437ab69f4f2559babe99\" \/>\n\t<meta name=\"keywords\" content=\"actualidad asturias\" \/>\n\t<link rel=\"canonical\" href=\"https:\/\/www.eldigitaldeasturias.com\/noticias\/ampliacion-del-museo-de-bellas-artes-de-asturias\/\" \/>\n\t<meta name=\"generator\" content=\"All in One SEO Pro (AIOSEO) 5.0.1\" \/>\n\t\t<meta property=\"og:locale\" content=\"es_ES\" \/>\n\t\t<meta property=\"og:site_name\" content=\"El Digital de Asturias\" \/>\n\t\t<meta property=\"og:type\" content=\"article\" \/>\n\t\t<meta property=\"og:title\" content=\"Ampliaci\u00f3n del Museo de Bellas Artes de Asturias - El Digital de Asturias\" \/>\n\t\t<meta property=\"og:description\" content=\"El Plan Nacional Tur\u00edstico Xacobeo 2021-2022 incluye entre sus inversiones m\u00e1s importantes en el cap\u00edtulo de rehabilitaci\u00f3n del patrimonio hist\u00f3rico la ampliaci\u00f3n\" \/>\n\t\t<meta property=\"og:url\" content=\"https:\/\/www.eldigitaldeasturias.com\/noticias\/ampliacion-del-museo-de-bellas-artes-de-asturias\/\" \/>\n\t\t<meta property=\"article:tag\" content=\"actualidad asturias\" \/>\n\t\t<meta property=\"article:published_time\" content=\"2021-06-18T21:46:13+00:00\" \/>\n\t\t<meta property=\"article:modified_time\" content=\"2021-06-18T21:46:13+00:00\" \/>\n\t\t<meta property=\"article:publisher\" content=\"https:\/\/facebook.com\/eldigitaldeasturias\" \/>\n\t\t<meta name=\"twitter:card\" content=\"summary_large_image\" \/>\n\t\t<meta name=\"twitter:title\" content=\"Ampliaci\u00f3n del Museo de Bellas Artes de Asturias - El Digital de Asturias\" \/>\n\t\t<meta name=\"twitter:description\" content=\"El Plan Nacional Tur\u00edstico Xacobeo 2021-2022 incluye entre sus inversiones m\u00e1s importantes en el cap\u00edtulo de rehabilitaci\u00f3n del patrimonio hist\u00f3rico la ampliaci\u00f3n\" \/>\n\t\t<meta name=\"twitter:image\" content=\"https:\/\/www.eldigitaldeasturias.com\/noticias\/wp-content\/uploads\/2020\/12\/EDA-1.jpg\" \/>\n\t\t<meta name=\"twitter:label1\" content=\"Escrito por\" \/>\n\t\t<meta name=\"twitter:data1\" content=\"El Digital de Asturias\" \/>\n\t\t<meta name=\"twitter:label2\" content=\"Tiempo de lectura estimado\" \/>\n\t\t<meta name=\"twitter:data2\" content=\"3 minutos\" \/>\n\t\t<script type=\"application\/ld+json\" class=\"aioseo-schema\">\n\t\t\t{\"@context\":\"https:\\\/\\\/schema.org\",\"@graph\":[{\"@type\":\"BlogPosting\",\"@id\":\"https:\\\/\\\/www.eldigitaldeasturias.com\\\/noticias\\\/ampliacion-del-museo-de-bellas-artes-de-asturias\\\/#blogposting\",\"name\":\"Ampliaci\\u00f3n del Museo de Bellas Artes de Asturias - El Digital de Asturias\",\"headline\":\"Ampliaci\\u00f3n del Museo de Bellas Artes de Asturias\",\"author\":{\"@id\":\"https:\\\/\\\/www.eldigitaldeasturias.com\\\/noticias\\\/author\\\/admin\\\/#author\"},\"publisher\":{\"@id\":\"https:\\\/\\\/www.eldigitaldeasturias.com\\\/noticias\\\/#organization\"},\"image\":{\"@type\":\"ImageObject\",\"url\":1094065},\"datePublished\":\"2021-06-18T22:46:13+02:00\",\"dateModified\":\"2021-06-18T22:46:13+02:00\",\"inLanguage\":\"es-ES\",\"mainEntityOfPage\":{\"@id\":\"https:\\\/\\\/www.eldigitaldeasturias.com\\\/noticias\\\/ampliacion-del-museo-de-bellas-artes-de-asturias\\\/#webpage\"},\"isPartOf\":{\"@id\":\"https:\\\/\\\/www.eldigitaldeasturias.com\\\/noticias\\\/ampliacion-del-museo-de-bellas-artes-de-asturias\\\/#webpage\"},\"articleSection\":\"Actualidad Asturias\"},{\"@type\":\"BreadcrumbList\",\"@id\":\"https:\\\/\\\/www.eldigitaldeasturias.com\\\/noticias\\\/ampliacion-del-museo-de-bellas-artes-de-asturias\\\/#breadcrumblist\",\"itemListElement\":[{\"@type\":\"ListItem\",\"@id\":\"https:\\\/\\\/www.eldigitaldeasturias.com\\\/noticias#listItem\",\"position\":1,\"name\":\"Home\",\"item\":\"https:\\\/\\\/www.eldigitaldeasturias.com\\\/noticias\",\"nextItem\":{\"@type\":\"ListItem\",\"@id\":\"https:\\\/\\\/www.eldigitaldeasturias.com\\\/noticias\\\/category\\\/actualidad-asturias\\\/#listItem\",\"name\":\"Actualidad Asturias\"}},{\"@type\":\"ListItem\",\"@id\":\"https:\\\/\\\/www.eldigitaldeasturias.com\\\/noticias\\\/category\\\/actualidad-asturias\\\/#listItem\",\"position\":2,\"name\":\"Actualidad Asturias\",\"item\":\"https:\\\/\\\/www.eldigitaldeasturias.com\\\/noticias\\\/category\\\/actualidad-asturias\\\/\",\"nextItem\":{\"@type\":\"ListItem\",\"@id\":\"https:\\\/\\\/www.eldigitaldeasturias.com\\\/noticias\\\/ampliacion-del-museo-de-bellas-artes-de-asturias\\\/#listItem\",\"name\":\"Ampliaci\\u00f3n del Museo de Bellas Artes de Asturias\"},\"previousItem\":{\"@type\":\"ListItem\",\"@id\":\"https:\\\/\\\/www.eldigitaldeasturias.com\\\/noticias#listItem\",\"name\":\"Home\"}},{\"@type\":\"ListItem\",\"@id\":\"https:\\\/\\\/www.eldigitaldeasturias.com\\\/noticias\\\/ampliacion-del-museo-de-bellas-artes-de-asturias\\\/#listItem\",\"position\":3,\"name\":\"Ampliaci\\u00f3n del Museo de Bellas Artes de Asturias\",\"previousItem\":{\"@type\":\"ListItem\",\"@id\":\"https:\\\/\\\/www.eldigitaldeasturias.com\\\/noticias\\\/category\\\/actualidad-asturias\\\/#listItem\",\"name\":\"Actualidad Asturias\"}}]},{\"@type\":\"Organization\",\"@id\":\"https:\\\/\\\/www.eldigitaldeasturias.com\\\/noticias\\\/#organization\",\"name\":\"El Digital de Asturias\",\"description\":\"Hemeroteca\",\"url\":\"https:\\\/\\\/www.eldigitaldeasturias.com\\\/noticias\\\/\",\"email\":\"info@eldigitaldeasturias.com\",\"telephone\":\"+34652131393\",\"logo\":{\"@type\":\"ImageObject\",\"url\":\"https:\\\/\\\/www.eldigitaldeasturias.com\\\/noticias\\\/wp-content\\\/uploads\\\/2020\\\/12\\\/EDA.jpg\",\"@id\":\"https:\\\/\\\/www.eldigitaldeasturias.com\\\/noticias\\\/ampliacion-del-museo-de-bellas-artes-de-asturias\\\/#organizationLogo\"},\"image\":{\"@id\":\"https:\\\/\\\/www.eldigitaldeasturias.com\\\/noticias\\\/ampliacion-del-museo-de-bellas-artes-de-asturias\\\/#organizationLogo\"},\"sameAs\":[\"https:\\\/\\\/facebook.com\\\/eldigitaldeasturias\",\"https:\\\/\\\/www.youtube.com\\\/channel\\\/UCZP-2wLEB9Rv6erhFmqVnvg\"],\"address\":{\"@id\":\"https:\\\/\\\/www.eldigitaldeasturias.com\\\/noticias\\\/#postaladdress\",\"@type\":\"PostalAddress\",\"streetAddress\":\"san antonio 4\",\"postalCode\":\"33430\",\"addressLocality\":\"Cand\\u00e1s\",\"addressRegion\":\"Asturias\",\"addressCountry\":\"ES\"}},{\"@type\":\"Person\",\"@id\":\"https:\\\/\\\/www.eldigitaldeasturias.com\\\/noticias\\\/author\\\/admin\\\/#author\",\"url\":\"https:\\\/\\\/www.eldigitaldeasturias.com\\\/noticias\\\/author\\\/admin\\\/\",\"name\":\"El Digital de Asturias\",\"image\":{\"@type\":\"ImageObject\",\"@id\":\"https:\\\/\\\/www.eldigitaldeasturias.com\\\/noticias\\\/ampliacion-del-museo-de-bellas-artes-de-asturias\\\/#authorImage\",\"url\":\"https:\\\/\\\/secure.gravatar.com\\\/avatar\\\/df2aeffc32bcd13f8d26072ef8a91b623d677766deac7f97ca815868cd41bf5e?s=96&d=mm&r=g\",\"width\":96,\"height\":96,\"caption\":\"El Digital de Asturias\"}},{\"@type\":\"WebPage\",\"@id\":\"https:\\\/\\\/www.eldigitaldeasturias.com\\\/noticias\\\/ampliacion-del-museo-de-bellas-artes-de-asturias\\\/#webpage\",\"url\":\"https:\\\/\\\/www.eldigitaldeasturias.com\\\/noticias\\\/ampliacion-del-museo-de-bellas-artes-de-asturias\\\/\",\"name\":\"Ampliaci\\u00f3n del Museo de Bellas Artes de Asturias - El Digital de Asturias\",\"description\":\"El Plan Nacional Tur\\u00edstico Xacobeo 2021-2022 incluye entre sus inversiones m\\u00e1s importantes en el cap\\u00edtulo de rehabilitaci\\u00f3n del patrimonio hist\\u00f3rico la ampliaci\\u00f3n\",\"inLanguage\":\"es-ES\",\"isPartOf\":{\"@id\":\"https:\\\/\\\/www.eldigitaldeasturias.com\\\/noticias\\\/#website\"},\"breadcrumb\":{\"@id\":\"https:\\\/\\\/www.eldigitaldeasturias.com\\\/noticias\\\/ampliacion-del-museo-de-bellas-artes-de-asturias\\\/#breadcrumblist\"},\"author\":{\"@id\":\"https:\\\/\\\/www.eldigitaldeasturias.com\\\/noticias\\\/author\\\/admin\\\/#author\"},\"creator\":{\"@id\":\"https:\\\/\\\/www.eldigitaldeasturias.com\\\/noticias\\\/author\\\/admin\\\/#author\"},\"image\":{\"@type\":\"ImageObject\",\"url\":1094065,\"@id\":\"https:\\\/\\\/www.eldigitaldeasturias.com\\\/noticias\\\/ampliacion-del-museo-de-bellas-artes-de-asturias\\\/#mainImage\"},\"primaryImageOfPage\":{\"@id\":\"https:\\\/\\\/www.eldigitaldeasturias.com\\\/noticias\\\/ampliacion-del-museo-de-bellas-artes-de-asturias\\\/#mainImage\"},\"datePublished\":\"2021-06-18T22:46:13+02:00\",\"dateModified\":\"2021-06-18T22:46:13+02:00\"},{\"@type\":\"WebSite\",\"@id\":\"https:\\\/\\\/www.eldigitaldeasturias.com\\\/noticias\\\/#website\",\"url\":\"https:\\\/\\\/www.eldigitaldeasturias.com\\\/noticias\\\/\",\"name\":\"El Digital de Asturias - Diario de actualidad y noticias\",\"alternateName\":\"El Digital de Asturias - Diario de actualidad y noticias\",\"description\":\"Hemeroteca\",\"inLanguage\":\"es-ES\",\"publisher\":{\"@id\":\"https:\\\/\\\/www.eldigitaldeasturias.com\\\/noticias\\\/#organization\"}}]}\n\t\t<\/script>\n\t\t<!-- All in One SEO Pro -->\r\n\t\t<title>Ampliaci\u00f3n del Museo de Bellas Artes de Asturias - El Digital de Asturias<\/title>\n\n","aioseo_head_json":{"title":"Ampliaci\u00f3n del Museo de Bellas Artes de Asturias - El Digital de Asturias","description":"El Plan Nacional Tur\u00edstico Xacobeo 2021-2022 incluye entre sus inversiones m\u00e1s importantes en el cap\u00edtulo de rehabilitaci\u00f3n del patrimonio hist\u00f3rico la ampliaci\u00f3n","canonical_url":"https:\/\/www.eldigitaldeasturias.com\/noticias\/ampliacion-del-museo-de-bellas-artes-de-asturias\/","robots":"max-image-preview:large","keywords":"actualidad asturias","webmasterTools":{"google-site-verification":"UA-38556648-1","msvalidate.01":"7dfe9f3f1b24437ab69f4f2559babe99","miscellaneous":""},"schema":{"@context":"https:\/\/schema.org","@graph":[{"@type":"BlogPosting","@id":"https:\/\/www.eldigitaldeasturias.com\/noticias\/ampliacion-del-museo-de-bellas-artes-de-asturias\/#blogposting","name":"Ampliaci\u00f3n del Museo de Bellas Artes de Asturias - El Digital de Asturias","headline":"Ampliaci\u00f3n del Museo de Bellas Artes de Asturias","author":{"@id":"https:\/\/www.eldigitaldeasturias.com\/noticias\/author\/admin\/#author"},"publisher":{"@id":"https:\/\/www.eldigitaldeasturias.com\/noticias\/#organization"},"image":{"@type":"ImageObject","url":1094065},"datePublished":"2021-06-18T22:46:13+02:00","dateModified":"2021-06-18T22:46:13+02:00","inLanguage":"es-ES","mainEntityOfPage":{"@id":"https:\/\/www.eldigitaldeasturias.com\/noticias\/ampliacion-del-museo-de-bellas-artes-de-asturias\/#webpage"},"isPartOf":{"@id":"https:\/\/www.eldigitaldeasturias.com\/noticias\/ampliacion-del-museo-de-bellas-artes-de-asturias\/#webpage"},"articleSection":"Actualidad Asturias"},{"@type":"BreadcrumbList","@id":"https:\/\/www.eldigitaldeasturias.com\/noticias\/ampliacion-del-museo-de-bellas-artes-de-asturias\/#breadcrumblist","itemListElement":[{"@type":"ListItem","@id":"https:\/\/www.eldigitaldeasturias.com\/noticias#listItem","position":1,"name":"Home","item":"https:\/\/www.eldigitaldeasturias.com\/noticias","nextItem":{"@type":"ListItem","@id":"https:\/\/www.eldigitaldeasturias.com\/noticias\/category\/actualidad-asturias\/#listItem","name":"Actualidad Asturias"}},{"@type":"ListItem","@id":"https:\/\/www.eldigitaldeasturias.com\/noticias\/category\/actualidad-asturias\/#listItem","position":2,"name":"Actualidad Asturias","item":"https:\/\/www.eldigitaldeasturias.com\/noticias\/category\/actualidad-asturias\/","nextItem":{"@type":"ListItem","@id":"https:\/\/www.eldigitaldeasturias.com\/noticias\/ampliacion-del-museo-de-bellas-artes-de-asturias\/#listItem","name":"Ampliaci\u00f3n del Museo de Bellas Artes de Asturias"},"previousItem":{"@type":"ListItem","@id":"https:\/\/www.eldigitaldeasturias.com\/noticias#listItem","name":"Home"}},{"@type":"ListItem","@id":"https:\/\/www.eldigitaldeasturias.com\/noticias\/ampliacion-del-museo-de-bellas-artes-de-asturias\/#listItem","position":3,"name":"Ampliaci\u00f3n del Museo de Bellas Artes de Asturias","previousItem":{"@type":"ListItem","@id":"https:\/\/www.eldigitaldeasturias.com\/noticias\/category\/actualidad-asturias\/#listItem","name":"Actualidad Asturias"}}]},{"@type":"Organization","@id":"https:\/\/www.eldigitaldeasturias.com\/noticias\/#organization","name":"El Digital de Asturias","description":"Hemeroteca","url":"https:\/\/www.eldigitaldeasturias.com\/noticias\/","email":"info@eldigitaldeasturias.com","telephone":"+34652131393","logo":{"@type":"ImageObject","url":"https:\/\/www.eldigitaldeasturias.com\/noticias\/wp-content\/uploads\/2020\/12\/EDA.jpg","@id":"https:\/\/www.eldigitaldeasturias.com\/noticias\/ampliacion-del-museo-de-bellas-artes-de-asturias\/#organizationLogo"},"image":{"@id":"https:\/\/www.eldigitaldeasturias.com\/noticias\/ampliacion-del-museo-de-bellas-artes-de-asturias\/#organizationLogo"},"sameAs":["https:\/\/facebook.com\/eldigitaldeasturias","https:\/\/www.youtube.com\/channel\/UCZP-2wLEB9Rv6erhFmqVnvg"],"address":{"@id":"https:\/\/www.eldigitaldeasturias.com\/noticias\/#postaladdress","@type":"PostalAddress","streetAddress":"san antonio 4","postalCode":"33430","addressLocality":"Cand\u00e1s","addressRegion":"Asturias","addressCountry":"ES"}},{"@type":"Person","@id":"https:\/\/www.eldigitaldeasturias.com\/noticias\/author\/admin\/#author","url":"https:\/\/www.eldigitaldeasturias.com\/noticias\/author\/admin\/","name":"El Digital de Asturias","image":{"@type":"ImageObject","@id":"https:\/\/www.eldigitaldeasturias.com\/noticias\/ampliacion-del-museo-de-bellas-artes-de-asturias\/#authorImage","url":"https:\/\/secure.gravatar.com\/avatar\/df2aeffc32bcd13f8d26072ef8a91b623d677766deac7f97ca815868cd41bf5e?s=96&d=mm&r=g","width":96,"height":96,"caption":"El Digital de Asturias"}},{"@type":"WebPage","@id":"https:\/\/www.eldigitaldeasturias.com\/noticias\/ampliacion-del-museo-de-bellas-artes-de-asturias\/#webpage","url":"https:\/\/www.eldigitaldeasturias.com\/noticias\/ampliacion-del-museo-de-bellas-artes-de-asturias\/","name":"Ampliaci\u00f3n del Museo de Bellas Artes de Asturias - El Digital de Asturias","description":"El Plan Nacional Tur\u00edstico Xacobeo 2021-2022 incluye entre sus inversiones m\u00e1s importantes en el cap\u00edtulo de rehabilitaci\u00f3n del patrimonio hist\u00f3rico la ampliaci\u00f3n","inLanguage":"es-ES","isPartOf":{"@id":"https:\/\/www.eldigitaldeasturias.com\/noticias\/#website"},"breadcrumb":{"@id":"https:\/\/www.eldigitaldeasturias.com\/noticias\/ampliacion-del-museo-de-bellas-artes-de-asturias\/#breadcrumblist"},"author":{"@id":"https:\/\/www.eldigitaldeasturias.com\/noticias\/author\/admin\/#author"},"creator":{"@id":"https:\/\/www.eldigitaldeasturias.com\/noticias\/author\/admin\/#author"},"image":{"@type":"ImageObject","url":1094065,"@id":"https:\/\/www.eldigitaldeasturias.com\/noticias\/ampliacion-del-museo-de-bellas-artes-de-asturias\/#mainImage"},"primaryImageOfPage":{"@id":"https:\/\/www.eldigitaldeasturias.com\/noticias\/ampliacion-del-museo-de-bellas-artes-de-asturias\/#mainImage"},"datePublished":"2021-06-18T22:46:13+02:00","dateModified":"2021-06-18T22:46:13+02:00"},{"@type":"WebSite","@id":"https:\/\/www.eldigitaldeasturias.com\/noticias\/#website","url":"https:\/\/www.eldigitaldeasturias.com\/noticias\/","name":"El Digital de Asturias - Diario de actualidad y noticias","alternateName":"El Digital de Asturias - Diario de actualidad y noticias","description":"Hemeroteca","inLanguage":"es-ES","publisher":{"@id":"https:\/\/www.eldigitaldeasturias.com\/noticias\/#organization"}}]},"og:locale":"es_ES","og:site_name":"El Digital de Asturias","og:type":"article","og:title":"Ampliaci\u00f3n del Museo de Bellas Artes de Asturias - El Digital de Asturias","og:description":"El Plan Nacional Tur\u00edstico Xacobeo 2021-2022 incluye entre sus inversiones m\u00e1s importantes en el cap\u00edtulo de rehabilitaci\u00f3n del patrimonio hist\u00f3rico la ampliaci\u00f3n","og:url":"https:\/\/www.eldigitaldeasturias.com\/noticias\/ampliacion-del-museo-de-bellas-artes-de-asturias\/","article:tag":["actualidad asturias"],"article:published_time":"2021-06-18T21:46:13+00:00","article:modified_time":"2021-06-18T21:46:13+00:00","article:publisher":"https:\/\/facebook.com\/eldigitaldeasturias","twitter:card":"summary_large_image","twitter:title":"Ampliaci\u00f3n del Museo de Bellas Artes de Asturias - El Digital de Asturias","twitter:description":"El Plan Nacional Tur\u00edstico Xacobeo 2021-2022 incluye entre sus inversiones m\u00e1s importantes en el cap\u00edtulo de rehabilitaci\u00f3n del patrimonio hist\u00f3rico la ampliaci\u00f3n","twitter:image":"https:\/\/www.eldigitaldeasturias.com\/noticias\/wp-content\/uploads\/2020\/12\/EDA-1.jpg","twitter:label1":"Escrito por","twitter:data1":"El Digital de Asturias","twitter:label2":"Tiempo de lectura estimado","twitter:data2":"3 minutos"},"aioseo_meta_data":{"post_id":"1094067","title":null,"description":"El Plan Nacional Tur\u00edstico Xacobeo 2021-2022 incluye entre sus inversiones m\u00e1s importantes en el cap\u00edtulo de rehabilitaci\u00f3n del patrimonio hist\u00f3rico la ampliaci\u00f3n","keywords":[],"keyphrases":{"focus":{"keyphrase":"Xacobeo","score":78,"analysis":{"keyphraseInTitle":{"title":"Frase clave objetivo en el t\u00edtulo SEO","description":"Frase clave objetivo no se encuentra en el t\u00edtulo SEO.","score":3,"maxScore":9,"error":1},"keyphraseInDescription":{"title":"Frase clave objetivo en la meta descripci\u00f3n","description":"Frase clave objetivo encontrada en la meta descripci\u00f3n.","score":9,"maxScore":9,"error":0},"keyphraseInURL":[],"keyphraseInIntroduction":{"title":"Frase clave objetivo en la introducci\u00f3n","description":"Su Frase clave objetivo aparece en el primer p\u00e1rrafo. \u00a1Bien hecho!","score":9,"maxScore":9,"error":0},"keyphraseInSubHeadings":{"title":"Frase clave objetivo sus subt\u00edtulos","description":"Use your focus keyphrase more in your H2 and H3 subheadings.","score":3,"maxScore":9,"error":1},"keyphraseLength":{"title":"Longitud de la Frase clave objetivo","description":"\u00a1Buen trabajo!","score":9,"maxScore":9,"error":0,"length":1},"keyphraseInImageAlt":{"title":"Frase clave objetivo en los atributos alt de la imagen.","description":"Frase clave objetivo encontrada en los atributos alt de la(s) imagen(es).","score":9,"maxScore":9,"error":0}}},"additional":[{"keyphrase":"Plan Nacional Tur\u00edstico","score":83,"analysis":{"keyphraseInDescription":{"title":"Frase clave en la meta descripci\u00f3n","description":"Frase clave encontrada en la meta descripci\u00f3n.","score":9,"maxScore":9,"error":0},"keyphraseInIntroduction":{"title":"Frase clave en la introducci\u00f3n","description":"Su Frase clave aparece en el primer p\u00e1rrafo. \u00a1Bien hecho!","score":9,"maxScore":9,"error":0},"keyphraseInImageAlt":{"title":"Frase clave en los atributos alt de la imagen.","description":"Frase clave no se encuentra en los atributos alt de la imagen. A\u00f1ada una imagen con su Frase clave como texto alternativo.","score":3,"maxScore":9,"error":1},"keyphraseLength":{"title":"Longitud de la Frase clave","description":"\u00a1Buen trabajo!","score":9,"maxScore":9,"error":0,"length":3}}}]},"primary_term":null,"canonical_url":null,"og_title":null,"og_description":null,"og_object_type":"default","og_image_type":"default","og_image_url":null,"og_image_width":null,"og_image_height":null,"og_image_custom_url":null,"og_image_custom_fields":null,"og_video":"","og_custom_url":null,"og_article_section":null,"og_article_tags":[],"twitter_use_og":false,"twitter_card":"default","twitter_image_type":"default","twitter_image_url":null,"twitter_image_custom_url":null,"twitter_image_custom_fields":null,"twitter_title":null,"twitter_description":null,"schema":{"blockGraphs":[],"customGraphs":[],"default":{"data":{"Article":[],"Course":[],"Dataset":[],"FAQPage":[],"Movie":[],"Person":[],"Product":[],"ProductReview":[],"Car":[],"Recipe":[],"Service":[],"SoftwareApplication":[],"WebPage":[]},"graphName":"","isEnabled":true},"graphs":[],"defaultGraph":"Article","defaultPostTypeGraph":""},"schema_type":"default","schema_type_options":"{\"article\":{\"articleType\":\"BlogPosting\"},\"course\":{\"name\":\"\",\"description\":\"\",\"provider\":\"\"},\"faq\":{\"pages\":[]},\"product\":{\"reviews\":[]},\"recipe\":{\"ingredients\":[],\"instructions\":[],\"keywords\":[]},\"software\":{\"reviews\":[],\"operatingSystems\":[]},\"webPage\":{\"webPageType\":\"WebPage\"}}","pillar_content":false,"robots_default":true,"robots_noindex":false,"robots_noarchive":false,"robots_nosnippet":false,"robots_nofollow":false,"robots_noimageindex":false,"robots_noodp":false,"robots_notranslate":false,"robots_max_snippet":"-1","robots_max_videopreview":"-1","robots_max_imagepreview":"large","priority":null,"frequency":"default","local_seo":{"locations":{"business":{"name":"","businessType":"","image":"","areaServed":"","urls":{"website":"","aboutPage":"","contactPage":""},"address":{"streetLine1":"","streetLine2":"","zipCode":"","city":"","state":"","country":"","addressFormat":"#streetLineOne\n#streetLineTwo\n#city, #state #zipCode"},"contact":{"email":"","phone":"","phoneFormatted":"","fax":"","faxFormatted":""},"ids":{"vat":"","tax":"","chamberOfCommerce":""},"payment":{"priceRange":"","currenciesAccepted":"","methods":""}}},"openingHours":{"useDefaults":true,"show":true,"alwaysOpen":false,"use24hFormat":false,"timezone":"","labels":{"closed":"","alwaysOpen":""},"days":{"monday":{"open24h":false,"closed":false,"openTime":"09:00","closeTime":"17:00"},"tuesday":{"open24h":false,"closed":false,"openTime":"09:00","closeTime":"17:00"},"wednesday":{"open24h":false,"closed":false,"openTime":"09:00","closeTime":"17:00"},"thursday":{"open24h":false,"closed":false,"openTime":"09:00","closeTime":"17:00"},"friday":{"open24h":false,"closed":false,"openTime":"09:00","closeTime":"17:00"},"saturday":{"open24h":false,"closed":false,"openTime":"09:00","closeTime":"17:00"},"sunday":{"open24h":false,"closed":false,"openTime":"09:00","closeTime":"17:00"}}}},"seo_analyzer_scan_date":"2026-07-18 21:49:11","breadcrumb_settings":null,"limit_modified_date":false,"open_ai":null,"ai":null,"created":"2021-06-18 21:44:23","updated":"2026-07-18 21:49:11","focus_keyword":"Xacobeo","additional_keywords":[{"word":"Plan Nacional Tur\u00edstico","score":83}],"truseo_locale":null},"aioseo_breadcrumb":"<div class=\"aioseo-breadcrumbs\"><span class=\"aioseo-breadcrumb\">\n\t<a href=\"https:\/\/www.eldigitaldeasturias.com\/noticias\" title=\"Home\">Home<\/a>\n<\/span><span class=\"aioseo-breadcrumb-separator\">\u2013<\/span><span class=\"aioseo-breadcrumb\">\n\t<a href=\"https:\/\/www.eldigitaldeasturias.com\/noticias\/category\/actualidad-asturias\/\" title=\"Actualidad Asturias\">Actualidad Asturias<\/a>\n<\/span><span class=\"aioseo-breadcrumb-separator\">\u2013<\/span><span class=\"aioseo-breadcrumb\">\n\t<a href=\"https:\/\/www.eldigitaldeasturias.com\/noticias\/ampliacion-del-museo-de-bellas-artes-de-asturias\/\" title=\"Ampliaci\u00f3n del Museo de Bellas Artes de Asturias\">Ampliaci\u00f3n del Museo de Bellas Artes de Asturias<\/a>\n<\/span><\/div>","aioseo_breadcrumb_json":[{"label":"Home","link":"https:\/\/www.eldigitaldeasturias.com\/noticias"},{"label":"Actualidad Asturias","link":"https:\/\/www.eldigitaldeasturias.com\/noticias\/category\/actualidad-asturias\/"},{"label":"Ampliaci\u00f3n del Museo de Bellas Artes de Asturias","link":"https:\/\/www.eldigitaldeasturias.com\/noticias\/ampliacion-del-museo-de-bellas-artes-de-asturias\/"}],"_links":{"self":[{"href":"https:\/\/www.eldigitaldeasturias.com\/noticias\/wp-json\/wp\/v2\/posts\/1094067","targetHints":{"allow":["GET"]}}],"collection":[{"href":"https:\/\/www.eldigitaldeasturias.com\/noticias\/wp-json\/wp\/v2\/posts"}],"about":[{"href":"https:\/\/www.eldigitaldeasturias.com\/noticias\/wp-json\/wp\/v2\/types\/post"}],"author":[{"embeddable":true,"href":"https:\/\/www.eldigitaldeasturias.com\/noticias\/wp-json\/wp\/v2\/users\/1"}],"replies":[{"embeddable":true,"href":"https:\/\/www.eldigitaldeasturias.com\/noticias\/wp-json\/wp\/v2\/comments?post=1094067"}],"version-history":[{"count":0,"href":"https:\/\/www.eldigitaldeasturias.com\/noticias\/wp-json\/wp\/v2\/posts\/1094067\/revisions"}],"wp:attachment":[{"href":"https:\/\/www.eldigitaldeasturias.com\/noticias\/wp-json\/wp\/v2\/media?parent=1094067"}],"wp:term":[{"taxonomy":"category","embeddable":true,"href":"https:\/\/www.eldigitaldeasturias.com\/noticias\/wp-json\/wp\/v2\/categories?post=1094067"},{"taxonomy":"post_tag","embeddable":true,"href":"https:\/\/www.eldigitaldeasturias.com\/noticias\/wp-json\/wp\/v2\/tags?post=1094067"}],"curies":[{"name":"wp","href":"https:\/\/api.w.org\/{rel}","templated":true}]}}