{"id":1094030,"date":"2021-06-18T17:26:00","date_gmt":"2021-06-18T16:26:00","guid":{"rendered":"https:\/\/www.eldigitaldeasturias.com\/noticias\/?p=1094030"},"modified":"2021-06-18T17:26:00","modified_gmt":"2021-06-18T16:26:00","slug":"cangas-del-narcea-renueva-el-convenio-con-apesa","status":"publish","type":"post","link":"https:\/\/www.eldigitaldeasturias.com\/noticias\/cangas-del-narcea-renueva-el-convenio-con-apesa\/","title":{"rendered":"Cangas del Narcea renueva el convenio con APESA"},"content":{"rendered":"<p><img loading=\"lazy\" decoding=\"async\" class=\"alignleft size-medium wp-image-1094031\" src=\"https:\/\/www.eldigitaldeasturias.com\/noticias\/wp-content\/uploads\/2021\/06\/Cangas-renueva-el-convenio-con-APESA-360x261.jpg\" alt=\"Cangas renueva el convenio con APESA\" width=\"360\" height=\"261\" \/>El alcalde de Cangas del Narcea, Jos\u00e9 V\u00edctor Rodr\u00edguez, ha firmado esta ma\u00f1ana el <strong>convenio de colaboraci\u00f3n para el fomento de la actividad de la Asociaci\u00f3n de Profesionales y Empresarios Aut\u00f3nomos del Suroccidente Asturiano<\/strong> (APESA), que recibir\u00e1 6.000 euros de las arcas municipales. Una cantidad que se mantiene con respecto al a\u00f1o pasado, cuando el Consistorio increment\u00f3 en 2.000 euros la subvenci\u00f3n para ayudar al colectivo en plena crisis.<\/p>\n<p><strong>Rodr\u00edguez ha felicitado a los empresarios por la uni\u00f3n y el buen hacer en las diferentes campa\u00f1as y por la puesta en marcha de la web apesaencasa.com<\/strong> y pidi\u00f3 a todos los vecinos que apoyen al comercio local y de proximidad, \u00abque tiene todas las garant\u00edas de una gran superficie, pero con un trato m\u00e1s cercano y amable\u00bb. Por su parte el presidente de APESA, H\u00e9ctor D\u00edaz, manifest\u00f3 que, \u201ces un convenio importante para poder financiar las actividades que desarrollamos desde la asociaci\u00f3n a lo largo del a\u00f1o\u201d, ha dicho agradeciendo al Consistorio la aportaci\u00f3n econ\u00f3mica.<\/p>\n<p><strong>El alcalde tambi\u00e9n aprovech\u00f3 para anunciar a los comerciantes que el Ayuntamiento cangu\u00e9s ha elaborado un proyecto de modernizaci\u00f3n del comercio, denominado \u2018Cangas Comercio Natural\u2019<\/strong>, para optar a las ayudas del Ministerio de Industria, Comercio y Turismo, que podr\u00edan traer al concejo 72.000 euros para implantar una red wifi p\u00fablica, paneles informativos sobre la comarca o las plazas de estacionamiento libres en cada zona de la villa, as\u00ed como la creaci\u00f3n de una APP que facilite a vecinos y visitantes las compras en el comercio local. \u201cEs fundamental estar al d\u00eda con las nuevas tecnolog\u00edas y la plataforma apesaencasa.com lo ha demostrado\u201d, ha expuesto Rodr\u00edguez tras la firma.<\/p>\n<p>En el convenio los comerciantes se comprometen a realizar las campa\u00f1as de Navidad, del Black Friday o Decor-Arte, esta \u00faltima se iniciar\u00e1 el pr\u00f3ximo viernes con promociones y descuentos hasta el 3 de julio. Tambi\u00e9n se pretende dar un impulso a la tarjeta de fidelizaci\u00f3n, que ya cuenta con m\u00e1s de medio millar de clientes y dar a conocer los negocios, a trav\u00e9s de la campa\u00f1a puesta en marcha en redes sociales, \u2018Tu cara me suena\u2019, con la que se da a conocer otros aspectos de 53 establecimientos. El dinero de la subvenci\u00f3n tambi\u00e9n podr\u00e1 cubrir gastos de gesti\u00f3n y funcionamiento del colectivo y las campa\u00f1as para incentivar las compras en el comercio de proximidad. Adem\u00e1s parte de esta subvenci\u00f3n ayudar\u00e1 a la asociaci\u00f3n de empresarios a paliar la crisis provocada por la Covid-19 y garantizar la supervivencia del colectivo.<\/p>\n<p>&nbsp;<\/p>\n","protected":false},"excerpt":{"rendered":"<p>El alcalde de Cangas del Narcea, Jos\u00e9 V\u00edctor Rodr\u00edguez, ha firmado esta ma\u00f1ana el convenio de colaboraci\u00f3n para el fomento de la actividad de la Asociaci\u00f3n de Profesionales y Empresarios Aut\u00f3nomos del Suroccidente Asturiano (APESA), que recibir\u00e1 6.000 euros de las arcas municipales. Una cantidad que se mantiene con respecto al a\u00f1o pasado, cuando el [&hellip;]<\/p>\n","protected":false},"author":1,"featured_media":1094031,"comment_status":"closed","ping_status":"closed","sticky":false,"template":"","format":"standard","meta":{"footnotes":""},"categories":[12],"tags":[],"class_list":["post-1094030","post","type-post","status-publish","format-standard","has-post-thumbnail","hentry","category-actualidad-asturias"],"aioseo_notices":[],"aioseo_head":"\n\t\t<!-- All in One SEO Pro 5.0.1 - aioseo.com -->\n\t<meta name=\"description\" content=\"El alcalde de Cangas del Narcea, Jos\u00e9 V\u00edctor Rodr\u00edguez, ha firmado esta ma\u00f1ana el convenio de colaboraci\u00f3n para el fomento de la actividad de la APESA\" \/>\n\t<meta name=\"robots\" content=\"max-image-preview:large\" \/>\n\t<meta name=\"author\" content=\"El Digital de Asturias\"\/>\n\t<meta name=\"google-site-verification\" content=\"UA-38556648-1\" \/>\n\t<meta name=\"msvalidate.01\" content=\"7dfe9f3f1b24437ab69f4f2559babe99\" \/>\n\t<meta name=\"keywords\" content=\"actualidad asturias\" \/>\n\t<link rel=\"canonical\" href=\"https:\/\/www.eldigitaldeasturias.com\/noticias\/cangas-del-narcea-renueva-el-convenio-con-apesa\/\" \/>\n\t<meta name=\"generator\" content=\"All in One SEO Pro (AIOSEO) 5.0.1\" \/>\n\t\t<meta property=\"og:locale\" content=\"es_ES\" \/>\n\t\t<meta property=\"og:site_name\" content=\"El Digital de Asturias\" \/>\n\t\t<meta property=\"og:type\" content=\"article\" \/>\n\t\t<meta property=\"og:title\" content=\"Cangas del Narcea renueva el convenio con APESA - El Digital de Asturias\" \/>\n\t\t<meta property=\"og:description\" content=\"El alcalde de Cangas del Narcea, Jos\u00e9 V\u00edctor Rodr\u00edguez, ha firmado esta ma\u00f1ana el convenio de colaboraci\u00f3n para el fomento de la actividad de la APESA\" \/>\n\t\t<meta property=\"og:url\" content=\"https:\/\/www.eldigitaldeasturias.com\/noticias\/cangas-del-narcea-renueva-el-convenio-con-apesa\/\" \/>\n\t\t<meta property=\"article:tag\" content=\"actualidad asturias\" \/>\n\t\t<meta property=\"article:published_time\" content=\"2021-06-18T16:26:00+00:00\" \/>\n\t\t<meta property=\"article:modified_time\" content=\"2021-06-18T16:26:00+00:00\" \/>\n\t\t<meta property=\"article:publisher\" content=\"https:\/\/facebook.com\/eldigitaldeasturias\" \/>\n\t\t<meta name=\"twitter:card\" content=\"summary_large_image\" \/>\n\t\t<meta name=\"twitter:title\" content=\"Cangas del Narcea renueva el convenio con APESA - El Digital de Asturias\" \/>\n\t\t<meta name=\"twitter:description\" content=\"El alcalde de Cangas del Narcea, Jos\u00e9 V\u00edctor Rodr\u00edguez, ha firmado esta ma\u00f1ana el convenio de colaboraci\u00f3n para el fomento de la actividad de la APESA\" \/>\n\t\t<meta name=\"twitter:image\" content=\"https:\/\/www.eldigitaldeasturias.com\/noticias\/wp-content\/uploads\/2020\/12\/EDA-1.jpg\" \/>\n\t\t<meta name=\"twitter:label1\" content=\"Escrito por\" \/>\n\t\t<meta name=\"twitter:data1\" content=\"El Digital de Asturias\" \/>\n\t\t<meta name=\"twitter:label2\" content=\"Tiempo de lectura estimado\" \/>\n\t\t<meta name=\"twitter:data2\" content=\"2 minutos\" \/>\n\t\t<script type=\"application\/ld+json\" class=\"aioseo-schema\">\n\t\t\t{\"@context\":\"https:\\\/\\\/schema.org\",\"@graph\":[{\"@type\":\"BlogPosting\",\"@id\":\"https:\\\/\\\/www.eldigitaldeasturias.com\\\/noticias\\\/cangas-del-narcea-renueva-el-convenio-con-apesa\\\/#blogposting\",\"name\":\"Cangas del Narcea renueva el convenio con APESA - El Digital de Asturias\",\"headline\":\"Cangas del Narcea renueva el convenio con APESA\",\"author\":{\"@id\":\"https:\\\/\\\/www.eldigitaldeasturias.com\\\/noticias\\\/author\\\/admin\\\/#author\"},\"publisher\":{\"@id\":\"https:\\\/\\\/www.eldigitaldeasturias.com\\\/noticias\\\/#organization\"},\"image\":{\"@type\":\"ImageObject\",\"url\":1094031},\"datePublished\":\"2021-06-18T17:26:00+02:00\",\"dateModified\":\"2021-06-18T17:26:00+02:00\",\"inLanguage\":\"es-ES\",\"mainEntityOfPage\":{\"@id\":\"https:\\\/\\\/www.eldigitaldeasturias.com\\\/noticias\\\/cangas-del-narcea-renueva-el-convenio-con-apesa\\\/#webpage\"},\"isPartOf\":{\"@id\":\"https:\\\/\\\/www.eldigitaldeasturias.com\\\/noticias\\\/cangas-del-narcea-renueva-el-convenio-con-apesa\\\/#webpage\"},\"articleSection\":\"Actualidad Asturias\"},{\"@type\":\"BreadcrumbList\",\"@id\":\"https:\\\/\\\/www.eldigitaldeasturias.com\\\/noticias\\\/cangas-del-narcea-renueva-el-convenio-con-apesa\\\/#breadcrumblist\",\"itemListElement\":[{\"@type\":\"ListItem\",\"@id\":\"https:\\\/\\\/www.eldigitaldeasturias.com\\\/noticias#listItem\",\"position\":1,\"name\":\"Home\",\"item\":\"https:\\\/\\\/www.eldigitaldeasturias.com\\\/noticias\",\"nextItem\":{\"@type\":\"ListItem\",\"@id\":\"https:\\\/\\\/www.eldigitaldeasturias.com\\\/noticias\\\/category\\\/actualidad-asturias\\\/#listItem\",\"name\":\"Actualidad Asturias\"}},{\"@type\":\"ListItem\",\"@id\":\"https:\\\/\\\/www.eldigitaldeasturias.com\\\/noticias\\\/category\\\/actualidad-asturias\\\/#listItem\",\"position\":2,\"name\":\"Actualidad Asturias\",\"item\":\"https:\\\/\\\/www.eldigitaldeasturias.com\\\/noticias\\\/category\\\/actualidad-asturias\\\/\",\"nextItem\":{\"@type\":\"ListItem\",\"@id\":\"https:\\\/\\\/www.eldigitaldeasturias.com\\\/noticias\\\/cangas-del-narcea-renueva-el-convenio-con-apesa\\\/#listItem\",\"name\":\"Cangas del Narcea renueva el convenio con APESA\"},\"previousItem\":{\"@type\":\"ListItem\",\"@id\":\"https:\\\/\\\/www.eldigitaldeasturias.com\\\/noticias#listItem\",\"name\":\"Home\"}},{\"@type\":\"ListItem\",\"@id\":\"https:\\\/\\\/www.eldigitaldeasturias.com\\\/noticias\\\/cangas-del-narcea-renueva-el-convenio-con-apesa\\\/#listItem\",\"position\":3,\"name\":\"Cangas del Narcea renueva el convenio con APESA\",\"previousItem\":{\"@type\":\"ListItem\",\"@id\":\"https:\\\/\\\/www.eldigitaldeasturias.com\\\/noticias\\\/category\\\/actualidad-asturias\\\/#listItem\",\"name\":\"Actualidad Asturias\"}}]},{\"@type\":\"Organization\",\"@id\":\"https:\\\/\\\/www.eldigitaldeasturias.com\\\/noticias\\\/#organization\",\"name\":\"El Digital de Asturias\",\"description\":\"Hemeroteca\",\"url\":\"https:\\\/\\\/www.eldigitaldeasturias.com\\\/noticias\\\/\",\"email\":\"info@eldigitaldeasturias.com\",\"telephone\":\"+34652131393\",\"logo\":{\"@type\":\"ImageObject\",\"url\":\"https:\\\/\\\/www.eldigitaldeasturias.com\\\/noticias\\\/wp-content\\\/uploads\\\/2020\\\/12\\\/EDA.jpg\",\"@id\":\"https:\\\/\\\/www.eldigitaldeasturias.com\\\/noticias\\\/cangas-del-narcea-renueva-el-convenio-con-apesa\\\/#organizationLogo\"},\"image\":{\"@id\":\"https:\\\/\\\/www.eldigitaldeasturias.com\\\/noticias\\\/cangas-del-narcea-renueva-el-convenio-con-apesa\\\/#organizationLogo\"},\"sameAs\":[\"https:\\\/\\\/facebook.com\\\/eldigitaldeasturias\",\"https:\\\/\\\/www.youtube.com\\\/channel\\\/UCZP-2wLEB9Rv6erhFmqVnvg\"],\"address\":{\"@id\":\"https:\\\/\\\/www.eldigitaldeasturias.com\\\/noticias\\\/#postaladdress\",\"@type\":\"PostalAddress\",\"streetAddress\":\"san antonio 4\",\"postalCode\":\"33430\",\"addressLocality\":\"Cand\\u00e1s\",\"addressRegion\":\"Asturias\",\"addressCountry\":\"ES\"}},{\"@type\":\"Person\",\"@id\":\"https:\\\/\\\/www.eldigitaldeasturias.com\\\/noticias\\\/author\\\/admin\\\/#author\",\"url\":\"https:\\\/\\\/www.eldigitaldeasturias.com\\\/noticias\\\/author\\\/admin\\\/\",\"name\":\"El Digital de Asturias\",\"image\":{\"@type\":\"ImageObject\",\"@id\":\"https:\\\/\\\/www.eldigitaldeasturias.com\\\/noticias\\\/cangas-del-narcea-renueva-el-convenio-con-apesa\\\/#authorImage\",\"url\":\"https:\\\/\\\/secure.gravatar.com\\\/avatar\\\/df2aeffc32bcd13f8d26072ef8a91b623d677766deac7f97ca815868cd41bf5e?s=96&d=mm&r=g\",\"width\":96,\"height\":96,\"caption\":\"El Digital de Asturias\"}},{\"@type\":\"WebPage\",\"@id\":\"https:\\\/\\\/www.eldigitaldeasturias.com\\\/noticias\\\/cangas-del-narcea-renueva-el-convenio-con-apesa\\\/#webpage\",\"url\":\"https:\\\/\\\/www.eldigitaldeasturias.com\\\/noticias\\\/cangas-del-narcea-renueva-el-convenio-con-apesa\\\/\",\"name\":\"Cangas del Narcea renueva el convenio con APESA - El Digital de Asturias\",\"description\":\"El alcalde de Cangas del Narcea, Jos\\u00e9 V\\u00edctor Rodr\\u00edguez, ha firmado esta ma\\u00f1ana el convenio de colaboraci\\u00f3n para el fomento de la actividad de la APESA\",\"inLanguage\":\"es-ES\",\"isPartOf\":{\"@id\":\"https:\\\/\\\/www.eldigitaldeasturias.com\\\/noticias\\\/#website\"},\"breadcrumb\":{\"@id\":\"https:\\\/\\\/www.eldigitaldeasturias.com\\\/noticias\\\/cangas-del-narcea-renueva-el-convenio-con-apesa\\\/#breadcrumblist\"},\"author\":{\"@id\":\"https:\\\/\\\/www.eldigitaldeasturias.com\\\/noticias\\\/author\\\/admin\\\/#author\"},\"creator\":{\"@id\":\"https:\\\/\\\/www.eldigitaldeasturias.com\\\/noticias\\\/author\\\/admin\\\/#author\"},\"image\":{\"@type\":\"ImageObject\",\"url\":1094031,\"@id\":\"https:\\\/\\\/www.eldigitaldeasturias.com\\\/noticias\\\/cangas-del-narcea-renueva-el-convenio-con-apesa\\\/#mainImage\"},\"primaryImageOfPage\":{\"@id\":\"https:\\\/\\\/www.eldigitaldeasturias.com\\\/noticias\\\/cangas-del-narcea-renueva-el-convenio-con-apesa\\\/#mainImage\"},\"datePublished\":\"2021-06-18T17:26:00+02:00\",\"dateModified\":\"2021-06-18T17:26:00+02:00\"},{\"@type\":\"WebSite\",\"@id\":\"https:\\\/\\\/www.eldigitaldeasturias.com\\\/noticias\\\/#website\",\"url\":\"https:\\\/\\\/www.eldigitaldeasturias.com\\\/noticias\\\/\",\"name\":\"El Digital de Asturias - Diario de actualidad y noticias\",\"alternateName\":\"El Digital de Asturias - Diario de actualidad y noticias\",\"description\":\"Hemeroteca\",\"inLanguage\":\"es-ES\",\"publisher\":{\"@id\":\"https:\\\/\\\/www.eldigitaldeasturias.com\\\/noticias\\\/#organization\"}}]}\n\t\t<\/script>\n\t\t<!-- All in One SEO Pro -->\r\n\t\t<title>Cangas del Narcea renueva el convenio con APESA - El Digital de Asturias<\/title>\n\n","aioseo_head_json":{"title":"Cangas del Narcea renueva el convenio con APESA - El Digital de Asturias","description":"El alcalde de Cangas del Narcea, Jos\u00e9 V\u00edctor Rodr\u00edguez, ha firmado esta ma\u00f1ana el convenio de colaboraci\u00f3n para el fomento de la actividad de la APESA","canonical_url":"https:\/\/www.eldigitaldeasturias.com\/noticias\/cangas-del-narcea-renueva-el-convenio-con-apesa\/","robots":"max-image-preview:large","keywords":"actualidad asturias","webmasterTools":{"google-site-verification":"UA-38556648-1","msvalidate.01":"7dfe9f3f1b24437ab69f4f2559babe99","miscellaneous":""},"schema":{"@context":"https:\/\/schema.org","@graph":[{"@type":"BlogPosting","@id":"https:\/\/www.eldigitaldeasturias.com\/noticias\/cangas-del-narcea-renueva-el-convenio-con-apesa\/#blogposting","name":"Cangas del Narcea renueva el convenio con APESA - El Digital de Asturias","headline":"Cangas del Narcea renueva el convenio con APESA","author":{"@id":"https:\/\/www.eldigitaldeasturias.com\/noticias\/author\/admin\/#author"},"publisher":{"@id":"https:\/\/www.eldigitaldeasturias.com\/noticias\/#organization"},"image":{"@type":"ImageObject","url":1094031},"datePublished":"2021-06-18T17:26:00+02:00","dateModified":"2021-06-18T17:26:00+02:00","inLanguage":"es-ES","mainEntityOfPage":{"@id":"https:\/\/www.eldigitaldeasturias.com\/noticias\/cangas-del-narcea-renueva-el-convenio-con-apesa\/#webpage"},"isPartOf":{"@id":"https:\/\/www.eldigitaldeasturias.com\/noticias\/cangas-del-narcea-renueva-el-convenio-con-apesa\/#webpage"},"articleSection":"Actualidad Asturias"},{"@type":"BreadcrumbList","@id":"https:\/\/www.eldigitaldeasturias.com\/noticias\/cangas-del-narcea-renueva-el-convenio-con-apesa\/#breadcrumblist","itemListElement":[{"@type":"ListItem","@id":"https:\/\/www.eldigitaldeasturias.com\/noticias#listItem","position":1,"name":"Home","item":"https:\/\/www.eldigitaldeasturias.com\/noticias","nextItem":{"@type":"ListItem","@id":"https:\/\/www.eldigitaldeasturias.com\/noticias\/category\/actualidad-asturias\/#listItem","name":"Actualidad Asturias"}},{"@type":"ListItem","@id":"https:\/\/www.eldigitaldeasturias.com\/noticias\/category\/actualidad-asturias\/#listItem","position":2,"name":"Actualidad Asturias","item":"https:\/\/www.eldigitaldeasturias.com\/noticias\/category\/actualidad-asturias\/","nextItem":{"@type":"ListItem","@id":"https:\/\/www.eldigitaldeasturias.com\/noticias\/cangas-del-narcea-renueva-el-convenio-con-apesa\/#listItem","name":"Cangas del Narcea renueva el convenio con APESA"},"previousItem":{"@type":"ListItem","@id":"https:\/\/www.eldigitaldeasturias.com\/noticias#listItem","name":"Home"}},{"@type":"ListItem","@id":"https:\/\/www.eldigitaldeasturias.com\/noticias\/cangas-del-narcea-renueva-el-convenio-con-apesa\/#listItem","position":3,"name":"Cangas del Narcea renueva el convenio con APESA","previousItem":{"@type":"ListItem","@id":"https:\/\/www.eldigitaldeasturias.com\/noticias\/category\/actualidad-asturias\/#listItem","name":"Actualidad Asturias"}}]},{"@type":"Organization","@id":"https:\/\/www.eldigitaldeasturias.com\/noticias\/#organization","name":"El Digital de Asturias","description":"Hemeroteca","url":"https:\/\/www.eldigitaldeasturias.com\/noticias\/","email":"info@eldigitaldeasturias.com","telephone":"+34652131393","logo":{"@type":"ImageObject","url":"https:\/\/www.eldigitaldeasturias.com\/noticias\/wp-content\/uploads\/2020\/12\/EDA.jpg","@id":"https:\/\/www.eldigitaldeasturias.com\/noticias\/cangas-del-narcea-renueva-el-convenio-con-apesa\/#organizationLogo"},"image":{"@id":"https:\/\/www.eldigitaldeasturias.com\/noticias\/cangas-del-narcea-renueva-el-convenio-con-apesa\/#organizationLogo"},"sameAs":["https:\/\/facebook.com\/eldigitaldeasturias","https:\/\/www.youtube.com\/channel\/UCZP-2wLEB9Rv6erhFmqVnvg"],"address":{"@id":"https:\/\/www.eldigitaldeasturias.com\/noticias\/#postaladdress","@type":"PostalAddress","streetAddress":"san antonio 4","postalCode":"33430","addressLocality":"Cand\u00e1s","addressRegion":"Asturias","addressCountry":"ES"}},{"@type":"Person","@id":"https:\/\/www.eldigitaldeasturias.com\/noticias\/author\/admin\/#author","url":"https:\/\/www.eldigitaldeasturias.com\/noticias\/author\/admin\/","name":"El Digital de Asturias","image":{"@type":"ImageObject","@id":"https:\/\/www.eldigitaldeasturias.com\/noticias\/cangas-del-narcea-renueva-el-convenio-con-apesa\/#authorImage","url":"https:\/\/secure.gravatar.com\/avatar\/df2aeffc32bcd13f8d26072ef8a91b623d677766deac7f97ca815868cd41bf5e?s=96&d=mm&r=g","width":96,"height":96,"caption":"El Digital de Asturias"}},{"@type":"WebPage","@id":"https:\/\/www.eldigitaldeasturias.com\/noticias\/cangas-del-narcea-renueva-el-convenio-con-apesa\/#webpage","url":"https:\/\/www.eldigitaldeasturias.com\/noticias\/cangas-del-narcea-renueva-el-convenio-con-apesa\/","name":"Cangas del Narcea renueva el convenio con APESA - El Digital de Asturias","description":"El alcalde de Cangas del Narcea, Jos\u00e9 V\u00edctor Rodr\u00edguez, ha firmado esta ma\u00f1ana el convenio de colaboraci\u00f3n para el fomento de la actividad de la APESA","inLanguage":"es-ES","isPartOf":{"@id":"https:\/\/www.eldigitaldeasturias.com\/noticias\/#website"},"breadcrumb":{"@id":"https:\/\/www.eldigitaldeasturias.com\/noticias\/cangas-del-narcea-renueva-el-convenio-con-apesa\/#breadcrumblist"},"author":{"@id":"https:\/\/www.eldigitaldeasturias.com\/noticias\/author\/admin\/#author"},"creator":{"@id":"https:\/\/www.eldigitaldeasturias.com\/noticias\/author\/admin\/#author"},"image":{"@type":"ImageObject","url":1094031,"@id":"https:\/\/www.eldigitaldeasturias.com\/noticias\/cangas-del-narcea-renueva-el-convenio-con-apesa\/#mainImage"},"primaryImageOfPage":{"@id":"https:\/\/www.eldigitaldeasturias.com\/noticias\/cangas-del-narcea-renueva-el-convenio-con-apesa\/#mainImage"},"datePublished":"2021-06-18T17:26:00+02:00","dateModified":"2021-06-18T17:26:00+02:00"},{"@type":"WebSite","@id":"https:\/\/www.eldigitaldeasturias.com\/noticias\/#website","url":"https:\/\/www.eldigitaldeasturias.com\/noticias\/","name":"El Digital de Asturias - Diario de actualidad y noticias","alternateName":"El Digital de Asturias - Diario de actualidad y noticias","description":"Hemeroteca","inLanguage":"es-ES","publisher":{"@id":"https:\/\/www.eldigitaldeasturias.com\/noticias\/#organization"}}]},"og:locale":"es_ES","og:site_name":"El Digital de Asturias","og:type":"article","og:title":"Cangas del Narcea renueva el convenio con APESA - El Digital de Asturias","og:description":"El alcalde de Cangas del Narcea, Jos\u00e9 V\u00edctor Rodr\u00edguez, ha firmado esta ma\u00f1ana el convenio de colaboraci\u00f3n para el fomento de la actividad de la APESA","og:url":"https:\/\/www.eldigitaldeasturias.com\/noticias\/cangas-del-narcea-renueva-el-convenio-con-apesa\/","article:tag":["actualidad asturias"],"article:published_time":"2021-06-18T16:26:00+00:00","article:modified_time":"2021-06-18T16:26:00+00:00","article:publisher":"https:\/\/facebook.com\/eldigitaldeasturias","twitter:card":"summary_large_image","twitter:title":"Cangas del Narcea renueva el convenio con APESA - El Digital de Asturias","twitter:description":"El alcalde de Cangas del Narcea, Jos\u00e9 V\u00edctor Rodr\u00edguez, ha firmado esta ma\u00f1ana el convenio de colaboraci\u00f3n para el fomento de la actividad de la APESA","twitter:image":"https:\/\/www.eldigitaldeasturias.com\/noticias\/wp-content\/uploads\/2020\/12\/EDA-1.jpg","twitter:label1":"Escrito por","twitter:data1":"El Digital de Asturias","twitter:label2":"Tiempo de lectura estimado","twitter:data2":"2 minutos"},"aioseo_meta_data":{"post_id":"1094030","title":null,"description":"El alcalde de Cangas del Narcea, Jos\u00e9 V\u00edctor Rodr\u00edguez, ha firmado esta ma\u00f1ana el convenio de colaboraci\u00f3n para el fomento de la actividad de la APESA","keywords":[],"keyphrases":{"focus":{"keyphrase":"APESA","score":100,"analysis":{"keyphraseInTitle":{"title":"Frase clave objetivo en el t\u00edtulo SEO","description":"Frase clave objetivo encontrada en el t\u00edtulo SEO.","score":9,"maxScore":9,"error":0},"keyphraseInDescription":{"title":"Frase clave objetivo en la meta descripci\u00f3n","description":"Frase clave objetivo encontrada en la meta descripci\u00f3n.","score":9,"maxScore":9,"error":0},"keyphraseInURL":[],"keyphraseInIntroduction":{"title":"Frase clave objetivo en la introducci\u00f3n","description":"Su Frase clave objetivo aparece en el primer p\u00e1rrafo. \u00a1Bien hecho!","score":9,"maxScore":9,"error":0},"keyphraseInSubHeadings":[],"keyphraseLength":{"title":"Longitud de la Frase clave objetivo","description":"\u00a1Buen trabajo!","score":9,"maxScore":9,"error":0,"length":1},"keyphraseInImageAlt":{"title":"Frase clave objetivo en los atributos alt de la imagen.","description":"Frase clave objetivo encontrada en los atributos alt de la(s) imagen(es).","score":9,"maxScore":9,"error":0}}},"additional":[{"keyphrase":"Cangas del Narcea","score":100,"analysis":{"keyphraseInDescription":{"title":"Frase clave en la meta descripci\u00f3n","description":"Frase clave encontrada en la meta descripci\u00f3n.","score":9,"maxScore":9,"error":0},"keyphraseInIntroduction":{"title":"Frase clave en la introducci\u00f3n","description":"Su Frase clave aparece en el primer p\u00e1rrafo. \u00a1Bien hecho!","score":9,"maxScore":9,"error":0},"keyphraseInImageAlt":{"title":"Frase clave en los atributos alt de la imagen.","description":"Frase clave encontrada en los atributos alt de la(s) imagen(es).","score":9,"maxScore":9,"error":0},"keyphraseLength":{"title":"Longitud de la Frase clave","description":"\u00a1Buen trabajo!","score":9,"maxScore":9,"error":0,"length":3}}}]},"primary_term":null,"canonical_url":null,"og_title":null,"og_description":null,"og_object_type":"default","og_image_type":"default","og_image_url":null,"og_image_width":null,"og_image_height":null,"og_image_custom_url":null,"og_image_custom_fields":null,"og_video":"","og_custom_url":null,"og_article_section":null,"og_article_tags":[],"twitter_use_og":false,"twitter_card":"default","twitter_image_type":"default","twitter_image_url":null,"twitter_image_custom_url":null,"twitter_image_custom_fields":null,"twitter_title":null,"twitter_description":null,"schema":{"blockGraphs":[],"customGraphs":[],"default":{"data":{"Article":[],"Course":[],"Dataset":[],"FAQPage":[],"Movie":[],"Person":[],"Product":[],"ProductReview":[],"Car":[],"Recipe":[],"Service":[],"SoftwareApplication":[],"WebPage":[]},"graphName":"","isEnabled":true},"graphs":[],"defaultGraph":"Article","defaultPostTypeGraph":""},"schema_type":"default","schema_type_options":"{\"article\":{\"articleType\":\"BlogPosting\"},\"course\":{\"name\":\"\",\"description\":\"\",\"provider\":\"\"},\"faq\":{\"pages\":[]},\"product\":{\"reviews\":[]},\"recipe\":{\"ingredients\":[],\"instructions\":[],\"keywords\":[]},\"software\":{\"reviews\":[],\"operatingSystems\":[]},\"webPage\":{\"webPageType\":\"WebPage\"}}","pillar_content":false,"robots_default":true,"robots_noindex":false,"robots_noarchive":false,"robots_nosnippet":false,"robots_nofollow":false,"robots_noimageindex":false,"robots_noodp":false,"robots_notranslate":false,"robots_max_snippet":"-1","robots_max_videopreview":"-1","robots_max_imagepreview":"large","priority":null,"frequency":"default","local_seo":{"locations":{"business":{"name":"","businessType":"","image":"","areaServed":"","urls":{"website":"","aboutPage":"","contactPage":""},"address":{"streetLine1":"","streetLine2":"","zipCode":"","city":"","state":"","country":"","addressFormat":"#streetLineOne\n#streetLineTwo\n#city, #state #zipCode"},"contact":{"email":"","phone":"","phoneFormatted":"","fax":"","faxFormatted":""},"ids":{"vat":"","tax":"","chamberOfCommerce":""},"payment":{"priceRange":"","currenciesAccepted":"","methods":""}}},"openingHours":{"useDefaults":true,"show":true,"alwaysOpen":false,"use24hFormat":false,"timezone":"","labels":{"closed":"","alwaysOpen":""},"days":{"monday":{"open24h":false,"closed":false,"openTime":"09:00","closeTime":"17:00"},"tuesday":{"open24h":false,"closed":false,"openTime":"09:00","closeTime":"17:00"},"wednesday":{"open24h":false,"closed":false,"openTime":"09:00","closeTime":"17:00"},"thursday":{"open24h":false,"closed":false,"openTime":"09:00","closeTime":"17:00"},"friday":{"open24h":false,"closed":false,"openTime":"09:00","closeTime":"17:00"},"saturday":{"open24h":false,"closed":false,"openTime":"09:00","closeTime":"17:00"},"sunday":{"open24h":false,"closed":false,"openTime":"09:00","closeTime":"17:00"}}}},"seo_analyzer_scan_date":"2026-07-18 21:18:23","breadcrumb_settings":null,"limit_modified_date":false,"open_ai":null,"ai":null,"created":"2021-06-18 16:20:56","updated":"2026-07-18 21:18:23","focus_keyword":"APESA","additional_keywords":[{"word":"Cangas del Narcea","score":100}],"truseo_locale":null},"aioseo_breadcrumb":"<div class=\"aioseo-breadcrumbs\"><span class=\"aioseo-breadcrumb\">\n\t<a href=\"https:\/\/www.eldigitaldeasturias.com\/noticias\" title=\"Home\">Home<\/a>\n<\/span><span class=\"aioseo-breadcrumb-separator\">\u2013<\/span><span class=\"aioseo-breadcrumb\">\n\t<a href=\"https:\/\/www.eldigitaldeasturias.com\/noticias\/category\/actualidad-asturias\/\" title=\"Actualidad Asturias\">Actualidad Asturias<\/a>\n<\/span><span class=\"aioseo-breadcrumb-separator\">\u2013<\/span><span class=\"aioseo-breadcrumb\">\n\t<a href=\"https:\/\/www.eldigitaldeasturias.com\/noticias\/cangas-del-narcea-renueva-el-convenio-con-apesa\/\" title=\"Cangas del Narcea renueva el convenio con APESA\">Cangas del Narcea renueva el convenio con APESA<\/a>\n<\/span><\/div>","aioseo_breadcrumb_json":[{"label":"Home","link":"https:\/\/www.eldigitaldeasturias.com\/noticias"},{"label":"Actualidad Asturias","link":"https:\/\/www.eldigitaldeasturias.com\/noticias\/category\/actualidad-asturias\/"},{"label":"Cangas del Narcea renueva el convenio con APESA","link":"https:\/\/www.eldigitaldeasturias.com\/noticias\/cangas-del-narcea-renueva-el-convenio-con-apesa\/"}],"_links":{"self":[{"href":"https:\/\/www.eldigitaldeasturias.com\/noticias\/wp-json\/wp\/v2\/posts\/1094030","targetHints":{"allow":["GET"]}}],"collection":[{"href":"https:\/\/www.eldigitaldeasturias.com\/noticias\/wp-json\/wp\/v2\/posts"}],"about":[{"href":"https:\/\/www.eldigitaldeasturias.com\/noticias\/wp-json\/wp\/v2\/types\/post"}],"author":[{"embeddable":true,"href":"https:\/\/www.eldigitaldeasturias.com\/noticias\/wp-json\/wp\/v2\/users\/1"}],"replies":[{"embeddable":true,"href":"https:\/\/www.eldigitaldeasturias.com\/noticias\/wp-json\/wp\/v2\/comments?post=1094030"}],"version-history":[{"count":0,"href":"https:\/\/www.eldigitaldeasturias.com\/noticias\/wp-json\/wp\/v2\/posts\/1094030\/revisions"}],"wp:attachment":[{"href":"https:\/\/www.eldigitaldeasturias.com\/noticias\/wp-json\/wp\/v2\/media?parent=1094030"}],"wp:term":[{"taxonomy":"category","embeddable":true,"href":"https:\/\/www.eldigitaldeasturias.com\/noticias\/wp-json\/wp\/v2\/categories?post=1094030"},{"taxonomy":"post_tag","embeddable":true,"href":"https:\/\/www.eldigitaldeasturias.com\/noticias\/wp-json\/wp\/v2\/tags?post=1094030"}],"curies":[{"name":"wp","href":"https:\/\/api.w.org\/{rel}","templated":true}]}}