{"id":1094027,"date":"2021-06-18T17:00:01","date_gmt":"2021-06-18T16:00:01","guid":{"rendered":"https:\/\/www.eldigitaldeasturias.com\/noticias\/?p=1094027"},"modified":"2021-06-18T17:00:01","modified_gmt":"2021-06-18T16:00:01","slug":"alejandro-calvo-entendemos-el-malestar-y-disgusto-de-los-ganaderos","status":"publish","type":"post","link":"https:\/\/www.eldigitaldeasturias.com\/noticias\/alejandro-calvo-entendemos-el-malestar-y-disgusto-de-los-ganaderos\/","title":{"rendered":"Alejandro Calvo: \u201cEntendemos el malestar y disgusto de los ganaderos\u201d"},"content":{"rendered":"<p><img loading=\"lazy\" decoding=\"async\" class=\"alignleft size-medium wp-image-1023654\" src=\"https:\/\/www.eldigitaldeasturias.com\/noticias\/wp-content\/uploads\/2019\/04\/vacas-asturias-360x270.jpg\" alt=\"\" width=\"360\" height=\"270\" \/>\u201cEl gobierno de Asturias tiene una posici\u00f3n clara en defensa de su plan de gesti\u00f3n del lobo y por lo tanto, que muestre desacuerdo con el<strong> Ministerio de Transici\u00f3n Ecol\u00f3gica en este sentido, no significa que no tengamos que seguir trabajando con corresponsabilidad, con cogobernanza<\/strong>, en este caso en una feria que organizamos de manera conjunta y adem\u00e1s gracias al trabajo del ministerio, tiene la proyecci\u00f3n, nacional e internacional que tiene\u201d, ha se\u00f1alado el consejero de Medio Rural y Cohesi\u00f3n Territorial, Alejandro Calvo en el marco de la <strong>XIII Feria Internacional Asturforesta<\/strong>.<\/p>\n<p>El consejero ha manifestado que \u201centienden perfectamente\u201d el malestar y disgusto de los ganaderos quienes han ejercido una protesta aprovechando la presencia del ministerio.<\/p>\n<p>\u201cNosotros evidentemente mantenemos con fortaleza nuestra posici\u00f3n con el ministerio en cuanto a la catalogaci\u00f3n del lobo y seguiremos trabajando con lealtad en beneficio de todos los asturianos\u201d.<\/p>\n<p>&nbsp;<\/p>\n<p>&nbsp;<\/p>\n<p>&nbsp;<\/p>\n","protected":false},"excerpt":{"rendered":"<p>\u201cEl gobierno de Asturias tiene una posici\u00f3n clara en defensa de su plan de gesti\u00f3n del lobo y por lo tanto, que muestre desacuerdo con el Ministerio de Transici\u00f3n Ecol\u00f3gica en este sentido, no significa que no tengamos que seguir trabajando con corresponsabilidad, con cogobernanza, en este caso en una feria que organizamos de manera [&hellip;]<\/p>\n","protected":false},"author":1,"featured_media":1023654,"comment_status":"closed","ping_status":"closed","sticky":false,"template":"","format":"standard","meta":{"footnotes":""},"categories":[12],"tags":[],"class_list":["post-1094027","post","type-post","status-publish","format-standard","has-post-thumbnail","hentry","category-actualidad-asturias"],"aioseo_notices":[],"aioseo_head":"\n\t\t<!-- All in One SEO Pro 5.0.1 - aioseo.com -->\n\t<meta name=\"description\" content=\"El gobierno de Asturias tiene una posici\u00f3n clara en defensa de su plan de gesti\u00f3n del lobo y por lo tanto, que muestre desacuerdo con el Ministerio\" \/>\n\t<meta name=\"robots\" content=\"max-image-preview:large\" \/>\n\t<meta name=\"author\" content=\"El Digital de Asturias\"\/>\n\t<meta name=\"google-site-verification\" content=\"UA-38556648-1\" \/>\n\t<meta name=\"msvalidate.01\" content=\"7dfe9f3f1b24437ab69f4f2559babe99\" \/>\n\t<meta name=\"keywords\" content=\"actualidad asturias\" \/>\n\t<link rel=\"canonical\" href=\"https:\/\/www.eldigitaldeasturias.com\/noticias\/alejandro-calvo-entendemos-el-malestar-y-disgusto-de-los-ganaderos\/\" \/>\n\t<meta name=\"generator\" content=\"All in One SEO Pro (AIOSEO) 5.0.1\" \/>\n\t\t<meta property=\"og:locale\" content=\"es_ES\" \/>\n\t\t<meta property=\"og:site_name\" content=\"El Digital de Asturias\" \/>\n\t\t<meta property=\"og:type\" content=\"article\" \/>\n\t\t<meta property=\"og:title\" content=\"Alejandro Calvo: \u201cEntendemos el malestar y disgusto de los ganaderos\u201d - El Digital de Asturias\" \/>\n\t\t<meta property=\"og:description\" content=\"El gobierno de Asturias tiene una posici\u00f3n clara en defensa de su plan de gesti\u00f3n del lobo y por lo tanto, que muestre desacuerdo con el Ministerio\" \/>\n\t\t<meta property=\"og:url\" content=\"https:\/\/www.eldigitaldeasturias.com\/noticias\/alejandro-calvo-entendemos-el-malestar-y-disgusto-de-los-ganaderos\/\" \/>\n\t\t<meta property=\"article:tag\" content=\"actualidad asturias\" \/>\n\t\t<meta property=\"article:published_time\" content=\"2021-06-18T16:00:01+00:00\" \/>\n\t\t<meta property=\"article:modified_time\" content=\"2021-06-18T16:00:01+00:00\" \/>\n\t\t<meta property=\"article:publisher\" content=\"https:\/\/facebook.com\/eldigitaldeasturias\" \/>\n\t\t<meta name=\"twitter:card\" content=\"summary_large_image\" \/>\n\t\t<meta name=\"twitter:title\" content=\"Alejandro Calvo: \u201cEntendemos el malestar y disgusto de los ganaderos\u201d - El Digital de Asturias\" \/>\n\t\t<meta name=\"twitter:description\" content=\"El gobierno de Asturias tiene una posici\u00f3n clara en defensa de su plan de gesti\u00f3n del lobo y por lo tanto, que muestre desacuerdo con el Ministerio\" \/>\n\t\t<meta name=\"twitter:image\" content=\"https:\/\/www.eldigitaldeasturias.com\/noticias\/wp-content\/uploads\/2020\/12\/EDA-1.jpg\" \/>\n\t\t<meta name=\"twitter:label1\" content=\"Escrito por\" \/>\n\t\t<meta name=\"twitter:data1\" content=\"El Digital de Asturias\" \/>\n\t\t<meta name=\"twitter:label2\" content=\"Tiempo de lectura estimado\" \/>\n\t\t<meta name=\"twitter:data2\" content=\"1 minuto\" \/>\n\t\t<script type=\"application\/ld+json\" class=\"aioseo-schema\">\n\t\t\t{\"@context\":\"https:\\\/\\\/schema.org\",\"@graph\":[{\"@type\":\"BlogPosting\",\"@id\":\"https:\\\/\\\/www.eldigitaldeasturias.com\\\/noticias\\\/alejandro-calvo-entendemos-el-malestar-y-disgusto-de-los-ganaderos\\\/#blogposting\",\"name\":\"Alejandro Calvo: \\u201cEntendemos el malestar y disgusto de los ganaderos\\u201d - El Digital de Asturias\",\"headline\":\"Alejandro Calvo: \\u201cEntendemos el malestar y disgusto de los ganaderos\\u201d\",\"author\":{\"@id\":\"https:\\\/\\\/www.eldigitaldeasturias.com\\\/noticias\\\/author\\\/admin\\\/#author\"},\"publisher\":{\"@id\":\"https:\\\/\\\/www.eldigitaldeasturias.com\\\/noticias\\\/#organization\"},\"image\":{\"@type\":\"ImageObject\",\"url\":1023654},\"datePublished\":\"2021-06-18T17:00:01+02:00\",\"dateModified\":\"2021-06-18T17:00:01+02:00\",\"inLanguage\":\"es-ES\",\"mainEntityOfPage\":{\"@id\":\"https:\\\/\\\/www.eldigitaldeasturias.com\\\/noticias\\\/alejandro-calvo-entendemos-el-malestar-y-disgusto-de-los-ganaderos\\\/#webpage\"},\"isPartOf\":{\"@id\":\"https:\\\/\\\/www.eldigitaldeasturias.com\\\/noticias\\\/alejandro-calvo-entendemos-el-malestar-y-disgusto-de-los-ganaderos\\\/#webpage\"},\"articleSection\":\"Actualidad Asturias\"},{\"@type\":\"BreadcrumbList\",\"@id\":\"https:\\\/\\\/www.eldigitaldeasturias.com\\\/noticias\\\/alejandro-calvo-entendemos-el-malestar-y-disgusto-de-los-ganaderos\\\/#breadcrumblist\",\"itemListElement\":[{\"@type\":\"ListItem\",\"@id\":\"https:\\\/\\\/www.eldigitaldeasturias.com\\\/noticias#listItem\",\"position\":1,\"name\":\"Home\",\"item\":\"https:\\\/\\\/www.eldigitaldeasturias.com\\\/noticias\",\"nextItem\":{\"@type\":\"ListItem\",\"@id\":\"https:\\\/\\\/www.eldigitaldeasturias.com\\\/noticias\\\/category\\\/actualidad-asturias\\\/#listItem\",\"name\":\"Actualidad Asturias\"}},{\"@type\":\"ListItem\",\"@id\":\"https:\\\/\\\/www.eldigitaldeasturias.com\\\/noticias\\\/category\\\/actualidad-asturias\\\/#listItem\",\"position\":2,\"name\":\"Actualidad Asturias\",\"item\":\"https:\\\/\\\/www.eldigitaldeasturias.com\\\/noticias\\\/category\\\/actualidad-asturias\\\/\",\"nextItem\":{\"@type\":\"ListItem\",\"@id\":\"https:\\\/\\\/www.eldigitaldeasturias.com\\\/noticias\\\/alejandro-calvo-entendemos-el-malestar-y-disgusto-de-los-ganaderos\\\/#listItem\",\"name\":\"Alejandro Calvo: \\u201cEntendemos el malestar y disgusto de los ganaderos\\u201d\"},\"previousItem\":{\"@type\":\"ListItem\",\"@id\":\"https:\\\/\\\/www.eldigitaldeasturias.com\\\/noticias#listItem\",\"name\":\"Home\"}},{\"@type\":\"ListItem\",\"@id\":\"https:\\\/\\\/www.eldigitaldeasturias.com\\\/noticias\\\/alejandro-calvo-entendemos-el-malestar-y-disgusto-de-los-ganaderos\\\/#listItem\",\"position\":3,\"name\":\"Alejandro Calvo: \\u201cEntendemos el malestar y disgusto de los ganaderos\\u201d\",\"previousItem\":{\"@type\":\"ListItem\",\"@id\":\"https:\\\/\\\/www.eldigitaldeasturias.com\\\/noticias\\\/category\\\/actualidad-asturias\\\/#listItem\",\"name\":\"Actualidad Asturias\"}}]},{\"@type\":\"Organization\",\"@id\":\"https:\\\/\\\/www.eldigitaldeasturias.com\\\/noticias\\\/#organization\",\"name\":\"El Digital de Asturias\",\"description\":\"Hemeroteca\",\"url\":\"https:\\\/\\\/www.eldigitaldeasturias.com\\\/noticias\\\/\",\"email\":\"info@eldigitaldeasturias.com\",\"telephone\":\"+34652131393\",\"logo\":{\"@type\":\"ImageObject\",\"url\":\"https:\\\/\\\/www.eldigitaldeasturias.com\\\/noticias\\\/wp-content\\\/uploads\\\/2020\\\/12\\\/EDA.jpg\",\"@id\":\"https:\\\/\\\/www.eldigitaldeasturias.com\\\/noticias\\\/alejandro-calvo-entendemos-el-malestar-y-disgusto-de-los-ganaderos\\\/#organizationLogo\"},\"image\":{\"@id\":\"https:\\\/\\\/www.eldigitaldeasturias.com\\\/noticias\\\/alejandro-calvo-entendemos-el-malestar-y-disgusto-de-los-ganaderos\\\/#organizationLogo\"},\"sameAs\":[\"https:\\\/\\\/facebook.com\\\/eldigitaldeasturias\",\"https:\\\/\\\/www.youtube.com\\\/channel\\\/UCZP-2wLEB9Rv6erhFmqVnvg\"],\"address\":{\"@id\":\"https:\\\/\\\/www.eldigitaldeasturias.com\\\/noticias\\\/#postaladdress\",\"@type\":\"PostalAddress\",\"streetAddress\":\"san antonio 4\",\"postalCode\":\"33430\",\"addressLocality\":\"Cand\\u00e1s\",\"addressRegion\":\"Asturias\",\"addressCountry\":\"ES\"}},{\"@type\":\"Person\",\"@id\":\"https:\\\/\\\/www.eldigitaldeasturias.com\\\/noticias\\\/author\\\/admin\\\/#author\",\"url\":\"https:\\\/\\\/www.eldigitaldeasturias.com\\\/noticias\\\/author\\\/admin\\\/\",\"name\":\"El Digital de Asturias\",\"image\":{\"@type\":\"ImageObject\",\"@id\":\"https:\\\/\\\/www.eldigitaldeasturias.com\\\/noticias\\\/alejandro-calvo-entendemos-el-malestar-y-disgusto-de-los-ganaderos\\\/#authorImage\",\"url\":\"https:\\\/\\\/secure.gravatar.com\\\/avatar\\\/df2aeffc32bcd13f8d26072ef8a91b623d677766deac7f97ca815868cd41bf5e?s=96&d=mm&r=g\",\"width\":96,\"height\":96,\"caption\":\"El Digital de Asturias\"}},{\"@type\":\"WebPage\",\"@id\":\"https:\\\/\\\/www.eldigitaldeasturias.com\\\/noticias\\\/alejandro-calvo-entendemos-el-malestar-y-disgusto-de-los-ganaderos\\\/#webpage\",\"url\":\"https:\\\/\\\/www.eldigitaldeasturias.com\\\/noticias\\\/alejandro-calvo-entendemos-el-malestar-y-disgusto-de-los-ganaderos\\\/\",\"name\":\"Alejandro Calvo: \\u201cEntendemos el malestar y disgusto de los ganaderos\\u201d - El Digital de Asturias\",\"description\":\"El gobierno de Asturias tiene una posici\\u00f3n clara en defensa de su plan de gesti\\u00f3n del lobo y por lo tanto, que muestre desacuerdo con el Ministerio\",\"inLanguage\":\"es-ES\",\"isPartOf\":{\"@id\":\"https:\\\/\\\/www.eldigitaldeasturias.com\\\/noticias\\\/#website\"},\"breadcrumb\":{\"@id\":\"https:\\\/\\\/www.eldigitaldeasturias.com\\\/noticias\\\/alejandro-calvo-entendemos-el-malestar-y-disgusto-de-los-ganaderos\\\/#breadcrumblist\"},\"author\":{\"@id\":\"https:\\\/\\\/www.eldigitaldeasturias.com\\\/noticias\\\/author\\\/admin\\\/#author\"},\"creator\":{\"@id\":\"https:\\\/\\\/www.eldigitaldeasturias.com\\\/noticias\\\/author\\\/admin\\\/#author\"},\"image\":{\"@type\":\"ImageObject\",\"url\":1023654,\"@id\":\"https:\\\/\\\/www.eldigitaldeasturias.com\\\/noticias\\\/alejandro-calvo-entendemos-el-malestar-y-disgusto-de-los-ganaderos\\\/#mainImage\"},\"primaryImageOfPage\":{\"@id\":\"https:\\\/\\\/www.eldigitaldeasturias.com\\\/noticias\\\/alejandro-calvo-entendemos-el-malestar-y-disgusto-de-los-ganaderos\\\/#mainImage\"},\"datePublished\":\"2021-06-18T17:00:01+02:00\",\"dateModified\":\"2021-06-18T17:00:01+02:00\"},{\"@type\":\"WebSite\",\"@id\":\"https:\\\/\\\/www.eldigitaldeasturias.com\\\/noticias\\\/#website\",\"url\":\"https:\\\/\\\/www.eldigitaldeasturias.com\\\/noticias\\\/\",\"name\":\"El Digital de Asturias - Diario de actualidad y noticias\",\"alternateName\":\"El Digital de Asturias - Diario de actualidad y noticias\",\"description\":\"Hemeroteca\",\"inLanguage\":\"es-ES\",\"publisher\":{\"@id\":\"https:\\\/\\\/www.eldigitaldeasturias.com\\\/noticias\\\/#organization\"}}]}\n\t\t<\/script>\n\t\t<!-- All in One SEO Pro -->\r\n\t\t<title>Alejandro Calvo: \u201cEntendemos el malestar y disgusto de los ganaderos\u201d - El Digital de Asturias<\/title>\n\n","aioseo_head_json":{"title":"Alejandro Calvo: \u201cEntendemos el malestar y disgusto de los ganaderos\u201d - El Digital de Asturias","description":"El gobierno de Asturias tiene una posici\u00f3n clara en defensa de su plan de gesti\u00f3n del lobo y por lo tanto, que muestre desacuerdo con el Ministerio","canonical_url":"https:\/\/www.eldigitaldeasturias.com\/noticias\/alejandro-calvo-entendemos-el-malestar-y-disgusto-de-los-ganaderos\/","robots":"max-image-preview:large","keywords":"actualidad asturias","webmasterTools":{"google-site-verification":"UA-38556648-1","msvalidate.01":"7dfe9f3f1b24437ab69f4f2559babe99","miscellaneous":""},"schema":{"@context":"https:\/\/schema.org","@graph":[{"@type":"BlogPosting","@id":"https:\/\/www.eldigitaldeasturias.com\/noticias\/alejandro-calvo-entendemos-el-malestar-y-disgusto-de-los-ganaderos\/#blogposting","name":"Alejandro Calvo: \u201cEntendemos el malestar y disgusto de los ganaderos\u201d - El Digital de Asturias","headline":"Alejandro Calvo: \u201cEntendemos el malestar y disgusto de los ganaderos\u201d","author":{"@id":"https:\/\/www.eldigitaldeasturias.com\/noticias\/author\/admin\/#author"},"publisher":{"@id":"https:\/\/www.eldigitaldeasturias.com\/noticias\/#organization"},"image":{"@type":"ImageObject","url":1023654},"datePublished":"2021-06-18T17:00:01+02:00","dateModified":"2021-06-18T17:00:01+02:00","inLanguage":"es-ES","mainEntityOfPage":{"@id":"https:\/\/www.eldigitaldeasturias.com\/noticias\/alejandro-calvo-entendemos-el-malestar-y-disgusto-de-los-ganaderos\/#webpage"},"isPartOf":{"@id":"https:\/\/www.eldigitaldeasturias.com\/noticias\/alejandro-calvo-entendemos-el-malestar-y-disgusto-de-los-ganaderos\/#webpage"},"articleSection":"Actualidad Asturias"},{"@type":"BreadcrumbList","@id":"https:\/\/www.eldigitaldeasturias.com\/noticias\/alejandro-calvo-entendemos-el-malestar-y-disgusto-de-los-ganaderos\/#breadcrumblist","itemListElement":[{"@type":"ListItem","@id":"https:\/\/www.eldigitaldeasturias.com\/noticias#listItem","position":1,"name":"Home","item":"https:\/\/www.eldigitaldeasturias.com\/noticias","nextItem":{"@type":"ListItem","@id":"https:\/\/www.eldigitaldeasturias.com\/noticias\/category\/actualidad-asturias\/#listItem","name":"Actualidad Asturias"}},{"@type":"ListItem","@id":"https:\/\/www.eldigitaldeasturias.com\/noticias\/category\/actualidad-asturias\/#listItem","position":2,"name":"Actualidad Asturias","item":"https:\/\/www.eldigitaldeasturias.com\/noticias\/category\/actualidad-asturias\/","nextItem":{"@type":"ListItem","@id":"https:\/\/www.eldigitaldeasturias.com\/noticias\/alejandro-calvo-entendemos-el-malestar-y-disgusto-de-los-ganaderos\/#listItem","name":"Alejandro Calvo: \u201cEntendemos el malestar y disgusto de los ganaderos\u201d"},"previousItem":{"@type":"ListItem","@id":"https:\/\/www.eldigitaldeasturias.com\/noticias#listItem","name":"Home"}},{"@type":"ListItem","@id":"https:\/\/www.eldigitaldeasturias.com\/noticias\/alejandro-calvo-entendemos-el-malestar-y-disgusto-de-los-ganaderos\/#listItem","position":3,"name":"Alejandro Calvo: \u201cEntendemos el malestar y disgusto de los ganaderos\u201d","previousItem":{"@type":"ListItem","@id":"https:\/\/www.eldigitaldeasturias.com\/noticias\/category\/actualidad-asturias\/#listItem","name":"Actualidad Asturias"}}]},{"@type":"Organization","@id":"https:\/\/www.eldigitaldeasturias.com\/noticias\/#organization","name":"El Digital de Asturias","description":"Hemeroteca","url":"https:\/\/www.eldigitaldeasturias.com\/noticias\/","email":"info@eldigitaldeasturias.com","telephone":"+34652131393","logo":{"@type":"ImageObject","url":"https:\/\/www.eldigitaldeasturias.com\/noticias\/wp-content\/uploads\/2020\/12\/EDA.jpg","@id":"https:\/\/www.eldigitaldeasturias.com\/noticias\/alejandro-calvo-entendemos-el-malestar-y-disgusto-de-los-ganaderos\/#organizationLogo"},"image":{"@id":"https:\/\/www.eldigitaldeasturias.com\/noticias\/alejandro-calvo-entendemos-el-malestar-y-disgusto-de-los-ganaderos\/#organizationLogo"},"sameAs":["https:\/\/facebook.com\/eldigitaldeasturias","https:\/\/www.youtube.com\/channel\/UCZP-2wLEB9Rv6erhFmqVnvg"],"address":{"@id":"https:\/\/www.eldigitaldeasturias.com\/noticias\/#postaladdress","@type":"PostalAddress","streetAddress":"san antonio 4","postalCode":"33430","addressLocality":"Cand\u00e1s","addressRegion":"Asturias","addressCountry":"ES"}},{"@type":"Person","@id":"https:\/\/www.eldigitaldeasturias.com\/noticias\/author\/admin\/#author","url":"https:\/\/www.eldigitaldeasturias.com\/noticias\/author\/admin\/","name":"El Digital de Asturias","image":{"@type":"ImageObject","@id":"https:\/\/www.eldigitaldeasturias.com\/noticias\/alejandro-calvo-entendemos-el-malestar-y-disgusto-de-los-ganaderos\/#authorImage","url":"https:\/\/secure.gravatar.com\/avatar\/df2aeffc32bcd13f8d26072ef8a91b623d677766deac7f97ca815868cd41bf5e?s=96&d=mm&r=g","width":96,"height":96,"caption":"El Digital de Asturias"}},{"@type":"WebPage","@id":"https:\/\/www.eldigitaldeasturias.com\/noticias\/alejandro-calvo-entendemos-el-malestar-y-disgusto-de-los-ganaderos\/#webpage","url":"https:\/\/www.eldigitaldeasturias.com\/noticias\/alejandro-calvo-entendemos-el-malestar-y-disgusto-de-los-ganaderos\/","name":"Alejandro Calvo: \u201cEntendemos el malestar y disgusto de los ganaderos\u201d - El Digital de Asturias","description":"El gobierno de Asturias tiene una posici\u00f3n clara en defensa de su plan de gesti\u00f3n del lobo y por lo tanto, que muestre desacuerdo con el Ministerio","inLanguage":"es-ES","isPartOf":{"@id":"https:\/\/www.eldigitaldeasturias.com\/noticias\/#website"},"breadcrumb":{"@id":"https:\/\/www.eldigitaldeasturias.com\/noticias\/alejandro-calvo-entendemos-el-malestar-y-disgusto-de-los-ganaderos\/#breadcrumblist"},"author":{"@id":"https:\/\/www.eldigitaldeasturias.com\/noticias\/author\/admin\/#author"},"creator":{"@id":"https:\/\/www.eldigitaldeasturias.com\/noticias\/author\/admin\/#author"},"image":{"@type":"ImageObject","url":1023654,"@id":"https:\/\/www.eldigitaldeasturias.com\/noticias\/alejandro-calvo-entendemos-el-malestar-y-disgusto-de-los-ganaderos\/#mainImage"},"primaryImageOfPage":{"@id":"https:\/\/www.eldigitaldeasturias.com\/noticias\/alejandro-calvo-entendemos-el-malestar-y-disgusto-de-los-ganaderos\/#mainImage"},"datePublished":"2021-06-18T17:00:01+02:00","dateModified":"2021-06-18T17:00:01+02:00"},{"@type":"WebSite","@id":"https:\/\/www.eldigitaldeasturias.com\/noticias\/#website","url":"https:\/\/www.eldigitaldeasturias.com\/noticias\/","name":"El Digital de Asturias - Diario de actualidad y noticias","alternateName":"El Digital de Asturias - Diario de actualidad y noticias","description":"Hemeroteca","inLanguage":"es-ES","publisher":{"@id":"https:\/\/www.eldigitaldeasturias.com\/noticias\/#organization"}}]},"og:locale":"es_ES","og:site_name":"El Digital de Asturias","og:type":"article","og:title":"Alejandro Calvo: \u201cEntendemos el malestar y disgusto de los ganaderos\u201d - El Digital de Asturias","og:description":"El gobierno de Asturias tiene una posici\u00f3n clara en defensa de su plan de gesti\u00f3n del lobo y por lo tanto, que muestre desacuerdo con el Ministerio","og:url":"https:\/\/www.eldigitaldeasturias.com\/noticias\/alejandro-calvo-entendemos-el-malestar-y-disgusto-de-los-ganaderos\/","article:tag":["actualidad asturias"],"article:published_time":"2021-06-18T16:00:01+00:00","article:modified_time":"2021-06-18T16:00:01+00:00","article:publisher":"https:\/\/facebook.com\/eldigitaldeasturias","twitter:card":"summary_large_image","twitter:title":"Alejandro Calvo: \u201cEntendemos el malestar y disgusto de los ganaderos\u201d - El Digital de Asturias","twitter:description":"El gobierno de Asturias tiene una posici\u00f3n clara en defensa de su plan de gesti\u00f3n del lobo y por lo tanto, que muestre desacuerdo con el Ministerio","twitter:image":"https:\/\/www.eldigitaldeasturias.com\/noticias\/wp-content\/uploads\/2020\/12\/EDA-1.jpg","twitter:label1":"Escrito por","twitter:data1":"El Digital de Asturias","twitter:label2":"Tiempo de lectura estimado","twitter:data2":"1 minuto"},"aioseo_meta_data":{"post_id":"1094027","title":null,"description":"El gobierno de Asturias tiene una posici\u00f3n clara en defensa de su plan de gesti\u00f3n del lobo y por lo tanto, que muestre desacuerdo con el Ministerio","keywords":[],"keyphrases":{"focus":{"keyphrase":"Asturias","score":88,"analysis":{"keyphraseInTitle":{"title":"Frase clave objetivo en el t\u00edtulo SEO","description":"Frase clave objetivo encontrada en el t\u00edtulo SEO.","score":9,"maxScore":9,"error":0},"keyphraseInDescription":{"title":"Frase clave objetivo en la meta descripci\u00f3n","description":"Frase clave objetivo encontrada en la meta descripci\u00f3n.","score":9,"maxScore":9,"error":0},"keyphraseInURL":{"title":"Frase clave objetivo en la URL","description":"Frase clave objetivo usada en la URL.","score":5,"maxScore":5,"error":0},"keyphraseInIntroduction":{"title":"Frase clave objetivo en la introducci\u00f3n","description":"Su Frase clave objetivo aparece en el primer p\u00e1rrafo. \u00a1Bien hecho!","score":9,"maxScore":9,"error":0},"keyphraseInSubHeadings":[],"keyphraseLength":{"title":"Longitud de la Frase clave objetivo","description":"\u00a1Buen trabajo!","score":9,"maxScore":9,"error":0,"length":1},"keyphraseInImageAlt":{"title":"Frase clave objetivo en los atributos alt de la imagen.","description":"Frase clave objetivo no se encuentra en los atributos alt de la imagen. A\u00f1ada una imagen con su Frase clave objetivo como texto alternativo.","score":3,"maxScore":9,"error":1}}},"additional":[]},"primary_term":null,"canonical_url":null,"og_title":null,"og_description":null,"og_object_type":"default","og_image_type":"default","og_image_url":null,"og_image_width":null,"og_image_height":null,"og_image_custom_url":null,"og_image_custom_fields":null,"og_video":"","og_custom_url":null,"og_article_section":null,"og_article_tags":[],"twitter_use_og":false,"twitter_card":"default","twitter_image_type":"default","twitter_image_url":null,"twitter_image_custom_url":null,"twitter_image_custom_fields":null,"twitter_title":null,"twitter_description":null,"schema":{"blockGraphs":[],"customGraphs":[],"default":{"data":{"Article":[],"Course":[],"Dataset":[],"FAQPage":[],"Movie":[],"Person":[],"Product":[],"ProductReview":[],"Car":[],"Recipe":[],"Service":[],"SoftwareApplication":[],"WebPage":[]},"graphName":"","isEnabled":true},"graphs":[]},"schema_type":"default","schema_type_options":"{\"article\":{\"articleType\":\"BlogPosting\"},\"course\":{\"name\":\"\",\"description\":\"\",\"provider\":\"\"},\"faq\":{\"pages\":[]},\"product\":{\"reviews\":[]},\"recipe\":{\"ingredients\":[],\"instructions\":[],\"keywords\":[]},\"software\":{\"reviews\":[],\"operatingSystems\":[]},\"webPage\":{\"webPageType\":\"WebPage\"}}","pillar_content":false,"robots_default":true,"robots_noindex":false,"robots_noarchive":false,"robots_nosnippet":false,"robots_nofollow":false,"robots_noimageindex":false,"robots_noodp":false,"robots_notranslate":false,"robots_max_snippet":"-1","robots_max_videopreview":"-1","robots_max_imagepreview":"large","priority":null,"frequency":"default","local_seo":{"locations":{"business":{"name":"","businessType":"","image":"","areaServed":"","urls":{"website":"","aboutPage":"","contactPage":""},"address":{"streetLine1":"","streetLine2":"","zipCode":"","city":"","state":"","country":"","addressFormat":"#streetLineOne\n#streetLineTwo\n#city, #state #zipCode"},"contact":{"email":"","phone":"","phoneFormatted":"","fax":"","faxFormatted":""},"ids":{"vat":"","tax":"","chamberOfCommerce":""},"payment":{"priceRange":"","currenciesAccepted":"","methods":""}}},"openingHours":{"useDefaults":true,"show":true,"alwaysOpen":false,"use24hFormat":false,"timezone":"","labels":{"closed":"","alwaysOpen":""},"days":{"monday":{"open24h":false,"closed":false,"openTime":"09:00","closeTime":"17:00"},"tuesday":{"open24h":false,"closed":false,"openTime":"09:00","closeTime":"17:00"},"wednesday":{"open24h":false,"closed":false,"openTime":"09:00","closeTime":"17:00"},"thursday":{"open24h":false,"closed":false,"openTime":"09:00","closeTime":"17:00"},"friday":{"open24h":false,"closed":false,"openTime":"09:00","closeTime":"17:00"},"saturday":{"open24h":false,"closed":false,"openTime":"09:00","closeTime":"17:00"},"sunday":{"open24h":false,"closed":false,"openTime":"09:00","closeTime":"17:00"}}}},"seo_analyzer_scan_date":"2026-07-18 21:17:28","breadcrumb_settings":null,"limit_modified_date":false,"open_ai":null,"ai":null,"created":"2021-06-18 15:56:07","updated":"2026-07-18 21:17:28","focus_keyword":"Asturias","additional_keywords":null,"truseo_locale":null},"aioseo_breadcrumb":"<div class=\"aioseo-breadcrumbs\"><span class=\"aioseo-breadcrumb\">\n\t<a href=\"https:\/\/www.eldigitaldeasturias.com\/noticias\" title=\"Home\">Home<\/a>\n<\/span><span class=\"aioseo-breadcrumb-separator\">\u2013<\/span><span class=\"aioseo-breadcrumb\">\n\t<a href=\"https:\/\/www.eldigitaldeasturias.com\/noticias\/category\/actualidad-asturias\/\" title=\"Actualidad Asturias\">Actualidad Asturias<\/a>\n<\/span><span class=\"aioseo-breadcrumb-separator\">\u2013<\/span><span class=\"aioseo-breadcrumb\">\n\t<a href=\"https:\/\/www.eldigitaldeasturias.com\/noticias\/alejandro-calvo-entendemos-el-malestar-y-disgusto-de-los-ganaderos\/\" title=\"Alejandro Calvo: \u201cEntendemos el malestar y disgusto de los ganaderos\u201d\">Alejandro Calvo: \u201cEntendemos el malestar y disgusto de los ganaderos\u201d<\/a>\n<\/span><\/div>","aioseo_breadcrumb_json":[{"label":"Home","link":"https:\/\/www.eldigitaldeasturias.com\/noticias"},{"label":"Actualidad Asturias","link":"https:\/\/www.eldigitaldeasturias.com\/noticias\/category\/actualidad-asturias\/"},{"label":"Alejandro Calvo: \u201cEntendemos el malestar y disgusto de los ganaderos\u201d","link":"https:\/\/www.eldigitaldeasturias.com\/noticias\/alejandro-calvo-entendemos-el-malestar-y-disgusto-de-los-ganaderos\/"}],"_links":{"self":[{"href":"https:\/\/www.eldigitaldeasturias.com\/noticias\/wp-json\/wp\/v2\/posts\/1094027","targetHints":{"allow":["GET"]}}],"collection":[{"href":"https:\/\/www.eldigitaldeasturias.com\/noticias\/wp-json\/wp\/v2\/posts"}],"about":[{"href":"https:\/\/www.eldigitaldeasturias.com\/noticias\/wp-json\/wp\/v2\/types\/post"}],"author":[{"embeddable":true,"href":"https:\/\/www.eldigitaldeasturias.com\/noticias\/wp-json\/wp\/v2\/users\/1"}],"replies":[{"embeddable":true,"href":"https:\/\/www.eldigitaldeasturias.com\/noticias\/wp-json\/wp\/v2\/comments?post=1094027"}],"version-history":[{"count":0,"href":"https:\/\/www.eldigitaldeasturias.com\/noticias\/wp-json\/wp\/v2\/posts\/1094027\/revisions"}],"wp:attachment":[{"href":"https:\/\/www.eldigitaldeasturias.com\/noticias\/wp-json\/wp\/v2\/media?parent=1094027"}],"wp:term":[{"taxonomy":"category","embeddable":true,"href":"https:\/\/www.eldigitaldeasturias.com\/noticias\/wp-json\/wp\/v2\/categories?post=1094027"},{"taxonomy":"post_tag","embeddable":true,"href":"https:\/\/www.eldigitaldeasturias.com\/noticias\/wp-json\/wp\/v2\/tags?post=1094027"}],"curies":[{"name":"wp","href":"https:\/\/api.w.org\/{rel}","templated":true}]}}