{"id":1093944,"date":"2021-06-17T19:57:43","date_gmt":"2021-06-17T18:57:43","guid":{"rendered":"https:\/\/www.eldigitaldeasturias.com\/noticias\/?p=1093944"},"modified":"2021-06-17T19:57:43","modified_gmt":"2021-06-17T18:57:43","slug":"mallada-rechazo-participar-en-asturforesta-2021-en-solidaridad-con-los-ganaderos","status":"publish","type":"post","link":"https:\/\/www.eldigitaldeasturias.com\/noticias\/mallada-rechazo-participar-en-asturforesta-2021-en-solidaridad-con-los-ganaderos\/","title":{"rendered":"Mallada rechaz\u00f3 participar en Asturforesta 2021 en solidaridad con los ganaderos"},"content":{"rendered":"<p><img loading=\"lazy\" decoding=\"async\" class=\"alignleft size-medium wp-image-1093945\" src=\"https:\/\/www.eldigitaldeasturias.com\/noticias\/wp-content\/uploads\/2021\/06\/Mallada-PP-Asturias-1-360x235.jpg\" alt=\"Mallada PP Asturias\" width=\"360\" height=\"235\" \/>La presidente del PP de Asturias, <strong>Teresa Mallada ha rechazado hoy participar en el acto oficial de inauguraci\u00f3n de la feria Asturforesta en Tineo<\/strong>, en solidaridad con los ganaderos que han protestado por la intenci\u00f3n del Gobierno central de proteger al lobo incluido en Lespre.<\/p>\n<p><strong>La portavoz del PP ha criticado la pol\u00edtica forestal del Gobierno del Principado, calific\u00e1ndola de \u201cinexistente\u201d<\/strong>. \u201cLos datos son absolutamente objetivos, Asturias tiene un plan forestal que es del a\u00f1o 2000 que deber\u00eda estar revisado cada 15 a\u00f1os, la revisi\u00f3n est\u00e1 sin hacer. Tiene una ley de montes que es del a\u00f1o 2004 que ni siquiera ha desarrollado un reglamento y son unas herramientas que est\u00e1n absolutamente desactualizadas y que no sirven a lo que es el sector empresarial del \u00e1mbito forestal\u201d.<\/p>\n<p><strong>Mallada ha considerado que el sector forestal en Asturias \u201cnecesita crecer\u201d para el desarrollo econ\u00f3mico, el fomento de empleo y el crecimiento de la poblaci\u00f3n de toda la comunidad aut\u00f3noma<\/strong>, puesto que el 70 por ciento del territorio asturiano es monte, pero \u201cel apoyo del gobierno a los empresarios que est\u00e1n relacionados con el sector forestal, como no existe, pues esa actividad forestal en nuestra comunidad aut\u00f3noma, pues es tan solo del 8 por ciento\u201d.<\/p>\n<p>Como ejemplo de la falta de apoyo gubernamental al sector forestal, Mallada ha citado a la actividad ganadera. \u2022Tenemos unos montes completamente abandonados y a un sector ganadero sufriendo esa repercusi\u00f3n de que el gobierno socialista pues no cuida nuestros montes, no tiene l\u00edneas estrat\u00e9gicas que le indiquen lo que tiene qu\u00e9 hacer\u201d.<\/p>\n<p>Tambi\u00e9n ha criticado la diputada, al Ministerio de Transici\u00f3n Ecol\u00f3gica, \u201cque quiere proteger al lobo, ya lo ha dicho la ministra que incluso va a acelerar el plazo que ten\u00eda pensado para que el lobo sea especie protegida en toda Espa\u00f1a y \u00bfmientras qu\u00e9 hace el gobierno de Barb\u00f3n? El viernes finaliz\u00f3 el plazo para presentar alegaciones a este proyecto de orden ministerial y el gobierno de Asturias no present\u00f3 alegaciones y ahora parece que se ampl\u00eda y parece que van a presentar alegaciones y esto es una tomadura de pelo del gobierno de Asturias\u201d.<\/p>\n<p><strong>Finalmente Mallada calific\u00f3 la feria Asturforesta 2021 como un \u201cparip<\/strong>\u00e9\u201d, \u201cvamos a tener aqu\u00ed una concentraci\u00f3n de ganaderos precisamente para hacer ver al Ministerio de Transici\u00f3n Ecol\u00f3gica que es un desastre lo que est\u00e1 haciendo con nuestro sector ganadero, para hacer ver que el gobierno de Adri\u00e1n Barb\u00f3n dice que no est\u00e1 de acuerdo pero con la boca muy peque\u00f1a y desde luego el Partido Popular de Asturias no va a participar en los actos de este parip\u00e9\u201d.<\/p>\n<p>&nbsp;<\/p>\n","protected":false},"excerpt":{"rendered":"<p>La presidente del PP de Asturias, Teresa Mallada ha rechazado hoy participar en el acto oficial de inauguraci\u00f3n de la feria Asturforesta en Tineo, en solidaridad con los ganaderos que han protestado por la intenci\u00f3n del Gobierno central de proteger al lobo incluido en Lespre. La portavoz del PP ha criticado la pol\u00edtica forestal del [&hellip;]<\/p>\n","protected":false},"author":1,"featured_media":1093945,"comment_status":"closed","ping_status":"closed","sticky":false,"template":"","format":"standard","meta":{"footnotes":""},"categories":[12],"tags":[],"class_list":["post-1093944","post","type-post","status-publish","format-standard","has-post-thumbnail","hentry","category-actualidad-asturias"],"aioseo_notices":[],"aioseo_head":"\n\t\t<!-- All in One SEO Pro 5.0.1 - aioseo.com -->\n\t<meta name=\"description\" content=\"La presidente del PP de Asturias, Teresa Mallada ha rechazado hoy participar en el acto oficial de inauguraci\u00f3n de la feria Asturforesta\" \/>\n\t<meta name=\"robots\" content=\"max-image-preview:large\" \/>\n\t<meta name=\"author\" content=\"El Digital de Asturias\"\/>\n\t<meta name=\"google-site-verification\" content=\"UA-38556648-1\" \/>\n\t<meta name=\"msvalidate.01\" content=\"7dfe9f3f1b24437ab69f4f2559babe99\" \/>\n\t<meta name=\"keywords\" content=\"actualidad asturias\" \/>\n\t<link rel=\"canonical\" href=\"https:\/\/www.eldigitaldeasturias.com\/noticias\/mallada-rechazo-participar-en-asturforesta-2021-en-solidaridad-con-los-ganaderos\/\" \/>\n\t<meta name=\"generator\" content=\"All in One SEO Pro (AIOSEO) 5.0.1\" \/>\n\t\t<meta property=\"og:locale\" content=\"es_ES\" \/>\n\t\t<meta property=\"og:site_name\" content=\"El Digital de Asturias\" \/>\n\t\t<meta property=\"og:type\" content=\"article\" \/>\n\t\t<meta property=\"og:title\" content=\"Mallada rechaz\u00f3 participar en Asturforesta 2021 en solidaridad con los ganaderos - El Digital de Asturias\" \/>\n\t\t<meta property=\"og:description\" content=\"La presidente del PP de Asturias, Teresa Mallada ha rechazado hoy participar en el acto oficial de inauguraci\u00f3n de la feria Asturforesta\" \/>\n\t\t<meta property=\"og:url\" content=\"https:\/\/www.eldigitaldeasturias.com\/noticias\/mallada-rechazo-participar-en-asturforesta-2021-en-solidaridad-con-los-ganaderos\/\" \/>\n\t\t<meta property=\"article:tag\" content=\"actualidad asturias\" \/>\n\t\t<meta property=\"article:published_time\" content=\"2021-06-17T18:57:43+00:00\" \/>\n\t\t<meta property=\"article:modified_time\" content=\"2021-06-17T18:57:43+00:00\" \/>\n\t\t<meta property=\"article:publisher\" content=\"https:\/\/facebook.com\/eldigitaldeasturias\" \/>\n\t\t<meta name=\"twitter:card\" content=\"summary_large_image\" \/>\n\t\t<meta name=\"twitter:title\" content=\"Mallada rechaz\u00f3 participar en Asturforesta 2021 en solidaridad con los ganaderos - El Digital de Asturias\" \/>\n\t\t<meta name=\"twitter:description\" content=\"La presidente del PP de Asturias, Teresa Mallada ha rechazado hoy participar en el acto oficial de inauguraci\u00f3n de la feria Asturforesta\" \/>\n\t\t<meta name=\"twitter:image\" content=\"https:\/\/www.eldigitaldeasturias.com\/noticias\/wp-content\/uploads\/2020\/12\/EDA-1.jpg\" \/>\n\t\t<meta name=\"twitter:label1\" content=\"Escrito por\" \/>\n\t\t<meta name=\"twitter:data1\" content=\"El Digital de Asturias\" \/>\n\t\t<meta name=\"twitter:label2\" content=\"Tiempo de lectura estimado\" \/>\n\t\t<meta name=\"twitter:data2\" content=\"2 minutos\" \/>\n\t\t<script type=\"application\/ld+json\" class=\"aioseo-schema\">\n\t\t\t{\"@context\":\"https:\\\/\\\/schema.org\",\"@graph\":[{\"@type\":\"BlogPosting\",\"@id\":\"https:\\\/\\\/www.eldigitaldeasturias.com\\\/noticias\\\/mallada-rechazo-participar-en-asturforesta-2021-en-solidaridad-con-los-ganaderos\\\/#blogposting\",\"name\":\"Mallada rechaz\\u00f3 participar en Asturforesta 2021 en solidaridad con los ganaderos - El Digital de Asturias\",\"headline\":\"Mallada rechaz\\u00f3 participar en Asturforesta 2021 en solidaridad con los ganaderos\",\"author\":{\"@id\":\"https:\\\/\\\/www.eldigitaldeasturias.com\\\/noticias\\\/author\\\/admin\\\/#author\"},\"publisher\":{\"@id\":\"https:\\\/\\\/www.eldigitaldeasturias.com\\\/noticias\\\/#organization\"},\"image\":{\"@type\":\"ImageObject\",\"url\":1093945},\"datePublished\":\"2021-06-17T19:57:43+02:00\",\"dateModified\":\"2021-06-17T19:57:43+02:00\",\"inLanguage\":\"es-ES\",\"mainEntityOfPage\":{\"@id\":\"https:\\\/\\\/www.eldigitaldeasturias.com\\\/noticias\\\/mallada-rechazo-participar-en-asturforesta-2021-en-solidaridad-con-los-ganaderos\\\/#webpage\"},\"isPartOf\":{\"@id\":\"https:\\\/\\\/www.eldigitaldeasturias.com\\\/noticias\\\/mallada-rechazo-participar-en-asturforesta-2021-en-solidaridad-con-los-ganaderos\\\/#webpage\"},\"articleSection\":\"Actualidad Asturias\"},{\"@type\":\"BreadcrumbList\",\"@id\":\"https:\\\/\\\/www.eldigitaldeasturias.com\\\/noticias\\\/mallada-rechazo-participar-en-asturforesta-2021-en-solidaridad-con-los-ganaderos\\\/#breadcrumblist\",\"itemListElement\":[{\"@type\":\"ListItem\",\"@id\":\"https:\\\/\\\/www.eldigitaldeasturias.com\\\/noticias#listItem\",\"position\":1,\"name\":\"Home\",\"item\":\"https:\\\/\\\/www.eldigitaldeasturias.com\\\/noticias\",\"nextItem\":{\"@type\":\"ListItem\",\"@id\":\"https:\\\/\\\/www.eldigitaldeasturias.com\\\/noticias\\\/category\\\/actualidad-asturias\\\/#listItem\",\"name\":\"Actualidad Asturias\"}},{\"@type\":\"ListItem\",\"@id\":\"https:\\\/\\\/www.eldigitaldeasturias.com\\\/noticias\\\/category\\\/actualidad-asturias\\\/#listItem\",\"position\":2,\"name\":\"Actualidad Asturias\",\"item\":\"https:\\\/\\\/www.eldigitaldeasturias.com\\\/noticias\\\/category\\\/actualidad-asturias\\\/\",\"nextItem\":{\"@type\":\"ListItem\",\"@id\":\"https:\\\/\\\/www.eldigitaldeasturias.com\\\/noticias\\\/mallada-rechazo-participar-en-asturforesta-2021-en-solidaridad-con-los-ganaderos\\\/#listItem\",\"name\":\"Mallada rechaz\\u00f3 participar en Asturforesta 2021 en solidaridad con los ganaderos\"},\"previousItem\":{\"@type\":\"ListItem\",\"@id\":\"https:\\\/\\\/www.eldigitaldeasturias.com\\\/noticias#listItem\",\"name\":\"Home\"}},{\"@type\":\"ListItem\",\"@id\":\"https:\\\/\\\/www.eldigitaldeasturias.com\\\/noticias\\\/mallada-rechazo-participar-en-asturforesta-2021-en-solidaridad-con-los-ganaderos\\\/#listItem\",\"position\":3,\"name\":\"Mallada rechaz\\u00f3 participar en Asturforesta 2021 en solidaridad con los ganaderos\",\"previousItem\":{\"@type\":\"ListItem\",\"@id\":\"https:\\\/\\\/www.eldigitaldeasturias.com\\\/noticias\\\/category\\\/actualidad-asturias\\\/#listItem\",\"name\":\"Actualidad Asturias\"}}]},{\"@type\":\"Organization\",\"@id\":\"https:\\\/\\\/www.eldigitaldeasturias.com\\\/noticias\\\/#organization\",\"name\":\"El Digital de Asturias\",\"description\":\"Hemeroteca\",\"url\":\"https:\\\/\\\/www.eldigitaldeasturias.com\\\/noticias\\\/\",\"email\":\"info@eldigitaldeasturias.com\",\"telephone\":\"+34652131393\",\"logo\":{\"@type\":\"ImageObject\",\"url\":\"https:\\\/\\\/www.eldigitaldeasturias.com\\\/noticias\\\/wp-content\\\/uploads\\\/2020\\\/12\\\/EDA.jpg\",\"@id\":\"https:\\\/\\\/www.eldigitaldeasturias.com\\\/noticias\\\/mallada-rechazo-participar-en-asturforesta-2021-en-solidaridad-con-los-ganaderos\\\/#organizationLogo\"},\"image\":{\"@id\":\"https:\\\/\\\/www.eldigitaldeasturias.com\\\/noticias\\\/mallada-rechazo-participar-en-asturforesta-2021-en-solidaridad-con-los-ganaderos\\\/#organizationLogo\"},\"sameAs\":[\"https:\\\/\\\/facebook.com\\\/eldigitaldeasturias\",\"https:\\\/\\\/www.youtube.com\\\/channel\\\/UCZP-2wLEB9Rv6erhFmqVnvg\"],\"address\":{\"@id\":\"https:\\\/\\\/www.eldigitaldeasturias.com\\\/noticias\\\/#postaladdress\",\"@type\":\"PostalAddress\",\"streetAddress\":\"san antonio 4\",\"postalCode\":\"33430\",\"addressLocality\":\"Cand\\u00e1s\",\"addressRegion\":\"Asturias\",\"addressCountry\":\"ES\"}},{\"@type\":\"Person\",\"@id\":\"https:\\\/\\\/www.eldigitaldeasturias.com\\\/noticias\\\/author\\\/admin\\\/#author\",\"url\":\"https:\\\/\\\/www.eldigitaldeasturias.com\\\/noticias\\\/author\\\/admin\\\/\",\"name\":\"El Digital de Asturias\",\"image\":{\"@type\":\"ImageObject\",\"@id\":\"https:\\\/\\\/www.eldigitaldeasturias.com\\\/noticias\\\/mallada-rechazo-participar-en-asturforesta-2021-en-solidaridad-con-los-ganaderos\\\/#authorImage\",\"url\":\"https:\\\/\\\/secure.gravatar.com\\\/avatar\\\/df2aeffc32bcd13f8d26072ef8a91b623d677766deac7f97ca815868cd41bf5e?s=96&d=mm&r=g\",\"width\":96,\"height\":96,\"caption\":\"El Digital de Asturias\"}},{\"@type\":\"WebPage\",\"@id\":\"https:\\\/\\\/www.eldigitaldeasturias.com\\\/noticias\\\/mallada-rechazo-participar-en-asturforesta-2021-en-solidaridad-con-los-ganaderos\\\/#webpage\",\"url\":\"https:\\\/\\\/www.eldigitaldeasturias.com\\\/noticias\\\/mallada-rechazo-participar-en-asturforesta-2021-en-solidaridad-con-los-ganaderos\\\/\",\"name\":\"Mallada rechaz\\u00f3 participar en Asturforesta 2021 en solidaridad con los ganaderos - El Digital de Asturias\",\"description\":\"La presidente del PP de Asturias, Teresa Mallada ha rechazado hoy participar en el acto oficial de inauguraci\\u00f3n de la feria Asturforesta\",\"inLanguage\":\"es-ES\",\"isPartOf\":{\"@id\":\"https:\\\/\\\/www.eldigitaldeasturias.com\\\/noticias\\\/#website\"},\"breadcrumb\":{\"@id\":\"https:\\\/\\\/www.eldigitaldeasturias.com\\\/noticias\\\/mallada-rechazo-participar-en-asturforesta-2021-en-solidaridad-con-los-ganaderos\\\/#breadcrumblist\"},\"author\":{\"@id\":\"https:\\\/\\\/www.eldigitaldeasturias.com\\\/noticias\\\/author\\\/admin\\\/#author\"},\"creator\":{\"@id\":\"https:\\\/\\\/www.eldigitaldeasturias.com\\\/noticias\\\/author\\\/admin\\\/#author\"},\"image\":{\"@type\":\"ImageObject\",\"url\":1093945,\"@id\":\"https:\\\/\\\/www.eldigitaldeasturias.com\\\/noticias\\\/mallada-rechazo-participar-en-asturforesta-2021-en-solidaridad-con-los-ganaderos\\\/#mainImage\"},\"primaryImageOfPage\":{\"@id\":\"https:\\\/\\\/www.eldigitaldeasturias.com\\\/noticias\\\/mallada-rechazo-participar-en-asturforesta-2021-en-solidaridad-con-los-ganaderos\\\/#mainImage\"},\"datePublished\":\"2021-06-17T19:57:43+02:00\",\"dateModified\":\"2021-06-17T19:57:43+02:00\"},{\"@type\":\"WebSite\",\"@id\":\"https:\\\/\\\/www.eldigitaldeasturias.com\\\/noticias\\\/#website\",\"url\":\"https:\\\/\\\/www.eldigitaldeasturias.com\\\/noticias\\\/\",\"name\":\"El Digital de Asturias - Diario de actualidad y noticias\",\"alternateName\":\"El Digital de Asturias - Diario de actualidad y noticias\",\"description\":\"Hemeroteca\",\"inLanguage\":\"es-ES\",\"publisher\":{\"@id\":\"https:\\\/\\\/www.eldigitaldeasturias.com\\\/noticias\\\/#organization\"}}]}\n\t\t<\/script>\n\t\t<!-- All in One SEO Pro -->\r\n\t\t<title>Mallada rechaz\u00f3 participar en Asturforesta 2021 en solidaridad con los ganaderos - El Digital de Asturias<\/title>\n\n","aioseo_head_json":{"title":"Mallada rechaz\u00f3 participar en Asturforesta 2021 en solidaridad con los ganaderos - El Digital de Asturias","description":"La presidente del PP de Asturias, Teresa Mallada ha rechazado hoy participar en el acto oficial de inauguraci\u00f3n de la feria Asturforesta","canonical_url":"https:\/\/www.eldigitaldeasturias.com\/noticias\/mallada-rechazo-participar-en-asturforesta-2021-en-solidaridad-con-los-ganaderos\/","robots":"max-image-preview:large","keywords":"actualidad asturias","webmasterTools":{"google-site-verification":"UA-38556648-1","msvalidate.01":"7dfe9f3f1b24437ab69f4f2559babe99","miscellaneous":""},"schema":{"@context":"https:\/\/schema.org","@graph":[{"@type":"BlogPosting","@id":"https:\/\/www.eldigitaldeasturias.com\/noticias\/mallada-rechazo-participar-en-asturforesta-2021-en-solidaridad-con-los-ganaderos\/#blogposting","name":"Mallada rechaz\u00f3 participar en Asturforesta 2021 en solidaridad con los ganaderos - El Digital de Asturias","headline":"Mallada rechaz\u00f3 participar en Asturforesta 2021 en solidaridad con los ganaderos","author":{"@id":"https:\/\/www.eldigitaldeasturias.com\/noticias\/author\/admin\/#author"},"publisher":{"@id":"https:\/\/www.eldigitaldeasturias.com\/noticias\/#organization"},"image":{"@type":"ImageObject","url":1093945},"datePublished":"2021-06-17T19:57:43+02:00","dateModified":"2021-06-17T19:57:43+02:00","inLanguage":"es-ES","mainEntityOfPage":{"@id":"https:\/\/www.eldigitaldeasturias.com\/noticias\/mallada-rechazo-participar-en-asturforesta-2021-en-solidaridad-con-los-ganaderos\/#webpage"},"isPartOf":{"@id":"https:\/\/www.eldigitaldeasturias.com\/noticias\/mallada-rechazo-participar-en-asturforesta-2021-en-solidaridad-con-los-ganaderos\/#webpage"},"articleSection":"Actualidad Asturias"},{"@type":"BreadcrumbList","@id":"https:\/\/www.eldigitaldeasturias.com\/noticias\/mallada-rechazo-participar-en-asturforesta-2021-en-solidaridad-con-los-ganaderos\/#breadcrumblist","itemListElement":[{"@type":"ListItem","@id":"https:\/\/www.eldigitaldeasturias.com\/noticias#listItem","position":1,"name":"Home","item":"https:\/\/www.eldigitaldeasturias.com\/noticias","nextItem":{"@type":"ListItem","@id":"https:\/\/www.eldigitaldeasturias.com\/noticias\/category\/actualidad-asturias\/#listItem","name":"Actualidad Asturias"}},{"@type":"ListItem","@id":"https:\/\/www.eldigitaldeasturias.com\/noticias\/category\/actualidad-asturias\/#listItem","position":2,"name":"Actualidad Asturias","item":"https:\/\/www.eldigitaldeasturias.com\/noticias\/category\/actualidad-asturias\/","nextItem":{"@type":"ListItem","@id":"https:\/\/www.eldigitaldeasturias.com\/noticias\/mallada-rechazo-participar-en-asturforesta-2021-en-solidaridad-con-los-ganaderos\/#listItem","name":"Mallada rechaz\u00f3 participar en Asturforesta 2021 en solidaridad con los ganaderos"},"previousItem":{"@type":"ListItem","@id":"https:\/\/www.eldigitaldeasturias.com\/noticias#listItem","name":"Home"}},{"@type":"ListItem","@id":"https:\/\/www.eldigitaldeasturias.com\/noticias\/mallada-rechazo-participar-en-asturforesta-2021-en-solidaridad-con-los-ganaderos\/#listItem","position":3,"name":"Mallada rechaz\u00f3 participar en Asturforesta 2021 en solidaridad con los ganaderos","previousItem":{"@type":"ListItem","@id":"https:\/\/www.eldigitaldeasturias.com\/noticias\/category\/actualidad-asturias\/#listItem","name":"Actualidad Asturias"}}]},{"@type":"Organization","@id":"https:\/\/www.eldigitaldeasturias.com\/noticias\/#organization","name":"El Digital de Asturias","description":"Hemeroteca","url":"https:\/\/www.eldigitaldeasturias.com\/noticias\/","email":"info@eldigitaldeasturias.com","telephone":"+34652131393","logo":{"@type":"ImageObject","url":"https:\/\/www.eldigitaldeasturias.com\/noticias\/wp-content\/uploads\/2020\/12\/EDA.jpg","@id":"https:\/\/www.eldigitaldeasturias.com\/noticias\/mallada-rechazo-participar-en-asturforesta-2021-en-solidaridad-con-los-ganaderos\/#organizationLogo"},"image":{"@id":"https:\/\/www.eldigitaldeasturias.com\/noticias\/mallada-rechazo-participar-en-asturforesta-2021-en-solidaridad-con-los-ganaderos\/#organizationLogo"},"sameAs":["https:\/\/facebook.com\/eldigitaldeasturias","https:\/\/www.youtube.com\/channel\/UCZP-2wLEB9Rv6erhFmqVnvg"],"address":{"@id":"https:\/\/www.eldigitaldeasturias.com\/noticias\/#postaladdress","@type":"PostalAddress","streetAddress":"san antonio 4","postalCode":"33430","addressLocality":"Cand\u00e1s","addressRegion":"Asturias","addressCountry":"ES"}},{"@type":"Person","@id":"https:\/\/www.eldigitaldeasturias.com\/noticias\/author\/admin\/#author","url":"https:\/\/www.eldigitaldeasturias.com\/noticias\/author\/admin\/","name":"El Digital de Asturias","image":{"@type":"ImageObject","@id":"https:\/\/www.eldigitaldeasturias.com\/noticias\/mallada-rechazo-participar-en-asturforesta-2021-en-solidaridad-con-los-ganaderos\/#authorImage","url":"https:\/\/secure.gravatar.com\/avatar\/df2aeffc32bcd13f8d26072ef8a91b623d677766deac7f97ca815868cd41bf5e?s=96&d=mm&r=g","width":96,"height":96,"caption":"El Digital de Asturias"}},{"@type":"WebPage","@id":"https:\/\/www.eldigitaldeasturias.com\/noticias\/mallada-rechazo-participar-en-asturforesta-2021-en-solidaridad-con-los-ganaderos\/#webpage","url":"https:\/\/www.eldigitaldeasturias.com\/noticias\/mallada-rechazo-participar-en-asturforesta-2021-en-solidaridad-con-los-ganaderos\/","name":"Mallada rechaz\u00f3 participar en Asturforesta 2021 en solidaridad con los ganaderos - El Digital de Asturias","description":"La presidente del PP de Asturias, Teresa Mallada ha rechazado hoy participar en el acto oficial de inauguraci\u00f3n de la feria Asturforesta","inLanguage":"es-ES","isPartOf":{"@id":"https:\/\/www.eldigitaldeasturias.com\/noticias\/#website"},"breadcrumb":{"@id":"https:\/\/www.eldigitaldeasturias.com\/noticias\/mallada-rechazo-participar-en-asturforesta-2021-en-solidaridad-con-los-ganaderos\/#breadcrumblist"},"author":{"@id":"https:\/\/www.eldigitaldeasturias.com\/noticias\/author\/admin\/#author"},"creator":{"@id":"https:\/\/www.eldigitaldeasturias.com\/noticias\/author\/admin\/#author"},"image":{"@type":"ImageObject","url":1093945,"@id":"https:\/\/www.eldigitaldeasturias.com\/noticias\/mallada-rechazo-participar-en-asturforesta-2021-en-solidaridad-con-los-ganaderos\/#mainImage"},"primaryImageOfPage":{"@id":"https:\/\/www.eldigitaldeasturias.com\/noticias\/mallada-rechazo-participar-en-asturforesta-2021-en-solidaridad-con-los-ganaderos\/#mainImage"},"datePublished":"2021-06-17T19:57:43+02:00","dateModified":"2021-06-17T19:57:43+02:00"},{"@type":"WebSite","@id":"https:\/\/www.eldigitaldeasturias.com\/noticias\/#website","url":"https:\/\/www.eldigitaldeasturias.com\/noticias\/","name":"El Digital de Asturias - Diario de actualidad y noticias","alternateName":"El Digital de Asturias - Diario de actualidad y noticias","description":"Hemeroteca","inLanguage":"es-ES","publisher":{"@id":"https:\/\/www.eldigitaldeasturias.com\/noticias\/#organization"}}]},"og:locale":"es_ES","og:site_name":"El Digital de Asturias","og:type":"article","og:title":"Mallada rechaz\u00f3 participar en Asturforesta 2021 en solidaridad con los ganaderos - El Digital de Asturias","og:description":"La presidente del PP de Asturias, Teresa Mallada ha rechazado hoy participar en el acto oficial de inauguraci\u00f3n de la feria Asturforesta","og:url":"https:\/\/www.eldigitaldeasturias.com\/noticias\/mallada-rechazo-participar-en-asturforesta-2021-en-solidaridad-con-los-ganaderos\/","article:tag":["actualidad asturias"],"article:published_time":"2021-06-17T18:57:43+00:00","article:modified_time":"2021-06-17T18:57:43+00:00","article:publisher":"https:\/\/facebook.com\/eldigitaldeasturias","twitter:card":"summary_large_image","twitter:title":"Mallada rechaz\u00f3 participar en Asturforesta 2021 en solidaridad con los ganaderos - El Digital de Asturias","twitter:description":"La presidente del PP de Asturias, Teresa Mallada ha rechazado hoy participar en el acto oficial de inauguraci\u00f3n de la feria Asturforesta","twitter:image":"https:\/\/www.eldigitaldeasturias.com\/noticias\/wp-content\/uploads\/2020\/12\/EDA-1.jpg","twitter:label1":"Escrito por","twitter:data1":"El Digital de Asturias","twitter:label2":"Tiempo de lectura estimado","twitter:data2":"2 minutos"},"aioseo_meta_data":{"post_id":"1093944","title":null,"description":"La presidente del PP de Asturias, Teresa Mallada ha rechazado hoy participar en el acto oficial de inauguraci\u00f3n de la feria Asturforesta","keywords":[],"keyphrases":{"focus":{"keyphrase":"Mallada","score":92,"analysis":{"keyphraseInTitle":{"title":"Frase clave objetivo en el t\u00edtulo SEO","description":"Frase clave objetivo encontrada en el t\u00edtulo SEO.","score":9,"maxScore":9,"error":0},"keyphraseInDescription":{"title":"Frase clave objetivo en la meta descripci\u00f3n","description":"Frase clave objetivo encontrada en la meta descripci\u00f3n.","score":9,"maxScore":9,"error":0},"keyphraseInURL":{"title":"Frase clave objetivo en la URL","description":"Frase clave objetivo no encontrada en la URL.","score":1,"maxScore":5,"error":1},"keyphraseInIntroduction":{"title":"Frase clave objetivo en la introducci\u00f3n","description":"Su Frase clave objetivo aparece en el primer p\u00e1rrafo. \u00a1Bien hecho!","score":9,"maxScore":9,"error":0},"keyphraseInSubHeadings":[],"keyphraseLength":{"title":"Longitud de la Frase clave objetivo","description":"\u00a1Buen trabajo!","score":9,"maxScore":9,"error":0,"length":1},"keyphraseInImageAlt":{"title":"Frase clave objetivo en los atributos alt de la imagen.","description":"Frase clave objetivo encontrada en los atributos alt de la(s) imagen(es).","score":9,"maxScore":9,"error":0}}},"additional":[{"keyphrase":"PP de Asturias","score":100,"analysis":{"keyphraseInDescription":{"title":"Frase clave en la meta descripci\u00f3n","description":"Frase clave encontrada en la meta descripci\u00f3n.","score":9,"maxScore":9,"error":0},"keyphraseInIntroduction":{"title":"Frase clave en la introducci\u00f3n","description":"Su Frase clave aparece en el primer p\u00e1rrafo. \u00a1Bien hecho!","score":9,"maxScore":9,"error":0},"keyphraseInImageAlt":{"title":"Frase clave en los atributos alt de la imagen.","description":"Frase clave encontrada en los atributos alt de la(s) imagen(es).","score":9,"maxScore":9,"error":0},"keyphraseLength":{"title":"Longitud de la Frase clave","description":"\u00a1Buen trabajo!","score":9,"maxScore":9,"error":0,"length":3}}},{"keyphrase":"Asturforesta","score":83,"analysis":{"keyphraseInDescription":{"title":"Frase clave en la meta descripci\u00f3n","description":"Frase clave encontrada en la meta descripci\u00f3n.","score":9,"maxScore":9,"error":0},"keyphraseInIntroduction":{"title":"Frase clave en la introducci\u00f3n","description":"Su Frase clave aparece en el primer p\u00e1rrafo. \u00a1Bien hecho!","score":9,"maxScore":9,"error":0},"keyphraseInImageAlt":{"title":"Frase clave en los atributos alt de la imagen.","description":"Frase clave no se encuentra en los atributos alt de la imagen. A\u00f1ada una imagen con su Frase clave como texto alternativo.","score":3,"maxScore":9,"error":1},"keyphraseLength":{"title":"Longitud de la Frase clave","description":"\u00a1Buen trabajo!","score":9,"maxScore":9,"error":0,"length":1}}}]},"primary_term":null,"canonical_url":null,"og_title":null,"og_description":null,"og_object_type":"default","og_image_type":"default","og_image_url":null,"og_image_width":null,"og_image_height":null,"og_image_custom_url":null,"og_image_custom_fields":null,"og_video":"","og_custom_url":null,"og_article_section":null,"og_article_tags":[],"twitter_use_og":false,"twitter_card":"default","twitter_image_type":"default","twitter_image_url":null,"twitter_image_custom_url":null,"twitter_image_custom_fields":null,"twitter_title":null,"twitter_description":null,"schema":{"blockGraphs":[],"customGraphs":[],"default":{"data":{"Article":[],"Course":[],"Dataset":[],"FAQPage":[],"Movie":[],"Person":[],"Product":[],"ProductReview":[],"Car":[],"Recipe":[],"Service":[],"SoftwareApplication":[],"WebPage":[]},"graphName":"","isEnabled":true},"graphs":[],"defaultGraph":"Article","defaultPostTypeGraph":""},"schema_type":"default","schema_type_options":"{\"article\":{\"articleType\":\"BlogPosting\"},\"course\":{\"name\":\"\",\"description\":\"\",\"provider\":\"\"},\"faq\":{\"pages\":[]},\"product\":{\"reviews\":[]},\"recipe\":{\"ingredients\":[],\"instructions\":[],\"keywords\":[]},\"software\":{\"reviews\":[],\"operatingSystems\":[]},\"webPage\":{\"webPageType\":\"WebPage\"}}","pillar_content":false,"robots_default":true,"robots_noindex":false,"robots_noarchive":false,"robots_nosnippet":false,"robots_nofollow":false,"robots_noimageindex":false,"robots_noodp":false,"robots_notranslate":false,"robots_max_snippet":"-1","robots_max_videopreview":"-1","robots_max_imagepreview":"large","priority":null,"frequency":"default","local_seo":{"locations":{"business":{"name":"","businessType":"","image":"","areaServed":"","urls":{"website":"","aboutPage":"","contactPage":""},"address":{"streetLine1":"","streetLine2":"","zipCode":"","city":"","state":"","country":"","addressFormat":"#streetLineOne\n#streetLineTwo\n#city, #state #zipCode"},"contact":{"email":"","phone":"","phoneFormatted":"","fax":"","faxFormatted":""},"ids":{"vat":"","tax":"","chamberOfCommerce":""},"payment":{"priceRange":"","currenciesAccepted":"","methods":""}}},"openingHours":{"useDefaults":true,"show":true,"alwaysOpen":false,"use24hFormat":false,"timezone":"","labels":{"closed":"","alwaysOpen":""},"days":{"monday":{"open24h":false,"closed":false,"openTime":"09:00","closeTime":"17:00"},"tuesday":{"open24h":false,"closed":false,"openTime":"09:00","closeTime":"17:00"},"wednesday":{"open24h":false,"closed":false,"openTime":"09:00","closeTime":"17:00"},"thursday":{"open24h":false,"closed":false,"openTime":"09:00","closeTime":"17:00"},"friday":{"open24h":false,"closed":false,"openTime":"09:00","closeTime":"17:00"},"saturday":{"open24h":false,"closed":false,"openTime":"09:00","closeTime":"17:00"},"sunday":{"open24h":false,"closed":false,"openTime":"09:00","closeTime":"17:00"}}}},"seo_analyzer_scan_date":"2026-07-18 20:27:58","breadcrumb_settings":null,"limit_modified_date":false,"open_ai":null,"ai":null,"created":"2021-06-17 18:52:58","updated":"2026-07-18 20:27:58","focus_keyword":"Mallada","additional_keywords":[{"word":"PP de Asturias","score":100},{"word":"Asturforesta","score":83}],"truseo_locale":null},"aioseo_breadcrumb":"<div class=\"aioseo-breadcrumbs\"><span class=\"aioseo-breadcrumb\">\n\t<a href=\"https:\/\/www.eldigitaldeasturias.com\/noticias\" title=\"Home\">Home<\/a>\n<\/span><span class=\"aioseo-breadcrumb-separator\">\u2013<\/span><span class=\"aioseo-breadcrumb\">\n\t<a href=\"https:\/\/www.eldigitaldeasturias.com\/noticias\/category\/actualidad-asturias\/\" title=\"Actualidad Asturias\">Actualidad Asturias<\/a>\n<\/span><span class=\"aioseo-breadcrumb-separator\">\u2013<\/span><span class=\"aioseo-breadcrumb\">\n\t<a href=\"https:\/\/www.eldigitaldeasturias.com\/noticias\/mallada-rechazo-participar-en-asturforesta-2021-en-solidaridad-con-los-ganaderos\/\" title=\"Mallada rechaz\u00f3 participar en Asturforesta 2021 en solidaridad con los ganaderos\">Mallada rechaz\u00f3 participar en Asturforesta 2021 en solidaridad con los ganaderos<\/a>\n<\/span><\/div>","aioseo_breadcrumb_json":[{"label":"Home","link":"https:\/\/www.eldigitaldeasturias.com\/noticias"},{"label":"Actualidad Asturias","link":"https:\/\/www.eldigitaldeasturias.com\/noticias\/category\/actualidad-asturias\/"},{"label":"Mallada rechaz\u00f3 participar en Asturforesta 2021 en solidaridad con los ganaderos","link":"https:\/\/www.eldigitaldeasturias.com\/noticias\/mallada-rechazo-participar-en-asturforesta-2021-en-solidaridad-con-los-ganaderos\/"}],"_links":{"self":[{"href":"https:\/\/www.eldigitaldeasturias.com\/noticias\/wp-json\/wp\/v2\/posts\/1093944","targetHints":{"allow":["GET"]}}],"collection":[{"href":"https:\/\/www.eldigitaldeasturias.com\/noticias\/wp-json\/wp\/v2\/posts"}],"about":[{"href":"https:\/\/www.eldigitaldeasturias.com\/noticias\/wp-json\/wp\/v2\/types\/post"}],"author":[{"embeddable":true,"href":"https:\/\/www.eldigitaldeasturias.com\/noticias\/wp-json\/wp\/v2\/users\/1"}],"replies":[{"embeddable":true,"href":"https:\/\/www.eldigitaldeasturias.com\/noticias\/wp-json\/wp\/v2\/comments?post=1093944"}],"version-history":[{"count":0,"href":"https:\/\/www.eldigitaldeasturias.com\/noticias\/wp-json\/wp\/v2\/posts\/1093944\/revisions"}],"wp:attachment":[{"href":"https:\/\/www.eldigitaldeasturias.com\/noticias\/wp-json\/wp\/v2\/media?parent=1093944"}],"wp:term":[{"taxonomy":"category","embeddable":true,"href":"https:\/\/www.eldigitaldeasturias.com\/noticias\/wp-json\/wp\/v2\/categories?post=1093944"},{"taxonomy":"post_tag","embeddable":true,"href":"https:\/\/www.eldigitaldeasturias.com\/noticias\/wp-json\/wp\/v2\/tags?post=1093944"}],"curies":[{"name":"wp","href":"https:\/\/api.w.org\/{rel}","templated":true}]}}