{"id":1093941,"date":"2021-06-17T19:51:06","date_gmt":"2021-06-17T18:51:06","guid":{"rendered":"https:\/\/www.eldigitaldeasturias.com\/noticias\/?p=1093941"},"modified":"2021-06-17T19:51:06","modified_gmt":"2021-06-17T18:51:06","slug":"redes-sociales-cual-es-el-futuro-de-twitter","status":"publish","type":"post","link":"https:\/\/www.eldigitaldeasturias.com\/noticias\/redes-sociales-cual-es-el-futuro-de-twitter\/","title":{"rendered":"Redes sociales: \u00bfCu\u00e1l es el futuro de Twitter?"},"content":{"rendered":"<p>(dpa) &#8211;<strong> Twitter acaba de cumplir 15 a\u00f1os<\/strong>, y no hay duda de que se trata de un servicio que est\u00e1 en boca de todos.<\/p>\n<p>Un <strong>estudio digital de los canales p\u00fablicos alemanes ARD-ZDF<\/strong>, sin embargo, revel\u00f3 que, en Alemania, un escaso dos por ciento de los mayores de 14 a\u00f1os lo utiliza a diario y solo el cinco por ciento semanalmente.<\/p>\n<figure id=\"attachment_1093942\" aria-describedby=\"caption-attachment-1093942\" style=\"width: 640px\" class=\"wp-caption aligncenter\"><img loading=\"lazy\" decoding=\"async\" class=\"wp-image-1093942 size-large\" src=\"https:\/\/www.eldigitaldeasturias.com\/noticias\/wp-content\/uploads\/2021\/06\/Twitter-690x414.jpg\" alt=\"Twitter\" width=\"640\" height=\"384\" \/><figcaption id=\"caption-attachment-1093942\" class=\"wp-caption-text\">Twitter es la red social ideal para opinar sobre temas de actualidad. Foto: Fabian Sommer\/dpa<\/figcaption><\/figure>\n<p>En una carta a los accionistas,<strong> Twitter manifest\u00f3 por su parte que la red social cuenta con 199 millones de usuarios diarios en todo el mundo<\/strong>.<\/p>\n<p>Barbara Ward, experta alemana en redes sociales, opina que Twitter es ciertamente la plataforma id\u00f3nea para quienes quieren compartir su opini\u00f3n sobre cuestiones de actualidad o informarse sobre un tema especial.<\/p>\n<p>\u00abTwitter funciona a trav\u00e9s de nichos y campos tem\u00e1ticos. Mediante &#8216;hashtags&#8217; y palabras clave se acaba r\u00e1pidamente en una burbuja que coincide con los intereses propios de cada usuario\u00bb, explica Ward. \u00abUna vez all\u00ed, este accede muy r\u00e1pidamente a noticias y nueva informaci\u00f3n\u00bb.<\/p>\n<p>Seg\u00fan Matthias C. Kettemann, del Instituto Leibniz de Investigaci\u00f3n de Medios de Comunicaci\u00f3n de la ciudad alemana de Hamburgo, todo esto funciona tambi\u00e9n a escala internacional:<strong> \u00abTwitter es una herramienta muy buena para establecer contactos cient\u00edficos en todo el mundo e intercambiar informaci\u00f3n dentro de la comunidad cient\u00edfica\u00bb, asevera el jurista<\/strong>.<\/p>\n<p>\u00abCada sentencia especialmente interesante que se dicta en Estados Unidos es comentada inmediatamente en Twitter\u00bb, puntualiza Kettemann, y a\u00f1ade que la plataforma se ha convertido en un medio cient\u00edfico y pol\u00edtico serio.<\/p>\n<p>En comparaci\u00f3n con otras redes, los perfiles de Twitter pueden crearse r\u00e1pidamente. Adem\u00e1s del nombre completo, solo se necesita una direcci\u00f3n de correo electr\u00f3nico y un nombre de usuario o identificador \u00fanico (\u00abhandle\u00bb).<\/p>\n<p>Para personalizar su perfil, los usuarios pueden escribir, en un m\u00e1ximo de 160 caracteres, algo sobre s\u00ed mismos. Seg\u00fan Ward, esta breve biograf\u00eda es \u00fatil a la hora de ganar nuevos seguidores, por lo que se recomienda escribir algo sobre su persona y los contenidos que se quieren compartir en Twitter.<\/p>\n<p>La experta alemana especifica: <strong>\u00abLa mejor manera de hacerlo es centr\u00e1ndose en unas pocas palabras clave que definan los temas e intereses\u00bb<\/strong>.<\/p>\n<p>Sin embargo, eso solo no es suficiente para conseguir atenci\u00f3n, seguidores y \u00ablikes\u00bb. Para ello, prosigue Ward, hay que tuitear contenidos perspicaces y de alta calidad: \u00abEn Twitter, los t\u00f3picos pasan desapercibidos; la atenci\u00f3n se centra m\u00e1s en comentarios y debates m\u00e1s cr\u00edticos o agudos\u00bb.<\/p>\n<p>Barbara Ward aconseja participar en las conversaciones con aserci\u00f3n e inter\u00e9s, aunque no se conozca personalmente a sus interlocutores. <strong>Adem\u00e1s, recomienda leer, dar \u00abMe gusta\u00bb y retuitear, ya que son acciones que tambi\u00e9n forman parte del proceso<\/strong>.<\/p>\n<p>Adem\u00e1s de estas, Twitter tambi\u00e9n ofrece otras funciones que los usuarios deber\u00edan conocer. Una caracter\u00edstica importante es la creaci\u00f3n de listas, a las que se pueden asignar determinadas cuentas de Twitter.<\/p>\n<p>\u00abEs una buena forma de ordenar los propios hilos de Twitter\u00bb, se\u00f1ala Ward. Con las listas, en lugar de tener un hilo con muchos tuits interconectados entre s\u00ed, se dispondr\u00e1 de muchos hilos m\u00e1s peque\u00f1os ordenados por temas.<\/p>\n<p>En cuanto al \u00abhashtag\u00bb o etiqueta, elemento indispensable de Twitter que a menudo se utiliza de forma demasiado inflacionaria<strong>, Ward menciona: \u00abLos estudios indican que los tuits con m\u00e1s de dos o tres hashtags reciben menos atenci\u00f3n\u00bb<\/strong>.<\/p>\n<p>Por ese motivo, Ward recomienda utilizar las etiquetas solo de forma selectiva, por ejemplo, para tuits sobre un evento o cuando el texto no pueda etiquetarse sin un \u00abhashtag\u00bb contextual.<\/p>\n<p>Por supuesto que Twitter tambi\u00e9n quiere evolucionar t\u00e9cnicamente e incorporar las innovaciones de otros medios sociales. A finales de 2020, <strong>Twitter despleg\u00f3 su servicio Fleets en todo el mundo: se trata de tuits que desaparecen autom\u00e1ticamente despu\u00e9s de 24 horas, de forma similar a las Historias de Facebook e Instagram<\/strong>.<\/p>\n<p>Ahora, Twitter est\u00e1 a punto de estrenar Twitter Blue, un servicio pr\u00e9mium que brindar\u00e1 funciones adicionales, como editar tuits o personalizar la aplicaci\u00f3n, a cambio de una cuota mensual. Las primeras pruebas con el servicio Twitter Blue ya est\u00e1n en marcha en Canad\u00e1.<\/p>\n<p>\u00abLa comunidad de Twitter, sin embargo, es por lo general m\u00e1s pragm\u00e1tica y m\u00e1s bien interesada por las noticias y la informaci\u00f3n\u00bb, enfatiza Ward. Por ello, considera que el nuevo formato Twitter Spaces, una imitaci\u00f3n de la aplicaci\u00f3n social de audio Clubhouse, es m\u00e1s importante a largo plazo. Aqu\u00ed, los usuarios pueden discutir temas en grupos como en una conferencia telef\u00f3nica moderada.<\/p>\n<p>Las redes sociales, y por lo tanto tambi\u00e9n Twitter, son criticadas repetidamente por las burbujas de filtros de contenidos en las que supuestamente se encuentran los usuarios.<\/p>\n<p>Sin embargo, en el \u00e1mbito de la investigaci\u00f3n de medios de comunicaci\u00f3n, las burbujas de filtro como tales son controvertidas, indica Matthias Kettemann.<\/p>\n<p>Por un lado, el fen\u00f3meno refleja una necesidad t\u00edpica del ser humano: \u00abA los grupos peque\u00f1os con muchas similitudes entre s\u00ed les gusta estar juntos, tambi\u00e9n en Internet, o en Twitter\u00bb.<\/p>\n<p>Seg\u00fan Kettemann, hablar con personas afines y compartir opiniones similares es una necesidad humana b\u00e1sica que bien puede llevar al aislamiento del mundo exterior.<\/p>\n<p>El experto, <strong>sin embargo, se\u00f1ala que hay buenos estudios que demuestran que el efecto de las burbujas de filtros est\u00e1 sobrevalorado<\/strong>, y est\u00e1 convencido de que, en Twitter, las tendencias de radicalizaci\u00f3n y el extremismo son m\u00e1s f\u00e1cilmente visibles que en otras redes tales como Telegram.<\/p>\n<p>En general, Kettemann aprueba las medidas de Twitter contra las infracciones. \u00abPor supuesto, aqu\u00ed tambi\u00e9n se cometen errores, por ejemplo, cuando no se diferencia entre el humor y la s\u00e1tira\u00bb, objeta el experto.<\/p>\n<p>En principio, prosigue, las suspensiones de cuentas en Twitter solo se producen cuando se infringen las normas o las condiciones de uso del servicio. \u00abSin embargo, tambi\u00e9n es cierto que, durante mucho tiempo, estas no siempre se han aplicado de forma coherente, al menos en el caso de importantes figuras pol\u00edticas\u00bb, afirma Kettemann, y opina que esta es un \u00e1rea que requiere optimizaci\u00f3n.<\/p>\n<p>Seg\u00fan el investigador alem\u00e1n, los usuarios normales no tienen que temer que se bloqueen sus cuentas, y, en el caso de que ocurriera, se puede presentar una apelaci\u00f3n e incluso acudir a la v\u00eda jur\u00eddica: \u00abEn general, los tribunales alemanes defienden actualmente la premisa de que las plataformas deben respetar los derechos fundamentales y no pueden borrar contenidos de forma arbitraria\u00bb.<\/p>\n<p><i class=\"lang-es\"><span class=\" readonly\" title=\"\">Por Philipp Schulte (dpa)<\/span><\/i><\/p>\n<p>&nbsp;<\/p>\n","protected":false},"excerpt":{"rendered":"<p>(dpa) &#8211; Twitter acaba de cumplir 15 a\u00f1os, y no hay duda de que se trata de un servicio que est\u00e1 en boca de todos. Un estudio digital de los canales p\u00fablicos alemanes ARD-ZDF, sin embargo, revel\u00f3 que, en Alemania, un escaso dos por ciento de los mayores de 14 a\u00f1os lo utiliza a diario [&hellip;]<\/p>\n","protected":false},"author":1,"featured_media":1093942,"comment_status":"closed","ping_status":"closed","sticky":false,"template":"","format":"standard","meta":{"footnotes":""},"categories":[28],"tags":[],"class_list":["post-1093941","post","type-post","status-publish","format-standard","has-post-thumbnail","hentry","category-sociedad"],"aioseo_notices":[],"aioseo_head":"\n\t\t<!-- All in One SEO Pro 5.0.1 - aioseo.com -->\n\t<meta name=\"description\" content=\"Twitter acaba de cumplir 15 a\u00f1os, y no hay duda de que se trata de un servicio que est\u00e1 en boca de todos. Un estudio digital de los canales p\u00fablicos alemanes..\" \/>\n\t<meta name=\"robots\" content=\"max-image-preview:large\" \/>\n\t<meta name=\"author\" content=\"El Digital de Asturias\"\/>\n\t<meta name=\"google-site-verification\" content=\"UA-38556648-1\" \/>\n\t<meta name=\"msvalidate.01\" content=\"7dfe9f3f1b24437ab69f4f2559babe99\" \/>\n\t<meta name=\"keywords\" content=\"tecnolog\u00eda,redes sociales,twitter,sociedad\" \/>\n\t<link rel=\"canonical\" href=\"https:\/\/www.eldigitaldeasturias.com\/noticias\/redes-sociales-cual-es-el-futuro-de-twitter\/\" \/>\n\t<meta name=\"generator\" content=\"All in One SEO Pro (AIOSEO) 5.0.1\" \/>\n\t\t<meta property=\"og:locale\" content=\"es_ES\" \/>\n\t\t<meta property=\"og:site_name\" content=\"El Digital de Asturias\" \/>\n\t\t<meta property=\"og:type\" content=\"article\" \/>\n\t\t<meta property=\"og:title\" content=\"Redes sociales: \u00bfCu\u00e1l es el futuro de Twitter? - El Digital de Asturias\" \/>\n\t\t<meta property=\"og:description\" content=\"Twitter acaba de cumplir 15 a\u00f1os, y no hay duda de que se trata de un servicio que est\u00e1 en boca de todos. Un estudio digital de los canales p\u00fablicos alemanes..\" \/>\n\t\t<meta property=\"og:url\" content=\"https:\/\/www.eldigitaldeasturias.com\/noticias\/redes-sociales-cual-es-el-futuro-de-twitter\/\" \/>\n\t\t<meta property=\"article:tag\" content=\"tecnolog\u00eda\" \/>\n\t\t<meta property=\"article:tag\" content=\"redes sociales\" \/>\n\t\t<meta property=\"article:tag\" content=\"twitter\" \/>\n\t\t<meta property=\"article:tag\" content=\"sociedad\" \/>\n\t\t<meta property=\"article:published_time\" content=\"2021-06-17T18:51:06+00:00\" \/>\n\t\t<meta property=\"article:modified_time\" content=\"2021-06-17T18:51:06+00:00\" \/>\n\t\t<meta property=\"article:publisher\" content=\"https:\/\/facebook.com\/eldigitaldeasturias\" \/>\n\t\t<meta name=\"twitter:card\" content=\"summary_large_image\" \/>\n\t\t<meta name=\"twitter:title\" content=\"Redes sociales: \u00bfCu\u00e1l es el futuro de Twitter? - El Digital de Asturias\" \/>\n\t\t<meta name=\"twitter:description\" content=\"Twitter acaba de cumplir 15 a\u00f1os, y no hay duda de que se trata de un servicio que est\u00e1 en boca de todos. Un estudio digital de los canales p\u00fablicos alemanes..\" \/>\n\t\t<meta name=\"twitter:image\" content=\"https:\/\/www.eldigitaldeasturias.com\/noticias\/wp-content\/uploads\/2020\/12\/EDA-1.jpg\" \/>\n\t\t<meta name=\"twitter:label1\" content=\"Escrito por\" \/>\n\t\t<meta name=\"twitter:data1\" content=\"El Digital de Asturias\" \/>\n\t\t<meta name=\"twitter:label2\" content=\"Tiempo de lectura estimado\" \/>\n\t\t<meta name=\"twitter:data2\" content=\"6 minutos\" \/>\n\t\t<script type=\"application\/ld+json\" class=\"aioseo-schema\">\n\t\t\t{\"@context\":\"https:\\\/\\\/schema.org\",\"@graph\":[{\"@type\":\"BlogPosting\",\"@id\":\"https:\\\/\\\/www.eldigitaldeasturias.com\\\/noticias\\\/redes-sociales-cual-es-el-futuro-de-twitter\\\/#blogposting\",\"name\":\"Redes sociales: \\u00bfCu\\u00e1l es el futuro de Twitter? - El Digital de Asturias\",\"headline\":\"Redes sociales: \\u00bfCu\\u00e1l es el futuro de Twitter?\",\"author\":{\"@id\":\"https:\\\/\\\/www.eldigitaldeasturias.com\\\/noticias\\\/author\\\/admin\\\/#author\"},\"publisher\":{\"@id\":\"https:\\\/\\\/www.eldigitaldeasturias.com\\\/noticias\\\/#organization\"},\"image\":{\"@type\":\"ImageObject\",\"url\":1093942},\"datePublished\":\"2021-06-17T19:51:06+02:00\",\"dateModified\":\"2021-06-17T19:51:06+02:00\",\"inLanguage\":\"es-ES\",\"mainEntityOfPage\":{\"@id\":\"https:\\\/\\\/www.eldigitaldeasturias.com\\\/noticias\\\/redes-sociales-cual-es-el-futuro-de-twitter\\\/#webpage\"},\"isPartOf\":{\"@id\":\"https:\\\/\\\/www.eldigitaldeasturias.com\\\/noticias\\\/redes-sociales-cual-es-el-futuro-de-twitter\\\/#webpage\"},\"articleSection\":\"Sociedad\"},{\"@type\":\"BreadcrumbList\",\"@id\":\"https:\\\/\\\/www.eldigitaldeasturias.com\\\/noticias\\\/redes-sociales-cual-es-el-futuro-de-twitter\\\/#breadcrumblist\",\"itemListElement\":[{\"@type\":\"ListItem\",\"@id\":\"https:\\\/\\\/www.eldigitaldeasturias.com\\\/noticias#listItem\",\"position\":1,\"name\":\"Home\",\"item\":\"https:\\\/\\\/www.eldigitaldeasturias.com\\\/noticias\",\"nextItem\":{\"@type\":\"ListItem\",\"@id\":\"https:\\\/\\\/www.eldigitaldeasturias.com\\\/noticias\\\/category\\\/sociedad\\\/#listItem\",\"name\":\"Sociedad\"}},{\"@type\":\"ListItem\",\"@id\":\"https:\\\/\\\/www.eldigitaldeasturias.com\\\/noticias\\\/category\\\/sociedad\\\/#listItem\",\"position\":2,\"name\":\"Sociedad\",\"item\":\"https:\\\/\\\/www.eldigitaldeasturias.com\\\/noticias\\\/category\\\/sociedad\\\/\",\"nextItem\":{\"@type\":\"ListItem\",\"@id\":\"https:\\\/\\\/www.eldigitaldeasturias.com\\\/noticias\\\/redes-sociales-cual-es-el-futuro-de-twitter\\\/#listItem\",\"name\":\"Redes sociales: \\u00bfCu\\u00e1l es el futuro de Twitter?\"},\"previousItem\":{\"@type\":\"ListItem\",\"@id\":\"https:\\\/\\\/www.eldigitaldeasturias.com\\\/noticias#listItem\",\"name\":\"Home\"}},{\"@type\":\"ListItem\",\"@id\":\"https:\\\/\\\/www.eldigitaldeasturias.com\\\/noticias\\\/redes-sociales-cual-es-el-futuro-de-twitter\\\/#listItem\",\"position\":3,\"name\":\"Redes sociales: \\u00bfCu\\u00e1l es el futuro de Twitter?\",\"previousItem\":{\"@type\":\"ListItem\",\"@id\":\"https:\\\/\\\/www.eldigitaldeasturias.com\\\/noticias\\\/category\\\/sociedad\\\/#listItem\",\"name\":\"Sociedad\"}}]},{\"@type\":\"Organization\",\"@id\":\"https:\\\/\\\/www.eldigitaldeasturias.com\\\/noticias\\\/#organization\",\"name\":\"El Digital de Asturias\",\"description\":\"Hemeroteca\",\"url\":\"https:\\\/\\\/www.eldigitaldeasturias.com\\\/noticias\\\/\",\"email\":\"info@eldigitaldeasturias.com\",\"telephone\":\"+34652131393\",\"logo\":{\"@type\":\"ImageObject\",\"url\":\"https:\\\/\\\/www.eldigitaldeasturias.com\\\/noticias\\\/wp-content\\\/uploads\\\/2020\\\/12\\\/EDA.jpg\",\"@id\":\"https:\\\/\\\/www.eldigitaldeasturias.com\\\/noticias\\\/redes-sociales-cual-es-el-futuro-de-twitter\\\/#organizationLogo\"},\"image\":{\"@id\":\"https:\\\/\\\/www.eldigitaldeasturias.com\\\/noticias\\\/redes-sociales-cual-es-el-futuro-de-twitter\\\/#organizationLogo\"},\"sameAs\":[\"https:\\\/\\\/facebook.com\\\/eldigitaldeasturias\",\"https:\\\/\\\/www.youtube.com\\\/channel\\\/UCZP-2wLEB9Rv6erhFmqVnvg\"],\"address\":{\"@id\":\"https:\\\/\\\/www.eldigitaldeasturias.com\\\/noticias\\\/#postaladdress\",\"@type\":\"PostalAddress\",\"streetAddress\":\"san antonio 4\",\"postalCode\":\"33430\",\"addressLocality\":\"Cand\\u00e1s\",\"addressRegion\":\"Asturias\",\"addressCountry\":\"ES\"}},{\"@type\":\"Person\",\"@id\":\"https:\\\/\\\/www.eldigitaldeasturias.com\\\/noticias\\\/author\\\/admin\\\/#author\",\"url\":\"https:\\\/\\\/www.eldigitaldeasturias.com\\\/noticias\\\/author\\\/admin\\\/\",\"name\":\"El Digital de Asturias\",\"image\":{\"@type\":\"ImageObject\",\"@id\":\"https:\\\/\\\/www.eldigitaldeasturias.com\\\/noticias\\\/redes-sociales-cual-es-el-futuro-de-twitter\\\/#authorImage\",\"url\":\"https:\\\/\\\/secure.gravatar.com\\\/avatar\\\/df2aeffc32bcd13f8d26072ef8a91b623d677766deac7f97ca815868cd41bf5e?s=96&d=mm&r=g\",\"width\":96,\"height\":96,\"caption\":\"El Digital de Asturias\"}},{\"@type\":\"WebPage\",\"@id\":\"https:\\\/\\\/www.eldigitaldeasturias.com\\\/noticias\\\/redes-sociales-cual-es-el-futuro-de-twitter\\\/#webpage\",\"url\":\"https:\\\/\\\/www.eldigitaldeasturias.com\\\/noticias\\\/redes-sociales-cual-es-el-futuro-de-twitter\\\/\",\"name\":\"Redes sociales: \\u00bfCu\\u00e1l es el futuro de Twitter? - El Digital de Asturias\",\"description\":\"Twitter acaba de cumplir 15 a\\u00f1os, y no hay duda de que se trata de un servicio que est\\u00e1 en boca de todos. Un estudio digital de los canales p\\u00fablicos alemanes..\",\"inLanguage\":\"es-ES\",\"isPartOf\":{\"@id\":\"https:\\\/\\\/www.eldigitaldeasturias.com\\\/noticias\\\/#website\"},\"breadcrumb\":{\"@id\":\"https:\\\/\\\/www.eldigitaldeasturias.com\\\/noticias\\\/redes-sociales-cual-es-el-futuro-de-twitter\\\/#breadcrumblist\"},\"author\":{\"@id\":\"https:\\\/\\\/www.eldigitaldeasturias.com\\\/noticias\\\/author\\\/admin\\\/#author\"},\"creator\":{\"@id\":\"https:\\\/\\\/www.eldigitaldeasturias.com\\\/noticias\\\/author\\\/admin\\\/#author\"},\"image\":{\"@type\":\"ImageObject\",\"url\":1093942,\"@id\":\"https:\\\/\\\/www.eldigitaldeasturias.com\\\/noticias\\\/redes-sociales-cual-es-el-futuro-de-twitter\\\/#mainImage\"},\"primaryImageOfPage\":{\"@id\":\"https:\\\/\\\/www.eldigitaldeasturias.com\\\/noticias\\\/redes-sociales-cual-es-el-futuro-de-twitter\\\/#mainImage\"},\"datePublished\":\"2021-06-17T19:51:06+02:00\",\"dateModified\":\"2021-06-17T19:51:06+02:00\"},{\"@type\":\"WebSite\",\"@id\":\"https:\\\/\\\/www.eldigitaldeasturias.com\\\/noticias\\\/#website\",\"url\":\"https:\\\/\\\/www.eldigitaldeasturias.com\\\/noticias\\\/\",\"name\":\"El Digital de Asturias - Diario de actualidad y noticias\",\"alternateName\":\"El Digital de Asturias - Diario de actualidad y noticias\",\"description\":\"Hemeroteca\",\"inLanguage\":\"es-ES\",\"publisher\":{\"@id\":\"https:\\\/\\\/www.eldigitaldeasturias.com\\\/noticias\\\/#organization\"}}]}\n\t\t<\/script>\n\t\t<!-- All in One SEO Pro -->\r\n\t\t<title>Redes sociales: \u00bfCu\u00e1l es el futuro de Twitter? - El Digital de Asturias<\/title>\n\n","aioseo_head_json":{"title":"Redes sociales: \u00bfCu\u00e1l es el futuro de Twitter? - El Digital de Asturias","description":"Twitter acaba de cumplir 15 a\u00f1os, y no hay duda de que se trata de un servicio que est\u00e1 en boca de todos. Un estudio digital de los canales p\u00fablicos alemanes..","canonical_url":"https:\/\/www.eldigitaldeasturias.com\/noticias\/redes-sociales-cual-es-el-futuro-de-twitter\/","robots":"max-image-preview:large","keywords":"tecnolog\u00eda,redes sociales,twitter,sociedad","webmasterTools":{"google-site-verification":"UA-38556648-1","msvalidate.01":"7dfe9f3f1b24437ab69f4f2559babe99","miscellaneous":""},"schema":{"@context":"https:\/\/schema.org","@graph":[{"@type":"BlogPosting","@id":"https:\/\/www.eldigitaldeasturias.com\/noticias\/redes-sociales-cual-es-el-futuro-de-twitter\/#blogposting","name":"Redes sociales: \u00bfCu\u00e1l es el futuro de Twitter? - El Digital de Asturias","headline":"Redes sociales: \u00bfCu\u00e1l es el futuro de Twitter?","author":{"@id":"https:\/\/www.eldigitaldeasturias.com\/noticias\/author\/admin\/#author"},"publisher":{"@id":"https:\/\/www.eldigitaldeasturias.com\/noticias\/#organization"},"image":{"@type":"ImageObject","url":1093942},"datePublished":"2021-06-17T19:51:06+02:00","dateModified":"2021-06-17T19:51:06+02:00","inLanguage":"es-ES","mainEntityOfPage":{"@id":"https:\/\/www.eldigitaldeasturias.com\/noticias\/redes-sociales-cual-es-el-futuro-de-twitter\/#webpage"},"isPartOf":{"@id":"https:\/\/www.eldigitaldeasturias.com\/noticias\/redes-sociales-cual-es-el-futuro-de-twitter\/#webpage"},"articleSection":"Sociedad"},{"@type":"BreadcrumbList","@id":"https:\/\/www.eldigitaldeasturias.com\/noticias\/redes-sociales-cual-es-el-futuro-de-twitter\/#breadcrumblist","itemListElement":[{"@type":"ListItem","@id":"https:\/\/www.eldigitaldeasturias.com\/noticias#listItem","position":1,"name":"Home","item":"https:\/\/www.eldigitaldeasturias.com\/noticias","nextItem":{"@type":"ListItem","@id":"https:\/\/www.eldigitaldeasturias.com\/noticias\/category\/sociedad\/#listItem","name":"Sociedad"}},{"@type":"ListItem","@id":"https:\/\/www.eldigitaldeasturias.com\/noticias\/category\/sociedad\/#listItem","position":2,"name":"Sociedad","item":"https:\/\/www.eldigitaldeasturias.com\/noticias\/category\/sociedad\/","nextItem":{"@type":"ListItem","@id":"https:\/\/www.eldigitaldeasturias.com\/noticias\/redes-sociales-cual-es-el-futuro-de-twitter\/#listItem","name":"Redes sociales: \u00bfCu\u00e1l es el futuro de Twitter?"},"previousItem":{"@type":"ListItem","@id":"https:\/\/www.eldigitaldeasturias.com\/noticias#listItem","name":"Home"}},{"@type":"ListItem","@id":"https:\/\/www.eldigitaldeasturias.com\/noticias\/redes-sociales-cual-es-el-futuro-de-twitter\/#listItem","position":3,"name":"Redes sociales: \u00bfCu\u00e1l es el futuro de Twitter?","previousItem":{"@type":"ListItem","@id":"https:\/\/www.eldigitaldeasturias.com\/noticias\/category\/sociedad\/#listItem","name":"Sociedad"}}]},{"@type":"Organization","@id":"https:\/\/www.eldigitaldeasturias.com\/noticias\/#organization","name":"El Digital de Asturias","description":"Hemeroteca","url":"https:\/\/www.eldigitaldeasturias.com\/noticias\/","email":"info@eldigitaldeasturias.com","telephone":"+34652131393","logo":{"@type":"ImageObject","url":"https:\/\/www.eldigitaldeasturias.com\/noticias\/wp-content\/uploads\/2020\/12\/EDA.jpg","@id":"https:\/\/www.eldigitaldeasturias.com\/noticias\/redes-sociales-cual-es-el-futuro-de-twitter\/#organizationLogo"},"image":{"@id":"https:\/\/www.eldigitaldeasturias.com\/noticias\/redes-sociales-cual-es-el-futuro-de-twitter\/#organizationLogo"},"sameAs":["https:\/\/facebook.com\/eldigitaldeasturias","https:\/\/www.youtube.com\/channel\/UCZP-2wLEB9Rv6erhFmqVnvg"],"address":{"@id":"https:\/\/www.eldigitaldeasturias.com\/noticias\/#postaladdress","@type":"PostalAddress","streetAddress":"san antonio 4","postalCode":"33430","addressLocality":"Cand\u00e1s","addressRegion":"Asturias","addressCountry":"ES"}},{"@type":"Person","@id":"https:\/\/www.eldigitaldeasturias.com\/noticias\/author\/admin\/#author","url":"https:\/\/www.eldigitaldeasturias.com\/noticias\/author\/admin\/","name":"El Digital de Asturias","image":{"@type":"ImageObject","@id":"https:\/\/www.eldigitaldeasturias.com\/noticias\/redes-sociales-cual-es-el-futuro-de-twitter\/#authorImage","url":"https:\/\/secure.gravatar.com\/avatar\/df2aeffc32bcd13f8d26072ef8a91b623d677766deac7f97ca815868cd41bf5e?s=96&d=mm&r=g","width":96,"height":96,"caption":"El Digital de Asturias"}},{"@type":"WebPage","@id":"https:\/\/www.eldigitaldeasturias.com\/noticias\/redes-sociales-cual-es-el-futuro-de-twitter\/#webpage","url":"https:\/\/www.eldigitaldeasturias.com\/noticias\/redes-sociales-cual-es-el-futuro-de-twitter\/","name":"Redes sociales: \u00bfCu\u00e1l es el futuro de Twitter? - El Digital de Asturias","description":"Twitter acaba de cumplir 15 a\u00f1os, y no hay duda de que se trata de un servicio que est\u00e1 en boca de todos. Un estudio digital de los canales p\u00fablicos alemanes..","inLanguage":"es-ES","isPartOf":{"@id":"https:\/\/www.eldigitaldeasturias.com\/noticias\/#website"},"breadcrumb":{"@id":"https:\/\/www.eldigitaldeasturias.com\/noticias\/redes-sociales-cual-es-el-futuro-de-twitter\/#breadcrumblist"},"author":{"@id":"https:\/\/www.eldigitaldeasturias.com\/noticias\/author\/admin\/#author"},"creator":{"@id":"https:\/\/www.eldigitaldeasturias.com\/noticias\/author\/admin\/#author"},"image":{"@type":"ImageObject","url":1093942,"@id":"https:\/\/www.eldigitaldeasturias.com\/noticias\/redes-sociales-cual-es-el-futuro-de-twitter\/#mainImage"},"primaryImageOfPage":{"@id":"https:\/\/www.eldigitaldeasturias.com\/noticias\/redes-sociales-cual-es-el-futuro-de-twitter\/#mainImage"},"datePublished":"2021-06-17T19:51:06+02:00","dateModified":"2021-06-17T19:51:06+02:00"},{"@type":"WebSite","@id":"https:\/\/www.eldigitaldeasturias.com\/noticias\/#website","url":"https:\/\/www.eldigitaldeasturias.com\/noticias\/","name":"El Digital de Asturias - Diario de actualidad y noticias","alternateName":"El Digital de Asturias - Diario de actualidad y noticias","description":"Hemeroteca","inLanguage":"es-ES","publisher":{"@id":"https:\/\/www.eldigitaldeasturias.com\/noticias\/#organization"}}]},"og:locale":"es_ES","og:site_name":"El Digital de Asturias","og:type":"article","og:title":"Redes sociales: \u00bfCu\u00e1l es el futuro de Twitter? - El Digital de Asturias","og:description":"Twitter acaba de cumplir 15 a\u00f1os, y no hay duda de que se trata de un servicio que est\u00e1 en boca de todos. Un estudio digital de los canales p\u00fablicos alemanes..","og:url":"https:\/\/www.eldigitaldeasturias.com\/noticias\/redes-sociales-cual-es-el-futuro-de-twitter\/","article:tag":["tecnolog\u00eda","redes sociales","twitter","sociedad"],"article:published_time":"2021-06-17T18:51:06+00:00","article:modified_time":"2021-06-17T18:51:06+00:00","article:publisher":"https:\/\/facebook.com\/eldigitaldeasturias","twitter:card":"summary_large_image","twitter:title":"Redes sociales: \u00bfCu\u00e1l es el futuro de Twitter? - El Digital de Asturias","twitter:description":"Twitter acaba de cumplir 15 a\u00f1os, y no hay duda de que se trata de un servicio que est\u00e1 en boca de todos. Un estudio digital de los canales p\u00fablicos alemanes..","twitter:image":"https:\/\/www.eldigitaldeasturias.com\/noticias\/wp-content\/uploads\/2020\/12\/EDA-1.jpg","twitter:label1":"Escrito por","twitter:data1":"El Digital de Asturias","twitter:label2":"Tiempo de lectura estimado","twitter:data2":"6 minutos"},"aioseo_meta_data":{"post_id":"1093941","title":null,"description":"Twitter acaba de cumplir 15 a\u00f1os, y no hay duda de que se trata de un servicio que est\u00e1 en boca de todos. Un estudio digital de los canales p\u00fablicos alemanes..","keywords":[{"label":"Tecnolog\u00eda","value":"Tecnolog\u00eda"},{"label":" Redes sociales","value":" Redes sociales"},{"label":" Twitter","value":" Twitter"}],"keyphrases":{"focus":{"keyphrase":"Twitter","score":92,"analysis":{"keyphraseInTitle":{"title":"Frase clave objetivo en el t\u00edtulo SEO","description":"Frase clave objetivo encontrada en el t\u00edtulo SEO.","score":9,"maxScore":9,"error":0},"keyphraseInDescription":{"title":"Frase clave objetivo en la meta descripci\u00f3n","description":"Frase clave objetivo encontrada en la meta descripci\u00f3n.","score":9,"maxScore":9,"error":0},"keyphraseInURL":{"title":"Frase clave objetivo en la URL","description":"Frase clave objetivo no encontrada en la URL.","score":1,"maxScore":5,"error":1},"keyphraseInIntroduction":{"title":"Frase clave objetivo en la introducci\u00f3n","description":"Su Frase clave objetivo aparece en el primer p\u00e1rrafo. \u00a1Bien hecho!","score":9,"maxScore":9,"error":0},"keyphraseInSubHeadings":[],"keyphraseLength":{"title":"Longitud de la Frase clave objetivo","description":"\u00a1Buen trabajo!","score":9,"maxScore":9,"error":0,"length":1},"keyphraseInImageAlt":{"title":"Frase clave objetivo en los atributos alt de la imagen.","description":"Frase clave objetivo encontrada en los atributos alt de la(s) imagen(es).","score":9,"maxScore":9,"error":0}}},"additional":[{"keyphrase":"servicio ","score":83,"analysis":{"keyphraseInDescription":{"title":"Frase clave en la meta descripci\u00f3n","description":"Frase clave encontrada en la meta descripci\u00f3n.","score":9,"maxScore":9,"error":0},"keyphraseInIntroduction":{"title":"Frase clave en la introducci\u00f3n","description":"Su Frase clave aparece en el primer p\u00e1rrafo. \u00a1Bien hecho!","score":9,"maxScore":9,"error":0},"keyphraseInImageAlt":{"title":"Frase clave en los atributos alt de la imagen.","description":"Frase clave no se encuentra en los atributos alt de la imagen. A\u00f1ada una imagen con su Frase clave como texto alternativo.","score":3,"maxScore":9,"error":1},"keyphraseLength":{"title":"Longitud de la Frase clave","description":"\u00a1Buen trabajo!","score":9,"maxScore":9,"error":0,"length":1}}},{"keyphrase":"digital ","score":67,"analysis":{"keyphraseInDescription":{"title":"Frase clave en la meta descripci\u00f3n","description":"Frase clave encontrada en la meta descripci\u00f3n.","score":9,"maxScore":9,"error":0},"keyphraseInIntroduction":{"title":"Frase clave en la introducci\u00f3n","description":"Su Frase clave no aparece en el primer p\u00e1rrafo. Aseg\u00farese de que el tema est\u00e9 claro de inmediato.","score":3,"maxScore":9,"error":1},"keyphraseInImageAlt":{"title":"Frase clave en los atributos alt de la imagen.","description":"Frase clave no se encuentra en los atributos alt de la imagen. A\u00f1ada una imagen con su Frase clave como texto alternativo.","score":3,"maxScore":9,"error":1},"keyphraseLength":{"title":"Longitud de la Frase clave","description":"\u00a1Buen trabajo!","score":9,"maxScore":9,"error":0,"length":1}}}]},"primary_term":null,"canonical_url":null,"og_title":null,"og_description":null,"og_object_type":"default","og_image_type":"default","og_image_url":null,"og_image_width":null,"og_image_height":null,"og_image_custom_url":null,"og_image_custom_fields":null,"og_video":"","og_custom_url":null,"og_article_section":null,"og_article_tags":[],"twitter_use_og":false,"twitter_card":"default","twitter_image_type":"default","twitter_image_url":null,"twitter_image_custom_url":null,"twitter_image_custom_fields":null,"twitter_title":null,"twitter_description":null,"schema":{"blockGraphs":[],"customGraphs":[],"default":{"data":{"Article":[],"Course":[],"Dataset":[],"FAQPage":[],"Movie":[],"Person":[],"Product":[],"ProductReview":[],"Car":[],"Recipe":[],"Service":[],"SoftwareApplication":[],"WebPage":[]},"graphName":"","isEnabled":true},"graphs":[],"defaultGraph":"Article","defaultPostTypeGraph":""},"schema_type":"default","schema_type_options":"{\"article\":{\"articleType\":\"BlogPosting\"},\"course\":{\"name\":\"\",\"description\":\"\",\"provider\":\"\"},\"faq\":{\"pages\":[]},\"product\":{\"reviews\":[]},\"recipe\":{\"ingredients\":[],\"instructions\":[],\"keywords\":[]},\"software\":{\"reviews\":[],\"operatingSystems\":[]},\"webPage\":{\"webPageType\":\"WebPage\"}}","pillar_content":false,"robots_default":true,"robots_noindex":false,"robots_noarchive":false,"robots_nosnippet":false,"robots_nofollow":false,"robots_noimageindex":false,"robots_noodp":false,"robots_notranslate":false,"robots_max_snippet":"-1","robots_max_videopreview":"-1","robots_max_imagepreview":"large","priority":null,"frequency":"default","local_seo":{"locations":{"business":{"name":"","businessType":"","image":"","areaServed":"","urls":{"website":"","aboutPage":"","contactPage":""},"address":{"streetLine1":"","streetLine2":"","zipCode":"","city":"","state":"","country":"","addressFormat":"#streetLineOne\n#streetLineTwo\n#city, #state #zipCode"},"contact":{"email":"","phone":"","phoneFormatted":"","fax":"","faxFormatted":""},"ids":{"vat":"","tax":"","chamberOfCommerce":""},"payment":{"priceRange":"","currenciesAccepted":"","methods":""}}},"openingHours":{"useDefaults":true,"show":true,"alwaysOpen":false,"use24hFormat":false,"timezone":"","labels":{"closed":"","alwaysOpen":""},"days":{"monday":{"open24h":false,"closed":false,"openTime":"09:00","closeTime":"17:00"},"tuesday":{"open24h":false,"closed":false,"openTime":"09:00","closeTime":"17:00"},"wednesday":{"open24h":false,"closed":false,"openTime":"09:00","closeTime":"17:00"},"thursday":{"open24h":false,"closed":false,"openTime":"09:00","closeTime":"17:00"},"friday":{"open24h":false,"closed":false,"openTime":"09:00","closeTime":"17:00"},"saturday":{"open24h":false,"closed":false,"openTime":"09:00","closeTime":"17:00"},"sunday":{"open24h":false,"closed":false,"openTime":"09:00","closeTime":"17:00"}}}},"seo_analyzer_scan_date":"2026-07-18 20:23:26","breadcrumb_settings":null,"limit_modified_date":false,"open_ai":null,"ai":null,"created":"2021-06-17 18:42:09","updated":"2026-07-18 20:23:26","focus_keyword":"Twitter","additional_keywords":[{"word":"servicio","score":83},{"word":"digital","score":67}],"truseo_locale":null},"aioseo_breadcrumb":"<div class=\"aioseo-breadcrumbs\"><span class=\"aioseo-breadcrumb\">\n\t<a href=\"https:\/\/www.eldigitaldeasturias.com\/noticias\" title=\"Home\">Home<\/a>\n<\/span><span class=\"aioseo-breadcrumb-separator\">\u2013<\/span><span class=\"aioseo-breadcrumb\">\n\t<a href=\"https:\/\/www.eldigitaldeasturias.com\/noticias\/category\/sociedad\/\" title=\"Sociedad\">Sociedad<\/a>\n<\/span><span class=\"aioseo-breadcrumb-separator\">\u2013<\/span><span class=\"aioseo-breadcrumb\">\n\t<a href=\"https:\/\/www.eldigitaldeasturias.com\/noticias\/redes-sociales-cual-es-el-futuro-de-twitter\/\" title=\"Redes sociales: \u00bfCu\u00e1l es el futuro de Twitter?\">Redes sociales: \u00bfCu\u00e1l es el futuro de Twitter?<\/a>\n<\/span><\/div>","aioseo_breadcrumb_json":[{"label":"Home","link":"https:\/\/www.eldigitaldeasturias.com\/noticias"},{"label":"Sociedad","link":"https:\/\/www.eldigitaldeasturias.com\/noticias\/category\/sociedad\/"},{"label":"Redes sociales: \u00bfCu\u00e1l es el futuro de Twitter?","link":"https:\/\/www.eldigitaldeasturias.com\/noticias\/redes-sociales-cual-es-el-futuro-de-twitter\/"}],"_links":{"self":[{"href":"https:\/\/www.eldigitaldeasturias.com\/noticias\/wp-json\/wp\/v2\/posts\/1093941","targetHints":{"allow":["GET"]}}],"collection":[{"href":"https:\/\/www.eldigitaldeasturias.com\/noticias\/wp-json\/wp\/v2\/posts"}],"about":[{"href":"https:\/\/www.eldigitaldeasturias.com\/noticias\/wp-json\/wp\/v2\/types\/post"}],"author":[{"embeddable":true,"href":"https:\/\/www.eldigitaldeasturias.com\/noticias\/wp-json\/wp\/v2\/users\/1"}],"replies":[{"embeddable":true,"href":"https:\/\/www.eldigitaldeasturias.com\/noticias\/wp-json\/wp\/v2\/comments?post=1093941"}],"version-history":[{"count":0,"href":"https:\/\/www.eldigitaldeasturias.com\/noticias\/wp-json\/wp\/v2\/posts\/1093941\/revisions"}],"wp:attachment":[{"href":"https:\/\/www.eldigitaldeasturias.com\/noticias\/wp-json\/wp\/v2\/media?parent=1093941"}],"wp:term":[{"taxonomy":"category","embeddable":true,"href":"https:\/\/www.eldigitaldeasturias.com\/noticias\/wp-json\/wp\/v2\/categories?post=1093941"},{"taxonomy":"post_tag","embeddable":true,"href":"https:\/\/www.eldigitaldeasturias.com\/noticias\/wp-json\/wp\/v2\/tags?post=1093941"}],"curies":[{"name":"wp","href":"https:\/\/api.w.org\/{rel}","templated":true}]}}